{"id":33481,"count":0,"description":"Joan Cort\u00e8s retrata en las Flamencuras de Instantzz el Desvar\u00edo Flamenco Nou Barris 2026, que tuvo lugar en el barrio barcelon\u00e9s entre el 15 y el 18 de julio de 2026","link":"https:\/\/tomajazz.com\/web\/category\/contenidos\/especial-contenidos\/desvario-flamenco-nou-barris-2026\/","name":"Desvar\u00edo Flamenco Nou Barris 2026","slug":"desvario-flamenco-nou-barris-2026","taxonomy":"category","parent":9531,"meta":[],"_links":{"self":[{"href":"https:\/\/tomajazz.com\/web\/wp-json\/wp\/v2\/categories\/33481","targetHints":{"allow":["GET"]}}],"collection":[{"href":"https:\/\/tomajazz.com\/web\/wp-json\/wp\/v2\/categories"}],"about":[{"href":"https:\/\/tomajazz.com\/web\/wp-json\/wp\/v2\/taxonomies\/category"}],"up":[{"embeddable":true,"href":"https:\/\/tomajazz.com\/web\/wp-json\/wp\/v2\/categories\/9531"}],"wp:post_type":[{"href":"https:\/\/tomajazz.com\/web\/wp-json\/wp\/v2\/posts?categories=33481"}],"curies":[{"name":"wp","href":"https:\/\/api.w.org\/{rel}","templated":true}]}}