{"id":100583,"date":"2025-10-16T12:00:34","date_gmt":"2025-10-16T10:00:34","guid":{"rendered":"https:\/\/tomajazz.com\/web\/?p=100583"},"modified":"2025-10-15T22:44:02","modified_gmt":"2025-10-15T20:44:02","slug":"lac-jam-02-casa-virupa-can-bordoi-2025","status":"publish","type":"post","link":"https:\/\/tomajazz.com\/web\/lac-jam-02-casa-virupa-can-bordoi-2025\/","title":{"rendered":"LAC Jam #02 (Casa Virupa-Can Bordoi, 05-octubre-2025, Llinars del Vall\u00e8s -Barcelona-) Por Joan Cort\u00e8s [INSTANTZZ AKA Galer\u00eda fotogr\u00e1fica AKA Fotoblog de jazz, impro\u2026 y algo m\u00e1s]"},"content":{"rendered":"<h3><strong>LAC Jam #02<\/strong><\/h3>\n<h3>Casa Virupa &#8211; Can Bordoi<\/h3>\n<ul>\n<li>Fecha: Domingo, 05 de octubre de 2025<\/li>\n<li>Lugar: Casa Virupa-Can Bordoi (Llinars del Vall\u00e8s -Barcelona-)<\/li>\n<li>Componentes:<br \/>\n<strong>Trio base LAC Jam #02<br \/>\n<\/strong>Shai Maestro, piano y coordinaci\u00f3n<br \/>\nManel Forti\u00e0, contrabajo<br \/>\nMarc Miralta, bater\u00eda<br \/>\nEntre otros m\u00fasicos participantes<br \/>\nBiel Harper, piano<br \/>\nMax Villavecchia, piano<br \/>\nDanilo Tarso, piano<br \/>\nEmilie Calme, flauta<br \/>\nLaurent Maur, arm\u00f3nica<br \/>\nManuel Luque, contrabajo<br \/>\nGiuseppe Campisi, contrabajo<br \/>\nDaniele Capucci, contrabajo<br \/>\nEva Verde, cantante<br \/>\nGessam\u00ed Boada, cantante<br \/>\n+<br \/>\nEstudiantes de m\u00fasica nivel avanzado<\/li>\n<\/ul>\n<p style=\"text-align: center;\"><img loading=\"lazy\" decoding=\"async\" class=\"aligncenter size-full wp-image-100584\" title=\"LAC Jam #02 (Casa Virupa-Can Bordoi, 05-octubre-2025, Llinars del Vall\u00e8s -Barcelona-) Por Joan Cort\u00e8s [INSTANTZZ AKA Galer\u00eda fotogr\u00e1fica AKA Fotoblog de jazz, impro\u2026 y algo m\u00e1s] Tomajazz 01 LC Jm 02 \u00a9Joan Cort\u00e8s 05ctb25 CsVrp Cn Brd Llnrs\" src=\"https:\/\/tomajazz.com\/web\/wp-content\/uploads\/2025\/10\/01-LC-Jm-02-\u00a9Joan-Cortes-05ctb25-CsVrp-Cn-Brd-Llnrs.jpg\" alt=\"LAC Jam #02 (Casa Virupa-Can Bordoi, 05-octubre-2025, Llinars del Vall\u00e8s -Barcelona-) Por Joan Cort\u00e8s [INSTANTZZ AKA Galer\u00eda fotogr\u00e1fica AKA Fotoblog de jazz, impro\u2026 y algo m\u00e1s] - Tomajazz - LAC Jam #2 tuvo lugar en Casa Virupa-Can Bordoi, Llinars del Vall\u00e8s -Barcelona-, el 5 de octubre de 2025. Joan Cort\u00e8s lo retrata en INSTANTZZ. Intervinieron\" width=\"400\" height=\"600\" srcset=\"https:\/\/tomajazz.com\/web\/wp-content\/uploads\/2025\/10\/01-LC-Jm-02-\u00a9Joan-Cortes-05ctb25-CsVrp-Cn-Brd-Llnrs.jpg 400w, https:\/\/tomajazz.com\/web\/wp-content\/uploads\/2025\/10\/01-LC-Jm-02-\u00a9Joan-Cortes-05ctb25-CsVrp-Cn-Brd-Llnrs-200x300.jpg 200w, https:\/\/tomajazz.com\/web\/wp-content\/uploads\/2025\/10\/01-LC-Jm-02-\u00a9Joan-Cortes-05ctb25-CsVrp-Cn-Brd-Llnrs-367x550.jpg 367w, https:\/\/tomajazz.com\/web\/wp-content\/uploads\/2025\/10\/01-LC-Jm-02-\u00a9Joan-Cortes-05ctb25-CsVrp-Cn-Brd-Llnrs-333x500.jpg 333w\" sizes=\"auto, (max-width: 400px) 100vw, 400px\" \/><\/p>\n<p><img loading=\"lazy\" decoding=\"async\" class=\"aligncenter size-large wp-image-100585\" title=\"LAC Jam #02 (Casa Virupa-Can Bordoi, 05-octubre-2025, Llinars del Vall\u00e8s -Barcelona-) Por Joan Cort\u00e8s [INSTANTZZ AKA Galer\u00eda fotogr\u00e1fica AKA Fotoblog de jazz, impro\u2026 y algo m\u00e1s] Tomajazz 02 LC Jm 02 \u00a9Joan Cort\u00e8s 05ctb25 CsVrp Cn Brd Llnrs\" src=\"https:\/\/tomajazz.com\/web\/wp-content\/uploads\/2025\/10\/02-LC-Jm-02-\u00a9Joan-Cortes-05ctb25-CsVrp-Cn-Brd-Llnrs.jpg\" alt=\"LAC Jam #02 (Casa Virupa-Can Bordoi, 05-octubre-2025, Llinars del Vall\u00e8s -Barcelona-) Por Joan Cort\u00e8s [INSTANTZZ AKA Galer\u00eda fotogr\u00e1fica AKA Fotoblog de jazz, impro\u2026 y algo m\u00e1s] - Tomajazz - LAC Jam #2 tuvo lugar en Casa Virupa-Can Bordoi, Llinars del Vall\u00e8s -Barcelona-, el 5 de octubre de 2025. Joan Cort\u00e8s lo retrata en INSTANTZZ. Intervinieron\" width=\"400\" height=\"600\" srcset=\"https:\/\/tomajazz.com\/web\/wp-content\/uploads\/2025\/10\/02-LC-Jm-02-\u00a9Joan-Cortes-05ctb25-CsVrp-Cn-Brd-Llnrs.jpg 400w, https:\/\/tomajazz.com\/web\/wp-content\/uploads\/2025\/10\/02-LC-Jm-02-\u00a9Joan-Cortes-05ctb25-CsVrp-Cn-Brd-Llnrs-200x300.jpg 200w, https:\/\/tomajazz.com\/web\/wp-content\/uploads\/2025\/10\/02-LC-Jm-02-\u00a9Joan-Cortes-05ctb25-CsVrp-Cn-Brd-Llnrs-367x550.jpg 367w, https:\/\/tomajazz.com\/web\/wp-content\/uploads\/2025\/10\/02-LC-Jm-02-\u00a9Joan-Cortes-05ctb25-CsVrp-Cn-Brd-Llnrs-333x500.jpg 333w\" sizes=\"auto, (max-width: 400px) 100vw, 400px\" \/><\/p>\n<p><img loading=\"lazy\" decoding=\"async\" class=\"aligncenter size-large wp-image-100586\" title=\"LAC Jam #02 (Casa Virupa-Can Bordoi, 05-octubre-2025, Llinars del Vall\u00e8s -Barcelona-) Por Joan Cort\u00e8s [INSTANTZZ AKA Galer\u00eda fotogr\u00e1fica AKA Fotoblog de jazz, impro\u2026 y algo m\u00e1s] Tomajazz 03 LC Jm 02 \u00a9Joan Cort\u00e8s 05ctb25 CsVrp Cn Brd Llnrs\" src=\"https:\/\/tomajazz.com\/web\/wp-content\/uploads\/2025\/10\/03-LC-Jm-02-\u00a9Joan-Cortes-05ctb25-CsVrp-Cn-Brd-Llnrs.jpg\" alt=\"LAC Jam #02 (Casa Virupa-Can Bordoi, 05-octubre-2025, Llinars del Vall\u00e8s -Barcelona-) Por Joan Cort\u00e8s [INSTANTZZ AKA Galer\u00eda fotogr\u00e1fica AKA Fotoblog de jazz, impro\u2026 y algo m\u00e1s] - Tomajazz - LAC Jam #2 tuvo lugar en Casa Virupa-Can Bordoi, Llinars del Vall\u00e8s -Barcelona-, el 5 de octubre de 2025. Joan Cort\u00e8s lo retrata en INSTANTZZ. Intervinieron\" width=\"600\" height=\"400\" srcset=\"https:\/\/tomajazz.com\/web\/wp-content\/uploads\/2025\/10\/03-LC-Jm-02-\u00a9Joan-Cortes-05ctb25-CsVrp-Cn-Brd-Llnrs.jpg 600w, https:\/\/tomajazz.com\/web\/wp-content\/uploads\/2025\/10\/03-LC-Jm-02-\u00a9Joan-Cortes-05ctb25-CsVrp-Cn-Brd-Llnrs-300x200.jpg 300w, https:\/\/tomajazz.com\/web\/wp-content\/uploads\/2025\/10\/03-LC-Jm-02-\u00a9Joan-Cortes-05ctb25-CsVrp-Cn-Brd-Llnrs-465x310.jpg 465w\" sizes=\"auto, (max-width: 600px) 100vw, 600px\" \/><\/p>\n<p><img loading=\"lazy\" decoding=\"async\" class=\"aligncenter size-large wp-image-100587\" title=\"LAC Jam #02 (Casa Virupa-Can Bordoi, 05-octubre-2025, Llinars del Vall\u00e8s -Barcelona-) Por Joan Cort\u00e8s [INSTANTZZ AKA Galer\u00eda fotogr\u00e1fica AKA Fotoblog de jazz, impro\u2026 y algo m\u00e1s] Tomajazz 04 LC Jm 02 \u00a9Joan Cort\u00e8s 05ctb25 CsVrp Cn Brd Llnrs\" src=\"https:\/\/tomajazz.com\/web\/wp-content\/uploads\/2025\/10\/04-LC-Jm-02-\u00a9Joan-Cortes-05ctb25-CsVrp-Cn-Brd-Llnrs.jpg\" alt=\"LAC Jam #02 (Casa Virupa-Can Bordoi, 05-octubre-2025, Llinars del Vall\u00e8s -Barcelona-) Por Joan Cort\u00e8s [INSTANTZZ AKA Galer\u00eda fotogr\u00e1fica AKA Fotoblog de jazz, impro\u2026 y algo m\u00e1s] - Tomajazz - LAC Jam #2 tuvo lugar en Casa Virupa-Can Bordoi, Llinars del Vall\u00e8s -Barcelona-, el 5 de octubre de 2025. Joan Cort\u00e8s lo retrata en INSTANTZZ. Intervinieron\" width=\"600\" height=\"400\" srcset=\"https:\/\/tomajazz.com\/web\/wp-content\/uploads\/2025\/10\/04-LC-Jm-02-\u00a9Joan-Cortes-05ctb25-CsVrp-Cn-Brd-Llnrs.jpg 600w, https:\/\/tomajazz.com\/web\/wp-content\/uploads\/2025\/10\/04-LC-Jm-02-\u00a9Joan-Cortes-05ctb25-CsVrp-Cn-Brd-Llnrs-300x200.jpg 300w, https:\/\/tomajazz.com\/web\/wp-content\/uploads\/2025\/10\/04-LC-Jm-02-\u00a9Joan-Cortes-05ctb25-CsVrp-Cn-Brd-Llnrs-465x310.jpg 465w\" sizes=\"auto, (max-width: 600px) 100vw, 600px\" \/><\/p>\n<p><img loading=\"lazy\" decoding=\"async\" class=\"aligncenter size-large wp-image-100588\" title=\"LAC Jam #02 (Casa Virupa-Can Bordoi, 05-octubre-2025, Llinars del Vall\u00e8s -Barcelona-) Por Joan Cort\u00e8s [INSTANTZZ AKA Galer\u00eda fotogr\u00e1fica AKA Fotoblog de jazz, impro\u2026 y algo m\u00e1s] Tomajazz 05 LC Jm 02 \u00a9Joan Cort\u00e8s 05ctb25 CsVrp Cn Brd Llnrs\" src=\"https:\/\/tomajazz.com\/web\/wp-content\/uploads\/2025\/10\/05-LC-Jm-02-\u00a9Joan-Cortes-05ctb25-CsVrp-Cn-Brd-Llnrs.jpg\" alt=\"LAC Jam #02 (Casa Virupa-Can Bordoi, 05-octubre-2025, Llinars del Vall\u00e8s -Barcelona-) Por Joan Cort\u00e8s [INSTANTZZ AKA Galer\u00eda fotogr\u00e1fica AKA Fotoblog de jazz, impro\u2026 y algo m\u00e1s] - Tomajazz - LAC Jam #2 tuvo lugar en Casa Virupa-Can Bordoi, Llinars del Vall\u00e8s -Barcelona-, el 5 de octubre de 2025. Joan Cort\u00e8s lo retrata en INSTANTZZ. Intervinieron\" width=\"400\" height=\"600\" srcset=\"https:\/\/tomajazz.com\/web\/wp-content\/uploads\/2025\/10\/05-LC-Jm-02-\u00a9Joan-Cortes-05ctb25-CsVrp-Cn-Brd-Llnrs.jpg 400w, https:\/\/tomajazz.com\/web\/wp-content\/uploads\/2025\/10\/05-LC-Jm-02-\u00a9Joan-Cortes-05ctb25-CsVrp-Cn-Brd-Llnrs-200x300.jpg 200w, https:\/\/tomajazz.com\/web\/wp-content\/uploads\/2025\/10\/05-LC-Jm-02-\u00a9Joan-Cortes-05ctb25-CsVrp-Cn-Brd-Llnrs-367x550.jpg 367w, https:\/\/tomajazz.com\/web\/wp-content\/uploads\/2025\/10\/05-LC-Jm-02-\u00a9Joan-Cortes-05ctb25-CsVrp-Cn-Brd-Llnrs-333x500.jpg 333w\" sizes=\"auto, (max-width: 400px) 100vw, 400px\" \/><\/p>\n<p><img loading=\"lazy\" decoding=\"async\" class=\"aligncenter size-large wp-image-100589\" title=\"LAC Jam #02 (Casa Virupa-Can Bordoi, 05-octubre-2025, Llinars del Vall\u00e8s -Barcelona-) Por Joan Cort\u00e8s [INSTANTZZ AKA Galer\u00eda fotogr\u00e1fica AKA Fotoblog de jazz, impro\u2026 y algo m\u00e1s] Tomajazz 06 LC Jm 02 \u00a9Joan Cort\u00e8s 05ctb25 CsVrp Cn Brd Llnrs\" src=\"https:\/\/tomajazz.com\/web\/wp-content\/uploads\/2025\/10\/06-LC-Jm-02-\u00a9Joan-Cortes-05ctb25-CsVrp-Cn-Brd-Llnrs.jpg\" alt=\"LAC Jam #02 (Casa Virupa-Can Bordoi, 05-octubre-2025, Llinars del Vall\u00e8s -Barcelona-) Por Joan Cort\u00e8s [INSTANTZZ AKA Galer\u00eda fotogr\u00e1fica AKA Fotoblog de jazz, impro\u2026 y algo m\u00e1s] - Tomajazz - LAC Jam #2 tuvo lugar en Casa Virupa-Can Bordoi, Llinars del Vall\u00e8s -Barcelona-, el 5 de octubre de 2025. Joan Cort\u00e8s lo retrata en INSTANTZZ. Intervinieron\" width=\"400\" height=\"600\" srcset=\"https:\/\/tomajazz.com\/web\/wp-content\/uploads\/2025\/10\/06-LC-Jm-02-\u00a9Joan-Cortes-05ctb25-CsVrp-Cn-Brd-Llnrs.jpg 400w, https:\/\/tomajazz.com\/web\/wp-content\/uploads\/2025\/10\/06-LC-Jm-02-\u00a9Joan-Cortes-05ctb25-CsVrp-Cn-Brd-Llnrs-200x300.jpg 200w, https:\/\/tomajazz.com\/web\/wp-content\/uploads\/2025\/10\/06-LC-Jm-02-\u00a9Joan-Cortes-05ctb25-CsVrp-Cn-Brd-Llnrs-367x550.jpg 367w, https:\/\/tomajazz.com\/web\/wp-content\/uploads\/2025\/10\/06-LC-Jm-02-\u00a9Joan-Cortes-05ctb25-CsVrp-Cn-Brd-Llnrs-333x500.jpg 333w\" sizes=\"auto, (max-width: 400px) 100vw, 400px\" \/><\/p>\n<p><img loading=\"lazy\" decoding=\"async\" class=\"aligncenter size-large wp-image-100590\" title=\"LAC Jam #02 (Casa Virupa-Can Bordoi, 05-octubre-2025, Llinars del Vall\u00e8s -Barcelona-) Por Joan Cort\u00e8s [INSTANTZZ AKA Galer\u00eda fotogr\u00e1fica AKA Fotoblog de jazz, impro\u2026 y algo m\u00e1s] Tomajazz 07 LC Jm 02 \u00a9Joan Cort\u00e8s 05ctb25 CsVrp Cn Brd Llnrs\" src=\"https:\/\/tomajazz.com\/web\/wp-content\/uploads\/2025\/10\/07-LC-Jm-02-\u00a9Joan-Cortes-05ctb25-CsVrp-Cn-Brd-Llnrs.jpg\" alt=\"LAC Jam #02 (Casa Virupa-Can Bordoi, 05-octubre-2025, Llinars del Vall\u00e8s -Barcelona-) Por Joan Cort\u00e8s [INSTANTZZ AKA Galer\u00eda fotogr\u00e1fica AKA Fotoblog de jazz, impro\u2026 y algo m\u00e1s] - Tomajazz - LAC Jam #2 tuvo lugar en Casa Virupa-Can Bordoi, Llinars del Vall\u00e8s -Barcelona-, el 5 de octubre de 2025. Joan Cort\u00e8s lo retrata en INSTANTZZ. Intervinieron\" width=\"400\" height=\"600\" srcset=\"https:\/\/tomajazz.com\/web\/wp-content\/uploads\/2025\/10\/07-LC-Jm-02-\u00a9Joan-Cortes-05ctb25-CsVrp-Cn-Brd-Llnrs.jpg 400w, https:\/\/tomajazz.com\/web\/wp-content\/uploads\/2025\/10\/07-LC-Jm-02-\u00a9Joan-Cortes-05ctb25-CsVrp-Cn-Brd-Llnrs-200x300.jpg 200w, https:\/\/tomajazz.com\/web\/wp-content\/uploads\/2025\/10\/07-LC-Jm-02-\u00a9Joan-Cortes-05ctb25-CsVrp-Cn-Brd-Llnrs-367x550.jpg 367w, https:\/\/tomajazz.com\/web\/wp-content\/uploads\/2025\/10\/07-LC-Jm-02-\u00a9Joan-Cortes-05ctb25-CsVrp-Cn-Brd-Llnrs-333x500.jpg 333w\" sizes=\"auto, (max-width: 400px) 100vw, 400px\" \/><\/p>\n<p><img loading=\"lazy\" decoding=\"async\" class=\"aligncenter size-large wp-image-100591\" title=\"LAC Jam #02 (Casa Virupa-Can Bordoi, 05-octubre-2025, Llinars del Vall\u00e8s -Barcelona-) Por Joan Cort\u00e8s [INSTANTZZ AKA Galer\u00eda fotogr\u00e1fica AKA Fotoblog de jazz, impro\u2026 y algo m\u00e1s] Tomajazz 08 LC Jm 02 \u00a9Joan Cort\u00e8s 05ctb25 CsVrp Cn Brd Llnrs\" src=\"https:\/\/tomajazz.com\/web\/wp-content\/uploads\/2025\/10\/08-LC-Jm-02-\u00a9Joan-Cortes-05ctb25-CsVrp-Cn-Brd-Llnrs.jpg\" alt=\"LAC Jam #02 (Casa Virupa-Can Bordoi, 05-octubre-2025, Llinars del Vall\u00e8s -Barcelona-) Por Joan Cort\u00e8s [INSTANTZZ AKA Galer\u00eda fotogr\u00e1fica AKA Fotoblog de jazz, impro\u2026 y algo m\u00e1s] - Tomajazz - LAC Jam #2 tuvo lugar en Casa Virupa-Can Bordoi, Llinars del Vall\u00e8s -Barcelona-, el 5 de octubre de 2025. Joan Cort\u00e8s lo retrata en INSTANTZZ. Intervinieron\" width=\"400\" height=\"600\" srcset=\"https:\/\/tomajazz.com\/web\/wp-content\/uploads\/2025\/10\/08-LC-Jm-02-\u00a9Joan-Cortes-05ctb25-CsVrp-Cn-Brd-Llnrs.jpg 400w, https:\/\/tomajazz.com\/web\/wp-content\/uploads\/2025\/10\/08-LC-Jm-02-\u00a9Joan-Cortes-05ctb25-CsVrp-Cn-Brd-Llnrs-200x300.jpg 200w, https:\/\/tomajazz.com\/web\/wp-content\/uploads\/2025\/10\/08-LC-Jm-02-\u00a9Joan-Cortes-05ctb25-CsVrp-Cn-Brd-Llnrs-367x550.jpg 367w, https:\/\/tomajazz.com\/web\/wp-content\/uploads\/2025\/10\/08-LC-Jm-02-\u00a9Joan-Cortes-05ctb25-CsVrp-Cn-Brd-Llnrs-333x500.jpg 333w\" sizes=\"auto, (max-width: 400px) 100vw, 400px\" \/><\/p>\n<p><img loading=\"lazy\" decoding=\"async\" class=\"aligncenter size-large wp-image-100592\" title=\"LAC Jam #02 (Casa Virupa-Can Bordoi, 05-octubre-2025, Llinars del Vall\u00e8s -Barcelona-) Por Joan Cort\u00e8s [INSTANTZZ AKA Galer\u00eda fotogr\u00e1fica AKA Fotoblog de jazz, impro\u2026 y algo m\u00e1s] Tomajazz 09 LC Jm 02 \u00a9Joan Cort\u00e8s 05ctb25 CsVrp Cn Brd Llnrs\" src=\"https:\/\/tomajazz.com\/web\/wp-content\/uploads\/2025\/10\/09-LC-Jm-02-\u00a9Joan-Cortes-05ctb25-CsVrp-Cn-Brd-Llnrs.jpg\" alt=\"LAC Jam #02 (Casa Virupa-Can Bordoi, 05-octubre-2025, Llinars del Vall\u00e8s -Barcelona-) Por Joan Cort\u00e8s [INSTANTZZ AKA Galer\u00eda fotogr\u00e1fica AKA Fotoblog de jazz, impro\u2026 y algo m\u00e1s] - Tomajazz - LAC Jam #2 tuvo lugar en Casa Virupa-Can Bordoi, Llinars del Vall\u00e8s -Barcelona-, el 5 de octubre de 2025. Joan Cort\u00e8s lo retrata en INSTANTZZ. Intervinieron\" width=\"400\" height=\"600\" srcset=\"https:\/\/tomajazz.com\/web\/wp-content\/uploads\/2025\/10\/09-LC-Jm-02-\u00a9Joan-Cortes-05ctb25-CsVrp-Cn-Brd-Llnrs.jpg 400w, https:\/\/tomajazz.com\/web\/wp-content\/uploads\/2025\/10\/09-LC-Jm-02-\u00a9Joan-Cortes-05ctb25-CsVrp-Cn-Brd-Llnrs-200x300.jpg 200w, https:\/\/tomajazz.com\/web\/wp-content\/uploads\/2025\/10\/09-LC-Jm-02-\u00a9Joan-Cortes-05ctb25-CsVrp-Cn-Brd-Llnrs-367x550.jpg 367w, https:\/\/tomajazz.com\/web\/wp-content\/uploads\/2025\/10\/09-LC-Jm-02-\u00a9Joan-Cortes-05ctb25-CsVrp-Cn-Brd-Llnrs-333x500.jpg 333w\" sizes=\"auto, (max-width: 400px) 100vw, 400px\" \/><\/p>\n<p><img loading=\"lazy\" decoding=\"async\" class=\"aligncenter size-large wp-image-100593\" title=\"LAC Jam #02 (Casa Virupa-Can Bordoi, 05-octubre-2025, Llinars del Vall\u00e8s -Barcelona-) Por Joan Cort\u00e8s [INSTANTZZ AKA Galer\u00eda fotogr\u00e1fica AKA Fotoblog de jazz, impro\u2026 y algo m\u00e1s] Tomajazz 10 LC Jm 02 \u00a9Joan Cort\u00e8s 05ctb25 CsVrp Cn Brd Llnrs\" src=\"https:\/\/tomajazz.com\/web\/wp-content\/uploads\/2025\/10\/10-LC-Jm-02-\u00a9Joan-Cortes-05ctb25-CsVrp-Cn-Brd-Llnrs.jpg\" alt=\"LAC Jam #02 (Casa Virupa-Can Bordoi, 05-octubre-2025, Llinars del Vall\u00e8s -Barcelona-) Por Joan Cort\u00e8s [INSTANTZZ AKA Galer\u00eda fotogr\u00e1fica AKA Fotoblog de jazz, impro\u2026 y algo m\u00e1s] - Tomajazz - LAC Jam #2 tuvo lugar en Casa Virupa-Can Bordoi, Llinars del Vall\u00e8s -Barcelona-, el 5 de octubre de 2025. Joan Cort\u00e8s lo retrata en INSTANTZZ. Intervinieron\" width=\"400\" height=\"600\" srcset=\"https:\/\/tomajazz.com\/web\/wp-content\/uploads\/2025\/10\/10-LC-Jm-02-\u00a9Joan-Cortes-05ctb25-CsVrp-Cn-Brd-Llnrs.jpg 400w, https:\/\/tomajazz.com\/web\/wp-content\/uploads\/2025\/10\/10-LC-Jm-02-\u00a9Joan-Cortes-05ctb25-CsVrp-Cn-Brd-Llnrs-200x300.jpg 200w, https:\/\/tomajazz.com\/web\/wp-content\/uploads\/2025\/10\/10-LC-Jm-02-\u00a9Joan-Cortes-05ctb25-CsVrp-Cn-Brd-Llnrs-367x550.jpg 367w, https:\/\/tomajazz.com\/web\/wp-content\/uploads\/2025\/10\/10-LC-Jm-02-\u00a9Joan-Cortes-05ctb25-CsVrp-Cn-Brd-Llnrs-333x500.jpg 333w\" sizes=\"auto, (max-width: 400px) 100vw, 400px\" \/><\/p>\n<p><img loading=\"lazy\" decoding=\"async\" class=\"aligncenter size-large wp-image-100594\" title=\"LAC Jam #02 (Casa Virupa-Can Bordoi, 05-octubre-2025, Llinars del Vall\u00e8s -Barcelona-) Por Joan Cort\u00e8s [INSTANTZZ AKA Galer\u00eda fotogr\u00e1fica AKA Fotoblog de jazz, impro\u2026 y algo m\u00e1s] Tomajazz 11 LC Jm 02 \u00a9Joan Cort\u00e8s 05ctb25 CsVrp Cn Brd Llnrs\" src=\"https:\/\/tomajazz.com\/web\/wp-content\/uploads\/2025\/10\/11-LC-Jm-02-\u00a9Joan-Cortes-05ctb25-CsVrp-Cn-Brd-Llnrs.jpg\" alt=\"LAC Jam #02 (Casa Virupa-Can Bordoi, 05-octubre-2025, Llinars del Vall\u00e8s -Barcelona-) Por Joan Cort\u00e8s [INSTANTZZ AKA Galer\u00eda fotogr\u00e1fica AKA Fotoblog de jazz, impro\u2026 y algo m\u00e1s] - Tomajazz - LAC Jam #2 tuvo lugar en Casa Virupa-Can Bordoi, Llinars del Vall\u00e8s -Barcelona-, el 5 de octubre de 2025. Joan Cort\u00e8s lo retrata en INSTANTZZ. Intervinieron\" width=\"400\" height=\"600\" srcset=\"https:\/\/tomajazz.com\/web\/wp-content\/uploads\/2025\/10\/11-LC-Jm-02-\u00a9Joan-Cortes-05ctb25-CsVrp-Cn-Brd-Llnrs.jpg 400w, https:\/\/tomajazz.com\/web\/wp-content\/uploads\/2025\/10\/11-LC-Jm-02-\u00a9Joan-Cortes-05ctb25-CsVrp-Cn-Brd-Llnrs-200x300.jpg 200w, https:\/\/tomajazz.com\/web\/wp-content\/uploads\/2025\/10\/11-LC-Jm-02-\u00a9Joan-Cortes-05ctb25-CsVrp-Cn-Brd-Llnrs-367x550.jpg 367w, https:\/\/tomajazz.com\/web\/wp-content\/uploads\/2025\/10\/11-LC-Jm-02-\u00a9Joan-Cortes-05ctb25-CsVrp-Cn-Brd-Llnrs-333x500.jpg 333w\" sizes=\"auto, (max-width: 400px) 100vw, 400px\" \/><\/p>\n<p><img loading=\"lazy\" decoding=\"async\" class=\"aligncenter size-large wp-image-100595\" title=\"LAC Jam #02 (Casa Virupa-Can Bordoi, 05-octubre-2025, Llinars del Vall\u00e8s -Barcelona-) Por Joan Cort\u00e8s [INSTANTZZ AKA Galer\u00eda fotogr\u00e1fica AKA Fotoblog de jazz, impro\u2026 y algo m\u00e1s] Tomajazz 12 LC Jm 02 \u00a9Joan Cort\u00e8s 05ctb25 CsVrp Cn Brd Llnrs\" src=\"https:\/\/tomajazz.com\/web\/wp-content\/uploads\/2025\/10\/12-LC-Jm-02-\u00a9Joan-Cortes-05ctb25-CsVrp-Cn-Brd-Llnrs.jpg\" alt=\"LAC Jam #02 (Casa Virupa-Can Bordoi, 05-octubre-2025, Llinars del Vall\u00e8s -Barcelona-) Por Joan Cort\u00e8s [INSTANTZZ AKA Galer\u00eda fotogr\u00e1fica AKA Fotoblog de jazz, impro\u2026 y algo m\u00e1s] - Tomajazz - LAC Jam #2 tuvo lugar en Casa Virupa-Can Bordoi, Llinars del Vall\u00e8s -Barcelona-, el 5 de octubre de 2025. Joan Cort\u00e8s lo retrata en INSTANTZZ. Intervinieron\" width=\"400\" height=\"600\" srcset=\"https:\/\/tomajazz.com\/web\/wp-content\/uploads\/2025\/10\/12-LC-Jm-02-\u00a9Joan-Cortes-05ctb25-CsVrp-Cn-Brd-Llnrs.jpg 400w, https:\/\/tomajazz.com\/web\/wp-content\/uploads\/2025\/10\/12-LC-Jm-02-\u00a9Joan-Cortes-05ctb25-CsVrp-Cn-Brd-Llnrs-200x300.jpg 200w, https:\/\/tomajazz.com\/web\/wp-content\/uploads\/2025\/10\/12-LC-Jm-02-\u00a9Joan-Cortes-05ctb25-CsVrp-Cn-Brd-Llnrs-367x550.jpg 367w, https:\/\/tomajazz.com\/web\/wp-content\/uploads\/2025\/10\/12-LC-Jm-02-\u00a9Joan-Cortes-05ctb25-CsVrp-Cn-Brd-Llnrs-333x500.jpg 333w\" sizes=\"auto, (max-width: 400px) 100vw, 400px\" \/><\/p>\n<p><img loading=\"lazy\" decoding=\"async\" class=\"aligncenter size-large wp-image-100596\" title=\"LAC Jam #02 (Casa Virupa-Can Bordoi, 05-octubre-2025, Llinars del Vall\u00e8s -Barcelona-) Por Joan Cort\u00e8s [INSTANTZZ AKA Galer\u00eda fotogr\u00e1fica AKA Fotoblog de jazz, impro\u2026 y algo m\u00e1s] Tomajazz 13 LC Jm 02 \u00a9Joan Cort\u00e8s 05ctb25 CsVrp Cn Brd Llnrs\" src=\"https:\/\/tomajazz.com\/web\/wp-content\/uploads\/2025\/10\/13-LC-Jm-02-\u00a9Joan-Cortes-05ctb25-CsVrp-Cn-Brd-Llnrs.jpg\" alt=\"LAC Jam #02 (Casa Virupa-Can Bordoi, 05-octubre-2025, Llinars del Vall\u00e8s -Barcelona-) Por Joan Cort\u00e8s [INSTANTZZ AKA Galer\u00eda fotogr\u00e1fica AKA Fotoblog de jazz, impro\u2026 y algo m\u00e1s] - Tomajazz - LAC Jam #2 tuvo lugar en Casa Virupa-Can Bordoi, Llinars del Vall\u00e8s -Barcelona-, el 5 de octubre de 2025. Joan Cort\u00e8s lo retrata en INSTANTZZ. Intervinieron\" width=\"400\" height=\"600\" srcset=\"https:\/\/tomajazz.com\/web\/wp-content\/uploads\/2025\/10\/13-LC-Jm-02-\u00a9Joan-Cortes-05ctb25-CsVrp-Cn-Brd-Llnrs.jpg 400w, https:\/\/tomajazz.com\/web\/wp-content\/uploads\/2025\/10\/13-LC-Jm-02-\u00a9Joan-Cortes-05ctb25-CsVrp-Cn-Brd-Llnrs-200x300.jpg 200w, https:\/\/tomajazz.com\/web\/wp-content\/uploads\/2025\/10\/13-LC-Jm-02-\u00a9Joan-Cortes-05ctb25-CsVrp-Cn-Brd-Llnrs-367x550.jpg 367w, https:\/\/tomajazz.com\/web\/wp-content\/uploads\/2025\/10\/13-LC-Jm-02-\u00a9Joan-Cortes-05ctb25-CsVrp-Cn-Brd-Llnrs-333x500.jpg 333w\" sizes=\"auto, (max-width: 400px) 100vw, 400px\" \/><\/p>\n<p><img loading=\"lazy\" decoding=\"async\" class=\"aligncenter size-large wp-image-100597\" title=\"LAC Jam #02 (Casa Virupa-Can Bordoi, 05-octubre-2025, Llinars del Vall\u00e8s -Barcelona-) Por Joan Cort\u00e8s [INSTANTZZ AKA Galer\u00eda fotogr\u00e1fica AKA Fotoblog de jazz, impro\u2026 y algo m\u00e1s] Tomajazz 14 LC Jm 02 \u00a9Joan Cort\u00e8s 05ctb25 CsVrp Cn Brd Llnrs\" src=\"https:\/\/tomajazz.com\/web\/wp-content\/uploads\/2025\/10\/14-LC-Jm-02-\u00a9Joan-Cortes-05ctb25-CsVrp-Cn-Brd-Llnrs.jpg\" alt=\"LAC Jam #02 (Casa Virupa-Can Bordoi, 05-octubre-2025, Llinars del Vall\u00e8s -Barcelona-) Por Joan Cort\u00e8s [INSTANTZZ AKA Galer\u00eda fotogr\u00e1fica AKA Fotoblog de jazz, impro\u2026 y algo m\u00e1s] - Tomajazz - LAC Jam #2 tuvo lugar en Casa Virupa-Can Bordoi, Llinars del Vall\u00e8s -Barcelona-, el 5 de octubre de 2025. Joan Cort\u00e8s lo retrata en INSTANTZZ. Intervinieron\" width=\"400\" height=\"600\" srcset=\"https:\/\/tomajazz.com\/web\/wp-content\/uploads\/2025\/10\/14-LC-Jm-02-\u00a9Joan-Cortes-05ctb25-CsVrp-Cn-Brd-Llnrs.jpg 400w, https:\/\/tomajazz.com\/web\/wp-content\/uploads\/2025\/10\/14-LC-Jm-02-\u00a9Joan-Cortes-05ctb25-CsVrp-Cn-Brd-Llnrs-200x300.jpg 200w, https:\/\/tomajazz.com\/web\/wp-content\/uploads\/2025\/10\/14-LC-Jm-02-\u00a9Joan-Cortes-05ctb25-CsVrp-Cn-Brd-Llnrs-367x550.jpg 367w, https:\/\/tomajazz.com\/web\/wp-content\/uploads\/2025\/10\/14-LC-Jm-02-\u00a9Joan-Cortes-05ctb25-CsVrp-Cn-Brd-Llnrs-333x500.jpg 333w\" sizes=\"auto, (max-width: 400px) 100vw, 400px\" \/><\/p>\n<p style=\"text-align: right;\">Tomajazz: Fotograf\u00edas: \u00a9 <a href=\"https:\/\/www.facebook.com\/joan.cortesbenages\" target=\"_blank\" rel=\"noopener\"><strong>Joan Cort\u00e8s<\/strong><\/a>, 2025<\/p>\n<h3>M\u00e1s informaci\u00f3n<\/h3>\n<p><a href=\"https:\/\/artscontemplatives.com\/\" target=\"_blank\" rel=\"noopener\">https:\/\/artscontemplatives.com\/<\/a><\/p>\n<p><a href=\"https:\/\/tomajazz.com\/web\/?s=casa+virupa&amp;submit=Search\" target=\"_blank\" rel=\"noopener\">https:\/\/tomajazz.com\/web\/?s=casa+virupa&amp;submit=Search<\/a><\/p>\n<h3>LAC JAM en Tomajazz<\/h3>\n<blockquote class=\"wp-embedded-content\" data-secret=\"0ots9NDUVN\"><p><a href=\"https:\/\/tomajazz.com\/web\/lac-jam-01-casa-virupa-can-bordoi-2025\/\">LAC Jam #01 (Casa Virupa-Can Bordoi, 21-agosto-2025, Llinars del Vall\u00e8s -Barcelona-) Por Joan Cort\u00e8s [INSTANTZZ AKA Galer\u00eda fotogr\u00e1fica AKA Fotoblog de jazz, impro\u2026 y algo m\u00e1s]<\/a><\/p><\/blockquote>\n<p><iframe loading=\"lazy\" class=\"wp-embedded-content\" sandbox=\"allow-scripts\" security=\"restricted\" style=\"position: absolute; visibility: hidden;\" title=\"\u00abLAC Jam #01 (Casa Virupa-Can Bordoi, 21-agosto-2025, Llinars del Vall\u00e8s -Barcelona-) Por Joan Cort\u00e8s [INSTANTZZ AKA Galer\u00eda fotogr\u00e1fica AKA Fotoblog de jazz, impro\u2026 y algo m\u00e1s]\u00bb \u2014 Tomajazz\" src=\"https:\/\/tomajazz.com\/web\/lac-jam-01-casa-virupa-can-bordoi-2025\/embed\/#?secret=zPQ42M4TKf#?secret=0ots9NDUVN\" data-secret=\"0ots9NDUVN\" width=\"600\" height=\"338\" frameborder=\"0\" marginwidth=\"0\" marginheight=\"0\" scrolling=\"no\"><\/iframe><\/p>\n<h3>Joan Cort\u00e8s en Tomajazz<\/h3>\n<p><a href=\"https:\/\/tomajazz.com\/web\/category\/joan-cortes\/\" target=\"_blank\" rel=\"noopener\">https:\/\/tomajazz.com\/web\/category\/joan-cortes\/<\/a><\/p>\n","protected":false},"excerpt":{"rendered":"<p>LAC Jam #2 tuvo lugar en Casa Virupa-Can Bordoi, Llinars del Vall\u00e8s -Barcelona-, el 5 de octubre de 2025. Joan Cort\u00e8s lo retrata en INSTANTZZ. Intervinieron Shai Maestro, Manel Forti\u00e0, Marc Miralta, Biel Harper, Max Villavecchia, Danilo Tarso, Emilie Calme, Laurent Maur, Manuel Luque, Giuseppe Campisi, Daniele Capucci, Eva Verde, Gessam\u00ed Boada<span class=\"more-link\"><a href=\"https:\/\/tomajazz.com\/web\/lac-jam-02-casa-virupa-can-bordoi-2025\/\">Contin\u00faa leyendo<\/a><\/span><\/p>\n","protected":false},"author":1,"featured_media":100598,"comment_status":"open","ping_status":"closed","sticky":false,"template":"","format":"standard","meta":{"_jetpack_newsletter_access":"","_jetpack_dont_email_post_to_subs":false,"_jetpack_newsletter_tier_id":0,"_jetpack_memberships_contains_paywalled_content":false,"_jetpack_feature_clip_id":0,"_jetpack_memberships_contains_paid_content":false,"footnotes":"","jetpack_post_was_ever_published":false},"categories":[11261,17853,11262,15516,1038],"tags":[29628,32733,32730,32731,32734,32735,25279,32732,11843,32425,542,18281,182],"class_list":["entry","author-pachi","has-excerpt","post-100583","post","type-post","status-publish","format-standard","has-post-thumbnail","category-instantzz","category-joan-cortes","category-photoblogs","category-imagenes","category-contenidos","tag-biel-harper","tag-daniele-capucci","tag-danilo-tarso","tag-emilie-calme","tag-eva-verde","tag-gessami-boada","tag-giuseppe-campisi","tag-laurent-maur","tag-manel-fortia","tag-manuel-luque","tag-marc-miralta","tag-max-villavecchia","tag-shai-maestro"],"jetpack_likes_enabled":true,"jetpack_sharing_enabled":true,"jetpack-related-posts":[{"id":99635,"url":"https:\/\/tomajazz.com\/web\/lac-jam-01-casa-virupa-can-bordoi-2025\/","url_meta":{"origin":100583,"position":0},"title":"LAC Jam #01 (Casa Virupa-Can Bordoi, 21-agosto-2025, Llinars del Vall\u00e8s -Barcelona-) Por Joan Cort\u00e8s [INSTANTZZ AKA Galer\u00eda fotogr\u00e1fica AKA Fotoblog de jazz, impro\u2026 y algo m\u00e1s]","author":"Tomajazz","date":"25 septiembre, 2025","format":false,"excerpt":"LAC Jam #01 tuvo lugar en Casa Virupa-Can Bordoi, Llinars del Vall\u00e8s -Barcelona-, el 21 de agosto de 2025. Joan Cort\u00e8s lo retrata en INSTANTZZ. Participaron Shai Maestro, Manel Forti\u00e0, Marc Miralta, Christos Rafalides, Antonio S\u00e1nchez, Thana Alexa, Xavi Torres, Lucas Delgado, Lluc Casares","rel":"","context":"En \u00ab*_Joan Cort\u00e8s\u00bb","block_context":{"text":"*_Joan Cort\u00e8s","link":"https:\/\/tomajazz.com\/web\/category\/joan-cortes\/"},"img":{"alt_text":"LAC Jam #01 (Casa Virupa-Can Bordoi, 21-agosto-2025, Llinars del Vall\u00e8s -Barcelona-) Por Joan Cort\u00e8s [INSTANTZZ AKA Galer\u00eda fotogr\u00e1fica AKA Fotoblog de jazz, impro\u2026 y algo m\u00e1s] - Tomajazz - LAC Jam #01 tuvo lugar en Casa Virupa-Can Bordoi, Llinars del Vall\u00e8s -Barcelona-, el 21 de agosto de 2025. Joan Cort\u00e8s lo retrata en INSTANTZZ. Participaron Shai Maestro, Manel Forti\u00e0, Marc Miralta, Christos Rafalides, Antonio S\u00e1nchez, Thana Alexa, Xavi Torres, Lucas Delgado, Lluc Casares\n","src":"https:\/\/i0.wp.com\/tomajazz.com\/web\/wp-content\/uploads\/2025\/09\/destacada-05-LC-Jm-Photo-By-Joan-Cortes-21gst25-Cs-Vrp-Cn-Brd-Llnrs.jpg?resize=350%2C200&ssl=1","width":350,"height":200,"srcset":"https:\/\/i0.wp.com\/tomajazz.com\/web\/wp-content\/uploads\/2025\/09\/destacada-05-LC-Jm-Photo-By-Joan-Cortes-21gst25-Cs-Vrp-Cn-Brd-Llnrs.jpg?resize=350%2C200&ssl=1 1x, https:\/\/i0.wp.com\/tomajazz.com\/web\/wp-content\/uploads\/2025\/09\/destacada-05-LC-Jm-Photo-By-Joan-Cortes-21gst25-Cs-Vrp-Cn-Brd-Llnrs.jpg?resize=525%2C300&ssl=1 1.5x"},"classes":[]},{"id":104256,"url":"https:\/\/tomajazz.com\/web\/manel-fortia-liberica-trio-lac-2026\/","url_meta":{"origin":100583,"position":1},"title":"Manel Forti\u00e0 Lib\u00e8rica Trio (LAC -Laboratori Arts Contemplatives-, Casa Virupa-Can Bordoi, 2026-01-18 \/ Llinars -Barcelona-) Por Joan Cort\u00e8s [INSTANTZZ AKA Galer\u00eda fotogr\u00e1fica AKA Fotoblog de jazz, impro\u2026 y algo m\u00e1s]","author":"Tomajazz","date":"2 marzo, 2026","format":false,"excerpt":"Manel Forti\u00e0 Lib\u00e8rica Trio actu\u00f3 en LAC en Casa Virupa-Can Bordoi, en Llinars, Barcelona, el 18 de enero de 2026. Joan Cort\u00e8s lo retrata en INSTANTZZ. Actuaron Manel Forti\u00e0, Pere Mart\u00ednez, Frederico Vannini","rel":"","context":"En \u00ab*_Joan Cort\u00e8s\u00bb","block_context":{"text":"*_Joan Cort\u00e8s","link":"https:\/\/tomajazz.com\/web\/category\/joan-cortes\/"},"img":{"alt_text":"Manel Forti\u00e0 Lib\u00e8rica Trio (LAC -Laboratori Arts Contemplatives-, Casa Virupa-Can Bordoi, 2026-01-18 \/ Llinars -Barcelona-) Por Joan Cort\u00e8s [INSTANTZZ AKA Galer\u00eda fotogr\u00e1fica AKA Fotoblog de jazz, impro\u2026 y algo m\u00e1s] - Tomajazz - Manel Forti\u00e0 Lib\u00e8rica Trio actu\u00f3 en LAC en Casa Virupa-Can Bordoi, en Llinars, Barcelona, el 18 de enero de 2026. Joan Cort\u00e8s lo retrata en INSTANTZZ. Actuaron Manel Forti\u00e0, Pere Mart\u00ednez, Frederico Vannini\n","src":"https:\/\/i0.wp.com\/tomajazz.com\/web\/wp-content\/uploads\/2026\/03\/destacada-04-Mnl-Frt-Lbrc-Tr-Photo-By-Joan-Cortes-18gnr26-LrC-CV-CB-Llnrs-bn.jpg?resize=350%2C200&ssl=1","width":350,"height":200,"srcset":"https:\/\/i0.wp.com\/tomajazz.com\/web\/wp-content\/uploads\/2026\/03\/destacada-04-Mnl-Frt-Lbrc-Tr-Photo-By-Joan-Cortes-18gnr26-LrC-CV-CB-Llnrs-bn.jpg?resize=350%2C200&ssl=1 1x, https:\/\/i0.wp.com\/tomajazz.com\/web\/wp-content\/uploads\/2026\/03\/destacada-04-Mnl-Frt-Lbrc-Tr-Photo-By-Joan-Cortes-18gnr26-LrC-CV-CB-Llnrs-bn.jpg?resize=525%2C300&ssl=1 1.5x"},"classes":[]},{"id":106510,"url":"https:\/\/tomajazz.com\/web\/jon-balkes-alba-careta-lac-2026\/","url_meta":{"origin":100583,"position":2},"title":"Jon Balke\u2019s Siwan \/ Alba Careta Group (El Rite-LAC \/ Casa Virupa-Can Bordoi, 2026-05-31 \/ Llinars -Barcelona-) [04] Por Joan Cort\u00e8s [INSTANTZZ AKA Galer\u00eda fotogr\u00e1fica AKA Fotoblog de jazz, impro\u2026 y algo m\u00e1s]","author":"Tomajazz","date":"16 agosto, 2026","format":false,"excerpt":"Jon Balke\u2019s Siwan y Alba Careta Group actuaron en El Rite-LAC en Llinars, Barcelona, el 31 de mayo de 2026. Joan Cort\u00e8s lo retrata en INSTANTZZ. Actuaron Jon Balke, Mona Boutchebak, Pedram Khavar Zamini, Derya Turkan, Alba Careta, Lucas Mart\u00ednez, Roger Santacana, Giuseppe Campisi, Jordi Pallar\u00e9s","rel":"","context":"En \u00abIV Festival Rite 2026\u00bb","block_context":{"text":"IV Festival Rite 2026","link":"https:\/\/tomajazz.com\/web\/category\/contenidos\/especial-contenidos\/iv-festival-rite-2026\/"},"img":{"alt_text":"Jon Balke\u2019s Siwan \/ Alba Careta Group (El Rite-LAC \/ Casa Virupa-Can Bordoi, 2026-05-31 \/ Llinars -Barcelona-) [04] Por Joan Cort\u00e8s [INSTANTZZ AKA Galer\u00eda fotogr\u00e1fica AKA Fotoblog de jazz, impro\u2026 y algo m\u00e1s] - Tomajazz - Jon Balke\u2019s Siwan y Alba Careta Group actuaron en El Rite-LAC en Llinars, Barcelona, el 31 de mayo de 2026.  Joan Cort\u00e8s lo retrata en INSTANTZZ. Actuaron Jon Balke, Mona Boutchebak, Pedram Khavar Zamini, Derya Turkan, Alba Careta, Lucas Mart\u00ednez, Roger Santacana, Giuseppe Campisi, Jordi Pallar\u00e9s","src":"https:\/\/i0.wp.com\/tomajazz.com\/web\/wp-content\/uploads\/2026\/08\/destacada-06-Jn-Blk-Swn-Photo-by-Joan-Cortes-31mg26-l-Rt-.jpg?resize=350%2C200&ssl=1","width":350,"height":200},"classes":[]},{"id":106549,"url":"https:\/\/tomajazz.com\/web\/festival-rite-2026-4\/","url_meta":{"origin":100583,"position":3},"title":"Jakob Bro \/ S\u00e1nchez-League-Alexa-Maestro (IV Festival Rite 2026. El Rite-LAC \/ Casa Virupa-Can Bordoi, 2026-05-31 \/ Llinars -Barcelona-) [05] Por Joan Cort\u00e8s [INSTANTZZ AKA Galer\u00eda fotogr\u00e1fica AKA Fotoblog de jazz, impro\u2026 y algo m\u00e1s]","author":"Tomajazz","date":"18 agosto, 2026","format":false,"excerpt":"Festival Rite 2026 Jakob Bro \/ S\u00e1nchez-League-Alexa-Maestro participaron en Festival Rite 2026 en El Rite-LAC en Casa Virupa-Can Bordoi, Llinars -Barcelona-, el 31 de mayo de 2026. Joan Cort\u00e8s lo retrata en INSTANTZZ. Actuaron Jakob Bro, Antonio S\u00e1nchez, Michael League, Thana Alexa, Shai Maestro, Avishai Cohen","rel":"","context":"En \u00abIV Festival Rite 2026\u00bb","block_context":{"text":"IV Festival Rite 2026","link":"https:\/\/tomajazz.com\/web\/category\/contenidos\/especial-contenidos\/iv-festival-rite-2026\/"},"img":{"alt_text":"Jakob Bro \/ S\u00e1nchez-League-Alexa-Maestro (El Rite-LAC \/ Casa Virupa-Can Bordoi, 2026-05-31 \/ Llinars -Barcelona-) [05] Por Joan Cort\u00e8s [INSTANTZZ AKA Galer\u00eda fotogr\u00e1fica AKA Fotoblog de jazz, impro\u2026 y algo m\u00e1s] - Tomajazz - Festival Rite 2026\nJakob Bro \/ S\u00e1nchez-League-Alexa-Maestro participaron en Festival Rite 2026 en El Rite-LAC en Casa Virupa-Can Bordoi, Llinars -Barcelona-, el 31 de mayo de 2026. Joan Cort\u00e8s lo retrata en INSTANTZZ. Actuaron Jakob Bro, Antonio S\u00e1nchez, Michael League, Thana Alexa, Shai Maestro, Avishai Cohen\n","src":"https:\/\/i0.wp.com\/tomajazz.com\/web\/wp-content\/uploads\/2026\/08\/destacada-04-Jkb-Br-Photo-by-Joan-Cortes-31mg26-L-Rt-Cs-Vr-Llnrs.jpg?resize=350%2C200&ssl=1","width":350,"height":200,"srcset":"https:\/\/i0.wp.com\/tomajazz.com\/web\/wp-content\/uploads\/2026\/08\/destacada-04-Jkb-Br-Photo-by-Joan-Cortes-31mg26-L-Rt-Cs-Vr-Llnrs.jpg?resize=350%2C200&ssl=1 1x, https:\/\/i0.wp.com\/tomajazz.com\/web\/wp-content\/uploads\/2026\/08\/destacada-04-Jkb-Br-Photo-by-Joan-Cortes-31mg26-L-Rt-Cs-Vr-Llnrs.jpg?resize=525%2C300&ssl=1 1.5x"},"classes":[]},{"id":104910,"url":"https:\/\/tomajazz.com\/web\/max-villavecchia-piano-solo-lac-2026\/","url_meta":{"origin":100583,"position":4},"title":"Max Villavecchia, piano solo (LAC -Laboratori Arts Contemplatives-, Casa Virupa, 2026-03-01 \/ Llinars -Barcelona-) Por Joan Cort\u00e8s [INSTANTZZ AKA Galer\u00eda fotogr\u00e1fica AKA Fotoblog de jazz, impro\u2026 y algo m\u00e1s]","author":"Tomajazz","date":"16 abril, 2026","format":false,"excerpt":"Max Villavecchia actu\u00f3 en LAC -Laboratori Arts Contemplatives-, en Casa Virupa, en Llinars -Barcelona-, el 1 de marzo de 2026. Joan Cort\u00e8s lo retrata en INSTANTZZ. Con Max Villavecchia, Apel\u2022les Carod","rel":"","context":"En \u00ab*_Joan Cort\u00e8s\u00bb","block_context":{"text":"*_Joan Cort\u00e8s","link":"https:\/\/tomajazz.com\/web\/category\/joan-cortes\/"},"img":{"alt_text":"Max Villavecchia, piano solo (LAC -Laboratori Arts Contemplatives-, Casa Virupa, 2026-03-01 \/ Llinars -Barcelona-) Por Joan Cort\u00e8s [INSTANTZZ AKA Galer\u00eda fotogr\u00e1fica AKA Fotoblog de jazz, impro\u2026 y algo m\u00e1s] - Tomajazz - Max Villavecchia actu\u00f3 en LAC -Laboratori Arts Contemplatives-, en Casa Virupa, en Llinars -Barcelona-, el 1 de marzo de 2026. Joan Cort\u00e8s lo retrata en INSTANTZZ. Con Max Villavecchia, Apel\u2022les Carod","src":"https:\/\/i0.wp.com\/tomajazz.com\/web\/wp-content\/uploads\/2026\/04\/destacada-04-Mx-Vlllvcch-Photo-By-Joan-Cortes-01mrc26-LrC-Cs-Vrp-Llnrs.jpg?resize=350%2C200&ssl=1","width":350,"height":200,"srcset":"https:\/\/i0.wp.com\/tomajazz.com\/web\/wp-content\/uploads\/2026\/04\/destacada-04-Mx-Vlllvcch-Photo-By-Joan-Cortes-01mrc26-LrC-Cs-Vrp-Llnrs.jpg?resize=350%2C200&ssl=1 1x, https:\/\/i0.wp.com\/tomajazz.com\/web\/wp-content\/uploads\/2026\/04\/destacada-04-Mx-Vlllvcch-Photo-By-Joan-Cortes-01mrc26-LrC-Cs-Vrp-Llnrs.jpg?resize=525%2C300&ssl=1 1.5x"},"classes":[]},{"id":104122,"url":"https:\/\/tomajazz.com\/web\/ney-quartet-lac-2026\/","url_meta":{"origin":100583,"position":5},"title":"Ney Quartet (LAC -Laboratori Arts Contemplatives-, Casa Virupa-Can Bordoi, 2026-01-10 \/ Llinars -Barcelona-) Por Joan Cort\u00e8s [INSTANTZZ AKA Galer\u00eda fotogr\u00e1fica AKA Fotoblog de jazz, impro\u2026 y algo m\u00e1s]","author":"Tomajazz","date":"22 febrero, 2026","format":false,"excerpt":"Ney Quartet actu\u00f3 en LAC -Laboratori Arts Contemplatives-, Casa Virupa-Can Bordoi, en Llinars -Barcelona-, el 10 de enero de 2026. Joan Cort\u00e8s lo retrata en INSTANTZZ. Con Christos Barbas, Nabil Na\u00efr, Pau Puig, Laia Puig","rel":"","context":"En \u00abINSTANTZZ\u00bb","block_context":{"text":"INSTANTZZ","link":"https:\/\/tomajazz.com\/web\/category\/contenidos\/imagenes\/photoblogs\/instantzz\/"},"img":{"alt_text":"Ney Quartet (LAC -Laboratori Arts Contemplatives-, Casa Virupa-Can Bordoi, 2026-01-10 \/ Llinars -Barcelona-) Por Joan Cort\u00e8s [INSTANTZZ AKA Galer\u00eda fotogr\u00e1fica AKA Fotoblog de jazz, impro\u2026 y algo m\u00e1s] - Tomajazz - Ney Quartet actu\u00f3 en LAC -Laboratori Arts Contemplatives-, Casa Virupa-Can Bordoi, en Llinars -Barcelona-, el 10 de enero de 2026. Joan Cort\u00e8s lo retrata en INSTANTZZ. Con Christos Barbas, Nabil Na\u00efr, Pau Puig, Laia Puig\n","src":"https:\/\/i0.wp.com\/tomajazz.com\/web\/wp-content\/uploads\/2026\/02\/destacada-10-Ny-4t-Photo-by-Joan-Cortes-10fbr26-LrC-CV-CB-Llnrs-.jpg?resize=350%2C200&ssl=1","width":350,"height":200,"srcset":"https:\/\/i0.wp.com\/tomajazz.com\/web\/wp-content\/uploads\/2026\/02\/destacada-10-Ny-4t-Photo-by-Joan-Cortes-10fbr26-LrC-CV-CB-Llnrs-.jpg?resize=350%2C200&ssl=1 1x, https:\/\/i0.wp.com\/tomajazz.com\/web\/wp-content\/uploads\/2026\/02\/destacada-10-Ny-4t-Photo-by-Joan-Cortes-10fbr26-LrC-CV-CB-Llnrs-.jpg?resize=525%2C300&ssl=1 1.5x"},"classes":[]}],"jetpack_featured_media_url":"https:\/\/tomajazz.com\/web\/wp-content\/uploads\/2025\/10\/destacada-07-LC-Jm-02-Photo-By-Joan-Cortes-05ctb25-CsVrp-Cn-Brd-Llnrs.jpg","_links":{"self":[{"href":"https:\/\/tomajazz.com\/web\/wp-json\/wp\/v2\/posts\/100583","targetHints":{"allow":["GET"]}}],"collection":[{"href":"https:\/\/tomajazz.com\/web\/wp-json\/wp\/v2\/posts"}],"about":[{"href":"https:\/\/tomajazz.com\/web\/wp-json\/wp\/v2\/types\/post"}],"author":[{"embeddable":true,"href":"https:\/\/tomajazz.com\/web\/wp-json\/wp\/v2\/users\/1"}],"replies":[{"embeddable":true,"href":"https:\/\/tomajazz.com\/web\/wp-json\/wp\/v2\/comments?post=100583"}],"version-history":[{"count":1,"href":"https:\/\/tomajazz.com\/web\/wp-json\/wp\/v2\/posts\/100583\/revisions"}],"predecessor-version":[{"id":100600,"href":"https:\/\/tomajazz.com\/web\/wp-json\/wp\/v2\/posts\/100583\/revisions\/100600"}],"wp:featuredmedia":[{"embeddable":true,"href":"https:\/\/tomajazz.com\/web\/wp-json\/wp\/v2\/media\/100598"}],"wp:attachment":[{"href":"https:\/\/tomajazz.com\/web\/wp-json\/wp\/v2\/media?parent=100583"}],"wp:term":[{"taxonomy":"category","embeddable":true,"href":"https:\/\/tomajazz.com\/web\/wp-json\/wp\/v2\/categories?post=100583"},{"taxonomy":"post_tag","embeddable":true,"href":"https:\/\/tomajazz.com\/web\/wp-json\/wp\/v2\/tags?post=100583"}],"curies":[{"name":"wp","href":"https:\/\/api.w.org\/{rel}","templated":true}]}}