{"id":101661,"date":"2025-11-11T12:30:25","date_gmt":"2025-11-11T11:30:25","guid":{"rendered":"https:\/\/tomajazz.com\/web\/?p=101661"},"modified":"2025-11-11T21:37:38","modified_gmt":"2025-11-11T20:37:38","slug":"wolfgang-muthspiel-jazzmadrid-2025","status":"publish","type":"post","link":"https:\/\/tomajazz.com\/web\/wolfgang-muthspiel-jazzmadrid-2025\/","title":{"rendered":"Wolfgang Muthspiel (Festival Internacional JazzMadrid 2025. CentroCentro. Madrid. 2025-11-08) Por Carlos Lara [Concierto de jazz]"},"content":{"rendered":"<h3>Wolfgang Muthspiel<\/h3>\n<h3>Festival Internacional JazzMadrid 2025<\/h3>\n<ul>\n<li>Fecha: S\u00e1bado, 8 de noviembre de 2025<\/li>\n<li>Lugar: CentroCentro (Madrid)<\/li>\n<li>Componentes:<br \/>\nWolfgang Muthspiel: guitarra cl\u00e1sica<\/li>\n<\/ul>\n<p style=\"text-align: center;\"><img loading=\"lazy\" decoding=\"async\" class=\"aligncenter size-full wp-image-101664\" title=\"Wolfgang Muthspiel (Festival Internacional JazzMadrid 2025. CentroCentro. Madrid. 2025-11-08) Por Carlos Lara [Concierto de jazz] Tomajazz DSC00635 scaled\" src=\"https:\/\/tomajazz.com\/web\/wp-content\/uploads\/2025\/11\/DSC00635-scaled-1.jpg\" alt=\"Wolfgang Muthspiel (Festival Internacional JazzMadrid 2025. CentroCentro. Madrid. 2025-11-08) Por Carlos Lara [Concierto de jazz] - Tomajazz - Wolfgang Muthspiel actu\u00f3 en solitario en el Festival Internacional JazzMadrid 2025, el 8 de noviembre de 2025. Carlos Lara repasa el concierto\" width=\"400\" height=\"600\" srcset=\"https:\/\/tomajazz.com\/web\/wp-content\/uploads\/2025\/11\/DSC00635-scaled-1.jpg 400w, https:\/\/tomajazz.com\/web\/wp-content\/uploads\/2025\/11\/DSC00635-scaled-1-200x300.jpg 200w, https:\/\/tomajazz.com\/web\/wp-content\/uploads\/2025\/11\/DSC00635-scaled-1-367x550.jpg 367w, https:\/\/tomajazz.com\/web\/wp-content\/uploads\/2025\/11\/DSC00635-scaled-1-333x500.jpg 333w\" sizes=\"auto, (max-width: 400px) 100vw, 400px\" \/><\/p>\n<p>A Wolfgang Muthspiel, guitarrista austriaco, le conocemos sobre todo por su trayectoria en el jazz y sus colaboraciones con figuras como Brad Mehldau, Scott Colley, Brian Blade o Ralph Towner. Son varios los proyectos que mantiene abiertos y uno de ellos es el que lleva a cabo acompa\u00f1ado de una guitarra cl\u00e1sica, protagonista de la sesi\u00f3n que ofreci\u00f3 en el Festival de Jazz de Madrid.<\/p>\n<p style=\"text-align: center;\"><img loading=\"lazy\" decoding=\"async\" class=\"aligncenter size-full wp-image-101665\" title=\"Wolfgang Muthspiel (Festival Internacional JazzMadrid 2025. CentroCentro. Madrid. 2025-11-08) Por Carlos Lara [Concierto de jazz] Tomajazz DSC00570 scaled\" src=\"https:\/\/tomajazz.com\/web\/wp-content\/uploads\/2025\/11\/DSC00570-scaled-1.jpg\" alt=\"Wolfgang Muthspiel (Festival Internacional JazzMadrid 2025. CentroCentro. Madrid. 2025-11-08) Por Carlos Lara [Concierto de jazz] - Tomajazz - Wolfgang Muthspiel actu\u00f3 en solitario en el Festival Internacional JazzMadrid 2025, el 8 de noviembre de 2025. Carlos Lara repasa el concierto\" width=\"600\" height=\"400\" srcset=\"https:\/\/tomajazz.com\/web\/wp-content\/uploads\/2025\/11\/DSC00570-scaled-1.jpg 600w, https:\/\/tomajazz.com\/web\/wp-content\/uploads\/2025\/11\/DSC00570-scaled-1-300x200.jpg 300w, https:\/\/tomajazz.com\/web\/wp-content\/uploads\/2025\/11\/DSC00570-scaled-1-465x310.jpg 465w\" sizes=\"auto, (max-width: 600px) 100vw, 600px\" \/><\/p>\n<p>Habitual del sello alem\u00e1n ECM, sobre todo a tr\u00edo, esta experiencia ligada a la m\u00fasica cl\u00e1sica no sorprende, ya que empez\u00f3 siendo violinista de cl\u00e1sica, para despu\u00e9s inclinarse definitivamente por la guitarra. En su caso, el mundo de la cl\u00e1sica y el jazz siempre han ido de la mano, en una forma de retroalimentaci\u00f3n con la que consigue crear unos mundos sonoros cautivadores. Como cautivador fue el viaje imprevisible que emprendi\u00f3 y acab\u00f3 con brillantez en su recital madrile\u00f1o.<\/p>\n<p style=\"text-align: center;\"><img loading=\"lazy\" decoding=\"async\" class=\"aligncenter size-full wp-image-101666\" title=\"Wolfgang Muthspiel (Festival Internacional JazzMadrid 2025. CentroCentro. Madrid. 2025-11-08) Por Carlos Lara [Concierto de jazz] Tomajazz DSC00607 scaled\" src=\"https:\/\/tomajazz.com\/web\/wp-content\/uploads\/2025\/11\/DSC00607-scaled-1.jpg\" alt=\"Wolfgang Muthspiel (Festival Internacional JazzMadrid 2025. CentroCentro. Madrid. 2025-11-08) Por Carlos Lara [Concierto de jazz] - Tomajazz - Wolfgang Muthspiel actu\u00f3 en solitario en el Festival Internacional JazzMadrid 2025, el 8 de noviembre de 2025. Carlos Lara repasa el concierto\" width=\"600\" height=\"400\" srcset=\"https:\/\/tomajazz.com\/web\/wp-content\/uploads\/2025\/11\/DSC00607-scaled-1.jpg 600w, https:\/\/tomajazz.com\/web\/wp-content\/uploads\/2025\/11\/DSC00607-scaled-1-300x200.jpg 300w, https:\/\/tomajazz.com\/web\/wp-content\/uploads\/2025\/11\/DSC00607-scaled-1-465x310.jpg 465w\" sizes=\"auto, (max-width: 600px) 100vw, 600px\" \/><\/p>\n<p>El n\u00facleo del concierto fue la interpretaci\u00f3n de 11 piezas compuestas por Muthspiel para guitarra cl\u00e1sica, que formaron parte de su disco <em>Etudes \/ Quietudes <\/em>(Clap Your Hands, 2024). Cada uno de estos estudios explora un aspecto diferente de la m\u00fasica para guitarra. Los estudios, como los bocetos en la pintura, son ejercicios b\u00e1sicos, que sirven para practicar ciertas habilidades que podr\u00edan llegar a convertirse o no en piezas de concierto. Como se pudo comprobar, Muthspiel disfruta toc\u00e1ndolos frente al p\u00fablico, dando rienda suelta a su creatividad. Las piezas llevan t\u00edtulos descriptivos como \u00abEtude Nr. 1 Tremolo\u00bb, \u00abEtude Nr. 4 Pedal\u00bb, \u00abEtude Nr. 5 Chords\u00bb, \u00abEtude Nr. 6 Triplets\u00bb, \u00abEtude Nr. 7 Brahms Minor\u00bb, \u00abEtude Nr. 8 Melting Chords\u00bb, hasta \u00abEtude Nr. 13 Arpeggio\u00bb, que indican la t\u00e9cnica utilizada, pero que van m\u00e1s all\u00e1 del ejercicio puro. Es la t\u00e9cnica al servicio de la m\u00fasica: en realidad son como mini-composiciones independientes, cada una con su propio mundo.<\/p>\n<p style=\"text-align: center;\"><img loading=\"lazy\" decoding=\"async\" class=\"aligncenter size-full wp-image-101667\" title=\"Wolfgang Muthspiel (Festival Internacional JazzMadrid 2025. CentroCentro. Madrid. 2025-11-08) Por Carlos Lara [Concierto de jazz] Tomajazz DSC00646 scaled\" src=\"https:\/\/tomajazz.com\/web\/wp-content\/uploads\/2025\/11\/DSC00646-scaled-1.jpg\" alt=\"Wolfgang Muthspiel (Festival Internacional JazzMadrid 2025. CentroCentro. Madrid. 2025-11-08) Por Carlos Lara [Concierto de jazz] - Tomajazz - Wolfgang Muthspiel actu\u00f3 en solitario en el Festival Internacional JazzMadrid 2025, el 8 de noviembre de 2025. Carlos Lara repasa el concierto\" width=\"600\" height=\"400\" srcset=\"https:\/\/tomajazz.com\/web\/wp-content\/uploads\/2025\/11\/DSC00646-scaled-1.jpg 600w, https:\/\/tomajazz.com\/web\/wp-content\/uploads\/2025\/11\/DSC00646-scaled-1-300x200.jpg 300w, https:\/\/tomajazz.com\/web\/wp-content\/uploads\/2025\/11\/DSC00646-scaled-1-465x310.jpg 465w\" sizes=\"auto, (max-width: 600px) 100vw, 600px\" \/><\/p>\n<p>A lo largo del concierto, Muthspiel interpret\u00f3 con destreza los temas, y mostr\u00f3, adem\u00e1s de la t\u00e9cnica de guitarra cl\u00e1sica exquisita, el control de los matices y la claridad en la ejecuci\u00f3n, pero nunca como mero virtuosismo. En cada una de las piezas cortas, el m\u00fasico cuenta una historia y para ello se sirve de sus conocimientos t\u00e9cnicos. Las piezas son introspectivas y meditativas en su mayor\u00eda. Hay fases con energ\u00eda, desplegando un continuo de tr\u00e9molo sobre l\u00edneas mel\u00f3dicas m\u00e1s lentas. Momentos m\u00e1s atmosf\u00e9ricos; acordes que \u201cse derriten\u201d, progresiones que no solo muestran t\u00e9cnica, sino textura sonora. Tras la interpretaci\u00f3n de los estudios con m\u00ednimos silencios entremedias, Muthspiel dedic\u00f3 la \u00faltima parte del concierto a la m\u00fasica improvisada. Primero interpret\u00f3 de manera libre una versi\u00f3n del cl\u00e1sico de Beatles <em>All My Loving<\/em>, e hizo lo propio con <em>Sarabande <\/em>de Johann Sebastian Bach (Suite para la\u00fad BWV 995). El tema de McCartney se decant\u00f3 hacia una deconstrucci\u00f3n de la melod\u00eda original, mediante diferentes texturas y capas, con un resultado lleno de encanto y bellas transiciones entre lo cl\u00e1sico y lo improvisado. La pieza de Bach fue un ejercicio de orfebrer\u00eda musical en base al tema del compositor, a continuaci\u00f3n una improvisaci\u00f3n y finalmente un regreso al comienzo.<\/p>\n<p style=\"text-align: center;\"><img loading=\"lazy\" decoding=\"async\" class=\"aligncenter size-full wp-image-101668\" title=\"Wolfgang Muthspiel (Festival Internacional JazzMadrid 2025. CentroCentro. Madrid. 2025-11-08) Por Carlos Lara [Concierto de jazz] Tomajazz DSC00681 scaled\" src=\"https:\/\/tomajazz.com\/web\/wp-content\/uploads\/2025\/11\/DSC00681-scaled-1.jpg\" alt=\"Wolfgang Muthspiel (Festival Internacional JazzMadrid 2025. CentroCentro. Madrid. 2025-11-08) Por Carlos Lara [Concierto de jazz] - Tomajazz - Wolfgang Muthspiel actu\u00f3 en solitario en el Festival Internacional JazzMadrid 2025, el 8 de noviembre de 2025. Carlos Lara repasa el concierto\" width=\"600\" height=\"400\" srcset=\"https:\/\/tomajazz.com\/web\/wp-content\/uploads\/2025\/11\/DSC00681-scaled-1.jpg 600w, https:\/\/tomajazz.com\/web\/wp-content\/uploads\/2025\/11\/DSC00681-scaled-1-300x200.jpg 300w, https:\/\/tomajazz.com\/web\/wp-content\/uploads\/2025\/11\/DSC00681-scaled-1-465x310.jpg 465w\" sizes=\"auto, (max-width: 600px) 100vw, 600px\" \/><\/p>\n<p>El p\u00fablico disfrut\u00f3 de un concierto de m\u00fasica de guitarra en estado puro, un viaje pausado, lleno de matices, donde la sonoridad de la guitarra se convirti\u00f3 en protagonista. Fue una clase de guitarra para mel\u00f3manos en la que se percib\u00edan claramente los movimientos, las decisiones de composici\u00f3n para guitarra solista, los efectos de textura, ritmo, armon\u00eda y pulsaci\u00f3n. A pesar de ser un recital eminentemente cl\u00e1sico, Muthspiel no renunci\u00f3 a su otro lado jazz\u00edstico, pero lo puso al servicio de un discurso m\u00e1s concentrado, m\u00e1s \u00edntimo, que mira hacia dentro, hacia la naturaleza del instrumento y de la composici\u00f3n.<\/p>\n<p style=\"text-align: right;\">Texto:\u00a0 \u00a9 Carlos Lara, 2025<br \/>\nFotograf\u00edas: \u00a9 F\u00e9lix Tallada Casta\u00f1\u00e9 &#8211; Madrid\u00a0Destino, 2025<\/p>\n<h3>M\u00e1s informaci\u00f3n sobre Wolfgang Muthspiel y Festival Internacional JazzMadrid 2025<\/h3>\n<p><a href=\"https:\/\/www.wolfgangmuthspiel.com\/\" target=\"_blank\" rel=\"noopener\">https:\/\/www.wolfgangmuthspiel.com\/<\/a><\/p>\n<p><a href=\"https:\/\/tomajazz.com\/web\/?s=wolfgang+muthspiel&amp;submit=Search\" target=\"_blank\" rel=\"noopener\">https:\/\/tomajazz.com\/web\/?s=wolfgang+muthspiel&amp;submit=Search<\/a><\/p>\n<p><a href=\"https:\/\/festivaldejazzmadrid.com\/\" target=\"_blank\" rel=\"noopener\">https:\/\/festivaldejazzmadrid.com\/<\/a><\/p>\n<p><a href=\"https:\/\/tomajazz.com\/web\/?s=festival+jazz+madrid&amp;submit=Search\" target=\"_blank\" rel=\"noopener\">https:\/\/tomajazz.com\/web\/?s=festival+jazz+madrid&amp;submit=Search<\/a><\/p>\n<h3>Festival Internacional JazzMadrid 2025<\/h3>\n<blockquote class=\"wp-embedded-content\" data-secret=\"umjwifWGT6\"><p><a href=\"https:\/\/tomajazz.com\/web\/julian-lage-jazzmadrid-2025\/\">Julian Lage (Festival Internacional JazzMadrid 2025. Teatro Fern\u00e1n G\u00f3mez &#8211; Centro Cultural de la Villa. Madrid. 2025-11-07) Por Carlos Lara y Enrique Farelo [Concierto de jazz]<\/a><\/p><\/blockquote>\n<p><iframe loading=\"lazy\" class=\"wp-embedded-content\" sandbox=\"allow-scripts\" security=\"restricted\" style=\"position: absolute; visibility: hidden;\" title=\"\u00abJulian Lage (Festival Internacional JazzMadrid 2025. Teatro Fern\u00e1n G\u00f3mez &#8211; Centro Cultural de la Villa. Madrid. 2025-11-07) Por Carlos Lara y Enrique Farelo [Concierto de jazz]\u00bb \u2014 Tomajazz\" src=\"https:\/\/tomajazz.com\/web\/julian-lage-jazzmadrid-2025\/embed\/#?secret=XUWn23RROo#?secret=umjwifWGT6\" data-secret=\"umjwifWGT6\" width=\"600\" height=\"338\" frameborder=\"0\" marginwidth=\"0\" marginheight=\"0\" scrolling=\"no\"><\/iframe><\/p>\n<blockquote class=\"wp-embedded-content\" data-secret=\"gYN7fD3vk7\"><p><a href=\"https:\/\/tomajazz.com\/web\/delvo-lamarr-organ-trio-jazzmadrid-2025\/\">Delvon Lamarr Organ Tr\u00edo (Festival Internacional JazzMadrid 2025, Sala Villanos, Madrid. 2025-10-30) Por Enrique Farelo [Concierto de jazz]<\/a><\/p><\/blockquote>\n<p><iframe loading=\"lazy\" class=\"wp-embedded-content\" sandbox=\"allow-scripts\" security=\"restricted\" style=\"position: absolute; visibility: hidden;\" title=\"\u00abDelvon Lamarr Organ Tr\u00edo (Festival Internacional JazzMadrid 2025, Sala Villanos, Madrid. 2025-10-30) Por Enrique Farelo [Concierto de jazz]\u00bb \u2014 Tomajazz\" src=\"https:\/\/tomajazz.com\/web\/delvo-lamarr-organ-trio-jazzmadrid-2025\/embed\/#?secret=0QscPkBqNr#?secret=gYN7fD3vk7\" data-secret=\"gYN7fD3vk7\" width=\"600\" height=\"338\" frameborder=\"0\" marginwidth=\"0\" marginheight=\"0\" scrolling=\"no\"><\/iframe><\/p>\n<blockquote class=\"wp-embedded-content\" data-secret=\"IRhULbfuWp\"><p><a href=\"https:\/\/tomajazz.com\/web\/festival-internacional-jazzmadrid-2025-noticias\/\">Festival Internacional JAZZMADRID 2025 (Madrid. Del 5 de octubre al 30 de noviembre de 2025) [Noticias de jazz]<\/a><\/p><\/blockquote>\n<p><iframe loading=\"lazy\" class=\"wp-embedded-content\" sandbox=\"allow-scripts\" security=\"restricted\" style=\"position: absolute; visibility: hidden;\" title=\"\u00abFestival Internacional JAZZMADRID 2025 (Madrid. Del 5 de octubre al 30 de noviembre de 2025) [Noticias de jazz]\u00bb \u2014 Tomajazz\" src=\"https:\/\/tomajazz.com\/web\/festival-internacional-jazzmadrid-2025-noticias\/embed\/#?secret=4QIRuuYykv#?secret=IRhULbfuWp\" data-secret=\"IRhULbfuWp\" width=\"600\" height=\"338\" frameborder=\"0\" marginwidth=\"0\" marginheight=\"0\" scrolling=\"no\"><\/iframe><\/p>\n<h3>Enrique Farelo en Tomajazz<\/h3>\n<p><a href=\"https:\/\/tomajazz.com\/web\/?cat=17848\" target=\"_blank\" rel=\"noopener\">https:\/\/tomajazz.com\/web\/?cat=17848<\/a><\/p>\n","protected":false},"excerpt":{"rendered":"<p>Wolfgang Muthspiel actu\u00f3 en solitario en el Festival Internacional JazzMadrid 2025, el 8 de noviembre de 2025. Carlos Lara repasa el concierto<span class=\"more-link\"><a href=\"https:\/\/tomajazz.com\/web\/wolfgang-muthspiel-jazzmadrid-2025\/\">Contin\u00faa leyendo<\/a><\/span><\/p>\n","protected":false},"author":1,"featured_media":101669,"comment_status":"open","ping_status":"closed","sticky":false,"template":"","format":"standard","meta":{"jetpack_post_was_ever_published":false,"_jetpack_newsletter_access":"","_jetpack_dont_email_post_to_subs":false,"_jetpack_newsletter_tier_id":0,"_jetpack_memberships_contains_paywalled_content":false,"_jetpack_memberships_contains_paid_content":false,"footnotes":""},"categories":[32839,17849,4,15517,1038],"tags":[84,27651],"class_list":["entry","author-pachi","has-excerpt","post-101661","post","type-post","status-publish","format-standard","has-post-thumbnail","category-festival-internacional-jazzmadrid-2025","category-carlos-lara","category-conciertos","category-textos","category-contenidos","tag-carlos-lara","tag-wolfgang-muthspiel"],"jetpack_featured_media_url":"https:\/\/tomajazz.com\/web\/wp-content\/uploads\/2025\/11\/destacada-DSC00646-scaled-1.jpg","jetpack_likes_enabled":true,"jetpack_sharing_enabled":true,"jetpack-related-posts":[{"id":101371,"url":"https:\/\/tomajazz.com\/web\/wolfgang-muthspiel-tokyo-ecm-2025\/","url_meta":{"origin":101661,"position":0},"title":"Wolfgang Muthspiel: Tokyo (ECM; 2025) Por Carlos Lara [Grabaci\u00f3n de jazz]","author":"Tomajazz","date":"4 noviembre, 2025","format":false,"excerpt":"Tokyo (ECM; 2025) es la nueva grabaci\u00f3n de Wolfgang Muthspiel. Carlos Lara repaso la grabaci\u00f3n. Con Wolfgang Muthspiel, Scott Colley, Brian Blade","rel":"","context":"En \u00abGrabaciones...\u00bb","block_context":{"text":"Grabaciones...","link":"https:\/\/tomajazz.com\/web\/category\/contenidos\/textos\/grabaciones\/"},"img":{"alt_text":"Wolfgang Muthspiel: Tokyo (ECM; 2025) Por Carlos Lara [Grabaci\u00f3n de jazz] - Tomajazz - Tokyo (ECM; 2025) es la nueva grabaci\u00f3n de Wolfgang Muthspiel. Carlos Lara repaso la grabaci\u00f3n. Con Wolfgang Muthspiel, Scott Colley, Brian Blade","src":"https:\/\/i0.wp.com\/tomajazz.com\/web\/wp-content\/uploads\/2025\/11\/Wolfgang-Muthspiel-Tokyo-ECM-2025-.jpg?resize=350%2C200&ssl=1","width":350,"height":200,"srcset":"https:\/\/i0.wp.com\/tomajazz.com\/web\/wp-content\/uploads\/2025\/11\/Wolfgang-Muthspiel-Tokyo-ECM-2025-.jpg?resize=350%2C200&ssl=1 1x, https:\/\/i0.wp.com\/tomajazz.com\/web\/wp-content\/uploads\/2025\/11\/Wolfgang-Muthspiel-Tokyo-ECM-2025-.jpg?resize=525%2C300&ssl=1 1.5x, https:\/\/i0.wp.com\/tomajazz.com\/web\/wp-content\/uploads\/2025\/11\/Wolfgang-Muthspiel-Tokyo-ECM-2025-.jpg?resize=700%2C400&ssl=1 2x"},"classes":[]},{"id":66391,"url":"https:\/\/tomajazz.com\/web\/wolfgang-muthspiel-trio-2022\/","url_meta":{"origin":101661,"position":1},"title":"Wolfgang Muthspiel Trio (Jamboree \/ Barcelona. 2022-07-12) Por Joan Cort\u00e8s [INSTANTZZ]","author":"Tomajazz","date":"6 septiembre, 2022","format":false,"excerpt":"En INSTANTZZ una galer\u00eda fotogr\u00e1fica de Wolfgang Muthspiel Trio (con Larry Grenadier y Jorge Rossy) en Jamboree (Barcelona). Joan Cort\u00e8s es el autor de las fotograf\u00edas.","rel":"","context":"En \u00abINSTANTZZ\u00bb","block_context":{"text":"INSTANTZZ","link":"https:\/\/tomajazz.com\/web\/category\/contenidos\/imagenes\/photoblogs\/instantzz\/"},"img":{"alt_text":"Wolfgang Muthspiel Trio (Jamboree \/ Barcelona. 2022-07-12) Por Joan Cort\u00e8s [INSTANTZZ]","src":"https:\/\/i0.wp.com\/tomajazz.com\/web\/wp-content\/uploads\/2022\/09\/11_Wlfgng-Mthspl-Tr-%C2%A9Joan-Cortes_12jul22_Jmbr_Brcln.jpg?resize=350%2C200&ssl=1","width":350,"height":200,"srcset":"https:\/\/i0.wp.com\/tomajazz.com\/web\/wp-content\/uploads\/2022\/09\/11_Wlfgng-Mthspl-Tr-%C2%A9Joan-Cortes_12jul22_Jmbr_Brcln.jpg?resize=350%2C200&ssl=1 1x, https:\/\/i0.wp.com\/tomajazz.com\/web\/wp-content\/uploads\/2022\/09\/11_Wlfgng-Mthspl-Tr-%C2%A9Joan-Cortes_12jul22_Jmbr_Brcln.jpg?resize=525%2C300&ssl=1 1.5x"},"classes":[]},{"id":100155,"url":"https:\/\/tomajazz.com\/web\/festival-internacional-jazzmadrid-2025-noticias\/","url_meta":{"origin":101661,"position":2},"title":"Festival Internacional JAZZMADRID 2025 (Madrid. Del 5 de octubre al 30 de noviembre de 2025) [Noticias de jazz]","author":"Tomajazz","date":"6 octubre, 2025","format":false,"excerpt":"Entre el 5 de octubre y el 30 de noviembre de 2025 tendr\u00e1 lugar el Festival Internacional JAZZMADRID 2025","rel":"","context":"En \u00abNoticias\u00bb","block_context":{"text":"Noticias","link":"https:\/\/tomajazz.com\/web\/category\/contenidos\/noticias-2\/"},"img":{"alt_text":"Festival Internacional JAZZMADRID 2025 (Madrid. Del 5 de octubre al 30 de noviembre de 2025) [Noticias de jazz] - Tomajazz","src":"https:\/\/i0.wp.com\/tomajazz.com\/web\/wp-content\/uploads\/2025\/10\/JazzMadrid-2025-Festival-Internacional-Jazz-Madrid-2025.jpg?resize=350%2C200&ssl=1","width":350,"height":200,"srcset":"https:\/\/i0.wp.com\/tomajazz.com\/web\/wp-content\/uploads\/2025\/10\/JazzMadrid-2025-Festival-Internacional-Jazz-Madrid-2025.jpg?resize=350%2C200&ssl=1 1x, https:\/\/i0.wp.com\/tomajazz.com\/web\/wp-content\/uploads\/2025\/10\/JazzMadrid-2025-Festival-Internacional-Jazz-Madrid-2025.jpg?resize=525%2C300&ssl=1 1.5x, https:\/\/i0.wp.com\/tomajazz.com\/web\/wp-content\/uploads\/2025\/10\/JazzMadrid-2025-Festival-Internacional-Jazz-Madrid-2025.jpg?resize=700%2C400&ssl=1 2x"},"classes":[]},{"id":101881,"url":"https:\/\/tomajazz.com\/web\/martin-taylor-ulf-wakenius-jazzmadrid-2025\/","url_meta":{"origin":101661,"position":3},"title":"Martin Taylor &#038; Ulf Wakenius (Festival Internacional JazzMadrid 2025, Centro Centro, Madrid. 2025-11-15) Por Enrique Farelo [Concierto de jazz]","author":"Tomajazz","date":"18 noviembre, 2025","format":false,"excerpt":"Martin Taylor & Ulf Wakenius actuaron en el Festival Internacional JazzMadrid 2025, el 15 de noviembre de 2025. Enrique Farelo lo relata y retrata","rel":"","context":"En \u00abFestival Internacional JazzMadrid 2025\u00bb","block_context":{"text":"Festival Internacional JazzMadrid 2025","link":"https:\/\/tomajazz.com\/web\/category\/contenidos\/especial-contenidos\/festival-internacional-jazzmadrid-2025\/"},"img":{"alt_text":"Martin Taylor & Ulf Wakenius (Festival Internacional JazzMadrid 2025, Centro Centro, Madrid. 2025-11-15) Por Enrique Farelo [Concierto de jazz] - Tomajazz - Martin Taylor & Ulf Wakenius actuaron en el Festival Internacional JazzMadrid 2025, el 15 de noviembre de 2025. Enrique Farelo lo relata y retrata","src":"https:\/\/i0.wp.com\/tomajazz.com\/web\/wp-content\/uploads\/2025\/11\/destacada-Martin-Taylor-2.jpg?resize=350%2C200&ssl=1","width":350,"height":200,"srcset":"https:\/\/i0.wp.com\/tomajazz.com\/web\/wp-content\/uploads\/2025\/11\/destacada-Martin-Taylor-2.jpg?resize=350%2C200&ssl=1 1x, https:\/\/i0.wp.com\/tomajazz.com\/web\/wp-content\/uploads\/2025\/11\/destacada-Martin-Taylor-2.jpg?resize=525%2C300&ssl=1 1.5x, https:\/\/i0.wp.com\/tomajazz.com\/web\/wp-content\/uploads\/2025\/11\/destacada-Martin-Taylor-2.jpg?resize=700%2C400&ssl=1 2x"},"classes":[]},{"id":101567,"url":"https:\/\/tomajazz.com\/web\/julian-lage-jazzmadrid-2025\/","url_meta":{"origin":101661,"position":4},"title":"Julian Lage (Festival Internacional JazzMadrid 2025. Teatro Fern\u00e1n G\u00f3mez &#8211; Centro Cultural de la Villa. Madrid. 2025-11-07) Por Carlos Lara y Enrique Farelo [Concierto de jazz]","author":"Tomajazz","date":"9 noviembre, 2025","format":false,"excerpt":"Julian Lage actu\u00f3 en solitario en el Festival Internacional JazzMadrid 2025, en Teatro Fern\u00e1n G\u00f3mez, el 7 de noviembre de 2025. Carlos Lara y Enrique Farelo repasan el concierto","rel":"","context":"En \u00abFestival Internacional JazzMadrid 2025\u00bb","block_context":{"text":"Festival Internacional JazzMadrid 2025","link":"https:\/\/tomajazz.com\/web\/category\/contenidos\/especial-contenidos\/festival-internacional-jazzmadrid-2025\/"},"img":{"alt_text":"Julian Lage (Festival Internacional JazzMadrid 2025. Teatro Fern\u00e1n G\u00f3mez - Centro Cultural de la Villa. Madrid. 2025-11-07) Por Carlos Lara y Enrique Farelo [Concierto de jazz] - Tomajazz - Julian Lage actu\u00f3 en solitario en el Festival Internacional JazzMadrid 2025, en Teatro Fern\u00e1n G\u00f3mez, el 7 de noviembre de 2025. Carlos Lara y Enrique Farelo repasan el concierto","src":"https:\/\/i0.wp.com\/tomajazz.com\/web\/wp-content\/uploads\/2025\/11\/destacada-Julian-Lage-1.jpg?resize=350%2C200&ssl=1","width":350,"height":200,"srcset":"https:\/\/i0.wp.com\/tomajazz.com\/web\/wp-content\/uploads\/2025\/11\/destacada-Julian-Lage-1.jpg?resize=350%2C200&ssl=1 1x, https:\/\/i0.wp.com\/tomajazz.com\/web\/wp-content\/uploads\/2025\/11\/destacada-Julian-Lage-1.jpg?resize=525%2C300&ssl=1 1.5x, https:\/\/i0.wp.com\/tomajazz.com\/web\/wp-content\/uploads\/2025\/11\/destacada-Julian-Lage-1.jpg?resize=700%2C400&ssl=1 2x"},"classes":[]},{"id":101775,"url":"https:\/\/tomajazz.com\/web\/al-di-meola-jazzmadrid-2025\/","url_meta":{"origin":101661,"position":5},"title":"Al Di Meola Acoustic Trio (Festival Internacional JazzMadrid 2025, Centro Cultural de la Villa, Sala Guirau Madrid. 2025-11-12) Por Enrique Farelo [Concierto de jazz]","author":"Tomajazz","date":"15 noviembre, 2025","format":false,"excerpt":"Al Di Meola Acoustic Trio actu\u00f3 en el Festival Internacional JazzMadrid 2025, el 12 de noviembre de 2025. Enrique Farelo lo retrata y relata. Actuaron Al Di Meola, Peo Alfonsi, Sergio Mart\u00ednez","rel":"","context":"En \u00abFestival Internacional JazzMadrid 2025\u00bb","block_context":{"text":"Festival Internacional JazzMadrid 2025","link":"https:\/\/tomajazz.com\/web\/category\/contenidos\/especial-contenidos\/festival-internacional-jazzmadrid-2025\/"},"img":{"alt_text":"Al Di Meola Acoustic Trio (Festival Internacional JazzMadrid 2025, Centro Cultural de la Villa, Sala Guirau Madrid. 2025-11-12) Por Enrique Farelo [Concierto de jazz] - Tomajazz - Al Di Meola Acoustic Trio actu\u00f3 en el Festival Internacional JazzMadrid 2025, el 12 de noviembre de 2025. Enrique Farelo lo retrata y relata. Actuaron Al Di Meola, Peo Alfonsi, Sergio Mart\u00ednez\n","src":"https:\/\/i0.wp.com\/tomajazz.com\/web\/wp-content\/uploads\/2025\/11\/destacada-Acoustic-Trio-.jpg?resize=350%2C200&ssl=1","width":350,"height":200,"srcset":"https:\/\/i0.wp.com\/tomajazz.com\/web\/wp-content\/uploads\/2025\/11\/destacada-Acoustic-Trio-.jpg?resize=350%2C200&ssl=1 1x, https:\/\/i0.wp.com\/tomajazz.com\/web\/wp-content\/uploads\/2025\/11\/destacada-Acoustic-Trio-.jpg?resize=525%2C300&ssl=1 1.5x, https:\/\/i0.wp.com\/tomajazz.com\/web\/wp-content\/uploads\/2025\/11\/destacada-Acoustic-Trio-.jpg?resize=700%2C400&ssl=1 2x"},"classes":[]}],"_links":{"self":[{"href":"https:\/\/tomajazz.com\/web\/wp-json\/wp\/v2\/posts\/101661","targetHints":{"allow":["GET"]}}],"collection":[{"href":"https:\/\/tomajazz.com\/web\/wp-json\/wp\/v2\/posts"}],"about":[{"href":"https:\/\/tomajazz.com\/web\/wp-json\/wp\/v2\/types\/post"}],"author":[{"embeddable":true,"href":"https:\/\/tomajazz.com\/web\/wp-json\/wp\/v2\/users\/1"}],"replies":[{"embeddable":true,"href":"https:\/\/tomajazz.com\/web\/wp-json\/wp\/v2\/comments?post=101661"}],"version-history":[{"count":3,"href":"https:\/\/tomajazz.com\/web\/wp-json\/wp\/v2\/posts\/101661\/revisions"}],"predecessor-version":[{"id":101684,"href":"https:\/\/tomajazz.com\/web\/wp-json\/wp\/v2\/posts\/101661\/revisions\/101684"}],"wp:featuredmedia":[{"embeddable":true,"href":"https:\/\/tomajazz.com\/web\/wp-json\/wp\/v2\/media\/101669"}],"wp:attachment":[{"href":"https:\/\/tomajazz.com\/web\/wp-json\/wp\/v2\/media?parent=101661"}],"wp:term":[{"taxonomy":"category","embeddable":true,"href":"https:\/\/tomajazz.com\/web\/wp-json\/wp\/v2\/categories?post=101661"},{"taxonomy":"post_tag","embeddable":true,"href":"https:\/\/tomajazz.com\/web\/wp-json\/wp\/v2\/tags?post=101661"}],"curies":[{"name":"wp","href":"https:\/\/api.w.org\/{rel}","templated":true}]}}