{"id":101757,"date":"2025-11-14T12:00:35","date_gmt":"2025-11-14T11:00:35","guid":{"rendered":"https:\/\/tomajazz.com\/web\/?p=101757"},"modified":"2025-11-13T22:18:07","modified_gmt":"2025-11-13T21:18:07","slug":"sa-pobla-jazz-collective-sa-pobla-2025","status":"publish","type":"post","link":"https:\/\/tomajazz.com\/web\/sa-pobla-jazz-collective-sa-pobla-2025\/","title":{"rendered":"Sa Pobla Jazz Collective (31 Mallorca Jazz Sa Pobla 2025. Sa Pobla. Mallorca. 2025-08-11) Por Jos\u00e9 Luis Luna Rocafort [INSTANTZZ AKA Galer\u00eda fotogr\u00e1fica AKA Fotoblog de jazz, impro\u2026 y algo m\u00e1s]"},"content":{"rendered":"<h3>Sa Pobla Jazz Collective<\/h3>\n<h3>31 Mallorca Jazz Sa Pobla 2025<\/h3>\n<div>\n<ul>\n<li>Martes, 11 de agosto de 2025. 22:00h.<\/li>\n<li>Lugar: Pla\u00e7a Major. Sa Pobla (Mallorca)<\/li>\n<li>Formaci\u00f3n:<br \/>\nAina Tramullas: voz<br \/>\nCaterina Obrador: clarinete bajo<br \/>\nMiquel Ram\u00f3n, Lleonart Mart\u00ednez: saxo tenor<br \/>\nZimu Kian, Pablo Frias: saxo alto<br \/>\nMaria Miquela Santandreu: flauta<br \/>\nFerran: trompa<br \/>\nAndreu Roig, Tomeu Vidal, Miquel Gay\u00e0: tromb\u00f3n<br \/>\nJoan Reyn\u00e9s, Maria Ant\u00f2nia Gili, Jaume Burguera, Pep Garau: trompeta<br \/>\nGoran Levi: guitarra el\u00e9ctrica<br \/>\nSilvia Reixach: piano<br \/>\nMiquel Benn\u00e0ssar: bajo el\u00e9ctrico<br \/>\nToni Benn\u00e0ssar, Antonia Santandreu: bater\u00eda<br \/>\nToni Vaquer: direcci\u00f3n<\/li>\n<\/ul>\n<\/div>\n<p style=\"text-align: center;\"><img loading=\"lazy\" decoding=\"async\" class=\"aligncenter size-full wp-image-101758\" title=\"Sa Pobla Jazz Collective (31 Mallorca Jazz Sa Pobla 2025. Sa Pobla. Mallorca. 2025-08-11) Por Jos\u00e9 Luis Luna Rocafort [INSTANTZZ AKA Galer\u00eda fotogr\u00e1fica AKA Fotoblog de jazz, impro\u2026 y algo m\u00e1s] Tomajazz 001\" src=\"https:\/\/tomajazz.com\/web\/wp-content\/uploads\/2025\/11\/001-9.jpg\" alt=\"Sa Pobla Jazz Collective (31 Mallorca Jazz Sa Pobla 2025. Sa Pobla. Mallorca. 2025-08-11) Por Jos\u00e9 Luis Luna Rocafort [INSTANTZZ AKA Galer\u00eda fotogr\u00e1fica AKA Fotoblog de jazz, impro\u2026 y algo m\u00e1s] - Tomajazz - Sa Pobla Jazz Collective actu\u00f3 en el 31 Mallorca Jazz Sa Pobla 2025 el 11 de agosto de 2025. Jos\u00e9 Luis Luna Rocafort retrata el concierto en INSTANTZZ\" width=\"600\" height=\"400\" srcset=\"https:\/\/tomajazz.com\/web\/wp-content\/uploads\/2025\/11\/001-9.jpg 600w, https:\/\/tomajazz.com\/web\/wp-content\/uploads\/2025\/11\/001-9-300x200.jpg 300w, https:\/\/tomajazz.com\/web\/wp-content\/uploads\/2025\/11\/001-9-465x310.jpg 465w\" sizes=\"auto, (max-width: 600px) 100vw, 600px\" \/><\/p>\n<p><img loading=\"lazy\" decoding=\"async\" class=\"aligncenter size-large wp-image-101759\" title=\"Sa Pobla Jazz Collective (31 Mallorca Jazz Sa Pobla 2025. Sa Pobla. Mallorca. 2025-08-11) Por Jos\u00e9 Luis Luna Rocafort [INSTANTZZ AKA Galer\u00eda fotogr\u00e1fica AKA Fotoblog de jazz, impro\u2026 y algo m\u00e1s] Tomajazz 002\" src=\"https:\/\/tomajazz.com\/web\/wp-content\/uploads\/2025\/11\/002-9.jpg\" alt=\"Sa Pobla Jazz Collective (31 Mallorca Jazz Sa Pobla 2025. Sa Pobla. Mallorca. 2025-08-11) Por Jos\u00e9 Luis Luna Rocafort [INSTANTZZ AKA Galer\u00eda fotogr\u00e1fica AKA Fotoblog de jazz, impro\u2026 y algo m\u00e1s] - Tomajazz - Sa Pobla Jazz Collective actu\u00f3 en el 31 Mallorca Jazz Sa Pobla 2025 el 11 de agosto de 2025. Jos\u00e9 Luis Luna Rocafort retrata el concierto en INSTANTZZ\" width=\"600\" height=\"400\" srcset=\"https:\/\/tomajazz.com\/web\/wp-content\/uploads\/2025\/11\/002-9.jpg 600w, https:\/\/tomajazz.com\/web\/wp-content\/uploads\/2025\/11\/002-9-300x200.jpg 300w, https:\/\/tomajazz.com\/web\/wp-content\/uploads\/2025\/11\/002-9-465x310.jpg 465w\" sizes=\"auto, (max-width: 600px) 100vw, 600px\" \/><\/p>\n<p><img loading=\"lazy\" decoding=\"async\" class=\"aligncenter size-large wp-image-101760\" title=\"Sa Pobla Jazz Collective (31 Mallorca Jazz Sa Pobla 2025. Sa Pobla. Mallorca. 2025-08-11) Por Jos\u00e9 Luis Luna Rocafort [INSTANTZZ AKA Galer\u00eda fotogr\u00e1fica AKA Fotoblog de jazz, impro\u2026 y algo m\u00e1s] Tomajazz 003\" src=\"https:\/\/tomajazz.com\/web\/wp-content\/uploads\/2025\/11\/003-9.jpg\" alt=\"Sa Pobla Jazz Collective (31 Mallorca Jazz Sa Pobla 2025. Sa Pobla. Mallorca. 2025-08-11) Por Jos\u00e9 Luis Luna Rocafort [INSTANTZZ AKA Galer\u00eda fotogr\u00e1fica AKA Fotoblog de jazz, impro\u2026 y algo m\u00e1s] - Tomajazz - Sa Pobla Jazz Collective actu\u00f3 en el 31 Mallorca Jazz Sa Pobla 2025 el 11 de agosto de 2025. Jos\u00e9 Luis Luna Rocafort retrata el concierto en INSTANTZZ\" width=\"600\" height=\"400\" srcset=\"https:\/\/tomajazz.com\/web\/wp-content\/uploads\/2025\/11\/003-9.jpg 600w, https:\/\/tomajazz.com\/web\/wp-content\/uploads\/2025\/11\/003-9-300x200.jpg 300w, https:\/\/tomajazz.com\/web\/wp-content\/uploads\/2025\/11\/003-9-465x310.jpg 465w\" sizes=\"auto, (max-width: 600px) 100vw, 600px\" \/><\/p>\n<p><img loading=\"lazy\" decoding=\"async\" class=\"aligncenter size-large wp-image-101761\" title=\"Sa Pobla Jazz Collective (31 Mallorca Jazz Sa Pobla 2025. Sa Pobla. Mallorca. 2025-08-11) Por Jos\u00e9 Luis Luna Rocafort [INSTANTZZ AKA Galer\u00eda fotogr\u00e1fica AKA Fotoblog de jazz, impro\u2026 y algo m\u00e1s] Tomajazz 004\" src=\"https:\/\/tomajazz.com\/web\/wp-content\/uploads\/2025\/11\/004-9.jpg\" alt=\"Sa Pobla Jazz Collective (31 Mallorca Jazz Sa Pobla 2025. Sa Pobla. Mallorca. 2025-08-11) Por Jos\u00e9 Luis Luna Rocafort [INSTANTZZ AKA Galer\u00eda fotogr\u00e1fica AKA Fotoblog de jazz, impro\u2026 y algo m\u00e1s] - Tomajazz - Sa Pobla Jazz Collective actu\u00f3 en el 31 Mallorca Jazz Sa Pobla 2025 el 11 de agosto de 2025. Jos\u00e9 Luis Luna Rocafort retrata el concierto en INSTANTZZ\" width=\"600\" height=\"400\" srcset=\"https:\/\/tomajazz.com\/web\/wp-content\/uploads\/2025\/11\/004-9.jpg 600w, https:\/\/tomajazz.com\/web\/wp-content\/uploads\/2025\/11\/004-9-300x200.jpg 300w, https:\/\/tomajazz.com\/web\/wp-content\/uploads\/2025\/11\/004-9-465x310.jpg 465w\" sizes=\"auto, (max-width: 600px) 100vw, 600px\" \/><\/p>\n<p><img loading=\"lazy\" decoding=\"async\" class=\"aligncenter size-large wp-image-101762\" title=\"Sa Pobla Jazz Collective (31 Mallorca Jazz Sa Pobla 2025. Sa Pobla. Mallorca. 2025-08-11) Por Jos\u00e9 Luis Luna Rocafort [INSTANTZZ AKA Galer\u00eda fotogr\u00e1fica AKA Fotoblog de jazz, impro\u2026 y algo m\u00e1s] Tomajazz 005\" src=\"https:\/\/tomajazz.com\/web\/wp-content\/uploads\/2025\/11\/005-9.jpg\" alt=\"Sa Pobla Jazz Collective (31 Mallorca Jazz Sa Pobla 2025. Sa Pobla. Mallorca. 2025-08-11) Por Jos\u00e9 Luis Luna Rocafort [INSTANTZZ AKA Galer\u00eda fotogr\u00e1fica AKA Fotoblog de jazz, impro\u2026 y algo m\u00e1s] - Tomajazz - Sa Pobla Jazz Collective actu\u00f3 en el 31 Mallorca Jazz Sa Pobla 2025 el 11 de agosto de 2025. Jos\u00e9 Luis Luna Rocafort retrata el concierto en INSTANTZZ\" width=\"600\" height=\"400\" srcset=\"https:\/\/tomajazz.com\/web\/wp-content\/uploads\/2025\/11\/005-9.jpg 600w, https:\/\/tomajazz.com\/web\/wp-content\/uploads\/2025\/11\/005-9-300x200.jpg 300w, https:\/\/tomajazz.com\/web\/wp-content\/uploads\/2025\/11\/005-9-465x310.jpg 465w\" sizes=\"auto, (max-width: 600px) 100vw, 600px\" \/><\/p>\n<p><img loading=\"lazy\" decoding=\"async\" class=\"aligncenter size-large wp-image-101763\" title=\"Sa Pobla Jazz Collective (31 Mallorca Jazz Sa Pobla 2025. Sa Pobla. Mallorca. 2025-08-11) Por Jos\u00e9 Luis Luna Rocafort [INSTANTZZ AKA Galer\u00eda fotogr\u00e1fica AKA Fotoblog de jazz, impro\u2026 y algo m\u00e1s] Tomajazz 006\" src=\"https:\/\/tomajazz.com\/web\/wp-content\/uploads\/2025\/11\/006-9.jpg\" alt=\"Sa Pobla Jazz Collective (31 Mallorca Jazz Sa Pobla 2025. Sa Pobla. Mallorca. 2025-08-11) Por Jos\u00e9 Luis Luna Rocafort [INSTANTZZ AKA Galer\u00eda fotogr\u00e1fica AKA Fotoblog de jazz, impro\u2026 y algo m\u00e1s] - Tomajazz - Sa Pobla Jazz Collective actu\u00f3 en el 31 Mallorca Jazz Sa Pobla 2025 el 11 de agosto de 2025. Jos\u00e9 Luis Luna Rocafort retrata el concierto en INSTANTZZ\" width=\"600\" height=\"400\" srcset=\"https:\/\/tomajazz.com\/web\/wp-content\/uploads\/2025\/11\/006-9.jpg 600w, https:\/\/tomajazz.com\/web\/wp-content\/uploads\/2025\/11\/006-9-300x200.jpg 300w, https:\/\/tomajazz.com\/web\/wp-content\/uploads\/2025\/11\/006-9-465x310.jpg 465w\" sizes=\"auto, (max-width: 600px) 100vw, 600px\" \/><\/p>\n<p><img loading=\"lazy\" decoding=\"async\" class=\"aligncenter size-large wp-image-101764\" title=\"Sa Pobla Jazz Collective (31 Mallorca Jazz Sa Pobla 2025. Sa Pobla. Mallorca. 2025-08-11) Por Jos\u00e9 Luis Luna Rocafort [INSTANTZZ AKA Galer\u00eda fotogr\u00e1fica AKA Fotoblog de jazz, impro\u2026 y algo m\u00e1s] Tomajazz 007\" src=\"https:\/\/tomajazz.com\/web\/wp-content\/uploads\/2025\/11\/007-9.jpg\" alt=\"Sa Pobla Jazz Collective (31 Mallorca Jazz Sa Pobla 2025. Sa Pobla. Mallorca. 2025-08-11) Por Jos\u00e9 Luis Luna Rocafort [INSTANTZZ AKA Galer\u00eda fotogr\u00e1fica AKA Fotoblog de jazz, impro\u2026 y algo m\u00e1s] - Tomajazz - Sa Pobla Jazz Collective actu\u00f3 en el 31 Mallorca Jazz Sa Pobla 2025 el 11 de agosto de 2025. Jos\u00e9 Luis Luna Rocafort retrata el concierto en INSTANTZZ\" width=\"600\" height=\"400\" srcset=\"https:\/\/tomajazz.com\/web\/wp-content\/uploads\/2025\/11\/007-9.jpg 600w, https:\/\/tomajazz.com\/web\/wp-content\/uploads\/2025\/11\/007-9-300x200.jpg 300w, https:\/\/tomajazz.com\/web\/wp-content\/uploads\/2025\/11\/007-9-465x310.jpg 465w\" sizes=\"auto, (max-width: 600px) 100vw, 600px\" \/><\/p>\n<p><img loading=\"lazy\" decoding=\"async\" class=\"aligncenter size-large wp-image-101765\" title=\"Sa Pobla Jazz Collective (31 Mallorca Jazz Sa Pobla 2025. Sa Pobla. Mallorca. 2025-08-11) Por Jos\u00e9 Luis Luna Rocafort [INSTANTZZ AKA Galer\u00eda fotogr\u00e1fica AKA Fotoblog de jazz, impro\u2026 y algo m\u00e1s] Tomajazz 008\" src=\"https:\/\/tomajazz.com\/web\/wp-content\/uploads\/2025\/11\/008-9.jpg\" alt=\"Sa Pobla Jazz Collective (31 Mallorca Jazz Sa Pobla 2025. Sa Pobla. Mallorca. 2025-08-11) Por Jos\u00e9 Luis Luna Rocafort [INSTANTZZ AKA Galer\u00eda fotogr\u00e1fica AKA Fotoblog de jazz, impro\u2026 y algo m\u00e1s] - Tomajazz - Sa Pobla Jazz Collective actu\u00f3 en el 31 Mallorca Jazz Sa Pobla 2025 el 11 de agosto de 2025. Jos\u00e9 Luis Luna Rocafort retrata el concierto en INSTANTZZ\" width=\"600\" height=\"400\" srcset=\"https:\/\/tomajazz.com\/web\/wp-content\/uploads\/2025\/11\/008-9.jpg 600w, https:\/\/tomajazz.com\/web\/wp-content\/uploads\/2025\/11\/008-9-300x200.jpg 300w, https:\/\/tomajazz.com\/web\/wp-content\/uploads\/2025\/11\/008-9-465x310.jpg 465w\" sizes=\"auto, (max-width: 600px) 100vw, 600px\" \/><\/p>\n<p><img loading=\"lazy\" decoding=\"async\" class=\"aligncenter size-large wp-image-101766\" title=\"Sa Pobla Jazz Collective (31 Mallorca Jazz Sa Pobla 2025. Sa Pobla. Mallorca. 2025-08-11) Por Jos\u00e9 Luis Luna Rocafort [INSTANTZZ AKA Galer\u00eda fotogr\u00e1fica AKA Fotoblog de jazz, impro\u2026 y algo m\u00e1s] Tomajazz 009\" src=\"https:\/\/tomajazz.com\/web\/wp-content\/uploads\/2025\/11\/009-9.jpg\" alt=\"Sa Pobla Jazz Collective (31 Mallorca Jazz Sa Pobla 2025. Sa Pobla. Mallorca. 2025-08-11) Por Jos\u00e9 Luis Luna Rocafort [INSTANTZZ AKA Galer\u00eda fotogr\u00e1fica AKA Fotoblog de jazz, impro\u2026 y algo m\u00e1s] - Tomajazz - Sa Pobla Jazz Collective actu\u00f3 en el 31 Mallorca Jazz Sa Pobla 2025 el 11 de agosto de 2025. Jos\u00e9 Luis Luna Rocafort retrata el concierto en INSTANTZZ\" width=\"600\" height=\"400\" srcset=\"https:\/\/tomajazz.com\/web\/wp-content\/uploads\/2025\/11\/009-9.jpg 600w, https:\/\/tomajazz.com\/web\/wp-content\/uploads\/2025\/11\/009-9-300x200.jpg 300w, https:\/\/tomajazz.com\/web\/wp-content\/uploads\/2025\/11\/009-9-465x310.jpg 465w\" sizes=\"auto, (max-width: 600px) 100vw, 600px\" \/><\/p>\n<p><img loading=\"lazy\" decoding=\"async\" class=\"aligncenter size-large wp-image-101767\" title=\"Sa Pobla Jazz Collective (31 Mallorca Jazz Sa Pobla 2025. Sa Pobla. Mallorca. 2025-08-11) Por Jos\u00e9 Luis Luna Rocafort [INSTANTZZ AKA Galer\u00eda fotogr\u00e1fica AKA Fotoblog de jazz, impro\u2026 y algo m\u00e1s] Tomajazz 010\" src=\"https:\/\/tomajazz.com\/web\/wp-content\/uploads\/2025\/11\/010-9.jpg\" alt=\"Sa Pobla Jazz Collective (31 Mallorca Jazz Sa Pobla 2025. Sa Pobla. Mallorca. 2025-08-11) Por Jos\u00e9 Luis Luna Rocafort [INSTANTZZ AKA Galer\u00eda fotogr\u00e1fica AKA Fotoblog de jazz, impro\u2026 y algo m\u00e1s] - Tomajazz - Sa Pobla Jazz Collective actu\u00f3 en el 31 Mallorca Jazz Sa Pobla 2025 el 11 de agosto de 2025. Jos\u00e9 Luis Luna Rocafort retrata el concierto en INSTANTZZ\" width=\"600\" height=\"400\" srcset=\"https:\/\/tomajazz.com\/web\/wp-content\/uploads\/2025\/11\/010-9.jpg 600w, https:\/\/tomajazz.com\/web\/wp-content\/uploads\/2025\/11\/010-9-300x200.jpg 300w, https:\/\/tomajazz.com\/web\/wp-content\/uploads\/2025\/11\/010-9-465x310.jpg 465w\" sizes=\"auto, (max-width: 600px) 100vw, 600px\" \/><\/p>\n<p><img loading=\"lazy\" decoding=\"async\" class=\"aligncenter size-large wp-image-101768\" title=\"Sa Pobla Jazz Collective (31 Mallorca Jazz Sa Pobla 2025. Sa Pobla. Mallorca. 2025-08-11) Por Jos\u00e9 Luis Luna Rocafort [INSTANTZZ AKA Galer\u00eda fotogr\u00e1fica AKA Fotoblog de jazz, impro\u2026 y algo m\u00e1s] Tomajazz 011\" src=\"https:\/\/tomajazz.com\/web\/wp-content\/uploads\/2025\/11\/011-9.jpg\" alt=\"Sa Pobla Jazz Collective (31 Mallorca Jazz Sa Pobla 2025. Sa Pobla. Mallorca. 2025-08-11) Por Jos\u00e9 Luis Luna Rocafort [INSTANTZZ AKA Galer\u00eda fotogr\u00e1fica AKA Fotoblog de jazz, impro\u2026 y algo m\u00e1s] - Tomajazz - Sa Pobla Jazz Collective actu\u00f3 en el 31 Mallorca Jazz Sa Pobla 2025 el 11 de agosto de 2025. Jos\u00e9 Luis Luna Rocafort retrata el concierto en INSTANTZZ\" width=\"600\" height=\"400\" srcset=\"https:\/\/tomajazz.com\/web\/wp-content\/uploads\/2025\/11\/011-9.jpg 600w, https:\/\/tomajazz.com\/web\/wp-content\/uploads\/2025\/11\/011-9-300x200.jpg 300w, https:\/\/tomajazz.com\/web\/wp-content\/uploads\/2025\/11\/011-9-465x310.jpg 465w\" sizes=\"auto, (max-width: 600px) 100vw, 600px\" \/><\/p>\n<p><img loading=\"lazy\" decoding=\"async\" class=\"aligncenter size-large wp-image-101769\" title=\"Sa Pobla Jazz Collective (31 Mallorca Jazz Sa Pobla 2025. Sa Pobla. Mallorca. 2025-08-11) Por Jos\u00e9 Luis Luna Rocafort [INSTANTZZ AKA Galer\u00eda fotogr\u00e1fica AKA Fotoblog de jazz, impro\u2026 y algo m\u00e1s] Tomajazz 012\" src=\"https:\/\/tomajazz.com\/web\/wp-content\/uploads\/2025\/11\/012-9.jpg\" alt=\"Sa Pobla Jazz Collective (31 Mallorca Jazz Sa Pobla 2025. Sa Pobla. Mallorca. 2025-08-11) Por Jos\u00e9 Luis Luna Rocafort [INSTANTZZ AKA Galer\u00eda fotogr\u00e1fica AKA Fotoblog de jazz, impro\u2026 y algo m\u00e1s] - Tomajazz - Sa Pobla Jazz Collective actu\u00f3 en el 31 Mallorca Jazz Sa Pobla 2025 el 11 de agosto de 2025. Jos\u00e9 Luis Luna Rocafort retrata el concierto en INSTANTZZ\" width=\"600\" height=\"400\" srcset=\"https:\/\/tomajazz.com\/web\/wp-content\/uploads\/2025\/11\/012-9.jpg 600w, https:\/\/tomajazz.com\/web\/wp-content\/uploads\/2025\/11\/012-9-300x200.jpg 300w, https:\/\/tomajazz.com\/web\/wp-content\/uploads\/2025\/11\/012-9-465x310.jpg 465w\" sizes=\"auto, (max-width: 600px) 100vw, 600px\" \/><\/p>\n<p><img loading=\"lazy\" decoding=\"async\" class=\"aligncenter size-large wp-image-101770\" title=\"Sa Pobla Jazz Collective (31 Mallorca Jazz Sa Pobla 2025. Sa Pobla. Mallorca. 2025-08-11) Por Jos\u00e9 Luis Luna Rocafort [INSTANTZZ AKA Galer\u00eda fotogr\u00e1fica AKA Fotoblog de jazz, impro\u2026 y algo m\u00e1s] Tomajazz 013\" src=\"https:\/\/tomajazz.com\/web\/wp-content\/uploads\/2025\/11\/013-9.jpg\" alt=\"Sa Pobla Jazz Collective (31 Mallorca Jazz Sa Pobla 2025. Sa Pobla. Mallorca. 2025-08-11) Por Jos\u00e9 Luis Luna Rocafort [INSTANTZZ AKA Galer\u00eda fotogr\u00e1fica AKA Fotoblog de jazz, impro\u2026 y algo m\u00e1s] - Tomajazz - Sa Pobla Jazz Collective actu\u00f3 en el 31 Mallorca Jazz Sa Pobla 2025 el 11 de agosto de 2025. Jos\u00e9 Luis Luna Rocafort retrata el concierto en INSTANTZZ\" width=\"600\" height=\"400\" srcset=\"https:\/\/tomajazz.com\/web\/wp-content\/uploads\/2025\/11\/013-9.jpg 600w, https:\/\/tomajazz.com\/web\/wp-content\/uploads\/2025\/11\/013-9-300x200.jpg 300w, https:\/\/tomajazz.com\/web\/wp-content\/uploads\/2025\/11\/013-9-465x310.jpg 465w\" sizes=\"auto, (max-width: 600px) 100vw, 600px\" \/><\/p>\n<p><img loading=\"lazy\" decoding=\"async\" class=\"aligncenter size-large wp-image-101771\" title=\"Sa Pobla Jazz Collective (31 Mallorca Jazz Sa Pobla 2025. Sa Pobla. Mallorca. 2025-08-11) Por Jos\u00e9 Luis Luna Rocafort [INSTANTZZ AKA Galer\u00eda fotogr\u00e1fica AKA Fotoblog de jazz, impro\u2026 y algo m\u00e1s] Tomajazz 014\" src=\"https:\/\/tomajazz.com\/web\/wp-content\/uploads\/2025\/11\/014-9.jpg\" alt=\"Sa Pobla Jazz Collective (31 Mallorca Jazz Sa Pobla 2025. Sa Pobla. Mallorca. 2025-08-11) Por Jos\u00e9 Luis Luna Rocafort [INSTANTZZ AKA Galer\u00eda fotogr\u00e1fica AKA Fotoblog de jazz, impro\u2026 y algo m\u00e1s] - Tomajazz - Sa Pobla Jazz Collective actu\u00f3 en el 31 Mallorca Jazz Sa Pobla 2025 el 11 de agosto de 2025. Jos\u00e9 Luis Luna Rocafort retrata el concierto en INSTANTZZ\" width=\"600\" height=\"400\" srcset=\"https:\/\/tomajazz.com\/web\/wp-content\/uploads\/2025\/11\/014-9.jpg 600w, https:\/\/tomajazz.com\/web\/wp-content\/uploads\/2025\/11\/014-9-300x200.jpg 300w, https:\/\/tomajazz.com\/web\/wp-content\/uploads\/2025\/11\/014-9-465x310.jpg 465w\" sizes=\"auto, (max-width: 600px) 100vw, 600px\" \/><\/p>\n<p style=\"text-align: right;\">Tomajazz:\u00a0\u00a9\u00a0<strong><a href=\"https:\/\/www.facebook.com\/joseluis.lunarocafort\" target=\"_blank\" rel=\"noopener\">Jos\u00e9 Luis Luna Rocafort<\/a><\/strong>, 2025<\/p>\n<h3>M\u00e1s informaci\u00f3n de Sa Pobla Jazz Collective y 31 Mallorca Jazz Sa Pobla 2025<\/h3>\n<p><a href=\"https:\/\/mallorcajazzsapobla.com\/es\/artista\/sa-pobla-jazz-collective-es\/\" target=\"_blank\" rel=\"noopener\">https:\/\/mallorcajazzsapobla.com\/es\/artista\/sa-pobla-jazz-collective-es\/<\/a><\/p>\n<p><a href=\"https:\/\/tomajazz.com\/web\/?s=sa+pobla+jazz+collective&amp;submit=Search\" target=\"_blank\" rel=\"noopener\">https:\/\/tomajazz.com\/web\/?s=sa+pobla+jazz+collective&amp;submit=Search<\/a><\/p>\n<p><a href=\"https:\/\/mallorcajazzsapobla.com\/\" target=\"_blank\" rel=\"noopener\">https:\/\/mallorcajazzsapobla.com\/<\/a><\/p>\n<p><a href=\"https:\/\/tomajazz.com\/web\/?s=mallorca+jazz+sa+pobla&amp;submit=Search\" target=\"_blank\" rel=\"noopener\">https:\/\/tomajazz.com\/web\/?s=mallorca+jazz+sa+pobla&amp;submit=Search<\/a><\/p>\n<h3>Jos\u00e9 Luis Luna Rocafort en Tomajazz<\/h3>\n<p><a href=\"https:\/\/tomajazz.com\/web\/?cat=17846\" target=\"_blank\" rel=\"noopener\">https:\/\/tomajazz.com\/web\/?cat=17846<\/a><\/p>\n<p><a href=\"https:\/\/tomajazz.com\/web\/category\/jose-luis-luna-rocafort\/\" target=\"_blank\" rel=\"noopener\">https:\/\/tomajazz.com\/web\/category\/jose-luis-luna-rocafort\/<\/a><\/p>\n","protected":false},"excerpt":{"rendered":"<p>Sa Pobla Jazz Collective actu\u00f3 en el 31 Mallorca Jazz Sa Pobla 2025 el 11 de agosto de 2025. Jos\u00e9 Luis Luna Rocafort retrata el concierto en INSTANTZZ<span class=\"more-link\"><a href=\"https:\/\/tomajazz.com\/web\/sa-pobla-jazz-collective-sa-pobla-2025\/\">Contin\u00faa leyendo<\/a><\/span><\/p>\n","protected":false},"author":1,"featured_media":101771,"comment_status":"open","ping_status":"closed","sticky":false,"template":"","format":"standard","meta":{"jetpack_post_was_ever_published":false,"_jetpack_newsletter_access":"","_jetpack_dont_email_post_to_subs":false,"_jetpack_newsletter_tier_id":0,"_jetpack_memberships_contains_paywalled_content":false,"_jetpack_memberships_contains_paid_content":false,"footnotes":""},"categories":[11261,17846,11262,15516,1038],"tags":[28105,32904,32909,32900,32903,25479,31787,32906,10088,29892,21731,32902,24292,19264,27299,23199,11545,32910,32907,32905,32908,1044,32901],"class_list":["entry","author-pachi","has-excerpt","post-101757","post","type-post","status-publish","format-standard","has-post-thumbnail","category-instantzz","category-jose-luis-luna-rocafort","category-photoblogs","category-imagenes","category-contenidos","tag-aina-tramullas","tag-andreu-roig","tag-antonia-santandreu","tag-caterina-obrador","tag-ferran","tag-goran-levi","tag-jaume-burguera","tag-joan-reynes","tag-jose-luis-luna-rocafort","tag-lleonart-martinez","tag-maria-antonia-gili","tag-maria-miquela-santandreu","tag-miquel-bennassar","tag-miquel-gaya","tag-miquel-ramon","tag-pablo-frias","tag-pep-garau","tag-sa-pobla-jazz-collective","tag-silvia-reixach","tag-tomeu-vidal","tag-toni-bennassar","tag-toni-vaquer","tag-zimu-kian"],"jetpack_featured_media_url":"https:\/\/tomajazz.com\/web\/wp-content\/uploads\/2025\/11\/014-9.jpg","jetpack_likes_enabled":true,"jetpack_sharing_enabled":true,"jetpack-related-posts":[{"id":103245,"url":"https:\/\/tomajazz.com\/web\/voodoo-children-collective-alternatilla-2025\/","url_meta":{"origin":101757,"position":0},"title":"VooDoo Children Collective (9\u00ba Alternatilla Jazz Festival 2025. Auditori de Porreres. Mallorca. 2025-12-06) Por Jos\u00e9 Luis Luna Rocafort [INSTANTZZ AKA Galer\u00eda fotogr\u00e1fica AKA Fotoblog de jazz, impro\u2026 y algo m\u00e1s]","author":"Tomajazz","date":"9 enero, 2026","format":false,"excerpt":"VooDoo Children Collective actu\u00f3 en el 9\u00ba Alternatilla Jazz Festival 2025 en el Auditori de Porreres, Mallorca, el 6 de diciembre de 2025. Jos\u00e9 Luis Luna Rocafort lo retrata en INSTANTZZ. Actuaron Toni Vaquer, Diego Hervalejo, Camil Alcarazo, Joan Garcias, Ferran Mart\u00ednez, Aina Tramullas, Ant\u00f2nia Santandreu, Carlos Cort\u00e9s, Andreu Pitarch,\u2026","rel":"","context":"En \u00ab9\u00ba Alternatilla Jazz Festival 2025\u00bb","block_context":{"text":"9\u00ba Alternatilla Jazz Festival 2025","link":"https:\/\/tomajazz.com\/web\/category\/contenidos\/especial-contenidos\/9o-alternatilla-jazz-festival-2025\/"},"img":{"alt_text":"VooDoo Children Collective (9\u00ba Alternatilla Jazz Festival 2025. Auditori de Porreres. Mallorca. 2025-12-06) Por Jos\u00e9 Luis Luna Rocafort [INSTANTZZ AKA Galer\u00eda fotogr\u00e1fica AKA Fotoblog de jazz, impro\u2026 y algo m\u00e1s] - Tomajazz - VooDoo Children Collective actu\u00f3 en el 9\u00ba Alternatilla Jazz Festival 2025 en el Auditori de Porreres, Mallorca, el 6 de diciembre de 2025. Jos\u00e9 Luis Luna Rocafort lo retrata en INSTANTZZ. Actuaron Toni Vaquer, Diego Hervalejo, Camil Alcarazo, Joan Garcias, Ferran Mart\u00ednez, Aina Tramullas, Ant\u00f2nia Santandreu, Carlos Cort\u00e9s, Andreu Pitarch, Enric Fuster, Julian S\u00e1nchez, Maria Ant\u00f2nia Gili, Pep Garau, V\u00edctor Carrascosa, Andreu Roig, Miguel Mois\u00e9s, Miquel Gay\u00e0, Tomeu Garcias, Miquel \u00c0ngel Rigo, Miguel \"Pintxo\" Villar, Roque Garc\u00eda, Tete Leal, Xavi Maldonado, Anggie Obin, Fernando Brox, Caterina Obrador, Ana Rodrigo, Joan Rotger, Roser Juli\u00e0, Shanti Easton, Sin\u00e9ad Cormican, Aina Mateu, Clementina Boeykens, Carmela Font, Maci\u00e0 Cerd\u00e0, Miquel Bennasar","src":"https:\/\/i0.wp.com\/tomajazz.com\/web\/wp-content\/uploads\/2026\/01\/014-1.jpg?resize=350%2C200&ssl=1","width":350,"height":200,"srcset":"https:\/\/i0.wp.com\/tomajazz.com\/web\/wp-content\/uploads\/2026\/01\/014-1.jpg?resize=350%2C200&ssl=1 1x, https:\/\/i0.wp.com\/tomajazz.com\/web\/wp-content\/uploads\/2026\/01\/014-1.jpg?resize=525%2C300&ssl=1 1.5x"},"classes":[]},{"id":103295,"url":"https:\/\/tomajazz.com\/web\/alternatilla-jazzband-version-25-3-2025\/","url_meta":{"origin":101757,"position":1},"title":"Alternatilla JazzBand versi\u00f3n 25.3 (9\u00ba Alternatilla Jazz Festival 2025. Patio de Sa Congregaci\u00f3. Sa Pobla. 2025-12-07) Por Jos\u00e9 Luis Luna Rocafort [INSTANTZZ AKA Galer\u00eda fotogr\u00e1fica AKA Fotoblog de jazz, impro\u2026 y algo m\u00e1s]","author":"Tomajazz","date":"12 enero, 2026","format":false,"excerpt":"Alternatilla JazzBand versi\u00f3n 25.3 actu\u00f3 en el 9\u00ba Alternatilla Jazz Festival en el Patio de Sa Congregaci\u00f3 en Sa Pobla, el 7 de diciembre de 2025. Jos\u00e9 Luis Luna Rocafort lo retrata en INSTANTZZ. Participaron Fernando Brox, Marko Lohikari, Pierre Bauzerand, Sin\u00e9ad Cormican","rel":"","context":"En \u00ab9\u00ba Alternatilla Jazz Festival 2025\u00bb","block_context":{"text":"9\u00ba Alternatilla Jazz Festival 2025","link":"https:\/\/tomajazz.com\/web\/category\/contenidos\/especial-contenidos\/9o-alternatilla-jazz-festival-2025\/"},"img":{"alt_text":"Alternatilla JazzBand versi\u00f3n 25.3 (9\u00ba Alternatilla Jazz Festival 2025.Patio de Sa Congregaci\u00f3. Sa Pobla. 2025-12-07) Por Jos\u00e9 Luis Luna Rocafort [INSTANTZZ AKA Galer\u00eda fotogr\u00e1fica AKA Fotoblog de jazz, impro\u2026 y algo m\u00e1s] - Tomajazz - Alternatilla JazzBand versi\u00f3n 25.3 actu\u00f3 en el 9\u00ba Alternatilla Jazz Festival en el Patio de Sa Congregaci\u00f3 en Sa Pobla, el 7 de diciembre de 2025. Jos\u00e9 Luis Luna Rocafort lo retrata en INSTANTZZ. Participaron Fernando Brox, Marko Lohikari, Pierre Bauzerand, Sin\u00e9ad Cormican","src":"https:\/\/i0.wp.com\/tomajazz.com\/web\/wp-content\/uploads\/2026\/01\/017-2.jpg?resize=350%2C200&ssl=1","width":350,"height":200,"srcset":"https:\/\/i0.wp.com\/tomajazz.com\/web\/wp-content\/uploads\/2026\/01\/017-2.jpg?resize=350%2C200&ssl=1 1x, https:\/\/i0.wp.com\/tomajazz.com\/web\/wp-content\/uploads\/2026\/01\/017-2.jpg?resize=525%2C300&ssl=1 1.5x"},"classes":[]},{"id":38355,"url":"https:\/\/tomajazz.com\/web\/instantzz-mallorca-jazz-collective-24a-edicion-mallorca-jazz-sa-pobla-mallorca-2018-08-09-galeria-fotografica\/","url_meta":{"origin":101757,"position":2},"title":"INSTANTZZ: Mallorca Jazz Collective (24\u00aa edici\u00f3n Mallorca Jazz Sa Pobla. Mallorca. 2018-08-09) [Galer\u00eda fotogr\u00e1fica]","author":"Tomajazz","date":"29 agosto, 2018","format":false,"excerpt":"Por\u00a0Jos\u00e9 Luis Luna Rocafort. 24\u00ba edici\u00f3n Mallorca Jazz Sa Pobla Fecha: Lunes, 13 de agosto de 2018. 22:30 Lugar: Pla\u00e7a Major. Sa Pobla (Mallorca) Grupo: Mallorca Jazz Collective Toni Vaquer: direcci\u00f3n y arreglos Pep Garau, Juli\u00e0 Abad, Maria Ant\u00f2nia Gili, Natsuko Sugao, Tomeu Estelrich, F\u00e9lix Rossy: trompeta Tomeu Garc\u00edas, Miquel\u2026","rel":"","context":"En \u00ab*_Jos\u00e9 Luis Luna Rocafort\u00bb","block_context":{"text":"*_Jos\u00e9 Luis Luna Rocafort","link":"https:\/\/tomajazz.com\/web\/category\/jose-luis-luna-rocafort\/"},"img":{"alt_text":"","src":"https:\/\/i0.wp.com\/tomajazz.com\/web\/wp-content\/uploads\/2018\/08\/000.jpg?resize=350%2C200&ssl=1","width":350,"height":200,"srcset":"https:\/\/i0.wp.com\/tomajazz.com\/web\/wp-content\/uploads\/2018\/08\/000.jpg?resize=350%2C200&ssl=1 1x, https:\/\/i0.wp.com\/tomajazz.com\/web\/wp-content\/uploads\/2018\/08\/000.jpg?resize=525%2C300&ssl=1 1.5x"},"classes":[]},{"id":103037,"url":"https:\/\/tomajazz.com\/web\/leila-duclos-quartet-alternatilla-2025\/","url_meta":{"origin":101757,"position":3},"title":"Le\u00efla Duclos Quartet (9\u00ba Alternatilla Jazz Festival 2025. Teatre Sa Teulera, Andratx, Mallorca. 2025-11-30) Por Jos\u00e9 Luis Luna Rocafort [INSTANTZZ AKA Galer\u00eda fotogr\u00e1fica AKA Fotoblog de jazz, impro\u2026 y algo m\u00e1s]","author":"Tomajazz","date":"29 diciembre, 2025","format":false,"excerpt":"Le\u00efla Duclos Quartet actu\u00f3 en el 9\u00ba Alternatilla Jazz Festival 2025 en Andratx, Mallorca, el 30 de noviembre de 2025. Jos\u00e9 Luis Luna Rocafort lo retrata en INSTANTZZ. Actuaron Le\u00efla Duclos, Leandro Aconcha, Gilles Coquard, Jean-Marc Robin","rel":"","context":"En \u00ab9\u00ba Alternatilla Jazz Festival 2025\u00bb","block_context":{"text":"9\u00ba Alternatilla Jazz Festival 2025","link":"https:\/\/tomajazz.com\/web\/category\/contenidos\/especial-contenidos\/9o-alternatilla-jazz-festival-2025\/"},"img":{"alt_text":"Le\u00efla Duclos Quartet (9\u00ba Alternatilla Jazz Festival 2025. Teatre Sa Teulera, Andratx, Mallorca. 2025-11-30) Por Jos\u00e9 Luis Luna Rocafort [INSTANTZZ AKA Galer\u00eda fotogr\u00e1fica AKA Fotoblog de jazz, impro\u2026 y algo m\u00e1s] - Tomajazz - Le\u00efla Duclos Quartet actu\u00f3 en el 9\u00ba Alternatilla Jazz Festival 2025 en Andratx, Mallorca, el 30 de noviembre de 2025. Jos\u00e9 Luis Luna Rocafort lo retrata en INSTANTZZ. Actuaron Le\u00efla Duclos, Leandro Aconcha, Gilles Coquard, Jean-Marc Robin","src":"https:\/\/i0.wp.com\/tomajazz.com\/web\/wp-content\/uploads\/2025\/12\/005-11.jpg?resize=350%2C200&ssl=1","width":350,"height":200,"srcset":"https:\/\/i0.wp.com\/tomajazz.com\/web\/wp-content\/uploads\/2025\/12\/005-11.jpg?resize=350%2C200&ssl=1 1x, https:\/\/i0.wp.com\/tomajazz.com\/web\/wp-content\/uploads\/2025\/12\/005-11.jpg?resize=525%2C300&ssl=1 1.5x"},"classes":[]},{"id":102647,"url":"https:\/\/tomajazz.com\/web\/joachim-govin-quartet-alternatilla-2025\/","url_meta":{"origin":101757,"position":4},"title":"Joachim Govin Quartet (9\u00ba Alternatilla Jazz Festival 2025. Casa des Poble, Esporles, Mallorca. 2025-11-22) Por Jos\u00e9 Luis Luna Rocafort [INSTANTZZ AKA Galer\u00eda fotogr\u00e1fica AKA Fotoblog de jazz, impro\u2026 y algo m\u00e1s]","author":"Tomajazz","date":"8 diciembre, 2025","format":false,"excerpt":"Joachim Govin Quartet actu\u00f3 en el 9\u00ba Alternatilla Jazz Festival 2025 en Esporles, Mallorca, el 22 de noviembre de 2025. Jos\u00e9 Luis Luna Rocafort lo retrata en INSTANTZZ. Actuaron Joachim Govin, Ben Van Gelder, Tony Tixier, Gautier Garrigue","rel":"","context":"En \u00ab*_Jos\u00e9 Luis Luna Rocafort\u00bb","block_context":{"text":"*_Jos\u00e9 Luis Luna Rocafort","link":"https:\/\/tomajazz.com\/web\/category\/jose-luis-luna-rocafort\/"},"img":{"alt_text":"Joachim Govin Quartet (9\u00ba Alternatilla Jazz Festival 2025. Casa des Pobla, Esporles, Mallorca. 2025-11-22) Por Jos\u00e9 Luis Luna Rocafort [INSTANTZZ AKA Galer\u00eda fotogr\u00e1fica AKA Fotoblog de jazz, impro\u2026 y algo m\u00e1s] - Tomajazz - Joachim Govin Quartet actu\u00f3 en el 9\u00ba Alternatilla Jazz Festival 2025 en Esporles, Mallorca, el 22 de noviembre de 2025. Jos\u00e9 Luis Luna Rocafort lo retrata en INSTANTZZ. Actuaron Joachim Govin, Ben Van Galder, Tony Tixier, Gautier Garrigue","src":"https:\/\/i0.wp.com\/tomajazz.com\/web\/wp-content\/uploads\/2025\/12\/006-4.jpg?resize=350%2C200&ssl=1","width":350,"height":200,"srcset":"https:\/\/i0.wp.com\/tomajazz.com\/web\/wp-content\/uploads\/2025\/12\/006-4.jpg?resize=350%2C200&ssl=1 1x, https:\/\/i0.wp.com\/tomajazz.com\/web\/wp-content\/uploads\/2025\/12\/006-4.jpg?resize=525%2C300&ssl=1 1.5x"},"classes":[]},{"id":78355,"url":"https:\/\/tomajazz.com\/web\/gillespie-big-band-mallorca-jazz-sa-pobla-2023\/","url_meta":{"origin":101757,"position":5},"title":"Gillespie Big Band [Especial 29 Mallorca Jazz Sa Pobla 2023 III] (Parc Can Cirera Prim. Sa Pobla, Mallorca. 2023-08-07) Por Jos\u00e9 Luis Luna Rocafort [INSTANTZZ AKA Galer\u00eda fotogr\u00e1fica AKA Fotoblog de jazz, impro\u2026 y algo m\u00e1s]","author":"Tomajazz","date":"15 septiembre, 2023","format":false,"excerpt":"Gillespie Big Band actu\u00f3 en el 29 Mallorca Jazz Sa Pobla 2023 el 7 de agosto de 2023. Jos\u00e9 Luis Luna Rocafort retrata el concierto en INSTANTZZ.","rel":"","context":"En \u00abEspecial 29 Mallorca Jazz Sa Pobla 2023\u00bb","block_context":{"text":"Especial 29 Mallorca Jazz Sa Pobla 2023","link":"https:\/\/tomajazz.com\/web\/category\/contenidos\/especial-contenidos\/especial-29-mallorca-jazz-sa-pobla-2023\/"},"img":{"alt_text":"Gillespie Big Band [Especial 29 Mallorca Jazz Sa Pobla 2023 III] (Parc Can Cirera Prim. Sa Pobla, Mallorca. 2023-08-07) Por Jos\u00e9 Luis Luna Rocafort [INSTANTZZ AKA Galer\u00eda fotogr\u00e1fica AKA Fotoblog de jazz, impro\u2026 y algo m\u00e1s] - Tomajazz 9.0 - Gillespie Big Band actu\u00f3 en el 29 Mallorca Jazz Sa Pobla 2023 el 7 de agosto de 2023. Jos\u00e9 Luis Luna Rocafort retrata el concierto en INSTANTZZ.","src":"https:\/\/i0.wp.com\/tomajazz.com\/web\/wp-content\/uploads\/2023\/09\/001-Gillespie-Big-Band-29-Mallorca-Jazz-Sa-Pobla-2023-Parc-Can-Cirera-Prim-Sa-Pobla-Mallorca-2023-08-07-Por-Jose-Luis-Luna-Rocafort-INSTANTZZ-Tomajazz.jpg?resize=350%2C200&ssl=1","width":350,"height":200,"srcset":"https:\/\/i0.wp.com\/tomajazz.com\/web\/wp-content\/uploads\/2023\/09\/001-Gillespie-Big-Band-29-Mallorca-Jazz-Sa-Pobla-2023-Parc-Can-Cirera-Prim-Sa-Pobla-Mallorca-2023-08-07-Por-Jose-Luis-Luna-Rocafort-INSTANTZZ-Tomajazz.jpg?resize=350%2C200&ssl=1 1x, https:\/\/i0.wp.com\/tomajazz.com\/web\/wp-content\/uploads\/2023\/09\/001-Gillespie-Big-Band-29-Mallorca-Jazz-Sa-Pobla-2023-Parc-Can-Cirera-Prim-Sa-Pobla-Mallorca-2023-08-07-Por-Jose-Luis-Luna-Rocafort-INSTANTZZ-Tomajazz.jpg?resize=525%2C300&ssl=1 1.5x"},"classes":[]}],"_links":{"self":[{"href":"https:\/\/tomajazz.com\/web\/wp-json\/wp\/v2\/posts\/101757","targetHints":{"allow":["GET"]}}],"collection":[{"href":"https:\/\/tomajazz.com\/web\/wp-json\/wp\/v2\/posts"}],"about":[{"href":"https:\/\/tomajazz.com\/web\/wp-json\/wp\/v2\/types\/post"}],"author":[{"embeddable":true,"href":"https:\/\/tomajazz.com\/web\/wp-json\/wp\/v2\/users\/1"}],"replies":[{"embeddable":true,"href":"https:\/\/tomajazz.com\/web\/wp-json\/wp\/v2\/comments?post=101757"}],"version-history":[{"count":1,"href":"https:\/\/tomajazz.com\/web\/wp-json\/wp\/v2\/posts\/101757\/revisions"}],"predecessor-version":[{"id":101772,"href":"https:\/\/tomajazz.com\/web\/wp-json\/wp\/v2\/posts\/101757\/revisions\/101772"}],"wp:featuredmedia":[{"embeddable":true,"href":"https:\/\/tomajazz.com\/web\/wp-json\/wp\/v2\/media\/101771"}],"wp:attachment":[{"href":"https:\/\/tomajazz.com\/web\/wp-json\/wp\/v2\/media?parent=101757"}],"wp:term":[{"taxonomy":"category","embeddable":true,"href":"https:\/\/tomajazz.com\/web\/wp-json\/wp\/v2\/categories?post=101757"},{"taxonomy":"post_tag","embeddable":true,"href":"https:\/\/tomajazz.com\/web\/wp-json\/wp\/v2\/tags?post=101757"}],"curies":[{"name":"wp","href":"https:\/\/api.w.org\/{rel}","templated":true}]}}