{"id":10273,"date":"2014-02-05T11:20:22","date_gmt":"2014-02-05T10:20:22","guid":{"rendered":"http:\/\/www.tomajazz.com\/web\/?p=10273"},"modified":"2016-11-13T21:28:25","modified_gmt":"2016-11-13T20:28:25","slug":"tomajazz-recupera-ramon-lopez-swingin-with-ramon-por-pachi-tapiz","status":"publish","type":"post","link":"https:\/\/tomajazz.com\/web\/tomajazz-recupera-ramon-lopez-swingin-with-ramon-por-pachi-tapiz\/","title":{"rendered":"Tomajazz recupera&#8230; Ram\u00f3n L\u00f3pez: <i>Swingin\u2019 with Ram\u00f3n<\/i>, por Pachi Tapiz"},"content":{"rendered":"<figure id=\"attachment_10249\" aria-describedby=\"caption-attachment-10249\" style=\"width: 300px\" class=\"wp-caption alignleft\"><img loading=\"lazy\" decoding=\"async\" class=\"size-full wp-image-10249\" alt=\"Ram\u00f3n L\u00f3pez \u00a9 Sergio Cabanillas, 2007\" src=\"http:\/\/www.tomajazz.com\/web\/wp-content\/uploads\/2014\/02\/ramon_lopez_9348.jpg\" width=\"300\" height=\"200\" title=\"\" srcset=\"https:\/\/tomajazz.com\/web\/wp-content\/uploads\/2014\/02\/ramon_lopez_9348.jpg 300w, https:\/\/tomajazz.com\/web\/wp-content\/uploads\/2014\/02\/ramon_lopez_9348-150x100.jpg 150w, https:\/\/tomajazz.com\/web\/wp-content\/uploads\/2014\/02\/ramon_lopez_9348-200x133.jpg 200w, https:\/\/tomajazz.com\/web\/wp-content\/uploads\/2014\/02\/ramon_lopez_9348-82x55.jpg 82w, https:\/\/tomajazz.com\/web\/wp-content\/uploads\/2014\/02\/ramon_lopez_9348-60x40.jpg 60w, https:\/\/tomajazz.com\/web\/wp-content\/uploads\/2014\/02\/ramon_lopez_9348-120x80.jpg 120w\" sizes=\"auto, (max-width: 300px) 100vw, 300px\" \/><figcaption id=\"caption-attachment-10249\" class=\"wp-caption-text\">Ram\u00f3n L\u00f3pez<br \/>\u00a9 Sergio Cabanillas, 2007<\/figcaption><\/figure>\n<p align=\"left\">PACHI TAPIZ: \u00bfCrees que tiene cabida en Espa\u00f1a la publicaci\u00f3n la m\u00fasica de un tr\u00edo\u00a0[Tri-ez] como el vuestro?<\/p>\n<p align=\"left\">RAM\u00d3N L\u00d3PEZ: Siempre hay gente a la que le gusta. Estos discos ya sabemos que se hacen en gran medida por amor al arte, para que el grupo exista, para que la gente pueda tener acceso a esa m\u00fasica. Cuando yo publico un disco no pienso jam\u00e1s en un fin comercial.<\/p>\n<p align=\"left\">Leer&#8230;\u00a0<a title=\"Ram\u00f3n L\u00f3pez: Swingin\u2019 with Ram\u00f3n, por Pachi Tapiz\" href=\"http:\/\/www.tomajazz.com\/web\/?p=10238\" target=\"_blank\"><strong>Ram\u00f3n L\u00f3pez: <em>Swingin\u2019 with Ram\u00f3n<\/em>, por Pachi Tapiz<\/strong><\/a><\/p>\n","protected":false},"excerpt":{"rendered":"<p>PACHI TAPIZ: \u00bfCrees que tiene cabida en Espa\u00f1a la publicaci\u00f3n la m\u00fasica de un tr\u00edo\u00a0[Tri-ez] como el vuestro? RAM\u00d3N L\u00d3PEZ: Siempre hay gente a la que le gusta. Estos discos ya sabemos que se hacen en gran medida por amor al arte, para que el grupo exista, para que la<span class=\"more-link\"><a href=\"https:\/\/tomajazz.com\/web\/tomajazz-recupera-ramon-lopez-swingin-with-ramon-por-pachi-tapiz\/\">Contin\u00faa leyendo<\/a><\/span><\/p>\n","protected":false},"author":1,"featured_media":10249,"comment_status":"open","ping_status":"closed","sticky":false,"template":"","format":"standard","meta":{"jetpack_post_was_ever_published":false,"_jetpack_newsletter_access":"","_jetpack_dont_email_post_to_subs":true,"_jetpack_newsletter_tier_id":0,"_jetpack_memberships_contains_paywalled_content":false,"_jetpack_memberships_contains_paid_content":false,"footnotes":""},"categories":[17847,17850,78,15537,9,15517,1038,6669],"tags":[31,284,187,16099,16100],"class_list":["entry","author-pachi","post-10273","post","type-post","status-publish","format-standard","has-post-thumbnail","category-pachi-tapiz","category-sergio-cabanillas","category-afondo","category-entrevistas","category-perfiles","category-textos","category-contenidos","category-tomajazz-recupera","tag-pachi-tapiz","tag-ramon-lopez","tag-sergio-cabanillas","tag-toma-jazz","tag-tomajazz-toma-jazz"],"jetpack_featured_media_url":"https:\/\/tomajazz.com\/web\/wp-content\/uploads\/2014\/02\/ramon_lopez_9348.jpg","jetpack_likes_enabled":true,"jetpack_sharing_enabled":true,"jetpack-related-posts":[{"id":10997,"url":"https:\/\/tomajazz.com\/web\/tomajazz-recupera-agusti-fernandez-sobre-aurora\/","url_meta":{"origin":10273,"position":0},"title":"Tomajazz recupera: Agust\u00ed Fern\u00e1ndez: Sobre Aurora","author":"Tomajazz","date":"13 marzo, 2014","format":false,"excerpt":"En 2006 el pianista Agust\u00ed Fern\u00e1ndez publicaba\u00a0Aurora, su obra m\u00e1s personal hasta la fecha. Un disco en tr\u00edo en el que predominaban la melod\u00eda, el silencio y los espacios, frente a la intensidad de sus grabaciones anteriores. Por Jos\u00e9 Francisco \u201cPachi\u201d Tapiz. Leer: Agust\u00ed Fern\u00e1ndez: Sobre Aurora","rel":"","context":"En \u00ab*_Fernando Ortiz de Urbina\u00bb","block_context":{"text":"*_Fernando Ortiz de Urbina","link":"https:\/\/tomajazz.com\/web\/category\/fernando-ortiz-de-urbina\/"},"img":{"alt_text":"Agust\u00ed Fern\u00e1ndez y Ram\u00f3n L\u00f3pez \u00a9 Sergio Cabanillas, 2007","src":"https:\/\/i0.wp.com\/www.tomajazz.com\/web\/wp-content\/uploads\/2014\/03\/AGUSTI_FERNANDEZ_RAMON_LOPEZ_9389.jpg?resize=350%2C200","width":350,"height":200},"classes":[]},{"id":102777,"url":"https:\/\/tomajazz.com\/web\/jorge-martinez-1955-2025-in-memoriam\/","url_meta":{"origin":10273,"position":1},"title":"Jorge Mart\u00ednez (1955-2025) In Memoriam","author":"Tomajazz","date":"10 diciembre, 2025","format":false,"excerpt":"Jorge Mart\u00ednez falleci\u00f3 el 9 de diciembre de 2025. Pachi Tapiz recupera una cita in\u00e9dita relacionada con el jazz y la acompa\u00f1amos con una instant\u00e1nea de Sergio Cabanillas. DEP","rel":"","context":"En \u00ab*_Pachi Tapiz\u00bb","block_context":{"text":"*_Pachi Tapiz","link":"https:\/\/tomajazz.com\/web\/category\/pachi-tapiz\/"},"img":{"alt_text":"Jorge Mart\u00ednez (1955-2025) In Memoriam - Tomajazz - Jorge Mart\u00ednez falleci\u00f3 el 9 de diciembre de 2025. Pachi Tapiz recupera una cita relacionada con el jazz de una entrevista y la acompa\u00f1amos con una fotograf","src":"https:\/\/i0.wp.com\/tomajazz.com\/web\/wp-content\/uploads\/2025\/12\/Ilegales-Junio-1998-CABANIJAZZ.jpg?resize=350%2C200&ssl=1","width":350,"height":200,"srcset":"https:\/\/i0.wp.com\/tomajazz.com\/web\/wp-content\/uploads\/2025\/12\/Ilegales-Junio-1998-CABANIJAZZ.jpg?resize=350%2C200&ssl=1 1x, https:\/\/i0.wp.com\/tomajazz.com\/web\/wp-content\/uploads\/2025\/12\/Ilegales-Junio-1998-CABANIJAZZ.jpg?resize=525%2C300&ssl=1 1.5x, https:\/\/i0.wp.com\/tomajazz.com\/web\/wp-content\/uploads\/2025\/12\/Ilegales-Junio-1998-CABANIJAZZ.jpg?resize=700%2C400&ssl=1 2x, https:\/\/i0.wp.com\/tomajazz.com\/web\/wp-content\/uploads\/2025\/12\/Ilegales-Junio-1998-CABANIJAZZ.jpg?resize=1050%2C600&ssl=1 3x"},"classes":[]},{"id":10238,"url":"https:\/\/tomajazz.com\/web\/ramon-lopez-swingin-with-ramon-por-pachi-tapiz\/","url_meta":{"origin":10273,"position":2},"title":"Ram\u00f3n L\u00f3pez: Swingin&#8217; with Ram\u00f3n, por Pachi Tapiz","author":"Sergio Cabanillas","date":"4 abril, 2008","format":false,"excerpt":"Ram\u00f3n L\u00f3pez vuelve a Tomajazz. La siguiente entrevista tuvo lugar la ma\u00f1ana siguiente al concierto de Tri-ez [1] en el Johnny en noviembre de 2007. Dicho concierto fue parte de una triple visita de Ram\u00f3n L\u00f3pez a Espa\u00f1a: en tres jornadas toc\u00f3 en Valencia con Joachim K\u00fchn y Majid Bekkas,\u2026","rel":"","context":"En \u00ab*_Pachi Tapiz\u00bb","block_context":{"text":"*_Pachi Tapiz","link":"https:\/\/tomajazz.com\/web\/category\/pachi-tapiz\/"},"img":{"alt_text":"Pachi Tapiz y Ram\u00f3n L\u00f3pez \u00a9 Sergio Cabanillas, 2007","src":"https:\/\/i0.wp.com\/www.tomajazz.com\/web\/wp-content\/uploads\/2014\/02\/ramon_lopez_pachi_tapiz_9375.jpg?resize=350%2C200","width":350,"height":200},"classes":[]},{"id":100745,"url":"https:\/\/tomajazz.com\/web\/sergi-sirvent-david-vinolas-rtdsam-2025\/","url_meta":{"origin":10273,"position":3},"title":"Sergi Sirvent &#8211; David Vi\u00f1olas: Recreacions T\u00edmbriques. De Satie a Mompou (Columna M\u00fasica; 2025) Por Pachi Tapiz [Grabaci\u00f3n de jazz]","author":"Tomajazz","date":"21 octubre, 2025","format":false,"excerpt":"Recreacions T\u00edmbriques. De Satie a Mompou (Columna M\u00fasica; 2025) es la nueva grabaci\u00f3n del d\u00fao Sergi Sirvent - David Vi\u00f1olas. Pachi Tapiz repasa la grabaci\u00f3n","rel":"","context":"En \u00abGrabaciones...\u00bb","block_context":{"text":"Grabaciones...","link":"https:\/\/tomajazz.com\/web\/category\/contenidos\/textos\/grabaciones\/"},"img":{"alt_text":"Sergi Sirvent - David Vi\u00f1olas: Recreacions T\u00edmbriques. De Satie a Mompou (Columna M\u00fasica; 2025) Por Pachi Tapiz [Grabaci\u00f3n de jazz] - Tomajazz -  Recreacions T\u00edmbriques. De Satie a Mompou (Columna M\u00fasica; 2025) Por Pachi Tapiz","src":"https:\/\/i0.wp.com\/tomajazz.com\/web\/wp-content\/uploads\/2025\/10\/Sergi-Sirvent-David-Vinolas-Recreacions-timbriques-de-Satie-a-Mompou-2025-Columna-Musica-Tomajazz.jpg?resize=350%2C200&ssl=1","width":350,"height":200,"srcset":"https:\/\/i0.wp.com\/tomajazz.com\/web\/wp-content\/uploads\/2025\/10\/Sergi-Sirvent-David-Vinolas-Recreacions-timbriques-de-Satie-a-Mompou-2025-Columna-Musica-Tomajazz.jpg?resize=350%2C200&ssl=1 1x, https:\/\/i0.wp.com\/tomajazz.com\/web\/wp-content\/uploads\/2025\/10\/Sergi-Sirvent-David-Vinolas-Recreacions-timbriques-de-Satie-a-Mompou-2025-Columna-Musica-Tomajazz.jpg?resize=525%2C300&ssl=1 1.5x, https:\/\/i0.wp.com\/tomajazz.com\/web\/wp-content\/uploads\/2025\/10\/Sergi-Sirvent-David-Vinolas-Recreacions-timbriques-de-Satie-a-Mompou-2025-Columna-Musica-Tomajazz.jpg?resize=700%2C400&ssl=1 2x"},"classes":[]},{"id":105026,"url":"https:\/\/tomajazz.com\/web\/universos-paralelos-up-t31-p25-2025-26\/","url_meta":{"origin":10273,"position":4},"title":"Universos Paralelos: emisi\u00f3n 16 de abril de 2026 (UP.T.31 P.25) [Noticias de jazz]","author":"Tomajazz","date":"22 abril, 2026","format":false,"excerpt":"En Universos Paralelos del 16 de abril de 2026, Sergio Cabanillas elige lo nuevo de V\u00edctor de Diego como disco de portada. Adem\u00e1s suena m\u00fasica de Juzz, Rai Castells, Manuel \u00c1lvarez Trio, Baptiste Bailly \/ Matthew Baker \/ Efr\u00e9n L\u00f3pez #Noticiasdejazz","rel":"","context":"En \u00ab*_Redacci\u00f3n\u00bb","block_context":{"text":"*_Redacci\u00f3n","link":"https:\/\/tomajazz.com\/web\/category\/redaccion\/"},"img":{"alt_text":"Universos Paralelos: emisi\u00f3n 16 de abril de 2026 (UP.T.31 P.25) [Noticias de jazz] - Tomajazz - En Universos Paralelos del 16 de abril de 2026, Sergio Cabanillas elige lo nuevo de V\u00edctor de Diego como disco de portada. Adem\u00e1s suena m\u00fasica de Juzz, Rai Castells, Manuel \u00c1lvarez Trio, Baptiste Bailly \/ Matthew Baker \/ Efr\u00e9n L\u00f3pez #Noticiasdejazz","src":"https:\/\/i0.wp.com\/tomajazz.com\/web\/wp-content\/uploads\/2026\/04\/portada-Victor-De-Diego-Haize-1080.jpg?resize=350%2C200&ssl=1","width":350,"height":200,"srcset":"https:\/\/i0.wp.com\/tomajazz.com\/web\/wp-content\/uploads\/2026\/04\/portada-Victor-De-Diego-Haize-1080.jpg?resize=350%2C200&ssl=1 1x, https:\/\/i0.wp.com\/tomajazz.com\/web\/wp-content\/uploads\/2026\/04\/portada-Victor-De-Diego-Haize-1080.jpg?resize=525%2C300&ssl=1 1.5x, https:\/\/i0.wp.com\/tomajazz.com\/web\/wp-content\/uploads\/2026\/04\/portada-Victor-De-Diego-Haize-1080.jpg?resize=700%2C400&ssl=1 2x"},"classes":[]},{"id":104496,"url":"https:\/\/tomajazz.com\/web\/universos-paralelos-t31-p22-2025-26\/","url_meta":{"origin":10273,"position":5},"title":"Universos Paralelos: emisi\u00f3n 19 de marzo de 2026 (UP.T.31 P.22) [Noticias de jazz]","author":"Tomajazz","date":"21 marzo, 2026","format":false,"excerpt":"Dwiki Dharmawan, V\u00edctor Ant\u00f3n, Lluc Casares, Tim Garland & Geoffrey Keezer, Ram\u00f3n Garc\u00eda Lara son algunos de los m\u00fasicos que visitan los Universos Paralelos de Sergio Cabanillas en su programa del 19 de marzo de 2026 #Noticiasdejazz","rel":"","context":"En \u00abUniversos Paralelos - UP\u00bb","block_context":{"text":"Universos Paralelos - UP","link":"https:\/\/tomajazz.com\/web\/category\/contenidos\/noticias-2\/universos-paralelos-up\/"},"img":{"alt_text":"Universos Paralelos: emisi\u00f3n 19 de marzo de 2026 (UP.T.31 P.22) [Noticias de jazz] - Tomajazz - Dwiki Dharmawan, V\u00edctor Ant\u00f3n, Lluc Casares, Tim Garland & Geoffrey Keezer, Ram\u00f3n Garc\u00eda Lara son algunos de los m\u00fasicos que visitan los Universos Paralelos de Sergio Cabanillas en su programa del 19 de marzo de 2026 #Noticiasdejazz","src":"https:\/\/i0.wp.com\/tomajazz.com\/web\/wp-content\/uploads\/2026\/03\/destacada-Victor-Anton-Nudos-1080.jpg?resize=350%2C200&ssl=1","width":350,"height":200,"srcset":"https:\/\/i0.wp.com\/tomajazz.com\/web\/wp-content\/uploads\/2026\/03\/destacada-Victor-Anton-Nudos-1080.jpg?resize=350%2C200&ssl=1 1x, https:\/\/i0.wp.com\/tomajazz.com\/web\/wp-content\/uploads\/2026\/03\/destacada-Victor-Anton-Nudos-1080.jpg?resize=525%2C300&ssl=1 1.5x, https:\/\/i0.wp.com\/tomajazz.com\/web\/wp-content\/uploads\/2026\/03\/destacada-Victor-Anton-Nudos-1080.jpg?resize=700%2C400&ssl=1 2x"},"classes":[]}],"_links":{"self":[{"href":"https:\/\/tomajazz.com\/web\/wp-json\/wp\/v2\/posts\/10273","targetHints":{"allow":["GET"]}}],"collection":[{"href":"https:\/\/tomajazz.com\/web\/wp-json\/wp\/v2\/posts"}],"about":[{"href":"https:\/\/tomajazz.com\/web\/wp-json\/wp\/v2\/types\/post"}],"author":[{"embeddable":true,"href":"https:\/\/tomajazz.com\/web\/wp-json\/wp\/v2\/users\/1"}],"replies":[{"embeddable":true,"href":"https:\/\/tomajazz.com\/web\/wp-json\/wp\/v2\/comments?post=10273"}],"version-history":[{"count":1,"href":"https:\/\/tomajazz.com\/web\/wp-json\/wp\/v2\/posts\/10273\/revisions"}],"predecessor-version":[{"id":10274,"href":"https:\/\/tomajazz.com\/web\/wp-json\/wp\/v2\/posts\/10273\/revisions\/10274"}],"wp:featuredmedia":[{"embeddable":true,"href":"https:\/\/tomajazz.com\/web\/wp-json\/wp\/v2\/media\/10249"}],"wp:attachment":[{"href":"https:\/\/tomajazz.com\/web\/wp-json\/wp\/v2\/media?parent=10273"}],"wp:term":[{"taxonomy":"category","embeddable":true,"href":"https:\/\/tomajazz.com\/web\/wp-json\/wp\/v2\/categories?post=10273"},{"taxonomy":"post_tag","embeddable":true,"href":"https:\/\/tomajazz.com\/web\/wp-json\/wp\/v2\/tags?post=10273"}],"curies":[{"name":"wp","href":"https:\/\/api.w.org\/{rel}","templated":true}]}}