{"id":10393,"date":"2014-02-12T11:10:36","date_gmt":"2014-02-12T10:10:36","guid":{"rendered":"http:\/\/www.tomajazz.com\/web\/?p=10393"},"modified":"2016-11-13T17:16:42","modified_gmt":"2016-11-13T16:16:42","slug":"wish-i-was-there-the-ex-festival-holanda-del-26-de-febrero-al-2-de-marzo-de-2014","status":"publish","type":"post","link":"https:\/\/tomajazz.com\/web\/wish-i-was-there-the-ex-festival-holanda-del-26-de-febrero-al-2-de-marzo-de-2014\/","title":{"rendered":"I Wish I Was There: The Ex Festival (Holanda, del 26 de febrero al 2 de marzo de 2014)"},"content":{"rendered":"<p style=\"text-align: justify;\"><img loading=\"lazy\" decoding=\"async\" class=\"alignleft size-medium wp-image-10394\" alt=\"The Ex Festival 2014\" src=\"http:\/\/www.tomajazz.com\/web\/wp-content\/uploads\/2014\/02\/The-Ex-Festival-2014-200x281.jpg\" width=\"200\" height=\"281\" title=\"\" srcset=\"https:\/\/tomajazz.com\/web\/wp-content\/uploads\/2014\/02\/The-Ex-Festival-2014-200x281.jpg 200w, https:\/\/tomajazz.com\/web\/wp-content\/uploads\/2014\/02\/The-Ex-Festival-2014-106x150.jpg 106w, https:\/\/tomajazz.com\/web\/wp-content\/uploads\/2014\/02\/The-Ex-Festival-2014-39x55.jpg 39w, https:\/\/tomajazz.com\/web\/wp-content\/uploads\/2014\/02\/The-Ex-Festival-2014.jpg 318w\" sizes=\"auto, (max-width: 200px) 100vw, 200px\" \/>The Ex Festival. Entre el 26 de febrero y el 2 de marzo de 2014. Conciertos en Groningen, Nijmegen, La Haya, Amsterdam y Utrech. Participar\u00e1n The Ex, Thurston Moore, Han Bennink, Peter Br\u00f6tzman, entre otros.<\/p>\n<p style=\"text-align: justify;\">Toda la informaci\u00f3n en <a href=\"http:\/\/www.theex.nl\/news.html\" target=\"_blank\" rel=\"noopener\">http:\/\/www.theex.nl\/news.html<\/a><\/p>\n","protected":false},"excerpt":{"rendered":"<p>The Ex Festival. Entre el 26 de febrero y el 2 de marzo de 2014. Conciertos en Groningen, Nijmegen, La Haya, Amsterdam y Utrech. Participar\u00e1n The Ex, Thurston Moore, Han Bennink, Peter Br\u00f6tzman, entre otros. Toda la informaci\u00f3n en http:\/\/www.theex.nl\/news.html<span class=\"more-link\"><a href=\"https:\/\/tomajazz.com\/web\/wish-i-was-there-the-ex-festival-holanda-del-26-de-febrero-al-2-de-marzo-de-2014\/\">Contin\u00faa leyendo<\/a><\/span><\/p>\n","protected":false},"author":1,"featured_media":10394,"comment_status":"open","ping_status":"closed","sticky":false,"template":"","format":"standard","meta":{"jetpack_post_was_ever_published":false,"_jetpack_newsletter_access":"","_jetpack_dont_email_post_to_subs":true,"_jetpack_newsletter_tier_id":0,"_jetpack_memberships_contains_paywalled_content":false,"_jetpack_memberships_contains_paid_content":false,"footnotes":""},"categories":[17847,4313,1038,4758],"tags":[7268,8350,8351,31,5470,1252,8352,8349,16099,16100],"class_list":["entry","author-pachi","post-10393","post","type-post","status-publish","format-standard","has-post-thumbnail","category-pachi-tapiz","category-bun","category-contenidos","category-blogs","tag-han-bennink","tag-holanda","tag-i-wish-i-was-there","tag-pachi-tapiz","tag-peter-brotzmann","tag-the-ex","tag-the-ex-festival","tag-thurston-moore","tag-toma-jazz","tag-tomajazz-toma-jazz"],"jetpack_featured_media_url":"https:\/\/tomajazz.com\/web\/wp-content\/uploads\/2014\/02\/The-Ex-Festival-2014.jpg","jetpack_likes_enabled":true,"jetpack_sharing_enabled":true,"jetpack-related-posts":[{"id":20084,"url":"https:\/\/tomajazz.com\/web\/the-ex-at-bimhuis-en-directo-y-con-fendika-en-estudio-hdo-0017-audioblog\/","url_meta":{"origin":10393,"position":0},"title":"The Ex: At Bimhuis (en directo) y con Fendika (en estudio). HDO (0017) [Audioblog]","author":"Tomajazz","date":"8 octubre, 2015","format":"audio","excerpt":"El grupo holand\u00e9s The Ex acaba de publicar el doble CD The Ex at Bimhuis (1991-2015) (Ex Records - Bimhuis, 2015) en el que se recoge una selecci\u00f3n de temas grabados en el m\u00edtico local holand\u00e9s. Una de las caracter\u00edsticas de este doble CD es que a lo largo de\u2026","rel":"","context":"En \u00ab*_Pachi Tapiz\u00bb","block_context":{"text":"*_Pachi Tapiz","link":"https:\/\/tomajazz.com\/web\/category\/pachi-tapiz\/"},"img":{"alt_text":"","src":"https:\/\/i0.wp.com\/tomajazz.com\/web\/wp-content\/uploads\/2015\/10\/the-ex-at-bimhuis-500-500x500.jpg?resize=350%2C200&ssl=1","width":350,"height":200},"classes":[]},{"id":2547,"url":"https:\/\/tomajazz.com\/web\/wish-ill-be-there-the-ex-brass-unbound-tour-2011-aka-cant-happen-here\/","url_meta":{"origin":10393,"position":1},"title":"Wish I&#8217;ll Be There: The Ex + Brass Unbound Tour 2011 (aka Can&#8217;t Happen Here)","author":"Tomajazz","date":"20 agosto, 2011","format":false,"excerpt":"The Ex + Brass Unbound Tour (Agosto - Septiembre 2011) The Ex (Terrie Hessels, Arnold de Boer, Andy Moor, Katherina Bornefeld) + Brass Unbound (Mats Gustafsson, Ken Vandermark, Roy Paci, Wolter Wierbos) - DJ Rupture 24\/08 Amsterdam [Holanda] - Paradiso 25\/08 Mulhouse [Francia] - Meteo Festival 26\/08 Groningen [Holanda] -\u2026","rel":"","context":"En \u00abToma Jazz\u00bb","block_context":{"text":"Toma Jazz","link":"https:\/\/tomajazz.com\/web\/tag\/toma-jazz\/"},"img":{"alt_text":"","src":"https:\/\/i0.wp.com\/4.bp.blogspot.com\/-1Y18MoAV77g\/Tk4pd5KsJvI\/AAAAAAAADTg\/rKo8LIrnYvI\/s320\/TheEx%252BBrassUnbound-Paradiso240811.jpg?resize=350%2C200","width":350,"height":200},"classes":[]},{"id":6766,"url":"https:\/\/tomajazz.com\/web\/the-ex-brass-unbound-enormous-door-ex-records-2013\/","url_meta":{"origin":10393,"position":2},"title":"The Ex &#038; Brass Unbound: Enormous Door (Ex Records, 2013)","author":"Tomajazz","date":"4 junio, 2013","format":false,"excerpt":"La colaboraci\u00f3n de parte del cuarteto\u00a0The Ex (los guitarristas Andy Moor y Terrie Hessels) con primeras figuras de la libre improvisaci\u00f3n como Mats Gustafsson, Ken Vandermark y Paal Nilssen-Love (con estos dos m\u00fasicos en el cuarteto\u00a0Lean Left), est\u00e1 teniendo como contrapartida la colaboraci\u00f3n de estos m\u00fasicos con el grupo holand\u00e9s.\u2026","rel":"","context":"En \u00ab*_Pachi Tapiz\u00bb","block_context":{"text":"*_Pachi Tapiz","link":"https:\/\/tomajazz.com\/web\/category\/pachi-tapiz\/"},"img":{"alt_text":"the ex enormousdoor300","src":"https:\/\/i0.wp.com\/www.tomajazz.com\/web\/wp-content\/uploads\/2013\/06\/the-ex-enormousdoor300.jpg?resize=350%2C200","width":350,"height":200},"classes":[]},{"id":2757,"url":"https:\/\/tomajazz.com\/web\/hoy-no-puedo-dejar-de-escuchar-maybe-i-was-the-pilot-de-the-ex\/","url_meta":{"origin":10393,"position":3},"title":"Hoy no puedo dejar de escuchar&#8230; &quot;Maybe I Was The Pilot&quot; de The Ex","author":"Tomajazz","date":"17 noviembre, 2010","format":false,"excerpt":"\"Maybe I Was The Pilot\" es uno de los temas que m\u00e1s he escuchado a lo largo de 2010. Antes de su publicaci\u00f3n oficial pude disfrutar de su interpretaci\u00f3n en directo en grabaciones de sus conciertos de finales de 2009. Tambi\u00e9n fue un tema del repertorio de la gira que\u2026","rel":"","context":"Con 5 comentarios","block_context":{"text":"Con 5 comentarios","link":"https:\/\/tomajazz.com\/web\/hoy-no-puedo-dejar-de-escuchar-maybe-i-was-the-pilot-de-the-ex\/#comments"},"img":{"alt_text":"","src":"","width":0,"height":0},"classes":[]},{"id":19480,"url":"https:\/\/tomajazz.com\/web\/the-ex-3313-festival-live-at-cafe-oto-and-so-say-all-of-us-the-ex-records-the-practice-tapes-2015-dvd\/","url_meta":{"origin":10393,"position":4},"title":"The Ex: 331\/3 Festival. Live at Caf\u00e9 OTO. \u2018And So Say All Of Us\u2019 (The Ex Records \/ The Practice Tapes, 2015; DVD)","author":"Tomajazz","date":"4 septiembre, 2015","format":"image","excerpt":"Para celebrar su primer tercio de siglo de existencia como grupo, los holandeses The Ex organizaron a finales de 2012 una serie de conciertos en Londres, Paris, Bruselas, y c\u00f3mo no, en \u00c1msterdam. Resultado de las tres noches en el Cafe OTO \u2013un local que gracias a su programaci\u00f3n se\u2026","rel":"","context":"En \u00ab*_Pachi Tapiz\u00bb","block_context":{"text":"*_Pachi Tapiz","link":"https:\/\/tomajazz.com\/web\/category\/pachi-tapiz\/"},"img":{"alt_text":"","src":"https:\/\/i0.wp.com\/tomajazz.com\/web\/wp-content\/uploads\/2015\/09\/and-so-say-all-of-us-dvd-cover-500x500.jpg?resize=350%2C200&ssl=1","width":350,"height":200},"classes":[]},{"id":13781,"url":"https:\/\/tomajazz.com\/web\/24-festival-daltitude-jazz-a-luz-y-iii-luz-saint-sauveur-francia-2014-07-14\/","url_meta":{"origin":10393,"position":5},"title":"24 Festival D\u2019Altitude Jazz \u00c0 Luz (y III): Electric Vocuhila, PIAK, Heretics, KAZE (Luz Saint-Sauveur, Francia. 2014-07-14)","author":"Tomajazz","date":"9 septiembre, 2014","format":false,"excerpt":"24 Festival D\u2019Altitude Jazz \u00c0 Luz Luz Saint-Sauveur, Francia Electric Vocuhila Fecha: Domingo, 13 de julio de 2014 Lugar: Club Maison de la Vall\u00e9e Componentes: Maxime Bobo, saxo alto, soprano y teclados Boris Rosenfeld, guitarra Fran\u00e7ois Rosenfeld, bajo y percusi\u00f3n Etienne Ziemniak, bater\u00eda PIAK Fecha: Lunes, 14 de julio de\u2026","rel":"","context":"En \u00ab*_Joan Cort\u00e8s\u00bb","block_context":{"text":"*_Joan Cort\u00e8s","link":"https:\/\/tomajazz.com\/web\/category\/joan-cortes\/"},"img":{"alt_text":"","src":"https:\/\/i0.wp.com\/tomajazz.com\/web\/wp-content\/uploads\/2014\/09\/F06_CHATON-MOOR-MOORE-%C2%A9Joan-Cort%C3%A8s_14jul14_Ch_24-Jazz-%C3%A0-Luz_L-S-S.jpg?resize=350%2C200&ssl=1","width":350,"height":200,"srcset":"https:\/\/i0.wp.com\/tomajazz.com\/web\/wp-content\/uploads\/2014\/09\/F06_CHATON-MOOR-MOORE-%C2%A9Joan-Cort%C3%A8s_14jul14_Ch_24-Jazz-%C3%A0-Luz_L-S-S.jpg?resize=350%2C200&ssl=1 1x, https:\/\/i0.wp.com\/tomajazz.com\/web\/wp-content\/uploads\/2014\/09\/F06_CHATON-MOOR-MOORE-%C2%A9Joan-Cort%C3%A8s_14jul14_Ch_24-Jazz-%C3%A0-Luz_L-S-S.jpg?resize=525%2C300&ssl=1 1.5x"},"classes":[]}],"_links":{"self":[{"href":"https:\/\/tomajazz.com\/web\/wp-json\/wp\/v2\/posts\/10393","targetHints":{"allow":["GET"]}}],"collection":[{"href":"https:\/\/tomajazz.com\/web\/wp-json\/wp\/v2\/posts"}],"about":[{"href":"https:\/\/tomajazz.com\/web\/wp-json\/wp\/v2\/types\/post"}],"author":[{"embeddable":true,"href":"https:\/\/tomajazz.com\/web\/wp-json\/wp\/v2\/users\/1"}],"replies":[{"embeddable":true,"href":"https:\/\/tomajazz.com\/web\/wp-json\/wp\/v2\/comments?post=10393"}],"version-history":[{"count":3,"href":"https:\/\/tomajazz.com\/web\/wp-json\/wp\/v2\/posts\/10393\/revisions"}],"predecessor-version":[{"id":10400,"href":"https:\/\/tomajazz.com\/web\/wp-json\/wp\/v2\/posts\/10393\/revisions\/10400"}],"wp:featuredmedia":[{"embeddable":true,"href":"https:\/\/tomajazz.com\/web\/wp-json\/wp\/v2\/media\/10394"}],"wp:attachment":[{"href":"https:\/\/tomajazz.com\/web\/wp-json\/wp\/v2\/media?parent=10393"}],"wp:term":[{"taxonomy":"category","embeddable":true,"href":"https:\/\/tomajazz.com\/web\/wp-json\/wp\/v2\/categories?post=10393"},{"taxonomy":"post_tag","embeddable":true,"href":"https:\/\/tomajazz.com\/web\/wp-json\/wp\/v2\/tags?post=10393"}],"curies":[{"name":"wp","href":"https:\/\/api.w.org\/{rel}","templated":true}]}}