{"id":104197,"date":"2026-02-26T10:30:52","date_gmt":"2026-02-26T09:30:52","guid":{"rendered":"https:\/\/tomajazz.com\/web\/?p=104197"},"modified":"2026-02-25T23:01:01","modified_gmt":"2026-02-25T22:01:01","slug":"ciclo-jazz-jaca-2026-news","status":"publish","type":"post","link":"https:\/\/tomajazz.com\/web\/ciclo-jazz-jaca-2026-news\/","title":{"rendered":"Ciclo Jazz Jaca 2026 (Jaca. Marzo 2026) [Noticias de jazz]"},"content":{"rendered":"<p>Durante el mes de marzo de 2026 tendr\u00e1 lugar el <strong>Ciclo Jazz Jaca 2026<\/strong> en el Palacio de Congresos de Jaca, adem\u00e1s de actividades en otros espacios de la ciudad. El ciclo incluye propuestas de cine, conferencias, conciertos y actividades did\u00e1cticas.<\/p>\n<p style=\"text-align: center;\"><img loading=\"lazy\" decoding=\"async\" class=\"aligncenter size-large wp-image-104198\" title=\"Ciclo Jazz Jaca 2026 (Jaca. Marzo 2026) [Noticias de jazz] Tomajazz Ciclo Jazz Jaca 2026 Noticias Tomajazz\" src=\"https:\/\/tomajazz.com\/web\/wp-content\/uploads\/2026\/02\/Ciclo-Jazz-Jaca-2026-Noticias-Tomajazz-424x600.jpg\" alt=\"Ciclo Jazz Jaca 2026 (Jaca. Marzo 2026) [Noticias de jazz] - Tomajazz - Durante el mes de marzo de 2026 tendr\u00e1 lugar el Ciclo Jazz Jaca 2026 incluyendo conciertos y otras actividades #Noticiasdejazz\" width=\"424\" height=\"600\" srcset=\"https:\/\/tomajazz.com\/web\/wp-content\/uploads\/2026\/02\/Ciclo-Jazz-Jaca-2026-Noticias-Tomajazz-424x600.jpg 424w, https:\/\/tomajazz.com\/web\/wp-content\/uploads\/2026\/02\/Ciclo-Jazz-Jaca-2026-Noticias-Tomajazz-212x300.jpg 212w, https:\/\/tomajazz.com\/web\/wp-content\/uploads\/2026\/02\/Ciclo-Jazz-Jaca-2026-Noticias-Tomajazz-768x1087.jpg 768w, https:\/\/tomajazz.com\/web\/wp-content\/uploads\/2026\/02\/Ciclo-Jazz-Jaca-2026-Noticias-Tomajazz-389x550.jpg 389w, https:\/\/tomajazz.com\/web\/wp-content\/uploads\/2026\/02\/Ciclo-Jazz-Jaca-2026-Noticias-Tomajazz-353x500.jpg 353w, https:\/\/tomajazz.com\/web\/wp-content\/uploads\/2026\/02\/Ciclo-Jazz-Jaca-2026-Noticias-Tomajazz.jpg 800w\" sizes=\"auto, (max-width: 424px) 100vw, 424px\" \/><\/p>\n<h3>Programaci\u00f3n del Ciclo Jazz Jaca 2026<\/h3>\n<ul>\n<li><strong>Martes 3 de marzo<\/strong><br \/>\nCine en la Biblioteca: <em>Born to be blue<\/em><\/li>\n<li><strong>Mi\u00e9rcoles 11 de marzo<\/strong><br \/>\nConferencia: <em>Comprender (para disfrutar) el jazz<\/em>, impartida por Joan Emili Estell\u00e9s<\/li>\n<li><strong>S\u00e1bado 14 de marzo<\/strong><br \/>\nConcierto: Gradus<\/li>\n<li><strong>Martes 17 de marzo<\/strong><br \/>\nCine en la Biblioteca: <em>Paris blues<\/em><\/li>\n<li><strong>Mi\u00e9rcoles 18 de marzo<\/strong><br \/>\nConcierto did\u00e1ctico: Combo Jazz \u2013 Escuela Municipal de M\u00fasica de Jaca<br \/>\nConferencia: <em>Jazz de pel\u00edcula<\/em>, impartida por Roberto S\u00e1nchez<\/li>\n<li><strong>Viernes 20 de marzo<\/strong><br \/>\nPel\u00edcula: <em>Dispararon al pianista<\/em>, de Fernando Trueba y Javier Mariscal<\/li>\n<li><strong>S\u00e1bado 21 de marzo<\/strong><br \/>\nConcierto: Abe R\u00e1bade<\/li>\n<li><strong>Mi\u00e9rcoles 25 de marzo<\/strong><br \/>\nConferencia: <em>Un m\u00fasico de jazz frente al reto de la composici\u00f3n para el cine<\/em>, impartida por Chus Fern\u00e1ndez<\/li>\n<li><strong>S\u00e1bado 28 de marzo<\/strong><br \/>\nConcierto: Iv\u00e1n \u201cMel\u00f3n\u201d Lewis Tr\u00edo<\/li>\n<\/ul>\n<h3>M\u00e1s informaci\u00f3n sobre el Ciclo Jazz Jaca 2026<\/h3>\n<p><a href=\"https:\/\/jacetaniaexpress.com\/25-anos-de-jazz-en-jaca\/\" target=\"_blank\" rel=\"noopener\">https:\/\/jacetaniaexpress.com\/25-anos-de-jazz-en-jaca\/<\/a><\/p>\n<p><a href=\"https:\/\/tomajazz.com\/web\/?s=jazz+jaca&amp;submit=Search\" target=\"_blank\" rel=\"noopener\">https:\/\/tomajazz.com\/web\/?s=jazz+jaca&amp;submit=Search<\/a><\/p>\n","protected":false},"excerpt":{"rendered":"<p>Durante el mes de marzo de 2026 tendr\u00e1 lugar el Ciclo Jazz Jaca 2026 incluyendo conciertos y otras actividades #Noticiasdejazz<span class=\"more-link\"><a href=\"https:\/\/tomajazz.com\/web\/ciclo-jazz-jaca-2026-news\/\">Contin\u00faa leyendo<\/a><\/span><\/p>\n","protected":false},"author":1,"featured_media":104198,"comment_status":"open","ping_status":"closed","sticky":false,"template":"","format":"standard","meta":{"jetpack_post_was_ever_published":false,"_jetpack_newsletter_access":"","_jetpack_dont_email_post_to_subs":false,"_jetpack_newsletter_tier_id":0,"_jetpack_memberships_contains_paywalled_content":false,"_jetpack_memberships_contains_paid_content":false,"footnotes":""},"categories":[17858,15795,1038],"tags":[],"class_list":["entry","author-pachi","has-excerpt","post-104197","post","type-post","status-publish","format-standard","has-post-thumbnail","category-redaccion","category-noticias-2","category-contenidos"],"jetpack_featured_media_url":"https:\/\/tomajazz.com\/web\/wp-content\/uploads\/2026\/02\/Ciclo-Jazz-Jaca-2026-Noticias-Tomajazz.jpg","jetpack_likes_enabled":true,"jetpack_sharing_enabled":true,"jetpack-related-posts":[{"id":104681,"url":"https:\/\/tomajazz.com\/web\/abe-rabade-jaca-club-de-jazz-2026\/","url_meta":{"origin":104197,"position":0},"title":"Abe R\u00e1bade (Ciclo Jaca Club de Jazz 2026. Palacio de Congresos, Jaca. 2026-03-21) Por Fabio Galicia [INSTANTZZ AKA Galer\u00eda fotogr\u00e1fica AKA Fotoblog de jazz, impro\u2026 y algo m\u00e1s]","author":"Tomajazz","date":"3 abril, 2026","format":false,"excerpt":"Abe R\u00e1bade actu\u00f3 en el Ciclo Jaca Club de Jazz 2026, el 21 de marzo de 2026. Fabio Galicia lo retrata en INSTANTZZ. Actuaron Abe R\u00e1bade y Ariel Br\u00ednguez","rel":"","context":"En \u00abINSTANTZZ\u00bb","block_context":{"text":"INSTANTZZ","link":"https:\/\/tomajazz.com\/web\/category\/contenidos\/imagenes\/photoblogs\/instantzz\/"},"img":{"alt_text":"Abe R\u00e1bade (Ciclo Jaca Club de Jazz 2026. Palacio de Congresos, Jaca. 2026-03-21) Por Fabio Galicia [INSTANTZZ AKA Galer\u00eda fotogr\u00e1fica AKA Fotoblog de jazz, impro\u2026 y algo m\u00e1s] - Tomajazz - Abe R\u00e1bade actu\u00f3 en el Ciclo Jaca Club de Jazz 2026, el 21 de marzo de 2026. Fabio Galicia lo retrata en INSTANTZZ. Actuaron Abe R\u00e1bade y Ariel Br\u00ednguez","src":"https:\/\/i0.wp.com\/tomajazz.com\/web\/wp-content\/uploads\/2026\/04\/2603021-ABE-RABADE-12.jpg?resize=350%2C200&ssl=1","width":350,"height":200,"srcset":"https:\/\/i0.wp.com\/tomajazz.com\/web\/wp-content\/uploads\/2026\/04\/2603021-ABE-RABADE-12.jpg?resize=350%2C200&ssl=1 1x, https:\/\/i0.wp.com\/tomajazz.com\/web\/wp-content\/uploads\/2026\/04\/2603021-ABE-RABADE-12.jpg?resize=525%2C300&ssl=1 1.5x, https:\/\/i0.wp.com\/tomajazz.com\/web\/wp-content\/uploads\/2026\/04\/2603021-ABE-RABADE-12.jpg?resize=700%2C400&ssl=1 2x, https:\/\/i0.wp.com\/tomajazz.com\/web\/wp-content\/uploads\/2026\/04\/2603021-ABE-RABADE-12.jpg?resize=1050%2C600&ssl=1 3x"},"classes":[]},{"id":104748,"url":"https:\/\/tomajazz.com\/web\/ivan-lewis-trio-jaca-club-de-jazz-2026\/","url_meta":{"origin":104197,"position":1},"title":"Iv\u00e1n Lewis Tr\u00edo \u201cLuces y sombras\u201d (Ciclo Jaca Club de Jazz 2026. Palacio de Congresos, Jaca. 2026-03-28) Por Fabio Galicia [INSTANTZZ AKA Galer\u00eda fotogr\u00e1fica AKA Fotoblog de jazz, impro\u2026 y algo m\u00e1s]","author":"Tomajazz","date":"6 abril, 2026","format":false,"excerpt":"Iv\u00e1n Lewis Tr\u00edo \u201cLuces y sombras\u201d actu\u00f3 en el Ciclo Jaca Club de Jazz 2026, el 28 de marzo de 2026. Fabio Galicia lo retrata en INSTANTZZ. Actuaron Iv\u00e1n Lewis, Yandy Mart\u00ednez, Georvis Pico","rel":"","context":"En \u00abINSTANTZZ\u00bb","block_context":{"text":"INSTANTZZ","link":"https:\/\/tomajazz.com\/web\/category\/contenidos\/imagenes\/photoblogs\/instantzz\/"},"img":{"alt_text":"Iv\u00e1n Lewis Tr\u00edo \u201cLuces y sombras\u201d (Ciclo Jaca Club de Jazz 2026. Palacio de Congresos, Jaca. 2026-03-28) Por Fabio Galicia [INSTANTZZ AKA Galer\u00eda fotogr\u00e1fica AKA Fotoblog de jazz, impro\u2026 y algo m\u00e1s] - Tomajazz - Iv\u00e1n Lewis Tr\u00edo \u201cLuces y sombras\u201d actu\u00f3 en el Ciclo Jaca Club de Jazz 2026, el 28 de marzo de 2026. Fabio Galicia lo retrata en INSTANTZZ. Actuaron","src":"https:\/\/i0.wp.com\/tomajazz.com\/web\/wp-content\/uploads\/2026\/04\/260328-IVAN-LEWIS-9.jpg?resize=350%2C200&ssl=1","width":350,"height":200,"srcset":"https:\/\/i0.wp.com\/tomajazz.com\/web\/wp-content\/uploads\/2026\/04\/260328-IVAN-LEWIS-9.jpg?resize=350%2C200&ssl=1 1x, https:\/\/i0.wp.com\/tomajazz.com\/web\/wp-content\/uploads\/2026\/04\/260328-IVAN-LEWIS-9.jpg?resize=525%2C300&ssl=1 1.5x, https:\/\/i0.wp.com\/tomajazz.com\/web\/wp-content\/uploads\/2026\/04\/260328-IVAN-LEWIS-9.jpg?resize=700%2C400&ssl=1 2x, https:\/\/i0.wp.com\/tomajazz.com\/web\/wp-content\/uploads\/2026\/04\/260328-IVAN-LEWIS-9.jpg?resize=1050%2C600&ssl=1 3x"},"classes":[]},{"id":104895,"url":"https:\/\/tomajazz.com\/web\/olga-pericet-jaca-2026\/","url_meta":{"origin":104197,"position":2},"title":"Olga Pericet \u201cBaile Sonoro\u201d (Palacio de Congresos, Jaca. 2026-03-28) Por Fabio Galicia [Flamencuras AKA INSTANTZZ AKA Galer\u00eda fotogr\u00e1fica AKA Fotoblog de jazz, impro\u2026 y algo m\u00e1s]","author":"Tomajazz","date":"15 abril, 2026","format":false,"excerpt":"Olga Pericet \u201cBaile Sonoro\u201d actu\u00f3 en el Palacio de Congresos de Jaca, el 28 de marzo de 2026. Fabio Galicia lo retrata en las Flamencuras de INSTANTZZ. Con Jos\u00e9 Manuel Le\u00f3n, Mercedes Cort\u00e9s, Olga Pericet","rel":"","context":"En \u00abFlamencuras\u00bb","block_context":{"text":"Flamencuras","link":"https:\/\/tomajazz.com\/web\/category\/contenidos\/imagenes\/photoblogs\/flamencuras\/"},"img":{"alt_text":"Olga Pericet \u201cBaile Sonoro\u201d (Palacio de Congresos, Jaca. 2026-03-28) Por Fabio Galicia [Flamencuras AKA INSTANTZZ AKA Galer\u00eda fotogr\u00e1fica AKA Fotoblog de jazz, impro\u2026 y algo m\u00e1s] - Tomajazz - Olga Pericet \u201cBaile Sonoro\u201d actu\u00f3 en el Palacio de Congresos de Jaca, el 28 de marzo de 2026. Fabio Galicia lo retrata en las Flamencuras de INSTANTZZ. Con Jos\u00e9 Manuel Le\u00f3n, Mercedes Cort\u00e9s, Olga Pericet\n","src":"https:\/\/i0.wp.com\/tomajazz.com\/web\/wp-content\/uploads\/2026\/04\/Olga-Pericet-29.jpg?resize=350%2C200&ssl=1","width":350,"height":200,"srcset":"https:\/\/i0.wp.com\/tomajazz.com\/web\/wp-content\/uploads\/2026\/04\/Olga-Pericet-29.jpg?resize=350%2C200&ssl=1 1x, https:\/\/i0.wp.com\/tomajazz.com\/web\/wp-content\/uploads\/2026\/04\/Olga-Pericet-29.jpg?resize=525%2C300&ssl=1 1.5x, https:\/\/i0.wp.com\/tomajazz.com\/web\/wp-content\/uploads\/2026\/04\/Olga-Pericet-29.jpg?resize=700%2C400&ssl=1 2x, https:\/\/i0.wp.com\/tomajazz.com\/web\/wp-content\/uploads\/2026\/04\/Olga-Pericet-29.jpg?resize=1050%2C600&ssl=1 3x"},"classes":[]},{"id":83812,"url":"https:\/\/tomajazz.com\/web\/jaca-club-de-jazz-2024\/","url_meta":{"origin":104197,"position":3},"title":"Jaca Club de Jazz 2024 (9 de marzo al 5 de abril de 2024. Jaca, Huesca) [Noticias de jazz]","author":"Tomajazz","date":"14 febrero, 2024","format":false,"excerpt":"Entre el 3 de marzo y el 5 de abril de 2024 tendr\u00e1 lugar en Jaca (Huesca) el ciclo Jaca Club de Jazz 2024 #Ciclodejazz #FestivalDeJazz #Festivalesdejazz #Noticiasdejazz","rel":"","context":"En \u00abFestivales Jazz Oto\u00f1o - Invierno 2023 - 2024\u00bb","block_context":{"text":"Festivales Jazz Oto\u00f1o - Invierno 2023 - 2024","link":"https:\/\/tomajazz.com\/web\/category\/contenidos\/noticias-2\/festivales-jazz-otono-invierno-2023-2024\/"},"img":{"alt_text":"Jaca Club de Jazz 2024 (9 de marzo al 5 de abril de 2024. Jaca, Huesca) [Noticias de jazz] - Tomajazz - Entre el 3 de marzo y el 5 de abril de 2024 tendr\u00e1 lugar en Jaca (Huesca) el ciclo Jaca Club de Jazz 2024 #Ciclodejazz #FestivalDeJazz #Festivalesdejazz #Noticiasdejazz","src":"https:\/\/i0.wp.com\/tomajazz.com\/web\/wp-content\/uploads\/2024\/02\/Jaca-Club-de-Jazz-2024-Tomajazz-Noticias.jpg?resize=350%2C200&ssl=1","width":350,"height":200,"srcset":"https:\/\/i0.wp.com\/tomajazz.com\/web\/wp-content\/uploads\/2024\/02\/Jaca-Club-de-Jazz-2024-Tomajazz-Noticias.jpg?resize=350%2C200&ssl=1 1x, https:\/\/i0.wp.com\/tomajazz.com\/web\/wp-content\/uploads\/2024\/02\/Jaca-Club-de-Jazz-2024-Tomajazz-Noticias.jpg?resize=525%2C300&ssl=1 1.5x, https:\/\/i0.wp.com\/tomajazz.com\/web\/wp-content\/uploads\/2024\/02\/Jaca-Club-de-Jazz-2024-Tomajazz-Noticias.jpg?resize=700%2C400&ssl=1 2x"},"classes":[]},{"id":71383,"url":"https:\/\/tomajazz.com\/web\/jaca-club-de-jazz-2023-news\/","url_meta":{"origin":104197,"position":4},"title":"Jaca Club de Jazz (Marzo de 2023) [Noticias de jazz]","author":"Tomajazz","date":"24 febrero, 2023","format":false,"excerpt":"Durante el mes de marzo de 2023 tendr\u00e1 lugar el ciclo Jaca Club de Jazz.","rel":"","context":"En \u00abNoticias\u00bb","block_context":{"text":"Noticias","link":"https:\/\/tomajazz.com\/web\/category\/contenidos\/noticias-2\/"},"img":{"alt_text":"Jaca Club de Jazz","src":"https:\/\/i0.wp.com\/tomajazz.com\/web\/wp-content\/uploads\/2023\/02\/Jaca-Club-de-Jazz-2023WEB.jpg?resize=350%2C200&ssl=1","width":350,"height":200,"srcset":"https:\/\/i0.wp.com\/tomajazz.com\/web\/wp-content\/uploads\/2023\/02\/Jaca-Club-de-Jazz-2023WEB.jpg?resize=350%2C200&ssl=1 1x, https:\/\/i0.wp.com\/tomajazz.com\/web\/wp-content\/uploads\/2023\/02\/Jaca-Club-de-Jazz-2023WEB.jpg?resize=525%2C300&ssl=1 1.5x, https:\/\/i0.wp.com\/tomajazz.com\/web\/wp-content\/uploads\/2023\/02\/Jaca-Club-de-Jazz-2023WEB.jpg?resize=700%2C400&ssl=1 2x"},"classes":[]},{"id":104310,"url":"https:\/\/tomajazz.com\/web\/nuevos-territorios-por-pedro-ojesto-madrid-2026-noticias\/","url_meta":{"origin":104197,"position":5},"title":"Nuevos Territorios\u2026 por Pedro Ojesto 2026 (Madrid. 13 y 14 de marzo de 2026) [Noticias de jazz]","author":"Tomajazz","date":"5 marzo, 2026","format":false,"excerpt":"La nueva edici\u00f3n del ciclo Nuevos Territorios\u2026 por Pedro Ojesto se celebra los d\u00edas 13 y 14 de marzo de 2026 en la Sala Berlanga de Madrid #NoticiasDeJazz","rel":"","context":"En \u00ab*_Redacci\u00f3n\u00bb","block_context":{"text":"*_Redacci\u00f3n","link":"https:\/\/tomajazz.com\/web\/category\/redaccion\/"},"img":{"alt_text":"Nuevos Territorios\u2026 por Pedro Ojesto 2026 (Madrid. 13 y 14 de marzo de 2026) [Noticias de jazz] - Tomajazz - La nueva edici\u00f3n del ciclo Nuevos Territorios\u2026 por Pedro Ojesto se celebra los d\u00edas 13 y 14 de marzo de 2026 en la Sala Berlanga de Madrid.","src":"https:\/\/i0.wp.com\/tomajazz.com\/web\/wp-content\/uploads\/2026\/03\/Nuevos-Territorios-por-Pedro-Ojesto-2026-Tomajazz-Noticias.jpg?resize=350%2C200&ssl=1","width":350,"height":200,"srcset":"https:\/\/i0.wp.com\/tomajazz.com\/web\/wp-content\/uploads\/2026\/03\/Nuevos-Territorios-por-Pedro-Ojesto-2026-Tomajazz-Noticias.jpg?resize=350%2C200&ssl=1 1x, https:\/\/i0.wp.com\/tomajazz.com\/web\/wp-content\/uploads\/2026\/03\/Nuevos-Territorios-por-Pedro-Ojesto-2026-Tomajazz-Noticias.jpg?resize=525%2C300&ssl=1 1.5x, https:\/\/i0.wp.com\/tomajazz.com\/web\/wp-content\/uploads\/2026\/03\/Nuevos-Territorios-por-Pedro-Ojesto-2026-Tomajazz-Noticias.jpg?resize=700%2C400&ssl=1 2x, https:\/\/i0.wp.com\/tomajazz.com\/web\/wp-content\/uploads\/2026\/03\/Nuevos-Territorios-por-Pedro-Ojesto-2026-Tomajazz-Noticias.jpg?resize=1050%2C600&ssl=1 3x"},"classes":[]}],"_links":{"self":[{"href":"https:\/\/tomajazz.com\/web\/wp-json\/wp\/v2\/posts\/104197","targetHints":{"allow":["GET"]}}],"collection":[{"href":"https:\/\/tomajazz.com\/web\/wp-json\/wp\/v2\/posts"}],"about":[{"href":"https:\/\/tomajazz.com\/web\/wp-json\/wp\/v2\/types\/post"}],"author":[{"embeddable":true,"href":"https:\/\/tomajazz.com\/web\/wp-json\/wp\/v2\/users\/1"}],"replies":[{"embeddable":true,"href":"https:\/\/tomajazz.com\/web\/wp-json\/wp\/v2\/comments?post=104197"}],"version-history":[{"count":1,"href":"https:\/\/tomajazz.com\/web\/wp-json\/wp\/v2\/posts\/104197\/revisions"}],"predecessor-version":[{"id":104199,"href":"https:\/\/tomajazz.com\/web\/wp-json\/wp\/v2\/posts\/104197\/revisions\/104199"}],"wp:featuredmedia":[{"embeddable":true,"href":"https:\/\/tomajazz.com\/web\/wp-json\/wp\/v2\/media\/104198"}],"wp:attachment":[{"href":"https:\/\/tomajazz.com\/web\/wp-json\/wp\/v2\/media?parent=104197"}],"wp:term":[{"taxonomy":"category","embeddable":true,"href":"https:\/\/tomajazz.com\/web\/wp-json\/wp\/v2\/categories?post=104197"},{"taxonomy":"post_tag","embeddable":true,"href":"https:\/\/tomajazz.com\/web\/wp-json\/wp\/v2\/tags?post=104197"}],"curies":[{"name":"wp","href":"https:\/\/api.w.org\/{rel}","templated":true}]}}