{"id":104416,"date":"2026-03-15T22:59:10","date_gmt":"2026-03-15T21:59:10","guid":{"rendered":"https:\/\/tomajazz.com\/web\/?p=104416"},"modified":"2026-03-15T23:00:31","modified_gmt":"2026-03-15T22:00:31","slug":"vlady-bas-1929-2026-in-memoriam","status":"publish","type":"post","link":"https:\/\/tomajazz.com\/web\/vlady-bas-1929-2026-in-memoriam\/","title":{"rendered":"Vlady Bas (1929 &#8211; 2026) In Memoriam"},"content":{"rendered":"<p style=\"text-align: center;\"><img loading=\"lazy\" decoding=\"async\" class=\"aligncenter size-large wp-image-104417\" title=\"Vlady Bas (1929 - 2026) In Memoriam Tomajazz PAULA BAS VLADY BAS 5127 CABANIJAZZ 20070713 rdm Tomajazz\" src=\"https:\/\/tomajazz.com\/web\/wp-content\/uploads\/2026\/03\/PAULA-BAS-VLADY-BAS-5127-CABANIJAZZ-20070713-rdm-Tomajazz-600x400.jpg\" alt=\"Vlady Bas (1929 - 2026) In Memoriam - Tomajazz - El saxofonista y clarinetista Vlady Bas falleci\u00f3 en febrero de 2026. Desde Tomajazz le dedicamos un\" width=\"600\" height=\"400\" srcset=\"https:\/\/tomajazz.com\/web\/wp-content\/uploads\/2026\/03\/PAULA-BAS-VLADY-BAS-5127-CABANIJAZZ-20070713-rdm-Tomajazz-600x400.jpg 600w, https:\/\/tomajazz.com\/web\/wp-content\/uploads\/2026\/03\/PAULA-BAS-VLADY-BAS-5127-CABANIJAZZ-20070713-rdm-Tomajazz-300x200.jpg 300w, https:\/\/tomajazz.com\/web\/wp-content\/uploads\/2026\/03\/PAULA-BAS-VLADY-BAS-5127-CABANIJAZZ-20070713-rdm-Tomajazz-768x512.jpg 768w, https:\/\/tomajazz.com\/web\/wp-content\/uploads\/2026\/03\/PAULA-BAS-VLADY-BAS-5127-CABANIJAZZ-20070713-rdm-Tomajazz-465x310.jpg 465w, https:\/\/tomajazz.com\/web\/wp-content\/uploads\/2026\/03\/PAULA-BAS-VLADY-BAS-5127-CABANIJAZZ-20070713-rdm-Tomajazz-695x463.jpg 695w, https:\/\/tomajazz.com\/web\/wp-content\/uploads\/2026\/03\/PAULA-BAS-VLADY-BAS-5127-CABANIJAZZ-20070713-rdm-Tomajazz.jpg 900w\" sizes=\"auto, (max-width: 600px) 100vw, 600px\" \/><\/p>\n<blockquote><p>Lo principal de la aventura musical de Vlady [Bas]\u2026 fueron los esfuerzos por mantener el esp\u00edritu del jazz en la capital.<\/p>\n<p>Jos\u00e9 Ram\u00f3n Rubio<\/p><\/blockquote>\n<p>&nbsp;<\/p>\n<h3>Vlady Bas In Memoriam<\/h3>\n<p>Jos\u00e9 Ram\u00f3n Rubio sobre Vlady Bas en el art\u00edculo en El Pa\u00eds \u00abUn nuevo homenaje a Vlady Bas\u00bb (<a href=\"https:\/\/elpais.com\/diario\/1985\/01\/16\/radiotv\/474678001_850215.html\" target=\"_blank\" rel=\"noopener\">https:\/\/elpais.com\/diario\/1985\/01\/16\/radiotv\/474678001_850215.html<\/a>). Fotograf\u00eda tomada por Sergio Cabanillas a Vlady Bas junto a su hija Paula Bas. CompluJazz Festival, Madrid, 13 de julio de 2007.<\/p>\n<p style=\"text-align: right;\">Texto: \u00a9 Jos\u00e9 Ram\u00f3n Rubio, El Pa\u00eds, 1985<br \/>\nFotograf\u00eda: \u00a9 Sergio Cabanillas,\u00a0 2007<\/p>\n<h3>M\u00e1s informaci\u00f3n sobre Vlady Bas<\/h3>\n<p><a href=\"https:\/\/www.rtve.es\/play\/videos\/jazz-entre-amigos\/jazz-entre-amigos-vlady-bas\/3775727\/\" target=\"_blank\" rel=\"noopener\">https:\/\/www.rtve.es\/play\/videos\/jazz-entre-amigos\/jazz-entre-amigos-vlady-bas\/3775727\/<\/a><\/p>\n<p><a href=\"https:\/\/www.rtve.es\/play\/videos\/jazz-entre-amigos\/jazz-entre-amigos-homenaje-vlady-bas\/5451503\/\" target=\"_blank\" rel=\"noopener\">https:\/\/www.rtve.es\/play\/videos\/jazz-entre-amigos\/jazz-entre-amigos-homenaje-vlady-bas\/5451503\/<\/a><\/p>\n<p><a href=\"https:\/\/tomajazz.com\/web\/?s=vlady+bas&amp;submit=Search\" target=\"_blank\" rel=\"noopener\">https:\/\/tomajazz.com\/web\/?s=vlady+bas&amp;submit=Search<\/a><\/p>\n<p>&nbsp;<\/p>\n","protected":false},"excerpt":{"rendered":"<p>El saxofonista y clarinetista Vlady Bas falleci\u00f3 en marzo de 2026. Desde Tomajazz le dedicamos un peque\u00f1o homenaje <span class=\"more-link\"><a href=\"https:\/\/tomajazz.com\/web\/vlady-bas-1929-2026-in-memoriam\/\">Contin\u00faa leyendo<\/a><\/span><\/p>\n","protected":false},"author":1,"featured_media":104417,"comment_status":"open","ping_status":"closed","sticky":false,"template":"","format":"standard","meta":{"jetpack_post_was_ever_published":false,"_jetpack_newsletter_access":"","_jetpack_dont_email_post_to_subs":false,"_jetpack_newsletter_tier_id":0,"_jetpack_memberships_contains_paywalled_content":false,"_jetpack_memberships_contains_paid_content":false,"footnotes":""},"categories":[31927,17850,24822,15517,1038],"tags":[22084,33199,187,10668],"class_list":["entry","author-pachi","has-excerpt","post-104416","post","type-post","status-publish","format-standard","has-post-thumbnail","category-in-memoriam","category-sergio-cabanillas","category-articulos","category-textos","category-contenidos","tag-jose-ramon-rubio","tag-paula-bas","tag-sergio-cabanillas","tag-vlady-bas"],"jetpack_featured_media_url":"https:\/\/tomajazz.com\/web\/wp-content\/uploads\/2026\/03\/PAULA-BAS-VLADY-BAS-5127-CABANIJAZZ-20070713-rdm-Tomajazz.jpg","jetpack_likes_enabled":true,"jetpack_sharing_enabled":true,"jetpack-related-posts":[{"id":104735,"url":"https:\/\/tomajazz.com\/web\/teheran-era-una-fiesta-y-vlady-bas-estaba-invitado-2026-04\/","url_meta":{"origin":104416,"position":0},"title":"Teher\u00e1n era una fiesta\u2026 y Vlady Bas estaba invitado. Por Chema Garc\u00eda [Escrito de jazz AKA El Rinc\u00f3n de Chema] [Marzo de 2026]","author":"Tomajazz","date":"6 abril, 2026","format":false,"excerpt":"Teher\u00e1n era una fiesta\u2026 y Vlady Bas estaba invitado. Es la entrega de abril de 2026 de Chema Garc\u00eda en El Rinc\u00f3n de Chema","rel":"","context":"En \u00abEl rinc\u00f3n de Chema\u00bb","block_context":{"text":"El rinc\u00f3n de Chema","link":"https:\/\/tomajazz.com\/web\/category\/contenidos\/especial-contenidos\/el-rincon-de-chema\/"},"img":{"alt_text":"Teher\u00e1n era una fiesta\u2026 y Vlady Bas estaba invitado. Por Chema Garc\u00eda [Escrito de jazz AKA El Rinc\u00f3n de Chema] [Abril de 2026] - Tomajazz - Teher\u00e1n era una fiesta\u2026 y Vlady Bas estaba invitado. Es la entrega de abril de 2026 de Chema Garc\u00eda en El Rinc\u00f3n de Chema","src":"https:\/\/i0.wp.com\/tomajazz.com\/web\/wp-content\/uploads\/2026\/04\/Free-Jazz-Vlady-Bas-en-la-Universidad.jpeg?resize=350%2C200&ssl=1","width":350,"height":200,"srcset":"https:\/\/i0.wp.com\/tomajazz.com\/web\/wp-content\/uploads\/2026\/04\/Free-Jazz-Vlady-Bas-en-la-Universidad.jpeg?resize=350%2C200&ssl=1 1x, https:\/\/i0.wp.com\/tomajazz.com\/web\/wp-content\/uploads\/2026\/04\/Free-Jazz-Vlady-Bas-en-la-Universidad.jpeg?resize=525%2C300&ssl=1 1.5x"},"classes":[]},{"id":14171,"url":"https:\/\/tomajazz.com\/web\/tomajazz-recupera-miguel-angel-chastang-cuatro-generaciones-por-pachi-tapiz\/","url_meta":{"origin":104416,"position":1},"title":"Tomajazz recupera&#8230; Miguel \u00c1ngel Chastang: cuatro generaciones, por Pachi Tapiz","author":"Tomajazz","date":"26 septiembre, 2014","format":false,"excerpt":"MIGUEL \u00c1NGEL CHASTANG: \u00a1Imag\u00ednate si ha mejorado el panorama musical en nuestro pa\u00eds! Recuerdo precisamente, ya que me hablas de Pedro Iturralde, que sol\u00eda ir a verle tocar al Whisky Jazz de Madrid. Este era el \u00fanico club de jazz que hab\u00eda en toda Espa\u00f1a. Todav\u00eda no exist\u00eda ning\u00fan festival\u2026","rel":"","context":"En \u00ab*_Pachi Tapiz\u00bb","block_context":{"text":"*_Pachi Tapiz","link":"https:\/\/tomajazz.com\/web\/category\/pachi-tapiz\/"},"img":{"alt_text":"Ciclo Directo Jazz, Conde Duque, Madrid, 24\/04\/2004","src":"https:\/\/i0.wp.com\/www.tomajazz.com\/web\/wp-content\/uploads\/2014\/09\/chastang_miguelangel_2007_3.jpg?resize=350%2C200","width":350,"height":200},"classes":[]},{"id":36804,"url":"https:\/\/tomajazz.com\/web\/razones-para-el-jazz-un-divulgador-del-jazz-paco-montes-423\/","url_meta":{"origin":104416,"position":2},"title":"Razones para el jazz: un divulgador del jazz. Paco Montes [424]","author":"Tomajazz","date":"18 mayo, 2018","format":false,"excerpt":"Un divulgador del jazz: Paco Montes. En la foto junto a Cifu y Vlady Bas. Seleccionado por Juan Antonio Serrano Cervantes. Fotograf\u00eda perteneciente al archivo privado de Juan Claudio Cifuentes (Cifu para todos sus amigos).","rel":"","context":"En \u00ab*_Juan Antonio Serrano Cervantes\u00bb","block_context":{"text":"*_Juan Antonio Serrano Cervantes","link":"https:\/\/tomajazz.com\/web\/category\/juan-antonio-serrano-cervantes\/"},"img":{"alt_text":"","src":"https:\/\/i0.wp.com\/tomajazz.com\/web\/wp-content\/uploads\/2018\/05\/1984-x-Vlady-Bas-Cifu-Paco-Montes.jpg?resize=350%2C200&ssl=1","width":350,"height":200,"srcset":"https:\/\/i0.wp.com\/tomajazz.com\/web\/wp-content\/uploads\/2018\/05\/1984-x-Vlady-Bas-Cifu-Paco-Montes.jpg?resize=350%2C200&ssl=1 1x, https:\/\/i0.wp.com\/tomajazz.com\/web\/wp-content\/uploads\/2018\/05\/1984-x-Vlady-Bas-Cifu-Paco-Montes.jpg?resize=525%2C300&ssl=1 1.5x, https:\/\/i0.wp.com\/tomajazz.com\/web\/wp-content\/uploads\/2018\/05\/1984-x-Vlady-Bas-Cifu-Paco-Montes.jpg?resize=700%2C400&ssl=1 2x"},"classes":[]},{"id":105032,"url":"https:\/\/tomajazz.com\/web\/errare-humanum-est-erdc-2026-04\/","url_meta":{"origin":104416,"position":3},"title":"Errare humanum est. Por Chema Garc\u00eda [Escrito de jazz AKA El Rinc\u00f3n de Chema] [Abril de 2026]","author":"Tomajazz","date":"24 abril, 2026","format":false,"excerpt":"Errare humanum est es la entrega de Chema Garc\u00eda en El Rinc\u00f3n de Chema de abril de 2026","rel":"","context":"En \u00abArt\u00edculos...\u00bb","block_context":{"text":"Art\u00edculos...","link":"https:\/\/tomajazz.com\/web\/category\/contenidos\/textos\/articulos\/"},"img":{"alt_text":"Errare humanum est. Por Chema Garc\u00eda [Escrito de jazz AKA El Rinc\u00f3n de Chema] [Abril de 2026] - Tomajazz - Errare humanum est es la entrega de Chema Garc\u00eda en El Rinc\u00f3n de Chema de abril de 2026","src":"https:\/\/i0.wp.com\/tomajazz.com\/web\/wp-content\/uploads\/2026\/04\/Armstrong-en-Alicante-.jpeg?resize=350%2C200&ssl=1","width":350,"height":200,"srcset":"https:\/\/i0.wp.com\/tomajazz.com\/web\/wp-content\/uploads\/2026\/04\/Armstrong-en-Alicante-.jpeg?resize=350%2C200&ssl=1 1x, https:\/\/i0.wp.com\/tomajazz.com\/web\/wp-content\/uploads\/2026\/04\/Armstrong-en-Alicante-.jpeg?resize=525%2C300&ssl=1 1.5x, https:\/\/i0.wp.com\/tomajazz.com\/web\/wp-content\/uploads\/2026\/04\/Armstrong-en-Alicante-.jpeg?resize=700%2C400&ssl=1 2x"},"classes":[]},{"id":5933,"url":"https:\/\/tomajazz.com\/web\/ecm-y-jazz-from-spain\/","url_meta":{"origin":104416,"position":4},"title":"ECM y Jazz From Spain","author":"Tomajazz","date":"24 abril, 2013","format":false,"excerpt":"Adem\u00e1s de en el jazz (Keith Jarret es uno de sus artistas exclusivos), el sello alem\u00e1n ECM se ha abierto desde sus inicios a propuestas de otras m\u00fasicas, entre otros, por medio del cat\u00e1logo ECM New Series. Un m\u00fasico fundamental en ese apartado jazz\u00edstico como es el saxofonista Jan Garbarek,\u2026","rel":"","context":"En \u00ab*_Pachi Tapiz\u00bb","block_context":{"text":"*_Pachi Tapiz","link":"https:\/\/tomajazz.com\/web\/category\/pachi-tapiz\/"},"img":{"alt_text":"Eleni Karaindrou","src":"https:\/\/i0.wp.com\/www.tomajazz.com\/web\/wp-content\/uploads\/2013\/04\/Eleni-Karaindrou.jpg?resize=350%2C200","width":350,"height":200},"classes":[]},{"id":13964,"url":"https:\/\/tomajazz.com\/web\/miguel-angel-chastang-cuatro-generaciones-por-pachi-tapiz\/","url_meta":{"origin":104416,"position":5},"title":"Miguel \u00c1ngel Chastang: cuatro generaciones, por Pachi Tapiz","author":"Sergio Cabanillas","date":"25 febrero, 2007","format":false,"excerpt":"\u00a0 \u00a0 Miguel \u00c1ngel Chastang es uno de los contrabajistas m\u00e1s reputados de la escena nacional. Con un amplio historial a sus espaldas, recientemente ha publicado Four Generations: se trata de una de las mejores grabaciones nacionales de 2006, en la que ha contado con la participaci\u00f3n del bater\u00eda Al\u2026","rel":"","context":"En \u00ab*_Pachi Tapiz\u00bb","block_context":{"text":"*_Pachi Tapiz","link":"https:\/\/tomajazz.com\/web\/category\/pachi-tapiz\/"},"img":{"alt_text":"I Festival Jazz a Solo, Madrid, 22\/04\/2004 \u00a9 Sergio Cabanillas, 2004","src":"https:\/\/i0.wp.com\/www.tomajazz.com\/web\/wp-content\/uploads\/2014\/09\/chastang_miguelangel_2007_1.jpg?resize=350%2C200","width":350,"height":200},"classes":[]}],"_links":{"self":[{"href":"https:\/\/tomajazz.com\/web\/wp-json\/wp\/v2\/posts\/104416","targetHints":{"allow":["GET"]}}],"collection":[{"href":"https:\/\/tomajazz.com\/web\/wp-json\/wp\/v2\/posts"}],"about":[{"href":"https:\/\/tomajazz.com\/web\/wp-json\/wp\/v2\/types\/post"}],"author":[{"embeddable":true,"href":"https:\/\/tomajazz.com\/web\/wp-json\/wp\/v2\/users\/1"}],"replies":[{"embeddable":true,"href":"https:\/\/tomajazz.com\/web\/wp-json\/wp\/v2\/comments?post=104416"}],"version-history":[{"count":3,"href":"https:\/\/tomajazz.com\/web\/wp-json\/wp\/v2\/posts\/104416\/revisions"}],"predecessor-version":[{"id":104420,"href":"https:\/\/tomajazz.com\/web\/wp-json\/wp\/v2\/posts\/104416\/revisions\/104420"}],"wp:featuredmedia":[{"embeddable":true,"href":"https:\/\/tomajazz.com\/web\/wp-json\/wp\/v2\/media\/104417"}],"wp:attachment":[{"href":"https:\/\/tomajazz.com\/web\/wp-json\/wp\/v2\/media?parent=104416"}],"wp:term":[{"taxonomy":"category","embeddable":true,"href":"https:\/\/tomajazz.com\/web\/wp-json\/wp\/v2\/categories?post=104416"},{"taxonomy":"post_tag","embeddable":true,"href":"https:\/\/tomajazz.com\/web\/wp-json\/wp\/v2\/tags?post=104416"}],"curies":[{"name":"wp","href":"https:\/\/api.w.org\/{rel}","templated":true}]}}