{"id":104502,"date":"2026-03-21T17:00:44","date_gmt":"2026-03-21T16:00:44","guid":{"rendered":"https:\/\/tomajazz.com\/web\/?p=104502"},"modified":"2026-03-21T14:58:43","modified_gmt":"2026-03-21T13:58:43","slug":"compania-manuel-linan-muerta-de-amor-flamencuras-2026","status":"publish","type":"post","link":"https:\/\/tomajazz.com\/web\/compania-manuel-linan-muerta-de-amor-flamencuras-2026\/","title":{"rendered":"Compa\u00f1\u00eda Manuel Li\u00f1\u00e1n \u201cMuerta de Amor\u00bb (Teatre Auditori de Granollers -sala gran-, 2026-02-13 \/ Granollers -Barcelona-) Por Joan Cort\u00e8s [Flamencuras AKA INSTANTZZ AKA Galer\u00eda fotogr\u00e1fica AKA Fotoblog de jazz, impro\u2026 y algo m\u00e1s]"},"content":{"rendered":"<h3>Compa\u00f1\u00eda Manuel Li\u00f1\u00e1n \u201cMuerta de Amor\u00bb<\/h3>\n<h3>Teatre Auditori de Granollers<\/h3>\n<ul>\n<li>Fecha: Viernes, 13 de febrero de 2026<\/li>\n<li>Lugar: Teatre Auditori Granollers (Granollers -Barcelona-)<\/li>\n<li>Formaci\u00f3n:<strong><br \/>\nCompa\u00f1\u00eda Manuel Li\u00f1\u00e1n <\/strong>\u201cMuerta de Amor\u201d<br \/>\nManuel Li\u00f1\u00e1n, direcci\u00f3n, coreograf\u00eda, baile y cante<br \/>\nJos\u00e9 Maldonado, baile y cante<br \/>\nJuan Tom\u00e1s de la Mol\u00eda, baile y cante<br \/>\nMiguel Heredia, baile y cante<br \/>\nJos\u00e9 \u00c1ngel Capel, baile y cante<br \/>\nDavid Acero, baile y cante<br \/>\n\u00c1ngel Reyes, baile y cante<br \/>\nMara Rey, cante<br \/>\nJuan de la Mar\u00eda, cante<br \/>\nFrancisco Vinuesa, m\u00fasica original y guitarra<br \/>\nV\u00edctor Guadiana, espacio sonoro y violines<br \/>\nJavier Teruel, percusi\u00f3n<br \/>\nErnesto Artillo, colaboraci\u00f3n en la direcci\u00f3n y dise\u00f1o escenograf\u00eda<br \/>\nGloria Montesinos, dise\u00f1o escenograf\u00eda y dise\u00f1o iluminaci\u00f3n<\/li>\n<\/ul>\n<p style=\"text-align: center;\"><img loading=\"lazy\" decoding=\"async\" class=\"aligncenter size-full wp-image-104503\" title=\"Compa\u00f1\u00eda Manuel Li\u00f1\u00e1n \u201cMuerta de Amor&quot; (Teatre Auditori de Granollers -sala gran-, 2026-02-13 \/ Granollers -Barcelona-) Por Joan Cort\u00e8s [Flamencuras AKA INSTANTZZ AKA Galer\u00eda fotogr\u00e1fica AKA Fotoblog de jazz, impro\u2026 y algo m\u00e1s] Tomajazz 01 Mnl L\u00f1n \u00a9Joan Cort\u00e8s 13fbr26 Ttr dtr Grnllrs\" src=\"https:\/\/tomajazz.com\/web\/wp-content\/uploads\/2026\/03\/01-Mnl-Lnn-\u00a9Joan-Cortes-13fbr26-Ttr-dtr-Grnllrs.jpg\" alt=\"Compa\u00f1\u00eda Manuel Li\u00f1\u00e1n \u201cMuerta de Amor&quot; (Teatre Auditori de Granollers -sala gran-, 2026-02-13 \/ Granollers -Barcelona-) Por Joan Cort\u00e8s [Flamencuras AKA INSTANTZZ AKA Galer\u00eda fotogr\u00e1fica AKA Fotoblog de jazz, impro\u2026 y algo m\u00e1s] - Tomajazz - Compa\u00f1\u00eda Manuel Li\u00f1\u00e1n \u201cMuerta de Amor&quot; actu\u00f3 en el Teatre Auditori de Granollers el 13 de febrero de 2026. Joan Cort\u00e8s lo retrata en las Flamencuras de INSTANTZZ\" width=\"600\" height=\"400\" srcset=\"https:\/\/tomajazz.com\/web\/wp-content\/uploads\/2026\/03\/01-Mnl-Lnn-\u00a9Joan-Cortes-13fbr26-Ttr-dtr-Grnllrs.jpg 600w, https:\/\/tomajazz.com\/web\/wp-content\/uploads\/2026\/03\/01-Mnl-Lnn-\u00a9Joan-Cortes-13fbr26-Ttr-dtr-Grnllrs-300x200.jpg 300w, https:\/\/tomajazz.com\/web\/wp-content\/uploads\/2026\/03\/01-Mnl-Lnn-\u00a9Joan-Cortes-13fbr26-Ttr-dtr-Grnllrs-465x310.jpg 465w\" sizes=\"auto, (max-width: 600px) 100vw, 600px\" \/><\/p>\n<p><img loading=\"lazy\" decoding=\"async\" class=\"aligncenter size-large wp-image-104504\" title=\"Compa\u00f1\u00eda Manuel Li\u00f1\u00e1n \u201cMuerta de Amor&quot; (Teatre Auditori de Granollers -sala gran-, 2026-02-13 \/ Granollers -Barcelona-) Por Joan Cort\u00e8s [Flamencuras AKA INSTANTZZ AKA Galer\u00eda fotogr\u00e1fica AKA Fotoblog de jazz, impro\u2026 y algo m\u00e1s] Tomajazz 02 Mnl L\u00f1n \u00a9Joan Cort\u00e8s 13fbr26 Ttr dtr Grnllrs\" src=\"https:\/\/tomajazz.com\/web\/wp-content\/uploads\/2026\/03\/02-Mnl-Lnn-\u00a9Joan-Cortes-13fbr26-Ttr-dtr-Grnllrs.jpg\" alt=\"Compa\u00f1\u00eda Manuel Li\u00f1\u00e1n \u201cMuerta de Amor&quot; (Teatre Auditori de Granollers -sala gran-, 2026-02-13 \/ Granollers -Barcelona-) Por Joan Cort\u00e8s [Flamencuras AKA INSTANTZZ AKA Galer\u00eda fotogr\u00e1fica AKA Fotoblog de jazz, impro\u2026 y algo m\u00e1s] - Tomajazz - Compa\u00f1\u00eda Manuel Li\u00f1\u00e1n \u201cMuerta de Amor&quot; actu\u00f3 en el Teatre Auditori de Granollers el 13 de febrero de 2026. Joan Cort\u00e8s lo retrata en las Flamencuras de INSTANTZZ\" width=\"600\" height=\"400\" srcset=\"https:\/\/tomajazz.com\/web\/wp-content\/uploads\/2026\/03\/02-Mnl-Lnn-\u00a9Joan-Cortes-13fbr26-Ttr-dtr-Grnllrs.jpg 600w, https:\/\/tomajazz.com\/web\/wp-content\/uploads\/2026\/03\/02-Mnl-Lnn-\u00a9Joan-Cortes-13fbr26-Ttr-dtr-Grnllrs-300x200.jpg 300w, https:\/\/tomajazz.com\/web\/wp-content\/uploads\/2026\/03\/02-Mnl-Lnn-\u00a9Joan-Cortes-13fbr26-Ttr-dtr-Grnllrs-465x310.jpg 465w\" sizes=\"auto, (max-width: 600px) 100vw, 600px\" \/><\/p>\n<p><img loading=\"lazy\" decoding=\"async\" class=\"aligncenter size-large wp-image-104505\" title=\"Compa\u00f1\u00eda Manuel Li\u00f1\u00e1n \u201cMuerta de Amor&quot; (Teatre Auditori de Granollers -sala gran-, 2026-02-13 \/ Granollers -Barcelona-) Por Joan Cort\u00e8s [Flamencuras AKA INSTANTZZ AKA Galer\u00eda fotogr\u00e1fica AKA Fotoblog de jazz, impro\u2026 y algo m\u00e1s] Tomajazz 03 Mnl L\u00f1n \u00a9Joan Cort\u00e8s 13fbr26 Ttr dtr Grnllrs\" src=\"https:\/\/tomajazz.com\/web\/wp-content\/uploads\/2026\/03\/03-Mnl-Lnn-\u00a9Joan-Cortes-13fbr26-Ttr-dtr-Grnllrs.jpg\" alt=\"Compa\u00f1\u00eda Manuel Li\u00f1\u00e1n \u201cMuerta de Amor&quot; (Teatre Auditori de Granollers -sala gran-, 2026-02-13 \/ Granollers -Barcelona-) Por Joan Cort\u00e8s [Flamencuras AKA INSTANTZZ AKA Galer\u00eda fotogr\u00e1fica AKA Fotoblog de jazz, impro\u2026 y algo m\u00e1s] - Tomajazz - Compa\u00f1\u00eda Manuel Li\u00f1\u00e1n \u201cMuerta de Amor&quot; actu\u00f3 en el Teatre Auditori de Granollers el 13 de febrero de 2026. Joan Cort\u00e8s lo retrata en las Flamencuras de INSTANTZZ\" width=\"600\" height=\"400\" srcset=\"https:\/\/tomajazz.com\/web\/wp-content\/uploads\/2026\/03\/03-Mnl-Lnn-\u00a9Joan-Cortes-13fbr26-Ttr-dtr-Grnllrs.jpg 600w, https:\/\/tomajazz.com\/web\/wp-content\/uploads\/2026\/03\/03-Mnl-Lnn-\u00a9Joan-Cortes-13fbr26-Ttr-dtr-Grnllrs-300x200.jpg 300w, https:\/\/tomajazz.com\/web\/wp-content\/uploads\/2026\/03\/03-Mnl-Lnn-\u00a9Joan-Cortes-13fbr26-Ttr-dtr-Grnllrs-465x310.jpg 465w\" sizes=\"auto, (max-width: 600px) 100vw, 600px\" \/><\/p>\n<p><img loading=\"lazy\" decoding=\"async\" class=\"aligncenter size-large wp-image-104506\" title=\"Compa\u00f1\u00eda Manuel Li\u00f1\u00e1n \u201cMuerta de Amor&quot; (Teatre Auditori de Granollers -sala gran-, 2026-02-13 \/ Granollers -Barcelona-) Por Joan Cort\u00e8s [Flamencuras AKA INSTANTZZ AKA Galer\u00eda fotogr\u00e1fica AKA Fotoblog de jazz, impro\u2026 y algo m\u00e1s] Tomajazz 04 Mnl L\u00f1n \u00a9Joan Cort\u00e8s 13fbr26 Ttr dtr Grnllrs\" src=\"https:\/\/tomajazz.com\/web\/wp-content\/uploads\/2026\/03\/04-Mnl-Lnn-\u00a9Joan-Cortes-13fbr26-Ttr-dtr-Grnllrs.jpg\" alt=\"Compa\u00f1\u00eda Manuel Li\u00f1\u00e1n \u201cMuerta de Amor&quot; (Teatre Auditori de Granollers -sala gran-, 2026-02-13 \/ Granollers -Barcelona-) Por Joan Cort\u00e8s [Flamencuras AKA INSTANTZZ AKA Galer\u00eda fotogr\u00e1fica AKA Fotoblog de jazz, impro\u2026 y algo m\u00e1s] - Tomajazz - Compa\u00f1\u00eda Manuel Li\u00f1\u00e1n \u201cMuerta de Amor&quot; actu\u00f3 en el Teatre Auditori de Granollers el 13 de febrero de 2026. Joan Cort\u00e8s lo retrata en las Flamencuras de INSTANTZZ\" width=\"600\" height=\"400\" srcset=\"https:\/\/tomajazz.com\/web\/wp-content\/uploads\/2026\/03\/04-Mnl-Lnn-\u00a9Joan-Cortes-13fbr26-Ttr-dtr-Grnllrs.jpg 600w, https:\/\/tomajazz.com\/web\/wp-content\/uploads\/2026\/03\/04-Mnl-Lnn-\u00a9Joan-Cortes-13fbr26-Ttr-dtr-Grnllrs-300x200.jpg 300w, https:\/\/tomajazz.com\/web\/wp-content\/uploads\/2026\/03\/04-Mnl-Lnn-\u00a9Joan-Cortes-13fbr26-Ttr-dtr-Grnllrs-465x310.jpg 465w\" sizes=\"auto, (max-width: 600px) 100vw, 600px\" \/><\/p>\n<p><img loading=\"lazy\" decoding=\"async\" class=\"aligncenter size-large wp-image-104507\" title=\"Compa\u00f1\u00eda Manuel Li\u00f1\u00e1n \u201cMuerta de Amor&quot; (Teatre Auditori de Granollers -sala gran-, 2026-02-13 \/ Granollers -Barcelona-) Por Joan Cort\u00e8s [Flamencuras AKA INSTANTZZ AKA Galer\u00eda fotogr\u00e1fica AKA Fotoblog de jazz, impro\u2026 y algo m\u00e1s] Tomajazz 05 Mnl L\u00f1n \u00a9Joan Cort\u00e8s 13fbr26 Ttr dtr Grnllrs\" src=\"https:\/\/tomajazz.com\/web\/wp-content\/uploads\/2026\/03\/05-Mnl-Lnn-\u00a9Joan-Cortes-13fbr26-Ttr-dtr-Grnllrs.jpg\" alt=\"Compa\u00f1\u00eda Manuel Li\u00f1\u00e1n \u201cMuerta de Amor&quot; (Teatre Auditori de Granollers -sala gran-, 2026-02-13 \/ Granollers -Barcelona-) Por Joan Cort\u00e8s [Flamencuras AKA INSTANTZZ AKA Galer\u00eda fotogr\u00e1fica AKA Fotoblog de jazz, impro\u2026 y algo m\u00e1s] - Tomajazz - Compa\u00f1\u00eda Manuel Li\u00f1\u00e1n \u201cMuerta de Amor&quot; actu\u00f3 en el Teatre Auditori de Granollers el 13 de febrero de 2026. Joan Cort\u00e8s lo retrata en las Flamencuras de INSTANTZZ\" width=\"600\" height=\"400\" srcset=\"https:\/\/tomajazz.com\/web\/wp-content\/uploads\/2026\/03\/05-Mnl-Lnn-\u00a9Joan-Cortes-13fbr26-Ttr-dtr-Grnllrs.jpg 600w, https:\/\/tomajazz.com\/web\/wp-content\/uploads\/2026\/03\/05-Mnl-Lnn-\u00a9Joan-Cortes-13fbr26-Ttr-dtr-Grnllrs-300x200.jpg 300w, https:\/\/tomajazz.com\/web\/wp-content\/uploads\/2026\/03\/05-Mnl-Lnn-\u00a9Joan-Cortes-13fbr26-Ttr-dtr-Grnllrs-465x310.jpg 465w\" sizes=\"auto, (max-width: 600px) 100vw, 600px\" \/><\/p>\n<p><img loading=\"lazy\" decoding=\"async\" class=\"aligncenter size-large wp-image-104508\" title=\"Compa\u00f1\u00eda Manuel Li\u00f1\u00e1n \u201cMuerta de Amor&quot; (Teatre Auditori de Granollers -sala gran-, 2026-02-13 \/ Granollers -Barcelona-) Por Joan Cort\u00e8s [Flamencuras AKA INSTANTZZ AKA Galer\u00eda fotogr\u00e1fica AKA Fotoblog de jazz, impro\u2026 y algo m\u00e1s] Tomajazz 06 Mnl L\u00f1n \u00a9Joan Cort\u00e8s 13fbr26 Ttr dtr Grnllrs\" src=\"https:\/\/tomajazz.com\/web\/wp-content\/uploads\/2026\/03\/06-Mnl-Lnn-\u00a9Joan-Cortes-13fbr26-Ttr-dtr-Grnllrs.jpg\" alt=\"Compa\u00f1\u00eda Manuel Li\u00f1\u00e1n \u201cMuerta de Amor&quot; (Teatre Auditori de Granollers -sala gran-, 2026-02-13 \/ Granollers -Barcelona-) Por Joan Cort\u00e8s [Flamencuras AKA INSTANTZZ AKA Galer\u00eda fotogr\u00e1fica AKA Fotoblog de jazz, impro\u2026 y algo m\u00e1s] - Tomajazz - Compa\u00f1\u00eda Manuel Li\u00f1\u00e1n \u201cMuerta de Amor&quot; actu\u00f3 en el Teatre Auditori de Granollers el 13 de febrero de 2026. Joan Cort\u00e8s lo retrata en las Flamencuras de INSTANTZZ\" width=\"600\" height=\"400\" srcset=\"https:\/\/tomajazz.com\/web\/wp-content\/uploads\/2026\/03\/06-Mnl-Lnn-\u00a9Joan-Cortes-13fbr26-Ttr-dtr-Grnllrs.jpg 600w, https:\/\/tomajazz.com\/web\/wp-content\/uploads\/2026\/03\/06-Mnl-Lnn-\u00a9Joan-Cortes-13fbr26-Ttr-dtr-Grnllrs-300x200.jpg 300w, https:\/\/tomajazz.com\/web\/wp-content\/uploads\/2026\/03\/06-Mnl-Lnn-\u00a9Joan-Cortes-13fbr26-Ttr-dtr-Grnllrs-465x310.jpg 465w\" sizes=\"auto, (max-width: 600px) 100vw, 600px\" \/><\/p>\n<p><img loading=\"lazy\" decoding=\"async\" class=\"aligncenter size-large wp-image-104509\" title=\"Compa\u00f1\u00eda Manuel Li\u00f1\u00e1n \u201cMuerta de Amor&quot; (Teatre Auditori de Granollers -sala gran-, 2026-02-13 \/ Granollers -Barcelona-) Por Joan Cort\u00e8s [Flamencuras AKA INSTANTZZ AKA Galer\u00eda fotogr\u00e1fica AKA Fotoblog de jazz, impro\u2026 y algo m\u00e1s] Tomajazz 07 Mnl L\u00f1n \u00a9Joan Cort\u00e8s 13fbr26 Ttr dtr Grnllrs\" src=\"https:\/\/tomajazz.com\/web\/wp-content\/uploads\/2026\/03\/07-Mnl-Lnn-\u00a9Joan-Cortes-13fbr26-Ttr-dtr-Grnllrs.jpg\" alt=\"Compa\u00f1\u00eda Manuel Li\u00f1\u00e1n \u201cMuerta de Amor&quot; (Teatre Auditori de Granollers -sala gran-, 2026-02-13 \/ Granollers -Barcelona-) Por Joan Cort\u00e8s [Flamencuras AKA INSTANTZZ AKA Galer\u00eda fotogr\u00e1fica AKA Fotoblog de jazz, impro\u2026 y algo m\u00e1s] - Tomajazz - Compa\u00f1\u00eda Manuel Li\u00f1\u00e1n \u201cMuerta de Amor&quot; actu\u00f3 en el Teatre Auditori de Granollers el 13 de febrero de 2026. Joan Cort\u00e8s lo retrata en las Flamencuras de INSTANTZZ\" width=\"600\" height=\"400\" srcset=\"https:\/\/tomajazz.com\/web\/wp-content\/uploads\/2026\/03\/07-Mnl-Lnn-\u00a9Joan-Cortes-13fbr26-Ttr-dtr-Grnllrs.jpg 600w, https:\/\/tomajazz.com\/web\/wp-content\/uploads\/2026\/03\/07-Mnl-Lnn-\u00a9Joan-Cortes-13fbr26-Ttr-dtr-Grnllrs-300x200.jpg 300w, https:\/\/tomajazz.com\/web\/wp-content\/uploads\/2026\/03\/07-Mnl-Lnn-\u00a9Joan-Cortes-13fbr26-Ttr-dtr-Grnllrs-465x310.jpg 465w\" sizes=\"auto, (max-width: 600px) 100vw, 600px\" \/><\/p>\n<p><img loading=\"lazy\" decoding=\"async\" class=\"aligncenter size-large wp-image-104510\" title=\"Compa\u00f1\u00eda Manuel Li\u00f1\u00e1n \u201cMuerta de Amor&quot; (Teatre Auditori de Granollers -sala gran-, 2026-02-13 \/ Granollers -Barcelona-) Por Joan Cort\u00e8s [Flamencuras AKA INSTANTZZ AKA Galer\u00eda fotogr\u00e1fica AKA Fotoblog de jazz, impro\u2026 y algo m\u00e1s] Tomajazz 08 Mnl L\u00f1n \u00a9Joan Cort\u00e8s 13fbr26 Ttr dtr Grnllrs\" src=\"https:\/\/tomajazz.com\/web\/wp-content\/uploads\/2026\/03\/08-Mnl-Lnn-\u00a9Joan-Cortes-13fbr26-Ttr-dtr-Grnllrs.jpg\" alt=\"Compa\u00f1\u00eda Manuel Li\u00f1\u00e1n \u201cMuerta de Amor&quot; (Teatre Auditori de Granollers -sala gran-, 2026-02-13 \/ Granollers -Barcelona-) Por Joan Cort\u00e8s [Flamencuras AKA INSTANTZZ AKA Galer\u00eda fotogr\u00e1fica AKA Fotoblog de jazz, impro\u2026 y algo m\u00e1s] - Tomajazz - Compa\u00f1\u00eda Manuel Li\u00f1\u00e1n \u201cMuerta de Amor&quot; actu\u00f3 en el Teatre Auditori de Granollers el 13 de febrero de 2026. Joan Cort\u00e8s lo retrata en las Flamencuras de INSTANTZZ\" width=\"400\" height=\"600\" srcset=\"https:\/\/tomajazz.com\/web\/wp-content\/uploads\/2026\/03\/08-Mnl-Lnn-\u00a9Joan-Cortes-13fbr26-Ttr-dtr-Grnllrs.jpg 400w, https:\/\/tomajazz.com\/web\/wp-content\/uploads\/2026\/03\/08-Mnl-Lnn-\u00a9Joan-Cortes-13fbr26-Ttr-dtr-Grnllrs-200x300.jpg 200w, https:\/\/tomajazz.com\/web\/wp-content\/uploads\/2026\/03\/08-Mnl-Lnn-\u00a9Joan-Cortes-13fbr26-Ttr-dtr-Grnllrs-367x550.jpg 367w, https:\/\/tomajazz.com\/web\/wp-content\/uploads\/2026\/03\/08-Mnl-Lnn-\u00a9Joan-Cortes-13fbr26-Ttr-dtr-Grnllrs-333x500.jpg 333w\" sizes=\"auto, (max-width: 400px) 100vw, 400px\" \/><\/p>\n<p><img loading=\"lazy\" decoding=\"async\" class=\"aligncenter size-large wp-image-104511\" title=\"Compa\u00f1\u00eda Manuel Li\u00f1\u00e1n \u201cMuerta de Amor&quot; (Teatre Auditori de Granollers -sala gran-, 2026-02-13 \/ Granollers -Barcelona-) Por Joan Cort\u00e8s [Flamencuras AKA INSTANTZZ AKA Galer\u00eda fotogr\u00e1fica AKA Fotoblog de jazz, impro\u2026 y algo m\u00e1s] Tomajazz 09 Mnl L\u00f1n \u00a9Joan Cort\u00e8s 13fbr26 Ttr dtr Grnllrs\" src=\"https:\/\/tomajazz.com\/web\/wp-content\/uploads\/2026\/03\/09-Mnl-Lnn-\u00a9Joan-Cortes-13fbr26-Ttr-dtr-Grnllrs.jpg\" alt=\"Compa\u00f1\u00eda Manuel Li\u00f1\u00e1n \u201cMuerta de Amor&quot; (Teatre Auditori de Granollers -sala gran-, 2026-02-13 \/ Granollers -Barcelona-) Por Joan Cort\u00e8s [Flamencuras AKA INSTANTZZ AKA Galer\u00eda fotogr\u00e1fica AKA Fotoblog de jazz, impro\u2026 y algo m\u00e1s] - Tomajazz - Compa\u00f1\u00eda Manuel Li\u00f1\u00e1n \u201cMuerta de Amor&quot; actu\u00f3 en el Teatre Auditori de Granollers el 13 de febrero de 2026. Joan Cort\u00e8s lo retrata en las Flamencuras de INSTANTZZ\" width=\"400\" height=\"600\" srcset=\"https:\/\/tomajazz.com\/web\/wp-content\/uploads\/2026\/03\/09-Mnl-Lnn-\u00a9Joan-Cortes-13fbr26-Ttr-dtr-Grnllrs.jpg 400w, https:\/\/tomajazz.com\/web\/wp-content\/uploads\/2026\/03\/09-Mnl-Lnn-\u00a9Joan-Cortes-13fbr26-Ttr-dtr-Grnllrs-200x300.jpg 200w, https:\/\/tomajazz.com\/web\/wp-content\/uploads\/2026\/03\/09-Mnl-Lnn-\u00a9Joan-Cortes-13fbr26-Ttr-dtr-Grnllrs-367x550.jpg 367w, https:\/\/tomajazz.com\/web\/wp-content\/uploads\/2026\/03\/09-Mnl-Lnn-\u00a9Joan-Cortes-13fbr26-Ttr-dtr-Grnllrs-333x500.jpg 333w\" sizes=\"auto, (max-width: 400px) 100vw, 400px\" \/><\/p>\n<p><img loading=\"lazy\" decoding=\"async\" class=\"aligncenter size-large wp-image-104512\" title=\"Compa\u00f1\u00eda Manuel Li\u00f1\u00e1n \u201cMuerta de Amor&quot; (Teatre Auditori de Granollers -sala gran-, 2026-02-13 \/ Granollers -Barcelona-) Por Joan Cort\u00e8s [Flamencuras AKA INSTANTZZ AKA Galer\u00eda fotogr\u00e1fica AKA Fotoblog de jazz, impro\u2026 y algo m\u00e1s] Tomajazz 10 Mnl L\u00f1n \u00a9Joan Cort\u00e8s 13fbr26 Ttr dtr Grnllrs\" src=\"https:\/\/tomajazz.com\/web\/wp-content\/uploads\/2026\/03\/10-Mnl-Lnn-\u00a9Joan-Cortes-13fbr26-Ttr-dtr-Grnllrs.jpg\" alt=\"Compa\u00f1\u00eda Manuel Li\u00f1\u00e1n \u201cMuerta de Amor&quot; (Teatre Auditori de Granollers -sala gran-, 2026-02-13 \/ Granollers -Barcelona-) Por Joan Cort\u00e8s [Flamencuras AKA INSTANTZZ AKA Galer\u00eda fotogr\u00e1fica AKA Fotoblog de jazz, impro\u2026 y algo m\u00e1s] - Tomajazz - Compa\u00f1\u00eda Manuel Li\u00f1\u00e1n \u201cMuerta de Amor&quot; actu\u00f3 en el Teatre Auditori de Granollers el 13 de febrero de 2026. Joan Cort\u00e8s lo retrata en las Flamencuras de INSTANTZZ\" width=\"400\" height=\"600\" srcset=\"https:\/\/tomajazz.com\/web\/wp-content\/uploads\/2026\/03\/10-Mnl-Lnn-\u00a9Joan-Cortes-13fbr26-Ttr-dtr-Grnllrs.jpg 400w, https:\/\/tomajazz.com\/web\/wp-content\/uploads\/2026\/03\/10-Mnl-Lnn-\u00a9Joan-Cortes-13fbr26-Ttr-dtr-Grnllrs-200x300.jpg 200w, https:\/\/tomajazz.com\/web\/wp-content\/uploads\/2026\/03\/10-Mnl-Lnn-\u00a9Joan-Cortes-13fbr26-Ttr-dtr-Grnllrs-367x550.jpg 367w, https:\/\/tomajazz.com\/web\/wp-content\/uploads\/2026\/03\/10-Mnl-Lnn-\u00a9Joan-Cortes-13fbr26-Ttr-dtr-Grnllrs-333x500.jpg 333w\" sizes=\"auto, (max-width: 400px) 100vw, 400px\" \/><\/p>\n<p><img loading=\"lazy\" decoding=\"async\" class=\"aligncenter size-large wp-image-104513\" title=\"Compa\u00f1\u00eda Manuel Li\u00f1\u00e1n \u201cMuerta de Amor&quot; (Teatre Auditori de Granollers -sala gran-, 2026-02-13 \/ Granollers -Barcelona-) Por Joan Cort\u00e8s [Flamencuras AKA INSTANTZZ AKA Galer\u00eda fotogr\u00e1fica AKA Fotoblog de jazz, impro\u2026 y algo m\u00e1s] Tomajazz 11 Mnl L\u00f1n \u00a9Joan Cort\u00e8s 13fbr26 Ttr dtr Grnllrs\" src=\"https:\/\/tomajazz.com\/web\/wp-content\/uploads\/2026\/03\/11-Mnl-Lnn-\u00a9Joan-Cortes-13fbr26-Ttr-dtr-Grnllrs.jpg\" alt=\"Compa\u00f1\u00eda Manuel Li\u00f1\u00e1n \u201cMuerta de Amor&quot; (Teatre Auditori de Granollers -sala gran-, 2026-02-13 \/ Granollers -Barcelona-) Por Joan Cort\u00e8s [Flamencuras AKA INSTANTZZ AKA Galer\u00eda fotogr\u00e1fica AKA Fotoblog de jazz, impro\u2026 y algo m\u00e1s] - Tomajazz - Compa\u00f1\u00eda Manuel Li\u00f1\u00e1n \u201cMuerta de Amor&quot; actu\u00f3 en el Teatre Auditori de Granollers el 13 de febrero de 2026. Joan Cort\u00e8s lo retrata en las Flamencuras de INSTANTZZ\" width=\"600\" height=\"400\" srcset=\"https:\/\/tomajazz.com\/web\/wp-content\/uploads\/2026\/03\/11-Mnl-Lnn-\u00a9Joan-Cortes-13fbr26-Ttr-dtr-Grnllrs.jpg 600w, https:\/\/tomajazz.com\/web\/wp-content\/uploads\/2026\/03\/11-Mnl-Lnn-\u00a9Joan-Cortes-13fbr26-Ttr-dtr-Grnllrs-300x200.jpg 300w, https:\/\/tomajazz.com\/web\/wp-content\/uploads\/2026\/03\/11-Mnl-Lnn-\u00a9Joan-Cortes-13fbr26-Ttr-dtr-Grnllrs-465x310.jpg 465w\" sizes=\"auto, (max-width: 600px) 100vw, 600px\" \/><\/p>\n<p><img loading=\"lazy\" decoding=\"async\" class=\"aligncenter size-large wp-image-104514\" title=\"Compa\u00f1\u00eda Manuel Li\u00f1\u00e1n \u201cMuerta de Amor&quot; (Teatre Auditori de Granollers -sala gran-, 2026-02-13 \/ Granollers -Barcelona-) Por Joan Cort\u00e8s [Flamencuras AKA INSTANTZZ AKA Galer\u00eda fotogr\u00e1fica AKA Fotoblog de jazz, impro\u2026 y algo m\u00e1s] Tomajazz 12 Mnl L\u00f1n \u00a9Joan Cort\u00e8s 13fbr26 Ttr dtr Grnllrs\" src=\"https:\/\/tomajazz.com\/web\/wp-content\/uploads\/2026\/03\/12-Mnl-Lnn-\u00a9Joan-Cortes-13fbr26-Ttr-dtr-Grnllrs.jpg\" alt=\"Compa\u00f1\u00eda Manuel Li\u00f1\u00e1n \u201cMuerta de Amor&quot; (Teatre Auditori de Granollers -sala gran-, 2026-02-13 \/ Granollers -Barcelona-) Por Joan Cort\u00e8s [Flamencuras AKA INSTANTZZ AKA Galer\u00eda fotogr\u00e1fica AKA Fotoblog de jazz, impro\u2026 y algo m\u00e1s] - Tomajazz - Compa\u00f1\u00eda Manuel Li\u00f1\u00e1n \u201cMuerta de Amor&quot; actu\u00f3 en el Teatre Auditori de Granollers el 13 de febrero de 2026. Joan Cort\u00e8s lo retrata en las Flamencuras de INSTANTZZ\" width=\"600\" height=\"400\" srcset=\"https:\/\/tomajazz.com\/web\/wp-content\/uploads\/2026\/03\/12-Mnl-Lnn-\u00a9Joan-Cortes-13fbr26-Ttr-dtr-Grnllrs.jpg 600w, https:\/\/tomajazz.com\/web\/wp-content\/uploads\/2026\/03\/12-Mnl-Lnn-\u00a9Joan-Cortes-13fbr26-Ttr-dtr-Grnllrs-300x200.jpg 300w, https:\/\/tomajazz.com\/web\/wp-content\/uploads\/2026\/03\/12-Mnl-Lnn-\u00a9Joan-Cortes-13fbr26-Ttr-dtr-Grnllrs-465x310.jpg 465w\" sizes=\"auto, (max-width: 600px) 100vw, 600px\" \/><\/p>\n<p><img loading=\"lazy\" decoding=\"async\" class=\"aligncenter size-large wp-image-104515\" title=\"Compa\u00f1\u00eda Manuel Li\u00f1\u00e1n \u201cMuerta de Amor&quot; (Teatre Auditori de Granollers -sala gran-, 2026-02-13 \/ Granollers -Barcelona-) Por Joan Cort\u00e8s [Flamencuras AKA INSTANTZZ AKA Galer\u00eda fotogr\u00e1fica AKA Fotoblog de jazz, impro\u2026 y algo m\u00e1s] Tomajazz 13 Mnl L\u00f1n \u00a9Joan Cort\u00e8s 13fbr26 Ttr dtr Grnllrs\" src=\"https:\/\/tomajazz.com\/web\/wp-content\/uploads\/2026\/03\/13-Mnl-Lnn-\u00a9Joan-Cortes-13fbr26-Ttr-dtr-Grnllrs.jpg\" alt=\"Compa\u00f1\u00eda Manuel Li\u00f1\u00e1n \u201cMuerta de Amor&quot; (Teatre Auditori de Granollers -sala gran-, 2026-02-13 \/ Granollers -Barcelona-) Por Joan Cort\u00e8s [Flamencuras AKA INSTANTZZ AKA Galer\u00eda fotogr\u00e1fica AKA Fotoblog de jazz, impro\u2026 y algo m\u00e1s] - Tomajazz - Compa\u00f1\u00eda Manuel Li\u00f1\u00e1n \u201cMuerta de Amor&quot; actu\u00f3 en el Teatre Auditori de Granollers el 13 de febrero de 2026. Joan Cort\u00e8s lo retrata en las Flamencuras de INSTANTZZ\" width=\"600\" height=\"400\" srcset=\"https:\/\/tomajazz.com\/web\/wp-content\/uploads\/2026\/03\/13-Mnl-Lnn-\u00a9Joan-Cortes-13fbr26-Ttr-dtr-Grnllrs.jpg 600w, https:\/\/tomajazz.com\/web\/wp-content\/uploads\/2026\/03\/13-Mnl-Lnn-\u00a9Joan-Cortes-13fbr26-Ttr-dtr-Grnllrs-300x200.jpg 300w, https:\/\/tomajazz.com\/web\/wp-content\/uploads\/2026\/03\/13-Mnl-Lnn-\u00a9Joan-Cortes-13fbr26-Ttr-dtr-Grnllrs-465x310.jpg 465w\" sizes=\"auto, (max-width: 600px) 100vw, 600px\" \/><\/p>\n<p style=\"text-align: right;\">Tomajazz: Fotograf\u00edas: \u00a9\u00a0<a href=\"https:\/\/www.facebook.com\/joan.cortesbenages\" target=\"_blank\" rel=\"noopener\"><strong>Joan Cort\u00e8s<\/strong><\/a>, 2026<\/p>\n<h3>M\u00e1s informaci\u00f3n:<\/h3>\n<p><a href=\"https:\/\/manuellinan.com\/\" target=\"_blank\" rel=\"noopener\">https:\/\/manuellinan.com\/<\/a><\/p>\n<p><a href=\"https:\/\/tomajazz.com\/web\/?s=manuel+li%C3%B1%C3%A1n&amp;submit=Search\" target=\"_blank\" rel=\"noopener\">https:\/\/tomajazz.com\/web\/?s=manuel+li%C3%B1%C3%A1n&amp;submit=Search<\/a><\/p>\n<p><a href=\"https:\/\/www.teatreauditoridegranollers.cat\/\" target=\"_blank\" rel=\"noopener\">https:\/\/www.teatreauditoridegranollers.cat\/<\/a><\/p>\n<p><a href=\"https:\/\/tomajazz.com\/web\/?s=teatre+auditori+granollers&amp;submit=Search\" target=\"_blank\" rel=\"noopener\">https:\/\/tomajazz.com\/web\/?s=teatre+auditori+granollers&amp;submit=Search<\/a><\/p>\n<h3>Joan Cort\u00e8s en Tomajazz<\/h3>\n<p><a href=\"https:\/\/tomajazz.com\/web\/category\/joan-cortes\/\" target=\"_blank\" rel=\"noopener\">https:\/\/tomajazz.com\/web\/category\/joan-cortes\/<\/a><\/p>\n","protected":false},"excerpt":{"rendered":"<p>Compa\u00f1\u00eda Manuel Li\u00f1\u00e1n \u201cMuerta de Amor\u00bb actu\u00f3 en el Teatre Auditori de Granollers el 13 de febrero de 2026. Joan Cort\u00e8s lo retrata en las Flamencuras de INSTANTZZ<span class=\"more-link\"><a href=\"https:\/\/tomajazz.com\/web\/compania-manuel-linan-muerta-de-amor-flamencuras-2026\/\">Contin\u00faa leyendo<\/a><\/span><\/p>\n","protected":false},"author":1,"featured_media":104516,"comment_status":"open","ping_status":"closed","sticky":false,"template":"","format":"standard","meta":{"jetpack_post_was_ever_published":false,"_jetpack_newsletter_access":"","_jetpack_dont_email_post_to_subs":false,"_jetpack_newsletter_tier_id":0,"_jetpack_memberships_contains_paywalled_content":false,"_jetpack_memberships_contains_paid_content":false,"footnotes":""},"categories":[21243,17853,11262,15516,11261,1038],"tags":[33207,1041,33208],"class_list":["entry","author-pachi","has-excerpt","post-104502","post","type-post","status-publish","format-standard","has-post-thumbnail","category-flamencuras","category-joan-cortes","category-photoblogs","category-imagenes","category-instantzz","category-contenidos","tag-compania-manuel-linan","tag-joan-cortes","tag-manuel-linan"],"jetpack_featured_media_url":"https:\/\/tomajazz.com\/web\/wp-content\/uploads\/2026\/03\/destacada-03-Mnl-Lnn-Photo-by-Joan-Cortes-13fbr26-Ttr-dtr-Grnllrs.jpg","jetpack_likes_enabled":true,"jetpack_sharing_enabled":true,"jetpack-related-posts":[{"id":101549,"url":"https:\/\/tomajazz.com\/web\/antonio-molina-el-choro-ciutat-flamenco-2025\/","url_meta":{"origin":104502,"position":0},"title":"Antonio Molina \u201cEl Choro\u201d \u00abPrender, un acto de combusti\u00f3n\u00bb (Ciutat Flamenco \/ SAT!, 2025-10-17 \/ Barcelona) Por Joan Cort\u00e8s [Flamencuras AKA INSTANTZZ AKA Galer\u00eda fotogr\u00e1fica AKA Fotoblog de jazz, impro\u2026 y algo m\u00e1s]","author":"Tomajazz","date":"9 noviembre, 2025","format":false,"excerpt":"Antonio Molina \u201cEl Choro\u201d \u00abPrender, un acto de combusti\u00f3n\u00bb particip\u00f3 en Ciutat Flamenco de Barcelona el 17 de octubre de 2025. Joan Cort\u00e8s lo retrata en las Flamencuras de INSTANTZZ. Participaron Antonio Molina \u201cEl Choro\u201d, Manuel de la Nina, Marcos de Silvia, Francisco Roca","rel":"","context":"En \u00abFlamencuras\u00bb","block_context":{"text":"Flamencuras","link":"https:\/\/tomajazz.com\/web\/category\/contenidos\/imagenes\/photoblogs\/flamencuras\/"},"img":{"alt_text":"Antonio Molina \u201cEl Choro\u201d \u00abPrender, un acto de combusti\u00f3n\u00bb (Ciutat Flamenco \/ SAT!, 2025-10-17 \/ Barcelona) Por Joan Cort\u00e8s [Flamencuras AKA INSTANTZZ AKA Galer\u00eda fotogr\u00e1fica AKA Fotoblog de jazz, impro\u2026 y algo m\u00e1s] - Tomajazz - Antonio Molina \u201cEl Choro\u201d \u00abPrender, un acto de combusti\u00f3n\u00bb particip\u00f3 en Ciutat Flamenco de Barcelona el 17 de octubre de 2025. Joan Cort\u00e8s lo retrata en las Flamencuras de INSTANTZZ. Participaron Antonio Molina \u201cEl Choro\u201d, Manuel de la Nina, Marcos de Silvia, Francisco Roca\n","src":"https:\/\/i0.wp.com\/tomajazz.com\/web\/wp-content\/uploads\/2025\/11\/destacada-02-ntn-Mln-l-Chr-Photo-by-Joan-Cortes-17ctb25-Ctt-Flmnc-Bcn.jpg?resize=350%2C200&ssl=1","width":350,"height":200,"srcset":"https:\/\/i0.wp.com\/tomajazz.com\/web\/wp-content\/uploads\/2025\/11\/destacada-02-ntn-Mln-l-Chr-Photo-by-Joan-Cortes-17ctb25-Ctt-Flmnc-Bcn.jpg?resize=350%2C200&ssl=1 1x, https:\/\/i0.wp.com\/tomajazz.com\/web\/wp-content\/uploads\/2025\/11\/destacada-02-ntn-Mln-l-Chr-Photo-by-Joan-Cortes-17ctb25-Ctt-Flmnc-Bcn.jpg?resize=525%2C300&ssl=1 1.5x"},"classes":[]},{"id":104895,"url":"https:\/\/tomajazz.com\/web\/olga-pericet-jaca-2026\/","url_meta":{"origin":104502,"position":1},"title":"Olga Pericet \u201cBaile Sonoro\u201d (Palacio de Congresos, Jaca. 2026-03-28) Por Fabio Galicia [Flamencuras AKA INSTANTZZ AKA Galer\u00eda fotogr\u00e1fica AKA Fotoblog de jazz, impro\u2026 y algo m\u00e1s]","author":"Tomajazz","date":"15 abril, 2026","format":false,"excerpt":"Olga Pericet \u201cBaile Sonoro\u201d actu\u00f3 en el Palacio de Congresos de Jaca, el 28 de marzo de 2026. Fabio Galicia lo retrata en las Flamencuras de INSTANTZZ. Con Jos\u00e9 Manuel Le\u00f3n, Mercedes Cort\u00e9s, Olga Pericet","rel":"","context":"En \u00abFlamencuras\u00bb","block_context":{"text":"Flamencuras","link":"https:\/\/tomajazz.com\/web\/category\/contenidos\/imagenes\/photoblogs\/flamencuras\/"},"img":{"alt_text":"Olga Pericet \u201cBaile Sonoro\u201d (Palacio de Congresos, Jaca. 2026-03-28) Por Fabio Galicia [Flamencuras AKA INSTANTZZ AKA Galer\u00eda fotogr\u00e1fica AKA Fotoblog de jazz, impro\u2026 y algo m\u00e1s] - Tomajazz - Olga Pericet \u201cBaile Sonoro\u201d actu\u00f3 en el Palacio de Congresos de Jaca, el 28 de marzo de 2026. Fabio Galicia lo retrata en las Flamencuras de INSTANTZZ. Con Jos\u00e9 Manuel Le\u00f3n, Mercedes Cort\u00e9s, Olga Pericet\n","src":"https:\/\/i0.wp.com\/tomajazz.com\/web\/wp-content\/uploads\/2026\/04\/Olga-Pericet-29.jpg?resize=350%2C200&ssl=1","width":350,"height":200,"srcset":"https:\/\/i0.wp.com\/tomajazz.com\/web\/wp-content\/uploads\/2026\/04\/Olga-Pericet-29.jpg?resize=350%2C200&ssl=1 1x, https:\/\/i0.wp.com\/tomajazz.com\/web\/wp-content\/uploads\/2026\/04\/Olga-Pericet-29.jpg?resize=525%2C300&ssl=1 1.5x, https:\/\/i0.wp.com\/tomajazz.com\/web\/wp-content\/uploads\/2026\/04\/Olga-Pericet-29.jpg?resize=700%2C400&ssl=1 2x, https:\/\/i0.wp.com\/tomajazz.com\/web\/wp-content\/uploads\/2026\/04\/Olga-Pericet-29.jpg?resize=1050%2C600&ssl=1 3x"},"classes":[]},{"id":105012,"url":"https:\/\/tomajazz.com\/web\/lage-lund-trio-granollers-2026\/","url_meta":{"origin":104502,"position":2},"title":"Lage Lund Trio (36\u00e8 Jazz Granollers Festival \/ Casino, 2026-03-13 \/ Granollers -Barcelona-) [y III] Por Joan Cort\u00e8s [INSTANTZZ AKA Galer\u00eda fotogr\u00e1fica AKA Fotoblog de jazz, impro\u2026 y algo m\u00e1s]","author":"Tomajazz","date":"23 abril, 2026","format":false,"excerpt":"Lage Lund Trio actu\u00f3 en el 36\u00e8 Jazz Granollers Festival, el 13 de marzo de 2026. Joan Cort\u00e8s lo retrata en INSTANTZZ. Lage Lund Trio son Lage Lund, Orlando Le Fleming, Greg Hutchinson","rel":"","context":"En \u00ab36 Jazz Granollers Festival 2026\u00bb","block_context":{"text":"36 Jazz Granollers Festival 2026","link":"https:\/\/tomajazz.com\/web\/category\/contenidos\/especial-contenidos\/36-jazz-granollers-festival-2026\/"},"img":{"alt_text":"Lage Lund Trio (36\u00e8 Jazz Granollers Festival \/ Casino, 2026-03-13 \/ Granollers -Barcelona-) [y III] Por Joan Cort\u00e8s [INSTANTZZ AKA Galer\u00eda fotogr\u00e1fica AKA Fotoblog de jazz, impro\u2026 y algo m\u00e1s] - Tomajazz - Lage Lund Trio actu\u00f3 en el 36\u00e8 Jazz Granollers Festival, el 13 de marzo de 2026. Joan Cort\u00e8s lo retrata en INSTANTZZ. Lage Lund Trio son Lage Lund, Orlando Le Fleming, Greg Hutchinson","src":"https:\/\/i0.wp.com\/tomajazz.com\/web\/wp-content\/uploads\/2026\/04\/destacada-02-Lg-Lnd-Photo-by-Joan-Cortes-13mrc26-36JGF-Csn-Gr-bn.jpg?resize=350%2C200&ssl=1","width":350,"height":200,"srcset":"https:\/\/i0.wp.com\/tomajazz.com\/web\/wp-content\/uploads\/2026\/04\/destacada-02-Lg-Lnd-Photo-by-Joan-Cortes-13mrc26-36JGF-Csn-Gr-bn.jpg?resize=350%2C200&ssl=1 1x, https:\/\/i0.wp.com\/tomajazz.com\/web\/wp-content\/uploads\/2026\/04\/destacada-02-Lg-Lnd-Photo-by-Joan-Cortes-13mrc26-36JGF-Csn-Gr-bn.jpg?resize=525%2C300&ssl=1 1.5x"},"classes":[]},{"id":105099,"url":"https:\/\/tomajazz.com\/web\/la-macanita-flamenc-on-2026\/","url_meta":{"origin":104502,"position":3},"title":"La Macanita (Flamenc-ON 2026 \/ Teatre Sagarra, 2026-03-14 \/ Santa Coloma de Gramanet -Barcelona-) [y II] Por Joan Cort\u00e8s [Flamencuras AKA INSTANTZZ AKA Galer\u00eda fotogr\u00e1fica AKA Fotoblog de jazz, impro\u2026 y algo m\u00e1s]","author":"Tomajazz","date":"28 abril, 2026","format":false,"excerpt":"La Macanita actu\u00f3 en Flamenc-ON 2026, en Santa Coloma de Gramanet -Barcelona-, el 14 de marzo de 2026. Joan Cort\u00e8s lo retrata en las Flamencuras de INSTANTZZ. Actuaron La Macanita, Jos\u00e9 Valencia, Chicharito de J\u00e9rez, Manuel Macano","rel":"","context":"En \u00abFlamencuras\u00bb","block_context":{"text":"Flamencuras","link":"https:\/\/tomajazz.com\/web\/category\/contenidos\/imagenes\/photoblogs\/flamencuras\/"},"img":{"alt_text":"La Macanita (Flamenc-ON 2026 \/ Teatre Sagarra, 2026-03-14 \/ Santa Coloma de Gramanet -Barcelona-) [y II] Por Joan Cort\u00e8s [Flamencuras AKA INSTANTZZ AKA Galer\u00eda fotogr\u00e1fica AKA Fotoblog de jazz, impro\u2026 y algo m\u00e1s] - Tomajazz - La Macanita actu\u00f3 en Flamenc-ON 2026, en Santa Coloma de Gramanet -Barcelona-, el 14 de marzo de 2026. Joan Cort\u00e8s lo retrata en las Flamencuras de INSTANTZZ. Actuaron La Macanita, Jos\u00e9 Valencia, Chicharito de J\u00e9rez, Manuel Macano\n","src":"https:\/\/i0.wp.com\/tomajazz.com\/web\/wp-content\/uploads\/2026\/04\/destacado-09-L-Mcnt-Photo-by-Joan-Cortes-14mrc26-Flmnc-n-TS-SCGr.jpg?resize=350%2C200&ssl=1","width":350,"height":200,"srcset":"https:\/\/i0.wp.com\/tomajazz.com\/web\/wp-content\/uploads\/2026\/04\/destacado-09-L-Mcnt-Photo-by-Joan-Cortes-14mrc26-Flmnc-n-TS-SCGr.jpg?resize=350%2C200&ssl=1 1x, https:\/\/i0.wp.com\/tomajazz.com\/web\/wp-content\/uploads\/2026\/04\/destacado-09-L-Mcnt-Photo-by-Joan-Cortes-14mrc26-Flmnc-n-TS-SCGr.jpg?resize=525%2C300&ssl=1 1.5x"},"classes":[]},{"id":104385,"url":"https:\/\/tomajazz.com\/web\/lucia-la-bronce-el-dorado-sfb-2026\/","url_meta":{"origin":104502,"position":4},"title":"Luc\u00eda La Bronce (El Dorado sfb \/ Centre C\u00edvic Parc Sandaru, 2026-01-29 \/ Barcelona) Por Joan Cort\u00e8s [Flamencuras AKA INSTANTZZ AKA Galer\u00eda fotogr\u00e1fica AKA Fotoblog de jazz, impro\u2026 y algo m\u00e1s]","author":"Tomajazz","date":"13 marzo, 2026","format":false,"excerpt":"Luc\u00eda La Bronce actu\u00f3 en El Dorado sfb de Barcelona, el 19 de enero de 2025. Joan Cort\u00e8s la retrata en las Flamencuras de INSTANTZZ. Actuaron Luc\u00eda La Bronce, Manuel Pajares, Daniel Mej\u00eda \u201cEl Carqui\u201d","rel":"","context":"En \u00abFlamencuras\u00bb","block_context":{"text":"Flamencuras","link":"https:\/\/tomajazz.com\/web\/category\/contenidos\/imagenes\/photoblogs\/flamencuras\/"},"img":{"alt_text":"Luc\u00eda La Bronce (El Dorado sfb \/ Centre C\u00edvic Parc Sandaru, 2026-01-29 \/ Barcelona) Por Joan Cort\u00e8s [Flamencuras AKA INSTANTZZ AKA Galer\u00eda fotogr\u00e1fica AKA Fotoblog de jazz, impro\u2026 y algo m\u00e1s] - Tomajazz - Luc\u00eda La Bronce actu\u00f3 en El Dorado sfb de Barcelona, el 19 de enero de 2025. Joan Cort\u00e8s la retrata en las Flamencuras de INSTANTZZ. Actuaron Luc\u00eda La Bronce, Manuel Pajares, Daniel Mej\u00eda \u201cEl Carqui\u201d\n","src":"https:\/\/i0.wp.com\/tomajazz.com\/web\/wp-content\/uploads\/2026\/03\/destacada-10-Lc-l-Brnc-Photo-by-Joan-Cortes-29gnr26-l-Drd-CCPS-Bcn.jpg?resize=350%2C200&ssl=1","width":350,"height":200,"srcset":"https:\/\/i0.wp.com\/tomajazz.com\/web\/wp-content\/uploads\/2026\/03\/destacada-10-Lc-l-Brnc-Photo-by-Joan-Cortes-29gnr26-l-Drd-CCPS-Bcn.jpg?resize=350%2C200&ssl=1 1x, https:\/\/i0.wp.com\/tomajazz.com\/web\/wp-content\/uploads\/2026\/03\/destacada-10-Lc-l-Brnc-Photo-by-Joan-Cortes-29gnr26-l-Drd-CCPS-Bcn.jpg?resize=525%2C300&ssl=1 1.5x"},"classes":[]},{"id":104657,"url":"https:\/\/tomajazz.com\/web\/joan-sanmarti-5t-36-jazz-granollers-2026\/","url_meta":{"origin":104502,"position":5},"title":"Joan Sanmart\u00ed 5t (36\u00e8 Jazz Granollers Festival 2026\/ Casino, 2026-02-20 \/ Granollers -Barcelona-) [I] Por Joan Cort\u00e8s [INSTANTZZ AKA Galer\u00eda fotogr\u00e1fica AKA Fotoblog de jazz, impro\u2026 y algo m\u00e1s]","author":"Tomajazz","date":"2 abril, 2026","format":false,"excerpt":"Joan Sanmart\u00ed 5t actu\u00f3 en el 36\u00e8 Jazz Granollers Festival 2026, el 20 de febrero de 2026. Joan Cort\u00e8s lo retrata en INSTANTZZ. Joan Sanmart\u00ed 5t son Joan Sanmart\u00ed, Gabriel Amargant, Pau Dom\u00e8nech, Marc Cuevas, Joan Vidal","rel":"","context":"En \u00ab36 Jazz Granollers Festival 2026\u00bb","block_context":{"text":"36 Jazz Granollers Festival 2026","link":"https:\/\/tomajazz.com\/web\/category\/contenidos\/especial-contenidos\/36-jazz-granollers-festival-2026\/"},"img":{"alt_text":"Joan Sanmart\u00ed 5t (36\u00e8 Jazz Granollers Festival 2026\/ Casino, 2026-02-20 \/ Granollers -Barcelona-) [I] Por Joan Cort\u00e8s [INSTANTZZ AKA Galer\u00eda fotogr\u00e1fica AKA Fotoblog de jazz, impro\u2026 y algo m\u00e1s] - Tomajazz - Joan Sanmart\u00ed 5t actu\u00f3 en el 36\u00e8 Jazz Granollers Festival 2026, el 20 de febrero de 2026. Joan Cort\u00e8s lo retrata en INSTANTZZ. Joan Sanmart\u00ed 5t son Joan Sanmart\u00ed, Gabriel Amargant, Pau Dom\u00e8nech, Marc Cuevas, Joan Vidal\n","src":"https:\/\/i0.wp.com\/tomajazz.com\/web\/wp-content\/uploads\/2026\/04\/destacada-09-Jn-Snmrt-5t-Photo-By-Joan-Cortes-20fbr26-36FJG-Csn-Grn.jpg?resize=350%2C200&ssl=1","width":350,"height":200},"classes":[]}],"_links":{"self":[{"href":"https:\/\/tomajazz.com\/web\/wp-json\/wp\/v2\/posts\/104502","targetHints":{"allow":["GET"]}}],"collection":[{"href":"https:\/\/tomajazz.com\/web\/wp-json\/wp\/v2\/posts"}],"about":[{"href":"https:\/\/tomajazz.com\/web\/wp-json\/wp\/v2\/types\/post"}],"author":[{"embeddable":true,"href":"https:\/\/tomajazz.com\/web\/wp-json\/wp\/v2\/users\/1"}],"replies":[{"embeddable":true,"href":"https:\/\/tomajazz.com\/web\/wp-json\/wp\/v2\/comments?post=104502"}],"version-history":[{"count":1,"href":"https:\/\/tomajazz.com\/web\/wp-json\/wp\/v2\/posts\/104502\/revisions"}],"predecessor-version":[{"id":104517,"href":"https:\/\/tomajazz.com\/web\/wp-json\/wp\/v2\/posts\/104502\/revisions\/104517"}],"wp:featuredmedia":[{"embeddable":true,"href":"https:\/\/tomajazz.com\/web\/wp-json\/wp\/v2\/media\/104516"}],"wp:attachment":[{"href":"https:\/\/tomajazz.com\/web\/wp-json\/wp\/v2\/media?parent=104502"}],"wp:term":[{"taxonomy":"category","embeddable":true,"href":"https:\/\/tomajazz.com\/web\/wp-json\/wp\/v2\/categories?post=104502"},{"taxonomy":"post_tag","embeddable":true,"href":"https:\/\/tomajazz.com\/web\/wp-json\/wp\/v2\/tags?post=104502"}],"curies":[{"name":"wp","href":"https:\/\/api.w.org\/{rel}","templated":true}]}}