{"id":104808,"date":"2026-04-09T10:00:21","date_gmt":"2026-04-09T08:00:21","guid":{"rendered":"https:\/\/tomajazz.com\/web\/?p=104808"},"modified":"2026-04-08T19:44:56","modified_gmt":"2026-04-08T17:44:56","slug":"universos-paralelos-t31-p24-2025-26","status":"publish","type":"post","link":"https:\/\/tomajazz.com\/web\/universos-paralelos-t31-p24-2025-26\/","title":{"rendered":"Universos Paralelos: emisi\u00f3n 9 de abril de 2026 (UP.T.31 P.24) [Noticias de jazz]"},"content":{"rendered":"<blockquote>\n<p style=\"text-align: left;\"><b>Descubriendo las m\u00fasicas instrumentales que hay m\u00e1s all\u00e1 de la radio f\u00f3rmula desde 1995 ERA 31 temporadas en el aire<\/b> (y unos pocos en la red)&#8230; \u00a1y seguimos descubriendo buena m\u00fasica!<\/p>\n<\/blockquote>\n<p style=\"text-align: center;\"><img loading=\"lazy\" decoding=\"async\" class=\"size-full wp-image-104809 alignnone\" title=\"Universos Paralelos: emisi\u00f3n 9 de abril de 2026 (UP.T.31 P.24) [Noticias de jazz] Tomajazz 01 Ben Wendel Barcode 1080\" src=\"https:\/\/tomajazz.com\/web\/wp-content\/uploads\/2026\/04\/01-Ben-Wendel-Barcode-1080.jpg\" alt=\"Universos Paralelos: emisi\u00f3n 9 de abril de 2026 (UP.T.31 P.24) [Noticias de jazz] - Tomajazz - En el programa del 9 de abril de 2026 Sergio Cabanillas selecciona m\u00fasica de las nuevas grabaciones de Hugo Fern\u00e1ndez, Diego Pi\u00f1era 4+4, Ben Wendel, Miguel \u00c2ngelo Trio, Sumrr\u00e1, Pocket Corner.\" width=\"300\" height=\"300\" srcset=\"https:\/\/tomajazz.com\/web\/wp-content\/uploads\/2026\/04\/01-Ben-Wendel-Barcode-1080.jpg 300w, https:\/\/tomajazz.com\/web\/wp-content\/uploads\/2026\/04\/01-Ben-Wendel-Barcode-1080-200x200.jpg 200w\" sizes=\"auto, (max-width: 300px) 100vw, 300px\" \/> <img loading=\"lazy\" decoding=\"async\" class=\"size-large wp-image-104810 alignnone\" title=\"Universos Paralelos: emisi\u00f3n 9 de abril de 2026 (UP.T.31 P.24) [Noticias de jazz] Tomajazz 02 Hugo Fernandez Rivermind 1080\" src=\"https:\/\/tomajazz.com\/web\/wp-content\/uploads\/2026\/04\/02-Hugo-Fernandez-Rivermind-1080.jpg\" alt=\"Universos Paralelos: emisi\u00f3n 9 de abril de 2026 (UP.T.31 P.24) [Noticias de jazz] - Tomajazz - En el programa del 9 de abril de 2026 Sergio Cabanillas selecciona m\u00fasica de las nuevas grabaciones de Hugo Fern\u00e1ndez, Diego Pi\u00f1era 4+4, Ben Wendel, Miguel \u00c2ngelo Trio, Sumrr\u00e1, Pocket Corner.\" width=\"300\" height=\"300\" srcset=\"https:\/\/tomajazz.com\/web\/wp-content\/uploads\/2026\/04\/02-Hugo-Fernandez-Rivermind-1080.jpg 300w, https:\/\/tomajazz.com\/web\/wp-content\/uploads\/2026\/04\/02-Hugo-Fernandez-Rivermind-1080-200x200.jpg 200w\" sizes=\"auto, (max-width: 300px) 100vw, 300px\" \/> <img loading=\"lazy\" decoding=\"async\" class=\"size-large wp-image-104811 alignnone\" title=\"Universos Paralelos: emisi\u00f3n 9 de abril de 2026 (UP.T.31 P.24) [Noticias de jazz] Tomajazz 03 Diego Pinera Romanian Dance 1080\" src=\"https:\/\/tomajazz.com\/web\/wp-content\/uploads\/2026\/04\/03-Diego-Pinera-Romanian-Dance-1080.jpg\" alt=\"Universos Paralelos: emisi\u00f3n 9 de abril de 2026 (UP.T.31 P.24) [Noticias de jazz] - Tomajazz - En el programa del 9 de abril de 2026 Sergio Cabanillas selecciona m\u00fasica de las nuevas grabaciones de Hugo Fern\u00e1ndez, Diego Pi\u00f1era 4+4, Ben Wendel, Miguel \u00c2ngelo Trio, Sumrr\u00e1, Pocket Corner.\" width=\"300\" height=\"300\" srcset=\"https:\/\/tomajazz.com\/web\/wp-content\/uploads\/2026\/04\/03-Diego-Pinera-Romanian-Dance-1080.jpg 300w, https:\/\/tomajazz.com\/web\/wp-content\/uploads\/2026\/04\/03-Diego-Pinera-Romanian-Dance-1080-200x200.jpg 200w\" sizes=\"auto, (max-width: 300px) 100vw, 300px\" \/><\/p>\n<div><b>Ya est\u00e1n disponibles la nueva entrega de Universos Paralelos, el programa de radio editado, dirigido y presentado por Sergio Cabanillas.\u00a0<\/b><\/div>\n<div>\n<p>En el programa del 9 de abril de 2026 Sergio Cabanillas selecciona m\u00fasica de las nuevas grabaciones de Hugo Fern\u00e1ndez, Diego Pi\u00f1era 4+4, Ben Wendel, Miguel \u00c2ngelo Trio, Sumrr\u00e1, Pocket Corner.<\/p>\n<p>El programa est\u00e1 disponible en <a href=\"https:\/\/universosparalelosradioshow.blogspot.com\/2026\/04\/emision-09042026.html\" target=\"_blank\" rel=\"noopener\">universosparalelosradioshow.blogspot.com.es<\/a><\/p>\n<\/div>\n<div style=\"text-align: right;\">\n<p>\u00a9 <strong>Tomajazz<\/strong>, 2026<\/p>\n<\/div>\n<h4>Escucha el \u00faltimo programa de Universos Paralelos&#8230;<\/h4>\n<p><a href=\"https:\/\/universosparalelosradioshow.blogspot.com\/2026\/04\/emision-09042026.html\" target=\"_blank\" rel=\"noopener\">https:\/\/universosparalelosradioshow.blogspot.com<\/a><\/p>\n<h4 style=\"text-align: left;\">Anteriormente&#8230; Hugo Fern\u00e1ndez en portada en UP<\/h4>\n<blockquote class=\"wp-embedded-content\" data-secret=\"D04vS5oroN\"><p><a href=\"https:\/\/tomajazz.com\/web\/universos-paralelos-emision-7-de-julio-de-2022-t-27-p-38-noticias-de-jazz\/\">Universos Paralelos: emisi\u00f3n 7 de julio de 2022 (T.27 P.38) [Noticias de jazz]<\/a><\/p><\/blockquote>\n<p><iframe loading=\"lazy\" class=\"wp-embedded-content\" sandbox=\"allow-scripts\" security=\"restricted\" style=\"position: absolute; visibility: hidden;\" title=\"\u00abUniversos Paralelos: emisi\u00f3n 7 de julio de 2022 (T.27 P.38) [Noticias de jazz]\u00bb \u2014 Tomajazz\" src=\"https:\/\/tomajazz.com\/web\/universos-paralelos-emision-7-de-julio-de-2022-t-27-p-38-noticias-de-jazz\/embed\/#?secret=RL5WVdBsoU#?secret=D04vS5oroN\" data-secret=\"D04vS5oroN\" width=\"600\" height=\"338\" frameborder=\"0\" marginwidth=\"0\" marginheight=\"0\" scrolling=\"no\"><\/iframe><\/p>\n<h3 style=\"text-align: left;\">UP en Telegram<\/h3>\n<div style=\"text-align: left;\">\u00a1Novedad! Para estar al tanto en primicia de sus nuevos contenidos (disfrutar del programa un d\u00eda antes de su publicaci\u00f3n en alta calidad), <strong>Universos Paralelos<\/strong> ha puesto a disposici\u00f3n de los seguidores del programa, \u00a1gratuitamente! un canal de Telegram en <a href=\"https:\/\/t.me\/universosparalelosradioshow\" target=\"_blank\" rel=\"noopener\">https:\/\/universosparalelosradioshow.blogspot.com<\/a><\/div>\n<h3 style=\"text-align: left;\">M\u00e1s informaci\u00f3n&#8230;<\/h3>\n<p style=\"text-align: left;\"><a href=\"https:\/\/universosparalelosradioshow.blogspot.com\/\" target=\"_blank\" rel=\"noopener\">https:\/\/universosparalelosradioshow.blogspot.com\/<\/a><\/p>\n<h3 style=\"text-align: left;\">Sergio Cabanillas en Tomajazz<\/h3>\n<p style=\"text-align: left;\"><a href=\"https:\/\/tomajazz.com\/web\/?s=Sergio+cabanillas&amp;submit=Search\" target=\"_blank\" rel=\"noopener\">https:\/\/tomajazz.com\/web\/?s=Sergio+cabanillas&amp;submit=Search<\/a><\/p>\n<p>&nbsp;<\/p>\n","protected":false},"excerpt":{"rendered":"<p>En el programa del 9 de abril de 2026 de Universos Paralelos &#8211; UP, Sergio Cabanillas selecciona m\u00fasica de las nuevas grabaciones de Hugo Fern\u00e1ndez, Diego Pi\u00f1era 4+4, Ben Wendel, Miguel \u00c2ngelo Trio, Sumrr\u00e1, Pocket Corner.<span class=\"more-link\"><a href=\"https:\/\/tomajazz.com\/web\/universos-paralelos-t31-p24-2025-26\/\">Contin\u00faa leyendo<\/a><\/span><\/p>\n","protected":false},"author":1,"featured_media":104812,"comment_status":"open","ping_status":"closed","sticky":false,"template":"","format":"standard","meta":{"jetpack_post_was_ever_published":false,"_jetpack_newsletter_access":"","_jetpack_dont_email_post_to_subs":false,"_jetpack_newsletter_tier_id":0,"_jetpack_memberships_contains_paywalled_content":false,"_jetpack_memberships_contains_paid_content":false,"footnotes":""},"categories":[31550,17858,15795,1038],"tags":[7664],"class_list":["entry","author-pachi","has-excerpt","post-104808","post","type-post","status-publish","format-standard","has-post-thumbnail","category-universos-paralelos-up","category-redaccion","category-noticias-2","category-contenidos","tag-universos-paralelos"],"jetpack_featured_media_url":"https:\/\/tomajazz.com\/web\/wp-content\/uploads\/2026\/04\/destacada-02-Hugo-Fernandez-Rivermind-1080.jpg","jetpack_likes_enabled":true,"jetpack_sharing_enabled":true,"jetpack-related-posts":[{"id":105026,"url":"https:\/\/tomajazz.com\/web\/universos-paralelos-up-t31-p25-2025-26\/","url_meta":{"origin":104808,"position":0},"title":"Universos Paralelos: emisi\u00f3n 16 de abril de 2026 (UP.T.31 P.25) [Noticias de jazz]","author":"Tomajazz","date":"22 abril, 2026","format":false,"excerpt":"En Universos Paralelos del 16 de abril de 2026, Sergio Cabanillas elige lo nuevo de V\u00edctor de Diego como disco de portada. Adem\u00e1s suena m\u00fasica de Juzz, Rai Castells, Manuel \u00c1lvarez Trio, Baptiste Bailly \/ Matthew Baker \/ Efr\u00e9n L\u00f3pez #Noticiasdejazz","rel":"","context":"En \u00ab*_Redacci\u00f3n\u00bb","block_context":{"text":"*_Redacci\u00f3n","link":"https:\/\/tomajazz.com\/web\/category\/redaccion\/"},"img":{"alt_text":"Universos Paralelos: emisi\u00f3n 16 de abril de 2026 (UP.T.31 P.25) [Noticias de jazz] - Tomajazz - En Universos Paralelos del 16 de abril de 2026, Sergio Cabanillas elige lo nuevo de V\u00edctor de Diego como disco de portada. Adem\u00e1s suena m\u00fasica de Juzz, Rai Castells, Manuel \u00c1lvarez Trio, Baptiste Bailly \/ Matthew Baker \/ Efr\u00e9n L\u00f3pez #Noticiasdejazz","src":"https:\/\/i0.wp.com\/tomajazz.com\/web\/wp-content\/uploads\/2026\/04\/portada-Victor-De-Diego-Haize-1080.jpg?resize=350%2C200&ssl=1","width":350,"height":200,"srcset":"https:\/\/i0.wp.com\/tomajazz.com\/web\/wp-content\/uploads\/2026\/04\/portada-Victor-De-Diego-Haize-1080.jpg?resize=350%2C200&ssl=1 1x, https:\/\/i0.wp.com\/tomajazz.com\/web\/wp-content\/uploads\/2026\/04\/portada-Victor-De-Diego-Haize-1080.jpg?resize=525%2C300&ssl=1 1.5x, https:\/\/i0.wp.com\/tomajazz.com\/web\/wp-content\/uploads\/2026\/04\/portada-Victor-De-Diego-Haize-1080.jpg?resize=700%2C400&ssl=1 2x"},"classes":[]},{"id":105041,"url":"https:\/\/tomajazz.com\/web\/universos-paralelos-up-t31-p26-2025-26\/","url_meta":{"origin":104808,"position":1},"title":"Universos Paralelos: emisi\u00f3n 23 de abril de 2026 (UP.T.31 P.26) [Noticias de jazz]","author":"Tomajazz","date":"25 abril, 2026","format":false,"excerpt":"En el programa del 23 de abril de 2026, lo nuevo de Marcos Pin en portada de Universos Paralelos UP. Adem\u00e1s, Sergio Cabanillas selecciona m\u00fasicas de Chad Wackerman \/ Alex Machacek \/ Steve Hunt\/ Jimmy Haslip, Srdjan Ivanovic Blazin' Quartet, Ross Stanley \/ Gilad Atzmon \/ Joel Barford, Third Coast\u2026","rel":"","context":"En \u00abUniversos Paralelos - UP\u00bb","block_context":{"text":"Universos Paralelos - UP","link":"https:\/\/tomajazz.com\/web\/category\/contenidos\/noticias-2\/universos-paralelos-up\/"},"img":{"alt_text":"Universos Paralelos: emisi\u00f3n 23 de abril de 2026 (UP.T.31 P.26) [Noticias de jazz] - Tomajazz - En el programa del 23 de abril de 2026, lo nuevo de Marcos Pin en portada de Universos Paralelos UP. Adem\u00e1s, Sergio Cabanillas selecciona m\u00fasicas de Chad Wackerman \/ Alex Machacek \/ Steve Hunt\/ Jimmy Haslip, Srdjan Ivanovic Blazin' Quartet, Ross Stanley \/ Gilad Atzmon \/ Joel Barford, Third Coast Percussion","src":"https:\/\/i0.wp.com\/tomajazz.com\/web\/wp-content\/uploads\/2026\/04\/01-DESTACADA-Marcos-Pin-Smile-1080.jpg?resize=350%2C200&ssl=1","width":350,"height":200,"srcset":"https:\/\/i0.wp.com\/tomajazz.com\/web\/wp-content\/uploads\/2026\/04\/01-DESTACADA-Marcos-Pin-Smile-1080.jpg?resize=350%2C200&ssl=1 1x, https:\/\/i0.wp.com\/tomajazz.com\/web\/wp-content\/uploads\/2026\/04\/01-DESTACADA-Marcos-Pin-Smile-1080.jpg?resize=525%2C300&ssl=1 1.5x, https:\/\/i0.wp.com\/tomajazz.com\/web\/wp-content\/uploads\/2026\/04\/01-DESTACADA-Marcos-Pin-Smile-1080.jpg?resize=700%2C400&ssl=1 2x"},"classes":[]},{"id":103919,"url":"https:\/\/tomajazz.com\/web\/universos-paralelos-t31-p16-2025-26\/","url_meta":{"origin":104808,"position":2},"title":"Universos Paralelos: primer programa de 2026 (UP.T.31 P.16) [Noticias de jazz]","author":"Tomajazz","date":"8 febrero, 2026","format":false,"excerpt":"El programa de radio Universos Paralelos retoma su actividad en 2026 tras el par\u00f3n de enero. El en programa del 5 de febrero de 2026 suena m\u00fasica de Sumrr\u00e1, Fieldworks, Ra\u00fan Mannola & Juan Carlos Aracil y otros... #Noticiasdejazz","rel":"","context":"En \u00abUniversos Paralelos - UP\u00bb","block_context":{"text":"Universos Paralelos - UP","link":"https:\/\/tomajazz.com\/web\/category\/contenidos\/noticias-2\/universos-paralelos-up\/"},"img":{"alt_text":"Universos Paralelos: primer programa de 2026 (UP.T.31 P.16) [Noticias de jazz] - Tomajazz - El programa de radio Universos Paralelos retoma su actividad en 2026 tras el par\u00f3n de enero. El en programa del 5 de febrero de 2026 suena m\u00fasica de Sumrr\u00e1, Fieldworks, Ra\u00fan Mannola & Juan Carlos Aracil y otros... #Noticiasdejazz","src":"https:\/\/i0.wp.com\/tomajazz.com\/web\/wp-content\/uploads\/2026\/02\/destacada-Sumrra-Revoluti8n-1080.jpg?resize=350%2C200&ssl=1","width":350,"height":200,"srcset":"https:\/\/i0.wp.com\/tomajazz.com\/web\/wp-content\/uploads\/2026\/02\/destacada-Sumrra-Revoluti8n-1080.jpg?resize=350%2C200&ssl=1 1x, https:\/\/i0.wp.com\/tomajazz.com\/web\/wp-content\/uploads\/2026\/02\/destacada-Sumrra-Revoluti8n-1080.jpg?resize=525%2C300&ssl=1 1.5x, https:\/\/i0.wp.com\/tomajazz.com\/web\/wp-content\/uploads\/2026\/02\/destacada-Sumrra-Revoluti8n-1080.jpg?resize=700%2C400&ssl=1 2x"},"classes":[]},{"id":104087,"url":"https:\/\/tomajazz.com\/web\/universos-paralelos-t31-p18-2025-26\/","url_meta":{"origin":104808,"position":3},"title":"Universos Paralelos: emisi\u00f3n 19 de febrero de 2026 (UP.T.31 P.18) [Noticias de jazz]","author":"Tomajazz","date":"18 febrero, 2026","format":false,"excerpt":"En la entrega de Universos Paralelos del 19 de febrero de 2026, Sergio Cabanillas selecciona m\u00fasicas de Grand Discovery & Andre Nieri, The Adr\u00e9s Le\u00f3n Project, Freysteinn, Natsuko Sugao Big Band, John Scofield & Dave Holland #Noticiasdejazz","rel":"","context":"En \u00abUniversos Paralelos - UP\u00bb","block_context":{"text":"Universos Paralelos - UP","link":"https:\/\/tomajazz.com\/web\/category\/contenidos\/noticias-2\/universos-paralelos-up\/"},"img":{"alt_text":"Universos Paralelos: emisi\u00f3n 19 de febrero de 2026 (UP.T.31 P.18) [Noticias de jazz] - Tomajazz - En la entrega de Universos Paralelos del 19 de febrero de 2026, Sergio Cabanillas selecciona m\u00fasicas de Grand Discovery & Andre Nieri, The Adr\u00e9s Le\u00f3n Project, Freysteinn, Natsuko Sugao Big Band, John Scofield & Dave Holland #Noticiasdejazz","src":"https:\/\/i0.wp.com\/tomajazz.com\/web\/wp-content\/uploads\/2026\/02\/destacada-Freysteinn-Thoughts-1080.jpg?resize=350%2C200&ssl=1","width":350,"height":200,"srcset":"https:\/\/i0.wp.com\/tomajazz.com\/web\/wp-content\/uploads\/2026\/02\/destacada-Freysteinn-Thoughts-1080.jpg?resize=350%2C200&ssl=1 1x, https:\/\/i0.wp.com\/tomajazz.com\/web\/wp-content\/uploads\/2026\/02\/destacada-Freysteinn-Thoughts-1080.jpg?resize=525%2C300&ssl=1 1.5x, https:\/\/i0.wp.com\/tomajazz.com\/web\/wp-content\/uploads\/2026\/02\/destacada-Freysteinn-Thoughts-1080.jpg?resize=700%2C400&ssl=1 2x, https:\/\/i0.wp.com\/tomajazz.com\/web\/wp-content\/uploads\/2026\/02\/destacada-Freysteinn-Thoughts-1080.jpg?resize=1050%2C600&ssl=1 3x"},"classes":[]},{"id":103987,"url":"https:\/\/tomajazz.com\/web\/universos-paralelos-t31-p17-2025-26\/","url_meta":{"origin":104808,"position":4},"title":"Universos Paralelos: emisi\u00f3n 12 de febrero de 2026 (UP.T.31 P.17) [Noticias de jazz]","author":"Tomajazz","date":"12 febrero, 2026","format":false,"excerpt":"Universos Paralelos. Emisi\u00f3n del 12 de febrero de 2026. Sergio Cabanillas selecciona y comenta m\u00fasicas de Eelco Van Zanten, Cuarteto Fuerte, Rai Castells, Weber \/ Morris Big Band, Josep Llu\u00eds Galiana #Noticiasdejazz","rel":"","context":"En \u00abUniversos Paralelos - UP\u00bb","block_context":{"text":"Universos Paralelos - UP","link":"https:\/\/tomajazz.com\/web\/category\/contenidos\/noticias-2\/universos-paralelos-up\/"},"img":{"alt_text":"Universos Paralelos: emisi\u00f3n 12 de febrero de 2026 (UP.T.31 P.17) [Noticias de jazz] - Tomajazz - Universos Paralelos. Emisi\u00f3n del 12 de febrero de 2026. Sergio Cabanillas selecciona y comenta m\u00fasicas de Eelco Van Zanten, Cuarteto Fuerte, Rai Castells, Weber \/ Morris Big Band, Josep Llu\u00eds Galiana #Noticiasdejazz","src":"https:\/\/i0.wp.com\/tomajazz.com\/web\/wp-content\/uploads\/2026\/02\/destacada-Rai-Castells-Shifting-1080.jpg?resize=350%2C200&ssl=1","width":350,"height":200,"srcset":"https:\/\/i0.wp.com\/tomajazz.com\/web\/wp-content\/uploads\/2026\/02\/destacada-Rai-Castells-Shifting-1080.jpg?resize=350%2C200&ssl=1 1x, https:\/\/i0.wp.com\/tomajazz.com\/web\/wp-content\/uploads\/2026\/02\/destacada-Rai-Castells-Shifting-1080.jpg?resize=525%2C300&ssl=1 1.5x, https:\/\/i0.wp.com\/tomajazz.com\/web\/wp-content\/uploads\/2026\/02\/destacada-Rai-Castells-Shifting-1080.jpg?resize=700%2C400&ssl=1 2x"},"classes":[]},{"id":104290,"url":"https:\/\/tomajazz.com\/web\/universos-paralelos-t31-p20-2025-26\/","url_meta":{"origin":104808,"position":5},"title":"Universos Paralelos: emisi\u00f3n 5 de marzo de 2026 (UP.T.31 P.20) [Noticias de jazz]","author":"Tomajazz","date":"5 marzo, 2026","format":false,"excerpt":"Lo nuevo de Iosu Izaguirre es el disco de portada de Universos Paralelos del 5 de marzo de 2026. No es la \u00fanica m\u00fasica seleccionada por Sergio Cabanillas... #Noticiasdejazz","rel":"","context":"En \u00abUniversos Paralelos - UP\u00bb","block_context":{"text":"Universos Paralelos - UP","link":"https:\/\/tomajazz.com\/web\/category\/contenidos\/noticias-2\/universos-paralelos-up\/"},"img":{"alt_text":"Universos Paralelos: emisi\u00f3n 5 de marzo de 2026 (UP.T.31 P.20) [Noticias de jazz] - Tomajazz - Lo nuevo de Iosu Izaguirre es el disco de portada de Universos Paralelos del 5 de marzo de 2026. No es la \u00fanica m\u00fasica seleccionada por Sergio Cabanillas... #Noticiasdejazz","src":"https:\/\/i0.wp.com\/tomajazz.com\/web\/wp-content\/uploads\/2026\/03\/destacada-Iosu-Izaguirre-Ilusio-1080.jpg?resize=350%2C200&ssl=1","width":350,"height":200,"srcset":"https:\/\/i0.wp.com\/tomajazz.com\/web\/wp-content\/uploads\/2026\/03\/destacada-Iosu-Izaguirre-Ilusio-1080.jpg?resize=350%2C200&ssl=1 1x, https:\/\/i0.wp.com\/tomajazz.com\/web\/wp-content\/uploads\/2026\/03\/destacada-Iosu-Izaguirre-Ilusio-1080.jpg?resize=525%2C300&ssl=1 1.5x, https:\/\/i0.wp.com\/tomajazz.com\/web\/wp-content\/uploads\/2026\/03\/destacada-Iosu-Izaguirre-Ilusio-1080.jpg?resize=700%2C400&ssl=1 2x"},"classes":[]}],"_links":{"self":[{"href":"https:\/\/tomajazz.com\/web\/wp-json\/wp\/v2\/posts\/104808","targetHints":{"allow":["GET"]}}],"collection":[{"href":"https:\/\/tomajazz.com\/web\/wp-json\/wp\/v2\/posts"}],"about":[{"href":"https:\/\/tomajazz.com\/web\/wp-json\/wp\/v2\/types\/post"}],"author":[{"embeddable":true,"href":"https:\/\/tomajazz.com\/web\/wp-json\/wp\/v2\/users\/1"}],"replies":[{"embeddable":true,"href":"https:\/\/tomajazz.com\/web\/wp-json\/wp\/v2\/comments?post=104808"}],"version-history":[{"count":1,"href":"https:\/\/tomajazz.com\/web\/wp-json\/wp\/v2\/posts\/104808\/revisions"}],"predecessor-version":[{"id":104813,"href":"https:\/\/tomajazz.com\/web\/wp-json\/wp\/v2\/posts\/104808\/revisions\/104813"}],"wp:featuredmedia":[{"embeddable":true,"href":"https:\/\/tomajazz.com\/web\/wp-json\/wp\/v2\/media\/104812"}],"wp:attachment":[{"href":"https:\/\/tomajazz.com\/web\/wp-json\/wp\/v2\/media?parent=104808"}],"wp:term":[{"taxonomy":"category","embeddable":true,"href":"https:\/\/tomajazz.com\/web\/wp-json\/wp\/v2\/categories?post=104808"},{"taxonomy":"post_tag","embeddable":true,"href":"https:\/\/tomajazz.com\/web\/wp-json\/wp\/v2\/tags?post=104808"}],"curies":[{"name":"wp","href":"https:\/\/api.w.org\/{rel}","templated":true}]}}