{"id":105062,"date":"2026-04-26T17:00:56","date_gmt":"2026-04-26T15:00:56","guid":{"rendered":"https:\/\/tomajazz.com\/web\/?p=105062"},"modified":"2026-04-26T17:50:21","modified_gmt":"2026-04-26T15:50:21","slug":"duquende-flamenc-on-2026","status":"publish","type":"post","link":"https:\/\/tomajazz.com\/web\/duquende-flamenc-on-2026\/","title":{"rendered":"Duquende (Flamenc-ON 2026 \/ Teatre Sagarra, 2026-03-14 \/ Santa Coloma de Gramenet -Barcelona-) [I] Por Joan Cort\u00e8s [Flamencuras AKA INSTANTZZ AKA Galer\u00eda fotogr\u00e1fica AKA Fotoblog de jazz, impro\u2026 y algo m\u00e1s]"},"content":{"rendered":"<h3>Duquende<\/h3>\n<h3>Flamenc-ON 2026<\/h3>\n<ul>\n<li>Fecha: S\u00e1bado, 14 de marzo de 2026<\/li>\n<li>Lugar: Teatre Sagarra (Santa Coloma Gramenet -Barcelona-)<\/li>\n<li>Formaci\u00f3n:<br \/>\n<strong>Duquende<br \/>\n<\/strong>Duquende, cante<br \/>\nJos\u00e9 Andr\u00e9s Cort\u00e9s, guitarra<br \/>\nJuan Mateos, palmas<br \/>\nDiego Amaya, palmas<br \/>\nSergio de Finizio, bajo de seis cuerdas<\/li>\n<\/ul>\n<p><img loading=\"lazy\" decoding=\"async\" class=\"aligncenter size-full wp-image-105063\" title=\"Duquende (Flamenc-ON 2026 \/ Teatre Sagarra, 2026-03-14 \/ Santa Coloma de Gramenet -Barcelona-) [I] Por Joan Cort\u00e8s [Flamencuras AKA INSTANTZZ AKA Galer\u00eda fotogr\u00e1fica AKA Fotoblog de jazz, impro\u2026 y algo m\u00e1s] Tomajazz 01 Dqnd Joan Cort\u00e8s 14mr\u00e726 Flmnc \u00a9n TS SCGr\" src=\"https:\/\/tomajazz.com\/web\/wp-content\/uploads\/2026\/04\/01-Dqnd-Joan-Cortes-14mrc26-Flmnc-\u00a9n-TS-SCGr.jpg\" alt=\"Duquende (Flamenc-ON 2026 \/ Teatre Sagarra, 2026-03-14 \/ Santa Coloma de Gramenet -Barcelona-) [I] Por Joan Cort\u00e8s [Flamencuras AKA INSTANTZZ AKA Galer\u00eda fotogr\u00e1fica AKA Fotoblog de jazz, impro\u2026 y algo m\u00e1s] - Tomajazz - Duquende actu\u00f3 en Flamenc-ON 2026 de Santa Coloma de Gramenet, Barcelona, el 14 de marzo de 2026. Joan Cort\u00e8s lo retrata en las Flamencuras de INSTANTZZ. Actuaron Duquende, Jos\u00e9 Andr\u00e9s Cort\u00e9s, Juan Mateos, Diego Amaya, Sergio de Finizio \" width=\"400\" height=\"600\" srcset=\"https:\/\/tomajazz.com\/web\/wp-content\/uploads\/2026\/04\/01-Dqnd-Joan-Cortes-14mrc26-Flmnc-\u00a9n-TS-SCGr.jpg 400w, https:\/\/tomajazz.com\/web\/wp-content\/uploads\/2026\/04\/01-Dqnd-Joan-Cortes-14mrc26-Flmnc-\u00a9n-TS-SCGr-200x300.jpg 200w, https:\/\/tomajazz.com\/web\/wp-content\/uploads\/2026\/04\/01-Dqnd-Joan-Cortes-14mrc26-Flmnc-\u00a9n-TS-SCGr-367x550.jpg 367w, https:\/\/tomajazz.com\/web\/wp-content\/uploads\/2026\/04\/01-Dqnd-Joan-Cortes-14mrc26-Flmnc-\u00a9n-TS-SCGr-333x500.jpg 333w\" sizes=\"auto, (max-width: 400px) 100vw, 400px\" \/><\/p>\n<p><img loading=\"lazy\" decoding=\"async\" class=\"aligncenter size-large wp-image-105064\" title=\"Duquende (Flamenc-ON 2026 \/ Teatre Sagarra, 2026-03-14 \/ Santa Coloma de Gramenet -Barcelona-) [I] Por Joan Cort\u00e8s [Flamencuras AKA INSTANTZZ AKA Galer\u00eda fotogr\u00e1fica AKA Fotoblog de jazz, impro\u2026 y algo m\u00e1s] Tomajazz 02 Dqnd Joan Cort\u00e8s 14mr\u00e726 Flmnc \u00a9n TS SCGr\" src=\"https:\/\/tomajazz.com\/web\/wp-content\/uploads\/2026\/04\/02-Dqnd-Joan-Cortes-14mrc26-Flmnc-\u00a9n-TS-SCGr.jpg\" alt=\"Duquende (Flamenc-ON 2026 \/ Teatre Sagarra, 2026-03-14 \/ Santa Coloma de Gramenet -Barcelona-) [I] Por Joan Cort\u00e8s [Flamencuras AKA INSTANTZZ AKA Galer\u00eda fotogr\u00e1fica AKA Fotoblog de jazz, impro\u2026 y algo m\u00e1s] - Tomajazz - Duquende actu\u00f3 en Flamenc-ON 2026 de Santa Coloma de Gramenet, Barcelona, el 14 de marzo de 2026. Joan Cort\u00e8s lo retrata en las Flamencuras de INSTANTZZ. Actuaron Duquende, Jos\u00e9 Andr\u00e9s Cort\u00e9s, Juan Mateos, Diego Amaya, Sergio de Finizio \" width=\"400\" height=\"600\" srcset=\"https:\/\/tomajazz.com\/web\/wp-content\/uploads\/2026\/04\/02-Dqnd-Joan-Cortes-14mrc26-Flmnc-\u00a9n-TS-SCGr.jpg 400w, https:\/\/tomajazz.com\/web\/wp-content\/uploads\/2026\/04\/02-Dqnd-Joan-Cortes-14mrc26-Flmnc-\u00a9n-TS-SCGr-200x300.jpg 200w, https:\/\/tomajazz.com\/web\/wp-content\/uploads\/2026\/04\/02-Dqnd-Joan-Cortes-14mrc26-Flmnc-\u00a9n-TS-SCGr-367x550.jpg 367w, https:\/\/tomajazz.com\/web\/wp-content\/uploads\/2026\/04\/02-Dqnd-Joan-Cortes-14mrc26-Flmnc-\u00a9n-TS-SCGr-333x500.jpg 333w\" sizes=\"auto, (max-width: 400px) 100vw, 400px\" \/><\/p>\n<p><img loading=\"lazy\" decoding=\"async\" class=\"aligncenter size-large wp-image-105065\" title=\"Duquende (Flamenc-ON 2026 \/ Teatre Sagarra, 2026-03-14 \/ Santa Coloma de Gramenet -Barcelona-) [I] Por Joan Cort\u00e8s [Flamencuras AKA INSTANTZZ AKA Galer\u00eda fotogr\u00e1fica AKA Fotoblog de jazz, impro\u2026 y algo m\u00e1s] Tomajazz 03 Dqnd Joan Cort\u00e8s 14mr\u00e726 Flmnc \u00a9n TS SCGr\" src=\"https:\/\/tomajazz.com\/web\/wp-content\/uploads\/2026\/04\/03-Dqnd-Joan-Cortes-14mrc26-Flmnc-\u00a9n-TS-SCGr.jpg\" alt=\"Duquende (Flamenc-ON 2026 \/ Teatre Sagarra, 2026-03-14 \/ Santa Coloma de Gramenet -Barcelona-) [I] Por Joan Cort\u00e8s [Flamencuras AKA INSTANTZZ AKA Galer\u00eda fotogr\u00e1fica AKA Fotoblog de jazz, impro\u2026 y algo m\u00e1s] - Tomajazz - Duquende actu\u00f3 en Flamenc-ON 2026 de Santa Coloma de Gramenet, Barcelona, el 14 de marzo de 2026. Joan Cort\u00e8s lo retrata en las Flamencuras de INSTANTZZ. Actuaron Duquende, Jos\u00e9 Andr\u00e9s Cort\u00e9s, Juan Mateos, Diego Amaya, Sergio de Finizio \" width=\"600\" height=\"400\" srcset=\"https:\/\/tomajazz.com\/web\/wp-content\/uploads\/2026\/04\/03-Dqnd-Joan-Cortes-14mrc26-Flmnc-\u00a9n-TS-SCGr.jpg 600w, https:\/\/tomajazz.com\/web\/wp-content\/uploads\/2026\/04\/03-Dqnd-Joan-Cortes-14mrc26-Flmnc-\u00a9n-TS-SCGr-300x200.jpg 300w, https:\/\/tomajazz.com\/web\/wp-content\/uploads\/2026\/04\/03-Dqnd-Joan-Cortes-14mrc26-Flmnc-\u00a9n-TS-SCGr-465x310.jpg 465w\" sizes=\"auto, (max-width: 600px) 100vw, 600px\" \/><\/p>\n<p><img loading=\"lazy\" decoding=\"async\" class=\"aligncenter size-large wp-image-105066\" title=\"Duquende (Flamenc-ON 2026 \/ Teatre Sagarra, 2026-03-14 \/ Santa Coloma de Gramenet -Barcelona-) [I] Por Joan Cort\u00e8s [Flamencuras AKA INSTANTZZ AKA Galer\u00eda fotogr\u00e1fica AKA Fotoblog de jazz, impro\u2026 y algo m\u00e1s] Tomajazz 04 Dqnd Joan Cort\u00e8s 14mr\u00e726 Flmnc \u00a9n TS SCGr\" src=\"https:\/\/tomajazz.com\/web\/wp-content\/uploads\/2026\/04\/04-Dqnd-Joan-Cortes-14mrc26-Flmnc-\u00a9n-TS-SCGr.jpg\" alt=\"Duquende (Flamenc-ON 2026 \/ Teatre Sagarra, 2026-03-14 \/ Santa Coloma de Gramenet -Barcelona-) [I] Por Joan Cort\u00e8s [Flamencuras AKA INSTANTZZ AKA Galer\u00eda fotogr\u00e1fica AKA Fotoblog de jazz, impro\u2026 y algo m\u00e1s] - Tomajazz - Duquende actu\u00f3 en Flamenc-ON 2026 de Santa Coloma de Gramenet, Barcelona, el 14 de marzo de 2026. Joan Cort\u00e8s lo retrata en las Flamencuras de INSTANTZZ. Actuaron Duquende, Jos\u00e9 Andr\u00e9s Cort\u00e9s, Juan Mateos, Diego Amaya, Sergio de Finizio \" width=\"400\" height=\"600\" srcset=\"https:\/\/tomajazz.com\/web\/wp-content\/uploads\/2026\/04\/04-Dqnd-Joan-Cortes-14mrc26-Flmnc-\u00a9n-TS-SCGr.jpg 400w, https:\/\/tomajazz.com\/web\/wp-content\/uploads\/2026\/04\/04-Dqnd-Joan-Cortes-14mrc26-Flmnc-\u00a9n-TS-SCGr-200x300.jpg 200w, https:\/\/tomajazz.com\/web\/wp-content\/uploads\/2026\/04\/04-Dqnd-Joan-Cortes-14mrc26-Flmnc-\u00a9n-TS-SCGr-367x550.jpg 367w, https:\/\/tomajazz.com\/web\/wp-content\/uploads\/2026\/04\/04-Dqnd-Joan-Cortes-14mrc26-Flmnc-\u00a9n-TS-SCGr-333x500.jpg 333w\" sizes=\"auto, (max-width: 400px) 100vw, 400px\" \/><\/p>\n<p><img loading=\"lazy\" decoding=\"async\" class=\"aligncenter size-large wp-image-105067\" title=\"Duquende (Flamenc-ON 2026 \/ Teatre Sagarra, 2026-03-14 \/ Santa Coloma de Gramenet -Barcelona-) [I] Por Joan Cort\u00e8s [Flamencuras AKA INSTANTZZ AKA Galer\u00eda fotogr\u00e1fica AKA Fotoblog de jazz, impro\u2026 y algo m\u00e1s] Tomajazz 05 Dqnd Joan Cort\u00e8s 14mr\u00e726 Flmnc \u00a9n TS SCGr\" src=\"https:\/\/tomajazz.com\/web\/wp-content\/uploads\/2026\/04\/05-Dqnd-Joan-Cortes-14mrc26-Flmnc-\u00a9n-TS-SCGr.jpg\" alt=\"Duquende (Flamenc-ON 2026 \/ Teatre Sagarra, 2026-03-14 \/ Santa Coloma de Gramenet -Barcelona-) [I] Por Joan Cort\u00e8s [Flamencuras AKA INSTANTZZ AKA Galer\u00eda fotogr\u00e1fica AKA Fotoblog de jazz, impro\u2026 y algo m\u00e1s] - Tomajazz - Duquende actu\u00f3 en Flamenc-ON 2026 de Santa Coloma de Gramenet, Barcelona, el 14 de marzo de 2026. Joan Cort\u00e8s lo retrata en las Flamencuras de INSTANTZZ. Actuaron Duquende, Jos\u00e9 Andr\u00e9s Cort\u00e9s, Juan Mateos, Diego Amaya, Sergio de Finizio \" width=\"600\" height=\"400\" srcset=\"https:\/\/tomajazz.com\/web\/wp-content\/uploads\/2026\/04\/05-Dqnd-Joan-Cortes-14mrc26-Flmnc-\u00a9n-TS-SCGr.jpg 600w, https:\/\/tomajazz.com\/web\/wp-content\/uploads\/2026\/04\/05-Dqnd-Joan-Cortes-14mrc26-Flmnc-\u00a9n-TS-SCGr-300x200.jpg 300w, https:\/\/tomajazz.com\/web\/wp-content\/uploads\/2026\/04\/05-Dqnd-Joan-Cortes-14mrc26-Flmnc-\u00a9n-TS-SCGr-465x310.jpg 465w\" sizes=\"auto, (max-width: 600px) 100vw, 600px\" \/><\/p>\n<p><img loading=\"lazy\" decoding=\"async\" class=\"aligncenter size-large wp-image-105068\" title=\"Duquende (Flamenc-ON 2026 \/ Teatre Sagarra, 2026-03-14 \/ Santa Coloma de Gramenet -Barcelona-) [I] Por Joan Cort\u00e8s [Flamencuras AKA INSTANTZZ AKA Galer\u00eda fotogr\u00e1fica AKA Fotoblog de jazz, impro\u2026 y algo m\u00e1s] Tomajazz 06 Dqnd Joan Cort\u00e8s 14mr\u00e726 Flmnc \u00a9n TS SCGr\" src=\"https:\/\/tomajazz.com\/web\/wp-content\/uploads\/2026\/04\/06-Dqnd-Joan-Cortes-14mrc26-Flmnc-\u00a9n-TS-SCGr.jpg\" alt=\"Duquende (Flamenc-ON 2026 \/ Teatre Sagarra, 2026-03-14 \/ Santa Coloma de Gramenet -Barcelona-) [I] Por Joan Cort\u00e8s [Flamencuras AKA INSTANTZZ AKA Galer\u00eda fotogr\u00e1fica AKA Fotoblog de jazz, impro\u2026 y algo m\u00e1s] - Tomajazz - Duquende actu\u00f3 en Flamenc-ON 2026 de Santa Coloma de Gramenet, Barcelona, el 14 de marzo de 2026. Joan Cort\u00e8s lo retrata en las Flamencuras de INSTANTZZ. Actuaron Duquende, Jos\u00e9 Andr\u00e9s Cort\u00e9s, Juan Mateos, Diego Amaya, Sergio de Finizio \" width=\"600\" height=\"400\" srcset=\"https:\/\/tomajazz.com\/web\/wp-content\/uploads\/2026\/04\/06-Dqnd-Joan-Cortes-14mrc26-Flmnc-\u00a9n-TS-SCGr.jpg 600w, https:\/\/tomajazz.com\/web\/wp-content\/uploads\/2026\/04\/06-Dqnd-Joan-Cortes-14mrc26-Flmnc-\u00a9n-TS-SCGr-300x200.jpg 300w, https:\/\/tomajazz.com\/web\/wp-content\/uploads\/2026\/04\/06-Dqnd-Joan-Cortes-14mrc26-Flmnc-\u00a9n-TS-SCGr-465x310.jpg 465w\" sizes=\"auto, (max-width: 600px) 100vw, 600px\" \/><\/p>\n<p><img loading=\"lazy\" decoding=\"async\" class=\"aligncenter size-large wp-image-105069\" title=\"Duquende (Flamenc-ON 2026 \/ Teatre Sagarra, 2026-03-14 \/ Santa Coloma de Gramenet -Barcelona-) [I] Por Joan Cort\u00e8s [Flamencuras AKA INSTANTZZ AKA Galer\u00eda fotogr\u00e1fica AKA Fotoblog de jazz, impro\u2026 y algo m\u00e1s] Tomajazz 07 Dqnd Joan Cort\u00e8s 14mr\u00e726 Flmnc \u00a9n TS SCGr\" src=\"https:\/\/tomajazz.com\/web\/wp-content\/uploads\/2026\/04\/07-Dqnd-Joan-Cortes-14mrc26-Flmnc-\u00a9n-TS-SCGr.jpg\" alt=\"Duquende (Flamenc-ON 2026 \/ Teatre Sagarra, 2026-03-14 \/ Santa Coloma de Gramenet -Barcelona-) [I] Por Joan Cort\u00e8s [Flamencuras AKA INSTANTZZ AKA Galer\u00eda fotogr\u00e1fica AKA Fotoblog de jazz, impro\u2026 y algo m\u00e1s] - Tomajazz - Duquende actu\u00f3 en Flamenc-ON 2026 de Santa Coloma de Gramenet, Barcelona, el 14 de marzo de 2026. Joan Cort\u00e8s lo retrata en las Flamencuras de INSTANTZZ. Actuaron Duquende, Jos\u00e9 Andr\u00e9s Cort\u00e9s, Juan Mateos, Diego Amaya, Sergio de Finizio \" width=\"600\" height=\"400\" srcset=\"https:\/\/tomajazz.com\/web\/wp-content\/uploads\/2026\/04\/07-Dqnd-Joan-Cortes-14mrc26-Flmnc-\u00a9n-TS-SCGr.jpg 600w, https:\/\/tomajazz.com\/web\/wp-content\/uploads\/2026\/04\/07-Dqnd-Joan-Cortes-14mrc26-Flmnc-\u00a9n-TS-SCGr-300x200.jpg 300w, https:\/\/tomajazz.com\/web\/wp-content\/uploads\/2026\/04\/07-Dqnd-Joan-Cortes-14mrc26-Flmnc-\u00a9n-TS-SCGr-465x310.jpg 465w\" sizes=\"auto, (max-width: 600px) 100vw, 600px\" \/><\/p>\n<p><img loading=\"lazy\" decoding=\"async\" class=\"aligncenter size-large wp-image-105070\" title=\"Duquende (Flamenc-ON 2026 \/ Teatre Sagarra, 2026-03-14 \/ Santa Coloma de Gramenet -Barcelona-) [I] Por Joan Cort\u00e8s [Flamencuras AKA INSTANTZZ AKA Galer\u00eda fotogr\u00e1fica AKA Fotoblog de jazz, impro\u2026 y algo m\u00e1s] Tomajazz 08 Dqnd Joan Cort\u00e8s 14mr\u00e726 Flmnc \u00a9n TS SCGr\" src=\"https:\/\/tomajazz.com\/web\/wp-content\/uploads\/2026\/04\/08-Dqnd-Joan-Cortes-14mrc26-Flmnc-\u00a9n-TS-SCGr.jpg\" alt=\"Duquende (Flamenc-ON 2026 \/ Teatre Sagarra, 2026-03-14 \/ Santa Coloma de Gramenet -Barcelona-) [I] Por Joan Cort\u00e8s [Flamencuras AKA INSTANTZZ AKA Galer\u00eda fotogr\u00e1fica AKA Fotoblog de jazz, impro\u2026 y algo m\u00e1s] - Tomajazz - Duquende actu\u00f3 en Flamenc-ON 2026 de Santa Coloma de Gramenet, Barcelona, el 14 de marzo de 2026. Joan Cort\u00e8s lo retrata en las Flamencuras de INSTANTZZ. Actuaron Duquende, Jos\u00e9 Andr\u00e9s Cort\u00e9s, Juan Mateos, Diego Amaya, Sergio de Finizio \" width=\"400\" height=\"600\" srcset=\"https:\/\/tomajazz.com\/web\/wp-content\/uploads\/2026\/04\/08-Dqnd-Joan-Cortes-14mrc26-Flmnc-\u00a9n-TS-SCGr.jpg 400w, https:\/\/tomajazz.com\/web\/wp-content\/uploads\/2026\/04\/08-Dqnd-Joan-Cortes-14mrc26-Flmnc-\u00a9n-TS-SCGr-200x300.jpg 200w, https:\/\/tomajazz.com\/web\/wp-content\/uploads\/2026\/04\/08-Dqnd-Joan-Cortes-14mrc26-Flmnc-\u00a9n-TS-SCGr-367x550.jpg 367w, https:\/\/tomajazz.com\/web\/wp-content\/uploads\/2026\/04\/08-Dqnd-Joan-Cortes-14mrc26-Flmnc-\u00a9n-TS-SCGr-333x500.jpg 333w\" sizes=\"auto, (max-width: 400px) 100vw, 400px\" \/><\/p>\n<p><img loading=\"lazy\" decoding=\"async\" class=\"aligncenter size-large wp-image-105071\" title=\"Duquende (Flamenc-ON 2026 \/ Teatre Sagarra, 2026-03-14 \/ Santa Coloma de Gramenet -Barcelona-) [I] Por Joan Cort\u00e8s [Flamencuras AKA INSTANTZZ AKA Galer\u00eda fotogr\u00e1fica AKA Fotoblog de jazz, impro\u2026 y algo m\u00e1s] Tomajazz 09 Dqnd Joan Cort\u00e8s 14mr\u00e726 Flmnc \u00a9n TS SCGr\" src=\"https:\/\/tomajazz.com\/web\/wp-content\/uploads\/2026\/04\/09-Dqnd-Joan-Cortes-14mrc26-Flmnc-\u00a9n-TS-SCGr.jpg\" alt=\"Duquende (Flamenc-ON 2026 \/ Teatre Sagarra, 2026-03-14 \/ Santa Coloma de Gramenet -Barcelona-) [I] Por Joan Cort\u00e8s [Flamencuras AKA INSTANTZZ AKA Galer\u00eda fotogr\u00e1fica AKA Fotoblog de jazz, impro\u2026 y algo m\u00e1s] - Tomajazz - Duquende actu\u00f3 en Flamenc-ON 2026 de Santa Coloma de Gramenet, Barcelona, el 14 de marzo de 2026. Joan Cort\u00e8s lo retrata en las Flamencuras de INSTANTZZ. Actuaron Duquende, Jos\u00e9 Andr\u00e9s Cort\u00e9s, Juan Mateos, Diego Amaya, Sergio de Finizio \" width=\"600\" height=\"400\" srcset=\"https:\/\/tomajazz.com\/web\/wp-content\/uploads\/2026\/04\/09-Dqnd-Joan-Cortes-14mrc26-Flmnc-\u00a9n-TS-SCGr.jpg 600w, https:\/\/tomajazz.com\/web\/wp-content\/uploads\/2026\/04\/09-Dqnd-Joan-Cortes-14mrc26-Flmnc-\u00a9n-TS-SCGr-300x200.jpg 300w, https:\/\/tomajazz.com\/web\/wp-content\/uploads\/2026\/04\/09-Dqnd-Joan-Cortes-14mrc26-Flmnc-\u00a9n-TS-SCGr-465x310.jpg 465w\" sizes=\"auto, (max-width: 600px) 100vw, 600px\" \/><\/p>\n<p><img loading=\"lazy\" decoding=\"async\" class=\"aligncenter size-large wp-image-105072\" title=\"Duquende (Flamenc-ON 2026 \/ Teatre Sagarra, 2026-03-14 \/ Santa Coloma de Gramenet -Barcelona-) [I] Por Joan Cort\u00e8s [Flamencuras AKA INSTANTZZ AKA Galer\u00eda fotogr\u00e1fica AKA Fotoblog de jazz, impro\u2026 y algo m\u00e1s] Tomajazz 10 Dqnd Joan Cort\u00e8s 14mr\u00e726 Flmnc \u00a9n TS SCGr\" src=\"https:\/\/tomajazz.com\/web\/wp-content\/uploads\/2026\/04\/10-Dqnd-Joan-Cortes-14mrc26-Flmnc-\u00a9n-TS-SCGr.jpg\" alt=\"Duquende (Flamenc-ON 2026 \/ Teatre Sagarra, 2026-03-14 \/ Santa Coloma de Gramenet -Barcelona-) [I] Por Joan Cort\u00e8s [Flamencuras AKA INSTANTZZ AKA Galer\u00eda fotogr\u00e1fica AKA Fotoblog de jazz, impro\u2026 y algo m\u00e1s] - Tomajazz - Duquende actu\u00f3 en Flamenc-ON 2026 de Santa Coloma de Gramenet, Barcelona, el 14 de marzo de 2026. Joan Cort\u00e8s lo retrata en las Flamencuras de INSTANTZZ. Actuaron Duquende, Jos\u00e9 Andr\u00e9s Cort\u00e9s, Juan Mateos, Diego Amaya, Sergio de Finizio \" width=\"600\" height=\"400\" srcset=\"https:\/\/tomajazz.com\/web\/wp-content\/uploads\/2026\/04\/10-Dqnd-Joan-Cortes-14mrc26-Flmnc-\u00a9n-TS-SCGr.jpg 600w, https:\/\/tomajazz.com\/web\/wp-content\/uploads\/2026\/04\/10-Dqnd-Joan-Cortes-14mrc26-Flmnc-\u00a9n-TS-SCGr-300x200.jpg 300w, https:\/\/tomajazz.com\/web\/wp-content\/uploads\/2026\/04\/10-Dqnd-Joan-Cortes-14mrc26-Flmnc-\u00a9n-TS-SCGr-465x310.jpg 465w\" sizes=\"auto, (max-width: 600px) 100vw, 600px\" \/><\/p>\n<p><img loading=\"lazy\" decoding=\"async\" class=\"aligncenter size-large wp-image-105073\" title=\"Duquende (Flamenc-ON 2026 \/ Teatre Sagarra, 2026-03-14 \/ Santa Coloma de Gramenet -Barcelona-) [I] Por Joan Cort\u00e8s [Flamencuras AKA INSTANTZZ AKA Galer\u00eda fotogr\u00e1fica AKA Fotoblog de jazz, impro\u2026 y algo m\u00e1s] Tomajazz 11 Dqnd Joan Cort\u00e8s 14mr\u00e726 Flmnc \u00a9n TS SCGr\" src=\"https:\/\/tomajazz.com\/web\/wp-content\/uploads\/2026\/04\/11-Dqnd-Joan-Cortes-14mrc26-Flmnc-\u00a9n-TS-SCGr.jpg\" alt=\"Duquende (Flamenc-ON 2026 \/ Teatre Sagarra, 2026-03-14 \/ Santa Coloma de Gramenet -Barcelona-) [I] Por Joan Cort\u00e8s [Flamencuras AKA INSTANTZZ AKA Galer\u00eda fotogr\u00e1fica AKA Fotoblog de jazz, impro\u2026 y algo m\u00e1s] - Tomajazz - Duquende actu\u00f3 en Flamenc-ON 2026 de Santa Coloma de Gramenet, Barcelona, el 14 de marzo de 2026. Joan Cort\u00e8s lo retrata en las Flamencuras de INSTANTZZ. Actuaron Duquende, Jos\u00e9 Andr\u00e9s Cort\u00e9s, Juan Mateos, Diego Amaya, Sergio de Finizio \" width=\"400\" height=\"600\" srcset=\"https:\/\/tomajazz.com\/web\/wp-content\/uploads\/2026\/04\/11-Dqnd-Joan-Cortes-14mrc26-Flmnc-\u00a9n-TS-SCGr.jpg 400w, https:\/\/tomajazz.com\/web\/wp-content\/uploads\/2026\/04\/11-Dqnd-Joan-Cortes-14mrc26-Flmnc-\u00a9n-TS-SCGr-200x300.jpg 200w, https:\/\/tomajazz.com\/web\/wp-content\/uploads\/2026\/04\/11-Dqnd-Joan-Cortes-14mrc26-Flmnc-\u00a9n-TS-SCGr-367x550.jpg 367w, https:\/\/tomajazz.com\/web\/wp-content\/uploads\/2026\/04\/11-Dqnd-Joan-Cortes-14mrc26-Flmnc-\u00a9n-TS-SCGr-333x500.jpg 333w\" sizes=\"auto, (max-width: 400px) 100vw, 400px\" \/><\/p>\n<p style=\"text-align: right;\">Tomajazz: Fotograf\u00edas: \u00a9\u00a0<a href=\"https:\/\/www.facebook.com\/joan.cortesbenages\" target=\"_blank\" rel=\"noopener\"><strong>Joan Cort\u00e8s<\/strong><\/a>, 2026<\/p>\n<h3>M\u00e1s informaci\u00f3n de Duquende y Flamenc-ON 2026:<\/h3>\n<p><a href=\"https:\/\/www.instagram.com\/duquende_oficial\/\" target=\"_blank\" rel=\"noopener\">https:\/\/www.instagram.com\/duquende_oficial\/<\/a><\/p>\n<p><a href=\"https:\/\/tomajazz.com\/web\/?s=duquende&amp;submit=Search\" target=\"_blank\" rel=\"noopener\">https:\/\/tomajazz.com\/web\/?s=duquende&amp;submit=Search<\/a><\/p>\n<p><a href=\"https:\/\/www.flamencon.es\/\" target=\"_blank\" rel=\"noopener\">https:\/\/www.flamencon.es\/<\/a><\/p>\n<p><a href=\"https:\/\/tomajazz.com\/web\/?s=flamenc-on&amp;submit=Search\" target=\"_blank\" rel=\"noopener\">https:\/\/tomajazz.com\/web\/?s=flamenc-on&amp;submit=Search<\/a><\/p>\n<h3>Flamenc-ON 2025 en Tomajazz<\/h3>\n<p><a href=\"https:\/\/tomajazz.com\/web\/category\/contenidos\/especial-contenidos\/flamenc-on-2025\/\" target=\"_blank\">https:\/\/tomajazz.com\/web\/category\/contenidos\/especial-contenidos\/flamenc-on-2025\/<\/a><\/p>\n<h3>Joan Cort\u00e8s en Tomajazz<\/h3>\n<p><a href=\"https:\/\/tomajazz.com\/web\/category\/joan-cortes\/\" target=\"_blank\" rel=\"noopener\">https:\/\/tomajazz.com\/web\/category\/joan-cortes\/<\/a><\/p>\n","protected":false},"excerpt":{"rendered":"<p>Duquende actu\u00f3 en Flamenc-ON 2026 de Santa Coloma de Gramenet, Barcelona, el 14 de marzo de 2026. Joan Cort\u00e8s lo retrata en las Flamencuras de INSTANTZZ. Actuaron Duquende, Jos\u00e9 Andr\u00e9s Cort\u00e9s, Juan Mateos, Diego Amaya, Sergio de Finizio<br \/>\n<span class=\"more-link\"><a href=\"https:\/\/tomajazz.com\/web\/duquende-flamenc-on-2026\/\">Contin\u00faa leyendo<\/a><\/span><\/p>\n","protected":false},"author":1,"featured_media":105074,"comment_status":"open","ping_status":"closed","sticky":false,"template":"","format":"standard","meta":{"jetpack_post_was_ever_published":false,"_jetpack_newsletter_access":"","_jetpack_dont_email_post_to_subs":false,"_jetpack_newsletter_tier_id":0,"_jetpack_memberships_contains_paywalled_content":false,"_jetpack_memberships_contains_paid_content":false,"footnotes":""},"categories":[33250,17853,21243,11262,15516,11261,1038],"tags":[26445,30204,1041,33251,25121,33252],"class_list":["entry","author-pachi","has-excerpt","post-105062","post","type-post","status-publish","format-standard","has-post-thumbnail","category-flamenc-on-2026","category-joan-cortes","category-flamencuras","category-photoblogs","category-imagenes","category-instantzz","category-contenidos","tag-diego-amaya","tag-duquende","tag-joan-cortes","tag-jose-andres-cortes","tag-juan-mateos","tag-sergio-de-finizio"],"jetpack_featured_media_url":"https:\/\/tomajazz.com\/web\/wp-content\/uploads\/2026\/04\/destacada-07-Dqnd-Photo-by-Joan-Cortes-14mrc26-Flmnc-n-TS-SCGr.jpg","jetpack_likes_enabled":true,"jetpack_sharing_enabled":true,"jetpack-related-posts":[{"id":73751,"url":"https:\/\/tomajazz.com\/web\/jeronimo-maya-festival-flamenc-on-2023\/","url_meta":{"origin":105062,"position":0},"title":"Jer\u00f3nimo Maya \u201cPureza y Solera\u201d (Festival Flamenc-ON, Teatre Sagarra, 2023-03-118. Santa Coloma de Gramenet -Barcelona-) Por Joan Cort\u00e8s [Flamencura AKA INSTANTZZ AKA Galer\u00eda fotogr\u00e1fica AKA Fotoblog de jazz, impro\u2026 y algo m\u00e1s]","author":"Tomajazz","date":"9 mayo, 2023","format":false,"excerpt":"Jer\u00f3nimo Maya actu\u00f3 con el proyecto \u201cPureza y Solera\u201d en el Festival Flamenc-ON, de Santa Coloma de Gramanet -Barcelona-, el 18 de marzo de 2023. Joan Cort\u00e8s retrata su actuaci\u00f3n en una Flamencura en INSTANTZZ.","rel":"","context":"En \u00abFlamencuras\u00bb","block_context":{"text":"Flamencuras","link":"https:\/\/tomajazz.com\/web\/category\/contenidos\/imagenes\/photoblogs\/flamencuras\/"},"img":{"alt_text":"Jer\u00f3nimo Maya \u201cPureza y Solera\u201d (Festival Flamenc-ON, Teatre Sagarra, 2023-03-118. Santa Coloma de Gramenet -Barcelona-) Por Joan Cort\u00e8s [Flamencura AKA INSTANTZZ AKA Galer\u00eda fotogr\u00e1fica AKA Fotoblog de jazz, impro\u2026 y algo m\u00e1s] - Tomajazz 9.0 - Jer\u00f3nimo Maya actu\u00f3 con el proyecto \u201cPureza y Solera\u201d en el Festival Flamenc-ON, de Santa Coloma de Gramanet -Barcelona-, el 18 de marzo de 2023. Joan Cort\u00e8s retrata su actuaci\u00f3n en una Flamencura en INSTANTZZ.","src":"https:\/\/i0.wp.com\/tomajazz.com\/web\/wp-content\/uploads\/2023\/05\/04-Jrnm-My-%C2%A9Joan-Cortes-18mrc23-Flmnc-N-Ttr-Sgr-SCG-Jeronimo-Maya-Pureza-y-Solera-Festival-Flamenc-ON-2023-03-18-Santa-Coloma-de-Gramenet-Barcelona-.jpg?resize=350%2C200&ssl=1","width":350,"height":200,"srcset":"https:\/\/i0.wp.com\/tomajazz.com\/web\/wp-content\/uploads\/2023\/05\/04-Jrnm-My-%C2%A9Joan-Cortes-18mrc23-Flmnc-N-Ttr-Sgr-SCG-Jeronimo-Maya-Pureza-y-Solera-Festival-Flamenc-ON-2023-03-18-Santa-Coloma-de-Gramenet-Barcelona-.jpg?resize=350%2C200&ssl=1 1x, https:\/\/i0.wp.com\/tomajazz.com\/web\/wp-content\/uploads\/2023\/05\/04-Jrnm-My-%C2%A9Joan-Cortes-18mrc23-Flmnc-N-Ttr-Sgr-SCG-Jeronimo-Maya-Pureza-y-Solera-Festival-Flamenc-ON-2023-03-18-Santa-Coloma-de-Gramenet-Barcelona-.jpg?resize=525%2C300&ssl=1 1.5x"},"classes":[]},{"id":95697,"url":"https:\/\/tomajazz.com\/web\/al-compas-de-jerez-flamenc-on-2025\/","url_meta":{"origin":105062,"position":1},"title":"Al comp\u00e1s de Jerez (Flamenc-ON, Teatre Sagarra, 2025-03-01 \/ Santa Coloma de Gramenet -Barcelona-) [I] Por Joan Cort\u00e8s [Flamencuras AKA INSTANTZZ AKA Galer\u00eda fotogr\u00e1fica AKA Fotoblog de jazz, impro\u2026 y algo m\u00e1s]","author":"Tomajazz","date":"6 mayo, 2025","format":false,"excerpt":"Al comp\u00e1s de Jerez se present\u00f3 en Flamenc-ON, en Santa Coloma de Gramanet, el 1 de marzo de 2025. Joan Cort\u00e8s lo retrata en las Flamencuras de INSTANTZZ. Actuaron Jes\u00fas M\u00e9ndez, Felipa del Moreno, Manuel Monje, Miranda Fern\u00e1ndez, Antonio Higuero, Marcos de Silva, Manuel Cantarote, Juan Diego Valencia","rel":"","context":"En \u00abFlamenc-ON-2025\u00bb","block_context":{"text":"Flamenc-ON-2025","link":"https:\/\/tomajazz.com\/web\/category\/contenidos\/especial-contenidos\/flamenc-on-2025\/"},"img":{"alt_text":"Al comp\u00e1s de Jerez (Flamenc-ON, Teatre Sagarra, 2025-03-01 \/ Santa Coloma de Gramenet -Barcelona-) [I]  Por Joan Cort\u00e8s [Flamencuras AKA INSTANTZZ AKA Galer\u00eda fotogr\u00e1fica AKA Fotoblog de jazz, impro\u2026 y algo m\u00e1s] - Tomajazz - Al comp\u00e1s de Jerez se present\u00f3 en Flamenc-ON, en Santa Coloma de Gramanet, el 1 de marzo de 2025. Joan Cort\u00e8s lo retrata en las Flamencuras de INSTANTZZ. Actuaron Jes\u00fas M\u00e9ndez, Felipa del Moreno, Manuel Monje, Miranda Fern\u00e1ndez, Antonio Higuero, Marcos de Silva, Manuel Cantarote, Juan Diego Valencia","src":"https:\/\/i0.wp.com\/tomajazz.com\/web\/wp-content\/uploads\/2025\/05\/destacada-08-l-Cmps-d-Jrz-Photo-By-Joan-Cortes-01mrc25-Flmnc-N-TS-SCG.jpg?resize=350%2C200&ssl=1","width":350,"height":200,"srcset":"https:\/\/i0.wp.com\/tomajazz.com\/web\/wp-content\/uploads\/2025\/05\/destacada-08-l-Cmps-d-Jrz-Photo-By-Joan-Cortes-01mrc25-Flmnc-N-TS-SCG.jpg?resize=350%2C200&ssl=1 1x, https:\/\/i0.wp.com\/tomajazz.com\/web\/wp-content\/uploads\/2025\/05\/destacada-08-l-Cmps-d-Jrz-Photo-By-Joan-Cortes-01mrc25-Flmnc-N-TS-SCG.jpg?resize=525%2C300&ssl=1 1.5x"},"classes":[]},{"id":72924,"url":"https:\/\/tomajazz.com\/web\/mercedes-ruiz-festival-flamenc-on-2023\/","url_meta":{"origin":105062,"position":2},"title":"Mercedes Ruiz \u201cTauromagia\u201d (Festival Flamenc-ON, Teatre Sagarra, 2023-02-17. Santa Coloma de Gramenet -Barcelona-) Por Joan Cort\u00e8s [Flamencuras AKA INSTANTZZ AKA Galer\u00eda fotogr\u00e1fica AKA Fotoblog de jazz, impro\u2026 y algo m\u00e1s]","author":"Tomajazz","date":"8 abril, 2023","format":false,"excerpt":"Mercedes Ruiz present\u00f3 el proyecto \u201cTauromagia\u201d en el Festival Flamenc-ON, en el Teatre Sagarra de Santa Coloma de Gramenet -Barcelona-, el 17 de febrero de 2023. Joan Cort\u00e8s retrata el espect\u00e1culo en una Flamencuras en INSTANTZZ.","rel":"","context":"En \u00abFlamencuras\u00bb","block_context":{"text":"Flamencuras","link":"https:\/\/tomajazz.com\/web\/category\/contenidos\/imagenes\/photoblogs\/flamencuras\/"},"img":{"alt_text":"Mercedes Ruiz \u201cTauromagia\u201d (Festival Flamenc-ON, Teatre Sagarra, 2023-02-17. Santa Coloma de Gramenet -Barcelona-) Por Joan Cort\u00e8s [Flamencuras AKA INSTANTZZ AKA Galer\u00eda fotogr\u00e1fica AKA Fotoblog de jazz, impro\u2026 y algo m\u00e1s] - Tomajazz 9.0 - Mercedes Ruiz present\u00f3 el proyecto \u201cTauromagia\u201d en el Festival Flamenc-ON, en el Teatre Sagarra de Santa Coloma de Gramenet -Barcelona-, el 17 de febrero de 2023. Joan Cort\u00e8s retrata el espect\u00e1culo en una Flamencuras en INSTANTZZ.","src":"https:\/\/i0.wp.com\/tomajazz.com\/web\/wp-content\/uploads\/2023\/04\/05-Mrcds-Rz-Trmg-%C2%A9Joan-Cortes-17fbr23-Flmnc-N-TSgrr-SCdG-Mercedes-Ruiz-Tauromagia-Festival-Flamenc-ON-Joan-Cortes-Flamencuras-AKA-INSTANTZZ.jpg?resize=350%2C200&ssl=1","width":350,"height":200},"classes":[]},{"id":79902,"url":"https:\/\/tomajazz.com\/web\/divendres-tretze-2023-barcelona\/","url_meta":{"origin":105062,"position":3},"title":"Divendres tretze -jazz, impro &#038; flamenco-: Anders Bergcrantz Quartet \/ Markus Breuss &#038; The Baltic Connection \/ Duquende (Jamboree &#038; Paral\u2022lel 62, 2023-10-13. Barcelona) Por Joan Cort\u00e8s [Flamencura AKA INSTANTZZ AKA Galer\u00eda fotogr\u00e1fica AKA Fotoblog de jazz, impro\u2026 y algo m\u00e1s]","author":"Tomajazz","date":"31 octubre, 2023","format":false,"excerpt":"Divendres tretze o lo que es lo mismo las actuaciones de Anders Bergcrantz Quartet \/ Markus Breuss & The Baltic Connection \/ Duquende el 13 de octubre de 2023 en Barcelona, variadas, vistas por los objetivos de Joan Cort\u00e8s en INSTANTZZ.","rel":"","context":"En \u00abINSTANTZZ\u00bb","block_context":{"text":"INSTANTZZ","link":"https:\/\/tomajazz.com\/web\/category\/contenidos\/imagenes\/photoblogs\/instantzz\/"},"img":{"alt_text":"Divendres tretze -jazz, impro & flamenco-: Anders Bergcrantz Quartet \/ Markus Breuss & The Baltic Connection \/ Duquende (Jamboree & Paral\u2022lel 62, 2023-10-13. Barcelona) Por Joan Cort\u00e8s [Flamencura AKA INSTANTZZ AKA Galer\u00eda fotogr\u00e1fica AKA Fotoblog de jazz, impro\u2026 y algo m\u00e1s] - Tomajazz 9.0 - Divendres tretze o lo que es lo mismo las actuaciones de Anders Bergcrantz Quartet \/ Markus Breuss & The Baltic Connection \/ Duquende el 13 de octubre de 2023 en Barcelona, variadas, vistas por los objetivos de Joan Cort\u00e8s en INSTANTZZ.","src":"https:\/\/i0.wp.com\/tomajazz.com\/web\/wp-content\/uploads\/2023\/10\/12-Dvndrs-trtz-%C2%A9Joan-Cortes-Jmbr-Bcn-Divendres-tretze-Markus-Breuss-The-Baltic-Connection-2023-10-13-Barcelona-Por-Joan-Cortes-INSTANTZZ.jpg?resize=350%2C200&ssl=1","width":350,"height":200,"srcset":"https:\/\/i0.wp.com\/tomajazz.com\/web\/wp-content\/uploads\/2023\/10\/12-Dvndrs-trtz-%C2%A9Joan-Cortes-Jmbr-Bcn-Divendres-tretze-Markus-Breuss-The-Baltic-Connection-2023-10-13-Barcelona-Por-Joan-Cortes-INSTANTZZ.jpg?resize=350%2C200&ssl=1 1x, https:\/\/i0.wp.com\/tomajazz.com\/web\/wp-content\/uploads\/2023\/10\/12-Dvndrs-trtz-%C2%A9Joan-Cortes-Jmbr-Bcn-Divendres-tretze-Markus-Breuss-The-Baltic-Connection-2023-10-13-Barcelona-Por-Joan-Cortes-INSTANTZZ.jpg?resize=525%2C300&ssl=1 1.5x"},"classes":[]},{"id":84775,"url":"https:\/\/tomajazz.com\/web\/nino-de-pura-gira-de-despedida-flamenc-on2024\/","url_meta":{"origin":105062,"position":4},"title":"Ni\u00f1o de Pura \u201cGira de despedida\u201d (Flamenc-ON\u201924, Teatre Sagarra, 2024-03-02. Santa Coloma de Gramenet -Barcelona-) Por Joan Cort\u00e8s [Flamencura AKA INSTANTZZ AKA Galer\u00eda fotogr\u00e1fica AKA Fotoblog de jazz, impro\u2026 y algo m\u00e1s]","author":"Tomajazz","date":"16 marzo, 2024","format":false,"excerpt":"Ni\u00f1o de Pura dice adi\u00f3s a los escenarios con su \u201cGira de despedida\u201d. Actu\u00f3 en Flamenc-ON\u201924 en el Teatre Sagarra de Santa Coloma de Gramenet (Barcelona), el 2 de marzo de 2024. Joan Cort\u00e8s lo retrata por medio de una Flamencura en INSTANTZZ. Actuaron Ni\u00f1o de Pura, Carmelo Pic\u00f3n, Rafael\u2026","rel":"","context":"En \u00abFlamencuras\u00bb","block_context":{"text":"Flamencuras","link":"https:\/\/tomajazz.com\/web\/category\/contenidos\/imagenes\/photoblogs\/flamencuras\/"},"img":{"alt_text":"Ni\u00f1o de Pura \u201cGira de despedida\u201d (Flamenc-ON\u201924, Teatre Sagarra, 2024-03-02. Santa Coloma de Gramenet -Barcelona-) Por Joan Cort\u00e8s [Flamencura AKA INSTANTZZ AKA Galer\u00eda fotogr\u00e1fica AKA Fotoblog de jazz, impro\u2026 y algo m\u00e1s] - Tomajazz - Ni\u00f1o de Pura dice adi\u00f3s a los escenarios con su \u201cGira de despedida\u201d. Actu\u00f3 en Flamenc-ON\u201924 en el Teatre Sagarra de Santa Coloma de Gramenet (Barcelona), el 2 de marzo de 2024. Joan Cort\u00e8s lo retrata por medio de una Flamencura en INSTANTZZ. Actuaron Ni\u00f1o de Pura, Carmelo Pic\u00f3n, \nRafael Espejo Churrumbaque, Pura Navarro, Rafael del Pino Moreno, David Galloso, Agust\u00edn Henke, Manolo Franco, Pastora Galv\u00e1n\n","src":"https:\/\/i0.wp.com\/tomajazz.com\/web\/wp-content\/uploads\/2024\/03\/01-Nn-d-Pr-Joan-Cortes-02mrc24-Flmnc-n-TS-SCG.jpg?resize=350%2C200&ssl=1","width":350,"height":200,"srcset":"https:\/\/i0.wp.com\/tomajazz.com\/web\/wp-content\/uploads\/2024\/03\/01-Nn-d-Pr-Joan-Cortes-02mrc24-Flmnc-n-TS-SCG.jpg?resize=350%2C200&ssl=1 1x, https:\/\/i0.wp.com\/tomajazz.com\/web\/wp-content\/uploads\/2024\/03\/01-Nn-d-Pr-Joan-Cortes-02mrc24-Flmnc-n-TS-SCG.jpg?resize=525%2C300&ssl=1 1.5x"},"classes":[]},{"id":63622,"url":"https:\/\/tomajazz.com\/web\/vicente-amigo-festival-flamenc-on-teatre-sagarra-santa-coloma-de-gramenet-barcelona-2022-04-01-iii-iii-por-joan-cortes-flamencura-aka-instantzz-aka-galeria-fotografica-aka-fotoblog-de-jazz\/","url_meta":{"origin":105062,"position":5},"title":"Vicente Amigo (Festival Flamenc-on \/ Teatre Sagarra, Santa Coloma de Gramenet -Barcelona-. 2022-04-01) (III\/III) Por Joan Cort\u00e8s [Flamencura AKA INSTANTZZ AKA Galer\u00eda fotogr\u00e1fica AKA Fotoblog de jazz, impro\u2026 y algo m\u00e1s]","author":"Tomajazz","date":"21 mayo, 2022","format":false,"excerpt":"En INSTANTZZ una Flamencura de Joan Cort\u00e8s con la galer\u00eda fotogr\u00e1fica de la actuaci\u00f3n de Vicente Amigo en el Festival Flamenc-ON.","rel":"","context":"En \u00abFlamencuras\u00bb","block_context":{"text":"Flamencuras","link":"https:\/\/tomajazz.com\/web\/category\/contenidos\/imagenes\/photoblogs\/flamencuras\/"},"img":{"alt_text":"Vicente Amigo (Festival Flamenc-on \/ Teatre Sagarra, Santa Coloma de Gramenet -Barcelona-. 2022-04-01) (III\/III) Por Joan Cort\u00e8s [Flamencura AKA INSTANTZZ AKA Galer\u00eda fotogr\u00e1fica AKA Fotoblog de jazz, impro\u2026 y algo m\u00e1s]","src":"https:\/\/i0.wp.com\/tomajazz.com\/web\/wp-content\/uploads\/2022\/05\/11_Vcnt-mg-Joan-Cortes_Flmn-n_Ttr-Sgrr_Snt-Clm-Grmnt_bn.jpg?resize=350%2C200&ssl=1","width":350,"height":200,"srcset":"https:\/\/i0.wp.com\/tomajazz.com\/web\/wp-content\/uploads\/2022\/05\/11_Vcnt-mg-Joan-Cortes_Flmn-n_Ttr-Sgrr_Snt-Clm-Grmnt_bn.jpg?resize=350%2C200&ssl=1 1x, https:\/\/i0.wp.com\/tomajazz.com\/web\/wp-content\/uploads\/2022\/05\/11_Vcnt-mg-Joan-Cortes_Flmn-n_Ttr-Sgrr_Snt-Clm-Grmnt_bn.jpg?resize=525%2C300&ssl=1 1.5x"},"classes":[]}],"_links":{"self":[{"href":"https:\/\/tomajazz.com\/web\/wp-json\/wp\/v2\/posts\/105062","targetHints":{"allow":["GET"]}}],"collection":[{"href":"https:\/\/tomajazz.com\/web\/wp-json\/wp\/v2\/posts"}],"about":[{"href":"https:\/\/tomajazz.com\/web\/wp-json\/wp\/v2\/types\/post"}],"author":[{"embeddable":true,"href":"https:\/\/tomajazz.com\/web\/wp-json\/wp\/v2\/users\/1"}],"replies":[{"embeddable":true,"href":"https:\/\/tomajazz.com\/web\/wp-json\/wp\/v2\/comments?post=105062"}],"version-history":[{"count":6,"href":"https:\/\/tomajazz.com\/web\/wp-json\/wp\/v2\/posts\/105062\/revisions"}],"predecessor-version":[{"id":105081,"href":"https:\/\/tomajazz.com\/web\/wp-json\/wp\/v2\/posts\/105062\/revisions\/105081"}],"wp:featuredmedia":[{"embeddable":true,"href":"https:\/\/tomajazz.com\/web\/wp-json\/wp\/v2\/media\/105074"}],"wp:attachment":[{"href":"https:\/\/tomajazz.com\/web\/wp-json\/wp\/v2\/media?parent=105062"}],"wp:term":[{"taxonomy":"category","embeddable":true,"href":"https:\/\/tomajazz.com\/web\/wp-json\/wp\/v2\/categories?post=105062"},{"taxonomy":"post_tag","embeddable":true,"href":"https:\/\/tomajazz.com\/web\/wp-json\/wp\/v2\/tags?post=105062"}],"curies":[{"name":"wp","href":"https:\/\/api.w.org\/{rel}","templated":true}]}}