{"id":105083,"date":"2026-04-27T17:01:39","date_gmt":"2026-04-27T15:01:39","guid":{"rendered":"https:\/\/tomajazz.com\/web\/?p=105083"},"modified":"2026-04-27T17:01:39","modified_gmt":"2026-04-27T15:01:39","slug":"mopia-xesc-forteza-palma-2026","status":"publish","type":"post","link":"https:\/\/tomajazz.com\/web\/mopia-xesc-forteza-palma-2026\/","title":{"rendered":"M\u00f2pia (Teatre Xesc Forteza. Palma. 2026-04-24)  Por Jos\u00e9 Luis Luna Rocafort [INSTANTZZ AKA Galer\u00eda fotogr\u00e1fica AKA Fotoblog de jazz, impro\u2026 y algo m\u00e1s]"},"content":{"rendered":"<h3>M\u00f2pia<\/h3>\n<h3>Caixaforum Palma<\/h3>\n<ul>\n<li>Viernes: 24 de abril de 2026. 20:00h.<\/li>\n<li>Lugar: Teatre Xesc Forteza. Palma<\/li>\n<li>Formaci\u00f3n:<br \/>\n<strong>M\u00f2pia<\/strong><br \/>\nJosep Oliver: tromb\u00f3n, tromb\u00f3n de pistones, direcci\u00f3n, composici\u00f3n<br \/>\nJaume Rossell\u00f3: guitarra el\u00e9ctrica, composici\u00f3n<br \/>\nPere Miquel Molina: saxo alto, flauta<br \/>\nMiki Ramon: saxos tenor y soprano, clarinete, flauta<br \/>\nJavier Nieto: saxos alto y bar\u00edtono<br \/>\nTom\u00e0s Montero: saxo tenor, clarinete bajo<br \/>\nJaume Bl\u00e0zquez, Samuel Mart\u00ednez, Dialen Niang Ka: trompeta, fliscorno<br \/>\nSergio Vicente, Diego Riudavets: tromb\u00f3n<br \/>\nJoan Frontera: piano, teclados<br \/>\nJosep Sina: bajo el\u00e9ctrico<br \/>\nToni Beltr\u00e1n: bater\u00eda<\/li>\n<\/ul>\n<p style=\"text-align: center;\"><img loading=\"lazy\" decoding=\"async\" class=\"aligncenter size-full wp-image-105084\" title=\"M\u00f2pia (Teatre Xesc Forteza. Palma. 2026-04-24)  Por Jos\u00e9 Luis Luna Rocafort [INSTANTZZ AKA Galer\u00eda fotogr\u00e1fica AKA Fotoblog de jazz, impro\u2026 y algo m\u00e1s] Tomajazz 001\" src=\"https:\/\/tomajazz.com\/web\/wp-content\/uploads\/2026\/04\/001-1.jpg\" alt=\"M\u00f2pia (Teatre Xesc Forteza. Palma. 2026-04-24)  Por Jos\u00e9 Luis Luna Rocafort [INSTANTZZ AKA Galer\u00eda fotogr\u00e1fica AKA Fotoblog de jazz, impro\u2026 y algo m\u00e1s] - Tomajazz - M\u00f2pia present\u00f3 en Teatre Xesc Forteza de Palma su primera grabaci\u00f3n. Fue el 24 de abril de 2026. Jos\u00e9 Luis Luna Rocafort lo retrata en INSTANTZZ. M\u00f2pia son Josep Oliver, Jaume Rossell\u00f3, Pere Miquel Molina, Miki Ramon, Javier Nieto, Tom\u00e0s Montero, Jaume Bl\u00e0zquez, Samuel Mart\u00ednez, Dialen Niang Ka:, Sergio Vicente, Diego Riudavets, Joan Frontera, Josep Sina, Toni Beltr\u00e1n\" width=\"600\" height=\"400\" srcset=\"https:\/\/tomajazz.com\/web\/wp-content\/uploads\/2026\/04\/001-1.jpg 600w, https:\/\/tomajazz.com\/web\/wp-content\/uploads\/2026\/04\/001-1-300x200.jpg 300w, https:\/\/tomajazz.com\/web\/wp-content\/uploads\/2026\/04\/001-1-465x310.jpg 465w\" sizes=\"auto, (max-width: 600px) 100vw, 600px\" \/> <img loading=\"lazy\" decoding=\"async\" class=\"aligncenter size-large wp-image-105085\" title=\"M\u00f2pia (Teatre Xesc Forteza. Palma. 2026-04-24)  Por Jos\u00e9 Luis Luna Rocafort [INSTANTZZ AKA Galer\u00eda fotogr\u00e1fica AKA Fotoblog de jazz, impro\u2026 y algo m\u00e1s] Tomajazz 002\" src=\"https:\/\/tomajazz.com\/web\/wp-content\/uploads\/2026\/04\/002-1.jpg\" alt=\"M\u00f2pia (Teatre Xesc Forteza. Palma. 2026-04-24)  Por Jos\u00e9 Luis Luna Rocafort [INSTANTZZ AKA Galer\u00eda fotogr\u00e1fica AKA Fotoblog de jazz, impro\u2026 y algo m\u00e1s] - Tomajazz - M\u00f2pia present\u00f3 en Teatre Xesc Forteza de Palma su primera grabaci\u00f3n. Fue el 24 de abril de 2026. Jos\u00e9 Luis Luna Rocafort lo retrata en INSTANTZZ. M\u00f2pia son Josep Oliver, Jaume Rossell\u00f3, Pere Miquel Molina, Miki Ramon, Javier Nieto, Tom\u00e0s Montero, Jaume Bl\u00e0zquez, Samuel Mart\u00ednez, Dialen Niang Ka:, Sergio Vicente, Diego Riudavets, Joan Frontera, Josep Sina, Toni Beltr\u00e1n\" width=\"600\" height=\"400\" srcset=\"https:\/\/tomajazz.com\/web\/wp-content\/uploads\/2026\/04\/002-1.jpg 600w, https:\/\/tomajazz.com\/web\/wp-content\/uploads\/2026\/04\/002-1-300x200.jpg 300w, https:\/\/tomajazz.com\/web\/wp-content\/uploads\/2026\/04\/002-1-465x310.jpg 465w\" sizes=\"auto, (max-width: 600px) 100vw, 600px\" \/> <img loading=\"lazy\" decoding=\"async\" class=\"aligncenter size-large wp-image-105086\" title=\"M\u00f2pia (Teatre Xesc Forteza. Palma. 2026-04-24)  Por Jos\u00e9 Luis Luna Rocafort [INSTANTZZ AKA Galer\u00eda fotogr\u00e1fica AKA Fotoblog de jazz, impro\u2026 y algo m\u00e1s] Tomajazz 003\" src=\"https:\/\/tomajazz.com\/web\/wp-content\/uploads\/2026\/04\/003-1.jpg\" alt=\"M\u00f2pia (Teatre Xesc Forteza. Palma. 2026-04-24)  Por Jos\u00e9 Luis Luna Rocafort [INSTANTZZ AKA Galer\u00eda fotogr\u00e1fica AKA Fotoblog de jazz, impro\u2026 y algo m\u00e1s] - Tomajazz - M\u00f2pia present\u00f3 en Teatre Xesc Forteza de Palma su primera grabaci\u00f3n. Fue el 24 de abril de 2026. Jos\u00e9 Luis Luna Rocafort lo retrata en INSTANTZZ. M\u00f2pia son Josep Oliver, Jaume Rossell\u00f3, Pere Miquel Molina, Miki Ramon, Javier Nieto, Tom\u00e0s Montero, Jaume Bl\u00e0zquez, Samuel Mart\u00ednez, Dialen Niang Ka:, Sergio Vicente, Diego Riudavets, Joan Frontera, Josep Sina, Toni Beltr\u00e1n\" width=\"600\" height=\"400\" srcset=\"https:\/\/tomajazz.com\/web\/wp-content\/uploads\/2026\/04\/003-1.jpg 600w, https:\/\/tomajazz.com\/web\/wp-content\/uploads\/2026\/04\/003-1-300x200.jpg 300w, https:\/\/tomajazz.com\/web\/wp-content\/uploads\/2026\/04\/003-1-465x310.jpg 465w\" sizes=\"auto, (max-width: 600px) 100vw, 600px\" \/> <img loading=\"lazy\" decoding=\"async\" class=\"aligncenter size-large wp-image-105087\" title=\"M\u00f2pia (Teatre Xesc Forteza. Palma. 2026-04-24)  Por Jos\u00e9 Luis Luna Rocafort [INSTANTZZ AKA Galer\u00eda fotogr\u00e1fica AKA Fotoblog de jazz, impro\u2026 y algo m\u00e1s] Tomajazz 004\" src=\"https:\/\/tomajazz.com\/web\/wp-content\/uploads\/2026\/04\/004-1.jpg\" alt=\"M\u00f2pia (Teatre Xesc Forteza. Palma. 2026-04-24)  Por Jos\u00e9 Luis Luna Rocafort [INSTANTZZ AKA Galer\u00eda fotogr\u00e1fica AKA Fotoblog de jazz, impro\u2026 y algo m\u00e1s] - Tomajazz - M\u00f2pia present\u00f3 en Teatre Xesc Forteza de Palma su primera grabaci\u00f3n. Fue el 24 de abril de 2026. Jos\u00e9 Luis Luna Rocafort lo retrata en INSTANTZZ. M\u00f2pia son Josep Oliver, Jaume Rossell\u00f3, Pere Miquel Molina, Miki Ramon, Javier Nieto, Tom\u00e0s Montero, Jaume Bl\u00e0zquez, Samuel Mart\u00ednez, Dialen Niang Ka:, Sergio Vicente, Diego Riudavets, Joan Frontera, Josep Sina, Toni Beltr\u00e1n\" width=\"600\" height=\"400\" srcset=\"https:\/\/tomajazz.com\/web\/wp-content\/uploads\/2026\/04\/004-1.jpg 600w, https:\/\/tomajazz.com\/web\/wp-content\/uploads\/2026\/04\/004-1-300x200.jpg 300w, https:\/\/tomajazz.com\/web\/wp-content\/uploads\/2026\/04\/004-1-465x310.jpg 465w\" sizes=\"auto, (max-width: 600px) 100vw, 600px\" \/> <img loading=\"lazy\" decoding=\"async\" class=\"aligncenter size-large wp-image-105088\" title=\"M\u00f2pia (Teatre Xesc Forteza. Palma. 2026-04-24)  Por Jos\u00e9 Luis Luna Rocafort [INSTANTZZ AKA Galer\u00eda fotogr\u00e1fica AKA Fotoblog de jazz, impro\u2026 y algo m\u00e1s] Tomajazz 005\" src=\"https:\/\/tomajazz.com\/web\/wp-content\/uploads\/2026\/04\/005-1.jpg\" alt=\"M\u00f2pia (Teatre Xesc Forteza. Palma. 2026-04-24)  Por Jos\u00e9 Luis Luna Rocafort [INSTANTZZ AKA Galer\u00eda fotogr\u00e1fica AKA Fotoblog de jazz, impro\u2026 y algo m\u00e1s] - Tomajazz - M\u00f2pia present\u00f3 en Teatre Xesc Forteza de Palma su primera grabaci\u00f3n. Fue el 24 de abril de 2026. Jos\u00e9 Luis Luna Rocafort lo retrata en INSTANTZZ. M\u00f2pia son Josep Oliver, Jaume Rossell\u00f3, Pere Miquel Molina, Miki Ramon, Javier Nieto, Tom\u00e0s Montero, Jaume Bl\u00e0zquez, Samuel Mart\u00ednez, Dialen Niang Ka:, Sergio Vicente, Diego Riudavets, Joan Frontera, Josep Sina, Toni Beltr\u00e1n\" width=\"600\" height=\"400\" srcset=\"https:\/\/tomajazz.com\/web\/wp-content\/uploads\/2026\/04\/005-1.jpg 600w, https:\/\/tomajazz.com\/web\/wp-content\/uploads\/2026\/04\/005-1-300x200.jpg 300w, https:\/\/tomajazz.com\/web\/wp-content\/uploads\/2026\/04\/005-1-465x310.jpg 465w\" sizes=\"auto, (max-width: 600px) 100vw, 600px\" \/> <img loading=\"lazy\" decoding=\"async\" class=\"aligncenter size-large wp-image-105089\" title=\"M\u00f2pia (Teatre Xesc Forteza. Palma. 2026-04-24)  Por Jos\u00e9 Luis Luna Rocafort [INSTANTZZ AKA Galer\u00eda fotogr\u00e1fica AKA Fotoblog de jazz, impro\u2026 y algo m\u00e1s] Tomajazz 006\" src=\"https:\/\/tomajazz.com\/web\/wp-content\/uploads\/2026\/04\/006-1.jpg\" alt=\"M\u00f2pia (Teatre Xesc Forteza. Palma. 2026-04-24)  Por Jos\u00e9 Luis Luna Rocafort [INSTANTZZ AKA Galer\u00eda fotogr\u00e1fica AKA Fotoblog de jazz, impro\u2026 y algo m\u00e1s] - Tomajazz - M\u00f2pia present\u00f3 en Teatre Xesc Forteza de Palma su primera grabaci\u00f3n. Fue el 24 de abril de 2026. Jos\u00e9 Luis Luna Rocafort lo retrata en INSTANTZZ. M\u00f2pia son Josep Oliver, Jaume Rossell\u00f3, Pere Miquel Molina, Miki Ramon, Javier Nieto, Tom\u00e0s Montero, Jaume Bl\u00e0zquez, Samuel Mart\u00ednez, Dialen Niang Ka:, Sergio Vicente, Diego Riudavets, Joan Frontera, Josep Sina, Toni Beltr\u00e1n\" width=\"600\" height=\"400\" srcset=\"https:\/\/tomajazz.com\/web\/wp-content\/uploads\/2026\/04\/006-1.jpg 600w, https:\/\/tomajazz.com\/web\/wp-content\/uploads\/2026\/04\/006-1-300x200.jpg 300w, https:\/\/tomajazz.com\/web\/wp-content\/uploads\/2026\/04\/006-1-465x310.jpg 465w\" sizes=\"auto, (max-width: 600px) 100vw, 600px\" \/> <img loading=\"lazy\" decoding=\"async\" class=\"aligncenter size-large wp-image-105090\" title=\"M\u00f2pia (Teatre Xesc Forteza. Palma. 2026-04-24)  Por Jos\u00e9 Luis Luna Rocafort [INSTANTZZ AKA Galer\u00eda fotogr\u00e1fica AKA Fotoblog de jazz, impro\u2026 y algo m\u00e1s] Tomajazz 007\" src=\"https:\/\/tomajazz.com\/web\/wp-content\/uploads\/2026\/04\/007-1.jpg\" alt=\"M\u00f2pia (Teatre Xesc Forteza. Palma. 2026-04-24)  Por Jos\u00e9 Luis Luna Rocafort [INSTANTZZ AKA Galer\u00eda fotogr\u00e1fica AKA Fotoblog de jazz, impro\u2026 y algo m\u00e1s] - Tomajazz - M\u00f2pia present\u00f3 en Teatre Xesc Forteza de Palma su primera grabaci\u00f3n. Fue el 24 de abril de 2026. Jos\u00e9 Luis Luna Rocafort lo retrata en INSTANTZZ. M\u00f2pia son Josep Oliver, Jaume Rossell\u00f3, Pere Miquel Molina, Miki Ramon, Javier Nieto, Tom\u00e0s Montero, Jaume Bl\u00e0zquez, Samuel Mart\u00ednez, Dialen Niang Ka:, Sergio Vicente, Diego Riudavets, Joan Frontera, Josep Sina, Toni Beltr\u00e1n\" width=\"600\" height=\"400\" srcset=\"https:\/\/tomajazz.com\/web\/wp-content\/uploads\/2026\/04\/007-1.jpg 600w, https:\/\/tomajazz.com\/web\/wp-content\/uploads\/2026\/04\/007-1-300x200.jpg 300w, https:\/\/tomajazz.com\/web\/wp-content\/uploads\/2026\/04\/007-1-465x310.jpg 465w\" sizes=\"auto, (max-width: 600px) 100vw, 600px\" \/> <img loading=\"lazy\" decoding=\"async\" class=\"aligncenter size-large wp-image-105091\" title=\"M\u00f2pia (Teatre Xesc Forteza. Palma. 2026-04-24)  Por Jos\u00e9 Luis Luna Rocafort [INSTANTZZ AKA Galer\u00eda fotogr\u00e1fica AKA Fotoblog de jazz, impro\u2026 y algo m\u00e1s] Tomajazz 008\" src=\"https:\/\/tomajazz.com\/web\/wp-content\/uploads\/2026\/04\/008-1.jpg\" alt=\"M\u00f2pia (Teatre Xesc Forteza. Palma. 2026-04-24)  Por Jos\u00e9 Luis Luna Rocafort [INSTANTZZ AKA Galer\u00eda fotogr\u00e1fica AKA Fotoblog de jazz, impro\u2026 y algo m\u00e1s] - Tomajazz - M\u00f2pia present\u00f3 en Teatre Xesc Forteza de Palma su primera grabaci\u00f3n. Fue el 24 de abril de 2026. Jos\u00e9 Luis Luna Rocafort lo retrata en INSTANTZZ. M\u00f2pia son Josep Oliver, Jaume Rossell\u00f3, Pere Miquel Molina, Miki Ramon, Javier Nieto, Tom\u00e0s Montero, Jaume Bl\u00e0zquez, Samuel Mart\u00ednez, Dialen Niang Ka:, Sergio Vicente, Diego Riudavets, Joan Frontera, Josep Sina, Toni Beltr\u00e1n\" width=\"600\" height=\"400\" srcset=\"https:\/\/tomajazz.com\/web\/wp-content\/uploads\/2026\/04\/008-1.jpg 600w, https:\/\/tomajazz.com\/web\/wp-content\/uploads\/2026\/04\/008-1-300x200.jpg 300w, https:\/\/tomajazz.com\/web\/wp-content\/uploads\/2026\/04\/008-1-465x310.jpg 465w\" sizes=\"auto, (max-width: 600px) 100vw, 600px\" \/> <img loading=\"lazy\" decoding=\"async\" class=\"aligncenter size-large wp-image-105092\" title=\"M\u00f2pia (Teatre Xesc Forteza. Palma. 2026-04-24)  Por Jos\u00e9 Luis Luna Rocafort [INSTANTZZ AKA Galer\u00eda fotogr\u00e1fica AKA Fotoblog de jazz, impro\u2026 y algo m\u00e1s] Tomajazz 009\" src=\"https:\/\/tomajazz.com\/web\/wp-content\/uploads\/2026\/04\/009-1.jpg\" alt=\"M\u00f2pia (Teatre Xesc Forteza. Palma. 2026-04-24)  Por Jos\u00e9 Luis Luna Rocafort [INSTANTZZ AKA Galer\u00eda fotogr\u00e1fica AKA Fotoblog de jazz, impro\u2026 y algo m\u00e1s] - Tomajazz - M\u00f2pia present\u00f3 en Teatre Xesc Forteza de Palma su primera grabaci\u00f3n. Fue el 24 de abril de 2026. Jos\u00e9 Luis Luna Rocafort lo retrata en INSTANTZZ. M\u00f2pia son Josep Oliver, Jaume Rossell\u00f3, Pere Miquel Molina, Miki Ramon, Javier Nieto, Tom\u00e0s Montero, Jaume Bl\u00e0zquez, Samuel Mart\u00ednez, Dialen Niang Ka:, Sergio Vicente, Diego Riudavets, Joan Frontera, Josep Sina, Toni Beltr\u00e1n\" width=\"600\" height=\"400\" srcset=\"https:\/\/tomajazz.com\/web\/wp-content\/uploads\/2026\/04\/009-1.jpg 600w, https:\/\/tomajazz.com\/web\/wp-content\/uploads\/2026\/04\/009-1-300x200.jpg 300w, https:\/\/tomajazz.com\/web\/wp-content\/uploads\/2026\/04\/009-1-465x310.jpg 465w\" sizes=\"auto, (max-width: 600px) 100vw, 600px\" \/> <img loading=\"lazy\" decoding=\"async\" class=\"aligncenter size-large wp-image-105093\" title=\"M\u00f2pia (Teatre Xesc Forteza. Palma. 2026-04-24)  Por Jos\u00e9 Luis Luna Rocafort [INSTANTZZ AKA Galer\u00eda fotogr\u00e1fica AKA Fotoblog de jazz, impro\u2026 y algo m\u00e1s] Tomajazz 010\" src=\"https:\/\/tomajazz.com\/web\/wp-content\/uploads\/2026\/04\/010-1.jpg\" alt=\"M\u00f2pia (Teatre Xesc Forteza. Palma. 2026-04-24)  Por Jos\u00e9 Luis Luna Rocafort [INSTANTZZ AKA Galer\u00eda fotogr\u00e1fica AKA Fotoblog de jazz, impro\u2026 y algo m\u00e1s] - Tomajazz - M\u00f2pia present\u00f3 en Teatre Xesc Forteza de Palma su primera grabaci\u00f3n. Fue el 24 de abril de 2026. Jos\u00e9 Luis Luna Rocafort lo retrata en INSTANTZZ. M\u00f2pia son Josep Oliver, Jaume Rossell\u00f3, Pere Miquel Molina, Miki Ramon, Javier Nieto, Tom\u00e0s Montero, Jaume Bl\u00e0zquez, Samuel Mart\u00ednez, Dialen Niang Ka:, Sergio Vicente, Diego Riudavets, Joan Frontera, Josep Sina, Toni Beltr\u00e1n\" width=\"600\" height=\"400\" srcset=\"https:\/\/tomajazz.com\/web\/wp-content\/uploads\/2026\/04\/010-1.jpg 600w, https:\/\/tomajazz.com\/web\/wp-content\/uploads\/2026\/04\/010-1-300x200.jpg 300w, https:\/\/tomajazz.com\/web\/wp-content\/uploads\/2026\/04\/010-1-465x310.jpg 465w\" sizes=\"auto, (max-width: 600px) 100vw, 600px\" \/> <img loading=\"lazy\" decoding=\"async\" class=\"aligncenter size-large wp-image-105094\" title=\"M\u00f2pia (Teatre Xesc Forteza. Palma. 2026-04-24)  Por Jos\u00e9 Luis Luna Rocafort [INSTANTZZ AKA Galer\u00eda fotogr\u00e1fica AKA Fotoblog de jazz, impro\u2026 y algo m\u00e1s] Tomajazz 011\" src=\"https:\/\/tomajazz.com\/web\/wp-content\/uploads\/2026\/04\/011-1.jpg\" alt=\"M\u00f2pia (Teatre Xesc Forteza. Palma. 2026-04-24)  Por Jos\u00e9 Luis Luna Rocafort [INSTANTZZ AKA Galer\u00eda fotogr\u00e1fica AKA Fotoblog de jazz, impro\u2026 y algo m\u00e1s] - Tomajazz - M\u00f2pia present\u00f3 en Teatre Xesc Forteza de Palma su primera grabaci\u00f3n. Fue el 24 de abril de 2026. Jos\u00e9 Luis Luna Rocafort lo retrata en INSTANTZZ. M\u00f2pia son Josep Oliver, Jaume Rossell\u00f3, Pere Miquel Molina, Miki Ramon, Javier Nieto, Tom\u00e0s Montero, Jaume Bl\u00e0zquez, Samuel Mart\u00ednez, Dialen Niang Ka:, Sergio Vicente, Diego Riudavets, Joan Frontera, Josep Sina, Toni Beltr\u00e1n\" width=\"600\" height=\"400\" srcset=\"https:\/\/tomajazz.com\/web\/wp-content\/uploads\/2026\/04\/011-1.jpg 600w, https:\/\/tomajazz.com\/web\/wp-content\/uploads\/2026\/04\/011-1-300x200.jpg 300w, https:\/\/tomajazz.com\/web\/wp-content\/uploads\/2026\/04\/011-1-465x310.jpg 465w\" sizes=\"auto, (max-width: 600px) 100vw, 600px\" \/> <img loading=\"lazy\" decoding=\"async\" class=\"aligncenter size-large wp-image-105095\" title=\"M\u00f2pia (Teatre Xesc Forteza. Palma. 2026-04-24)  Por Jos\u00e9 Luis Luna Rocafort [INSTANTZZ AKA Galer\u00eda fotogr\u00e1fica AKA Fotoblog de jazz, impro\u2026 y algo m\u00e1s] Tomajazz 012\" src=\"https:\/\/tomajazz.com\/web\/wp-content\/uploads\/2026\/04\/012-1.jpg\" alt=\"M\u00f2pia (Teatre Xesc Forteza. Palma. 2026-04-24)  Por Jos\u00e9 Luis Luna Rocafort [INSTANTZZ AKA Galer\u00eda fotogr\u00e1fica AKA Fotoblog de jazz, impro\u2026 y algo m\u00e1s] - Tomajazz - M\u00f2pia present\u00f3 en Teatre Xesc Forteza de Palma su primera grabaci\u00f3n. Fue el 24 de abril de 2026. Jos\u00e9 Luis Luna Rocafort lo retrata en INSTANTZZ. M\u00f2pia son Josep Oliver, Jaume Rossell\u00f3, Pere Miquel Molina, Miki Ramon, Javier Nieto, Tom\u00e0s Montero, Jaume Bl\u00e0zquez, Samuel Mart\u00ednez, Dialen Niang Ka:, Sergio Vicente, Diego Riudavets, Joan Frontera, Josep Sina, Toni Beltr\u00e1n\" width=\"600\" height=\"400\" srcset=\"https:\/\/tomajazz.com\/web\/wp-content\/uploads\/2026\/04\/012-1.jpg 600w, https:\/\/tomajazz.com\/web\/wp-content\/uploads\/2026\/04\/012-1-300x200.jpg 300w, https:\/\/tomajazz.com\/web\/wp-content\/uploads\/2026\/04\/012-1-465x310.jpg 465w\" sizes=\"auto, (max-width: 600px) 100vw, 600px\" \/> <img loading=\"lazy\" decoding=\"async\" class=\"aligncenter size-large wp-image-105096\" title=\"M\u00f2pia (Teatre Xesc Forteza. Palma. 2026-04-24)  Por Jos\u00e9 Luis Luna Rocafort [INSTANTZZ AKA Galer\u00eda fotogr\u00e1fica AKA Fotoblog de jazz, impro\u2026 y algo m\u00e1s] Tomajazz 013\" src=\"https:\/\/tomajazz.com\/web\/wp-content\/uploads\/2026\/04\/013-1.jpg\" alt=\"M\u00f2pia (Teatre Xesc Forteza. Palma. 2026-04-24)  Por Jos\u00e9 Luis Luna Rocafort [INSTANTZZ AKA Galer\u00eda fotogr\u00e1fica AKA Fotoblog de jazz, impro\u2026 y algo m\u00e1s] - Tomajazz - M\u00f2pia present\u00f3 en Teatre Xesc Forteza de Palma su primera grabaci\u00f3n. Fue el 24 de abril de 2026. Jos\u00e9 Luis Luna Rocafort lo retrata en INSTANTZZ. M\u00f2pia son Josep Oliver, Jaume Rossell\u00f3, Pere Miquel Molina, Miki Ramon, Javier Nieto, Tom\u00e0s Montero, Jaume Bl\u00e0zquez, Samuel Mart\u00ednez, Dialen Niang Ka:, Sergio Vicente, Diego Riudavets, Joan Frontera, Josep Sina, Toni Beltr\u00e1n\" width=\"600\" height=\"400\" srcset=\"https:\/\/tomajazz.com\/web\/wp-content\/uploads\/2026\/04\/013-1.jpg 600w, https:\/\/tomajazz.com\/web\/wp-content\/uploads\/2026\/04\/013-1-300x200.jpg 300w, https:\/\/tomajazz.com\/web\/wp-content\/uploads\/2026\/04\/013-1-465x310.jpg 465w\" sizes=\"auto, (max-width: 600px) 100vw, 600px\" \/> <img loading=\"lazy\" decoding=\"async\" class=\"aligncenter size-large wp-image-105097\" title=\"M\u00f2pia (Teatre Xesc Forteza. Palma. 2026-04-24)  Por Jos\u00e9 Luis Luna Rocafort [INSTANTZZ AKA Galer\u00eda fotogr\u00e1fica AKA Fotoblog de jazz, impro\u2026 y algo m\u00e1s] Tomajazz 014\" src=\"https:\/\/tomajazz.com\/web\/wp-content\/uploads\/2026\/04\/014-1.jpg\" alt=\"M\u00f2pia (Teatre Xesc Forteza. Palma. 2026-04-24)  Por Jos\u00e9 Luis Luna Rocafort [INSTANTZZ AKA Galer\u00eda fotogr\u00e1fica AKA Fotoblog de jazz, impro\u2026 y algo m\u00e1s] - Tomajazz - M\u00f2pia present\u00f3 en Teatre Xesc Forteza de Palma su primera grabaci\u00f3n. Fue el 24 de abril de 2026. Jos\u00e9 Luis Luna Rocafort lo retrata en INSTANTZZ. M\u00f2pia son Josep Oliver, Jaume Rossell\u00f3, Pere Miquel Molina, Miki Ramon, Javier Nieto, Tom\u00e0s Montero, Jaume Bl\u00e0zquez, Samuel Mart\u00ednez, Dialen Niang Ka:, Sergio Vicente, Diego Riudavets, Joan Frontera, Josep Sina, Toni Beltr\u00e1n\" width=\"600\" height=\"400\" srcset=\"https:\/\/tomajazz.com\/web\/wp-content\/uploads\/2026\/04\/014-1.jpg 600w, https:\/\/tomajazz.com\/web\/wp-content\/uploads\/2026\/04\/014-1-300x200.jpg 300w, https:\/\/tomajazz.com\/web\/wp-content\/uploads\/2026\/04\/014-1-465x310.jpg 465w\" sizes=\"auto, (max-width: 600px) 100vw, 600px\" \/><\/p>\n<p style=\"text-align: right;\">Tomajazz: \u00a9 <strong><a href=\"https:\/\/www.facebook.com\/joseluis.lunarocafort\" target=\"_blank\" rel=\"noopener\">Jos\u00e9 Luis Luna Rocafort<\/a><\/strong>, 2026<\/p>\n<h3>M\u00e1s informaci\u00f3n sobre Ringmasters y Teatre Xexc Forteza de Palma<\/h3>\n<p><a href=\"https:\/\/www.instagram.com\/_mopia_\/\" target=\"_blank\" rel=\"noopener\">https:\/\/www.instagram.com\/_mopia_\/<\/a><\/p>\n<p><a href=\"https:\/\/tomajazz.com\/web\/?s=mopia&amp;submit=Search\" target=\"_blank\" rel=\"noopener\">https:\/\/tomajazz.com\/web\/?s=mopia&amp;submit=Search<\/a><\/p>\n<p><a href=\"https:\/\/cultura.palma.es\/teatro-xesc-forteza\" target=\"_blank\" rel=\"noopener\">https:\/\/cultura.palma.es\/teatro-xesc-forteza<\/a><\/p>\n<p><a href=\"https:\/\/tomajazz.com\/web\/?s=teatre+xesc+forteza&amp;submit=Search\" target=\"_blank\" rel=\"noopener\">https:\/\/tomajazz.com\/web\/?s=teatre+xesc+forteza&amp;submit=Search<\/a><\/p>\n<h3>Jos\u00e9 Luis Luna Rocafort en Tomajazz<\/h3>\n<p><a href=\"https:\/\/tomajazz.com\/web\/?cat=17846\" target=\"_blank\" rel=\"noopener\">https:\/\/tomajazz.com\/web\/?cat=17846<\/a><\/p>\n<p><a href=\"https:\/\/tomajazz.com\/web\/category\/jose-luis-luna-rocafort\/\" target=\"_blank\" rel=\"noopener\">https:\/\/tomajazz.com\/web\/category\/jose-luis-luna-rocafort\/<\/a><\/p>\n","protected":false},"excerpt":{"rendered":"<p>M\u00f2pia present\u00f3 en Teatre Xesc Forteza de Palma su primera grabaci\u00f3n. Fue el 24 de abril de 2026. Jos\u00e9 Luis Luna Rocafort lo retrata en INSTANTZZ. M\u00f2pia son Josep Oliver, Jaume Rossell\u00f3, Pere Miquel Molina, Miki Ramon, Javier Nieto, Tom\u00e0s Montero, Jaume Bl\u00e0zquez, Samuel Mart\u00ednez, Dialen Niang Ka:, Sergio Vicente, Diego Riudavets, Joan Frontera, Josep Sina, Toni Beltr\u00e1n<span class=\"more-link\"><a href=\"https:\/\/tomajazz.com\/web\/mopia-xesc-forteza-palma-2026\/\">Contin\u00faa leyendo<\/a><\/span><\/p>\n","protected":false},"author":1,"featured_media":105096,"comment_status":"open","ping_status":"closed","sticky":false,"template":"","format":"standard","meta":{"jetpack_post_was_ever_published":false,"_jetpack_newsletter_access":"","_jetpack_dont_email_post_to_subs":false,"_jetpack_newsletter_tier_id":0,"_jetpack_memberships_contains_paywalled_content":false,"_jetpack_memberships_contains_paid_content":false,"footnotes":""},"categories":[17846,11262,15516,11261,1038],"tags":[31855,11549,11553,25473,32978,25171,10088,27719,25391,31853,31852,23320,12151,28442,33253,31856],"class_list":["entry","author-pachi","has-excerpt","post-105083","post","type-post","status-publish","format-standard","has-post-thumbnail","category-jose-luis-luna-rocafort","category-photoblogs","category-imagenes","category-instantzz","category-contenidos","tag-dialen-niang-ka","tag-diego-riudavets","tag-jaume-blazquez","tag-jaume-rossello","tag-javier-nieto","tag-joan-frontera","tag-jose-luis-luna-rocafort","tag-josep-oliver","tag-josep-sina","tag-miki-ramon","tag-mopia","tag-pere-miquel-molina","tag-samuel-martinez","tag-sergio-vicente","tag-tomas-montero","tag-toni-beltran"],"jetpack_featured_media_url":"https:\/\/tomajazz.com\/web\/wp-content\/uploads\/2026\/04\/013-1.jpg","jetpack_likes_enabled":true,"jetpack_sharing_enabled":true,"jetpack-related-posts":[{"id":102293,"url":"https:\/\/tomajazz.com\/web\/mopia-10-fira-b-2025\/","url_meta":{"origin":105083,"position":0},"title":"M\u00f2pia (10 Fira B! Es Gremi. Palma. 2025-11-07) Por Jos\u00e9 Luis Luna Rocafort [INSTANTZZ AKA Galer\u00eda fotogr\u00e1fica AKA Fotoblog de jazz, impro\u2026 y algo m\u00e1s]","author":"Tomajazz","date":"28 noviembre, 2025","format":false,"excerpt":"M\u00f2pia actu\u00f3 en 10 Fira B! en Es Gremi de Palma el 7 de noviembre de 2025. Jos\u00e9 Luis Luna Rocafort retrata en INSTANTZZ a la formaci\u00f3n dirigida por Josep Oliver. Actuaron Jaume Rossell\u00f3, Pere Miquel Molina, Miki Ramon, Javier Nieto, Lleonard Mart\u00ednez, Jaume Bl\u00e0zquez, Samuel Mart\u00ednez, Dialen Niang Ka,\u2026","rel":"","context":"En \u00ab10 Fira B! 2025\u00bb","block_context":{"text":"10 Fira B! 2025","link":"https:\/\/tomajazz.com\/web\/category\/contenidos\/especial-contenidos\/10-fira-b-2025\/"},"img":{"alt_text":"M\u00f2pia (10 Fira B! Es Gremi. Palma. 2025-11-07) Por Jos\u00e9 Luis Luna Rocafort [INSTANTZZ AKA Galer\u00eda fotogr\u00e1fica AKA Fotoblog de jazz, impro\u2026 y algo m\u00e1s] - Tomajazz - M\u00f2pia actu\u00f3 en 10 Fira B! en Es Gremi de Palma el 7 de noviembre de 2025. Jos\u00e9 Luis Luna Rocafort retrata en INSTANTZZ a la formaci\u00f3n dirigida por Josep Oliver. Actuaron Jaume Rossell\u00f3, Pere Miquel Molina, Miki Ramon, Javier Nieto, Lleonard Mart\u00ednez, Jaume Bl\u00e0zquez, Samuel Mart\u00ednez, Dialen Niang Ka, Sergio Vicente, Diego Riudavets, Sergi Sell\u00e9s, Josep Sina, Toni Beltr\u00e1n","src":"https:\/\/i0.wp.com\/tomajazz.com\/web\/wp-content\/uploads\/2025\/11\/008-20.jpg?resize=350%2C200&ssl=1","width":350,"height":200,"srcset":"https:\/\/i0.wp.com\/tomajazz.com\/web\/wp-content\/uploads\/2025\/11\/008-20.jpg?resize=350%2C200&ssl=1 1x, https:\/\/i0.wp.com\/tomajazz.com\/web\/wp-content\/uploads\/2025\/11\/008-20.jpg?resize=525%2C300&ssl=1 1.5x"},"classes":[]},{"id":93209,"url":"https:\/\/tomajazz.com\/web\/mopia-iv-cicle-jazz-a-calvia-2024\/","url_meta":{"origin":105083,"position":1},"title":"M\u00f2pia (IV Cicle Jazz a Calvi\u00e0. Auditori de Peguera, Mallorca. 2024-11-23) Por Jos\u00e9 Luis Luna Rocafort [INSTANTZZ AKA Galer\u00eda fotogr\u00e1fica AKA Fotoblog de jazz, impro\u2026 y algo m\u00e1s]","author":"Tomajazz","date":"23 diciembre, 2024","format":false,"excerpt":"M\u00f2pia actu\u00f3 en el IV Cicle Jazz a Calvi\u00e0, el 23 de noviembre de 2024. Jos\u00e9 Luis Luna Rocafort retrata al jazz metal ensemble en INSTANTZZ. M\u00f2pia son Josep Oliver, Jaume Rossell\u00f3, Fran Ramos, Miki Ramon, Julio Gonz\u00e1lez, Lleonard Mart\u00ednez, Jaume Bl\u00e0zquez, Samuel Mart\u00ednez, Dialen Niang Ka, Sergio Vicente, Diego\u2026","rel":"","context":"En \u00abINSTANTZZ\u00bb","block_context":{"text":"INSTANTZZ","link":"https:\/\/tomajazz.com\/web\/category\/contenidos\/imagenes\/photoblogs\/instantzz\/"},"img":{"alt_text":"M\u00f2pia (IV Cicle Jazz a Calvi\u00e0. Auditori de Peguera, Mallorca. 2024-11-23) Por Jos\u00e9 Luis Luna Rocafort [INSTANTZZ AKA Galer\u00eda fotogr\u00e1fica AKA Fotoblog de jazz, impro\u2026 y algo m\u00e1s] - Tomajazz - M\u00f2pia actu\u00f3 en el IV Cicle Jazz a Calvi\u00e0, el 23 de noviembre de 2024. Jos\u00e9 Luis Luna Rocafort retrata al jazz metal ensemble en INSTANTZZ. M\u00f2pia son Josep Oliver, Jaume Rossell\u00f3, Fran Ramos, Miki Ramon, Julio Gonz\u00e1lez, \nLleonard Mart\u00ednez: saxo tenor, clarinete bajo\nJaume Bl\u00e0zquez, Samuel Mart\u00ednez, Dialen Niang Ka: trompeta, fliscorno\nSergio Vicente, Diego Riudavets: tromb\u00f3n\nSergi Sell\u00e9s: piano, teclados\nJosep Sina: bajo el\u00e9ctrico\nToni Beltr\u00e1n: bater\u00eda","src":"https:\/\/i0.wp.com\/tomajazz.com\/web\/wp-content\/uploads\/2024\/12\/003-12.jpg?resize=350%2C200&ssl=1","width":350,"height":200,"srcset":"https:\/\/i0.wp.com\/tomajazz.com\/web\/wp-content\/uploads\/2024\/12\/003-12.jpg?resize=350%2C200&ssl=1 1x, https:\/\/i0.wp.com\/tomajazz.com\/web\/wp-content\/uploads\/2024\/12\/003-12.jpg?resize=525%2C300&ssl=1 1.5x"},"classes":[]},{"id":104472,"url":"https:\/\/tomajazz.com\/web\/opera-dels-tres-centims-palma-2026\/","url_meta":{"origin":105083,"position":2},"title":"\u00d2pera dels tres C\u00e8ntims (Teatre Xesc Forteza, Palma. 2026-03-15) Por Jos\u00e9 Luis Luna Rocafort [INSTANTZZ AKA Galer\u00eda fotogr\u00e1fica AKA Fotoblog de jazz, impro\u2026 y algo m\u00e1s]","author":"Tomajazz","date":"20 marzo, 2026","format":false,"excerpt":"\u00d2pera dels tres C\u00e8ntims se represent\u00f3 en Teatre Xesc Forteza de Palma, el 15 de marzo de 2026. Jos\u00e9 Luis Luna Rocafort lo retrata en INSTANTZZ","rel":"","context":"En \u00abINSTANTZZ\u00bb","block_context":{"text":"INSTANTZZ","link":"https:\/\/tomajazz.com\/web\/category\/contenidos\/imagenes\/photoblogs\/instantzz\/"},"img":{"alt_text":"\u00d2pera dels tres C\u00e8ntims (Teatre Xesc Forteza, Palma. 2026-03-15) Por Jos\u00e9 Luis Luna Rocafort [INSTANTZZ AKA Galer\u00eda fotogr\u00e1fica AKA Fotoblog de jazz, impro\u2026 y algo m\u00e1s] - Tomajazz - \u00d2pera dels tres C\u00e8ntims se represent\u00f3 en Teatre Xesc Forteza de Palma, el 15 de marzo de 2026. Jos\u00e9 Luis Luna Rocafort lo retrata en INSTANTZZ AKA Galer\u00eda fotogr\u00e1fica AKA Fotoblog de jazz, impro\u2026 y algo m\u00e1s]","src":"https:\/\/i0.wp.com\/tomajazz.com\/web\/wp-content\/uploads\/2026\/03\/006-1.jpg?resize=350%2C200&ssl=1","width":350,"height":200,"srcset":"https:\/\/i0.wp.com\/tomajazz.com\/web\/wp-content\/uploads\/2026\/03\/006-1.jpg?resize=350%2C200&ssl=1 1x, https:\/\/i0.wp.com\/tomajazz.com\/web\/wp-content\/uploads\/2026\/03\/006-1.jpg?resize=525%2C300&ssl=1 1.5x"},"classes":[]},{"id":34689,"url":"https:\/\/tomajazz.com\/web\/instantzz-sergi-verges-y-la-big-band-del-conservatori-de-palma-teatre-xesc-forteza-palma-de-mallorca-2018-01-13-galeria-fotografica\/","url_meta":{"origin":105083,"position":3},"title":"INSTANTZZ: Sergi Verg\u00e9s y la Big Band del Conservatori de Palma (Teatre Xesc Forteza. Palma de Mallorca. 2018-01-13) [Galer\u00eda fotogr\u00e1fica]","author":"Tomajazz","date":"23 enero, 2018","format":false,"excerpt":"Fecha: S\u00e1bado, 13 de enero de 2018. 21:00h. Lugar: Teatre Xesc Forteza. Palma de Mallorca. Formaci\u00f3n: Sergi Verg\u00e9s y la Big Band del Conservatori de Palma. Sergi Verg\u00e9s: direcci\u00f3n, arreglos Ivan Caro: flabiol sec,tambor\u00ed, gralla dol\u00e7a, ocarina, caramella, pandereta Alfredo Ardanaz: viol\u00edn Carlos Sanchis: acorde\u00f3n Margulis Rotger, Roger 'Pistola', Mas\u00e9\u2026","rel":"","context":"En \u00ab*_Jos\u00e9 Luis Luna Rocafort\u00bb","block_context":{"text":"*_Jos\u00e9 Luis Luna Rocafort","link":"https:\/\/tomajazz.com\/web\/category\/jose-luis-luna-rocafort\/"},"img":{"alt_text":"","src":"https:\/\/i0.wp.com\/tomajazz.com\/web\/wp-content\/uploads\/2018\/01\/009-1.jpg?resize=350%2C200&ssl=1","width":350,"height":200,"srcset":"https:\/\/i0.wp.com\/tomajazz.com\/web\/wp-content\/uploads\/2018\/01\/009-1.jpg?resize=350%2C200&ssl=1 1x, https:\/\/i0.wp.com\/tomajazz.com\/web\/wp-content\/uploads\/2018\/01\/009-1.jpg?resize=525%2C300&ssl=1 1.5x"},"classes":[]},{"id":71495,"url":"https:\/\/tomajazz.com\/web\/gillespie-big-band-jazz-palma-festival-2023\/","url_meta":{"origin":105083,"position":4},"title":"Gillespie Big Band (IV Jazz Palma Festival 2023. Palma, Mallorca) [VI] Por Jos\u00e9 Luis Luna Rocafort [INSTANTZZ AKA Galer\u00eda fotogr\u00e1fica AKA Fotoblog de jazz, impro\u2026 y algo m\u00e1s]","author":"Tomajazz","date":"27 febrero, 2023","format":false,"excerpt":"Gillespie Big Band actu\u00f3 en el IV Jazz Palma Festival 2023. Jos\u00e9 Luis Luna Rocafort retrata en INSTANTZZ a esta extensa formaci\u00f3n.","rel":"","context":"En \u00abIV Jazz Palma Festival 2023\u00bb","block_context":{"text":"IV Jazz Palma Festival 2023","link":"https:\/\/tomajazz.com\/web\/category\/contenidos\/especial-contenidos\/iv-jazz-palma-festival-2023\/"},"img":{"alt_text":"Gillespie Big Band (IV Jazz Palma Festival 2023. Palma, Mallorca) [VI] Por Jos\u00e9 Luis Luna Rocafort [INSTANTZZ AKA Galer\u00eda fotogr\u00e1fica AKA Fotoblog de jazz, impro\u2026 y algo m\u00e1s]","src":"https:\/\/i0.wp.com\/tomajazz.com\/web\/wp-content\/uploads\/2023\/02\/008-6.jpg?resize=350%2C200&ssl=1","width":350,"height":200,"srcset":"https:\/\/i0.wp.com\/tomajazz.com\/web\/wp-content\/uploads\/2023\/02\/008-6.jpg?resize=350%2C200&ssl=1 1x, https:\/\/i0.wp.com\/tomajazz.com\/web\/wp-content\/uploads\/2023\/02\/008-6.jpg?resize=525%2C300&ssl=1 1.5x"},"classes":[]},{"id":92858,"url":"https:\/\/tomajazz.com\/web\/miranda-jazz-quintet-fira-b-2024\/","url_meta":{"origin":105083,"position":5},"title":"Miranda Jazz Quintet (Fira B!\u00a0&#8211; Showcase. Teatre Xesc Forteza, Palma de Mallorca. 2024-11-09) Por Jos\u00e9 Luis Luna Rocafort [INSTANTZZ AKA Galer\u00eda fotogr\u00e1fica AKA Fotoblog de jazz, impro\u2026 y algo m\u00e1s]","author":"Tomajazz","date":"11 diciembre, 2024","format":false,"excerpt":"Miranda Jazz Quintet actu\u00f3 en Fira B!\u00a0en Palma de Mallorca, el 9 de noviembre de 2024. Jos\u00e9 Luis Luna Rocafort los retrata en INSTANTZZ. Miranda Jazz Quintet son Toni Miranda, Josep Oliver, Lleonard Mart\u00ednez, Toni Cuenca, Teo Salv\u00e0","rel":"","context":"En \u00ab*_Jos\u00e9 Luis Luna Rocafort\u00bb","block_context":{"text":"*_Jos\u00e9 Luis Luna Rocafort","link":"https:\/\/tomajazz.com\/web\/category\/jose-luis-luna-rocafort\/"},"img":{"alt_text":"Miranda Jazz Quintet (Fira B!\u00a0- Showcase. Teatre Xesc Forteza, Palma de Mallorca. 2024-11-09) Por Jos\u00e9 Luis Luna Rocafort [INSTANTZZ AKA Galer\u00eda fotogr\u00e1fica AKA Fotoblog de jazz, impro\u2026 y algo m\u00e1s] - Tomajazz - Miranda Jazz Quintet actu\u00f3 en Fira B!\u00a0en Palma de Mallorca, el 9 de noviembre de 2024. Jos\u00e9 Luis Luna Rocafort los retrata en INSTANTZZ. Miranda Jazz Quintet son Toni Miranda: guitarra el\u00e9ctrica\nJosep Oliver: tromb\u00f3n\nLleonard Mart\u00ednez: saxo tenor\nToni Cuenca: contrabajo\nTeo Salv\u00e0: bater\u00eda","src":"https:\/\/i0.wp.com\/tomajazz.com\/web\/wp-content\/uploads\/2024\/12\/007-7.jpg?resize=350%2C200&ssl=1","width":350,"height":200,"srcset":"https:\/\/i0.wp.com\/tomajazz.com\/web\/wp-content\/uploads\/2024\/12\/007-7.jpg?resize=350%2C200&ssl=1 1x, https:\/\/i0.wp.com\/tomajazz.com\/web\/wp-content\/uploads\/2024\/12\/007-7.jpg?resize=525%2C300&ssl=1 1.5x"},"classes":[]}],"_links":{"self":[{"href":"https:\/\/tomajazz.com\/web\/wp-json\/wp\/v2\/posts\/105083","targetHints":{"allow":["GET"]}}],"collection":[{"href":"https:\/\/tomajazz.com\/web\/wp-json\/wp\/v2\/posts"}],"about":[{"href":"https:\/\/tomajazz.com\/web\/wp-json\/wp\/v2\/types\/post"}],"author":[{"embeddable":true,"href":"https:\/\/tomajazz.com\/web\/wp-json\/wp\/v2\/users\/1"}],"replies":[{"embeddable":true,"href":"https:\/\/tomajazz.com\/web\/wp-json\/wp\/v2\/comments?post=105083"}],"version-history":[{"count":1,"href":"https:\/\/tomajazz.com\/web\/wp-json\/wp\/v2\/posts\/105083\/revisions"}],"predecessor-version":[{"id":105098,"href":"https:\/\/tomajazz.com\/web\/wp-json\/wp\/v2\/posts\/105083\/revisions\/105098"}],"wp:featuredmedia":[{"embeddable":true,"href":"https:\/\/tomajazz.com\/web\/wp-json\/wp\/v2\/media\/105096"}],"wp:attachment":[{"href":"https:\/\/tomajazz.com\/web\/wp-json\/wp\/v2\/media?parent=105083"}],"wp:term":[{"taxonomy":"category","embeddable":true,"href":"https:\/\/tomajazz.com\/web\/wp-json\/wp\/v2\/categories?post=105083"},{"taxonomy":"post_tag","embeddable":true,"href":"https:\/\/tomajazz.com\/web\/wp-json\/wp\/v2\/tags?post=105083"}],"curies":[{"name":"wp","href":"https:\/\/api.w.org\/{rel}","templated":true}]}}