{"id":105099,"date":"2026-04-28T12:00:10","date_gmt":"2026-04-28T10:00:10","guid":{"rendered":"https:\/\/tomajazz.com\/web\/?p=105099"},"modified":"2026-04-27T22:50:30","modified_gmt":"2026-04-27T20:50:30","slug":"la-macanita-flamenc-on-2026","status":"publish","type":"post","link":"https:\/\/tomajazz.com\/web\/la-macanita-flamenc-on-2026\/","title":{"rendered":"La Macanita (Flamenc-ON 2026 \/ Teatre Sagarra, 2026-03-14 \/ Santa Coloma de Gramanet -Barcelona-) [y II] Por Joan Cort\u00e8s [Flamencuras AKA INSTANTZZ AKA Galer\u00eda fotogr\u00e1fica AKA Fotoblog de jazz, impro\u2026 y algo m\u00e1s]"},"content":{"rendered":"<h3>La Macanita<\/h3>\n<h3>Flamenc-ON 2026<\/h3>\n<ul>\n<li>Fecha: S\u00e1bado, 14 de marzo de 2026 (segunda parte)<\/li>\n<li>Lugar: Teatre Sagarra (Santa Coloma Gramenet -Barcelona-)<\/li>\n<li>Formaci\u00f3n:<br \/>\n<strong>La Macanita<br \/>\n<\/strong>La Macanita, cante<br \/>\nJos\u00e9 Valencia, guitarra<br \/>\nChicharito de J\u00e9rez, palmas<br \/>\nManuel Macano, palmas<\/li>\n<\/ul>\n<p style=\"text-align: center;\"><img loading=\"lazy\" decoding=\"async\" class=\"aligncenter size-full wp-image-105100\" title=\"La Macanita (Flamenc-ON 2026 \/ Teatre Sagarra, 2026-03-14 \/ Santa Coloma de Gramanet -Barcelona-) [y II] Por Joan Cort\u00e8s [Flamencuras AKA INSTANTZZ AKA Galer\u00eda fotogr\u00e1fica AKA Fotoblog de jazz, impro\u2026 y algo m\u00e1s] Tomajazz 01 L Mcnt \u00a9Joan Cort\u00e8s 14mr\u00e726 Flmnc n TS SCGr\" src=\"https:\/\/tomajazz.com\/web\/wp-content\/uploads\/2026\/04\/01-L-Mcnt-\u00a9Joan-Cortes-14mrc26-Flmnc-n-TS-SCGr.jpg\" alt=\"La Macanita (Flamenc-ON 2026 \/ Teatre Sagarra, 2026-03-14 \/ Santa Coloma de Gramanet -Barcelona-) [y II] Por Joan Cort\u00e8s [Flamencuras AKA INSTANTZZ AKA Galer\u00eda fotogr\u00e1fica AKA Fotoblog de jazz, impro\u2026 y algo m\u00e1s] - Tomajazz - La Macanita actu\u00f3 en Flamenc-ON 2026, en Santa Coloma de Gramanet -Barcelona-, el 14 de marzo de 2026. Joan Cort\u00e8s lo retrata en las Flamencuras de INSTANTZZ. Actuaron La Macanita, Jos\u00e9 Valencia, Chicharito de J\u00e9rez, Manuel Macano \" width=\"400\" height=\"600\" srcset=\"https:\/\/tomajazz.com\/web\/wp-content\/uploads\/2026\/04\/01-L-Mcnt-\u00a9Joan-Cortes-14mrc26-Flmnc-n-TS-SCGr.jpg 400w, https:\/\/tomajazz.com\/web\/wp-content\/uploads\/2026\/04\/01-L-Mcnt-\u00a9Joan-Cortes-14mrc26-Flmnc-n-TS-SCGr-200x300.jpg 200w, https:\/\/tomajazz.com\/web\/wp-content\/uploads\/2026\/04\/01-L-Mcnt-\u00a9Joan-Cortes-14mrc26-Flmnc-n-TS-SCGr-367x550.jpg 367w, https:\/\/tomajazz.com\/web\/wp-content\/uploads\/2026\/04\/01-L-Mcnt-\u00a9Joan-Cortes-14mrc26-Flmnc-n-TS-SCGr-333x500.jpg 333w\" sizes=\"auto, (max-width: 400px) 100vw, 400px\" \/><\/p>\n<p><img loading=\"lazy\" decoding=\"async\" class=\"aligncenter size-large wp-image-105101\" title=\"La Macanita (Flamenc-ON 2026 \/ Teatre Sagarra, 2026-03-14 \/ Santa Coloma de Gramanet -Barcelona-) [y II] Por Joan Cort\u00e8s [Flamencuras AKA INSTANTZZ AKA Galer\u00eda fotogr\u00e1fica AKA Fotoblog de jazz, impro\u2026 y algo m\u00e1s] Tomajazz 02 L Mcnt \u00a9Joan Cort\u00e8s 14mr\u00e726 Flmnc n TS SCGr\" src=\"https:\/\/tomajazz.com\/web\/wp-content\/uploads\/2026\/04\/02-L-Mcnt-\u00a9Joan-Cortes-14mrc26-Flmnc-n-TS-SCGr.jpg\" alt=\"La Macanita (Flamenc-ON 2026 \/ Teatre Sagarra, 2026-03-14 \/ Santa Coloma de Gramanet -Barcelona-) [y II] Por Joan Cort\u00e8s [Flamencuras AKA INSTANTZZ AKA Galer\u00eda fotogr\u00e1fica AKA Fotoblog de jazz, impro\u2026 y algo m\u00e1s] - Tomajazz - La Macanita actu\u00f3 en Flamenc-ON 2026, en Santa Coloma de Gramanet -Barcelona-, el 14 de marzo de 2026. Joan Cort\u00e8s lo retrata en las Flamencuras de INSTANTZZ. Actuaron La Macanita, Jos\u00e9 Valencia, Chicharito de J\u00e9rez, Manuel Macano \" width=\"600\" height=\"400\" srcset=\"https:\/\/tomajazz.com\/web\/wp-content\/uploads\/2026\/04\/02-L-Mcnt-\u00a9Joan-Cortes-14mrc26-Flmnc-n-TS-SCGr.jpg 600w, https:\/\/tomajazz.com\/web\/wp-content\/uploads\/2026\/04\/02-L-Mcnt-\u00a9Joan-Cortes-14mrc26-Flmnc-n-TS-SCGr-300x200.jpg 300w, https:\/\/tomajazz.com\/web\/wp-content\/uploads\/2026\/04\/02-L-Mcnt-\u00a9Joan-Cortes-14mrc26-Flmnc-n-TS-SCGr-465x310.jpg 465w\" sizes=\"auto, (max-width: 600px) 100vw, 600px\" \/><\/p>\n<p><img loading=\"lazy\" decoding=\"async\" class=\"aligncenter size-large wp-image-105102\" title=\"La Macanita (Flamenc-ON 2026 \/ Teatre Sagarra, 2026-03-14 \/ Santa Coloma de Gramanet -Barcelona-) [y II] Por Joan Cort\u00e8s [Flamencuras AKA INSTANTZZ AKA Galer\u00eda fotogr\u00e1fica AKA Fotoblog de jazz, impro\u2026 y algo m\u00e1s] Tomajazz 03 L Mcnt \u00a9Joan Cort\u00e8s 14mr\u00e726 Flmnc n TS SCGr\" src=\"https:\/\/tomajazz.com\/web\/wp-content\/uploads\/2026\/04\/03-L-Mcnt-\u00a9Joan-Cortes-14mrc26-Flmnc-n-TS-SCGr.jpg\" alt=\"La Macanita (Flamenc-ON 2026 \/ Teatre Sagarra, 2026-03-14 \/ Santa Coloma de Gramanet -Barcelona-) [y II] Por Joan Cort\u00e8s [Flamencuras AKA INSTANTZZ AKA Galer\u00eda fotogr\u00e1fica AKA Fotoblog de jazz, impro\u2026 y algo m\u00e1s] - Tomajazz - La Macanita actu\u00f3 en Flamenc-ON 2026, en Santa Coloma de Gramanet -Barcelona-, el 14 de marzo de 2026. Joan Cort\u00e8s lo retrata en las Flamencuras de INSTANTZZ. Actuaron La Macanita, Jos\u00e9 Valencia, Chicharito de J\u00e9rez, Manuel Macano \" width=\"600\" height=\"400\" srcset=\"https:\/\/tomajazz.com\/web\/wp-content\/uploads\/2026\/04\/03-L-Mcnt-\u00a9Joan-Cortes-14mrc26-Flmnc-n-TS-SCGr.jpg 600w, https:\/\/tomajazz.com\/web\/wp-content\/uploads\/2026\/04\/03-L-Mcnt-\u00a9Joan-Cortes-14mrc26-Flmnc-n-TS-SCGr-300x200.jpg 300w, https:\/\/tomajazz.com\/web\/wp-content\/uploads\/2026\/04\/03-L-Mcnt-\u00a9Joan-Cortes-14mrc26-Flmnc-n-TS-SCGr-465x310.jpg 465w\" sizes=\"auto, (max-width: 600px) 100vw, 600px\" \/><\/p>\n<p><img loading=\"lazy\" decoding=\"async\" class=\"aligncenter size-large wp-image-105103\" title=\"La Macanita (Flamenc-ON 2026 \/ Teatre Sagarra, 2026-03-14 \/ Santa Coloma de Gramanet -Barcelona-) [y II] Por Joan Cort\u00e8s [Flamencuras AKA INSTANTZZ AKA Galer\u00eda fotogr\u00e1fica AKA Fotoblog de jazz, impro\u2026 y algo m\u00e1s] Tomajazz 04 L Mcnt \u00a9Joan Cort\u00e8s 14mr\u00e726 Flmnc n TS SCGr\" src=\"https:\/\/tomajazz.com\/web\/wp-content\/uploads\/2026\/04\/04-L-Mcnt-\u00a9Joan-Cortes-14mrc26-Flmnc-n-TS-SCGr.jpg\" alt=\"La Macanita (Flamenc-ON 2026 \/ Teatre Sagarra, 2026-03-14 \/ Santa Coloma de Gramanet -Barcelona-) [y II] Por Joan Cort\u00e8s [Flamencuras AKA INSTANTZZ AKA Galer\u00eda fotogr\u00e1fica AKA Fotoblog de jazz, impro\u2026 y algo m\u00e1s] - Tomajazz - La Macanita actu\u00f3 en Flamenc-ON 2026, en Santa Coloma de Gramanet -Barcelona-, el 14 de marzo de 2026. Joan Cort\u00e8s lo retrata en las Flamencuras de INSTANTZZ. Actuaron La Macanita, Jos\u00e9 Valencia, Chicharito de J\u00e9rez, Manuel Macano \" width=\"600\" height=\"400\" srcset=\"https:\/\/tomajazz.com\/web\/wp-content\/uploads\/2026\/04\/04-L-Mcnt-\u00a9Joan-Cortes-14mrc26-Flmnc-n-TS-SCGr.jpg 600w, https:\/\/tomajazz.com\/web\/wp-content\/uploads\/2026\/04\/04-L-Mcnt-\u00a9Joan-Cortes-14mrc26-Flmnc-n-TS-SCGr-300x200.jpg 300w, https:\/\/tomajazz.com\/web\/wp-content\/uploads\/2026\/04\/04-L-Mcnt-\u00a9Joan-Cortes-14mrc26-Flmnc-n-TS-SCGr-465x310.jpg 465w\" sizes=\"auto, (max-width: 600px) 100vw, 600px\" \/><\/p>\n<p><img loading=\"lazy\" decoding=\"async\" class=\"aligncenter size-large wp-image-105104\" title=\"La Macanita (Flamenc-ON 2026 \/ Teatre Sagarra, 2026-03-14 \/ Santa Coloma de Gramanet -Barcelona-) [y II] Por Joan Cort\u00e8s [Flamencuras AKA INSTANTZZ AKA Galer\u00eda fotogr\u00e1fica AKA Fotoblog de jazz, impro\u2026 y algo m\u00e1s] Tomajazz 05 L Mcnt \u00a9Joan Cort\u00e8s 14mr\u00e726 Flmnc n TS SCGr\" src=\"https:\/\/tomajazz.com\/web\/wp-content\/uploads\/2026\/04\/05-L-Mcnt-\u00a9Joan-Cortes-14mrc26-Flmnc-n-TS-SCGr.jpg\" alt=\"La Macanita (Flamenc-ON 2026 \/ Teatre Sagarra, 2026-03-14 \/ Santa Coloma de Gramanet -Barcelona-) [y II] Por Joan Cort\u00e8s [Flamencuras AKA INSTANTZZ AKA Galer\u00eda fotogr\u00e1fica AKA Fotoblog de jazz, impro\u2026 y algo m\u00e1s] - Tomajazz - La Macanita actu\u00f3 en Flamenc-ON 2026, en Santa Coloma de Gramanet -Barcelona-, el 14 de marzo de 2026. Joan Cort\u00e8s lo retrata en las Flamencuras de INSTANTZZ. Actuaron La Macanita, Jos\u00e9 Valencia, Chicharito de J\u00e9rez, Manuel Macano \" width=\"600\" height=\"400\" srcset=\"https:\/\/tomajazz.com\/web\/wp-content\/uploads\/2026\/04\/05-L-Mcnt-\u00a9Joan-Cortes-14mrc26-Flmnc-n-TS-SCGr.jpg 600w, https:\/\/tomajazz.com\/web\/wp-content\/uploads\/2026\/04\/05-L-Mcnt-\u00a9Joan-Cortes-14mrc26-Flmnc-n-TS-SCGr-300x200.jpg 300w, https:\/\/tomajazz.com\/web\/wp-content\/uploads\/2026\/04\/05-L-Mcnt-\u00a9Joan-Cortes-14mrc26-Flmnc-n-TS-SCGr-465x310.jpg 465w\" sizes=\"auto, (max-width: 600px) 100vw, 600px\" \/><\/p>\n<p><img loading=\"lazy\" decoding=\"async\" class=\"aligncenter size-large wp-image-105105\" title=\"La Macanita (Flamenc-ON 2026 \/ Teatre Sagarra, 2026-03-14 \/ Santa Coloma de Gramanet -Barcelona-) [y II] Por Joan Cort\u00e8s [Flamencuras AKA INSTANTZZ AKA Galer\u00eda fotogr\u00e1fica AKA Fotoblog de jazz, impro\u2026 y algo m\u00e1s] Tomajazz 06 L Mcnt \u00a9Joan Cort\u00e8s 14mr\u00e726 Flmnc n TS SCGr\" src=\"https:\/\/tomajazz.com\/web\/wp-content\/uploads\/2026\/04\/06-L-Mcnt-\u00a9Joan-Cortes-14mrc26-Flmnc-n-TS-SCGr.jpg\" alt=\"La Macanita (Flamenc-ON 2026 \/ Teatre Sagarra, 2026-03-14 \/ Santa Coloma de Gramanet -Barcelona-) [y II] Por Joan Cort\u00e8s [Flamencuras AKA INSTANTZZ AKA Galer\u00eda fotogr\u00e1fica AKA Fotoblog de jazz, impro\u2026 y algo m\u00e1s] - Tomajazz - La Macanita actu\u00f3 en Flamenc-ON 2026, en Santa Coloma de Gramanet -Barcelona-, el 14 de marzo de 2026. Joan Cort\u00e8s lo retrata en las Flamencuras de INSTANTZZ. Actuaron La Macanita, Jos\u00e9 Valencia, Chicharito de J\u00e9rez, Manuel Macano \" width=\"400\" height=\"600\" srcset=\"https:\/\/tomajazz.com\/web\/wp-content\/uploads\/2026\/04\/06-L-Mcnt-\u00a9Joan-Cortes-14mrc26-Flmnc-n-TS-SCGr.jpg 400w, https:\/\/tomajazz.com\/web\/wp-content\/uploads\/2026\/04\/06-L-Mcnt-\u00a9Joan-Cortes-14mrc26-Flmnc-n-TS-SCGr-200x300.jpg 200w, https:\/\/tomajazz.com\/web\/wp-content\/uploads\/2026\/04\/06-L-Mcnt-\u00a9Joan-Cortes-14mrc26-Flmnc-n-TS-SCGr-367x550.jpg 367w, https:\/\/tomajazz.com\/web\/wp-content\/uploads\/2026\/04\/06-L-Mcnt-\u00a9Joan-Cortes-14mrc26-Flmnc-n-TS-SCGr-333x500.jpg 333w\" sizes=\"auto, (max-width: 400px) 100vw, 400px\" \/><\/p>\n<p><img loading=\"lazy\" decoding=\"async\" class=\"aligncenter size-large wp-image-105106\" title=\"La Macanita (Flamenc-ON 2026 \/ Teatre Sagarra, 2026-03-14 \/ Santa Coloma de Gramanet -Barcelona-) [y II] Por Joan Cort\u00e8s [Flamencuras AKA INSTANTZZ AKA Galer\u00eda fotogr\u00e1fica AKA Fotoblog de jazz, impro\u2026 y algo m\u00e1s] Tomajazz 07 L Mcnt \u00a9Joan Cort\u00e8s 14mr\u00e726 Flmnc n TS SCGr\" src=\"https:\/\/tomajazz.com\/web\/wp-content\/uploads\/2026\/04\/07-L-Mcnt-\u00a9Joan-Cortes-14mrc26-Flmnc-n-TS-SCGr.jpg\" alt=\"La Macanita (Flamenc-ON 2026 \/ Teatre Sagarra, 2026-03-14 \/ Santa Coloma de Gramanet -Barcelona-) [y II] Por Joan Cort\u00e8s [Flamencuras AKA INSTANTZZ AKA Galer\u00eda fotogr\u00e1fica AKA Fotoblog de jazz, impro\u2026 y algo m\u00e1s] - Tomajazz - La Macanita actu\u00f3 en Flamenc-ON 2026, en Santa Coloma de Gramanet -Barcelona-, el 14 de marzo de 2026. Joan Cort\u00e8s lo retrata en las Flamencuras de INSTANTZZ. Actuaron La Macanita, Jos\u00e9 Valencia, Chicharito de J\u00e9rez, Manuel Macano \" width=\"400\" height=\"600\" srcset=\"https:\/\/tomajazz.com\/web\/wp-content\/uploads\/2026\/04\/07-L-Mcnt-\u00a9Joan-Cortes-14mrc26-Flmnc-n-TS-SCGr.jpg 400w, https:\/\/tomajazz.com\/web\/wp-content\/uploads\/2026\/04\/07-L-Mcnt-\u00a9Joan-Cortes-14mrc26-Flmnc-n-TS-SCGr-200x300.jpg 200w, https:\/\/tomajazz.com\/web\/wp-content\/uploads\/2026\/04\/07-L-Mcnt-\u00a9Joan-Cortes-14mrc26-Flmnc-n-TS-SCGr-367x550.jpg 367w, https:\/\/tomajazz.com\/web\/wp-content\/uploads\/2026\/04\/07-L-Mcnt-\u00a9Joan-Cortes-14mrc26-Flmnc-n-TS-SCGr-333x500.jpg 333w\" sizes=\"auto, (max-width: 400px) 100vw, 400px\" \/><\/p>\n<p><img loading=\"lazy\" decoding=\"async\" class=\"aligncenter size-large wp-image-105107\" title=\"La Macanita (Flamenc-ON 2026 \/ Teatre Sagarra, 2026-03-14 \/ Santa Coloma de Gramanet -Barcelona-) [y II] Por Joan Cort\u00e8s [Flamencuras AKA INSTANTZZ AKA Galer\u00eda fotogr\u00e1fica AKA Fotoblog de jazz, impro\u2026 y algo m\u00e1s] Tomajazz 08 L Mcnt \u00a9Joan Cort\u00e8s 14mr\u00e726 Flmnc n TS SCGr\" src=\"https:\/\/tomajazz.com\/web\/wp-content\/uploads\/2026\/04\/08-L-Mcnt-\u00a9Joan-Cortes-14mrc26-Flmnc-n-TS-SCGr.jpg\" alt=\"La Macanita (Flamenc-ON 2026 \/ Teatre Sagarra, 2026-03-14 \/ Santa Coloma de Gramanet -Barcelona-) [y II] Por Joan Cort\u00e8s [Flamencuras AKA INSTANTZZ AKA Galer\u00eda fotogr\u00e1fica AKA Fotoblog de jazz, impro\u2026 y algo m\u00e1s] - Tomajazz - La Macanita actu\u00f3 en Flamenc-ON 2026, en Santa Coloma de Gramanet -Barcelona-, el 14 de marzo de 2026. Joan Cort\u00e8s lo retrata en las Flamencuras de INSTANTZZ. Actuaron La Macanita, Jos\u00e9 Valencia, Chicharito de J\u00e9rez, Manuel Macano \" width=\"600\" height=\"400\" srcset=\"https:\/\/tomajazz.com\/web\/wp-content\/uploads\/2026\/04\/08-L-Mcnt-\u00a9Joan-Cortes-14mrc26-Flmnc-n-TS-SCGr.jpg 600w, https:\/\/tomajazz.com\/web\/wp-content\/uploads\/2026\/04\/08-L-Mcnt-\u00a9Joan-Cortes-14mrc26-Flmnc-n-TS-SCGr-300x200.jpg 300w, https:\/\/tomajazz.com\/web\/wp-content\/uploads\/2026\/04\/08-L-Mcnt-\u00a9Joan-Cortes-14mrc26-Flmnc-n-TS-SCGr-465x310.jpg 465w\" sizes=\"auto, (max-width: 600px) 100vw, 600px\" \/><\/p>\n<p><img loading=\"lazy\" decoding=\"async\" class=\"aligncenter size-large wp-image-105108\" title=\"La Macanita (Flamenc-ON 2026 \/ Teatre Sagarra, 2026-03-14 \/ Santa Coloma de Gramanet -Barcelona-) [y II] Por Joan Cort\u00e8s [Flamencuras AKA INSTANTZZ AKA Galer\u00eda fotogr\u00e1fica AKA Fotoblog de jazz, impro\u2026 y algo m\u00e1s] Tomajazz 09 L Mcnt \u00a9Joan Cort\u00e8s 14mr\u00e726 Flmnc n TS SCGr\" src=\"https:\/\/tomajazz.com\/web\/wp-content\/uploads\/2026\/04\/09-L-Mcnt-\u00a9Joan-Cortes-14mrc26-Flmnc-n-TS-SCGr.jpg\" alt=\"La Macanita (Flamenc-ON 2026 \/ Teatre Sagarra, 2026-03-14 \/ Santa Coloma de Gramanet -Barcelona-) [y II] Por Joan Cort\u00e8s [Flamencuras AKA INSTANTZZ AKA Galer\u00eda fotogr\u00e1fica AKA Fotoblog de jazz, impro\u2026 y algo m\u00e1s] - Tomajazz - La Macanita actu\u00f3 en Flamenc-ON 2026, en Santa Coloma de Gramanet -Barcelona-, el 14 de marzo de 2026. Joan Cort\u00e8s lo retrata en las Flamencuras de INSTANTZZ. Actuaron La Macanita, Jos\u00e9 Valencia, Chicharito de J\u00e9rez, Manuel Macano \" width=\"600\" height=\"400\" srcset=\"https:\/\/tomajazz.com\/web\/wp-content\/uploads\/2026\/04\/09-L-Mcnt-\u00a9Joan-Cortes-14mrc26-Flmnc-n-TS-SCGr.jpg 600w, https:\/\/tomajazz.com\/web\/wp-content\/uploads\/2026\/04\/09-L-Mcnt-\u00a9Joan-Cortes-14mrc26-Flmnc-n-TS-SCGr-300x200.jpg 300w, https:\/\/tomajazz.com\/web\/wp-content\/uploads\/2026\/04\/09-L-Mcnt-\u00a9Joan-Cortes-14mrc26-Flmnc-n-TS-SCGr-465x310.jpg 465w\" sizes=\"auto, (max-width: 600px) 100vw, 600px\" \/><\/p>\n<p><img loading=\"lazy\" decoding=\"async\" class=\"aligncenter size-large wp-image-105109\" title=\"La Macanita (Flamenc-ON 2026 \/ Teatre Sagarra, 2026-03-14 \/ Santa Coloma de Gramanet -Barcelona-) [y II] Por Joan Cort\u00e8s [Flamencuras AKA INSTANTZZ AKA Galer\u00eda fotogr\u00e1fica AKA Fotoblog de jazz, impro\u2026 y algo m\u00e1s] Tomajazz 10 L Mcnt \u00a9Joan Cort\u00e8s 14mr\u00e726 Flmnc n TS SCGr\" src=\"https:\/\/tomajazz.com\/web\/wp-content\/uploads\/2026\/04\/10-L-Mcnt-\u00a9Joan-Cortes-14mrc26-Flmnc-n-TS-SCGr.jpg\" alt=\"La Macanita (Flamenc-ON 2026 \/ Teatre Sagarra, 2026-03-14 \/ Santa Coloma de Gramanet -Barcelona-) [y II] Por Joan Cort\u00e8s [Flamencuras AKA INSTANTZZ AKA Galer\u00eda fotogr\u00e1fica AKA Fotoblog de jazz, impro\u2026 y algo m\u00e1s] - Tomajazz - La Macanita actu\u00f3 en Flamenc-ON 2026, en Santa Coloma de Gramanet -Barcelona-, el 14 de marzo de 2026. Joan Cort\u00e8s lo retrata en las Flamencuras de INSTANTZZ. Actuaron La Macanita, Jos\u00e9 Valencia, Chicharito de J\u00e9rez, Manuel Macano \" width=\"600\" height=\"400\" srcset=\"https:\/\/tomajazz.com\/web\/wp-content\/uploads\/2026\/04\/10-L-Mcnt-\u00a9Joan-Cortes-14mrc26-Flmnc-n-TS-SCGr.jpg 600w, https:\/\/tomajazz.com\/web\/wp-content\/uploads\/2026\/04\/10-L-Mcnt-\u00a9Joan-Cortes-14mrc26-Flmnc-n-TS-SCGr-300x200.jpg 300w, https:\/\/tomajazz.com\/web\/wp-content\/uploads\/2026\/04\/10-L-Mcnt-\u00a9Joan-Cortes-14mrc26-Flmnc-n-TS-SCGr-465x310.jpg 465w\" sizes=\"auto, (max-width: 600px) 100vw, 600px\" \/><\/p>\n<p><img loading=\"lazy\" decoding=\"async\" class=\"aligncenter size-large wp-image-105110\" title=\"La Macanita (Flamenc-ON 2026 \/ Teatre Sagarra, 2026-03-14 \/ Santa Coloma de Gramanet -Barcelona-) [y II] Por Joan Cort\u00e8s [Flamencuras AKA INSTANTZZ AKA Galer\u00eda fotogr\u00e1fica AKA Fotoblog de jazz, impro\u2026 y algo m\u00e1s] Tomajazz 11 L Mcnt \u00a9Joan Cort\u00e8s 14mr\u00e726 Flmnc n TS SCGr\" src=\"https:\/\/tomajazz.com\/web\/wp-content\/uploads\/2026\/04\/11-L-Mcnt-\u00a9Joan-Cortes-14mrc26-Flmnc-n-TS-SCGr.jpg\" alt=\"La Macanita (Flamenc-ON 2026 \/ Teatre Sagarra, 2026-03-14 \/ Santa Coloma de Gramanet -Barcelona-) [y II] Por Joan Cort\u00e8s [Flamencuras AKA INSTANTZZ AKA Galer\u00eda fotogr\u00e1fica AKA Fotoblog de jazz, impro\u2026 y algo m\u00e1s] - Tomajazz - La Macanita actu\u00f3 en Flamenc-ON 2026, en Santa Coloma de Gramanet -Barcelona-, el 14 de marzo de 2026. Joan Cort\u00e8s lo retrata en las Flamencuras de INSTANTZZ. Actuaron La Macanita, Jos\u00e9 Valencia, Chicharito de J\u00e9rez, Manuel Macano \" width=\"600\" height=\"400\" srcset=\"https:\/\/tomajazz.com\/web\/wp-content\/uploads\/2026\/04\/11-L-Mcnt-\u00a9Joan-Cortes-14mrc26-Flmnc-n-TS-SCGr.jpg 600w, https:\/\/tomajazz.com\/web\/wp-content\/uploads\/2026\/04\/11-L-Mcnt-\u00a9Joan-Cortes-14mrc26-Flmnc-n-TS-SCGr-300x200.jpg 300w, https:\/\/tomajazz.com\/web\/wp-content\/uploads\/2026\/04\/11-L-Mcnt-\u00a9Joan-Cortes-14mrc26-Flmnc-n-TS-SCGr-465x310.jpg 465w\" sizes=\"auto, (max-width: 600px) 100vw, 600px\" \/><\/p>\n<p style=\"text-align: right;\">Tomajazz: Fotograf\u00edas: \u00a9\u00a0<a href=\"https:\/\/www.facebook.com\/joan.cortesbenages\" target=\"_blank\" rel=\"noopener\"><strong>Joan Cort\u00e8s<\/strong><\/a>, 2026<\/p>\n<h3>M\u00e1s informaci\u00f3n de La Macanita y Flamenc-ON 2026:<\/h3>\n<p><a href=\"https:\/\/www.instagram.com\/tomasalamacanita\/\" target=\"_blank\" rel=\"noopener\">https:\/\/www.instagram.com\/tomasalamacanita\/<\/a><\/p>\n<p><a href=\"https:\/\/tomajazz.com\/web\/?s=macanita&amp;submit=Search\" target=\"_blank\" rel=\"noopener\">https:\/\/tomajazz.com\/web\/?s=macanita&amp;submit=Search<\/a><\/p>\n<p><a href=\"https:\/\/www.flamencon.es\/\" target=\"_blank\" rel=\"noopener\">https:\/\/www.flamencon.es\/<\/a><\/p>\n<p><a href=\"https:\/\/tomajazz.com\/web\/?s=flamenc-on&amp;submit=Search\" target=\"_blank\" rel=\"noopener\">https:\/\/tomajazz.com\/web\/?s=flamenc-on&amp;submit=Search<\/a><\/p>\n<h3>Flamenc-ON en Tomajazz<\/h3>\n<blockquote class=\"wp-embedded-content\" data-secret=\"tmmos0zHuS\"><p><a href=\"https:\/\/tomajazz.com\/web\/duquende-flamenc-on-2026\/\">Duquende (Flamenc-ON 2026 \/ Teatre Sagarra, 2026-03-14 \/ Santa Coloma de Gramenet -Barcelona-) [I] Por Joan Cort\u00e8s [Flamencuras AKA INSTANTZZ AKA Galer\u00eda fotogr\u00e1fica AKA Fotoblog de jazz, impro\u2026 y algo m\u00e1s]<\/a><\/p><\/blockquote>\n<p><iframe loading=\"lazy\" class=\"wp-embedded-content\" sandbox=\"allow-scripts\" security=\"restricted\" style=\"position: absolute; visibility: hidden;\" title=\"\u00abDuquende (Flamenc-ON 2026 \/ Teatre Sagarra, 2026-03-14 \/ Santa Coloma de Gramenet -Barcelona-) [I] Por Joan Cort\u00e8s [Flamencuras AKA INSTANTZZ AKA Galer\u00eda fotogr\u00e1fica AKA Fotoblog de jazz, impro\u2026 y algo m\u00e1s]\u00bb \u2014 Tomajazz\" src=\"https:\/\/tomajazz.com\/web\/duquende-flamenc-on-2026\/embed\/#?secret=5y25xx9eUb#?secret=tmmos0zHuS\" data-secret=\"tmmos0zHuS\" width=\"600\" height=\"338\" frameborder=\"0\" marginwidth=\"0\" marginheight=\"0\" scrolling=\"no\"><\/iframe><\/p>\n<p><a href=\"https:\/\/tomajazz.com\/web\/category\/contenidos\/especial-contenidos\/flamenc-on-2025\/\" target=\"_blank\" rel=\"noopener\">https:\/\/tomajazz.com\/web\/category\/contenidos\/especial-contenidos\/flamenc-on-2025\/<\/a><\/p>\n<h3>Joan Cort\u00e8s en Tomajazz<\/h3>\n<p><a href=\"https:\/\/tomajazz.com\/web\/category\/joan-cortes\/\" target=\"_blank\" rel=\"noopener\">https:\/\/tomajazz.com\/web\/category\/joan-cortes\/<\/a><\/p>\n","protected":false},"excerpt":{"rendered":"<p>La Macanita actu\u00f3 en Flamenc-ON 2026, en Santa Coloma de Gramanet -Barcelona-, el 14 de marzo de 2026. Joan Cort\u00e8s lo retrata en las Flamencuras de INSTANTZZ. Actuaron La Macanita, Jos\u00e9 Valencia, Chicharito de J\u00e9rez, Manuel Macano<br \/>\n<span class=\"more-link\"><a href=\"https:\/\/tomajazz.com\/web\/la-macanita-flamenc-on-2026\/\">Contin\u00faa leyendo<\/a><\/span><\/p>\n","protected":false},"author":1,"featured_media":105111,"comment_status":"open","ping_status":"closed","sticky":false,"template":"","format":"standard","meta":{"jetpack_post_was_ever_published":false,"_jetpack_newsletter_access":"","_jetpack_dont_email_post_to_subs":false,"_jetpack_newsletter_tier_id":0,"_jetpack_memberships_contains_paywalled_content":false,"_jetpack_memberships_contains_paid_content":false,"footnotes":""},"categories":[21243,17853,11262,15516,11261,1038],"tags":[33255,1041,25443,33254,33256],"class_list":["entry","author-pachi","has-excerpt","post-105099","post","type-post","status-publish","format-standard","has-post-thumbnail","category-flamencuras","category-joan-cortes","category-photoblogs","category-imagenes","category-instantzz","category-contenidos","tag-chicharito-de-jerez","tag-joan-cortes","tag-jose-valencia","tag-la-macanita","tag-manuel-macano"],"jetpack_featured_media_url":"https:\/\/tomajazz.com\/web\/wp-content\/uploads\/2026\/04\/destacado-09-L-Mcnt-Photo-by-Joan-Cortes-14mrc26-Flmnc-n-TS-SCGr.jpg","jetpack_likes_enabled":true,"jetpack_sharing_enabled":true,"jetpack-related-posts":[{"id":105062,"url":"https:\/\/tomajazz.com\/web\/duquende-flamenc-on-2026\/","url_meta":{"origin":105099,"position":0},"title":"Duquende (Flamenc-ON 2026 \/ Teatre Sagarra, 2026-03-14 \/ Santa Coloma de Gramenet -Barcelona-) [I] Por Joan Cort\u00e8s [Flamencuras AKA INSTANTZZ AKA Galer\u00eda fotogr\u00e1fica AKA Fotoblog de jazz, impro\u2026 y algo m\u00e1s]","author":"Tomajazz","date":"26 abril, 2026","format":false,"excerpt":"Duquende actu\u00f3 en Flamenc-ON 2026 de Santa Coloma de Gramenet, Barcelona, el 14 de marzo de 2026. Joan Cort\u00e8s lo retrata en las Flamencuras de INSTANTZZ. Actuaron Duquende, Jos\u00e9 Andr\u00e9s Cort\u00e9s, Juan Mateos, Diego Amaya, Sergio de Finizio","rel":"","context":"En \u00abFlamenc-ON 2026\u00bb","block_context":{"text":"Flamenc-ON 2026","link":"https:\/\/tomajazz.com\/web\/category\/contenidos\/especial-contenidos\/flamenc-on-2026\/"},"img":{"alt_text":"Duquende (Flamenc-ON 2026 \/ Teatre Sagarra, 2026-03-14 \/ Santa Coloma de Gramenet -Barcelona-) [I] Por Joan Cort\u00e8s [Flamencuras AKA INSTANTZZ AKA Galer\u00eda fotogr\u00e1fica AKA Fotoblog de jazz, impro\u2026 y algo m\u00e1s] - Tomajazz - Duquende actu\u00f3 en Flamenc-ON 2026 de Santa Coloma de Gramenet, Barcelona, el 14 de marzo de 2026. Joan Cort\u00e8s lo retrata en las Flamencuras de INSTANTZZ. Actuaron Duquende, Jos\u00e9 Andr\u00e9s Cort\u00e9s, Juan Mateos, Diego Amaya, Sergio de Finizio\n","src":"https:\/\/i0.wp.com\/tomajazz.com\/web\/wp-content\/uploads\/2026\/04\/destacada-07-Dqnd-Photo-by-Joan-Cortes-14mrc26-Flmnc-n-TS-SCGr.jpg?resize=350%2C200&ssl=1","width":350,"height":200,"srcset":"https:\/\/i0.wp.com\/tomajazz.com\/web\/wp-content\/uploads\/2026\/04\/destacada-07-Dqnd-Photo-by-Joan-Cortes-14mrc26-Flmnc-n-TS-SCGr.jpg?resize=350%2C200&ssl=1 1x, https:\/\/i0.wp.com\/tomajazz.com\/web\/wp-content\/uploads\/2026\/04\/destacada-07-Dqnd-Photo-by-Joan-Cortes-14mrc26-Flmnc-n-TS-SCGr.jpg?resize=525%2C300&ssl=1 1.5x"},"classes":[]},{"id":95697,"url":"https:\/\/tomajazz.com\/web\/al-compas-de-jerez-flamenc-on-2025\/","url_meta":{"origin":105099,"position":1},"title":"Al comp\u00e1s de Jerez (Flamenc-ON, Teatre Sagarra, 2025-03-01 \/ Santa Coloma de Gramenet -Barcelona-) [I] Por Joan Cort\u00e8s [Flamencuras AKA INSTANTZZ AKA Galer\u00eda fotogr\u00e1fica AKA Fotoblog de jazz, impro\u2026 y algo m\u00e1s]","author":"Tomajazz","date":"6 mayo, 2025","format":false,"excerpt":"Al comp\u00e1s de Jerez se present\u00f3 en Flamenc-ON, en Santa Coloma de Gramanet, el 1 de marzo de 2025. Joan Cort\u00e8s lo retrata en las Flamencuras de INSTANTZZ. Actuaron Jes\u00fas M\u00e9ndez, Felipa del Moreno, Manuel Monje, Miranda Fern\u00e1ndez, Antonio Higuero, Marcos de Silva, Manuel Cantarote, Juan Diego Valencia","rel":"","context":"En \u00abFlamenc-ON-2025\u00bb","block_context":{"text":"Flamenc-ON-2025","link":"https:\/\/tomajazz.com\/web\/category\/contenidos\/especial-contenidos\/flamenc-on-2025\/"},"img":{"alt_text":"Al comp\u00e1s de Jerez (Flamenc-ON, Teatre Sagarra, 2025-03-01 \/ Santa Coloma de Gramenet -Barcelona-) [I]  Por Joan Cort\u00e8s [Flamencuras AKA INSTANTZZ AKA Galer\u00eda fotogr\u00e1fica AKA Fotoblog de jazz, impro\u2026 y algo m\u00e1s] - Tomajazz - Al comp\u00e1s de Jerez se present\u00f3 en Flamenc-ON, en Santa Coloma de Gramanet, el 1 de marzo de 2025. Joan Cort\u00e8s lo retrata en las Flamencuras de INSTANTZZ. Actuaron Jes\u00fas M\u00e9ndez, Felipa del Moreno, Manuel Monje, Miranda Fern\u00e1ndez, Antonio Higuero, Marcos de Silva, Manuel Cantarote, Juan Diego Valencia","src":"https:\/\/i0.wp.com\/tomajazz.com\/web\/wp-content\/uploads\/2025\/05\/destacada-08-l-Cmps-d-Jrz-Photo-By-Joan-Cortes-01mrc25-Flmnc-N-TS-SCG.jpg?resize=350%2C200&ssl=1","width":350,"height":200,"srcset":"https:\/\/i0.wp.com\/tomajazz.com\/web\/wp-content\/uploads\/2025\/05\/destacada-08-l-Cmps-d-Jrz-Photo-By-Joan-Cortes-01mrc25-Flmnc-N-TS-SCG.jpg?resize=350%2C200&ssl=1 1x, https:\/\/i0.wp.com\/tomajazz.com\/web\/wp-content\/uploads\/2025\/05\/destacada-08-l-Cmps-d-Jrz-Photo-By-Joan-Cortes-01mrc25-Flmnc-N-TS-SCG.jpg?resize=525%2C300&ssl=1 1.5x"},"classes":[]},{"id":73751,"url":"https:\/\/tomajazz.com\/web\/jeronimo-maya-festival-flamenc-on-2023\/","url_meta":{"origin":105099,"position":2},"title":"Jer\u00f3nimo Maya \u201cPureza y Solera\u201d (Festival Flamenc-ON, Teatre Sagarra, 2023-03-118. Santa Coloma de Gramenet -Barcelona-) Por Joan Cort\u00e8s [Flamencura AKA INSTANTZZ AKA Galer\u00eda fotogr\u00e1fica AKA Fotoblog de jazz, impro\u2026 y algo m\u00e1s]","author":"Tomajazz","date":"9 mayo, 2023","format":false,"excerpt":"Jer\u00f3nimo Maya actu\u00f3 con el proyecto \u201cPureza y Solera\u201d en el Festival Flamenc-ON, de Santa Coloma de Gramanet -Barcelona-, el 18 de marzo de 2023. Joan Cort\u00e8s retrata su actuaci\u00f3n en una Flamencura en INSTANTZZ.","rel":"","context":"En \u00abFlamencuras\u00bb","block_context":{"text":"Flamencuras","link":"https:\/\/tomajazz.com\/web\/category\/contenidos\/imagenes\/photoblogs\/flamencuras\/"},"img":{"alt_text":"Jer\u00f3nimo Maya \u201cPureza y Solera\u201d (Festival Flamenc-ON, Teatre Sagarra, 2023-03-118. Santa Coloma de Gramenet -Barcelona-) Por Joan Cort\u00e8s [Flamencura AKA INSTANTZZ AKA Galer\u00eda fotogr\u00e1fica AKA Fotoblog de jazz, impro\u2026 y algo m\u00e1s] - Tomajazz 9.0 - Jer\u00f3nimo Maya actu\u00f3 con el proyecto \u201cPureza y Solera\u201d en el Festival Flamenc-ON, de Santa Coloma de Gramanet -Barcelona-, el 18 de marzo de 2023. Joan Cort\u00e8s retrata su actuaci\u00f3n en una Flamencura en INSTANTZZ.","src":"https:\/\/i0.wp.com\/tomajazz.com\/web\/wp-content\/uploads\/2023\/05\/04-Jrnm-My-%C2%A9Joan-Cortes-18mrc23-Flmnc-N-Ttr-Sgr-SCG-Jeronimo-Maya-Pureza-y-Solera-Festival-Flamenc-ON-2023-03-18-Santa-Coloma-de-Gramenet-Barcelona-.jpg?resize=350%2C200&ssl=1","width":350,"height":200,"srcset":"https:\/\/i0.wp.com\/tomajazz.com\/web\/wp-content\/uploads\/2023\/05\/04-Jrnm-My-%C2%A9Joan-Cortes-18mrc23-Flmnc-N-Ttr-Sgr-SCG-Jeronimo-Maya-Pureza-y-Solera-Festival-Flamenc-ON-2023-03-18-Santa-Coloma-de-Gramenet-Barcelona-.jpg?resize=350%2C200&ssl=1 1x, https:\/\/i0.wp.com\/tomajazz.com\/web\/wp-content\/uploads\/2023\/05\/04-Jrnm-My-%C2%A9Joan-Cortes-18mrc23-Flmnc-N-Ttr-Sgr-SCG-Jeronimo-Maya-Pureza-y-Solera-Festival-Flamenc-ON-2023-03-18-Santa-Coloma-de-Gramenet-Barcelona-.jpg?resize=525%2C300&ssl=1 1.5x"},"classes":[]},{"id":104502,"url":"https:\/\/tomajazz.com\/web\/compania-manuel-linan-muerta-de-amor-flamencuras-2026\/","url_meta":{"origin":105099,"position":3},"title":"Compa\u00f1\u00eda Manuel Li\u00f1\u00e1n \u201cMuerta de Amor\u00bb (Teatre Auditori de Granollers -sala gran-, 2026-02-13 \/ Granollers -Barcelona-) Por Joan Cort\u00e8s [Flamencuras AKA INSTANTZZ AKA Galer\u00eda fotogr\u00e1fica AKA Fotoblog de jazz, impro\u2026 y algo m\u00e1s]","author":"Tomajazz","date":"21 marzo, 2026","format":false,"excerpt":"Compa\u00f1\u00eda Manuel Li\u00f1\u00e1n \u201cMuerta de Amor\" actu\u00f3 en el Teatre Auditori de Granollers el 13 de febrero de 2026. Joan Cort\u00e8s lo retrata en las Flamencuras de INSTANTZZ","rel":"","context":"En \u00abFlamencuras\u00bb","block_context":{"text":"Flamencuras","link":"https:\/\/tomajazz.com\/web\/category\/contenidos\/imagenes\/photoblogs\/flamencuras\/"},"img":{"alt_text":"Compa\u00f1\u00eda Manuel Li\u00f1\u00e1n \u201cMuerta de Amor\" (Teatre Auditori de Granollers -sala gran-, 2026-02-13 \/ Granollers -Barcelona-) Por Joan Cort\u00e8s [Flamencuras AKA INSTANTZZ AKA Galer\u00eda fotogr\u00e1fica AKA Fotoblog de jazz, impro\u2026 y algo m\u00e1s] - Tomajazz - Compa\u00f1\u00eda Manuel Li\u00f1\u00e1n \u201cMuerta de Amor\" actu\u00f3 en el Teatre Auditori de Granollers el 13 de febrero de 2026. Joan Cort\u00e8s lo retrata en las Flamencuras de INSTANTZZ","src":"https:\/\/i0.wp.com\/tomajazz.com\/web\/wp-content\/uploads\/2026\/03\/destacada-03-Mnl-Lnn-Photo-by-Joan-Cortes-13fbr26-Ttr-dtr-Grnllrs.jpg?resize=350%2C200&ssl=1","width":350,"height":200,"srcset":"https:\/\/i0.wp.com\/tomajazz.com\/web\/wp-content\/uploads\/2026\/03\/destacada-03-Mnl-Lnn-Photo-by-Joan-Cortes-13fbr26-Ttr-dtr-Grnllrs.jpg?resize=350%2C200&ssl=1 1x, https:\/\/i0.wp.com\/tomajazz.com\/web\/wp-content\/uploads\/2026\/03\/destacada-03-Mnl-Lnn-Photo-by-Joan-Cortes-13fbr26-Ttr-dtr-Grnllrs.jpg?resize=525%2C300&ssl=1 1.5x"},"classes":[]},{"id":104385,"url":"https:\/\/tomajazz.com\/web\/lucia-la-bronce-el-dorado-sfb-2026\/","url_meta":{"origin":105099,"position":4},"title":"Luc\u00eda La Bronce (El Dorado sfb \/ Centre C\u00edvic Parc Sandaru, 2026-01-29 \/ Barcelona) Por Joan Cort\u00e8s [Flamencuras AKA INSTANTZZ AKA Galer\u00eda fotogr\u00e1fica AKA Fotoblog de jazz, impro\u2026 y algo m\u00e1s]","author":"Tomajazz","date":"13 marzo, 2026","format":false,"excerpt":"Luc\u00eda La Bronce actu\u00f3 en El Dorado sfb de Barcelona, el 19 de enero de 2025. Joan Cort\u00e8s la retrata en las Flamencuras de INSTANTZZ. Actuaron Luc\u00eda La Bronce, Manuel Pajares, Daniel Mej\u00eda \u201cEl Carqui\u201d","rel":"","context":"En \u00abFlamencuras\u00bb","block_context":{"text":"Flamencuras","link":"https:\/\/tomajazz.com\/web\/category\/contenidos\/imagenes\/photoblogs\/flamencuras\/"},"img":{"alt_text":"Luc\u00eda La Bronce (El Dorado sfb \/ Centre C\u00edvic Parc Sandaru, 2026-01-29 \/ Barcelona) Por Joan Cort\u00e8s [Flamencuras AKA INSTANTZZ AKA Galer\u00eda fotogr\u00e1fica AKA Fotoblog de jazz, impro\u2026 y algo m\u00e1s] - Tomajazz - Luc\u00eda La Bronce actu\u00f3 en El Dorado sfb de Barcelona, el 19 de enero de 2025. Joan Cort\u00e8s la retrata en las Flamencuras de INSTANTZZ. Actuaron Luc\u00eda La Bronce, Manuel Pajares, Daniel Mej\u00eda \u201cEl Carqui\u201d\n","src":"https:\/\/i0.wp.com\/tomajazz.com\/web\/wp-content\/uploads\/2026\/03\/destacada-10-Lc-l-Brnc-Photo-by-Joan-Cortes-29gnr26-l-Drd-CCPS-Bcn.jpg?resize=350%2C200&ssl=1","width":350,"height":200,"srcset":"https:\/\/i0.wp.com\/tomajazz.com\/web\/wp-content\/uploads\/2026\/03\/destacada-10-Lc-l-Brnc-Photo-by-Joan-Cortes-29gnr26-l-Drd-CCPS-Bcn.jpg?resize=350%2C200&ssl=1 1x, https:\/\/i0.wp.com\/tomajazz.com\/web\/wp-content\/uploads\/2026\/03\/destacada-10-Lc-l-Brnc-Photo-by-Joan-Cortes-29gnr26-l-Drd-CCPS-Bcn.jpg?resize=525%2C300&ssl=1 1.5x"},"classes":[]},{"id":101861,"url":"https:\/\/tomajazz.com\/web\/jose-manuel-alvarez-ciutat-flamenco-2025\/","url_meta":{"origin":105099,"position":5},"title":"Jose Manuel \u00c1lvarez \u00abCaptura y Fuga\u00bb (Ciutat Flamenco \/ SAT!, 2025-10-23 \/ Barcelona) [V] Por Joan Cort\u00e8s [Flamencuras AKA INSTANTZZ AKA Galer\u00eda fotogr\u00e1fica AKA Fotoblog de jazz, impro\u2026 y algo m\u00e1s]","author":"Tomajazz","date":"18 noviembre, 2025","format":false,"excerpt":"Jose Manuel \u00c1lvarez \u00abCaptura y Fuga\u00bb actu\u00f3 en Ciutat Flamenco de Barcelona el 23 de octubre de 2025. Joan Cort\u00e8s lo retrata en las Flamencuras de INSTANTZZ","rel":"","context":"En \u00abCiutat Flamenco 2025\u00bb","block_context":{"text":"Ciutat Flamenco 2025","link":"https:\/\/tomajazz.com\/web\/category\/contenidos\/especial-contenidos\/ciutat-flamenco-2025\/"},"img":{"alt_text":"Jose Manuel \u00c1lvarez \u00abCaptura y Fuga\u00bb (Ciutat Flamenco \/ SAT!, 2025-10-23 \/ Barcelona) [V] Por Joan Cort\u00e8s [Flamencuras AKA INSTANTZZ AKA Galer\u00eda fotogr\u00e1fica AKA Fotoblog de jazz, impro\u2026 y algo m\u00e1s] - Tomajazz - Jose Manuel \u00c1lvarez \u00abCaptura y Fuga\u00bb actu\u00f3 en Ciutat Flamenco de Barcelona el 23 de octubre de 2025. Joan Cort\u00e8s lo retrata en las Flamencuras de INSTANTZZ","src":"https:\/\/i0.wp.com\/tomajazz.com\/web\/wp-content\/uploads\/2025\/11\/destacada-07-Js-Mnl-lvrz-Photo-By-Joan-Cortes-23ctb25-Ctt-Flmnc-SnTjpg.jpg?resize=350%2C200&ssl=1","width":350,"height":200,"srcset":"https:\/\/i0.wp.com\/tomajazz.com\/web\/wp-content\/uploads\/2025\/11\/destacada-07-Js-Mnl-lvrz-Photo-By-Joan-Cortes-23ctb25-Ctt-Flmnc-SnTjpg.jpg?resize=350%2C200&ssl=1 1x, https:\/\/i0.wp.com\/tomajazz.com\/web\/wp-content\/uploads\/2025\/11\/destacada-07-Js-Mnl-lvrz-Photo-By-Joan-Cortes-23ctb25-Ctt-Flmnc-SnTjpg.jpg?resize=525%2C300&ssl=1 1.5x"},"classes":[]}],"_links":{"self":[{"href":"https:\/\/tomajazz.com\/web\/wp-json\/wp\/v2\/posts\/105099","targetHints":{"allow":["GET"]}}],"collection":[{"href":"https:\/\/tomajazz.com\/web\/wp-json\/wp\/v2\/posts"}],"about":[{"href":"https:\/\/tomajazz.com\/web\/wp-json\/wp\/v2\/types\/post"}],"author":[{"embeddable":true,"href":"https:\/\/tomajazz.com\/web\/wp-json\/wp\/v2\/users\/1"}],"replies":[{"embeddable":true,"href":"https:\/\/tomajazz.com\/web\/wp-json\/wp\/v2\/comments?post=105099"}],"version-history":[{"count":2,"href":"https:\/\/tomajazz.com\/web\/wp-json\/wp\/v2\/posts\/105099\/revisions"}],"predecessor-version":[{"id":105113,"href":"https:\/\/tomajazz.com\/web\/wp-json\/wp\/v2\/posts\/105099\/revisions\/105113"}],"wp:featuredmedia":[{"embeddable":true,"href":"https:\/\/tomajazz.com\/web\/wp-json\/wp\/v2\/media\/105111"}],"wp:attachment":[{"href":"https:\/\/tomajazz.com\/web\/wp-json\/wp\/v2\/media?parent=105099"}],"wp:term":[{"taxonomy":"category","embeddable":true,"href":"https:\/\/tomajazz.com\/web\/wp-json\/wp\/v2\/categories?post=105099"},{"taxonomy":"post_tag","embeddable":true,"href":"https:\/\/tomajazz.com\/web\/wp-json\/wp\/v2\/tags?post=105099"}],"curies":[{"name":"wp","href":"https:\/\/api.w.org\/{rel}","templated":true}]}}