{"id":105114,"date":"2026-04-29T19:49:17","date_gmt":"2026-04-29T17:49:17","guid":{"rendered":"https:\/\/tomajazz.com\/web\/?p=105114"},"modified":"2026-04-29T19:49:17","modified_gmt":"2026-04-29T17:49:17","slug":"sonos-cicle-de-musiques-al-romanic-2026","status":"publish","type":"post","link":"https:\/\/tomajazz.com\/web\/sonos-cicle-de-musiques-al-romanic-2026\/","title":{"rendered":"Sonos -Cicle de M\u00fasiques al Rom\u00e0nic (del 3 al 17 de mayo de 2026. Balsareny, Casserres, Navas \u2013 Comarca del Bages, Barcelona) [Noticias de jazz]"},"content":{"rendered":"<p>Durante los tres primeros domingos de mayo, se celebrar\u00e1 la segunda edici\u00f3n de Sonos -cicle de m\u00fasiques al rom\u00e0nic\u201d. Tres proyectos presentados en tres espacios y tres localidades diferentes. Un ciclo que entrelaza \u201carte y territori, m\u00fasica y patrimonio\u201d. Nacido de la puesta en com\u00fan de tres ayuntamientos, Balsareny, Casserres y Navas, todos ellos de la comarca del Bages (Barcelona) Guitar<\/p>\n<p>La cantante y clarinetista Carola Ortiz, el multi instrumentista Alexandre Guitart, el guitarrista Carles Trepat, el trompetista Raynald Colom y el pianista Roger Mas, son los m\u00fasicos participantes.<\/p>\n<p>La entrada es de 10 \u20ac por concierto y todos se realizar\u00e1n a las 18h00.<\/p>\n<p>En cada jornada habr\u00e1 una degustaci\u00f3n de productos locales.<\/p>\n<p style=\"text-align: center;\"><img loading=\"lazy\" decoding=\"async\" class=\"aligncenter size-large wp-image-105115\" title=\"Sonos -Cicle de M\u00fasiques al Rom\u00e0nic (del 3 al 17 de mayo de 2026. Balsareny, Casserres, Navas \u2013 Comarca del Bages, Barcelona) [Noticias de jazz] Tomajazz Cartell 2n Sonos cicle\" src=\"https:\/\/tomajazz.com\/web\/wp-content\/uploads\/2026\/04\/Cartell-2n-Sonos-cicle-480x600.jpg\" alt=\"Sonos -Cicle de M\u00fasiques al Rom\u00e0nic (del 3 al 17 de mayo de 2026. Balsareny, Casserres, Navas \u2013 Comarca del Bages, Barcelona) [Noticias de jazz] - Tomajazz - Durante los tres primeros domingos de mayo de 2026 se celebrar\u00e1 en Balsareny, Casserres, Navas \u2013 Comarca del Bages, Barcelona, Sonos -Cicle de M\u00fasiques al Rom\u00e0nic #Noticiasdejazz\" width=\"480\" height=\"600\" srcset=\"https:\/\/tomajazz.com\/web\/wp-content\/uploads\/2026\/04\/Cartell-2n-Sonos-cicle-480x600.jpg 480w, https:\/\/tomajazz.com\/web\/wp-content\/uploads\/2026\/04\/Cartell-2n-Sonos-cicle-240x300.jpg 240w, https:\/\/tomajazz.com\/web\/wp-content\/uploads\/2026\/04\/Cartell-2n-Sonos-cicle-768x960.jpg 768w, https:\/\/tomajazz.com\/web\/wp-content\/uploads\/2026\/04\/Cartell-2n-Sonos-cicle-440x550.jpg 440w, https:\/\/tomajazz.com\/web\/wp-content\/uploads\/2026\/04\/Cartell-2n-Sonos-cicle-400x500.jpg 400w, https:\/\/tomajazz.com\/web\/wp-content\/uploads\/2026\/04\/Cartell-2n-Sonos-cicle.jpg 800w\" sizes=\"auto, (max-width: 480px) 100vw, 480px\" \/><\/p>\n<h3><strong>Programaci\u00f3n Sonos -Cicle de Musiques al Rom\u00e0nic- 2026<\/strong><\/h3>\n<p><strong>Domingo, 03 de mayo de 2026<\/strong><\/p>\n<p><strong>Carola Ortiz <\/strong>\u00a0\u201c<em>Cantareras\u201d<\/em><\/p>\n<p>(Carola Ortiz, voz, clarinete y percusiones, Alexandre Guitart, saz, laud y percusiones )<br \/>\n18h00, Sant Pau, Casserres<br \/>\nEntrada 10\u20ac<\/p>\n<p><strong>Domingo, 10 de mayo de 2026<\/strong><\/p>\n<p><strong>Carles Trepat<\/strong><em><br \/>\n<\/em>(Carles Trepat, guitarra)<br \/>\n18h00, Sant Cugat del Rac\u00f3, Navas<br \/>\nEntrada 10\u20ac<\/p>\n<p><strong>Domingo, 17 de mayo de 2026<\/strong><\/p>\n<p><strong>Raynald Colom &amp; Roger Mas<\/strong><\/p>\n<p>(Raynald Colom, trompeta, Roger Mas, piano)<br \/>\n18h00, Sobirana de Ferrans, Balsareny<br \/>\nEntrada 10\u20ac<\/p>\n<h3><strong>M\u00e1s informaci\u00f3n sobre\u00a0Sonos -Cicle de Musiques al Rom\u00e0nic- 2026<\/strong><\/h3>\n<p><a href=\"https:\/\/www.instagram.com\/sonos_cicle\/\" target=\"_blank\" rel=\"noopener\">https:\/\/www.instagram.com\/sonos_cicle\/<\/a><\/p>\n<p>Compra de entrades en l\u00ednea: <a href=\"https:\/\/entitatsbalsareny.fila12.cat\/?fbclid=IwZXh0bgNhZW0CMTAAc3J0YwZhcHBfaWQQMjIyMDM5MTc4ODIwMDg5MgABHgcDhfrSyLF6KEsbFsKXpWnXU3JeKvIlCzYAyi7Tkb86vCflTbLaRq3bti6P_aem_D-aMsLELLDmDikBYIjWK7A\" target=\"_blank\" rel=\"noopener\"><strong>https:\/\/entitatsbalsareny.fila12.cat\/<\/strong><\/a><\/p>\n<p><a href=\"https:\/\/tomajazz.com\/web\/?s=sonos&#038;submit=Search\" target=\"_blank\">https:\/\/tomajazz.com\/web\/?s=sonos&amp;submit=Search<\/a><\/p>\n<p>&nbsp;<\/p>\n","protected":false},"excerpt":{"rendered":"<p>Durante los tres primeros domingos de mayo de 2026 se celebrar\u00e1 en Balsareny, Casserres, Navas \u2013 Comarca del Bages, Barcelona, Sonos -Cicle de M\u00fasiques al Rom\u00e0nic #Noticiasdejazz<span class=\"more-link\"><a href=\"https:\/\/tomajazz.com\/web\/sonos-cicle-de-musiques-al-romanic-2026\/\">Contin\u00faa leyendo<\/a><\/span><\/p>\n","protected":false},"author":1,"featured_media":105115,"comment_status":"open","ping_status":"closed","sticky":false,"template":"","format":"standard","meta":{"jetpack_post_was_ever_published":false,"_jetpack_newsletter_access":"","_jetpack_dont_email_post_to_subs":false,"_jetpack_newsletter_tier_id":0,"_jetpack_memberships_contains_paywalled_content":false,"_jetpack_memberships_contains_paid_content":false,"footnotes":""},"categories":[17858,15795,1038],"tags":[],"class_list":["entry","author-pachi","has-excerpt","post-105114","post","type-post","status-publish","format-standard","has-post-thumbnail","category-redaccion","category-noticias-2","category-contenidos"],"jetpack_featured_media_url":"https:\/\/tomajazz.com\/web\/wp-content\/uploads\/2026\/04\/Cartell-2n-Sonos-cicle.jpg","jetpack_likes_enabled":true,"jetpack_sharing_enabled":true,"jetpack-related-posts":[{"id":70870,"url":"https:\/\/tomajazz.com\/web\/cicle-jazz-i-musiques-improvisades-2023\/","url_meta":{"origin":105114,"position":0},"title":"Cicle de concerts : Jazz i m\u00fasiques improvisades","author":"Tomajazz","date":"9 febrero, 2023","format":false,"excerpt":"Cicle de concerts : Jazz i m\u00fasiques improvisades. Nace un nuevo ciclo que enlaza a las localidades Espai Eat Art de Banyoles, L\u2019Adoberia (cicle Cuir) de Igualada y Espai Isern Dalmau de Barcelona con actuaciones de Jazz y M\u00fasicas Improvisadas. Vasco Trilla, Sonia S\u00e1nchez y N\u00faria Andorr\u00e0 son los primeros\u2026","rel":"","context":"En \u00ab*_Redacci\u00f3n\u00bb","block_context":{"text":"*_Redacci\u00f3n","link":"https:\/\/tomajazz.com\/web\/category\/redaccion\/"},"img":{"alt_text":"Cicle de concerts : Jazz i m\u00fasiques improvisades","src":"https:\/\/i0.wp.com\/tomajazz.com\/web\/wp-content\/uploads\/2023\/02\/Cicle-de-Concerts-Jazz-I-Musiques-Improvisades-2023.jpg?resize=350%2C200&ssl=1","width":350,"height":200,"srcset":"https:\/\/i0.wp.com\/tomajazz.com\/web\/wp-content\/uploads\/2023\/02\/Cicle-de-Concerts-Jazz-I-Musiques-Improvisades-2023.jpg?resize=350%2C200&ssl=1 1x, https:\/\/i0.wp.com\/tomajazz.com\/web\/wp-content\/uploads\/2023\/02\/Cicle-de-Concerts-Jazz-I-Musiques-Improvisades-2023.jpg?resize=525%2C300&ssl=1 1.5x"},"classes":[]},{"id":75812,"url":"https:\/\/tomajazz.com\/web\/juanma-trujillo-barcelona-2023\/","url_meta":{"origin":105114,"position":1},"title":"Juanma Trujillo (Cicle de Concerts de Jazz i M\u00fasiques Improvisades, Espai Isern Dalmau, 2023-05-25. Barcelona) Por Joan Cort\u00e8s [INSTANTZZ AKA Galer\u00eda fotogr\u00e1fica AKA Fotoblog de jazz, impro\u2026 y algo m\u00e1s]","author":"Tomajazz","date":"6 julio, 2023","format":false,"excerpt":"Juanma Trujillo actu\u00f3 en Cicle de Concerts de Jazz i M\u00fasiques Improvisades de Espai Isern Dalmau de Barcelona, el 25 de mayo de 2023. Joan Cort\u00e8s retrata en INSTANTZZ la actuaci\u00f3n.","rel":"","context":"En \u00abINSTANTZZ\u00bb","block_context":{"text":"INSTANTZZ","link":"https:\/\/tomajazz.com\/web\/category\/contenidos\/imagenes\/photoblogs\/instantzz\/"},"img":{"alt_text":"Juanma Trujillo (Cicle de Concerts de Jazz i M\u00fasiques Improvisades, Espai Isern Dalmau, 2023-05-25. Barcelona) Por Joan Cort\u00e8s [INSTANTZZ AKA Galer\u00eda fotogr\u00e1fica AKA Fotoblog de jazz, impro\u2026 y algo m\u00e1s] - Tomajazz 9.0 - Juanma Trujillo actu\u00f3 en Cicle de Concerts de Jazz i M\u00fasiques Improvisades de Espai Isern Dalmau de Barcelona, el 25 de mayo de 2023. Joan Cort\u00e8s retrata en INSTANTZZ la actuaci\u00f3n.","src":"https:\/\/i0.wp.com\/tomajazz.com\/web\/wp-content\/uploads\/2023\/07\/06-Jnm-Trjll-%C2%A9Joan-Cortes-CCJMI-sp-srn-Dlm-Bcn-Juanma-Trujillo-2023-05-25-Barcelona-Joan-Cortes-INSTANTZZ.jpg?resize=350%2C200&ssl=1","width":350,"height":200,"srcset":"https:\/\/i0.wp.com\/tomajazz.com\/web\/wp-content\/uploads\/2023\/07\/06-Jnm-Trjll-%C2%A9Joan-Cortes-CCJMI-sp-srn-Dlm-Bcn-Juanma-Trujillo-2023-05-25-Barcelona-Joan-Cortes-INSTANTZZ.jpg?resize=350%2C200&ssl=1 1x, https:\/\/i0.wp.com\/tomajazz.com\/web\/wp-content\/uploads\/2023\/07\/06-Jnm-Trjll-%C2%A9Joan-Cortes-CCJMI-sp-srn-Dlm-Bcn-Juanma-Trujillo-2023-05-25-Barcelona-Joan-Cortes-INSTANTZZ.jpg?resize=525%2C300&ssl=1 1.5x"},"classes":[]},{"id":74339,"url":"https:\/\/tomajazz.com\/web\/vasco-furtado-clara-lai-2023\/","url_meta":{"origin":105114,"position":2},"title":"Vasco Furtado &#038; Clara Lai (Cicle de Concerts de Jazz i M\u00fasiques Improvisades, Espai Isern Dalmau, 2023-04-20. Barcelona) Por Joan Cort\u00e8s [INSTANTZZ AKA Galer\u00eda fotogr\u00e1fica AKA Fotoblog de jazz, impro\u2026 y algo m\u00e1s]","author":"Tomajazz","date":"1 junio, 2023","format":false,"excerpt":"Vasco Furtado y Clara Lai actuaron en el Cicle de Concerts de Jazz i M\u00fasiques Improvisades en Espai Isern Dalmau de Barcelona, el 20 de abril de 2023. Joan Cort\u00e8s retrata a los dos m\u00fasicos en INSTANTZZ.","rel":"","context":"En \u00abINSTANTZZ\u00bb","block_context":{"text":"INSTANTZZ","link":"https:\/\/tomajazz.com\/web\/category\/contenidos\/imagenes\/photoblogs\/instantzz\/"},"img":{"alt_text":"Vasco Furtado & Clara Lai (Cicle de Concerts de Jazz i M\u00fasiques Improvisades, Espai Isern Dalmau, 2023-04-20. Barcelona) Por Joan Cort\u00e8s [INSTANTZZ AKA Galer\u00eda fotogr\u00e1fica AKA Fotoblog de jazz, impro\u2026 y algo m\u00e1s] - Tomajazz 9.0 - Vasco Furtado y Clara Lai actuaron en el Cicle de Concerts de Jazz i M\u00fasiques Improvisades en Espai Isern Dalmau de Barcelona, el 20 de abril de 2023. Joan Cort\u00e8s retrata a los dos m\u00fasicos en INSTANTZZ.","src":"https:\/\/i0.wp.com\/tomajazz.com\/web\/wp-content\/uploads\/2023\/05\/10-Vsc-Frtd-Clr-L-%C2%A9Joan-Cortes-20abr23-CdCJ-MI-sp-sr-Dlm-Bcn-Vasco-Furtado-Clara-Lai-2023-04-20-Barcelona-.jpg?resize=350%2C200&ssl=1","width":350,"height":200,"srcset":"https:\/\/i0.wp.com\/tomajazz.com\/web\/wp-content\/uploads\/2023\/05\/10-Vsc-Frtd-Clr-L-%C2%A9Joan-Cortes-20abr23-CdCJ-MI-sp-sr-Dlm-Bcn-Vasco-Furtado-Clara-Lai-2023-04-20-Barcelona-.jpg?resize=350%2C200&ssl=1 1x, https:\/\/i0.wp.com\/tomajazz.com\/web\/wp-content\/uploads\/2023\/05\/10-Vsc-Frtd-Clr-L-%C2%A9Joan-Cortes-20abr23-CdCJ-MI-sp-sr-Dlm-Bcn-Vasco-Furtado-Clara-Lai-2023-04-20-Barcelona-.jpg?resize=525%2C300&ssl=1 1.5x"},"classes":[]},{"id":39085,"url":"https:\/\/tomajazz.com\/web\/montmusic-festival-2018-les-noves-musiques-al-montseny-19-20-y-21-de-octubre-de-2018-noticias\/","url_meta":{"origin":105114,"position":3},"title":"MontMusic Festival 2018. Les noves m\u00fasiques al Montseny (19, 20 y 21 de octubre de 2018) [Noticias]","author":"Tomajazz","date":"4 octubre, 2018","format":false,"excerpt":"Entre el 19 y el 21 de octubre de 2018 se celebrar\u00e1 MontMusic Festival 2018. Les noves m\u00fasiques al Montseny, en Can Balmes y la Quadra de Santa Maria de Palautordera. En la segunda edici\u00f3n se ofrecer\u00e1n catorce conciertos, tres talleres para profesionales, dos conciertos pedag\u00f3gicos y una mesa redonda.\u2026","rel":"","context":"En \u00ab*_Redacci\u00f3n\u00bb","block_context":{"text":"*_Redacci\u00f3n","link":"https:\/\/tomajazz.com\/web\/category\/redaccion\/"},"img":{"alt_text":"","src":"https:\/\/i0.wp.com\/tomajazz.com\/web\/wp-content\/uploads\/2018\/10\/Cartell-MontMusic-2018--e1538684204110.jpg?resize=350%2C200&ssl=1","width":350,"height":200,"srcset":"https:\/\/i0.wp.com\/tomajazz.com\/web\/wp-content\/uploads\/2018\/10\/Cartell-MontMusic-2018--e1538684204110.jpg?resize=350%2C200&ssl=1 1x, https:\/\/i0.wp.com\/tomajazz.com\/web\/wp-content\/uploads\/2018\/10\/Cartell-MontMusic-2018--e1538684204110.jpg?resize=525%2C300&ssl=1 1.5x, https:\/\/i0.wp.com\/tomajazz.com\/web\/wp-content\/uploads\/2018\/10\/Cartell-MontMusic-2018--e1538684204110.jpg?resize=700%2C400&ssl=1 2x"},"classes":[]},{"id":36495,"url":"https:\/\/tomajazz.com\/web\/instantzz-vrak-trio-noel-akchote-6e-cicle-de-jazz-i-musiques-improvisades-casal-francesc-macia-centelles-barcelona-2018-03-11-galeria-fotografica\/","url_meta":{"origin":105114,"position":4},"title":"INSTANTZZ: Vrak Trio + N\u00f6el Akchot\u00e9 -Estreno absoluto- (6\u00e8 Cicle de Jazz i M\u00fasiques Improvisades, Casal Francesc Maci\u00e0, Centelles -Barcelona-.  2018-03-11) [Galer\u00eda fotogr\u00e1fica]","author":"Tomajazz","date":"7 mayo, 2018","format":false,"excerpt":"Fecha: Domingo, 11 de marzo de 2018 Lugar: Casal Francesc Maci\u00e0 (Centelles -Barcelona-) Grupo: Estreno absoluto: Vrak Trio + N\u00f6el Akchot\u00e9 N\u00f6el Akchot\u00e9, guitarra Etienne Lecomte, flautas y electr\u00f3nica Laurent Guitton, Tuba Oriol Roca, bater\u00eda y percusi\u00f3n Tomajazz: \u00a9\u00a0Joan Cort\u00e8s, 2018","rel":"","context":"En \u00ab*_Joan Cort\u00e8s\u00bb","block_context":{"text":"*_Joan Cort\u00e8s","link":"https:\/\/tomajazz.com\/web\/category\/joan-cortes\/"},"img":{"alt_text":"","src":"https:\/\/i0.wp.com\/tomajazz.com\/web\/wp-content\/uploads\/2018\/05\/05_VrK-tR-Nl-kcht-%C2%A9Joan-Cort%C3%A8s_11mr%C3%A718_CslFrncscMc_6CclDtsJzz_Cntlls.jpg?resize=350%2C200&ssl=1","width":350,"height":200,"srcset":"https:\/\/i0.wp.com\/tomajazz.com\/web\/wp-content\/uploads\/2018\/05\/05_VrK-tR-Nl-kcht-%C2%A9Joan-Cort%C3%A8s_11mr%C3%A718_CslFrncscMc_6CclDtsJzz_Cntlls.jpg?resize=350%2C200&ssl=1 1x, https:\/\/i0.wp.com\/tomajazz.com\/web\/wp-content\/uploads\/2018\/05\/05_VrK-tR-Nl-kcht-%C2%A9Joan-Cort%C3%A8s_11mr%C3%A718_CslFrncscMc_6CclDtsJzz_Cntlls.jpg?resize=525%2C300&ssl=1 1.5x"},"classes":[]},{"id":30456,"url":"https:\/\/tomajazz.com\/web\/instantzz-brox-saigi-duo-5e-cicle-de-duets-de-jazz-i-musiques-improvisades-casal-francesc-macia-centelles-2017-03-26-galeria-fotografica\/","url_meta":{"origin":105114,"position":5},"title":"INSTANTZZ: Brox &#038; Saigi Duo (5\u00e8 Cicle de Duets de Jazz i M\u00fasiques Improvisades, Casal Francesc Maci\u00e0, Centelles. 2017-03-26) [Galer\u00eda fotogr\u00e1fica]","author":"Tomajazz","date":"4 mayo, 2017","format":false,"excerpt":"Fecha: Domingo, 19 de marzo de 2017 Lugar: Casal Francesc Maci\u00e0, Centelles (Barcelona) Grupo: Brox & Saigi Duo Fernando Brox, flauta Toni Saigi, piano Tomajazz:\u00a0\u00a9 Joan Cort\u00e8s, 2017","rel":"","context":"En \u00abTomajazz (la revista) al completo\u00bb","block_context":{"text":"Tomajazz (la revista) al completo","link":"https:\/\/tomajazz.com\/web\/category\/contenidos\/"},"img":{"alt_text":"","src":"https:\/\/i0.wp.com\/tomajazz.com\/web\/wp-content\/uploads\/2017\/05\/04_Frnnd-Brx-Tn-Sg.jpg?resize=350%2C200&ssl=1","width":350,"height":200,"srcset":"https:\/\/i0.wp.com\/tomajazz.com\/web\/wp-content\/uploads\/2017\/05\/04_Frnnd-Brx-Tn-Sg.jpg?resize=350%2C200&ssl=1 1x, https:\/\/i0.wp.com\/tomajazz.com\/web\/wp-content\/uploads\/2017\/05\/04_Frnnd-Brx-Tn-Sg.jpg?resize=525%2C300&ssl=1 1.5x"},"classes":[]}],"_links":{"self":[{"href":"https:\/\/tomajazz.com\/web\/wp-json\/wp\/v2\/posts\/105114","targetHints":{"allow":["GET"]}}],"collection":[{"href":"https:\/\/tomajazz.com\/web\/wp-json\/wp\/v2\/posts"}],"about":[{"href":"https:\/\/tomajazz.com\/web\/wp-json\/wp\/v2\/types\/post"}],"author":[{"embeddable":true,"href":"https:\/\/tomajazz.com\/web\/wp-json\/wp\/v2\/users\/1"}],"replies":[{"embeddable":true,"href":"https:\/\/tomajazz.com\/web\/wp-json\/wp\/v2\/comments?post=105114"}],"version-history":[{"count":1,"href":"https:\/\/tomajazz.com\/web\/wp-json\/wp\/v2\/posts\/105114\/revisions"}],"predecessor-version":[{"id":105116,"href":"https:\/\/tomajazz.com\/web\/wp-json\/wp\/v2\/posts\/105114\/revisions\/105116"}],"wp:featuredmedia":[{"embeddable":true,"href":"https:\/\/tomajazz.com\/web\/wp-json\/wp\/v2\/media\/105115"}],"wp:attachment":[{"href":"https:\/\/tomajazz.com\/web\/wp-json\/wp\/v2\/media?parent=105114"}],"wp:term":[{"taxonomy":"category","embeddable":true,"href":"https:\/\/tomajazz.com\/web\/wp-json\/wp\/v2\/categories?post=105114"},{"taxonomy":"post_tag","embeddable":true,"href":"https:\/\/tomajazz.com\/web\/wp-json\/wp\/v2\/tags?post=105114"}],"curies":[{"name":"wp","href":"https:\/\/api.w.org\/{rel}","templated":true}]}}