{"id":105117,"date":"2026-04-29T19:59:45","date_gmt":"2026-04-29T17:59:45","guid":{"rendered":"https:\/\/tomajazz.com\/web\/?p=105117"},"modified":"2026-04-29T19:59:45","modified_gmt":"2026-04-29T17:59:45","slug":"pere-bujosa-trio-presenta-nuevo-disco-illes-sonores-vol-1-noticias-de-jazz","status":"publish","type":"post","link":"https:\/\/tomajazz.com\/web\/pere-bujosa-trio-presenta-nuevo-disco-illes-sonores-vol-1-noticias-de-jazz\/","title":{"rendered":"Pere Bujosa Tr\u00edo presenta nuevo disco: \u201cIlles sonores Vol. 1\u201d [Noticias de jazz]"},"content":{"rendered":"<p>El contrabajista y compositor <strong>Pere Bujosa<\/strong> publica un nuevo trabajo discogr\u00e1fico al frente de su tr\u00edo bajo el t\u00edtulo <em>Illes sonores Vol. 1<\/em>, editado por el sello <strong>Red Carpet Productions<\/strong>. El lanzamiento est\u00e1 disponible en formato f\u00edsico y digital desde el 27 de marzo.<\/p>\n<p>El disco es la primera parte de un proyecto concebido en dos vol\u00famenes y parte de la reinterpretaci\u00f3n de m\u00fasicas y compositores vinculados a Mallorca y a las Islas Baleares. El repertorio incluye piezas de autores como Fr\u00e9d\u00e9ric Chopin, Isaac Alb\u00e9niz, J. M. Porcel, Antoni Torrandell o J. M. Thomas, junto a composiciones originales, abordadas desde el lenguaje del jazz contempor\u00e1neo.<\/p>\n<p><img loading=\"lazy\" decoding=\"async\" class=\"alignleft wp-image-105118 size-medium\" title=\"Pere Bujosa Tr\u00edo presenta nuevo disco: \u201cIlles sonores Vol. 1\u201d [Noticias de jazz] Tomajazz Pere Bujosa Trio Illes Sonores Vol 1 Tomajazz news\" src=\"https:\/\/tomajazz.com\/web\/wp-content\/uploads\/2026\/04\/Pere-Bujosa-Trio-Illes-Sonores-Vol-1-Tomajazz-news-300x300.jpg\" alt=\"Pere Bujosa Tr\u00edo presenta nuevo disco: \u201cIlles sonores Vol. 1\u201d [Noticias de jazz] - Tomajazz - El contrabajista y compositor Pere Bujosa presenta su nuevo disco &quot;Illes Sonores Vol.1&quot; en directo con conciertos en Madrid, Barcelona, San Sebasti\u00e1n y Palma\" width=\"300\" height=\"300\" srcset=\"https:\/\/tomajazz.com\/web\/wp-content\/uploads\/2026\/04\/Pere-Bujosa-Trio-Illes-Sonores-Vol-1-Tomajazz-news-300x300.jpg 300w, https:\/\/tomajazz.com\/web\/wp-content\/uploads\/2026\/04\/Pere-Bujosa-Trio-Illes-Sonores-Vol-1-Tomajazz-news-600x600.jpg 600w, https:\/\/tomajazz.com\/web\/wp-content\/uploads\/2026\/04\/Pere-Bujosa-Trio-Illes-Sonores-Vol-1-Tomajazz-news-200x200.jpg 200w, https:\/\/tomajazz.com\/web\/wp-content\/uploads\/2026\/04\/Pere-Bujosa-Trio-Illes-Sonores-Vol-1-Tomajazz-news-465x465.jpg 465w, https:\/\/tomajazz.com\/web\/wp-content\/uploads\/2026\/04\/Pere-Bujosa-Trio-Illes-Sonores-Vol-1-Tomajazz-news-500x500.jpg 500w, https:\/\/tomajazz.com\/web\/wp-content\/uploads\/2026\/04\/Pere-Bujosa-Trio-Illes-Sonores-Vol-1-Tomajazz-news.jpg 658w\" sizes=\"auto, (max-width: 300px) 100vw, 300px\" \/>Lejos del concepto de disco de versiones en sentido estricto, el trabajo se articula como un proceso de transformaci\u00f3n musical en el que las obras originales funcionan como punto de partida para nuevos arreglos, estructuras m\u00e1s o menos abiertas e improvisaci\u00f3n, con el territorio y el contexto mediterr\u00e1neo como eje conceptual.<\/p>\n<p>El <strong>Pere Bujosa Tr\u00edo<\/strong> est\u00e1 formado actualmente por Pere Bujosa (contrabajo), Xavi Torres (piano) y Joan Terol (bater\u00eda).<\/p>\n<h3>Conciertos de presentaci\u00f3n del disco\u00a0<em>Illes Sonores Vol. 1<\/em><\/h3>\n<ul>\n<li><strong>Barcelona<\/strong>: martes 28 de abril. Sala Jamboree (Sala 1). Plaza Real, 17. Pases a las 19:00 h y 20:30 h.<\/li>\n<li><strong>Mallorca<\/strong>: jueves 30 de abril. Door 13. Carrer Caputxines, 13. 21:30 h.<\/li>\n<li><strong>San Sebasti\u00e1n<\/strong>: viernes 1 de mayo. Altxerri.<\/li>\n<li><strong>Madrid<\/strong>: domingo 3 de mayo. Caf\u00e9 Berl\u00edn. Costanilla de los \u00c1ngeles, 20. 20:00 h.<\/li>\n<\/ul>\n<h3>Pr\u00f3ximos conciertos confirmados<\/h3>\n<ul>\n<li>28 de junio \u2013 Menorca \u2013 Es Claustre<\/li>\n<li>25 de julio \u2013 Sineu (Mallorca)<\/li>\n<\/ul>\n<h3>M\u00e1s informaci\u00f3n sobre el proyecto y el nuevo disco de Pere Bujosa<\/h3>\n<p><a href=\"https:\/\/www.perebujosamusic.com\" target=\"_blank\" rel=\"noopener\">www.perebujosamusic.com<\/a><\/p>\n<p><a href=\"https:\/\/tomajazz.com\/web\/?s=sonos&amp;submit=Search\" target=\"_blank\" rel=\"noopener\">https:\/\/tomajazz.com\/web\/?s=sonos&amp;submit=Search<\/a><\/p>\n","protected":false},"excerpt":{"rendered":"<p>El contrabajista y compositor Pere Bujosa presenta su nuevo disco \u00abIlles Sonores Vol.1\u00bb en directo con conciertos en Madrid, Barcelona, San Sebasti\u00e1n y Palma<span class=\"more-link\"><a href=\"https:\/\/tomajazz.com\/web\/pere-bujosa-trio-presenta-nuevo-disco-illes-sonores-vol-1-noticias-de-jazz\/\">Contin\u00faa leyendo<\/a><\/span><\/p>\n","protected":false},"author":1,"featured_media":105118,"comment_status":"open","ping_status":"closed","sticky":false,"template":"","format":"standard","meta":{"jetpack_post_was_ever_published":false,"_jetpack_newsletter_access":"","_jetpack_dont_email_post_to_subs":false,"_jetpack_newsletter_tier_id":0,"_jetpack_memberships_contains_paywalled_content":false,"_jetpack_memberships_contains_paid_content":false,"footnotes":""},"categories":[17858,15795,1038],"tags":[],"class_list":["entry","author-pachi","has-excerpt","post-105117","post","type-post","status-publish","format-standard","has-post-thumbnail","category-redaccion","category-noticias-2","category-contenidos"],"jetpack_featured_media_url":"https:\/\/tomajazz.com\/web\/wp-content\/uploads\/2026\/04\/Pere-Bujosa-Trio-Illes-Sonores-Vol-1-Tomajazz-news.jpg","jetpack_likes_enabled":true,"jetpack_sharing_enabled":true,"jetpack-related-posts":[{"id":52263,"url":"https:\/\/tomajazz.com\/web\/eivissa-jazz-2020-ii-pere-bujosa-trio-2020-09-04-festival-de-jazz-por-juan-antonio-serrano-cervantes-y-jose-luis-luna-rocafort\/","url_meta":{"origin":105117,"position":0},"title":"EIVISSA JAZZ 2020 (II): Pere Bujosa Trio (2020\u201309\u201304) [Festival de jazz] Por Juan Antonio Serrano Cervantes y Jos\u00e9 Luis Luna Rocafort","author":"Tomajazz","date":"25 septiembre, 2020","format":false,"excerpt":"Jos\u00e9 Luis Luna Rocafort (im\u00e1genes) y Juan Antonio Serrano Cervantes (texto), repasan la actuaci\u00f3n de Pere Bujosa Trio en la segunda jornada del Eivissa Jazz 2020.","rel":"","context":"En \u00abConciertos...\u00bb","block_context":{"text":"Conciertos...","link":"https:\/\/tomajazz.com\/web\/category\/contenidos\/textos\/conciertos\/"},"img":{"alt_text":"","src":"https:\/\/i0.wp.com\/tomajazz.com\/web\/wp-content\/uploads\/2020\/09\/000-portada.jpg?resize=350%2C200&ssl=1","width":350,"height":200,"srcset":"https:\/\/i0.wp.com\/tomajazz.com\/web\/wp-content\/uploads\/2020\/09\/000-portada.jpg?resize=350%2C200&ssl=1 1x, https:\/\/i0.wp.com\/tomajazz.com\/web\/wp-content\/uploads\/2020\/09\/000-portada.jpg?resize=525%2C300&ssl=1 1.5x"},"classes":[]},{"id":101834,"url":"https:\/\/tomajazz.com\/web\/pere-bujosa-trio-10-fira-b-2025-palma\/","url_meta":{"origin":105117,"position":1},"title":"Pere Bujosa Tr\u00edo (10 Fira B! Teatre Principal de Palma. 2025-11-06)  Por Jos\u00e9 Luis Luna Rocafort [INSTANTZZ AKA Galer\u00eda fotogr\u00e1fica AKA Fotoblog de jazz, impro\u2026 y algo m\u00e1s]","author":"Tomajazz","date":"17 noviembre, 2025","format":false,"excerpt":"Pere Bujosa Tr\u00edo actu\u00f3 en el 10 Fira B! en el Teatre Principal de Palma el 6 de noviembre de 2025. Jos\u00e9 Luis Luna Rocafort lo retrata en INSTANTZZ. Actuaron Pere Bujosa, Diego Hervalejo, Llu\u00eds Naval","rel":"","context":"En \u00ab10 Fira B! 2025\u00bb","block_context":{"text":"10 Fira B! 2025","link":"https:\/\/tomajazz.com\/web\/category\/contenidos\/especial-contenidos\/10-fira-b-2025\/"},"img":{"alt_text":"Pere Bujosa Tr\u00edo (10 Fira B! Teatre Principal de Palma. 2025-11-06)  Por Jos\u00e9 Luis Luna Rocafort [INSTANTZZ AKA Galer\u00eda fotogr\u00e1fica AKA Fotoblog de jazz, impro\u2026 y algo m\u00e1s] - Tomajazz - Pere Bujosa Tr\u00edo actu\u00f3 en el 10 Fira B! en el Teatre Principal de Palma el 6 de noviembre de 2025. Jos\u00e9 Luis Luna Rocafort lo retrata en INSTANTZZ. Actuaron Pere Bujosa, Diego Hervalejo, Llu\u00eds Naval","src":"https:\/\/i0.wp.com\/tomajazz.com\/web\/wp-content\/uploads\/2025\/11\/009-10.jpg?resize=350%2C200&ssl=1","width":350,"height":200,"srcset":"https:\/\/i0.wp.com\/tomajazz.com\/web\/wp-content\/uploads\/2025\/11\/009-10.jpg?resize=350%2C200&ssl=1 1x, https:\/\/i0.wp.com\/tomajazz.com\/web\/wp-content\/uploads\/2025\/11\/009-10.jpg?resize=525%2C300&ssl=1 1.5x"},"classes":[]},{"id":102722,"url":"https:\/\/tomajazz.com\/web\/malena-moncadas-trio-alternatilla-2025\/","url_meta":{"origin":105117,"position":2},"title":"Malena Moncadas Tr\u00edo (9\u00ba Alternatilla Jazz Festival 2025. Claustre des Convent, Muro, Mallorca. 2025-11-23) Por Jos\u00e9 Luis Luna Rocafort [INSTANTZZ AKA Galer\u00eda fotogr\u00e1fica AKA Fotoblog de jazz, impro\u2026 y algo m\u00e1s]","author":"Tomajazz","date":"10 diciembre, 2025","format":false,"excerpt":"Malena Moncadas Tr\u00edo actu\u00f3 en el 9\u00ba Alternatilla Jazz Festival 2025 en Muro, Mallorca, el 23 de noviembre de 2025. Jos\u00e9 Luis Luna Rocafort lo retrata en INSTANTZZ. Actuaron Malena Moncadas, Pere Bujosa, Diego Hervalejo","rel":"","context":"En \u00ab*_Jos\u00e9 Luis Luna Rocafort\u00bb","block_context":{"text":"*_Jos\u00e9 Luis Luna Rocafort","link":"https:\/\/tomajazz.com\/web\/category\/jose-luis-luna-rocafort\/"},"img":{"alt_text":"Malena Moncadas Tr\u00edo (9\u00ba Alternatilla Jazz Festival 2025. Claustre des Convent, Muro, Mallorca. 2025-11-23) Por Jos\u00e9 Luis Luna Rocafort [INSTANTZZ AKA Galer\u00eda fotogr\u00e1fica AKA Fotoblog de jazz, impro\u2026 y algo m\u00e1s] - Tomajazz - Malena Moncadas Tr\u00edo actu\u00f3 en el 9\u00ba Alternatilla Jazz Festival 2025 en Muro, Mallorca, el 23 de noviembre de 2025. Jos\u00e9 Luis Luna Rocafort lo retrata en INSTANTZZ. Actuaron Malena Moncadas, Pere Bujosa, Diego Hervalejo","src":"https:\/\/i0.wp.com\/tomajazz.com\/web\/wp-content\/uploads\/2025\/12\/010-5.jpg?resize=350%2C200&ssl=1","width":350,"height":200,"srcset":"https:\/\/i0.wp.com\/tomajazz.com\/web\/wp-content\/uploads\/2025\/12\/010-5.jpg?resize=350%2C200&ssl=1 1x, https:\/\/i0.wp.com\/tomajazz.com\/web\/wp-content\/uploads\/2025\/12\/010-5.jpg?resize=525%2C300&ssl=1 1.5x"},"classes":[]},{"id":57959,"url":"https:\/\/tomajazz.com\/web\/pere-bujosa-trio-the-alice-zawadzki-trio-2nd-international-festival-jazz-point-ibiza-octubre-2021-concierto-de-jazz-por-lost-angeles-y-jose-luis-luna-rocafort\/","url_meta":{"origin":105117,"position":3},"title":"Pere Bujosa Trio &#8211; The Alice Zawadzki Trio (2nd International Festival Jazz Point Ibiza. Octubre 2021. II\/IV) [Concierto de jazz] Por Lost Angeles y Jos\u00e9 Luis Luna Rocafort","author":"Tomajazz","date":"20 octubre, 2021","format":false,"excerpt":"Lost Angeles (texto), y Jos\u00e9 Luis Luna Rocafort (im\u00e1genes), rese\u00f1an la actuaci\u00f3n de Pere Bujosa Trio y The Alice Zawadzki Trio en el 2nd International Festival Jazz Point Ibiza.","rel":"","context":"En \u00abConciertos...\u00bb","block_context":{"text":"Conciertos...","link":"https:\/\/tomajazz.com\/web\/category\/contenidos\/textos\/conciertos\/"},"img":{"alt_text":"","src":"https:\/\/i0.wp.com\/tomajazz.com\/web\/wp-content\/uploads\/2021\/10\/001-3.jpg?resize=350%2C200&ssl=1","width":350,"height":200,"srcset":"https:\/\/i0.wp.com\/tomajazz.com\/web\/wp-content\/uploads\/2021\/10\/001-3.jpg?resize=350%2C200&ssl=1 1x, https:\/\/i0.wp.com\/tomajazz.com\/web\/wp-content\/uploads\/2021\/10\/001-3.jpg?resize=525%2C300&ssl=1 1.5x"},"classes":[]},{"id":39287,"url":"https:\/\/tomajazz.com\/web\/fira-b-2018-i-jorge-da-rocha-pere-navarro-quintet-pere-bujosa-group-carlos-sarduy-2018-09-27-concierto\/","url_meta":{"origin":105117,"position":4},"title":"Fira B! 2018 (I): Jorge da Rocha \/ Pere Navarro Quintet \/ Pere Bujosa Group \/ Carlos Sarduy (2018\/09\/27) [Concierto]","author":"Tomajazz","date":"22 octubre, 2018","format":false,"excerpt":"Por\u00a0Jos\u00e9 Luis Luna Rocafort\u00a0y\u00a0Juan Antonio Serrano Cervantes IV Fira B! Fecha: 27 de septiembre de 2018, 18:00 Lugar: Museu de Mallorca (Palma de Mallorca) Grupos: Jorge da Rocha Jorge da Rocha (contrabajo, voz, loop station) Pere Navarro Quintet Pere Navarro (trompeta, fliscorno, teclados) Joan Solana (piano, teclados) Joan Carles Mar\u00ed\u2026","rel":"","context":"En \u00ab*_Jos\u00e9 Luis Luna Rocafort\u00bb","block_context":{"text":"*_Jos\u00e9 Luis Luna Rocafort","link":"https:\/\/tomajazz.com\/web\/category\/jose-luis-luna-rocafort\/"},"img":{"alt_text":"","src":"https:\/\/i0.wp.com\/tomajazz.com\/web\/wp-content\/uploads\/2018\/10\/21-Pere-Bujosa-Group.jpg?resize=350%2C200&ssl=1","width":350,"height":200,"srcset":"https:\/\/i0.wp.com\/tomajazz.com\/web\/wp-content\/uploads\/2018\/10\/21-Pere-Bujosa-Group.jpg?resize=350%2C200&ssl=1 1x, https:\/\/i0.wp.com\/tomajazz.com\/web\/wp-content\/uploads\/2018\/10\/21-Pere-Bujosa-Group.jpg?resize=525%2C300&ssl=1 1.5x"},"classes":[]},{"id":75598,"url":"https:\/\/tomajazz.com\/web\/pere-bujosa-trio-huesca-es-jazz-2023\/","url_meta":{"origin":105117,"position":5},"title":"Pere Bujosa Tr\u00edo (Huesca es Jazz 2023. Sal\u00f3n Azul del Casino, Huesca. 2023-06-30) Por Fabio Galicia [INSTANTZZ AKA Galer\u00eda fotogr\u00e1fica AKA Fotoblog de jazz, impro\u2026 y algo m\u00e1s]","author":"Tomajazz","date":"2 julio, 2023","format":false,"excerpt":"Pere Bujosa Tr\u00edo actu\u00f3 en el ciclo Huesca es Jazz 2023, el 30 de junio de 2023 en el Sal\u00f3n Azul del Casino de Huesca. Fabio Galicia retrata el concierto del contrabajista en INSTANTZZ.","rel":"","context":"En \u00abINSTANTZZ\u00bb","block_context":{"text":"INSTANTZZ","link":"https:\/\/tomajazz.com\/web\/category\/contenidos\/imagenes\/photoblogs\/instantzz\/"},"img":{"alt_text":"Pere Bujosa Tr\u00edo (Huesca es Jazz 2023. Sal\u00f3n Azul del Casino, Huesca. 2023-06-30) Por Fabio Galicia [INSTANTZZ AKA Galer\u00eda fotogr\u00e1fica AKA Fotoblog de jazz, impro\u2026 y algo m\u00e1s] - Tomajazz 9.0 - Pere Bujosa Tr\u00edo actu\u00f3 en el ciclo Huesca es Jazz 2023, el 30 de junio de 2023 en el Sal\u00f3n Azul del Casino de Huesca. Fabio Galicia retrata el concierto del contrabajista en INSTANTZZ.","src":"https:\/\/i0.wp.com\/tomajazz.com\/web\/wp-content\/uploads\/2023\/07\/Pere-Bujosa-Trio-12-Pere-Bujosa-Trio-Huesca-es-Jazz-2023-Salon-Azul-del-Casino-Huesca-2023-06-30-Por-Fabio-Galicia-INSTANTZZ.jpg?resize=350%2C200&ssl=1","width":350,"height":200,"srcset":"https:\/\/i0.wp.com\/tomajazz.com\/web\/wp-content\/uploads\/2023\/07\/Pere-Bujosa-Trio-12-Pere-Bujosa-Trio-Huesca-es-Jazz-2023-Salon-Azul-del-Casino-Huesca-2023-06-30-Por-Fabio-Galicia-INSTANTZZ.jpg?resize=350%2C200&ssl=1 1x, https:\/\/i0.wp.com\/tomajazz.com\/web\/wp-content\/uploads\/2023\/07\/Pere-Bujosa-Trio-12-Pere-Bujosa-Trio-Huesca-es-Jazz-2023-Salon-Azul-del-Casino-Huesca-2023-06-30-Por-Fabio-Galicia-INSTANTZZ.jpg?resize=525%2C300&ssl=1 1.5x"},"classes":[]}],"_links":{"self":[{"href":"https:\/\/tomajazz.com\/web\/wp-json\/wp\/v2\/posts\/105117","targetHints":{"allow":["GET"]}}],"collection":[{"href":"https:\/\/tomajazz.com\/web\/wp-json\/wp\/v2\/posts"}],"about":[{"href":"https:\/\/tomajazz.com\/web\/wp-json\/wp\/v2\/types\/post"}],"author":[{"embeddable":true,"href":"https:\/\/tomajazz.com\/web\/wp-json\/wp\/v2\/users\/1"}],"replies":[{"embeddable":true,"href":"https:\/\/tomajazz.com\/web\/wp-json\/wp\/v2\/comments?post=105117"}],"version-history":[{"count":1,"href":"https:\/\/tomajazz.com\/web\/wp-json\/wp\/v2\/posts\/105117\/revisions"}],"predecessor-version":[{"id":105119,"href":"https:\/\/tomajazz.com\/web\/wp-json\/wp\/v2\/posts\/105117\/revisions\/105119"}],"wp:featuredmedia":[{"embeddable":true,"href":"https:\/\/tomajazz.com\/web\/wp-json\/wp\/v2\/media\/105118"}],"wp:attachment":[{"href":"https:\/\/tomajazz.com\/web\/wp-json\/wp\/v2\/media?parent=105117"}],"wp:term":[{"taxonomy":"category","embeddable":true,"href":"https:\/\/tomajazz.com\/web\/wp-json\/wp\/v2\/categories?post=105117"},{"taxonomy":"post_tag","embeddable":true,"href":"https:\/\/tomajazz.com\/web\/wp-json\/wp\/v2\/tags?post=105117"}],"curies":[{"name":"wp","href":"https:\/\/api.w.org\/{rel}","templated":true}]}}