{"id":105126,"date":"2026-04-30T12:00:51","date_gmt":"2026-04-30T10:00:51","guid":{"rendered":"https:\/\/tomajazz.com\/web\/?p=105126"},"modified":"2026-04-29T21:52:47","modified_gmt":"2026-04-29T19:52:47","slug":"dave-douglas-quartet-terrassa-2026","status":"publish","type":"post","link":"https:\/\/tomajazz.com\/web\/dave-douglas-quartet-terrassa-2026\/","title":{"rendered":"Dave Douglas Quartet (45\u00e8 Festival Jazz Terrassa 2026 \/ Nova Jazz Cava, 2026-03-15 \/ Terrassa -Barcelona-) [I] Por Joan Cort\u00e8s [INSTANTZZ AKA Galer\u00eda fotogr\u00e1fica AKA Fotoblog de jazz, impro\u2026 y algo m\u00e1s]"},"content":{"rendered":"<h3>Dave Douglas Quartet<\/h3>\n<h3>45\u00e8 Festival Jazz Terrassa 2026<\/h3>\n<ul>\n<li>Fecha: Domingo, 15 de marzo de 2026<\/li>\n<li>Lugar: Nova Jazz Cava (Terrassa -Barcelona-)<\/li>\n<li>Formaci\u00f3n:<br \/>\n<strong>Dave Douglas Quartet<br \/>\n<\/strong>Dave Douglas, trompeta<br \/>\nMarta Warelis, piano<br \/>\nIngebrigt H\u00e5ker Flaten, contrabajo<br \/>\nRudy Royston, bater\u00eda<\/li>\n<\/ul>\n<p style=\"text-align: center;\"><img loading=\"lazy\" decoding=\"async\" class=\"aligncenter size-full wp-image-105127\" title=\"Dave Douglas Quartet (45\u00e8 Festival Jazz Terrassa 2026 \/ Nova Jazz Cava, 2026-03-15 \/ Terrassa -Barcelona-) [I] Por Joan Cort\u00e8s [INSTANTZZ AKA Galer\u00eda fotogr\u00e1fica AKA Fotoblog de jazz, impro\u2026 y algo m\u00e1s] Tomajazz 01 Dv Dgls Fr Frrdms \u00a9Joan Cort\u00e8s 15mr\u00e726 45FJT NJC Trrss\" src=\"https:\/\/tomajazz.com\/web\/wp-content\/uploads\/2026\/04\/01-Dv-Dgls-Fr-Frrdms-\u00a9Joan-Cortes-15mrc26-45FJT-NJC-Trrss.jpg\" alt=\"Dave Douglas Quartet (45\u00e8 Festival Jazz Terrassa 2026 \/ Nova Jazz Cava, 2026-03-15 \/ Terrassa -Barcelona-) [I] Por Joan Cort\u00e8s [INSTANTZZ AKA Galer\u00eda fotogr\u00e1fica AKA Fotoblog de jazz, impro\u2026 y algo m\u00e1s] - Tomajazz - Dave Douglas Quartet actu\u00f3 en el 45\u00e8 Festival Jazz Terrassa 2026, en la m\u00edtica Nova Jazz Cava, el 15 de marzo de 2026. Joan Cort\u00e8s lo retrata en INSTANTZZ. Dave Douglas Quartet son Dave Douglas, Marta Warelis, Ingebrigt H\u00e5ker Flaten, Rudy Royston \" width=\"400\" height=\"600\" srcset=\"https:\/\/tomajazz.com\/web\/wp-content\/uploads\/2026\/04\/01-Dv-Dgls-Fr-Frrdms-\u00a9Joan-Cortes-15mrc26-45FJT-NJC-Trrss.jpg 400w, https:\/\/tomajazz.com\/web\/wp-content\/uploads\/2026\/04\/01-Dv-Dgls-Fr-Frrdms-\u00a9Joan-Cortes-15mrc26-45FJT-NJC-Trrss-200x300.jpg 200w, https:\/\/tomajazz.com\/web\/wp-content\/uploads\/2026\/04\/01-Dv-Dgls-Fr-Frrdms-\u00a9Joan-Cortes-15mrc26-45FJT-NJC-Trrss-367x550.jpg 367w, https:\/\/tomajazz.com\/web\/wp-content\/uploads\/2026\/04\/01-Dv-Dgls-Fr-Frrdms-\u00a9Joan-Cortes-15mrc26-45FJT-NJC-Trrss-333x500.jpg 333w\" sizes=\"auto, (max-width: 400px) 100vw, 400px\" \/> <img loading=\"lazy\" decoding=\"async\" class=\"aligncenter size-large wp-image-105128\" title=\"Dave Douglas Quartet (45\u00e8 Festival Jazz Terrassa 2026 \/ Nova Jazz Cava, 2026-03-15 \/ Terrassa -Barcelona-) [I] Por Joan Cort\u00e8s [INSTANTZZ AKA Galer\u00eda fotogr\u00e1fica AKA Fotoblog de jazz, impro\u2026 y algo m\u00e1s] Tomajazz 02 Dv Dgls Fr Frrdms \u00a9Joan Cort\u00e8s 15mr\u00e726 45FJT NJC Trrss\" src=\"https:\/\/tomajazz.com\/web\/wp-content\/uploads\/2026\/04\/02-Dv-Dgls-Fr-Frrdms-\u00a9Joan-Cortes-15mrc26-45FJT-NJC-Trrss.jpg\" alt=\"Dave Douglas Quartet (45\u00e8 Festival Jazz Terrassa 2026 \/ Nova Jazz Cava, 2026-03-15 \/ Terrassa -Barcelona-) [I] Por Joan Cort\u00e8s [INSTANTZZ AKA Galer\u00eda fotogr\u00e1fica AKA Fotoblog de jazz, impro\u2026 y algo m\u00e1s] - Tomajazz - Dave Douglas Quartet actu\u00f3 en el 45\u00e8 Festival Jazz Terrassa 2026, en la m\u00edtica Nova Jazz Cava, el 15 de marzo de 2026. Joan Cort\u00e8s lo retrata en INSTANTZZ. Dave Douglas Quartet son Dave Douglas, Marta Warelis, Ingebrigt H\u00e5ker Flaten, Rudy Royston \" width=\"400\" height=\"600\" srcset=\"https:\/\/tomajazz.com\/web\/wp-content\/uploads\/2026\/04\/02-Dv-Dgls-Fr-Frrdms-\u00a9Joan-Cortes-15mrc26-45FJT-NJC-Trrss.jpg 400w, https:\/\/tomajazz.com\/web\/wp-content\/uploads\/2026\/04\/02-Dv-Dgls-Fr-Frrdms-\u00a9Joan-Cortes-15mrc26-45FJT-NJC-Trrss-200x300.jpg 200w, https:\/\/tomajazz.com\/web\/wp-content\/uploads\/2026\/04\/02-Dv-Dgls-Fr-Frrdms-\u00a9Joan-Cortes-15mrc26-45FJT-NJC-Trrss-367x550.jpg 367w, https:\/\/tomajazz.com\/web\/wp-content\/uploads\/2026\/04\/02-Dv-Dgls-Fr-Frrdms-\u00a9Joan-Cortes-15mrc26-45FJT-NJC-Trrss-333x500.jpg 333w\" sizes=\"auto, (max-width: 400px) 100vw, 400px\" \/> <img loading=\"lazy\" decoding=\"async\" class=\"aligncenter size-large wp-image-105129\" title=\"Dave Douglas Quartet (45\u00e8 Festival Jazz Terrassa 2026 \/ Nova Jazz Cava, 2026-03-15 \/ Terrassa -Barcelona-) [I] Por Joan Cort\u00e8s [INSTANTZZ AKA Galer\u00eda fotogr\u00e1fica AKA Fotoblog de jazz, impro\u2026 y algo m\u00e1s] Tomajazz 03 Dv Dgls Fr Frrdms \u00a9Joan Cort\u00e8s 15mr\u00e726 45FJT NJC Trrss\" src=\"https:\/\/tomajazz.com\/web\/wp-content\/uploads\/2026\/04\/03-Dv-Dgls-Fr-Frrdms-\u00a9Joan-Cortes-15mrc26-45FJT-NJC-Trrss.jpg\" alt=\"Dave Douglas Quartet (45\u00e8 Festival Jazz Terrassa 2026 \/ Nova Jazz Cava, 2026-03-15 \/ Terrassa -Barcelona-) [I] Por Joan Cort\u00e8s [INSTANTZZ AKA Galer\u00eda fotogr\u00e1fica AKA Fotoblog de jazz, impro\u2026 y algo m\u00e1s] - Tomajazz - Dave Douglas Quartet actu\u00f3 en el 45\u00e8 Festival Jazz Terrassa 2026, en la m\u00edtica Nova Jazz Cava, el 15 de marzo de 2026. Joan Cort\u00e8s lo retrata en INSTANTZZ. Dave Douglas Quartet son Dave Douglas, Marta Warelis, Ingebrigt H\u00e5ker Flaten, Rudy Royston \" width=\"600\" height=\"400\" srcset=\"https:\/\/tomajazz.com\/web\/wp-content\/uploads\/2026\/04\/03-Dv-Dgls-Fr-Frrdms-\u00a9Joan-Cortes-15mrc26-45FJT-NJC-Trrss.jpg 600w, https:\/\/tomajazz.com\/web\/wp-content\/uploads\/2026\/04\/03-Dv-Dgls-Fr-Frrdms-\u00a9Joan-Cortes-15mrc26-45FJT-NJC-Trrss-300x200.jpg 300w, https:\/\/tomajazz.com\/web\/wp-content\/uploads\/2026\/04\/03-Dv-Dgls-Fr-Frrdms-\u00a9Joan-Cortes-15mrc26-45FJT-NJC-Trrss-465x310.jpg 465w\" sizes=\"auto, (max-width: 600px) 100vw, 600px\" \/> <img loading=\"lazy\" decoding=\"async\" class=\"aligncenter size-large wp-image-105130\" title=\"Dave Douglas Quartet (45\u00e8 Festival Jazz Terrassa 2026 \/ Nova Jazz Cava, 2026-03-15 \/ Terrassa -Barcelona-) [I] Por Joan Cort\u00e8s [INSTANTZZ AKA Galer\u00eda fotogr\u00e1fica AKA Fotoblog de jazz, impro\u2026 y algo m\u00e1s] Tomajazz 04 Dv Dgls Fr Frrdms \u00a9Joan Cort\u00e8s 15mr\u00e726 45FJT NJC Trrss\" src=\"https:\/\/tomajazz.com\/web\/wp-content\/uploads\/2026\/04\/04-Dv-Dgls-Fr-Frrdms-\u00a9Joan-Cortes-15mrc26-45FJT-NJC-Trrss.jpg\" alt=\"Dave Douglas Quartet (45\u00e8 Festival Jazz Terrassa 2026 \/ Nova Jazz Cava, 2026-03-15 \/ Terrassa -Barcelona-) [I] Por Joan Cort\u00e8s [INSTANTZZ AKA Galer\u00eda fotogr\u00e1fica AKA Fotoblog de jazz, impro\u2026 y algo m\u00e1s] - Tomajazz - Dave Douglas Quartet actu\u00f3 en el 45\u00e8 Festival Jazz Terrassa 2026, en la m\u00edtica Nova Jazz Cava, el 15 de marzo de 2026. Joan Cort\u00e8s lo retrata en INSTANTZZ. Dave Douglas Quartet son Dave Douglas, Marta Warelis, Ingebrigt H\u00e5ker Flaten, Rudy Royston \" width=\"400\" height=\"600\" srcset=\"https:\/\/tomajazz.com\/web\/wp-content\/uploads\/2026\/04\/04-Dv-Dgls-Fr-Frrdms-\u00a9Joan-Cortes-15mrc26-45FJT-NJC-Trrss.jpg 400w, https:\/\/tomajazz.com\/web\/wp-content\/uploads\/2026\/04\/04-Dv-Dgls-Fr-Frrdms-\u00a9Joan-Cortes-15mrc26-45FJT-NJC-Trrss-200x300.jpg 200w, https:\/\/tomajazz.com\/web\/wp-content\/uploads\/2026\/04\/04-Dv-Dgls-Fr-Frrdms-\u00a9Joan-Cortes-15mrc26-45FJT-NJC-Trrss-367x550.jpg 367w, https:\/\/tomajazz.com\/web\/wp-content\/uploads\/2026\/04\/04-Dv-Dgls-Fr-Frrdms-\u00a9Joan-Cortes-15mrc26-45FJT-NJC-Trrss-333x500.jpg 333w\" sizes=\"auto, (max-width: 400px) 100vw, 400px\" \/> <img loading=\"lazy\" decoding=\"async\" class=\"aligncenter size-large wp-image-105131\" title=\"Dave Douglas Quartet (45\u00e8 Festival Jazz Terrassa 2026 \/ Nova Jazz Cava, 2026-03-15 \/ Terrassa -Barcelona-) [I] Por Joan Cort\u00e8s [INSTANTZZ AKA Galer\u00eda fotogr\u00e1fica AKA Fotoblog de jazz, impro\u2026 y algo m\u00e1s] Tomajazz 05 Dv Dgls Fr Frrdms \u00a9Joan Cort\u00e8s 15mr\u00e726 45FJT NJC Trrss\" src=\"https:\/\/tomajazz.com\/web\/wp-content\/uploads\/2026\/04\/05-Dv-Dgls-Fr-Frrdms-\u00a9Joan-Cortes-15mrc26-45FJT-NJC-Trrss.jpg\" alt=\"Dave Douglas Quartet (45\u00e8 Festival Jazz Terrassa 2026 \/ Nova Jazz Cava, 2026-03-15 \/ Terrassa -Barcelona-) [I] Por Joan Cort\u00e8s [INSTANTZZ AKA Galer\u00eda fotogr\u00e1fica AKA Fotoblog de jazz, impro\u2026 y algo m\u00e1s] - Tomajazz - Dave Douglas Quartet actu\u00f3 en el 45\u00e8 Festival Jazz Terrassa 2026, en la m\u00edtica Nova Jazz Cava, el 15 de marzo de 2026. Joan Cort\u00e8s lo retrata en INSTANTZZ. Dave Douglas Quartet son Dave Douglas, Marta Warelis, Ingebrigt H\u00e5ker Flaten, Rudy Royston \" width=\"600\" height=\"400\" srcset=\"https:\/\/tomajazz.com\/web\/wp-content\/uploads\/2026\/04\/05-Dv-Dgls-Fr-Frrdms-\u00a9Joan-Cortes-15mrc26-45FJT-NJC-Trrss.jpg 600w, https:\/\/tomajazz.com\/web\/wp-content\/uploads\/2026\/04\/05-Dv-Dgls-Fr-Frrdms-\u00a9Joan-Cortes-15mrc26-45FJT-NJC-Trrss-300x200.jpg 300w, https:\/\/tomajazz.com\/web\/wp-content\/uploads\/2026\/04\/05-Dv-Dgls-Fr-Frrdms-\u00a9Joan-Cortes-15mrc26-45FJT-NJC-Trrss-465x310.jpg 465w\" sizes=\"auto, (max-width: 600px) 100vw, 600px\" \/> <img loading=\"lazy\" decoding=\"async\" class=\"aligncenter size-large wp-image-105132\" title=\"Dave Douglas Quartet (45\u00e8 Festival Jazz Terrassa 2026 \/ Nova Jazz Cava, 2026-03-15 \/ Terrassa -Barcelona-) [I] Por Joan Cort\u00e8s [INSTANTZZ AKA Galer\u00eda fotogr\u00e1fica AKA Fotoblog de jazz, impro\u2026 y algo m\u00e1s] Tomajazz 06 Dv Dgls Fr Frrdms \u00a9Joan Cort\u00e8s 15mr\u00e726 45FJT NJC Trrss\" src=\"https:\/\/tomajazz.com\/web\/wp-content\/uploads\/2026\/04\/06-Dv-Dgls-Fr-Frrdms-\u00a9Joan-Cortes-15mrc26-45FJT-NJC-Trrss.jpg\" alt=\"Dave Douglas Quartet (45\u00e8 Festival Jazz Terrassa 2026 \/ Nova Jazz Cava, 2026-03-15 \/ Terrassa -Barcelona-) [I] Por Joan Cort\u00e8s [INSTANTZZ AKA Galer\u00eda fotogr\u00e1fica AKA Fotoblog de jazz, impro\u2026 y algo m\u00e1s] - Tomajazz - Dave Douglas Quartet actu\u00f3 en el 45\u00e8 Festival Jazz Terrassa 2026, en la m\u00edtica Nova Jazz Cava, el 15 de marzo de 2026. Joan Cort\u00e8s lo retrata en INSTANTZZ. Dave Douglas Quartet son Dave Douglas, Marta Warelis, Ingebrigt H\u00e5ker Flaten, Rudy Royston \" width=\"600\" height=\"400\" srcset=\"https:\/\/tomajazz.com\/web\/wp-content\/uploads\/2026\/04\/06-Dv-Dgls-Fr-Frrdms-\u00a9Joan-Cortes-15mrc26-45FJT-NJC-Trrss.jpg 600w, https:\/\/tomajazz.com\/web\/wp-content\/uploads\/2026\/04\/06-Dv-Dgls-Fr-Frrdms-\u00a9Joan-Cortes-15mrc26-45FJT-NJC-Trrss-300x200.jpg 300w, https:\/\/tomajazz.com\/web\/wp-content\/uploads\/2026\/04\/06-Dv-Dgls-Fr-Frrdms-\u00a9Joan-Cortes-15mrc26-45FJT-NJC-Trrss-465x310.jpg 465w\" sizes=\"auto, (max-width: 600px) 100vw, 600px\" \/> <img loading=\"lazy\" decoding=\"async\" class=\"aligncenter size-large wp-image-105133\" title=\"Dave Douglas Quartet (45\u00e8 Festival Jazz Terrassa 2026 \/ Nova Jazz Cava, 2026-03-15 \/ Terrassa -Barcelona-) [I] Por Joan Cort\u00e8s [INSTANTZZ AKA Galer\u00eda fotogr\u00e1fica AKA Fotoblog de jazz, impro\u2026 y algo m\u00e1s] Tomajazz 07 Dv Dgls Fr Frrdms \u00a9Joan Cort\u00e8s 15mr\u00e726 45FJT NJC Trrss\" src=\"https:\/\/tomajazz.com\/web\/wp-content\/uploads\/2026\/04\/07-Dv-Dgls-Fr-Frrdms-\u00a9Joan-Cortes-15mrc26-45FJT-NJC-Trrss.jpg\" alt=\"Dave Douglas Quartet (45\u00e8 Festival Jazz Terrassa 2026 \/ Nova Jazz Cava, 2026-03-15 \/ Terrassa -Barcelona-) [I] Por Joan Cort\u00e8s [INSTANTZZ AKA Galer\u00eda fotogr\u00e1fica AKA Fotoblog de jazz, impro\u2026 y algo m\u00e1s] - Tomajazz - Dave Douglas Quartet actu\u00f3 en el 45\u00e8 Festival Jazz Terrassa 2026, en la m\u00edtica Nova Jazz Cava, el 15 de marzo de 2026. Joan Cort\u00e8s lo retrata en INSTANTZZ. Dave Douglas Quartet son Dave Douglas, Marta Warelis, Ingebrigt H\u00e5ker Flaten, Rudy Royston \" width=\"600\" height=\"400\" srcset=\"https:\/\/tomajazz.com\/web\/wp-content\/uploads\/2026\/04\/07-Dv-Dgls-Fr-Frrdms-\u00a9Joan-Cortes-15mrc26-45FJT-NJC-Trrss.jpg 600w, https:\/\/tomajazz.com\/web\/wp-content\/uploads\/2026\/04\/07-Dv-Dgls-Fr-Frrdms-\u00a9Joan-Cortes-15mrc26-45FJT-NJC-Trrss-300x200.jpg 300w, https:\/\/tomajazz.com\/web\/wp-content\/uploads\/2026\/04\/07-Dv-Dgls-Fr-Frrdms-\u00a9Joan-Cortes-15mrc26-45FJT-NJC-Trrss-465x310.jpg 465w\" sizes=\"auto, (max-width: 600px) 100vw, 600px\" \/> <img loading=\"lazy\" decoding=\"async\" class=\"aligncenter size-large wp-image-105134\" title=\"Dave Douglas Quartet (45\u00e8 Festival Jazz Terrassa 2026 \/ Nova Jazz Cava, 2026-03-15 \/ Terrassa -Barcelona-) [I] Por Joan Cort\u00e8s [INSTANTZZ AKA Galer\u00eda fotogr\u00e1fica AKA Fotoblog de jazz, impro\u2026 y algo m\u00e1s] Tomajazz 08 Dv Dgls Fr Frrdms \u00a9Joan Cort\u00e8s 15mr\u00e726 45FJT NJC Trrss\" src=\"https:\/\/tomajazz.com\/web\/wp-content\/uploads\/2026\/04\/08-Dv-Dgls-Fr-Frrdms-\u00a9Joan-Cortes-15mrc26-45FJT-NJC-Trrss.jpg\" alt=\"Dave Douglas Quartet (45\u00e8 Festival Jazz Terrassa 2026 \/ Nova Jazz Cava, 2026-03-15 \/ Terrassa -Barcelona-) [I] Por Joan Cort\u00e8s [INSTANTZZ AKA Galer\u00eda fotogr\u00e1fica AKA Fotoblog de jazz, impro\u2026 y algo m\u00e1s] - Tomajazz - Dave Douglas Quartet actu\u00f3 en el 45\u00e8 Festival Jazz Terrassa 2026, en la m\u00edtica Nova Jazz Cava, el 15 de marzo de 2026. Joan Cort\u00e8s lo retrata en INSTANTZZ. Dave Douglas Quartet son Dave Douglas, Marta Warelis, Ingebrigt H\u00e5ker Flaten, Rudy Royston \" width=\"400\" height=\"600\" srcset=\"https:\/\/tomajazz.com\/web\/wp-content\/uploads\/2026\/04\/08-Dv-Dgls-Fr-Frrdms-\u00a9Joan-Cortes-15mrc26-45FJT-NJC-Trrss.jpg 400w, https:\/\/tomajazz.com\/web\/wp-content\/uploads\/2026\/04\/08-Dv-Dgls-Fr-Frrdms-\u00a9Joan-Cortes-15mrc26-45FJT-NJC-Trrss-200x300.jpg 200w, https:\/\/tomajazz.com\/web\/wp-content\/uploads\/2026\/04\/08-Dv-Dgls-Fr-Frrdms-\u00a9Joan-Cortes-15mrc26-45FJT-NJC-Trrss-367x550.jpg 367w, https:\/\/tomajazz.com\/web\/wp-content\/uploads\/2026\/04\/08-Dv-Dgls-Fr-Frrdms-\u00a9Joan-Cortes-15mrc26-45FJT-NJC-Trrss-333x500.jpg 333w\" sizes=\"auto, (max-width: 400px) 100vw, 400px\" \/> <img loading=\"lazy\" decoding=\"async\" class=\"aligncenter size-large wp-image-105135\" title=\"Dave Douglas Quartet (45\u00e8 Festival Jazz Terrassa 2026 \/ Nova Jazz Cava, 2026-03-15 \/ Terrassa -Barcelona-) [I] Por Joan Cort\u00e8s [INSTANTZZ AKA Galer\u00eda fotogr\u00e1fica AKA Fotoblog de jazz, impro\u2026 y algo m\u00e1s] Tomajazz 09 Dv Dgls Fr Frrdms \u00a9Joan Cort\u00e8s 15mr\u00e726 45FJT NJC Trrss\" src=\"https:\/\/tomajazz.com\/web\/wp-content\/uploads\/2026\/04\/09-Dv-Dgls-Fr-Frrdms-\u00a9Joan-Cortes-15mrc26-45FJT-NJC-Trrss.jpg\" alt=\"Dave Douglas Quartet (45\u00e8 Festival Jazz Terrassa 2026 \/ Nova Jazz Cava, 2026-03-15 \/ Terrassa -Barcelona-) [I] Por Joan Cort\u00e8s [INSTANTZZ AKA Galer\u00eda fotogr\u00e1fica AKA Fotoblog de jazz, impro\u2026 y algo m\u00e1s] - Tomajazz - Dave Douglas Quartet actu\u00f3 en el 45\u00e8 Festival Jazz Terrassa 2026, en la m\u00edtica Nova Jazz Cava, el 15 de marzo de 2026. Joan Cort\u00e8s lo retrata en INSTANTZZ. Dave Douglas Quartet son Dave Douglas, Marta Warelis, Ingebrigt H\u00e5ker Flaten, Rudy Royston \" width=\"600\" height=\"400\" srcset=\"https:\/\/tomajazz.com\/web\/wp-content\/uploads\/2026\/04\/09-Dv-Dgls-Fr-Frrdms-\u00a9Joan-Cortes-15mrc26-45FJT-NJC-Trrss.jpg 600w, https:\/\/tomajazz.com\/web\/wp-content\/uploads\/2026\/04\/09-Dv-Dgls-Fr-Frrdms-\u00a9Joan-Cortes-15mrc26-45FJT-NJC-Trrss-300x200.jpg 300w, https:\/\/tomajazz.com\/web\/wp-content\/uploads\/2026\/04\/09-Dv-Dgls-Fr-Frrdms-\u00a9Joan-Cortes-15mrc26-45FJT-NJC-Trrss-465x310.jpg 465w\" sizes=\"auto, (max-width: 600px) 100vw, 600px\" \/> <img loading=\"lazy\" decoding=\"async\" class=\"aligncenter size-large wp-image-105136\" title=\"Dave Douglas Quartet (45\u00e8 Festival Jazz Terrassa 2026 \/ Nova Jazz Cava, 2026-03-15 \/ Terrassa -Barcelona-) [I] Por Joan Cort\u00e8s [INSTANTZZ AKA Galer\u00eda fotogr\u00e1fica AKA Fotoblog de jazz, impro\u2026 y algo m\u00e1s] Tomajazz 10 Dv Dgls Fr Frrdms \u00a9Joan Cort\u00e8s 15mr\u00e726 45FJT NJC Trrss\" src=\"https:\/\/tomajazz.com\/web\/wp-content\/uploads\/2026\/04\/10-Dv-Dgls-Fr-Frrdms-\u00a9Joan-Cortes-15mrc26-45FJT-NJC-Trrss.jpg\" alt=\"Dave Douglas Quartet (45\u00e8 Festival Jazz Terrassa 2026 \/ Nova Jazz Cava, 2026-03-15 \/ Terrassa -Barcelona-) [I] Por Joan Cort\u00e8s [INSTANTZZ AKA Galer\u00eda fotogr\u00e1fica AKA Fotoblog de jazz, impro\u2026 y algo m\u00e1s] - Tomajazz - Dave Douglas Quartet actu\u00f3 en el 45\u00e8 Festival Jazz Terrassa 2026, en la m\u00edtica Nova Jazz Cava, el 15 de marzo de 2026. Joan Cort\u00e8s lo retrata en INSTANTZZ. Dave Douglas Quartet son Dave Douglas, Marta Warelis, Ingebrigt H\u00e5ker Flaten, Rudy Royston \" width=\"600\" height=\"400\" srcset=\"https:\/\/tomajazz.com\/web\/wp-content\/uploads\/2026\/04\/10-Dv-Dgls-Fr-Frrdms-\u00a9Joan-Cortes-15mrc26-45FJT-NJC-Trrss.jpg 600w, https:\/\/tomajazz.com\/web\/wp-content\/uploads\/2026\/04\/10-Dv-Dgls-Fr-Frrdms-\u00a9Joan-Cortes-15mrc26-45FJT-NJC-Trrss-300x200.jpg 300w, https:\/\/tomajazz.com\/web\/wp-content\/uploads\/2026\/04\/10-Dv-Dgls-Fr-Frrdms-\u00a9Joan-Cortes-15mrc26-45FJT-NJC-Trrss-465x310.jpg 465w\" sizes=\"auto, (max-width: 600px) 100vw, 600px\" \/> <img loading=\"lazy\" decoding=\"async\" class=\"aligncenter size-large wp-image-105137\" title=\"Dave Douglas Quartet (45\u00e8 Festival Jazz Terrassa 2026 \/ Nova Jazz Cava, 2026-03-15 \/ Terrassa -Barcelona-) [I] Por Joan Cort\u00e8s [INSTANTZZ AKA Galer\u00eda fotogr\u00e1fica AKA Fotoblog de jazz, impro\u2026 y algo m\u00e1s] Tomajazz 11 Dv Dgls Fr Frrdms \u00a9Joan Cort\u00e8s 15mr\u00e726 45FJT NJC Trrss\" src=\"https:\/\/tomajazz.com\/web\/wp-content\/uploads\/2026\/04\/11-Dv-Dgls-Fr-Frrdms-\u00a9Joan-Cortes-15mrc26-45FJT-NJC-Trrss.jpg\" alt=\"Dave Douglas Quartet (45\u00e8 Festival Jazz Terrassa 2026 \/ Nova Jazz Cava, 2026-03-15 \/ Terrassa -Barcelona-) [I] Por Joan Cort\u00e8s [INSTANTZZ AKA Galer\u00eda fotogr\u00e1fica AKA Fotoblog de jazz, impro\u2026 y algo m\u00e1s] - Tomajazz - Dave Douglas Quartet actu\u00f3 en el 45\u00e8 Festival Jazz Terrassa 2026, en la m\u00edtica Nova Jazz Cava, el 15 de marzo de 2026. Joan Cort\u00e8s lo retrata en INSTANTZZ. Dave Douglas Quartet son Dave Douglas, Marta Warelis, Ingebrigt H\u00e5ker Flaten, Rudy Royston \" width=\"600\" height=\"400\" srcset=\"https:\/\/tomajazz.com\/web\/wp-content\/uploads\/2026\/04\/11-Dv-Dgls-Fr-Frrdms-\u00a9Joan-Cortes-15mrc26-45FJT-NJC-Trrss.jpg 600w, https:\/\/tomajazz.com\/web\/wp-content\/uploads\/2026\/04\/11-Dv-Dgls-Fr-Frrdms-\u00a9Joan-Cortes-15mrc26-45FJT-NJC-Trrss-300x200.jpg 300w, https:\/\/tomajazz.com\/web\/wp-content\/uploads\/2026\/04\/11-Dv-Dgls-Fr-Frrdms-\u00a9Joan-Cortes-15mrc26-45FJT-NJC-Trrss-465x310.jpg 465w\" sizes=\"auto, (max-width: 600px) 100vw, 600px\" \/><\/p>\n<p style=\"text-align: right;\">Tomajazz: Fotograf\u00edas: \u00a9\u00a0<a href=\"https:\/\/www.facebook.com\/joan.cortesbenages\" target=\"_blank\" rel=\"noopener\"><strong>Joan Cort\u00e8s<\/strong><\/a>, 2026<\/p>\n<h3>M\u00e1s informaci\u00f3n:<\/h3>\n<p><a href=\"https:\/\/davedouglas.com\/\" target=\"_blank\" rel=\"noopener\">https:\/\/davedouglas.com\/<\/a><\/p>\n<p><a href=\"https:\/\/tomajazz.com\/web\/?s=dave+douglas&amp;submit=Search\" target=\"_blank\" rel=\"noopener\">https:\/\/tomajazz.com\/web\/?s=dave+douglas&amp;submit=Search<\/a><\/p>\n<p><a href=\"https:\/\/www.jazzterrassa.org\/ca\/qrjazzterrassa\" target=\"_blank\" rel=\"noopener\">https:\/\/www.jazzterrassa.org\/ca\/qrjazzterrassa<\/a><\/p>\n<p><a href=\"https:\/\/tomajazz.com\/web\/?s=festival+jazz+terrassa&amp;submit=Search\" target=\"_blank\" rel=\"noopener\">https:\/\/tomajazz.com\/web\/?s=festival+jazz+terrassa&amp;submit=Search<\/a><\/p>\n<h3>45\u00e8 Festival Jazz Terrassa 2026 en Tomajazz&#8230;<\/h3>\n<blockquote class=\"wp-embedded-content\" data-secret=\"TyvUUSsEXY\"><p><a href=\"https:\/\/tomajazz.com\/web\/45-festival-jazz-terrassa-2026-noticias\/\">45\u00e8 Festival Jazz Terrassa 2026 (del 6 al 27 de marzo 2026) [Noticias de jazz]<\/a><\/p><\/blockquote>\n<p><iframe loading=\"lazy\" class=\"wp-embedded-content\" sandbox=\"allow-scripts\" security=\"restricted\" style=\"position: absolute; visibility: hidden;\" title=\"\u00ab45\u00e8 Festival Jazz Terrassa 2026 (del 6 al 27 de marzo 2026) [Noticias de jazz]\u00bb \u2014 Tomajazz\" src=\"https:\/\/tomajazz.com\/web\/45-festival-jazz-terrassa-2026-noticias\/embed\/#?secret=xoj4bH0QQ8#?secret=TyvUUSsEXY\" data-secret=\"TyvUUSsEXY\" width=\"600\" height=\"338\" frameborder=\"0\" marginwidth=\"0\" marginheight=\"0\" scrolling=\"no\"><\/iframe><\/p>\n<h3>Joan Cort\u00e8s en Tomajazz<\/h3>\n<p><a href=\"https:\/\/tomajazz.com\/web\/category\/joan-cortes\/\" target=\"_blank\" rel=\"noopener\">https:\/\/tomajazz.com\/web\/category\/joan-cortes\/<\/a><\/p>\n","protected":false},"excerpt":{"rendered":"<p>Dave Douglas Quartet actu\u00f3 en el 45\u00e8 Festival Jazz Terrassa 2026, en la m\u00edtica Nova Jazz Cava, el 15 de marzo de 2026. Joan Cort\u00e8s lo retrata en INSTANTZZ. Dave Douglas Quartet son Dave Douglas, Marta Warelis, Ingebrigt H\u00e5ker Flaten, Rudy Royston<br \/>\n<span class=\"more-link\"><a href=\"https:\/\/tomajazz.com\/web\/dave-douglas-quartet-terrassa-2026\/\">Contin\u00faa leyendo<\/a><\/span><\/p>\n","protected":false},"author":1,"featured_media":105138,"comment_status":"open","ping_status":"closed","sticky":false,"template":"","format":"standard","meta":{"jetpack_post_was_ever_published":false,"_jetpack_newsletter_access":"","_jetpack_dont_email_post_to_subs":false,"_jetpack_newsletter_tier_id":0,"_jetpack_memberships_contains_paywalled_content":false,"_jetpack_memberships_contains_paid_content":false,"footnotes":""},"categories":[33257,17853,11262,15516,11261,1038],"tags":[873,33258,4919,1041,31817,7299],"class_list":["entry","author-pachi","has-excerpt","post-105126","post","type-post","status-publish","format-standard","has-post-thumbnail","category-45e-festival-jazz-terrassa-2026","category-joan-cortes","category-photoblogs","category-imagenes","category-instantzz","category-contenidos","tag-dave-douglas","tag-dave-douglas-quartet","tag-ingebrigt-haker-flaten","tag-joan-cortes","tag-marta-warelis","tag-rudy-royston"],"jetpack_featured_media_url":"https:\/\/tomajazz.com\/web\/wp-content\/uploads\/2026\/04\/destacada-10-Dv-Dgls-Fr-Frrdms-Photo-by-Joan-Cortes-15mrc26-45FJT-NJC-Trrss.jpg","jetpack_likes_enabled":true,"jetpack_sharing_enabled":true,"jetpack-related-posts":[{"id":104320,"url":"https:\/\/tomajazz.com\/web\/45-festival-jazz-terrassa-2026-noticias\/","url_meta":{"origin":105126,"position":0},"title":"45\u00e8 Festival Jazz Terrassa 2026 (del 6 al 27 de marzo 2026) [Noticias de jazz]","author":"Tomajazz","date":"5 marzo, 2026","format":false,"excerpt":"Entre el 6 y el 27 marzo, se celebrar\u00e1 el 45\u00e8 Festival Jazz Terrassa 2026 con la celebraci\u00f3n de 40 conciertos protagonizados por Dave Holland, Jon Irabagon, Ingebrigt H\u00e5ker Flaten, Mary Halvorson o Ignasi Terraza #Noticiasdejazz","rel":"","context":"En \u00ab45\u00e8 Festival Jazz Terrassa 2026\u00bb","block_context":{"text":"45\u00e8 Festival Jazz Terrassa 2026","link":"https:\/\/tomajazz.com\/web\/category\/contenidos\/especial-contenidos\/45e-festival-jazz-terrassa-2026\/"},"img":{"alt_text":"45\u00e8 Festival Jazz Terrassa 2026 (del 6 al 27 de marzo 2026) [Noticias de jazz] - Tomajazz - Entre el 6 y el 27 marzo, se celebrar\u00e1 el 45\u00e8 Festival Jazz Terrassa 2026 con la celebraci\u00f3n de 40 conciertos protagonizados por Dave Holland, Jon Irabagon, Ingebrigt H\u00e5ker Flaten, Mary Halvor#Noticiasdejazz","src":"https:\/\/i0.wp.com\/tomajazz.com\/web\/wp-content\/uploads\/2026\/03\/Cartell-45-Festival-Jazz-Terrassa-noticias-tomajazz.jpg?resize=350%2C200&ssl=1","width":350,"height":200,"srcset":"https:\/\/i0.wp.com\/tomajazz.com\/web\/wp-content\/uploads\/2026\/03\/Cartell-45-Festival-Jazz-Terrassa-noticias-tomajazz.jpg?resize=350%2C200&ssl=1 1x, https:\/\/i0.wp.com\/tomajazz.com\/web\/wp-content\/uploads\/2026\/03\/Cartell-45-Festival-Jazz-Terrassa-noticias-tomajazz.jpg?resize=525%2C300&ssl=1 1.5x"},"classes":[]},{"id":43044,"url":"https:\/\/tomajazz.com\/web\/instantzz-david-murray-quartet-38e-festival-jazz-terrassa-nova-jazz-cava-terrassa-barcelona-2019-03-21-galeria-fotografica\/","url_meta":{"origin":105126,"position":1},"title":"INSTANTZZ: David Murray Quartet (38\u00e8 Festival Jazz Terrassa, Nova Jazz Cava, Terrassa -Barcelona-.  2019-03-21) [Galer\u00eda fotogr\u00e1fica]","author":"Tomajazz","date":"23 abril, 2019","format":false,"excerpt":"Por\u00a0Joan Cort\u00e8s. Fecha: Jueves, 21 de marzo de 2019 Lugar: Nova Jazz Cava (Terrassa -Barcelona-) Grupo: David Murray Quartet David Murray, saxo tenor David Bryant, piano Dezron Douglas, contrabajo Eric McPherson, bater\u00eda Tomajazz: \u00a9\u00a0Joan Cort\u00e8s, 2019","rel":"","context":"En \u00ab*_Joan Cort\u00e8s\u00bb","block_context":{"text":"*_Joan Cort\u00e8s","link":"https:\/\/tomajazz.com\/web\/category\/joan-cortes\/"},"img":{"alt_text":"","src":"https:\/\/i0.wp.com\/tomajazz.com\/web\/wp-content\/uploads\/2019\/04\/03_Dvd-Mrry-4t-%C2%A9Joan-Cort%C3%A8s_21mar19_NJC_28FJT_Trrss.jpg?resize=350%2C200&ssl=1","width":350,"height":200,"srcset":"https:\/\/i0.wp.com\/tomajazz.com\/web\/wp-content\/uploads\/2019\/04\/03_Dvd-Mrry-4t-%C2%A9Joan-Cort%C3%A8s_21mar19_NJC_28FJT_Trrss.jpg?resize=350%2C200&ssl=1 1x, https:\/\/i0.wp.com\/tomajazz.com\/web\/wp-content\/uploads\/2019\/04\/03_Dvd-Mrry-4t-%C2%A9Joan-Cort%C3%A8s_21mar19_NJC_28FJT_Trrss.jpg?resize=525%2C300&ssl=1 1.5x"},"classes":[]},{"id":104154,"url":"https:\/\/tomajazz.com\/web\/the-bridge-lauditori-barcelona-2026\/","url_meta":{"origin":105126,"position":2},"title":"The Bridge (L\u2019Auditori, S2OM, 2026-01-14 \/ Barcelona) Por Joan Cort\u00e8s [INSTANTZZ AKA Galer\u00eda fotogr\u00e1fica AKA Fotoblog de jazz, impro\u2026 y algo m\u00e1s]","author":"Tomajazz","date":"24 febrero, 2026","format":false,"excerpt":"The Bridge actu\u00f3 en L\u2019Auditori de Barcelona el 14 de enero de 2026.. Joan Cort\u00e8s lo retrata en INSTANTZZ. Actuaron Rodrigo Amado, Alexander von Schlippenbach, Ingebrigt H\u00e5ker Flaten, Gerry Hemingway","rel":"","context":"En \u00ab*_Joan Cort\u00e8s\u00bb","block_context":{"text":"*_Joan Cort\u00e8s","link":"https:\/\/tomajazz.com\/web\/category\/joan-cortes\/"},"img":{"alt_text":"The Bridge (L\u2019Auditori, S2OM, 2026-01-14 \/ Barcelona) Por Joan Cort\u00e8s [INSTANTZZ AKA Galer\u00eda fotogr\u00e1fica AKA Fotoblog de jazz, impro\u2026 y algo m\u00e1s] - Tomajazz - The Bridge actu\u00f3 en L\u2019Auditori de Barcelona el 14 de enero de 2026.. Joan Cort\u00e8s lo retrata en INSTANTZZ. Actuaron Rodrigo Amado, Alexander von Schlippenbach, Ingebrigt H\u00e5ker Flaten, Gerry Hemingway\n","src":"https:\/\/i0.wp.com\/tomajazz.com\/web\/wp-content\/uploads\/2026\/02\/06-Th-Brdg-Joan-Cortes-14gnr26-L-dtr-S2-Bcn.jpg?resize=350%2C200&ssl=1","width":350,"height":200,"srcset":"https:\/\/i0.wp.com\/tomajazz.com\/web\/wp-content\/uploads\/2026\/02\/06-Th-Brdg-Joan-Cortes-14gnr26-L-dtr-S2-Bcn.jpg?resize=350%2C200&ssl=1 1x, https:\/\/i0.wp.com\/tomajazz.com\/web\/wp-content\/uploads\/2026\/02\/06-Th-Brdg-Joan-Cortes-14gnr26-L-dtr-S2-Bcn.jpg?resize=525%2C300&ssl=1 1.5x"},"classes":[]},{"id":92933,"url":"https:\/\/tomajazz.com\/web\/dave-douglas-joey-baron-quartet-jvf-2024-palma\/","url_meta":{"origin":105126,"position":3},"title":"Dave Douglas &#038; Joey Baron Quartet (XVII Jazz Voyeur Festival. Trui Teatre, Palma. 2024-11-17) Por Jos\u00e9 Luis Luna Rocafort [INSTANTZZ AKA Galer\u00eda fotogr\u00e1fica AKA Fotoblog de jazz, impro\u2026 y algo m\u00e1s]","author":"Tomajazz","date":"13 diciembre, 2024","format":false,"excerpt":"Dave Douglas & Joey Baron Quartet actu\u00f3 en el XVII Jazz Voyeur Festival de Palma, el 17 de noviembre de 2024. Jos\u00e9 Luis Luna Rocafort lo retrata en INSTANTZZ. Dave Douglas & Joey Baron Quartet son Dave Douglas, Joey Baron, Marta Warelis, Nick Dunston","rel":"","context":"En \u00ab*_Jos\u00e9 Luis Luna Rocafort\u00bb","block_context":{"text":"*_Jos\u00e9 Luis Luna Rocafort","link":"https:\/\/tomajazz.com\/web\/category\/jose-luis-luna-rocafort\/"},"img":{"alt_text":"Dave Douglas & Joey Baron Quartet (XVII Jazz Voyeur Festival. Trui Teatre, Palma. 2024-11-17) Por Jos\u00e9 Luis Luna Rocafort [INSTANTZZ AKA Galer\u00eda fotogr\u00e1fica AKA Fotoblog de jazz, impro\u2026 y algo m\u00e1s] - Tomajazz - Dave Douglas & Joey Baron Quartet actu\u00f3 en el XVII Jazz Voyeur Festival de Palma, el 17 de noviembre de 2024. Jos\u00e9 Luis Luna Rocafort lo retrata en INSTANTZZ. Dave Douglas & Joey Baron Quartet, Dave Douglas, Joey Baron, Marta Warelis, Nick Dunston","src":"https:\/\/i0.wp.com\/tomajazz.com\/web\/wp-content\/uploads\/2024\/12\/001-8.jpg?resize=350%2C200&ssl=1","width":350,"height":200,"srcset":"https:\/\/i0.wp.com\/tomajazz.com\/web\/wp-content\/uploads\/2024\/12\/001-8.jpg?resize=350%2C200&ssl=1 1x, https:\/\/i0.wp.com\/tomajazz.com\/web\/wp-content\/uploads\/2024\/12\/001-8.jpg?resize=525%2C300&ssl=1 1.5x"},"classes":[]},{"id":104122,"url":"https:\/\/tomajazz.com\/web\/ney-quartet-lac-2026\/","url_meta":{"origin":105126,"position":4},"title":"Ney Quartet (LAC -Laboratori Arts Contemplatives-, Casa Virupa-Can Bordoi, 2026-01-10 \/ Llinars -Barcelona-) Por Joan Cort\u00e8s [INSTANTZZ AKA Galer\u00eda fotogr\u00e1fica AKA Fotoblog de jazz, impro\u2026 y algo m\u00e1s]","author":"Tomajazz","date":"22 febrero, 2026","format":false,"excerpt":"Ney Quartet actu\u00f3 en LAC -Laboratori Arts Contemplatives-, Casa Virupa-Can Bordoi, en Llinars -Barcelona-, el 10 de enero de 2026. Joan Cort\u00e8s lo retrata en INSTANTZZ. Con Christos Barbas, Nabil Na\u00efr, Pau Puig, Laia Puig","rel":"","context":"En \u00abINSTANTZZ\u00bb","block_context":{"text":"INSTANTZZ","link":"https:\/\/tomajazz.com\/web\/category\/contenidos\/imagenes\/photoblogs\/instantzz\/"},"img":{"alt_text":"Ney Quartet (LAC -Laboratori Arts Contemplatives-, Casa Virupa-Can Bordoi, 2026-01-10 \/ Llinars -Barcelona-) Por Joan Cort\u00e8s [INSTANTZZ AKA Galer\u00eda fotogr\u00e1fica AKA Fotoblog de jazz, impro\u2026 y algo m\u00e1s] - Tomajazz - Ney Quartet actu\u00f3 en LAC -Laboratori Arts Contemplatives-, Casa Virupa-Can Bordoi, en Llinars -Barcelona-, el 10 de enero de 2026. Joan Cort\u00e8s lo retrata en INSTANTZZ. Con Christos Barbas, Nabil Na\u00efr, Pau Puig, Laia Puig\n","src":"https:\/\/i0.wp.com\/tomajazz.com\/web\/wp-content\/uploads\/2026\/02\/destacada-10-Ny-4t-Photo-by-Joan-Cortes-10fbr26-LrC-CV-CB-Llnrs-.jpg?resize=350%2C200&ssl=1","width":350,"height":200,"srcset":"https:\/\/i0.wp.com\/tomajazz.com\/web\/wp-content\/uploads\/2026\/02\/destacada-10-Ny-4t-Photo-by-Joan-Cortes-10fbr26-LrC-CV-CB-Llnrs-.jpg?resize=350%2C200&ssl=1 1x, https:\/\/i0.wp.com\/tomajazz.com\/web\/wp-content\/uploads\/2026\/02\/destacada-10-Ny-4t-Photo-by-Joan-Cortes-10fbr26-LrC-CV-CB-Llnrs-.jpg?resize=525%2C300&ssl=1 1.5x"},"classes":[]},{"id":104835,"url":"https:\/\/tomajazz.com\/web\/david-de-arahal-barcelona-sfb-2026\/","url_meta":{"origin":105126,"position":5},"title":"David de Arahal \u201cAvenida de los Cisnes\u201d (El Dorado sfb \/ CCPS, 2026-02-26 \/ Barcelona) Por Joan Cort\u00e8s [Flamencuras AKA INSTANTZZ AKA Galer\u00eda fotogr\u00e1fica AKA Fotoblog de jazz, impro\u2026 y algo m\u00e1s]","author":"Tomajazz","date":"11 abril, 2026","format":false,"excerpt":"David de Arahal \u201cAvenida de los Cisnes\u201d actu\u00f3 en El Dorado sfb, Barcelona, el 26 de febrero de 2026. Joan Cort\u00e8s lo retrata en las Flamencuras de INSTANTZZ","rel":"","context":"En \u00abFlamencuras\u00bb","block_context":{"text":"Flamencuras","link":"https:\/\/tomajazz.com\/web\/category\/contenidos\/imagenes\/photoblogs\/flamencuras\/"},"img":{"alt_text":"David de Arahal \u201cAvenida de los Cisnes\u201d (El Dorado sfb \/ CCPS, 2026-02-26 \/ Barcelona) Por Joan Cort\u00e8s [Flamencuras AKA INSTANTZZ AKA Galer\u00eda fotogr\u00e1fica AKA Fotoblog de jazz, impro\u2026 y algo m\u00e1s] - Tomajazz - David de Arahal \u201cAvenida de los Cisnes\u201d actu\u00f3 en El Dorado sfb, Barcelona, el 26 de febrero de 2026. Joan Cort\u00e8s lo retrata en las Flamencuras de INSTANTZZ","src":"https:\/\/i0.wp.com\/tomajazz.com\/web\/wp-content\/uploads\/2026\/04\/destadada-07-Dvd-rhl-Photo-By-Joan-Cortes-26fbr26-l-Drd-sfb-CCPS-Bcn.jpg?resize=350%2C200&ssl=1","width":350,"height":200,"srcset":"https:\/\/i0.wp.com\/tomajazz.com\/web\/wp-content\/uploads\/2026\/04\/destadada-07-Dvd-rhl-Photo-By-Joan-Cortes-26fbr26-l-Drd-sfb-CCPS-Bcn.jpg?resize=350%2C200&ssl=1 1x, https:\/\/i0.wp.com\/tomajazz.com\/web\/wp-content\/uploads\/2026\/04\/destadada-07-Dvd-rhl-Photo-By-Joan-Cortes-26fbr26-l-Drd-sfb-CCPS-Bcn.jpg?resize=525%2C300&ssl=1 1.5x"},"classes":[]}],"_links":{"self":[{"href":"https:\/\/tomajazz.com\/web\/wp-json\/wp\/v2\/posts\/105126","targetHints":{"allow":["GET"]}}],"collection":[{"href":"https:\/\/tomajazz.com\/web\/wp-json\/wp\/v2\/posts"}],"about":[{"href":"https:\/\/tomajazz.com\/web\/wp-json\/wp\/v2\/types\/post"}],"author":[{"embeddable":true,"href":"https:\/\/tomajazz.com\/web\/wp-json\/wp\/v2\/users\/1"}],"replies":[{"embeddable":true,"href":"https:\/\/tomajazz.com\/web\/wp-json\/wp\/v2\/comments?post=105126"}],"version-history":[{"count":1,"href":"https:\/\/tomajazz.com\/web\/wp-json\/wp\/v2\/posts\/105126\/revisions"}],"predecessor-version":[{"id":105140,"href":"https:\/\/tomajazz.com\/web\/wp-json\/wp\/v2\/posts\/105126\/revisions\/105140"}],"wp:featuredmedia":[{"embeddable":true,"href":"https:\/\/tomajazz.com\/web\/wp-json\/wp\/v2\/media\/105138"}],"wp:attachment":[{"href":"https:\/\/tomajazz.com\/web\/wp-json\/wp\/v2\/media?parent=105126"}],"wp:term":[{"taxonomy":"category","embeddable":true,"href":"https:\/\/tomajazz.com\/web\/wp-json\/wp\/v2\/categories?post=105126"},{"taxonomy":"post_tag","embeddable":true,"href":"https:\/\/tomajazz.com\/web\/wp-json\/wp\/v2\/tags?post=105126"}],"curies":[{"name":"wp","href":"https:\/\/api.w.org\/{rel}","templated":true}]}}