{"id":105145,"date":"2026-05-01T12:00:33","date_gmt":"2026-05-01T10:00:33","guid":{"rendered":"https:\/\/tomajazz.com\/web\/?p=105145"},"modified":"2026-05-01T11:48:20","modified_gmt":"2026-05-01T09:48:20","slug":"que-sucede-hoy-con-el-jazz-marcos-pin-2026-05","status":"publish","type":"post","link":"https:\/\/tomajazz.com\/web\/que-sucede-hoy-con-el-jazz-marcos-pin-2026-05\/","title":{"rendered":"\u00bfQu\u00e9 sucede hoy con el jazz? Si es que sucede algo\u2026 Por Marcos Pin [Relatos de jazz AKA Jazzolog\u00eda n\u00f3rdico-galaica]"},"content":{"rendered":"<figure style=\"max-width: 600px; margin: 1rem auto; text-align: center;\">\n<div style=\"position: relative; width: 100%; max-width: 600px; aspect-ratio: 16\/9; margin: 0 auto;\"><iframe loading=\"lazy\" title=\"YouTube video player\" src=\"https:\/\/www.youtube.com\/embed\/uCGy-OSG_BI?si=TCgGIO_IbOQvRkCf\" width=\"560\" height=\"315\" frameborder=\"0\" allowfullscreen=\"allowfullscreen\"><span data-mce-type=\"bookmark\" style=\"display: inline-block; width: 0px; overflow: hidden; line-height: 0;\" class=\"mce_SELRES_start\">\ufeff<\/span><span data-mce-type=\"bookmark\" style=\"display: inline-block; width: 0px; overflow: hidden; line-height: 0;\" class=\"mce_SELRES_start\">\ufeff<\/span><span data-mce-type=\"bookmark\" style=\"display: inline-block; width: 0px; overflow: hidden; line-height: 0;\" class=\"mce_SELRES_start\">\ufeff<\/span><\/iframe><\/div><figcaption style=\"font-size: 0.95em; line-height: 1.4; margin-top: 0.5rem; color: #555;\">\u00abRafa&#8217;s Shot (Malcolm Stilton)\u00bb\u00a0 <em>New One<\/em> de Marcos Pin. Con\u00a0Javier Pereiro \u00abGDJazz\u00bb, Pablo Casta\u00f1o, Marcos Pin, Yago V\u00e1zquez, Alfonso Calvo, Miguel Cabana \u00a9 2020 Marcos Pin<\/figcaption><\/figure>\n<h3>\u00bfQu\u00e9 sucede hoy con el jazz? Si es que sucede algo\u2026 (mayo de 2026). Continuaci\u00f3n de <a href=\"https:\/\/tomajazz.com\/web\/la-industria-y-el-jazz-marcos-pin-2026-04\/\" target=\"_blank\" rel=\"noopener\">La industria y el jazz. Qu\u00e9 nos han vendido<\/a> (abril de 2026)<\/h3>\n<p>Bueno, no es una pregunta de f\u00e1cil respuesta. No obstante, <em>a priori <\/em>viene bien recordar al historiador brit\u00e1nico <strong>Eric Hobsbawm (1917-2012) (a)<\/strong>, quien en su d\u00eda ya se\u00f1al\u00f3 que \u00abesta m\u00fasica ha demostrado con creces poderes extraordinarios de supervivencia y autorrenovaci\u00f3n dentro de una sociedad no dise\u00f1ada para \u00e9l\u00bb. Y aun as\u00ed, en pleno 2026, esa resiliencia hist\u00f3rica \u2014que permiti\u00f3 al g\u00e9nero superar debacles como la p\u00e9rdida del p\u00fablico danzante tras la irrupci\u00f3n del <em>bebop<\/em>, por ejemplo\u2014 se presenta hoy enmara\u00f1ada en una laber\u00edntica metamorfosis; pues la industria nunca muere \u2014as\u00ed lo dec\u00edamos en la primera parte de este art\u00edculo\u2014, sino que, cual vil y escurridizo reptil, muda de piel y se adapta a un mercado cambiante, donde el arte lo mide la tiran\u00eda visual de un algoritmo, y ya no el propio deleite al o\u00eddo. As\u00ed pues, sucede dentro de este contexto que el m\u00fasico se ve arrastrado hacia la transmutaci\u00f3n, y en este modo, tiene que ejercer a la par de int\u00e9rprete y mercader: agitando vinilos para que se vean bien y rebuscando constantemente en m\u00e9tricas de Instagram, YouTube, TikTok, etc.; siempre con una suerte de \u00abtienda improvisada\u00bb encima, que a menudo suplanta al escenario como espacio ritual. Sin embargo, tambi\u00e9n esta transformaci\u00f3n ocurre a la par que el g\u00e9nero se enfrenta a una realidad verdaderamente desoladora. Esa que confiere los clubes de p\u00fablico espor\u00e1dico, at\u00edpico, fragmentado y siempre casual; as\u00ed como el preocupante fen\u00f3meno del \u00abamateurizamiento\u00bb, pues la l\u00ednea entre el m\u00fasico de excelencia y el <em>hobbyist <\/em>(aficionado), <strong>que le dice Ron Carter (b)<\/strong>, se ha desdibujado por completo; permitiendo que la falta de disciplina y el descuido de los fundamentos internos inherentes al estilo degraden el nivel interpretativo en favor de una m\u00fasica visual \u2014de videoclip\u2014, de la filigrana artificial y el efecto vacuo. Pues, me hiere decir que por desgracia, hemos pasado del arte que exig\u00eda cerrar los ojos para poder mezclarse con \u00e9l y viajar al interior de uno mismo ayudado por el discurso musical estupendo, a un sistema absurdo, condicionado esencialmente por un \u00ab\u00bfcu\u00e1ntos seguidores tienes?\u00bb y el \u00abqu\u00e9 pedales llevas\u00bb, mientras el verdadero tesoro para el buen oyente es saqueado, vilipendiado y en gran medida negado por una sociedad perdida y, tambi\u00e9n me atrevo a decir, ausente en lo que a esp\u00edritu art\u00edstico y cr\u00edtica se refiere.<\/p>\n<p style=\"text-align: center;\"><img loading=\"lazy\" decoding=\"async\" class=\"aligncenter size-large wp-image-105146\" title=\"\u00bfQu\u00e9 sucede hoy con el jazz? Si es que sucede algo\u2026 Por Marcos Pin [Relatos de jazz AKA Jazzolog\u00eda n\u00f3rdico-galaica] Tomajazz 1\" src=\"https:\/\/tomajazz.com\/web\/wp-content\/uploads\/2026\/04\/1-1-600x400.jpg\" alt=\"\u00bfQu\u00e9 sucede hoy con el jazz? Si es que sucede algo\u2026 Por Marcos Pin [Relatos de jazz AKA Jazzolog\u00eda n\u00f3rdico-galaica] - Tomajazz - \u00bfQu\u00e9 sucede hoy con el jazz? Si es que sucede algo\u2026 es la reflexi\u00f3n de Marcos Pin en la secci\u00f3n Jazzolog\u00eda N\u00f3rdico-Galaica en mayo de 2026, continuaci\u00f3n del art\u00edculo La industria y el jazz. Qu\u00e9 nos han vendido.\" width=\"600\" height=\"400\" srcset=\"https:\/\/tomajazz.com\/web\/wp-content\/uploads\/2026\/04\/1-1-600x400.jpg 600w, https:\/\/tomajazz.com\/web\/wp-content\/uploads\/2026\/04\/1-1-300x200.jpg 300w, https:\/\/tomajazz.com\/web\/wp-content\/uploads\/2026\/04\/1-1-768x512.jpg 768w, https:\/\/tomajazz.com\/web\/wp-content\/uploads\/2026\/04\/1-1-465x310.jpg 465w, https:\/\/tomajazz.com\/web\/wp-content\/uploads\/2026\/04\/1-1-695x463.jpg 695w, https:\/\/tomajazz.com\/web\/wp-content\/uploads\/2026\/04\/1-1.jpg 900w\" sizes=\"auto, (max-width: 600px) 100vw, 600px\" \/><\/p>\n<p>Porque acontece que, dentro de este proceso de cambio, los hist\u00f3ricos sellos discogr\u00e1ficos ya hace tiempo han claudicado ante la est\u00e9tica del cat\u00e1logo por encima de la del estilo. Puede verse as\u00ed en portadas otrora ic\u00f3nicas como las de Blue Note \u2014por nombrar s\u00f3lo uno\u2014, como el criterio de b\u00fasqueda ha basculado hacia artistas \u00abguapetes y lindas\u00bb \u2014no nos enga\u00f1emos, ya sucedi\u00f3 en su d\u00eda con Chet\u2026, \u00a1pero este, vaya si tocaba! \u2014, de imagen m\u00e1s acorde al momento visual que a la profundidad del importante discurso musical, que en la mayor\u00eda de estos casos se pretende bajo el influjo del caj\u00f3n de sastre que siempre ha sido la fusi\u00f3n. Qu\u00e9 duda cabe, esta degeneraci\u00f3n del idealismo responde en buena medida a una industria que, tras abandonar al m\u00fasico a su suerte en la d\u00e9cada de los 70, ha cambiado para capitalizar el jazz, pero no como arte, sino como mero producto: uno basado en la sexualidad, el \u00abcarisma de post\u00edn\u00bb y la exclusividad que busca el status social. Aunque claro, como suele ocurrir ante el vac\u00edo de apoyo real y verdadero, acabamos por creernos las muchas pamplinas que siempre nos cuentan, y el m\u00fasico de jazz tambi\u00e9n acab\u00f3 sucumbiendo al \u00ab<em>Do It Yourself<\/em>\u00bb (<em>DIY<\/em>) de finales de los 90, sinti\u00e9ndose amo y se\u00f1or de un sector ya en absoluta decadencia. Pues, tristemente, en realidad el artista independiente se ve atrapado desde entonces en la figura del \u00abm\u00fasico-tendero-productor-manager\u00bb: ese que sacude pl\u00e1stico con car\u00e1tula sobre la cabeza en\u00a0cada escenario, transformando la sala en vulgar tienda y el bolo en puro escaparate. Mas qu\u00e9 decir tiene, el enorme esfuerzo f\u00edsico y ps\u00edquico que entra\u00f1a vender CDs, vinilos, camisetas, <em>pendrives<\/em>, etc. choca frontalmente con la era actual, cuando la m\u00fasica se consume mayoritariamente a trav\u00e9s de tel\u00e9fonos m\u00f3viles y altavoces horribles que masacran toda calidad de sonido, reduciendo la experiencia est\u00e9tica a chabacano ruido de fondo comprimido e. incomprensiblemente, a tortura de la que muchos y muchas parecen disfrutar cual masocas. Y as\u00ed el enga\u00f1o se completa en plataformas de esas <em>online<\/em>, como YouTube, donde un hervidero de v\u00eddeos did\u00e1cticos protagonizados por \u00abexpertos\u00bb que mayormente jam\u00e1s han pisado un escenario siempre gritan a los cuatro vientos \u00ab\u00a1Lo est\u00e1s haciendo mal!\u00bb, y, lo que es peor, rompen por completo esa red de aprendizaje \u2014primordial y esencial\u2014 que antes s\u00f3lo se obten\u00eda en la carretera y venerando a los grandes que ya hab\u00edan hecho el camino. Est\u00e1 claro, hoy triunfa la \u00abm\u00fasica visual\u00bb, la que entra por los ojos, sobre la capacidad de escucha; habita dentro de un ecosistema donde el tutorial sustituye al experto, el <em>backing track <\/em>al ensayo y la sesi\u00f3n, y la autoayuda a la tenacidad; donde el n\u00famero de seguidores invalida, por primera vez en la historia, al talento.<\/p>\n<p style=\"text-align: center;\"><img loading=\"lazy\" decoding=\"async\" class=\"aligncenter size-large wp-image-105147\" title=\"\u00bfQu\u00e9 sucede hoy con el jazz? Si es que sucede algo\u2026 Por Marcos Pin [Relatos de jazz AKA Jazzolog\u00eda n\u00f3rdico-galaica] Tomajazz 2\" src=\"https:\/\/tomajazz.com\/web\/wp-content\/uploads\/2026\/04\/2-1-600x400.jpg\" alt=\"\u00bfQu\u00e9 sucede hoy con el jazz? Si es que sucede algo\u2026 Por Marcos Pin [Relatos de jazz AKA Jazzolog\u00eda n\u00f3rdico-galaica] - Tomajazz - \u00bfQu\u00e9 sucede hoy con el jazz? Si es que sucede algo\u2026 es la reflexi\u00f3n de Marcos Pin en la secci\u00f3n Jazzolog\u00eda N\u00f3rdico-Galaica en mayo de 2026, continuaci\u00f3n del art\u00edculo La industria y el jazz. Qu\u00e9 nos han vendido.\" width=\"600\" height=\"400\" srcset=\"https:\/\/tomajazz.com\/web\/wp-content\/uploads\/2026\/04\/2-1-600x400.jpg 600w, https:\/\/tomajazz.com\/web\/wp-content\/uploads\/2026\/04\/2-1-300x200.jpg 300w, https:\/\/tomajazz.com\/web\/wp-content\/uploads\/2026\/04\/2-1-768x512.jpg 768w, https:\/\/tomajazz.com\/web\/wp-content\/uploads\/2026\/04\/2-1-465x310.jpg 465w, https:\/\/tomajazz.com\/web\/wp-content\/uploads\/2026\/04\/2-1-695x463.jpg 695w, https:\/\/tomajazz.com\/web\/wp-content\/uploads\/2026\/04\/2-1.jpg 900w\" sizes=\"auto, (max-width: 600px) 100vw, 600px\" \/><\/p>\n<p>Asimismo, toda esta metamorfosis digital converge en la paradoja cruel que dicta el vivir en una era de abundancia sin precedentes donde, como acertadamente se\u00f1ala el afamado cr\u00edtico <strong>Nate Chinen (c)<\/strong>, \u00abel jazz es m\u00e1s accesible que nunca para cualquier persona con una conexi\u00f3n a internet; sin embargo, esta democratizaci\u00f3n del acceso esconde un importante \u00abvac\u00edo de valor\u00bb sist\u00e9mico\u00bb. Cierto, qu\u00e9 duda cabe, las plataformas de <em>streaming<\/em>, lejos de ser el refugio de ese artista independiente, han conseguido instaurar su planeada estricta tiran\u00eda, donde el 99% de las reproducciones se concentran en apenas el 10% de las pistas m\u00e1s populares, dejando a los lenguajes perif\u00e9ricos y complejos como el jazz o el cl\u00e1sico en absoluta oscuridad estad\u00edstica. T\u00e9ngase en cuenta que para un m\u00fasico de jazz \u2014cuya obra exige atenci\u00f3n y no es simplemente \u00abbarullo de fondo\u00bb\u2014 las matem\u00e1ticas de la industria son desoladoras: se calcula que un artista necesitar\u00eda alcanzar la locura de los 38 millones de reproducciones para obtener un salario anual equivalente al m\u00ednimo interprofesional. Lo traduce muy bien la chelista <strong>Zoe Keating (d)<\/strong>: \u00abeste modelo est\u00e1 condenando a la pobreza a los int\u00e9rpretes de g\u00e9neros nicho como el jazz o la cl\u00e1sica\u00bb; as\u00ed es.<\/p>\n<p>Empero el da\u00f1o no es tan s\u00f3lo econ\u00f3mico, sino tambi\u00e9n profundamente est\u00e9tico. Ya que la l\u00f3gica del algoritmo y esa inmediatez de las redes sociales provocan lo que <em>Chinen <\/em>llama un \u00abaplanamiento del matiz\u00bb. Y es que en el mundo de TikTok e Instagram, la conversaci\u00f3n sobre arte se simplifica hasta el paroxismo, sustituyendo la cr\u00edtica fundamentada por una m\u00fasica pamplina de consumo r\u00e1pido y banal. Se presenta m\u00e1s que claro: este sistema no s\u00f3lo saquea el bolsillo del m\u00fasico, sino que tambi\u00e9n erosiona la propia naturaleza del jazz: una m\u00fasica que, en palabras del mism\u00edsimo <strong>Wynton Marsalis (e)<\/strong>, \u00abdeber\u00eda ser lo suficientemente sofisticada y dif\u00edcil como para obligar a las generaciones futuras a preguntarse: \u00ab\u00bfC\u00f3mo demonios tocaron eso?\u201d\u00bb. Mas hoy en d\u00eda, por el contrario, corre el riesgo de perder su alma; pasando de ser un lenguaje de resistencia y descubrimiento personal y comunal a convertirse en una simple <em>app <\/em>con acordes; troceado y servido seg\u00fan las conveniencias del mercado m\u00e1s bizarro.<\/p>\n<p style=\"text-align: center;\"><img loading=\"lazy\" decoding=\"async\" class=\"aligncenter size-large wp-image-105149\" title=\"\u00bfQu\u00e9 sucede hoy con el jazz? Si es que sucede algo\u2026 Por Marcos Pin [Relatos de jazz AKA Jazzolog\u00eda n\u00f3rdico-galaica] Tomajazz 3\" src=\"https:\/\/tomajazz.com\/web\/wp-content\/uploads\/2026\/04\/3-1-600x400.jpg\" alt=\"\u00bfQu\u00e9 sucede hoy con el jazz? Si es que sucede algo\u2026 Por Marcos Pin [Relatos de jazz AKA Jazzolog\u00eda n\u00f3rdico-galaica] - Tomajazz - \u00bfQu\u00e9 sucede hoy con el jazz? Si es que sucede algo\u2026 es la reflexi\u00f3n de Marcos Pin en la secci\u00f3n Jazzolog\u00eda N\u00f3rdico-Galaica en mayo de 2026, continuaci\u00f3n del art\u00edculo La industria y el jazz. Qu\u00e9 nos han vendido.\" width=\"600\" height=\"400\" srcset=\"https:\/\/tomajazz.com\/web\/wp-content\/uploads\/2026\/04\/3-1-600x400.jpg 600w, https:\/\/tomajazz.com\/web\/wp-content\/uploads\/2026\/04\/3-1-300x200.jpg 300w, https:\/\/tomajazz.com\/web\/wp-content\/uploads\/2026\/04\/3-1-768x512.jpg 768w, https:\/\/tomajazz.com\/web\/wp-content\/uploads\/2026\/04\/3-1-465x310.jpg 465w, https:\/\/tomajazz.com\/web\/wp-content\/uploads\/2026\/04\/3-1-695x463.jpg 695w, https:\/\/tomajazz.com\/web\/wp-content\/uploads\/2026\/04\/3-1.jpg 900w\" sizes=\"auto, (max-width: 600px) 100vw, 600px\" \/><\/p>\n<p>Con todo, es bien sabido, esta crisis de excelencia no es fruto del azar, sino de la erosi\u00f3n de una disciplina que leyendas como <strong>Benny Goodman (f) <\/strong>consideraban la piedra angular del g\u00e9nero. Goodman, por ejemplo, cuya orquesta fue prodigio de precisi\u00f3n t\u00e9cnica, del sonido y el ataque perfecto, ya advert\u00eda en sus \u00faltimas entrevistas que actualmente ser\u00eda pr\u00e1cticamente imposible replicar aquel nivel de cohesi\u00f3n; \u00abporque el mundo moderno se mueve demasiado r\u00e1pido\u00bb, dec\u00eda. Si bien es cierto que, mientras en aquella era dorada las bandas ensayaban de forma extenuante hasta que cada nota y cada vibrato se fundiese en un solo organismo \u2014y todo siempre de memoria, sin las dichosas tablets de por medio\u2014, hoy el m\u00fasico se enfrenta a un sistema de ensayos absurdos\u00a0 \u2014sobre\u00a0 el escenario casi siempre\u2014, poco profundos,\u00a0pr\u00e1cticamente inexistentes, sin llegar al nivel que cualquier banda profesional debiera atender; pero son los tiempos que corren.<\/p>\n<p>Y es que toda esta prisa constante no ayuda sino a alimentar de forma directa el ya mencionado \u00abamateurizamiento\u00bb de la profesi\u00f3n, el \u00absi ese puede, yo tambi\u00e9n\u00bb que desemboca en absoluta mediocridad, que permite al aficionado ocupar el lugar del profesional sin haber dominado los fundamentos internos de un estilo que se debe enteramente a ellos. Y as\u00ed lo dice tambi\u00e9n <strong>Carter (a)<\/strong>: \u00abel respeto por la m\u00fasica se est\u00e1 perdiendo en favor de ejecutantes que simplemente \u00abtontean\u00bb con el instrumento los fines de semana, olvidando que la verdadera libertad interpretativa s\u00f3lo nace de conocer las reglas antes de romperlas\u00bb. Sin duda, todo esto no da sino como resultado lo que el baterista <strong>Stan Levey (g) <\/strong>describ\u00eda como \u00abuna preocupante tendencia en las nuevas generaciones a no escucharse entre s\u00ed\u00bb \u2014entre s\u00ed, ni a nadie; a\u00f1adir\u00eda yo\u2014. Y a la vez concuerdo en cada palabra cuando enuncia que \u00abse ha perdido la sutileza de llenar texturas y apoyar al solista\u00bb; en su lugar, el escenario se llena de m\u00fasicos que, aunque t\u00e9cnicamente capaces \u2014eso s\u00ed; \u00a1m\u00e1s que nunca! \u2014, han sacrificado la sensibilidad y la inteligencia musical por la filigrana visual que brilla en las pantallas de los m\u00f3viles, pero suena hueca en la penumbra de los muy pocos clubes que van quedando y que anta\u00f1o han visto d\u00edas mejores.<\/p>\n<p>Pero sin dejar atr\u00e1s el fen\u00f3meno del aficionado y la p\u00e9rdida de rigor. Cabe decir que no s\u00f3lo erosiona la t\u00e9cnica y el legado, sino que, en mi modo de ver, pone en peligro tambi\u00e9n la propia comunicaci\u00f3n art\u00edstica. Y as\u00ed sucede en el af\u00e1n por destacar en el escaparate digital, que muchos m\u00fasicos confunden la libertad interpretativa con una suerte de autoindulgencia subjetiva. A <strong>Bill Evans (h) <\/strong>me remito, quien ya en 1970 advert\u00eda sobre los riesgos de un jazz de vanguardia que, si bien era saludable en su esp\u00edritu, dec\u00eda, a menudo carec\u00eda de organizaci\u00f3n. Evans sosten\u00eda entonces que la libertad absoluta, sin una \u00abfuerza gu\u00eda est\u00e9tica\u00bb, corre siempre el riesgo de volverse tan personal que deje de relacionarse con el otro. Es m\u00e1s, sin esa disciplina que ordena el caos, la m\u00fasica se convierte, en palabras del pianista: \u00aben el llanto de un infante en la cuna: es expresi\u00f3n, s\u00ed, pero nadie se atrever\u00eda a llamarlo arte\u00bb.<\/p>\n<p>Es pues hoy que esta advertencia cobra una vigencia alarmante. Ya que con frecuencia se olvida que el jazz es un idioma capaz de contar historias, de lo m\u00e1s descriptivo, acerca de todos y cada uno de los \u00e1mbitos de la vida; pero para ser entendido ha de ser honesto y preciso. Aunque, lamentablemente, al sacrificar sus fundamentos siempre suena vac\u00edo, carente de esas\u00abenerg\u00eda qu\u00edmica\u00bb y alma m\u00e1gica que Levey y muchos otros consideraban \u00abla verdadera herencia de los gigantes\u00bb.<\/p>\n<p style=\"text-align: center;\"><img loading=\"lazy\" decoding=\"async\" class=\"aligncenter size-large wp-image-105148\" title=\"\u00bfQu\u00e9 sucede hoy con el jazz? Si es que sucede algo\u2026 Por Marcos Pin [Relatos de jazz AKA Jazzolog\u00eda n\u00f3rdico-galaica] Tomajazz 4\" src=\"https:\/\/tomajazz.com\/web\/wp-content\/uploads\/2026\/04\/4-1-600x400.jpg\" alt=\"\u00bfQu\u00e9 sucede hoy con el jazz? Si es que sucede algo\u2026 Por Marcos Pin [Relatos de jazz AKA Jazzolog\u00eda n\u00f3rdico-galaica] - Tomajazz - \u00bfQu\u00e9 sucede hoy con el jazz? Si es que sucede algo\u2026 es la reflexi\u00f3n de Marcos Pin en la secci\u00f3n Jazzolog\u00eda N\u00f3rdico-Galaica en mayo de 2026, continuaci\u00f3n del art\u00edculo La industria y el jazz. Qu\u00e9 nos han vendido.\" width=\"600\" height=\"400\" srcset=\"https:\/\/tomajazz.com\/web\/wp-content\/uploads\/2026\/04\/4-1-600x400.jpg 600w, https:\/\/tomajazz.com\/web\/wp-content\/uploads\/2026\/04\/4-1-300x200.jpg 300w, https:\/\/tomajazz.com\/web\/wp-content\/uploads\/2026\/04\/4-1-768x512.jpg 768w, https:\/\/tomajazz.com\/web\/wp-content\/uploads\/2026\/04\/4-1-465x310.jpg 465w, https:\/\/tomajazz.com\/web\/wp-content\/uploads\/2026\/04\/4-1-695x463.jpg 695w, https:\/\/tomajazz.com\/web\/wp-content\/uploads\/2026\/04\/4-1.jpg 900w\" sizes=\"auto, (max-width: 600px) 100vw, 600px\" \/><\/p>\n<p>No obstante, a pesar de habitar este panorama actual sombr\u00edo y desolador, la historia nos ense\u00f1a a no subestimar la resiliencia inherente al jazz. Ya se dijo en boca de Hobsbawm, posee poderes extraordinarios de supervivencia y autorrenovaci\u00f3n dentro de esta sociedad que no lo quiere. Y tambi\u00e9n la industria continuar\u00e1 mudando de piel escamosa, buscando capitalizar cada nueva tendencia; siempre ha sido as\u00ed. Sin embargo, no muchos saben que el verdadero esp\u00edritu de nuestra m\u00fasica permanece ajeno a todas esas tretas comerciales. S\u00f3lo es necesario recordar, quiz\u00e1 hoy m\u00e1s que nunca, que el mundo jam\u00e1s ha sido internet \u2014s\u00e9 que es duro para los m\u00e1s j\u00f3venes\u2014, que la m\u00fasica como tal, como medicina del alma, \u00fanicamente existe en el mundo real: se escucha y los m\u00fasicos la hacen en el aqu\u00ed y el ahora, lejos del brillo enga\u00f1oso de las pantallas o del ofensivo ruido de los reproductores cutres. El verdadero tesoro nunca podr\u00e1 ser capturado por ning\u00fan algoritmo. Y para que as\u00ed sea, nosotros, los oyentes, debemos siempre reclamar lo nuestro. Debemos ser cr\u00edticos con aquello que escuchamos. Apagar de inmediato la mediocridad, que no debemos permitir que robe nuestro tiempo. Pues tenemos derecho a recuperar esa voluntad de cerrar los ojos y mezclarnos con la historia que los que saben, porque la han vivido, nos relatan. Porque al final, si una obra tiene validez musical, tendr\u00e1 siempre la oportunidad de permanecer mucho despu\u00e9s de que el \u00faltimo servidor de TikTok se haya apagado \u2014que ojal\u00e1 sea pronto, por nuestro bien\u2014, en el coraz\u00f3n de quien la haya sabido\u00a0comprender acertadamente y, por qu\u00e9 no, la haya amado como lo que es: m\u00fasica reparadora, iluminadora, reconfortante, resiliente, hermosa\u2026; alimento del alma humana; nada m\u00e1s alejado de los \u00abceros y unos\u00bb.<\/p>\n<p style=\"text-align: right;\">Tomajazz: \u00a9 Marcos Pin, 2026<br \/>\nLas im\u00e1genes ya no est\u00e1n generadas con Sora, pero s\u00ed gracias a la IA. En este caso est\u00e1n basadas y derivadas a partir de <em>\u00bfQu\u00e9 sucede hoy con el jazz? Si es que sucede algo\u2026\u00a0<\/em>Prompt Engineer Pachi Tapiz.\u00a0 \u00a9 Tomajazz, 2026<\/p>\n<h3>Notas<\/h3>\n<p>a. Hobsbawm, Eric. Uncommon People: Resistance, Rebellion and Jazz.<br \/>\nb. Carter, Ron. Jazz Conversation: Ron Carter. Library of Congress. <a href=\"https:\/\/www.youtube.com\/watch?v=FKdP1ratv3M\" target=\"_blank\" rel=\"noopener\">https:\/\/www.youtube.com\/watch?v=FKdP1ratv3M<\/a><br \/>\nc. Chinen, Nate. Playing Changes: Jazz for the New Century. Citado en entrevista con Jerry Jazz Musician. <a href=\"https:\/\/www.jerryjazzmusician.com\/interview-with-nate-chinen-author-of-playing-changes-jazz-for-the-new-century\/\" target=\"_blank\" rel=\"noopener\">https:\/\/www.jerryjazzmusician.com\/interview-with-nate-chinen-author-of-playing-changes-<\/a><a href=\"https:\/\/www.jerryjazzmusician.com\/interview-with-nate-chinen-author-of-playing-changes-jazz-for-the-new-century\/\" target=\"_blank\" rel=\"noopener\">jazz-for-the-new-century\/<\/a><br \/>\nd. Hodgkins, Chris. Cold Comfort and Home Truths. Informing the review of Jazz In England. cold-comfort-and-home-truths-informing-the-review-of-jazz-in-england.pdf <a href=\"https:\/\/share.google\/v0nu8e8ZpWaYNW7vG\" target=\"_blank\" rel=\"noopener\">https:\/\/share.google\/v0nu8e8ZpWaYNW7vG<\/a><br \/>\ne. Marsalis, Wynton. The Jazz Review Interview. <a href=\"https:\/\/wyntonmarsalis.org\/news\/entry\/wynton-marsalis-the-jazz-review-interview\" target=\"_blank\" rel=\"noopener\">https:\/\/wyntonmarsalis.org\/news\/entry\/wynton-marsalis-the-jazz-review-interview<\/a><br \/>\nf. Goodman, Benny. Kennedy Center Honors Legend: Benny Goodman (In-Depth Interview). <a href=\"https:\/\/www.youtube.com\/watch?v=mATrtc56Cnw&amp;t=1775s\" target=\"_blank\" rel=\"noopener\">https:\/\/www.youtube.com\/watch?v=mATrtc56Cnw&amp;t=1775s<\/a><br \/>\ng. Levey, Stan. The Beginnings of Bebop. <a href=\"https:\/\/www.youtube.com\/watch?v=ZnHi0GR0REs&amp;t=386s\" target=\"_blank\" rel=\"noopener\">https:\/\/www.youtube.com\/watch?v=ZnHi0GR0REs&amp;t=386s<\/a><br \/>\nh. Evans, Bill. Bill Evans interview 1970. <a href=\"https:\/\/www.youtube.com\/watch?v=xix9KVnPxPY\" target=\"_blank\" rel=\"noopener\">https:\/\/www.youtube.com\/watch?v=xix9KVnPxPY<\/a><\/p>\n<h3>M\u00e1s informaci\u00f3n sobre Marcos Pin<\/h3>\n<p><a href=\"https:\/\/www.instagram.com\/marcospinmusic\/\" target=\"_blank\" rel=\"noopener\">https:\/\/www.instagram.com\/marcospinmusic\/<\/a><\/p>\n<p><a href=\"https:\/\/tomajazz.com\/web\/?s=marcos+pin&amp;submit=Search\" target=\"_blank\" rel=\"noopener\">https:\/\/tomajazz.com\/web\/?s=marcos+pin&amp;submit=Search<\/a><\/p>\n<h3>Jazzolog\u00eda n\u00f3rdico-galaica por Marcos Pin<\/h3>\n<blockquote class=\"wp-embedded-content\" data-secret=\"A9Lv6m4vpK\"><p><a href=\"https:\/\/tomajazz.com\/web\/la-industria-y-el-jazz-marcos-pin-2026-04\/\">La industria y el jazz. Qu\u00e9 nos han vendido. Por Marcos Pin [Relatos de jazz AKA Jazzolog\u00eda n\u00f3rdico-galaica]<\/a><\/p><\/blockquote>\n<p><iframe loading=\"lazy\" class=\"wp-embedded-content\" sandbox=\"allow-scripts\" security=\"restricted\" style=\"position: absolute; visibility: hidden;\" title=\"\u00abLa industria y el jazz. Qu\u00e9 nos han vendido. Por Marcos Pin [Relatos de jazz AKA Jazzolog\u00eda n\u00f3rdico-galaica]\u00bb \u2014 Tomajazz\" src=\"https:\/\/tomajazz.com\/web\/la-industria-y-el-jazz-marcos-pin-2026-04\/embed\/#?secret=MRRuT39WfA#?secret=A9Lv6m4vpK\" data-secret=\"A9Lv6m4vpK\" width=\"600\" height=\"338\" frameborder=\"0\" marginwidth=\"0\" marginheight=\"0\" scrolling=\"no\"><\/iframe><\/p>\n<blockquote class=\"wp-embedded-content\" data-secret=\"3tImy0UQAu\"><p><a href=\"https:\/\/tomajazz.com\/web\/el-fantasma-marcos-pin-2026-03\/\">El fantasma. Por Marcos Pin [Relatos de jazz AKA Jazzolog\u00eda n\u00f3rdico-galaica]<\/a><\/p><\/blockquote>\n<p><iframe loading=\"lazy\" class=\"wp-embedded-content\" sandbox=\"allow-scripts\" security=\"restricted\" style=\"position: absolute; visibility: hidden;\" title=\"\u00abEl fantasma. Por Marcos Pin [Relatos de jazz AKA Jazzolog\u00eda n\u00f3rdico-galaica]\u00bb \u2014 Tomajazz\" src=\"https:\/\/tomajazz.com\/web\/el-fantasma-marcos-pin-2026-03\/embed\/#?secret=GN7WNZTs8x#?secret=3tImy0UQAu\" data-secret=\"3tImy0UQAu\" width=\"600\" height=\"338\" frameborder=\"0\" marginwidth=\"0\" marginheight=\"0\" scrolling=\"no\"><\/iframe><\/p>\n<blockquote class=\"wp-embedded-content\" data-secret=\"a483d5BUp6\"><p><a href=\"https:\/\/tomajazz.com\/web\/la-libertad-marcos-pin-2026-02\/\">La libertad. Por Marcos Pin [Relatos de jazz AKA Jazzolog\u00eda n\u00f3rdico-galaica]<\/a><\/p><\/blockquote>\n<p><iframe loading=\"lazy\" class=\"wp-embedded-content\" sandbox=\"allow-scripts\" security=\"restricted\" style=\"position: absolute; visibility: hidden;\" title=\"\u00abLa libertad. Por Marcos Pin [Relatos de jazz AKA Jazzolog\u00eda n\u00f3rdico-galaica]\u00bb \u2014 Tomajazz\" src=\"https:\/\/tomajazz.com\/web\/la-libertad-marcos-pin-2026-02\/embed\/#?secret=fO6mvih0iZ#?secret=a483d5BUp6\" data-secret=\"a483d5BUp6\" width=\"600\" height=\"338\" frameborder=\"0\" marginwidth=\"0\" marginheight=\"0\" scrolling=\"no\"><\/iframe><\/p>\n<blockquote class=\"wp-embedded-content\" data-secret=\"0clKabqygD\"><p><a href=\"https:\/\/tomajazz.com\/web\/el-lujo-marcos-pin-2026-01\/\">El lujo. Por Marcos Pin [Relatos de jazz AKA Jazzolog\u00eda n\u00f3rdico-galaica]<\/a><\/p><\/blockquote>\n<p><iframe loading=\"lazy\" class=\"wp-embedded-content\" sandbox=\"allow-scripts\" security=\"restricted\" style=\"position: absolute; visibility: hidden;\" title=\"\u00abEl lujo. Por Marcos Pin [Relatos de jazz AKA Jazzolog\u00eda n\u00f3rdico-galaica]\u00bb \u2014 Tomajazz\" src=\"https:\/\/tomajazz.com\/web\/el-lujo-marcos-pin-2026-01\/embed\/#?secret=qI5OfHAbhU#?secret=0clKabqygD\" data-secret=\"0clKabqygD\" width=\"600\" height=\"338\" frameborder=\"0\" marginwidth=\"0\" marginheight=\"0\" scrolling=\"no\"><\/iframe><\/p>\n<blockquote class=\"wp-embedded-content\" data-secret=\"l6YEJ5aWwH\"><p><a href=\"https:\/\/tomajazz.com\/web\/la-revelacion-marcos-pin-2025-12\/\">La Revelaci\u00f3n. Por Marcos Pin [Relatos de jazz AKA Jazzolog\u00eda n\u00f3rdico-galaica]<\/a><\/p><\/blockquote>\n<p><iframe loading=\"lazy\" class=\"wp-embedded-content\" sandbox=\"allow-scripts\" security=\"restricted\" style=\"position: absolute; visibility: hidden;\" title=\"\u00abLa Revelaci\u00f3n. Por Marcos Pin [Relatos de jazz AKA Jazzolog\u00eda n\u00f3rdico-galaica]\u00bb \u2014 Tomajazz\" src=\"https:\/\/tomajazz.com\/web\/la-revelacion-marcos-pin-2025-12\/embed\/#?secret=pBaNTtROpY#?secret=l6YEJ5aWwH\" data-secret=\"l6YEJ5aWwH\" width=\"600\" height=\"338\" frameborder=\"0\" marginwidth=\"0\" marginheight=\"0\" scrolling=\"no\"><\/iframe><\/p>\n<blockquote class=\"wp-embedded-content\" data-secret=\"aFuT60JDsu\"><p><a href=\"https:\/\/tomajazz.com\/web\/el-impulso-por-marcos-pin-2025\/\">El Impulso. Por Marcos Pin [Relatos de jazz AKA Jazzolog\u00eda n\u00f3rdico-galaica]<\/a><\/p><\/blockquote>\n<p><iframe loading=\"lazy\" class=\"wp-embedded-content\" sandbox=\"allow-scripts\" security=\"restricted\" style=\"position: absolute; visibility: hidden;\" title=\"\u00abEl Impulso. Por Marcos Pin [Relatos de jazz AKA Jazzolog\u00eda n\u00f3rdico-galaica]\u00bb \u2014 Tomajazz\" src=\"https:\/\/tomajazz.com\/web\/el-impulso-por-marcos-pin-2025\/embed\/#?secret=Ng3oRaCwNq#?secret=aFuT60JDsu\" data-secret=\"aFuT60JDsu\" width=\"600\" height=\"338\" frameborder=\"0\" marginwidth=\"0\" marginheight=\"0\" scrolling=\"no\"><\/iframe><\/p>\n<blockquote class=\"wp-embedded-content\" data-secret=\"SMbwJ6VTQ1\"><p><a href=\"https:\/\/tomajazz.com\/web\/la-vida-por-marcos-pin-relatos-de-jazz-2025-10\/\">La vida. Por Marcos Pin [Relatos de jazz AKA Jazzolog\u00eda n\u00f3rdico-galaica]<\/a><\/p><\/blockquote>\n<p><iframe loading=\"lazy\" class=\"wp-embedded-content\" sandbox=\"allow-scripts\" security=\"restricted\" style=\"position: absolute; visibility: hidden;\" title=\"\u00abLa vida. Por Marcos Pin [Relatos de jazz AKA Jazzolog\u00eda n\u00f3rdico-galaica]\u00bb \u2014 Tomajazz\" src=\"https:\/\/tomajazz.com\/web\/la-vida-por-marcos-pin-relatos-de-jazz-2025-10\/embed\/#?secret=3kGXe0pptc#?secret=SMbwJ6VTQ1\" data-secret=\"SMbwJ6VTQ1\" width=\"600\" height=\"338\" frameborder=\"0\" marginwidth=\"0\" marginheight=\"0\" scrolling=\"no\"><\/iframe><\/p>\n<h3>Marcos Pin en Tomajazz<\/h3>\n<p><a href=\"https:\/\/tomajazz.com\/web\/category\/_marcos-pin\/\" target=\"_blank\" rel=\"noopener\">https:\/\/tomajazz.com\/web\/category\/_marcos-pin\/<\/a><\/p>\n","protected":false},"excerpt":{"rendered":"<p>\u00bfQu\u00e9 sucede hoy con el jazz? Si es que sucede algo\u2026 es la reflexi\u00f3n de Marcos Pin en la secci\u00f3n Jazzolog\u00eda N\u00f3rdico-Galaica en mayo de 2026, continuaci\u00f3n del art\u00edculo La industria y el jazz. Qu\u00e9 nos han vendido <span class=\"more-link\"><a href=\"https:\/\/tomajazz.com\/web\/que-sucede-hoy-con-el-jazz-marcos-pin-2026-05\/\">Contin\u00faa leyendo<\/a><\/span><\/p>\n","protected":false},"author":1,"featured_media":105148,"comment_status":"open","ping_status":"closed","sticky":false,"template":"","format":"standard","meta":{"jetpack_post_was_ever_published":false,"_jetpack_newsletter_access":"","_jetpack_dont_email_post_to_subs":false,"_jetpack_newsletter_tier_id":0,"_jetpack_memberships_contains_paywalled_content":false,"_jetpack_memberships_contains_paid_content":false,"footnotes":""},"categories":[32629,20190,24822,15517,1038],"tags":[8530,427,4855,374,24929,2158,18463,2372],"class_list":["entry","author-pachi","has-excerpt","post-105145","post","type-post","status-publish","format-standard","has-post-thumbnail","category-jazzologia-nordico-galaica","category-_marcos-pin","category-articulos","category-textos","category-contenidos","tag-benny-goodman","tag-bill-evans","tag-eric-hobsbawm","tag-marcos-pin","tag-nate-chinen","tag-ron-carter","tag-stan-levey","tag-wynton-marsalis"],"jetpack_featured_media_url":"https:\/\/tomajazz.com\/web\/wp-content\/uploads\/2026\/04\/4-1.jpg","jetpack_likes_enabled":true,"jetpack_sharing_enabled":true,"jetpack-related-posts":[{"id":104787,"url":"https:\/\/tomajazz.com\/web\/la-industria-y-el-jazz-marcos-pin-2026-04\/","url_meta":{"origin":105145,"position":0},"title":"La industria y el jazz. Qu\u00e9 nos han vendido. Por Marcos Pin [Relatos de jazz AKA Jazzolog\u00eda n\u00f3rdico-galaica]","author":"Tomajazz","date":"7 abril, 2026","format":false,"excerpt":"La industria y el jazz. Qu\u00e9 nos han vendido. Es la entrega de Marcos Pin en sus Relatos de jazz AKA Jazzolog\u00eda n\u00f3rdico-galaica de abril de 2026.","rel":"","context":"En \u00abJazzolog\u00eda n\u00f3rdico-galaica\u00bb","block_context":{"text":"Jazzolog\u00eda n\u00f3rdico-galaica","link":"https:\/\/tomajazz.com\/web\/category\/contenidos\/especial-contenidos\/jazzologia-nordico-galaica\/"},"img":{"alt_text":"La industria y el jazz. Qu\u00e9 nos han vendido. Por Marcos Pin [Relatos de jazz AKA Jazzolog\u00eda n\u00f3rdico-galaica] - Tomajazz - La industria y el jazz. Qu\u00e9 nos han vendido. Es la entrega de Marcos Pin en sus Relatos de jazz AKA Jazzolog\u00eda n\u00f3rdico-galaica de abril de 2026.","src":"https:\/\/i0.wp.com\/tomajazz.com\/web\/wp-content\/uploads\/2026\/04\/destacada-3-Todo-en-el-movil.jpg?resize=350%2C200&ssl=1","width":350,"height":200,"srcset":"https:\/\/i0.wp.com\/tomajazz.com\/web\/wp-content\/uploads\/2026\/04\/destacada-3-Todo-en-el-movil.jpg?resize=350%2C200&ssl=1 1x, https:\/\/i0.wp.com\/tomajazz.com\/web\/wp-content\/uploads\/2026\/04\/destacada-3-Todo-en-el-movil.jpg?resize=525%2C300&ssl=1 1.5x, https:\/\/i0.wp.com\/tomajazz.com\/web\/wp-content\/uploads\/2026\/04\/destacada-3-Todo-en-el-movil.jpg?resize=700%2C400&ssl=1 2x"},"classes":[]},{"id":103827,"url":"https:\/\/tomajazz.com\/web\/la-libertad-marcos-pin-2026-02\/","url_meta":{"origin":105145,"position":1},"title":"La libertad. Por Marcos Pin [Relatos de jazz AKA Jazzolog\u00eda n\u00f3rdico-galaica]","author":"Tomajazz","date":"1 febrero, 2026","format":false,"excerpt":"La libertad es el t\u00edtulo del relato de Marcos Pin en su secci\u00f3n Jazzolog\u00eda n\u00f3rdico-galaica","rel":"","context":"En \u00abJazzolog\u00eda n\u00f3rdico-galaica\u00bb","block_context":{"text":"Jazzolog\u00eda n\u00f3rdico-galaica","link":"https:\/\/tomajazz.com\/web\/category\/contenidos\/especial-contenidos\/jazzologia-nordico-galaica\/"},"img":{"alt_text":"La libertad. Por Marcos Pin [Relatos de jazz AKA Jazzolog\u00eda n\u00f3rdico-galaica] - Tomajazz - La libertad es el t\u00edtulo del relato de Marcos Pin en su secci\u00f3n Jazzolog\u00eda n\u00f3rdico-galaica","src":"https:\/\/i0.wp.com\/tomajazz.com\/web\/wp-content\/uploads\/2026\/01\/desacada-la-libertad-3.jpg?resize=350%2C200&ssl=1","width":350,"height":200,"srcset":"https:\/\/i0.wp.com\/tomajazz.com\/web\/wp-content\/uploads\/2026\/01\/desacada-la-libertad-3.jpg?resize=350%2C200&ssl=1 1x, https:\/\/i0.wp.com\/tomajazz.com\/web\/wp-content\/uploads\/2026\/01\/desacada-la-libertad-3.jpg?resize=525%2C300&ssl=1 1.5x, https:\/\/i0.wp.com\/tomajazz.com\/web\/wp-content\/uploads\/2026\/01\/desacada-la-libertad-3.jpg?resize=700%2C400&ssl=1 2x"},"classes":[]},{"id":104249,"url":"https:\/\/tomajazz.com\/web\/el-fantasma-marcos-pin-2026-03\/","url_meta":{"origin":105145,"position":2},"title":"El fantasma. Por Marcos Pin [Relatos de jazz AKA Jazzolog\u00eda n\u00f3rdico-galaica]","author":"Tomajazz","date":"1 marzo, 2026","format":false,"excerpt":"\"El fantasma\" es el t\u00edtulo del relato de Marcos Pin en su secci\u00f3n Jazzolog\u00eda n\u00f3rdico-galaica. Marida la historia con el tema \"The Clown\" de You Waited For It","rel":"","context":"En \u00abJazzolog\u00eda n\u00f3rdico-galaica\u00bb","block_context":{"text":"Jazzolog\u00eda n\u00f3rdico-galaica","link":"https:\/\/tomajazz.com\/web\/category\/contenidos\/especial-contenidos\/jazzologia-nordico-galaica\/"},"img":{"alt_text":"El fantasma. Por Marcos Pin [Relatos de jazz AKA Jazzolog\u00eda n\u00f3rdico-galaica] - Tomajazz - \"El fantasma\" es el t\u00edtulo del relato de Marcos Pin en su secci\u00f3n Jazzolog\u00eda n\u00f3rdico-galaica. Marida la historia con el tema \"The Clown\" de You Waited For It","src":"https:\/\/i0.wp.com\/tomajazz.com\/web\/wp-content\/uploads\/2026\/02\/el-fantasma-2.webp?resize=350%2C200&ssl=1","width":350,"height":200,"srcset":"https:\/\/i0.wp.com\/tomajazz.com\/web\/wp-content\/uploads\/2026\/02\/el-fantasma-2.webp?resize=350%2C200&ssl=1 1x, https:\/\/i0.wp.com\/tomajazz.com\/web\/wp-content\/uploads\/2026\/02\/el-fantasma-2.webp?resize=525%2C300&ssl=1 1.5x, https:\/\/i0.wp.com\/tomajazz.com\/web\/wp-content\/uploads\/2026\/02\/el-fantasma-2.webp?resize=700%2C400&ssl=1 2x, https:\/\/i0.wp.com\/tomajazz.com\/web\/wp-content\/uploads\/2026\/02\/el-fantasma-2.webp?resize=1050%2C600&ssl=1 3x, https:\/\/i0.wp.com\/tomajazz.com\/web\/wp-content\/uploads\/2026\/02\/el-fantasma-2.webp?resize=1400%2C800&ssl=1 4x"},"classes":[]},{"id":99785,"url":"https:\/\/tomajazz.com\/web\/la-vida-por-marcos-pin-relatos-de-jazz-2025-10\/","url_meta":{"origin":105145,"position":3},"title":"La vida. Por Marcos Pin [Relatos de jazz AKA Jazzolog\u00eda n\u00f3rdico-galaica]","author":"Tomajazz","date":"1 octubre, 2025","format":false,"excerpt":"La vida es el t\u00edtulo del relato con el que el m\u00fasico Marcos Pin estrena su nueva secci\u00f3n de relatos de jazz, Jazzolog\u00eda n\u00f3rdico-galaica","rel":"","context":"En \u00abJazzolog\u00eda n\u00f3rdico-galaica\u00bb","block_context":{"text":"Jazzolog\u00eda n\u00f3rdico-galaica","link":"https:\/\/tomajazz.com\/web\/category\/contenidos\/especial-contenidos\/jazzologia-nordico-galaica\/"},"img":{"alt_text":"La vida. Por Marcos Pin [Relatos de jazz AKA Jazzolig\u00eda n\u00f3rdico-galaica] - Tomajazz - La vida es el t\u00edtulo del relato con el que el m\u00fasico Marcos Pin estrena su nueva secci\u00f3n de relatos de jazz, Jazzolig\u00eda n\u00f3rdico-galaica","src":"https:\/\/i0.wp.com\/tomajazz.com\/web\/wp-content\/uploads\/2025\/09\/La-vida-2-by-Sora-Tomajazz.jpg?resize=350%2C200&ssl=1","width":350,"height":200,"srcset":"https:\/\/i0.wp.com\/tomajazz.com\/web\/wp-content\/uploads\/2025\/09\/La-vida-2-by-Sora-Tomajazz.jpg?resize=350%2C200&ssl=1 1x, https:\/\/i0.wp.com\/tomajazz.com\/web\/wp-content\/uploads\/2025\/09\/La-vida-2-by-Sora-Tomajazz.jpg?resize=525%2C300&ssl=1 1.5x, https:\/\/i0.wp.com\/tomajazz.com\/web\/wp-content\/uploads\/2025\/09\/La-vida-2-by-Sora-Tomajazz.jpg?resize=700%2C400&ssl=1 2x"},"classes":[]},{"id":101204,"url":"https:\/\/tomajazz.com\/web\/el-impulso-por-marcos-pin-2025\/","url_meta":{"origin":105145,"position":4},"title":"El Impulso. Por Marcos Pin [Relatos de jazz AKA Jazzolog\u00eda n\u00f3rdico-galaica]","author":"Tomajazz","date":"1 noviembre, 2025","format":false,"excerpt":"El Impulso es la segunda entrega de Marcos Pin en su Jazzolog\u00eda n\u00f3rdico-galaica","rel":"","context":"En \u00abJazzolog\u00eda n\u00f3rdico-galaica\u00bb","block_context":{"text":"Jazzolog\u00eda n\u00f3rdico-galaica","link":"https:\/\/tomajazz.com\/web\/category\/contenidos\/especial-contenidos\/jazzologia-nordico-galaica\/"},"img":{"alt_text":"El Impulso. Por Marcos Pin [Relatos de jazz AKA Jazzolig\u00eda n\u00f3rdico-galaica] - Tomajazz - El Impulso es la segunda entrega de Marcos Pin en su Jazzolig\u00eda n\u00f3rdico-galaica","src":"https:\/\/i0.wp.com\/tomajazz.com\/web\/wp-content\/uploads\/2025\/10\/destacada-Imagen-4-ver-1.jpg?resize=350%2C200&ssl=1","width":350,"height":200,"srcset":"https:\/\/i0.wp.com\/tomajazz.com\/web\/wp-content\/uploads\/2025\/10\/destacada-Imagen-4-ver-1.jpg?resize=350%2C200&ssl=1 1x, https:\/\/i0.wp.com\/tomajazz.com\/web\/wp-content\/uploads\/2025\/10\/destacada-Imagen-4-ver-1.jpg?resize=525%2C300&ssl=1 1.5x, https:\/\/i0.wp.com\/tomajazz.com\/web\/wp-content\/uploads\/2025\/10\/destacada-Imagen-4-ver-1.jpg?resize=700%2C400&ssl=1 2x"},"classes":[]},{"id":103135,"url":"https:\/\/tomajazz.com\/web\/el-lujo-marcos-pin-2026-01\/","url_meta":{"origin":105145,"position":5},"title":"El lujo. Por Marcos Pin [Relatos de jazz AKA Jazzolog\u00eda n\u00f3rdico-galaica]","author":"Tomajazz","date":"1 enero, 2026","format":false,"excerpt":"El lujo es el t\u00edtulo de la entrega de Marcos Pin en la secci\u00f3n Jazzolog\u00eda n\u00f3rdico-galaica en el estreno del a\u00f1o 2026","rel":"","context":"En \u00abJazzolog\u00eda n\u00f3rdico-galaica\u00bb","block_context":{"text":"Jazzolog\u00eda n\u00f3rdico-galaica","link":"https:\/\/tomajazz.com\/web\/category\/contenidos\/especial-contenidos\/jazzologia-nordico-galaica\/"},"img":{"alt_text":"El lujo. Por Marcos Pin [Relatos de jazz AKA Jazzolig\u00eda n\u00f3rdico-galaica] - Tomajazz - El lujo es el t\u00edtulo de la entrega de Marcos Pin en la secci\u00f3n Jazzolig\u00eda n\u00f3rdico-galaica","src":"https:\/\/i0.wp.com\/tomajazz.com\/web\/wp-content\/uploads\/2025\/12\/El-Lujo-Ilustracion-by-Pachi-Tapiz-via-Sora.jpeg?resize=350%2C200&ssl=1","width":350,"height":200,"srcset":"https:\/\/i0.wp.com\/tomajazz.com\/web\/wp-content\/uploads\/2025\/12\/El-Lujo-Ilustracion-by-Pachi-Tapiz-via-Sora.jpeg?resize=350%2C200&ssl=1 1x, https:\/\/i0.wp.com\/tomajazz.com\/web\/wp-content\/uploads\/2025\/12\/El-Lujo-Ilustracion-by-Pachi-Tapiz-via-Sora.jpeg?resize=525%2C300&ssl=1 1.5x, https:\/\/i0.wp.com\/tomajazz.com\/web\/wp-content\/uploads\/2025\/12\/El-Lujo-Ilustracion-by-Pachi-Tapiz-via-Sora.jpeg?resize=700%2C400&ssl=1 2x, https:\/\/i0.wp.com\/tomajazz.com\/web\/wp-content\/uploads\/2025\/12\/El-Lujo-Ilustracion-by-Pachi-Tapiz-via-Sora.jpeg?resize=1050%2C600&ssl=1 3x, https:\/\/i0.wp.com\/tomajazz.com\/web\/wp-content\/uploads\/2025\/12\/El-Lujo-Ilustracion-by-Pachi-Tapiz-via-Sora.jpeg?resize=1400%2C800&ssl=1 4x"},"classes":[]}],"_links":{"self":[{"href":"https:\/\/tomajazz.com\/web\/wp-json\/wp\/v2\/posts\/105145","targetHints":{"allow":["GET"]}}],"collection":[{"href":"https:\/\/tomajazz.com\/web\/wp-json\/wp\/v2\/posts"}],"about":[{"href":"https:\/\/tomajazz.com\/web\/wp-json\/wp\/v2\/types\/post"}],"author":[{"embeddable":true,"href":"https:\/\/tomajazz.com\/web\/wp-json\/wp\/v2\/users\/1"}],"replies":[{"embeddable":true,"href":"https:\/\/tomajazz.com\/web\/wp-json\/wp\/v2\/comments?post=105145"}],"version-history":[{"count":2,"href":"https:\/\/tomajazz.com\/web\/wp-json\/wp\/v2\/posts\/105145\/revisions"}],"predecessor-version":[{"id":105151,"href":"https:\/\/tomajazz.com\/web\/wp-json\/wp\/v2\/posts\/105145\/revisions\/105151"}],"wp:featuredmedia":[{"embeddable":true,"href":"https:\/\/tomajazz.com\/web\/wp-json\/wp\/v2\/media\/105148"}],"wp:attachment":[{"href":"https:\/\/tomajazz.com\/web\/wp-json\/wp\/v2\/media?parent=105145"}],"wp:term":[{"taxonomy":"category","embeddable":true,"href":"https:\/\/tomajazz.com\/web\/wp-json\/wp\/v2\/categories?post=105145"},{"taxonomy":"post_tag","embeddable":true,"href":"https:\/\/tomajazz.com\/web\/wp-json\/wp\/v2\/tags?post=105145"}],"curies":[{"name":"wp","href":"https:\/\/api.w.org\/{rel}","templated":true}]}}