{"id":105169,"date":"2026-05-03T12:00:57","date_gmt":"2026-05-03T10:00:57","guid":{"rendered":"https:\/\/tomajazz.com\/web\/?p=105169"},"modified":"2026-05-02T14:01:48","modified_gmt":"2026-05-02T12:01:48","slug":"invierno-femenino-2025-26-ii","status":"publish","type":"post","link":"https:\/\/tomajazz.com\/web\/invierno-femenino-2025-26-ii\/","title":{"rendered":"Invierno Femenino 2025-26 [II] Por Joan Cort\u00e8s [INSTANTZZ AKA Galer\u00eda fotogr\u00e1fica AKA Fotoblog de jazz, impro\u2026 y algo m\u00e1s]"},"content":{"rendered":"<h3>Invierno Femenino 2025-26<\/h3>\n<ul>\n<li>Fecha: del 26 de febrero de 2025 al 19 de marzo de 2026 (anotadas en cada imagen)<\/li>\n<li>Lugar: Escenarios y localidades especificadas en cada fotograf\u00eda<\/li>\n<li>Componentes: Formaciones detalladas en los enlaces respectivos<\/li>\n<\/ul>\n<p style=\"text-align: center;\"><a href=\"https:\/\/tomajazz.com\/web\/jordina-milla-vasco-trilla-museu-de-lleida-2026\/\" target=\"_blank\" rel=\"noopener noreferrer\"><img loading=\"lazy\" decoding=\"async\" class=\"aligncenter size-full wp-image-105170\" title=\"Invierno Femenino 2025-26 [II] Por Joan Cort\u00e8s [INSTANTZZ AKA Galer\u00eda fotogr\u00e1fica AKA Fotoblog de jazz, impro\u2026 y algo m\u00e1s] Tomajazz 01 Jrdn Mll Vsc Trll \u00a9Joan Cort\u00e8s 06fbr26 Ms d Lld Lld\" src=\"https:\/\/tomajazz.com\/web\/wp-content\/uploads\/2026\/05\/01-Jrdn-Mll-Vsc-Trll-\u00a9Joan-Cortes-06fbr26-Ms-d-Lld-Lld.jpg\" alt=\"Invierno Femenino 2025-26 [II] Por Joan Cort\u00e8s [INSTANTZZ AKA Galer\u00eda fotogr\u00e1fica AKA Fotoblog de jazz, impro\u2026 y algo m\u00e1s] - Tomajazz - Un cl\u00e1sico de Joan Cor\" width=\"400\" height=\"600\" srcset=\"https:\/\/tomajazz.com\/web\/wp-content\/uploads\/2026\/05\/01-Jrdn-Mll-Vsc-Trll-\u00a9Joan-Cortes-06fbr26-Ms-d-Lld-Lld.jpg 400w, https:\/\/tomajazz.com\/web\/wp-content\/uploads\/2026\/05\/01-Jrdn-Mll-Vsc-Trll-\u00a9Joan-Cortes-06fbr26-Ms-d-Lld-Lld-200x300.jpg 200w, https:\/\/tomajazz.com\/web\/wp-content\/uploads\/2026\/05\/01-Jrdn-Mll-Vsc-Trll-\u00a9Joan-Cortes-06fbr26-Ms-d-Lld-Lld-367x550.jpg 367w, https:\/\/tomajazz.com\/web\/wp-content\/uploads\/2026\/05\/01-Jrdn-Mll-Vsc-Trll-\u00a9Joan-Cortes-06fbr26-Ms-d-Lld-Lld-333x500.jpg 333w\" sizes=\"auto, (max-width: 400px) 100vw, 400px\" \/>Jordina Mill\u00e0<\/a><\/p>\n<hr \/>\n<p style=\"text-align: center;\"><a href=\"https:\/\/tomajazz.com\/web\/agusti-fernandez-sonia-sanchez-lucia-martinez-cdj25-2026\/\" target=\"_blank\" rel=\"noopener noreferrer\"><img loading=\"lazy\" decoding=\"async\" class=\"aligncenter size-full wp-image-105171\" title=\"Invierno Femenino 2025-26 [II] Por Joan Cort\u00e8s [INSTANTZZ AKA Galer\u00eda fotogr\u00e1fica AKA Fotoblog de jazz, impro\u2026 y algo m\u00e1s] Tomajazz 02 Frnndz Snchz Mrtnz \u00a9Joan Cort\u00e8s 14fbr26 25nCdJ Jmbr Bcn 1\" src=\"https:\/\/tomajazz.com\/web\/wp-content\/uploads\/2026\/05\/02-Frnndz-Snchz-Mrtnz-\u00a9Joan-Cortes-14fbr26-25nCdJ-Jmbr-Bcn-1.jpg\" alt=\"Invierno Femenino 2025-26 [II] Por Joan Cort\u00e8s [INSTANTZZ AKA Galer\u00eda fotogr\u00e1fica AKA Fotoblog de jazz, impro\u2026 y algo m\u00e1s] - Tomajazz - Un cl\u00e1sico de Joan Cor\" width=\"400\" height=\"600\" srcset=\"https:\/\/tomajazz.com\/web\/wp-content\/uploads\/2026\/05\/02-Frnndz-Snchz-Mrtnz-\u00a9Joan-Cortes-14fbr26-25nCdJ-Jmbr-Bcn-1.jpg 400w, https:\/\/tomajazz.com\/web\/wp-content\/uploads\/2026\/05\/02-Frnndz-Snchz-Mrtnz-\u00a9Joan-Cortes-14fbr26-25nCdJ-Jmbr-Bcn-1-200x300.jpg 200w, https:\/\/tomajazz.com\/web\/wp-content\/uploads\/2026\/05\/02-Frnndz-Snchz-Mrtnz-\u00a9Joan-Cortes-14fbr26-25nCdJ-Jmbr-Bcn-1-367x550.jpg 367w, https:\/\/tomajazz.com\/web\/wp-content\/uploads\/2026\/05\/02-Frnndz-Snchz-Mrtnz-\u00a9Joan-Cortes-14fbr26-25nCdJ-Jmbr-Bcn-1-333x500.jpg 333w\" sizes=\"auto, (max-width: 400px) 100vw, 400px\" \/>S\u00f2nia S\u00e1nchez<\/a><\/p>\n<hr \/>\n<p style=\"text-align: center;\"><a href=\"https:\/\/tomajazz.com\/web\/agusti-fernandez-sonia-sanchez-lucia-martinez-cdj25-2026\/\" target=\"_blank\" rel=\"noopener noreferrer\"><img loading=\"lazy\" decoding=\"async\" class=\"aligncenter size-full wp-image-105172\" title=\"Invierno Femenino 2025-26 [II] Por Joan Cort\u00e8s [INSTANTZZ AKA Galer\u00eda fotogr\u00e1fica AKA Fotoblog de jazz, impro\u2026 y algo m\u00e1s] Tomajazz 03 Frnndz Snchz Mrtnz \u00a9Joan Cort\u00e8s 14fbr26 25nCdJ Jmbr Bcn 2\" src=\"https:\/\/tomajazz.com\/web\/wp-content\/uploads\/2026\/05\/03-Frnndz-Snchz-Mrtnz-\u00a9Joan-Cortes-14fbr26-25nCdJ-Jmbr-Bcn-2.jpg\" alt=\"Invierno Femenino 2025-26 [II] Por Joan Cort\u00e8s [INSTANTZZ AKA Galer\u00eda fotogr\u00e1fica AKA Fotoblog de jazz, impro\u2026 y algo m\u00e1s] - Tomajazz - Un cl\u00e1sico de Joan Cort\u00e8s en Tomajazz al finalizar cada estaci\u00f3n... en esta ocasi\u00f3n, la segunda parte de Invierno Femenino 2025-26. Con im\u00e1genes de...\" width=\"400\" height=\"600\" srcset=\"https:\/\/tomajazz.com\/web\/wp-content\/uploads\/2026\/05\/03-Frnndz-Snchz-Mrtnz-\u00a9Joan-Cortes-14fbr26-25nCdJ-Jmbr-Bcn-2.jpg 400w, https:\/\/tomajazz.com\/web\/wp-content\/uploads\/2026\/05\/03-Frnndz-Snchz-Mrtnz-\u00a9Joan-Cortes-14fbr26-25nCdJ-Jmbr-Bcn-2-200x300.jpg 200w, https:\/\/tomajazz.com\/web\/wp-content\/uploads\/2026\/05\/03-Frnndz-Snchz-Mrtnz-\u00a9Joan-Cortes-14fbr26-25nCdJ-Jmbr-Bcn-2-367x550.jpg 367w, https:\/\/tomajazz.com\/web\/wp-content\/uploads\/2026\/05\/03-Frnndz-Snchz-Mrtnz-\u00a9Joan-Cortes-14fbr26-25nCdJ-Jmbr-Bcn-2-333x500.jpg 333w\" sizes=\"auto, (max-width: 400px) 100vw, 400px\" \/>Luc\u00eda Mart\u00ednez<\/a><\/p>\n<hr \/>\n<p style=\"text-align: center;\"><a href=\"https:\/\/tomajazz.com\/web\/russ-lossing-mood-trio-jamboree-2026\/\" target=\"_blank\" rel=\"noopener noreferrer\"><img loading=\"lazy\" decoding=\"async\" class=\"aligncenter size-full wp-image-105173\" title=\"Invierno Femenino 2025-26 [II] Por Joan Cort\u00e8s [INSTANTZZ AKA Galer\u00eda fotogr\u00e1fica AKA Fotoblog de jazz, impro\u2026 y algo m\u00e1s] Tomajazz 04 Rss Lssng \u00a9Joan Cort\u00e8s 18fbr26 Jmbr Bcn\" src=\"https:\/\/tomajazz.com\/web\/wp-content\/uploads\/2026\/05\/04-Rss-Lssng-\u00a9Joan-Cortes-18fbr26-Jmbr-Bcn.jpg\" alt=\"Invierno Femenino 2025-26 [II] Por Joan Cort\u00e8s [INSTANTZZ AKA Galer\u00eda fotogr\u00e1fica AKA Fotoblog de jazz, impro\u2026 y algo m\u00e1s] - Tomajazz - Un cl\u00e1sico de Joan Cort\u00e8s en Tomajazz al finalizar cada estaci\u00f3n... en esta ocasi\u00f3n, la segunda parte de Invierno Femenino 2025-26. Con im\u00e1genes de...\" width=\"400\" height=\"600\" srcset=\"https:\/\/tomajazz.com\/web\/wp-content\/uploads\/2026\/05\/04-Rss-Lssng-\u00a9Joan-Cortes-18fbr26-Jmbr-Bcn.jpg 400w, https:\/\/tomajazz.com\/web\/wp-content\/uploads\/2026\/05\/04-Rss-Lssng-\u00a9Joan-Cortes-18fbr26-Jmbr-Bcn-200x300.jpg 200w, https:\/\/tomajazz.com\/web\/wp-content\/uploads\/2026\/05\/04-Rss-Lssng-\u00a9Joan-Cortes-18fbr26-Jmbr-Bcn-367x550.jpg 367w, https:\/\/tomajazz.com\/web\/wp-content\/uploads\/2026\/05\/04-Rss-Lssng-\u00a9Joan-Cortes-18fbr26-Jmbr-Bcn-333x500.jpg 333w\" sizes=\"auto, (max-width: 400px) 100vw, 400px\" \/>Dayeon Seok<\/a><\/p>\n<hr \/>\n<p style=\"text-align: center;\"><a href=\"https:\/\/tomajazz.com\/web\/luz-prado-cimic-2026\/\" target=\"_blank\" rel=\"noopener noreferrer\"><img loading=\"lazy\" decoding=\"async\" class=\"aligncenter size-full wp-image-105174\" title=\"Invierno Femenino 2025-26 [II] Por Joan Cort\u00e8s [INSTANTZZ AKA Galer\u00eda fotogr\u00e1fica AKA Fotoblog de jazz, impro\u2026 y algo m\u00e1s] Tomajazz 05 Lz Prd \u00a9Joan Cort\u00e8s 21fbr26 CnMmC Cn Btt lt\" src=\"https:\/\/tomajazz.com\/web\/wp-content\/uploads\/2026\/05\/05-Lz-Prd-\u00a9Joan-Cortes-21fbr26-CnMmC-Cn-Btt-lt.jpg\" alt=\"Invierno Femenino 2025-26 [II] Por Joan Cort\u00e8s [INSTANTZZ AKA Galer\u00eda fotogr\u00e1fica AKA Fotoblog de jazz, impro\u2026 y algo m\u00e1s] - Tomajazz - Un cl\u00e1sico de Joan Cort\u00e8s en Tomajazz al finalizar cada estaci\u00f3n... en esta ocasi\u00f3n, la segunda parte de Invierno Femenino 2025-26. Con im\u00e1genes de...\" width=\"400\" height=\"600\" srcset=\"https:\/\/tomajazz.com\/web\/wp-content\/uploads\/2026\/05\/05-Lz-Prd-\u00a9Joan-Cortes-21fbr26-CnMmC-Cn-Btt-lt.jpg 400w, https:\/\/tomajazz.com\/web\/wp-content\/uploads\/2026\/05\/05-Lz-Prd-\u00a9Joan-Cortes-21fbr26-CnMmC-Cn-Btt-lt-200x300.jpg 200w, https:\/\/tomajazz.com\/web\/wp-content\/uploads\/2026\/05\/05-Lz-Prd-\u00a9Joan-Cortes-21fbr26-CnMmC-Cn-Btt-lt-367x550.jpg 367w, https:\/\/tomajazz.com\/web\/wp-content\/uploads\/2026\/05\/05-Lz-Prd-\u00a9Joan-Cortes-21fbr26-CnMmC-Cn-Btt-lt-333x500.jpg 333w\" sizes=\"auto, (max-width: 400px) 100vw, 400px\" \/>Luz Prado<\/a><\/p>\n<hr \/>\n<p style=\"text-align: center;\"><a href=\"https:\/\/tomajazz.com\/web\/alba-careta-group-panical-jazz-granollers-2026\/\" target=\"_blank\" rel=\"noopener noreferrer\"><img loading=\"lazy\" decoding=\"async\" class=\"aligncenter size-full wp-image-105175\" title=\"Invierno Femenino 2025-26 [II] Por Joan Cort\u00e8s [INSTANTZZ AKA Galer\u00eda fotogr\u00e1fica AKA Fotoblog de jazz, impro\u2026 y algo m\u00e1s] Tomajazz 06 lb Crt Grp \u00a9Joan Cort\u00e8s 27fbr26 36JGF CG CR Grnllrs\" src=\"https:\/\/tomajazz.com\/web\/wp-content\/uploads\/2026\/05\/06-lb-Crt-Grp-\u00a9Joan-Cortes-27fbr26-36JGF-CG-CR-Grnllrs.jpg\" alt=\"Invierno Femenino 2025-26 [II] Por Joan Cort\u00e8s [INSTANTZZ AKA Galer\u00eda fotogr\u00e1fica AKA Fotoblog de jazz, impro\u2026 y algo m\u00e1s] - Tomajazz - Un cl\u00e1sico de Joan Cort\u00e8s en Tomajazz al finalizar cada estaci\u00f3n... en esta ocasi\u00f3n, la segunda parte de Invierno Femenino 2025-26. Con im\u00e1genes de...\" width=\"400\" height=\"600\" srcset=\"https:\/\/tomajazz.com\/web\/wp-content\/uploads\/2026\/05\/06-lb-Crt-Grp-\u00a9Joan-Cortes-27fbr26-36JGF-CG-CR-Grnllrs.jpg 400w, https:\/\/tomajazz.com\/web\/wp-content\/uploads\/2026\/05\/06-lb-Crt-Grp-\u00a9Joan-Cortes-27fbr26-36JGF-CG-CR-Grnllrs-200x300.jpg 200w, https:\/\/tomajazz.com\/web\/wp-content\/uploads\/2026\/05\/06-lb-Crt-Grp-\u00a9Joan-Cortes-27fbr26-36JGF-CG-CR-Grnllrs-367x550.jpg 367w, https:\/\/tomajazz.com\/web\/wp-content\/uploads\/2026\/05\/06-lb-Crt-Grp-\u00a9Joan-Cortes-27fbr26-36JGF-CG-CR-Grnllrs-333x500.jpg 333w\" sizes=\"auto, (max-width: 400px) 100vw, 400px\" \/>Alba Careta<\/a><\/p>\n<hr \/>\n<p style=\"text-align: center;\"><a href=\"https:\/\/tomajazz.com\/web\/bize-season-jazzebre-2026\/\" target=\"_blank\" rel=\"noopener noreferrer\"><img loading=\"lazy\" decoding=\"async\" class=\"aligncenter size-full wp-image-105176\" title=\"Invierno Femenino 2025-26 [II] Por Joan Cort\u00e8s [INSTANTZZ AKA Galer\u00eda fotogr\u00e1fica AKA Fotoblog de jazz, impro\u2026 y algo m\u00e1s] Tomajazz 07 BZ \u00a9Joan Cort\u00e8s 12mr\u00e726 Ssn Jzzbr MrC nPVD Prpny\" src=\"https:\/\/tomajazz.com\/web\/wp-content\/uploads\/2026\/05\/07-BZ-\u00a9Joan-Cortes-12mrc26-Ssn-Jzzbr-MrC-nPVD-Prpny.jpg\" alt=\"Invierno Femenino 2025-26 [II] Por Joan Cort\u00e8s [INSTANTZZ AKA Galer\u00eda fotogr\u00e1fica AKA Fotoblog de jazz, impro\u2026 y algo m\u00e1s] - Tomajazz - Un cl\u00e1sico de Joan Cort\u00e8s en Tomajazz al finalizar cada estaci\u00f3n... en esta ocasi\u00f3n, la segunda parte de Invierno Femenino 2025-26. Con im\u00e1genes de...\" width=\"600\" height=\"400\" srcset=\"https:\/\/tomajazz.com\/web\/wp-content\/uploads\/2026\/05\/07-BZ-\u00a9Joan-Cortes-12mrc26-Ssn-Jzzbr-MrC-nPVD-Prpny.jpg 600w, https:\/\/tomajazz.com\/web\/wp-content\/uploads\/2026\/05\/07-BZ-\u00a9Joan-Cortes-12mrc26-Ssn-Jzzbr-MrC-nPVD-Prpny-300x200.jpg 300w, https:\/\/tomajazz.com\/web\/wp-content\/uploads\/2026\/05\/07-BZ-\u00a9Joan-Cortes-12mrc26-Ssn-Jzzbr-MrC-nPVD-Prpny-465x310.jpg 465w\" sizes=\"auto, (max-width: 600px) 100vw, 600px\" \/>Sylvaine H\u00e9lary<\/a><\/p>\n<hr \/>\n<p style=\"text-align: center;\"><a href=\"https:\/\/tomajazz.com\/web\/adam-ofarrill-elephant-jazz-cava-vic-2026\/\" target=\"_blank\" rel=\"noopener noreferrer\"><img loading=\"lazy\" decoding=\"async\" class=\"aligncenter size-full wp-image-105177\" title=\"Invierno Femenino 2025-26 [II] Por Joan Cort\u00e8s [INSTANTZZ AKA Galer\u00eda fotogr\u00e1fica AKA Fotoblog de jazz, impro\u2026 y algo m\u00e1s] Tomajazz 08 dm Frrl lphnt \u00a9Joan Cort\u00e8s 12mr\u00e726 LJzzCv Vc\" src=\"https:\/\/tomajazz.com\/web\/wp-content\/uploads\/2026\/05\/08-dm-Frrl-lphnt-\u00a9Joan-Cortes-12mrc26-LJzzCv-Vc.jpg\" alt=\"Invierno Femenino 2025-26 [II] Por Joan Cort\u00e8s [INSTANTZZ AKA Galer\u00eda fotogr\u00e1fica AKA Fotoblog de jazz, impro\u2026 y algo m\u00e1s] - Tomajazz - Un cl\u00e1sico de Joan Cort\u00e8s en Tomajazz al finalizar cada estaci\u00f3n... en esta ocasi\u00f3n, la segunda parte de Invierno Femenino 2025-26. Con im\u00e1genes de...\" width=\"400\" height=\"600\" srcset=\"https:\/\/tomajazz.com\/web\/wp-content\/uploads\/2026\/05\/08-dm-Frrl-lphnt-\u00a9Joan-Cortes-12mrc26-LJzzCv-Vc.jpg 400w, https:\/\/tomajazz.com\/web\/wp-content\/uploads\/2026\/05\/08-dm-Frrl-lphnt-\u00a9Joan-Cortes-12mrc26-LJzzCv-Vc-200x300.jpg 200w, https:\/\/tomajazz.com\/web\/wp-content\/uploads\/2026\/05\/08-dm-Frrl-lphnt-\u00a9Joan-Cortes-12mrc26-LJzzCv-Vc-367x550.jpg 367w, https:\/\/tomajazz.com\/web\/wp-content\/uploads\/2026\/05\/08-dm-Frrl-lphnt-\u00a9Joan-Cortes-12mrc26-LJzzCv-Vc-333x500.jpg 333w\" sizes=\"auto, (max-width: 400px) 100vw, 400px\" \/>Yvonne Rogers<\/a><\/p>\n<hr \/>\n<p style=\"text-align: center;\"><a href=\"https:\/\/tomajazz.com\/web\/constanza-brncic-nuno-rebelo-cimic-2026-olot\/\" target=\"_blank\" rel=\"noopener noreferrer\"><img loading=\"lazy\" decoding=\"async\" class=\"aligncenter size-full wp-image-105178\" title=\"Invierno Femenino 2025-26 [II] Por Joan Cort\u00e8s [INSTANTZZ AKA Galer\u00eda fotogr\u00e1fica AKA Fotoblog de jazz, impro\u2026 y algo m\u00e1s] Tomajazz 09 Rbl Brnc \u00a9Joan Cort\u00e8s 14mr\u00e726 Cmc Cn Btt lt\" src=\"https:\/\/tomajazz.com\/web\/wp-content\/uploads\/2026\/05\/09-Rbl-Brnc-\u00a9Joan-Cortes-14mrc26-Cmc-Cn-Btt-lt.jpg\" alt=\"Invierno Femenino 2025-26 [II] Por Joan Cort\u00e8s [INSTANTZZ AKA Galer\u00eda fotogr\u00e1fica AKA Fotoblog de jazz, impro\u2026 y algo m\u00e1s] - Tomajazz - Un cl\u00e1sico de Joan Cort\u00e8s en Tomajazz al finalizar cada estaci\u00f3n... en esta ocasi\u00f3n, la segunda parte de Invierno Femenino 2025-26. Con im\u00e1genes de...\" width=\"400\" height=\"600\" srcset=\"https:\/\/tomajazz.com\/web\/wp-content\/uploads\/2026\/05\/09-Rbl-Brnc-\u00a9Joan-Cortes-14mrc26-Cmc-Cn-Btt-lt.jpg 400w, https:\/\/tomajazz.com\/web\/wp-content\/uploads\/2026\/05\/09-Rbl-Brnc-\u00a9Joan-Cortes-14mrc26-Cmc-Cn-Btt-lt-200x300.jpg 200w, https:\/\/tomajazz.com\/web\/wp-content\/uploads\/2026\/05\/09-Rbl-Brnc-\u00a9Joan-Cortes-14mrc26-Cmc-Cn-Btt-lt-367x550.jpg 367w, https:\/\/tomajazz.com\/web\/wp-content\/uploads\/2026\/05\/09-Rbl-Brnc-\u00a9Joan-Cortes-14mrc26-Cmc-Cn-Btt-lt-333x500.jpg 333w\" sizes=\"auto, (max-width: 400px) 100vw, 400px\" \/>Constanza Brncic<\/a><\/p>\n<hr \/>\n<p style=\"text-align: center;\"><a href=\"https:\/\/tomajazz.com\/web\/la-macanita-flamenc-on-2026\/\" target=\"_blank\" rel=\"noopener noreferrer\"><img loading=\"lazy\" decoding=\"async\" class=\"aligncenter size-full wp-image-105179\" title=\"Invierno Femenino 2025-26 [II] Por Joan Cort\u00e8s [INSTANTZZ AKA Galer\u00eda fotogr\u00e1fica AKA Fotoblog de jazz, impro\u2026 y algo m\u00e1s] Tomajazz 10 L Mcnt \u00a9Joan Cort\u00e8s 14mr\u00e726 Flmnc n TS SCGr\" src=\"https:\/\/tomajazz.com\/web\/wp-content\/uploads\/2026\/05\/10-L-Mcnt-\u00a9Joan-Cortes-14mrc26-Flmnc-n-TS-SCGr.jpg\" alt=\"Invierno Femenino 2025-26 [II] Por Joan Cort\u00e8s [INSTANTZZ AKA Galer\u00eda fotogr\u00e1fica AKA Fotoblog de jazz, impro\u2026 y algo m\u00e1s] - Tomajazz - Un cl\u00e1sico de Joan Cort\u00e8s en Tomajazz al finalizar cada estaci\u00f3n... en esta ocasi\u00f3n, la segunda parte de Invierno Femenino 2025-26. Con im\u00e1genes de...\" width=\"400\" height=\"600\" srcset=\"https:\/\/tomajazz.com\/web\/wp-content\/uploads\/2026\/05\/10-L-Mcnt-\u00a9Joan-Cortes-14mrc26-Flmnc-n-TS-SCGr.jpg 400w, https:\/\/tomajazz.com\/web\/wp-content\/uploads\/2026\/05\/10-L-Mcnt-\u00a9Joan-Cortes-14mrc26-Flmnc-n-TS-SCGr-200x300.jpg 200w, https:\/\/tomajazz.com\/web\/wp-content\/uploads\/2026\/05\/10-L-Mcnt-\u00a9Joan-Cortes-14mrc26-Flmnc-n-TS-SCGr-367x550.jpg 367w, https:\/\/tomajazz.com\/web\/wp-content\/uploads\/2026\/05\/10-L-Mcnt-\u00a9Joan-Cortes-14mrc26-Flmnc-n-TS-SCGr-333x500.jpg 333w\" sizes=\"auto, (max-width: 400px) 100vw, 400px\" \/>La Macanita<\/a><\/p>\n<hr \/>\n<p style=\"text-align: center;\"><a href=\"https:\/\/tomajazz.com\/web\/dave-douglas-quartet-terrassa-2026\/\" target=\"_blank\" rel=\"noopener noreferrer\"><img loading=\"lazy\" decoding=\"async\" class=\"aligncenter size-full wp-image-105180\" title=\"Invierno Femenino 2025-26 [II] Por Joan Cort\u00e8s [INSTANTZZ AKA Galer\u00eda fotogr\u00e1fica AKA Fotoblog de jazz, impro\u2026 y algo m\u00e1s] Tomajazz 11 Dv Dgls Fr Frrdms \u00a9Joan Cort\u00e8s 15mr\u00e726 45FJT NJC Trrss\" src=\"https:\/\/tomajazz.com\/web\/wp-content\/uploads\/2026\/05\/11-Dv-Dgls-Fr-Frrdms-\u00a9Joan-Cortes-15mrc26-45FJT-NJC-Trrss.jpg\" alt=\"Invierno Femenino 2025-26 [II] Por Joan Cort\u00e8s [INSTANTZZ AKA Galer\u00eda fotogr\u00e1fica AKA Fotoblog de jazz, impro\u2026 y algo m\u00e1s] - Tomajazz - Un cl\u00e1sico de Joan Cort\u00e8s en Tomajazz al finalizar cada estaci\u00f3n... en esta ocasi\u00f3n, la segunda parte de Invierno Femenino 2025-26. Con im\u00e1genes de...\" width=\"400\" height=\"600\" srcset=\"https:\/\/tomajazz.com\/web\/wp-content\/uploads\/2026\/05\/11-Dv-Dgls-Fr-Frrdms-\u00a9Joan-Cortes-15mrc26-45FJT-NJC-Trrss.jpg 400w, https:\/\/tomajazz.com\/web\/wp-content\/uploads\/2026\/05\/11-Dv-Dgls-Fr-Frrdms-\u00a9Joan-Cortes-15mrc26-45FJT-NJC-Trrss-200x300.jpg 200w, https:\/\/tomajazz.com\/web\/wp-content\/uploads\/2026\/05\/11-Dv-Dgls-Fr-Frrdms-\u00a9Joan-Cortes-15mrc26-45FJT-NJC-Trrss-367x550.jpg 367w, https:\/\/tomajazz.com\/web\/wp-content\/uploads\/2026\/05\/11-Dv-Dgls-Fr-Frrdms-\u00a9Joan-Cortes-15mrc26-45FJT-NJC-Trrss-333x500.jpg 333w\" sizes=\"auto, (max-width: 400px) 100vw, 400px\" \/>Marta Warelis<\/a><\/p>\n<hr \/>\n<p style=\"text-align: center;\"><a href=\"https:\/\/tomajazz.com\/web\/ches-smith-clone-row-festival-jazz-terrassa-2026\/\" target=\"_blank\" rel=\"noopener noreferrer\"><img loading=\"lazy\" decoding=\"async\" class=\"aligncenter size-full wp-image-105181\" title=\"Invierno Femenino 2025-26 [II] Por Joan Cort\u00e8s [INSTANTZZ AKA Galer\u00eda fotogr\u00e1fica AKA Fotoblog de jazz, impro\u2026 y algo m\u00e1s] Tomajazz 12 Chs Smth Cln Rn \u00a9Joan Cort\u00e8s 45FJT NJC Trrss\" src=\"https:\/\/tomajazz.com\/web\/wp-content\/uploads\/2026\/05\/12-Chs-Smth-Cln-Rn-\u00a9Joan-Cortes-45FJT-NJC-Trrss-1.jpg\" alt=\"Invierno Femenino 2025-26 [II] Por Joan Cort\u00e8s [INSTANTZZ AKA Galer\u00eda fotogr\u00e1fica AKA Fotoblog de jazz, impro\u2026 y algo m\u00e1s] - Tomajazz - Un cl\u00e1sico de Joan Cort\u00e8s en Tomajazz al finalizar cada estaci\u00f3n... en esta ocasi\u00f3n, la segunda parte de Invierno Femenino 2025-26. Con im\u00e1genes de...\" width=\"400\" height=\"600\" srcset=\"https:\/\/tomajazz.com\/web\/wp-content\/uploads\/2026\/05\/12-Chs-Smth-Cln-Rn-\u00a9Joan-Cortes-45FJT-NJC-Trrss-1.jpg 400w, https:\/\/tomajazz.com\/web\/wp-content\/uploads\/2026\/05\/12-Chs-Smth-Cln-Rn-\u00a9Joan-Cortes-45FJT-NJC-Trrss-1-200x300.jpg 200w, https:\/\/tomajazz.com\/web\/wp-content\/uploads\/2026\/05\/12-Chs-Smth-Cln-Rn-\u00a9Joan-Cortes-45FJT-NJC-Trrss-1-367x550.jpg 367w, https:\/\/tomajazz.com\/web\/wp-content\/uploads\/2026\/05\/12-Chs-Smth-Cln-Rn-\u00a9Joan-Cortes-45FJT-NJC-Trrss-1-333x500.jpg 333w\" sizes=\"auto, (max-width: 400px) 100vw, 400px\" \/>Mary Halvorson<\/a><\/p>\n<hr \/>\n<p style=\"text-align: right;\">Tomajazz: Fotograf\u00edas: \u00a9\u00a0<a href=\"https:\/\/www.facebook.com\/joan.cortesbenages\" target=\"_blank\" rel=\"noopener\"><strong>Joan Cort\u00e8s<\/strong><\/a>, 2026<\/p>\n<p>&nbsp;<\/p>\n<h3>Invierno Femenino en Tomajazz<\/h3>\n<blockquote class=\"wp-embedded-content\" data-secret=\"kcSZZ6tpYR\"><p><a href=\"https:\/\/tomajazz.com\/web\/invierno-femenino-2025-26-i\/\">Invierno Femenino 2025-26 [I] Por Joan Cort\u00e8s [INSTANTZZ AKA Galer\u00eda fotogr\u00e1fica AKA Fotoblog de jazz, impro\u2026 y algo m\u00e1s]<\/a><\/p><\/blockquote>\n<p><iframe loading=\"lazy\" class=\"wp-embedded-content\" sandbox=\"allow-scripts\" security=\"restricted\" style=\"position: absolute; visibility: hidden;\" title=\"\u00abInvierno Femenino 2025-26 [I] Por Joan Cort\u00e8s [INSTANTZZ AKA Galer\u00eda fotogr\u00e1fica AKA Fotoblog de jazz, impro\u2026 y algo m\u00e1s]\u00bb \u2014 Tomajazz\" src=\"https:\/\/tomajazz.com\/web\/invierno-femenino-2025-26-i\/embed\/#?secret=lFsMueVD8F#?secret=kcSZZ6tpYR\" data-secret=\"kcSZZ6tpYR\" width=\"600\" height=\"338\" frameborder=\"0\" marginwidth=\"0\" marginheight=\"0\" scrolling=\"no\"><\/iframe><\/p>\n<blockquote class=\"wp-embedded-content\" data-secret=\"HRstQgvr1o\"><p><a href=\"https:\/\/tomajazz.com\/web\/invierno-femenino-2024-25-ii\/\">Invierno Femenino 2024-25 [II] Por Joan Cort\u00e8s [INSTANTZZ AKA Galer\u00eda fotogr\u00e1fica AKA Fotoblog de jazz, impro\u2026 y algo m\u00e1s]<\/a><\/p><\/blockquote>\n<p><iframe loading=\"lazy\" class=\"wp-embedded-content\" sandbox=\"allow-scripts\" security=\"restricted\" style=\"position: absolute; visibility: hidden;\" title=\"\u00abInvierno Femenino 2024-25 [II] Por Joan Cort\u00e8s [INSTANTZZ AKA Galer\u00eda fotogr\u00e1fica AKA Fotoblog de jazz, impro\u2026 y algo m\u00e1s]\u00bb \u2014 Tomajazz\" src=\"https:\/\/tomajazz.com\/web\/invierno-femenino-2024-25-ii\/embed\/#?secret=qW10dAkrZW#?secret=HRstQgvr1o\" data-secret=\"HRstQgvr1o\" width=\"600\" height=\"338\" frameborder=\"0\" marginwidth=\"0\" marginheight=\"0\" scrolling=\"no\"><\/iframe><\/p>\n<blockquote class=\"wp-embedded-content\" data-secret=\"uq4vVjlBsf\"><p><a href=\"https:\/\/tomajazz.com\/web\/invierno-femenino-2024-25-i\/\">Invierno Femenino 2024-25 [I] Por Joan Cort\u00e8s  [INSTANTZZ AKA Galer\u00eda fotogr\u00e1fica AKA Fotoblog de jazz, impro\u2026 y algo m\u00e1s]<\/a><\/p><\/blockquote>\n<p><iframe loading=\"lazy\" class=\"wp-embedded-content\" sandbox=\"allow-scripts\" security=\"restricted\" style=\"position: absolute; visibility: hidden;\" title=\"\u00abInvierno Femenino 2024-25 [I] Por Joan Cort\u00e8s  [INSTANTZZ AKA Galer\u00eda fotogr\u00e1fica AKA Fotoblog de jazz, impro\u2026 y algo m\u00e1s]\u00bb \u2014 Tomajazz\" src=\"https:\/\/tomajazz.com\/web\/invierno-femenino-2024-25-i\/embed\/#?secret=pRLlbVmvh9#?secret=uq4vVjlBsf\" data-secret=\"uq4vVjlBsf\" width=\"600\" height=\"338\" frameborder=\"0\" marginwidth=\"0\" marginheight=\"0\" scrolling=\"no\"><\/iframe><\/p>\n<blockquote class=\"wp-embedded-content\" data-secret=\"qcbN5KIzPh\"><p><a href=\"https:\/\/tomajazz.com\/web\/invierno-femenino-2023-24-2\/\">Invierno Femenino 2023-24 (Segunda parte) Por Joan Cort\u00e8s  [INSTANTZZ AKA Galer\u00eda fotogr\u00e1fica AKA Fotoblog de jazz, impro\u2026 y algo m\u00e1s]<\/a><\/p><\/blockquote>\n<p><iframe loading=\"lazy\" class=\"wp-embedded-content\" sandbox=\"allow-scripts\" security=\"restricted\" style=\"position: absolute; visibility: hidden;\" title=\"\u00abInvierno Femenino 2023-24 (Segunda parte) Por Joan Cort\u00e8s  [INSTANTZZ AKA Galer\u00eda fotogr\u00e1fica AKA Fotoblog de jazz, impro\u2026 y algo m\u00e1s]\u00bb \u2014 Tomajazz\" src=\"https:\/\/tomajazz.com\/web\/invierno-femenino-2023-24-2\/embed\/#?secret=du1gpo4pf9#?secret=qcbN5KIzPh\" data-secret=\"qcbN5KIzPh\" width=\"600\" height=\"338\" frameborder=\"0\" marginwidth=\"0\" marginheight=\"0\" scrolling=\"no\"><\/iframe><\/p>\n<blockquote class=\"wp-embedded-content\" data-secret=\"hTiaeSxf1z\"><p><a href=\"https:\/\/tomajazz.com\/web\/invierno-femenino-2023-24-1\/\">Invierno Femenino 2023-24 (primera parte) Por Joan Cort\u00e8s  [INSTANTZZ AKA Galer\u00eda fotogr\u00e1fica AKA Fotoblog de jazz, impro\u2026 y algo m\u00e1s]<\/a><\/p><\/blockquote>\n<p><iframe loading=\"lazy\" class=\"wp-embedded-content\" sandbox=\"allow-scripts\" security=\"restricted\" style=\"position: absolute; visibility: hidden;\" title=\"\u00abInvierno Femenino 2023-24 (primera parte) Por Joan Cort\u00e8s  [INSTANTZZ AKA Galer\u00eda fotogr\u00e1fica AKA Fotoblog de jazz, impro\u2026 y algo m\u00e1s]\u00bb \u2014 Tomajazz\" src=\"https:\/\/tomajazz.com\/web\/invierno-femenino-2023-24-1\/embed\/#?secret=2xCL83jCZ7#?secret=hTiaeSxf1z\" data-secret=\"hTiaeSxf1z\" width=\"600\" height=\"338\" frameborder=\"0\" marginwidth=\"0\" marginheight=\"0\" scrolling=\"no\"><\/iframe><\/p>\n<h3>Joan Cort\u00e8s en Tomajazz<\/h3>\n<p><a href=\"https:\/\/tomajazz.com\/web\/?cat=17853\" target=\"_blank\" rel=\"noopener\">https:\/\/tomajazz.com\/web\/?cat=17853<\/a><\/p>\n","protected":false},"excerpt":{"rendered":"<p>Un cl\u00e1sico de Joan Cort\u00e8s en Tomajazz al finalizar cada estaci\u00f3n&#8230; en esta ocasi\u00f3n, la segunda parte de Invierno Femenino 2025-26. Con im\u00e1genes de&#8230; Jordina Mill\u00e0, S\u00f2nia S\u00e1nchez, Luc\u00eda Mart\u00ednez, Dayeon Seok, Luz Prado, Alba Careta, Sylvaine H\u00e9lary, Yvonne Rogers, Constanza Brncic, La Macanita, Marta Warelis, Mary Halvorson<span class=\"more-link\"><a href=\"https:\/\/tomajazz.com\/web\/invierno-femenino-2025-26-ii\/\">Contin\u00faa leyendo<\/a><\/span><\/p>\n","protected":false},"author":1,"featured_media":105182,"comment_status":"open","ping_status":"closed","sticky":false,"template":"","format":"standard","meta":{"jetpack_post_was_ever_published":false,"_jetpack_newsletter_access":"","_jetpack_dont_email_post_to_subs":false,"_jetpack_newsletter_tier_id":0,"_jetpack_memberships_contains_paywalled_content":false,"_jetpack_memberships_contains_paid_content":false,"footnotes":""},"categories":[33222,17853,11262,15516,11261,31915,1038],"tags":[11694,12679,21793,1041,16398,33254,6671,19878,31817,5584,6038,17090,27620],"class_list":["entry","author-pachi","has-excerpt","post-105169","post","type-post","status-publish","format-standard","has-post-thumbnail","category-invierno-femenino-2025-26","category-joan-cortes","category-photoblogs","category-imagenes","category-instantzz","category-invierno-femenino","category-contenidos","tag-alba-careta","tag-constanza-brncic","tag-dayeon-seok","tag-joan-cortes","tag-jordina-milla","tag-la-macanita","tag-lucia-martinez","tag-luz-prado","tag-marta-warelis","tag-mary-halvorson","tag-sonia-sanchez","tag-sylvaine-helary","tag-yvonne-rogers"],"jetpack_featured_media_url":"https:\/\/tomajazz.com\/web\/wp-content\/uploads\/2026\/05\/destacada-07-BZ-Photo-by-Joan-Cortes-12mrc26-Ssn-Jzzbr-MrC-nPVD-Prpny.jpg","jetpack_likes_enabled":true,"jetpack_sharing_enabled":true,"jetpack-related-posts":[{"id":104766,"url":"https:\/\/tomajazz.com\/web\/invierno-femenino-2025-26-i\/","url_meta":{"origin":105169,"position":0},"title":"Invierno Femenino 2025-26 [I] Por Joan Cort\u00e8s [INSTANTZZ AKA Galer\u00eda fotogr\u00e1fica AKA Fotoblog de jazz, impro\u2026 y algo m\u00e1s]","author":"Tomajazz","date":"7 abril, 2026","format":false,"excerpt":"Un cl\u00e1sico de Joan Cort\u00e9s en Tomajazz son sus especiales Invierno Femenino, de 2025-26 en esta ocasi\u00f3n. Con Mayte Mart\u00edn, Jordina Mill\u00e0, Maria del Mar Bonet, Laia Puig, Agn\u00e8s Balfeg\u00f3-Celeste Al\u00edas-Neus Calaf, Veus Lliures, N\u00faria Andorr\u00e0, Natsuko Sugao, Ester Quevedo, Anna Ferrer, Luc\u00eda la Bronce","rel":"","context":"En \u00abInvierno Femenino 2025-26\u00bb","block_context":{"text":"Invierno Femenino 2025-26","link":"https:\/\/tomajazz.com\/web\/category\/contenidos\/especial-contenidos\/invierno-femenino-2025-26\/"},"img":{"alt_text":"INSTANTZZ: Invierno Femenino 2025-26 (I) Por Joan Cort\u00e8s [INSTANTZZ AKA Galer\u00eda fotogr\u00e1fica AKA Fotoblog de jazz, impro\u2026 y algo m\u00e1s] - Tomajazz - Un cl\u00e1sico de Joan Cort\u00e9s en Tomajazz son sus especiales Invierno Femenino, de 2025-26 en esta ocasi\u00f3n. Con Mayte Mart\u00edn, Jordina Mill\u00e0, Maria del Mar Bonet, Laia Puig, Agn\u00e8s Balfeg\u00f3-Celeste Al\u00edas-Neus Calaf, Veus Lliures, N\u00faria Andorr\u00e0, Natsuko Sugao, Ester Quevedo, Anna Ferrer, Luc\u00eda la Bronce","src":"https:\/\/i0.wp.com\/tomajazz.com\/web\/wp-content\/uploads\/2026\/04\/destacada-08-Ntsk-Sg-NS-BB-Photo-By-Joan-Cortes-24gnr26-Jmbr-3-Bcn.jpg?resize=350%2C200&ssl=1","width":350,"height":200,"srcset":"https:\/\/i0.wp.com\/tomajazz.com\/web\/wp-content\/uploads\/2026\/04\/destacada-08-Ntsk-Sg-NS-BB-Photo-By-Joan-Cortes-24gnr26-Jmbr-3-Bcn.jpg?resize=350%2C200&ssl=1 1x, https:\/\/i0.wp.com\/tomajazz.com\/web\/wp-content\/uploads\/2026\/04\/destacada-08-Ntsk-Sg-NS-BB-Photo-By-Joan-Cortes-24gnr26-Jmbr-3-Bcn.jpg?resize=525%2C300&ssl=1 1.5x"},"classes":[]},{"id":96236,"url":"https:\/\/tomajazz.com\/web\/invierno-femenino-2024-25-i\/","url_meta":{"origin":105169,"position":1},"title":"Invierno Femenino 2024-25 [I] Por Joan Cort\u00e8s  [INSTANTZZ AKA Galer\u00eda fotogr\u00e1fica AKA Fotoblog de jazz, impro\u2026 y algo m\u00e1s]","author":"Tomajazz","date":"4 junio, 2025","format":false,"excerpt":"Un cl\u00e1sico en Tomajazz son los repasos de temporada de Joan Cort\u00e8s en im\u00e1genes en Instantzz. Esta vez es el turno de la primera parte del Invierno Femenino 2024-25. Con im\u00e1genes de N\u00faria Andorr\u00e0, Roc\u00edo Garrido, Jordina Mill\u00e0, Alba Careta y Aina L\u00f3pez, Sophie Bernado, Ella Zirina, Federica Porello, Ariadna\u2026","rel":"","context":"En \u00abInvierno Femenino 2024-25\u00bb","block_context":{"text":"Invierno Femenino 2024-25","link":"https:\/\/tomajazz.com\/web\/category\/contenidos\/especial-contenidos\/invierno-femenino-2024-25\/"},"img":{"alt_text":"Invierno Femenino 2024-25 [I] Por Joan Cort\u00e8s  [INSTANTZZ AKA Galer\u00eda fotogr\u00e1fica AKA Fotoblog de jazz, impro\u2026 y algo m\u00e1s] - Tomajazz - Un cl\u00e1sico en Tomajazz son los repasos de temporada de Joan Cort\u00e8s en im\u00e1genes en Instantzz. Esta vez es el turno de la primera parte del Invierno Femenino 2024-25. Con im\u00e1genes de N\u00faria Andorr\u00e0, Roc\u00edo Garrido, Jordina Mill\u00e0, Alba Careta y Aina L\u00f3pez, Sophie Bernado, Ella Zirina, Federica Porello, Ariadna Torner, S\u00f2nia S\u00e1nchez, Felipa del Moreno","src":"https:\/\/i0.wp.com\/tomajazz.com\/web\/wp-content\/uploads\/2025\/06\/destacada-04-250131-Mnl-Frt-Lbrc-Photo-By-Joan-Cortes-31gnr25-dtr-Grn.jpg?resize=350%2C200&ssl=1","width":350,"height":200,"srcset":"https:\/\/i0.wp.com\/tomajazz.com\/web\/wp-content\/uploads\/2025\/06\/destacada-04-250131-Mnl-Frt-Lbrc-Photo-By-Joan-Cortes-31gnr25-dtr-Grn.jpg?resize=350%2C200&ssl=1 1x, https:\/\/i0.wp.com\/tomajazz.com\/web\/wp-content\/uploads\/2025\/06\/destacada-04-250131-Mnl-Frt-Lbrc-Photo-By-Joan-Cortes-31gnr25-dtr-Grn.jpg?resize=525%2C300&ssl=1 1.5x"},"classes":[]},{"id":97248,"url":"https:\/\/tomajazz.com\/web\/primavera-femenina-2025-i\/","url_meta":{"origin":105169,"position":2},"title":"Primavera Femenina 2025 [I] Por Joan Cort\u00e8s [INSTANTZZ AKA Galer\u00eda fotogr\u00e1fica AKA Fotoblog de jazz, impro\u2026 y algo m\u00e1s]","author":"Tomajazz","date":"15 julio, 2025","format":false,"excerpt":"Primavera Femenina 2025 es un cl\u00e1sico en Tomajazz. En la primera parte de la entrega, Joan Cort\u00e8s repasa en quince im\u00e1genes a las protagonistas de algunos de los mejores momentos en directo de la primavera de 2025. Con Camille Thurman, N\u00faria Mart\u00ednez-Vernis, Gema Caballero, La Yunko, Mariola Membrives, Sophie Bernado,\u2026","rel":"","context":"En \u00abPrimavera Femenina\u00bb","block_context":{"text":"Primavera Femenina","link":"https:\/\/tomajazz.com\/web\/category\/contenidos\/especial-contenidos\/primavera-femenina\/"},"img":{"alt_text":"Primavera Femenina 2025 [I] Por Joan Cort\u00e8s  [INSTANTZZ AKA Galer\u00eda fotogr\u00e1fica AKA Fotoblog de jazz, impro\u2026 y algo m\u00e1s] - Tomajazz - Primavera Femenina 2025 es un cl\u00e1sico en Tomajazz. En la primera parte de la entrega, Joan Cort\u00e8s repasa en quince im\u00e1genes a las protagonistas de algunos de los mejores momentos en directo de la primavera de 2025. Con Camille Thurman, N\u00faria Mart\u00ednez-Vernis, Gema Caballero, La Yunko, Mariola Membrives, Sophie Bernado, B\u00e1rbara Togander & Leonor Falc\u00f3n, Luc\u00eda Mart\u00ednez, Christine Abdelnour, Marja Burchard, Marta Warelis, Ana Kravanja, Maria Bertel, Jordina Mill\u00e0, S\u00f2nia S\u00e1nchez","src":"https:\/\/i0.wp.com\/tomajazz.com\/web\/wp-content\/uploads\/2025\/07\/destacada-14-250504-01-MMI-Fstvl-Mnchn-Photo-By-Joan-Cortes-04mai25-7-nstn-Kltr-Mnc.jpg?resize=350%2C200&ssl=1","width":350,"height":200,"srcset":"https:\/\/i0.wp.com\/tomajazz.com\/web\/wp-content\/uploads\/2025\/07\/destacada-14-250504-01-MMI-Fstvl-Mnchn-Photo-By-Joan-Cortes-04mai25-7-nstn-Kltr-Mnc.jpg?resize=350%2C200&ssl=1 1x, https:\/\/i0.wp.com\/tomajazz.com\/web\/wp-content\/uploads\/2025\/07\/destacada-14-250504-01-MMI-Fstvl-Mnchn-Photo-By-Joan-Cortes-04mai25-7-nstn-Kltr-Mnc.jpg?resize=525%2C300&ssl=1 1.5x"},"classes":[]},{"id":104093,"url":"https:\/\/tomajazz.com\/web\/marti-sales-jordina-milla-barcelona-2025\/","url_meta":{"origin":105169,"position":3},"title":"Mart\u00ed Sales &#038; Jordina Mill\u00e0 \u201cLes quatre estacions: Hivern\u201d (Palau de la M\u00fasica, 2025-12-22 \/ Barcelona) Por Joan Cort\u00e8s [INSTANTZZ AKA Galer\u00eda fotogr\u00e1fica AKA Fotoblog de jazz, impro\u2026 y algo m\u00e1s]","author":"Tomajazz","date":"19 febrero, 2026","format":false,"excerpt":"Mart\u00ed Sales & Jordina Mill\u00e0 \u201cLes quatre estacions: Hivern\u201d actuaron en el Palau de la M\u00fasica de Barcelona, el 12 de diciembre de 2025. Joan Cort\u00e8s retrata el concierto en INSTANTZZ","rel":"","context":"En \u00ab*_Joan Cort\u00e8s\u00bb","block_context":{"text":"*_Joan Cort\u00e8s","link":"https:\/\/tomajazz.com\/web\/category\/joan-cortes\/"},"img":{"alt_text":"Mart\u00ed Sales & Jordina Mill\u00e0 \u201cLes quatre estacions: Hivern\u201d (Palau de la M\u00fasica, 2025-12-22 \/ Barcelona) Por Joan Cort\u00e8s [INSTANTZZ AKA Galer\u00eda fotogr\u00e1fica AKA Fotoblog de jazz, impro\u2026 y algo m\u00e1s] - Tomajazz","src":"https:\/\/i0.wp.com\/tomajazz.com\/web\/wp-content\/uploads\/2026\/02\/08-Mrt-Sls-Jrdn-Mll-Joan-Cortes-22dsm25-Pl-Msc-Bcn.jpg?resize=350%2C200&ssl=1","width":350,"height":200,"srcset":"https:\/\/i0.wp.com\/tomajazz.com\/web\/wp-content\/uploads\/2026\/02\/08-Mrt-Sls-Jrdn-Mll-Joan-Cortes-22dsm25-Pl-Msc-Bcn.jpg?resize=350%2C200&ssl=1 1x, https:\/\/i0.wp.com\/tomajazz.com\/web\/wp-content\/uploads\/2026\/02\/08-Mrt-Sls-Jrdn-Mll-Joan-Cortes-22dsm25-Pl-Msc-Bcn.jpg?resize=525%2C300&ssl=1 1.5x"},"classes":[]},{"id":96158,"url":"https:\/\/tomajazz.com\/web\/mmi-festival-munchen-impro-4-2025\/","url_meta":{"origin":105169,"position":4},"title":"MMI Festival M\u00fcnchen -impro 1 \/ d\u00eda 3- (Einstein Kultur, 2025-05-04 \/ M\u00fanich) [IV] Por Joan Cort\u00e8s [INSTANTZZ AKA Galer\u00eda fotogr\u00e1fica AKA Fotoblog de jazz, impro\u2026 y algo m\u00e1s]","author":"Tomajazz","date":"31 mayo, 2025","format":false,"excerpt":"Joan Cort\u00e8s contin\u00faa con los INSTANTZZ del MMI Festival M\u00fcnchen, de mayo de 2025. Retrata la impro 1 del d\u00eda 3. Actuaron Jordina Mill\u00e0, S\u00f2nia S\u00e1nchez, Dieb 13","rel":"","context":"En \u00abMMI Festival M\u00fcnchen 2025\u00bb","block_context":{"text":"MMI Festival M\u00fcnchen 2025","link":"https:\/\/tomajazz.com\/web\/category\/contenidos\/especial-contenidos\/mmi-festival-munchen-2025\/"},"img":{"alt_text":"MMI Festival M\u00fcnchen -impro 1 \/ d\u00eda 3- (Einstein Kultur, 2025-05-04 \/ M\u00fanich) [IV] Por Joan Cort\u00e8s [INSTANTZZ AKA Galer\u00eda fotogr\u00e1fica AKA Fotoblog de jazz, impro\u2026 y algo m\u00e1s] - Tomajazz - Joan Cort\u00e8s contin\u00faa con los INSTANTZZ del MMI Festival M\u00fcnchen, de mayo de 2025. Retrata la impro 1 del d\u00eda 3. Actuaron Jordina Mill\u00e0, S\u00f2nia S\u00e1nchez, Dieb 13\n","src":"https:\/\/i0.wp.com\/tomajazz.com\/web\/wp-content\/uploads\/2025\/05\/destacada-06-MMI-Fstvl-Mnchn-Photo-By-Joan-Cortes-03mai25-7-nstn-Kltr-Mnc.jpg?resize=350%2C200&ssl=1","width":350,"height":200,"srcset":"https:\/\/i0.wp.com\/tomajazz.com\/web\/wp-content\/uploads\/2025\/05\/destacada-06-MMI-Fstvl-Mnchn-Photo-By-Joan-Cortes-03mai25-7-nstn-Kltr-Mnc.jpg?resize=350%2C200&ssl=1 1x, https:\/\/i0.wp.com\/tomajazz.com\/web\/wp-content\/uploads\/2025\/05\/destacada-06-MMI-Fstvl-Mnchn-Photo-By-Joan-Cortes-03mai25-7-nstn-Kltr-Mnc.jpg?resize=525%2C300&ssl=1 1.5x"},"classes":[]},{"id":104402,"url":"https:\/\/tomajazz.com\/web\/jordina-milla-vasco-trilla-museu-de-lleida-2026\/","url_meta":{"origin":105169,"position":5},"title":"Jordina Mill\u00e0 &#038; Vasco Trilla (Cicle Piano \/ Museu de Lleida, 2026-02-06 \/ Barcelona) Por Joan Cort\u00e8s [INSTANTZZ AKA Galer\u00eda fotogr\u00e1fica AKA Fotoblog de jazz, impro\u2026 y algo m\u00e1s]","author":"Tomajazz","date":"14 marzo, 2026","format":false,"excerpt":"Jordina Mill\u00e0 & Vasco Trilla actuaron en el Cicle Piano en el Museu de Lleida, el 6 de febrero de 2026. Joan Cort\u00e8s lo retrata en INSTANTZZ","rel":"","context":"En \u00ab*_Joan Cort\u00e8s\u00bb","block_context":{"text":"*_Joan Cort\u00e8s","link":"https:\/\/tomajazz.com\/web\/category\/joan-cortes\/"},"img":{"alt_text":"Jordina Mill\u00e0 & Vasco Trilla (Cicle Piano \/ Museu de Lleida, 2026-02-06 \/ Barcelona) Por Joan Cort\u00e8s [INSTANTZZ AKA Galer\u00eda fotogr\u00e1fica AKA Fotoblog de jazz, impro\u2026 y algo m\u00e1s] - Tomajazz - Jordina Mill\u00e0 & Vasco Trilla actuaron en el Cicle Piano en el Museu de Lleida, el 6 de febrero de 2026. Joan Cort\u00e8s lo retrata en INSTANTZZ","src":"https:\/\/i0.wp.com\/tomajazz.com\/web\/wp-content\/uploads\/2026\/03\/destacado-07-Jrdn-Mll-Vsc-Trll-Photo-by-Joan-Cortes-06fbr26-Ms-d-Lld-Lld.jpg?resize=350%2C200&ssl=1","width":350,"height":200,"srcset":"https:\/\/i0.wp.com\/tomajazz.com\/web\/wp-content\/uploads\/2026\/03\/destacado-07-Jrdn-Mll-Vsc-Trll-Photo-by-Joan-Cortes-06fbr26-Ms-d-Lld-Lld.jpg?resize=350%2C200&ssl=1 1x, https:\/\/i0.wp.com\/tomajazz.com\/web\/wp-content\/uploads\/2026\/03\/destacado-07-Jrdn-Mll-Vsc-Trll-Photo-by-Joan-Cortes-06fbr26-Ms-d-Lld-Lld.jpg?resize=525%2C300&ssl=1 1.5x"},"classes":[]}],"_links":{"self":[{"href":"https:\/\/tomajazz.com\/web\/wp-json\/wp\/v2\/posts\/105169","targetHints":{"allow":["GET"]}}],"collection":[{"href":"https:\/\/tomajazz.com\/web\/wp-json\/wp\/v2\/posts"}],"about":[{"href":"https:\/\/tomajazz.com\/web\/wp-json\/wp\/v2\/types\/post"}],"author":[{"embeddable":true,"href":"https:\/\/tomajazz.com\/web\/wp-json\/wp\/v2\/users\/1"}],"replies":[{"embeddable":true,"href":"https:\/\/tomajazz.com\/web\/wp-json\/wp\/v2\/comments?post=105169"}],"version-history":[{"count":3,"href":"https:\/\/tomajazz.com\/web\/wp-json\/wp\/v2\/posts\/105169\/revisions"}],"predecessor-version":[{"id":105185,"href":"https:\/\/tomajazz.com\/web\/wp-json\/wp\/v2\/posts\/105169\/revisions\/105185"}],"wp:featuredmedia":[{"embeddable":true,"href":"https:\/\/tomajazz.com\/web\/wp-json\/wp\/v2\/media\/105182"}],"wp:attachment":[{"href":"https:\/\/tomajazz.com\/web\/wp-json\/wp\/v2\/media?parent=105169"}],"wp:term":[{"taxonomy":"category","embeddable":true,"href":"https:\/\/tomajazz.com\/web\/wp-json\/wp\/v2\/categories?post=105169"},{"taxonomy":"post_tag","embeddable":true,"href":"https:\/\/tomajazz.com\/web\/wp-json\/wp\/v2\/tags?post=105169"}],"curies":[{"name":"wp","href":"https:\/\/api.w.org\/{rel}","templated":true}]}}