{"id":105579,"date":"2026-05-25T10:00:21","date_gmt":"2026-05-25T08:00:21","guid":{"rendered":"https:\/\/tomajazz.com\/web\/?p=105579"},"modified":"2026-08-11T16:57:22","modified_gmt":"2026-08-11T14:57:22","slug":"iv-festival-rite-2026-noticias","status":"publish","type":"post","link":"https:\/\/tomajazz.com\/web\/iv-festival-rite-2026-noticias\/","title":{"rendered":"IV Festival Rite 2026 (LAC, Casa VIrupa, Can Bordoi, Llinars del Vall\u00e8s, Barcelona. Del 29 al 31 de mayo de 2026) [Noticias de Jazz]"},"content":{"rendered":"<p>Durante el \u00faltimo fin de semana de mayo, del s\u00e1bado 29 al domingo 31, se celebrar\u00e1 la cuarta edici\u00f3n del Festival Rite 2026, organizado por el LAC -Laboratori d\u2019Arts Contemplatives- de la comunidad budista de Casa Virupa, de Can Bordoi, en el t\u00e9rmino municipal de Llinars del Vall\u00e8s (unos 43 km al norte de Barcelona)<\/p>\n<p>Un festival interdisciplinario de m\u00fasica -flamenco, jazz, tradicional\u2026-, artes esc\u00e9nicas, pl\u00e1sticas, charlas y di\u00e1logos<strong>. \u00a0<\/strong>El viernes 29, contar\u00e1 con el solo del guitarrista flamenco Dani de Mor\u00f3n, el dueto de la cantante-trombonista Rita Payes con la pianista-cantante Luc\u00eda Fumero y el sexteto estelar formado por el vibrafonista Simon Moullier, el trompetista Avishai Cohen, el saxofonista Logan Richardson, el pianista Shai Maestro, el contrabajista Orlando le Fleming y el baterista Antonio S\u00e1nchez.<\/p>\n<p style=\"text-align: center;\"><img loading=\"lazy\" decoding=\"async\" class=\"aligncenter size-large wp-image-105581\" title=\"IV Festival Rite 2026 (LAC, Casa VIrupa, Can Bordoi, Llinars del Vall\u00e8s, Barcelona. Del 29 al 31 de mayo de 2026) [Noticias de Jazz] Tomajazz Festival El Rite 2026\" src=\"https:\/\/tomajazz.com\/web\/wp-content\/uploads\/2026\/05\/Festival-El-Rite-2026-600x332.jpg\" alt=\"IV Festival Rite 2026 (LAC, Casa VIrupa, Can Bordoi, Llinars del Vall\u00e8s, Barcelona. Del 29 al 31 de mayo de 2026) [Noticias de Jazz] - Tomajazz - Entre el 29 y el 31 de mayo se celebrar\u00e1 el IV Festival Rite 2026 en Casa VIrupa, Can Bordoi, Llinars del Vall\u00e8s, Barcelona. Con Jon Balke, Antonio S\u00e1nchez, Dani de Mor\u00f3n, Rita Pay\u00e9s - Luc\u00eda Fumero #Noticiasdejazz\" width=\"600\" height=\"332\" srcset=\"https:\/\/tomajazz.com\/web\/wp-content\/uploads\/2026\/05\/Festival-El-Rite-2026-600x332.jpg 600w, https:\/\/tomajazz.com\/web\/wp-content\/uploads\/2026\/05\/Festival-El-Rite-2026-300x166.jpg 300w, https:\/\/tomajazz.com\/web\/wp-content\/uploads\/2026\/05\/Festival-El-Rite-2026-768x425.jpg 768w, https:\/\/tomajazz.com\/web\/wp-content\/uploads\/2026\/05\/Festival-El-Rite-2026-465x257.jpg 465w, https:\/\/tomajazz.com\/web\/wp-content\/uploads\/2026\/05\/Festival-El-Rite-2026-695x384.jpg 695w, https:\/\/tomajazz.com\/web\/wp-content\/uploads\/2026\/05\/Festival-El-Rite-2026.jpg 1000w\" sizes=\"auto, (max-width: 600px) 100vw, 600px\" \/><\/p>\n<p>En la jornada siguiente, s\u00e1bado 30, totalmente maratoniana, actuar\u00e1 el dueto de la cantante Ghalia Bernal con la violista de gamba Romina Lischka, el cantante y pianista Samora Pinderhugues, el baile flamenco-contempor\u00e1neo de Roc\u00edo Molina, el cuarteto estadounidense de Shai Maestro, y el saxofonista Logan Richardson.<\/p>\n<p>La \u00faltima jornada, domingo 31, estar\u00e1 el pianista Jon Balke con Siwan, la trompetista y cantante Alba Careta con su grupo, el guitarrista Jakob Bro en solitario y clausurando el festival, otro grupo estelar, formado por el baterista Antonio S\u00e1nchez, el bajista Michael League, la cantante Thana Alexa y el pianista Shai Maestro.<\/p>\n<p>Habr\u00e1 Food Trucks y servicio de bar a lo largo de cada el d\u00eda.<\/p>\n<p>El precio de las entradas es de 50\u20ac para el viernes, 60\u20ac para el s\u00e1bado y 50\u20ac para el domingo. El abono para las tres jornadas es de 90\u20ac.<\/p>\n<p>El 10% de las entradas del festival se destinar\u00e1 a la ONG Baitona, que trabaja en el norte de Gaza.<\/p>\n<h3>Programaci\u00f3n Festival Rite 2026<\/h3>\n<p><strong><u>Viernes 29<\/u><\/strong><\/p>\n<p>18h00 Dani de Mor\u00f3n<br \/>\n19h30 Juan Evaristo Valls Boix<br \/>\n20h45 Rita Pay\u00e9s &amp; Luc\u00eda Fumero<br \/>\n22h30 Simon Moullier, Avishai Cohen, Logan Richardson, Shai Maestro, Orlando le Fleming &amp; Antonio S\u00e1nchez.<\/p>\n<p><strong><u>S\u00e1bado 30<\/u><\/strong><\/p>\n<p>11h30 Pablo Rosal<br \/>\n13h00 Ghalia Benali &amp; Romina Lischka<br \/>\n15h00 Sara Torres &amp; Alicia Vald\u00e9s<br \/>\n17h00 Samora Pinderhughes<br \/>\n18h30 Roc\u00edo Molina<br \/>\n20h15 Anna Ferrer &amp; Valeria Mata<br \/>\n22h00 Shai Maestro Quartet<br \/>\n23h30 Logan Richardson<\/p>\n<p><strong><u>Domingo 31<\/u><\/strong><\/p>\n<p>11h30 Jon Balke\u2019s Siwan<br \/>\n13h15 Di\u00e1logos de Virupa<br \/>\n15h00 Alba Careta Group<br \/>\n17h00 Jakob Bro<br \/>\n18h30 Antonio S\u00e1nchez, Michael League, Thana Alexa &amp; Shai Maestro<\/p>\n<p>Las tres jornadas contar\u00e1n con las instalaciones art\u00edsticas de Du-Da, Gil Gelpi, Marta Velascovel, Tiffany B. Whittaker &amp; Maria Arnal y el mercado de artesanos y artistas<\/p>\n<h3>M\u00e1s informaci\u00f3n<\/h3>\n<p><a href=\"https:\/\/festivalrite.com\/ca\" target=\"_blank\" rel=\"noopener\">https:\/\/festivalrite.com\/ca<\/a><\/p>\n<p><a href=\"https:\/\/tomajazz.com\/web\/?s=festival+rite&amp;submit=Search\" target=\"_blank\" rel=\"noopener\">https:\/\/tomajazz.com\/web\/?s=festival+rite&amp;submit=Search<\/a><\/p>\n","protected":false},"excerpt":{"rendered":"<p>Entre el 29 y el 31 de mayo se celebrar\u00e1 el IV Festival Rite 2026 en Casa VIrupa, Can Bordoi, Llinars del Vall\u00e8s, Barcelona. Con Jon Balke, Antonio S\u00e1nchez, Dani de Mor\u00f3n, Rita Pay\u00e9s &#8211; Luc\u00eda Fumero entre otros #Noticiasdejazz<span class=\"more-link\"><a href=\"https:\/\/tomajazz.com\/web\/iv-festival-rite-2026-noticias\/\">Contin\u00faa leyendo<\/a><\/span><\/p>\n","protected":false},"author":1,"featured_media":105581,"comment_status":"open","ping_status":"closed","sticky":false,"template":"","format":"standard","meta":{"_jetpack_newsletter_access":"","_jetpack_dont_email_post_to_subs":false,"_jetpack_newsletter_tier_id":0,"_jetpack_memberships_contains_paywalled_content":false,"_jetpack_feature_clip_id":0,"_jetpack_memberships_contains_paid_content":false,"footnotes":"","jetpack_post_was_ever_published":false},"categories":[33416,15795,1038],"tags":[],"class_list":["entry","author-pachi","has-excerpt","post-105579","post","type-post","status-publish","format-standard","has-post-thumbnail","category-iv-festival-rite-2026","category-noticias-2","category-contenidos"],"jetpack_likes_enabled":true,"jetpack_sharing_enabled":true,"jetpack-related-posts":[{"id":106549,"url":"https:\/\/tomajazz.com\/web\/festival-rite-2026-4\/","url_meta":{"origin":105579,"position":0},"title":"Jakob Bro \/ S\u00e1nchez-League-Alexa-Maestro (IV Festival Rite 2026. El Rite-LAC \/ Casa Virupa-Can Bordoi, 2026-05-31 \/ Llinars -Barcelona-) [05] Por Joan Cort\u00e8s [INSTANTZZ AKA Galer\u00eda fotogr\u00e1fica AKA Fotoblog de jazz, impro\u2026 y algo m\u00e1s]","author":"Tomajazz","date":"18 agosto, 2026","format":false,"excerpt":"Festival Rite 2026 Jakob Bro \/ S\u00e1nchez-League-Alexa-Maestro participaron en Festival Rite 2026 en El Rite-LAC en Casa Virupa-Can Bordoi, Llinars -Barcelona-, el 31 de mayo de 2026. Joan Cort\u00e8s lo retrata en INSTANTZZ. Actuaron Jakob Bro, Antonio S\u00e1nchez, Michael League, Thana Alexa, Shai Maestro, Avishai Cohen","rel":"","context":"En \u00abIV Festival Rite 2026\u00bb","block_context":{"text":"IV Festival Rite 2026","link":"https:\/\/tomajazz.com\/web\/category\/contenidos\/especial-contenidos\/iv-festival-rite-2026\/"},"img":{"alt_text":"Jakob Bro \/ S\u00e1nchez-League-Alexa-Maestro (El Rite-LAC \/ Casa Virupa-Can Bordoi, 2026-05-31 \/ Llinars -Barcelona-) [05] Por Joan Cort\u00e8s [INSTANTZZ AKA Galer\u00eda fotogr\u00e1fica AKA Fotoblog de jazz, impro\u2026 y algo m\u00e1s] - Tomajazz - Festival Rite 2026\nJakob Bro \/ S\u00e1nchez-League-Alexa-Maestro participaron en Festival Rite 2026 en El Rite-LAC en Casa Virupa-Can Bordoi, Llinars -Barcelona-, el 31 de mayo de 2026. Joan Cort\u00e8s lo retrata en INSTANTZZ. Actuaron Jakob Bro, Antonio S\u00e1nchez, Michael League, Thana Alexa, Shai Maestro, Avishai Cohen\n","src":"https:\/\/i0.wp.com\/tomajazz.com\/web\/wp-content\/uploads\/2026\/08\/destacada-04-Jkb-Br-Photo-by-Joan-Cortes-31mg26-L-Rt-Cs-Vr-Llnrs.jpg?resize=350%2C200&ssl=1","width":350,"height":200,"srcset":"https:\/\/i0.wp.com\/tomajazz.com\/web\/wp-content\/uploads\/2026\/08\/destacada-04-Jkb-Br-Photo-by-Joan-Cortes-31mg26-L-Rt-Cs-Vr-Llnrs.jpg?resize=350%2C200&ssl=1 1x, https:\/\/i0.wp.com\/tomajazz.com\/web\/wp-content\/uploads\/2026\/08\/destacada-04-Jkb-Br-Photo-by-Joan-Cortes-31mg26-L-Rt-Cs-Vr-Llnrs.jpg?resize=525%2C300&ssl=1 1.5x"},"classes":[]},{"id":106510,"url":"https:\/\/tomajazz.com\/web\/jon-balkes-alba-careta-lac-2026\/","url_meta":{"origin":105579,"position":1},"title":"Jon Balke\u2019s Siwan \/ Alba Careta Group (El Rite-LAC \/ Casa Virupa-Can Bordoi, 2026-05-31 \/ Llinars -Barcelona-) [04] Por Joan Cort\u00e8s [INSTANTZZ AKA Galer\u00eda fotogr\u00e1fica AKA Fotoblog de jazz, impro\u2026 y algo m\u00e1s]","author":"Tomajazz","date":"16 agosto, 2026","format":false,"excerpt":"Jon Balke\u2019s Siwan y Alba Careta Group actuaron en El Rite-LAC en Llinars, Barcelona, el 31 de mayo de 2026. Joan Cort\u00e8s lo retrata en INSTANTZZ. Actuaron Jon Balke, Mona Boutchebak, Pedram Khavar Zamini, Derya Turkan, Alba Careta, Lucas Mart\u00ednez, Roger Santacana, Giuseppe Campisi, Jordi Pallar\u00e9s","rel":"","context":"En \u00abIV Festival Rite 2026\u00bb","block_context":{"text":"IV Festival Rite 2026","link":"https:\/\/tomajazz.com\/web\/category\/contenidos\/especial-contenidos\/iv-festival-rite-2026\/"},"img":{"alt_text":"Jon Balke\u2019s Siwan \/ Alba Careta Group (El Rite-LAC \/ Casa Virupa-Can Bordoi, 2026-05-31 \/ Llinars -Barcelona-) [04] Por Joan Cort\u00e8s [INSTANTZZ AKA Galer\u00eda fotogr\u00e1fica AKA Fotoblog de jazz, impro\u2026 y algo m\u00e1s] - Tomajazz - Jon Balke\u2019s Siwan y Alba Careta Group actuaron en El Rite-LAC en Llinars, Barcelona, el 31 de mayo de 2026.  Joan Cort\u00e8s lo retrata en INSTANTZZ. Actuaron Jon Balke, Mona Boutchebak, Pedram Khavar Zamini, Derya Turkan, Alba Careta, Lucas Mart\u00ednez, Roger Santacana, Giuseppe Campisi, Jordi Pallar\u00e9s","src":"https:\/\/i0.wp.com\/tomajazz.com\/web\/wp-content\/uploads\/2026\/08\/destacada-06-Jn-Blk-Swn-Photo-by-Joan-Cortes-31mg26-l-Rt-.jpg?resize=350%2C200&ssl=1","width":350,"height":200},"classes":[]},{"id":106382,"url":"https:\/\/tomajazz.com\/web\/iv-festival-rite-2026-1\/","url_meta":{"origin":105579,"position":2},"title":"Dani de Mor\u00f3n \/ Cohen-Le Fleming-Maestro-Moullier-Richardson-S\u00e1nchez (IV Festival Rite 2026. El Rite-LAC \/ Casa Virupa, 2026-05-29 \/ Llinars -Barcelona-) [01]  Por Joan Cort\u00e8s [INSTANTZZ AKA Galer\u00eda fotogr\u00e1fica AKA Fotoblog de jazz, impro\u2026 y algo m\u00e1s]","author":"Tomajazz","date":"11 agosto, 2026","format":false,"excerpt":"Dani de Mor\u00f3n \/ Cohen-Le Fleming-Maestro-Moullier-Richardson-S\u00e1nchez actuaron en el IV Festival Rite 2026 en El Rite-LAC en Casa Virupa, en Llinars -Barcelona-, el 29 de mayo de 2026. Joan Cort\u00e8s lo retrata en INSTANTZZ","rel":"","context":"En \u00abIV Festival Rite 2026\u00bb","block_context":{"text":"IV Festival Rite 2026","link":"https:\/\/tomajazz.com\/web\/category\/contenidos\/especial-contenidos\/iv-festival-rite-2026\/"},"img":{"alt_text":"Dani de Mor\u00f3n \/ Cohen-Le Fleming-Maestro-Moullier-Richardson-S\u00e1nchez (IV Festival Rite 2026. El Rite-LAC \/ Casa Virupa, 2026-05-29 \/ Llinars -Barcelona-) [01]  Por Joan Cort\u00e8s [INSTANTZZ AKA Galer\u00eda fotogr\u00e1fica AKA Fotoblog de jazz, impro\u2026 y algo m\u00e1s] - Tomajazz - Dani de Mor\u00f3n \/ Cohen-Le Fleming-Maestro-Moullier-Richardson-S\u00e1nchez actuaron en el IV Festival Rite 2026 en El Rite-LAC en Casa Virupa, en Llinars -Barcelona-, el 29 de mayo de 2026. Joan Cort\u00e8s lo retrata en INSTANTZZ","src":"https:\/\/i0.wp.com\/tomajazz.com\/web\/wp-content\/uploads\/2026\/08\/destacada-14-CLMMRS-Photo-by-Joan-Cortes-29mg26-l-Rt-Cs-Vrp-Cn-Brd-Llnrs.jpg?resize=350%2C200&ssl=1","width":350,"height":200,"srcset":"https:\/\/i0.wp.com\/tomajazz.com\/web\/wp-content\/uploads\/2026\/08\/destacada-14-CLMMRS-Photo-by-Joan-Cortes-29mg26-l-Rt-Cs-Vrp-Cn-Brd-Llnrs.jpg?resize=350%2C200&ssl=1 1x, https:\/\/i0.wp.com\/tomajazz.com\/web\/wp-content\/uploads\/2026\/08\/destacada-14-CLMMRS-Photo-by-Joan-Cortes-29mg26-l-Rt-Cs-Vrp-Cn-Brd-Llnrs.jpg?resize=525%2C300&ssl=1 1.5x"},"classes":[]},{"id":106423,"url":"https:\/\/tomajazz.com\/web\/ghalia-benali-rocio-molina-el-rite-lac-2026\/","url_meta":{"origin":105579,"position":3},"title":"Ghalia Benali \/ Roc\u00edo Molina (El Rite-LAC \/ Casa Virupa, 2026-05-30 \/ Llinars -Barcelona-) [02] Por Joan Cort\u00e8s [INSTANTZZ AKA Galer\u00eda fotogr\u00e1fica AKA Fotoblog de jazz, impro\u2026 y algo m\u00e1s]","author":"Tomajazz","date":"13 agosto, 2026","format":false,"excerpt":"Ghalia Benali \/ Roc\u00edo Molina actuaron en El Rite-LAC en Casa Virupa, en Llinars -Barcelona-, el 30 de mayo de 2026. Joan Cort\u00e8s lo retrata en INSTANTZZ. Actuaron Ghalia Benali, Moufadhel Adhoum, Hamin Honari, Logan Ricaharson, Roc\u00edo Molina, Jos\u00e9 Manuel Ramos \u201cOruco\u201d","rel":"","context":"En \u00abIV Festival Rite 2026\u00bb","block_context":{"text":"IV Festival Rite 2026","link":"https:\/\/tomajazz.com\/web\/category\/contenidos\/especial-contenidos\/iv-festival-rite-2026\/"},"img":{"alt_text":"Ghalia Benali \/ Roc\u00edo Molina (El Rite-LAC \/ Casa Virupa, 2026-05-30 \/ Llinars -Barcelona-) [02]  Por Joan Cort\u00e8s [INSTANTZZ AKA Galer\u00eda fotogr\u00e1fica AKA Fotoblog de jazz, impro\u2026 y algo m\u00e1s] - Tomajazz - Ghalia Benali \/ Roc\u00edo Molina actuaron en El Rite-LAC en Casa Virupa, en Llinars -Barcelona-, el 30 de mayo de 2026. Joan Cort\u00e8s lo retrata en INSTANTZZ. Actuaron Ghalia Benali, Moufadhel Adhoum, Hamin Honari, Logan Ricaharson, Roc\u00edo Molina, Jos\u00e9 Manuel Ramos \u201cOruco\u201d\n","src":"https:\/\/i0.wp.com\/tomajazz.com\/web\/wp-content\/uploads\/2026\/08\/destacada-05-Ghl-Rnl-Photo-by-Joan-Cortes-30mg26-l-Rt-Cs-Cn-Brd-Llnrs.jpg?resize=350%2C200&ssl=1","width":350,"height":200,"srcset":"https:\/\/i0.wp.com\/tomajazz.com\/web\/wp-content\/uploads\/2026\/08\/destacada-05-Ghl-Rnl-Photo-by-Joan-Cortes-30mg26-l-Rt-Cs-Cn-Brd-Llnrs.jpg?resize=350%2C200&ssl=1 1x, https:\/\/i0.wp.com\/tomajazz.com\/web\/wp-content\/uploads\/2026\/08\/destacada-05-Ghl-Rnl-Photo-by-Joan-Cortes-30mg26-l-Rt-Cs-Cn-Brd-Llnrs.jpg?resize=525%2C300&ssl=1 1.5x"},"classes":[]},{"id":106491,"url":"https:\/\/tomajazz.com\/web\/shai-maestro-logan-richardson-lac-2026\/","url_meta":{"origin":105579,"position":4},"title":"Shai Maestro 4t \/ Logan Richardson (El Rite-LAC \/ Casa Virupa, 2026-05-30 \/ Llinars -Barcelona-) [03] Por Joan Cort\u00e8s [INSTANTZZ AKA Galer\u00eda fotogr\u00e1fica AKA Fotoblog de jazz, impro\u2026 y algo m\u00e1s]","author":"Tomajazz","date":"15 agosto, 2026","format":false,"excerpt":"Shai Maestro 4t \/ Logan Richardson actuaron en El Rite-LAC en Casa Virupa, Llinars -Barcelona-, el 30 de mayo de 2026. Joan Cort\u00e8s lo retrata en INSTANTZZ. Actuaron Gadi Lehavi, Ofri Nehemya, Orlando LeFleming, Elliott Skinner, Avishai Cohen, Logan Richardson, Ghalia Benali, Hamin Honari","rel":"","context":"En \u00abIV Festival Rite 2026\u00bb","block_context":{"text":"IV Festival Rite 2026","link":"https:\/\/tomajazz.com\/web\/category\/contenidos\/especial-contenidos\/iv-festival-rite-2026\/"},"img":{"alt_text":"Shai Maestro 4t \/ Logan Richardson (El Rite-LAC \/ Casa Virupa, 2026-05-30 \/ Llinars -Barcelona-) [03] Por Joan Cort\u00e8s [INSTANTZZ AKA Galer\u00eda fotogr\u00e1fica AKA Fotoblog de jazz, impro\u2026 y algo m\u00e1s] - Tomajazz - Shai Maestro 4t \/ Logan Richardson actuaron en El Rite-LAC en Casa Virupa, Llinars -Barcelona-, el 30 de mayo de 2026. Joan Cort\u00e8s lo retrata en INSTANTZZ. Actuaron Gadi Lehavi, Ofri Nehemya, Orlando LeFleming, Elliott Skinner, Avishai Cohen, Logan Richardson, Ghalia Benali, Hamin Honari","src":"https:\/\/i0.wp.com\/tomajazz.com\/web\/wp-content\/uploads\/2026\/08\/destacada-13-Lgn-Rchrdsn-Photo-by-Joan-Cortes-30mg26-l-Rt-Llnrs.jpg?resize=350%2C200&ssl=1","width":350,"height":200,"srcset":"https:\/\/i0.wp.com\/tomajazz.com\/web\/wp-content\/uploads\/2026\/08\/destacada-13-Lgn-Rchrdsn-Photo-by-Joan-Cortes-30mg26-l-Rt-Llnrs.jpg?resize=350%2C200&ssl=1 1x, https:\/\/i0.wp.com\/tomajazz.com\/web\/wp-content\/uploads\/2026\/08\/destacada-13-Lgn-Rchrdsn-Photo-by-Joan-Cortes-30mg26-l-Rt-Llnrs.jpg?resize=525%2C300&ssl=1 1.5x"},"classes":[]},{"id":97157,"url":"https:\/\/tomajazz.com\/web\/a-rite-of-summer-2025-lac-llinars-del-valles-barcelona\/","url_meta":{"origin":105579,"position":5},"title":"Tercer A Rite Of Summer 2025 (LAC, Casa Virupa, Masia de Can Bordoi, Llinars del Vall\u00e8s, Barcelona. 12 y 13 julio de 2025) [Noticias de jazz]","author":"Tomajazz","date":"12 julio, 2025","format":false,"excerpt":"El s\u00e1bado 12 y el domingo 13 de julio de 2025, se celebrar\u00e1 la tercera edici\u00f3n del festival A Rite Of Summer en LAC en Llinars del Vall\u00e8s, Barcelona #Noticiasdejazz","rel":"","context":"En \u00abNoticias\u00bb","block_context":{"text":"Noticias","link":"https:\/\/tomajazz.com\/web\/category\/contenidos\/noticias-2\/"},"img":{"alt_text":"Tercer A Rite Of Summer 2025 (LAC, Casa Virupa, Masia de Can Bordoi, Llinars del Vall\u00e8s, Barcelona. 12 y 13 julio de 2025) [Noticias de jazz] - Tomajazz - El s\u00e1bado 12 y el domingo 13 de julio de 2025, se celebrar\u00e1 la tercera edici\u00f3n del festival A Rite Of Summer en LAC en Llinars del Vall\u00e8s, Barcelona #Noticiasdejazz","src":"https:\/\/i0.wp.com\/tomajazz.com\/web\/wp-content\/uploads\/2025\/07\/Cartel-A-Rite-of-Summer.jpg?resize=350%2C200&ssl=1","width":350,"height":200,"srcset":"https:\/\/i0.wp.com\/tomajazz.com\/web\/wp-content\/uploads\/2025\/07\/Cartel-A-Rite-of-Summer.jpg?resize=350%2C200&ssl=1 1x, https:\/\/i0.wp.com\/tomajazz.com\/web\/wp-content\/uploads\/2025\/07\/Cartel-A-Rite-of-Summer.jpg?resize=525%2C300&ssl=1 1.5x, https:\/\/i0.wp.com\/tomajazz.com\/web\/wp-content\/uploads\/2025\/07\/Cartel-A-Rite-of-Summer.jpg?resize=700%2C400&ssl=1 2x"},"classes":[]}],"jetpack_featured_media_url":"https:\/\/tomajazz.com\/web\/wp-content\/uploads\/2026\/05\/Festival-El-Rite-2026.jpg","_links":{"self":[{"href":"https:\/\/tomajazz.com\/web\/wp-json\/wp\/v2\/posts\/105579","targetHints":{"allow":["GET"]}}],"collection":[{"href":"https:\/\/tomajazz.com\/web\/wp-json\/wp\/v2\/posts"}],"about":[{"href":"https:\/\/tomajazz.com\/web\/wp-json\/wp\/v2\/types\/post"}],"author":[{"embeddable":true,"href":"https:\/\/tomajazz.com\/web\/wp-json\/wp\/v2\/users\/1"}],"replies":[{"embeddable":true,"href":"https:\/\/tomajazz.com\/web\/wp-json\/wp\/v2\/comments?post=105579"}],"version-history":[{"count":2,"href":"https:\/\/tomajazz.com\/web\/wp-json\/wp\/v2\/posts\/105579\/revisions"}],"predecessor-version":[{"id":105583,"href":"https:\/\/tomajazz.com\/web\/wp-json\/wp\/v2\/posts\/105579\/revisions\/105583"}],"wp:featuredmedia":[{"embeddable":true,"href":"https:\/\/tomajazz.com\/web\/wp-json\/wp\/v2\/media\/105581"}],"wp:attachment":[{"href":"https:\/\/tomajazz.com\/web\/wp-json\/wp\/v2\/media?parent=105579"}],"wp:term":[{"taxonomy":"category","embeddable":true,"href":"https:\/\/tomajazz.com\/web\/wp-json\/wp\/v2\/categories?post=105579"},{"taxonomy":"post_tag","embeddable":true,"href":"https:\/\/tomajazz.com\/web\/wp-json\/wp\/v2\/tags?post=105579"}],"curies":[{"name":"wp","href":"https:\/\/api.w.org\/{rel}","templated":true}]}}