{"id":106382,"date":"2026-08-11T17:00:15","date_gmt":"2026-08-11T15:00:15","guid":{"rendered":"https:\/\/tomajazz.com\/web\/?p=106382"},"modified":"2026-08-11T16:57:27","modified_gmt":"2026-08-11T14:57:27","slug":"iv-festival-rite-2026-1","status":"publish","type":"post","link":"https:\/\/tomajazz.com\/web\/iv-festival-rite-2026-1\/","title":{"rendered":"Dani de Mor\u00f3n \/ Cohen-Le Fleming-Maestro-Moullier-Richardson-S\u00e1nchez (IV Festival Rite 2026. El Rite-LAC \/ Casa Virupa, 2026-05-29 \/ Llinars -Barcelona-) [01]  Por Joan Cort\u00e8s [INSTANTZZ AKA Galer\u00eda fotogr\u00e1fica AKA Fotoblog de jazz, impro\u2026 y algo m\u00e1s]"},"content":{"rendered":"<h3>Dani de Mor\u00f3n \/ Cohen-Le Fleming-Maestro-Moullier-Richardson-S\u00e1nchez<\/h3>\n<h3 class=\" loop-title entry-title\">IV Festival Rite 2026. LAC &#8211; Laboratori Arts Contemplatives &#8211;<\/h3>\n<ul>\n<li>Fecha: Viernes, 29 de mayo de 2026<\/li>\n<li>Lugar: Casa Virupa-Can Bordoi (Llinars del Vall\u00e8s -Barcelona-)<\/li>\n<li>Componentes:<br \/>\n<strong>Dani de Mor\u00f3n <\/strong>(18h00)<br \/>\nDani de Mor\u00f3n, guitarra<br \/>\n<strong>Cohen-LeFleming-Maestro-Moullier-Richardson-S\u00e1nchez <\/strong>(22h30)<br \/>\nAvishai Cohen, trompeta<br \/>\nOrlando Le Fleming, contrabajo<br \/>\nShai Maestro, piano<br \/>\nSimon Moullier, vibr\u00e1fono<br \/>\nLogan Richardson, saxo soprano y alto<br \/>\nAntonio S\u00e1nchez, bater\u00eda<\/li>\n<\/ul>\n<hr \/>\n<h3><strong>Dani de Mor\u00f3n<\/strong><\/h3>\n<p><img loading=\"lazy\" decoding=\"async\" class=\"aligncenter size-large wp-image-106384\" title=\"Dani de Mor\u00f3n \/ Cohen-Le Fleming-Maestro-Moullier-Richardson-S\u00e1nchez (El Rite-LAC \/ Casa Virupa, 2026-05-29 \/ Llinars -Barcelona-) [01] Por Joan Cort\u00e8s [INSTANTZZ AKA Galer\u00eda fotogr\u00e1fica AKA Fotoblog de jazz, impro\u2026 y algo m\u00e1s] Tomajazz 01 Dn d Mrn \u00a9Joan Cort\u00e8s 29mg26 l Rt Cs Vrp Cn Brd Llnrs\" src=\"https:\/\/tomajazz.com\/web\/wp-content\/uploads\/2026\/08\/01-Dn-d-Mrn-\u00a9Joan-Cortes-29mg26-l-Rt-Cs-Vrp-Cn-Brd-Llnrs.jpg\" alt=\"Dani de Mor\u00f3n \/ Cohen-Le Fleming-Maestro-Moullier-Richardson-S\u00e1nchez (El Rite-LAC \/ Casa Virupa, 2026-05-29 \/ Llinars -Barcelona-) [01] Por Joan Cort\u00e8s [INSTANTZZ AKA Galer\u00eda fotogr\u00e1fica AKA Fotoblog de jazz, impro\u2026 y algo m\u00e1s] - Tomajazz - Dani de Mor\u00f3n \/ Cohen-Le Fleming-Maestro-Moullier-Richardson-S\u00e1nchez actuaron en El Rite-LAC en Casa Virupa, en Llinars -Barcelona-, el 29 de mayo de 2026. Joan Cort\u00e8s lo retrata en INSTANTZZ\" width=\"600\" height=\"400\" srcset=\"https:\/\/tomajazz.com\/web\/wp-content\/uploads\/2026\/08\/01-Dn-d-Mrn-\u00a9Joan-Cortes-29mg26-l-Rt-Cs-Vrp-Cn-Brd-Llnrs.jpg 600w, https:\/\/tomajazz.com\/web\/wp-content\/uploads\/2026\/08\/01-Dn-d-Mrn-\u00a9Joan-Cortes-29mg26-l-Rt-Cs-Vrp-Cn-Brd-Llnrs-300x200.jpg 300w, https:\/\/tomajazz.com\/web\/wp-content\/uploads\/2026\/08\/01-Dn-d-Mrn-\u00a9Joan-Cortes-29mg26-l-Rt-Cs-Vrp-Cn-Brd-Llnrs-465x310.jpg 465w\" sizes=\"auto, (max-width: 600px) 100vw, 600px\" \/> <img loading=\"lazy\" decoding=\"async\" class=\"aligncenter size-large wp-image-106385\" title=\"Dani de Mor\u00f3n \/ Cohen-Le Fleming-Maestro-Moullier-Richardson-S\u00e1nchez (El Rite-LAC \/ Casa Virupa, 2026-05-29 \/ Llinars -Barcelona-) [01] Por Joan Cort\u00e8s [INSTANTZZ AKA Galer\u00eda fotogr\u00e1fica AKA Fotoblog de jazz, impro\u2026 y algo m\u00e1s] Tomajazz 02 Dn d Mrn \u00a9Joan Cort\u00e8s 29mg26 l Rt Cs Vrp Cn Brd Llnrs\" src=\"https:\/\/tomajazz.com\/web\/wp-content\/uploads\/2026\/08\/02-Dn-d-Mrn-\u00a9Joan-Cortes-29mg26-l-Rt-Cs-Vrp-Cn-Brd-Llnrs.jpg\" alt=\"Dani de Mor\u00f3n \/ Cohen-Le Fleming-Maestro-Moullier-Richardson-S\u00e1nchez (El Rite-LAC \/ Casa Virupa, 2026-05-29 \/ Llinars -Barcelona-) [01] Por Joan Cort\u00e8s [INSTANTZZ AKA Galer\u00eda fotogr\u00e1fica AKA Fotoblog de jazz, impro\u2026 y algo m\u00e1s] - Tomajazz - Dani de Mor\u00f3n \/ Cohen-Le Fleming-Maestro-Moullier-Richardson-S\u00e1nchez actuaron en El Rite-LAC en Casa Virupa, en Llinars -Barcelona-, el 29 de mayo de 2026. Joan Cort\u00e8s lo retrata en INSTANTZZ\" width=\"400\" height=\"600\" srcset=\"https:\/\/tomajazz.com\/web\/wp-content\/uploads\/2026\/08\/02-Dn-d-Mrn-\u00a9Joan-Cortes-29mg26-l-Rt-Cs-Vrp-Cn-Brd-Llnrs.jpg 400w, https:\/\/tomajazz.com\/web\/wp-content\/uploads\/2026\/08\/02-Dn-d-Mrn-\u00a9Joan-Cortes-29mg26-l-Rt-Cs-Vrp-Cn-Brd-Llnrs-200x300.jpg 200w, https:\/\/tomajazz.com\/web\/wp-content\/uploads\/2026\/08\/02-Dn-d-Mrn-\u00a9Joan-Cortes-29mg26-l-Rt-Cs-Vrp-Cn-Brd-Llnrs-367x550.jpg 367w, https:\/\/tomajazz.com\/web\/wp-content\/uploads\/2026\/08\/02-Dn-d-Mrn-\u00a9Joan-Cortes-29mg26-l-Rt-Cs-Vrp-Cn-Brd-Llnrs-333x500.jpg 333w\" sizes=\"auto, (max-width: 400px) 100vw, 400px\" \/> <img loading=\"lazy\" decoding=\"async\" class=\"aligncenter size-large wp-image-106386\" title=\"Dani de Mor\u00f3n \/ Cohen-Le Fleming-Maestro-Moullier-Richardson-S\u00e1nchez (El Rite-LAC \/ Casa Virupa, 2026-05-29 \/ Llinars -Barcelona-) [01] Por Joan Cort\u00e8s [INSTANTZZ AKA Galer\u00eda fotogr\u00e1fica AKA Fotoblog de jazz, impro\u2026 y algo m\u00e1s] Tomajazz 03 Dn d Mrn \u00a9Joan Cort\u00e8s 29mg26 l Rt Cs Vrp Cn Brd Llnrs\" src=\"https:\/\/tomajazz.com\/web\/wp-content\/uploads\/2026\/08\/03-Dn-d-Mrn-\u00a9Joan-Cortes-29mg26-l-Rt-Cs-Vrp-Cn-Brd-Llnrs.jpg\" alt=\"Dani de Mor\u00f3n \/ Cohen-Le Fleming-Maestro-Moullier-Richardson-S\u00e1nchez (El Rite-LAC \/ Casa Virupa, 2026-05-29 \/ Llinars -Barcelona-) [01] Por Joan Cort\u00e8s [INSTANTZZ AKA Galer\u00eda fotogr\u00e1fica AKA Fotoblog de jazz, impro\u2026 y algo m\u00e1s] - Tomajazz - Dani de Mor\u00f3n \/ Cohen-Le Fleming-Maestro-Moullier-Richardson-S\u00e1nchez actuaron en El Rite-LAC en Casa Virupa, en Llinars -Barcelona-, el 29 de mayo de 2026. Joan Cort\u00e8s lo retrata en INSTANTZZ\" width=\"400\" height=\"600\" srcset=\"https:\/\/tomajazz.com\/web\/wp-content\/uploads\/2026\/08\/03-Dn-d-Mrn-\u00a9Joan-Cortes-29mg26-l-Rt-Cs-Vrp-Cn-Brd-Llnrs.jpg 400w, https:\/\/tomajazz.com\/web\/wp-content\/uploads\/2026\/08\/03-Dn-d-Mrn-\u00a9Joan-Cortes-29mg26-l-Rt-Cs-Vrp-Cn-Brd-Llnrs-200x300.jpg 200w, https:\/\/tomajazz.com\/web\/wp-content\/uploads\/2026\/08\/03-Dn-d-Mrn-\u00a9Joan-Cortes-29mg26-l-Rt-Cs-Vrp-Cn-Brd-Llnrs-367x550.jpg 367w, https:\/\/tomajazz.com\/web\/wp-content\/uploads\/2026\/08\/03-Dn-d-Mrn-\u00a9Joan-Cortes-29mg26-l-Rt-Cs-Vrp-Cn-Brd-Llnrs-333x500.jpg 333w\" sizes=\"auto, (max-width: 400px) 100vw, 400px\" \/> <img loading=\"lazy\" decoding=\"async\" class=\"aligncenter size-large wp-image-106387\" title=\"Dani de Mor\u00f3n \/ Cohen-Le Fleming-Maestro-Moullier-Richardson-S\u00e1nchez (El Rite-LAC \/ Casa Virupa, 2026-05-29 \/ Llinars -Barcelona-) [01] Por Joan Cort\u00e8s [INSTANTZZ AKA Galer\u00eda fotogr\u00e1fica AKA Fotoblog de jazz, impro\u2026 y algo m\u00e1s] Tomajazz 04 Dn d Mrn \u00a9Joan Cort\u00e8s 29mg26 l Rt Cs Vrp Cn Brd Llnrs\" src=\"https:\/\/tomajazz.com\/web\/wp-content\/uploads\/2026\/08\/04-Dn-d-Mrn-\u00a9Joan-Cortes-29mg26-l-Rt-Cs-Vrp-Cn-Brd-Llnrs.jpg\" alt=\"Dani de Mor\u00f3n \/ Cohen-Le Fleming-Maestro-Moullier-Richardson-S\u00e1nchez (El Rite-LAC \/ Casa Virupa, 2026-05-29 \/ Llinars -Barcelona-) [01] Por Joan Cort\u00e8s [INSTANTZZ AKA Galer\u00eda fotogr\u00e1fica AKA Fotoblog de jazz, impro\u2026 y algo m\u00e1s] - Tomajazz - Dani de Mor\u00f3n \/ Cohen-Le Fleming-Maestro-Moullier-Richardson-S\u00e1nchez actuaron en El Rite-LAC en Casa Virupa, en Llinars -Barcelona-, el 29 de mayo de 2026. Joan Cort\u00e8s lo retrata en INSTANTZZ\" width=\"400\" height=\"600\" srcset=\"https:\/\/tomajazz.com\/web\/wp-content\/uploads\/2026\/08\/04-Dn-d-Mrn-\u00a9Joan-Cortes-29mg26-l-Rt-Cs-Vrp-Cn-Brd-Llnrs.jpg 400w, https:\/\/tomajazz.com\/web\/wp-content\/uploads\/2026\/08\/04-Dn-d-Mrn-\u00a9Joan-Cortes-29mg26-l-Rt-Cs-Vrp-Cn-Brd-Llnrs-200x300.jpg 200w, https:\/\/tomajazz.com\/web\/wp-content\/uploads\/2026\/08\/04-Dn-d-Mrn-\u00a9Joan-Cortes-29mg26-l-Rt-Cs-Vrp-Cn-Brd-Llnrs-367x550.jpg 367w, https:\/\/tomajazz.com\/web\/wp-content\/uploads\/2026\/08\/04-Dn-d-Mrn-\u00a9Joan-Cortes-29mg26-l-Rt-Cs-Vrp-Cn-Brd-Llnrs-333x500.jpg 333w\" sizes=\"auto, (max-width: 400px) 100vw, 400px\" \/> <img loading=\"lazy\" decoding=\"async\" class=\"aligncenter size-large wp-image-106388\" title=\"Dani de Mor\u00f3n \/ Cohen-Le Fleming-Maestro-Moullier-Richardson-S\u00e1nchez (El Rite-LAC \/ Casa Virupa, 2026-05-29 \/ Llinars -Barcelona-) [01] Por Joan Cort\u00e8s [INSTANTZZ AKA Galer\u00eda fotogr\u00e1fica AKA Fotoblog de jazz, impro\u2026 y algo m\u00e1s] Tomajazz 05 Dn d Mrn \u00a9Joan Cort\u00e8s 29mg26 l Rt Cs Vrp Cn Brd Llnrs\" src=\"https:\/\/tomajazz.com\/web\/wp-content\/uploads\/2026\/08\/05-Dn-d-Mrn-\u00a9Joan-Cortes-29mg26-l-Rt-Cs-Vrp-Cn-Brd-Llnrs.jpg\" alt=\"Dani de Mor\u00f3n \/ Cohen-Le Fleming-Maestro-Moullier-Richardson-S\u00e1nchez (El Rite-LAC \/ Casa Virupa, 2026-05-29 \/ Llinars -Barcelona-) [01] Por Joan Cort\u00e8s [INSTANTZZ AKA Galer\u00eda fotogr\u00e1fica AKA Fotoblog de jazz, impro\u2026 y algo m\u00e1s] - Tomajazz - Dani de Mor\u00f3n \/ Cohen-Le Fleming-Maestro-Moullier-Richardson-S\u00e1nchez actuaron en El Rite-LAC en Casa Virupa, en Llinars -Barcelona-, el 29 de mayo de 2026. Joan Cort\u00e8s lo retrata en INSTANTZZ\" width=\"400\" height=\"600\" srcset=\"https:\/\/tomajazz.com\/web\/wp-content\/uploads\/2026\/08\/05-Dn-d-Mrn-\u00a9Joan-Cortes-29mg26-l-Rt-Cs-Vrp-Cn-Brd-Llnrs.jpg 400w, https:\/\/tomajazz.com\/web\/wp-content\/uploads\/2026\/08\/05-Dn-d-Mrn-\u00a9Joan-Cortes-29mg26-l-Rt-Cs-Vrp-Cn-Brd-Llnrs-200x300.jpg 200w, https:\/\/tomajazz.com\/web\/wp-content\/uploads\/2026\/08\/05-Dn-d-Mrn-\u00a9Joan-Cortes-29mg26-l-Rt-Cs-Vrp-Cn-Brd-Llnrs-367x550.jpg 367w, https:\/\/tomajazz.com\/web\/wp-content\/uploads\/2026\/08\/05-Dn-d-Mrn-\u00a9Joan-Cortes-29mg26-l-Rt-Cs-Vrp-Cn-Brd-Llnrs-333x500.jpg 333w\" sizes=\"auto, (max-width: 400px) 100vw, 400px\" \/> <img loading=\"lazy\" decoding=\"async\" class=\"aligncenter size-full wp-image-106389\" title=\"Dani de Mor\u00f3n \/ Cohen-Le Fleming-Maestro-Moullier-Richardson-S\u00e1nchez (El Rite-LAC \/ Casa Virupa, 2026-05-29 \/ Llinars -Barcelona-) [01] Por Joan Cort\u00e8s [INSTANTZZ AKA Galer\u00eda fotogr\u00e1fica AKA Fotoblog de jazz, impro\u2026 y algo m\u00e1s] Tomajazz 06 Dn d Mrn \u00a9Joan Cort\u00e8s 29mg26 l Rt Cs Vrp Cn Brd Llnrs\" src=\"https:\/\/tomajazz.com\/web\/wp-content\/uploads\/2026\/08\/06-Dn-d-Mrn-\u00a9Joan-Cortes-29mg26-l-Rt-Cs-Vrp-Cn-Brd-Llnrs-1.jpg\" alt=\"Dani de Mor\u00f3n \/ Cohen-Le Fleming-Maestro-Moullier-Richardson-S\u00e1nchez (El Rite-LAC \/ Casa Virupa, 2026-05-29 \/ Llinars -Barcelona-) [01] Por Joan Cort\u00e8s [INSTANTZZ AKA Galer\u00eda fotogr\u00e1fica AKA Fotoblog de jazz, impro\u2026 y algo m\u00e1s] - Tomajazz - Dani de Mor\u00f3n \/ Cohen-Le Fleming-Maestro-Moullier-Richardson-S\u00e1nchez actuaron en El Rite-LAC en Casa Virupa, en Llinars -Barcelona-, el 29 de mayo de 2026. Joan Cort\u00e8s lo retrata en INSTANTZZ\" width=\"600\" height=\"400\" srcset=\"https:\/\/tomajazz.com\/web\/wp-content\/uploads\/2026\/08\/06-Dn-d-Mrn-\u00a9Joan-Cortes-29mg26-l-Rt-Cs-Vrp-Cn-Brd-Llnrs-1.jpg 600w, https:\/\/tomajazz.com\/web\/wp-content\/uploads\/2026\/08\/06-Dn-d-Mrn-\u00a9Joan-Cortes-29mg26-l-Rt-Cs-Vrp-Cn-Brd-Llnrs-1-300x200.jpg 300w, https:\/\/tomajazz.com\/web\/wp-content\/uploads\/2026\/08\/06-Dn-d-Mrn-\u00a9Joan-Cortes-29mg26-l-Rt-Cs-Vrp-Cn-Brd-Llnrs-1-465x310.jpg 465w\" sizes=\"auto, (max-width: 600px) 100vw, 600px\" \/><\/p>\n<hr \/>\n<h3><strong>Cohen-LeFleming-Maestro-Moullier-Richardson-S\u00e1nchez<\/strong><\/h3>\n<p style=\"text-align: center;\"><img loading=\"lazy\" decoding=\"async\" class=\"aligncenter size-full wp-image-106390\" title=\"Dani de Mor\u00f3n \/ Cohen-Le Fleming-Maestro-Moullier-Richardson-S\u00e1nchez (El Rite-LAC \/ Casa Virupa, 2026-05-29 \/ Llinars -Barcelona-) [01] Por Joan Cort\u00e8s [INSTANTZZ AKA Galer\u00eda fotogr\u00e1fica AKA Fotoblog de jazz, impro\u2026 y algo m\u00e1s] Tomajazz 07 CLMMRS \u00a9Joan Cort\u00e8s 29mg26 l Rt Cs Vrp Cn Brd Llnrs\" src=\"https:\/\/tomajazz.com\/web\/wp-content\/uploads\/2026\/08\/07-CLMMRS-\u00a9Joan-Cortes-29mg26-l-Rt-Cs-Vrp-Cn-Brd-Llnrs.jpg\" alt=\"Dani de Mor\u00f3n \/ Cohen-Le Fleming-Maestro-Moullier-Richardson-S\u00e1nchez (El Rite-LAC \/ Casa Virupa, 2026-05-29 \/ Llinars -Barcelona-) [01] Por Joan Cort\u00e8s [INSTANTZZ AKA Galer\u00eda fotogr\u00e1fica AKA Fotoblog de jazz, impro\u2026 y algo m\u00e1s] - Tomajazz - Dani de Mor\u00f3n \/ Cohen-Le Fleming-Maestro-Moullier-Richardson-S\u00e1nchez actuaron en El Rite-LAC en Casa Virupa, en Llinars -Barcelona-, el 29 de mayo de 2026. Joan Cort\u00e8s lo retrata en INSTANTZZ\" width=\"600\" height=\"400\" srcset=\"https:\/\/tomajazz.com\/web\/wp-content\/uploads\/2026\/08\/07-CLMMRS-\u00a9Joan-Cortes-29mg26-l-Rt-Cs-Vrp-Cn-Brd-Llnrs.jpg 600w, https:\/\/tomajazz.com\/web\/wp-content\/uploads\/2026\/08\/07-CLMMRS-\u00a9Joan-Cortes-29mg26-l-Rt-Cs-Vrp-Cn-Brd-Llnrs-300x200.jpg 300w, https:\/\/tomajazz.com\/web\/wp-content\/uploads\/2026\/08\/07-CLMMRS-\u00a9Joan-Cortes-29mg26-l-Rt-Cs-Vrp-Cn-Brd-Llnrs-465x310.jpg 465w\" sizes=\"auto, (max-width: 600px) 100vw, 600px\" \/> <img loading=\"lazy\" decoding=\"async\" class=\"aligncenter size-large wp-image-106391\" title=\"Dani de Mor\u00f3n \/ Cohen-Le Fleming-Maestro-Moullier-Richardson-S\u00e1nchez (El Rite-LAC \/ Casa Virupa, 2026-05-29 \/ Llinars -Barcelona-) [01] Por Joan Cort\u00e8s [INSTANTZZ AKA Galer\u00eda fotogr\u00e1fica AKA Fotoblog de jazz, impro\u2026 y algo m\u00e1s] Tomajazz 08 CLMMRS \u00a9Joan Cort\u00e8s 29mg26 l Rt Cs Vrp Cn Brd Llnrs\" src=\"https:\/\/tomajazz.com\/web\/wp-content\/uploads\/2026\/08\/08-CLMMRS-\u00a9Joan-Cortes-29mg26-l-Rt-Cs-Vrp-Cn-Brd-Llnrs.jpg\" alt=\"Dani de Mor\u00f3n \/ Cohen-Le Fleming-Maestro-Moullier-Richardson-S\u00e1nchez (El Rite-LAC \/ Casa Virupa, 2026-05-29 \/ Llinars -Barcelona-) [01] Por Joan Cort\u00e8s [INSTANTZZ AKA Galer\u00eda fotogr\u00e1fica AKA Fotoblog de jazz, impro\u2026 y algo m\u00e1s] - Tomajazz - Dani de Mor\u00f3n \/ Cohen-Le Fleming-Maestro-Moullier-Richardson-S\u00e1nchez actuaron en El Rite-LAC en Casa Virupa, en Llinars -Barcelona-, el 29 de mayo de 2026. Joan Cort\u00e8s lo retrata en INSTANTZZ\" width=\"600\" height=\"400\" srcset=\"https:\/\/tomajazz.com\/web\/wp-content\/uploads\/2026\/08\/08-CLMMRS-\u00a9Joan-Cortes-29mg26-l-Rt-Cs-Vrp-Cn-Brd-Llnrs.jpg 600w, https:\/\/tomajazz.com\/web\/wp-content\/uploads\/2026\/08\/08-CLMMRS-\u00a9Joan-Cortes-29mg26-l-Rt-Cs-Vrp-Cn-Brd-Llnrs-300x200.jpg 300w, https:\/\/tomajazz.com\/web\/wp-content\/uploads\/2026\/08\/08-CLMMRS-\u00a9Joan-Cortes-29mg26-l-Rt-Cs-Vrp-Cn-Brd-Llnrs-465x310.jpg 465w\" sizes=\"auto, (max-width: 600px) 100vw, 600px\" \/> <img loading=\"lazy\" decoding=\"async\" class=\"aligncenter size-large wp-image-106392\" title=\"Dani de Mor\u00f3n \/ Cohen-Le Fleming-Maestro-Moullier-Richardson-S\u00e1nchez (El Rite-LAC \/ Casa Virupa, 2026-05-29 \/ Llinars -Barcelona-) [01] Por Joan Cort\u00e8s [INSTANTZZ AKA Galer\u00eda fotogr\u00e1fica AKA Fotoblog de jazz, impro\u2026 y algo m\u00e1s] Tomajazz 09 CLMMRS \u00a9Joan Cort\u00e8s 29mg26 l Rt Cs Vrp Cn Brd Llnrs\" src=\"https:\/\/tomajazz.com\/web\/wp-content\/uploads\/2026\/08\/09-CLMMRS-\u00a9Joan-Cortes-29mg26-l-Rt-Cs-Vrp-Cn-Brd-Llnrs.jpg\" alt=\"Dani de Mor\u00f3n \/ Cohen-Le Fleming-Maestro-Moullier-Richardson-S\u00e1nchez (El Rite-LAC \/ Casa Virupa, 2026-05-29 \/ Llinars -Barcelona-) [01] Por Joan Cort\u00e8s [INSTANTZZ AKA Galer\u00eda fotogr\u00e1fica AKA Fotoblog de jazz, impro\u2026 y algo m\u00e1s] - Tomajazz - Dani de Mor\u00f3n \/ Cohen-Le Fleming-Maestro-Moullier-Richardson-S\u00e1nchez actuaron en El Rite-LAC en Casa Virupa, en Llinars -Barcelona-, el 29 de mayo de 2026. Joan Cort\u00e8s lo retrata en INSTANTZZ\" width=\"600\" height=\"400\" srcset=\"https:\/\/tomajazz.com\/web\/wp-content\/uploads\/2026\/08\/09-CLMMRS-\u00a9Joan-Cortes-29mg26-l-Rt-Cs-Vrp-Cn-Brd-Llnrs.jpg 600w, https:\/\/tomajazz.com\/web\/wp-content\/uploads\/2026\/08\/09-CLMMRS-\u00a9Joan-Cortes-29mg26-l-Rt-Cs-Vrp-Cn-Brd-Llnrs-300x200.jpg 300w, https:\/\/tomajazz.com\/web\/wp-content\/uploads\/2026\/08\/09-CLMMRS-\u00a9Joan-Cortes-29mg26-l-Rt-Cs-Vrp-Cn-Brd-Llnrs-465x310.jpg 465w\" sizes=\"auto, (max-width: 600px) 100vw, 600px\" \/> <img loading=\"lazy\" decoding=\"async\" class=\"aligncenter size-large wp-image-106393\" title=\"Dani de Mor\u00f3n \/ Cohen-Le Fleming-Maestro-Moullier-Richardson-S\u00e1nchez (El Rite-LAC \/ Casa Virupa, 2026-05-29 \/ Llinars -Barcelona-) [01] Por Joan Cort\u00e8s [INSTANTZZ AKA Galer\u00eda fotogr\u00e1fica AKA Fotoblog de jazz, impro\u2026 y algo m\u00e1s] Tomajazz 10 CLMMRS \u00a9Joan Cort\u00e8s 29mg26 l Rt Cs Vrp Cn Brd Llnrs\" src=\"https:\/\/tomajazz.com\/web\/wp-content\/uploads\/2026\/08\/10-CLMMRS-\u00a9Joan-Cortes-29mg26-l-Rt-Cs-Vrp-Cn-Brd-Llnrs.jpg\" alt=\"Dani de Mor\u00f3n \/ Cohen-Le Fleming-Maestro-Moullier-Richardson-S\u00e1nchez (El Rite-LAC \/ Casa Virupa, 2026-05-29 \/ Llinars -Barcelona-) [01] Por Joan Cort\u00e8s [INSTANTZZ AKA Galer\u00eda fotogr\u00e1fica AKA Fotoblog de jazz, impro\u2026 y algo m\u00e1s] - Tomajazz - Dani de Mor\u00f3n \/ Cohen-Le Fleming-Maestro-Moullier-Richardson-S\u00e1nchez actuaron en El Rite-LAC en Casa Virupa, en Llinars -Barcelona-, el 29 de mayo de 2026. Joan Cort\u00e8s lo retrata en INSTANTZZ\" width=\"400\" height=\"600\" srcset=\"https:\/\/tomajazz.com\/web\/wp-content\/uploads\/2026\/08\/10-CLMMRS-\u00a9Joan-Cortes-29mg26-l-Rt-Cs-Vrp-Cn-Brd-Llnrs.jpg 400w, https:\/\/tomajazz.com\/web\/wp-content\/uploads\/2026\/08\/10-CLMMRS-\u00a9Joan-Cortes-29mg26-l-Rt-Cs-Vrp-Cn-Brd-Llnrs-200x300.jpg 200w, https:\/\/tomajazz.com\/web\/wp-content\/uploads\/2026\/08\/10-CLMMRS-\u00a9Joan-Cortes-29mg26-l-Rt-Cs-Vrp-Cn-Brd-Llnrs-367x550.jpg 367w, https:\/\/tomajazz.com\/web\/wp-content\/uploads\/2026\/08\/10-CLMMRS-\u00a9Joan-Cortes-29mg26-l-Rt-Cs-Vrp-Cn-Brd-Llnrs-333x500.jpg 333w\" sizes=\"auto, (max-width: 400px) 100vw, 400px\" \/> <img loading=\"lazy\" decoding=\"async\" class=\"aligncenter size-large wp-image-106394\" title=\"Dani de Mor\u00f3n \/ Cohen-Le Fleming-Maestro-Moullier-Richardson-S\u00e1nchez (El Rite-LAC \/ Casa Virupa, 2026-05-29 \/ Llinars -Barcelona-) [01] Por Joan Cort\u00e8s [INSTANTZZ AKA Galer\u00eda fotogr\u00e1fica AKA Fotoblog de jazz, impro\u2026 y algo m\u00e1s] Tomajazz 11 CLMMRS \u00a9Joan Cort\u00e8s 29mg26 l Rt Cs Vrp Cn Brd Llnrs\" src=\"https:\/\/tomajazz.com\/web\/wp-content\/uploads\/2026\/08\/11-CLMMRS-\u00a9Joan-Cortes-29mg26-l-Rt-Cs-Vrp-Cn-Brd-Llnrs.jpg\" alt=\"Dani de Mor\u00f3n \/ Cohen-Le Fleming-Maestro-Moullier-Richardson-S\u00e1nchez (El Rite-LAC \/ Casa Virupa, 2026-05-29 \/ Llinars -Barcelona-) [01] Por Joan Cort\u00e8s [INSTANTZZ AKA Galer\u00eda fotogr\u00e1fica AKA Fotoblog de jazz, impro\u2026 y algo m\u00e1s] - Tomajazz - Dani de Mor\u00f3n \/ Cohen-Le Fleming-Maestro-Moullier-Richardson-S\u00e1nchez actuaron en El Rite-LAC en Casa Virupa, en Llinars -Barcelona-, el 29 de mayo de 2026. Joan Cort\u00e8s lo retrata en INSTANTZZ\" width=\"400\" height=\"600\" srcset=\"https:\/\/tomajazz.com\/web\/wp-content\/uploads\/2026\/08\/11-CLMMRS-\u00a9Joan-Cortes-29mg26-l-Rt-Cs-Vrp-Cn-Brd-Llnrs.jpg 400w, https:\/\/tomajazz.com\/web\/wp-content\/uploads\/2026\/08\/11-CLMMRS-\u00a9Joan-Cortes-29mg26-l-Rt-Cs-Vrp-Cn-Brd-Llnrs-200x300.jpg 200w, https:\/\/tomajazz.com\/web\/wp-content\/uploads\/2026\/08\/11-CLMMRS-\u00a9Joan-Cortes-29mg26-l-Rt-Cs-Vrp-Cn-Brd-Llnrs-367x550.jpg 367w, https:\/\/tomajazz.com\/web\/wp-content\/uploads\/2026\/08\/11-CLMMRS-\u00a9Joan-Cortes-29mg26-l-Rt-Cs-Vrp-Cn-Brd-Llnrs-333x500.jpg 333w\" sizes=\"auto, (max-width: 400px) 100vw, 400px\" \/> <img loading=\"lazy\" decoding=\"async\" class=\"aligncenter size-large wp-image-106395\" title=\"Dani de Mor\u00f3n \/ Cohen-Le Fleming-Maestro-Moullier-Richardson-S\u00e1nchez (El Rite-LAC \/ Casa Virupa, 2026-05-29 \/ Llinars -Barcelona-) [01] Por Joan Cort\u00e8s [INSTANTZZ AKA Galer\u00eda fotogr\u00e1fica AKA Fotoblog de jazz, impro\u2026 y algo m\u00e1s] Tomajazz 12 CLMMRS \u00a9Joan Cort\u00e8s 29mg26 l Rt Cs Vrp Cn Brd Llnrs\" src=\"https:\/\/tomajazz.com\/web\/wp-content\/uploads\/2026\/08\/12-CLMMRS-\u00a9Joan-Cortes-29mg26-l-Rt-Cs-Vrp-Cn-Brd-Llnrs.jpg\" alt=\"Dani de Mor\u00f3n \/ Cohen-Le Fleming-Maestro-Moullier-Richardson-S\u00e1nchez (El Rite-LAC \/ Casa Virupa, 2026-05-29 \/ Llinars -Barcelona-) [01] Por Joan Cort\u00e8s [INSTANTZZ AKA Galer\u00eda fotogr\u00e1fica AKA Fotoblog de jazz, impro\u2026 y algo m\u00e1s] - Tomajazz - Dani de Mor\u00f3n \/ Cohen-Le Fleming-Maestro-Moullier-Richardson-S\u00e1nchez actuaron en El Rite-LAC en Casa Virupa, en Llinars -Barcelona-, el 29 de mayo de 2026. Joan Cort\u00e8s lo retrata en INSTANTZZ\" width=\"600\" height=\"400\" srcset=\"https:\/\/tomajazz.com\/web\/wp-content\/uploads\/2026\/08\/12-CLMMRS-\u00a9Joan-Cortes-29mg26-l-Rt-Cs-Vrp-Cn-Brd-Llnrs.jpg 600w, https:\/\/tomajazz.com\/web\/wp-content\/uploads\/2026\/08\/12-CLMMRS-\u00a9Joan-Cortes-29mg26-l-Rt-Cs-Vrp-Cn-Brd-Llnrs-300x200.jpg 300w, https:\/\/tomajazz.com\/web\/wp-content\/uploads\/2026\/08\/12-CLMMRS-\u00a9Joan-Cortes-29mg26-l-Rt-Cs-Vrp-Cn-Brd-Llnrs-465x310.jpg 465w\" sizes=\"auto, (max-width: 600px) 100vw, 600px\" \/> <img loading=\"lazy\" decoding=\"async\" class=\"aligncenter size-large wp-image-106396\" title=\"Dani de Mor\u00f3n \/ Cohen-Le Fleming-Maestro-Moullier-Richardson-S\u00e1nchez (El Rite-LAC \/ Casa Virupa, 2026-05-29 \/ Llinars -Barcelona-) [01] Por Joan Cort\u00e8s [INSTANTZZ AKA Galer\u00eda fotogr\u00e1fica AKA Fotoblog de jazz, impro\u2026 y algo m\u00e1s] Tomajazz 13 CLMMRS \u00a9Joan Cort\u00e8s 29mg26 l Rt Cs Vrp Cn Brd Llnrs\" src=\"https:\/\/tomajazz.com\/web\/wp-content\/uploads\/2026\/08\/13-CLMMRS-\u00a9Joan-Cortes-29mg26-l-Rt-Cs-Vrp-Cn-Brd-Llnrs.jpg\" alt=\"Dani de Mor\u00f3n \/ Cohen-Le Fleming-Maestro-Moullier-Richardson-S\u00e1nchez (El Rite-LAC \/ Casa Virupa, 2026-05-29 \/ Llinars -Barcelona-) [01] Por Joan Cort\u00e8s [INSTANTZZ AKA Galer\u00eda fotogr\u00e1fica AKA Fotoblog de jazz, impro\u2026 y algo m\u00e1s] - Tomajazz - Dani de Mor\u00f3n \/ Cohen-Le Fleming-Maestro-Moullier-Richardson-S\u00e1nchez actuaron en El Rite-LAC en Casa Virupa, en Llinars -Barcelona-, el 29 de mayo de 2026. Joan Cort\u00e8s lo retrata en INSTANTZZ\" width=\"600\" height=\"400\" srcset=\"https:\/\/tomajazz.com\/web\/wp-content\/uploads\/2026\/08\/13-CLMMRS-\u00a9Joan-Cortes-29mg26-l-Rt-Cs-Vrp-Cn-Brd-Llnrs.jpg 600w, https:\/\/tomajazz.com\/web\/wp-content\/uploads\/2026\/08\/13-CLMMRS-\u00a9Joan-Cortes-29mg26-l-Rt-Cs-Vrp-Cn-Brd-Llnrs-300x200.jpg 300w, https:\/\/tomajazz.com\/web\/wp-content\/uploads\/2026\/08\/13-CLMMRS-\u00a9Joan-Cortes-29mg26-l-Rt-Cs-Vrp-Cn-Brd-Llnrs-465x310.jpg 465w\" sizes=\"auto, (max-width: 600px) 100vw, 600px\" \/> <img loading=\"lazy\" decoding=\"async\" class=\"aligncenter size-large wp-image-106397\" title=\"Dani de Mor\u00f3n \/ Cohen-Le Fleming-Maestro-Moullier-Richardson-S\u00e1nchez (El Rite-LAC \/ Casa Virupa, 2026-05-29 \/ Llinars -Barcelona-) [01] Por Joan Cort\u00e8s [INSTANTZZ AKA Galer\u00eda fotogr\u00e1fica AKA Fotoblog de jazz, impro\u2026 y algo m\u00e1s] Tomajazz 14 CLMMRS \u00a9Joan Cort\u00e8s 29mg26 l Rt Cs Vrp Cn Brd Llnrs\" src=\"https:\/\/tomajazz.com\/web\/wp-content\/uploads\/2026\/08\/14-CLMMRS-\u00a9Joan-Cortes-29mg26-l-Rt-Cs-Vrp-Cn-Brd-Llnrs.jpg\" alt=\"Dani de Mor\u00f3n \/ Cohen-Le Fleming-Maestro-Moullier-Richardson-S\u00e1nchez (El Rite-LAC \/ Casa Virupa, 2026-05-29 \/ Llinars -Barcelona-) [01] Por Joan Cort\u00e8s [INSTANTZZ AKA Galer\u00eda fotogr\u00e1fica AKA Fotoblog de jazz, impro\u2026 y algo m\u00e1s] - Tomajazz - Dani de Mor\u00f3n \/ Cohen-Le Fleming-Maestro-Moullier-Richardson-S\u00e1nchez actuaron en El Rite-LAC en Casa Virupa, en Llinars -Barcelona-, el 29 de mayo de 2026. Joan Cort\u00e8s lo retrata en INSTANTZZ\" width=\"600\" height=\"400\" srcset=\"https:\/\/tomajazz.com\/web\/wp-content\/uploads\/2026\/08\/14-CLMMRS-\u00a9Joan-Cortes-29mg26-l-Rt-Cs-Vrp-Cn-Brd-Llnrs.jpg 600w, https:\/\/tomajazz.com\/web\/wp-content\/uploads\/2026\/08\/14-CLMMRS-\u00a9Joan-Cortes-29mg26-l-Rt-Cs-Vrp-Cn-Brd-Llnrs-300x200.jpg 300w, https:\/\/tomajazz.com\/web\/wp-content\/uploads\/2026\/08\/14-CLMMRS-\u00a9Joan-Cortes-29mg26-l-Rt-Cs-Vrp-Cn-Brd-Llnrs-465x310.jpg 465w\" sizes=\"auto, (max-width: 600px) 100vw, 600px\" \/><\/p>\n<p style=\"text-align: right;\">Tomajazz: Fotograf\u00edas: \u00a9 <a href=\"https:\/\/www.facebook.com\/joan.cortesbenages\" target=\"_blank\" rel=\"noopener\"><strong>Joan Cort\u00e8s<\/strong><\/a>, 2026<\/p>\n<h3 class=\" loop-title entry-title\">IV Festival Rite 2026 en Tomajazz<\/h3>\n<blockquote class=\"wp-embedded-content\" data-secret=\"SlQrD6l6aB\"><p><a href=\"https:\/\/tomajazz.com\/web\/iv-festival-rite-2026-noticias\/\">IV Festival Rite 2026 (LAC, Casa VIrupa, Can Bordoi, Llinars del Vall\u00e8s, Barcelona. Del 29 al 31 de mayo de 2026) [Noticias de Jazz]<\/a><\/p><\/blockquote>\n<p><iframe loading=\"lazy\" class=\"wp-embedded-content\" sandbox=\"allow-scripts\" security=\"restricted\" style=\"position: absolute; visibility: hidden;\" title=\"\u00abIV Festival Rite 2026 (LAC, Casa VIrupa, Can Bordoi, Llinars del Vall\u00e8s, Barcelona. Del 29 al 31 de mayo de 2026) [Noticias de Jazz]\u00bb \u2014 Tomajazz\" src=\"https:\/\/tomajazz.com\/web\/iv-festival-rite-2026-noticias\/embed\/#?secret=fI4vtwjlzl#?secret=SlQrD6l6aB\" data-secret=\"SlQrD6l6aB\" width=\"600\" height=\"338\" frameborder=\"0\" marginwidth=\"0\" marginheight=\"0\" scrolling=\"no\"><\/iframe><\/p>\n<h3>M\u00e1s informaci\u00f3n de Casa Virupa<\/h3>\n<p><a href=\"https:\/\/casavirupa.com\/\" target=\"_blank\" rel=\"noopener\">https:\/\/casavirupa.com\/<\/a><\/p>\n<p><a href=\"https:\/\/tomajazz.com\/web\/?s=casa+virupa&amp;submit=Search\" target=\"_blank\" rel=\"noopener\">https:\/\/tomajazz.com\/web\/?s=casa+virupa&amp;submit=Search<\/a><\/p>\n<h3>Joan Cort\u00e8s en Tomajazz<\/h3>\n<p><a href=\"https:\/\/tomajazz.com\/web\/category\/joan-cortes\/\" target=\"_blank\" rel=\"noopener\">https:\/\/tomajazz.com\/web\/category\/joan-cortes\/<\/a><\/p>\n","protected":false},"excerpt":{"rendered":"<p>Dani de Mor\u00f3n \/ Cohen-Le Fleming-Maestro-Moullier-Richardson-S\u00e1nchez actuaron en el IV Festival Rite 2026 en El Rite-LAC en Casa Virupa, en Llinars -Barcelona-, el 29 de mayo de 2026. Joan Cort\u00e8s lo retrata en INSTANTZZ <span class=\"more-link\"><a href=\"https:\/\/tomajazz.com\/web\/iv-festival-rite-2026-1\/\">Contin\u00faa leyendo<\/a><\/span><\/p>\n","protected":false},"author":1,"featured_media":106398,"comment_status":"open","ping_status":"closed","sticky":false,"template":"","format":"standard","meta":{"_jetpack_newsletter_access":"","_jetpack_dont_email_post_to_subs":false,"_jetpack_newsletter_tier_id":0,"_jetpack_memberships_contains_paywalled_content":false,"_jetpack_feature_clip_id":0,"_jetpack_memberships_contains_paid_content":false,"footnotes":"","jetpack_post_was_ever_published":false},"categories":[33416,17853,11262,15516,11261,1038],"tags":[1041],"class_list":["entry","author-pachi","has-excerpt","post-106382","post","type-post","status-publish","format-standard","has-post-thumbnail","category-iv-festival-rite-2026","category-joan-cortes","category-photoblogs","category-imagenes","category-instantzz","category-contenidos","tag-joan-cortes"],"jetpack_likes_enabled":true,"jetpack_sharing_enabled":true,"jetpack-related-posts":[{"id":105579,"url":"https:\/\/tomajazz.com\/web\/iv-festival-rite-2026-noticias\/","url_meta":{"origin":106382,"position":0},"title":"IV Festival Rite 2026 (LAC, Casa VIrupa, Can Bordoi, Llinars del Vall\u00e8s, Barcelona. Del 29 al 31 de mayo de 2026) [Noticias de Jazz]","author":"Tomajazz","date":"25 mayo, 2026","format":false,"excerpt":"Entre el 29 y el 31 de mayo se celebrar\u00e1 el IV Festival Rite 2026 en Casa VIrupa, Can Bordoi, Llinars del Vall\u00e8s, Barcelona. Con Jon Balke, Antonio S\u00e1nchez, Dani de Mor\u00f3n, Rita Pay\u00e9s - Luc\u00eda Fumero entre otros #Noticiasdejazz","rel":"","context":"En \u00abIV Festival Rite 2026\u00bb","block_context":{"text":"IV Festival Rite 2026","link":"https:\/\/tomajazz.com\/web\/category\/contenidos\/especial-contenidos\/iv-festival-rite-2026\/"},"img":{"alt_text":"IV Festival Rite 2026 (LAC, Casa VIrupa, Can Bordoi, Llinars del Vall\u00e8s, Barcelona. Del 29 al 31 de mayo de 2026) [Noticias de Jazz] - Tomajazz - Entre el 29 y el 31 de mayo se celebrar\u00e1 el IV Festival Rite 2026 en Casa VIrupa, Can Bordoi, Llinars del Vall\u00e8s, Barcelona. Con Jon Balke, Antonio S\u00e1nchez, Dani de Mor\u00f3n, Rita Pay\u00e9s - Luc\u00eda Fumero  #Noticiasdejazz","src":"https:\/\/i0.wp.com\/tomajazz.com\/web\/wp-content\/uploads\/2026\/05\/Festival-El-Rite-2026.jpg?resize=350%2C200&ssl=1","width":350,"height":200,"srcset":"https:\/\/i0.wp.com\/tomajazz.com\/web\/wp-content\/uploads\/2026\/05\/Festival-El-Rite-2026.jpg?resize=350%2C200&ssl=1 1x, https:\/\/i0.wp.com\/tomajazz.com\/web\/wp-content\/uploads\/2026\/05\/Festival-El-Rite-2026.jpg?resize=525%2C300&ssl=1 1.5x, https:\/\/i0.wp.com\/tomajazz.com\/web\/wp-content\/uploads\/2026\/05\/Festival-El-Rite-2026.jpg?resize=700%2C400&ssl=1 2x"},"classes":[]},{"id":106491,"url":"https:\/\/tomajazz.com\/web\/shai-maestro-logan-richardson-lac-2026\/","url_meta":{"origin":106382,"position":1},"title":"Shai Maestro 4t \/ Logan Richardson (El Rite-LAC \/ Casa Virupa, 2026-05-30 \/ Llinars -Barcelona-) [03] Por Joan Cort\u00e8s [INSTANTZZ AKA Galer\u00eda fotogr\u00e1fica AKA Fotoblog de jazz, impro\u2026 y algo m\u00e1s]","author":"Tomajazz","date":"15 agosto, 2026","format":false,"excerpt":"Shai Maestro 4t \/ Logan Richardson actuaron en El Rite-LAC en Casa Virupa, Llinars -Barcelona-, el 30 de mayo de 2026. Joan Cort\u00e8s lo retrata en INSTANTZZ. Actuaron Gadi Lehavi, Ofri Nehemya, Orlando LeFleming, Elliott Skinner, Avishai Cohen, Logan Richardson, Ghalia Benali, Hamin Honari","rel":"","context":"En \u00abIV Festival Rite 2026\u00bb","block_context":{"text":"IV Festival Rite 2026","link":"https:\/\/tomajazz.com\/web\/category\/contenidos\/especial-contenidos\/iv-festival-rite-2026\/"},"img":{"alt_text":"Shai Maestro 4t \/ Logan Richardson (El Rite-LAC \/ Casa Virupa, 2026-05-30 \/ Llinars -Barcelona-) [03] Por Joan Cort\u00e8s [INSTANTZZ AKA Galer\u00eda fotogr\u00e1fica AKA Fotoblog de jazz, impro\u2026 y algo m\u00e1s] - Tomajazz - Shai Maestro 4t \/ Logan Richardson actuaron en El Rite-LAC en Casa Virupa, Llinars -Barcelona-, el 30 de mayo de 2026. Joan Cort\u00e8s lo retrata en INSTANTZZ. Actuaron Gadi Lehavi, Ofri Nehemya, Orlando LeFleming, Elliott Skinner, Avishai Cohen, Logan Richardson, Ghalia Benali, Hamin Honari","src":"https:\/\/i0.wp.com\/tomajazz.com\/web\/wp-content\/uploads\/2026\/08\/destacada-13-Lgn-Rchrdsn-Photo-by-Joan-Cortes-30mg26-l-Rt-Llnrs.jpg?resize=350%2C200&ssl=1","width":350,"height":200,"srcset":"https:\/\/i0.wp.com\/tomajazz.com\/web\/wp-content\/uploads\/2026\/08\/destacada-13-Lgn-Rchrdsn-Photo-by-Joan-Cortes-30mg26-l-Rt-Llnrs.jpg?resize=350%2C200&ssl=1 1x, https:\/\/i0.wp.com\/tomajazz.com\/web\/wp-content\/uploads\/2026\/08\/destacada-13-Lgn-Rchrdsn-Photo-by-Joan-Cortes-30mg26-l-Rt-Llnrs.jpg?resize=525%2C300&ssl=1 1.5x"},"classes":[]},{"id":106549,"url":"https:\/\/tomajazz.com\/web\/festival-rite-2026-4\/","url_meta":{"origin":106382,"position":2},"title":"Jakob Bro \/ S\u00e1nchez-League-Alexa-Maestro (IV Festival Rite 2026. El Rite-LAC \/ Casa Virupa-Can Bordoi, 2026-05-31 \/ Llinars -Barcelona-) [05] Por Joan Cort\u00e8s [INSTANTZZ AKA Galer\u00eda fotogr\u00e1fica AKA Fotoblog de jazz, impro\u2026 y algo m\u00e1s]","author":"Tomajazz","date":"18 agosto, 2026","format":false,"excerpt":"Festival Rite 2026 Jakob Bro \/ S\u00e1nchez-League-Alexa-Maestro participaron en Festival Rite 2026 en El Rite-LAC en Casa Virupa-Can Bordoi, Llinars -Barcelona-, el 31 de mayo de 2026. Joan Cort\u00e8s lo retrata en INSTANTZZ. Actuaron Jakob Bro, Antonio S\u00e1nchez, Michael League, Thana Alexa, Shai Maestro, Avishai Cohen","rel":"","context":"En \u00abIV Festival Rite 2026\u00bb","block_context":{"text":"IV Festival Rite 2026","link":"https:\/\/tomajazz.com\/web\/category\/contenidos\/especial-contenidos\/iv-festival-rite-2026\/"},"img":{"alt_text":"Jakob Bro \/ S\u00e1nchez-League-Alexa-Maestro (El Rite-LAC \/ Casa Virupa-Can Bordoi, 2026-05-31 \/ Llinars -Barcelona-) [05] Por Joan Cort\u00e8s [INSTANTZZ AKA Galer\u00eda fotogr\u00e1fica AKA Fotoblog de jazz, impro\u2026 y algo m\u00e1s] - Tomajazz - Festival Rite 2026\nJakob Bro \/ S\u00e1nchez-League-Alexa-Maestro participaron en Festival Rite 2026 en El Rite-LAC en Casa Virupa-Can Bordoi, Llinars -Barcelona-, el 31 de mayo de 2026. Joan Cort\u00e8s lo retrata en INSTANTZZ. Actuaron Jakob Bro, Antonio S\u00e1nchez, Michael League, Thana Alexa, Shai Maestro, Avishai Cohen\n","src":"https:\/\/i0.wp.com\/tomajazz.com\/web\/wp-content\/uploads\/2026\/08\/destacada-04-Jkb-Br-Photo-by-Joan-Cortes-31mg26-L-Rt-Cs-Vr-Llnrs.jpg?resize=350%2C200&ssl=1","width":350,"height":200,"srcset":"https:\/\/i0.wp.com\/tomajazz.com\/web\/wp-content\/uploads\/2026\/08\/destacada-04-Jkb-Br-Photo-by-Joan-Cortes-31mg26-L-Rt-Cs-Vr-Llnrs.jpg?resize=350%2C200&ssl=1 1x, https:\/\/i0.wp.com\/tomajazz.com\/web\/wp-content\/uploads\/2026\/08\/destacada-04-Jkb-Br-Photo-by-Joan-Cortes-31mg26-L-Rt-Cs-Vr-Llnrs.jpg?resize=525%2C300&ssl=1 1.5x"},"classes":[]},{"id":106603,"url":"https:\/\/tomajazz.com\/web\/festival-el-rite-2026-resumen\/","url_meta":{"origin":106382,"position":3},"title":"Festival El Rite 2026  Por Joan Cort\u00e8s [INSTANTZZ AKA Galer\u00eda fotogr\u00e1fica AKA Fotoblog de jazz, impro\u2026 y algo m\u00e1s]-resumen- [y 6]","author":"Tomajazz","date":"20 agosto, 2026","format":false,"excerpt":"Entre el 29 y el 31 de mayo de 2026 se desarroll\u00f3 el Festival El Rite 2026. Joan Cort\u00e8s realiza un resumen fotogr\u00e1fico de sus conciertos INSTANTZZ","rel":"","context":"En \u00abIV Festival Rite 2026\u00bb","block_context":{"text":"IV Festival Rite 2026","link":"https:\/\/tomajazz.com\/web\/category\/contenidos\/especial-contenidos\/iv-festival-rite-2026\/"},"img":{"alt_text":"Festival El Rite 2026  Por Joan Cort\u00e8s [INSTANTZZ AKA Galer\u00eda fotogr\u00e1fica AKA Fotoblog de jazz, impro\u2026 y algo m\u00e1s]-resumen- [y 6] - Tomajazz - Entre el 29 y el 31 de mayo de 2026 se desarroll\u00f3 el Festival El Rite 2026. Joan Cort\u00e8s realiza un resumen fotogr\u00e1fico de sus conciertos INSTANTZZ","src":"https:\/\/i0.wp.com\/tomajazz.com\/web\/wp-content\/uploads\/2026\/08\/destacada-05-Smr-Pndrhghs-Photo-by-Joan-Cortes-30mg26-l-Rt-Cs-Cn-Brd-Llnrs.jpg?resize=350%2C200&ssl=1","width":350,"height":200,"srcset":"https:\/\/i0.wp.com\/tomajazz.com\/web\/wp-content\/uploads\/2026\/08\/destacada-05-Smr-Pndrhghs-Photo-by-Joan-Cortes-30mg26-l-Rt-Cs-Cn-Brd-Llnrs.jpg?resize=350%2C200&ssl=1 1x, https:\/\/i0.wp.com\/tomajazz.com\/web\/wp-content\/uploads\/2026\/08\/destacada-05-Smr-Pndrhghs-Photo-by-Joan-Cortes-30mg26-l-Rt-Cs-Cn-Brd-Llnrs.jpg?resize=525%2C300&ssl=1 1.5x"},"classes":[]},{"id":106510,"url":"https:\/\/tomajazz.com\/web\/jon-balkes-alba-careta-lac-2026\/","url_meta":{"origin":106382,"position":4},"title":"Jon Balke\u2019s Siwan \/ Alba Careta Group (El Rite-LAC \/ Casa Virupa-Can Bordoi, 2026-05-31 \/ Llinars -Barcelona-) [04] Por Joan Cort\u00e8s [INSTANTZZ AKA Galer\u00eda fotogr\u00e1fica AKA Fotoblog de jazz, impro\u2026 y algo m\u00e1s]","author":"Tomajazz","date":"16 agosto, 2026","format":false,"excerpt":"Jon Balke\u2019s Siwan y Alba Careta Group actuaron en El Rite-LAC en Llinars, Barcelona, el 31 de mayo de 2026. Joan Cort\u00e8s lo retrata en INSTANTZZ. Actuaron Jon Balke, Mona Boutchebak, Pedram Khavar Zamini, Derya Turkan, Alba Careta, Lucas Mart\u00ednez, Roger Santacana, Giuseppe Campisi, Jordi Pallar\u00e9s","rel":"","context":"En \u00abIV Festival Rite 2026\u00bb","block_context":{"text":"IV Festival Rite 2026","link":"https:\/\/tomajazz.com\/web\/category\/contenidos\/especial-contenidos\/iv-festival-rite-2026\/"},"img":{"alt_text":"Jon Balke\u2019s Siwan \/ Alba Careta Group (El Rite-LAC \/ Casa Virupa-Can Bordoi, 2026-05-31 \/ Llinars -Barcelona-) [04] Por Joan Cort\u00e8s [INSTANTZZ AKA Galer\u00eda fotogr\u00e1fica AKA Fotoblog de jazz, impro\u2026 y algo m\u00e1s] - Tomajazz - Jon Balke\u2019s Siwan y Alba Careta Group actuaron en El Rite-LAC en Llinars, Barcelona, el 31 de mayo de 2026.  Joan Cort\u00e8s lo retrata en INSTANTZZ. Actuaron Jon Balke, Mona Boutchebak, Pedram Khavar Zamini, Derya Turkan, Alba Careta, Lucas Mart\u00ednez, Roger Santacana, Giuseppe Campisi, Jordi Pallar\u00e9s","src":"https:\/\/i0.wp.com\/tomajazz.com\/web\/wp-content\/uploads\/2026\/08\/destacada-06-Jn-Blk-Swn-Photo-by-Joan-Cortes-31mg26-l-Rt-.jpg?resize=350%2C200&ssl=1","width":350,"height":200},"classes":[]},{"id":106423,"url":"https:\/\/tomajazz.com\/web\/ghalia-benali-rocio-molina-el-rite-lac-2026\/","url_meta":{"origin":106382,"position":5},"title":"Ghalia Benali \/ Roc\u00edo Molina (El Rite-LAC \/ Casa Virupa, 2026-05-30 \/ Llinars -Barcelona-) [02] Por Joan Cort\u00e8s [INSTANTZZ AKA Galer\u00eda fotogr\u00e1fica AKA Fotoblog de jazz, impro\u2026 y algo m\u00e1s]","author":"Tomajazz","date":"13 agosto, 2026","format":false,"excerpt":"Ghalia Benali \/ Roc\u00edo Molina actuaron en El Rite-LAC en Casa Virupa, en Llinars -Barcelona-, el 30 de mayo de 2026. Joan Cort\u00e8s lo retrata en INSTANTZZ. Actuaron Ghalia Benali, Moufadhel Adhoum, Hamin Honari, Logan Ricaharson, Roc\u00edo Molina, Jos\u00e9 Manuel Ramos \u201cOruco\u201d","rel":"","context":"En \u00abIV Festival Rite 2026\u00bb","block_context":{"text":"IV Festival Rite 2026","link":"https:\/\/tomajazz.com\/web\/category\/contenidos\/especial-contenidos\/iv-festival-rite-2026\/"},"img":{"alt_text":"Ghalia Benali \/ Roc\u00edo Molina (El Rite-LAC \/ Casa Virupa, 2026-05-30 \/ Llinars -Barcelona-) [02]  Por Joan Cort\u00e8s [INSTANTZZ AKA Galer\u00eda fotogr\u00e1fica AKA Fotoblog de jazz, impro\u2026 y algo m\u00e1s] - Tomajazz - Ghalia Benali \/ Roc\u00edo Molina actuaron en El Rite-LAC en Casa Virupa, en Llinars -Barcelona-, el 30 de mayo de 2026. Joan Cort\u00e8s lo retrata en INSTANTZZ. Actuaron Ghalia Benali, Moufadhel Adhoum, Hamin Honari, Logan Ricaharson, Roc\u00edo Molina, Jos\u00e9 Manuel Ramos \u201cOruco\u201d\n","src":"https:\/\/i0.wp.com\/tomajazz.com\/web\/wp-content\/uploads\/2026\/08\/destacada-05-Ghl-Rnl-Photo-by-Joan-Cortes-30mg26-l-Rt-Cs-Cn-Brd-Llnrs.jpg?resize=350%2C200&ssl=1","width":350,"height":200,"srcset":"https:\/\/i0.wp.com\/tomajazz.com\/web\/wp-content\/uploads\/2026\/08\/destacada-05-Ghl-Rnl-Photo-by-Joan-Cortes-30mg26-l-Rt-Cs-Cn-Brd-Llnrs.jpg?resize=350%2C200&ssl=1 1x, https:\/\/i0.wp.com\/tomajazz.com\/web\/wp-content\/uploads\/2026\/08\/destacada-05-Ghl-Rnl-Photo-by-Joan-Cortes-30mg26-l-Rt-Cs-Cn-Brd-Llnrs.jpg?resize=525%2C300&ssl=1 1.5x"},"classes":[]}],"jetpack_featured_media_url":"https:\/\/tomajazz.com\/web\/wp-content\/uploads\/2026\/08\/destacada-14-CLMMRS-Photo-by-Joan-Cortes-29mg26-l-Rt-Cs-Vrp-Cn-Brd-Llnrs.jpg","_links":{"self":[{"href":"https:\/\/tomajazz.com\/web\/wp-json\/wp\/v2\/posts\/106382","targetHints":{"allow":["GET"]}}],"collection":[{"href":"https:\/\/tomajazz.com\/web\/wp-json\/wp\/v2\/posts"}],"about":[{"href":"https:\/\/tomajazz.com\/web\/wp-json\/wp\/v2\/types\/post"}],"author":[{"embeddable":true,"href":"https:\/\/tomajazz.com\/web\/wp-json\/wp\/v2\/users\/1"}],"replies":[{"embeddable":true,"href":"https:\/\/tomajazz.com\/web\/wp-json\/wp\/v2\/comments?post=106382"}],"version-history":[{"count":1,"href":"https:\/\/tomajazz.com\/web\/wp-json\/wp\/v2\/posts\/106382\/revisions"}],"predecessor-version":[{"id":106399,"href":"https:\/\/tomajazz.com\/web\/wp-json\/wp\/v2\/posts\/106382\/revisions\/106399"}],"wp:featuredmedia":[{"embeddable":true,"href":"https:\/\/tomajazz.com\/web\/wp-json\/wp\/v2\/media\/106398"}],"wp:attachment":[{"href":"https:\/\/tomajazz.com\/web\/wp-json\/wp\/v2\/media?parent=106382"}],"wp:term":[{"taxonomy":"category","embeddable":true,"href":"https:\/\/tomajazz.com\/web\/wp-json\/wp\/v2\/categories?post=106382"},{"taxonomy":"post_tag","embeddable":true,"href":"https:\/\/tomajazz.com\/web\/wp-json\/wp\/v2\/tags?post=106382"}],"curies":[{"name":"wp","href":"https:\/\/api.w.org\/{rel}","templated":true}]}}