{"id":106423,"date":"2026-08-13T17:00:38","date_gmt":"2026-08-13T15:00:38","guid":{"rendered":"https:\/\/tomajazz.com\/web\/?p=106423"},"modified":"2026-08-15T12:49:31","modified_gmt":"2026-08-15T10:49:31","slug":"ghalia-benali-rocio-molina-el-rite-lac-2026","status":"publish","type":"post","link":"https:\/\/tomajazz.com\/web\/ghalia-benali-rocio-molina-el-rite-lac-2026\/","title":{"rendered":"Ghalia Benali \/ Roc\u00edo Molina (El Rite-LAC \/ Casa Virupa, 2026-05-30 \/ Llinars -Barcelona-) [02] Por Joan Cort\u00e8s [INSTANTZZ AKA Galer\u00eda fotogr\u00e1fica AKA Fotoblog de jazz, impro\u2026 y algo m\u00e1s]"},"content":{"rendered":"<h3>Ghalia Benali \/ Roc\u00edo Molina<\/h3>\n<h3 class=\" loop-title entry-title\">IV Festival Rite 2026. LAC &#8211; Laboratori Arts Contemplatives &#8211;<\/h3>\n<ul>\n<li>Fecha: Viernes, 30 de mayo de 2026<\/li>\n<li>Lugar: Casa Virupa-Can Bordoi (Llinars del Vall\u00e8s -Barcelona-)<\/li>\n<li>Componentes:<br \/>\n<strong>Ghalia Benali (13h00)<\/strong><br \/>\nGhalia Benali, voz<br \/>\nMoufadhel Adhoum, oud<br \/>\nHamin Honari, percusi\u00f3n<br \/>\nLogan Ricaharson, saxo soprano y alto<br \/>\n<strong>Roc\u00edo Molina (18h30)<br \/>\n<\/strong>Roc\u00edo Molina, baile y voz<br \/>\nJos\u00e9 Manuel Ramos \u201cOruco\u201d, voz y percusi\u00f3n<\/li>\n<\/ul>\n<hr \/>\n<h3>Ghalia Benali<\/h3>\n<p style=\"text-align: center;\"><img loading=\"lazy\" decoding=\"async\" class=\"aligncenter size-full wp-image-106424\" title=\"Ghalia Benali \/ Roc\u00edo Molina (El Rite-LAC \/ Casa Virupa, 2026-05-30 \/ Llinars -Barcelona-) [02] Por Joan Cort\u00e8s [INSTANTZZ AKA Galer\u00eda fotogr\u00e1fica AKA Fotoblog de jazz, impro\u2026 y algo m\u00e1s] Tomajazz 01 Ghl Rnl \u00a9Joan Cort\u00e8s 30mg26 l Rt Cs Cn Brd Llnrs\" src=\"https:\/\/tomajazz.com\/web\/wp-content\/uploads\/2026\/08\/01-Ghl-Rnl-\u00a9Joan-Cortes-30mg26-l-Rt-Cs-Cn-Brd-Llnrs.jpg\" alt=\"Ghalia Benali \/ Roc\u00edo Molina (El Rite-LAC \/ Casa Virupa, 2026-05-30 \/ Llinars -Barcelona-) [02] Por Joan Cort\u00e8s [INSTANTZZ AKA Galer\u00eda fotogr\u00e1fica AKA Fotoblog de jazz, impro\u2026 y algo m\u00e1s] - Tomajazz - Ghalia Benali \/ Roc\u00edo Molina actuaron en El Rite-LAC en Casa Virupa, en Llinars -Barcelona-, el 30 de mayo de 2026. Joan Cort\u00e8s lo retrata en INSTANTZZ. Actuaron Ghalia Benali, Moufadhel Adhoum, Hamin Honari, Logan Ricaharson, Roc\u00edo Molina, Jos\u00e9 Manuel Ramos \u201cOruco\u201d \" width=\"400\" height=\"600\" srcset=\"https:\/\/tomajazz.com\/web\/wp-content\/uploads\/2026\/08\/01-Ghl-Rnl-\u00a9Joan-Cortes-30mg26-l-Rt-Cs-Cn-Brd-Llnrs.jpg 400w, https:\/\/tomajazz.com\/web\/wp-content\/uploads\/2026\/08\/01-Ghl-Rnl-\u00a9Joan-Cortes-30mg26-l-Rt-Cs-Cn-Brd-Llnrs-200x300.jpg 200w, https:\/\/tomajazz.com\/web\/wp-content\/uploads\/2026\/08\/01-Ghl-Rnl-\u00a9Joan-Cortes-30mg26-l-Rt-Cs-Cn-Brd-Llnrs-367x550.jpg 367w, https:\/\/tomajazz.com\/web\/wp-content\/uploads\/2026\/08\/01-Ghl-Rnl-\u00a9Joan-Cortes-30mg26-l-Rt-Cs-Cn-Brd-Llnrs-333x500.jpg 333w\" sizes=\"auto, (max-width: 400px) 100vw, 400px\" \/> <img loading=\"lazy\" decoding=\"async\" class=\"aligncenter size-large wp-image-106425\" title=\"Ghalia Benali \/ Roc\u00edo Molina (El Rite-LAC \/ Casa Virupa, 2026-05-30 \/ Llinars -Barcelona-) [02] Por Joan Cort\u00e8s [INSTANTZZ AKA Galer\u00eda fotogr\u00e1fica AKA Fotoblog de jazz, impro\u2026 y algo m\u00e1s] Tomajazz 02 Ghl Rnl \u00a9Joan Cort\u00e8s 30mg26 l Rt Cs Cn Brd Llnrs\" src=\"https:\/\/tomajazz.com\/web\/wp-content\/uploads\/2026\/08\/02-Ghl-Rnl-\u00a9Joan-Cortes-30mg26-l-Rt-Cs-Cn-Brd-Llnrs.jpg\" alt=\"Ghalia Benali \/ Roc\u00edo Molina (El Rite-LAC \/ Casa Virupa, 2026-05-30 \/ Llinars -Barcelona-) [02] Por Joan Cort\u00e8s [INSTANTZZ AKA Galer\u00eda fotogr\u00e1fica AKA Fotoblog de jazz, impro\u2026 y algo m\u00e1s] - Tomajazz - Ghalia Benali \/ Roc\u00edo Molina actuaron en El Rite-LAC en Casa Virupa, en Llinars -Barcelona-, el 30 de mayo de 2026. Joan Cort\u00e8s lo retrata en INSTANTZZ. Actuaron Ghalia Benali, Moufadhel Adhoum, Hamin Honari, Logan Ricaharson, Roc\u00edo Molina, Jos\u00e9 Manuel Ramos \u201cOruco\u201d \" width=\"600\" height=\"400\" srcset=\"https:\/\/tomajazz.com\/web\/wp-content\/uploads\/2026\/08\/02-Ghl-Rnl-\u00a9Joan-Cortes-30mg26-l-Rt-Cs-Cn-Brd-Llnrs.jpg 600w, https:\/\/tomajazz.com\/web\/wp-content\/uploads\/2026\/08\/02-Ghl-Rnl-\u00a9Joan-Cortes-30mg26-l-Rt-Cs-Cn-Brd-Llnrs-300x200.jpg 300w, https:\/\/tomajazz.com\/web\/wp-content\/uploads\/2026\/08\/02-Ghl-Rnl-\u00a9Joan-Cortes-30mg26-l-Rt-Cs-Cn-Brd-Llnrs-465x310.jpg 465w\" sizes=\"auto, (max-width: 600px) 100vw, 600px\" \/> <img loading=\"lazy\" decoding=\"async\" class=\"aligncenter size-large wp-image-106426\" title=\"Ghalia Benali \/ Roc\u00edo Molina (El Rite-LAC \/ Casa Virupa, 2026-05-30 \/ Llinars -Barcelona-) [02] Por Joan Cort\u00e8s [INSTANTZZ AKA Galer\u00eda fotogr\u00e1fica AKA Fotoblog de jazz, impro\u2026 y algo m\u00e1s] Tomajazz 03 Ghl Rnl \u00a9Joan Cort\u00e8s 30mg26 l Rt Cs Cn Brd Llnrs\" src=\"https:\/\/tomajazz.com\/web\/wp-content\/uploads\/2026\/08\/03-Ghl-Rnl-\u00a9Joan-Cortes-30mg26-l-Rt-Cs-Cn-Brd-Llnrs.jpg\" alt=\"Ghalia Benali \/ Roc\u00edo Molina (El Rite-LAC \/ Casa Virupa, 2026-05-30 \/ Llinars -Barcelona-) [02] Por Joan Cort\u00e8s [INSTANTZZ AKA Galer\u00eda fotogr\u00e1fica AKA Fotoblog de jazz, impro\u2026 y algo m\u00e1s] - Tomajazz - Ghalia Benali \/ Roc\u00edo Molina actuaron en El Rite-LAC en Casa Virupa, en Llinars -Barcelona-, el 30 de mayo de 2026. Joan Cort\u00e8s lo retrata en INSTANTZZ. Actuaron Ghalia Benali, Moufadhel Adhoum, Hamin Honari, Logan Ricaharson, Roc\u00edo Molina, Jos\u00e9 Manuel Ramos \u201cOruco\u201d \" width=\"600\" height=\"400\" srcset=\"https:\/\/tomajazz.com\/web\/wp-content\/uploads\/2026\/08\/03-Ghl-Rnl-\u00a9Joan-Cortes-30mg26-l-Rt-Cs-Cn-Brd-Llnrs.jpg 600w, https:\/\/tomajazz.com\/web\/wp-content\/uploads\/2026\/08\/03-Ghl-Rnl-\u00a9Joan-Cortes-30mg26-l-Rt-Cs-Cn-Brd-Llnrs-300x200.jpg 300w, https:\/\/tomajazz.com\/web\/wp-content\/uploads\/2026\/08\/03-Ghl-Rnl-\u00a9Joan-Cortes-30mg26-l-Rt-Cs-Cn-Brd-Llnrs-465x310.jpg 465w\" sizes=\"auto, (max-width: 600px) 100vw, 600px\" \/> <img loading=\"lazy\" decoding=\"async\" class=\"aligncenter size-large wp-image-106427\" title=\"Ghalia Benali \/ Roc\u00edo Molina (El Rite-LAC \/ Casa Virupa, 2026-05-30 \/ Llinars -Barcelona-) [02] Por Joan Cort\u00e8s [INSTANTZZ AKA Galer\u00eda fotogr\u00e1fica AKA Fotoblog de jazz, impro\u2026 y algo m\u00e1s] Tomajazz 04 Ghl Rnl \u00a9Joan Cort\u00e8s 30mg26 l Rt Cs Cn Brd Llnrs\" src=\"https:\/\/tomajazz.com\/web\/wp-content\/uploads\/2026\/08\/04-Ghl-Rnl-\u00a9Joan-Cortes-30mg26-l-Rt-Cs-Cn-Brd-Llnrs.jpg\" alt=\"Ghalia Benali \/ Roc\u00edo Molina (El Rite-LAC \/ Casa Virupa, 2026-05-30 \/ Llinars -Barcelona-) [02] Por Joan Cort\u00e8s [INSTANTZZ AKA Galer\u00eda fotogr\u00e1fica AKA Fotoblog de jazz, impro\u2026 y algo m\u00e1s] - Tomajazz - Ghalia Benali \/ Roc\u00edo Molina actuaron en El Rite-LAC en Casa Virupa, en Llinars -Barcelona-, el 30 de mayo de 2026. Joan Cort\u00e8s lo retrata en INSTANTZZ. Actuaron Ghalia Benali, Moufadhel Adhoum, Hamin Honari, Logan Ricaharson, Roc\u00edo Molina, Jos\u00e9 Manuel Ramos \u201cOruco\u201d \" width=\"600\" height=\"400\" srcset=\"https:\/\/tomajazz.com\/web\/wp-content\/uploads\/2026\/08\/04-Ghl-Rnl-\u00a9Joan-Cortes-30mg26-l-Rt-Cs-Cn-Brd-Llnrs.jpg 600w, https:\/\/tomajazz.com\/web\/wp-content\/uploads\/2026\/08\/04-Ghl-Rnl-\u00a9Joan-Cortes-30mg26-l-Rt-Cs-Cn-Brd-Llnrs-300x200.jpg 300w, https:\/\/tomajazz.com\/web\/wp-content\/uploads\/2026\/08\/04-Ghl-Rnl-\u00a9Joan-Cortes-30mg26-l-Rt-Cs-Cn-Brd-Llnrs-465x310.jpg 465w\" sizes=\"auto, (max-width: 600px) 100vw, 600px\" \/> <img loading=\"lazy\" decoding=\"async\" class=\"aligncenter size-large wp-image-106428\" title=\"Ghalia Benali \/ Roc\u00edo Molina (El Rite-LAC \/ Casa Virupa, 2026-05-30 \/ Llinars -Barcelona-) [02] Por Joan Cort\u00e8s [INSTANTZZ AKA Galer\u00eda fotogr\u00e1fica AKA Fotoblog de jazz, impro\u2026 y algo m\u00e1s] Tomajazz 05 Ghl Rnl \u00a9Joan Cort\u00e8s 30mg26 l Rt Cs Cn Brd Llnrs\" src=\"https:\/\/tomajazz.com\/web\/wp-content\/uploads\/2026\/08\/05-Ghl-Rnl-\u00a9Joan-Cortes-30mg26-l-Rt-Cs-Cn-Brd-Llnrs.jpg\" alt=\"Ghalia Benali \/ Roc\u00edo Molina (El Rite-LAC \/ Casa Virupa, 2026-05-30 \/ Llinars -Barcelona-) [02] Por Joan Cort\u00e8s [INSTANTZZ AKA Galer\u00eda fotogr\u00e1fica AKA Fotoblog de jazz, impro\u2026 y algo m\u00e1s] - Tomajazz - Ghalia Benali \/ Roc\u00edo Molina actuaron en El Rite-LAC en Casa Virupa, en Llinars -Barcelona-, el 30 de mayo de 2026. Joan Cort\u00e8s lo retrata en INSTANTZZ. Actuaron Ghalia Benali, Moufadhel Adhoum, Hamin Honari, Logan Ricaharson, Roc\u00edo Molina, Jos\u00e9 Manuel Ramos \u201cOruco\u201d \" width=\"600\" height=\"399\" srcset=\"https:\/\/tomajazz.com\/web\/wp-content\/uploads\/2026\/08\/05-Ghl-Rnl-\u00a9Joan-Cortes-30mg26-l-Rt-Cs-Cn-Brd-Llnrs.jpg 600w, https:\/\/tomajazz.com\/web\/wp-content\/uploads\/2026\/08\/05-Ghl-Rnl-\u00a9Joan-Cortes-30mg26-l-Rt-Cs-Cn-Brd-Llnrs-300x200.jpg 300w, https:\/\/tomajazz.com\/web\/wp-content\/uploads\/2026\/08\/05-Ghl-Rnl-\u00a9Joan-Cortes-30mg26-l-Rt-Cs-Cn-Brd-Llnrs-465x309.jpg 465w\" sizes=\"auto, (max-width: 600px) 100vw, 600px\" \/> <img loading=\"lazy\" decoding=\"async\" class=\"aligncenter size-large wp-image-106429\" title=\"Ghalia Benali \/ Roc\u00edo Molina (El Rite-LAC \/ Casa Virupa, 2026-05-30 \/ Llinars -Barcelona-) [02] Por Joan Cort\u00e8s [INSTANTZZ AKA Galer\u00eda fotogr\u00e1fica AKA Fotoblog de jazz, impro\u2026 y algo m\u00e1s] Tomajazz 06 Ghl Rnl \u00a9Joan Cort\u00e8s 30mg26 l Rt Cs Cn Brd Llnrs\" src=\"https:\/\/tomajazz.com\/web\/wp-content\/uploads\/2026\/08\/06-Ghl-Rnl-\u00a9Joan-Cortes-30mg26-l-Rt-Cs-Cn-Brd-Llnrs.jpg\" alt=\"Ghalia Benali \/ Roc\u00edo Molina (El Rite-LAC \/ Casa Virupa, 2026-05-30 \/ Llinars -Barcelona-) [02] Por Joan Cort\u00e8s [INSTANTZZ AKA Galer\u00eda fotogr\u00e1fica AKA Fotoblog de jazz, impro\u2026 y algo m\u00e1s] - Tomajazz - Ghalia Benali \/ Roc\u00edo Molina actuaron en El Rite-LAC en Casa Virupa, en Llinars -Barcelona-, el 30 de mayo de 2026. Joan Cort\u00e8s lo retrata en INSTANTZZ. Actuaron Ghalia Benali, Moufadhel Adhoum, Hamin Honari, Logan Ricaharson, Roc\u00edo Molina, Jos\u00e9 Manuel Ramos \u201cOruco\u201d \" width=\"400\" height=\"600\" srcset=\"https:\/\/tomajazz.com\/web\/wp-content\/uploads\/2026\/08\/06-Ghl-Rnl-\u00a9Joan-Cortes-30mg26-l-Rt-Cs-Cn-Brd-Llnrs.jpg 400w, https:\/\/tomajazz.com\/web\/wp-content\/uploads\/2026\/08\/06-Ghl-Rnl-\u00a9Joan-Cortes-30mg26-l-Rt-Cs-Cn-Brd-Llnrs-200x300.jpg 200w, https:\/\/tomajazz.com\/web\/wp-content\/uploads\/2026\/08\/06-Ghl-Rnl-\u00a9Joan-Cortes-30mg26-l-Rt-Cs-Cn-Brd-Llnrs-367x550.jpg 367w, https:\/\/tomajazz.com\/web\/wp-content\/uploads\/2026\/08\/06-Ghl-Rnl-\u00a9Joan-Cortes-30mg26-l-Rt-Cs-Cn-Brd-Llnrs-333x500.jpg 333w\" sizes=\"auto, (max-width: 400px) 100vw, 400px\" \/><\/p>\n<hr \/>\n<h3><strong>Roc\u00edo Molina<\/strong><\/h3>\n<p style=\"text-align: center;\"><img loading=\"lazy\" decoding=\"async\" class=\"aligncenter size-full wp-image-106430\" title=\"Ghalia Benali \/ Roc\u00edo Molina (El Rite-LAC \/ Casa Virupa, 2026-05-30 \/ Llinars -Barcelona-) [02] Por Joan Cort\u00e8s [INSTANTZZ AKA Galer\u00eda fotogr\u00e1fica AKA Fotoblog de jazz, impro\u2026 y algo m\u00e1s] Tomajazz 07 Rc Mln \u00a9Joan Cort\u00e8s 30mg26 l Rt LrC CV CB llnrs\" src=\"https:\/\/tomajazz.com\/web\/wp-content\/uploads\/2026\/08\/07-Rc-Mln-\u00a9Joan-Cortes-30mg26-l-Rt-LrC-CV-CB-llnrs.jpg\" alt=\"Ghalia Benali \/ Roc\u00edo Molina (El Rite-LAC \/ Casa Virupa, 2026-05-30 \/ Llinars -Barcelona-) [02] Por Joan Cort\u00e8s [INSTANTZZ AKA Galer\u00eda fotogr\u00e1fica AKA Fotoblog de jazz, impro\u2026 y algo m\u00e1s] - Tomajazz - Ghalia Benali \/ Roc\u00edo Molina actuaron en El Rite-LAC en Casa Virupa, en Llinars -Barcelona-, el 30 de mayo de 2026. Joan Cort\u00e8s lo retrata en INSTANTZZ. Actuaron Ghalia Benali, Moufadhel Adhoum, Hamin Honari, Logan Ricaharson, Roc\u00edo Molina, Jos\u00e9 Manuel Ramos \u201cOruco\u201d \" width=\"600\" height=\"400\" srcset=\"https:\/\/tomajazz.com\/web\/wp-content\/uploads\/2026\/08\/07-Rc-Mln-\u00a9Joan-Cortes-30mg26-l-Rt-LrC-CV-CB-llnrs.jpg 600w, https:\/\/tomajazz.com\/web\/wp-content\/uploads\/2026\/08\/07-Rc-Mln-\u00a9Joan-Cortes-30mg26-l-Rt-LrC-CV-CB-llnrs-300x200.jpg 300w, https:\/\/tomajazz.com\/web\/wp-content\/uploads\/2026\/08\/07-Rc-Mln-\u00a9Joan-Cortes-30mg26-l-Rt-LrC-CV-CB-llnrs-465x310.jpg 465w\" sizes=\"auto, (max-width: 600px) 100vw, 600px\" \/> <img loading=\"lazy\" decoding=\"async\" class=\"aligncenter size-large wp-image-106431\" title=\"Ghalia Benali \/ Roc\u00edo Molina (El Rite-LAC \/ Casa Virupa, 2026-05-30 \/ Llinars -Barcelona-) [02] Por Joan Cort\u00e8s [INSTANTZZ AKA Galer\u00eda fotogr\u00e1fica AKA Fotoblog de jazz, impro\u2026 y algo m\u00e1s] Tomajazz 08 Rc Mln \u00a9Joan Cort\u00e8s 30mg26 l Rt LrC CV CB llnrs\" src=\"https:\/\/tomajazz.com\/web\/wp-content\/uploads\/2026\/08\/08-Rc-Mln-\u00a9Joan-Cortes-30mg26-l-Rt-LrC-CV-CB-llnrs.jpg\" alt=\"Ghalia Benali \/ Roc\u00edo Molina (El Rite-LAC \/ Casa Virupa, 2026-05-30 \/ Llinars -Barcelona-) [02] Por Joan Cort\u00e8s [INSTANTZZ AKA Galer\u00eda fotogr\u00e1fica AKA Fotoblog de jazz, impro\u2026 y algo m\u00e1s] - Tomajazz - Ghalia Benali \/ Roc\u00edo Molina actuaron en El Rite-LAC en Casa Virupa, en Llinars -Barcelona-, el 30 de mayo de 2026. Joan Cort\u00e8s lo retrata en INSTANTZZ. Actuaron Ghalia Benali, Moufadhel Adhoum, Hamin Honari, Logan Ricaharson, Roc\u00edo Molina, Jos\u00e9 Manuel Ramos \u201cOruco\u201d \" width=\"400\" height=\"600\" srcset=\"https:\/\/tomajazz.com\/web\/wp-content\/uploads\/2026\/08\/08-Rc-Mln-\u00a9Joan-Cortes-30mg26-l-Rt-LrC-CV-CB-llnrs.jpg 400w, https:\/\/tomajazz.com\/web\/wp-content\/uploads\/2026\/08\/08-Rc-Mln-\u00a9Joan-Cortes-30mg26-l-Rt-LrC-CV-CB-llnrs-200x300.jpg 200w, https:\/\/tomajazz.com\/web\/wp-content\/uploads\/2026\/08\/08-Rc-Mln-\u00a9Joan-Cortes-30mg26-l-Rt-LrC-CV-CB-llnrs-367x550.jpg 367w, https:\/\/tomajazz.com\/web\/wp-content\/uploads\/2026\/08\/08-Rc-Mln-\u00a9Joan-Cortes-30mg26-l-Rt-LrC-CV-CB-llnrs-333x500.jpg 333w\" sizes=\"auto, (max-width: 400px) 100vw, 400px\" \/> <img loading=\"lazy\" decoding=\"async\" class=\"aligncenter size-large wp-image-106432\" title=\"Ghalia Benali \/ Roc\u00edo Molina (El Rite-LAC \/ Casa Virupa, 2026-05-30 \/ Llinars -Barcelona-) [02] Por Joan Cort\u00e8s [INSTANTZZ AKA Galer\u00eda fotogr\u00e1fica AKA Fotoblog de jazz, impro\u2026 y algo m\u00e1s] Tomajazz 09 Rc Mln \u00a9Joan Cort\u00e8s 30mg26 l Rt LrC CV CB llnrs\" src=\"https:\/\/tomajazz.com\/web\/wp-content\/uploads\/2026\/08\/09-Rc-Mln-\u00a9Joan-Cortes-30mg26-l-Rt-LrC-CV-CB-llnrs.jpg\" alt=\"Ghalia Benali \/ Roc\u00edo Molina (El Rite-LAC \/ Casa Virupa, 2026-05-30 \/ Llinars -Barcelona-) [02] Por Joan Cort\u00e8s [INSTANTZZ AKA Galer\u00eda fotogr\u00e1fica AKA Fotoblog de jazz, impro\u2026 y algo m\u00e1s] - Tomajazz - Ghalia Benali \/ Roc\u00edo Molina actuaron en El Rite-LAC en Casa Virupa, en Llinars -Barcelona-, el 30 de mayo de 2026. Joan Cort\u00e8s lo retrata en INSTANTZZ. Actuaron Ghalia Benali, Moufadhel Adhoum, Hamin Honari, Logan Ricaharson, Roc\u00edo Molina, Jos\u00e9 Manuel Ramos \u201cOruco\u201d \" width=\"400\" height=\"600\" srcset=\"https:\/\/tomajazz.com\/web\/wp-content\/uploads\/2026\/08\/09-Rc-Mln-\u00a9Joan-Cortes-30mg26-l-Rt-LrC-CV-CB-llnrs.jpg 400w, https:\/\/tomajazz.com\/web\/wp-content\/uploads\/2026\/08\/09-Rc-Mln-\u00a9Joan-Cortes-30mg26-l-Rt-LrC-CV-CB-llnrs-200x300.jpg 200w, https:\/\/tomajazz.com\/web\/wp-content\/uploads\/2026\/08\/09-Rc-Mln-\u00a9Joan-Cortes-30mg26-l-Rt-LrC-CV-CB-llnrs-367x550.jpg 367w, https:\/\/tomajazz.com\/web\/wp-content\/uploads\/2026\/08\/09-Rc-Mln-\u00a9Joan-Cortes-30mg26-l-Rt-LrC-CV-CB-llnrs-333x500.jpg 333w\" sizes=\"auto, (max-width: 400px) 100vw, 400px\" \/> <img loading=\"lazy\" decoding=\"async\" class=\"aligncenter size-large wp-image-106433\" title=\"Ghalia Benali \/ Roc\u00edo Molina (El Rite-LAC \/ Casa Virupa, 2026-05-30 \/ Llinars -Barcelona-) [02] Por Joan Cort\u00e8s [INSTANTZZ AKA Galer\u00eda fotogr\u00e1fica AKA Fotoblog de jazz, impro\u2026 y algo m\u00e1s] Tomajazz 10 Rc Mln \u00a9Joan Cort\u00e8s 30mg26 l Rt LrC CV CB llnrs\" src=\"https:\/\/tomajazz.com\/web\/wp-content\/uploads\/2026\/08\/10-Rc-Mln-\u00a9Joan-Cortes-30mg26-l-Rt-LrC-CV-CB-llnrs.jpg\" alt=\"Ghalia Benali \/ Roc\u00edo Molina (El Rite-LAC \/ Casa Virupa, 2026-05-30 \/ Llinars -Barcelona-) [02] Por Joan Cort\u00e8s [INSTANTZZ AKA Galer\u00eda fotogr\u00e1fica AKA Fotoblog de jazz, impro\u2026 y algo m\u00e1s] - Tomajazz - Ghalia Benali \/ Roc\u00edo Molina actuaron en El Rite-LAC en Casa Virupa, en Llinars -Barcelona-, el 30 de mayo de 2026. Joan Cort\u00e8s lo retrata en INSTANTZZ. Actuaron Ghalia Benali, Moufadhel Adhoum, Hamin Honari, Logan Ricaharson, Roc\u00edo Molina, Jos\u00e9 Manuel Ramos \u201cOruco\u201d \" width=\"400\" height=\"600\" srcset=\"https:\/\/tomajazz.com\/web\/wp-content\/uploads\/2026\/08\/10-Rc-Mln-\u00a9Joan-Cortes-30mg26-l-Rt-LrC-CV-CB-llnrs.jpg 400w, https:\/\/tomajazz.com\/web\/wp-content\/uploads\/2026\/08\/10-Rc-Mln-\u00a9Joan-Cortes-30mg26-l-Rt-LrC-CV-CB-llnrs-200x300.jpg 200w, https:\/\/tomajazz.com\/web\/wp-content\/uploads\/2026\/08\/10-Rc-Mln-\u00a9Joan-Cortes-30mg26-l-Rt-LrC-CV-CB-llnrs-367x550.jpg 367w, https:\/\/tomajazz.com\/web\/wp-content\/uploads\/2026\/08\/10-Rc-Mln-\u00a9Joan-Cortes-30mg26-l-Rt-LrC-CV-CB-llnrs-333x500.jpg 333w\" sizes=\"auto, (max-width: 400px) 100vw, 400px\" \/> <img loading=\"lazy\" decoding=\"async\" class=\"aligncenter size-large wp-image-106434\" title=\"Ghalia Benali \/ Roc\u00edo Molina (El Rite-LAC \/ Casa Virupa, 2026-05-30 \/ Llinars -Barcelona-) [02] Por Joan Cort\u00e8s [INSTANTZZ AKA Galer\u00eda fotogr\u00e1fica AKA Fotoblog de jazz, impro\u2026 y algo m\u00e1s] Tomajazz 11 Rc Mln \u00a9Joan Cort\u00e8s 30mg26 l Rt LrC CV CB llnrs\" src=\"https:\/\/tomajazz.com\/web\/wp-content\/uploads\/2026\/08\/11-Rc-Mln-\u00a9Joan-Cortes-30mg26-l-Rt-LrC-CV-CB-llnrs.jpg\" alt=\"Ghalia Benali \/ Roc\u00edo Molina (El Rite-LAC \/ Casa Virupa, 2026-05-30 \/ Llinars -Barcelona-) [02] Por Joan Cort\u00e8s [INSTANTZZ AKA Galer\u00eda fotogr\u00e1fica AKA Fotoblog de jazz, impro\u2026 y algo m\u00e1s] - Tomajazz - Ghalia Benali \/ Roc\u00edo Molina actuaron en El Rite-LAC en Casa Virupa, en Llinars -Barcelona-, el 30 de mayo de 2026. Joan Cort\u00e8s lo retrata en INSTANTZZ. Actuaron Ghalia Benali, Moufadhel Adhoum, Hamin Honari, Logan Ricaharson, Roc\u00edo Molina, Jos\u00e9 Manuel Ramos \u201cOruco\u201d \" width=\"600\" height=\"400\" srcset=\"https:\/\/tomajazz.com\/web\/wp-content\/uploads\/2026\/08\/11-Rc-Mln-\u00a9Joan-Cortes-30mg26-l-Rt-LrC-CV-CB-llnrs.jpg 600w, https:\/\/tomajazz.com\/web\/wp-content\/uploads\/2026\/08\/11-Rc-Mln-\u00a9Joan-Cortes-30mg26-l-Rt-LrC-CV-CB-llnrs-300x200.jpg 300w, https:\/\/tomajazz.com\/web\/wp-content\/uploads\/2026\/08\/11-Rc-Mln-\u00a9Joan-Cortes-30mg26-l-Rt-LrC-CV-CB-llnrs-465x310.jpg 465w\" sizes=\"auto, (max-width: 600px) 100vw, 600px\" \/> <img loading=\"lazy\" decoding=\"async\" class=\"aligncenter size-large wp-image-106435\" title=\"Ghalia Benali \/ Roc\u00edo Molina (El Rite-LAC \/ Casa Virupa, 2026-05-30 \/ Llinars -Barcelona-) [02] Por Joan Cort\u00e8s [INSTANTZZ AKA Galer\u00eda fotogr\u00e1fica AKA Fotoblog de jazz, impro\u2026 y algo m\u00e1s] Tomajazz 12 Rc Mln \u00a9Joan Cort\u00e8s 30mg26 l Rt LrC CV CB llnrs\" src=\"https:\/\/tomajazz.com\/web\/wp-content\/uploads\/2026\/08\/12-Rc-Mln-\u00a9Joan-Cortes-30mg26-l-Rt-LrC-CV-CB-llnrs.jpg\" alt=\"Ghalia Benali \/ Roc\u00edo Molina (El Rite-LAC \/ Casa Virupa, 2026-05-30 \/ Llinars -Barcelona-) [02] Por Joan Cort\u00e8s [INSTANTZZ AKA Galer\u00eda fotogr\u00e1fica AKA Fotoblog de jazz, impro\u2026 y algo m\u00e1s] - Tomajazz - Ghalia Benali \/ Roc\u00edo Molina actuaron en El Rite-LAC en Casa Virupa, en Llinars -Barcelona-, el 30 de mayo de 2026. Joan Cort\u00e8s lo retrata en INSTANTZZ. Actuaron Ghalia Benali, Moufadhel Adhoum, Hamin Honari, Logan Ricaharson, Roc\u00edo Molina, Jos\u00e9 Manuel Ramos \u201cOruco\u201d \" width=\"600\" height=\"400\" srcset=\"https:\/\/tomajazz.com\/web\/wp-content\/uploads\/2026\/08\/12-Rc-Mln-\u00a9Joan-Cortes-30mg26-l-Rt-LrC-CV-CB-llnrs.jpg 600w, https:\/\/tomajazz.com\/web\/wp-content\/uploads\/2026\/08\/12-Rc-Mln-\u00a9Joan-Cortes-30mg26-l-Rt-LrC-CV-CB-llnrs-300x200.jpg 300w, https:\/\/tomajazz.com\/web\/wp-content\/uploads\/2026\/08\/12-Rc-Mln-\u00a9Joan-Cortes-30mg26-l-Rt-LrC-CV-CB-llnrs-465x310.jpg 465w\" sizes=\"auto, (max-width: 600px) 100vw, 600px\" \/> <img loading=\"lazy\" decoding=\"async\" class=\"aligncenter size-large wp-image-106436\" title=\"Ghalia Benali \/ Roc\u00edo Molina (El Rite-LAC \/ Casa Virupa, 2026-05-30 \/ Llinars -Barcelona-) [02] Por Joan Cort\u00e8s [INSTANTZZ AKA Galer\u00eda fotogr\u00e1fica AKA Fotoblog de jazz, impro\u2026 y algo m\u00e1s] Tomajazz 13 Rc Mln \u00a9Joan Cort\u00e8s 30mg26 l Rt LrC CV CB llnrs\" src=\"https:\/\/tomajazz.com\/web\/wp-content\/uploads\/2026\/08\/13-Rc-Mln-\u00a9Joan-Cortes-30mg26-l-Rt-LrC-CV-CB-llnrs.jpg\" alt=\"Ghalia Benali \/ Roc\u00edo Molina (El Rite-LAC \/ Casa Virupa, 2026-05-30 \/ Llinars -Barcelona-) [02] Por Joan Cort\u00e8s [INSTANTZZ AKA Galer\u00eda fotogr\u00e1fica AKA Fotoblog de jazz, impro\u2026 y algo m\u00e1s] - Tomajazz - Ghalia Benali \/ Roc\u00edo Molina actuaron en El Rite-LAC en Casa Virupa, en Llinars -Barcelona-, el 30 de mayo de 2026. Joan Cort\u00e8s lo retrata en INSTANTZZ. Actuaron Ghalia Benali, Moufadhel Adhoum, Hamin Honari, Logan Ricaharson, Roc\u00edo Molina, Jos\u00e9 Manuel Ramos \u201cOruco\u201d \" width=\"600\" height=\"400\" srcset=\"https:\/\/tomajazz.com\/web\/wp-content\/uploads\/2026\/08\/13-Rc-Mln-\u00a9Joan-Cortes-30mg26-l-Rt-LrC-CV-CB-llnrs.jpg 600w, https:\/\/tomajazz.com\/web\/wp-content\/uploads\/2026\/08\/13-Rc-Mln-\u00a9Joan-Cortes-30mg26-l-Rt-LrC-CV-CB-llnrs-300x200.jpg 300w, https:\/\/tomajazz.com\/web\/wp-content\/uploads\/2026\/08\/13-Rc-Mln-\u00a9Joan-Cortes-30mg26-l-Rt-LrC-CV-CB-llnrs-465x310.jpg 465w\" sizes=\"auto, (max-width: 600px) 100vw, 600px\" \/> <img loading=\"lazy\" decoding=\"async\" class=\"aligncenter size-large wp-image-106437\" title=\"Ghalia Benali \/ Roc\u00edo Molina (El Rite-LAC \/ Casa Virupa, 2026-05-30 \/ Llinars -Barcelona-) [02] Por Joan Cort\u00e8s [INSTANTZZ AKA Galer\u00eda fotogr\u00e1fica AKA Fotoblog de jazz, impro\u2026 y algo m\u00e1s] Tomajazz 14 Rc Mln \u00a9Joan Cort\u00e8s 30mg26 l Rt LrC CV CB llnrs\" src=\"https:\/\/tomajazz.com\/web\/wp-content\/uploads\/2026\/08\/14-Rc-Mln-\u00a9Joan-Cortes-30mg26-l-Rt-LrC-CV-CB-llnrs.jpg\" alt=\"Ghalia Benali \/ Roc\u00edo Molina (El Rite-LAC \/ Casa Virupa, 2026-05-30 \/ Llinars -Barcelona-) [02] Por Joan Cort\u00e8s [INSTANTZZ AKA Galer\u00eda fotogr\u00e1fica AKA Fotoblog de jazz, impro\u2026 y algo m\u00e1s] - Tomajazz - Ghalia Benali \/ Roc\u00edo Molina actuaron en El Rite-LAC en Casa Virupa, en Llinars -Barcelona-, el 30 de mayo de 2026. Joan Cort\u00e8s lo retrata en INSTANTZZ. Actuaron Ghalia Benali, Moufadhel Adhoum, Hamin Honari, Logan Ricaharson, Roc\u00edo Molina, Jos\u00e9 Manuel Ramos \u201cOruco\u201d \" width=\"400\" height=\"600\" srcset=\"https:\/\/tomajazz.com\/web\/wp-content\/uploads\/2026\/08\/14-Rc-Mln-\u00a9Joan-Cortes-30mg26-l-Rt-LrC-CV-CB-llnrs.jpg 400w, https:\/\/tomajazz.com\/web\/wp-content\/uploads\/2026\/08\/14-Rc-Mln-\u00a9Joan-Cortes-30mg26-l-Rt-LrC-CV-CB-llnrs-200x300.jpg 200w, https:\/\/tomajazz.com\/web\/wp-content\/uploads\/2026\/08\/14-Rc-Mln-\u00a9Joan-Cortes-30mg26-l-Rt-LrC-CV-CB-llnrs-367x550.jpg 367w, https:\/\/tomajazz.com\/web\/wp-content\/uploads\/2026\/08\/14-Rc-Mln-\u00a9Joan-Cortes-30mg26-l-Rt-LrC-CV-CB-llnrs-333x500.jpg 333w\" sizes=\"auto, (max-width: 400px) 100vw, 400px\" \/><\/p>\n<p style=\"text-align: right;\">Tomajazz: Fotograf\u00edas: \u00a9 <a href=\"https:\/\/www.facebook.com\/joan.cortesbenages\" target=\"_blank\" rel=\"noopener\"><strong>Joan Cort\u00e8s<\/strong><\/a>, 2026<\/p>\n<h3 class=\" loop-title entry-title\">IV Festival Rite 2026 en Tomajazz<\/h3>\n<blockquote class=\"wp-embedded-content\" data-secret=\"XpgQv7R6Di\"><p><a href=\"https:\/\/tomajazz.com\/web\/iv-festival-rite-2026-noticias\/\">IV Festival Rite 2026 (LAC, Casa VIrupa, Can Bordoi, Llinars del Vall\u00e8s, Barcelona. Del 29 al 31 de mayo de 2026) [Noticias de Jazz]<\/a><\/p><\/blockquote>\n<p><iframe loading=\"lazy\" class=\"wp-embedded-content\" sandbox=\"allow-scripts\" security=\"restricted\" style=\"position: absolute; visibility: hidden;\" title=\"\u00abIV Festival Rite 2026 (LAC, Casa VIrupa, Can Bordoi, Llinars del Vall\u00e8s, Barcelona. Del 29 al 31 de mayo de 2026) [Noticias de Jazz]\u00bb \u2014 Tomajazz\" src=\"https:\/\/tomajazz.com\/web\/iv-festival-rite-2026-noticias\/embed\/#?secret=ER3pcKaXsQ#?secret=XpgQv7R6Di\" data-secret=\"XpgQv7R6Di\" width=\"600\" height=\"338\" frameborder=\"0\" marginwidth=\"0\" marginheight=\"0\" scrolling=\"no\"><\/iframe><\/p>\n<h3>M\u00e1s informaci\u00f3n de Casa Virupa<\/h3>\n<p><a href=\"https:\/\/casavirupa.com\/\" target=\"_blank\" rel=\"noopener\">https:\/\/casavirupa.com\/<\/a><\/p>\n<p><a href=\"https:\/\/tomajazz.com\/web\/?s=casa+virupa&amp;submit=Search\" target=\"_blank\" rel=\"noopener\">https:\/\/tomajazz.com\/web\/?s=casa+virupa&amp;submit=Search<\/a><\/p>\n<h3>Joan Cort\u00e8s en Tomajazz<\/h3>\n<p><a href=\"https:\/\/tomajazz.com\/web\/category\/joan-cortes\/\" target=\"_blank\" rel=\"noopener\">https:\/\/tomajazz.com\/web\/category\/joan-cortes\/<\/a><\/p>\n","protected":false},"excerpt":{"rendered":"<p>Ghalia Benali \/ Roc\u00edo Molina actuaron en El Rite-LAC en Casa Virupa, en Llinars -Barcelona-, el 30 de mayo de 2026. Joan Cort\u00e8s lo retrata en INSTANTZZ. Actuaron Ghalia Benali, Moufadhel Adhoum, Hamin Honari, Logan Ricaharson, Roc\u00edo Molina, Jos\u00e9 Manuel Ramos \u201cOruco\u201d<br \/>\n<span class=\"more-link\"><a href=\"https:\/\/tomajazz.com\/web\/ghalia-benali-rocio-molina-el-rite-lac-2026\/\">Contin\u00faa leyendo<\/a><\/span><\/p>\n","protected":false},"author":1,"featured_media":106438,"comment_status":"open","ping_status":"closed","sticky":false,"template":"","format":"standard","meta":{"_jetpack_newsletter_access":"","_jetpack_dont_email_post_to_subs":false,"_jetpack_newsletter_tier_id":0,"_jetpack_memberships_contains_paywalled_content":false,"_jetpack_feature_clip_id":0,"_jetpack_memberships_contains_paid_content":false,"footnotes":"","jetpack_post_was_ever_published":false},"categories":[33416,17853,11262,15516,11261,1038],"tags":[33421,33423,1041,33425,33424,33422,18340],"class_list":["entry","author-pachi","has-excerpt","post-106423","post","type-post","status-publish","format-standard","has-post-thumbnail","category-iv-festival-rite-2026","category-joan-cortes","category-photoblogs","category-imagenes","category-instantzz","category-contenidos","tag-ghalia-benali","tag-hamin-honari","tag-joan-cortes","tag-jose-manuel-ramos-oruco","tag-logan-ricaharson","tag-moufadhel-adhoum","tag-rocio-molina"],"jetpack_likes_enabled":true,"jetpack_sharing_enabled":true,"jetpack-related-posts":[{"id":106491,"url":"https:\/\/tomajazz.com\/web\/shai-maestro-logan-richardson-lac-2026\/","url_meta":{"origin":106423,"position":0},"title":"Shai Maestro 4t \/ Logan Richardson (El Rite-LAC \/ Casa Virupa, 2026-05-30 \/ Llinars -Barcelona-) [03] Por Joan Cort\u00e8s [INSTANTZZ AKA Galer\u00eda fotogr\u00e1fica AKA Fotoblog de jazz, impro\u2026 y algo m\u00e1s]","author":"Tomajazz","date":"15 agosto, 2026","format":false,"excerpt":"Shai Maestro 4t \/ Logan Richardson actuaron en El Rite-LAC en Casa Virupa, Llinars -Barcelona-, el 30 de mayo de 2026. Joan Cort\u00e8s lo retrata en INSTANTZZ. Actuaron Gadi Lehavi, Ofri Nehemya, Orlando LeFleming, Elliott Skinner, Avishai Cohen, Logan Richardson, Ghalia Benali, Hamin Honari","rel":"","context":"En \u00abIV Festival Rite 2026\u00bb","block_context":{"text":"IV Festival Rite 2026","link":"https:\/\/tomajazz.com\/web\/category\/contenidos\/especial-contenidos\/iv-festival-rite-2026\/"},"img":{"alt_text":"Shai Maestro 4t \/ Logan Richardson (El Rite-LAC \/ Casa Virupa, 2026-05-30 \/ Llinars -Barcelona-) [03] Por Joan Cort\u00e8s [INSTANTZZ AKA Galer\u00eda fotogr\u00e1fica AKA Fotoblog de jazz, impro\u2026 y algo m\u00e1s] - Tomajazz - Shai Maestro 4t \/ Logan Richardson actuaron en El Rite-LAC en Casa Virupa, Llinars -Barcelona-, el 30 de mayo de 2026. Joan Cort\u00e8s lo retrata en INSTANTZZ. Actuaron Gadi Lehavi, Ofri Nehemya, Orlando LeFleming, Elliott Skinner, Avishai Cohen, Logan Richardson, Ghalia Benali, Hamin Honari","src":"https:\/\/i0.wp.com\/tomajazz.com\/web\/wp-content\/uploads\/2026\/08\/destacada-13-Lgn-Rchrdsn-Photo-by-Joan-Cortes-30mg26-l-Rt-Llnrs.jpg?resize=350%2C200&ssl=1","width":350,"height":200,"srcset":"https:\/\/i0.wp.com\/tomajazz.com\/web\/wp-content\/uploads\/2026\/08\/destacada-13-Lgn-Rchrdsn-Photo-by-Joan-Cortes-30mg26-l-Rt-Llnrs.jpg?resize=350%2C200&ssl=1 1x, https:\/\/i0.wp.com\/tomajazz.com\/web\/wp-content\/uploads\/2026\/08\/destacada-13-Lgn-Rchrdsn-Photo-by-Joan-Cortes-30mg26-l-Rt-Llnrs.jpg?resize=525%2C300&ssl=1 1.5x"},"classes":[]},{"id":106603,"url":"https:\/\/tomajazz.com\/web\/festival-el-rite-2026-resumen\/","url_meta":{"origin":106423,"position":1},"title":"Festival El Rite 2026  Por Joan Cort\u00e8s [INSTANTZZ AKA Galer\u00eda fotogr\u00e1fica AKA Fotoblog de jazz, impro\u2026 y algo m\u00e1s]-resumen- [y 6]","author":"Tomajazz","date":"20 agosto, 2026","format":false,"excerpt":"Entre el 29 y el 31 de mayo de 2026 se desarroll\u00f3 el Festival El Rite 2026. Joan Cort\u00e8s realiza un resumen fotogr\u00e1fico de sus conciertos INSTANTZZ","rel":"","context":"En \u00abIV Festival Rite 2026\u00bb","block_context":{"text":"IV Festival Rite 2026","link":"https:\/\/tomajazz.com\/web\/category\/contenidos\/especial-contenidos\/iv-festival-rite-2026\/"},"img":{"alt_text":"Festival El Rite 2026  Por Joan Cort\u00e8s [INSTANTZZ AKA Galer\u00eda fotogr\u00e1fica AKA Fotoblog de jazz, impro\u2026 y algo m\u00e1s]-resumen- [y 6] - Tomajazz - Entre el 29 y el 31 de mayo de 2026 se desarroll\u00f3 el Festival El Rite 2026. Joan Cort\u00e8s realiza un resumen fotogr\u00e1fico de sus conciertos INSTANTZZ","src":"https:\/\/i0.wp.com\/tomajazz.com\/web\/wp-content\/uploads\/2026\/08\/destacada-05-Smr-Pndrhghs-Photo-by-Joan-Cortes-30mg26-l-Rt-Cs-Cn-Brd-Llnrs.jpg?resize=350%2C200&ssl=1","width":350,"height":200,"srcset":"https:\/\/i0.wp.com\/tomajazz.com\/web\/wp-content\/uploads\/2026\/08\/destacada-05-Smr-Pndrhghs-Photo-by-Joan-Cortes-30mg26-l-Rt-Cs-Cn-Brd-Llnrs.jpg?resize=350%2C200&ssl=1 1x, https:\/\/i0.wp.com\/tomajazz.com\/web\/wp-content\/uploads\/2026\/08\/destacada-05-Smr-Pndrhghs-Photo-by-Joan-Cortes-30mg26-l-Rt-Cs-Cn-Brd-Llnrs.jpg?resize=525%2C300&ssl=1 1.5x"},"classes":[]},{"id":106721,"url":"https:\/\/tomajazz.com\/web\/primavera-femenina-2026-ii\/","url_meta":{"origin":106423,"position":2},"title":"Primavera Femenina 2026 (II) Por Joan Cort\u00e8s [INSTANTZZ AKA Galer\u00eda fotogr\u00e1fica AKA Fotoblog de jazz, impro\u2026 y algo m\u00e1s]","author":"Tomajazz","date":"25 agosto, 2026","format":false,"excerpt":"Un cl\u00e1sico en Tomajazz son los repasos visuales de Joan Cort\u00e8s a la estaci\u00f3n anterior. En agosto de 2026 es el turno de la segunda parte de Primavera Femenina 2026","rel":"","context":"En \u00abPrimavera Femenina\u00bb","block_context":{"text":"Primavera Femenina","link":"https:\/\/tomajazz.com\/web\/category\/contenidos\/especial-contenidos\/primavera-femenina\/"},"img":{"alt_text":"Primavera Femenina 2026 (II) Por Joan Cort\u00e8s [INSTANTZZ AKA Galer\u00eda fotogr\u00e1fica AKA Fotoblog de jazz, impro\u2026 y algo m\u00e1s] - Tomajazz - Un cl\u00e1sico en Tomajazz son los repasos visuales de Joan Cort\u00e8s a la estaci\u00f3n anterior. En agosto de 2026 es el turno de la segunda parte de Primavera Femenina 2026","src":"https:\/\/i0.wp.com\/tomajazz.com\/web\/wp-content\/uploads\/2026\/08\/destacada-09-Jn-Blk-Swn-Photo-by-Joan-Cortes-31mg26-l-Rt-Cs-Vrp-Cn-Brd-Llinrs.jpg?resize=350%2C200&ssl=1","width":350,"height":200,"srcset":"https:\/\/i0.wp.com\/tomajazz.com\/web\/wp-content\/uploads\/2026\/08\/destacada-09-Jn-Blk-Swn-Photo-by-Joan-Cortes-31mg26-l-Rt-Cs-Vrp-Cn-Brd-Llinrs.jpg?resize=350%2C200&ssl=1 1x, https:\/\/i0.wp.com\/tomajazz.com\/web\/wp-content\/uploads\/2026\/08\/destacada-09-Jn-Blk-Swn-Photo-by-Joan-Cortes-31mg26-l-Rt-Cs-Vrp-Cn-Brd-Llinrs.jpg?resize=525%2C300&ssl=1 1.5x"},"classes":[]},{"id":105579,"url":"https:\/\/tomajazz.com\/web\/iv-festival-rite-2026-noticias\/","url_meta":{"origin":106423,"position":3},"title":"IV Festival Rite 2026 (LAC, Casa VIrupa, Can Bordoi, Llinars del Vall\u00e8s, Barcelona. Del 29 al 31 de mayo de 2026) [Noticias de Jazz]","author":"Tomajazz","date":"25 mayo, 2026","format":false,"excerpt":"Entre el 29 y el 31 de mayo se celebrar\u00e1 el IV Festival Rite 2026 en Casa VIrupa, Can Bordoi, Llinars del Vall\u00e8s, Barcelona. Con Jon Balke, Antonio S\u00e1nchez, Dani de Mor\u00f3n, Rita Pay\u00e9s - Luc\u00eda Fumero entre otros #Noticiasdejazz","rel":"","context":"En \u00abIV Festival Rite 2026\u00bb","block_context":{"text":"IV Festival Rite 2026","link":"https:\/\/tomajazz.com\/web\/category\/contenidos\/especial-contenidos\/iv-festival-rite-2026\/"},"img":{"alt_text":"IV Festival Rite 2026 (LAC, Casa VIrupa, Can Bordoi, Llinars del Vall\u00e8s, Barcelona. Del 29 al 31 de mayo de 2026) [Noticias de Jazz] - Tomajazz - Entre el 29 y el 31 de mayo se celebrar\u00e1 el IV Festival Rite 2026 en Casa VIrupa, Can Bordoi, Llinars del Vall\u00e8s, Barcelona. Con Jon Balke, Antonio S\u00e1nchez, Dani de Mor\u00f3n, Rita Pay\u00e9s - Luc\u00eda Fumero  #Noticiasdejazz","src":"https:\/\/i0.wp.com\/tomajazz.com\/web\/wp-content\/uploads\/2026\/05\/Festival-El-Rite-2026.jpg?resize=350%2C200&ssl=1","width":350,"height":200,"srcset":"https:\/\/i0.wp.com\/tomajazz.com\/web\/wp-content\/uploads\/2026\/05\/Festival-El-Rite-2026.jpg?resize=350%2C200&ssl=1 1x, https:\/\/i0.wp.com\/tomajazz.com\/web\/wp-content\/uploads\/2026\/05\/Festival-El-Rite-2026.jpg?resize=525%2C300&ssl=1 1.5x, https:\/\/i0.wp.com\/tomajazz.com\/web\/wp-content\/uploads\/2026\/05\/Festival-El-Rite-2026.jpg?resize=700%2C400&ssl=1 2x"},"classes":[]},{"id":106549,"url":"https:\/\/tomajazz.com\/web\/festival-rite-2026-4\/","url_meta":{"origin":106423,"position":4},"title":"Jakob Bro \/ S\u00e1nchez-League-Alexa-Maestro (IV Festival Rite 2026. El Rite-LAC \/ Casa Virupa-Can Bordoi, 2026-05-31 \/ Llinars -Barcelona-) [05] Por Joan Cort\u00e8s [INSTANTZZ AKA Galer\u00eda fotogr\u00e1fica AKA Fotoblog de jazz, impro\u2026 y algo m\u00e1s]","author":"Tomajazz","date":"18 agosto, 2026","format":false,"excerpt":"Festival Rite 2026 Jakob Bro \/ S\u00e1nchez-League-Alexa-Maestro participaron en Festival Rite 2026 en El Rite-LAC en Casa Virupa-Can Bordoi, Llinars -Barcelona-, el 31 de mayo de 2026. Joan Cort\u00e8s lo retrata en INSTANTZZ. Actuaron Jakob Bro, Antonio S\u00e1nchez, Michael League, Thana Alexa, Shai Maestro, Avishai Cohen","rel":"","context":"En \u00abIV Festival Rite 2026\u00bb","block_context":{"text":"IV Festival Rite 2026","link":"https:\/\/tomajazz.com\/web\/category\/contenidos\/especial-contenidos\/iv-festival-rite-2026\/"},"img":{"alt_text":"Jakob Bro \/ S\u00e1nchez-League-Alexa-Maestro (El Rite-LAC \/ Casa Virupa-Can Bordoi, 2026-05-31 \/ Llinars -Barcelona-) [05] Por Joan Cort\u00e8s [INSTANTZZ AKA Galer\u00eda fotogr\u00e1fica AKA Fotoblog de jazz, impro\u2026 y algo m\u00e1s] - Tomajazz - Festival Rite 2026\nJakob Bro \/ S\u00e1nchez-League-Alexa-Maestro participaron en Festival Rite 2026 en El Rite-LAC en Casa Virupa-Can Bordoi, Llinars -Barcelona-, el 31 de mayo de 2026. Joan Cort\u00e8s lo retrata en INSTANTZZ. Actuaron Jakob Bro, Antonio S\u00e1nchez, Michael League, Thana Alexa, Shai Maestro, Avishai Cohen\n","src":"https:\/\/i0.wp.com\/tomajazz.com\/web\/wp-content\/uploads\/2026\/08\/destacada-04-Jkb-Br-Photo-by-Joan-Cortes-31mg26-L-Rt-Cs-Vr-Llnrs.jpg?resize=350%2C200&ssl=1","width":350,"height":200,"srcset":"https:\/\/i0.wp.com\/tomajazz.com\/web\/wp-content\/uploads\/2026\/08\/destacada-04-Jkb-Br-Photo-by-Joan-Cortes-31mg26-L-Rt-Cs-Vr-Llnrs.jpg?resize=350%2C200&ssl=1 1x, https:\/\/i0.wp.com\/tomajazz.com\/web\/wp-content\/uploads\/2026\/08\/destacada-04-Jkb-Br-Photo-by-Joan-Cortes-31mg26-L-Rt-Cs-Vr-Llnrs.jpg?resize=525%2C300&ssl=1 1.5x"},"classes":[]},{"id":106510,"url":"https:\/\/tomajazz.com\/web\/jon-balkes-alba-careta-lac-2026\/","url_meta":{"origin":106423,"position":5},"title":"Jon Balke\u2019s Siwan \/ Alba Careta Group (El Rite-LAC \/ Casa Virupa-Can Bordoi, 2026-05-31 \/ Llinars -Barcelona-) [04] Por Joan Cort\u00e8s [INSTANTZZ AKA Galer\u00eda fotogr\u00e1fica AKA Fotoblog de jazz, impro\u2026 y algo m\u00e1s]","author":"Tomajazz","date":"16 agosto, 2026","format":false,"excerpt":"Jon Balke\u2019s Siwan y Alba Careta Group actuaron en El Rite-LAC en Llinars, Barcelona, el 31 de mayo de 2026. Joan Cort\u00e8s lo retrata en INSTANTZZ. Actuaron Jon Balke, Mona Boutchebak, Pedram Khavar Zamini, Derya Turkan, Alba Careta, Lucas Mart\u00ednez, Roger Santacana, Giuseppe Campisi, Jordi Pallar\u00e9s","rel":"","context":"En \u00abIV Festival Rite 2026\u00bb","block_context":{"text":"IV Festival Rite 2026","link":"https:\/\/tomajazz.com\/web\/category\/contenidos\/especial-contenidos\/iv-festival-rite-2026\/"},"img":{"alt_text":"Jon Balke\u2019s Siwan \/ Alba Careta Group (El Rite-LAC \/ Casa Virupa-Can Bordoi, 2026-05-31 \/ Llinars -Barcelona-) [04] Por Joan Cort\u00e8s [INSTANTZZ AKA Galer\u00eda fotogr\u00e1fica AKA Fotoblog de jazz, impro\u2026 y algo m\u00e1s] - Tomajazz - Jon Balke\u2019s Siwan y Alba Careta Group actuaron en El Rite-LAC en Llinars, Barcelona, el 31 de mayo de 2026.  Joan Cort\u00e8s lo retrata en INSTANTZZ. Actuaron Jon Balke, Mona Boutchebak, Pedram Khavar Zamini, Derya Turkan, Alba Careta, Lucas Mart\u00ednez, Roger Santacana, Giuseppe Campisi, Jordi Pallar\u00e9s","src":"https:\/\/i0.wp.com\/tomajazz.com\/web\/wp-content\/uploads\/2026\/08\/destacada-06-Jn-Blk-Swn-Photo-by-Joan-Cortes-31mg26-l-Rt-.jpg?resize=350%2C200&ssl=1","width":350,"height":200},"classes":[]}],"jetpack_featured_media_url":"https:\/\/tomajazz.com\/web\/wp-content\/uploads\/2026\/08\/destacada-05-Ghl-Rnl-Photo-by-Joan-Cortes-30mg26-l-Rt-Cs-Cn-Brd-Llnrs.jpg","_links":{"self":[{"href":"https:\/\/tomajazz.com\/web\/wp-json\/wp\/v2\/posts\/106423","targetHints":{"allow":["GET"]}}],"collection":[{"href":"https:\/\/tomajazz.com\/web\/wp-json\/wp\/v2\/posts"}],"about":[{"href":"https:\/\/tomajazz.com\/web\/wp-json\/wp\/v2\/types\/post"}],"author":[{"embeddable":true,"href":"https:\/\/tomajazz.com\/web\/wp-json\/wp\/v2\/users\/1"}],"replies":[{"embeddable":true,"href":"https:\/\/tomajazz.com\/web\/wp-json\/wp\/v2\/comments?post=106423"}],"version-history":[{"count":3,"href":"https:\/\/tomajazz.com\/web\/wp-json\/wp\/v2\/posts\/106423\/revisions"}],"predecessor-version":[{"id":106493,"href":"https:\/\/tomajazz.com\/web\/wp-json\/wp\/v2\/posts\/106423\/revisions\/106493"}],"wp:featuredmedia":[{"embeddable":true,"href":"https:\/\/tomajazz.com\/web\/wp-json\/wp\/v2\/media\/106438"}],"wp:attachment":[{"href":"https:\/\/tomajazz.com\/web\/wp-json\/wp\/v2\/media?parent=106423"}],"wp:term":[{"taxonomy":"category","embeddable":true,"href":"https:\/\/tomajazz.com\/web\/wp-json\/wp\/v2\/categories?post=106423"},{"taxonomy":"post_tag","embeddable":true,"href":"https:\/\/tomajazz.com\/web\/wp-json\/wp\/v2\/tags?post=106423"}],"curies":[{"name":"wp","href":"https:\/\/api.w.org\/{rel}","templated":true}]}}