{"id":106468,"date":"2026-08-14T12:00:24","date_gmt":"2026-08-14T10:00:24","guid":{"rendered":"https:\/\/tomajazz.com\/web\/?p=106468"},"modified":"2026-08-14T11:50:16","modified_gmt":"2026-08-14T09:50:16","slug":"amaro-freitas-trio-vitoria-2026","status":"publish","type":"post","link":"https:\/\/tomajazz.com\/web\/amaro-freitas-trio-vitoria-2026\/","title":{"rendered":"Amaro Freitas Tr\u00edo (49 Festival de Jazz de Vitoria-Gasteiz 2026. 2026-07-13) Por Jos\u00e9 Luis Luna Rocafort [INSTANTZZ AKA Galer\u00eda fotogr\u00e1fica AKA Fotoblog de jazz, impro\u2026 y algo m\u00e1s]"},"content":{"rendered":"<h3>Amaro Freitas Tr\u00edo<\/h3>\n<h3>49 Festival de Jazz de Vitoria-Gasteiz 2026<\/h3>\n<ul>\n<li>Fecha: Lunes, 13 de julio de 2026. 20:00h.<\/li>\n<li>Festival: 49 Festival de Jazz de Vitoria-Gasteiz<\/li>\n<li>Lugar: Palacio de Congresos Europa. Vitoria<\/li>\n<li>Grupo:<br \/>\n<b>Amaro Freitas Tr\u00edo<br \/>\n<\/b>Amaro Freitas: piano<br \/>\nSidiel Vieira: contrabajo<br \/>\nRodrigo Digao Brez: bater\u00eda<\/li>\n<\/ul>\n<p style=\"text-align: center;\"><img loading=\"lazy\" decoding=\"async\" class=\"aligncenter size-full wp-image-106469\" title=\"Amaro Freitas Tr\u00edo (49 Festival de Jazz de Vitoria-Gasteiz 2026. 2026-07-13) Por Jos\u00e9 Luis Luna Rocafort [INSTANTZZ AKA Galer\u00eda fotogr\u00e1fica AKA Fotoblog de jazz, impro\u2026 y algo m\u00e1s] Tomajazz 001\" src=\"https:\/\/tomajazz.com\/web\/wp-content\/uploads\/2026\/08\/001-5.jpg\" alt=\"Amaro Freitas Tr\u00edo (49 Festival de Jazz de Vitoria-Gasteiz 2026. 2026-07-13) Por Jos\u00e9 Luis Luna Rocafort [INSTANTZZ AKA Galer\u00eda fotogr\u00e1fica AKA Fotoblog de jazz, impro\u2026 y algo m\u00e1s] - Tomajazz - Amaro Freitas Tr\u00edo actu\u00f3 en el 49 Festival de Jazz de Vitoria-Gasteiz 2026, el 13 de julio de 2026. Jos\u00e9 Luis Luna Rocafort lo retrata en INSTANTZZ. Actuaron\" width=\"600\" height=\"400\" srcset=\"https:\/\/tomajazz.com\/web\/wp-content\/uploads\/2026\/08\/001-5.jpg 600w, https:\/\/tomajazz.com\/web\/wp-content\/uploads\/2026\/08\/001-5-300x200.jpg 300w, https:\/\/tomajazz.com\/web\/wp-content\/uploads\/2026\/08\/001-5-465x310.jpg 465w\" sizes=\"auto, (max-width: 600px) 100vw, 600px\" \/> <img loading=\"lazy\" decoding=\"async\" class=\"aligncenter size-large wp-image-106470\" title=\"Amaro Freitas Tr\u00edo (49 Festival de Jazz de Vitoria-Gasteiz 2026. 2026-07-13) Por Jos\u00e9 Luis Luna Rocafort [INSTANTZZ AKA Galer\u00eda fotogr\u00e1fica AKA Fotoblog de jazz, impro\u2026 y algo m\u00e1s] Tomajazz 002\" src=\"https:\/\/tomajazz.com\/web\/wp-content\/uploads\/2026\/08\/002-5.jpg\" alt=\"Amaro Freitas Tr\u00edo (49 Festival de Jazz de Vitoria-Gasteiz 2026. 2026-07-13) Por Jos\u00e9 Luis Luna Rocafort [INSTANTZZ AKA Galer\u00eda fotogr\u00e1fica AKA Fotoblog de jazz, impro\u2026 y algo m\u00e1s] - Tomajazz - Amaro Freitas Tr\u00edo actu\u00f3 en el 49 Festival de Jazz de Vitoria-Gasteiz 2026, el 13 de julio de 2026. Jos\u00e9 Luis Luna Rocafort lo retrata en INSTANTZZ. Actuaron\" width=\"600\" height=\"400\" srcset=\"https:\/\/tomajazz.com\/web\/wp-content\/uploads\/2026\/08\/002-5.jpg 600w, https:\/\/tomajazz.com\/web\/wp-content\/uploads\/2026\/08\/002-5-300x200.jpg 300w, https:\/\/tomajazz.com\/web\/wp-content\/uploads\/2026\/08\/002-5-465x310.jpg 465w\" sizes=\"auto, (max-width: 600px) 100vw, 600px\" \/> <img loading=\"lazy\" decoding=\"async\" class=\"aligncenter size-large wp-image-106471\" title=\"Amaro Freitas Tr\u00edo (49 Festival de Jazz de Vitoria-Gasteiz 2026. 2026-07-13) Por Jos\u00e9 Luis Luna Rocafort [INSTANTZZ AKA Galer\u00eda fotogr\u00e1fica AKA Fotoblog de jazz, impro\u2026 y algo m\u00e1s] Tomajazz 003\" src=\"https:\/\/tomajazz.com\/web\/wp-content\/uploads\/2026\/08\/003-5.jpg\" alt=\"Amaro Freitas Tr\u00edo (49 Festival de Jazz de Vitoria-Gasteiz 2026. 2026-07-13) Por Jos\u00e9 Luis Luna Rocafort [INSTANTZZ AKA Galer\u00eda fotogr\u00e1fica AKA Fotoblog de jazz, impro\u2026 y algo m\u00e1s] - Tomajazz - Amaro Freitas Tr\u00edo actu\u00f3 en el 49 Festival de Jazz de Vitoria-Gasteiz 2026, el 13 de julio de 2026. Jos\u00e9 Luis Luna Rocafort lo retrata en INSTANTZZ. Actuaron\" width=\"600\" height=\"400\" srcset=\"https:\/\/tomajazz.com\/web\/wp-content\/uploads\/2026\/08\/003-5.jpg 600w, https:\/\/tomajazz.com\/web\/wp-content\/uploads\/2026\/08\/003-5-300x200.jpg 300w, https:\/\/tomajazz.com\/web\/wp-content\/uploads\/2026\/08\/003-5-465x310.jpg 465w\" sizes=\"auto, (max-width: 600px) 100vw, 600px\" \/> <img loading=\"lazy\" decoding=\"async\" class=\"aligncenter size-large wp-image-106472\" title=\"Amaro Freitas Tr\u00edo (49 Festival de Jazz de Vitoria-Gasteiz 2026. 2026-07-13) Por Jos\u00e9 Luis Luna Rocafort [INSTANTZZ AKA Galer\u00eda fotogr\u00e1fica AKA Fotoblog de jazz, impro\u2026 y algo m\u00e1s] Tomajazz 004\" src=\"https:\/\/tomajazz.com\/web\/wp-content\/uploads\/2026\/08\/004-5.jpg\" alt=\"Amaro Freitas Tr\u00edo (49 Festival de Jazz de Vitoria-Gasteiz 2026. 2026-07-13) Por Jos\u00e9 Luis Luna Rocafort [INSTANTZZ AKA Galer\u00eda fotogr\u00e1fica AKA Fotoblog de jazz, impro\u2026 y algo m\u00e1s] - Tomajazz - Amaro Freitas Tr\u00edo actu\u00f3 en el 49 Festival de Jazz de Vitoria-Gasteiz 2026, el 13 de julio de 2026. Jos\u00e9 Luis Luna Rocafort lo retrata en INSTANTZZ. Actuaron\" width=\"600\" height=\"400\" srcset=\"https:\/\/tomajazz.com\/web\/wp-content\/uploads\/2026\/08\/004-5.jpg 600w, https:\/\/tomajazz.com\/web\/wp-content\/uploads\/2026\/08\/004-5-300x200.jpg 300w, https:\/\/tomajazz.com\/web\/wp-content\/uploads\/2026\/08\/004-5-465x310.jpg 465w\" sizes=\"auto, (max-width: 600px) 100vw, 600px\" \/> <img loading=\"lazy\" decoding=\"async\" class=\"aligncenter size-large wp-image-106473\" title=\"Amaro Freitas Tr\u00edo (49 Festival de Jazz de Vitoria-Gasteiz 2026. 2026-07-13) Por Jos\u00e9 Luis Luna Rocafort [INSTANTZZ AKA Galer\u00eda fotogr\u00e1fica AKA Fotoblog de jazz, impro\u2026 y algo m\u00e1s] Tomajazz 005\" src=\"https:\/\/tomajazz.com\/web\/wp-content\/uploads\/2026\/08\/005-5.jpg\" alt=\"Amaro Freitas Tr\u00edo (49 Festival de Jazz de Vitoria-Gasteiz 2026. 2026-07-13) Por Jos\u00e9 Luis Luna Rocafort [INSTANTZZ AKA Galer\u00eda fotogr\u00e1fica AKA Fotoblog de jazz, impro\u2026 y algo m\u00e1s] - Tomajazz - Amaro Freitas Tr\u00edo actu\u00f3 en el 49 Festival de Jazz de Vitoria-Gasteiz 2026, el 13 de julio de 2026. Jos\u00e9 Luis Luna Rocafort lo retrata en INSTANTZZ. Actuaron\" width=\"600\" height=\"400\" srcset=\"https:\/\/tomajazz.com\/web\/wp-content\/uploads\/2026\/08\/005-5.jpg 600w, https:\/\/tomajazz.com\/web\/wp-content\/uploads\/2026\/08\/005-5-300x200.jpg 300w, https:\/\/tomajazz.com\/web\/wp-content\/uploads\/2026\/08\/005-5-465x310.jpg 465w\" sizes=\"auto, (max-width: 600px) 100vw, 600px\" \/> <img loading=\"lazy\" decoding=\"async\" class=\"aligncenter size-large wp-image-106474\" title=\"Amaro Freitas Tr\u00edo (49 Festival de Jazz de Vitoria-Gasteiz 2026. 2026-07-13) Por Jos\u00e9 Luis Luna Rocafort [INSTANTZZ AKA Galer\u00eda fotogr\u00e1fica AKA Fotoblog de jazz, impro\u2026 y algo m\u00e1s] Tomajazz 006\" src=\"https:\/\/tomajazz.com\/web\/wp-content\/uploads\/2026\/08\/006-5.jpg\" alt=\"Amaro Freitas Tr\u00edo (49 Festival de Jazz de Vitoria-Gasteiz 2026. 2026-07-13) Por Jos\u00e9 Luis Luna Rocafort [INSTANTZZ AKA Galer\u00eda fotogr\u00e1fica AKA Fotoblog de jazz, impro\u2026 y algo m\u00e1s] - Tomajazz - Amaro Freitas Tr\u00edo actu\u00f3 en el 49 Festival de Jazz de Vitoria-Gasteiz 2026, el 13 de julio de 2026. Jos\u00e9 Luis Luna Rocafort lo retrata en INSTANTZZ. Actuaron\" width=\"600\" height=\"400\" srcset=\"https:\/\/tomajazz.com\/web\/wp-content\/uploads\/2026\/08\/006-5.jpg 600w, https:\/\/tomajazz.com\/web\/wp-content\/uploads\/2026\/08\/006-5-300x200.jpg 300w, https:\/\/tomajazz.com\/web\/wp-content\/uploads\/2026\/08\/006-5-465x310.jpg 465w\" sizes=\"auto, (max-width: 600px) 100vw, 600px\" \/> <img loading=\"lazy\" decoding=\"async\" class=\"aligncenter size-large wp-image-106475\" title=\"Amaro Freitas Tr\u00edo (49 Festival de Jazz de Vitoria-Gasteiz 2026. 2026-07-13) Por Jos\u00e9 Luis Luna Rocafort [INSTANTZZ AKA Galer\u00eda fotogr\u00e1fica AKA Fotoblog de jazz, impro\u2026 y algo m\u00e1s] Tomajazz 007\" src=\"https:\/\/tomajazz.com\/web\/wp-content\/uploads\/2026\/08\/007-5.jpg\" alt=\"Amaro Freitas Tr\u00edo (49 Festival de Jazz de Vitoria-Gasteiz 2026. 2026-07-13) Por Jos\u00e9 Luis Luna Rocafort [INSTANTZZ AKA Galer\u00eda fotogr\u00e1fica AKA Fotoblog de jazz, impro\u2026 y algo m\u00e1s] - Tomajazz - Amaro Freitas Tr\u00edo actu\u00f3 en el 49 Festival de Jazz de Vitoria-Gasteiz 2026, el 13 de julio de 2026. Jos\u00e9 Luis Luna Rocafort lo retrata en INSTANTZZ. Actuaron Amaro Freitas, Sidiel Vieira, Rodrigo Digao Brez\" width=\"600\" height=\"400\" srcset=\"https:\/\/tomajazz.com\/web\/wp-content\/uploads\/2026\/08\/007-5.jpg 600w, https:\/\/tomajazz.com\/web\/wp-content\/uploads\/2026\/08\/007-5-300x200.jpg 300w, https:\/\/tomajazz.com\/web\/wp-content\/uploads\/2026\/08\/007-5-465x310.jpg 465w\" sizes=\"auto, (max-width: 600px) 100vw, 600px\" \/> <img loading=\"lazy\" decoding=\"async\" class=\"aligncenter size-large wp-image-106476\" title=\"Amaro Freitas Tr\u00edo (49 Festival de Jazz de Vitoria-Gasteiz 2026. 2026-07-13) Por Jos\u00e9 Luis Luna Rocafort [INSTANTZZ AKA Galer\u00eda fotogr\u00e1fica AKA Fotoblog de jazz, impro\u2026 y algo m\u00e1s] Tomajazz 008\" src=\"https:\/\/tomajazz.com\/web\/wp-content\/uploads\/2026\/08\/008-5.jpg\" alt=\"Amaro Freitas Tr\u00edo (49 Festival de Jazz de Vitoria-Gasteiz 2026. 2026-07-13) Por Jos\u00e9 Luis Luna Rocafort [INSTANTZZ AKA Galer\u00eda fotogr\u00e1fica AKA Fotoblog de jazz, impro\u2026 y algo m\u00e1s] - Tomajazz - Amaro Freitas Tr\u00edo actu\u00f3 en el 49 Festival de Jazz de Vitoria-Gasteiz 2026, el 13 de julio de 2026. Jos\u00e9 Luis Luna Rocafort lo retrata en INSTANTZZ. Actuaron Amaro Freitas, Sidiel Vieira, Rodrigo Digao Brez\" width=\"600\" height=\"400\" srcset=\"https:\/\/tomajazz.com\/web\/wp-content\/uploads\/2026\/08\/008-5.jpg 600w, https:\/\/tomajazz.com\/web\/wp-content\/uploads\/2026\/08\/008-5-300x200.jpg 300w, https:\/\/tomajazz.com\/web\/wp-content\/uploads\/2026\/08\/008-5-465x310.jpg 465w\" sizes=\"auto, (max-width: 600px) 100vw, 600px\" \/> <img loading=\"lazy\" decoding=\"async\" class=\"aligncenter size-large wp-image-106477\" title=\"Amaro Freitas Tr\u00edo (49 Festival de Jazz de Vitoria-Gasteiz 2026. 2026-07-13) Por Jos\u00e9 Luis Luna Rocafort [INSTANTZZ AKA Galer\u00eda fotogr\u00e1fica AKA Fotoblog de jazz, impro\u2026 y algo m\u00e1s] Tomajazz 009\" src=\"https:\/\/tomajazz.com\/web\/wp-content\/uploads\/2026\/08\/009-5.jpg\" alt=\"Amaro Freitas Tr\u00edo (49 Festival de Jazz de Vitoria-Gasteiz 2026. 2026-07-13) Por Jos\u00e9 Luis Luna Rocafort [INSTANTZZ AKA Galer\u00eda fotogr\u00e1fica AKA Fotoblog de jazz, impro\u2026 y algo m\u00e1s] - Tomajazz - Amaro Freitas Tr\u00edo actu\u00f3 en el 49 Festival de Jazz de Vitoria-Gasteiz 2026, el 13 de julio de 2026. Jos\u00e9 Luis Luna Rocafort lo retrata en INSTANTZZ. Actuaron Amaro Freitas, Sidiel Vieira, Rodrigo Digao Brez\" width=\"600\" height=\"400\" srcset=\"https:\/\/tomajazz.com\/web\/wp-content\/uploads\/2026\/08\/009-5.jpg 600w, https:\/\/tomajazz.com\/web\/wp-content\/uploads\/2026\/08\/009-5-300x200.jpg 300w, https:\/\/tomajazz.com\/web\/wp-content\/uploads\/2026\/08\/009-5-465x310.jpg 465w\" sizes=\"auto, (max-width: 600px) 100vw, 600px\" \/> <img loading=\"lazy\" decoding=\"async\" class=\"aligncenter size-large wp-image-106478\" title=\"Amaro Freitas Tr\u00edo (49 Festival de Jazz de Vitoria-Gasteiz 2026. 2026-07-13) Por Jos\u00e9 Luis Luna Rocafort [INSTANTZZ AKA Galer\u00eda fotogr\u00e1fica AKA Fotoblog de jazz, impro\u2026 y algo m\u00e1s] Tomajazz 010\" src=\"https:\/\/tomajazz.com\/web\/wp-content\/uploads\/2026\/08\/010-5.jpg\" alt=\"Amaro Freitas Tr\u00edo (49 Festival de Jazz de Vitoria-Gasteiz 2026. 2026-07-13) Por Jos\u00e9 Luis Luna Rocafort [INSTANTZZ AKA Galer\u00eda fotogr\u00e1fica AKA Fotoblog de jazz, impro\u2026 y algo m\u00e1s] - Tomajazz - Amaro Freitas Tr\u00edo actu\u00f3 en el 49 Festival de Jazz de Vitoria-Gasteiz 2026, el 13 de julio de 2026. Jos\u00e9 Luis Luna Rocafort lo retrata en INSTANTZZ. Actuaron Amaro Freitas, Sidiel Vieira, Rodrigo Digao Brez\" width=\"600\" height=\"400\" srcset=\"https:\/\/tomajazz.com\/web\/wp-content\/uploads\/2026\/08\/010-5.jpg 600w, https:\/\/tomajazz.com\/web\/wp-content\/uploads\/2026\/08\/010-5-300x200.jpg 300w, https:\/\/tomajazz.com\/web\/wp-content\/uploads\/2026\/08\/010-5-465x310.jpg 465w\" sizes=\"auto, (max-width: 600px) 100vw, 600px\" \/> <img loading=\"lazy\" decoding=\"async\" class=\"aligncenter size-large wp-image-106479\" title=\"Amaro Freitas Tr\u00edo (49 Festival de Jazz de Vitoria-Gasteiz 2026. 2026-07-13) Por Jos\u00e9 Luis Luna Rocafort [INSTANTZZ AKA Galer\u00eda fotogr\u00e1fica AKA Fotoblog de jazz, impro\u2026 y algo m\u00e1s] Tomajazz 011\" src=\"https:\/\/tomajazz.com\/web\/wp-content\/uploads\/2026\/08\/011-5.jpg\" alt=\"Amaro Freitas Tr\u00edo (49 Festival de Jazz de Vitoria-Gasteiz 2026. 2026-07-13) Por Jos\u00e9 Luis Luna Rocafort [INSTANTZZ AKA Galer\u00eda fotogr\u00e1fica AKA Fotoblog de jazz, impro\u2026 y algo m\u00e1s] - Tomajazz - Amaro Freitas Tr\u00edo actu\u00f3 en el 49 Festival de Jazz de Vitoria-Gasteiz 2026, el 13 de julio de 2026. Jos\u00e9 Luis Luna Rocafort lo retrata en INSTANTZZ. Actuaron Amaro Freitas, Sidiel Vieira, Rodrigo Digao Brez\" width=\"600\" height=\"400\" srcset=\"https:\/\/tomajazz.com\/web\/wp-content\/uploads\/2026\/08\/011-5.jpg 600w, https:\/\/tomajazz.com\/web\/wp-content\/uploads\/2026\/08\/011-5-300x200.jpg 300w, https:\/\/tomajazz.com\/web\/wp-content\/uploads\/2026\/08\/011-5-465x310.jpg 465w\" sizes=\"auto, (max-width: 600px) 100vw, 600px\" \/> <img loading=\"lazy\" decoding=\"async\" class=\"aligncenter size-large wp-image-106480\" title=\"Amaro Freitas Tr\u00edo (49 Festival de Jazz de Vitoria-Gasteiz 2026. 2026-07-13) Por Jos\u00e9 Luis Luna Rocafort [INSTANTZZ AKA Galer\u00eda fotogr\u00e1fica AKA Fotoblog de jazz, impro\u2026 y algo m\u00e1s] Tomajazz 012\" src=\"https:\/\/tomajazz.com\/web\/wp-content\/uploads\/2026\/08\/012-5.jpg\" alt=\"Amaro Freitas Tr\u00edo (49 Festival de Jazz de Vitoria-Gasteiz 2026. 2026-07-13) Por Jos\u00e9 Luis Luna Rocafort [INSTANTZZ AKA Galer\u00eda fotogr\u00e1fica AKA Fotoblog de jazz, impro\u2026 y algo m\u00e1s] - Tomajazz - Amaro Freitas Tr\u00edo actu\u00f3 en el 49 Festival de Jazz de Vitoria-Gasteiz 2026, el 13 de julio de 2026. Jos\u00e9 Luis Luna Rocafort lo retrata en INSTANTZZ. Actuaron Amaro Freitas, Sidiel Vieira, Rodrigo Digao Brez\" width=\"600\" height=\"400\" srcset=\"https:\/\/tomajazz.com\/web\/wp-content\/uploads\/2026\/08\/012-5.jpg 600w, https:\/\/tomajazz.com\/web\/wp-content\/uploads\/2026\/08\/012-5-300x200.jpg 300w, https:\/\/tomajazz.com\/web\/wp-content\/uploads\/2026\/08\/012-5-465x310.jpg 465w\" sizes=\"auto, (max-width: 600px) 100vw, 600px\" \/> <img loading=\"lazy\" decoding=\"async\" class=\"aligncenter size-large wp-image-106481\" title=\"Amaro Freitas Tr\u00edo (49 Festival de Jazz de Vitoria-Gasteiz 2026. 2026-07-13) Por Jos\u00e9 Luis Luna Rocafort [INSTANTZZ AKA Galer\u00eda fotogr\u00e1fica AKA Fotoblog de jazz, impro\u2026 y algo m\u00e1s] Tomajazz 013\" src=\"https:\/\/tomajazz.com\/web\/wp-content\/uploads\/2026\/08\/013-3.jpg\" alt=\"Amaro Freitas Tr\u00edo (49 Festival de Jazz de Vitoria-Gasteiz 2026. 2026-07-13) Por Jos\u00e9 Luis Luna Rocafort [INSTANTZZ AKA Galer\u00eda fotogr\u00e1fica AKA Fotoblog de jazz, impro\u2026 y algo m\u00e1s] - Tomajazz - Amaro Freitas Tr\u00edo actu\u00f3 en el 49 Festival de Jazz de Vitoria-Gasteiz 2026, el 13 de julio de 2026. Jos\u00e9 Luis Luna Rocafort lo retrata en INSTANTZZ. Actuaron Amaro Freitas, Sidiel Vieira, Rodrigo Digao Brez\" width=\"600\" height=\"400\" srcset=\"https:\/\/tomajazz.com\/web\/wp-content\/uploads\/2026\/08\/013-3.jpg 600w, https:\/\/tomajazz.com\/web\/wp-content\/uploads\/2026\/08\/013-3-300x200.jpg 300w, https:\/\/tomajazz.com\/web\/wp-content\/uploads\/2026\/08\/013-3-465x310.jpg 465w\" sizes=\"auto, (max-width: 600px) 100vw, 600px\" \/> <img loading=\"lazy\" decoding=\"async\" class=\"aligncenter size-large wp-image-106482\" title=\"Amaro Freitas Tr\u00edo (49 Festival de Jazz de Vitoria-Gasteiz 2026. 2026-07-13) Por Jos\u00e9 Luis Luna Rocafort [INSTANTZZ AKA Galer\u00eda fotogr\u00e1fica AKA Fotoblog de jazz, impro\u2026 y algo m\u00e1s] Tomajazz 014\" src=\"https:\/\/tomajazz.com\/web\/wp-content\/uploads\/2026\/08\/014-3.jpg\" alt=\"Amaro Freitas Tr\u00edo (49 Festival de Jazz de Vitoria-Gasteiz 2026. 2026-07-13) Por Jos\u00e9 Luis Luna Rocafort [INSTANTZZ AKA Galer\u00eda fotogr\u00e1fica AKA Fotoblog de jazz, impro\u2026 y algo m\u00e1s] - Tomajazz - Amaro Freitas Tr\u00edo actu\u00f3 en el 49 Festival de Jazz de Vitoria-Gasteiz 2026, el 13 de julio de 2026. Jos\u00e9 Luis Luna Rocafort lo retrata en INSTANTZZ. Actuaron Amaro Freitas, Sidiel Vieira, Rodrigo Digao Brez\" width=\"600\" height=\"400\" srcset=\"https:\/\/tomajazz.com\/web\/wp-content\/uploads\/2026\/08\/014-3.jpg 600w, https:\/\/tomajazz.com\/web\/wp-content\/uploads\/2026\/08\/014-3-300x200.jpg 300w, https:\/\/tomajazz.com\/web\/wp-content\/uploads\/2026\/08\/014-3-465x310.jpg 465w\" sizes=\"auto, (max-width: 600px) 100vw, 600px\" \/> <img loading=\"lazy\" decoding=\"async\" class=\"aligncenter size-large wp-image-106483\" title=\"Amaro Freitas Tr\u00edo (49 Festival de Jazz de Vitoria-Gasteiz 2026. 2026-07-13) Por Jos\u00e9 Luis Luna Rocafort [INSTANTZZ AKA Galer\u00eda fotogr\u00e1fica AKA Fotoblog de jazz, impro\u2026 y algo m\u00e1s] Tomajazz 015\" src=\"https:\/\/tomajazz.com\/web\/wp-content\/uploads\/2026\/08\/015-3.jpg\" alt=\"Amaro Freitas Tr\u00edo (49 Festival de Jazz de Vitoria-Gasteiz 2026. 2026-07-13) Por Jos\u00e9 Luis Luna Rocafort [INSTANTZZ AKA Galer\u00eda fotogr\u00e1fica AKA Fotoblog de jazz, impro\u2026 y algo m\u00e1s] - Tomajazz - Amaro Freitas Tr\u00edo actu\u00f3 en el 49 Festival de Jazz de Vitoria-Gasteiz 2026, el 13 de julio de 2026. Jos\u00e9 Luis Luna Rocafort lo retrata en INSTANTZZ. Actuaron Amaro Freitas, Sidiel Vieira, Rodrigo Digao Brez\" width=\"600\" height=\"400\" srcset=\"https:\/\/tomajazz.com\/web\/wp-content\/uploads\/2026\/08\/015-3.jpg 600w, https:\/\/tomajazz.com\/web\/wp-content\/uploads\/2026\/08\/015-3-300x200.jpg 300w, https:\/\/tomajazz.com\/web\/wp-content\/uploads\/2026\/08\/015-3-465x310.jpg 465w\" sizes=\"auto, (max-width: 600px) 100vw, 600px\" \/> <img loading=\"lazy\" decoding=\"async\" class=\"aligncenter size-large wp-image-106484\" title=\"Amaro Freitas Tr\u00edo (49 Festival de Jazz de Vitoria-Gasteiz 2026. 2026-07-13) Por Jos\u00e9 Luis Luna Rocafort [INSTANTZZ AKA Galer\u00eda fotogr\u00e1fica AKA Fotoblog de jazz, impro\u2026 y algo m\u00e1s] Tomajazz 016\" src=\"https:\/\/tomajazz.com\/web\/wp-content\/uploads\/2026\/08\/016-3.jpg\" alt=\"Amaro Freitas Tr\u00edo (49 Festival de Jazz de Vitoria-Gasteiz 2026. 2026-07-13) Por Jos\u00e9 Luis Luna Rocafort [INSTANTZZ AKA Galer\u00eda fotogr\u00e1fica AKA Fotoblog de jazz, impro\u2026 y algo m\u00e1s] - Tomajazz - Amaro Freitas Tr\u00edo actu\u00f3 en el 49 Festival de Jazz de Vitoria-Gasteiz 2026, el 13 de julio de 2026. Jos\u00e9 Luis Luna Rocafort lo retrata en INSTANTZZ. Actuaron Amaro Freitas, Sidiel Vieira, Rodrigo Digao Brez\" width=\"600\" height=\"400\" srcset=\"https:\/\/tomajazz.com\/web\/wp-content\/uploads\/2026\/08\/016-3.jpg 600w, https:\/\/tomajazz.com\/web\/wp-content\/uploads\/2026\/08\/016-3-300x200.jpg 300w, https:\/\/tomajazz.com\/web\/wp-content\/uploads\/2026\/08\/016-3-465x310.jpg 465w\" sizes=\"auto, (max-width: 600px) 100vw, 600px\" \/> <img loading=\"lazy\" decoding=\"async\" class=\"aligncenter size-large wp-image-106485\" title=\"Amaro Freitas Tr\u00edo (49 Festival de Jazz de Vitoria-Gasteiz 2026. 2026-07-13) Por Jos\u00e9 Luis Luna Rocafort [INSTANTZZ AKA Galer\u00eda fotogr\u00e1fica AKA Fotoblog de jazz, impro\u2026 y algo m\u00e1s] Tomajazz 017\" src=\"https:\/\/tomajazz.com\/web\/wp-content\/uploads\/2026\/08\/017-3.jpg\" alt=\"Amaro Freitas Tr\u00edo (49 Festival de Jazz de Vitoria-Gasteiz 2026. 2026-07-13) Por Jos\u00e9 Luis Luna Rocafort [INSTANTZZ AKA Galer\u00eda fotogr\u00e1fica AKA Fotoblog de jazz, impro\u2026 y algo m\u00e1s] - Tomajazz - Amaro Freitas Tr\u00edo actu\u00f3 en el 49 Festival de Jazz de Vitoria-Gasteiz 2026, el 13 de julio de 2026. Jos\u00e9 Luis Luna Rocafort lo retrata en INSTANTZZ. Actuaron Amaro Freitas, Sidiel Vieira, Rodrigo Digao Brez\" width=\"600\" height=\"400\" srcset=\"https:\/\/tomajazz.com\/web\/wp-content\/uploads\/2026\/08\/017-3.jpg 600w, https:\/\/tomajazz.com\/web\/wp-content\/uploads\/2026\/08\/017-3-300x200.jpg 300w, https:\/\/tomajazz.com\/web\/wp-content\/uploads\/2026\/08\/017-3-465x310.jpg 465w\" sizes=\"auto, (max-width: 600px) 100vw, 600px\" \/> <img loading=\"lazy\" decoding=\"async\" class=\"aligncenter size-large wp-image-106486\" title=\"Amaro Freitas Tr\u00edo (49 Festival de Jazz de Vitoria-Gasteiz 2026. 2026-07-13) Por Jos\u00e9 Luis Luna Rocafort [INSTANTZZ AKA Galer\u00eda fotogr\u00e1fica AKA Fotoblog de jazz, impro\u2026 y algo m\u00e1s] Tomajazz 018\" src=\"https:\/\/tomajazz.com\/web\/wp-content\/uploads\/2026\/08\/018-2.jpg\" alt=\"Amaro Freitas Tr\u00edo (49 Festival de Jazz de Vitoria-Gasteiz 2026. 2026-07-13) Por Jos\u00e9 Luis Luna Rocafort [INSTANTZZ AKA Galer\u00eda fotogr\u00e1fica AKA Fotoblog de jazz, impro\u2026 y algo m\u00e1s] - Tomajazz - Amaro Freitas Tr\u00edo actu\u00f3 en el 49 Festival de Jazz de Vitoria-Gasteiz 2026, el 13 de julio de 2026. Jos\u00e9 Luis Luna Rocafort lo retrata en INSTANTZZ. Actuaron Amaro Freitas, Sidiel Vieira, Rodrigo Digao Brez\" width=\"600\" height=\"400\" srcset=\"https:\/\/tomajazz.com\/web\/wp-content\/uploads\/2026\/08\/018-2.jpg 600w, https:\/\/tomajazz.com\/web\/wp-content\/uploads\/2026\/08\/018-2-300x200.jpg 300w, https:\/\/tomajazz.com\/web\/wp-content\/uploads\/2026\/08\/018-2-465x310.jpg 465w\" sizes=\"auto, (max-width: 600px) 100vw, 600px\" \/> <img loading=\"lazy\" decoding=\"async\" class=\"aligncenter size-large wp-image-106487\" title=\"Amaro Freitas Tr\u00edo (49 Festival de Jazz de Vitoria-Gasteiz 2026. 2026-07-13) Por Jos\u00e9 Luis Luna Rocafort [INSTANTZZ AKA Galer\u00eda fotogr\u00e1fica AKA Fotoblog de jazz, impro\u2026 y algo m\u00e1s] Tomajazz 019\" src=\"https:\/\/tomajazz.com\/web\/wp-content\/uploads\/2026\/08\/019-3.jpg\" alt=\"Amaro Freitas Tr\u00edo (49 Festival de Jazz de Vitoria-Gasteiz 2026. 2026-07-13) Por Jos\u00e9 Luis Luna Rocafort [INSTANTZZ AKA Galer\u00eda fotogr\u00e1fica AKA Fotoblog de jazz, impro\u2026 y algo m\u00e1s] - Tomajazz - Amaro Freitas Tr\u00edo actu\u00f3 en el 49 Festival de Jazz de Vitoria-Gasteiz 2026, el 13 de julio de 2026. Jos\u00e9 Luis Luna Rocafort lo retrata en INSTANTZZ. Actuaron Amaro Freitas, Sidiel Vieira, Rodrigo Digao Brez\" width=\"600\" height=\"400\" srcset=\"https:\/\/tomajazz.com\/web\/wp-content\/uploads\/2026\/08\/019-3.jpg 600w, https:\/\/tomajazz.com\/web\/wp-content\/uploads\/2026\/08\/019-3-300x200.jpg 300w, https:\/\/tomajazz.com\/web\/wp-content\/uploads\/2026\/08\/019-3-465x310.jpg 465w\" sizes=\"auto, (max-width: 600px) 100vw, 600px\" \/> <img loading=\"lazy\" decoding=\"async\" class=\"aligncenter size-large wp-image-106488\" title=\"Amaro Freitas Tr\u00edo (49 Festival de Jazz de Vitoria-Gasteiz 2026. 2026-07-13) Por Jos\u00e9 Luis Luna Rocafort [INSTANTZZ AKA Galer\u00eda fotogr\u00e1fica AKA Fotoblog de jazz, impro\u2026 y algo m\u00e1s] Tomajazz 020\" src=\"https:\/\/tomajazz.com\/web\/wp-content\/uploads\/2026\/08\/020-3.jpg\" alt=\"Amaro Freitas Tr\u00edo (49 Festival de Jazz de Vitoria-Gasteiz 2026. 2026-07-13) Por Jos\u00e9 Luis Luna Rocafort [INSTANTZZ AKA Galer\u00eda fotogr\u00e1fica AKA Fotoblog de jazz, impro\u2026 y algo m\u00e1s] - Tomajazz - Amaro Freitas Tr\u00edo actu\u00f3 en el 49 Festival de Jazz de Vitoria-Gasteiz 2026, el 13 de julio de 2026. Jos\u00e9 Luis Luna Rocafort lo retrata en INSTANTZZ. Actuaron Amaro Freitas, Sidiel Vieira, Rodrigo Digao Brez\" width=\"600\" height=\"400\" srcset=\"https:\/\/tomajazz.com\/web\/wp-content\/uploads\/2026\/08\/020-3.jpg 600w, https:\/\/tomajazz.com\/web\/wp-content\/uploads\/2026\/08\/020-3-300x200.jpg 300w, https:\/\/tomajazz.com\/web\/wp-content\/uploads\/2026\/08\/020-3-465x310.jpg 465w\" sizes=\"auto, (max-width: 600px) 100vw, 600px\" \/><\/p>\n<p style=\"text-align: right;\">Tomajazz: \u00a9 <strong><a href=\"https:\/\/www.facebook.com\/joseluis.lunarocafort\" target=\"_blank\" rel=\"noopener\">Jos\u00e9 Luis Luna Rocafort<\/a><\/strong>, 2026<\/p>\n<h3>M\u00e1s informaci\u00f3n sobre Amaro Freitas y el Festival de Jazz de Vitoria &#8211; Gasteiz 2026<\/h3>\n<p><a href=\"https:\/\/amarofreitas.com\/\" target=\"_blank\" rel=\"noopener\">https:\/\/amarofreitas.com\/<\/a><\/p>\n<p><a href=\"https:\/\/tomajazz.com\/web\/?s=amaro+freitas&amp;submit=Search\" target=\"_blank\" rel=\"noopener\">https:\/\/tomajazz.com\/web\/?s=amaro+freitas&amp;submit=Search<\/a><\/p>\n<p><a href=\"https:\/\/jazzvitoria.com\/\" target=\"_blank\" rel=\"noopener\">https:\/\/jazzvitoria.com\/<\/a><\/p>\n<p><a href=\"https:\/\/tomajazz.com\/web\/?s=jorge+pardo&amp;submit=Search\" target=\"_blank\" rel=\"noopener\">https:\/\/tomajazz.com\/web\/?s=jorge+pardo&amp;submit=Search<\/a><\/p>\n<h3>Festival de Jazz de Vitoria &#8211; Gasteiz 2026 en Tomajazz<\/h3>\n<p>&nbsp;<\/p>\n<h3>Jos\u00e9 Luis Luna Rocafort en Tomajazz&#8230; y m\u00e1s all\u00e1&#8230;<\/h3>\n<p><a href=\"https:\/\/tomajazz.com\/web\/?cat=17846\" target=\"_blank\" rel=\"noopener\">https:\/\/tomajazz.com\/web\/?cat=17846<\/a><\/p>\n<p><a href=\"https:\/\/tomajazz.com\/web\/category\/jose-luis-luna-rocafort\/\" target=\"_blank\" rel=\"noopener\">https:\/\/tomajazz.com\/web\/category\/jose-luis-luna-rocafort\/<\/a><\/p>\n<p><a href=\"https:\/\/www.facebook.com\/joseluis.lunarocafort\" target=\"_blank\" rel=\"noopener\">https:\/\/www.facebook.com\/joseluis.lunarocafort<\/a><\/p>\n<p><a href=\"https:\/\/www.instagram.com\/jose.luis.luna.rocafort\/\" target=\"_blank\" rel=\"noopener\">https:\/\/www.instagram.com\/jose.luis.luna.rocafort\/<\/a><\/p>\n","protected":false},"excerpt":{"rendered":"<p>Amaro Freitas Tr\u00edo actu\u00f3 en el 49 Festival de Jazz de Vitoria-Gasteiz 2026, el 13 de julio de 2026. Jos\u00e9 Luis Luna Rocafort lo retrata en INSTANTZZ. Actuaron Amaro Freitas, Sidiel Vieira, Rodrigo Digao Brez<span class=\"more-link\"><a href=\"https:\/\/tomajazz.com\/web\/amaro-freitas-trio-vitoria-2026\/\">Contin\u00faa leyendo<\/a><\/span><\/p>\n","protected":false},"author":1,"featured_media":106488,"comment_status":"open","ping_status":"closed","sticky":false,"template":"","format":"standard","meta":{"_jetpack_newsletter_access":"","_jetpack_dont_email_post_to_subs":false,"_jetpack_newsletter_tier_id":0,"_jetpack_memberships_contains_paywalled_content":false,"_jetpack_feature_clip_id":0,"_jetpack_memberships_contains_paid_content":false,"footnotes":"","jetpack_post_was_ever_published":false},"categories":[17846,33431,11262,15516,11261,1038],"tags":[27226,33434,10088,33433,33432],"class_list":["entry","author-pachi","has-excerpt","post-106468","post","type-post","status-publish","format-standard","has-post-thumbnail","category-jose-luis-luna-rocafort","category-49-festival-de-jazz-de-vitoria-gasteiz-2026","category-photoblogs","category-imagenes","category-instantzz","category-contenidos","tag-amaro-freitas","tag-amaro-freitas-trio","tag-jose-luis-luna-rocafort","tag-rodrigo-digao-brez","tag-sidiel-vieira"],"jetpack_likes_enabled":true,"jetpack_sharing_enabled":true,"jetpack-related-posts":[{"id":106797,"url":"https:\/\/tomajazz.com\/web\/gasteiz-big-band-vitoria-2026\/","url_meta":{"origin":106468,"position":0},"title":"Gasteiz Big Band (49 Festival de Jazz de Vitoria-Gasteiz 2026. 2026-07-11) Por Jos\u00e9 Luis Luna Rocafort [INSTANTZZ AKA Galer\u00eda fotogr\u00e1fica AKA Fotoblog de jazz, impro\u2026 y algo m\u00e1s]","author":"Tomajazz","date":"27 agosto, 2026","format":false,"excerpt":"Gasteiz Big Band actu\u00f3 en el 49 Festival de Jazz de Vitoria-Gasteiz 2026. Jos\u00e9 Luis Luna Rocafort lo retrata en INSTANTZZ","rel":"","context":"En \u00ab49 Festival de Jazz de Vitoria-Gasteiz 2026\u00bb","block_context":{"text":"49 Festival de Jazz de Vitoria-Gasteiz 2026","link":"https:\/\/tomajazz.com\/web\/category\/contenidos\/especial-contenidos\/49-festival-de-jazz-de-vitoria-gasteiz-2026\/"},"img":{"alt_text":"Gasteiz Big Band (49 Festival de Jazz de Vitoria-Gasteiz 2026. 2026-07-11) Por Jos\u00e9 Luis Luna Rocafort [INSTANTZZ AKA Galer\u00eda fotogr\u00e1fica AKA Fotoblog de jazz, impro\u2026 y algo m\u00e1s] - Tomajazz - Gasteiz Big Band actu\u00f3 en el 49 Festival de Jazz de Vitoria-Gasteiz 2026. Jos\u00e9 Luis Luna Rocafort lo retrata en INSTANTZZ","src":"https:\/\/i0.wp.com\/tomajazz.com\/web\/wp-content\/uploads\/2026\/08\/014-12.jpg?resize=350%2C200&ssl=1","width":350,"height":200,"srcset":"https:\/\/i0.wp.com\/tomajazz.com\/web\/wp-content\/uploads\/2026\/08\/014-12.jpg?resize=350%2C200&ssl=1 1x, https:\/\/i0.wp.com\/tomajazz.com\/web\/wp-content\/uploads\/2026\/08\/014-12.jpg?resize=525%2C300&ssl=1 1.5x"},"classes":[]},{"id":106944,"url":"https:\/\/tomajazz.com\/web\/sedajazz-jove-big-band-vitoria-2026\/","url_meta":{"origin":106468,"position":1},"title":"Sedajazz Jove Big Band (49 Festival de Jazz de Vitoria-Gasteiz 2026. 2026-07-11) Por Jos\u00e9 Luis Luna Rocafort [INSTANTZZ AKA Galer\u00eda fotogr\u00e1fica AKA Fotoblog de jazz, impro\u2026 y algo m\u00e1s]","author":"Tomajazz","date":"2 septiembre, 2026","format":false,"excerpt":"Sedajazz Jove Big Band actu\u00f3 en el 49 Festival de Jazz de Vitoria-Gasteiz 2026. Jos\u00e9 Luis Luna Rocafort lo retrata en INSTANTZZ","rel":"","context":"En \u00ab49 Festival de Jazz de Vitoria-Gasteiz 2026\u00bb","block_context":{"text":"49 Festival de Jazz de Vitoria-Gasteiz 2026","link":"https:\/\/tomajazz.com\/web\/category\/contenidos\/especial-contenidos\/49-festival-de-jazz-de-vitoria-gasteiz-2026\/"},"img":{"alt_text":"Sedajazz Jove Big Band (49 Festival de Jazz de Vitoria-Gasteiz 2026. 2026-07-11) Por Jos\u00e9 Luis Luna Rocafort [INSTANTZZ AKA Galer\u00eda fotogr\u00e1fica AKA Fotoblog de jazz, impro\u2026 y algo m\u00e1s] - Tomajazz - Sedajazz Jove Big Band actu\u00f3 en el 49 Festival de Jazz de Vitoria-Gasteiz 2026. Jos\u00e9 Luis Luna Rocafort lo retrata en INSTANTZZ","src":"https:\/\/i0.wp.com\/tomajazz.com\/web\/wp-content\/uploads\/2026\/09\/013.jpg?resize=350%2C200&ssl=1","width":350,"height":200,"srcset":"https:\/\/i0.wp.com\/tomajazz.com\/web\/wp-content\/uploads\/2026\/09\/013.jpg?resize=350%2C200&ssl=1 1x, https:\/\/i0.wp.com\/tomajazz.com\/web\/wp-content\/uploads\/2026\/09\/013.jpg?resize=525%2C300&ssl=1 1.5x"},"classes":[]},{"id":106737,"url":"https:\/\/tomajazz.com\/web\/new-jazz-underground-vitoria-2026\/","url_meta":{"origin":106468,"position":2},"title":"New Jazz Underground (49 Festival de Jazz de Vitoria-Gasteiz 2026. 2026-07-14) Por Jos\u00e9 Luis Luna Rocafort [INSTANTZZ AKA Galer\u00eda fotogr\u00e1fica AKA Fotoblog de jazz, impro\u2026 y algo m\u00e1s]","author":"Tomajazz","date":"25 agosto, 2026","format":false,"excerpt":"New Jazz Underground actu\u00f3 en el 49 Festival de Jazz de Vitoria-Gasteiz 2026. Jos\u00e9 Luis Luna Rocafort lo retrata en INSTANTZZ. New Jazz Underground son Abdias Armenteros, Sebastian R\u00edos, TJ Reddick","rel":"","context":"En \u00ab49 Festival de Jazz de Vitoria-Gasteiz 2026\u00bb","block_context":{"text":"49 Festival de Jazz de Vitoria-Gasteiz 2026","link":"https:\/\/tomajazz.com\/web\/category\/contenidos\/especial-contenidos\/49-festival-de-jazz-de-vitoria-gasteiz-2026\/"},"img":{"alt_text":"New Jazz Underground (49 Festival de Jazz de Vitoria-Gasteiz 2026. 2026-07-14) Por Jos\u00e9 Luis Luna Rocafort [INSTANTZZ AKA Galer\u00eda fotogr\u00e1fica AKA Fotoblog de jazz, impro\u2026 y algo m\u00e1s] - Tomajazz - New Jazz Underground actu\u00f3 en el 49 Festival de Jazz de Vitoria-Gasteiz 2026. Jos\u00e9 Luis Luna Rocafort lo retrata en INSTANTZZ. New Jazz Underground son Abdias Armenteros, Sebastian R\u00edos, TJ Reddick","src":"https:\/\/i0.wp.com\/tomajazz.com\/web\/wp-content\/uploads\/2026\/08\/010-12.jpg?resize=350%2C200&ssl=1","width":350,"height":200,"srcset":"https:\/\/i0.wp.com\/tomajazz.com\/web\/wp-content\/uploads\/2026\/08\/010-12.jpg?resize=350%2C200&ssl=1 1x, https:\/\/i0.wp.com\/tomajazz.com\/web\/wp-content\/uploads\/2026\/08\/010-12.jpg?resize=525%2C300&ssl=1 1.5x"},"classes":[]},{"id":106565,"url":"https:\/\/tomajazz.com\/web\/rupanco-vitoria-2026\/","url_meta":{"origin":106468,"position":3},"title":"Rupanco (49 Festival de Jazz de Vitoria-Gasteiz 2026. 2026-07-10) Por Jos\u00e9 Luis Luna Rocafort [INSTANTZZ AKA Galer\u00eda fotogr\u00e1fica AKA Fotoblog de jazz, impro\u2026 y algo m\u00e1s]","author":"Tomajazz","date":"18 agosto, 2026","format":false,"excerpt":"Rupanco actu\u00f3 en el 49 Festival de Jazz de Vitoria-Gasteiz 2026. Jos\u00e9 Luis Luna Rocafort lo retrata en INSTANTZZ. Rupanco son Agust\u00edn Chaves, Jon G. Labat, Jorge S\u00e1nchez, Aritza Castro, Aimar Palacios","rel":"","context":"En \u00ab49 Festival de Jazz de Vitoria-Gasteiz 2026\u00bb","block_context":{"text":"49 Festival de Jazz de Vitoria-Gasteiz 2026","link":"https:\/\/tomajazz.com\/web\/category\/contenidos\/especial-contenidos\/49-festival-de-jazz-de-vitoria-gasteiz-2026\/"},"img":{"alt_text":"Rupanco (49 Festival de Jazz de Vitoria-Gasteiz 2026. 2026-07-08) Por Jos\u00e9 Luis Luna Rocafort [INSTANTZZ AKA Galer\u00eda fotogr\u00e1fica AKA Fotoblog de jazz, impro\u2026 y algo m\u00e1s] - Tomajazz - Rupanco actu\u00f3 en el 49 Festival de Jazz de Vitoria-Gasteiz 2026. Jos\u00e9 Luis Luna Rocafort lo retrata en INSTANTZZ. Rupanco son Agust\u00edn Chaves, Jon G. Labat, Jorge S\u00e1nchez, Aritza Castro, Aimar Palacios","src":"https:\/\/i0.wp.com\/tomajazz.com\/web\/wp-content\/uploads\/2026\/08\/002-7.jpg?resize=350%2C200&ssl=1","width":350,"height":200,"srcset":"https:\/\/i0.wp.com\/tomajazz.com\/web\/wp-content\/uploads\/2026\/08\/002-7.jpg?resize=350%2C200&ssl=1 1x, https:\/\/i0.wp.com\/tomajazz.com\/web\/wp-content\/uploads\/2026\/08\/002-7.jpg?resize=525%2C300&ssl=1 1.5x"},"classes":[]},{"id":106877,"url":"https:\/\/tomajazz.com\/web\/iosu-izaguirre-sextet-vitoria-2026\/","url_meta":{"origin":106468,"position":4},"title":"Iosu Izaguirre Sextet (49 Festival de Jazz de Vitoria-Gasteiz 2026. 2026-07-15) Por Jos\u00e9 Luis Luna Rocafort [INSTANTZZ AKA Galer\u00eda fotogr\u00e1fica AKA Fotoblog de jazz, impro\u2026 y algo m\u00e1s]","author":"Tomajazz","date":"31 agosto, 2026","format":false,"excerpt":"Iosu Izaguirre Sextet actu\u00f3 en el 49 Festival de Jazz de Vitoria-Gasteiz 2026, el 15 de julio de 2026. Jos\u00e9 Luis Luna Rocafort lo retrata en INSTANTZZ. Iosu Izaguirre Sextet son Iosu Izaguirre, Pablo Ramos, Rub\u00e9n Salvador, Asier Iturbe, Koldo Uriarte, Aitor Bravo, Virginia de la Casa","rel":"","context":"En \u00ab49 Festival de Jazz de Vitoria-Gasteiz 2026\u00bb","block_context":{"text":"49 Festival de Jazz de Vitoria-Gasteiz 2026","link":"https:\/\/tomajazz.com\/web\/category\/contenidos\/especial-contenidos\/49-festival-de-jazz-de-vitoria-gasteiz-2026\/"},"img":{"alt_text":"Iosu Izaguirre Sextet (49 Festival de Jazz de Vitoria-Gasteiz 2026. 2026-07-15) Por Jos\u00e9 Luis Luna Rocafort [INSTANTZZ AKA Galer\u00eda fotogr\u00e1fica AKA Fotoblog de jazz, impro\u2026 y algo m\u00e1s] - Tomajazz - Iosu Izaguirre Sextet actu\u00f3 en el 49 Festival de Jazz de Vitoria-Gasteiz 2026, el 15 de julio de 2026. Jos\u00e9 Luis Luna Rocafort lo retrata en INSTANTZZ. Iosu Izaguirre Sextet son Iosu Izaguirre, Pablo Ramos, Rub\u00e9n Salvador, Asier Iturbe, Koldo Uriarte, Aitor Bravo, Virginia de la Casa","src":"https:\/\/i0.wp.com\/tomajazz.com\/web\/wp-content\/uploads\/2026\/08\/016-14.jpg?resize=350%2C200&ssl=1","width":350,"height":200,"srcset":"https:\/\/i0.wp.com\/tomajazz.com\/web\/wp-content\/uploads\/2026\/08\/016-14.jpg?resize=350%2C200&ssl=1 1x, https:\/\/i0.wp.com\/tomajazz.com\/web\/wp-content\/uploads\/2026\/08\/016-14.jpg?resize=525%2C300&ssl=1 1.5x"},"classes":[]},{"id":100117,"url":"https:\/\/tomajazz.com\/web\/kenny-barron-trio-vitoria-2025\/","url_meta":{"origin":106468,"position":5},"title":"Kenny Barron Trio (48 Festival de Jazz de Vitoria. 2025-07-18) Por Jos\u00e9 Luis Luna Rocafort [INSTANTZZ AKA Galer\u00eda fotogr\u00e1fica AKA Fotoblog de jazz, impro\u2026 y algo m\u00e1s]","author":"Tomajazz","date":"6 octubre, 2025","format":false,"excerpt":"Kenny Barron Trio actu\u00f3 en el 48 Festival de Jazz de Vitoria. Jos\u00e9 Luis Luna Rocafort lo retrata en INSTANTZZ. Actuaron Kenny Barron, Kiyoshi Kitagawa, Jonathan Blake","rel":"","context":"En \u00ab48 Festival de Jazz de Vitoria 2025\u00bb","block_context":{"text":"48 Festival de Jazz de Vitoria 2025","link":"https:\/\/tomajazz.com\/web\/category\/contenidos\/especial-contenidos\/48-festival-de-jazz-de-vitoria-2025\/"},"img":{"alt_text":"Kenny Barron Trio (48 Festival de Jazz de Vitoria. 2025-07-18) Por Jos\u00e9 Luis Luna Rocafort [INSTANTZZ AKA Galer\u00eda fotogr\u00e1fica AKA Fotoblog de jazz, impro\u2026 y algo m\u00e1s] - Tomajazz - Kenny Barron Trio actu\u00f3 en el 48 Festival de Jazz de Vitoria. Jos\u00e9 Luis Luna Rocafort lo retrata en INSTANTZZ. Actuaron Kenny Barron, Kiyoshi Kitagawa, Jonathan Blake","src":"https:\/\/i0.wp.com\/tomajazz.com\/web\/wp-content\/uploads\/2025\/10\/015-1.jpg?resize=350%2C200&ssl=1","width":350,"height":200,"srcset":"https:\/\/i0.wp.com\/tomajazz.com\/web\/wp-content\/uploads\/2025\/10\/015-1.jpg?resize=350%2C200&ssl=1 1x, https:\/\/i0.wp.com\/tomajazz.com\/web\/wp-content\/uploads\/2025\/10\/015-1.jpg?resize=525%2C300&ssl=1 1.5x"},"classes":[]}],"jetpack_featured_media_url":"https:\/\/tomajazz.com\/web\/wp-content\/uploads\/2026\/08\/020-3.jpg","_links":{"self":[{"href":"https:\/\/tomajazz.com\/web\/wp-json\/wp\/v2\/posts\/106468","targetHints":{"allow":["GET"]}}],"collection":[{"href":"https:\/\/tomajazz.com\/web\/wp-json\/wp\/v2\/posts"}],"about":[{"href":"https:\/\/tomajazz.com\/web\/wp-json\/wp\/v2\/types\/post"}],"author":[{"embeddable":true,"href":"https:\/\/tomajazz.com\/web\/wp-json\/wp\/v2\/users\/1"}],"replies":[{"embeddable":true,"href":"https:\/\/tomajazz.com\/web\/wp-json\/wp\/v2\/comments?post=106468"}],"version-history":[{"count":1,"href":"https:\/\/tomajazz.com\/web\/wp-json\/wp\/v2\/posts\/106468\/revisions"}],"predecessor-version":[{"id":106489,"href":"https:\/\/tomajazz.com\/web\/wp-json\/wp\/v2\/posts\/106468\/revisions\/106489"}],"wp:featuredmedia":[{"embeddable":true,"href":"https:\/\/tomajazz.com\/web\/wp-json\/wp\/v2\/media\/106488"}],"wp:attachment":[{"href":"https:\/\/tomajazz.com\/web\/wp-json\/wp\/v2\/media?parent=106468"}],"wp:term":[{"taxonomy":"category","embeddable":true,"href":"https:\/\/tomajazz.com\/web\/wp-json\/wp\/v2\/categories?post=106468"},{"taxonomy":"post_tag","embeddable":true,"href":"https:\/\/tomajazz.com\/web\/wp-json\/wp\/v2\/tags?post=106468"}],"curies":[{"name":"wp","href":"https:\/\/api.w.org\/{rel}","templated":true}]}}