{"id":106877,"date":"2026-08-31T12:00:42","date_gmt":"2026-08-31T10:00:42","guid":{"rendered":"https:\/\/tomajazz.com\/web\/?p=106877"},"modified":"2026-08-30T21:44:58","modified_gmt":"2026-08-30T19:44:58","slug":"iosu-izaguirre-sextet-vitoria-2026","status":"publish","type":"post","link":"https:\/\/tomajazz.com\/web\/iosu-izaguirre-sextet-vitoria-2026\/","title":{"rendered":"Iosu Izaguirre Sextet (49 Festival de Jazz de Vitoria-Gasteiz 2026. 2026-07-15) Por Jos\u00e9 Luis Luna Rocafort [INSTANTZZ AKA Galer\u00eda fotogr\u00e1fica AKA Fotoblog de jazz, impro\u2026 y algo m\u00e1s]"},"content":{"rendered":"<h3>Iosu Izaguirre Sextet<\/h3>\n<h3>49 Festival de Jazz de Vitoria-Gasteiz 2026<\/h3>\n<ul>\n<li>Fecha: Mi\u00e9rcoles, 15 de julio de 2026. 17:30h.<\/li>\n<li>Lugar: Palacio de Congresos Europa. Vitoria<\/li>\n<li>Grupo:<br \/>\n<b>Iosu Izaguirre Sextet<br \/>\n<\/b>Iosu Izaguirre: contrabajo<br \/>\nPablo Ramos: saxo alto<br \/>\nRub\u00e9n Salvador: trompeta, fliscorno<br \/>\nAsier Iturbe: tromb\u00f3n<br \/>\nKoldo Uriarte: piano<br \/>\nAitor Bravo: bater\u00eda<br \/>\nInvitada:<br \/>\nVirginia de la Casa: voz<\/li>\n<\/ul>\n<p style=\"text-align: center;\"><img loading=\"lazy\" decoding=\"async\" class=\"aligncenter size-full wp-image-106878\" title=\"Iosu Izaguirre Sextet (49 Festival de Jazz de Vitoria-Gasteiz 2026. 2026-07-15) Por Jos\u00e9 Luis Luna Rocafort [INSTANTZZ AKA Galer\u00eda fotogr\u00e1fica AKA Fotoblog de jazz, impro\u2026 y algo m\u00e1s] Tomajazz 001\" src=\"https:\/\/tomajazz.com\/web\/wp-content\/uploads\/2026\/08\/001-16.jpg\" alt=\"Iosu Izaguirre Sextet (49 Festival de Jazz de Vitoria-Gasteiz 2026. 2026-07-15) Por Jos\u00e9 Luis Luna Rocafort [INSTANTZZ AKA Galer\u00eda fotogr\u00e1fica AKA Fotoblog de jazz, impro\u2026 y algo m\u00e1s] - Tomajazz - Iosu Izaguirre Sextet actu\u00f3 en el 49 Festival de Jazz de Vitoria-Gasteiz 2026, el 15 de julio de 2026. Jos\u00e9 Luis Luna Rocafort lo retrata en INSTANTZZ. Iosu Izaguirre Sextet son Iosu Izaguirre, Pablo Ramos, Rub\u00e9n Salvador, Asier Iturbe, Koldo Uriarte, Aitor Bravo, Virginia de la Casa\" width=\"600\" height=\"400\" srcset=\"https:\/\/tomajazz.com\/web\/wp-content\/uploads\/2026\/08\/001-16.jpg 600w, https:\/\/tomajazz.com\/web\/wp-content\/uploads\/2026\/08\/001-16-300x200.jpg 300w, https:\/\/tomajazz.com\/web\/wp-content\/uploads\/2026\/08\/001-16-465x310.jpg 465w\" sizes=\"auto, (max-width: 600px) 100vw, 600px\" \/> <img loading=\"lazy\" decoding=\"async\" class=\"aligncenter size-large wp-image-106879\" title=\"Iosu Izaguirre Sextet (49 Festival de Jazz de Vitoria-Gasteiz 2026. 2026-07-15) Por Jos\u00e9 Luis Luna Rocafort [INSTANTZZ AKA Galer\u00eda fotogr\u00e1fica AKA Fotoblog de jazz, impro\u2026 y algo m\u00e1s] Tomajazz 002\" src=\"https:\/\/tomajazz.com\/web\/wp-content\/uploads\/2026\/08\/002-16.jpg\" alt=\"Iosu Izaguirre Sextet (49 Festival de Jazz de Vitoria-Gasteiz 2026. 2026-07-15) Por Jos\u00e9 Luis Luna Rocafort [INSTANTZZ AKA Galer\u00eda fotogr\u00e1fica AKA Fotoblog de jazz, impro\u2026 y algo m\u00e1s] - Tomajazz - Iosu Izaguirre Sextet actu\u00f3 en el 49 Festival de Jazz de Vitoria-Gasteiz 2026, el 15 de julio de 2026. Jos\u00e9 Luis Luna Rocafort lo retrata en INSTANTZZ. Iosu Izaguirre Sextet son Iosu Izaguirre, Pablo Ramos, Rub\u00e9n Salvador, Asier Iturbe, Koldo Uriarte, Aitor Bravo, Virginia de la Casa\" width=\"600\" height=\"400\" srcset=\"https:\/\/tomajazz.com\/web\/wp-content\/uploads\/2026\/08\/002-16.jpg 600w, https:\/\/tomajazz.com\/web\/wp-content\/uploads\/2026\/08\/002-16-300x200.jpg 300w, https:\/\/tomajazz.com\/web\/wp-content\/uploads\/2026\/08\/002-16-465x310.jpg 465w\" sizes=\"auto, (max-width: 600px) 100vw, 600px\" \/> <img loading=\"lazy\" decoding=\"async\" class=\"aligncenter size-large wp-image-106880\" title=\"Iosu Izaguirre Sextet (49 Festival de Jazz de Vitoria-Gasteiz 2026. 2026-07-15) Por Jos\u00e9 Luis Luna Rocafort [INSTANTZZ AKA Galer\u00eda fotogr\u00e1fica AKA Fotoblog de jazz, impro\u2026 y algo m\u00e1s] Tomajazz 003\" src=\"https:\/\/tomajazz.com\/web\/wp-content\/uploads\/2026\/08\/003-16.jpg\" alt=\"Iosu Izaguirre Sextet (49 Festival de Jazz de Vitoria-Gasteiz 2026. 2026-07-15) Por Jos\u00e9 Luis Luna Rocafort [INSTANTZZ AKA Galer\u00eda fotogr\u00e1fica AKA Fotoblog de jazz, impro\u2026 y algo m\u00e1s] - Tomajazz - Iosu Izaguirre Sextet actu\u00f3 en el 49 Festival de Jazz de Vitoria-Gasteiz 2026, el 15 de julio de 2026. Jos\u00e9 Luis Luna Rocafort lo retrata en INSTANTZZ. Iosu Izaguirre Sextet son Iosu Izaguirre, Pablo Ramos, Rub\u00e9n Salvador, Asier Iturbe, Koldo Uriarte, Aitor Bravo, Virginia de la Casa\" width=\"600\" height=\"400\" srcset=\"https:\/\/tomajazz.com\/web\/wp-content\/uploads\/2026\/08\/003-16.jpg 600w, https:\/\/tomajazz.com\/web\/wp-content\/uploads\/2026\/08\/003-16-300x200.jpg 300w, https:\/\/tomajazz.com\/web\/wp-content\/uploads\/2026\/08\/003-16-465x310.jpg 465w\" sizes=\"auto, (max-width: 600px) 100vw, 600px\" \/> <img loading=\"lazy\" decoding=\"async\" class=\"aligncenter size-large wp-image-106881\" title=\"Iosu Izaguirre Sextet (49 Festival de Jazz de Vitoria-Gasteiz 2026. 2026-07-15) Por Jos\u00e9 Luis Luna Rocafort [INSTANTZZ AKA Galer\u00eda fotogr\u00e1fica AKA Fotoblog de jazz, impro\u2026 y algo m\u00e1s] Tomajazz 004\" src=\"https:\/\/tomajazz.com\/web\/wp-content\/uploads\/2026\/08\/004-16.jpg\" alt=\"Iosu Izaguirre Sextet (49 Festival de Jazz de Vitoria-Gasteiz 2026. 2026-07-15) Por Jos\u00e9 Luis Luna Rocafort [INSTANTZZ AKA Galer\u00eda fotogr\u00e1fica AKA Fotoblog de jazz, impro\u2026 y algo m\u00e1s] - Tomajazz - Iosu Izaguirre Sextet actu\u00f3 en el 49 Festival de Jazz de Vitoria-Gasteiz 2026, el 15 de julio de 2026. Jos\u00e9 Luis Luna Rocafort lo retrata en INSTANTZZ. Iosu Izaguirre Sextet son Iosu Izaguirre, Pablo Ramos, Rub\u00e9n Salvador, Asier Iturbe, Koldo Uriarte, Aitor Bravo, Virginia de la Casa\" width=\"600\" height=\"400\" srcset=\"https:\/\/tomajazz.com\/web\/wp-content\/uploads\/2026\/08\/004-16.jpg 600w, https:\/\/tomajazz.com\/web\/wp-content\/uploads\/2026\/08\/004-16-300x200.jpg 300w, https:\/\/tomajazz.com\/web\/wp-content\/uploads\/2026\/08\/004-16-465x310.jpg 465w\" sizes=\"auto, (max-width: 600px) 100vw, 600px\" \/> <img loading=\"lazy\" decoding=\"async\" class=\"aligncenter size-large wp-image-106882\" title=\"Iosu Izaguirre Sextet (49 Festival de Jazz de Vitoria-Gasteiz 2026. 2026-07-15) Por Jos\u00e9 Luis Luna Rocafort [INSTANTZZ AKA Galer\u00eda fotogr\u00e1fica AKA Fotoblog de jazz, impro\u2026 y algo m\u00e1s] Tomajazz 005\" src=\"https:\/\/tomajazz.com\/web\/wp-content\/uploads\/2026\/08\/005-16.jpg\" alt=\"Iosu Izaguirre Sextet (49 Festival de Jazz de Vitoria-Gasteiz 2026. 2026-07-15) Por Jos\u00e9 Luis Luna Rocafort [INSTANTZZ AKA Galer\u00eda fotogr\u00e1fica AKA Fotoblog de jazz, impro\u2026 y algo m\u00e1s] - Tomajazz - Iosu Izaguirre Sextet actu\u00f3 en el 49 Festival de Jazz de Vitoria-Gasteiz 2026, el 15 de julio de 2026. Jos\u00e9 Luis Luna Rocafort lo retrata en INSTANTZZ. Iosu Izaguirre Sextet son Iosu Izaguirre, Pablo Ramos, Rub\u00e9n Salvador, Asier Iturbe, Koldo Uriarte, Aitor Bravo, Virginia de la Casa\" width=\"600\" height=\"400\" srcset=\"https:\/\/tomajazz.com\/web\/wp-content\/uploads\/2026\/08\/005-16.jpg 600w, https:\/\/tomajazz.com\/web\/wp-content\/uploads\/2026\/08\/005-16-300x200.jpg 300w, https:\/\/tomajazz.com\/web\/wp-content\/uploads\/2026\/08\/005-16-465x310.jpg 465w\" sizes=\"auto, (max-width: 600px) 100vw, 600px\" \/> <img loading=\"lazy\" decoding=\"async\" class=\"aligncenter size-large wp-image-106883\" title=\"Iosu Izaguirre Sextet (49 Festival de Jazz de Vitoria-Gasteiz 2026. 2026-07-15) Por Jos\u00e9 Luis Luna Rocafort [INSTANTZZ AKA Galer\u00eda fotogr\u00e1fica AKA Fotoblog de jazz, impro\u2026 y algo m\u00e1s] Tomajazz 006\" src=\"https:\/\/tomajazz.com\/web\/wp-content\/uploads\/2026\/08\/006-16.jpg\" alt=\"Iosu Izaguirre Sextet (49 Festival de Jazz de Vitoria-Gasteiz 2026. 2026-07-15) Por Jos\u00e9 Luis Luna Rocafort [INSTANTZZ AKA Galer\u00eda fotogr\u00e1fica AKA Fotoblog de jazz, impro\u2026 y algo m\u00e1s] - Tomajazz - Iosu Izaguirre Sextet actu\u00f3 en el 49 Festival de Jazz de Vitoria-Gasteiz 2026, el 15 de julio de 2026. Jos\u00e9 Luis Luna Rocafort lo retrata en INSTANTZZ. Iosu Izaguirre Sextet son Iosu Izaguirre, Pablo Ramos, Rub\u00e9n Salvador, Asier Iturbe, Koldo Uriarte, Aitor Bravo, Virginia de la Casa\" width=\"600\" height=\"400\" srcset=\"https:\/\/tomajazz.com\/web\/wp-content\/uploads\/2026\/08\/006-16.jpg 600w, https:\/\/tomajazz.com\/web\/wp-content\/uploads\/2026\/08\/006-16-300x200.jpg 300w, https:\/\/tomajazz.com\/web\/wp-content\/uploads\/2026\/08\/006-16-465x310.jpg 465w\" sizes=\"auto, (max-width: 600px) 100vw, 600px\" \/> <img loading=\"lazy\" decoding=\"async\" class=\"aligncenter size-large wp-image-106884\" title=\"Iosu Izaguirre Sextet (49 Festival de Jazz de Vitoria-Gasteiz 2026. 2026-07-15) Por Jos\u00e9 Luis Luna Rocafort [INSTANTZZ AKA Galer\u00eda fotogr\u00e1fica AKA Fotoblog de jazz, impro\u2026 y algo m\u00e1s] Tomajazz 007\" src=\"https:\/\/tomajazz.com\/web\/wp-content\/uploads\/2026\/08\/007-16.jpg\" alt=\"Iosu Izaguirre Sextet (49 Festival de Jazz de Vitoria-Gasteiz 2026. 2026-07-15) Por Jos\u00e9 Luis Luna Rocafort [INSTANTZZ AKA Galer\u00eda fotogr\u00e1fica AKA Fotoblog de jazz, impro\u2026 y algo m\u00e1s] - Tomajazz - Iosu Izaguirre Sextet actu\u00f3 en el 49 Festival de Jazz de Vitoria-Gasteiz 2026, el 15 de julio de 2026. Jos\u00e9 Luis Luna Rocafort lo retrata en INSTANTZZ. Iosu Izaguirre Sextet son Iosu Izaguirre, Pablo Ramos, Rub\u00e9n Salvador, Asier Iturbe, Koldo Uriarte, Aitor Bravo, Virginia de la Casa\" width=\"600\" height=\"400\" srcset=\"https:\/\/tomajazz.com\/web\/wp-content\/uploads\/2026\/08\/007-16.jpg 600w, https:\/\/tomajazz.com\/web\/wp-content\/uploads\/2026\/08\/007-16-300x200.jpg 300w, https:\/\/tomajazz.com\/web\/wp-content\/uploads\/2026\/08\/007-16-465x310.jpg 465w\" sizes=\"auto, (max-width: 600px) 100vw, 600px\" \/> <img loading=\"lazy\" decoding=\"async\" class=\"aligncenter size-large wp-image-106885\" title=\"Iosu Izaguirre Sextet (49 Festival de Jazz de Vitoria-Gasteiz 2026. 2026-07-15) Por Jos\u00e9 Luis Luna Rocafort [INSTANTZZ AKA Galer\u00eda fotogr\u00e1fica AKA Fotoblog de jazz, impro\u2026 y algo m\u00e1s] Tomajazz 008\" src=\"https:\/\/tomajazz.com\/web\/wp-content\/uploads\/2026\/08\/008-16.jpg\" alt=\"Iosu Izaguirre Sextet (49 Festival de Jazz de Vitoria-Gasteiz 2026. 2026-07-15) Por Jos\u00e9 Luis Luna Rocafort [INSTANTZZ AKA Galer\u00eda fotogr\u00e1fica AKA Fotoblog de jazz, impro\u2026 y algo m\u00e1s] - Tomajazz - Iosu Izaguirre Sextet actu\u00f3 en el 49 Festival de Jazz de Vitoria-Gasteiz 2026, el 15 de julio de 2026. Jos\u00e9 Luis Luna Rocafort lo retrata en INSTANTZZ. Iosu Izaguirre Sextet son Iosu Izaguirre, Pablo Ramos, Rub\u00e9n Salvador, Asier Iturbe, Koldo Uriarte, Aitor Bravo, Virginia de la Casa\" width=\"400\" height=\"600\" srcset=\"https:\/\/tomajazz.com\/web\/wp-content\/uploads\/2026\/08\/008-16.jpg 400w, https:\/\/tomajazz.com\/web\/wp-content\/uploads\/2026\/08\/008-16-200x300.jpg 200w, https:\/\/tomajazz.com\/web\/wp-content\/uploads\/2026\/08\/008-16-367x550.jpg 367w, https:\/\/tomajazz.com\/web\/wp-content\/uploads\/2026\/08\/008-16-333x500.jpg 333w\" sizes=\"auto, (max-width: 400px) 100vw, 400px\" \/> <img loading=\"lazy\" decoding=\"async\" class=\"aligncenter size-large wp-image-106886\" title=\"Iosu Izaguirre Sextet (49 Festival de Jazz de Vitoria-Gasteiz 2026. 2026-07-15) Por Jos\u00e9 Luis Luna Rocafort [INSTANTZZ AKA Galer\u00eda fotogr\u00e1fica AKA Fotoblog de jazz, impro\u2026 y algo m\u00e1s] Tomajazz 009\" src=\"https:\/\/tomajazz.com\/web\/wp-content\/uploads\/2026\/08\/009-16.jpg\" alt=\"Iosu Izaguirre Sextet (49 Festival de Jazz de Vitoria-Gasteiz 2026. 2026-07-15) Por Jos\u00e9 Luis Luna Rocafort [INSTANTZZ AKA Galer\u00eda fotogr\u00e1fica AKA Fotoblog de jazz, impro\u2026 y algo m\u00e1s] - Tomajazz - Iosu Izaguirre Sextet actu\u00f3 en el 49 Festival de Jazz de Vitoria-Gasteiz 2026, el 15 de julio de 2026. Jos\u00e9 Luis Luna Rocafort lo retrata en INSTANTZZ. Iosu Izaguirre Sextet son Iosu Izaguirre, Pablo Ramos, Rub\u00e9n Salvador, Asier Iturbe, Koldo Uriarte, Aitor Bravo, Virginia de la Casa\" width=\"400\" height=\"600\" srcset=\"https:\/\/tomajazz.com\/web\/wp-content\/uploads\/2026\/08\/009-16.jpg 400w, https:\/\/tomajazz.com\/web\/wp-content\/uploads\/2026\/08\/009-16-200x300.jpg 200w, https:\/\/tomajazz.com\/web\/wp-content\/uploads\/2026\/08\/009-16-367x550.jpg 367w, https:\/\/tomajazz.com\/web\/wp-content\/uploads\/2026\/08\/009-16-333x500.jpg 333w\" sizes=\"auto, (max-width: 400px) 100vw, 400px\" \/> <img loading=\"lazy\" decoding=\"async\" class=\"aligncenter size-large wp-image-106887\" title=\"Iosu Izaguirre Sextet (49 Festival de Jazz de Vitoria-Gasteiz 2026. 2026-07-15) Por Jos\u00e9 Luis Luna Rocafort [INSTANTZZ AKA Galer\u00eda fotogr\u00e1fica AKA Fotoblog de jazz, impro\u2026 y algo m\u00e1s] Tomajazz 010\" src=\"https:\/\/tomajazz.com\/web\/wp-content\/uploads\/2026\/08\/010-16.jpg\" alt=\"Iosu Izaguirre Sextet (49 Festival de Jazz de Vitoria-Gasteiz 2026. 2026-07-15) Por Jos\u00e9 Luis Luna Rocafort [INSTANTZZ AKA Galer\u00eda fotogr\u00e1fica AKA Fotoblog de jazz, impro\u2026 y algo m\u00e1s] - Tomajazz - Iosu Izaguirre Sextet actu\u00f3 en el 49 Festival de Jazz de Vitoria-Gasteiz 2026, el 15 de julio de 2026. Jos\u00e9 Luis Luna Rocafort lo retrata en INSTANTZZ. Iosu Izaguirre Sextet son Iosu Izaguirre, Pablo Ramos, Rub\u00e9n Salvador, Asier Iturbe, Koldo Uriarte, Aitor Bravo, Virginia de la Casa\" width=\"600\" height=\"400\" srcset=\"https:\/\/tomajazz.com\/web\/wp-content\/uploads\/2026\/08\/010-16.jpg 600w, https:\/\/tomajazz.com\/web\/wp-content\/uploads\/2026\/08\/010-16-300x200.jpg 300w, https:\/\/tomajazz.com\/web\/wp-content\/uploads\/2026\/08\/010-16-465x310.jpg 465w\" sizes=\"auto, (max-width: 600px) 100vw, 600px\" \/> <img loading=\"lazy\" decoding=\"async\" class=\"aligncenter size-large wp-image-106888\" title=\"Iosu Izaguirre Sextet (49 Festival de Jazz de Vitoria-Gasteiz 2026. 2026-07-15) Por Jos\u00e9 Luis Luna Rocafort [INSTANTZZ AKA Galer\u00eda fotogr\u00e1fica AKA Fotoblog de jazz, impro\u2026 y algo m\u00e1s] Tomajazz 011\" src=\"https:\/\/tomajazz.com\/web\/wp-content\/uploads\/2026\/08\/011-16.jpg\" alt=\"Iosu Izaguirre Sextet (49 Festival de Jazz de Vitoria-Gasteiz 2026. 2026-07-15) Por Jos\u00e9 Luis Luna Rocafort [INSTANTZZ AKA Galer\u00eda fotogr\u00e1fica AKA Fotoblog de jazz, impro\u2026 y algo m\u00e1s] - Tomajazz - Iosu Izaguirre Sextet actu\u00f3 en el 49 Festival de Jazz de Vitoria-Gasteiz 2026, el 15 de julio de 2026. Jos\u00e9 Luis Luna Rocafort lo retrata en INSTANTZZ. Iosu Izaguirre Sextet son Iosu Izaguirre, Pablo Ramos, Rub\u00e9n Salvador, Asier Iturbe, Koldo Uriarte, Aitor Bravo, Virginia de la Casa\" width=\"600\" height=\"400\" srcset=\"https:\/\/tomajazz.com\/web\/wp-content\/uploads\/2026\/08\/011-16.jpg 600w, https:\/\/tomajazz.com\/web\/wp-content\/uploads\/2026\/08\/011-16-300x200.jpg 300w, https:\/\/tomajazz.com\/web\/wp-content\/uploads\/2026\/08\/011-16-465x310.jpg 465w\" sizes=\"auto, (max-width: 600px) 100vw, 600px\" \/> <img loading=\"lazy\" decoding=\"async\" class=\"aligncenter size-large wp-image-106889\" title=\"Iosu Izaguirre Sextet (49 Festival de Jazz de Vitoria-Gasteiz 2026. 2026-07-15) Por Jos\u00e9 Luis Luna Rocafort [INSTANTZZ AKA Galer\u00eda fotogr\u00e1fica AKA Fotoblog de jazz, impro\u2026 y algo m\u00e1s] Tomajazz 012\" src=\"https:\/\/tomajazz.com\/web\/wp-content\/uploads\/2026\/08\/012-16.jpg\" alt=\"Iosu Izaguirre Sextet (49 Festival de Jazz de Vitoria-Gasteiz 2026. 2026-07-15) Por Jos\u00e9 Luis Luna Rocafort [INSTANTZZ AKA Galer\u00eda fotogr\u00e1fica AKA Fotoblog de jazz, impro\u2026 y algo m\u00e1s] - Tomajazz - Iosu Izaguirre Sextet actu\u00f3 en el 49 Festival de Jazz de Vitoria-Gasteiz 2026, el 15 de julio de 2026. Jos\u00e9 Luis Luna Rocafort lo retrata en INSTANTZZ. Iosu Izaguirre Sextet son Iosu Izaguirre, Pablo Ramos, Rub\u00e9n Salvador, Asier Iturbe, Koldo Uriarte, Aitor Bravo, Virginia de la Casa\" width=\"600\" height=\"400\" srcset=\"https:\/\/tomajazz.com\/web\/wp-content\/uploads\/2026\/08\/012-16.jpg 600w, https:\/\/tomajazz.com\/web\/wp-content\/uploads\/2026\/08\/012-16-300x200.jpg 300w, https:\/\/tomajazz.com\/web\/wp-content\/uploads\/2026\/08\/012-16-465x310.jpg 465w\" sizes=\"auto, (max-width: 600px) 100vw, 600px\" \/> <img loading=\"lazy\" decoding=\"async\" class=\"aligncenter size-large wp-image-106890\" title=\"Iosu Izaguirre Sextet (49 Festival de Jazz de Vitoria-Gasteiz 2026. 2026-07-15) Por Jos\u00e9 Luis Luna Rocafort [INSTANTZZ AKA Galer\u00eda fotogr\u00e1fica AKA Fotoblog de jazz, impro\u2026 y algo m\u00e1s] Tomajazz 013\" src=\"https:\/\/tomajazz.com\/web\/wp-content\/uploads\/2026\/08\/013-14.jpg\" alt=\"Iosu Izaguirre Sextet (49 Festival de Jazz de Vitoria-Gasteiz 2026. 2026-07-15) Por Jos\u00e9 Luis Luna Rocafort [INSTANTZZ AKA Galer\u00eda fotogr\u00e1fica AKA Fotoblog de jazz, impro\u2026 y algo m\u00e1s] - Tomajazz - Iosu Izaguirre Sextet actu\u00f3 en el 49 Festival de Jazz de Vitoria-Gasteiz 2026, el 15 de julio de 2026. Jos\u00e9 Luis Luna Rocafort lo retrata en INSTANTZZ. Iosu Izaguirre Sextet son Iosu Izaguirre, Pablo Ramos, Rub\u00e9n Salvador, Asier Iturbe, Koldo Uriarte, Aitor Bravo, Virginia de la Casa\" width=\"600\" height=\"400\" srcset=\"https:\/\/tomajazz.com\/web\/wp-content\/uploads\/2026\/08\/013-14.jpg 600w, https:\/\/tomajazz.com\/web\/wp-content\/uploads\/2026\/08\/013-14-300x200.jpg 300w, https:\/\/tomajazz.com\/web\/wp-content\/uploads\/2026\/08\/013-14-465x310.jpg 465w\" sizes=\"auto, (max-width: 600px) 100vw, 600px\" \/> <img loading=\"lazy\" decoding=\"async\" class=\"aligncenter size-large wp-image-106891\" title=\"Iosu Izaguirre Sextet (49 Festival de Jazz de Vitoria-Gasteiz 2026. 2026-07-15) Por Jos\u00e9 Luis Luna Rocafort [INSTANTZZ AKA Galer\u00eda fotogr\u00e1fica AKA Fotoblog de jazz, impro\u2026 y algo m\u00e1s] Tomajazz 014\" src=\"https:\/\/tomajazz.com\/web\/wp-content\/uploads\/2026\/08\/014-14.jpg\" alt=\"Iosu Izaguirre Sextet (49 Festival de Jazz de Vitoria-Gasteiz 2026. 2026-07-15) Por Jos\u00e9 Luis Luna Rocafort [INSTANTZZ AKA Galer\u00eda fotogr\u00e1fica AKA Fotoblog de jazz, impro\u2026 y algo m\u00e1s] - Tomajazz - Iosu Izaguirre Sextet actu\u00f3 en el 49 Festival de Jazz de Vitoria-Gasteiz 2026, el 15 de julio de 2026. Jos\u00e9 Luis Luna Rocafort lo retrata en INSTANTZZ. Iosu Izaguirre Sextet son Iosu Izaguirre, Pablo Ramos, Rub\u00e9n Salvador, Asier Iturbe, Koldo Uriarte, Aitor Bravo, Virginia de la Casa\" width=\"600\" height=\"400\" srcset=\"https:\/\/tomajazz.com\/web\/wp-content\/uploads\/2026\/08\/014-14.jpg 600w, https:\/\/tomajazz.com\/web\/wp-content\/uploads\/2026\/08\/014-14-300x200.jpg 300w, https:\/\/tomajazz.com\/web\/wp-content\/uploads\/2026\/08\/014-14-465x310.jpg 465w\" sizes=\"auto, (max-width: 600px) 100vw, 600px\" \/> <img loading=\"lazy\" decoding=\"async\" class=\"aligncenter size-large wp-image-106892\" title=\"Iosu Izaguirre Sextet (49 Festival de Jazz de Vitoria-Gasteiz 2026. 2026-07-15) Por Jos\u00e9 Luis Luna Rocafort [INSTANTZZ AKA Galer\u00eda fotogr\u00e1fica AKA Fotoblog de jazz, impro\u2026 y algo m\u00e1s] Tomajazz 015\" src=\"https:\/\/tomajazz.com\/web\/wp-content\/uploads\/2026\/08\/015-14.jpg\" alt=\"Iosu Izaguirre Sextet (49 Festival de Jazz de Vitoria-Gasteiz 2026. 2026-07-15) Por Jos\u00e9 Luis Luna Rocafort [INSTANTZZ AKA Galer\u00eda fotogr\u00e1fica AKA Fotoblog de jazz, impro\u2026 y algo m\u00e1s] - Tomajazz - Iosu Izaguirre Sextet actu\u00f3 en el 49 Festival de Jazz de Vitoria-Gasteiz 2026, el 15 de julio de 2026. Jos\u00e9 Luis Luna Rocafort lo retrata en INSTANTZZ. Iosu Izaguirre Sextet son Iosu Izaguirre, Pablo Ramos, Rub\u00e9n Salvador, Asier Iturbe, Koldo Uriarte, Aitor Bravo, Virginia de la Casa\" width=\"600\" height=\"400\" srcset=\"https:\/\/tomajazz.com\/web\/wp-content\/uploads\/2026\/08\/015-14.jpg 600w, https:\/\/tomajazz.com\/web\/wp-content\/uploads\/2026\/08\/015-14-300x200.jpg 300w, https:\/\/tomajazz.com\/web\/wp-content\/uploads\/2026\/08\/015-14-465x310.jpg 465w\" sizes=\"auto, (max-width: 600px) 100vw, 600px\" \/> <img loading=\"lazy\" decoding=\"async\" class=\"aligncenter size-large wp-image-106893\" title=\"Iosu Izaguirre Sextet (49 Festival de Jazz de Vitoria-Gasteiz 2026. 2026-07-15) Por Jos\u00e9 Luis Luna Rocafort [INSTANTZZ AKA Galer\u00eda fotogr\u00e1fica AKA Fotoblog de jazz, impro\u2026 y algo m\u00e1s] Tomajazz 016\" src=\"https:\/\/tomajazz.com\/web\/wp-content\/uploads\/2026\/08\/016-14.jpg\" alt=\"Iosu Izaguirre Sextet (49 Festival de Jazz de Vitoria-Gasteiz 2026. 2026-07-15) Por Jos\u00e9 Luis Luna Rocafort [INSTANTZZ AKA Galer\u00eda fotogr\u00e1fica AKA Fotoblog de jazz, impro\u2026 y algo m\u00e1s] - Tomajazz - Iosu Izaguirre Sextet actu\u00f3 en el 49 Festival de Jazz de Vitoria-Gasteiz 2026, el 15 de julio de 2026. Jos\u00e9 Luis Luna Rocafort lo retrata en INSTANTZZ. Iosu Izaguirre Sextet son Iosu Izaguirre, Pablo Ramos, Rub\u00e9n Salvador, Asier Iturbe, Koldo Uriarte, Aitor Bravo, Virginia de la Casa\" width=\"600\" height=\"400\" srcset=\"https:\/\/tomajazz.com\/web\/wp-content\/uploads\/2026\/08\/016-14.jpg 600w, https:\/\/tomajazz.com\/web\/wp-content\/uploads\/2026\/08\/016-14-300x200.jpg 300w, https:\/\/tomajazz.com\/web\/wp-content\/uploads\/2026\/08\/016-14-465x310.jpg 465w\" sizes=\"auto, (max-width: 600px) 100vw, 600px\" \/> <img loading=\"lazy\" decoding=\"async\" class=\"aligncenter size-large wp-image-106894\" title=\"Iosu Izaguirre Sextet (49 Festival de Jazz de Vitoria-Gasteiz 2026. 2026-07-15) Por Jos\u00e9 Luis Luna Rocafort [INSTANTZZ AKA Galer\u00eda fotogr\u00e1fica AKA Fotoblog de jazz, impro\u2026 y algo m\u00e1s] Tomajazz 017\" src=\"https:\/\/tomajazz.com\/web\/wp-content\/uploads\/2026\/08\/017-12.jpg\" alt=\"Iosu Izaguirre Sextet (49 Festival de Jazz de Vitoria-Gasteiz 2026. 2026-07-15) Por Jos\u00e9 Luis Luna Rocafort [INSTANTZZ AKA Galer\u00eda fotogr\u00e1fica AKA Fotoblog de jazz, impro\u2026 y algo m\u00e1s] - Tomajazz - Iosu Izaguirre Sextet actu\u00f3 en el 49 Festival de Jazz de Vitoria-Gasteiz 2026, el 15 de julio de 2026. Jos\u00e9 Luis Luna Rocafort lo retrata en INSTANTZZ. Iosu Izaguirre Sextet son Iosu Izaguirre, Pablo Ramos, Rub\u00e9n Salvador, Asier Iturbe, Koldo Uriarte, Aitor Bravo, Virginia de la Casa\" width=\"600\" height=\"400\" srcset=\"https:\/\/tomajazz.com\/web\/wp-content\/uploads\/2026\/08\/017-12.jpg 600w, https:\/\/tomajazz.com\/web\/wp-content\/uploads\/2026\/08\/017-12-300x200.jpg 300w, https:\/\/tomajazz.com\/web\/wp-content\/uploads\/2026\/08\/017-12-465x310.jpg 465w\" sizes=\"auto, (max-width: 600px) 100vw, 600px\" \/> <img loading=\"lazy\" decoding=\"async\" class=\"aligncenter size-large wp-image-106895\" title=\"Iosu Izaguirre Sextet (49 Festival de Jazz de Vitoria-Gasteiz 2026. 2026-07-15) Por Jos\u00e9 Luis Luna Rocafort [INSTANTZZ AKA Galer\u00eda fotogr\u00e1fica AKA Fotoblog de jazz, impro\u2026 y algo m\u00e1s] Tomajazz 018\" src=\"https:\/\/tomajazz.com\/web\/wp-content\/uploads\/2026\/08\/018-11.jpg\" alt=\"Iosu Izaguirre Sextet (49 Festival de Jazz de Vitoria-Gasteiz 2026. 2026-07-15) Por Jos\u00e9 Luis Luna Rocafort [INSTANTZZ AKA Galer\u00eda fotogr\u00e1fica AKA Fotoblog de jazz, impro\u2026 y algo m\u00e1s] - Tomajazz - Iosu Izaguirre Sextet actu\u00f3 en el 49 Festival de Jazz de Vitoria-Gasteiz 2026, el 15 de julio de 2026. Jos\u00e9 Luis Luna Rocafort lo retrata en INSTANTZZ. Iosu Izaguirre Sextet son Iosu Izaguirre, Pablo Ramos, Rub\u00e9n Salvador, Asier Iturbe, Koldo Uriarte, Aitor Bravo, Virginia de la Casa\" width=\"600\" height=\"400\" srcset=\"https:\/\/tomajazz.com\/web\/wp-content\/uploads\/2026\/08\/018-11.jpg 600w, https:\/\/tomajazz.com\/web\/wp-content\/uploads\/2026\/08\/018-11-300x200.jpg 300w, https:\/\/tomajazz.com\/web\/wp-content\/uploads\/2026\/08\/018-11-465x310.jpg 465w\" sizes=\"auto, (max-width: 600px) 100vw, 600px\" \/> <img loading=\"lazy\" decoding=\"async\" class=\"aligncenter size-large wp-image-106896\" title=\"Iosu Izaguirre Sextet (49 Festival de Jazz de Vitoria-Gasteiz 2026. 2026-07-15) Por Jos\u00e9 Luis Luna Rocafort [INSTANTZZ AKA Galer\u00eda fotogr\u00e1fica AKA Fotoblog de jazz, impro\u2026 y algo m\u00e1s] Tomajazz 019\" src=\"https:\/\/tomajazz.com\/web\/wp-content\/uploads\/2026\/08\/019-11.jpg\" alt=\"Iosu Izaguirre Sextet (49 Festival de Jazz de Vitoria-Gasteiz 2026. 2026-07-15) Por Jos\u00e9 Luis Luna Rocafort [INSTANTZZ AKA Galer\u00eda fotogr\u00e1fica AKA Fotoblog de jazz, impro\u2026 y algo m\u00e1s] - Tomajazz - Iosu Izaguirre Sextet actu\u00f3 en el 49 Festival de Jazz de Vitoria-Gasteiz 2026, el 15 de julio de 2026. Jos\u00e9 Luis Luna Rocafort lo retrata en INSTANTZZ. Iosu Izaguirre Sextet son Iosu Izaguirre, Pablo Ramos, Rub\u00e9n Salvador, Asier Iturbe, Koldo Uriarte, Aitor Bravo, Virginia de la Casa\" width=\"600\" height=\"400\" srcset=\"https:\/\/tomajazz.com\/web\/wp-content\/uploads\/2026\/08\/019-11.jpg 600w, https:\/\/tomajazz.com\/web\/wp-content\/uploads\/2026\/08\/019-11-300x200.jpg 300w, https:\/\/tomajazz.com\/web\/wp-content\/uploads\/2026\/08\/019-11-465x310.jpg 465w\" sizes=\"auto, (max-width: 600px) 100vw, 600px\" \/> <img loading=\"lazy\" decoding=\"async\" class=\"aligncenter size-large wp-image-106897\" title=\"Iosu Izaguirre Sextet (49 Festival de Jazz de Vitoria-Gasteiz 2026. 2026-07-15) Por Jos\u00e9 Luis Luna Rocafort [INSTANTZZ AKA Galer\u00eda fotogr\u00e1fica AKA Fotoblog de jazz, impro\u2026 y algo m\u00e1s] Tomajazz 020\" src=\"https:\/\/tomajazz.com\/web\/wp-content\/uploads\/2026\/08\/020-11.jpg\" alt=\"Iosu Izaguirre Sextet (49 Festival de Jazz de Vitoria-Gasteiz 2026. 2026-07-15) Por Jos\u00e9 Luis Luna Rocafort [INSTANTZZ AKA Galer\u00eda fotogr\u00e1fica AKA Fotoblog de jazz, impro\u2026 y algo m\u00e1s] - Tomajazz - Iosu Izaguirre Sextet actu\u00f3 en el 49 Festival de Jazz de Vitoria-Gasteiz 2026, el 15 de julio de 2026. Jos\u00e9 Luis Luna Rocafort lo retrata en INSTANTZZ. Iosu Izaguirre Sextet son Iosu Izaguirre, Pablo Ramos, Rub\u00e9n Salvador, Asier Iturbe, Koldo Uriarte, Aitor Bravo, Virginia de la Casa\" width=\"600\" height=\"400\" srcset=\"https:\/\/tomajazz.com\/web\/wp-content\/uploads\/2026\/08\/020-11.jpg 600w, https:\/\/tomajazz.com\/web\/wp-content\/uploads\/2026\/08\/020-11-300x200.jpg 300w, https:\/\/tomajazz.com\/web\/wp-content\/uploads\/2026\/08\/020-11-465x310.jpg 465w\" sizes=\"auto, (max-width: 600px) 100vw, 600px\" \/><\/p>\n<p style=\"text-align: right;\">Tomajazz: \u00a9 <strong><a href=\"https:\/\/www.facebook.com\/joseluis.lunarocafort\" target=\"_blank\" rel=\"noopener\">Jos\u00e9 Luis Luna Rocafort<\/a><\/strong>, 2026<\/p>\n<h3>M\u00e1s informaci\u00f3n sobre Iosu Izaguirre y Festival de Jazz de Vitoria &#8211; Gasteiz 2026<\/h3>\n<p><a href=\"https:\/\/www.instagram.com\/iosuizaguirre\/\" target=\"_blank\" rel=\"noopener\">https:\/\/www.instagram.com\/iosuizaguirre\/<\/a><\/p>\n<p><a href=\"https:\/\/tomajazz.com\/web\/?s=iosu+izaguirre&amp;submit=Search\" target=\"_blank\" rel=\"noopener\">https:\/\/tomajazz.com\/web\/?s=iosu+izaguirre&amp;submit=Search<\/a><\/p>\n<p><a href=\"https:\/\/jazzvitoria.com\/\" target=\"_blank\" rel=\"noopener\">https:\/\/jazzvitoria.com\/<\/a><\/p>\n<p><a href=\"https:\/\/tomajazz.com\/web\/?s=fesival+jazz+vitoria&amp;submit=Search\" target=\"_blank\" rel=\"noopener\">https:\/\/tomajazz.com\/web\/?s=fesival+jazz+vitoria&amp;submit=Search<\/a><\/p>\n<h3>Festival de Jazz de Vitoria &#8211; Gasteiz 2026 en Tomajazz<\/h3>\n<blockquote class=\"wp-embedded-content\" data-secret=\"QaLes9HHrp\"><p><a href=\"https:\/\/tomajazz.com\/web\/gasteiz-big-band-vitoria-2026\/\">Gasteiz Big Band (49 Festival de Jazz de Vitoria-Gasteiz 2026. 2026-07-11) Por Jos\u00e9 Luis Luna Rocafort [INSTANTZZ AKA Galer\u00eda fotogr\u00e1fica AKA Fotoblog de jazz, impro\u2026 y algo m\u00e1s]<\/a><\/p><\/blockquote>\n<p><iframe loading=\"lazy\" class=\"wp-embedded-content\" sandbox=\"allow-scripts\" security=\"restricted\" style=\"position: absolute; visibility: hidden;\" title=\"\u00abGasteiz Big Band (49 Festival de Jazz de Vitoria-Gasteiz 2026. 2026-07-11) Por Jos\u00e9 Luis Luna Rocafort [INSTANTZZ AKA Galer\u00eda fotogr\u00e1fica AKA Fotoblog de jazz, impro\u2026 y algo m\u00e1s]\u00bb \u2014 Tomajazz\" src=\"https:\/\/tomajazz.com\/web\/gasteiz-big-band-vitoria-2026\/embed\/#?secret=W7Ng82ORV9#?secret=QaLes9HHrp\" data-secret=\"QaLes9HHrp\" width=\"600\" height=\"338\" frameborder=\"0\" marginwidth=\"0\" marginheight=\"0\" scrolling=\"no\"><\/iframe><\/p>\n<blockquote class=\"wp-embedded-content\" data-secret=\"VyAUlJJHBQ\"><p><a href=\"https:\/\/tomajazz.com\/web\/rupanco-vitoria-2026\/\">Rupanco (49 Festival de Jazz de Vitoria-Gasteiz 2026. 2026-07-10) Por Jos\u00e9 Luis Luna Rocafort [INSTANTZZ AKA Galer\u00eda fotogr\u00e1fica AKA Fotoblog de jazz, impro\u2026 y algo m\u00e1s]<\/a><\/p><\/blockquote>\n<p><iframe loading=\"lazy\" class=\"wp-embedded-content\" sandbox=\"allow-scripts\" security=\"restricted\" style=\"position: absolute; visibility: hidden;\" title=\"\u00abRupanco (49 Festival de Jazz de Vitoria-Gasteiz 2026. 2026-07-10) Por Jos\u00e9 Luis Luna Rocafort [INSTANTZZ AKA Galer\u00eda fotogr\u00e1fica AKA Fotoblog de jazz, impro\u2026 y algo m\u00e1s]\u00bb \u2014 Tomajazz\" src=\"https:\/\/tomajazz.com\/web\/rupanco-vitoria-2026\/embed\/#?secret=2DRHYuUwo8#?secret=VyAUlJJHBQ\" data-secret=\"VyAUlJJHBQ\" width=\"600\" height=\"338\" frameborder=\"0\" marginwidth=\"0\" marginheight=\"0\" scrolling=\"no\"><\/iframe><\/p>\n<blockquote class=\"wp-embedded-content\" data-secret=\"lbdanl0nw6\"><p><a href=\"https:\/\/tomajazz.com\/web\/amaro-freitas-trio-vitoria-2026\/\">Amaro Freitas Tr\u00edo (49 Festival de Jazz de Vitoria-Gasteiz 2026. 2026-07-13) Por Jos\u00e9 Luis Luna Rocafort [INSTANTZZ AKA Galer\u00eda fotogr\u00e1fica AKA Fotoblog de jazz, impro\u2026 y algo m\u00e1s]<\/a><\/p><\/blockquote>\n<p><iframe loading=\"lazy\" class=\"wp-embedded-content\" sandbox=\"allow-scripts\" security=\"restricted\" style=\"position: absolute; visibility: hidden;\" title=\"\u00abAmaro Freitas Tr\u00edo (49 Festival de Jazz de Vitoria-Gasteiz 2026. 2026-07-13) Por Jos\u00e9 Luis Luna Rocafort [INSTANTZZ AKA Galer\u00eda fotogr\u00e1fica AKA Fotoblog de jazz, impro\u2026 y algo m\u00e1s]\u00bb \u2014 Tomajazz\" src=\"https:\/\/tomajazz.com\/web\/amaro-freitas-trio-vitoria-2026\/embed\/#?secret=z1WqNXrOjS#?secret=lbdanl0nw6\" data-secret=\"lbdanl0nw6\" width=\"600\" height=\"338\" frameborder=\"0\" marginwidth=\"0\" marginheight=\"0\" scrolling=\"no\"><\/iframe><\/p>\n<h3>Jos\u00e9 Luis Luna Rocafort en Tomajazz&#8230; y m\u00e1s all\u00e1&#8230;<\/h3>\n<p><a href=\"https:\/\/tomajazz.com\/web\/?cat=17846\" target=\"_blank\" rel=\"noopener\">https:\/\/tomajazz.com\/web\/?cat=17846<\/a><\/p>\n<p><a href=\"https:\/\/tomajazz.com\/web\/category\/jose-luis-luna-rocafort\/\" target=\"_blank\" rel=\"noopener\">https:\/\/tomajazz.com\/web\/category\/jose-luis-luna-rocafort\/<\/a><\/p>\n<p><a href=\"https:\/\/www.facebook.com\/joseluis.lunarocafort\" target=\"_blank\" rel=\"noopener\">https:\/\/www.facebook.com\/joseluis.lunarocafort<\/a><\/p>\n<p><a href=\"https:\/\/www.instagram.com\/jose.luis.luna.rocafort\/\" target=\"_blank\" rel=\"noopener\">https:\/\/www.instagram.com\/jose.luis.luna.rocafort\/<\/a><\/p>\n","protected":false},"excerpt":{"rendered":"<p>Iosu Izaguirre Sextet actu\u00f3 en el 49 Festival de Jazz de Vitoria-Gasteiz 2026, el 15 de julio de 2026. Jos\u00e9 Luis Luna Rocafort lo retrata en INSTANTZZ. Iosu Izaguirre Sextet son Iosu Izaguirre, Pablo Ramos, Rub\u00e9n Salvador, Asier Iturbe, Koldo Uriarte, Aitor Bravo, Virginia de la Casa<span class=\"more-link\"><a href=\"https:\/\/tomajazz.com\/web\/iosu-izaguirre-sextet-vitoria-2026\/\">Contin\u00faa leyendo<\/a><\/span><\/p>\n","protected":false},"author":1,"featured_media":106893,"comment_status":"open","ping_status":"closed","sticky":false,"template":"","format":"standard","meta":{"_jetpack_newsletter_access":"","_jetpack_dont_email_post_to_subs":false,"_jetpack_newsletter_tier_id":0,"_jetpack_memberships_contains_paywalled_content":false,"_jetpack_feature_clip_id":0,"_jetpack_memberships_contains_paid_content":false,"footnotes":"","jetpack_post_was_ever_published":false},"categories":[33431,17846,11262,15516,11261,1038],"tags":[23220,28673,28672,28851,10088,28674,33479,12456,33480],"class_list":["entry","author-pachi","has-excerpt","post-106877","post","type-post","status-publish","format-standard","has-post-thumbnail","category-49-festival-de-jazz-de-vitoria-gasteiz-2026","category-jose-luis-luna-rocafort","category-photoblogs","category-imagenes","category-instantzz","category-contenidos","tag-aitor-bravo","tag-asier-iturbe","tag-iosu-izaguirre","tag-iosu-izaguirre-sextet","tag-jose-luis-luna-rocafort","tag-koldo-uriarte","tag-pablo-ramos","tag-ruben-salvador","tag-virginia-de-la-casa"],"jetpack_likes_enabled":true,"jetpack_sharing_enabled":true,"jetpack-related-posts":[{"id":72991,"url":"https:\/\/tomajazz.com\/web\/iosu-izaguirre-sextet-mingus-moods-jazzx5\/","url_meta":{"origin":106877,"position":0},"title":"\u00abTiempos nuevos, tiempos salvajes\u00bb [Iosu Izaguirre Sextet: Mingus Moods (Errabal Jazz, 2023)] Por Pachi Tapiz. Malditos Jazztardos AKA JazzX5 #585 [Minipodcast de jazz]","author":"Tomajazz","date":"13 abril, 2023","format":false,"excerpt":"En Malditos Jazztardos suena \"Tiempos nuevos, tiempos salvajes\" que aparece en Mingus Moods (Errabal Jazz, 2023), del Iosu Izaguirre Sextet:. JazzX5 es un podcasat de Pachi Tapiz. Malditos Jazztardos es una secci\u00f3n a su vez de JazzX5.","rel":"","context":"En \u00abJazzX5\u00bb","block_context":{"text":"JazzX5","link":"https:\/\/tomajazz.com\/web\/category\/contenidos\/sonidos\/podcast\/jazzx5\/"},"img":{"alt_text":"&#8220;Tiempos nuevos, tiempos salvajes&#8221; [Iosu Izaguirre Sextet: Mingus Moods (Errabal Jazz, 2023)] Por Pachi Tapiz. Malditos Jazztardos AKA JazzX5 #585 [Minipodcast de jazz] - Tomajazz 9.0 - En Malditos Jazztardos suena \"Tiempos nuevos, tiempos salvajes\" que aparece en Mingus Moods (Errabal Jazz, 2023), del Iosu Izaguirre Sextet:. JazzX5 es un podcasat de Pachi Tapiz. Malditos Jazztardos es una secci\u00f3n a su vez de JazzX5.","src":"https:\/\/i0.wp.com\/tomajazz.com\/web\/wp-content\/uploads\/2023\/04\/JazzX5-0585.jpg?resize=350%2C200&ssl=1","width":350,"height":200,"srcset":"https:\/\/i0.wp.com\/tomajazz.com\/web\/wp-content\/uploads\/2023\/04\/JazzX5-0585.jpg?resize=350%2C200&ssl=1 1x, https:\/\/i0.wp.com\/tomajazz.com\/web\/wp-content\/uploads\/2023\/04\/JazzX5-0585.jpg?resize=525%2C300&ssl=1 1.5x, https:\/\/i0.wp.com\/tomajazz.com\/web\/wp-content\/uploads\/2023\/04\/JazzX5-0585.jpg?resize=700%2C400&ssl=1 2x"},"classes":[]},{"id":91237,"url":"https:\/\/tomajazz.com\/web\/big-band-berri-vitoria-2024\/","url_meta":{"origin":106877,"position":1},"title":"Big Band Berri (47 Festival de Jazz de Vitoria &#8211; Gasteiz. 2024-07-15) Por Jos\u00e9 Luis Luna Rocafort [INSTANTZZ AKA Galer\u00eda fotogr\u00e1fica AKA Fotoblog de jazz, impro\u2026 y algo m\u00e1s]","author":"Tomajazz","date":"2 noviembre, 2024","format":false,"excerpt":"Big Band Berri actu\u00f3 en el 47 Festival de Jazz de Vitoria - Gasteiz, el 15 de julio de 2024. Jos\u00e9 Luis Luna Rocafort retrata en INSTANTZZ a la formaci\u00f3n dirigida por Iosu Izaguirre. Actuaron Iosu Izaguirre, Erlantz \u00c1lvarez, Garazi Motoso, I\u00f1igo Oleaga, Javier Esteban, \u00cd\u00f1igo L\u00f3pez de Sosoaga, Javier\u2026","rel":"","context":"En \u00ab47 Festival de Jazz de Vitoria Gasteiz 2024\u00bb","block_context":{"text":"47 Festival de Jazz de Vitoria Gasteiz 2024","link":"https:\/\/tomajazz.com\/web\/category\/contenidos\/especial-contenidos\/47-festival-de-jazz-de-vitoria-gasteiz-2024\/"},"img":{"alt_text":"Big Band Berri (47 Festival de Jazz de Vitoria - Gasteiz. 2024-07-15) Por Jos\u00e9 Luis Luna Rocafort [INSTANTZZ AKA Galer\u00eda fotogr\u00e1fica AKA Fotoblog de jazz, impro\u2026 y algo m\u00e1s] - Tomajazz - Big Band Berri actu\u00f3 en el 47 Festival de Jazz de Vitoria - Gasteiz, el 15 de julio de 2024. Jos\u00e9 Luis Luna Rocafort retrata en INSTANTZZ a la formaci\u00f3n dirigida por Iosu Izaguirre. Actuaron Iosu Izaguirre, Erlantz \u00c1lvarez, Garazi Motoso, I\u00f1igo Oleaga, Javier Esteban, \u00cd\u00f1igo L\u00f3pez de Sosoaga, Javier P\u00e9rez, Gerardo Fitanovic, Jos\u00e9 Manuel Carril, Inhar Mingueza, Inhar Val, Ramiro Luzuriaga, Eider Espartero, Pablo Sanz, H\u00e9ctor Dom\u00ednguez, Gotzon Ascasso, \u00cdtalo Bertolini, Guillermo Lauzurika, Patxi Vicente, Mikel Arce, Jaione Olabe","src":"https:\/\/i0.wp.com\/tomajazz.com\/web\/wp-content\/uploads\/2024\/11\/001.jpg?resize=350%2C200&ssl=1","width":350,"height":200,"srcset":"https:\/\/i0.wp.com\/tomajazz.com\/web\/wp-content\/uploads\/2024\/11\/001.jpg?resize=350%2C200&ssl=1 1x, https:\/\/i0.wp.com\/tomajazz.com\/web\/wp-content\/uploads\/2024\/11\/001.jpg?resize=525%2C300&ssl=1 1.5x"},"classes":[]},{"id":104290,"url":"https:\/\/tomajazz.com\/web\/universos-paralelos-t31-p20-2025-26\/","url_meta":{"origin":106877,"position":2},"title":"Universos Paralelos: emisi\u00f3n 5 de marzo de 2026 (UP.T.31 P.20) [Noticias de jazz]","author":"Tomajazz","date":"5 marzo, 2026","format":false,"excerpt":"Lo nuevo de Iosu Izaguirre es el disco de portada de Universos Paralelos del 5 de marzo de 2026. No es la \u00fanica m\u00fasica seleccionada por Sergio Cabanillas... #Noticiasdejazz","rel":"","context":"En \u00abUniversos Paralelos - UP\u00bb","block_context":{"text":"Universos Paralelos - UP","link":"https:\/\/tomajazz.com\/web\/category\/contenidos\/noticias-2\/universos-paralelos-up\/"},"img":{"alt_text":"Universos Paralelos: emisi\u00f3n 5 de marzo de 2026 (UP.T.31 P.20) [Noticias de jazz] - Tomajazz - Lo nuevo de Iosu Izaguirre es el disco de portada de Universos Paralelos del 5 de marzo de 2026. No es la \u00fanica m\u00fasica seleccionada por Sergio Cabanillas... #Noticiasdejazz","src":"https:\/\/i0.wp.com\/tomajazz.com\/web\/wp-content\/uploads\/2026\/03\/destacada-Iosu-Izaguirre-Ilusio-1080.jpg?resize=350%2C200&ssl=1","width":350,"height":200,"srcset":"https:\/\/i0.wp.com\/tomajazz.com\/web\/wp-content\/uploads\/2026\/03\/destacada-Iosu-Izaguirre-Ilusio-1080.jpg?resize=350%2C200&ssl=1 1x, https:\/\/i0.wp.com\/tomajazz.com\/web\/wp-content\/uploads\/2026\/03\/destacada-Iosu-Izaguirre-Ilusio-1080.jpg?resize=525%2C300&ssl=1 1.5x, https:\/\/i0.wp.com\/tomajazz.com\/web\/wp-content\/uploads\/2026\/03\/destacada-Iosu-Izaguirre-Ilusio-1080.jpg?resize=700%2C400&ssl=1 2x"},"classes":[]},{"id":75179,"url":"https:\/\/tomajazz.com\/web\/universos-paralelos-t28-p36\/","url_meta":{"origin":106877,"position":3},"title":"Universos Paralelos: emisi\u00f3n 22 de junio de 2023 (UP.T.28 P.36) [Noticias de jazz]","author":"Tomajazz","date":"22 junio, 2023","format":false,"excerpt":"Mingus Moods de Iosu Izaguirre Sextet es el disco de portada de Universos Paralelos del 22 de junio de 2023. Adem\u00e1s, suena m\u00fasica de Ant Law & Alex Hitchcock, Walter Smith III, M\u00e1rio Costa,Tim Garland & Jason Rebello, Zs\u00f3fia Boros. UP es un programa de radio de Sergio Cabanillas.","rel":"","context":"En \u00abNoticias\u00bb","block_context":{"text":"Noticias","link":"https:\/\/tomajazz.com\/web\/category\/contenidos\/noticias-2\/"},"img":{"alt_text":"Universos Paralelos: emisi\u00f3n 22 de junio de 2023 (UP.T.28 P.36) [Noticias de jazz] - Tomajazz 9.0 - Mingus Moods de Iosu Izaguirre Sextet es el disco de portada de Universos Paralelos del 22 de junio de 2023. Adem\u00e1s, suena m\u00fasica de Ant Law & Alex Hitchcock, Walter Smith III, M\u00e1rio Costa, Iosu Izaguirre Sextet, Tim Garland & Jason Rebello, Zs\u00f3fia Boros.","src":"https:\/\/i0.wp.com\/tomajazz.com\/web\/wp-content\/uploads\/2023\/06\/Iosu-Izaguirre-Mingus-Moods-Tomajazz-UP.jpg?resize=350%2C200&ssl=1","width":350,"height":200,"srcset":"https:\/\/i0.wp.com\/tomajazz.com\/web\/wp-content\/uploads\/2023\/06\/Iosu-Izaguirre-Mingus-Moods-Tomajazz-UP.jpg?resize=350%2C200&ssl=1 1x, https:\/\/i0.wp.com\/tomajazz.com\/web\/wp-content\/uploads\/2023\/06\/Iosu-Izaguirre-Mingus-Moods-Tomajazz-UP.jpg?resize=525%2C300&ssl=1 1.5x"},"classes":[]},{"id":106797,"url":"https:\/\/tomajazz.com\/web\/gasteiz-big-band-vitoria-2026\/","url_meta":{"origin":106877,"position":4},"title":"Gasteiz Big Band (49 Festival de Jazz de Vitoria-Gasteiz 2026. 2026-07-11) Por Jos\u00e9 Luis Luna Rocafort [INSTANTZZ AKA Galer\u00eda fotogr\u00e1fica AKA Fotoblog de jazz, impro\u2026 y algo m\u00e1s]","author":"Tomajazz","date":"27 agosto, 2026","format":false,"excerpt":"Gasteiz Big Band actu\u00f3 en el 49 Festival de Jazz de Vitoria-Gasteiz 2026. Jos\u00e9 Luis Luna Rocafort lo retrata en INSTANTZZ","rel":"","context":"En \u00ab49 Festival de Jazz de Vitoria-Gasteiz 2026\u00bb","block_context":{"text":"49 Festival de Jazz de Vitoria-Gasteiz 2026","link":"https:\/\/tomajazz.com\/web\/category\/contenidos\/especial-contenidos\/49-festival-de-jazz-de-vitoria-gasteiz-2026\/"},"img":{"alt_text":"Gasteiz Big Band (49 Festival de Jazz de Vitoria-Gasteiz 2026. 2026-07-11) Por Jos\u00e9 Luis Luna Rocafort [INSTANTZZ AKA Galer\u00eda fotogr\u00e1fica AKA Fotoblog de jazz, impro\u2026 y algo m\u00e1s] - Tomajazz - Gasteiz Big Band actu\u00f3 en el 49 Festival de Jazz de Vitoria-Gasteiz 2026. Jos\u00e9 Luis Luna Rocafort lo retrata en INSTANTZZ","src":"https:\/\/i0.wp.com\/tomajazz.com\/web\/wp-content\/uploads\/2026\/08\/014-12.jpg?resize=350%2C200&ssl=1","width":350,"height":200,"srcset":"https:\/\/i0.wp.com\/tomajazz.com\/web\/wp-content\/uploads\/2026\/08\/014-12.jpg?resize=350%2C200&ssl=1 1x, https:\/\/i0.wp.com\/tomajazz.com\/web\/wp-content\/uploads\/2026\/08\/014-12.jpg?resize=525%2C300&ssl=1 1.5x"},"classes":[]},{"id":74221,"url":"https:\/\/tomajazz.com\/web\/jazz-para-ti-jpt102-t05p20\/","url_meta":{"origin":106877,"position":5},"title":"Jazz Para Ti: #JPT103 T05P20 Por Pachi Tapiz [Podcast de jazz]","author":"Tomajazz","date":"31 mayo, 2023","format":false,"excerpt":"En la edici\u00f3n 103 de Jazz Para Ti, Javier L\u00f3pez Jaso nos presenta su nueva grabaci\u00f3n titulada Inmarcesible (Errabal Jazz). Tambi\u00e9n suena m\u00fasica de Santiago de la Muela Versi\u00f3n Original Jazz Orquesta, Duncan Hopkins, Oleandole, Mira Choquette, Kaleidoscope y Iosu Izaguirre Sextet. Jazz Para Ti es un programa de radio\u2026","rel":"","context":"En \u00abJazz Para Ti\u00bb","block_context":{"text":"Jazz Para Ti","link":"https:\/\/tomajazz.com\/web\/category\/contenidos\/sonidos\/podcast\/jazz_para_ti\/"},"img":{"alt_text":"Jazz Para Ti: #JPT103 T05P20 Por Pachi Tapiz [Podcast de jazz] - Tomajazz 9.0 - En la edici\u00f3n 103 de Jazz Para Ti, Javier L\u00f3pez Jaso nos presenta su nueva grabaci\u00f3n titulada Inmarcesible (Errabal Jazz). Tambi\u00e9n suena m\u00fasica de Santiago de la Muela Versi\u00f3n Original Jazz Orquesta, Duncan Hopkins, Oleandole, Mira Choquette, Kaleidoscope y Iosu Izaguirre Sextet. Jazz Para Ti es un programa de radio de Pachi Tapiz.","src":"https:\/\/i0.wp.com\/tomajazz.com\/web\/wp-content\/uploads\/2023\/05\/JazzParaTi-103.jpg?resize=350%2C200&ssl=1","width":350,"height":200,"srcset":"https:\/\/i0.wp.com\/tomajazz.com\/web\/wp-content\/uploads\/2023\/05\/JazzParaTi-103.jpg?resize=350%2C200&ssl=1 1x, https:\/\/i0.wp.com\/tomajazz.com\/web\/wp-content\/uploads\/2023\/05\/JazzParaTi-103.jpg?resize=525%2C300&ssl=1 1.5x, https:\/\/i0.wp.com\/tomajazz.com\/web\/wp-content\/uploads\/2023\/05\/JazzParaTi-103.jpg?resize=700%2C400&ssl=1 2x"},"classes":[]}],"jetpack_featured_media_url":"https:\/\/tomajazz.com\/web\/wp-content\/uploads\/2026\/08\/016-14.jpg","_links":{"self":[{"href":"https:\/\/tomajazz.com\/web\/wp-json\/wp\/v2\/posts\/106877","targetHints":{"allow":["GET"]}}],"collection":[{"href":"https:\/\/tomajazz.com\/web\/wp-json\/wp\/v2\/posts"}],"about":[{"href":"https:\/\/tomajazz.com\/web\/wp-json\/wp\/v2\/types\/post"}],"author":[{"embeddable":true,"href":"https:\/\/tomajazz.com\/web\/wp-json\/wp\/v2\/users\/1"}],"replies":[{"embeddable":true,"href":"https:\/\/tomajazz.com\/web\/wp-json\/wp\/v2\/comments?post=106877"}],"version-history":[{"count":1,"href":"https:\/\/tomajazz.com\/web\/wp-json\/wp\/v2\/posts\/106877\/revisions"}],"predecessor-version":[{"id":106898,"href":"https:\/\/tomajazz.com\/web\/wp-json\/wp\/v2\/posts\/106877\/revisions\/106898"}],"wp:featuredmedia":[{"embeddable":true,"href":"https:\/\/tomajazz.com\/web\/wp-json\/wp\/v2\/media\/106893"}],"wp:attachment":[{"href":"https:\/\/tomajazz.com\/web\/wp-json\/wp\/v2\/media?parent=106877"}],"wp:term":[{"taxonomy":"category","embeddable":true,"href":"https:\/\/tomajazz.com\/web\/wp-json\/wp\/v2\/categories?post=106877"},{"taxonomy":"post_tag","embeddable":true,"href":"https:\/\/tomajazz.com\/web\/wp-json\/wp\/v2\/tags?post=106877"}],"curies":[{"name":"wp","href":"https:\/\/api.w.org\/{rel}","templated":true}]}}