{"id":106902,"date":"2026-09-01T12:00:21","date_gmt":"2026-09-01T10:00:21","guid":{"rendered":"https:\/\/tomajazz.com\/web\/?p=106902"},"modified":"2026-08-31T22:24:16","modified_gmt":"2026-08-31T20:24:16","slug":"leonor-leal-david-lagos-santiago-lara-desvario-flamenco-2026","status":"publish","type":"post","link":"https:\/\/tomajazz.com\/web\/leonor-leal-david-lagos-santiago-lara-desvario-flamenco-2026\/","title":{"rendered":"Leonor Leal \/ David Lagos &#038; Santiago Lara (Desvar\u00edo Flamenco\/ Pla\u00e7a Major Nou Barris, 2026-07-16 \/ Barcelona) [1] Por Joan Cort\u00e8s [Flamencuras AKA INSTANTZZ AKA Galer\u00eda fotogr\u00e1fica AKA Fotoblog de jazz, impro\u2026 y algo m\u00e1s]"},"content":{"rendered":"<h3>Leonor Leal \/ David Lagos &amp; Santiago Lara<\/h3>\n<h3 class=\" loop-title entry-title\">Desvar\u00edo Flamenco Nou Barris 2026<\/h3>\n<ul>\n<li>Fecha: Jueves, 16 de julio de 2026<\/li>\n<li>Lugar: Pla\u00e7a Major Nou Barris (Barcelona)<\/li>\n<li>Grupos:<br \/>\n<strong>Leonor Leal <\/strong>\u201cPorque no me miras, di\u201d (21h30)<br \/>\nLeonor Leal, baile<br \/>\nAntonio Moreno, marimba, bater\u00eda y percusi\u00f3n<br \/>\nJuan Jim\u00e9nez, saxo terno, saxo soprano y cuerno<br \/>\nDavid Lagos, voz -invitado-<br \/>\nSantiago Lara, guitarra -invitado-<br \/>\n<strong>David Lagos &amp; Santiago Lara <\/strong>(23h00)<br \/>\nDavid Lagos, voz<br \/>\nSantiago Lara, guitarra<br \/>\nLeonor Leal, baile -invitada-<br \/>\nAntonio Moreno, marimba, bater\u00eda y percusi\u00f3n -invitado-<br \/>\nJuan Jim\u00e9nez, saxo terno y saxo soprano -invitado-<\/li>\n<\/ul>\n<hr \/>\n<h3><strong>Leonor Leal <\/strong>\u201cPorque no me miras, di\u201d<\/h3>\n<p style=\"text-align: center;\"><img loading=\"lazy\" decoding=\"async\" class=\"aligncenter size-full wp-image-106903\" title=\"Leonor Leal \/ David Lagos &amp; Santiago Lara (Desvar\u00edo Flamenco\/ Pla\u00e7a Major Nou Barris, 2026-07-16 \/ Barcelona) [1] Por Joan Cort\u00e8s [Flamencuras AKA INSTANTZZ AKA Galer\u00eda fotogr\u00e1fica AKA Fotoblog de jazz, impro\u2026 y algo m\u00e1s] Tomajazz 01 Lnr Ll \u00a9Joan Cort\u00e8s 16jll26 Dsvr Flmnc Pl\u00e7 Mjr N Brrs Bcn\" src=\"https:\/\/tomajazz.com\/web\/wp-content\/uploads\/2026\/08\/01-Lnr-Ll-\u00a9Joan-Cortes-16jll26-Dsvr-Flmnc-Plc-Mjr-N-Brrs-Bcn.jpg\" alt=\"Leonor Leal \/ David Lagos &amp; Santiago Lara (Desvar\u00edo Flamenco\/ Pla\u00e7a Major Nou Barris, 2026-07-16 \/ Barcelona) [1] Por Joan Cort\u00e8s [Flamencuras AKA INSTANTZZ AKA Galer\u00eda fotogr\u00e1fica AKA Fotoblog de jazz, impro\u2026 y algo m\u00e1s] - Tomajazz - Leonor Leal \/ David Lagos &amp; Santiago Lara actuaron en Desvar\u00edo Flamenco Nou Barris 2026 de Barcelona. Joan Cort\u00e8s lo retrata en las Flamencuras de INSTANTZZ\" width=\"400\" height=\"600\" srcset=\"https:\/\/tomajazz.com\/web\/wp-content\/uploads\/2026\/08\/01-Lnr-Ll-\u00a9Joan-Cortes-16jll26-Dsvr-Flmnc-Plc-Mjr-N-Brrs-Bcn.jpg 400w, https:\/\/tomajazz.com\/web\/wp-content\/uploads\/2026\/08\/01-Lnr-Ll-\u00a9Joan-Cortes-16jll26-Dsvr-Flmnc-Plc-Mjr-N-Brrs-Bcn-200x300.jpg 200w, https:\/\/tomajazz.com\/web\/wp-content\/uploads\/2026\/08\/01-Lnr-Ll-\u00a9Joan-Cortes-16jll26-Dsvr-Flmnc-Plc-Mjr-N-Brrs-Bcn-367x550.jpg 367w, https:\/\/tomajazz.com\/web\/wp-content\/uploads\/2026\/08\/01-Lnr-Ll-\u00a9Joan-Cortes-16jll26-Dsvr-Flmnc-Plc-Mjr-N-Brrs-Bcn-333x500.jpg 333w\" sizes=\"auto, (max-width: 400px) 100vw, 400px\" \/> <img loading=\"lazy\" decoding=\"async\" class=\"aligncenter size-large wp-image-106904\" title=\"Leonor Leal \/ David Lagos &amp; Santiago Lara (Desvar\u00edo Flamenco\/ Pla\u00e7a Major Nou Barris, 2026-07-16 \/ Barcelona) [1] Por Joan Cort\u00e8s [Flamencuras AKA INSTANTZZ AKA Galer\u00eda fotogr\u00e1fica AKA Fotoblog de jazz, impro\u2026 y algo m\u00e1s] Tomajazz 02 Lnr Ll \u00a9Joan Cort\u00e8s 16jll26 Dsvr Flmnc Pl\u00e7 Mjr N Brrs Bcn\" src=\"https:\/\/tomajazz.com\/web\/wp-content\/uploads\/2026\/08\/02-Lnr-Ll-\u00a9Joan-Cortes-16jll26-Dsvr-Flmnc-Plc-Mjr-N-Brrs-Bcn.jpg\" alt=\"Leonor Leal \/ David Lagos &amp; Santiago Lara (Desvar\u00edo Flamenco\/ Pla\u00e7a Major Nou Barris, 2026-07-16 \/ Barcelona) [1] Por Joan Cort\u00e8s [Flamencuras AKA INSTANTZZ AKA Galer\u00eda fotogr\u00e1fica AKA Fotoblog de jazz, impro\u2026 y algo m\u00e1s] - Tomajazz - Leonor Leal \/ David Lagos &amp; Santiago Lara actuaron en Desvar\u00edo Flamenco Nou Barris 2026 de Barcelona. Joan Cort\u00e8s lo retrata en las Flamencuras de INSTANTZZ\" width=\"600\" height=\"400\" srcset=\"https:\/\/tomajazz.com\/web\/wp-content\/uploads\/2026\/08\/02-Lnr-Ll-\u00a9Joan-Cortes-16jll26-Dsvr-Flmnc-Plc-Mjr-N-Brrs-Bcn.jpg 600w, https:\/\/tomajazz.com\/web\/wp-content\/uploads\/2026\/08\/02-Lnr-Ll-\u00a9Joan-Cortes-16jll26-Dsvr-Flmnc-Plc-Mjr-N-Brrs-Bcn-300x200.jpg 300w, https:\/\/tomajazz.com\/web\/wp-content\/uploads\/2026\/08\/02-Lnr-Ll-\u00a9Joan-Cortes-16jll26-Dsvr-Flmnc-Plc-Mjr-N-Brrs-Bcn-465x310.jpg 465w\" sizes=\"auto, (max-width: 600px) 100vw, 600px\" \/> <img loading=\"lazy\" decoding=\"async\" class=\"aligncenter size-large wp-image-106905\" title=\"Leonor Leal \/ David Lagos &amp; Santiago Lara (Desvar\u00edo Flamenco\/ Pla\u00e7a Major Nou Barris, 2026-07-16 \/ Barcelona) [1] Por Joan Cort\u00e8s [Flamencuras AKA INSTANTZZ AKA Galer\u00eda fotogr\u00e1fica AKA Fotoblog de jazz, impro\u2026 y algo m\u00e1s] Tomajazz 03 Lnr Ll \u00a9Joan Cort\u00e8s 16jll26 Dsvr Flmnc Pl\u00e7 Mjr N Brrs Bcn\" src=\"https:\/\/tomajazz.com\/web\/wp-content\/uploads\/2026\/08\/03-Lnr-Ll-\u00a9Joan-Cortes-16jll26-Dsvr-Flmnc-Plc-Mjr-N-Brrs-Bcn.jpg\" alt=\"Leonor Leal \/ David Lagos &amp; Santiago Lara (Desvar\u00edo Flamenco\/ Pla\u00e7a Major Nou Barris, 2026-07-16 \/ Barcelona) [1] Por Joan Cort\u00e8s [Flamencuras AKA INSTANTZZ AKA Galer\u00eda fotogr\u00e1fica AKA Fotoblog de jazz, impro\u2026 y algo m\u00e1s] - Tomajazz - Leonor Leal \/ David Lagos &amp; Santiago Lara actuaron en Desvar\u00edo Flamenco Nou Barris 2026 de Barcelona. Joan Cort\u00e8s lo retrata en las Flamencuras de INSTANTZZ\" width=\"600\" height=\"400\" srcset=\"https:\/\/tomajazz.com\/web\/wp-content\/uploads\/2026\/08\/03-Lnr-Ll-\u00a9Joan-Cortes-16jll26-Dsvr-Flmnc-Plc-Mjr-N-Brrs-Bcn.jpg 600w, https:\/\/tomajazz.com\/web\/wp-content\/uploads\/2026\/08\/03-Lnr-Ll-\u00a9Joan-Cortes-16jll26-Dsvr-Flmnc-Plc-Mjr-N-Brrs-Bcn-300x200.jpg 300w, https:\/\/tomajazz.com\/web\/wp-content\/uploads\/2026\/08\/03-Lnr-Ll-\u00a9Joan-Cortes-16jll26-Dsvr-Flmnc-Plc-Mjr-N-Brrs-Bcn-465x310.jpg 465w\" sizes=\"auto, (max-width: 600px) 100vw, 600px\" \/> <img loading=\"lazy\" decoding=\"async\" class=\"aligncenter size-large wp-image-106906\" title=\"Leonor Leal \/ David Lagos &amp; Santiago Lara (Desvar\u00edo Flamenco\/ Pla\u00e7a Major Nou Barris, 2026-07-16 \/ Barcelona) [1] Por Joan Cort\u00e8s [Flamencuras AKA INSTANTZZ AKA Galer\u00eda fotogr\u00e1fica AKA Fotoblog de jazz, impro\u2026 y algo m\u00e1s] Tomajazz 04 Lnr Ll \u00a9Joan Cort\u00e8s 16jll26 Dsvr Flmnc Pl\u00e7 Mjr N Brrs Bcn\" src=\"https:\/\/tomajazz.com\/web\/wp-content\/uploads\/2026\/08\/04-Lnr-Ll-\u00a9Joan-Cortes-16jll26-Dsvr-Flmnc-Plc-Mjr-N-Brrs-Bcn.jpg\" alt=\"Leonor Leal \/ David Lagos &amp; Santiago Lara (Desvar\u00edo Flamenco\/ Pla\u00e7a Major Nou Barris, 2026-07-16 \/ Barcelona) [1] Por Joan Cort\u00e8s [Flamencuras AKA INSTANTZZ AKA Galer\u00eda fotogr\u00e1fica AKA Fotoblog de jazz, impro\u2026 y algo m\u00e1s] - Tomajazz - Leonor Leal \/ David Lagos &amp; Santiago Lara actuaron en Desvar\u00edo Flamenco Nou Barris 2026 de Barcelona. Joan Cort\u00e8s lo retrata en las Flamencuras de INSTANTZZ\" width=\"400\" height=\"600\" srcset=\"https:\/\/tomajazz.com\/web\/wp-content\/uploads\/2026\/08\/04-Lnr-Ll-\u00a9Joan-Cortes-16jll26-Dsvr-Flmnc-Plc-Mjr-N-Brrs-Bcn.jpg 400w, https:\/\/tomajazz.com\/web\/wp-content\/uploads\/2026\/08\/04-Lnr-Ll-\u00a9Joan-Cortes-16jll26-Dsvr-Flmnc-Plc-Mjr-N-Brrs-Bcn-200x300.jpg 200w, https:\/\/tomajazz.com\/web\/wp-content\/uploads\/2026\/08\/04-Lnr-Ll-\u00a9Joan-Cortes-16jll26-Dsvr-Flmnc-Plc-Mjr-N-Brrs-Bcn-367x550.jpg 367w, https:\/\/tomajazz.com\/web\/wp-content\/uploads\/2026\/08\/04-Lnr-Ll-\u00a9Joan-Cortes-16jll26-Dsvr-Flmnc-Plc-Mjr-N-Brrs-Bcn-333x500.jpg 333w\" sizes=\"auto, (max-width: 400px) 100vw, 400px\" \/> <img loading=\"lazy\" decoding=\"async\" class=\"aligncenter size-large wp-image-106907\" title=\"Leonor Leal \/ David Lagos &amp; Santiago Lara (Desvar\u00edo Flamenco\/ Pla\u00e7a Major Nou Barris, 2026-07-16 \/ Barcelona) [1] Por Joan Cort\u00e8s [Flamencuras AKA INSTANTZZ AKA Galer\u00eda fotogr\u00e1fica AKA Fotoblog de jazz, impro\u2026 y algo m\u00e1s] Tomajazz 05 Lnr Ll \u00a9Joan Cort\u00e8s 16jll26 Dsvr Flmnc Pl\u00e7 Mjr N Brrs Bcn\" src=\"https:\/\/tomajazz.com\/web\/wp-content\/uploads\/2026\/08\/05-Lnr-Ll-\u00a9Joan-Cortes-16jll26-Dsvr-Flmnc-Plc-Mjr-N-Brrs-Bcn.jpg\" alt=\"Leonor Leal \/ David Lagos &amp; Santiago Lara (Desvar\u00edo Flamenco\/ Pla\u00e7a Major Nou Barris, 2026-07-16 \/ Barcelona) [1] Por Joan Cort\u00e8s [Flamencuras AKA INSTANTZZ AKA Galer\u00eda fotogr\u00e1fica AKA Fotoblog de jazz, impro\u2026 y algo m\u00e1s] - Tomajazz - Leonor Leal \/ David Lagos &amp; Santiago Lara actuaron en Desvar\u00edo Flamenco Nou Barris 2026 de Barcelona. Joan Cort\u00e8s lo retrata en las Flamencuras de INSTANTZZ\" width=\"600\" height=\"400\" srcset=\"https:\/\/tomajazz.com\/web\/wp-content\/uploads\/2026\/08\/05-Lnr-Ll-\u00a9Joan-Cortes-16jll26-Dsvr-Flmnc-Plc-Mjr-N-Brrs-Bcn.jpg 600w, https:\/\/tomajazz.com\/web\/wp-content\/uploads\/2026\/08\/05-Lnr-Ll-\u00a9Joan-Cortes-16jll26-Dsvr-Flmnc-Plc-Mjr-N-Brrs-Bcn-300x200.jpg 300w, https:\/\/tomajazz.com\/web\/wp-content\/uploads\/2026\/08\/05-Lnr-Ll-\u00a9Joan-Cortes-16jll26-Dsvr-Flmnc-Plc-Mjr-N-Brrs-Bcn-465x310.jpg 465w\" sizes=\"auto, (max-width: 600px) 100vw, 600px\" \/> <img loading=\"lazy\" decoding=\"async\" class=\"aligncenter size-large wp-image-106908\" title=\"Leonor Leal \/ David Lagos &amp; Santiago Lara (Desvar\u00edo Flamenco\/ Pla\u00e7a Major Nou Barris, 2026-07-16 \/ Barcelona) [1] Por Joan Cort\u00e8s [Flamencuras AKA INSTANTZZ AKA Galer\u00eda fotogr\u00e1fica AKA Fotoblog de jazz, impro\u2026 y algo m\u00e1s] Tomajazz 06 Lnr Ll \u00a9Joan Cort\u00e8s 16jll26 Dsvr Flmnc Pl\u00e7 Mjr N Brrs Bcn\" src=\"https:\/\/tomajazz.com\/web\/wp-content\/uploads\/2026\/08\/06-Lnr-Ll-\u00a9Joan-Cortes-16jll26-Dsvr-Flmnc-Plc-Mjr-N-Brrs-Bcn.jpg\" alt=\"Leonor Leal \/ David Lagos &amp; Santiago Lara (Desvar\u00edo Flamenco\/ Pla\u00e7a Major Nou Barris, 2026-07-16 \/ Barcelona) [1] Por Joan Cort\u00e8s [Flamencuras AKA INSTANTZZ AKA Galer\u00eda fotogr\u00e1fica AKA Fotoblog de jazz, impro\u2026 y algo m\u00e1s] - Tomajazz - Leonor Leal \/ David Lagos &amp; Santiago Lara actuaron en Desvar\u00edo Flamenco Nou Barris 2026 de Barcelona. Joan Cort\u00e8s lo retrata en las Flamencuras de INSTANTZZ\" width=\"400\" height=\"600\" srcset=\"https:\/\/tomajazz.com\/web\/wp-content\/uploads\/2026\/08\/06-Lnr-Ll-\u00a9Joan-Cortes-16jll26-Dsvr-Flmnc-Plc-Mjr-N-Brrs-Bcn.jpg 400w, https:\/\/tomajazz.com\/web\/wp-content\/uploads\/2026\/08\/06-Lnr-Ll-\u00a9Joan-Cortes-16jll26-Dsvr-Flmnc-Plc-Mjr-N-Brrs-Bcn-200x300.jpg 200w, https:\/\/tomajazz.com\/web\/wp-content\/uploads\/2026\/08\/06-Lnr-Ll-\u00a9Joan-Cortes-16jll26-Dsvr-Flmnc-Plc-Mjr-N-Brrs-Bcn-367x550.jpg 367w, https:\/\/tomajazz.com\/web\/wp-content\/uploads\/2026\/08\/06-Lnr-Ll-\u00a9Joan-Cortes-16jll26-Dsvr-Flmnc-Plc-Mjr-N-Brrs-Bcn-333x500.jpg 333w\" sizes=\"auto, (max-width: 400px) 100vw, 400px\" \/> <img loading=\"lazy\" decoding=\"async\" class=\"aligncenter size-large wp-image-106909\" title=\"Leonor Leal \/ David Lagos &amp; Santiago Lara (Desvar\u00edo Flamenco\/ Pla\u00e7a Major Nou Barris, 2026-07-16 \/ Barcelona) [1] Por Joan Cort\u00e8s [Flamencuras AKA INSTANTZZ AKA Galer\u00eda fotogr\u00e1fica AKA Fotoblog de jazz, impro\u2026 y algo m\u00e1s] Tomajazz 07 Lnr Ll \u00a9Joan Cort\u00e8s 16jll26 Dsvr Flmnc Pl\u00e7 Mjr N Brrs Bcn\" src=\"https:\/\/tomajazz.com\/web\/wp-content\/uploads\/2026\/08\/07-Lnr-Ll-\u00a9Joan-Cortes-16jll26-Dsvr-Flmnc-Plc-Mjr-N-Brrs-Bcn.jpg\" alt=\"Leonor Leal \/ David Lagos &amp; Santiago Lara (Desvar\u00edo Flamenco\/ Pla\u00e7a Major Nou Barris, 2026-07-16 \/ Barcelona) [1] Por Joan Cort\u00e8s [Flamencuras AKA INSTANTZZ AKA Galer\u00eda fotogr\u00e1fica AKA Fotoblog de jazz, impro\u2026 y algo m\u00e1s] - Tomajazz - Leonor Leal \/ David Lagos &amp; Santiago Lara actuaron en Desvar\u00edo Flamenco Nou Barris 2026 de Barcelona. Joan Cort\u00e8s lo retrata en las Flamencuras de INSTANTZZ\" width=\"600\" height=\"400\" srcset=\"https:\/\/tomajazz.com\/web\/wp-content\/uploads\/2026\/08\/07-Lnr-Ll-\u00a9Joan-Cortes-16jll26-Dsvr-Flmnc-Plc-Mjr-N-Brrs-Bcn.jpg 600w, https:\/\/tomajazz.com\/web\/wp-content\/uploads\/2026\/08\/07-Lnr-Ll-\u00a9Joan-Cortes-16jll26-Dsvr-Flmnc-Plc-Mjr-N-Brrs-Bcn-300x200.jpg 300w, https:\/\/tomajazz.com\/web\/wp-content\/uploads\/2026\/08\/07-Lnr-Ll-\u00a9Joan-Cortes-16jll26-Dsvr-Flmnc-Plc-Mjr-N-Brrs-Bcn-465x310.jpg 465w\" sizes=\"auto, (max-width: 600px) 100vw, 600px\" \/> <img loading=\"lazy\" decoding=\"async\" class=\"aligncenter size-large wp-image-106910\" title=\"Leonor Leal \/ David Lagos &amp; Santiago Lara (Desvar\u00edo Flamenco\/ Pla\u00e7a Major Nou Barris, 2026-07-16 \/ Barcelona) [1] Por Joan Cort\u00e8s [Flamencuras AKA INSTANTZZ AKA Galer\u00eda fotogr\u00e1fica AKA Fotoblog de jazz, impro\u2026 y algo m\u00e1s] Tomajazz 08 Lnr Ll \u00a9Joan Cort\u00e8s 16jll26 Dsvr Flmnc Pl\u00e7 Mjr N Brrs Bcn\" src=\"https:\/\/tomajazz.com\/web\/wp-content\/uploads\/2026\/08\/08-Lnr-Ll-\u00a9Joan-Cortes-16jll26-Dsvr-Flmnc-Plc-Mjr-N-Brrs-Bcn.jpg\" alt=\"Leonor Leal \/ David Lagos &amp; Santiago Lara (Desvar\u00edo Flamenco\/ Pla\u00e7a Major Nou Barris, 2026-07-16 \/ Barcelona) [1] Por Joan Cort\u00e8s [Flamencuras AKA INSTANTZZ AKA Galer\u00eda fotogr\u00e1fica AKA Fotoblog de jazz, impro\u2026 y algo m\u00e1s] - Tomajazz - Leonor Leal \/ David Lagos &amp; Santiago Lara actuaron en Desvar\u00edo Flamenco Nou Barris 2026 de Barcelona. Joan Cort\u00e8s lo retrata en las Flamencuras de INSTANTZZ\" width=\"600\" height=\"400\" srcset=\"https:\/\/tomajazz.com\/web\/wp-content\/uploads\/2026\/08\/08-Lnr-Ll-\u00a9Joan-Cortes-16jll26-Dsvr-Flmnc-Plc-Mjr-N-Brrs-Bcn.jpg 600w, https:\/\/tomajazz.com\/web\/wp-content\/uploads\/2026\/08\/08-Lnr-Ll-\u00a9Joan-Cortes-16jll26-Dsvr-Flmnc-Plc-Mjr-N-Brrs-Bcn-300x200.jpg 300w, https:\/\/tomajazz.com\/web\/wp-content\/uploads\/2026\/08\/08-Lnr-Ll-\u00a9Joan-Cortes-16jll26-Dsvr-Flmnc-Plc-Mjr-N-Brrs-Bcn-465x310.jpg 465w\" sizes=\"auto, (max-width: 600px) 100vw, 600px\" \/><\/p>\n<hr \/>\n<h3><strong>David Lagos &amp; Santiago Lara <\/strong><\/h3>\n<p style=\"text-align: center;\"><img loading=\"lazy\" decoding=\"async\" class=\"aligncenter size-large wp-image-106911\" title=\"Leonor Leal \/ David Lagos &amp; Santiago Lara (Desvar\u00edo Flamenco\/ Pla\u00e7a Major Nou Barris, 2026-07-16 \/ Barcelona) [1] Por Joan Cort\u00e8s [Flamencuras AKA INSTANTZZ AKA Galer\u00eda fotogr\u00e1fica AKA Fotoblog de jazz, impro\u2026 y algo m\u00e1s] Tomajazz 09 Lgs Lr \u00a9Joan Cort\u00e8s 16jll26 Dsvr Flmnc Pl\u00e7 Mjr N Brrs Bcn\" src=\"https:\/\/tomajazz.com\/web\/wp-content\/uploads\/2026\/08\/09-Lgs-Lr-\u00a9Joan-Cortes-16jll26-Dsvr-Flmnc-Plc-Mjr-N-Brrs-Bcn.jpg\" alt=\"Leonor Leal \/ David Lagos &amp; Santiago Lara (Desvar\u00edo Flamenco\/ Pla\u00e7a Major Nou Barris, 2026-07-16 \/ Barcelona) [1] Por Joan Cort\u00e8s [Flamencuras AKA INSTANTZZ AKA Galer\u00eda fotogr\u00e1fica AKA Fotoblog de jazz, impro\u2026 y algo m\u00e1s] - Tomajazz - Leonor Leal \/ David Lagos &amp; Santiago Lara actuaron en Desvar\u00edo Flamenco Nou Barris 2026 de Barcelona. Joan Cort\u00e8s lo retrata en las Flamencuras de INSTANTZZ\" width=\"400\" height=\"600\" srcset=\"https:\/\/tomajazz.com\/web\/wp-content\/uploads\/2026\/08\/09-Lgs-Lr-\u00a9Joan-Cortes-16jll26-Dsvr-Flmnc-Plc-Mjr-N-Brrs-Bcn.jpg 400w, https:\/\/tomajazz.com\/web\/wp-content\/uploads\/2026\/08\/09-Lgs-Lr-\u00a9Joan-Cortes-16jll26-Dsvr-Flmnc-Plc-Mjr-N-Brrs-Bcn-200x300.jpg 200w, https:\/\/tomajazz.com\/web\/wp-content\/uploads\/2026\/08\/09-Lgs-Lr-\u00a9Joan-Cortes-16jll26-Dsvr-Flmnc-Plc-Mjr-N-Brrs-Bcn-367x550.jpg 367w, https:\/\/tomajazz.com\/web\/wp-content\/uploads\/2026\/08\/09-Lgs-Lr-\u00a9Joan-Cortes-16jll26-Dsvr-Flmnc-Plc-Mjr-N-Brrs-Bcn-333x500.jpg 333w\" sizes=\"auto, (max-width: 400px) 100vw, 400px\" \/> <img loading=\"lazy\" decoding=\"async\" class=\"aligncenter size-large wp-image-106912\" title=\"Leonor Leal \/ David Lagos &amp; Santiago Lara (Desvar\u00edo Flamenco\/ Pla\u00e7a Major Nou Barris, 2026-07-16 \/ Barcelona) [1] Por Joan Cort\u00e8s [Flamencuras AKA INSTANTZZ AKA Galer\u00eda fotogr\u00e1fica AKA Fotoblog de jazz, impro\u2026 y algo m\u00e1s] Tomajazz 10 Lgs Lr \u00a9Joan Cort\u00e8s 16jll26 Dsvr Flmnc Pl\u00e7 Mjr N Brrs Bcn\" src=\"https:\/\/tomajazz.com\/web\/wp-content\/uploads\/2026\/08\/10-Lgs-Lr-\u00a9Joan-Cortes-16jll26-Dsvr-Flmnc-Plc-Mjr-N-Brrs-Bcn.jpg\" alt=\"Leonor Leal \/ David Lagos &amp; Santiago Lara (Desvar\u00edo Flamenco\/ Pla\u00e7a Major Nou Barris, 2026-07-16 \/ Barcelona) [1] Por Joan Cort\u00e8s [Flamencuras AKA INSTANTZZ AKA Galer\u00eda fotogr\u00e1fica AKA Fotoblog de jazz, impro\u2026 y algo m\u00e1s] - Tomajazz - Leonor Leal \/ David Lagos &amp; Santiago Lara actuaron en Desvar\u00edo Flamenco Nou Barris 2026 de Barcelona. Joan Cort\u00e8s lo retrata en las Flamencuras de INSTANTZZ\" width=\"600\" height=\"400\" srcset=\"https:\/\/tomajazz.com\/web\/wp-content\/uploads\/2026\/08\/10-Lgs-Lr-\u00a9Joan-Cortes-16jll26-Dsvr-Flmnc-Plc-Mjr-N-Brrs-Bcn.jpg 600w, https:\/\/tomajazz.com\/web\/wp-content\/uploads\/2026\/08\/10-Lgs-Lr-\u00a9Joan-Cortes-16jll26-Dsvr-Flmnc-Plc-Mjr-N-Brrs-Bcn-300x200.jpg 300w, https:\/\/tomajazz.com\/web\/wp-content\/uploads\/2026\/08\/10-Lgs-Lr-\u00a9Joan-Cortes-16jll26-Dsvr-Flmnc-Plc-Mjr-N-Brrs-Bcn-465x310.jpg 465w\" sizes=\"auto, (max-width: 600px) 100vw, 600px\" \/> <img loading=\"lazy\" decoding=\"async\" class=\"aligncenter size-large wp-image-106913\" title=\"Leonor Leal \/ David Lagos &amp; Santiago Lara (Desvar\u00edo Flamenco\/ Pla\u00e7a Major Nou Barris, 2026-07-16 \/ Barcelona) [1] Por Joan Cort\u00e8s [Flamencuras AKA INSTANTZZ AKA Galer\u00eda fotogr\u00e1fica AKA Fotoblog de jazz, impro\u2026 y algo m\u00e1s] Tomajazz 11 Lgs Lr \u00a9Joan Cort\u00e8s 16jll26 Dsvr Flmnc Pl\u00e7 Mjr N Brrs Bcn\" src=\"https:\/\/tomajazz.com\/web\/wp-content\/uploads\/2026\/08\/11-Lgs-Lr-\u00a9Joan-Cortes-16jll26-Dsvr-Flmnc-Plc-Mjr-N-Brrs-Bcn.jpg\" alt=\"Leonor Leal \/ David Lagos &amp; Santiago Lara (Desvar\u00edo Flamenco\/ Pla\u00e7a Major Nou Barris, 2026-07-16 \/ Barcelona) [1] Por Joan Cort\u00e8s [Flamencuras AKA INSTANTZZ AKA Galer\u00eda fotogr\u00e1fica AKA Fotoblog de jazz, impro\u2026 y algo m\u00e1s] - Tomajazz - Leonor Leal \/ David Lagos &amp; Santiago Lara actuaron en Desvar\u00edo Flamenco Nou Barris 2026 de Barcelona. Joan Cort\u00e8s lo retrata en las Flamencuras de INSTANTZZ\" width=\"400\" height=\"600\" srcset=\"https:\/\/tomajazz.com\/web\/wp-content\/uploads\/2026\/08\/11-Lgs-Lr-\u00a9Joan-Cortes-16jll26-Dsvr-Flmnc-Plc-Mjr-N-Brrs-Bcn.jpg 400w, https:\/\/tomajazz.com\/web\/wp-content\/uploads\/2026\/08\/11-Lgs-Lr-\u00a9Joan-Cortes-16jll26-Dsvr-Flmnc-Plc-Mjr-N-Brrs-Bcn-200x300.jpg 200w, https:\/\/tomajazz.com\/web\/wp-content\/uploads\/2026\/08\/11-Lgs-Lr-\u00a9Joan-Cortes-16jll26-Dsvr-Flmnc-Plc-Mjr-N-Brrs-Bcn-367x550.jpg 367w, https:\/\/tomajazz.com\/web\/wp-content\/uploads\/2026\/08\/11-Lgs-Lr-\u00a9Joan-Cortes-16jll26-Dsvr-Flmnc-Plc-Mjr-N-Brrs-Bcn-333x500.jpg 333w\" sizes=\"auto, (max-width: 400px) 100vw, 400px\" \/> <img loading=\"lazy\" decoding=\"async\" class=\"aligncenter size-large wp-image-106914\" title=\"Leonor Leal \/ David Lagos &amp; Santiago Lara (Desvar\u00edo Flamenco\/ Pla\u00e7a Major Nou Barris, 2026-07-16 \/ Barcelona) [1] Por Joan Cort\u00e8s [Flamencuras AKA INSTANTZZ AKA Galer\u00eda fotogr\u00e1fica AKA Fotoblog de jazz, impro\u2026 y algo m\u00e1s] Tomajazz 12 Lgs Lr \u00a9Joan Cort\u00e8s 16jll26 Dsvr Flmnc Pl\u00e7 Mjr N Brrs Bcn\" src=\"https:\/\/tomajazz.com\/web\/wp-content\/uploads\/2026\/08\/12-Lgs-Lr-\u00a9Joan-Cortes-16jll26-Dsvr-Flmnc-Plc-Mjr-N-Brrs-Bcn.jpg\" alt=\"Leonor Leal \/ David Lagos &amp; Santiago Lara (Desvar\u00edo Flamenco\/ Pla\u00e7a Major Nou Barris, 2026-07-16 \/ Barcelona) [1] Por Joan Cort\u00e8s [Flamencuras AKA INSTANTZZ AKA Galer\u00eda fotogr\u00e1fica AKA Fotoblog de jazz, impro\u2026 y algo m\u00e1s] - Tomajazz - Leonor Leal \/ David Lagos &amp; Santiago Lara actuaron en Desvar\u00edo Flamenco Nou Barris 2026 de Barcelona. Joan Cort\u00e8s lo retrata en las Flamencuras de INSTANTZZ\" width=\"600\" height=\"400\" srcset=\"https:\/\/tomajazz.com\/web\/wp-content\/uploads\/2026\/08\/12-Lgs-Lr-\u00a9Joan-Cortes-16jll26-Dsvr-Flmnc-Plc-Mjr-N-Brrs-Bcn.jpg 600w, https:\/\/tomajazz.com\/web\/wp-content\/uploads\/2026\/08\/12-Lgs-Lr-\u00a9Joan-Cortes-16jll26-Dsvr-Flmnc-Plc-Mjr-N-Brrs-Bcn-300x200.jpg 300w, https:\/\/tomajazz.com\/web\/wp-content\/uploads\/2026\/08\/12-Lgs-Lr-\u00a9Joan-Cortes-16jll26-Dsvr-Flmnc-Plc-Mjr-N-Brrs-Bcn-465x310.jpg 465w\" sizes=\"auto, (max-width: 600px) 100vw, 600px\" \/> <img loading=\"lazy\" decoding=\"async\" class=\"aligncenter size-large wp-image-106915\" title=\"Leonor Leal \/ David Lagos &amp; Santiago Lara (Desvar\u00edo Flamenco\/ Pla\u00e7a Major Nou Barris, 2026-07-16 \/ Barcelona) [1] Por Joan Cort\u00e8s [Flamencuras AKA INSTANTZZ AKA Galer\u00eda fotogr\u00e1fica AKA Fotoblog de jazz, impro\u2026 y algo m\u00e1s] Tomajazz 13 Lgs Lr \u00a9Joan Cort\u00e8s 16jll26 Dsvr Flmnc Pl\u00e7 Mjr N Brrs Bcn\" src=\"https:\/\/tomajazz.com\/web\/wp-content\/uploads\/2026\/08\/13-Lgs-Lr-\u00a9Joan-Cortes-16jll26-Dsvr-Flmnc-Plc-Mjr-N-Brrs-Bcn.jpg\" alt=\"Leonor Leal \/ David Lagos &amp; Santiago Lara (Desvar\u00edo Flamenco\/ Pla\u00e7a Major Nou Barris, 2026-07-16 \/ Barcelona) [1] Por Joan Cort\u00e8s [Flamencuras AKA INSTANTZZ AKA Galer\u00eda fotogr\u00e1fica AKA Fotoblog de jazz, impro\u2026 y algo m\u00e1s] - Tomajazz - Leonor Leal \/ David Lagos &amp; Santiago Lara actuaron en Desvar\u00edo Flamenco Nou Barris 2026 de Barcelona. Joan Cort\u00e8s lo retrata en las Flamencuras de INSTANTZZ\" width=\"400\" height=\"600\" srcset=\"https:\/\/tomajazz.com\/web\/wp-content\/uploads\/2026\/08\/13-Lgs-Lr-\u00a9Joan-Cortes-16jll26-Dsvr-Flmnc-Plc-Mjr-N-Brrs-Bcn.jpg 400w, https:\/\/tomajazz.com\/web\/wp-content\/uploads\/2026\/08\/13-Lgs-Lr-\u00a9Joan-Cortes-16jll26-Dsvr-Flmnc-Plc-Mjr-N-Brrs-Bcn-200x300.jpg 200w, https:\/\/tomajazz.com\/web\/wp-content\/uploads\/2026\/08\/13-Lgs-Lr-\u00a9Joan-Cortes-16jll26-Dsvr-Flmnc-Plc-Mjr-N-Brrs-Bcn-367x550.jpg 367w, https:\/\/tomajazz.com\/web\/wp-content\/uploads\/2026\/08\/13-Lgs-Lr-\u00a9Joan-Cortes-16jll26-Dsvr-Flmnc-Plc-Mjr-N-Brrs-Bcn-333x500.jpg 333w\" sizes=\"auto, (max-width: 400px) 100vw, 400px\" \/> <img loading=\"lazy\" decoding=\"async\" class=\"aligncenter size-large wp-image-106916\" title=\"Leonor Leal \/ David Lagos &amp; Santiago Lara (Desvar\u00edo Flamenco\/ Pla\u00e7a Major Nou Barris, 2026-07-16 \/ Barcelona) [1] Por Joan Cort\u00e8s [Flamencuras AKA INSTANTZZ AKA Galer\u00eda fotogr\u00e1fica AKA Fotoblog de jazz, impro\u2026 y algo m\u00e1s] Tomajazz 14 Lgs Lr \u00a9Joan Cort\u00e8s 16jll26 Dsvr Flmnc Pl\u00e7 Mjr N Brrs Bcn\" src=\"https:\/\/tomajazz.com\/web\/wp-content\/uploads\/2026\/08\/14-Lgs-Lr-\u00a9Joan-Cortes-16jll26-Dsvr-Flmnc-Plc-Mjr-N-Brrs-Bcn.jpg\" alt=\"Leonor Leal \/ David Lagos &amp; Santiago Lara (Desvar\u00edo Flamenco\/ Pla\u00e7a Major Nou Barris, 2026-07-16 \/ Barcelona) [1] Por Joan Cort\u00e8s [Flamencuras AKA INSTANTZZ AKA Galer\u00eda fotogr\u00e1fica AKA Fotoblog de jazz, impro\u2026 y algo m\u00e1s] - Tomajazz - Leonor Leal \/ David Lagos &amp; Santiago Lara actuaron en Desvar\u00edo Flamenco Nou Barris 2026 de Barcelona. Joan Cort\u00e8s lo retrata en las Flamencuras de INSTANTZZ\" width=\"400\" height=\"600\" srcset=\"https:\/\/tomajazz.com\/web\/wp-content\/uploads\/2026\/08\/14-Lgs-Lr-\u00a9Joan-Cortes-16jll26-Dsvr-Flmnc-Plc-Mjr-N-Brrs-Bcn.jpg 400w, https:\/\/tomajazz.com\/web\/wp-content\/uploads\/2026\/08\/14-Lgs-Lr-\u00a9Joan-Cortes-16jll26-Dsvr-Flmnc-Plc-Mjr-N-Brrs-Bcn-200x300.jpg 200w, https:\/\/tomajazz.com\/web\/wp-content\/uploads\/2026\/08\/14-Lgs-Lr-\u00a9Joan-Cortes-16jll26-Dsvr-Flmnc-Plc-Mjr-N-Brrs-Bcn-367x550.jpg 367w, https:\/\/tomajazz.com\/web\/wp-content\/uploads\/2026\/08\/14-Lgs-Lr-\u00a9Joan-Cortes-16jll26-Dsvr-Flmnc-Plc-Mjr-N-Brrs-Bcn-333x500.jpg 333w\" sizes=\"auto, (max-width: 400px) 100vw, 400px\" \/> <img loading=\"lazy\" decoding=\"async\" class=\"aligncenter size-large wp-image-106917\" title=\"Leonor Leal \/ David Lagos &amp; Santiago Lara (Desvar\u00edo Flamenco\/ Pla\u00e7a Major Nou Barris, 2026-07-16 \/ Barcelona) [1] Por Joan Cort\u00e8s [Flamencuras AKA INSTANTZZ AKA Galer\u00eda fotogr\u00e1fica AKA Fotoblog de jazz, impro\u2026 y algo m\u00e1s] Tomajazz 15 Lgs Lr \u00a9Joan Cort\u00e8s 16jll26 Dsvr Flmnc Pl\u00e7 Mjr N Brrs Bcn\" src=\"https:\/\/tomajazz.com\/web\/wp-content\/uploads\/2026\/08\/15-Lgs-Lr-\u00a9Joan-Cortes-16jll26-Dsvr-Flmnc-Plc-Mjr-N-Brrs-Bcn.jpg\" alt=\"Leonor Leal \/ David Lagos &amp; Santiago Lara (Desvar\u00edo Flamenco\/ Pla\u00e7a Major Nou Barris, 2026-07-16 \/ Barcelona) [1] Por Joan Cort\u00e8s [Flamencuras AKA INSTANTZZ AKA Galer\u00eda fotogr\u00e1fica AKA Fotoblog de jazz, impro\u2026 y algo m\u00e1s] - Tomajazz - Leonor Leal \/ David Lagos &amp; Santiago Lara actuaron en Desvar\u00edo Flamenco Nou Barris 2026 de Barcelona. Joan Cort\u00e8s lo retrata en las Flamencuras de INSTANTZZ\" width=\"400\" height=\"600\" srcset=\"https:\/\/tomajazz.com\/web\/wp-content\/uploads\/2026\/08\/15-Lgs-Lr-\u00a9Joan-Cortes-16jll26-Dsvr-Flmnc-Plc-Mjr-N-Brrs-Bcn.jpg 400w, https:\/\/tomajazz.com\/web\/wp-content\/uploads\/2026\/08\/15-Lgs-Lr-\u00a9Joan-Cortes-16jll26-Dsvr-Flmnc-Plc-Mjr-N-Brrs-Bcn-200x300.jpg 200w, https:\/\/tomajazz.com\/web\/wp-content\/uploads\/2026\/08\/15-Lgs-Lr-\u00a9Joan-Cortes-16jll26-Dsvr-Flmnc-Plc-Mjr-N-Brrs-Bcn-367x550.jpg 367w, https:\/\/tomajazz.com\/web\/wp-content\/uploads\/2026\/08\/15-Lgs-Lr-\u00a9Joan-Cortes-16jll26-Dsvr-Flmnc-Plc-Mjr-N-Brrs-Bcn-333x500.jpg 333w\" sizes=\"auto, (max-width: 400px) 100vw, 400px\" \/> <img loading=\"lazy\" decoding=\"async\" class=\"aligncenter size-large wp-image-106918\" title=\"Leonor Leal \/ David Lagos &amp; Santiago Lara (Desvar\u00edo Flamenco\/ Pla\u00e7a Major Nou Barris, 2026-07-16 \/ Barcelona) [1] Por Joan Cort\u00e8s [Flamencuras AKA INSTANTZZ AKA Galer\u00eda fotogr\u00e1fica AKA Fotoblog de jazz, impro\u2026 y algo m\u00e1s] Tomajazz 16 Lgs Lr \u00a9Joan Cort\u00e8s 16jll26 Dsvr Flmnc Pl\u00e7 Mjr N Brrs Bcn\" src=\"https:\/\/tomajazz.com\/web\/wp-content\/uploads\/2026\/08\/16-Lgs-Lr-\u00a9Joan-Cortes-16jll26-Dsvr-Flmnc-Plc-Mjr-N-Brrs-Bcn.jpg\" alt=\"Leonor Leal \/ David Lagos &amp; Santiago Lara (Desvar\u00edo Flamenco\/ Pla\u00e7a Major Nou Barris, 2026-07-16 \/ Barcelona) [1] Por Joan Cort\u00e8s [Flamencuras AKA INSTANTZZ AKA Galer\u00eda fotogr\u00e1fica AKA Fotoblog de jazz, impro\u2026 y algo m\u00e1s] - Tomajazz - Leonor Leal \/ David Lagos &amp; Santiago Lara actuaron en Desvar\u00edo Flamenco Nou Barris 2026 de Barcelona. Joan Cort\u00e8s lo retrata en las Flamencuras de INSTANTZZ\" width=\"600\" height=\"400\" srcset=\"https:\/\/tomajazz.com\/web\/wp-content\/uploads\/2026\/08\/16-Lgs-Lr-\u00a9Joan-Cortes-16jll26-Dsvr-Flmnc-Plc-Mjr-N-Brrs-Bcn.jpg 600w, https:\/\/tomajazz.com\/web\/wp-content\/uploads\/2026\/08\/16-Lgs-Lr-\u00a9Joan-Cortes-16jll26-Dsvr-Flmnc-Plc-Mjr-N-Brrs-Bcn-300x200.jpg 300w, https:\/\/tomajazz.com\/web\/wp-content\/uploads\/2026\/08\/16-Lgs-Lr-\u00a9Joan-Cortes-16jll26-Dsvr-Flmnc-Plc-Mjr-N-Brrs-Bcn-465x310.jpg 465w\" sizes=\"auto, (max-width: 600px) 100vw, 600px\" \/><\/p>\n<p style=\"text-align: right;\">Tomajazz: Fotograf\u00edas: \u00a9 <a href=\"https:\/\/www.facebook.com\/joan.cortesbenages\" target=\"_blank\" rel=\"noopener\"><strong>Joan Cort\u00e8s<\/strong><\/a>, 2026<\/p>\n<h3>M\u00e1s informaci\u00f3n de\u00a0Desvar\u00edo Flamenco Nou Barris 2026<\/h3>\n<p><a href=\"https:\/\/www.desvarioflamenco.com\/\" target=\"_blank\" rel=\"noopener\">https:\/\/www.desvarioflamenco.com\/<\/a><\/p>\n<p><a href=\"https:\/\/tomajazz.com\/web\/?s=desvario+flamenco&amp;submit=Search\" target=\"_blank\" rel=\"noopener\">https:\/\/tomajazz.com\/web\/?s=desvario+flamenco&amp;submit=Search<\/a><\/p>\n<h3>Joan Cort\u00e8s en Tomajazz<\/h3>\n<p><a href=\"https:\/\/tomajazz.com\/web\/category\/joan-cortes\/\" target=\"_blank\" rel=\"noopener\">https:\/\/tomajazz.com\/web\/category\/joan-cortes\/<\/a><\/p>\n","protected":false},"excerpt":{"rendered":"<p>Leonor Leal \/ David Lagos &#038; Santiago Lara actuaron en Desvar\u00edo Flamenco Nou Barris 2026 de Barcelona. Joan Cort\u00e8s lo retrata en las Flamencuras de INSTANTZZ <span class=\"more-link\"><a href=\"https:\/\/tomajazz.com\/web\/leonor-leal-david-lagos-santiago-lara-desvario-flamenco-2026\/\">Contin\u00faa leyendo<\/a><\/span><\/p>\n","protected":false},"author":1,"featured_media":106919,"comment_status":"open","ping_status":"closed","sticky":false,"template":"","format":"standard","meta":{"_jetpack_newsletter_access":"","_jetpack_dont_email_post_to_subs":false,"_jetpack_newsletter_tier_id":0,"_jetpack_memberships_contains_paywalled_content":false,"_jetpack_feature_clip_id":0,"_jetpack_memberships_contains_paid_content":false,"footnotes":"","jetpack_post_was_ever_published":false},"categories":[21243,17853,33481,11262,15516,11261,1038],"tags":[1041],"class_list":["entry","author-pachi","has-excerpt","post-106902","post","type-post","status-publish","format-standard","has-post-thumbnail","category-flamencuras","category-joan-cortes","category-desvario-flamenco-nou-barris-2026","category-photoblogs","category-imagenes","category-instantzz","category-contenidos","tag-joan-cortes"],"jetpack_likes_enabled":true,"jetpack_sharing_enabled":true,"jetpack-related-posts":[{"id":58002,"url":"https:\/\/tomajazz.com\/web\/instantzz-leonor-leal-antonio-moreno-flamenco-a-nou-barris-21-desvario-pati-de-la-seu-del-districte-de-nou-barris-barcelona-2021-09-19-ii-iv-flamencura-aka-galeria-fotografica-aka-fotobl\/","url_meta":{"origin":106902,"position":0},"title":"INSTANTZZ: Leonor Leal &#038; Antonio Moreno [Flamenco a Nou Barris 21: Desvar\u00edo \/ Pati de la Seu del Districte de Nou Barris, Barcelona.  2021-09-19 (II\/IV)] [Flamencura AKA Galer\u00eda fotogr\u00e1fica AKA Fotoblog de jazz, impro\u2026 y algo m\u00e1s] Por Joan Cort\u00e8s","author":"Tomajazz","date":"21 octubre, 2021","format":false,"excerpt":"En INSTANTZZ, la segunda Flamencura de Joan Cort\u00e8s tomada en el ciclo Flamenco a Nou Barris 21. Los protagonistas son Leonor Leal & Antonio Moreno, m\u00e1s David Lagos que actu\u00f3 como invitado especial en un tema.","rel":"","context":"En \u00abFlamencuras\u00bb","block_context":{"text":"Flamencuras","link":"https:\/\/tomajazz.com\/web\/category\/contenidos\/imagenes\/photoblogs\/flamencuras\/"},"img":{"alt_text":"","src":"https:\/\/i0.wp.com\/tomajazz.com\/web\/wp-content\/uploads\/2021\/10\/08_Lnr-Ll-ntn-Mrn-Joan-Cortes_19set21_Pt-S-Dstrct-N-Brrs_Bcn.jpg?resize=350%2C200&ssl=1","width":350,"height":200,"srcset":"https:\/\/i0.wp.com\/tomajazz.com\/web\/wp-content\/uploads\/2021\/10\/08_Lnr-Ll-ntn-Mrn-Joan-Cortes_19set21_Pt-S-Dstrct-N-Brrs_Bcn.jpg?resize=350%2C200&ssl=1 1x, https:\/\/i0.wp.com\/tomajazz.com\/web\/wp-content\/uploads\/2021\/10\/08_Lnr-Ll-ntn-Mrn-Joan-Cortes_19set21_Pt-S-Dstrct-N-Brrs_Bcn.jpg?resize=525%2C300&ssl=1 1.5x"},"classes":[]},{"id":57938,"url":"https:\/\/tomajazz.com\/web\/instantzz-david-lagos-alfredo-lagos-flamenco-a-nou-barris-2021-pati-de-la-seu-del-districte-de-nou-barris-barcelona-2021-09-19-i-iv-flamencura-aka-galeria-fotografica-aka-fotoblog-de-jaz\/","url_meta":{"origin":106902,"position":1},"title":"INSTANTZZ: David Lagos &#038; Alfredo Lagos [Flamenco a Nou Barris 2021 \/ Pati de la Seu del Districte de Nou Barris, Barcelona.  2021-09-19 (I\/IV)] [Flamencura AKA Galer\u00eda fotogr\u00e1fica AKA Fotoblog de jazz, impro\u2026 y algo m\u00e1s] Por Joan Cort\u00e8s","author":"Tomajazz","date":"19 octubre, 2021","format":false,"excerpt":"David Lagos y Alfredo Lagos son los protagonistas de una nueva Flamencura de Joan Cort\u00e8s en INSTANTZZ.","rel":"","context":"En \u00abFlamencuras\u00bb","block_context":{"text":"Flamencuras","link":"https:\/\/tomajazz.com\/web\/category\/contenidos\/imagenes\/photoblogs\/flamencuras\/"},"img":{"alt_text":"","src":"https:\/\/i0.wp.com\/tomajazz.com\/web\/wp-content\/uploads\/2021\/10\/07_Dvd-lfrd-Lgs-Joan-Cortes_19set21_Flmnc-N-Brrs_Bcn.jpg?resize=350%2C200&ssl=1","width":350,"height":200},"classes":[]},{"id":58107,"url":"https:\/\/tomajazz.com\/web\/instantzz-jesus-mendez-dani-de-moron-flamenco-a-nou-barris-21-desvario-pati-de-la-seu-del-districte-de-nou-barris-barcelona-2021-09-19-iv-iv-flamencura-aka-galeria-fotografica-aka-fotobl\/","url_meta":{"origin":106902,"position":2},"title":"INSTANTZZ: Jes\u00fas M\u00e9ndez &#038; Dani de Mor\u00f3n [Flamenco a Nou Barris 21: Desvar\u00edo \/ Pati de la Seu del Districte de Nou Barris, Barcelona.  2021-09-19 (IV\/IV)] [Flamencura AKA Galer\u00eda fotogr\u00e1fica AKA Fotoblog de jazz, impro\u2026 y algo m\u00e1s] Por Joan Cort\u00e8s","author":"Tomajazz","date":"26 octubre, 2021","format":false,"excerpt":"Finaliza el repaso de Joan Cort\u00e8s a las actuaciones de Flamenco a Nou Barris 21 con la actuaci\u00f3n de Jes\u00fas M\u00e9ndez y Dani de Mor\u00f3n, que cont\u00f3 con la participaci\u00f3n como invitada especial de Patricia Guerrero.","rel":"","context":"En \u00ab*_Joan Cort\u00e8s\u00bb","block_context":{"text":"*_Joan Cort\u00e8s","link":"https:\/\/tomajazz.com\/web\/category\/joan-cortes\/"},"img":{"alt_text":"","src":"https:\/\/i0.wp.com\/tomajazz.com\/web\/wp-content\/uploads\/2021\/10\/07_Jss-Mndz-Dn-d-Mrn-Joan-Cortes_19set21_S-Dstrct-N-Brr_Bcn_bn.jpg?resize=350%2C200&ssl=1","width":350,"height":200,"srcset":"https:\/\/i0.wp.com\/tomajazz.com\/web\/wp-content\/uploads\/2021\/10\/07_Jss-Mndz-Dn-d-Mrn-Joan-Cortes_19set21_S-Dstrct-N-Brr_Bcn_bn.jpg?resize=350%2C200&ssl=1 1x, https:\/\/i0.wp.com\/tomajazz.com\/web\/wp-content\/uploads\/2021\/10\/07_Jss-Mndz-Dn-d-Mrn-Joan-Cortes_19set21_S-Dstrct-N-Brr_Bcn_bn.jpg?resize=525%2C300&ssl=1 1.5x"},"classes":[]},{"id":58048,"url":"https:\/\/tomajazz.com\/web\/instantzz-patricia-guerrero-dani-de-moron-flamenco-a-nou-barris-21-desvario-pati-de-la-seu-del-districte-de-nou-barris-barcelona-2021-09-19-iii-iv-flamencura-aka-galeria-fotografica-aka\/","url_meta":{"origin":106902,"position":3},"title":"INSTANTZZ: Patricia Guerrero &#038; Dani de Mor\u00f3n [Flamenco a Nou Barris 21: Desvar\u00edo \/ Pati de la Seu del Districte de Nou Barris, Barcelona.  2021-09-19 (III\/IV)]] [Flamencura AKA Galer\u00eda fotogr\u00e1fica AKA Fotoblog de jazz, impro\u2026 y algo m\u00e1s] Por Joan Cort\u00e8s","author":"Tomajazz","date":"23 octubre, 2021","format":false,"excerpt":"Tercera entrega de Joan Cort\u00e8s en la Flamencuras de INSTANTZZ dedicada al ciclo Flamenco a Nou Barris 21. Patricia Guerrero & Dani de Mor\u00f3n son los protagonistas de la galer\u00eda fotogr\u00e1fica.","rel":"","context":"En \u00ab*_Joan Cort\u00e8s\u00bb","block_context":{"text":"*_Joan Cort\u00e8s","link":"https:\/\/tomajazz.com\/web\/category\/joan-cortes\/"},"img":{"alt_text":"","src":"https:\/\/i0.wp.com\/tomajazz.com\/web\/wp-content\/uploads\/2021\/10\/04_Ptrc-Grrr-Dn-d-Mrn-Joan-Cortes_19set21_Pt-S-Dstrct-N-Brr_Bcn.jpg?resize=350%2C200&ssl=1","width":350,"height":200,"srcset":"https:\/\/i0.wp.com\/tomajazz.com\/web\/wp-content\/uploads\/2021\/10\/04_Ptrc-Grrr-Dn-d-Mrn-Joan-Cortes_19set21_Pt-S-Dstrct-N-Brr_Bcn.jpg?resize=350%2C200&ssl=1 1x, https:\/\/i0.wp.com\/tomajazz.com\/web\/wp-content\/uploads\/2021\/10\/04_Ptrc-Grrr-Dn-d-Mrn-Joan-Cortes_19set21_Pt-S-Dstrct-N-Brr_Bcn.jpg?resize=525%2C300&ssl=1 1.5x"},"classes":[]},{"id":67217,"url":"https:\/\/tomajazz.com\/web\/andres-marin-jardin-impuro-2022\/","url_meta":{"origin":106902,"position":4},"title":"Andr\u00e9s Mar\u00edn \u201cJard\u00edn Impuro\u201d (Desvar\u00edo Flamenco 22 \/ Pati de la Seu del Districte de Nou Barris, Barcelona. 2022-07-24) Por Joan Cort\u00e8s [Flamencura AKA INSTANTZZ]","author":"Tomajazz","date":"4 octubre, 2022","format":false,"excerpt":"Andr\u00e9s Mar\u00edn \u201cJard\u00edn Impuro\u201d en una Flamencura de Joan Cort\u00e8s. Las fotograf\u00edas las tom\u00f3 en Desvar\u00edo Flamenco 22 en Barcelona.","rel":"","context":"En \u00abFlamencuras\u00bb","block_context":{"text":"Flamencuras","link":"https:\/\/tomajazz.com\/web\/category\/contenidos\/imagenes\/photoblogs\/flamencuras\/"},"img":{"alt_text":"Andr\u00e9s Mar\u00edn \u201cJard\u00edn Impuro\u201d (Desvar\u00edo Flamenco 22 \/ Pati de la Seu del Districte de Nou Barris, Barcelona. 2022-07-24)","src":"https:\/\/i0.wp.com\/tomajazz.com\/web\/wp-content\/uploads\/2022\/10\/10_Dsvr-Joan-Cortes_24set22_Dsvr-Flmnc-22_N-Brrs_Bcn.jpg?resize=350%2C200&ssl=1","width":350,"height":200},"classes":[]},{"id":62874,"url":"https:\/\/tomajazz.com\/web\/leonor-leal-loxa-mercat-de-les-flors-sala-mac-barcelona-2022-02-13-por-joan-cortes-flamencura-aka-instantzz-aka-galeria-fotografica-aka-fotoblog-de-jazz-impro-y-algo\/","url_meta":{"origin":106902,"position":5},"title":"Leonor Leal \u201cLoxa\u201d (Mercat de Les Flors -sala MAC-, Barcelona. 2022-02-13) Por Joan Cort\u00e8s [Flamencura AKA INSTANTZZ AKA Galer\u00eda fotogr\u00e1fica AKA Fotoblog de jazz, impro\u2026 y algo m\u00e1s]","author":"Tomajazz","date":"16 abril, 2022","format":false,"excerpt":"En INSTANTZZ una Flamencura con im\u00e1genes de la actuaci\u00f3n de Leonor Leal con su proyecto \"Loxa\" en el Mercat de Les Flors de Barcelona. Joan Cort\u00e8s fue el autor de las fotograf\u00edas.","rel":"","context":"En \u00abINSTANTZZ\u00bb","block_context":{"text":"INSTANTZZ","link":"https:\/\/tomajazz.com\/web\/category\/contenidos\/imagenes\/photoblogs\/instantzz\/"},"img":{"alt_text":"Leonor Leal \u201cLoxa\u201d (Mercat de Les Flors -sala MAC-, Barcelona. 2022-02-13) Por Joan Cort\u00e8s [Flamencura AKA INSTANTZZ AKA Galer\u00eda fotogr\u00e1fica AKA Fotoblog de jazz, impro\u2026 y algo m\u00e1s]","src":"https:\/\/i0.wp.com\/tomajazz.com\/web\/wp-content\/uploads\/2022\/04\/05_Lnr-Ll_Lx%C2%A9Joan-Cortes_12fb22_Mrcat-d-ls-Flrs_Bcn.jpg?resize=350%2C200&ssl=1","width":350,"height":200,"srcset":"https:\/\/i0.wp.com\/tomajazz.com\/web\/wp-content\/uploads\/2022\/04\/05_Lnr-Ll_Lx%C2%A9Joan-Cortes_12fb22_Mrcat-d-ls-Flrs_Bcn.jpg?resize=350%2C200&ssl=1 1x, https:\/\/i0.wp.com\/tomajazz.com\/web\/wp-content\/uploads\/2022\/04\/05_Lnr-Ll_Lx%C2%A9Joan-Cortes_12fb22_Mrcat-d-ls-Flrs_Bcn.jpg?resize=525%2C300&ssl=1 1.5x"},"classes":[]}],"jetpack_featured_media_url":"https:\/\/tomajazz.com\/web\/wp-content\/uploads\/2026\/08\/destacada-07-Lnr-Ll-Photo-by-Joan-Cortes-16jll26-Dsvr-Flmnc-Plc-Mjr-N-Brrs-Bcn.jpg","_links":{"self":[{"href":"https:\/\/tomajazz.com\/web\/wp-json\/wp\/v2\/posts\/106902","targetHints":{"allow":["GET"]}}],"collection":[{"href":"https:\/\/tomajazz.com\/web\/wp-json\/wp\/v2\/posts"}],"about":[{"href":"https:\/\/tomajazz.com\/web\/wp-json\/wp\/v2\/types\/post"}],"author":[{"embeddable":true,"href":"https:\/\/tomajazz.com\/web\/wp-json\/wp\/v2\/users\/1"}],"replies":[{"embeddable":true,"href":"https:\/\/tomajazz.com\/web\/wp-json\/wp\/v2\/comments?post=106902"}],"version-history":[{"count":1,"href":"https:\/\/tomajazz.com\/web\/wp-json\/wp\/v2\/posts\/106902\/revisions"}],"predecessor-version":[{"id":106921,"href":"https:\/\/tomajazz.com\/web\/wp-json\/wp\/v2\/posts\/106902\/revisions\/106921"}],"wp:featuredmedia":[{"embeddable":true,"href":"https:\/\/tomajazz.com\/web\/wp-json\/wp\/v2\/media\/106919"}],"wp:attachment":[{"href":"https:\/\/tomajazz.com\/web\/wp-json\/wp\/v2\/media?parent=106902"}],"wp:term":[{"taxonomy":"category","embeddable":true,"href":"https:\/\/tomajazz.com\/web\/wp-json\/wp\/v2\/categories?post=106902"},{"taxonomy":"post_tag","embeddable":true,"href":"https:\/\/tomajazz.com\/web\/wp-json\/wp\/v2\/tags?post=106902"}],"curies":[{"name":"wp","href":"https:\/\/api.w.org\/{rel}","templated":true}]}}