{"id":106922,"date":"2026-09-01T17:00:15","date_gmt":"2026-09-01T15:00:15","guid":{"rendered":"https:\/\/tomajazz.com\/web\/?p=106922"},"modified":"2026-08-31T22:43:27","modified_gmt":"2026-08-31T20:43:27","slug":"david-murray-quartet-jazzaldia-2026","status":"publish","type":"post","link":"https:\/\/tomajazz.com\/web\/david-murray-quartet-jazzaldia-2026\/","title":{"rendered":"David Murray Quartet (61 Jazzaldia 2026. Donosti. 2026-07-23) Por Jos\u00e9 Luis Luna Rocafort [INSTANTZZ AKA Galer\u00eda fotogr\u00e1fica AKA Fotoblog de jazz, impro\u2026 y algo m\u00e1s]"},"content":{"rendered":"<h3>David Murray Quartet<\/h3>\n<h3>61 Jazzaldia 2026 &#8211; 61 Festival de Jazz de San Sebasti\u00e1n 2026<\/h3>\n<ul>\n<li>Fecha: Jueves, 23 de julio de 2026. 21:00h.<\/li>\n<li>Lugar: Plaza Trinidad. Donosti.<\/li>\n<li>Grupo:<br \/>\n<b>David Murray Quartet<br \/>\n<\/b>David Murray: saxo tenor<br \/>\nMarta S\u00e1nchez: piano<br \/>\nLuke Steward: contrabajo<br \/>\nRussell Carter: bater\u00eda<br \/>\nInvitada:<br \/>\nFrancesca Cinelli: voz<\/li>\n<\/ul>\n<p style=\"text-align: center;\"><img loading=\"lazy\" decoding=\"async\" class=\"aligncenter size-full wp-image-106923\" title=\"David Murray Quartet (61 Jazzaldia 2026. Donosti. 2026-07-23) Por Jos\u00e9 Luis Luna Rocafort [INSTANTZZ AKA Galer\u00eda fotogr\u00e1fica AKA Fotoblog de jazz, impro\u2026 y algo m\u00e1s] Tomajazz 001\" src=\"https:\/\/tomajazz.com\/web\/wp-content\/uploads\/2026\/08\/001-17.jpg\" alt=\"David Murray Quartet (61 Jazzaldia 2026. Donosti. 2026-07-23) Por Jos\u00e9 Luis Luna Rocafort [INSTANTZZ AKA Galer\u00eda fotogr\u00e1fica AKA Fotoblog de jazz, impro\u2026 y algo m\u00e1s] - Tomajazz - David Murray Quartet actu\u00f3 en el 61 Jazzaldia 2026, el 23 de julio de 2026. Jos\u00e9 Luis Luna Rocafort lo retrata en INSTANTZZ. Actuaron David Murray, Marta S\u00e1nchez, Luke Steward, Russell Carter, Francesca Cinelli\" width=\"600\" height=\"400\" srcset=\"https:\/\/tomajazz.com\/web\/wp-content\/uploads\/2026\/08\/001-17.jpg 600w, https:\/\/tomajazz.com\/web\/wp-content\/uploads\/2026\/08\/001-17-300x200.jpg 300w, https:\/\/tomajazz.com\/web\/wp-content\/uploads\/2026\/08\/001-17-465x310.jpg 465w\" sizes=\"auto, (max-width: 600px) 100vw, 600px\" \/> <img loading=\"lazy\" decoding=\"async\" class=\"aligncenter size-large wp-image-106924\" title=\"David Murray Quartet (61 Jazzaldia 2026. Donosti. 2026-07-23) Por Jos\u00e9 Luis Luna Rocafort [INSTANTZZ AKA Galer\u00eda fotogr\u00e1fica AKA Fotoblog de jazz, impro\u2026 y algo m\u00e1s] Tomajazz 002\" src=\"https:\/\/tomajazz.com\/web\/wp-content\/uploads\/2026\/08\/002-17.jpg\" alt=\"David Murray Quartet (61 Jazzaldia 2026. Donosti. 2026-07-23) Por Jos\u00e9 Luis Luna Rocafort [INSTANTZZ AKA Galer\u00eda fotogr\u00e1fica AKA Fotoblog de jazz, impro\u2026 y algo m\u00e1s] - Tomajazz - David Murray Quartet actu\u00f3 en el 61 Jazzaldia 2026, el 23 de julio de 2026. Jos\u00e9 Luis Luna Rocafort lo retrata en INSTANTZZ. Actuaron David Murray, Marta S\u00e1nchez, Luke Steward, Russell Carter, Francesca Cinelli\" width=\"600\" height=\"400\" srcset=\"https:\/\/tomajazz.com\/web\/wp-content\/uploads\/2026\/08\/002-17.jpg 600w, https:\/\/tomajazz.com\/web\/wp-content\/uploads\/2026\/08\/002-17-300x200.jpg 300w, https:\/\/tomajazz.com\/web\/wp-content\/uploads\/2026\/08\/002-17-465x310.jpg 465w\" sizes=\"auto, (max-width: 600px) 100vw, 600px\" \/> <img loading=\"lazy\" decoding=\"async\" class=\"aligncenter size-large wp-image-106925\" title=\"David Murray Quartet (61 Jazzaldia 2026. Donosti. 2026-07-23) Por Jos\u00e9 Luis Luna Rocafort [INSTANTZZ AKA Galer\u00eda fotogr\u00e1fica AKA Fotoblog de jazz, impro\u2026 y algo m\u00e1s] Tomajazz 003\" src=\"https:\/\/tomajazz.com\/web\/wp-content\/uploads\/2026\/08\/003-17.jpg\" alt=\"David Murray Quartet (61 Jazzaldia 2026. Donosti. 2026-07-23) Por Jos\u00e9 Luis Luna Rocafort [INSTANTZZ AKA Galer\u00eda fotogr\u00e1fica AKA Fotoblog de jazz, impro\u2026 y algo m\u00e1s] - Tomajazz - David Murray Quartet actu\u00f3 en el 61 Jazzaldia 2026, el 23 de julio de 2026. Jos\u00e9 Luis Luna Rocafort lo retrata en INSTANTZZ. Actuaron David Murray, Marta S\u00e1nchez, Luke Steward, Russell Carter, Francesca Cinelli\" width=\"600\" height=\"400\" srcset=\"https:\/\/tomajazz.com\/web\/wp-content\/uploads\/2026\/08\/003-17.jpg 600w, https:\/\/tomajazz.com\/web\/wp-content\/uploads\/2026\/08\/003-17-300x200.jpg 300w, https:\/\/tomajazz.com\/web\/wp-content\/uploads\/2026\/08\/003-17-465x310.jpg 465w\" sizes=\"auto, (max-width: 600px) 100vw, 600px\" \/> <img loading=\"lazy\" decoding=\"async\" class=\"aligncenter size-large wp-image-106926\" title=\"David Murray Quartet (61 Jazzaldia 2026. Donosti. 2026-07-23) Por Jos\u00e9 Luis Luna Rocafort [INSTANTZZ AKA Galer\u00eda fotogr\u00e1fica AKA Fotoblog de jazz, impro\u2026 y algo m\u00e1s] Tomajazz 004\" src=\"https:\/\/tomajazz.com\/web\/wp-content\/uploads\/2026\/08\/004-17.jpg\" alt=\"David Murray Quartet (61 Jazzaldia 2026. Donosti. 2026-07-23) Por Jos\u00e9 Luis Luna Rocafort [INSTANTZZ AKA Galer\u00eda fotogr\u00e1fica AKA Fotoblog de jazz, impro\u2026 y algo m\u00e1s] - Tomajazz - David Murray Quartet actu\u00f3 en el 61 Jazzaldia 2026, el 23 de julio de 2026. Jos\u00e9 Luis Luna Rocafort lo retrata en INSTANTZZ. Actuaron David Murray, Marta S\u00e1nchez, Luke Steward, Russell Carter, Francesca Cinelli\" width=\"600\" height=\"400\" srcset=\"https:\/\/tomajazz.com\/web\/wp-content\/uploads\/2026\/08\/004-17.jpg 600w, https:\/\/tomajazz.com\/web\/wp-content\/uploads\/2026\/08\/004-17-300x200.jpg 300w, https:\/\/tomajazz.com\/web\/wp-content\/uploads\/2026\/08\/004-17-465x310.jpg 465w\" sizes=\"auto, (max-width: 600px) 100vw, 600px\" \/> <img loading=\"lazy\" decoding=\"async\" class=\"aligncenter size-large wp-image-106927\" title=\"David Murray Quartet (61 Jazzaldia 2026. Donosti. 2026-07-23) Por Jos\u00e9 Luis Luna Rocafort [INSTANTZZ AKA Galer\u00eda fotogr\u00e1fica AKA Fotoblog de jazz, impro\u2026 y algo m\u00e1s] Tomajazz 005\" src=\"https:\/\/tomajazz.com\/web\/wp-content\/uploads\/2026\/08\/005-17.jpg\" alt=\"David Murray Quartet (61 Jazzaldia 2026. Donosti. 2026-07-23) Por Jos\u00e9 Luis Luna Rocafort [INSTANTZZ AKA Galer\u00eda fotogr\u00e1fica AKA Fotoblog de jazz, impro\u2026 y algo m\u00e1s] - Tomajazz - David Murray Quartet actu\u00f3 en el 61 Jazzaldia 2026, el 23 de julio de 2026. Jos\u00e9 Luis Luna Rocafort lo retrata en INSTANTZZ. Actuaron David Murray, Marta S\u00e1nchez, Luke Steward, Russell Carter, Francesca Cinelli\" width=\"600\" height=\"400\" srcset=\"https:\/\/tomajazz.com\/web\/wp-content\/uploads\/2026\/08\/005-17.jpg 600w, https:\/\/tomajazz.com\/web\/wp-content\/uploads\/2026\/08\/005-17-300x200.jpg 300w, https:\/\/tomajazz.com\/web\/wp-content\/uploads\/2026\/08\/005-17-465x310.jpg 465w\" sizes=\"auto, (max-width: 600px) 100vw, 600px\" \/> <img loading=\"lazy\" decoding=\"async\" class=\"aligncenter size-large wp-image-106928\" title=\"David Murray Quartet (61 Jazzaldia 2026. Donosti. 2026-07-23) Por Jos\u00e9 Luis Luna Rocafort [INSTANTZZ AKA Galer\u00eda fotogr\u00e1fica AKA Fotoblog de jazz, impro\u2026 y algo m\u00e1s] Tomajazz 006\" src=\"https:\/\/tomajazz.com\/web\/wp-content\/uploads\/2026\/08\/006-17.jpg\" alt=\"David Murray Quartet (61 Jazzaldia 2026. Donosti. 2026-07-23) Por Jos\u00e9 Luis Luna Rocafort [INSTANTZZ AKA Galer\u00eda fotogr\u00e1fica AKA Fotoblog de jazz, impro\u2026 y algo m\u00e1s] - Tomajazz - David Murray Quartet actu\u00f3 en el 61 Jazzaldia 2026, el 23 de julio de 2026. Jos\u00e9 Luis Luna Rocafort lo retrata en INSTANTZZ. Actuaron David Murray, Marta S\u00e1nchez, Luke Steward, Russell Carter, Francesca Cinelli\" width=\"600\" height=\"400\" srcset=\"https:\/\/tomajazz.com\/web\/wp-content\/uploads\/2026\/08\/006-17.jpg 600w, https:\/\/tomajazz.com\/web\/wp-content\/uploads\/2026\/08\/006-17-300x200.jpg 300w, https:\/\/tomajazz.com\/web\/wp-content\/uploads\/2026\/08\/006-17-465x310.jpg 465w\" sizes=\"auto, (max-width: 600px) 100vw, 600px\" \/> <img loading=\"lazy\" decoding=\"async\" class=\"aligncenter size-large wp-image-106929\" title=\"David Murray Quartet (61 Jazzaldia 2026. Donosti. 2026-07-23) Por Jos\u00e9 Luis Luna Rocafort [INSTANTZZ AKA Galer\u00eda fotogr\u00e1fica AKA Fotoblog de jazz, impro\u2026 y algo m\u00e1s] Tomajazz 007\" src=\"https:\/\/tomajazz.com\/web\/wp-content\/uploads\/2026\/08\/007-17.jpg\" alt=\"David Murray Quartet (61 Jazzaldia 2026. Donosti. 2026-07-23) Por Jos\u00e9 Luis Luna Rocafort [INSTANTZZ AKA Galer\u00eda fotogr\u00e1fica AKA Fotoblog de jazz, impro\u2026 y algo m\u00e1s] - Tomajazz - David Murray Quartet actu\u00f3 en el 61 Jazzaldia 2026, el 23 de julio de 2026. Jos\u00e9 Luis Luna Rocafort lo retrata en INSTANTZZ. Actuaron David Murray, Marta S\u00e1nchez, Luke Steward, Russell Carter, Francesca Cinelli\" width=\"600\" height=\"400\" srcset=\"https:\/\/tomajazz.com\/web\/wp-content\/uploads\/2026\/08\/007-17.jpg 600w, https:\/\/tomajazz.com\/web\/wp-content\/uploads\/2026\/08\/007-17-300x200.jpg 300w, https:\/\/tomajazz.com\/web\/wp-content\/uploads\/2026\/08\/007-17-465x310.jpg 465w\" sizes=\"auto, (max-width: 600px) 100vw, 600px\" \/> <img loading=\"lazy\" decoding=\"async\" class=\"aligncenter size-large wp-image-106930\" title=\"David Murray Quartet (61 Jazzaldia 2026. Donosti. 2026-07-23) Por Jos\u00e9 Luis Luna Rocafort [INSTANTZZ AKA Galer\u00eda fotogr\u00e1fica AKA Fotoblog de jazz, impro\u2026 y algo m\u00e1s] Tomajazz 008\" src=\"https:\/\/tomajazz.com\/web\/wp-content\/uploads\/2026\/08\/008-17.jpg\" alt=\"David Murray Quartet (61 Jazzaldia 2026. Donosti. 2026-07-23) Por Jos\u00e9 Luis Luna Rocafort [INSTANTZZ AKA Galer\u00eda fotogr\u00e1fica AKA Fotoblog de jazz, impro\u2026 y algo m\u00e1s] - Tomajazz - David Murray Quartet actu\u00f3 en el 61 Jazzaldia 2026, el 23 de julio de 2026. Jos\u00e9 Luis Luna Rocafort lo retrata en INSTANTZZ. Actuaron David Murray, Marta S\u00e1nchez, Luke Steward, Russell Carter, Francesca Cinelli\" width=\"600\" height=\"400\" srcset=\"https:\/\/tomajazz.com\/web\/wp-content\/uploads\/2026\/08\/008-17.jpg 600w, https:\/\/tomajazz.com\/web\/wp-content\/uploads\/2026\/08\/008-17-300x200.jpg 300w, https:\/\/tomajazz.com\/web\/wp-content\/uploads\/2026\/08\/008-17-465x310.jpg 465w\" sizes=\"auto, (max-width: 600px) 100vw, 600px\" \/> <img loading=\"lazy\" decoding=\"async\" class=\"aligncenter size-large wp-image-106931\" title=\"David Murray Quartet (61 Jazzaldia 2026. Donosti. 2026-07-23) Por Jos\u00e9 Luis Luna Rocafort [INSTANTZZ AKA Galer\u00eda fotogr\u00e1fica AKA Fotoblog de jazz, impro\u2026 y algo m\u00e1s] Tomajazz 009\" src=\"https:\/\/tomajazz.com\/web\/wp-content\/uploads\/2026\/08\/009-17.jpg\" alt=\"David Murray Quartet (61 Jazzaldia 2026. Donosti. 2026-07-23) Por Jos\u00e9 Luis Luna Rocafort [INSTANTZZ AKA Galer\u00eda fotogr\u00e1fica AKA Fotoblog de jazz, impro\u2026 y algo m\u00e1s] - Tomajazz - David Murray Quartet actu\u00f3 en el 61 Jazzaldia 2026, el 23 de julio de 2026. Jos\u00e9 Luis Luna Rocafort lo retrata en INSTANTZZ. Actuaron David Murray, Marta S\u00e1nchez, Luke Steward, Russell Carter, Francesca Cinelli\" width=\"600\" height=\"400\" srcset=\"https:\/\/tomajazz.com\/web\/wp-content\/uploads\/2026\/08\/009-17.jpg 600w, https:\/\/tomajazz.com\/web\/wp-content\/uploads\/2026\/08\/009-17-300x200.jpg 300w, https:\/\/tomajazz.com\/web\/wp-content\/uploads\/2026\/08\/009-17-465x310.jpg 465w\" sizes=\"auto, (max-width: 600px) 100vw, 600px\" \/> <img loading=\"lazy\" decoding=\"async\" class=\"aligncenter size-large wp-image-106932\" title=\"David Murray Quartet (61 Jazzaldia 2026. Donosti. 2026-07-23) Por Jos\u00e9 Luis Luna Rocafort [INSTANTZZ AKA Galer\u00eda fotogr\u00e1fica AKA Fotoblog de jazz, impro\u2026 y algo m\u00e1s] Tomajazz 010\" src=\"https:\/\/tomajazz.com\/web\/wp-content\/uploads\/2026\/08\/010-17.jpg\" alt=\"David Murray Quartet (61 Jazzaldia 2026. Donosti. 2026-07-23) Por Jos\u00e9 Luis Luna Rocafort [INSTANTZZ AKA Galer\u00eda fotogr\u00e1fica AKA Fotoblog de jazz, impro\u2026 y algo m\u00e1s] - Tomajazz - David Murray Quartet actu\u00f3 en el 61 Jazzaldia 2026, el 23 de julio de 2026. Jos\u00e9 Luis Luna Rocafort lo retrata en INSTANTZZ. Actuaron David Murray, Marta S\u00e1nchez, Luke Steward, Russell Carter, Francesca Cinelli\" width=\"600\" height=\"400\" srcset=\"https:\/\/tomajazz.com\/web\/wp-content\/uploads\/2026\/08\/010-17.jpg 600w, https:\/\/tomajazz.com\/web\/wp-content\/uploads\/2026\/08\/010-17-300x200.jpg 300w, https:\/\/tomajazz.com\/web\/wp-content\/uploads\/2026\/08\/010-17-465x310.jpg 465w\" sizes=\"auto, (max-width: 600px) 100vw, 600px\" \/> <img loading=\"lazy\" decoding=\"async\" class=\"aligncenter size-large wp-image-106933\" title=\"David Murray Quartet (61 Jazzaldia 2026. Donosti. 2026-07-23) Por Jos\u00e9 Luis Luna Rocafort [INSTANTZZ AKA Galer\u00eda fotogr\u00e1fica AKA Fotoblog de jazz, impro\u2026 y algo m\u00e1s] Tomajazz 011\" src=\"https:\/\/tomajazz.com\/web\/wp-content\/uploads\/2026\/08\/011-17.jpg\" alt=\"David Murray Quartet (61 Jazzaldia 2026. Donosti. 2026-07-23) Por Jos\u00e9 Luis Luna Rocafort [INSTANTZZ AKA Galer\u00eda fotogr\u00e1fica AKA Fotoblog de jazz, impro\u2026 y algo m\u00e1s] - Tomajazz - David Murray Quartet actu\u00f3 en el 61 Jazzaldia 2026, el 23 de julio de 2026. Jos\u00e9 Luis Luna Rocafort lo retrata en INSTANTZZ. Actuaron David Murray, Marta S\u00e1nchez, Luke Steward, Russell Carter, Francesca Cinelli\" width=\"600\" height=\"400\" srcset=\"https:\/\/tomajazz.com\/web\/wp-content\/uploads\/2026\/08\/011-17.jpg 600w, https:\/\/tomajazz.com\/web\/wp-content\/uploads\/2026\/08\/011-17-300x200.jpg 300w, https:\/\/tomajazz.com\/web\/wp-content\/uploads\/2026\/08\/011-17-465x310.jpg 465w\" sizes=\"auto, (max-width: 600px) 100vw, 600px\" \/> <img loading=\"lazy\" decoding=\"async\" class=\"aligncenter size-large wp-image-106934\" title=\"David Murray Quartet (61 Jazzaldia 2026. Donosti. 2026-07-23) Por Jos\u00e9 Luis Luna Rocafort [INSTANTZZ AKA Galer\u00eda fotogr\u00e1fica AKA Fotoblog de jazz, impro\u2026 y algo m\u00e1s] Tomajazz 012\" src=\"https:\/\/tomajazz.com\/web\/wp-content\/uploads\/2026\/08\/012-17.jpg\" alt=\"David Murray Quartet (61 Jazzaldia 2026. Donosti. 2026-07-23) Por Jos\u00e9 Luis Luna Rocafort [INSTANTZZ AKA Galer\u00eda fotogr\u00e1fica AKA Fotoblog de jazz, impro\u2026 y algo m\u00e1s] - Tomajazz - David Murray Quartet actu\u00f3 en el 61 Jazzaldia 2026, el 23 de julio de 2026. Jos\u00e9 Luis Luna Rocafort lo retrata en INSTANTZZ. Actuaron David Murray, Marta S\u00e1nchez, Luke Steward, Russell Carter, Francesca Cinelli\" width=\"600\" height=\"400\" srcset=\"https:\/\/tomajazz.com\/web\/wp-content\/uploads\/2026\/08\/012-17.jpg 600w, https:\/\/tomajazz.com\/web\/wp-content\/uploads\/2026\/08\/012-17-300x200.jpg 300w, https:\/\/tomajazz.com\/web\/wp-content\/uploads\/2026\/08\/012-17-465x310.jpg 465w\" sizes=\"auto, (max-width: 600px) 100vw, 600px\" \/> <img loading=\"lazy\" decoding=\"async\" class=\"aligncenter size-large wp-image-106935\" title=\"David Murray Quartet (61 Jazzaldia 2026. Donosti. 2026-07-23) Por Jos\u00e9 Luis Luna Rocafort [INSTANTZZ AKA Galer\u00eda fotogr\u00e1fica AKA Fotoblog de jazz, impro\u2026 y algo m\u00e1s] Tomajazz 013\" src=\"https:\/\/tomajazz.com\/web\/wp-content\/uploads\/2026\/08\/013-15.jpg\" alt=\"David Murray Quartet (61 Jazzaldia 2026. Donosti. 2026-07-23) Por Jos\u00e9 Luis Luna Rocafort [INSTANTZZ AKA Galer\u00eda fotogr\u00e1fica AKA Fotoblog de jazz, impro\u2026 y algo m\u00e1s] - Tomajazz - David Murray Quartet actu\u00f3 en el 61 Jazzaldia 2026, el 23 de julio de 2026. Jos\u00e9 Luis Luna Rocafort lo retrata en INSTANTZZ. Actuaron David Murray, Marta S\u00e1nchez, Luke Steward, Russell Carter, Francesca Cinelli\" width=\"600\" height=\"400\" srcset=\"https:\/\/tomajazz.com\/web\/wp-content\/uploads\/2026\/08\/013-15.jpg 600w, https:\/\/tomajazz.com\/web\/wp-content\/uploads\/2026\/08\/013-15-300x200.jpg 300w, https:\/\/tomajazz.com\/web\/wp-content\/uploads\/2026\/08\/013-15-465x310.jpg 465w\" sizes=\"auto, (max-width: 600px) 100vw, 600px\" \/> <img loading=\"lazy\" decoding=\"async\" class=\"aligncenter size-large wp-image-106936\" title=\"David Murray Quartet (61 Jazzaldia 2026. Donosti. 2026-07-23) Por Jos\u00e9 Luis Luna Rocafort [INSTANTZZ AKA Galer\u00eda fotogr\u00e1fica AKA Fotoblog de jazz, impro\u2026 y algo m\u00e1s] Tomajazz 014\" src=\"https:\/\/tomajazz.com\/web\/wp-content\/uploads\/2026\/08\/014-15.jpg\" alt=\"David Murray Quartet (61 Jazzaldia 2026. Donosti. 2026-07-23) Por Jos\u00e9 Luis Luna Rocafort [INSTANTZZ AKA Galer\u00eda fotogr\u00e1fica AKA Fotoblog de jazz, impro\u2026 y algo m\u00e1s] - Tomajazz - David Murray Quartet actu\u00f3 en el 61 Jazzaldia 2026, el 23 de julio de 2026. Jos\u00e9 Luis Luna Rocafort lo retrata en INSTANTZZ. Actuaron David Murray, Marta S\u00e1nchez, Luke Steward, Russell Carter, Francesca Cinelli\" width=\"600\" height=\"400\" srcset=\"https:\/\/tomajazz.com\/web\/wp-content\/uploads\/2026\/08\/014-15.jpg 600w, https:\/\/tomajazz.com\/web\/wp-content\/uploads\/2026\/08\/014-15-300x200.jpg 300w, https:\/\/tomajazz.com\/web\/wp-content\/uploads\/2026\/08\/014-15-465x310.jpg 465w\" sizes=\"auto, (max-width: 600px) 100vw, 600px\" \/> <img loading=\"lazy\" decoding=\"async\" class=\"aligncenter size-large wp-image-106937\" title=\"David Murray Quartet (61 Jazzaldia 2026. Donosti. 2026-07-23) Por Jos\u00e9 Luis Luna Rocafort [INSTANTZZ AKA Galer\u00eda fotogr\u00e1fica AKA Fotoblog de jazz, impro\u2026 y algo m\u00e1s] Tomajazz 015\" src=\"https:\/\/tomajazz.com\/web\/wp-content\/uploads\/2026\/08\/015-15.jpg\" alt=\"David Murray Quartet (61 Jazzaldia 2026. Donosti. 2026-07-23) Por Jos\u00e9 Luis Luna Rocafort [INSTANTZZ AKA Galer\u00eda fotogr\u00e1fica AKA Fotoblog de jazz, impro\u2026 y algo m\u00e1s] - Tomajazz - David Murray Quartet actu\u00f3 en el 61 Jazzaldia 2026, el 23 de julio de 2026. Jos\u00e9 Luis Luna Rocafort lo retrata en INSTANTZZ. Actuaron David Murray, Marta S\u00e1nchez, Luke Steward, Russell Carter, Francesca Cinelli\" width=\"600\" height=\"400\" srcset=\"https:\/\/tomajazz.com\/web\/wp-content\/uploads\/2026\/08\/015-15.jpg 600w, https:\/\/tomajazz.com\/web\/wp-content\/uploads\/2026\/08\/015-15-300x200.jpg 300w, https:\/\/tomajazz.com\/web\/wp-content\/uploads\/2026\/08\/015-15-465x310.jpg 465w\" sizes=\"auto, (max-width: 600px) 100vw, 600px\" \/> <img loading=\"lazy\" decoding=\"async\" class=\"aligncenter size-large wp-image-106938\" title=\"David Murray Quartet (61 Jazzaldia 2026. Donosti. 2026-07-23) Por Jos\u00e9 Luis Luna Rocafort [INSTANTZZ AKA Galer\u00eda fotogr\u00e1fica AKA Fotoblog de jazz, impro\u2026 y algo m\u00e1s] Tomajazz 016\" src=\"https:\/\/tomajazz.com\/web\/wp-content\/uploads\/2026\/08\/016-15.jpg\" alt=\"David Murray Quartet (61 Jazzaldia 2026. Donosti. 2026-07-23) Por Jos\u00e9 Luis Luna Rocafort [INSTANTZZ AKA Galer\u00eda fotogr\u00e1fica AKA Fotoblog de jazz, impro\u2026 y algo m\u00e1s] - Tomajazz - David Murray Quartet actu\u00f3 en el 61 Jazzaldia 2026, el 23 de julio de 2026. Jos\u00e9 Luis Luna Rocafort lo retrata en INSTANTZZ. Actuaron David Murray, Marta S\u00e1nchez, Luke Steward, Russell Carter, Francesca Cinelli\" width=\"600\" height=\"400\" srcset=\"https:\/\/tomajazz.com\/web\/wp-content\/uploads\/2026\/08\/016-15.jpg 600w, https:\/\/tomajazz.com\/web\/wp-content\/uploads\/2026\/08\/016-15-300x200.jpg 300w, https:\/\/tomajazz.com\/web\/wp-content\/uploads\/2026\/08\/016-15-465x310.jpg 465w\" sizes=\"auto, (max-width: 600px) 100vw, 600px\" \/> <img loading=\"lazy\" decoding=\"async\" class=\"aligncenter size-large wp-image-106939\" title=\"David Murray Quartet (61 Jazzaldia 2026. Donosti. 2026-07-23) Por Jos\u00e9 Luis Luna Rocafort [INSTANTZZ AKA Galer\u00eda fotogr\u00e1fica AKA Fotoblog de jazz, impro\u2026 y algo m\u00e1s] Tomajazz 017\" src=\"https:\/\/tomajazz.com\/web\/wp-content\/uploads\/2026\/08\/017-13.jpg\" alt=\"David Murray Quartet (61 Jazzaldia 2026. Donosti. 2026-07-23) Por Jos\u00e9 Luis Luna Rocafort [INSTANTZZ AKA Galer\u00eda fotogr\u00e1fica AKA Fotoblog de jazz, impro\u2026 y algo m\u00e1s] - Tomajazz - David Murray Quartet actu\u00f3 en el 61 Jazzaldia 2026, el 23 de julio de 2026. Jos\u00e9 Luis Luna Rocafort lo retrata en INSTANTZZ. Actuaron David Murray, Marta S\u00e1nchez, Luke Steward, Russell Carter, Francesca Cinelli\" width=\"600\" height=\"400\" srcset=\"https:\/\/tomajazz.com\/web\/wp-content\/uploads\/2026\/08\/017-13.jpg 600w, https:\/\/tomajazz.com\/web\/wp-content\/uploads\/2026\/08\/017-13-300x200.jpg 300w, https:\/\/tomajazz.com\/web\/wp-content\/uploads\/2026\/08\/017-13-465x310.jpg 465w\" sizes=\"auto, (max-width: 600px) 100vw, 600px\" \/> <img loading=\"lazy\" decoding=\"async\" class=\"aligncenter size-large wp-image-106940\" title=\"David Murray Quartet (61 Jazzaldia 2026. Donosti. 2026-07-23) Por Jos\u00e9 Luis Luna Rocafort [INSTANTZZ AKA Galer\u00eda fotogr\u00e1fica AKA Fotoblog de jazz, impro\u2026 y algo m\u00e1s] Tomajazz 018\" src=\"https:\/\/tomajazz.com\/web\/wp-content\/uploads\/2026\/08\/018-12.jpg\" alt=\"David Murray Quartet (61 Jazzaldia 2026. Donosti. 2026-07-23) Por Jos\u00e9 Luis Luna Rocafort [INSTANTZZ AKA Galer\u00eda fotogr\u00e1fica AKA Fotoblog de jazz, impro\u2026 y algo m\u00e1s] - Tomajazz - David Murray Quartet actu\u00f3 en el 61 Jazzaldia 2026, el 23 de julio de 2026. Jos\u00e9 Luis Luna Rocafort lo retrata en INSTANTZZ. Actuaron David Murray, Marta S\u00e1nchez, Luke Steward, Russell Carter, Francesca Cinelli\" width=\"600\" height=\"400\" srcset=\"https:\/\/tomajazz.com\/web\/wp-content\/uploads\/2026\/08\/018-12.jpg 600w, https:\/\/tomajazz.com\/web\/wp-content\/uploads\/2026\/08\/018-12-300x200.jpg 300w, https:\/\/tomajazz.com\/web\/wp-content\/uploads\/2026\/08\/018-12-465x310.jpg 465w\" sizes=\"auto, (max-width: 600px) 100vw, 600px\" \/> <img loading=\"lazy\" decoding=\"async\" class=\"aligncenter size-large wp-image-106941\" title=\"David Murray Quartet (61 Jazzaldia 2026. Donosti. 2026-07-23) Por Jos\u00e9 Luis Luna Rocafort [INSTANTZZ AKA Galer\u00eda fotogr\u00e1fica AKA Fotoblog de jazz, impro\u2026 y algo m\u00e1s] Tomajazz 019\" src=\"https:\/\/tomajazz.com\/web\/wp-content\/uploads\/2026\/08\/019-12.jpg\" alt=\"David Murray Quartet (61 Jazzaldia 2026. Donosti. 2026-07-23) Por Jos\u00e9 Luis Luna Rocafort [INSTANTZZ AKA Galer\u00eda fotogr\u00e1fica AKA Fotoblog de jazz, impro\u2026 y algo m\u00e1s] - Tomajazz - David Murray Quartet actu\u00f3 en el 61 Jazzaldia 2026, el 23 de julio de 2026. Jos\u00e9 Luis Luna Rocafort lo retrata en INSTANTZZ. Actuaron David Murray, Marta S\u00e1nchez, Luke Steward, Russell Carter, Francesca Cinelli\" width=\"600\" height=\"400\" srcset=\"https:\/\/tomajazz.com\/web\/wp-content\/uploads\/2026\/08\/019-12.jpg 600w, https:\/\/tomajazz.com\/web\/wp-content\/uploads\/2026\/08\/019-12-300x200.jpg 300w, https:\/\/tomajazz.com\/web\/wp-content\/uploads\/2026\/08\/019-12-465x310.jpg 465w\" sizes=\"auto, (max-width: 600px) 100vw, 600px\" \/> <img loading=\"lazy\" decoding=\"async\" class=\"aligncenter size-large wp-image-106942\" title=\"David Murray Quartet (61 Jazzaldia 2026. Donosti. 2026-07-23) Por Jos\u00e9 Luis Luna Rocafort [INSTANTZZ AKA Galer\u00eda fotogr\u00e1fica AKA Fotoblog de jazz, impro\u2026 y algo m\u00e1s] Tomajazz 020\" src=\"https:\/\/tomajazz.com\/web\/wp-content\/uploads\/2026\/08\/020-12.jpg\" alt=\"David Murray Quartet (61 Jazzaldia 2026. Donosti. 2026-07-23) Por Jos\u00e9 Luis Luna Rocafort [INSTANTZZ AKA Galer\u00eda fotogr\u00e1fica AKA Fotoblog de jazz, impro\u2026 y algo m\u00e1s] - Tomajazz - David Murray Quartet actu\u00f3 en el 61 Jazzaldia 2026, el 23 de julio de 2026. Jos\u00e9 Luis Luna Rocafort lo retrata en INSTANTZZ. Actuaron David Murray, Marta S\u00e1nchez, Luke Steward, Russell Carter, Francesca Cinelli\" width=\"600\" height=\"400\" srcset=\"https:\/\/tomajazz.com\/web\/wp-content\/uploads\/2026\/08\/020-12.jpg 600w, https:\/\/tomajazz.com\/web\/wp-content\/uploads\/2026\/08\/020-12-300x200.jpg 300w, https:\/\/tomajazz.com\/web\/wp-content\/uploads\/2026\/08\/020-12-465x310.jpg 465w\" sizes=\"auto, (max-width: 600px) 100vw, 600px\" \/><\/p>\n<p style=\"text-align: right;\">Tomajazz: \u00a9 <strong><a href=\"https:\/\/www.facebook.com\/joseluis.lunarocafort\" target=\"_blank\" rel=\"noopener\">Jos\u00e9 Luis Luna Rocafort<\/a><\/strong>, 2026<\/p>\n<h3>M\u00e1s informaci\u00f3n sobre David Murray y 61 Jazzaldia 2026 &#8211; 61 Festival de Jazz de San Sebasti\u00e1n 2026<\/h3>\n<p><a href=\"https:\/\/davidmurray.xyz\/\" target=\"_blank\" rel=\"noopener\">https:\/\/davidmurray.xyz\/<\/a><\/p>\n<p><a href=\"https:\/\/tomajazz.com\/web\/?s=david+murray&amp;submit=Search\" target=\"_blank\" rel=\"noopener\">https:\/\/tomajazz.com\/web\/?s=david+murray&amp;submit=Search<\/a><\/p>\n<p><a href=\"https:\/\/www.jazzaldia.eus\/es\/\" target=\"_blank\" rel=\"noopener\">https:\/\/www.jazzaldia.eus\/es\/<\/a><\/p>\n<p><a href=\"https:\/\/tomajazz.com\/web\/?s=jazzaldia&amp;submit=Search\" target=\"_blank\" rel=\"noopener\">https:\/\/tomajazz.com\/web\/?s=jazzaldia&amp;submit=Search<\/a><\/p>\n<h3>61 Jazzaldia 2026 &#8211; 61 Festival de Jazz de San Sebasti\u00e1n 2026\u00a0 en Tomajazz<\/h3>\n<blockquote class=\"wp-embedded-content\" data-secret=\"tt6XI86A7O\"><p><a href=\"https:\/\/tomajazz.com\/web\/lp-jazzaldia-2026\/\">LP (61 Jazzaldia 2026. Donosti. 2026-07-22) Por Jos\u00e9 Luis Luna Rocafort [INSTANTZZ AKA Galer\u00eda fotogr\u00e1fica AKA Fotoblog de jazz, impro\u2026 y algo m\u00e1s]<\/a><\/p><\/blockquote>\n<p><iframe loading=\"lazy\" class=\"wp-embedded-content\" sandbox=\"allow-scripts\" security=\"restricted\" style=\"position: absolute; visibility: hidden;\" title=\"\u00abLP (61 Jazzaldia 2026. Donosti. 2026-07-22) Por Jos\u00e9 Luis Luna Rocafort [INSTANTZZ AKA Galer\u00eda fotogr\u00e1fica AKA Fotoblog de jazz, impro\u2026 y algo m\u00e1s]\u00bb \u2014 Tomajazz\" src=\"https:\/\/tomajazz.com\/web\/lp-jazzaldia-2026\/embed\/#?secret=4uerlNHTrw#?secret=tt6XI86A7O\" data-secret=\"tt6XI86A7O\" width=\"600\" height=\"338\" frameborder=\"0\" marginwidth=\"0\" marginheight=\"0\" scrolling=\"no\"><\/iframe><\/p>\n<blockquote class=\"wp-embedded-content\" data-secret=\"P8bShRPBVE\"><p><a href=\"https:\/\/tomajazz.com\/web\/carmen-lundy-jazzaldia-2026\/\">Carmen Lundy (61 Jazzaldia 2026. Teatro\u00a0Victoria Eugenia. Donosti. 2026-07-22) Por Jos\u00e9 Luis Luna Rocafort [INSTANTZZ AKA Galer\u00eda fotogr\u00e1fica AKA Fotoblog de jazz, impro\u2026 y algo m\u00e1s]<\/a><\/p><\/blockquote>\n<p><iframe loading=\"lazy\" class=\"wp-embedded-content\" sandbox=\"allow-scripts\" security=\"restricted\" style=\"position: absolute; visibility: hidden;\" title=\"\u00abCarmen Lundy (61 Jazzaldia 2026. Teatro\u00a0Victoria Eugenia. Donosti. 2026-07-22) Por Jos\u00e9 Luis Luna Rocafort [INSTANTZZ AKA Galer\u00eda fotogr\u00e1fica AKA Fotoblog de jazz, impro\u2026 y algo m\u00e1s]\u00bb \u2014 Tomajazz\" src=\"https:\/\/tomajazz.com\/web\/carmen-lundy-jazzaldia-2026\/embed\/#?secret=pZk0CuIsWH#?secret=P8bShRPBVE\" data-secret=\"P8bShRPBVE\" width=\"600\" height=\"338\" frameborder=\"0\" marginwidth=\"0\" marginheight=\"0\" scrolling=\"no\"><\/iframe><\/p>\n<h3>Jos\u00e9 Luis Luna Rocafort en Tomajazz&#8230; y m\u00e1s all\u00e1&#8230;<\/h3>\n<p><a href=\"https:\/\/tomajazz.com\/web\/?cat=17846\" target=\"_blank\" rel=\"noopener\">https:\/\/tomajazz.com\/web\/?cat=17846<\/a><\/p>\n<p><a href=\"https:\/\/tomajazz.com\/web\/category\/jose-luis-luna-rocafort\/\" target=\"_blank\" rel=\"noopener\">https:\/\/tomajazz.com\/web\/category\/jose-luis-luna-rocafort\/<\/a><\/p>\n<p><a href=\"https:\/\/www.facebook.com\/joseluis.lunarocafort\" target=\"_blank\" rel=\"noopener\">https:\/\/www.facebook.com\/joseluis.lunarocafort<\/a><\/p>\n<p><a href=\"https:\/\/www.instagram.com\/jose.luis.luna.rocafort\/\" target=\"_blank\" rel=\"noopener\">https:\/\/www.instagram.com\/jose.luis.luna.rocafort\/<\/a><\/p>\n","protected":false},"excerpt":{"rendered":"<p>David Murray Quartet actu\u00f3 en el 61 Jazzaldia 2026, el 23 de julio de 2026. Jos\u00e9 Luis Luna Rocafort lo retrata en INSTANTZZ. Actuaron David Murray, Marta S\u00e1nchez, Luke Steward, Russell Carter, Francesca Cinelli<span class=\"more-link\"><a href=\"https:\/\/tomajazz.com\/web\/david-murray-quartet-jazzaldia-2026\/\">Contin\u00faa leyendo<\/a><\/span><\/p>\n","protected":false},"author":1,"featured_media":106927,"comment_status":"open","ping_status":"closed","sticky":false,"template":"","format":"standard","meta":{"_jetpack_newsletter_access":"","_jetpack_dont_email_post_to_subs":false,"_jetpack_newsletter_tier_id":0,"_jetpack_memberships_contains_paywalled_content":false,"_jetpack_feature_clip_id":0,"_jetpack_memberships_contains_paid_content":false,"footnotes":"","jetpack_post_was_ever_published":false},"categories":[33454,17846,11262,15516,11261,1038],"tags":[211,11264,33483,10088,33482,201,16869],"class_list":["entry","author-pachi","has-excerpt","post-106922","post","type-post","status-publish","format-standard","has-post-thumbnail","category-61-festival-de-jazz-de-san-sebastian-2026-jazzaldia-2026","category-jose-luis-luna-rocafort","category-photoblogs","category-imagenes","category-instantzz","category-contenidos","tag-david-murray","tag-david-murray-quartet","tag-francesca-cinelli","tag-jose-luis-luna-rocafort","tag-luke-steward","tag-marta-sanchez","tag-russell-carter"],"jetpack_likes_enabled":true,"jetpack_sharing_enabled":true,"jetpack-related-posts":[{"id":106757,"url":"https:\/\/tomajazz.com\/web\/lp-jazzaldia-2026\/","url_meta":{"origin":106922,"position":0},"title":"LP (61 Jazzaldia 2026. Donosti. 2026-07-22) Por Jos\u00e9 Luis Luna Rocafort [INSTANTZZ AKA Galer\u00eda fotogr\u00e1fica AKA Fotoblog de jazz, impro\u2026 y algo m\u00e1s]","author":"Tomajazz","date":"26 agosto, 2026","format":false,"excerpt":"LP actu\u00f3 en el 61 Jazzaldia 2026. Jos\u00e9 Luis Luna Rocafort lo retrata en INSTANTZZ. LP son Laura Pergolizzi, Andrew Martin, J. Ryan Kern, Jermaine Butler, Benjamin Hilzinger","rel":"","context":"En \u00ab61 Festival de Jazz de San Sebasti\u00e1n 2026 \u2013 Jazzaldia 2026\u00bb","block_context":{"text":"61 Festival de Jazz de San Sebasti\u00e1n 2026 \u2013 Jazzaldia 2026","link":"https:\/\/tomajazz.com\/web\/category\/contenidos\/especial-contenidos\/61-festival-de-jazz-de-san-sebastian-2026-jazzaldia-2026\/"},"img":{"alt_text":"LP (61 Jazzaldia 2026. Donosti. 2026-07-22) Por Jos\u00e9 Luis Luna Rocafort [INSTANTZZ AKA Galer\u00eda fotogr\u00e1fica AKA Fotoblog de jazz, impro\u2026 y algo m\u00e1s] - Tomajazz - LP actu\u00f3 en el 61 Jazzaldia 2026. Jos\u00e9 Luis Luna Rocafort lo retrata en INSTANTZZ. LP son Laura Pergolizzi, Andrew Martin, J. Ryan Kern, Jermaine Butler, Benjamin Hilzinger","src":"https:\/\/i0.wp.com\/tomajazz.com\/web\/wp-content\/uploads\/2026\/08\/014-11.jpg?resize=350%2C200&ssl=1","width":350,"height":200,"srcset":"https:\/\/i0.wp.com\/tomajazz.com\/web\/wp-content\/uploads\/2026\/08\/014-11.jpg?resize=350%2C200&ssl=1 1x, https:\/\/i0.wp.com\/tomajazz.com\/web\/wp-content\/uploads\/2026\/08\/014-11.jpg?resize=525%2C300&ssl=1 1.5x"},"classes":[]},{"id":106645,"url":"https:\/\/tomajazz.com\/web\/carmen-lundy-jazzaldia-2026\/","url_meta":{"origin":106922,"position":1},"title":"Carmen Lundy (61 Jazzaldia 2026. Teatro\u00a0Victoria Eugenia. Donosti. 2026-07-22) Por Jos\u00e9 Luis Luna Rocafort [INSTANTZZ AKA Galer\u00eda fotogr\u00e1fica AKA Fotoblog de jazz, impro\u2026 y algo m\u00e1s]","author":"Tomajazz","date":"21 agosto, 2026","format":false,"excerpt":"Carmen Lundy actu\u00f3 en el 61 Jazzaldia 2026. Jos\u00e9 Luis Luna Rocafort lo retrata en INSTANTZZ. Actuaron Carmen Lundy, Andrew Renfroe, Julius Rodr\u00edguez, Darryll Hall, Terreon Gulley","rel":"","context":"En \u00ab61 Festival de Jazz de San Sebasti\u00e1n 2026 \u2013 Jazzaldia 2026\u00bb","block_context":{"text":"61 Festival de Jazz de San Sebasti\u00e1n 2026 \u2013 Jazzaldia 2026","link":"https:\/\/tomajazz.com\/web\/category\/contenidos\/especial-contenidos\/61-festival-de-jazz-de-san-sebastian-2026-jazzaldia-2026\/"},"img":{"alt_text":"Carmen Lundy (61 Jazzaldia 2026. Teatro\u00a0Victoria Eugenia. Donosti. 2026-07-22) Por Jos\u00e9 Luis Luna Rocafort [INSTANTZZ AKA Galer\u00eda fotogr\u00e1fica AKA Fotoblog de jazz, impro\u2026 y algo m\u00e1s] - Tomajazz - Carmen Lundy actu\u00f3 en el 61 Jazzaldia 2026. Jos\u00e9 Luis Luna Rocafort lo retrata en INSTANTZZ. Actuaron Carmen Lundy, Andrew Renfroe, Julius Rodr\u00edguez, Darryll Hall, Terreon Gulley","src":"https:\/\/i0.wp.com\/tomajazz.com\/web\/wp-content\/uploads\/2026\/08\/016-8.jpg?resize=350%2C200&ssl=1","width":350,"height":200,"srcset":"https:\/\/i0.wp.com\/tomajazz.com\/web\/wp-content\/uploads\/2026\/08\/016-8.jpg?resize=350%2C200&ssl=1 1x, https:\/\/i0.wp.com\/tomajazz.com\/web\/wp-content\/uploads\/2026\/08\/016-8.jpg?resize=525%2C300&ssl=1 1.5x"},"classes":[]},{"id":106583,"url":"https:\/\/tomajazz.com\/web\/fran-ramos-quartet-sa-pobla-2026\/","url_meta":{"origin":106922,"position":2},"title":"Fran Ramos Quartet (32 Mallorca Jazz Sa Pobla 2026. Sa Pobla, Mallorca. 2026-07-30) Por Jos\u00e9 Luis Luna Rocafort [INSTANTZZ AKA Galer\u00eda fotogr\u00e1fica AKA Fotoblog de jazz, impro\u2026 y algo m\u00e1s]","author":"Tomajazz","date":"19 agosto, 2026","format":false,"excerpt":"Fran Ramos Quartet actu\u00f3 en el 32 Mallorca Jazz Sa Pobla 2026 en Mallorca, el 30 de julio de 2026. Jos\u00e9 Luis Luna Rocafort lo retrata en INSTANTZZ. Actuaron Fran Ramos, Diego Hervalejo, Camil Alcarazo, Enric\u00a0Fuster, Gaizka Taro","rel":"","context":"En \u00ab32 Mallorca Jazz Sa Pobla 2026\u00bb","block_context":{"text":"32 Mallorca Jazz Sa Pobla 2026","link":"https:\/\/tomajazz.com\/web\/category\/contenidos\/especial-contenidos\/32-mallorca-jazz-sa-pobla-2026\/"},"img":{"alt_text":"Fran Ramos Quartet (32 Mallorca Jazz Sa Pobla 2026. Sa Pobla, Mallorca. 2026-07-30) Por Jos\u00e9 Luis Luna Rocafort [INSTANTZZ AKA Galer\u00eda fotogr\u00e1fica AKA Fotoblog de jazz, impro\u2026 y algo m\u00e1s] - Tomajazz - Fran Ramos Quartet actu\u00f3 en el 32 Mallorca Jazz Sa Pobla 2026 en Mallorca, el 30 de julio de 202. Sa Pobla, Mallorca. 2026-07-30) Por Jos\u00e9 Luis Luna Rocafort [INSTANTZZ AKA Galer\u00eda fotogr\u00e1fica AKA Fotoblog de jazz, impro\u2026 y algo m\u00e1s]","src":"https:\/\/i0.wp.com\/tomajazz.com\/web\/wp-content\/uploads\/2026\/08\/018-4.jpg?resize=350%2C200&ssl=1","width":350,"height":200,"srcset":"https:\/\/i0.wp.com\/tomajazz.com\/web\/wp-content\/uploads\/2026\/08\/018-4.jpg?resize=350%2C200&ssl=1 1x, https:\/\/i0.wp.com\/tomajazz.com\/web\/wp-content\/uploads\/2026\/08\/018-4.jpg?resize=525%2C300&ssl=1 1.5x"},"classes":[]},{"id":106196,"url":"https:\/\/tomajazz.com\/web\/jorge-pardo-quartet-son-net-2026\/","url_meta":{"origin":106922,"position":3},"title":"Jorge Pardo Quartet (Gran Hotel Son Net, Puigpunyent, Mallorca. 2026-07-04) [INSTANTZZ AKA Galer\u00eda fotogr\u00e1fica AKA Fotoblog de jazz, impro\u2026 y algo m\u00e1s]","author":"Tomajazz","date":"5 agosto, 2026","format":false,"excerpt":"Jorge Pardo Quartet actu\u00f3 en Gran Hotel Son Net, en Puigpunyent, Mallorca, el 4 de julio de 2026. Jos\u00e9 Luis Luna Rocafort lo retrata en INSTANTZZ. Actuaron Jorge Pardo, Toni Cuenca, Josep Pou, Benji Habichuela","rel":"","context":"En \u00ab*_Jos\u00e9 Luis Luna Rocafort\u00bb","block_context":{"text":"*_Jos\u00e9 Luis Luna Rocafort","link":"https:\/\/tomajazz.com\/web\/category\/jose-luis-luna-rocafort\/"},"img":{"alt_text":"Jorge Pardo Quartet (Gran Hotel Son Net, Puigpunyent, Mallorca. 2026-07-04) [INSTANTZZ AKA Galer\u00eda fotogr\u00e1fica AKA Fotoblog de jazz, impro\u2026 y algo m\u00e1s] - Tomajazz - Jorge Pardo Quartet actu\u00f3 en Gran Hotel Son Net, en Puigpunyent, Mallorca, el 4 de julio de 2026. Jos\u00e9 Luis Luna Rocafort lo retrata en INSTANTZZ. Actuaron Jorge Pardo, Toni Cuenca, Josep Pou, Benji Habichuela","src":"https:\/\/i0.wp.com\/tomajazz.com\/web\/wp-content\/uploads\/2026\/08\/018.jpg?resize=350%2C200&ssl=1","width":350,"height":200,"srcset":"https:\/\/i0.wp.com\/tomajazz.com\/web\/wp-content\/uploads\/2026\/08\/018.jpg?resize=350%2C200&ssl=1 1x, https:\/\/i0.wp.com\/tomajazz.com\/web\/wp-content\/uploads\/2026\/08\/018.jpg?resize=525%2C300&ssl=1 1.5x"},"classes":[]},{"id":104218,"url":"https:\/\/tomajazz.com\/web\/voicello-ecleptic-quartet-palma-2026\/","url_meta":{"origin":106922,"position":4},"title":"Voicello Ecleptic Quartet (Teatre Maruja Alfaro &#8211; Mar i Terra. Palma. 2026-01-31) Por Jos\u00e9 Luis Luna Rocafort [INSTANTZZ AKA Galer\u00eda fotogr\u00e1fica AKA Fotoblog de jazz, impro\u2026 y algo m\u00e1s]","author":"Tomajazz","date":"27 febrero, 2026","format":false,"excerpt":"Voicello Ecleptic Quartet actu\u00f3 en Teatre Maruja Alfaro de Palma, el 31 de enero de 2026. Jos\u00e9 Luis Luna Rocafort lo retrata en INSTANTZZ. Actuaron Carme Gar\u00ed, Biel Fiol, Malena Moncadas, Miquel Marqu\u00e9s","rel":"","context":"En \u00abTomajazz (la revista) al completo\u00bb","block_context":{"text":"Tomajazz (la revista) al completo","link":"https:\/\/tomajazz.com\/web\/category\/contenidos\/"},"img":{"alt_text":"Voicello Ecleptic Quartet (Teatre Maruja Alfaro - Mar i Terra. Palma. 2026-01-31) Por Jos\u00e9 Luis Luna Rocafort [INSTANTZZ AKA Galer\u00eda fotogr\u00e1fica AKA Fotoblog de jazz, impro\u2026 y algo m\u00e1s] - Tomajazz - Voicello Ecleptic Quartet  actu\u00f3 en Teatre Maruja Alfaro de Palma, el 31 de enero de 2026. Jos\u00e9 Luis Luna Rocafort lo retrata en INSTANTZZ. Actuaron Carme Gar\u00ed, Biel Fiol, Malena Moncadas, Miquel Marqu\u00e9s","src":"https:\/\/i0.wp.com\/tomajazz.com\/web\/wp-content\/uploads\/2026\/02\/006-1.jpg?resize=350%2C200&ssl=1","width":350,"height":200,"srcset":"https:\/\/i0.wp.com\/tomajazz.com\/web\/wp-content\/uploads\/2026\/02\/006-1.jpg?resize=350%2C200&ssl=1 1x, https:\/\/i0.wp.com\/tomajazz.com\/web\/wp-content\/uploads\/2026\/02\/006-1.jpg?resize=525%2C300&ssl=1 1.5x"},"classes":[]},{"id":106822,"url":"https:\/\/tomajazz.com\/web\/javi-ruibal-cuarteto-xxii-jazzene-2026\/","url_meta":{"origin":106922,"position":5},"title":"Javi Ruibal Cuarteto (XII JazzE\u00f1e 2026. Teatro Victoria Eugenia, Donostia &#8211; San Sebasti\u00e1n. 2026-07-22) Por Jos\u00e9 Luis Luna Rocafort [INSTANTZZ AKA Galer\u00eda fotogr\u00e1fica AKA Fotoblog de jazz, impro\u2026 y algo m\u00e1s]","author":"Tomajazz","date":"28 agosto, 2026","format":false,"excerpt":"Javi Ruibal Cuarteto actu\u00f3 en el XXII JazzE\u00f1e 2026. Jos\u00e9 Luis Luna Rocafort lo retrata en INSTANTZZ. Javi Ruibal Cuarteto son Javi Ruibal, Diego Villegas, Oscar \u00c1lvarez, Alejandro Marcos","rel":"","context":"En \u00abXII JazzE\u00f1e 2026\u00bb","block_context":{"text":"XII JazzE\u00f1e 2026","link":"https:\/\/tomajazz.com\/web\/category\/contenidos\/especial-contenidos\/xii-jazzene-2026\/"},"img":{"alt_text":"Javi Ruibal Cuarteto (XXII JazzE\u00f1e 2026. Teatro Victoria Eugenia, Donostia - San Sebasti\u00e1n. 2026-07-22) Por Jos\u00e9 Luis Luna Rocafort [INSTANTZZ AKA Galer\u00eda fotogr\u00e1fica AKA Fotoblog de jazz, impro\u2026 y algo m\u00e1s] - Tomajazz - Javi Ruibal Cuarteto actu\u00f3 en el XXII JazzE\u00f1e 2026. Jos\u00e9 Luis Luna Rocafort lo retrata en INSTANTZZ. Javi Ruibal Cuarteto son Javi Ruibal, Diego Villegas, Oscar \u00c1lvarez, Alejandro Marcos","src":"https:\/\/i0.wp.com\/tomajazz.com\/web\/wp-content\/uploads\/2026\/08\/016-13.jpg?resize=350%2C200&ssl=1","width":350,"height":200,"srcset":"https:\/\/i0.wp.com\/tomajazz.com\/web\/wp-content\/uploads\/2026\/08\/016-13.jpg?resize=350%2C200&ssl=1 1x, https:\/\/i0.wp.com\/tomajazz.com\/web\/wp-content\/uploads\/2026\/08\/016-13.jpg?resize=525%2C300&ssl=1 1.5x"},"classes":[]}],"jetpack_featured_media_url":"https:\/\/tomajazz.com\/web\/wp-content\/uploads\/2026\/08\/005-17.jpg","_links":{"self":[{"href":"https:\/\/tomajazz.com\/web\/wp-json\/wp\/v2\/posts\/106922","targetHints":{"allow":["GET"]}}],"collection":[{"href":"https:\/\/tomajazz.com\/web\/wp-json\/wp\/v2\/posts"}],"about":[{"href":"https:\/\/tomajazz.com\/web\/wp-json\/wp\/v2\/types\/post"}],"author":[{"embeddable":true,"href":"https:\/\/tomajazz.com\/web\/wp-json\/wp\/v2\/users\/1"}],"replies":[{"embeddable":true,"href":"https:\/\/tomajazz.com\/web\/wp-json\/wp\/v2\/comments?post=106922"}],"version-history":[{"count":1,"href":"https:\/\/tomajazz.com\/web\/wp-json\/wp\/v2\/posts\/106922\/revisions"}],"predecessor-version":[{"id":106943,"href":"https:\/\/tomajazz.com\/web\/wp-json\/wp\/v2\/posts\/106922\/revisions\/106943"}],"wp:featuredmedia":[{"embeddable":true,"href":"https:\/\/tomajazz.com\/web\/wp-json\/wp\/v2\/media\/106927"}],"wp:attachment":[{"href":"https:\/\/tomajazz.com\/web\/wp-json\/wp\/v2\/media?parent=106922"}],"wp:term":[{"taxonomy":"category","embeddable":true,"href":"https:\/\/tomajazz.com\/web\/wp-json\/wp\/v2\/categories?post=106922"},{"taxonomy":"post_tag","embeddable":true,"href":"https:\/\/tomajazz.com\/web\/wp-json\/wp\/v2\/tags?post=106922"}],"curies":[{"name":"wp","href":"https:\/\/api.w.org\/{rel}","templated":true}]}}