{"id":106944,"date":"2026-09-02T12:00:30","date_gmt":"2026-09-02T10:00:30","guid":{"rendered":"https:\/\/tomajazz.com\/web\/?p=106944"},"modified":"2026-09-01T21:24:07","modified_gmt":"2026-09-01T19:24:07","slug":"sedajazz-jove-big-band-vitoria-2026","status":"publish","type":"post","link":"https:\/\/tomajazz.com\/web\/sedajazz-jove-big-band-vitoria-2026\/","title":{"rendered":"Sedajazz Jove Big Band (49 Festival de Jazz de Vitoria-Gasteiz 2026. 2026-07-11) Por Jos\u00e9 Luis Luna Rocafort [INSTANTZZ AKA Galer\u00eda fotogr\u00e1fica AKA Fotoblog de jazz, impro\u2026 y algo m\u00e1s]"},"content":{"rendered":"<h3>Sedajazz Jove Big Band<\/h3>\n<h3>49 Festival de Jazz de Vitoria-Gasteiz 2026<\/h3>\n<ul>\n<li>Fecha: S\u00e1bado, 11 de julio de 2026. 13:30 h.<\/li>\n<li>Lugar: Parque El Prado. Vitoria<\/li>\n<li>Grupo:<br \/>\n<b><b>Sedajazz Jove Big Band<\/b><\/b><\/li>\n<\/ul>\n<p style=\"text-align: center;\"><img loading=\"lazy\" decoding=\"async\" class=\"aligncenter size-full wp-image-106946\" title=\"Sedajazz Jove Big Band (49 Festival de Jazz de Vitoria-Gasteiz 2026. 2026-07-11) Por Jos\u00e9 Luis Luna Rocafort [INSTANTZZ AKA Galer\u00eda fotogr\u00e1fica AKA Fotoblog de jazz, impro\u2026 y algo m\u00e1s] Tomajazz 001\" src=\"https:\/\/tomajazz.com\/web\/wp-content\/uploads\/2026\/09\/001.jpg\" alt=\"Sedajazz Jove Big Band (49 Festival de Jazz de Vitoria-Gasteiz 2026. 2026-07-11) Por Jos\u00e9 Luis Luna Rocafort [INSTANTZZ AKA Galer\u00eda fotogr\u00e1fica AKA Fotoblog de jazz, impro\u2026 y algo m\u00e1s] - Tomajazz - Sedajazz Jove Big Band actu\u00f3 en el 49 Festival de Jazz de Vitoria-Gasteiz 2026. Jos\u00e9 Luis Luna Rocafort lo retrata en INSTANTZZ\" width=\"600\" height=\"400\" srcset=\"https:\/\/tomajazz.com\/web\/wp-content\/uploads\/2026\/09\/001.jpg 600w, https:\/\/tomajazz.com\/web\/wp-content\/uploads\/2026\/09\/001-300x200.jpg 300w, https:\/\/tomajazz.com\/web\/wp-content\/uploads\/2026\/09\/001-465x310.jpg 465w\" sizes=\"auto, (max-width: 600px) 100vw, 600px\" \/> <img loading=\"lazy\" decoding=\"async\" class=\"aligncenter size-large wp-image-106947\" title=\"Sedajazz Jove Big Band (49 Festival de Jazz de Vitoria-Gasteiz 2026. 2026-07-11) Por Jos\u00e9 Luis Luna Rocafort [INSTANTZZ AKA Galer\u00eda fotogr\u00e1fica AKA Fotoblog de jazz, impro\u2026 y algo m\u00e1s] Tomajazz 002\" src=\"https:\/\/tomajazz.com\/web\/wp-content\/uploads\/2026\/09\/002.jpg\" alt=\"Sedajazz Jove Big Band (49 Festival de Jazz de Vitoria-Gasteiz 2026. 2026-07-11) Por Jos\u00e9 Luis Luna Rocafort [INSTANTZZ AKA Galer\u00eda fotogr\u00e1fica AKA Fotoblog de jazz, impro\u2026 y algo m\u00e1s] - Tomajazz - Sedajazz Jove Big Band actu\u00f3 en el 49 Festival de Jazz de Vitoria-Gasteiz 2026. Jos\u00e9 Luis Luna Rocafort lo retrata en INSTANTZZ\" width=\"400\" height=\"600\" srcset=\"https:\/\/tomajazz.com\/web\/wp-content\/uploads\/2026\/09\/002.jpg 400w, https:\/\/tomajazz.com\/web\/wp-content\/uploads\/2026\/09\/002-200x300.jpg 200w, https:\/\/tomajazz.com\/web\/wp-content\/uploads\/2026\/09\/002-367x550.jpg 367w, https:\/\/tomajazz.com\/web\/wp-content\/uploads\/2026\/09\/002-333x500.jpg 333w\" sizes=\"auto, (max-width: 400px) 100vw, 400px\" \/> <img loading=\"lazy\" decoding=\"async\" class=\"aligncenter size-large wp-image-106948\" title=\"Sedajazz Jove Big Band (49 Festival de Jazz de Vitoria-Gasteiz 2026. 2026-07-11) Por Jos\u00e9 Luis Luna Rocafort [INSTANTZZ AKA Galer\u00eda fotogr\u00e1fica AKA Fotoblog de jazz, impro\u2026 y algo m\u00e1s] Tomajazz 003\" src=\"https:\/\/tomajazz.com\/web\/wp-content\/uploads\/2026\/09\/003.jpg\" alt=\"Sedajazz Jove Big Band (49 Festival de Jazz de Vitoria-Gasteiz 2026. 2026-07-11) Por Jos\u00e9 Luis Luna Rocafort [INSTANTZZ AKA Galer\u00eda fotogr\u00e1fica AKA Fotoblog de jazz, impro\u2026 y algo m\u00e1s] - Tomajazz - Sedajazz Jove Big Band actu\u00f3 en el 49 Festival de Jazz de Vitoria-Gasteiz 2026. Jos\u00e9 Luis Luna Rocafort lo retrata en INSTANTZZ\" width=\"600\" height=\"400\" srcset=\"https:\/\/tomajazz.com\/web\/wp-content\/uploads\/2026\/09\/003.jpg 600w, https:\/\/tomajazz.com\/web\/wp-content\/uploads\/2026\/09\/003-300x200.jpg 300w, https:\/\/tomajazz.com\/web\/wp-content\/uploads\/2026\/09\/003-465x310.jpg 465w\" sizes=\"auto, (max-width: 600px) 100vw, 600px\" \/> <img loading=\"lazy\" decoding=\"async\" class=\"aligncenter size-large wp-image-106949\" title=\"Sedajazz Jove Big Band (49 Festival de Jazz de Vitoria-Gasteiz 2026. 2026-07-11) Por Jos\u00e9 Luis Luna Rocafort [INSTANTZZ AKA Galer\u00eda fotogr\u00e1fica AKA Fotoblog de jazz, impro\u2026 y algo m\u00e1s] Tomajazz 004\" src=\"https:\/\/tomajazz.com\/web\/wp-content\/uploads\/2026\/09\/004.jpg\" alt=\"Sedajazz Jove Big Band (49 Festival de Jazz de Vitoria-Gasteiz 2026. 2026-07-11) Por Jos\u00e9 Luis Luna Rocafort [INSTANTZZ AKA Galer\u00eda fotogr\u00e1fica AKA Fotoblog de jazz, impro\u2026 y algo m\u00e1s] - Tomajazz - Sedajazz Jove Big Band actu\u00f3 en el 49 Festival de Jazz de Vitoria-Gasteiz 2026. Jos\u00e9 Luis Luna Rocafort lo retrata en INSTANTZZ\" width=\"600\" height=\"400\" srcset=\"https:\/\/tomajazz.com\/web\/wp-content\/uploads\/2026\/09\/004.jpg 600w, https:\/\/tomajazz.com\/web\/wp-content\/uploads\/2026\/09\/004-300x200.jpg 300w, https:\/\/tomajazz.com\/web\/wp-content\/uploads\/2026\/09\/004-465x310.jpg 465w\" sizes=\"auto, (max-width: 600px) 100vw, 600px\" \/> <img loading=\"lazy\" decoding=\"async\" class=\"aligncenter size-large wp-image-106950\" title=\"Sedajazz Jove Big Band (49 Festival de Jazz de Vitoria-Gasteiz 2026. 2026-07-11) Por Jos\u00e9 Luis Luna Rocafort [INSTANTZZ AKA Galer\u00eda fotogr\u00e1fica AKA Fotoblog de jazz, impro\u2026 y algo m\u00e1s] Tomajazz 005\" src=\"https:\/\/tomajazz.com\/web\/wp-content\/uploads\/2026\/09\/005.jpg\" alt=\"Sedajazz Jove Big Band (49 Festival de Jazz de Vitoria-Gasteiz 2026. 2026-07-11) Por Jos\u00e9 Luis Luna Rocafort [INSTANTZZ AKA Galer\u00eda fotogr\u00e1fica AKA Fotoblog de jazz, impro\u2026 y algo m\u00e1s] - Tomajazz - Sedajazz Jove Big Band actu\u00f3 en el 49 Festival de Jazz de Vitoria-Gasteiz 2026. Jos\u00e9 Luis Luna Rocafort lo retrata en INSTANTZZ\" width=\"600\" height=\"400\" srcset=\"https:\/\/tomajazz.com\/web\/wp-content\/uploads\/2026\/09\/005.jpg 600w, https:\/\/tomajazz.com\/web\/wp-content\/uploads\/2026\/09\/005-300x200.jpg 300w, https:\/\/tomajazz.com\/web\/wp-content\/uploads\/2026\/09\/005-465x310.jpg 465w\" sizes=\"auto, (max-width: 600px) 100vw, 600px\" \/> <img loading=\"lazy\" decoding=\"async\" class=\"aligncenter size-large wp-image-106951\" title=\"Sedajazz Jove Big Band (49 Festival de Jazz de Vitoria-Gasteiz 2026. 2026-07-11) Por Jos\u00e9 Luis Luna Rocafort [INSTANTZZ AKA Galer\u00eda fotogr\u00e1fica AKA Fotoblog de jazz, impro\u2026 y algo m\u00e1s] Tomajazz 006\" src=\"https:\/\/tomajazz.com\/web\/wp-content\/uploads\/2026\/09\/006.jpg\" alt=\"Sedajazz Jove Big Band (49 Festival de Jazz de Vitoria-Gasteiz 2026. 2026-07-11) Por Jos\u00e9 Luis Luna Rocafort [INSTANTZZ AKA Galer\u00eda fotogr\u00e1fica AKA Fotoblog de jazz, impro\u2026 y algo m\u00e1s] - Tomajazz - Sedajazz Jove Big Band actu\u00f3 en el 49 Festival de Jazz de Vitoria-Gasteiz 2026. Jos\u00e9 Luis Luna Rocafort lo retrata en INSTANTZZ\" width=\"600\" height=\"400\" srcset=\"https:\/\/tomajazz.com\/web\/wp-content\/uploads\/2026\/09\/006.jpg 600w, https:\/\/tomajazz.com\/web\/wp-content\/uploads\/2026\/09\/006-300x200.jpg 300w, https:\/\/tomajazz.com\/web\/wp-content\/uploads\/2026\/09\/006-465x310.jpg 465w\" sizes=\"auto, (max-width: 600px) 100vw, 600px\" \/> <img loading=\"lazy\" decoding=\"async\" class=\"aligncenter size-large wp-image-106952\" title=\"Sedajazz Jove Big Band (49 Festival de Jazz de Vitoria-Gasteiz 2026. 2026-07-11) Por Jos\u00e9 Luis Luna Rocafort [INSTANTZZ AKA Galer\u00eda fotogr\u00e1fica AKA Fotoblog de jazz, impro\u2026 y algo m\u00e1s] Tomajazz 007\" src=\"https:\/\/tomajazz.com\/web\/wp-content\/uploads\/2026\/09\/007.jpg\" alt=\"Sedajazz Jove Big Band (49 Festival de Jazz de Vitoria-Gasteiz 2026. 2026-07-11) Por Jos\u00e9 Luis Luna Rocafort [INSTANTZZ AKA Galer\u00eda fotogr\u00e1fica AKA Fotoblog de jazz, impro\u2026 y algo m\u00e1s] - Tomajazz - Sedajazz Jove Big Band actu\u00f3 en el 49 Festival de Jazz de Vitoria-Gasteiz 2026. Jos\u00e9 Luis Luna Rocafort lo retrata en INSTANTZZ\" width=\"600\" height=\"400\" srcset=\"https:\/\/tomajazz.com\/web\/wp-content\/uploads\/2026\/09\/007.jpg 600w, https:\/\/tomajazz.com\/web\/wp-content\/uploads\/2026\/09\/007-300x200.jpg 300w, https:\/\/tomajazz.com\/web\/wp-content\/uploads\/2026\/09\/007-465x310.jpg 465w\" sizes=\"auto, (max-width: 600px) 100vw, 600px\" \/> <img loading=\"lazy\" decoding=\"async\" class=\"aligncenter size-large wp-image-106953\" title=\"Sedajazz Jove Big Band (49 Festival de Jazz de Vitoria-Gasteiz 2026. 2026-07-11) Por Jos\u00e9 Luis Luna Rocafort [INSTANTZZ AKA Galer\u00eda fotogr\u00e1fica AKA Fotoblog de jazz, impro\u2026 y algo m\u00e1s] Tomajazz 008\" src=\"https:\/\/tomajazz.com\/web\/wp-content\/uploads\/2026\/09\/008.jpg\" alt=\"Sedajazz Jove Big Band (49 Festival de Jazz de Vitoria-Gasteiz 2026. 2026-07-11) Por Jos\u00e9 Luis Luna Rocafort [INSTANTZZ AKA Galer\u00eda fotogr\u00e1fica AKA Fotoblog de jazz, impro\u2026 y algo m\u00e1s] - Tomajazz - Sedajazz Jove Big Band actu\u00f3 en el 49 Festival de Jazz de Vitoria-Gasteiz 2026. Jos\u00e9 Luis Luna Rocafort lo retrata en INSTANTZZ\" width=\"600\" height=\"400\" srcset=\"https:\/\/tomajazz.com\/web\/wp-content\/uploads\/2026\/09\/008.jpg 600w, https:\/\/tomajazz.com\/web\/wp-content\/uploads\/2026\/09\/008-300x200.jpg 300w, https:\/\/tomajazz.com\/web\/wp-content\/uploads\/2026\/09\/008-465x310.jpg 465w\" sizes=\"auto, (max-width: 600px) 100vw, 600px\" \/> <img loading=\"lazy\" decoding=\"async\" class=\"aligncenter size-large wp-image-106954\" title=\"Sedajazz Jove Big Band (49 Festival de Jazz de Vitoria-Gasteiz 2026. 2026-07-11) Por Jos\u00e9 Luis Luna Rocafort [INSTANTZZ AKA Galer\u00eda fotogr\u00e1fica AKA Fotoblog de jazz, impro\u2026 y algo m\u00e1s] Tomajazz 009\" src=\"https:\/\/tomajazz.com\/web\/wp-content\/uploads\/2026\/09\/009.jpg\" alt=\"Sedajazz Jove Big Band (49 Festival de Jazz de Vitoria-Gasteiz 2026. 2026-07-11) Por Jos\u00e9 Luis Luna Rocafort [INSTANTZZ AKA Galer\u00eda fotogr\u00e1fica AKA Fotoblog de jazz, impro\u2026 y algo m\u00e1s] - Tomajazz - Sedajazz Jove Big Band actu\u00f3 en el 49 Festival de Jazz de Vitoria-Gasteiz 2026. Jos\u00e9 Luis Luna Rocafort lo retrata en INSTANTZZ\" width=\"400\" height=\"600\" srcset=\"https:\/\/tomajazz.com\/web\/wp-content\/uploads\/2026\/09\/009.jpg 400w, https:\/\/tomajazz.com\/web\/wp-content\/uploads\/2026\/09\/009-200x300.jpg 200w, https:\/\/tomajazz.com\/web\/wp-content\/uploads\/2026\/09\/009-367x550.jpg 367w, https:\/\/tomajazz.com\/web\/wp-content\/uploads\/2026\/09\/009-333x500.jpg 333w\" sizes=\"auto, (max-width: 400px) 100vw, 400px\" \/> <img loading=\"lazy\" decoding=\"async\" class=\"aligncenter size-large wp-image-106955\" title=\"Sedajazz Jove Big Band (49 Festival de Jazz de Vitoria-Gasteiz 2026. 2026-07-11) Por Jos\u00e9 Luis Luna Rocafort [INSTANTZZ AKA Galer\u00eda fotogr\u00e1fica AKA Fotoblog de jazz, impro\u2026 y algo m\u00e1s] Tomajazz 010\" src=\"https:\/\/tomajazz.com\/web\/wp-content\/uploads\/2026\/09\/010.jpg\" alt=\"Sedajazz Jove Big Band (49 Festival de Jazz de Vitoria-Gasteiz 2026. 2026-07-11) Por Jos\u00e9 Luis Luna Rocafort [INSTANTZZ AKA Galer\u00eda fotogr\u00e1fica AKA Fotoblog de jazz, impro\u2026 y algo m\u00e1s] - Tomajazz - Sedajazz Jove Big Band actu\u00f3 en el 49 Festival de Jazz de Vitoria-Gasteiz 2026. Jos\u00e9 Luis Luna Rocafort lo retrata en INSTANTZZ\" width=\"600\" height=\"400\" srcset=\"https:\/\/tomajazz.com\/web\/wp-content\/uploads\/2026\/09\/010.jpg 600w, https:\/\/tomajazz.com\/web\/wp-content\/uploads\/2026\/09\/010-300x200.jpg 300w, https:\/\/tomajazz.com\/web\/wp-content\/uploads\/2026\/09\/010-465x310.jpg 465w\" sizes=\"auto, (max-width: 600px) 100vw, 600px\" \/> <img loading=\"lazy\" decoding=\"async\" class=\"aligncenter size-large wp-image-106956\" title=\"Sedajazz Jove Big Band (49 Festival de Jazz de Vitoria-Gasteiz 2026. 2026-07-11) Por Jos\u00e9 Luis Luna Rocafort [INSTANTZZ AKA Galer\u00eda fotogr\u00e1fica AKA Fotoblog de jazz, impro\u2026 y algo m\u00e1s] Tomajazz 011\" src=\"https:\/\/tomajazz.com\/web\/wp-content\/uploads\/2026\/09\/011.jpg\" alt=\"Sedajazz Jove Big Band (49 Festival de Jazz de Vitoria-Gasteiz 2026. 2026-07-11) Por Jos\u00e9 Luis Luna Rocafort [INSTANTZZ AKA Galer\u00eda fotogr\u00e1fica AKA Fotoblog de jazz, impro\u2026 y algo m\u00e1s] - Tomajazz - Sedajazz Jove Big Band actu\u00f3 en el 49 Festival de Jazz de Vitoria-Gasteiz 2026. Jos\u00e9 Luis Luna Rocafort lo retrata en INSTANTZZ\" width=\"600\" height=\"400\" srcset=\"https:\/\/tomajazz.com\/web\/wp-content\/uploads\/2026\/09\/011.jpg 600w, https:\/\/tomajazz.com\/web\/wp-content\/uploads\/2026\/09\/011-300x200.jpg 300w, https:\/\/tomajazz.com\/web\/wp-content\/uploads\/2026\/09\/011-465x310.jpg 465w\" sizes=\"auto, (max-width: 600px) 100vw, 600px\" \/> <img loading=\"lazy\" decoding=\"async\" class=\"aligncenter size-large wp-image-106957\" title=\"Sedajazz Jove Big Band (49 Festival de Jazz de Vitoria-Gasteiz 2026. 2026-07-11) Por Jos\u00e9 Luis Luna Rocafort [INSTANTZZ AKA Galer\u00eda fotogr\u00e1fica AKA Fotoblog de jazz, impro\u2026 y algo m\u00e1s] Tomajazz 012\" src=\"https:\/\/tomajazz.com\/web\/wp-content\/uploads\/2026\/09\/012.jpg\" alt=\"Sedajazz Jove Big Band (49 Festival de Jazz de Vitoria-Gasteiz 2026. 2026-07-11) Por Jos\u00e9 Luis Luna Rocafort [INSTANTZZ AKA Galer\u00eda fotogr\u00e1fica AKA Fotoblog de jazz, impro\u2026 y algo m\u00e1s] - Tomajazz - Sedajazz Jove Big Band actu\u00f3 en el 49 Festival de Jazz de Vitoria-Gasteiz 2026. Jos\u00e9 Luis Luna Rocafort lo retrata en INSTANTZZ\" width=\"600\" height=\"400\" srcset=\"https:\/\/tomajazz.com\/web\/wp-content\/uploads\/2026\/09\/012.jpg 600w, https:\/\/tomajazz.com\/web\/wp-content\/uploads\/2026\/09\/012-300x200.jpg 300w, https:\/\/tomajazz.com\/web\/wp-content\/uploads\/2026\/09\/012-465x310.jpg 465w\" sizes=\"auto, (max-width: 600px) 100vw, 600px\" \/> <img loading=\"lazy\" decoding=\"async\" class=\"aligncenter size-large wp-image-106958\" title=\"Sedajazz Jove Big Band (49 Festival de Jazz de Vitoria-Gasteiz 2026. 2026-07-11) Por Jos\u00e9 Luis Luna Rocafort [INSTANTZZ AKA Galer\u00eda fotogr\u00e1fica AKA Fotoblog de jazz, impro\u2026 y algo m\u00e1s] Tomajazz 013\" src=\"https:\/\/tomajazz.com\/web\/wp-content\/uploads\/2026\/09\/013.jpg\" alt=\"Sedajazz Jove Big Band (49 Festival de Jazz de Vitoria-Gasteiz 2026. 2026-07-11) Por Jos\u00e9 Luis Luna Rocafort [INSTANTZZ AKA Galer\u00eda fotogr\u00e1fica AKA Fotoblog de jazz, impro\u2026 y algo m\u00e1s] - Tomajazz - Sedajazz Jove Big Band actu\u00f3 en el 49 Festival de Jazz de Vitoria-Gasteiz 2026. Jos\u00e9 Luis Luna Rocafort lo retrata en INSTANTZZ\" width=\"600\" height=\"400\" srcset=\"https:\/\/tomajazz.com\/web\/wp-content\/uploads\/2026\/09\/013.jpg 600w, https:\/\/tomajazz.com\/web\/wp-content\/uploads\/2026\/09\/013-300x200.jpg 300w, https:\/\/tomajazz.com\/web\/wp-content\/uploads\/2026\/09\/013-465x310.jpg 465w\" sizes=\"auto, (max-width: 600px) 100vw, 600px\" \/> <img loading=\"lazy\" decoding=\"async\" class=\"aligncenter size-large wp-image-106959\" title=\"Sedajazz Jove Big Band (49 Festival de Jazz de Vitoria-Gasteiz 2026. 2026-07-11) Por Jos\u00e9 Luis Luna Rocafort [INSTANTZZ AKA Galer\u00eda fotogr\u00e1fica AKA Fotoblog de jazz, impro\u2026 y algo m\u00e1s] Tomajazz 014\" src=\"https:\/\/tomajazz.com\/web\/wp-content\/uploads\/2026\/09\/014.jpg\" alt=\"Sedajazz Jove Big Band (49 Festival de Jazz de Vitoria-Gasteiz 2026. 2026-07-11) Por Jos\u00e9 Luis Luna Rocafort [INSTANTZZ AKA Galer\u00eda fotogr\u00e1fica AKA Fotoblog de jazz, impro\u2026 y algo m\u00e1s] - Tomajazz - Sedajazz Jove Big Band actu\u00f3 en el 49 Festival de Jazz de Vitoria-Gasteiz 2026. Jos\u00e9 Luis Luna Rocafort lo retrata en INSTANTZZ\" width=\"600\" height=\"400\" srcset=\"https:\/\/tomajazz.com\/web\/wp-content\/uploads\/2026\/09\/014.jpg 600w, https:\/\/tomajazz.com\/web\/wp-content\/uploads\/2026\/09\/014-300x200.jpg 300w, https:\/\/tomajazz.com\/web\/wp-content\/uploads\/2026\/09\/014-465x310.jpg 465w\" sizes=\"auto, (max-width: 600px) 100vw, 600px\" \/> <img loading=\"lazy\" decoding=\"async\" class=\"aligncenter size-large wp-image-106960\" title=\"Sedajazz Jove Big Band (49 Festival de Jazz de Vitoria-Gasteiz 2026. 2026-07-11) Por Jos\u00e9 Luis Luna Rocafort [INSTANTZZ AKA Galer\u00eda fotogr\u00e1fica AKA Fotoblog de jazz, impro\u2026 y algo m\u00e1s] Tomajazz 015\" src=\"https:\/\/tomajazz.com\/web\/wp-content\/uploads\/2026\/09\/015.jpg\" alt=\"Sedajazz Jove Big Band (49 Festival de Jazz de Vitoria-Gasteiz 2026. 2026-07-11) Por Jos\u00e9 Luis Luna Rocafort [INSTANTZZ AKA Galer\u00eda fotogr\u00e1fica AKA Fotoblog de jazz, impro\u2026 y algo m\u00e1s] - Tomajazz - Sedajazz Jove Big Band actu\u00f3 en el 49 Festival de Jazz de Vitoria-Gasteiz 2026. Jos\u00e9 Luis Luna Rocafort lo retrata en INSTANTZZ\" width=\"600\" height=\"400\" srcset=\"https:\/\/tomajazz.com\/web\/wp-content\/uploads\/2026\/09\/015.jpg 600w, https:\/\/tomajazz.com\/web\/wp-content\/uploads\/2026\/09\/015-300x200.jpg 300w, https:\/\/tomajazz.com\/web\/wp-content\/uploads\/2026\/09\/015-465x310.jpg 465w\" sizes=\"auto, (max-width: 600px) 100vw, 600px\" \/> <img loading=\"lazy\" decoding=\"async\" class=\"aligncenter size-large wp-image-106961\" title=\"Sedajazz Jove Big Band (49 Festival de Jazz de Vitoria-Gasteiz 2026. 2026-07-11) Por Jos\u00e9 Luis Luna Rocafort [INSTANTZZ AKA Galer\u00eda fotogr\u00e1fica AKA Fotoblog de jazz, impro\u2026 y algo m\u00e1s] Tomajazz 016\" src=\"https:\/\/tomajazz.com\/web\/wp-content\/uploads\/2026\/09\/016.jpg\" alt=\"Sedajazz Jove Big Band (49 Festival de Jazz de Vitoria-Gasteiz 2026. 2026-07-11) Por Jos\u00e9 Luis Luna Rocafort [INSTANTZZ AKA Galer\u00eda fotogr\u00e1fica AKA Fotoblog de jazz, impro\u2026 y algo m\u00e1s] - Tomajazz - Sedajazz Jove Big Band actu\u00f3 en el 49 Festival de Jazz de Vitoria-Gasteiz 2026. Jos\u00e9 Luis Luna Rocafort lo retrata en INSTANTZZ\" width=\"600\" height=\"400\" srcset=\"https:\/\/tomajazz.com\/web\/wp-content\/uploads\/2026\/09\/016.jpg 600w, https:\/\/tomajazz.com\/web\/wp-content\/uploads\/2026\/09\/016-300x200.jpg 300w, https:\/\/tomajazz.com\/web\/wp-content\/uploads\/2026\/09\/016-465x310.jpg 465w\" sizes=\"auto, (max-width: 600px) 100vw, 600px\" \/> <img loading=\"lazy\" decoding=\"async\" class=\"aligncenter size-large wp-image-106962\" title=\"Sedajazz Jove Big Band (49 Festival de Jazz de Vitoria-Gasteiz 2026. 2026-07-11) Por Jos\u00e9 Luis Luna Rocafort [INSTANTZZ AKA Galer\u00eda fotogr\u00e1fica AKA Fotoblog de jazz, impro\u2026 y algo m\u00e1s] Tomajazz 017\" src=\"https:\/\/tomajazz.com\/web\/wp-content\/uploads\/2026\/09\/017.jpg\" alt=\"Sedajazz Jove Big Band (49 Festival de Jazz de Vitoria-Gasteiz 2026. 2026-07-11) Por Jos\u00e9 Luis Luna Rocafort [INSTANTZZ AKA Galer\u00eda fotogr\u00e1fica AKA Fotoblog de jazz, impro\u2026 y algo m\u00e1s] - Tomajazz - Sedajazz Jove Big Band actu\u00f3 en el 49 Festival de Jazz de Vitoria-Gasteiz 2026. Jos\u00e9 Luis Luna Rocafort lo retrata en INSTANTZZ\" width=\"600\" height=\"400\" srcset=\"https:\/\/tomajazz.com\/web\/wp-content\/uploads\/2026\/09\/017.jpg 600w, https:\/\/tomajazz.com\/web\/wp-content\/uploads\/2026\/09\/017-300x200.jpg 300w, https:\/\/tomajazz.com\/web\/wp-content\/uploads\/2026\/09\/017-465x310.jpg 465w\" sizes=\"auto, (max-width: 600px) 100vw, 600px\" \/> <img loading=\"lazy\" decoding=\"async\" class=\"aligncenter size-large wp-image-106963\" title=\"Sedajazz Jove Big Band (49 Festival de Jazz de Vitoria-Gasteiz 2026. 2026-07-11) Por Jos\u00e9 Luis Luna Rocafort [INSTANTZZ AKA Galer\u00eda fotogr\u00e1fica AKA Fotoblog de jazz, impro\u2026 y algo m\u00e1s] Tomajazz 018\" src=\"https:\/\/tomajazz.com\/web\/wp-content\/uploads\/2026\/09\/018.jpg\" alt=\"Sedajazz Jove Big Band (49 Festival de Jazz de Vitoria-Gasteiz 2026. 2026-07-11) Por Jos\u00e9 Luis Luna Rocafort [INSTANTZZ AKA Galer\u00eda fotogr\u00e1fica AKA Fotoblog de jazz, impro\u2026 y algo m\u00e1s] - Tomajazz - Sedajazz Jove Big Band actu\u00f3 en el 49 Festival de Jazz de Vitoria-Gasteiz 2026. Jos\u00e9 Luis Luna Rocafort lo retrata en INSTANTZZ\" width=\"600\" height=\"400\" srcset=\"https:\/\/tomajazz.com\/web\/wp-content\/uploads\/2026\/09\/018.jpg 600w, https:\/\/tomajazz.com\/web\/wp-content\/uploads\/2026\/09\/018-300x200.jpg 300w, https:\/\/tomajazz.com\/web\/wp-content\/uploads\/2026\/09\/018-465x310.jpg 465w\" sizes=\"auto, (max-width: 600px) 100vw, 600px\" \/> <img loading=\"lazy\" decoding=\"async\" class=\"aligncenter size-large wp-image-106964\" title=\"Sedajazz Jove Big Band (49 Festival de Jazz de Vitoria-Gasteiz 2026. 2026-07-11) Por Jos\u00e9 Luis Luna Rocafort [INSTANTZZ AKA Galer\u00eda fotogr\u00e1fica AKA Fotoblog de jazz, impro\u2026 y algo m\u00e1s] Tomajazz 019\" src=\"https:\/\/tomajazz.com\/web\/wp-content\/uploads\/2026\/09\/019.jpg\" alt=\"Sedajazz Jove Big Band (49 Festival de Jazz de Vitoria-Gasteiz 2026. 2026-07-11) Por Jos\u00e9 Luis Luna Rocafort [INSTANTZZ AKA Galer\u00eda fotogr\u00e1fica AKA Fotoblog de jazz, impro\u2026 y algo m\u00e1s] - Tomajazz - Sedajazz Jove Big Band actu\u00f3 en el 49 Festival de Jazz de Vitoria-Gasteiz 2026. Jos\u00e9 Luis Luna Rocafort lo retrata en INSTANTZZ\" width=\"600\" height=\"400\" srcset=\"https:\/\/tomajazz.com\/web\/wp-content\/uploads\/2026\/09\/019.jpg 600w, https:\/\/tomajazz.com\/web\/wp-content\/uploads\/2026\/09\/019-300x200.jpg 300w, https:\/\/tomajazz.com\/web\/wp-content\/uploads\/2026\/09\/019-465x310.jpg 465w\" sizes=\"auto, (max-width: 600px) 100vw, 600px\" \/> <img loading=\"lazy\" decoding=\"async\" class=\"aligncenter size-large wp-image-106965\" title=\"Sedajazz Jove Big Band (49 Festival de Jazz de Vitoria-Gasteiz 2026. 2026-07-11) Por Jos\u00e9 Luis Luna Rocafort [INSTANTZZ AKA Galer\u00eda fotogr\u00e1fica AKA Fotoblog de jazz, impro\u2026 y algo m\u00e1s] Tomajazz 020\" src=\"https:\/\/tomajazz.com\/web\/wp-content\/uploads\/2026\/09\/020.jpg\" alt=\"Sedajazz Jove Big Band (49 Festival de Jazz de Vitoria-Gasteiz 2026. 2026-07-11) Por Jos\u00e9 Luis Luna Rocafort [INSTANTZZ AKA Galer\u00eda fotogr\u00e1fica AKA Fotoblog de jazz, impro\u2026 y algo m\u00e1s] - Tomajazz - Sedajazz Jove Big Band actu\u00f3 en el 49 Festival de Jazz de Vitoria-Gasteiz 2026. Jos\u00e9 Luis Luna Rocafort lo retrata en INSTANTZZ\" width=\"600\" height=\"400\" srcset=\"https:\/\/tomajazz.com\/web\/wp-content\/uploads\/2026\/09\/020.jpg 600w, https:\/\/tomajazz.com\/web\/wp-content\/uploads\/2026\/09\/020-300x200.jpg 300w, https:\/\/tomajazz.com\/web\/wp-content\/uploads\/2026\/09\/020-465x310.jpg 465w\" sizes=\"auto, (max-width: 600px) 100vw, 600px\" \/><\/p>\n<p style=\"text-align: right;\">Tomajazz: \u00a9 <strong><a href=\"https:\/\/www.facebook.com\/joseluis.lunarocafort\" target=\"_blank\" rel=\"noopener\">Jos\u00e9 Luis Luna Rocafort<\/a><\/strong>, 2026<\/p>\n<h3>M\u00e1s informaci\u00f3n sobre Sedajazz Jove Big Band y Festival de Jazz de Vitoria &#8211; Gasteiz 2026<\/h3>\n<p><a href=\"https:\/\/www.jovebigbandsedajazz.com\/\" target=\"_blank\" rel=\"noopener\">https:\/\/www.jovebigbandsedajazz.com\/<\/a><\/p>\n<p><a href=\"https:\/\/tomajazz.com\/web\/?s=sedajazz+jove+big+band&amp;submit=Search\" target=\"_blank\" rel=\"noopener\">https:\/\/tomajazz.com\/web\/?s=sedajazz+jove+big+band&amp;submit=Search<\/a><\/p>\n<p><a href=\"https:\/\/jazzvitoria.com\/\" target=\"_blank\" rel=\"noopener\">https:\/\/jazzvitoria.com\/<\/a><\/p>\n<p><a href=\"https:\/\/tomajazz.com\/web\/?s=fesival+jazz+vitoria&amp;submit=Search\" target=\"_blank\" rel=\"noopener\">https:\/\/tomajazz.com\/web\/?s=fesival+jazz+vitoria&amp;submit=Search<\/a><\/p>\n<h3>Festival de Jazz de Vitoria &#8211; Gasteiz 2026 en Tomajazz<\/h3>\n<blockquote class=\"wp-embedded-content\" data-secret=\"rTix7zxAha\"><p><a href=\"https:\/\/tomajazz.com\/web\/iosu-izaguirre-sextet-vitoria-2026\/\">Iosu Izaguirre Sextet (49 Festival de Jazz de Vitoria-Gasteiz 2026. 2026-07-15) Por Jos\u00e9 Luis Luna Rocafort [INSTANTZZ AKA Galer\u00eda fotogr\u00e1fica AKA Fotoblog de jazz, impro\u2026 y algo m\u00e1s]<\/a><\/p><\/blockquote>\n<p><iframe loading=\"lazy\" class=\"wp-embedded-content\" sandbox=\"allow-scripts\" security=\"restricted\" style=\"position: absolute; visibility: hidden;\" title=\"\u00abIosu Izaguirre Sextet (49 Festival de Jazz de Vitoria-Gasteiz 2026. 2026-07-15) Por Jos\u00e9 Luis Luna Rocafort [INSTANTZZ AKA Galer\u00eda fotogr\u00e1fica AKA Fotoblog de jazz, impro\u2026 y algo m\u00e1s]\u00bb \u2014 Tomajazz\" src=\"https:\/\/tomajazz.com\/web\/iosu-izaguirre-sextet-vitoria-2026\/embed\/#?secret=l3xhMWxwjU#?secret=rTix7zxAha\" data-secret=\"rTix7zxAha\" width=\"600\" height=\"338\" frameborder=\"0\" marginwidth=\"0\" marginheight=\"0\" scrolling=\"no\"><\/iframe><\/p>\n<blockquote class=\"wp-embedded-content\" data-secret=\"6gGdYU6LhV\"><p><a href=\"https:\/\/tomajazz.com\/web\/gasteiz-big-band-vitoria-2026\/\">Gasteiz Big Band (49 Festival de Jazz de Vitoria-Gasteiz 2026. 2026-07-11) Por Jos\u00e9 Luis Luna Rocafort [INSTANTZZ AKA Galer\u00eda fotogr\u00e1fica AKA Fotoblog de jazz, impro\u2026 y algo m\u00e1s]<\/a><\/p><\/blockquote>\n<p><iframe loading=\"lazy\" class=\"wp-embedded-content\" sandbox=\"allow-scripts\" security=\"restricted\" style=\"position: absolute; visibility: hidden;\" title=\"\u00abGasteiz Big Band (49 Festival de Jazz de Vitoria-Gasteiz 2026. 2026-07-11) Por Jos\u00e9 Luis Luna Rocafort [INSTANTZZ AKA Galer\u00eda fotogr\u00e1fica AKA Fotoblog de jazz, impro\u2026 y algo m\u00e1s]\u00bb \u2014 Tomajazz\" src=\"https:\/\/tomajazz.com\/web\/gasteiz-big-band-vitoria-2026\/embed\/#?secret=iJ8hCOInI4#?secret=6gGdYU6LhV\" data-secret=\"6gGdYU6LhV\" width=\"600\" height=\"338\" frameborder=\"0\" marginwidth=\"0\" marginheight=\"0\" scrolling=\"no\"><\/iframe><\/p>\n<blockquote class=\"wp-embedded-content\" data-secret=\"vrrrFHsh5c\"><p><a href=\"https:\/\/tomajazz.com\/web\/rupanco-vitoria-2026\/\">Rupanco (49 Festival de Jazz de Vitoria-Gasteiz 2026. 2026-07-10) Por Jos\u00e9 Luis Luna Rocafort [INSTANTZZ AKA Galer\u00eda fotogr\u00e1fica AKA Fotoblog de jazz, impro\u2026 y algo m\u00e1s]<\/a><\/p><\/blockquote>\n<p><iframe loading=\"lazy\" class=\"wp-embedded-content\" sandbox=\"allow-scripts\" security=\"restricted\" style=\"position: absolute; visibility: hidden;\" title=\"\u00abRupanco (49 Festival de Jazz de Vitoria-Gasteiz 2026. 2026-07-10) Por Jos\u00e9 Luis Luna Rocafort [INSTANTZZ AKA Galer\u00eda fotogr\u00e1fica AKA Fotoblog de jazz, impro\u2026 y algo m\u00e1s]\u00bb \u2014 Tomajazz\" src=\"https:\/\/tomajazz.com\/web\/rupanco-vitoria-2026\/embed\/#?secret=7LGHssFB8e#?secret=vrrrFHsh5c\" data-secret=\"vrrrFHsh5c\" width=\"600\" height=\"338\" frameborder=\"0\" marginwidth=\"0\" marginheight=\"0\" scrolling=\"no\"><\/iframe><\/p>\n<blockquote class=\"wp-embedded-content\" data-secret=\"JXSXZgLjVE\"><p><a href=\"https:\/\/tomajazz.com\/web\/amaro-freitas-trio-vitoria-2026\/\">Amaro Freitas Tr\u00edo (49 Festival de Jazz de Vitoria-Gasteiz 2026. 2026-07-13) Por Jos\u00e9 Luis Luna Rocafort [INSTANTZZ AKA Galer\u00eda fotogr\u00e1fica AKA Fotoblog de jazz, impro\u2026 y algo m\u00e1s]<\/a><\/p><\/blockquote>\n<p><iframe loading=\"lazy\" class=\"wp-embedded-content\" sandbox=\"allow-scripts\" security=\"restricted\" style=\"position: absolute; visibility: hidden;\" title=\"\u00abAmaro Freitas Tr\u00edo (49 Festival de Jazz de Vitoria-Gasteiz 2026. 2026-07-13) Por Jos\u00e9 Luis Luna Rocafort [INSTANTZZ AKA Galer\u00eda fotogr\u00e1fica AKA Fotoblog de jazz, impro\u2026 y algo m\u00e1s]\u00bb \u2014 Tomajazz\" src=\"https:\/\/tomajazz.com\/web\/amaro-freitas-trio-vitoria-2026\/embed\/#?secret=n4YNHnJFla#?secret=JXSXZgLjVE\" data-secret=\"JXSXZgLjVE\" width=\"600\" height=\"338\" frameborder=\"0\" marginwidth=\"0\" marginheight=\"0\" scrolling=\"no\"><\/iframe><\/p>\n<h3>Jos\u00e9 Luis Luna Rocafort en Tomajazz&#8230; y m\u00e1s all\u00e1&#8230;<\/h3>\n<p><a href=\"https:\/\/tomajazz.com\/web\/?cat=17846\" target=\"_blank\" rel=\"noopener\">https:\/\/tomajazz.com\/web\/?cat=17846<\/a><\/p>\n<p><a href=\"https:\/\/tomajazz.com\/web\/category\/jose-luis-luna-rocafort\/\" target=\"_blank\" rel=\"noopener\">https:\/\/tomajazz.com\/web\/category\/jose-luis-luna-rocafort\/<\/a><\/p>\n<p><a href=\"https:\/\/www.facebook.com\/joseluis.lunarocafort\" target=\"_blank\" rel=\"noopener\">https:\/\/www.facebook.com\/joseluis.lunarocafort<\/a><\/p>\n<p><a href=\"https:\/\/www.instagram.com\/jose.luis.luna.rocafort\/\" target=\"_blank\" rel=\"noopener\">https:\/\/www.instagram.com\/jose.luis.luna.rocafort\/<\/a><\/p>\n","protected":false},"excerpt":{"rendered":"<p>Sedajazz Jove Big Band actu\u00f3 en el 49 Festival de Jazz de Vitoria-Gasteiz 2026. Jos\u00e9 Luis Luna Rocafort lo retrata en INSTANTZZ<span class=\"more-link\"><a href=\"https:\/\/tomajazz.com\/web\/sedajazz-jove-big-band-vitoria-2026\/\">Contin\u00faa leyendo<\/a><\/span><\/p>\n","protected":false},"author":1,"featured_media":106958,"comment_status":"open","ping_status":"closed","sticky":false,"template":"","format":"standard","meta":{"_jetpack_newsletter_access":"","_jetpack_dont_email_post_to_subs":false,"_jetpack_newsletter_tier_id":0,"_jetpack_memberships_contains_paywalled_content":false,"_jetpack_feature_clip_id":0,"_jetpack_memberships_contains_paid_content":false,"footnotes":"","jetpack_post_was_ever_published":false},"categories":[33431,17846,11262,15516,11261,1038],"tags":[10088,33484],"class_list":["entry","author-pachi","has-excerpt","post-106944","post","type-post","status-publish","format-standard","has-post-thumbnail","category-49-festival-de-jazz-de-vitoria-gasteiz-2026","category-jose-luis-luna-rocafort","category-photoblogs","category-imagenes","category-instantzz","category-contenidos","tag-jose-luis-luna-rocafort","tag-sedajazz-jove-big-band"],"jetpack_likes_enabled":true,"jetpack_sharing_enabled":true,"jetpack-related-posts":[{"id":106797,"url":"https:\/\/tomajazz.com\/web\/gasteiz-big-band-vitoria-2026\/","url_meta":{"origin":106944,"position":0},"title":"Gasteiz Big Band (49 Festival de Jazz de Vitoria-Gasteiz 2026. 2026-07-11) Por Jos\u00e9 Luis Luna Rocafort [INSTANTZZ AKA Galer\u00eda fotogr\u00e1fica AKA Fotoblog de jazz, impro\u2026 y algo m\u00e1s]","author":"Tomajazz","date":"27 agosto, 2026","format":false,"excerpt":"Gasteiz Big Band actu\u00f3 en el 49 Festival de Jazz de Vitoria-Gasteiz 2026. Jos\u00e9 Luis Luna Rocafort lo retrata en INSTANTZZ","rel":"","context":"En \u00ab49 Festival de Jazz de Vitoria-Gasteiz 2026\u00bb","block_context":{"text":"49 Festival de Jazz de Vitoria-Gasteiz 2026","link":"https:\/\/tomajazz.com\/web\/category\/contenidos\/especial-contenidos\/49-festival-de-jazz-de-vitoria-gasteiz-2026\/"},"img":{"alt_text":"Gasteiz Big Band (49 Festival de Jazz de Vitoria-Gasteiz 2026. 2026-07-11) Por Jos\u00e9 Luis Luna Rocafort [INSTANTZZ AKA Galer\u00eda fotogr\u00e1fica AKA Fotoblog de jazz, impro\u2026 y algo m\u00e1s] - Tomajazz - Gasteiz Big Band actu\u00f3 en el 49 Festival de Jazz de Vitoria-Gasteiz 2026. Jos\u00e9 Luis Luna Rocafort lo retrata en INSTANTZZ","src":"https:\/\/i0.wp.com\/tomajazz.com\/web\/wp-content\/uploads\/2026\/08\/014-12.jpg?resize=350%2C200&ssl=1","width":350,"height":200,"srcset":"https:\/\/i0.wp.com\/tomajazz.com\/web\/wp-content\/uploads\/2026\/08\/014-12.jpg?resize=350%2C200&ssl=1 1x, https:\/\/i0.wp.com\/tomajazz.com\/web\/wp-content\/uploads\/2026\/08\/014-12.jpg?resize=525%2C300&ssl=1 1.5x"},"classes":[]},{"id":106468,"url":"https:\/\/tomajazz.com\/web\/amaro-freitas-trio-vitoria-2026\/","url_meta":{"origin":106944,"position":1},"title":"Amaro Freitas Tr\u00edo (49 Festival de Jazz de Vitoria-Gasteiz 2026. 2026-07-13) Por Jos\u00e9 Luis Luna Rocafort [INSTANTZZ AKA Galer\u00eda fotogr\u00e1fica AKA Fotoblog de jazz, impro\u2026 y algo m\u00e1s]","author":"Tomajazz","date":"14 agosto, 2026","format":false,"excerpt":"Amaro Freitas Tr\u00edo actu\u00f3 en el 49 Festival de Jazz de Vitoria-Gasteiz 2026, el 13 de julio de 2026. Jos\u00e9 Luis Luna Rocafort lo retrata en INSTANTZZ. Actuaron Amaro Freitas, Sidiel Vieira, Rodrigo Digao Brez","rel":"","context":"En \u00ab*_Jos\u00e9 Luis Luna Rocafort\u00bb","block_context":{"text":"*_Jos\u00e9 Luis Luna Rocafort","link":"https:\/\/tomajazz.com\/web\/category\/jose-luis-luna-rocafort\/"},"img":{"alt_text":"Amaro Freitas Tr\u00edo (49 Festival de Jazz de Vitoria-Gasteiz 2026. 2026-07-13) Por Jos\u00e9 Luis Luna Rocafort [INSTANTZZ AKA Galer\u00eda fotogr\u00e1fica AKA Fotoblog de jazz, impro\u2026 y algo m\u00e1s] - Tomajazz - Amaro Freitas Tr\u00edo actu\u00f3 en el 49 Festival de Jazz de Vitoria-Gasteiz 2026, el 13 de julio de 2026. Jos\u00e9 Luis Luna Rocafort lo retrata en INSTANTZZ. Actuaron Amaro Freitas, Sidiel Vieira, Rodrigo Digao Brez","src":"https:\/\/i0.wp.com\/tomajazz.com\/web\/wp-content\/uploads\/2026\/08\/020-3.jpg?resize=350%2C200&ssl=1","width":350,"height":200,"srcset":"https:\/\/i0.wp.com\/tomajazz.com\/web\/wp-content\/uploads\/2026\/08\/020-3.jpg?resize=350%2C200&ssl=1 1x, https:\/\/i0.wp.com\/tomajazz.com\/web\/wp-content\/uploads\/2026\/08\/020-3.jpg?resize=525%2C300&ssl=1 1.5x"},"classes":[]},{"id":106737,"url":"https:\/\/tomajazz.com\/web\/new-jazz-underground-vitoria-2026\/","url_meta":{"origin":106944,"position":2},"title":"New Jazz Underground (49 Festival de Jazz de Vitoria-Gasteiz 2026. 2026-07-14) Por Jos\u00e9 Luis Luna Rocafort [INSTANTZZ AKA Galer\u00eda fotogr\u00e1fica AKA Fotoblog de jazz, impro\u2026 y algo m\u00e1s]","author":"Tomajazz","date":"25 agosto, 2026","format":false,"excerpt":"New Jazz Underground actu\u00f3 en el 49 Festival de Jazz de Vitoria-Gasteiz 2026. Jos\u00e9 Luis Luna Rocafort lo retrata en INSTANTZZ. New Jazz Underground son Abdias Armenteros, Sebastian R\u00edos, TJ Reddick","rel":"","context":"En \u00ab49 Festival de Jazz de Vitoria-Gasteiz 2026\u00bb","block_context":{"text":"49 Festival de Jazz de Vitoria-Gasteiz 2026","link":"https:\/\/tomajazz.com\/web\/category\/contenidos\/especial-contenidos\/49-festival-de-jazz-de-vitoria-gasteiz-2026\/"},"img":{"alt_text":"New Jazz Underground (49 Festival de Jazz de Vitoria-Gasteiz 2026. 2026-07-14) Por Jos\u00e9 Luis Luna Rocafort [INSTANTZZ AKA Galer\u00eda fotogr\u00e1fica AKA Fotoblog de jazz, impro\u2026 y algo m\u00e1s] - Tomajazz - New Jazz Underground actu\u00f3 en el 49 Festival de Jazz de Vitoria-Gasteiz 2026. Jos\u00e9 Luis Luna Rocafort lo retrata en INSTANTZZ. New Jazz Underground son Abdias Armenteros, Sebastian R\u00edos, TJ Reddick","src":"https:\/\/i0.wp.com\/tomajazz.com\/web\/wp-content\/uploads\/2026\/08\/010-12.jpg?resize=350%2C200&ssl=1","width":350,"height":200,"srcset":"https:\/\/i0.wp.com\/tomajazz.com\/web\/wp-content\/uploads\/2026\/08\/010-12.jpg?resize=350%2C200&ssl=1 1x, https:\/\/i0.wp.com\/tomajazz.com\/web\/wp-content\/uploads\/2026\/08\/010-12.jpg?resize=525%2C300&ssl=1 1.5x"},"classes":[]},{"id":106565,"url":"https:\/\/tomajazz.com\/web\/rupanco-vitoria-2026\/","url_meta":{"origin":106944,"position":3},"title":"Rupanco (49 Festival de Jazz de Vitoria-Gasteiz 2026. 2026-07-10) Por Jos\u00e9 Luis Luna Rocafort [INSTANTZZ AKA Galer\u00eda fotogr\u00e1fica AKA Fotoblog de jazz, impro\u2026 y algo m\u00e1s]","author":"Tomajazz","date":"18 agosto, 2026","format":false,"excerpt":"Rupanco actu\u00f3 en el 49 Festival de Jazz de Vitoria-Gasteiz 2026. Jos\u00e9 Luis Luna Rocafort lo retrata en INSTANTZZ. Rupanco son Agust\u00edn Chaves, Jon G. Labat, Jorge S\u00e1nchez, Aritza Castro, Aimar Palacios","rel":"","context":"En \u00ab49 Festival de Jazz de Vitoria-Gasteiz 2026\u00bb","block_context":{"text":"49 Festival de Jazz de Vitoria-Gasteiz 2026","link":"https:\/\/tomajazz.com\/web\/category\/contenidos\/especial-contenidos\/49-festival-de-jazz-de-vitoria-gasteiz-2026\/"},"img":{"alt_text":"Rupanco (49 Festival de Jazz de Vitoria-Gasteiz 2026. 2026-07-08) Por Jos\u00e9 Luis Luna Rocafort [INSTANTZZ AKA Galer\u00eda fotogr\u00e1fica AKA Fotoblog de jazz, impro\u2026 y algo m\u00e1s] - Tomajazz - Rupanco actu\u00f3 en el 49 Festival de Jazz de Vitoria-Gasteiz 2026. Jos\u00e9 Luis Luna Rocafort lo retrata en INSTANTZZ. Rupanco son Agust\u00edn Chaves, Jon G. Labat, Jorge S\u00e1nchez, Aritza Castro, Aimar Palacios","src":"https:\/\/i0.wp.com\/tomajazz.com\/web\/wp-content\/uploads\/2026\/08\/002-7.jpg?resize=350%2C200&ssl=1","width":350,"height":200,"srcset":"https:\/\/i0.wp.com\/tomajazz.com\/web\/wp-content\/uploads\/2026\/08\/002-7.jpg?resize=350%2C200&ssl=1 1x, https:\/\/i0.wp.com\/tomajazz.com\/web\/wp-content\/uploads\/2026\/08\/002-7.jpg?resize=525%2C300&ssl=1 1.5x"},"classes":[]},{"id":106877,"url":"https:\/\/tomajazz.com\/web\/iosu-izaguirre-sextet-vitoria-2026\/","url_meta":{"origin":106944,"position":4},"title":"Iosu Izaguirre Sextet (49 Festival de Jazz de Vitoria-Gasteiz 2026. 2026-07-15) Por Jos\u00e9 Luis Luna Rocafort [INSTANTZZ AKA Galer\u00eda fotogr\u00e1fica AKA Fotoblog de jazz, impro\u2026 y algo m\u00e1s]","author":"Tomajazz","date":"31 agosto, 2026","format":false,"excerpt":"Iosu Izaguirre Sextet actu\u00f3 en el 49 Festival de Jazz de Vitoria-Gasteiz 2026, el 15 de julio de 2026. Jos\u00e9 Luis Luna Rocafort lo retrata en INSTANTZZ. Iosu Izaguirre Sextet son Iosu Izaguirre, Pablo Ramos, Rub\u00e9n Salvador, Asier Iturbe, Koldo Uriarte, Aitor Bravo, Virginia de la Casa","rel":"","context":"En \u00ab49 Festival de Jazz de Vitoria-Gasteiz 2026\u00bb","block_context":{"text":"49 Festival de Jazz de Vitoria-Gasteiz 2026","link":"https:\/\/tomajazz.com\/web\/category\/contenidos\/especial-contenidos\/49-festival-de-jazz-de-vitoria-gasteiz-2026\/"},"img":{"alt_text":"Iosu Izaguirre Sextet (49 Festival de Jazz de Vitoria-Gasteiz 2026. 2026-07-15) Por Jos\u00e9 Luis Luna Rocafort [INSTANTZZ AKA Galer\u00eda fotogr\u00e1fica AKA Fotoblog de jazz, impro\u2026 y algo m\u00e1s] - Tomajazz - Iosu Izaguirre Sextet actu\u00f3 en el 49 Festival de Jazz de Vitoria-Gasteiz 2026, el 15 de julio de 2026. Jos\u00e9 Luis Luna Rocafort lo retrata en INSTANTZZ. Iosu Izaguirre Sextet son Iosu Izaguirre, Pablo Ramos, Rub\u00e9n Salvador, Asier Iturbe, Koldo Uriarte, Aitor Bravo, Virginia de la Casa","src":"https:\/\/i0.wp.com\/tomajazz.com\/web\/wp-content\/uploads\/2026\/08\/016-14.jpg?resize=350%2C200&ssl=1","width":350,"height":200,"srcset":"https:\/\/i0.wp.com\/tomajazz.com\/web\/wp-content\/uploads\/2026\/08\/016-14.jpg?resize=350%2C200&ssl=1 1x, https:\/\/i0.wp.com\/tomajazz.com\/web\/wp-content\/uploads\/2026\/08\/016-14.jpg?resize=525%2C300&ssl=1 1.5x"},"classes":[]},{"id":100342,"url":"https:\/\/tomajazz.com\/web\/jove-big-band-sedajazz-37-eivissa-jazz-2025\/","url_meta":{"origin":106944,"position":5},"title":"Jove Big Band Sedajazz (37 Eivissa Jazz 2025. Passeig Vara de Rey. Eivissa. 2025-09-01) Por Jos\u00e9 Luis Luna Rocafort [INSTANTZZ AKA Galer\u00eda fotogr\u00e1fica AKA Fotoblog de jazz, impro\u2026 y algo m\u00e1s]","author":"Tomajazz","date":"11 octubre, 2025","format":false,"excerpt":"Jove Big Band Sedajazz actu\u00f3 en el 37 Eivissa Jazz 2025, el d\u00eda 1 de septiembre. Jos\u00e9 Luis Luna Rocafort lo retrata en INSTANTZZ","rel":"","context":"En \u00ab37 Eivissa Jazz 2025\u00bb","block_context":{"text":"37 Eivissa Jazz 2025","link":"https:\/\/tomajazz.com\/web\/category\/contenidos\/especial-contenidos\/37-eivissa-jazz-2025\/"},"img":{"alt_text":"Jove Big Band Sedajazz (37 Eivissa Jazz 2025. Baluard de Santa Ll\u00facia. Eivissa. 2025-09-01) Por Jos\u00e9 Luis Luna Rocafort [INSTANTZZ AKA Galer\u00eda fotogr\u00e1fica AKA Fotoblog de jazz, impro\u2026 y algo m\u00e1s] - Tomajazz - Jove Big Band Sedajazz actu\u00f3 en el 37 Eivissa Jazz 2025, el d\u00eda 1 de septiembre. Jos\u00e9 Luis Luna Rocafort [INSTANTZZ","src":"https:\/\/i0.wp.com\/tomajazz.com\/web\/wp-content\/uploads\/2025\/10\/022.jpg?resize=350%2C200&ssl=1","width":350,"height":200,"srcset":"https:\/\/i0.wp.com\/tomajazz.com\/web\/wp-content\/uploads\/2025\/10\/022.jpg?resize=350%2C200&ssl=1 1x, https:\/\/i0.wp.com\/tomajazz.com\/web\/wp-content\/uploads\/2025\/10\/022.jpg?resize=525%2C300&ssl=1 1.5x"},"classes":[]}],"jetpack_featured_media_url":"https:\/\/tomajazz.com\/web\/wp-content\/uploads\/2026\/09\/013.jpg","_links":{"self":[{"href":"https:\/\/tomajazz.com\/web\/wp-json\/wp\/v2\/posts\/106944","targetHints":{"allow":["GET"]}}],"collection":[{"href":"https:\/\/tomajazz.com\/web\/wp-json\/wp\/v2\/posts"}],"about":[{"href":"https:\/\/tomajazz.com\/web\/wp-json\/wp\/v2\/types\/post"}],"author":[{"embeddable":true,"href":"https:\/\/tomajazz.com\/web\/wp-json\/wp\/v2\/users\/1"}],"replies":[{"embeddable":true,"href":"https:\/\/tomajazz.com\/web\/wp-json\/wp\/v2\/comments?post=106944"}],"version-history":[{"count":1,"href":"https:\/\/tomajazz.com\/web\/wp-json\/wp\/v2\/posts\/106944\/revisions"}],"predecessor-version":[{"id":106966,"href":"https:\/\/tomajazz.com\/web\/wp-json\/wp\/v2\/posts\/106944\/revisions\/106966"}],"wp:featuredmedia":[{"embeddable":true,"href":"https:\/\/tomajazz.com\/web\/wp-json\/wp\/v2\/media\/106958"}],"wp:attachment":[{"href":"https:\/\/tomajazz.com\/web\/wp-json\/wp\/v2\/media?parent=106944"}],"wp:term":[{"taxonomy":"category","embeddable":true,"href":"https:\/\/tomajazz.com\/web\/wp-json\/wp\/v2\/categories?post=106944"},{"taxonomy":"post_tag","embeddable":true,"href":"https:\/\/tomajazz.com\/web\/wp-json\/wp\/v2\/tags?post=106944"}],"curies":[{"name":"wp","href":"https:\/\/api.w.org\/{rel}","templated":true}]}}