{"id":106968,"date":"2026-09-03T12:00:46","date_gmt":"2026-09-03T10:00:46","guid":{"rendered":"https:\/\/tomajazz.com\/web\/?p=106968"},"modified":"2026-09-02T21:52:05","modified_gmt":"2026-09-02T19:52:05","slug":"cantes-malditos-mendez-higuero-desvario-flamenco-2026","status":"publish","type":"post","link":"https:\/\/tomajazz.com\/web\/cantes-malditos-mendez-higuero-desvario-flamenco-2026\/","title":{"rendered":"Cantes Malditos \/ Jes\u00fas M\u00e9ndez &#038; Antonio Higuero (Desvar\u00edo Flamenco\/ Pla\u00e7a Major Nou Barris, 2026-07-17 \/ Barcelona) [2] Por Joan Cort\u00e8s [Flamencuras AKA INSTANTZZ AKA Galer\u00eda fotogr\u00e1fica AKA Fotoblog de jazz, impro\u2026 y algo m\u00e1s]"},"content":{"rendered":"<h3>Cantes Malditos \/ Jes\u00fas M\u00e9ndez &amp; Antonio Higuero<\/h3>\n<h3 class=\" loop-title entry-title\">Desvar\u00edo Flamenco Nou Barris 2026<\/h3>\n<ul>\n<li>Fecha: Viernes, 17 de julio de 2026<\/li>\n<li>Lugar: Pla\u00e7a Major Nou Barris (Barcelona)<\/li>\n<li>Grupos:<br \/>\n<strong>Cantes Malditos<\/strong> (21h30)<br \/>\nAntonio Fern\u00e1ndez, cante<br \/>\nPedro de Dios, guitarra el\u00e9ctrica<br \/>\nJos\u00e9 Antonio S\u00e1nchez, bajo<br \/>\nAntonio Garc\u00eda \u201cPelomono\u201d, bater\u00eda<br \/>\n<strong>Jes\u00fas M\u00e9ndez &amp; Antonio Higuero <\/strong>(23h00)<br \/>\nJes\u00fas M\u00e9ndez, cante<br \/>\nAntonio Higuero, guitarra<\/li>\n<\/ul>\n<hr \/>\n<h3><strong>Cantes Malditos\u00a0<\/strong><\/h3>\n<p style=\"text-align: center;\"><img loading=\"lazy\" decoding=\"async\" class=\"aligncenter size-full wp-image-106970\" title=\"Cantes Malditos \/ Jes\u00fas M\u00e9ndez &amp; Antonio Higuero (Desvar\u00edo Flamenco\/ Pla\u00e7a Major Nou Barris, 2026-07-17 \/ Barcelona) [2] Por Joan Cort\u00e8s [Flamencuras AKA INSTANTZZ AKA Galer\u00eda fotogr\u00e1fica AKA Fotoblog de jazz, impro\u2026 y algo m\u00e1s] Tomajazz 01 Cnts Mldts \u00a9Joan Cort\u00e8s 17jll26 Dsvr Flmnc PMdNB Bcn\" src=\"https:\/\/tomajazz.com\/web\/wp-content\/uploads\/2026\/09\/01-Cnts-Mldts-\u00a9Joan-Cortes-17jll26-Dsvr-Flmnc-PMdNB-Bcn.jpg\" alt=\"Cantes Malditos \/ Jes\u00fas M\u00e9ndez &amp; Antonio Higuero (Desvar\u00edo Flamenco\/ Pla\u00e7a Major Nou Barris, 2026-07-17 \/ Barcelona) [2] Por Joan Cort\u00e8s [Flamencuras AKA INSTANTZZ AKA Galer\u00eda fotogr\u00e1fica AKA Fotoblog de jazz, impro\u2026 y algo m\u00e1s] - Tomajazz\" width=\"400\" height=\"600\" srcset=\"https:\/\/tomajazz.com\/web\/wp-content\/uploads\/2026\/09\/01-Cnts-Mldts-\u00a9Joan-Cortes-17jll26-Dsvr-Flmnc-PMdNB-Bcn.jpg 400w, https:\/\/tomajazz.com\/web\/wp-content\/uploads\/2026\/09\/01-Cnts-Mldts-\u00a9Joan-Cortes-17jll26-Dsvr-Flmnc-PMdNB-Bcn-200x300.jpg 200w, https:\/\/tomajazz.com\/web\/wp-content\/uploads\/2026\/09\/01-Cnts-Mldts-\u00a9Joan-Cortes-17jll26-Dsvr-Flmnc-PMdNB-Bcn-367x550.jpg 367w, https:\/\/tomajazz.com\/web\/wp-content\/uploads\/2026\/09\/01-Cnts-Mldts-\u00a9Joan-Cortes-17jll26-Dsvr-Flmnc-PMdNB-Bcn-333x500.jpg 333w\" sizes=\"auto, (max-width: 400px) 100vw, 400px\" \/> <img loading=\"lazy\" decoding=\"async\" class=\"aligncenter size-large wp-image-106971\" title=\"Cantes Malditos \/ Jes\u00fas M\u00e9ndez &amp; Antonio Higuero (Desvar\u00edo Flamenco\/ Pla\u00e7a Major Nou Barris, 2026-07-17 \/ Barcelona) [2] Por Joan Cort\u00e8s [Flamencuras AKA INSTANTZZ AKA Galer\u00eda fotogr\u00e1fica AKA Fotoblog de jazz, impro\u2026 y algo m\u00e1s] Tomajazz 02 Cnts Mldts \u00a9Joan Cort\u00e8s 17jll26 Dsvr Flmnc PMdNB Bcn\" src=\"https:\/\/tomajazz.com\/web\/wp-content\/uploads\/2026\/09\/02-Cnts-Mldts-\u00a9Joan-Cortes-17jll26-Dsvr-Flmnc-PMdNB-Bcn.jpg\" alt=\"Cantes Malditos \/ Jes\u00fas M\u00e9ndez &amp; Antonio Higuero (Desvar\u00edo Flamenco\/ Pla\u00e7a Major Nou Barris, 2026-07-17 \/ Barcelona) [2] Por Joan Cort\u00e8s [Flamencuras AKA INSTANTZZ AKA Galer\u00eda fotogr\u00e1fica AKA Fotoblog de jazz, impro\u2026 y algo m\u00e1s] - Tomajazz\" width=\"600\" height=\"400\" srcset=\"https:\/\/tomajazz.com\/web\/wp-content\/uploads\/2026\/09\/02-Cnts-Mldts-\u00a9Joan-Cortes-17jll26-Dsvr-Flmnc-PMdNB-Bcn.jpg 600w, https:\/\/tomajazz.com\/web\/wp-content\/uploads\/2026\/09\/02-Cnts-Mldts-\u00a9Joan-Cortes-17jll26-Dsvr-Flmnc-PMdNB-Bcn-300x200.jpg 300w, https:\/\/tomajazz.com\/web\/wp-content\/uploads\/2026\/09\/02-Cnts-Mldts-\u00a9Joan-Cortes-17jll26-Dsvr-Flmnc-PMdNB-Bcn-465x310.jpg 465w\" sizes=\"auto, (max-width: 600px) 100vw, 600px\" \/> <img loading=\"lazy\" decoding=\"async\" class=\"aligncenter size-large wp-image-106972\" title=\"Cantes Malditos \/ Jes\u00fas M\u00e9ndez &amp; Antonio Higuero (Desvar\u00edo Flamenco\/ Pla\u00e7a Major Nou Barris, 2026-07-17 \/ Barcelona) [2] Por Joan Cort\u00e8s [Flamencuras AKA INSTANTZZ AKA Galer\u00eda fotogr\u00e1fica AKA Fotoblog de jazz, impro\u2026 y algo m\u00e1s] Tomajazz 03 Cnts Mldts \u00a9Joan Cort\u00e8s 17jll26 Dsvr Flmnc PMdNB Bcn\" src=\"https:\/\/tomajazz.com\/web\/wp-content\/uploads\/2026\/09\/03-Cnts-Mldts-\u00a9Joan-Cortes-17jll26-Dsvr-Flmnc-PMdNB-Bcn.jpg\" alt=\"Cantes Malditos \/ Jes\u00fas M\u00e9ndez &amp; Antonio Higuero (Desvar\u00edo Flamenco\/ Pla\u00e7a Major Nou Barris, 2026-07-17 \/ Barcelona) [2] Por Joan Cort\u00e8s [Flamencuras AKA INSTANTZZ AKA Galer\u00eda fotogr\u00e1fica AKA Fotoblog de jazz, impro\u2026 y algo m\u00e1s] - Tomajazz\" width=\"400\" height=\"600\" srcset=\"https:\/\/tomajazz.com\/web\/wp-content\/uploads\/2026\/09\/03-Cnts-Mldts-\u00a9Joan-Cortes-17jll26-Dsvr-Flmnc-PMdNB-Bcn.jpg 400w, https:\/\/tomajazz.com\/web\/wp-content\/uploads\/2026\/09\/03-Cnts-Mldts-\u00a9Joan-Cortes-17jll26-Dsvr-Flmnc-PMdNB-Bcn-200x300.jpg 200w, https:\/\/tomajazz.com\/web\/wp-content\/uploads\/2026\/09\/03-Cnts-Mldts-\u00a9Joan-Cortes-17jll26-Dsvr-Flmnc-PMdNB-Bcn-367x550.jpg 367w, https:\/\/tomajazz.com\/web\/wp-content\/uploads\/2026\/09\/03-Cnts-Mldts-\u00a9Joan-Cortes-17jll26-Dsvr-Flmnc-PMdNB-Bcn-333x500.jpg 333w\" sizes=\"auto, (max-width: 400px) 100vw, 400px\" \/> <img loading=\"lazy\" decoding=\"async\" class=\"aligncenter size-large wp-image-106973\" title=\"Cantes Malditos \/ Jes\u00fas M\u00e9ndez &amp; Antonio Higuero (Desvar\u00edo Flamenco\/ Pla\u00e7a Major Nou Barris, 2026-07-17 \/ Barcelona) [2] Por Joan Cort\u00e8s [Flamencuras AKA INSTANTZZ AKA Galer\u00eda fotogr\u00e1fica AKA Fotoblog de jazz, impro\u2026 y algo m\u00e1s] Tomajazz 04 Cnts Mldts \u00a9Joan Cort\u00e8s 17jll26 Dsvr Flmnc PMdNB Bcn\" src=\"https:\/\/tomajazz.com\/web\/wp-content\/uploads\/2026\/09\/04-Cnts-Mldts-\u00a9Joan-Cortes-17jll26-Dsvr-Flmnc-PMdNB-Bcn.jpg\" alt=\"Cantes Malditos \/ Jes\u00fas M\u00e9ndez &amp; Antonio Higuero (Desvar\u00edo Flamenco\/ Pla\u00e7a Major Nou Barris, 2026-07-17 \/ Barcelona) [2] Por Joan Cort\u00e8s [Flamencuras AKA INSTANTZZ AKA Galer\u00eda fotogr\u00e1fica AKA Fotoblog de jazz, impro\u2026 y algo m\u00e1s] - Tomajazz - Cantes Malditos \/ Jes\u00fas M\u00e9ndez &amp; Antonio Higuero actuaron en Desvar\u00edo Flamenco en la Pla\u00e7a Major Nou Barris de Barcelona, el 17 de julio de 2026. Joan Cort\u00e8s lo retrata en las Flamencuras de INSTANTZZ\" width=\"400\" height=\"600\" srcset=\"https:\/\/tomajazz.com\/web\/wp-content\/uploads\/2026\/09\/04-Cnts-Mldts-\u00a9Joan-Cortes-17jll26-Dsvr-Flmnc-PMdNB-Bcn.jpg 400w, https:\/\/tomajazz.com\/web\/wp-content\/uploads\/2026\/09\/04-Cnts-Mldts-\u00a9Joan-Cortes-17jll26-Dsvr-Flmnc-PMdNB-Bcn-200x300.jpg 200w, https:\/\/tomajazz.com\/web\/wp-content\/uploads\/2026\/09\/04-Cnts-Mldts-\u00a9Joan-Cortes-17jll26-Dsvr-Flmnc-PMdNB-Bcn-367x550.jpg 367w, https:\/\/tomajazz.com\/web\/wp-content\/uploads\/2026\/09\/04-Cnts-Mldts-\u00a9Joan-Cortes-17jll26-Dsvr-Flmnc-PMdNB-Bcn-333x500.jpg 333w\" sizes=\"auto, (max-width: 400px) 100vw, 400px\" \/> <img loading=\"lazy\" decoding=\"async\" class=\"aligncenter size-large wp-image-106974\" title=\"Cantes Malditos \/ Jes\u00fas M\u00e9ndez &amp; Antonio Higuero (Desvar\u00edo Flamenco\/ Pla\u00e7a Major Nou Barris, 2026-07-17 \/ Barcelona) [2] Por Joan Cort\u00e8s [Flamencuras AKA INSTANTZZ AKA Galer\u00eda fotogr\u00e1fica AKA Fotoblog de jazz, impro\u2026 y algo m\u00e1s] Tomajazz 05 Cnts Mldts \u00a9Joan Cort\u00e8s 17jll26 Dsvr Flmnc PMdNB Bcn\" src=\"https:\/\/tomajazz.com\/web\/wp-content\/uploads\/2026\/09\/05-Cnts-Mldts-\u00a9Joan-Cortes-17jll26-Dsvr-Flmnc-PMdNB-Bcn.jpg\" alt=\"Cantes Malditos \/ Jes\u00fas M\u00e9ndez &amp; Antonio Higuero (Desvar\u00edo Flamenco\/ Pla\u00e7a Major Nou Barris, 2026-07-17 \/ Barcelona) [2] Por Joan Cort\u00e8s [Flamencuras AKA INSTANTZZ AKA Galer\u00eda fotogr\u00e1fica AKA Fotoblog de jazz, impro\u2026 y algo m\u00e1s] - Tomajazz - Cantes Malditos \/ Jes\u00fas M\u00e9ndez &amp; Antonio Higuero actuaron en Desvar\u00edo Flamenco en la Pla\u00e7a Major Nou Barris de Barcelona, el 17 de julio de 2026. Joan Cort\u00e8s lo retrata en las Flamencuras de INSTANTZZ\" width=\"600\" height=\"400\" srcset=\"https:\/\/tomajazz.com\/web\/wp-content\/uploads\/2026\/09\/05-Cnts-Mldts-\u00a9Joan-Cortes-17jll26-Dsvr-Flmnc-PMdNB-Bcn.jpg 600w, https:\/\/tomajazz.com\/web\/wp-content\/uploads\/2026\/09\/05-Cnts-Mldts-\u00a9Joan-Cortes-17jll26-Dsvr-Flmnc-PMdNB-Bcn-300x200.jpg 300w, https:\/\/tomajazz.com\/web\/wp-content\/uploads\/2026\/09\/05-Cnts-Mldts-\u00a9Joan-Cortes-17jll26-Dsvr-Flmnc-PMdNB-Bcn-465x310.jpg 465w\" sizes=\"auto, (max-width: 600px) 100vw, 600px\" \/> <img loading=\"lazy\" decoding=\"async\" class=\"aligncenter size-large wp-image-106975\" title=\"Cantes Malditos \/ Jes\u00fas M\u00e9ndez &amp; Antonio Higuero (Desvar\u00edo Flamenco\/ Pla\u00e7a Major Nou Barris, 2026-07-17 \/ Barcelona) [2] Por Joan Cort\u00e8s [Flamencuras AKA INSTANTZZ AKA Galer\u00eda fotogr\u00e1fica AKA Fotoblog de jazz, impro\u2026 y algo m\u00e1s] Tomajazz 06 Cnts Mldts \u00a9Joan Cort\u00e8s 17jll26 Dsvr Flmnc PMdNB Bcn\" src=\"https:\/\/tomajazz.com\/web\/wp-content\/uploads\/2026\/09\/06-Cnts-Mldts-\u00a9Joan-Cortes-17jll26-Dsvr-Flmnc-PMdNB-Bcn.jpg\" alt=\"Cantes Malditos \/ Jes\u00fas M\u00e9ndez &amp; Antonio Higuero (Desvar\u00edo Flamenco\/ Pla\u00e7a Major Nou Barris, 2026-07-17 \/ Barcelona) [2] Por Joan Cort\u00e8s [Flamencuras AKA INSTANTZZ AKA Galer\u00eda fotogr\u00e1fica AKA Fotoblog de jazz, impro\u2026 y algo m\u00e1s] - Tomajazz - Cantes Malditos \/ Jes\u00fas M\u00e9ndez &amp; Antonio Higuero actuaron en Desvar\u00edo Flamenco en la Pla\u00e7a Major Nou Barris de Barcelona, el 17 de julio de 2026. Joan Cort\u00e8s lo retrata en las Flamencuras de INSTANTZZ\" width=\"600\" height=\"400\" srcset=\"https:\/\/tomajazz.com\/web\/wp-content\/uploads\/2026\/09\/06-Cnts-Mldts-\u00a9Joan-Cortes-17jll26-Dsvr-Flmnc-PMdNB-Bcn.jpg 600w, https:\/\/tomajazz.com\/web\/wp-content\/uploads\/2026\/09\/06-Cnts-Mldts-\u00a9Joan-Cortes-17jll26-Dsvr-Flmnc-PMdNB-Bcn-300x200.jpg 300w, https:\/\/tomajazz.com\/web\/wp-content\/uploads\/2026\/09\/06-Cnts-Mldts-\u00a9Joan-Cortes-17jll26-Dsvr-Flmnc-PMdNB-Bcn-465x310.jpg 465w\" sizes=\"auto, (max-width: 600px) 100vw, 600px\" \/> <img loading=\"lazy\" decoding=\"async\" class=\"aligncenter size-large wp-image-106976\" title=\"Cantes Malditos \/ Jes\u00fas M\u00e9ndez &amp; Antonio Higuero (Desvar\u00edo Flamenco\/ Pla\u00e7a Major Nou Barris, 2026-07-17 \/ Barcelona) [2] Por Joan Cort\u00e8s [Flamencuras AKA INSTANTZZ AKA Galer\u00eda fotogr\u00e1fica AKA Fotoblog de jazz, impro\u2026 y algo m\u00e1s] Tomajazz 07 Cnts Mldts \u00a9Joan Cort\u00e8s 17jll26 Dsvr Flmnc PMdNB Bcn\" src=\"https:\/\/tomajazz.com\/web\/wp-content\/uploads\/2026\/09\/07-Cnts-Mldts-\u00a9Joan-Cortes-17jll26-Dsvr-Flmnc-PMdNB-Bcn.jpg\" alt=\"Cantes Malditos \/ Jes\u00fas M\u00e9ndez &amp; Antonio Higuero (Desvar\u00edo Flamenco\/ Pla\u00e7a Major Nou Barris, 2026-07-17 \/ Barcelona) [2] Por Joan Cort\u00e8s [Flamencuras AKA INSTANTZZ AKA Galer\u00eda fotogr\u00e1fica AKA Fotoblog de jazz, impro\u2026 y algo m\u00e1s] - Tomajazz - Cantes Malditos \/ Jes\u00fas M\u00e9ndez &amp; Antonio Higuero actuaron en Desvar\u00edo Flamenco en la Pla\u00e7a Major Nou Barris de Barcelona, el 17 de julio de 2026. Joan Cort\u00e8s lo retrata en las Flamencuras de INSTANTZZ\" width=\"600\" height=\"400\" srcset=\"https:\/\/tomajazz.com\/web\/wp-content\/uploads\/2026\/09\/07-Cnts-Mldts-\u00a9Joan-Cortes-17jll26-Dsvr-Flmnc-PMdNB-Bcn.jpg 600w, https:\/\/tomajazz.com\/web\/wp-content\/uploads\/2026\/09\/07-Cnts-Mldts-\u00a9Joan-Cortes-17jll26-Dsvr-Flmnc-PMdNB-Bcn-300x200.jpg 300w, https:\/\/tomajazz.com\/web\/wp-content\/uploads\/2026\/09\/07-Cnts-Mldts-\u00a9Joan-Cortes-17jll26-Dsvr-Flmnc-PMdNB-Bcn-465x310.jpg 465w\" sizes=\"auto, (max-width: 600px) 100vw, 600px\" \/><\/p>\n<hr \/>\n<h3><strong>Jes\u00fas M\u00e9ndez &amp; Antonio Higuero <\/strong><\/h3>\n<p style=\"text-align: center;\"><img loading=\"lazy\" decoding=\"async\" class=\"aligncenter size-full wp-image-106977\" title=\"Cantes Malditos \/ Jes\u00fas M\u00e9ndez &amp; Antonio Higuero (Desvar\u00edo Flamenco\/ Pla\u00e7a Major Nou Barris, 2026-07-17 \/ Barcelona) [2] Por Joan Cort\u00e8s [Flamencuras AKA INSTANTZZ AKA Galer\u00eda fotogr\u00e1fica AKA Fotoblog de jazz, impro\u2026 y algo m\u00e1s] Tomajazz 08 Mndz Hgr \u00a9Joan Cort\u00e8s 17jll26 Dsvr Flmnc PMdNB Bcn\" src=\"https:\/\/tomajazz.com\/web\/wp-content\/uploads\/2026\/09\/08-Mndz-Hgr-\u00a9Joan-Cortes-17jll26-Dsvr-Flmnc-PMdNB-Bcn.jpg\" alt=\"Cantes Malditos \/ Jes\u00fas M\u00e9ndez &amp; Antonio Higuero (Desvar\u00edo Flamenco\/ Pla\u00e7a Major Nou Barris, 2026-07-17 \/ Barcelona) [2] Por Joan Cort\u00e8s [Flamencuras AKA INSTANTZZ AKA Galer\u00eda fotogr\u00e1fica AKA Fotoblog de jazz, impro\u2026 y algo m\u00e1s] - Tomajazz - Cantes Malditos \/ Jes\u00fas M\u00e9ndez &amp; Antonio Higuero actuaron en Desvar\u00edo Flamenco en la Pla\u00e7a Major Nou Barris de Barcelona, el 17 de julio de 2026. Joan Cort\u00e8s lo retrata en las Flamencuras de INSTANTZZ\" width=\"600\" height=\"400\" srcset=\"https:\/\/tomajazz.com\/web\/wp-content\/uploads\/2026\/09\/08-Mndz-Hgr-\u00a9Joan-Cortes-17jll26-Dsvr-Flmnc-PMdNB-Bcn.jpg 600w, https:\/\/tomajazz.com\/web\/wp-content\/uploads\/2026\/09\/08-Mndz-Hgr-\u00a9Joan-Cortes-17jll26-Dsvr-Flmnc-PMdNB-Bcn-300x200.jpg 300w, https:\/\/tomajazz.com\/web\/wp-content\/uploads\/2026\/09\/08-Mndz-Hgr-\u00a9Joan-Cortes-17jll26-Dsvr-Flmnc-PMdNB-Bcn-465x310.jpg 465w\" sizes=\"auto, (max-width: 600px) 100vw, 600px\" \/> <img loading=\"lazy\" decoding=\"async\" class=\"aligncenter size-large wp-image-106978\" title=\"Cantes Malditos \/ Jes\u00fas M\u00e9ndez &amp; Antonio Higuero (Desvar\u00edo Flamenco\/ Pla\u00e7a Major Nou Barris, 2026-07-17 \/ Barcelona) [2] Por Joan Cort\u00e8s [Flamencuras AKA INSTANTZZ AKA Galer\u00eda fotogr\u00e1fica AKA Fotoblog de jazz, impro\u2026 y algo m\u00e1s] Tomajazz 09 Mndz Hgr \u00a9Joan Cort\u00e8s 17jll26 Dsvr Flmnc PMdNB Bcn\" src=\"https:\/\/tomajazz.com\/web\/wp-content\/uploads\/2026\/09\/09-Mndz-Hgr-\u00a9Joan-Cortes-17jll26-Dsvr-Flmnc-PMdNB-Bcn.jpg\" alt=\"Cantes Malditos \/ Jes\u00fas M\u00e9ndez &amp; Antonio Higuero (Desvar\u00edo Flamenco\/ Pla\u00e7a Major Nou Barris, 2026-07-17 \/ Barcelona) [2] Por Joan Cort\u00e8s [Flamencuras AKA INSTANTZZ AKA Galer\u00eda fotogr\u00e1fica AKA Fotoblog de jazz, impro\u2026 y algo m\u00e1s] - Tomajazz - Cantes Malditos \/ Jes\u00fas M\u00e9ndez &amp; Antonio Higuero actuaron en Desvar\u00edo Flamenco en la Pla\u00e7a Major Nou Barris de Barcelona, el 17 de julio de 2026. Joan Cort\u00e8s lo retrata en las Flamencuras de INSTANTZZ\" width=\"400\" height=\"600\" srcset=\"https:\/\/tomajazz.com\/web\/wp-content\/uploads\/2026\/09\/09-Mndz-Hgr-\u00a9Joan-Cortes-17jll26-Dsvr-Flmnc-PMdNB-Bcn.jpg 400w, https:\/\/tomajazz.com\/web\/wp-content\/uploads\/2026\/09\/09-Mndz-Hgr-\u00a9Joan-Cortes-17jll26-Dsvr-Flmnc-PMdNB-Bcn-200x300.jpg 200w, https:\/\/tomajazz.com\/web\/wp-content\/uploads\/2026\/09\/09-Mndz-Hgr-\u00a9Joan-Cortes-17jll26-Dsvr-Flmnc-PMdNB-Bcn-367x550.jpg 367w, https:\/\/tomajazz.com\/web\/wp-content\/uploads\/2026\/09\/09-Mndz-Hgr-\u00a9Joan-Cortes-17jll26-Dsvr-Flmnc-PMdNB-Bcn-333x500.jpg 333w\" sizes=\"auto, (max-width: 400px) 100vw, 400px\" \/> <img loading=\"lazy\" decoding=\"async\" class=\"aligncenter size-large wp-image-106979\" title=\"Cantes Malditos \/ Jes\u00fas M\u00e9ndez &amp; Antonio Higuero (Desvar\u00edo Flamenco\/ Pla\u00e7a Major Nou Barris, 2026-07-17 \/ Barcelona) [2] Por Joan Cort\u00e8s [Flamencuras AKA INSTANTZZ AKA Galer\u00eda fotogr\u00e1fica AKA Fotoblog de jazz, impro\u2026 y algo m\u00e1s] Tomajazz 10 Mndz Hgr \u00a9Joan Cort\u00e8s 17jll26 Dsvr Flmnc PMdNB Bcn\" src=\"https:\/\/tomajazz.com\/web\/wp-content\/uploads\/2026\/09\/10-Mndz-Hgr-\u00a9Joan-Cortes-17jll26-Dsvr-Flmnc-PMdNB-Bcn.jpg\" alt=\"Cantes Malditos \/ Jes\u00fas M\u00e9ndez &amp; Antonio Higuero (Desvar\u00edo Flamenco\/ Pla\u00e7a Major Nou Barris, 2026-07-17 \/ Barcelona) [2] Por Joan Cort\u00e8s [Flamencuras AKA INSTANTZZ AKA Galer\u00eda fotogr\u00e1fica AKA Fotoblog de jazz, impro\u2026 y algo m\u00e1s] - Tomajazz - Cantes Malditos \/ Jes\u00fas M\u00e9ndez &amp; Antonio Higuero actuaron en Desvar\u00edo Flamenco en la Pla\u00e7a Major Nou Barris de Barcelona, el 17 de julio de 2026. Joan Cort\u00e8s lo retrata en las Flamencuras de INSTANTZZ\" width=\"600\" height=\"400\" srcset=\"https:\/\/tomajazz.com\/web\/wp-content\/uploads\/2026\/09\/10-Mndz-Hgr-\u00a9Joan-Cortes-17jll26-Dsvr-Flmnc-PMdNB-Bcn.jpg 600w, https:\/\/tomajazz.com\/web\/wp-content\/uploads\/2026\/09\/10-Mndz-Hgr-\u00a9Joan-Cortes-17jll26-Dsvr-Flmnc-PMdNB-Bcn-300x200.jpg 300w, https:\/\/tomajazz.com\/web\/wp-content\/uploads\/2026\/09\/10-Mndz-Hgr-\u00a9Joan-Cortes-17jll26-Dsvr-Flmnc-PMdNB-Bcn-465x310.jpg 465w\" sizes=\"auto, (max-width: 600px) 100vw, 600px\" \/> <img loading=\"lazy\" decoding=\"async\" class=\"aligncenter size-large wp-image-106980\" title=\"Cantes Malditos \/ Jes\u00fas M\u00e9ndez &amp; Antonio Higuero (Desvar\u00edo Flamenco\/ Pla\u00e7a Major Nou Barris, 2026-07-17 \/ Barcelona) [2] Por Joan Cort\u00e8s [Flamencuras AKA INSTANTZZ AKA Galer\u00eda fotogr\u00e1fica AKA Fotoblog de jazz, impro\u2026 y algo m\u00e1s] Tomajazz 11 Mndz Hgr \u00a9Joan Cort\u00e8s 17jll26 Dsvr Flmnc PMdNB Bcn\" src=\"https:\/\/tomajazz.com\/web\/wp-content\/uploads\/2026\/09\/11-Mndz-Hgr-\u00a9Joan-Cortes-17jll26-Dsvr-Flmnc-PMdNB-Bcn.jpg\" alt=\"Cantes Malditos \/ Jes\u00fas M\u00e9ndez &amp; Antonio Higuero (Desvar\u00edo Flamenco\/ Pla\u00e7a Major Nou Barris, 2026-07-17 \/ Barcelona) [2] Por Joan Cort\u00e8s [Flamencuras AKA INSTANTZZ AKA Galer\u00eda fotogr\u00e1fica AKA Fotoblog de jazz, impro\u2026 y algo m\u00e1s] - Tomajazz - Cantes Malditos \/ Jes\u00fas M\u00e9ndez &amp; Antonio Higuero actuaron en Desvar\u00edo Flamenco en la Pla\u00e7a Major Nou Barris de Barcelona, el 17 de julio de 2026. Joan Cort\u00e8s lo retrata en las Flamencuras de INSTANTZZ\" width=\"600\" height=\"408\" srcset=\"https:\/\/tomajazz.com\/web\/wp-content\/uploads\/2026\/09\/11-Mndz-Hgr-\u00a9Joan-Cortes-17jll26-Dsvr-Flmnc-PMdNB-Bcn.jpg 600w, https:\/\/tomajazz.com\/web\/wp-content\/uploads\/2026\/09\/11-Mndz-Hgr-\u00a9Joan-Cortes-17jll26-Dsvr-Flmnc-PMdNB-Bcn-300x204.jpg 300w, https:\/\/tomajazz.com\/web\/wp-content\/uploads\/2026\/09\/11-Mndz-Hgr-\u00a9Joan-Cortes-17jll26-Dsvr-Flmnc-PMdNB-Bcn-465x316.jpg 465w\" sizes=\"auto, (max-width: 600px) 100vw, 600px\" \/> <img loading=\"lazy\" decoding=\"async\" class=\"aligncenter size-large wp-image-106981\" title=\"Cantes Malditos \/ Jes\u00fas M\u00e9ndez &amp; Antonio Higuero (Desvar\u00edo Flamenco\/ Pla\u00e7a Major Nou Barris, 2026-07-17 \/ Barcelona) [2] Por Joan Cort\u00e8s [Flamencuras AKA INSTANTZZ AKA Galer\u00eda fotogr\u00e1fica AKA Fotoblog de jazz, impro\u2026 y algo m\u00e1s] Tomajazz 12 Mndz Hgr \u00a9Joan Cort\u00e8s 17jll26 Dsvr Flmnc PMdNB Bcn\" src=\"https:\/\/tomajazz.com\/web\/wp-content\/uploads\/2026\/09\/12-Mndz-Hgr-\u00a9Joan-Cortes-17jll26-Dsvr-Flmnc-PMdNB-Bcn.jpg\" alt=\"Cantes Malditos \/ Jes\u00fas M\u00e9ndez &amp; Antonio Higuero (Desvar\u00edo Flamenco\/ Pla\u00e7a Major Nou Barris, 2026-07-17 \/ Barcelona) [2] Por Joan Cort\u00e8s [Flamencuras AKA INSTANTZZ AKA Galer\u00eda fotogr\u00e1fica AKA Fotoblog de jazz, impro\u2026 y algo m\u00e1s] - Tomajazz - Cantes Malditos \/ Jes\u00fas M\u00e9ndez &amp; Antonio Higuero actuaron en Desvar\u00edo Flamenco en la Pla\u00e7a Major Nou Barris de Barcelona, el 17 de julio de 2026. Joan Cort\u00e8s lo retrata en las Flamencuras de INSTANTZZ\" width=\"400\" height=\"600\" srcset=\"https:\/\/tomajazz.com\/web\/wp-content\/uploads\/2026\/09\/12-Mndz-Hgr-\u00a9Joan-Cortes-17jll26-Dsvr-Flmnc-PMdNB-Bcn.jpg 400w, https:\/\/tomajazz.com\/web\/wp-content\/uploads\/2026\/09\/12-Mndz-Hgr-\u00a9Joan-Cortes-17jll26-Dsvr-Flmnc-PMdNB-Bcn-200x300.jpg 200w, https:\/\/tomajazz.com\/web\/wp-content\/uploads\/2026\/09\/12-Mndz-Hgr-\u00a9Joan-Cortes-17jll26-Dsvr-Flmnc-PMdNB-Bcn-367x550.jpg 367w, https:\/\/tomajazz.com\/web\/wp-content\/uploads\/2026\/09\/12-Mndz-Hgr-\u00a9Joan-Cortes-17jll26-Dsvr-Flmnc-PMdNB-Bcn-333x500.jpg 333w\" sizes=\"auto, (max-width: 400px) 100vw, 400px\" \/> <img loading=\"lazy\" decoding=\"async\" class=\"aligncenter size-large wp-image-106982\" title=\"Cantes Malditos \/ Jes\u00fas M\u00e9ndez &amp; Antonio Higuero (Desvar\u00edo Flamenco\/ Pla\u00e7a Major Nou Barris, 2026-07-17 \/ Barcelona) [2] Por Joan Cort\u00e8s [Flamencuras AKA INSTANTZZ AKA Galer\u00eda fotogr\u00e1fica AKA Fotoblog de jazz, impro\u2026 y algo m\u00e1s] Tomajazz 13 Mndz Hgr \u00a9Joan Cort\u00e8s 17jll26 Dsvr Flmnc PMdNB Bcn\" src=\"https:\/\/tomajazz.com\/web\/wp-content\/uploads\/2026\/09\/13-Mndz-Hgr-\u00a9Joan-Cortes-17jll26-Dsvr-Flmnc-PMdNB-Bcn.jpg\" alt=\"Cantes Malditos \/ Jes\u00fas M\u00e9ndez &amp; Antonio Higuero (Desvar\u00edo Flamenco\/ Pla\u00e7a Major Nou Barris, 2026-07-17 \/ Barcelona) [2] Por Joan Cort\u00e8s [Flamencuras AKA INSTANTZZ AKA Galer\u00eda fotogr\u00e1fica AKA Fotoblog de jazz, impro\u2026 y algo m\u00e1s] - Tomajazz - Cantes Malditos \/ Jes\u00fas M\u00e9ndez &amp; Antonio Higuero actuaron en Desvar\u00edo Flamenco en la Pla\u00e7a Major Nou Barris de Barcelona, el 17 de julio de 2026. Joan Cort\u00e8s lo retrata en las Flamencuras de INSTANTZZ\" width=\"600\" height=\"400\" srcset=\"https:\/\/tomajazz.com\/web\/wp-content\/uploads\/2026\/09\/13-Mndz-Hgr-\u00a9Joan-Cortes-17jll26-Dsvr-Flmnc-PMdNB-Bcn.jpg 600w, https:\/\/tomajazz.com\/web\/wp-content\/uploads\/2026\/09\/13-Mndz-Hgr-\u00a9Joan-Cortes-17jll26-Dsvr-Flmnc-PMdNB-Bcn-300x200.jpg 300w, https:\/\/tomajazz.com\/web\/wp-content\/uploads\/2026\/09\/13-Mndz-Hgr-\u00a9Joan-Cortes-17jll26-Dsvr-Flmnc-PMdNB-Bcn-465x310.jpg 465w\" sizes=\"auto, (max-width: 600px) 100vw, 600px\" \/> <img loading=\"lazy\" decoding=\"async\" class=\"aligncenter size-large wp-image-106983\" title=\"Cantes Malditos \/ Jes\u00fas M\u00e9ndez &amp; Antonio Higuero (Desvar\u00edo Flamenco\/ Pla\u00e7a Major Nou Barris, 2026-07-17 \/ Barcelona) [2] Por Joan Cort\u00e8s [Flamencuras AKA INSTANTZZ AKA Galer\u00eda fotogr\u00e1fica AKA Fotoblog de jazz, impro\u2026 y algo m\u00e1s] Tomajazz 14 Mndz Hgr \u00a9Joan Cort\u00e8s 17jll26 Dsvr Flmnc PMdNB Bcn\" src=\"https:\/\/tomajazz.com\/web\/wp-content\/uploads\/2026\/09\/14-Mndz-Hgr-\u00a9Joan-Cortes-17jll26-Dsvr-Flmnc-PMdNB-Bcn.jpg\" alt=\"Cantes Malditos \/ Jes\u00fas M\u00e9ndez &amp; Antonio Higuero (Desvar\u00edo Flamenco\/ Pla\u00e7a Major Nou Barris, 2026-07-17 \/ Barcelona) [2] Por Joan Cort\u00e8s [Flamencuras AKA INSTANTZZ AKA Galer\u00eda fotogr\u00e1fica AKA Fotoblog de jazz, impro\u2026 y algo m\u00e1s] - Tomajazz - Cantes Malditos \/ Jes\u00fas M\u00e9ndez &amp; Antonio Higuero actuaron en Desvar\u00edo Flamenco en la Pla\u00e7a Major Nou Barris de Barcelona, el 17 de julio de 2026. Joan Cort\u00e8s lo retrata en las Flamencuras de INSTANTZZ\" width=\"600\" height=\"400\" srcset=\"https:\/\/tomajazz.com\/web\/wp-content\/uploads\/2026\/09\/14-Mndz-Hgr-\u00a9Joan-Cortes-17jll26-Dsvr-Flmnc-PMdNB-Bcn.jpg 600w, https:\/\/tomajazz.com\/web\/wp-content\/uploads\/2026\/09\/14-Mndz-Hgr-\u00a9Joan-Cortes-17jll26-Dsvr-Flmnc-PMdNB-Bcn-300x200.jpg 300w, https:\/\/tomajazz.com\/web\/wp-content\/uploads\/2026\/09\/14-Mndz-Hgr-\u00a9Joan-Cortes-17jll26-Dsvr-Flmnc-PMdNB-Bcn-465x310.jpg 465w\" sizes=\"auto, (max-width: 600px) 100vw, 600px\" \/><\/p>\n<p style=\"text-align: right;\">Tomajazz: Fotograf\u00edas: \u00a9 <a href=\"https:\/\/www.facebook.com\/joan.cortesbenages\" target=\"_blank\" rel=\"noopener\"><strong>Joan Cort\u00e8s<\/strong><\/a>, 2026<\/p>\n<h3>Desvar\u00edo Flamenco Nou Barris 2026 en Tomajazz<\/h3>\n<blockquote class=\"wp-embedded-content\" data-secret=\"JXNpbsU5bo\"><p><a href=\"https:\/\/tomajazz.com\/web\/leonor-leal-david-lagos-santiago-lara-desvario-flamenco-2026\/\">Leonor Leal \/ David Lagos &#038; Santiago Lara (Desvar\u00edo Flamenco\/ Pla\u00e7a Major Nou Barris, 2026-07-16 \/ Barcelona) [1] Por Joan Cort\u00e8s [Flamencuras AKA INSTANTZZ AKA Galer\u00eda fotogr\u00e1fica AKA Fotoblog de jazz, impro\u2026 y algo m\u00e1s]<\/a><\/p><\/blockquote>\n<p><iframe loading=\"lazy\" class=\"wp-embedded-content\" sandbox=\"allow-scripts\" security=\"restricted\" style=\"position: absolute; visibility: hidden;\" title=\"\u00abLeonor Leal \/ David Lagos &amp; Santiago Lara (Desvar\u00edo Flamenco\/ Pla\u00e7a Major Nou Barris, 2026-07-16 \/ Barcelona) [1] Por Joan Cort\u00e8s [Flamencuras AKA INSTANTZZ AKA Galer\u00eda fotogr\u00e1fica AKA Fotoblog de jazz, impro\u2026 y algo m\u00e1s]\u00bb \u2014 Tomajazz\" src=\"https:\/\/tomajazz.com\/web\/leonor-leal-david-lagos-santiago-lara-desvario-flamenco-2026\/embed\/#?secret=a33HeBM6Cy#?secret=JXNpbsU5bo\" data-secret=\"JXNpbsU5bo\" width=\"600\" height=\"338\" frameborder=\"0\" marginwidth=\"0\" marginheight=\"0\" scrolling=\"no\"><\/iframe><\/p>\n<h3>M\u00e1s informaci\u00f3n de\u00a0Desvar\u00edo Flamenco Nou Barris 2026<\/h3>\n<p><a href=\"https:\/\/www.desvarioflamenco.com\/\" target=\"_blank\" rel=\"noopener\">https:\/\/www.desvarioflamenco.com\/<\/a><\/p>\n<p><a href=\"https:\/\/tomajazz.com\/web\/?s=desvario+flamenco&amp;submit=Search\" target=\"_blank\" rel=\"noopener\">https:\/\/tomajazz.com\/web\/?s=desvario+flamenco&amp;submit=Search<\/a><\/p>\n<h3>Joan Cort\u00e8s en Tomajazz<\/h3>\n<p><a href=\"https:\/\/tomajazz.com\/web\/category\/joan-cortes\/\" target=\"_blank\" rel=\"noopener\">https:\/\/tomajazz.com\/web\/category\/joan-cortes\/<\/a><\/p>\n","protected":false},"excerpt":{"rendered":"<p>Cantes Malditos \/ Jes\u00fas M\u00e9ndez &#038; Antonio Higuero actuaron en Desvar\u00edo Flamenco en la Pla\u00e7a Major Nou Barris de Barcelona, el 17 de julio de 2026. Joan Cort\u00e8s lo retrata en las Flamencuras de INSTANTZZ<span class=\"more-link\"><a href=\"https:\/\/tomajazz.com\/web\/cantes-malditos-mendez-higuero-desvario-flamenco-2026\/\">Contin\u00faa leyendo<\/a><\/span><\/p>\n","protected":false},"author":1,"featured_media":106984,"comment_status":"open","ping_status":"closed","sticky":false,"template":"","format":"standard","meta":{"_jetpack_newsletter_access":"","_jetpack_dont_email_post_to_subs":false,"_jetpack_newsletter_tier_id":0,"_jetpack_memberships_contains_paywalled_content":false,"_jetpack_feature_clip_id":0,"_jetpack_memberships_contains_paid_content":false,"footnotes":"","jetpack_post_was_ever_published":false},"categories":[33481,17853,21243,11262,15516,11261,1038],"tags":[1041],"class_list":["entry","author-pachi","has-excerpt","post-106968","post","type-post","status-publish","format-standard","has-post-thumbnail","category-desvario-flamenco-nou-barris-2026","category-joan-cortes","category-flamencuras","category-photoblogs","category-imagenes","category-instantzz","category-contenidos","tag-joan-cortes"],"jetpack_likes_enabled":true,"jetpack_sharing_enabled":true,"jetpack-related-posts":[{"id":106902,"url":"https:\/\/tomajazz.com\/web\/leonor-leal-david-lagos-santiago-lara-desvario-flamenco-2026\/","url_meta":{"origin":106968,"position":0},"title":"Leonor Leal \/ David Lagos &#038; Santiago Lara (Desvar\u00edo Flamenco\/ Pla\u00e7a Major Nou Barris, 2026-07-16 \/ Barcelona) [1] Por Joan Cort\u00e8s [Flamencuras AKA INSTANTZZ AKA Galer\u00eda fotogr\u00e1fica AKA Fotoblog de jazz, impro\u2026 y algo m\u00e1s]","author":"Tomajazz","date":"1 septiembre, 2026","format":false,"excerpt":"Leonor Leal \/ David Lagos & Santiago Lara actuaron en Desvar\u00edo Flamenco Nou Barris 2026 de Barcelona. Joan Cort\u00e8s lo retrata en las Flamencuras de INSTANTZZ","rel":"","context":"En \u00abFlamencuras\u00bb","block_context":{"text":"Flamencuras","link":"https:\/\/tomajazz.com\/web\/category\/contenidos\/imagenes\/photoblogs\/flamencuras\/"},"img":{"alt_text":"Leonor Leal \/ David Lagos & Santiago Lara (Desvar\u00edo Flamenco\/ Pla\u00e7a Major Nou Barris, 2026-07-16 \/ Barcelona) [1] Por Joan Cort\u00e8s [Flamencuras AKA INSTANTZZ AKA Galer\u00eda fotogr\u00e1fica AKA Fotoblog de jazz, impro\u2026 y algo m\u00e1s] - Tomajazz - Leonor Leal \/ David Lagos & Santiago Lara actuaron en Desvar\u00edo Flamenco Nou Barris 2026 de Barcelona. Joan Cort\u00e8s lo retrata en las Flamencuras de INSTANTZZ","src":"https:\/\/i0.wp.com\/tomajazz.com\/web\/wp-content\/uploads\/2026\/08\/destacada-07-Lnr-Ll-Photo-by-Joan-Cortes-16jll26-Dsvr-Flmnc-Plc-Mjr-N-Brrs-Bcn.jpg?resize=350%2C200&ssl=1","width":350,"height":200,"srcset":"https:\/\/i0.wp.com\/tomajazz.com\/web\/wp-content\/uploads\/2026\/08\/destacada-07-Lnr-Ll-Photo-by-Joan-Cortes-16jll26-Dsvr-Flmnc-Plc-Mjr-N-Brrs-Bcn.jpg?resize=350%2C200&ssl=1 1x, https:\/\/i0.wp.com\/tomajazz.com\/web\/wp-content\/uploads\/2026\/08\/destacada-07-Lnr-Ll-Photo-by-Joan-Cortes-16jll26-Dsvr-Flmnc-Plc-Mjr-N-Brrs-Bcn.jpg?resize=525%2C300&ssl=1 1.5x"},"classes":[]},{"id":58107,"url":"https:\/\/tomajazz.com\/web\/instantzz-jesus-mendez-dani-de-moron-flamenco-a-nou-barris-21-desvario-pati-de-la-seu-del-districte-de-nou-barris-barcelona-2021-09-19-iv-iv-flamencura-aka-galeria-fotografica-aka-fotobl\/","url_meta":{"origin":106968,"position":1},"title":"INSTANTZZ: Jes\u00fas M\u00e9ndez &#038; Dani de Mor\u00f3n [Flamenco a Nou Barris 21: Desvar\u00edo \/ Pati de la Seu del Districte de Nou Barris, Barcelona.  2021-09-19 (IV\/IV)] [Flamencura AKA Galer\u00eda fotogr\u00e1fica AKA Fotoblog de jazz, impro\u2026 y algo m\u00e1s] Por Joan Cort\u00e8s","author":"Tomajazz","date":"26 octubre, 2021","format":false,"excerpt":"Finaliza el repaso de Joan Cort\u00e8s a las actuaciones de Flamenco a Nou Barris 21 con la actuaci\u00f3n de Jes\u00fas M\u00e9ndez y Dani de Mor\u00f3n, que cont\u00f3 con la participaci\u00f3n como invitada especial de Patricia Guerrero.","rel":"","context":"En \u00ab*_Joan Cort\u00e8s\u00bb","block_context":{"text":"*_Joan Cort\u00e8s","link":"https:\/\/tomajazz.com\/web\/category\/joan-cortes\/"},"img":{"alt_text":"","src":"https:\/\/i0.wp.com\/tomajazz.com\/web\/wp-content\/uploads\/2021\/10\/07_Jss-Mndz-Dn-d-Mrn-Joan-Cortes_19set21_S-Dstrct-N-Brr_Bcn_bn.jpg?resize=350%2C200&ssl=1","width":350,"height":200,"srcset":"https:\/\/i0.wp.com\/tomajazz.com\/web\/wp-content\/uploads\/2021\/10\/07_Jss-Mndz-Dn-d-Mrn-Joan-Cortes_19set21_S-Dstrct-N-Brr_Bcn_bn.jpg?resize=350%2C200&ssl=1 1x, https:\/\/i0.wp.com\/tomajazz.com\/web\/wp-content\/uploads\/2021\/10\/07_Jss-Mndz-Dn-d-Mrn-Joan-Cortes_19set21_S-Dstrct-N-Brr_Bcn_bn.jpg?resize=525%2C300&ssl=1 1.5x"},"classes":[]},{"id":58002,"url":"https:\/\/tomajazz.com\/web\/instantzz-leonor-leal-antonio-moreno-flamenco-a-nou-barris-21-desvario-pati-de-la-seu-del-districte-de-nou-barris-barcelona-2021-09-19-ii-iv-flamencura-aka-galeria-fotografica-aka-fotobl\/","url_meta":{"origin":106968,"position":2},"title":"INSTANTZZ: Leonor Leal &#038; Antonio Moreno [Flamenco a Nou Barris 21: Desvar\u00edo \/ Pati de la Seu del Districte de Nou Barris, Barcelona.  2021-09-19 (II\/IV)] [Flamencura AKA Galer\u00eda fotogr\u00e1fica AKA Fotoblog de jazz, impro\u2026 y algo m\u00e1s] Por Joan Cort\u00e8s","author":"Tomajazz","date":"21 octubre, 2021","format":false,"excerpt":"En INSTANTZZ, la segunda Flamencura de Joan Cort\u00e8s tomada en el ciclo Flamenco a Nou Barris 21. Los protagonistas son Leonor Leal & Antonio Moreno, m\u00e1s David Lagos que actu\u00f3 como invitado especial en un tema.","rel":"","context":"En \u00abFlamencuras\u00bb","block_context":{"text":"Flamencuras","link":"https:\/\/tomajazz.com\/web\/category\/contenidos\/imagenes\/photoblogs\/flamencuras\/"},"img":{"alt_text":"","src":"https:\/\/i0.wp.com\/tomajazz.com\/web\/wp-content\/uploads\/2021\/10\/08_Lnr-Ll-ntn-Mrn-Joan-Cortes_19set21_Pt-S-Dstrct-N-Brrs_Bcn.jpg?resize=350%2C200&ssl=1","width":350,"height":200,"srcset":"https:\/\/i0.wp.com\/tomajazz.com\/web\/wp-content\/uploads\/2021\/10\/08_Lnr-Ll-ntn-Mrn-Joan-Cortes_19set21_Pt-S-Dstrct-N-Brrs_Bcn.jpg?resize=350%2C200&ssl=1 1x, https:\/\/i0.wp.com\/tomajazz.com\/web\/wp-content\/uploads\/2021\/10\/08_Lnr-Ll-ntn-Mrn-Joan-Cortes_19set21_Pt-S-Dstrct-N-Brrs_Bcn.jpg?resize=525%2C300&ssl=1 1.5x"},"classes":[]},{"id":72639,"url":"https:\/\/tomajazz.com\/web\/jesus-mendez-antonio-higuero-barna-2023\/","url_meta":{"origin":106968,"position":3},"title":"Jes\u00fas M\u00e9ndez &#038; Antonio Higuero (El Dorado sfb, Centre C\u00edvic Parc Sandaru, Barcelona. 2023-02-09) Por Joan Cort\u00e8s [Flamencura AKA INSTANTZZ AKA Galer\u00eda fotogr\u00e1fica AKA Fotoblog de jazz, impro\u2026 y algo m\u00e1s]","author":"Tomajazz","date":"28 marzo, 2023","format":false,"excerpt":"Jes\u00fas M\u00e9ndez & Antonio Higuero actuaron dentro de la programaci\u00f3n de El Dorado sfb, en el Centre C\u00edvic Parc Sandaru de Barcelona, el 9 de febrero de 2023. Joan Cort\u00e8s los retrata en la secci\u00f3n Flamencura de INSTANTZZ.","rel":"","context":"En \u00abFlamencuras\u00bb","block_context":{"text":"Flamencuras","link":"https:\/\/tomajazz.com\/web\/category\/contenidos\/imagenes\/photoblogs\/flamencuras\/"},"img":{"alt_text":"Jes\u00fas M\u00e9ndez &#038; Antonio Higuero (El Dorado sfb, Centre C\u00edvic Parc Sandaru, Barcelona. 2023-02-09) Por Joan Cort\u00e8s [Flamencura AKA INSTANTZZ AKA Galer\u00eda fotogr\u00e1fica AKA Fotoblog de jazz, impro\u2026 y algo m\u00e1s] - Tomajazz 9.0 - Jes\u00fas M\u00e9ndez & Antonio Higuero actuaron dentro de la programaci\u00f3n de El Dorado sfb, en el Centre C\u00edvic Parc Sandaru de Barcelona, el 9 de febrero de 2023. Joan Cort\u00e8s los retrata en la secci\u00f3n Flamencura de INSTANTZZ .","src":"https:\/\/i0.wp.com\/tomajazz.com\/web\/wp-content\/uploads\/2023\/03\/05-Mndz-Hgr-%C2%A9Joan-Cortes-09fbr23-l-Drd-CCPS-Bcn-bn-Jesus-Mendez-Antonio-Higuero-El-Dorado-sfb-Centre-Civic-Parc-Sandaru-Barcelona-2023-02-09.jpg?resize=350%2C200&ssl=1","width":350,"height":200,"srcset":"https:\/\/i0.wp.com\/tomajazz.com\/web\/wp-content\/uploads\/2023\/03\/05-Mndz-Hgr-%C2%A9Joan-Cortes-09fbr23-l-Drd-CCPS-Bcn-bn-Jesus-Mendez-Antonio-Higuero-El-Dorado-sfb-Centre-Civic-Parc-Sandaru-Barcelona-2023-02-09.jpg?resize=350%2C200&ssl=1 1x, https:\/\/i0.wp.com\/tomajazz.com\/web\/wp-content\/uploads\/2023\/03\/05-Mndz-Hgr-%C2%A9Joan-Cortes-09fbr23-l-Drd-CCPS-Bcn-bn-Jesus-Mendez-Antonio-Higuero-El-Dorado-sfb-Centre-Civic-Parc-Sandaru-Barcelona-2023-02-09.jpg?resize=525%2C300&ssl=1 1.5x"},"classes":[]},{"id":101549,"url":"https:\/\/tomajazz.com\/web\/antonio-molina-el-choro-ciutat-flamenco-2025\/","url_meta":{"origin":106968,"position":4},"title":"Antonio Molina \u201cEl Choro\u201d \u00abPrender, un acto de combusti\u00f3n\u00bb (Ciutat Flamenco \/ SAT!, 2025-10-17 \/ Barcelona) Por Joan Cort\u00e8s [Flamencuras AKA INSTANTZZ AKA Galer\u00eda fotogr\u00e1fica AKA Fotoblog de jazz, impro\u2026 y algo m\u00e1s]","author":"Tomajazz","date":"9 noviembre, 2025","format":false,"excerpt":"Antonio Molina \u201cEl Choro\u201d \u00abPrender, un acto de combusti\u00f3n\u00bb particip\u00f3 en Ciutat Flamenco de Barcelona el 17 de octubre de 2025. Joan Cort\u00e8s lo retrata en las Flamencuras de INSTANTZZ. Participaron Antonio Molina \u201cEl Choro\u201d, Manuel de la Nina, Marcos de Silvia, Francisco Roca","rel":"","context":"En \u00abFlamencuras\u00bb","block_context":{"text":"Flamencuras","link":"https:\/\/tomajazz.com\/web\/category\/contenidos\/imagenes\/photoblogs\/flamencuras\/"},"img":{"alt_text":"Antonio Molina \u201cEl Choro\u201d \u00abPrender, un acto de combusti\u00f3n\u00bb (Ciutat Flamenco \/ SAT!, 2025-10-17 \/ Barcelona) Por Joan Cort\u00e8s [Flamencuras AKA INSTANTZZ AKA Galer\u00eda fotogr\u00e1fica AKA Fotoblog de jazz, impro\u2026 y algo m\u00e1s] - Tomajazz - Antonio Molina \u201cEl Choro\u201d \u00abPrender, un acto de combusti\u00f3n\u00bb particip\u00f3 en Ciutat Flamenco de Barcelona el 17 de octubre de 2025. Joan Cort\u00e8s lo retrata en las Flamencuras de INSTANTZZ. Participaron Antonio Molina \u201cEl Choro\u201d, Manuel de la Nina, Marcos de Silvia, Francisco Roca\n","src":"https:\/\/i0.wp.com\/tomajazz.com\/web\/wp-content\/uploads\/2025\/11\/destacada-02-ntn-Mln-l-Chr-Photo-by-Joan-Cortes-17ctb25-Ctt-Flmnc-Bcn.jpg?resize=350%2C200&ssl=1","width":350,"height":200,"srcset":"https:\/\/i0.wp.com\/tomajazz.com\/web\/wp-content\/uploads\/2025\/11\/destacada-02-ntn-Mln-l-Chr-Photo-by-Joan-Cortes-17ctb25-Ctt-Flmnc-Bcn.jpg?resize=350%2C200&ssl=1 1x, https:\/\/i0.wp.com\/tomajazz.com\/web\/wp-content\/uploads\/2025\/11\/destacada-02-ntn-Mln-l-Chr-Photo-by-Joan-Cortes-17ctb25-Ctt-Flmnc-Bcn.jpg?resize=525%2C300&ssl=1 1.5x"},"classes":[]},{"id":67217,"url":"https:\/\/tomajazz.com\/web\/andres-marin-jardin-impuro-2022\/","url_meta":{"origin":106968,"position":5},"title":"Andr\u00e9s Mar\u00edn \u201cJard\u00edn Impuro\u201d (Desvar\u00edo Flamenco 22 \/ Pati de la Seu del Districte de Nou Barris, Barcelona. 2022-07-24) Por Joan Cort\u00e8s [Flamencura AKA INSTANTZZ]","author":"Tomajazz","date":"4 octubre, 2022","format":false,"excerpt":"Andr\u00e9s Mar\u00edn \u201cJard\u00edn Impuro\u201d en una Flamencura de Joan Cort\u00e8s. Las fotograf\u00edas las tom\u00f3 en Desvar\u00edo Flamenco 22 en Barcelona.","rel":"","context":"En \u00abFlamencuras\u00bb","block_context":{"text":"Flamencuras","link":"https:\/\/tomajazz.com\/web\/category\/contenidos\/imagenes\/photoblogs\/flamencuras\/"},"img":{"alt_text":"Andr\u00e9s Mar\u00edn \u201cJard\u00edn Impuro\u201d (Desvar\u00edo Flamenco 22 \/ Pati de la Seu del Districte de Nou Barris, Barcelona. 2022-07-24)","src":"https:\/\/i0.wp.com\/tomajazz.com\/web\/wp-content\/uploads\/2022\/10\/10_Dsvr-Joan-Cortes_24set22_Dsvr-Flmnc-22_N-Brrs_Bcn.jpg?resize=350%2C200&ssl=1","width":350,"height":200},"classes":[]}],"jetpack_featured_media_url":"https:\/\/tomajazz.com\/web\/wp-content\/uploads\/2026\/09\/destacado-14-Mndz-Hgr-Photo-by-Joan-Cortes-17jll26-Dsvr-Flmnc-PMdNB-Bcn.jpg","_links":{"self":[{"href":"https:\/\/tomajazz.com\/web\/wp-json\/wp\/v2\/posts\/106968","targetHints":{"allow":["GET"]}}],"collection":[{"href":"https:\/\/tomajazz.com\/web\/wp-json\/wp\/v2\/posts"}],"about":[{"href":"https:\/\/tomajazz.com\/web\/wp-json\/wp\/v2\/types\/post"}],"author":[{"embeddable":true,"href":"https:\/\/tomajazz.com\/web\/wp-json\/wp\/v2\/users\/1"}],"replies":[{"embeddable":true,"href":"https:\/\/tomajazz.com\/web\/wp-json\/wp\/v2\/comments?post=106968"}],"version-history":[{"count":3,"href":"https:\/\/tomajazz.com\/web\/wp-json\/wp\/v2\/posts\/106968\/revisions"}],"predecessor-version":[{"id":106986,"href":"https:\/\/tomajazz.com\/web\/wp-json\/wp\/v2\/posts\/106968\/revisions\/106986"}],"wp:featuredmedia":[{"embeddable":true,"href":"https:\/\/tomajazz.com\/web\/wp-json\/wp\/v2\/media\/106984"}],"wp:attachment":[{"href":"https:\/\/tomajazz.com\/web\/wp-json\/wp\/v2\/media?parent=106968"}],"wp:term":[{"taxonomy":"category","embeddable":true,"href":"https:\/\/tomajazz.com\/web\/wp-json\/wp\/v2\/categories?post=106968"},{"taxonomy":"post_tag","embeddable":true,"href":"https:\/\/tomajazz.com\/web\/wp-json\/wp\/v2\/tags?post=106968"}],"curies":[{"name":"wp","href":"https:\/\/api.w.org\/{rel}","templated":true}]}}