{"id":106987,"date":"2026-09-03T17:00:18","date_gmt":"2026-09-03T15:00:18","guid":{"rendered":"https:\/\/tomajazz.com\/web\/?p=106987"},"modified":"2026-09-02T22:11:15","modified_gmt":"2026-09-02T20:11:15","slug":"xan-campos-jazzene-2026","status":"publish","type":"post","link":"https:\/\/tomajazz.com\/web\/xan-campos-jazzene-2026\/","title":{"rendered":"Xan Campos : Amorodios (XII JazzE\u00f1e 2026. Teatro Victoria Eugenia, Donostia &#8211; San Sebasti\u00e1n. 2026-07-22) Por Jos\u00e9 Luis Luna Rocafort [INSTANTZZ AKA Galer\u00eda fotogr\u00e1fica AKA Fotoblog de jazz, impro\u2026 y algo m\u00e1s]"},"content":{"rendered":"<h3>Xan Campos : Amorodios<\/h3>\n<h3>XII JazzE\u00f1e 2026. Organizado por la Fundaci\u00f3n SGAE<\/h3>\n<ul>\n<li>Fecha: Mi\u00e9rcoles, 22 de julio de 2026. 13:30h.<\/li>\n<li>Lugar: Teatro\u00a0Victoria Eugenia. Donosti.<\/li>\n<li>Grupo:<br \/>\n<b>Xan Campos : Amorodios<br \/>\n<\/b>Xan Campos: piano, teclados, pandereta<br \/>\nFaia D\u00edaz: voz, pandereta<br \/>\nFeliz Barth: bajo el\u00e9ctrico<br \/>\nIago Fern\u00e1ndez: bater\u00eda<\/li>\n<\/ul>\n<p style=\"text-align: center;\"><img loading=\"lazy\" decoding=\"async\" class=\"aligncenter size-large wp-image-106988\" title=\"Xan Campos : Amorodios (XII JazzE\u00f1e 2026. Teatro Victoria Eugenia, Donostia - San Sebasti\u00e1n. 2026-07-22) Por Jos\u00e9 Luis Luna Rocafort [INSTANTZZ AKA Galer\u00eda fotogr\u00e1fica AKA Fotoblog de jazz, impro\u2026 y algo m\u00e1s] Tomajazz 001\" src=\"https:\/\/tomajazz.com\/web\/wp-content\/uploads\/2026\/09\/001-1.jpg\" alt=\"Xan Campos : Amorodios (XII JazzE\u00f1e 2026. Teatro Victoria Eugenia, Donostia - San Sebasti\u00e1n. 2026-07-22) Por Jos\u00e9 Luis Luna Rocafort [INSTANTZZ AKA Galer\u00eda fotogr\u00e1fica AKA Fotoblog de jazz, impro\u2026 y algo m\u00e1s] - Tomajazz - Xan Campos: Amorodios actu\u00f3 en el XII JazzE\u00f1e 2026 en el Teatro Victoria Eugenia, de San Sebasti\u00e1n el 22 de julio de 2026. Jos\u00e9 Luis Luna Rocafort lo retrata en INSTANTZZ. Actuaron Xan Campos, Faia D\u00edaz, Feliz Barth, Iago Fern\u00e1ndez\" width=\"600\" height=\"400\" srcset=\"https:\/\/tomajazz.com\/web\/wp-content\/uploads\/2026\/09\/001-1.jpg 600w, https:\/\/tomajazz.com\/web\/wp-content\/uploads\/2026\/09\/001-1-300x200.jpg 300w, https:\/\/tomajazz.com\/web\/wp-content\/uploads\/2026\/09\/001-1-465x310.jpg 465w\" sizes=\"auto, (max-width: 600px) 100vw, 600px\" \/> <img loading=\"lazy\" decoding=\"async\" class=\"aligncenter size-large wp-image-106989\" title=\"Xan Campos : Amorodios (XII JazzE\u00f1e 2026. Teatro Victoria Eugenia, Donostia - San Sebasti\u00e1n. 2026-07-22) Por Jos\u00e9 Luis Luna Rocafort [INSTANTZZ AKA Galer\u00eda fotogr\u00e1fica AKA Fotoblog de jazz, impro\u2026 y algo m\u00e1s] Tomajazz 002\" src=\"https:\/\/tomajazz.com\/web\/wp-content\/uploads\/2026\/09\/002-1.jpg\" alt=\"Xan Campos : Amorodios (XII JazzE\u00f1e 2026. Teatro Victoria Eugenia, Donostia - San Sebasti\u00e1n. 2026-07-22) Por Jos\u00e9 Luis Luna Rocafort [INSTANTZZ AKA Galer\u00eda fotogr\u00e1fica AKA Fotoblog de jazz, impro\u2026 y algo m\u00e1s] - Tomajazz - Xan Campos: Amorodios actu\u00f3 en el XII JazzE\u00f1e 2026 en el Teatro Victoria Eugenia, de San Sebasti\u00e1n el 22 de julio de 2026. Jos\u00e9 Luis Luna Rocafort lo retrata en INSTANTZZ. Actuaron Xan Campos, Faia D\u00edaz, Feliz Barth, Iago Fern\u00e1ndez\" width=\"600\" height=\"400\" srcset=\"https:\/\/tomajazz.com\/web\/wp-content\/uploads\/2026\/09\/002-1.jpg 600w, https:\/\/tomajazz.com\/web\/wp-content\/uploads\/2026\/09\/002-1-300x200.jpg 300w, https:\/\/tomajazz.com\/web\/wp-content\/uploads\/2026\/09\/002-1-465x310.jpg 465w\" sizes=\"auto, (max-width: 600px) 100vw, 600px\" \/> <img loading=\"lazy\" decoding=\"async\" class=\"aligncenter size-large wp-image-106990\" title=\"Xan Campos : Amorodios (XII JazzE\u00f1e 2026. Teatro Victoria Eugenia, Donostia - San Sebasti\u00e1n. 2026-07-22) Por Jos\u00e9 Luis Luna Rocafort [INSTANTZZ AKA Galer\u00eda fotogr\u00e1fica AKA Fotoblog de jazz, impro\u2026 y algo m\u00e1s] Tomajazz 003\" src=\"https:\/\/tomajazz.com\/web\/wp-content\/uploads\/2026\/09\/003-1.jpg\" alt=\"Xan Campos : Amorodios (XII JazzE\u00f1e 2026. Teatro Victoria Eugenia, Donostia - San Sebasti\u00e1n. 2026-07-22) Por Jos\u00e9 Luis Luna Rocafort [INSTANTZZ AKA Galer\u00eda fotogr\u00e1fica AKA Fotoblog de jazz, impro\u2026 y algo m\u00e1s] - Tomajazz - Xan Campos: Amorodios actu\u00f3 en el XII JazzE\u00f1e 2026 en el Teatro Victoria Eugenia, de San Sebasti\u00e1n el 22 de julio de 2026. Jos\u00e9 Luis Luna Rocafort lo retrata en INSTANTZZ. Actuaron Xan Campos, Faia D\u00edaz, Feliz Barth, Iago Fern\u00e1ndez\" width=\"600\" height=\"400\" srcset=\"https:\/\/tomajazz.com\/web\/wp-content\/uploads\/2026\/09\/003-1.jpg 600w, https:\/\/tomajazz.com\/web\/wp-content\/uploads\/2026\/09\/003-1-300x200.jpg 300w, https:\/\/tomajazz.com\/web\/wp-content\/uploads\/2026\/09\/003-1-465x310.jpg 465w\" sizes=\"auto, (max-width: 600px) 100vw, 600px\" \/> <img loading=\"lazy\" decoding=\"async\" class=\"aligncenter size-large wp-image-106991\" title=\"Xan Campos : Amorodios (XII JazzE\u00f1e 2026. Teatro Victoria Eugenia, Donostia - San Sebasti\u00e1n. 2026-07-22) Por Jos\u00e9 Luis Luna Rocafort [INSTANTZZ AKA Galer\u00eda fotogr\u00e1fica AKA Fotoblog de jazz, impro\u2026 y algo m\u00e1s] Tomajazz 004\" src=\"https:\/\/tomajazz.com\/web\/wp-content\/uploads\/2026\/09\/004-1.jpg\" alt=\"Xan Campos : Amorodios (XII JazzE\u00f1e 2026. Teatro Victoria Eugenia, Donostia - San Sebasti\u00e1n. 2026-07-22) Por Jos\u00e9 Luis Luna Rocafort [INSTANTZZ AKA Galer\u00eda fotogr\u00e1fica AKA Fotoblog de jazz, impro\u2026 y algo m\u00e1s] - Tomajazz - Xan Campos: Amorodios actu\u00f3 en el XII JazzE\u00f1e 2026 en el Teatro Victoria Eugenia, de San Sebasti\u00e1n el 22 de julio de 2026. Jos\u00e9 Luis Luna Rocafort lo retrata en INSTANTZZ. Actuaron Xan Campos, Faia D\u00edaz, Feliz Barth, Iago Fern\u00e1ndez\" width=\"600\" height=\"400\" srcset=\"https:\/\/tomajazz.com\/web\/wp-content\/uploads\/2026\/09\/004-1.jpg 600w, https:\/\/tomajazz.com\/web\/wp-content\/uploads\/2026\/09\/004-1-300x200.jpg 300w, https:\/\/tomajazz.com\/web\/wp-content\/uploads\/2026\/09\/004-1-465x310.jpg 465w\" sizes=\"auto, (max-width: 600px) 100vw, 600px\" \/> <img loading=\"lazy\" decoding=\"async\" class=\"aligncenter size-large wp-image-106992\" title=\"Xan Campos : Amorodios (XII JazzE\u00f1e 2026. Teatro Victoria Eugenia, Donostia - San Sebasti\u00e1n. 2026-07-22) Por Jos\u00e9 Luis Luna Rocafort [INSTANTZZ AKA Galer\u00eda fotogr\u00e1fica AKA Fotoblog de jazz, impro\u2026 y algo m\u00e1s] Tomajazz 005\" src=\"https:\/\/tomajazz.com\/web\/wp-content\/uploads\/2026\/09\/005-1.jpg\" alt=\"Xan Campos : Amorodios (XII JazzE\u00f1e 2026. Teatro Victoria Eugenia, Donostia - San Sebasti\u00e1n. 2026-07-22) Por Jos\u00e9 Luis Luna Rocafort [INSTANTZZ AKA Galer\u00eda fotogr\u00e1fica AKA Fotoblog de jazz, impro\u2026 y algo m\u00e1s] - Tomajazz - Xan Campos: Amorodios actu\u00f3 en el XII JazzE\u00f1e 2026 en el Teatro Victoria Eugenia, de San Sebasti\u00e1n el 22 de julio de 2026. Jos\u00e9 Luis Luna Rocafort lo retrata en INSTANTZZ. Actuaron Xan Campos, Faia D\u00edaz, Feliz Barth, Iago Fern\u00e1ndez\" width=\"600\" height=\"400\" srcset=\"https:\/\/tomajazz.com\/web\/wp-content\/uploads\/2026\/09\/005-1.jpg 600w, https:\/\/tomajazz.com\/web\/wp-content\/uploads\/2026\/09\/005-1-300x200.jpg 300w, https:\/\/tomajazz.com\/web\/wp-content\/uploads\/2026\/09\/005-1-465x310.jpg 465w\" sizes=\"auto, (max-width: 600px) 100vw, 600px\" \/> <img loading=\"lazy\" decoding=\"async\" class=\"aligncenter size-large wp-image-106993\" title=\"Xan Campos : Amorodios (XII JazzE\u00f1e 2026. Teatro Victoria Eugenia, Donostia - San Sebasti\u00e1n. 2026-07-22) Por Jos\u00e9 Luis Luna Rocafort [INSTANTZZ AKA Galer\u00eda fotogr\u00e1fica AKA Fotoblog de jazz, impro\u2026 y algo m\u00e1s] Tomajazz 006\" src=\"https:\/\/tomajazz.com\/web\/wp-content\/uploads\/2026\/09\/006-1.jpg\" alt=\"Xan Campos : Amorodios (XII JazzE\u00f1e 2026. Teatro Victoria Eugenia, Donostia - San Sebasti\u00e1n. 2026-07-22) Por Jos\u00e9 Luis Luna Rocafort [INSTANTZZ AKA Galer\u00eda fotogr\u00e1fica AKA Fotoblog de jazz, impro\u2026 y algo m\u00e1s] - Tomajazz - Xan Campos: Amorodios actu\u00f3 en el XII JazzE\u00f1e 2026 en el Teatro Victoria Eugenia, de San Sebasti\u00e1n el 22 de julio de 2026. Jos\u00e9 Luis Luna Rocafort lo retrata en INSTANTZZ. Actuaron Xan Campos, Faia D\u00edaz, Feliz Barth, Iago Fern\u00e1ndez\" width=\"600\" height=\"400\" srcset=\"https:\/\/tomajazz.com\/web\/wp-content\/uploads\/2026\/09\/006-1.jpg 600w, https:\/\/tomajazz.com\/web\/wp-content\/uploads\/2026\/09\/006-1-300x200.jpg 300w, https:\/\/tomajazz.com\/web\/wp-content\/uploads\/2026\/09\/006-1-465x310.jpg 465w\" sizes=\"auto, (max-width: 600px) 100vw, 600px\" \/> <img loading=\"lazy\" decoding=\"async\" class=\"aligncenter size-large wp-image-106994\" title=\"Xan Campos : Amorodios (XII JazzE\u00f1e 2026. Teatro Victoria Eugenia, Donostia - San Sebasti\u00e1n. 2026-07-22) Por Jos\u00e9 Luis Luna Rocafort [INSTANTZZ AKA Galer\u00eda fotogr\u00e1fica AKA Fotoblog de jazz, impro\u2026 y algo m\u00e1s] Tomajazz 007\" src=\"https:\/\/tomajazz.com\/web\/wp-content\/uploads\/2026\/09\/007-1.jpg\" alt=\"Xan Campos : Amorodios (XII JazzE\u00f1e 2026. Teatro Victoria Eugenia, Donostia - San Sebasti\u00e1n. 2026-07-22) Por Jos\u00e9 Luis Luna Rocafort [INSTANTZZ AKA Galer\u00eda fotogr\u00e1fica AKA Fotoblog de jazz, impro\u2026 y algo m\u00e1s] - Tomajazz - Xan Campos: Amorodios actu\u00f3 en el XII JazzE\u00f1e 2026 en el Teatro Victoria Eugenia, de San Sebasti\u00e1n el 22 de julio de 2026. Jos\u00e9 Luis Luna Rocafort lo retrata en INSTANTZZ. Actuaron Xan Campos, Faia D\u00edaz, Feliz Barth, Iago Fern\u00e1ndez\" width=\"600\" height=\"400\" srcset=\"https:\/\/tomajazz.com\/web\/wp-content\/uploads\/2026\/09\/007-1.jpg 600w, https:\/\/tomajazz.com\/web\/wp-content\/uploads\/2026\/09\/007-1-300x200.jpg 300w, https:\/\/tomajazz.com\/web\/wp-content\/uploads\/2026\/09\/007-1-465x310.jpg 465w\" sizes=\"auto, (max-width: 600px) 100vw, 600px\" \/> <img loading=\"lazy\" decoding=\"async\" class=\"aligncenter size-large wp-image-106995\" title=\"Xan Campos : Amorodios (XII JazzE\u00f1e 2026. Teatro Victoria Eugenia, Donostia - San Sebasti\u00e1n. 2026-07-22) Por Jos\u00e9 Luis Luna Rocafort [INSTANTZZ AKA Galer\u00eda fotogr\u00e1fica AKA Fotoblog de jazz, impro\u2026 y algo m\u00e1s] Tomajazz 008\" src=\"https:\/\/tomajazz.com\/web\/wp-content\/uploads\/2026\/09\/008-1.jpg\" alt=\"Xan Campos : Amorodios (XII JazzE\u00f1e 2026. Teatro Victoria Eugenia, Donostia - San Sebasti\u00e1n. 2026-07-22) Por Jos\u00e9 Luis Luna Rocafort [INSTANTZZ AKA Galer\u00eda fotogr\u00e1fica AKA Fotoblog de jazz, impro\u2026 y algo m\u00e1s] - Tomajazz - Xan Campos: Amorodios actu\u00f3 en el XII JazzE\u00f1e 2026 en el Teatro Victoria Eugenia, de San Sebasti\u00e1n el 22 de julio de 2026. Jos\u00e9 Luis Luna Rocafort lo retrata en INSTANTZZ. Actuaron Xan Campos, Faia D\u00edaz, Feliz Barth, Iago Fern\u00e1ndez\" width=\"600\" height=\"400\" srcset=\"https:\/\/tomajazz.com\/web\/wp-content\/uploads\/2026\/09\/008-1.jpg 600w, https:\/\/tomajazz.com\/web\/wp-content\/uploads\/2026\/09\/008-1-300x200.jpg 300w, https:\/\/tomajazz.com\/web\/wp-content\/uploads\/2026\/09\/008-1-465x310.jpg 465w\" sizes=\"auto, (max-width: 600px) 100vw, 600px\" \/> <img loading=\"lazy\" decoding=\"async\" class=\"aligncenter size-large wp-image-106996\" title=\"Xan Campos : Amorodios (XII JazzE\u00f1e 2026. Teatro Victoria Eugenia, Donostia - San Sebasti\u00e1n. 2026-07-22) Por Jos\u00e9 Luis Luna Rocafort [INSTANTZZ AKA Galer\u00eda fotogr\u00e1fica AKA Fotoblog de jazz, impro\u2026 y algo m\u00e1s] Tomajazz 009\" src=\"https:\/\/tomajazz.com\/web\/wp-content\/uploads\/2026\/09\/009-1.jpg\" alt=\"Xan Campos : Amorodios (XII JazzE\u00f1e 2026. Teatro Victoria Eugenia, Donostia - San Sebasti\u00e1n. 2026-07-22) Por Jos\u00e9 Luis Luna Rocafort [INSTANTZZ AKA Galer\u00eda fotogr\u00e1fica AKA Fotoblog de jazz, impro\u2026 y algo m\u00e1s] - Tomajazz - Xan Campos: Amorodios actu\u00f3 en el XII JazzE\u00f1e 2026 en el Teatro Victoria Eugenia, de San Sebasti\u00e1n el 22 de julio de 2026. Jos\u00e9 Luis Luna Rocafort lo retrata en INSTANTZZ. Actuaron Xan Campos, Faia D\u00edaz, Feliz Barth, Iago Fern\u00e1ndez\" width=\"600\" height=\"400\" srcset=\"https:\/\/tomajazz.com\/web\/wp-content\/uploads\/2026\/09\/009-1.jpg 600w, https:\/\/tomajazz.com\/web\/wp-content\/uploads\/2026\/09\/009-1-300x200.jpg 300w, https:\/\/tomajazz.com\/web\/wp-content\/uploads\/2026\/09\/009-1-465x310.jpg 465w\" sizes=\"auto, (max-width: 600px) 100vw, 600px\" \/> <img loading=\"lazy\" decoding=\"async\" class=\"aligncenter size-large wp-image-106997\" title=\"Xan Campos : Amorodios (XII JazzE\u00f1e 2026. Teatro Victoria Eugenia, Donostia - San Sebasti\u00e1n. 2026-07-22) Por Jos\u00e9 Luis Luna Rocafort [INSTANTZZ AKA Galer\u00eda fotogr\u00e1fica AKA Fotoblog de jazz, impro\u2026 y algo m\u00e1s] Tomajazz 010\" src=\"https:\/\/tomajazz.com\/web\/wp-content\/uploads\/2026\/09\/010-1.jpg\" alt=\"Xan Campos : Amorodios (XII JazzE\u00f1e 2026. Teatro Victoria Eugenia, Donostia - San Sebasti\u00e1n. 2026-07-22) Por Jos\u00e9 Luis Luna Rocafort [INSTANTZZ AKA Galer\u00eda fotogr\u00e1fica AKA Fotoblog de jazz, impro\u2026 y algo m\u00e1s] - Tomajazz - Xan Campos: Amorodios actu\u00f3 en el XII JazzE\u00f1e 2026 en el Teatro Victoria Eugenia, de San Sebasti\u00e1n el 22 de julio de 2026. Jos\u00e9 Luis Luna Rocafort lo retrata en INSTANTZZ. Actuaron Xan Campos, Faia D\u00edaz, Feliz Barth, Iago Fern\u00e1ndez\" width=\"600\" height=\"400\" srcset=\"https:\/\/tomajazz.com\/web\/wp-content\/uploads\/2026\/09\/010-1.jpg 600w, https:\/\/tomajazz.com\/web\/wp-content\/uploads\/2026\/09\/010-1-300x200.jpg 300w, https:\/\/tomajazz.com\/web\/wp-content\/uploads\/2026\/09\/010-1-465x310.jpg 465w\" sizes=\"auto, (max-width: 600px) 100vw, 600px\" \/> <img loading=\"lazy\" decoding=\"async\" class=\"aligncenter size-large wp-image-106998\" title=\"Xan Campos : Amorodios (XII JazzE\u00f1e 2026. Teatro Victoria Eugenia, Donostia - San Sebasti\u00e1n. 2026-07-22) Por Jos\u00e9 Luis Luna Rocafort [INSTANTZZ AKA Galer\u00eda fotogr\u00e1fica AKA Fotoblog de jazz, impro\u2026 y algo m\u00e1s] Tomajazz 011\" src=\"https:\/\/tomajazz.com\/web\/wp-content\/uploads\/2026\/09\/011-1.jpg\" alt=\"Xan Campos : Amorodios (XII JazzE\u00f1e 2026. Teatro Victoria Eugenia, Donostia - San Sebasti\u00e1n. 2026-07-22) Por Jos\u00e9 Luis Luna Rocafort [INSTANTZZ AKA Galer\u00eda fotogr\u00e1fica AKA Fotoblog de jazz, impro\u2026 y algo m\u00e1s] - Tomajazz - Xan Campos: Amorodios actu\u00f3 en el XII JazzE\u00f1e 2026 en el Teatro Victoria Eugenia, de San Sebasti\u00e1n el 22 de julio de 2026. Jos\u00e9 Luis Luna Rocafort lo retrata en INSTANTZZ. Actuaron Xan Campos, Faia D\u00edaz, Feliz Barth, Iago Fern\u00e1ndez\" width=\"600\" height=\"400\" srcset=\"https:\/\/tomajazz.com\/web\/wp-content\/uploads\/2026\/09\/011-1.jpg 600w, https:\/\/tomajazz.com\/web\/wp-content\/uploads\/2026\/09\/011-1-300x200.jpg 300w, https:\/\/tomajazz.com\/web\/wp-content\/uploads\/2026\/09\/011-1-465x310.jpg 465w\" sizes=\"auto, (max-width: 600px) 100vw, 600px\" \/> <img loading=\"lazy\" decoding=\"async\" class=\"aligncenter size-large wp-image-106999\" title=\"Xan Campos : Amorodios (XII JazzE\u00f1e 2026. Teatro Victoria Eugenia, Donostia - San Sebasti\u00e1n. 2026-07-22) Por Jos\u00e9 Luis Luna Rocafort [INSTANTZZ AKA Galer\u00eda fotogr\u00e1fica AKA Fotoblog de jazz, impro\u2026 y algo m\u00e1s] Tomajazz 012\" src=\"https:\/\/tomajazz.com\/web\/wp-content\/uploads\/2026\/09\/012-1.jpg\" alt=\"Xan Campos : Amorodios (XII JazzE\u00f1e 2026. Teatro Victoria Eugenia, Donostia - San Sebasti\u00e1n. 2026-07-22) Por Jos\u00e9 Luis Luna Rocafort [INSTANTZZ AKA Galer\u00eda fotogr\u00e1fica AKA Fotoblog de jazz, impro\u2026 y algo m\u00e1s] - Tomajazz - Xan Campos: Amorodios actu\u00f3 en el XII JazzE\u00f1e 2026 en el Teatro Victoria Eugenia, de San Sebasti\u00e1n el 22 de julio de 2026. Jos\u00e9 Luis Luna Rocafort lo retrata en INSTANTZZ. Actuaron Xan Campos, Faia D\u00edaz, Feliz Barth, Iago Fern\u00e1ndez\" width=\"600\" height=\"400\" srcset=\"https:\/\/tomajazz.com\/web\/wp-content\/uploads\/2026\/09\/012-1.jpg 600w, https:\/\/tomajazz.com\/web\/wp-content\/uploads\/2026\/09\/012-1-300x200.jpg 300w, https:\/\/tomajazz.com\/web\/wp-content\/uploads\/2026\/09\/012-1-465x310.jpg 465w\" sizes=\"auto, (max-width: 600px) 100vw, 600px\" \/> <img loading=\"lazy\" decoding=\"async\" class=\"aligncenter size-large wp-image-107000\" title=\"Xan Campos : Amorodios (XII JazzE\u00f1e 2026. Teatro Victoria Eugenia, Donostia - San Sebasti\u00e1n. 2026-07-22) Por Jos\u00e9 Luis Luna Rocafort [INSTANTZZ AKA Galer\u00eda fotogr\u00e1fica AKA Fotoblog de jazz, impro\u2026 y algo m\u00e1s] Tomajazz 013\" src=\"https:\/\/tomajazz.com\/web\/wp-content\/uploads\/2026\/09\/013-1.jpg\" alt=\"Xan Campos : Amorodios (XII JazzE\u00f1e 2026. Teatro Victoria Eugenia, Donostia - San Sebasti\u00e1n. 2026-07-22) Por Jos\u00e9 Luis Luna Rocafort [INSTANTZZ AKA Galer\u00eda fotogr\u00e1fica AKA Fotoblog de jazz, impro\u2026 y algo m\u00e1s] - Tomajazz - Xan Campos: Amorodios actu\u00f3 en el XII JazzE\u00f1e 2026 en el Teatro Victoria Eugenia, de San Sebasti\u00e1n el 22 de julio de 2026. Jos\u00e9 Luis Luna Rocafort lo retrata en INSTANTZZ. Actuaron Xan Campos, Faia D\u00edaz, Feliz Barth, Iago Fern\u00e1ndez\" width=\"600\" height=\"400\" srcset=\"https:\/\/tomajazz.com\/web\/wp-content\/uploads\/2026\/09\/013-1.jpg 600w, https:\/\/tomajazz.com\/web\/wp-content\/uploads\/2026\/09\/013-1-300x200.jpg 300w, https:\/\/tomajazz.com\/web\/wp-content\/uploads\/2026\/09\/013-1-465x310.jpg 465w\" sizes=\"auto, (max-width: 600px) 100vw, 600px\" \/> <img loading=\"lazy\" decoding=\"async\" class=\"aligncenter size-large wp-image-107001\" title=\"Xan Campos : Amorodios (XII JazzE\u00f1e 2026. Teatro Victoria Eugenia, Donostia - San Sebasti\u00e1n. 2026-07-22) Por Jos\u00e9 Luis Luna Rocafort [INSTANTZZ AKA Galer\u00eda fotogr\u00e1fica AKA Fotoblog de jazz, impro\u2026 y algo m\u00e1s] Tomajazz 014\" src=\"https:\/\/tomajazz.com\/web\/wp-content\/uploads\/2026\/09\/014-1.jpg\" alt=\"Xan Campos : Amorodios (XII JazzE\u00f1e 2026. Teatro Victoria Eugenia, Donostia - San Sebasti\u00e1n. 2026-07-22) Por Jos\u00e9 Luis Luna Rocafort [INSTANTZZ AKA Galer\u00eda fotogr\u00e1fica AKA Fotoblog de jazz, impro\u2026 y algo m\u00e1s] - Tomajazz - Xan Campos: Amorodios actu\u00f3 en el XII JazzE\u00f1e 2026 en el Teatro Victoria Eugenia, de San Sebasti\u00e1n el 22 de julio de 2026. Jos\u00e9 Luis Luna Rocafort lo retrata en INSTANTZZ. Actuaron Xan Campos, Faia D\u00edaz, Feliz Barth, Iago Fern\u00e1ndez\" width=\"600\" height=\"400\" srcset=\"https:\/\/tomajazz.com\/web\/wp-content\/uploads\/2026\/09\/014-1.jpg 600w, https:\/\/tomajazz.com\/web\/wp-content\/uploads\/2026\/09\/014-1-300x200.jpg 300w, https:\/\/tomajazz.com\/web\/wp-content\/uploads\/2026\/09\/014-1-465x310.jpg 465w\" sizes=\"auto, (max-width: 600px) 100vw, 600px\" \/> <img loading=\"lazy\" decoding=\"async\" class=\"aligncenter size-large wp-image-107002\" title=\"Xan Campos : Amorodios (XII JazzE\u00f1e 2026. Teatro Victoria Eugenia, Donostia - San Sebasti\u00e1n. 2026-07-22) Por Jos\u00e9 Luis Luna Rocafort [INSTANTZZ AKA Galer\u00eda fotogr\u00e1fica AKA Fotoblog de jazz, impro\u2026 y algo m\u00e1s] Tomajazz 015\" src=\"https:\/\/tomajazz.com\/web\/wp-content\/uploads\/2026\/09\/015-1.jpg\" alt=\"Xan Campos : Amorodios (XII JazzE\u00f1e 2026. Teatro Victoria Eugenia, Donostia - San Sebasti\u00e1n. 2026-07-22) Por Jos\u00e9 Luis Luna Rocafort [INSTANTZZ AKA Galer\u00eda fotogr\u00e1fica AKA Fotoblog de jazz, impro\u2026 y algo m\u00e1s] - Tomajazz - Xan Campos: Amorodios actu\u00f3 en el XII JazzE\u00f1e 2026 en el Teatro Victoria Eugenia, de San Sebasti\u00e1n el 22 de julio de 2026. Jos\u00e9 Luis Luna Rocafort lo retrata en INSTANTZZ. Actuaron Xan Campos, Faia D\u00edaz, Feliz Barth, Iago Fern\u00e1ndez\" width=\"600\" height=\"400\" srcset=\"https:\/\/tomajazz.com\/web\/wp-content\/uploads\/2026\/09\/015-1.jpg 600w, https:\/\/tomajazz.com\/web\/wp-content\/uploads\/2026\/09\/015-1-300x200.jpg 300w, https:\/\/tomajazz.com\/web\/wp-content\/uploads\/2026\/09\/015-1-465x310.jpg 465w\" sizes=\"auto, (max-width: 600px) 100vw, 600px\" \/> <img loading=\"lazy\" decoding=\"async\" class=\"aligncenter size-large wp-image-107003\" title=\"Xan Campos : Amorodios (XII JazzE\u00f1e 2026. Teatro Victoria Eugenia, Donostia - San Sebasti\u00e1n. 2026-07-22) Por Jos\u00e9 Luis Luna Rocafort [INSTANTZZ AKA Galer\u00eda fotogr\u00e1fica AKA Fotoblog de jazz, impro\u2026 y algo m\u00e1s] Tomajazz 016\" src=\"https:\/\/tomajazz.com\/web\/wp-content\/uploads\/2026\/09\/016-1.jpg\" alt=\"Xan Campos : Amorodios (XII JazzE\u00f1e 2026. Teatro Victoria Eugenia, Donostia - San Sebasti\u00e1n. 2026-07-22) Por Jos\u00e9 Luis Luna Rocafort [INSTANTZZ AKA Galer\u00eda fotogr\u00e1fica AKA Fotoblog de jazz, impro\u2026 y algo m\u00e1s] - Tomajazz - Xan Campos: Amorodios actu\u00f3 en el XII JazzE\u00f1e 2026 en el Teatro Victoria Eugenia, de San Sebasti\u00e1n el 22 de julio de 2026. Jos\u00e9 Luis Luna Rocafort lo retrata en INSTANTZZ. Actuaron Xan Campos, Faia D\u00edaz, Feliz Barth, Iago Fern\u00e1ndez\" width=\"600\" height=\"400\" srcset=\"https:\/\/tomajazz.com\/web\/wp-content\/uploads\/2026\/09\/016-1.jpg 600w, https:\/\/tomajazz.com\/web\/wp-content\/uploads\/2026\/09\/016-1-300x200.jpg 300w, https:\/\/tomajazz.com\/web\/wp-content\/uploads\/2026\/09\/016-1-465x310.jpg 465w\" sizes=\"auto, (max-width: 600px) 100vw, 600px\" \/> <img loading=\"lazy\" decoding=\"async\" class=\"aligncenter size-large wp-image-107004\" title=\"Xan Campos : Amorodios (XII JazzE\u00f1e 2026. Teatro Victoria Eugenia, Donostia - San Sebasti\u00e1n. 2026-07-22) Por Jos\u00e9 Luis Luna Rocafort [INSTANTZZ AKA Galer\u00eda fotogr\u00e1fica AKA Fotoblog de jazz, impro\u2026 y algo m\u00e1s] Tomajazz 017\" src=\"https:\/\/tomajazz.com\/web\/wp-content\/uploads\/2026\/09\/017-1.jpg\" alt=\"Xan Campos : Amorodios (XII JazzE\u00f1e 2026. Teatro Victoria Eugenia, Donostia - San Sebasti\u00e1n. 2026-07-22) Por Jos\u00e9 Luis Luna Rocafort [INSTANTZZ AKA Galer\u00eda fotogr\u00e1fica AKA Fotoblog de jazz, impro\u2026 y algo m\u00e1s] - Tomajazz - Xan Campos: Amorodios actu\u00f3 en el XII JazzE\u00f1e 2026 en el Teatro Victoria Eugenia, de San Sebasti\u00e1n el 22 de julio de 2026. Jos\u00e9 Luis Luna Rocafort lo retrata en INSTANTZZ. Actuaron Xan Campos, Faia D\u00edaz, Feliz Barth, Iago Fern\u00e1ndez\" width=\"600\" height=\"400\" srcset=\"https:\/\/tomajazz.com\/web\/wp-content\/uploads\/2026\/09\/017-1.jpg 600w, https:\/\/tomajazz.com\/web\/wp-content\/uploads\/2026\/09\/017-1-300x200.jpg 300w, https:\/\/tomajazz.com\/web\/wp-content\/uploads\/2026\/09\/017-1-465x310.jpg 465w\" sizes=\"auto, (max-width: 600px) 100vw, 600px\" \/> <img loading=\"lazy\" decoding=\"async\" class=\"aligncenter size-large wp-image-107005\" title=\"Xan Campos : Amorodios (XII JazzE\u00f1e 2026. Teatro Victoria Eugenia, Donostia - San Sebasti\u00e1n. 2026-07-22) Por Jos\u00e9 Luis Luna Rocafort [INSTANTZZ AKA Galer\u00eda fotogr\u00e1fica AKA Fotoblog de jazz, impro\u2026 y algo m\u00e1s] Tomajazz 018\" src=\"https:\/\/tomajazz.com\/web\/wp-content\/uploads\/2026\/09\/018-1.jpg\" alt=\"Xan Campos : Amorodios (XII JazzE\u00f1e 2026. Teatro Victoria Eugenia, Donostia - San Sebasti\u00e1n. 2026-07-22) Por Jos\u00e9 Luis Luna Rocafort [INSTANTZZ AKA Galer\u00eda fotogr\u00e1fica AKA Fotoblog de jazz, impro\u2026 y algo m\u00e1s] - Tomajazz - Xan Campos: Amorodios actu\u00f3 en el XII JazzE\u00f1e 2026 en el Teatro Victoria Eugenia, de San Sebasti\u00e1n el 22 de julio de 2026. Jos\u00e9 Luis Luna Rocafort lo retrata en INSTANTZZ. Actuaron Xan Campos, Faia D\u00edaz, Feliz Barth, Iago Fern\u00e1ndez\" width=\"600\" height=\"400\" srcset=\"https:\/\/tomajazz.com\/web\/wp-content\/uploads\/2026\/09\/018-1.jpg 600w, https:\/\/tomajazz.com\/web\/wp-content\/uploads\/2026\/09\/018-1-300x200.jpg 300w, https:\/\/tomajazz.com\/web\/wp-content\/uploads\/2026\/09\/018-1-465x310.jpg 465w\" sizes=\"auto, (max-width: 600px) 100vw, 600px\" \/> <img loading=\"lazy\" decoding=\"async\" class=\"aligncenter size-large wp-image-107006\" title=\"Xan Campos : Amorodios (XII JazzE\u00f1e 2026. Teatro Victoria Eugenia, Donostia - San Sebasti\u00e1n. 2026-07-22) Por Jos\u00e9 Luis Luna Rocafort [INSTANTZZ AKA Galer\u00eda fotogr\u00e1fica AKA Fotoblog de jazz, impro\u2026 y algo m\u00e1s] Tomajazz 019\" src=\"https:\/\/tomajazz.com\/web\/wp-content\/uploads\/2026\/09\/019-1.jpg\" alt=\"Xan Campos : Amorodios (XII JazzE\u00f1e 2026. Teatro Victoria Eugenia, Donostia - San Sebasti\u00e1n. 2026-07-22) Por Jos\u00e9 Luis Luna Rocafort [INSTANTZZ AKA Galer\u00eda fotogr\u00e1fica AKA Fotoblog de jazz, impro\u2026 y algo m\u00e1s] - Tomajazz - Xan Campos: Amorodios actu\u00f3 en el XII JazzE\u00f1e 2026 en el Teatro Victoria Eugenia, de San Sebasti\u00e1n el 22 de julio de 2026. Jos\u00e9 Luis Luna Rocafort lo retrata en INSTANTZZ. Actuaron Xan Campos, Faia D\u00edaz, Feliz Barth, Iago Fern\u00e1ndez\" width=\"600\" height=\"400\" srcset=\"https:\/\/tomajazz.com\/web\/wp-content\/uploads\/2026\/09\/019-1.jpg 600w, https:\/\/tomajazz.com\/web\/wp-content\/uploads\/2026\/09\/019-1-300x200.jpg 300w, https:\/\/tomajazz.com\/web\/wp-content\/uploads\/2026\/09\/019-1-465x310.jpg 465w\" sizes=\"auto, (max-width: 600px) 100vw, 600px\" \/> <img loading=\"lazy\" decoding=\"async\" class=\"aligncenter size-large wp-image-107007\" title=\"Xan Campos : Amorodios (XII JazzE\u00f1e 2026. Teatro Victoria Eugenia, Donostia - San Sebasti\u00e1n. 2026-07-22) Por Jos\u00e9 Luis Luna Rocafort [INSTANTZZ AKA Galer\u00eda fotogr\u00e1fica AKA Fotoblog de jazz, impro\u2026 y algo m\u00e1s] Tomajazz 020\" src=\"https:\/\/tomajazz.com\/web\/wp-content\/uploads\/2026\/09\/020-1.jpg\" alt=\"Xan Campos : Amorodios (XII JazzE\u00f1e 2026. Teatro Victoria Eugenia, Donostia - San Sebasti\u00e1n. 2026-07-22) Por Jos\u00e9 Luis Luna Rocafort [INSTANTZZ AKA Galer\u00eda fotogr\u00e1fica AKA Fotoblog de jazz, impro\u2026 y algo m\u00e1s] - Tomajazz - Xan Campos: Amorodios actu\u00f3 en el XII JazzE\u00f1e 2026 en el Teatro Victoria Eugenia, de San Sebasti\u00e1n el 22 de julio de 2026. Jos\u00e9 Luis Luna Rocafort lo retrata en INSTANTZZ. Actuaron Xan Campos, Faia D\u00edaz, Feliz Barth, Iago Fern\u00e1ndez\" width=\"600\" height=\"400\" srcset=\"https:\/\/tomajazz.com\/web\/wp-content\/uploads\/2026\/09\/020-1.jpg 600w, https:\/\/tomajazz.com\/web\/wp-content\/uploads\/2026\/09\/020-1-300x200.jpg 300w, https:\/\/tomajazz.com\/web\/wp-content\/uploads\/2026\/09\/020-1-465x310.jpg 465w\" sizes=\"auto, (max-width: 600px) 100vw, 600px\" \/><\/p>\n<p style=\"text-align: right;\">Tomajazz: \u00a9 <strong><a href=\"https:\/\/www.facebook.com\/joseluis.lunarocafort\" target=\"_blank\" rel=\"noopener\">Jos\u00e9 Luis Luna Rocafort<\/a><\/strong>, 2026<\/p>\n<h3>M\u00e1s informaci\u00f3n sobre Xan Campos y XII JazzE\u00f1e 2026<\/h3>\n<p><a href=\"https:\/\/xancampos.com\/\" target=\"_blank\" rel=\"noopener\">https:\/\/xancampos.com\/<\/a><\/p>\n<p><a href=\"https:\/\/tomajazz.com\/web\/?s=xan+campos&amp;submit=Search\" target=\"_blank\" rel=\"noopener\">https:\/\/tomajazz.com\/web\/?s=xan+campos&amp;submit=Search<\/a><\/p>\n<p><a href=\"https:\/\/fundacionsgae.org\/actualidad\/ocho-grupos-de-jazz-estatal-actuan-en-jazzene-en-el-61ojazzaldia\/\" target=\"_blank\" rel=\"noopener\">https:\/\/fundacionsgae.org\/actualidad\/ocho-grupos-de-jazz-estatal-actuan-en-jazzene-en-el-61ojazzaldia\/<\/a><\/p>\n<p><a href=\"https:\/\/tomajazz.com\/web\/?s=jazze%C3%B1e&amp;submit=Buscar\" target=\"_blank\" rel=\"noopener\">https:\/\/tomajazz.com\/web\/?s=jazze%C3%B1e&amp;submit=Buscar<\/a><\/p>\n<p>Hace diez a\u00f1os en Jazze\u00f1e&#8230; <a href=\"https:\/\/tomajazz.com\/web\/tag\/jazzene-2016\/\" target=\"_blank\" rel=\"noopener\">https:\/\/tomajazz.com\/web\/tag\/jazzene-2016\/<\/a><\/p>\n<h3>XII JazzE\u00f1e 2026<\/h3>\n<blockquote class=\"wp-embedded-content\" data-secret=\"2wflfYO8hn\"><p><a href=\"https:\/\/tomajazz.com\/web\/javi-ruibal-cuarteto-xxii-jazzene-2026\/\">Javi Ruibal Cuarteto (XII JazzE\u00f1e 2026. Teatro Victoria Eugenia, Donostia &#8211; San Sebasti\u00e1n. 2026-07-22) Por Jos\u00e9 Luis Luna Rocafort [INSTANTZZ AKA Galer\u00eda fotogr\u00e1fica AKA Fotoblog de jazz, impro\u2026 y algo m\u00e1s]<\/a><\/p><\/blockquote>\n<p><iframe loading=\"lazy\" class=\"wp-embedded-content\" sandbox=\"allow-scripts\" security=\"restricted\" style=\"position: absolute; visibility: hidden;\" title=\"\u00abJavi Ruibal Cuarteto (XII JazzE\u00f1e 2026. Teatro Victoria Eugenia, Donostia \u2013 San Sebasti\u00e1n. 2026-07-22) Por Jos\u00e9 Luis Luna Rocafort [INSTANTZZ AKA Galer\u00eda fotogr\u00e1fica AKA Fotoblog de jazz, impro\u2026 y algo m\u00e1s]\u00bb \u2014 Tomajazz\" src=\"https:\/\/tomajazz.com\/web\/javi-ruibal-cuarteto-xxii-jazzene-2026\/embed\/#?secret=K5in070QND#?secret=2wflfYO8hn\" data-secret=\"2wflfYO8hn\" width=\"600\" height=\"338\" frameborder=\"0\" marginwidth=\"0\" marginheight=\"0\" scrolling=\"no\"><\/iframe><\/p>\n<blockquote class=\"wp-embedded-content\" data-secret=\"wPcfdVHAwz\"><p><a href=\"https:\/\/tomajazz.com\/web\/xii-jazzene-2026-noticias\/\">XII JazzE\u00f1e 2026 (Donostia \u2013 San Sebasti\u00e1n. 22 al 25 de julio de 2026) [Noticias de jazz]<\/a><\/p><\/blockquote>\n<p><iframe loading=\"lazy\" class=\"wp-embedded-content\" sandbox=\"allow-scripts\" security=\"restricted\" style=\"position: absolute; visibility: hidden;\" title=\"\u00abXII JazzE\u00f1e 2026 (Donostia \u2013 San Sebasti\u00e1n. 22 al 25 de julio de 2026) [Noticias de jazz]\u00bb \u2014 Tomajazz\" src=\"https:\/\/tomajazz.com\/web\/xii-jazzene-2026-noticias\/embed\/#?secret=6VFeNcGMq1#?secret=wPcfdVHAwz\" data-secret=\"wPcfdVHAwz\" width=\"600\" height=\"338\" frameborder=\"0\" marginwidth=\"0\" marginheight=\"0\" scrolling=\"no\"><\/iframe><\/p>\n<h3>Jos\u00e9 Luis Luna Rocafort en Tomajazz&#8230; y m\u00e1s all\u00e1&#8230;<\/h3>\n<p><a href=\"https:\/\/tomajazz.com\/web\/?cat=17846\" target=\"_blank\" rel=\"noopener\">https:\/\/tomajazz.com\/web\/?cat=17846<\/a><\/p>\n<p><a href=\"https:\/\/tomajazz.com\/web\/category\/jose-luis-luna-rocafort\/\" target=\"_blank\" rel=\"noopener\">https:\/\/tomajazz.com\/web\/category\/jose-luis-luna-rocafort\/<\/a><\/p>\n<p><a href=\"https:\/\/www.facebook.com\/joseluis.lunarocafort\" target=\"_blank\" rel=\"noopener\">https:\/\/www.facebook.com\/joseluis.lunarocafort<\/a><\/p>\n<p><a href=\"https:\/\/www.instagram.com\/jose.luis.luna.rocafort\/\" target=\"_blank\" rel=\"noopener\">https:\/\/www.instagram.com\/jose.luis.luna.rocafort\/<\/a><\/p>\n","protected":false},"excerpt":{"rendered":"<p>Xan Campos: Amorodios actu\u00f3 en el XII JazzE\u00f1e 2026 en el Teatro Victoria Eugenia, de San Sebasti\u00e1n el 22 de julio de 2026. Jos\u00e9 Luis Luna Rocafort lo retrata en INSTANTZZ. Actuaron Xan Campos, Faia D\u00edaz, Feliz Barth, Iago Fern\u00e1ndez<span class=\"more-link\"><a href=\"https:\/\/tomajazz.com\/web\/xan-campos-jazzene-2026\/\">Contin\u00faa leyendo<\/a><\/span><\/p>\n","protected":false},"author":1,"featured_media":107006,"comment_status":"open","ping_status":"closed","sticky":false,"template":"","format":"standard","meta":{"_jetpack_newsletter_access":"","_jetpack_dont_email_post_to_subs":false,"_jetpack_newsletter_tier_id":0,"_jetpack_memberships_contains_paywalled_content":false,"_jetpack_feature_clip_id":0,"_jetpack_memberships_contains_paid_content":false,"footnotes":"","jetpack_post_was_ever_published":false},"categories":[17846,11262,15516,11261,1038,33267],"tags":[33485,33486,4761,10088,7422],"class_list":["entry","author-pachi","has-excerpt","post-106987","post","type-post","status-publish","format-standard","has-post-thumbnail","category-jose-luis-luna-rocafort","category-photoblogs","category-imagenes","category-instantzz","category-contenidos","category-xii-jazzene-2026","tag-faia-diaz","tag-feliz-barth","tag-iago-fernandez","tag-jose-luis-luna-rocafort","tag-xan-campos"],"jetpack_likes_enabled":true,"jetpack_sharing_enabled":true,"jetpack-related-posts":[{"id":106822,"url":"https:\/\/tomajazz.com\/web\/javi-ruibal-cuarteto-xxii-jazzene-2026\/","url_meta":{"origin":106987,"position":0},"title":"Javi Ruibal Cuarteto (XII JazzE\u00f1e 2026. Teatro Victoria Eugenia, Donostia &#8211; San Sebasti\u00e1n. 2026-07-22) Por Jos\u00e9 Luis Luna Rocafort [INSTANTZZ AKA Galer\u00eda fotogr\u00e1fica AKA Fotoblog de jazz, impro\u2026 y algo m\u00e1s]","author":"Tomajazz","date":"28 agosto, 2026","format":false,"excerpt":"Javi Ruibal Cuarteto actu\u00f3 en el XXII JazzE\u00f1e 2026. Jos\u00e9 Luis Luna Rocafort lo retrata en INSTANTZZ. Javi Ruibal Cuarteto son Javi Ruibal, Diego Villegas, Oscar \u00c1lvarez, Alejandro Marcos","rel":"","context":"En \u00abXII JazzE\u00f1e 2026\u00bb","block_context":{"text":"XII JazzE\u00f1e 2026","link":"https:\/\/tomajazz.com\/web\/category\/contenidos\/especial-contenidos\/xii-jazzene-2026\/"},"img":{"alt_text":"Javi Ruibal Cuarteto (XXII JazzE\u00f1e 2026. Teatro Victoria Eugenia, Donostia - San Sebasti\u00e1n. 2026-07-22) Por Jos\u00e9 Luis Luna Rocafort [INSTANTZZ AKA Galer\u00eda fotogr\u00e1fica AKA Fotoblog de jazz, impro\u2026 y algo m\u00e1s] - Tomajazz - Javi Ruibal Cuarteto actu\u00f3 en el XXII JazzE\u00f1e 2026. Jos\u00e9 Luis Luna Rocafort lo retrata en INSTANTZZ. Javi Ruibal Cuarteto son Javi Ruibal, Diego Villegas, Oscar \u00c1lvarez, Alejandro Marcos","src":"https:\/\/i0.wp.com\/tomajazz.com\/web\/wp-content\/uploads\/2026\/08\/016-13.jpg?resize=350%2C200&ssl=1","width":350,"height":200,"srcset":"https:\/\/i0.wp.com\/tomajazz.com\/web\/wp-content\/uploads\/2026\/08\/016-13.jpg?resize=350%2C200&ssl=1 1x, https:\/\/i0.wp.com\/tomajazz.com\/web\/wp-content\/uploads\/2026\/08\/016-13.jpg?resize=525%2C300&ssl=1 1.5x"},"classes":[]},{"id":88619,"url":"https:\/\/tomajazz.com\/web\/roberto-nieva-4tet-jazzene-2024\/","url_meta":{"origin":106987,"position":1},"title":"Roberto Nieva 4tet (X JazzE\u00f1e 2024. Teatro Victoria Eugenia, Donosti &#8211; San Sebasti\u00e1n. 2024-07-24) Por Jos\u00e9 Luis Luna Rocafort [INSTANTZZ AKA Galer\u00eda fotogr\u00e1fica AKA Fotoblog de jazz, impro\u2026 y algo m\u00e1s]","author":"Tomajazz","date":"29 agosto, 2024","format":false,"excerpt":"Roberto Nieva 4tet actu\u00f3 en el X JazzE\u00f1e 2024 en el Teatro Victoria Eugenia de Donosti el 24 de julio de 2024. Jos\u00e9 Luis Luna Rocafort retrata el concierto en INSTANTZZ. Actuaron Roberto Nieva, Xan Campos, Thiago Alves, Rodrigo Ballesteros","rel":"","context":"En \u00abX JazzE\u00f1e 2024\u00bb","block_context":{"text":"X JazzE\u00f1e 2024","link":"https:\/\/tomajazz.com\/web\/category\/contenidos\/especial-contenidos\/x-jazzene-2024\/"},"img":{"alt_text":"Roberto Nieva 4tet (X JazzE\u00f1e 2024. Teatro Victoria Eugenia, Donosti - San Sebasti\u00e1n. 2024-07-24) Por Jos\u00e9 Luis Luna Rocafort [INSTANTZZ AKA Galer\u00eda fotogr\u00e1fica AKA Fotoblog de jazz, impro\u2026 y algo m\u00e1s] - Tomajazz - Roberto Nieva 4tet actu\u00f3 en el X JazzE\u00f1e 2024 en el Teatro Victoria Eugenia de Donosti el 24 de julio de 2024. Jos\u00e9 Luis Luna Rocafort retrata el concierto en INSTANTZZ. Actuaron Roberto Nieva, Xan Campos, Thiago Alves, Rodrigo Ballesteros","src":"https:\/\/i0.wp.com\/tomajazz.com\/web\/wp-content\/uploads\/2024\/08\/destacada-Roberto-Nieva-4tet-Jazzene-2024-Tomajazz-Photo-by-Jose-Luis-Luna-Rocafort-2024-013.jpg?resize=350%2C200&ssl=1","width":350,"height":200,"srcset":"https:\/\/i0.wp.com\/tomajazz.com\/web\/wp-content\/uploads\/2024\/08\/destacada-Roberto-Nieva-4tet-Jazzene-2024-Tomajazz-Photo-by-Jose-Luis-Luna-Rocafort-2024-013.jpg?resize=350%2C200&ssl=1 1x, https:\/\/i0.wp.com\/tomajazz.com\/web\/wp-content\/uploads\/2024\/08\/destacada-Roberto-Nieva-4tet-Jazzene-2024-Tomajazz-Photo-by-Jose-Luis-Luna-Rocafort-2024-013.jpg?resize=525%2C300&ssl=1 1.5x"},"classes":[]},{"id":105286,"url":"https:\/\/tomajazz.com\/web\/xii-jazzene-2026-noticias\/","url_meta":{"origin":106987,"position":2},"title":"XII JazzE\u00f1e 2026 (Donostia \u2013 San Sebasti\u00e1n. 22 al 25 de julio de 2026) [Noticias de jazz]","author":"Tomajazz","date":"8 mayo, 2026","format":false,"excerpt":"Entre el 22 y el 25 de julio de 2026 tendr\u00e1 lugar la XII edici\u00f3n de JazzE\u00f1e en Donostia \u2013 San Sebasti\u00e1n. Ocho grupos seleccionados entre 145 propuestas actuar\u00e1n en un ciclo integrado dentro de la programaci\u00f3n del Jazzaldia 2026 #Noticiasdejazz","rel":"","context":"En \u00abXII JazzE\u00f1e 2026\u00bb","block_context":{"text":"XII JazzE\u00f1e 2026","link":"https:\/\/tomajazz.com\/web\/category\/contenidos\/especial-contenidos\/xii-jazzene-2026\/"},"img":{"alt_text":"XII JazzE\u00f1e 2026 (Donostia \u2013 San Sebasti\u00e1n. 22 al 25 de julio de 2026) [Noticias de jazz] - Tomajazz - Entre el 22 y el 25 de julio de 2026 tendr\u00e1 lugar la XII edici\u00f3n de JazzE\u00f1e en Donostia \u2013 San Sebasti\u00e1n. Ocho grupos seleccionados entre 145 propuestas actuar\u00e1n integrados dentro de la programaci\u00f3n del Jazzaldia 2026 #Noticiasdejazz","src":"https:\/\/i0.wp.com\/tomajazz.com\/web\/wp-content\/uploads\/2026\/05\/Jazzene-2026-cartel-Tomajazz.jpg?resize=350%2C200&ssl=1","width":350,"height":200,"srcset":"https:\/\/i0.wp.com\/tomajazz.com\/web\/wp-content\/uploads\/2026\/05\/Jazzene-2026-cartel-Tomajazz.jpg?resize=350%2C200&ssl=1 1x, https:\/\/i0.wp.com\/tomajazz.com\/web\/wp-content\/uploads\/2026\/05\/Jazzene-2026-cartel-Tomajazz.jpg?resize=525%2C300&ssl=1 1.5x, https:\/\/i0.wp.com\/tomajazz.com\/web\/wp-content\/uploads\/2026\/05\/Jazzene-2026-cartel-Tomajazz.jpg?resize=700%2C400&ssl=1 2x"},"classes":[]},{"id":106645,"url":"https:\/\/tomajazz.com\/web\/carmen-lundy-jazzaldia-2026\/","url_meta":{"origin":106987,"position":3},"title":"Carmen Lundy (61 Jazzaldia 2026. Teatro\u00a0Victoria Eugenia. Donosti. 2026-07-22) Por Jos\u00e9 Luis Luna Rocafort [INSTANTZZ AKA Galer\u00eda fotogr\u00e1fica AKA Fotoblog de jazz, impro\u2026 y algo m\u00e1s]","author":"Tomajazz","date":"21 agosto, 2026","format":false,"excerpt":"Carmen Lundy actu\u00f3 en el 61 Jazzaldia 2026. Jos\u00e9 Luis Luna Rocafort lo retrata en INSTANTZZ. Actuaron Carmen Lundy, Andrew Renfroe, Julius Rodr\u00edguez, Darryll Hall, Terreon Gulley","rel":"","context":"En \u00ab61 Festival de Jazz de San Sebasti\u00e1n 2026 \u2013 Jazzaldia 2026\u00bb","block_context":{"text":"61 Festival de Jazz de San Sebasti\u00e1n 2026 \u2013 Jazzaldia 2026","link":"https:\/\/tomajazz.com\/web\/category\/contenidos\/especial-contenidos\/61-festival-de-jazz-de-san-sebastian-2026-jazzaldia-2026\/"},"img":{"alt_text":"Carmen Lundy (61 Jazzaldia 2026. Teatro\u00a0Victoria Eugenia. Donosti. 2026-07-22) Por Jos\u00e9 Luis Luna Rocafort [INSTANTZZ AKA Galer\u00eda fotogr\u00e1fica AKA Fotoblog de jazz, impro\u2026 y algo m\u00e1s] - Tomajazz - Carmen Lundy actu\u00f3 en el 61 Jazzaldia 2026. Jos\u00e9 Luis Luna Rocafort lo retrata en INSTANTZZ. Actuaron Carmen Lundy, Andrew Renfroe, Julius Rodr\u00edguez, Darryll Hall, Terreon Gulley","src":"https:\/\/i0.wp.com\/tomajazz.com\/web\/wp-content\/uploads\/2026\/08\/016-8.jpg?resize=350%2C200&ssl=1","width":350,"height":200,"srcset":"https:\/\/i0.wp.com\/tomajazz.com\/web\/wp-content\/uploads\/2026\/08\/016-8.jpg?resize=350%2C200&ssl=1 1x, https:\/\/i0.wp.com\/tomajazz.com\/web\/wp-content\/uploads\/2026\/08\/016-8.jpg?resize=525%2C300&ssl=1 1.5x"},"classes":[]},{"id":106757,"url":"https:\/\/tomajazz.com\/web\/lp-jazzaldia-2026\/","url_meta":{"origin":106987,"position":4},"title":"LP (61 Jazzaldia 2026. Donosti. 2026-07-22) Por Jos\u00e9 Luis Luna Rocafort [INSTANTZZ AKA Galer\u00eda fotogr\u00e1fica AKA Fotoblog de jazz, impro\u2026 y algo m\u00e1s]","author":"Tomajazz","date":"26 agosto, 2026","format":false,"excerpt":"LP actu\u00f3 en el 61 Jazzaldia 2026. Jos\u00e9 Luis Luna Rocafort lo retrata en INSTANTZZ. LP son Laura Pergolizzi, Andrew Martin, J. Ryan Kern, Jermaine Butler, Benjamin Hilzinger","rel":"","context":"En \u00ab61 Festival de Jazz de San Sebasti\u00e1n 2026 \u2013 Jazzaldia 2026\u00bb","block_context":{"text":"61 Festival de Jazz de San Sebasti\u00e1n 2026 \u2013 Jazzaldia 2026","link":"https:\/\/tomajazz.com\/web\/category\/contenidos\/especial-contenidos\/61-festival-de-jazz-de-san-sebastian-2026-jazzaldia-2026\/"},"img":{"alt_text":"LP (61 Jazzaldia 2026. Donosti. 2026-07-22) Por Jos\u00e9 Luis Luna Rocafort [INSTANTZZ AKA Galer\u00eda fotogr\u00e1fica AKA Fotoblog de jazz, impro\u2026 y algo m\u00e1s] - Tomajazz - LP actu\u00f3 en el 61 Jazzaldia 2026. Jos\u00e9 Luis Luna Rocafort lo retrata en INSTANTZZ. LP son Laura Pergolizzi, Andrew Martin, J. Ryan Kern, Jermaine Butler, Benjamin Hilzinger","src":"https:\/\/i0.wp.com\/tomajazz.com\/web\/wp-content\/uploads\/2026\/08\/014-11.jpg?resize=350%2C200&ssl=1","width":350,"height":200,"srcset":"https:\/\/i0.wp.com\/tomajazz.com\/web\/wp-content\/uploads\/2026\/08\/014-11.jpg?resize=350%2C200&ssl=1 1x, https:\/\/i0.wp.com\/tomajazz.com\/web\/wp-content\/uploads\/2026\/08\/014-11.jpg?resize=525%2C300&ssl=1 1.5x"},"classes":[]},{"id":106922,"url":"https:\/\/tomajazz.com\/web\/david-murray-quartet-jazzaldia-2026\/","url_meta":{"origin":106987,"position":5},"title":"David Murray Quartet (61 Jazzaldia 2026. Donosti. 2026-07-23) Por Jos\u00e9 Luis Luna Rocafort [INSTANTZZ AKA Galer\u00eda fotogr\u00e1fica AKA Fotoblog de jazz, impro\u2026 y algo m\u00e1s]","author":"Tomajazz","date":"1 septiembre, 2026","format":false,"excerpt":"David Murray Quartet actu\u00f3 en el 61 Jazzaldia 2026, el 23 de julio de 2026. Jos\u00e9 Luis Luna Rocafort lo retrata en INSTANTZZ. Actuaron David Murray, Marta S\u00e1nchez, Luke Steward, Russell Carter, Francesca Cinelli","rel":"","context":"En \u00ab61 Festival de Jazz de San Sebasti\u00e1n 2026 \u2013 Jazzaldia 2026\u00bb","block_context":{"text":"61 Festival de Jazz de San Sebasti\u00e1n 2026 \u2013 Jazzaldia 2026","link":"https:\/\/tomajazz.com\/web\/category\/contenidos\/especial-contenidos\/61-festival-de-jazz-de-san-sebastian-2026-jazzaldia-2026\/"},"img":{"alt_text":"David Murray Quartet (61 Jazzaldia 2026. Donosti. 2026-07-23) Por Jos\u00e9 Luis Luna Rocafort [INSTANTZZ AKA Galer\u00eda fotogr\u00e1fica AKA Fotoblog de jazz, impro\u2026 y algo m\u00e1s] - Tomajazz - David Murray Quartet actu\u00f3 en el 61 Jazzaldia 2026, el 23 de julio de 2026. Jos\u00e9 Luis Luna Rocafort lo retrata en INSTANTZZ. Actuaron David Murray, Marta S\u00e1nchez, Luke Steward, Russell Carter, Francesca Cinelli","src":"https:\/\/i0.wp.com\/tomajazz.com\/web\/wp-content\/uploads\/2026\/08\/005-17.jpg?resize=350%2C200&ssl=1","width":350,"height":200,"srcset":"https:\/\/i0.wp.com\/tomajazz.com\/web\/wp-content\/uploads\/2026\/08\/005-17.jpg?resize=350%2C200&ssl=1 1x, https:\/\/i0.wp.com\/tomajazz.com\/web\/wp-content\/uploads\/2026\/08\/005-17.jpg?resize=525%2C300&ssl=1 1.5x"},"classes":[]}],"jetpack_featured_media_url":"https:\/\/tomajazz.com\/web\/wp-content\/uploads\/2026\/09\/019-1.jpg","_links":{"self":[{"href":"https:\/\/tomajazz.com\/web\/wp-json\/wp\/v2\/posts\/106987","targetHints":{"allow":["GET"]}}],"collection":[{"href":"https:\/\/tomajazz.com\/web\/wp-json\/wp\/v2\/posts"}],"about":[{"href":"https:\/\/tomajazz.com\/web\/wp-json\/wp\/v2\/types\/post"}],"author":[{"embeddable":true,"href":"https:\/\/tomajazz.com\/web\/wp-json\/wp\/v2\/users\/1"}],"replies":[{"embeddable":true,"href":"https:\/\/tomajazz.com\/web\/wp-json\/wp\/v2\/comments?post=106987"}],"version-history":[{"count":1,"href":"https:\/\/tomajazz.com\/web\/wp-json\/wp\/v2\/posts\/106987\/revisions"}],"predecessor-version":[{"id":107008,"href":"https:\/\/tomajazz.com\/web\/wp-json\/wp\/v2\/posts\/106987\/revisions\/107008"}],"wp:featuredmedia":[{"embeddable":true,"href":"https:\/\/tomajazz.com\/web\/wp-json\/wp\/v2\/media\/107006"}],"wp:attachment":[{"href":"https:\/\/tomajazz.com\/web\/wp-json\/wp\/v2\/media?parent=106987"}],"wp:term":[{"taxonomy":"category","embeddable":true,"href":"https:\/\/tomajazz.com\/web\/wp-json\/wp\/v2\/categories?post=106987"},{"taxonomy":"post_tag","embeddable":true,"href":"https:\/\/tomajazz.com\/web\/wp-json\/wp\/v2\/tags?post=106987"}],"curies":[{"name":"wp","href":"https:\/\/api.w.org\/{rel}","templated":true}]}}