{"id":107009,"date":"2026-09-03T12:30:49","date_gmt":"2026-09-03T10:30:49","guid":{"rendered":"https:\/\/tomajazz.com\/web\/?p=107009"},"modified":"2026-09-02T22:32:12","modified_gmt":"2026-09-02T20:32:12","slug":"pedro-molina-a-name-i-knew-2026","status":"publish","type":"post","link":"https:\/\/tomajazz.com\/web\/pedro-molina-a-name-i-knew-2026\/","title":{"rendered":"Pedro Molina: A Name I Knew (Carimbo Porta-Jazz, 2026) Por Jos\u00e9 Antonio Garc\u00eda L\u00f3pez [Grabaci\u00f3n de jazz]"},"content":{"rendered":"<p>El nuevo \u00e1lbum <em>A Name I Knew<\/em> (Carimbo Porta-Jazz, 2026) del contrabajista espa\u00f1ol Pedro Molina, afincado en Oporto (Portugal), consolida su ascendente trayectoria tras su primer \u00e1lbum <em>\u00c1 Procura<\/em> (Carimbo Porta-Jazz, 2024). Una muestra original de su faceta creativa y compositiva, en la que el autor lidera un proyecto a cuarteto formado por j\u00f3venes y relevantes m\u00fasicos de la escena jazz\u00edstica portuguesa, acompa\u00f1ado por el guitarrista Hugo Ferreira, el pianista Miguel Meirhinos, y el bater\u00eda Gon\u00e7alo Ribeiro.<\/p>\n<p><img loading=\"lazy\" decoding=\"async\" class=\"alignleft wp-image-107010 size-medium\" title=\"Pedro Molina: A Name I Knew (Carimbo Porta-Jazz, 2026) Por Jos\u00e9 Antonio Garc\u00eda L\u00f3pez [Grabaci\u00f3n de jazz] Tomajazz Pedro Molina A Name I Knew Carimbo Porta Jazz 2026\" src=\"https:\/\/tomajazz.com\/web\/wp-content\/uploads\/2026\/09\/Pedro-Molina-A-Name-I-Knew-Carimbo-Porta-Jazz-2026-300x300.jpg\" alt=\"Pedro Molina: A Name I Knew (Carimbo Porta-Jazz, 2026) Por Jos\u00e9 Antonio Garc\u00eda L\u00f3pez [Grabaci\u00f3n de jazz] - Tomajazz - A Name I Knew (Carimbo Porta-Jazz, 2026) es la nueva grabaci\u00f3n de Pedro Molina. Jos\u00e9 Antonio Garc\u00eda L\u00f3pez repasa la grabaci\u00f3n. Participan Pedro Molina, Hugo Ferreira, Miguel Meirhinos, Gon\u00e7alo Ribeiro\" width=\"300\" height=\"300\" srcset=\"https:\/\/tomajazz.com\/web\/wp-content\/uploads\/2026\/09\/Pedro-Molina-A-Name-I-Knew-Carimbo-Porta-Jazz-2026-300x300.jpg 300w, https:\/\/tomajazz.com\/web\/wp-content\/uploads\/2026\/09\/Pedro-Molina-A-Name-I-Knew-Carimbo-Porta-Jazz-2026-600x600.jpg 600w, https:\/\/tomajazz.com\/web\/wp-content\/uploads\/2026\/09\/Pedro-Molina-A-Name-I-Knew-Carimbo-Porta-Jazz-2026-200x200.jpg 200w, https:\/\/tomajazz.com\/web\/wp-content\/uploads\/2026\/09\/Pedro-Molina-A-Name-I-Knew-Carimbo-Porta-Jazz-2026-768x768.jpg 768w, https:\/\/tomajazz.com\/web\/wp-content\/uploads\/2026\/09\/Pedro-Molina-A-Name-I-Knew-Carimbo-Porta-Jazz-2026-465x465.jpg 465w, https:\/\/tomajazz.com\/web\/wp-content\/uploads\/2026\/09\/Pedro-Molina-A-Name-I-Knew-Carimbo-Porta-Jazz-2026-500x500.jpg 500w, https:\/\/tomajazz.com\/web\/wp-content\/uploads\/2026\/09\/Pedro-Molina-A-Name-I-Knew-Carimbo-Porta-Jazz-2026.jpg 900w\" sizes=\"auto, (max-width: 300px) 100vw, 300px\" \/>El \u00e1lbum contiene ocho composiciones, en una mezcla musical ecl\u00e9ctica que recorre desde el jazz m\u00e1s arriesgado hasta el estilo m\u00e1s simple y estructurado del <em>pop-rock<\/em>.<\/p>\n<p>\u201cDenial\u201d, es la pieza que encabeza el \u00e1lbum, en la que fluye un continuo di\u00e1logo musical entre los cuatro componentes, sobre todo entre el pianista y el guitarrista con el efecto de sonido <em>chorus<\/em>, abrigados por el sost\u00e9n del contrabajo y la contundente bater\u00eda de Ribeiro, alcanzando su m\u00e1xima intensidad conforme se acerca el final de la composici\u00f3n, d\u00e1ndole un car\u00e1cter muy expresivo.<\/p>\n<p>El disco contin\u00faa con el tema \u201cAcceptance\u201d, una pieza lenta iniciada con una corta introducci\u00f3n del pianista, a la que se va sumando el resto del cuarteto. En la melod\u00eda destaca el sonido algo distorsionado de la guitarra de Ferreira, que utiliza tambi\u00e9n en su elocuente improvisaci\u00f3n. La elegante composici\u00f3n \u201cI\u2019m Not The Same\u201d, camina sobre un impecable <em>groove<\/em> que demuestra la gran interacci\u00f3n que hay entre los componentes del grupo. El pianista Meirhinos luce con una l\u00edrica y fluida improvisaci\u00f3n, para dar paso a Ferreira, que intensifica la partitura con en\u00e9rgicas incursiones, y le vuelve a dar un destacado protagonismo, marcado por la r\u00edtmica de la bater\u00eda y la base del contrabajo.<\/p>\n<p>\u201cSer\u00e1 Que N\u00e3o H\u00e1 Mesmo?\u201d, con influencias del estilo <em>free jazz<\/em>, comienza con una introducci\u00f3n del pianista, dando paso a un complejo movimiento a modo de libre di\u00e1logo entre los cuatro componentes, desplegado e intensificado con diferentes matices sonoros, dando lugar a sugerentes y variadas emociones. En el ecuador del disco encontramos \u201cValadas\u201d, una bella pieza, profunda y oscura, que denota una atm\u00f3sfera emotiva y nost\u00e1lgica, destacando el sutil y l\u00edrico solo de contrabajo de Molina, que contrasta con la fuerte presencia de la guitarra de Ferreira.<\/p>\n<p>Uno de los temas m\u00e1s en\u00e9rgicos es \u201cFamiliar As Fog\u201d, una mezcla de jazz contempor\u00e1neo con influencias del <em>rock<\/em>, que recuerda el estilo del ecl\u00e9ctico compositor y guitarrista estadounidense Frank Zappa, con el uso del sonido distorsionado y del efecto de sonido <em>wah\/tremolo<\/em> de la guitarra, en algunas de sus composiciones, y de manera m\u00e1s cercana y reciente al extraordinario guitarrista portugu\u00e9s Andr\u00e9 Fernandes. Ferreira ataca con fuerza en su improvisaci\u00f3n, navegando sobre la intensa base r\u00edtmica y mel\u00f3dica construida por sus compa\u00f1eros, dejando espacio a los geniales y precisos fraseos del pianista Meirhinos.<\/p>\n<p>En \u201cVai Ficar Tudo Bem\u201d, a la introducci\u00f3n del pianista, acompa\u00f1ado por la bater\u00eda, se va sumando la guitarra y el contrabajo con arco, d\u00e1ndole un car\u00e1cter enigm\u00e1tico durante el desarrollo del tema, para despu\u00e9s cambiar la din\u00e1mica en la parte final. Con la pieza lenta \u201cWho Sings When I Can\u2019t Remember Anything?\u201d, llegamos al \u00faltimo tema del \u00e1lbum. Una reflexi\u00f3n sobre la memoria y la enfermedad de Alzheimer. Destacan los solos de Molina, y de Ferreira, con un sonido limpio y una expresi\u00f3n bellamente articulada.<\/p>\n<p>Molina, ha reunido experiencia y sabidur\u00eda en un excelente y honesto trabajo, dejando rienda libre y creatividad en la aportaci\u00f3n de cada uno de sus compa\u00f1eros, dando forma a sus ideas con un lenguaje propio, para ofrecernos una narrativa a trav\u00e9s de su m\u00fasica. Habr\u00eda que resaltar tambi\u00e9n la lograda dimensi\u00f3n sonora que contiene todo el \u00e1lbum.<\/p>\n<p>El disco ya ha sido presentado en varios festivales, y pr\u00f3ximamente ser\u00e1 tambi\u00e9n presentado en festivales de jazz en Espa\u00f1a y Portugal, en fechas ya se\u00f1aladas.<\/p>\n<p style=\"text-align: right;\">Tomajazz: \u00a9 <strong><a href=\"https:\/\/www.facebook.com\/joseantonio.garcia.3950\" target=\"_blank\" rel=\"noopener\">Jos\u00e9 Antonio Garc\u00eda L\u00f3pez,<\/a><\/strong> 2026<\/p>\n<h3><strong>Pedro Molina: <em>A Name I Knew<\/em><\/strong><\/h3>\n<p>M\u00fasicos: Pedro Molina (contrabajo), Hugo Ferreira (guitarra), Miguel Meirhinos (piano), Gon\u00e7alo Ribeiro (bater\u00eda).<\/p>\n<p>Composiciones: \u201cDenial\u201d, \u201cAcceptance\u201d, \u201cI\u2019m Not The Same\u201d, \u201cSer\u00e1 Que N\u00e3o H\u00e1 Mesmo?\u201d, \u201cValadas\u201d, \u201cFamiliar As Fog\u201d, \u201cVai Ficar Tudo Bem\u201d, \u201cWho Sings When I Can\u2019t Remember Anything?\u201d. Todas las composiciones son de Pedro Molina.<\/p>\n<p>Mezcla y masterizaci\u00f3n por Andr\u00e9 Fernandes en el estudio Timbuktu (Lisboa).<\/p>\n<p>Publicado por Carimbo Porta-Jazz, 2026.<\/p>\n<p>Portada y dise\u00f1o: <a href=\"https:\/\/mariamonica.com\" target=\"_blank\" rel=\"noopener\">https:\/\/mariamonica.com<\/a><\/p>\n<h3><strong>M\u00e1s informaci\u00f3n acerca de Pedro Molina<\/strong><\/h3>\n<p><a href=\"https:\/\/pedromolinamusic.com\/\" target=\"_blank\" rel=\"noopener\">https:\/\/pedromolinamusic.com\/<\/a><\/p>\n<p><a href=\"https:\/\/open.spotify.com\/intl-es\/album\/5wNQSgHdvKtTIh5h0ByTvM?si=dY9o_sU6RfyDK-jrhiMllw\" target=\"_blank\" rel=\"noopener\">https:\/\/open.spotify.com\/intl-es\/album\/5wNQSgHdvKtTIh5h0ByTvM?si=dY9o_sU6RfyDK-jrhiMllw<\/a><\/p>\n<p><a href=\"https:\/\/tomajazz.com\/web\/?s=pedro+molina&amp;submit=Search\" target=\"_blank\" rel=\"noopener\">https:\/\/tomajazz.com\/web\/?s=pedro+molina&amp;submit=Search<\/a><\/p>\n<p><a href=\"https:\/\/portajazz.com\/carimbo\" target=\"_blank\" rel=\"noopener\">https:\/\/portajazz.com\/carimbo<\/a><\/p>\n<p><a href=\"https:\/\/tomajazz.com\/web\/?s=carimbo+porta+jazz&amp;submit=Search\" target=\"_blank\" rel=\"noopener\">https:\/\/tomajazz.com\/web\/?s=carimbo+porta+jazz&amp;submit=Search<\/a><\/p>\n<h3>Jos\u00e9 Antonio Garc\u00eda L\u00f3pez en Tomajazz<\/h3>\n<p><a href=\"https:\/\/tomajazz.com\/web\/?cat=17875\" target=\"_blank\" rel=\"noopener\">https:\/\/tomajazz.com\/web\/?cat=17875<\/a><\/p>\n","protected":false},"excerpt":{"rendered":"<p>A Name I Knew (Carimbo Porta-Jazz, 2026) es la nueva grabaci\u00f3n de Pedro Molina. Jos\u00e9 Antonio Garc\u00eda L\u00f3pez repasa la grabaci\u00f3n. Participan Pedro Molina, Hugo Ferreira, Miguel Meirhinos, Gon\u00e7alo Ribeiro <span class=\"more-link\"><a href=\"https:\/\/tomajazz.com\/web\/pedro-molina-a-name-i-knew-2026\/\">Contin\u00faa leyendo<\/a><\/span><\/p>\n","protected":false},"author":1,"featured_media":107010,"comment_status":"open","ping_status":"closed","sticky":false,"template":"","format":"standard","meta":{"_jetpack_newsletter_access":"","_jetpack_dont_email_post_to_subs":false,"_jetpack_newsletter_tier_id":0,"_jetpack_memberships_contains_paywalled_content":false,"_jetpack_feature_clip_id":0,"_jetpack_memberships_contains_paid_content":false,"footnotes":"","jetpack_post_was_ever_published":false},"categories":[17875,5,15517,1038],"tags":[8685,27113,33487,1154,33488,14848],"class_list":["entry","author-pachi","has-excerpt","post-107009","post","type-post","status-publish","format-standard","has-post-thumbnail","category-jose-antonio-garcia-lopez","category-grabaciones","category-textos","category-contenidos","tag-carimbo-porta-jazz","tag-goncalo-ribeiro","tag-hugo-ferreira","tag-jose-antonio-garcia-lopez","tag-miguel-meirhinos","tag-pedro-molina"],"jetpack_likes_enabled":true,"jetpack_sharing_enabled":true,"jetpack-related-posts":[{"id":35563,"url":"https:\/\/tomajazz.com\/web\/hdo-382-carimbo-porta-jazz-i-podcast\/","url_meta":{"origin":107009,"position":0},"title":"HDO 382. Carimbo Porta Jazz I [Podcast]","author":"Tomajazz","date":"10 marzo, 2018","format":false,"excerpt":"HDO 382 es la primera entrega dedicada al sello Carimbo PortaJazz, en la que suenan cinco grabaciones publicada en la discogr\u00e1fica de esta asociaci\u00f3n situada en Oporto (Porto). Suenan\u00a0Guerra e Paz (MAP -Paulo Gomes, Miguel Moreira, Miguel \u00c2ngelo, Ac\u00e1cio Salero-);\u00a0\u00a0Analog (Coreto \u2013Jo\u00e3o Pedro Brand\u00e3o,\u00a0Jos\u00e9 Pedro Coelho,\u00a0Hugo Cir\u00edaco,\u00a0Rui Teixeira,\u00a0Ricardo Formoso,\u00a0Susana Santos\u2026","rel":"","context":"En \u00ab*_Pachi Tapiz\u00bb","block_context":{"text":"*_Pachi Tapiz","link":"https:\/\/tomajazz.com\/web\/category\/pachi-tapiz\/"},"img":{"alt_text":"","src":"https:\/\/i0.wp.com\/tomajazz.com\/web\/wp-content\/uploads\/2018\/03\/Bode-Wilson_Lascas_Carimbo-Porta-Jazz_2017-e1520579213660.jpg?resize=350%2C200&ssl=1","width":350,"height":200,"srcset":"https:\/\/i0.wp.com\/tomajazz.com\/web\/wp-content\/uploads\/2018\/03\/Bode-Wilson_Lascas_Carimbo-Porta-Jazz_2017-e1520579213660.jpg?resize=350%2C200&ssl=1 1x, https:\/\/i0.wp.com\/tomajazz.com\/web\/wp-content\/uploads\/2018\/03\/Bode-Wilson_Lascas_Carimbo-Porta-Jazz_2017-e1520579213660.jpg?resize=525%2C300&ssl=1 1.5x, https:\/\/i0.wp.com\/tomajazz.com\/web\/wp-content\/uploads\/2018\/03\/Bode-Wilson_Lascas_Carimbo-Porta-Jazz_2017-e1520579213660.jpg?resize=700%2C400&ssl=1 2x"},"classes":[]},{"id":63581,"url":"https:\/\/tomajazz.com\/web\/graffiti-gianni-narduzzi-dharma-burns-carimbo-porta-jazz-2022-por-pachi-tapiz-jazzx5-501-minipodcast-de-jazz\/","url_meta":{"origin":107009,"position":1},"title":"\u00abGraffiti\u00bb [Gianni Narduzzi Dharma Burns (Carimbo Porta Jazz, 2022)] Por Pachi Tapiz. JazzX5 #501 [Minipodcast de jazz]","author":"Tomajazz","date":"19 mayo, 2022","format":false,"excerpt":"En JazzX5 suena el tema \"Graffitti\" de Dharma Burns (Carimbo Porta Jazz, 2022) de Gianni Narduzzi. JazzX5 es un podcast de Pachi Tapiz.","rel":"","context":"En \u00abJazzX5\u00bb","block_context":{"text":"JazzX5","link":"https:\/\/tomajazz.com\/web\/category\/contenidos\/sonidos\/podcast\/jazzx5\/"},"img":{"alt_text":"","src":"https:\/\/i0.wp.com\/tomajazz.com\/web\/wp-content\/uploads\/2022\/05\/JazzX5_0501.jpg?resize=350%2C200&ssl=1","width":350,"height":200,"srcset":"https:\/\/i0.wp.com\/tomajazz.com\/web\/wp-content\/uploads\/2022\/05\/JazzX5_0501.jpg?resize=350%2C200&ssl=1 1x, https:\/\/i0.wp.com\/tomajazz.com\/web\/wp-content\/uploads\/2022\/05\/JazzX5_0501.jpg?resize=525%2C300&ssl=1 1.5x, https:\/\/i0.wp.com\/tomajazz.com\/web\/wp-content\/uploads\/2022\/05\/JazzX5_0501.jpg?resize=700%2C400&ssl=1 2x"},"classes":[]},{"id":22569,"url":"https:\/\/tomajazz.com\/web\/portujazz-i-especie-de-trio-andre-fernandes-cicero-lee-mariana-vergueir-hdo-0083-podcast\/","url_meta":{"origin":107009,"position":2},"title":"Portujazz I: Esp\u00e9cie de Trio, Andr\u00e9 Fernandes, Cicero Lee, Mariana Vergueiro. HDO 0083 [Podcast]","author":"Tomajazz","date":"12 marzo, 2016","format":false,"excerpt":"Portugal tiene una actividad jazz\u00edstica m\u00e1s que notable, no estar\u00eda de m\u00e1s tomar ejemplo de sus festivales y ciclos, con un buen n\u00famero de m\u00fasicos y grupos que trabajan con el jazz en todas sus expresiones y que no dejan de publicar nuevas referencias. Dentro de lo que se podr\u00eda\u2026","rel":"","context":"En \u00ab*_Pachi Tapiz\u00bb","block_context":{"text":"*_Pachi Tapiz","link":"https:\/\/tomajazz.com\/web\/category\/pachi-tapiz\/"},"img":{"alt_text":"","src":"https:\/\/i0.wp.com\/tomajazz.com\/web\/wp-content\/uploads\/2016\/03\/Andre-Fernandez_Dream-Keeper_Edition-Records_2015.jpg?resize=350%2C200&ssl=1","width":350,"height":200,"srcset":"https:\/\/i0.wp.com\/tomajazz.com\/web\/wp-content\/uploads\/2016\/03\/Andre-Fernandez_Dream-Keeper_Edition-Records_2015.jpg?resize=350%2C200&ssl=1 1x, https:\/\/i0.wp.com\/tomajazz.com\/web\/wp-content\/uploads\/2016\/03\/Andre-Fernandez_Dream-Keeper_Edition-Records_2015.jpg?resize=525%2C300&ssl=1 1.5x"},"classes":[]},{"id":12556,"url":"https:\/\/tomajazz.com\/web\/pedro-neves-ausente-carimbo-porta-jazz-2014\/","url_meta":{"origin":107009,"position":3},"title":"Pedro Neves: Ausente (Carimbo Porta-Jazz, 2014)","author":"Tomajazz","date":"3 junio, 2014","format":false,"excerpt":"Gracias a la labor de los colectivos que fomentan la m\u00fasica, como es el caso de la Associa\u00e7\u00e3o Porta-Jazz, podemos disfrutar de diversos trabajos discogr\u00e1ficos que nos muestran la exquisita creatividad de los artistas portugueses, y nos permiten conocer a los excelentes m\u00fasicos que cohabitan en el entorno del g\u00e9nero\u2026","rel":"","context":"En \u00ab*_Jos\u00e9 Antonio Garc\u00eda L\u00f3pez\u00bb","block_context":{"text":"*_Jos\u00e9 Antonio Garc\u00eda L\u00f3pez","link":"https:\/\/tomajazz.com\/web\/category\/jose-antonio-garcia-lopez\/"},"img":{"alt_text":"","src":"https:\/\/i0.wp.com\/tomajazz.com\/web\/wp-content\/uploads\/2014\/06\/PORTADA-DE-AUSENTE-e1401736324284.jpg?resize=350%2C200&ssl=1","width":350,"height":200},"classes":[]},{"id":73135,"url":"https:\/\/tomajazz.com\/web\/carimbo-porta-jazz-iii-hdo-564\/","url_meta":{"origin":107009,"position":4},"title":"Carimbo Porta Jazz III Por Pachi Tapiz. HDO #564 [Podcast de jazz]","author":"Tomajazz","date":"21 abril, 2023","format":false,"excerpt":"En HDO 564, la tercera entrega de HDO dedicada en exclusiva al sello Carimbo Porta Jazz, realizamos un repaso a cinco grabaciones publicadas a lo largo de los \u00faltimos meses por este sello de la asociaci\u00f3n lusa residente en Oporto Porta Jazz. En el programa suenan... Vazio e o Octaedro:\u2026","rel":"","context":"En \u00ab*_Pachi Tapiz\u00bb","block_context":{"text":"*_Pachi Tapiz","link":"https:\/\/tomajazz.com\/web\/category\/pachi-tapiz\/"},"img":{"alt_text":"Carimbo Porta Jazz III Por Pachi Tapiz. HDO #564 [Podcast de jazz] - Tomajazz 9.0 - En HDO 564, la tercera entrega de HDO dedicada en exclusiva al sello Carimbo Porta Jazz, realizamos un repaso a cinco grabaciones publicadas a lo largo de los \u00faltimos meses por este sello de la asociaci\u00f3n lusa residente en Oporto Porta Jazz. En el programa suenan... Vazio e o Octaedro: Vazio e o Octaedro \/ Vera Morais - Hristo Goleminov: Consider the Plums \/ Pedro Neves Trio: Hindrances \/ 293 Diagonal: Membrana \/ Nuno Campos 4et: Something To Believe In. HDO es un podcast de Pachi Tapiz.","src":"https:\/\/i0.wp.com\/tomajazz.com\/web\/wp-content\/uploads\/2023\/04\/carimbo-porta-jazz-HDO-564.jpg?resize=350%2C200&ssl=1","width":350,"height":200,"srcset":"https:\/\/i0.wp.com\/tomajazz.com\/web\/wp-content\/uploads\/2023\/04\/carimbo-porta-jazz-HDO-564.jpg?resize=350%2C200&ssl=1 1x, https:\/\/i0.wp.com\/tomajazz.com\/web\/wp-content\/uploads\/2023\/04\/carimbo-porta-jazz-HDO-564.jpg?resize=525%2C300&ssl=1 1.5x, https:\/\/i0.wp.com\/tomajazz.com\/web\/wp-content\/uploads\/2023\/04\/carimbo-porta-jazz-HDO-564.jpg?resize=700%2C400&ssl=1 2x"},"classes":[]},{"id":72504,"url":"https:\/\/tomajazz.com\/web\/pedro-neves-hindrances-jazzx5\/","url_meta":{"origin":107009,"position":5},"title":"\u00abDevelopment of behavior\u00bb [Pedro Neves: Hindrances (Carimbo Porta Jazz, 2022)] Por Pachi Tapiz. JazzX5 #576 [Minipodcast de jazz]","author":"Tomajazz","date":"23 marzo, 2023","format":false,"excerpt":"En la entrega #576 de JazzX5 suena el tema \"Development of behavior\" que aparece en la grabaci\u00f3n Hindrances (Carimbo Porta Jazz, 2022) de Pedro Neves. JazzX5 es un podcast de Pachi Tapiz.","rel":"","context":"En \u00abJazzX5\u00bb","block_context":{"text":"JazzX5","link":"https:\/\/tomajazz.com\/web\/category\/contenidos\/sonidos\/podcast\/jazzx5\/"},"img":{"alt_text":"&#8220;Development of behavior&#8221; [Pedro Neves: Hindrances (Carimbo Porta Jazz, 2022)] Por Pachi Tapiz. JazzX5 #576 [Minipodcast de jazz] - Tomajazz 9.0 - En la entrega #576 de JazzX5 suena el tema \"Development of behavior\" que aparece en la grabaci\u00f3n Hindrances (Carimbo Porta Jazz, 2022) de Pedro Neves. JazzX5 es un podcast de Pachi Tapiz.","src":"https:\/\/i0.wp.com\/tomajazz.com\/web\/wp-content\/uploads\/2023\/03\/JazzX5-0576.jpg?resize=350%2C200&ssl=1","width":350,"height":200,"srcset":"https:\/\/i0.wp.com\/tomajazz.com\/web\/wp-content\/uploads\/2023\/03\/JazzX5-0576.jpg?resize=350%2C200&ssl=1 1x, https:\/\/i0.wp.com\/tomajazz.com\/web\/wp-content\/uploads\/2023\/03\/JazzX5-0576.jpg?resize=525%2C300&ssl=1 1.5x, https:\/\/i0.wp.com\/tomajazz.com\/web\/wp-content\/uploads\/2023\/03\/JazzX5-0576.jpg?resize=700%2C400&ssl=1 2x"},"classes":[]}],"jetpack_featured_media_url":"https:\/\/tomajazz.com\/web\/wp-content\/uploads\/2026\/09\/Pedro-Molina-A-Name-I-Knew-Carimbo-Porta-Jazz-2026.jpg","_links":{"self":[{"href":"https:\/\/tomajazz.com\/web\/wp-json\/wp\/v2\/posts\/107009","targetHints":{"allow":["GET"]}}],"collection":[{"href":"https:\/\/tomajazz.com\/web\/wp-json\/wp\/v2\/posts"}],"about":[{"href":"https:\/\/tomajazz.com\/web\/wp-json\/wp\/v2\/types\/post"}],"author":[{"embeddable":true,"href":"https:\/\/tomajazz.com\/web\/wp-json\/wp\/v2\/users\/1"}],"replies":[{"embeddable":true,"href":"https:\/\/tomajazz.com\/web\/wp-json\/wp\/v2\/comments?post=107009"}],"version-history":[{"count":3,"href":"https:\/\/tomajazz.com\/web\/wp-json\/wp\/v2\/posts\/107009\/revisions"}],"predecessor-version":[{"id":107013,"href":"https:\/\/tomajazz.com\/web\/wp-json\/wp\/v2\/posts\/107009\/revisions\/107013"}],"wp:featuredmedia":[{"embeddable":true,"href":"https:\/\/tomajazz.com\/web\/wp-json\/wp\/v2\/media\/107010"}],"wp:attachment":[{"href":"https:\/\/tomajazz.com\/web\/wp-json\/wp\/v2\/media?parent=107009"}],"wp:term":[{"taxonomy":"category","embeddable":true,"href":"https:\/\/tomajazz.com\/web\/wp-json\/wp\/v2\/categories?post=107009"},{"taxonomy":"post_tag","embeddable":true,"href":"https:\/\/tomajazz.com\/web\/wp-json\/wp\/v2\/tags?post=107009"}],"curies":[{"name":"wp","href":"https:\/\/api.w.org\/{rel}","templated":true}]}}