{"id":107014,"date":"2026-09-04T12:00:21","date_gmt":"2026-09-04T10:00:21","guid":{"rendered":"https:\/\/tomajazz.com\/web\/?p=107014"},"modified":"2026-09-03T20:25:57","modified_gmt":"2026-09-03T18:25:57","slug":"maria-antonia-gili-quartet-palma-2026","status":"publish","type":"post","link":"https:\/\/tomajazz.com\/web\/maria-antonia-gili-quartet-palma-2026\/","title":{"rendered":"Maria Ant\u00f2nia Gili Quartet (Jazz Palma Festival 2026. Castell de Bellver, Palma de Mallorca. 2026-08-27) Por Miquel \u00c0ngel Segu\u00ed y Jos\u00e9 Luis Luna Rocafort [Concierto de jazz]"},"content":{"rendered":"<h3>Maria Ant\u00f2nia Gili Quartet<\/h3>\n<h3>Jazz Palma Festival 2026<\/h3>\n<ul>\n<li>Fecha: 27-08-26<\/li>\n<li>Lugar: Castell de Bellver. Palma de Mallorca<\/li>\n<li>Grupo:<br \/>\n<strong>Maria Ant\u00f2nia Gili Quartet<\/strong><br \/>\nMaria Ant\u00f2nia Gili: fliscorno<br \/>\nGoran Levi: guitarra el\u00e9ctrica<br \/>\nMiquel Benn\u00e0ssar: bajo el\u00e9ctrico<br \/>\nJosep Servera: bater\u00eda<\/li>\n<\/ul>\n<h3><strong>Cielo rojizo para una velada de jazz<\/strong><\/h3>\n<p>En un atardecer con el cielo rojizo y terroso y en el que se iba adentrando la noche, est\u00e1bamos pendientes de si las cuatro gotas que ca\u00edan poco antes de empezar la actuaci\u00f3n nos iban a privar del concierto de Maria Ant\u00f2nia Gili Quartet en el Castell de Bellver, que significaba la conclusi\u00f3n del Palma Jazz Festival de este a\u00f1o. Fue subir los m\u00fasicos al escenario y desgranar las primeras notas como un tintineo cada uno con su instrumento, y pareci\u00f3 que se hab\u00eda establecido un pacto con el clima para no aguar la velada, ya que el concierto se pudo celebrar.<\/p>\n<p>Maria Ant\u00f2nia Gili Quartet ven\u00edan a mostrarnos una mezcla entre temas ya publicados anteriormente, algunos est\u00e1ndares y otros temas nuevos. Todo un compendio de buen jazz para amenizarnos la noche.<\/p>\n<p style=\"text-align: center;\"><img loading=\"lazy\" decoding=\"async\" class=\"aligncenter size-full wp-image-107015\" title=\"Maria Ant\u00f2nia Gili Quartet (Jazz Palma Festival 2026. Castell de Bellver, Palma de Mallorca. 2026-08-27) Por Miquel \u00c0ngel Segu\u00ed y Jos\u00e9 Luis Luna Rocafort [Concierto de jazz] Tomajazz 001\" src=\"https:\/\/tomajazz.com\/web\/wp-content\/uploads\/2026\/09\/001-2.jpg\" alt=\"Maria Ant\u00f2nia Gili Quartet (Jazz Palma Festival 2026. Castell de Bellver, Palma de Mallorca. 2026-08-27) Por Miquel \u00c0ngel Segu\u00ed y Jos\u00e9 Luis Luna Rocafort [Concierto de jazz] - Tomajazz - Maria Ant\u00f2nia Gili Quartet actu\u00f3 en Jazz Palma Festival 2026 en el Castell de Bellver, el 27 de agosto de 2026. Miquel \u00c0ngel Segu\u00ed y Jos\u00e9 Luis Luna Rocafort repasan el concierto. Intervinieron Maria Ant\u00f2nia Gili, Goran Levi: guitarra el\u00e9ctrica. Miquel Benn\u00e0ssar: bajo el\u00e9ctrico. Josep Servera \" width=\"600\" height=\"400\" srcset=\"https:\/\/tomajazz.com\/web\/wp-content\/uploads\/2026\/09\/001-2.jpg 600w, https:\/\/tomajazz.com\/web\/wp-content\/uploads\/2026\/09\/001-2-300x200.jpg 300w, https:\/\/tomajazz.com\/web\/wp-content\/uploads\/2026\/09\/001-2-465x310.jpg 465w\" sizes=\"auto, (max-width: 600px) 100vw, 600px\" \/> <img loading=\"lazy\" decoding=\"async\" class=\"aligncenter size-large wp-image-107016\" title=\"Maria Ant\u00f2nia Gili Quartet (Jazz Palma Festival 2026. Castell de Bellver, Palma de Mallorca. 2026-08-27) Por Miquel \u00c0ngel Segu\u00ed y Jos\u00e9 Luis Luna Rocafort [Concierto de jazz] Tomajazz 002\" src=\"https:\/\/tomajazz.com\/web\/wp-content\/uploads\/2026\/09\/002-2.jpg\" alt=\"Maria Ant\u00f2nia Gili Quartet (Jazz Palma Festival 2026. Castell de Bellver, Palma de Mallorca. 2026-08-27) Por Miquel \u00c0ngel Segu\u00ed y Jos\u00e9 Luis Luna Rocafort [Concierto de jazz] - Tomajazz - Maria Ant\u00f2nia Gili Quartet actu\u00f3 en Jazz Palma Festival 2026 en el Castell de Bellver, el 27 de agosto de 2026. Miquel \u00c0ngel Segu\u00ed y Jos\u00e9 Luis Luna Rocafort repasan el concierto. Intervinieron Maria Ant\u00f2nia Gili, Goran Levi: guitarra el\u00e9ctrica. Miquel Benn\u00e0ssar: bajo el\u00e9ctrico. Josep Servera \" width=\"600\" height=\"400\" srcset=\"https:\/\/tomajazz.com\/web\/wp-content\/uploads\/2026\/09\/002-2.jpg 600w, https:\/\/tomajazz.com\/web\/wp-content\/uploads\/2026\/09\/002-2-300x200.jpg 300w, https:\/\/tomajazz.com\/web\/wp-content\/uploads\/2026\/09\/002-2-465x310.jpg 465w\" sizes=\"auto, (max-width: 600px) 100vw, 600px\" \/> <img loading=\"lazy\" decoding=\"async\" class=\"aligncenter size-large wp-image-107017\" title=\"Maria Ant\u00f2nia Gili Quartet (Jazz Palma Festival 2026. Castell de Bellver, Palma de Mallorca. 2026-08-27) Por Miquel \u00c0ngel Segu\u00ed y Jos\u00e9 Luis Luna Rocafort [Concierto de jazz] Tomajazz 003\" src=\"https:\/\/tomajazz.com\/web\/wp-content\/uploads\/2026\/09\/003-2.jpg\" alt=\"Maria Ant\u00f2nia Gili Quartet (Jazz Palma Festival 2026. Castell de Bellver, Palma de Mallorca. 2026-08-27) Por Miquel \u00c0ngel Segu\u00ed y Jos\u00e9 Luis Luna Rocafort [Concierto de jazz] - Tomajazz - Maria Ant\u00f2nia Gili Quartet actu\u00f3 en Jazz Palma Festival 2026 en el Castell de Bellver, el 27 de agosto de 2026. Miquel \u00c0ngel Segu\u00ed y Jos\u00e9 Luis Luna Rocafort repasan el concierto. Intervinieron Maria Ant\u00f2nia Gili, Goran Levi: guitarra el\u00e9ctrica. Miquel Benn\u00e0ssar: bajo el\u00e9ctrico. Josep Servera \" width=\"600\" height=\"400\" srcset=\"https:\/\/tomajazz.com\/web\/wp-content\/uploads\/2026\/09\/003-2.jpg 600w, https:\/\/tomajazz.com\/web\/wp-content\/uploads\/2026\/09\/003-2-300x200.jpg 300w, https:\/\/tomajazz.com\/web\/wp-content\/uploads\/2026\/09\/003-2-465x310.jpg 465w\" sizes=\"auto, (max-width: 600px) 100vw, 600px\" \/> <img loading=\"lazy\" decoding=\"async\" class=\"aligncenter size-large wp-image-107018\" title=\"Maria Ant\u00f2nia Gili Quartet (Jazz Palma Festival 2026. Castell de Bellver, Palma de Mallorca. 2026-08-27) Por Miquel \u00c0ngel Segu\u00ed y Jos\u00e9 Luis Luna Rocafort [Concierto de jazz] Tomajazz 004\" src=\"https:\/\/tomajazz.com\/web\/wp-content\/uploads\/2026\/09\/004-2.jpg\" alt=\"Maria Ant\u00f2nia Gili Quartet (Jazz Palma Festival 2026. Castell de Bellver, Palma de Mallorca. 2026-08-27) Por Miquel \u00c0ngel Segu\u00ed y Jos\u00e9 Luis Luna Rocafort [Concierto de jazz] - Tomajazz - Maria Ant\u00f2nia Gili Quartet actu\u00f3 en Jazz Palma Festival 2026 en el Castell de Bellver, el 27 de agosto de 2026. Miquel \u00c0ngel Segu\u00ed y Jos\u00e9 Luis Luna Rocafort repasan el concierto. Intervinieron Maria Ant\u00f2nia Gili, Goran Levi: guitarra el\u00e9ctrica. Miquel Benn\u00e0ssar: bajo el\u00e9ctrico. Josep Servera \" width=\"600\" height=\"400\" srcset=\"https:\/\/tomajazz.com\/web\/wp-content\/uploads\/2026\/09\/004-2.jpg 600w, https:\/\/tomajazz.com\/web\/wp-content\/uploads\/2026\/09\/004-2-300x200.jpg 300w, https:\/\/tomajazz.com\/web\/wp-content\/uploads\/2026\/09\/004-2-465x310.jpg 465w\" sizes=\"auto, (max-width: 600px) 100vw, 600px\" \/> <img loading=\"lazy\" decoding=\"async\" class=\"aligncenter size-large wp-image-107019\" title=\"Maria Ant\u00f2nia Gili Quartet (Jazz Palma Festival 2026. Castell de Bellver, Palma de Mallorca. 2026-08-27) Por Miquel \u00c0ngel Segu\u00ed y Jos\u00e9 Luis Luna Rocafort [Concierto de jazz] Tomajazz 005\" src=\"https:\/\/tomajazz.com\/web\/wp-content\/uploads\/2026\/09\/005-2.jpg\" alt=\"Maria Ant\u00f2nia Gili Quartet (Jazz Palma Festival 2026. Castell de Bellver, Palma de Mallorca. 2026-08-27) Por Miquel \u00c0ngel Segu\u00ed y Jos\u00e9 Luis Luna Rocafort [Concierto de jazz] - Tomajazz - Maria Ant\u00f2nia Gili Quartet actu\u00f3 en Jazz Palma Festival 2026 en el Castell de Bellver, el 27 de agosto de 2026. Miquel \u00c0ngel Segu\u00ed y Jos\u00e9 Luis Luna Rocafort repasan el concierto. Intervinieron Maria Ant\u00f2nia Gili, Goran Levi: guitarra el\u00e9ctrica. Miquel Benn\u00e0ssar: bajo el\u00e9ctrico. Josep Servera \" width=\"600\" height=\"400\" srcset=\"https:\/\/tomajazz.com\/web\/wp-content\/uploads\/2026\/09\/005-2.jpg 600w, https:\/\/tomajazz.com\/web\/wp-content\/uploads\/2026\/09\/005-2-300x200.jpg 300w, https:\/\/tomajazz.com\/web\/wp-content\/uploads\/2026\/09\/005-2-465x310.jpg 465w\" sizes=\"auto, (max-width: 600px) 100vw, 600px\" \/> <img loading=\"lazy\" decoding=\"async\" class=\"aligncenter size-large wp-image-107020\" title=\"Maria Ant\u00f2nia Gili Quartet (Jazz Palma Festival 2026. Castell de Bellver, Palma de Mallorca. 2026-08-27) Por Miquel \u00c0ngel Segu\u00ed y Jos\u00e9 Luis Luna Rocafort [Concierto de jazz] Tomajazz 006\" src=\"https:\/\/tomajazz.com\/web\/wp-content\/uploads\/2026\/09\/006-2.jpg\" alt=\"Maria Ant\u00f2nia Gili Quartet (Jazz Palma Festival 2026. Castell de Bellver, Palma de Mallorca. 2026-08-27) Por Miquel \u00c0ngel Segu\u00ed y Jos\u00e9 Luis Luna Rocafort [Concierto de jazz] - Tomajazz - Maria Ant\u00f2nia Gili Quartet actu\u00f3 en Jazz Palma Festival 2026 en el Castell de Bellver, el 27 de agosto de 2026. Miquel \u00c0ngel Segu\u00ed y Jos\u00e9 Luis Luna Rocafort repasan el concierto. Intervinieron Maria Ant\u00f2nia Gili, Goran Levi: guitarra el\u00e9ctrica. Miquel Benn\u00e0ssar: bajo el\u00e9ctrico. Josep Servera \" width=\"600\" height=\"400\" srcset=\"https:\/\/tomajazz.com\/web\/wp-content\/uploads\/2026\/09\/006-2.jpg 600w, https:\/\/tomajazz.com\/web\/wp-content\/uploads\/2026\/09\/006-2-300x200.jpg 300w, https:\/\/tomajazz.com\/web\/wp-content\/uploads\/2026\/09\/006-2-465x310.jpg 465w\" sizes=\"auto, (max-width: 600px) 100vw, 600px\" \/> <img loading=\"lazy\" decoding=\"async\" class=\"aligncenter size-large wp-image-107021\" title=\"Maria Ant\u00f2nia Gili Quartet (Jazz Palma Festival 2026. Castell de Bellver, Palma de Mallorca. 2026-08-27) Por Miquel \u00c0ngel Segu\u00ed y Jos\u00e9 Luis Luna Rocafort [Concierto de jazz] Tomajazz 007\" src=\"https:\/\/tomajazz.com\/web\/wp-content\/uploads\/2026\/09\/007-2.jpg\" alt=\"Maria Ant\u00f2nia Gili Quartet (Jazz Palma Festival 2026. Castell de Bellver, Palma de Mallorca. 2026-08-27) Por Miquel \u00c0ngel Segu\u00ed y Jos\u00e9 Luis Luna Rocafort [Concierto de jazz] - Tomajazz - Maria Ant\u00f2nia Gili Quartet actu\u00f3 en Jazz Palma Festival 2026 en el Castell de Bellver, el 27 de agosto de 2026. Miquel \u00c0ngel Segu\u00ed y Jos\u00e9 Luis Luna Rocafort repasan el concierto. Intervinieron Maria Ant\u00f2nia Gili, Goran Levi: guitarra el\u00e9ctrica. Miquel Benn\u00e0ssar: bajo el\u00e9ctrico. Josep Servera \" width=\"600\" height=\"400\" srcset=\"https:\/\/tomajazz.com\/web\/wp-content\/uploads\/2026\/09\/007-2.jpg 600w, https:\/\/tomajazz.com\/web\/wp-content\/uploads\/2026\/09\/007-2-300x200.jpg 300w, https:\/\/tomajazz.com\/web\/wp-content\/uploads\/2026\/09\/007-2-465x310.jpg 465w\" sizes=\"auto, (max-width: 600px) 100vw, 600px\" \/> <img loading=\"lazy\" decoding=\"async\" class=\"aligncenter size-large wp-image-107022\" title=\"Maria Ant\u00f2nia Gili Quartet (Jazz Palma Festival 2026. Castell de Bellver, Palma de Mallorca. 2026-08-27) Por Miquel \u00c0ngel Segu\u00ed y Jos\u00e9 Luis Luna Rocafort [Concierto de jazz] Tomajazz 008\" src=\"https:\/\/tomajazz.com\/web\/wp-content\/uploads\/2026\/09\/008-2.jpg\" alt=\"Maria Ant\u00f2nia Gili Quartet (Jazz Palma Festival 2026. Castell de Bellver, Palma de Mallorca. 2026-08-27) Por Miquel \u00c0ngel Segu\u00ed y Jos\u00e9 Luis Luna Rocafort [Concierto de jazz] - Tomajazz - Maria Ant\u00f2nia Gili Quartet actu\u00f3 en Jazz Palma Festival 2026 en el Castell de Bellver, el 27 de agosto de 2026. Miquel \u00c0ngel Segu\u00ed y Jos\u00e9 Luis Luna Rocafort repasan el concierto. Intervinieron Maria Ant\u00f2nia Gili, Goran Levi: guitarra el\u00e9ctrica. Miquel Benn\u00e0ssar: bajo el\u00e9ctrico. Josep Servera \" width=\"600\" height=\"400\" srcset=\"https:\/\/tomajazz.com\/web\/wp-content\/uploads\/2026\/09\/008-2.jpg 600w, https:\/\/tomajazz.com\/web\/wp-content\/uploads\/2026\/09\/008-2-300x200.jpg 300w, https:\/\/tomajazz.com\/web\/wp-content\/uploads\/2026\/09\/008-2-465x310.jpg 465w\" sizes=\"auto, (max-width: 600px) 100vw, 600px\" \/> <img loading=\"lazy\" decoding=\"async\" class=\"aligncenter size-large wp-image-107023\" title=\"Maria Ant\u00f2nia Gili Quartet (Jazz Palma Festival 2026. Castell de Bellver, Palma de Mallorca. 2026-08-27) Por Miquel \u00c0ngel Segu\u00ed y Jos\u00e9 Luis Luna Rocafort [Concierto de jazz] Tomajazz 009\" src=\"https:\/\/tomajazz.com\/web\/wp-content\/uploads\/2026\/09\/009-2.jpg\" alt=\"Maria Ant\u00f2nia Gili Quartet (Jazz Palma Festival 2026. Castell de Bellver, Palma de Mallorca. 2026-08-27) Por Miquel \u00c0ngel Segu\u00ed y Jos\u00e9 Luis Luna Rocafort [Concierto de jazz] - Tomajazz - Maria Ant\u00f2nia Gili Quartet actu\u00f3 en Jazz Palma Festival 2026 en el Castell de Bellver, el 27 de agosto de 2026. Miquel \u00c0ngel Segu\u00ed y Jos\u00e9 Luis Luna Rocafort repasan el concierto. Intervinieron Maria Ant\u00f2nia Gili, Goran Levi: guitarra el\u00e9ctrica. Miquel Benn\u00e0ssar: bajo el\u00e9ctrico. Josep Servera \" width=\"600\" height=\"400\" srcset=\"https:\/\/tomajazz.com\/web\/wp-content\/uploads\/2026\/09\/009-2.jpg 600w, https:\/\/tomajazz.com\/web\/wp-content\/uploads\/2026\/09\/009-2-300x200.jpg 300w, https:\/\/tomajazz.com\/web\/wp-content\/uploads\/2026\/09\/009-2-465x310.jpg 465w\" sizes=\"auto, (max-width: 600px) 100vw, 600px\" \/><\/p>\n<p>Empezaron el concierto con el tema <strong>\u201cCan\u00e7\u00f3 de Bres per na Pau\u201d <\/strong><em>(Ulls Clucs, 2022)<\/em>, que fue grabado en su d\u00eda con otra estructura y otros m\u00fasicos integrantes. La canci\u00f3n est\u00e1 dedicada a una ahijada llamada Pau y se escribi\u00f3 cuando naci\u00f3 hace cinco a\u00f1os. Se trata de una canci\u00f3n de cuna, de ah\u00ed esa especie de tintineo inicial que he mencionado antes, que tiene una bonita melod\u00eda que se va desarrollando y gana en fortaleza. Tenemos el primer solo de fliscorno de los muchos que nos ofreci\u00f3 <strong>Maria Ant\u00f2nia Gili<\/strong>, as\u00ed como tambi\u00e9n el primer solo de guitarra de varios que toc\u00f3 <strong>Goran Levi<\/strong> a lo largo del concierto. El tema termina con un leve susurro de fliscorno al final.<\/p>\n<p>La bater\u00eda de <strong>Josep Servera <\/strong>marca el ritmo inicial del segundo tema que est\u00e1 dedicado a <strong>\u201cEs Conco en Tomeu\u201d,<\/strong> t\u00edo de Maria Ant\u00f2nia, que fabricaba zambombas y era glosador. Siendo una figura tradicional de la cultura mallorquina, el tema manten\u00eda esa sonoridad tradicional y va desarrollando una buena melod\u00eda. Cabe destacar que se incorpora al repertorio de solos <strong>Miquel Benn\u00e0ssar<\/strong> con el bajo el\u00e9ctrico. Estos dos primeros temas estaban compuestos por Maria Ant\u00f2nia Gili y fueron los \u00fanicos que tocaron en el concierto que pertenec\u00edan al disco <em>Ulls Clucs<\/em>, grabados en directo en el Festival de Jazz de Portocolom en el a\u00f1o 2022.<\/p>\n<p>El siguiente tema que tocaron se llama <strong>\u201cQualsevol Cosa\u201d<\/strong>. Los m\u00fasicos en un ensayo exclamaron que ese tema no es cualquier cosa precisamente y as\u00ed se qued\u00f3 como t\u00edtulo. Miquel al bajo el\u00e9ctrico inicia el tema, al que le sigue una melod\u00eda con el fliscorno de Maria Ant\u00f2nia. Luego entran en un di\u00e1logo de propuestas entre el fliscorno y la guitarra el\u00e9ctrica de Goran, para que progresivamente entre todos los m\u00fasicos hagan que el tema gane en ritmo y energ\u00eda. Al final acaban tocando de forma mel\u00f3dica.<\/p>\n<p><strong>\u201cEls Diumenges\u201d <\/strong>es un tema que refleja la variedad de vivencias que pueden tener los domingos, algunos muy activos, con bolos y mucho trabajo por realizar y otros m\u00e1s serenos y tranquilos en los que el tiempo transcurre lentamente. Para mostrarnos estas sensaciones el tema est\u00e1 establecido en dos partes muy marcadas. Empezaban conjuntamente la guitarra y el fliscorno. Viene seguido de cambios de ritmo para introducir un buen solo de guitarra. Le sigue una melod\u00eda con el predominio del fliscorno hasta el final del tema.<\/p>\n<p>Era el momento de ofrecer un est\u00e1ndar perteneciente al cancionero de Broadway titulado <strong>\u201cIt Never Entered My Mind\u201d<\/strong> y compuesta por Richard Rodgers y Lorenz Hart. La versi\u00f3n de Miles Davis es la que serv\u00eda de base para desarrollar el tema en su suave melancol\u00eda. Se trataba de la parte m\u00e1s lenta y mel\u00f3dica de todo el concierto. Entre la sedosidad que abarc\u00f3 todo el tema se intercal\u00f3 un solo de guitarra.<\/p>\n<p>Precisamente el guitarrista Goran Levi escribi\u00f3 el siguiente tema llamado <strong>\u201cServera\u201d <\/strong>que estaba pensado para ser estrenado durante esa noche, pero resulta que ya la tocaron en la actuaci\u00f3n de Goran Levi Quartet dentro del ciclo del jazzdara del Mallorca Jazz Sa Pobla unas semanas atr\u00e1s, porque la ten\u00edan que practicar, en palabras del propio Goran. Tema nuevo en el que destaca el solo de bater\u00eda por parte de Josep Servera, con un estilo como si se deslizara por el instrumento.<\/p>\n<p style=\"text-align: center;\"><img loading=\"lazy\" decoding=\"async\" class=\"aligncenter size-full wp-image-107024\" title=\"Maria Ant\u00f2nia Gili Quartet (Jazz Palma Festival 2026. Castell de Bellver, Palma de Mallorca. 2026-08-27) Por Miquel \u00c0ngel Segu\u00ed y Jos\u00e9 Luis Luna Rocafort [Concierto de jazz] Tomajazz 010\" src=\"https:\/\/tomajazz.com\/web\/wp-content\/uploads\/2026\/09\/010-2.jpg\" alt=\"Maria Ant\u00f2nia Gili Quartet (Jazz Palma Festival 2026. Castell de Bellver, Palma de Mallorca. 2026-08-27) Por Miquel \u00c0ngel Segu\u00ed y Jos\u00e9 Luis Luna Rocafort [Concierto de jazz] - Tomajazz - Maria Ant\u00f2nia Gili Quartet actu\u00f3 en Jazz Palma Festival 2026 en el Castell de Bellver, el 27 de agosto de 2026. Miquel \u00c0ngel Segu\u00ed y Jos\u00e9 Luis Luna Rocafort repasan el concierto. Intervinieron Maria Ant\u00f2nia Gili, Goran Levi, Miquel Benn\u00e0ssar, Josep Servera \" width=\"600\" height=\"400\" srcset=\"https:\/\/tomajazz.com\/web\/wp-content\/uploads\/2026\/09\/010-2.jpg 600w, https:\/\/tomajazz.com\/web\/wp-content\/uploads\/2026\/09\/010-2-300x200.jpg 300w, https:\/\/tomajazz.com\/web\/wp-content\/uploads\/2026\/09\/010-2-465x310.jpg 465w\" sizes=\"auto, (max-width: 600px) 100vw, 600px\" \/> <img loading=\"lazy\" decoding=\"async\" class=\"aligncenter size-large wp-image-107025\" title=\"Maria Ant\u00f2nia Gili Quartet (Jazz Palma Festival 2026. Castell de Bellver, Palma de Mallorca. 2026-08-27) Por Miquel \u00c0ngel Segu\u00ed y Jos\u00e9 Luis Luna Rocafort [Concierto de jazz] Tomajazz 011\" src=\"https:\/\/tomajazz.com\/web\/wp-content\/uploads\/2026\/09\/011-2.jpg\" alt=\"Maria Ant\u00f2nia Gili Quartet (Jazz Palma Festival 2026. Castell de Bellver, Palma de Mallorca. 2026-08-27) Por Miquel \u00c0ngel Segu\u00ed y Jos\u00e9 Luis Luna Rocafort [Concierto de jazz] - Tomajazz - Maria Ant\u00f2nia Gili Quartet actu\u00f3 en Jazz Palma Festival 2026 en el Castell de Bellver, el 27 de agosto de 2026. Miquel \u00c0ngel Segu\u00ed y Jos\u00e9 Luis Luna Rocafort repasan el concierto. Intervinieron Maria Ant\u00f2nia Gili, Goran Levi, Miquel Benn\u00e0ssar, Josep Servera \" width=\"600\" height=\"400\" srcset=\"https:\/\/tomajazz.com\/web\/wp-content\/uploads\/2026\/09\/011-2.jpg 600w, https:\/\/tomajazz.com\/web\/wp-content\/uploads\/2026\/09\/011-2-300x200.jpg 300w, https:\/\/tomajazz.com\/web\/wp-content\/uploads\/2026\/09\/011-2-465x310.jpg 465w\" sizes=\"auto, (max-width: 600px) 100vw, 600px\" \/> <img loading=\"lazy\" decoding=\"async\" class=\"aligncenter size-large wp-image-107026\" title=\"Maria Ant\u00f2nia Gili Quartet (Jazz Palma Festival 2026. Castell de Bellver, Palma de Mallorca. 2026-08-27) Por Miquel \u00c0ngel Segu\u00ed y Jos\u00e9 Luis Luna Rocafort [Concierto de jazz] Tomajazz 012\" src=\"https:\/\/tomajazz.com\/web\/wp-content\/uploads\/2026\/09\/012-2.jpg\" alt=\"Maria Ant\u00f2nia Gili Quartet (Jazz Palma Festival 2026. Castell de Bellver, Palma de Mallorca. 2026-08-27) Por Miquel \u00c0ngel Segu\u00ed y Jos\u00e9 Luis Luna Rocafort [Concierto de jazz] - Tomajazz - Maria Ant\u00f2nia Gili Quartet actu\u00f3 en Jazz Palma Festival 2026 en el Castell de Bellver, el 27 de agosto de 2026. Miquel \u00c0ngel Segu\u00ed y Jos\u00e9 Luis Luna Rocafort repasan el concierto. Intervinieron Maria Ant\u00f2nia Gili, Goran Levi, Miquel Benn\u00e0ssar, Josep Servera \" width=\"600\" height=\"400\" srcset=\"https:\/\/tomajazz.com\/web\/wp-content\/uploads\/2026\/09\/012-2.jpg 600w, https:\/\/tomajazz.com\/web\/wp-content\/uploads\/2026\/09\/012-2-300x200.jpg 300w, https:\/\/tomajazz.com\/web\/wp-content\/uploads\/2026\/09\/012-2-465x310.jpg 465w\" sizes=\"auto, (max-width: 600px) 100vw, 600px\" \/> <img loading=\"lazy\" decoding=\"async\" class=\"aligncenter size-large wp-image-107027\" title=\"Maria Ant\u00f2nia Gili Quartet (Jazz Palma Festival 2026. Castell de Bellver, Palma de Mallorca. 2026-08-27) Por Miquel \u00c0ngel Segu\u00ed y Jos\u00e9 Luis Luna Rocafort [Concierto de jazz] Tomajazz 013\" src=\"https:\/\/tomajazz.com\/web\/wp-content\/uploads\/2026\/09\/013-2.jpg\" alt=\"Maria Ant\u00f2nia Gili Quartet (Jazz Palma Festival 2026. Castell de Bellver, Palma de Mallorca. 2026-08-27) Por Miquel \u00c0ngel Segu\u00ed y Jos\u00e9 Luis Luna Rocafort [Concierto de jazz] - Tomajazz - Maria Ant\u00f2nia Gili Quartet actu\u00f3 en Jazz Palma Festival 2026 en el Castell de Bellver, el 27 de agosto de 2026. Miquel \u00c0ngel Segu\u00ed y Jos\u00e9 Luis Luna Rocafort repasan el concierto. Intervinieron Maria Ant\u00f2nia Gili, Goran Levi, Miquel Benn\u00e0ssar, Josep Servera \" width=\"600\" height=\"400\" srcset=\"https:\/\/tomajazz.com\/web\/wp-content\/uploads\/2026\/09\/013-2.jpg 600w, https:\/\/tomajazz.com\/web\/wp-content\/uploads\/2026\/09\/013-2-300x200.jpg 300w, https:\/\/tomajazz.com\/web\/wp-content\/uploads\/2026\/09\/013-2-465x310.jpg 465w\" sizes=\"auto, (max-width: 600px) 100vw, 600px\" \/> <img loading=\"lazy\" decoding=\"async\" class=\"aligncenter size-large wp-image-107028\" title=\"Maria Ant\u00f2nia Gili Quartet (Jazz Palma Festival 2026. Castell de Bellver, Palma de Mallorca. 2026-08-27) Por Miquel \u00c0ngel Segu\u00ed y Jos\u00e9 Luis Luna Rocafort [Concierto de jazz] Tomajazz 014\" src=\"https:\/\/tomajazz.com\/web\/wp-content\/uploads\/2026\/09\/014-2.jpg\" alt=\"Maria Ant\u00f2nia Gili Quartet (Jazz Palma Festival 2026. Castell de Bellver, Palma de Mallorca. 2026-08-27) Por Miquel \u00c0ngel Segu\u00ed y Jos\u00e9 Luis Luna Rocafort [Concierto de jazz] - Tomajazz - Maria Ant\u00f2nia Gili Quartet actu\u00f3 en Jazz Palma Festival 2026 en el Castell de Bellver, el 27 de agosto de 2026. Miquel \u00c0ngel Segu\u00ed y Jos\u00e9 Luis Luna Rocafort repasan el concierto. Intervinieron Maria Ant\u00f2nia Gili, Goran Levi, Miquel Benn\u00e0ssar, Josep Servera \" width=\"600\" height=\"400\" srcset=\"https:\/\/tomajazz.com\/web\/wp-content\/uploads\/2026\/09\/014-2.jpg 600w, https:\/\/tomajazz.com\/web\/wp-content\/uploads\/2026\/09\/014-2-300x200.jpg 300w, https:\/\/tomajazz.com\/web\/wp-content\/uploads\/2026\/09\/014-2-465x310.jpg 465w\" sizes=\"auto, (max-width: 600px) 100vw, 600px\" \/> <img loading=\"lazy\" decoding=\"async\" class=\"aligncenter size-large wp-image-107029\" title=\"Maria Ant\u00f2nia Gili Quartet (Jazz Palma Festival 2026. Castell de Bellver, Palma de Mallorca. 2026-08-27) Por Miquel \u00c0ngel Segu\u00ed y Jos\u00e9 Luis Luna Rocafort [Concierto de jazz] Tomajazz 015\" src=\"https:\/\/tomajazz.com\/web\/wp-content\/uploads\/2026\/09\/015-2.jpg\" alt=\"Maria Ant\u00f2nia Gili Quartet (Jazz Palma Festival 2026. Castell de Bellver, Palma de Mallorca. 2026-08-27) Por Miquel \u00c0ngel Segu\u00ed y Jos\u00e9 Luis Luna Rocafort [Concierto de jazz] - Tomajazz - Maria Ant\u00f2nia Gili Quartet actu\u00f3 en Jazz Palma Festival 2026 en el Castell de Bellver, el 27 de agosto de 2026. Miquel \u00c0ngel Segu\u00ed y Jos\u00e9 Luis Luna Rocafort repasan el concierto. Intervinieron Maria Ant\u00f2nia Gili, Goran Levi, Miquel Benn\u00e0ssar, Josep Servera \" width=\"600\" height=\"400\" srcset=\"https:\/\/tomajazz.com\/web\/wp-content\/uploads\/2026\/09\/015-2.jpg 600w, https:\/\/tomajazz.com\/web\/wp-content\/uploads\/2026\/09\/015-2-300x200.jpg 300w, https:\/\/tomajazz.com\/web\/wp-content\/uploads\/2026\/09\/015-2-465x310.jpg 465w\" sizes=\"auto, (max-width: 600px) 100vw, 600px\" \/> <img loading=\"lazy\" decoding=\"async\" class=\"aligncenter size-large wp-image-107030\" title=\"Maria Ant\u00f2nia Gili Quartet (Jazz Palma Festival 2026. Castell de Bellver, Palma de Mallorca. 2026-08-27) Por Miquel \u00c0ngel Segu\u00ed y Jos\u00e9 Luis Luna Rocafort [Concierto de jazz] Tomajazz 016\" src=\"https:\/\/tomajazz.com\/web\/wp-content\/uploads\/2026\/09\/016-2.jpg\" alt=\"Maria Ant\u00f2nia Gili Quartet (Jazz Palma Festival 2026. Castell de Bellver, Palma de Mallorca. 2026-08-27) Por Miquel \u00c0ngel Segu\u00ed y Jos\u00e9 Luis Luna Rocafort [Concierto de jazz] - Tomajazz - Maria Ant\u00f2nia Gili Quartet actu\u00f3 en Jazz Palma Festival 2026 en el Castell de Bellver, el 27 de agosto de 2026. Miquel \u00c0ngel Segu\u00ed y Jos\u00e9 Luis Luna Rocafort repasan el concierto. Intervinieron Maria Ant\u00f2nia Gili, Goran Levi, Miquel Benn\u00e0ssar, Josep Servera \" width=\"600\" height=\"400\" srcset=\"https:\/\/tomajazz.com\/web\/wp-content\/uploads\/2026\/09\/016-2.jpg 600w, https:\/\/tomajazz.com\/web\/wp-content\/uploads\/2026\/09\/016-2-300x200.jpg 300w, https:\/\/tomajazz.com\/web\/wp-content\/uploads\/2026\/09\/016-2-465x310.jpg 465w\" sizes=\"auto, (max-width: 600px) 100vw, 600px\" \/> <img loading=\"lazy\" decoding=\"async\" class=\"aligncenter size-large wp-image-107031\" title=\"Maria Ant\u00f2nia Gili Quartet (Jazz Palma Festival 2026. Castell de Bellver, Palma de Mallorca. 2026-08-27) Por Miquel \u00c0ngel Segu\u00ed y Jos\u00e9 Luis Luna Rocafort [Concierto de jazz] Tomajazz 017\" src=\"https:\/\/tomajazz.com\/web\/wp-content\/uploads\/2026\/09\/017-2.jpg\" alt=\"Maria Ant\u00f2nia Gili Quartet (Jazz Palma Festival 2026. Castell de Bellver, Palma de Mallorca. 2026-08-27) Por Miquel \u00c0ngel Segu\u00ed y Jos\u00e9 Luis Luna Rocafort [Concierto de jazz] - Tomajazz - Maria Ant\u00f2nia Gili Quartet actu\u00f3 en Jazz Palma Festival 2026 en el Castell de Bellver, el 27 de agosto de 2026. Miquel \u00c0ngel Segu\u00ed y Jos\u00e9 Luis Luna Rocafort repasan el concierto. Intervinieron Maria Ant\u00f2nia Gili, Goran Levi, Miquel Benn\u00e0ssar, Josep Servera \" width=\"600\" height=\"400\" srcset=\"https:\/\/tomajazz.com\/web\/wp-content\/uploads\/2026\/09\/017-2.jpg 600w, https:\/\/tomajazz.com\/web\/wp-content\/uploads\/2026\/09\/017-2-300x200.jpg 300w, https:\/\/tomajazz.com\/web\/wp-content\/uploads\/2026\/09\/017-2-465x310.jpg 465w\" sizes=\"auto, (max-width: 600px) 100vw, 600px\" \/> <img loading=\"lazy\" decoding=\"async\" class=\"aligncenter size-large wp-image-107032\" title=\"Maria Ant\u00f2nia Gili Quartet (Jazz Palma Festival 2026. Castell de Bellver, Palma de Mallorca. 2026-08-27) Por Miquel \u00c0ngel Segu\u00ed y Jos\u00e9 Luis Luna Rocafort [Concierto de jazz] Tomajazz 018\" src=\"https:\/\/tomajazz.com\/web\/wp-content\/uploads\/2026\/09\/018-2.jpg\" alt=\"Maria Ant\u00f2nia Gili Quartet (Jazz Palma Festival 2026. Castell de Bellver, Palma de Mallorca. 2026-08-27) Por Miquel \u00c0ngel Segu\u00ed y Jos\u00e9 Luis Luna Rocafort [Concierto de jazz] - Tomajazz - Maria Ant\u00f2nia Gili Quartet actu\u00f3 en Jazz Palma Festival 2026 en el Castell de Bellver, el 27 de agosto de 2026. Miquel \u00c0ngel Segu\u00ed y Jos\u00e9 Luis Luna Rocafort repasan el concierto. Intervinieron Maria Ant\u00f2nia Gili, Goran Levi, Miquel Benn\u00e0ssar, Josep Servera \" width=\"600\" height=\"400\" srcset=\"https:\/\/tomajazz.com\/web\/wp-content\/uploads\/2026\/09\/018-2.jpg 600w, https:\/\/tomajazz.com\/web\/wp-content\/uploads\/2026\/09\/018-2-300x200.jpg 300w, https:\/\/tomajazz.com\/web\/wp-content\/uploads\/2026\/09\/018-2-465x310.jpg 465w\" sizes=\"auto, (max-width: 600px) 100vw, 600px\" \/><\/p>\n<p>A partir de ah\u00ed, el concierto adquiri\u00f3 un ambiente m\u00e1s movido con los siguientes temas. <strong>\u201cBaf\u201d<\/strong> otro de los temas nuevos de Maria Ant\u00f2nia, basado en la idea del calor insoportable que hac\u00eda mientras compon\u00eda el tema y con un ventilador como \u00fanico apoyo para soportar la situaci\u00f3n. Esta parte del concierto nos mostr\u00f3 un ritmo m\u00e1s marcado que en los temas anteriores. Pudimos apreciar que ten\u00eda aspectos de funk y blues con unos buenos solos de guitarra de Goran y de bajo de Miquel que arrancaron los aplausos del p\u00fablico.<\/p>\n<p>A continuaci\u00f3n, tocaron un tema de John Scofield titulado <strong>\u201cA Go Go\u201d <\/strong>que segu\u00eda la estela del tema anterior en cuanto a mantener mucho movimiento. Destac\u00f3 Goran en la guitarra mientras se manten\u00eda una buena base r\u00edtmica por parte del resto de m\u00fasicos durante todo el tema.<\/p>\n<p>Hubo tiempo para un \u00faltimo tema m\u00e1s. Se trataba de otro est\u00e1ndar llamado <strong>\u201cHuman Nature\u201d<\/strong> compuesta por Steve Porcaro del grupo musical Toto. Este tema fue popularizado por Michael Jackson y del que tambi\u00e9n hizo una versi\u00f3n Miles Davis. Buen final para acabar el concierto.<\/p>\n<p>Maria Ant\u00f2nia Gili Quartet nos ofrecieron una m\u00fasica que mezclaba la ternura de melod\u00edas como una canci\u00f3n de cuna con la energ\u00eda, tanto de temas nuevos como los est\u00e1ndares. Su m\u00fasica refleja sensaciones que est\u00e1n arraigadas en las situaciones cotidianas, en la forma de entender los d\u00edas, el transcurso del tiempo, las tradiciones musicales y el arraigo familiar. Todas estas sensaciones nos las pudo transmitir ante un p\u00fablico que no perdi\u00f3 la ocasi\u00f3n de estar atento a esta propuesta.<\/p>\n<p style=\"text-align: right;\">Tomajazz: Texto: \u00a9 <a href=\"https:\/\/www.instagram.com\/miguelangelsegui\" target=\"_blank\" rel=\"noopener\">Miquel \u00c0ngel Segu\u00ed<\/a>, 2026<br \/>\nFotograf\u00edas: \u00a9 <strong><a href=\"https:\/\/www.facebook.com\/joseluis.lunarocafort\" target=\"_blank\" rel=\"noopener\">Jos\u00e9 Luis Luna Rocafort<\/a><\/strong>, 2026<\/p>\n<h3>Jazz Palma Festival 2026 en Tomajazz<\/h3>\n<blockquote class=\"wp-embedded-content\" data-secret=\"jV8c2D38x2\"><p><a href=\"https:\/\/tomajazz.com\/web\/pep-garau-septet-palma-2026\/\">Pep Garau Septet (Jazz Palma Festival 2026. Castell de Bellver, Palma de Mallorca. 2026-08-13) Por Miquel \u00c0ngel Segu\u00ed y Jos\u00e9 Luis Luna Rocafort [Concierto de jazz]<\/a><\/p><\/blockquote>\n<p><iframe loading=\"lazy\" class=\"wp-embedded-content\" sandbox=\"allow-scripts\" security=\"restricted\" style=\"position: absolute; visibility: hidden;\" title=\"\u00abPep Garau Septet (Jazz Palma Festival 2026. Castell de Bellver, Palma de Mallorca. 2026-08-13) Por Miquel \u00c0ngel Segu\u00ed y Jos\u00e9 Luis Luna Rocafort [Concierto de jazz]\u00bb \u2014 Tomajazz\" src=\"https:\/\/tomajazz.com\/web\/pep-garau-septet-palma-2026\/embed\/#?secret=sEnwU9huic#?secret=jV8c2D38x2\" data-secret=\"jV8c2D38x2\" width=\"600\" height=\"338\" frameborder=\"0\" marginwidth=\"0\" marginheight=\"0\" scrolling=\"no\"><\/iframe><\/p>\n<h3>M\u00e1s informaci\u00f3n sobre Maria Ant\u00f2nia Gili y Jazz Palma Festival<\/h3>\n<p><a href=\"https:\/\/www.instagram.com\/trumaangili\/\" target=\"_blank\" rel=\"noopener\">https:\/\/www.instagram.com\/trumaangili\/<\/a><\/p>\n<p><a href=\"https:\/\/tomajazz.com\/web\/?s=maria+antonia+gili&amp;submit=Search\" target=\"_blank\" rel=\"noopener\">https:\/\/tomajazz.com\/web\/?s=maria+antonia+gili&amp;submit=Search<\/a><\/p>\n<p><a href=\"https:\/\/www.palmacultura.es\/ficha.php?Cod_not=14360\" target=\"_blank\" rel=\"noopener\">https:\/\/www.palmacultura.es\/ficha.php?Cod_not=14360<\/a><\/p>\n<p><a href=\"https:\/\/tomajazz.com\/web\/?s=jazz+palma+festival&amp;submit=Search\" target=\"_blank\" rel=\"noopener\">https:\/\/tomajazz.com\/web\/?s=jazz+palma+festival&amp;submit=Search<\/a><\/p>\n<h3>Jos\u00e9 Luis Luna Rocafort en Tomajazz&#8230; y m\u00e1s all\u00e1&#8230;<\/h3>\n<p><a href=\"https:\/\/tomajazz.com\/web\/?cat=17846\" target=\"_blank\" rel=\"noopener\">https:\/\/tomajazz.com\/web\/?cat=17846<\/a><\/p>\n<p><a href=\"https:\/\/tomajazz.com\/web\/category\/jose-luis-luna-rocafort\/\" target=\"_blank\" rel=\"noopener\">https:\/\/tomajazz.com\/web\/category\/jose-luis-luna-rocafort\/<\/a><\/p>\n<p><a href=\"https:\/\/www.facebook.com\/joseluis.lunarocafort\" target=\"_blank\" rel=\"noopener\">https:\/\/www.facebook.com\/joseluis.lunarocafort<\/a><\/p>\n<p><a href=\"https:\/\/www.instagram.com\/jose.luis.luna.rocafort\/\" target=\"_blank\" rel=\"noopener\">https:\/\/www.instagram.com\/jose.luis.luna.rocafort\/<\/a><\/p>\n<h3>Miquel \u00c0ngel Segu\u00ed en Tomajazz&#8230; y m\u00e1s all\u00e1&#8230;<\/h3>\n<p><a href=\"https:\/\/tomajazz.com\/web\/category\/_miquel-angel-segui\/\" target=\"_blank\" rel=\"noopener\">https:\/\/tomajazz.com\/web\/category\/_miquel-angel-segui\/<\/a><\/p>\n<p><a href=\"https:\/\/www.facebook.com\/miguel.a.segui.3\" target=\"_blank\" rel=\"noopener\">https:\/\/www.facebook.com\/miguel.a.segui.3<\/a><\/p>\n<p><a href=\"https:\/\/www.instagram.com\/miguelangelsegui\" target=\"_blank\" rel=\"noopener\">https:\/\/www.instagram.com\/miguelangelsegui<\/a><\/p>\n","protected":false},"excerpt":{"rendered":"<p>Maria Ant\u00f2nia Gili Quartet actu\u00f3 en Jazz Palma Festival 2026 en el Castell de Bellver, el 27 de agosto de 2026. Miquel \u00c0ngel Segu\u00ed y Jos\u00e9 Luis Luna Rocafort repasan el concierto. Intervinieron Maria Ant\u00f2nia Gili, Goran Levi, Miquel Benn\u00e0ssar, Josep Servera<br \/>\n<span class=\"more-link\"><a href=\"https:\/\/tomajazz.com\/web\/maria-antonia-gili-quartet-palma-2026\/\">Contin\u00faa leyendo<\/a><\/span><\/p>\n","protected":false},"author":1,"featured_media":107019,"comment_status":"open","ping_status":"closed","sticky":false,"template":"","format":"standard","meta":{"_jetpack_newsletter_access":"","_jetpack_dont_email_post_to_subs":false,"_jetpack_newsletter_tier_id":0,"_jetpack_memberships_contains_paywalled_content":false,"_jetpack_feature_clip_id":0,"_jetpack_memberships_contains_paid_content":false,"footnotes":"","jetpack_post_was_ever_published":false},"categories":[4,17846,33321,15517,1038],"tags":[25479,10088,25373,21731,33489,33320,24292],"class_list":["entry","author-pachi","has-excerpt","post-107014","post","type-post","status-publish","format-standard","has-post-thumbnail","category-conciertos","category-jose-luis-luna-rocafort","category-_miquel-angel-segui","category-textos","category-contenidos","tag-goran-levi","tag-jose-luis-luna-rocafort","tag-josep-servera","tag-maria-antonia-gili","tag-maria-antonia-gili-quartet","tag-miquel-angel-segui","tag-miquel-bennassar"],"jetpack_likes_enabled":true,"jetpack_sharing_enabled":true,"jetpack-related-posts":[{"id":103245,"url":"https:\/\/tomajazz.com\/web\/voodoo-children-collective-alternatilla-2025\/","url_meta":{"origin":107014,"position":0},"title":"VooDoo Children Collective (9\u00ba Alternatilla Jazz Festival 2025. Auditori de Porreres. Mallorca. 2025-12-06) Por Jos\u00e9 Luis Luna Rocafort [INSTANTZZ AKA Galer\u00eda fotogr\u00e1fica AKA Fotoblog de jazz, impro\u2026 y algo m\u00e1s]","author":"Tomajazz","date":"9 enero, 2026","format":false,"excerpt":"VooDoo Children Collective actu\u00f3 en el 9\u00ba Alternatilla Jazz Festival 2025 en el Auditori de Porreres, Mallorca, el 6 de diciembre de 2025. Jos\u00e9 Luis Luna Rocafort lo retrata en INSTANTZZ. Actuaron Toni Vaquer, Diego Hervalejo, Camil Alcarazo, Joan Garcias, Ferran Mart\u00ednez, Aina Tramullas, Ant\u00f2nia Santandreu, Carlos Cort\u00e9s, Andreu Pitarch,\u2026","rel":"","context":"En \u00ab9\u00ba Alternatilla Jazz Festival 2025\u00bb","block_context":{"text":"9\u00ba Alternatilla Jazz Festival 2025","link":"https:\/\/tomajazz.com\/web\/category\/contenidos\/especial-contenidos\/9o-alternatilla-jazz-festival-2025\/"},"img":{"alt_text":"VooDoo Children Collective (9\u00ba Alternatilla Jazz Festival 2025. Auditori de Porreres. Mallorca. 2025-12-06) Por Jos\u00e9 Luis Luna Rocafort [INSTANTZZ AKA Galer\u00eda fotogr\u00e1fica AKA Fotoblog de jazz, impro\u2026 y algo m\u00e1s] - Tomajazz - VooDoo Children Collective actu\u00f3 en el 9\u00ba Alternatilla Jazz Festival 2025 en el Auditori de Porreres, Mallorca, el 6 de diciembre de 2025. Jos\u00e9 Luis Luna Rocafort lo retrata en INSTANTZZ. Actuaron Toni Vaquer, Diego Hervalejo, Camil Alcarazo, Joan Garcias, Ferran Mart\u00ednez, Aina Tramullas, Ant\u00f2nia Santandreu, Carlos Cort\u00e9s, Andreu Pitarch, Enric Fuster, Julian S\u00e1nchez, Maria Ant\u00f2nia Gili, Pep Garau, V\u00edctor Carrascosa, Andreu Roig, Miguel Mois\u00e9s, Miquel Gay\u00e0, Tomeu Garcias, Miquel \u00c0ngel Rigo, Miguel \"Pintxo\" Villar, Roque Garc\u00eda, Tete Leal, Xavi Maldonado, Anggie Obin, Fernando Brox, Caterina Obrador, Ana Rodrigo, Joan Rotger, Roser Juli\u00e0, Shanti Easton, Sin\u00e9ad Cormican, Aina Mateu, Clementina Boeykens, Carmela Font, Maci\u00e0 Cerd\u00e0, Miquel Bennasar","src":"https:\/\/i0.wp.com\/tomajazz.com\/web\/wp-content\/uploads\/2026\/01\/014-1.jpg?resize=350%2C200&ssl=1","width":350,"height":200,"srcset":"https:\/\/i0.wp.com\/tomajazz.com\/web\/wp-content\/uploads\/2026\/01\/014-1.jpg?resize=350%2C200&ssl=1 1x, https:\/\/i0.wp.com\/tomajazz.com\/web\/wp-content\/uploads\/2026\/01\/014-1.jpg?resize=525%2C300&ssl=1 1.5x"},"classes":[]},{"id":106619,"url":"https:\/\/tomajazz.com\/web\/pep-garau-septet-palma-2026\/","url_meta":{"origin":107014,"position":1},"title":"Pep Garau Septet (Jazz Palma Festival 2026. Castell de Bellver, Palma de Mallorca. 2026-08-13) Por Miquel \u00c0ngel Segu\u00ed y Jos\u00e9 Luis Luna Rocafort [Concierto de jazz]","author":"Tomajazz","date":"20 agosto, 2026","format":false,"excerpt":"Pep Garau Septet actu\u00f3 en el Jazz Palma Festival 2026. Miquel \u00c0ngel Segu\u00ed y Jos\u00e9 Luis Luna Rocafort repasan el concierto. Actuaron Pep Garau, Enrique Oliver, Jaume Riera, Marko Lohikari, Benji Habichuela, Josep Llu\u00eds Garcia, Marius Koopmann","rel":"","context":"En \u00abConciertos...\u00bb","block_context":{"text":"Conciertos...","link":"https:\/\/tomajazz.com\/web\/category\/contenidos\/textos\/conciertos\/"},"img":{"alt_text":"Pep Garau Septet (Jazz Palma Festival 2026. Castell de Bellver, Palma de Mallorca. 2026-08-13) Por Miquel \u00c0ngel Segu\u00ed y Jos\u00e9 Luis Luna Rocafort [Concierto de jazz] - Tomajazz - Pep Garau Septet actu\u00f3 en el Jazz Palma Festival 2026. Miquel \u00c0ngel Segu\u00ed y Jos\u00e9 Luis Luna Rocafort repasan el concierto. Actuaron Pep Garau, Enrique Oliver, Jaume Riera, Marko Lohikari, Benji Habichuela, Josep Llu\u00eds Garcia, Marius Koopmann\n","src":"https:\/\/i0.wp.com\/tomajazz.com\/web\/wp-content\/uploads\/2026\/08\/014-7.jpg?resize=350%2C200&ssl=1","width":350,"height":200,"srcset":"https:\/\/i0.wp.com\/tomajazz.com\/web\/wp-content\/uploads\/2026\/08\/014-7.jpg?resize=350%2C200&ssl=1 1x, https:\/\/i0.wp.com\/tomajazz.com\/web\/wp-content\/uploads\/2026\/08\/014-7.jpg?resize=525%2C300&ssl=1 1.5x"},"classes":[]},{"id":105946,"url":"https:\/\/tomajazz.com\/web\/florencio-cruz-electric-ensemble-bellver-2026\/","url_meta":{"origin":107014,"position":2},"title":"Florencio Cruz Electric Ensemble (Castell de Bellver, Palma. 2026-06-26)  Por Miquel \u00c0ngel Segu\u00ed y Jos\u00e9 Luis Luna Rocafort [Concierto de jazz]","author":"Tomajazz","date":"20 julio, 2026","format":false,"excerpt":"Florencio Cruz Electric Ensemble actu\u00f3 en el Castell de Bellver de Palma el 26 de junio de 2026. Miquel \u00c0ngel Segu\u00ed y Jos\u00e9 Luis Luna Rocafort relatan el concierto. Florencio Cruz Electric Ensemble son Florencio Cruz, Josep Pou, Vicente L\u00f3pez, Enric Fuster. Adem\u00e1s Julia Ferriol, Xavi Rotger, Sebasti\u00e0 Amengual, Mar\u00eda\u2026","rel":"","context":"En \u00abConciertos...\u00bb","block_context":{"text":"Conciertos...","link":"https:\/\/tomajazz.com\/web\/category\/contenidos\/textos\/conciertos\/"},"img":{"alt_text":"Florencio Cruz Electric Ensemble (Castell de Bellver, Palma. 2026-06-26)  Por Miquel \u00c0ngel Segu\u00ed y Jos\u00e9 Luis Luna Rocafort [Concierto de jazz] - Tomajazz - Florencio Cruz Electric Ensemble actu\u00f3 en el Castell de Bellver de Palma el 26 de junio de 2026. Miquel \u00c0ngel Segu\u00ed y Jos\u00e9 Luis Luna Rocafort relatan el concierto","src":"https:\/\/i0.wp.com\/tomajazz.com\/web\/wp-content\/uploads\/2026\/07\/016.jpg?resize=350%2C200&ssl=1","width":350,"height":200,"srcset":"https:\/\/i0.wp.com\/tomajazz.com\/web\/wp-content\/uploads\/2026\/07\/016.jpg?resize=350%2C200&ssl=1 1x, https:\/\/i0.wp.com\/tomajazz.com\/web\/wp-content\/uploads\/2026\/07\/016.jpg?resize=525%2C300&ssl=1 1.5x"},"classes":[]},{"id":101234,"url":"https:\/\/tomajazz.com\/web\/miquel-angel-rigo-quintet-37-eivissa-jazz-2025\/","url_meta":{"origin":107014,"position":3},"title":"Miquel \u00c0ngel Rigo Quintet (37 Eivissa Jazz 2025. Passeig Vara de Rey. Eivissa. 2025-09-02) Por Jos\u00e9 Luis Luna Rocafort [INSTANTZZ AKA Galer\u00eda fotogr\u00e1fica AKA Fotoblog de jazz, impro\u2026 y algo m\u00e1s]","author":"Tomajazz","date":"1 noviembre, 2025","format":false,"excerpt":"Miquel \u00c0ngel Rigo Quintet actu\u00f3 en el 37 Eivissa Jazz 2025. Jos\u00e9 Luis Luna Rocafort retrata la actuaci\u00f3n en INSTANTZZ. Participaron Miquel \u00c0ngel Rigo, Tomeu Garc\u00edas, Jaume Riera, Joan Garc\u00edas Tur, Josep Servera, Goran Levi","rel":"","context":"En \u00ab37 Eivissa Jazz 2025\u00bb","block_context":{"text":"37 Eivissa Jazz 2025","link":"https:\/\/tomajazz.com\/web\/category\/contenidos\/especial-contenidos\/37-eivissa-jazz-2025\/"},"img":{"alt_text":"Miquel \u00c0ngel Rigo Quintet (37 Eivissa Jazz 2025. Passeig Vara de Rey. Eivissa. 2025-09-02) Por Jos\u00e9 Luis Luna Rocafort [INSTANTZZ AKA Galer\u00eda fotogr\u00e1fica AKA Fotoblog de jazz, impro\u2026 y algo m\u00e1s] - Tomajazz - Miquel \u00c0ngel Rigo Quintet actu\u00f3 en el 37 Eivissa Jazz 2025. Jos\u00e9 Luis Luna Rocafort retrata la actuaci\u00f3n en INSTANTZZ. Participaron Miquel \u00c0ngel Rigo, Tomeu Garc\u00edas, Jaume Riera, Joan Garc\u00edas Tur, Josep Servera, Goran Levi","src":"https:\/\/i0.wp.com\/tomajazz.com\/web\/wp-content\/uploads\/2025\/11\/002.jpg?resize=350%2C200&ssl=1","width":350,"height":200,"srcset":"https:\/\/i0.wp.com\/tomajazz.com\/web\/wp-content\/uploads\/2025\/11\/002.jpg?resize=350%2C200&ssl=1 1x, https:\/\/i0.wp.com\/tomajazz.com\/web\/wp-content\/uploads\/2025\/11\/002.jpg?resize=525%2C300&ssl=1 1.5x"},"classes":[]},{"id":100647,"url":"https:\/\/tomajazz.com\/web\/goran-levi-eivissa-jazz-2025\/","url_meta":{"origin":107014,"position":4},"title":"Goran Levi (37 Eivissa Jazz 2025. Passeig Vara de Rey. Eivissa. 2025-09-02) Por Jos\u00e9 Luis Luna Rocafort [INSTANTZZ AKA Galer\u00eda fotogr\u00e1fica AKA Fotoblog de jazz, impro\u2026 y algo m\u00e1s]","author":"Tomajazz","date":"18 octubre, 2025","format":false,"excerpt":"Goran Levi actu\u00f3 en el 37 Eivissa Jazz 2025. Jos\u00e9 Luis Luna Rocafort lo retrata en INSTANTZZ. Intervinieron Goran Levi, Joan Garc\u00edas Tur, Josep Servera, Pere Miquel Molina","rel":"","context":"En \u00ab37 Eivissa Jazz 2025\u00bb","block_context":{"text":"37 Eivissa Jazz 2025","link":"https:\/\/tomajazz.com\/web\/category\/contenidos\/especial-contenidos\/37-eivissa-jazz-2025\/"},"img":{"alt_text":"Goran Levi (37 Eivissa Jazz 2025. Passeig Vara de Rey. Eivissa. 2025-09-02) Por Jos\u00e9 Luis Luna Rocafort [INSTANTZZ AKA Galer\u00eda fotogr\u00e1fica AKA Fotoblog de jazz, impro\u2026 y algo m\u00e1s] - Tomajazz - Goran Levi actu\u00f3 en el 37 Eivissa Jazz 2025. Jos\u00e9 Luis Luna Rocafort lo retrata en INSTANTZZ. Intervinieron Goran Levi, Joan Garc\u00edas Tur, Josep Servera, Pere Miquel Molina","src":"https:\/\/i0.wp.com\/tomajazz.com\/web\/wp-content\/uploads\/2025\/10\/013-12.jpg?resize=350%2C200&ssl=1","width":350,"height":200,"srcset":"https:\/\/i0.wp.com\/tomajazz.com\/web\/wp-content\/uploads\/2025\/10\/013-12.jpg?resize=350%2C200&ssl=1 1x, https:\/\/i0.wp.com\/tomajazz.com\/web\/wp-content\/uploads\/2025\/10\/013-12.jpg?resize=525%2C300&ssl=1 1.5x"},"classes":[]},{"id":106697,"url":"https:\/\/tomajazz.com\/web\/lucia-rey-quartet-sa-pobla-2026\/","url_meta":{"origin":107014,"position":5},"title":"Luc\u00eda Rey Quartet  (32 Mallorca Jazz Sa Pobla 2026. Sa Pobla, Mallorca. 2026-08-18) Por Miquel \u00c0ngel Segu\u00ed y Jos\u00e9 Luis Luna Rocafort [Concierto de jazz]","author":"Tomajazz","date":"24 agosto, 2026","format":false,"excerpt":"Luc\u00eda Rey Quartet actu\u00f3 en el 32 Mallorca Jazz Sa Pobla 2026, el 18 de agosto de 2026. Miquel \u00c0ngel Segu\u00ed y Jos\u00e9 Luis Luna Rocafort relatan el concierto. Actuaron Luc\u00eda Rey, Ander Garc\u00eda, Michael Olivera, Juan Carlos Aracil","rel":"","context":"En \u00ab32 Mallorca Jazz Sa Pobla 2026\u00bb","block_context":{"text":"32 Mallorca Jazz Sa Pobla 2026","link":"https:\/\/tomajazz.com\/web\/category\/contenidos\/especial-contenidos\/32-mallorca-jazz-sa-pobla-2026\/"},"img":{"alt_text":"Luc\u00eda Rey Quartet  (32 Mallorca Jazz Sa Pobla 2026. Sa Pobla, Mallorca. 2026-08-18) Por Miquel \u00c0ngel Segu\u00ed y Jos\u00e9 Luis Luna Rocafort [Concierto de jazz] - Tomajazz - Luc\u00eda Rey Quartet actu\u00f3 en el 32 Mallorca Jazz Sa Pobla 2026, el 18 de agosto de 2026. Miquel \u00c0ngel Segu\u00ed y Jos\u00e9 Luis Luna Rocafort relatan el concierto. Actuaron Luc\u00eda Rey, Ander Garc\u00eda, Michael Olivera, Juan Carlos Aracil","src":"https:\/\/i0.wp.com\/tomajazz.com\/web\/wp-content\/uploads\/2026\/08\/011-11.jpg?resize=350%2C200&ssl=1","width":350,"height":200,"srcset":"https:\/\/i0.wp.com\/tomajazz.com\/web\/wp-content\/uploads\/2026\/08\/011-11.jpg?resize=350%2C200&ssl=1 1x, https:\/\/i0.wp.com\/tomajazz.com\/web\/wp-content\/uploads\/2026\/08\/011-11.jpg?resize=525%2C300&ssl=1 1.5x"},"classes":[]}],"jetpack_featured_media_url":"https:\/\/tomajazz.com\/web\/wp-content\/uploads\/2026\/09\/005-2.jpg","_links":{"self":[{"href":"https:\/\/tomajazz.com\/web\/wp-json\/wp\/v2\/posts\/107014","targetHints":{"allow":["GET"]}}],"collection":[{"href":"https:\/\/tomajazz.com\/web\/wp-json\/wp\/v2\/posts"}],"about":[{"href":"https:\/\/tomajazz.com\/web\/wp-json\/wp\/v2\/types\/post"}],"author":[{"embeddable":true,"href":"https:\/\/tomajazz.com\/web\/wp-json\/wp\/v2\/users\/1"}],"replies":[{"embeddable":true,"href":"https:\/\/tomajazz.com\/web\/wp-json\/wp\/v2\/comments?post=107014"}],"version-history":[{"count":3,"href":"https:\/\/tomajazz.com\/web\/wp-json\/wp\/v2\/posts\/107014\/revisions"}],"predecessor-version":[{"id":107035,"href":"https:\/\/tomajazz.com\/web\/wp-json\/wp\/v2\/posts\/107014\/revisions\/107035"}],"wp:featuredmedia":[{"embeddable":true,"href":"https:\/\/tomajazz.com\/web\/wp-json\/wp\/v2\/media\/107019"}],"wp:attachment":[{"href":"https:\/\/tomajazz.com\/web\/wp-json\/wp\/v2\/media?parent=107014"}],"wp:term":[{"taxonomy":"category","embeddable":true,"href":"https:\/\/tomajazz.com\/web\/wp-json\/wp\/v2\/categories?post=107014"},{"taxonomy":"post_tag","embeddable":true,"href":"https:\/\/tomajazz.com\/web\/wp-json\/wp\/v2\/tags?post=107014"}],"curies":[{"name":"wp","href":"https:\/\/api.w.org\/{rel}","templated":true}]}}