{"id":107042,"date":"2026-09-05T12:21:14","date_gmt":"2026-09-05T10:21:14","guid":{"rendered":"https:\/\/tomajazz.com\/web\/?p=107042"},"modified":"2026-09-05T12:21:14","modified_gmt":"2026-09-05T10:21:14","slug":"maria-schneider-clasijazz-big-band-barcelona-2026","status":"publish","type":"post","link":"https:\/\/tomajazz.com\/web\/maria-schneider-clasijazz-big-band-barcelona-2026\/","title":{"rendered":"Maria Schneider &#038; Clasijazz Big Band con Antonio Lizana (58\u00e8 Festival Jazz Barcelona \/ Paral\u2022lel 62, 2026-07-13 \/ Barcelona) Por Joan Cort\u00e8s [INSTANTZZ AKA Galer\u00eda fotogr\u00e1fica AKA Fotoblog de jazz, impro\u2026 y algo m\u00e1s]"},"content":{"rendered":"<h3>Maria Schneider &amp; Clasijazz Big Band con Antonio Lizana<\/h3>\n<h3>58 Festival de Jazz de Barcelona 2026<\/h3>\n<ul>\n<li>Fecha: Lunes, 13 de julio de 2026<\/li>\n<li>Lugar: Paral\u00b7lel 62 (Barcelona)<\/li>\n<li>Grupo:<br \/>\n<strong>Maria Schneider &amp; Clasijazz Big Band con Antonio Lizana <\/strong>\u201cBuler\u00eda, Sole\u00e1 y Rumba\u201d<br \/>\nMaria Schneider, composiciones y direcci\u00f3n musical<br \/>\nAntonio Lizana, saxo alto, flauta y voz<br \/>\nPhilippe Thuriot, acorde\u00f3n<br \/>\nJoan Mar Sauqu\u00e9, trompeta<br \/>\nBruno Calvo, trompeta<br \/>\nPep Garau, trompeta<br \/>\nVoro Garc\u00eda, trompeta<br \/>\nJuli\u00e1n S\u00e1nchez, trompeta<br \/>\nTomeu Garc\u00eda, tromb\u00f3n<br \/>\nVicent P\u00e9rez, tromb\u00f3n<br \/>\nPedro Pastor, tromb\u00f3n<br \/>\nJos\u00e9 Diego Sarabia, tromb\u00f3n<br \/>\nIrene Reig, saxos alto y soprano, clarinete y flauta<br \/>\nEnrique Oliver, saxo tenor<br \/>\nTete Leal, saxos alto y soprano, y flautas<br \/>\nPedro Cortejosa, saxos tenor y soprano, clarinete y flauta<br \/>\nFrancisco Latino Blanco, saxo bar\u00edtono, clarinete bajo, clarinete y flauta<br \/>\nDahoud Salim, piano<br \/>\nPablo Mazuecos, piano<br \/>\nJaume Llombart, guitarra<br \/>\nBori Albero, contrabajo<br \/>\nAndreu Pitarch, bater\u00eda<br \/>\nCarlos Cort\u00e9s, percusi\u00f3n<br \/>\nVincent Thomas, percusi\u00f3n<\/li>\n<\/ul>\n<p style=\"text-align: center;\"><img loading=\"lazy\" decoding=\"async\" class=\"aligncenter size-full wp-image-107043\" title=\"Maria Schneider &amp; Clasijazz Big Band con Antonio Lizana (58\u00e8 Festival Jazz Barcelona \/ Paral\u2022lel 62, 2026-07-13 \/ Barcelona) Por Joan Cort\u00e8s [INSTANTZZ AKA Galer\u00eda fotogr\u00e1fica AKA Fotoblog de jazz, impro\u2026 y algo m\u00e1s] Tomajazz 01 Mr Schndr CJBB \u00a9Joan Cort\u00e8s 13jll26 P62 58FJBcn\" src=\"https:\/\/tomajazz.com\/web\/wp-content\/uploads\/2026\/09\/01-Mr-Schndr-CJBB-\u00a9Joan-Cortes-13jll26-P62-58FJBcn.jpg\" alt=\"Maria Schneider &amp; Clasijazz Big Band con Antonio Lizana (58\u00e8 Festival Jazz Barcelona \/ Paral\u2022lel 62, 2026-07-13 \/ Barcelona) Por Joan Cort\u00e8s [INSTANTZZ AKA Galer\u00eda fotogr\u00e1fica AKA Fotoblog de jazz, impro\u2026 y algo m\u00e1s] - Tomajazz - Maria Schneider &amp; Clasijazz Big Band con Antonio Lizana actuaron en el 58\u00e8 Festival Jazz Barcelona 2026, en Paral\u2022lel 62, el 13 de julio de 2026. Joan Cort\u00e8s lo retrata en INSTANTZZ. Actuaron Maria Schneider, Antonio Lizana, Philippe Thuriot, Joan Mar Sauqu\u00e9, Bruno Calvo, Pep Garau, Voro Garc\u00eda, Juli\u00e1n S\u00e1nchez, Tomeu Garc\u00eda, Vicent P\u00e9rez, Pedro Pastor, Jos\u00e9 Diego Sarabia, Irene Reig, Enrique Oliver, Tete Leal, Pedro Cortejosa, Francisco Latino Blanco, Dahoud Salim, Pablo Mazuecos, Jaume Llombart, Bori Albero, Andreu Pitarch, Carlos Cort\u00e9s, Vincent Thomas\" width=\"600\" height=\"400\" srcset=\"https:\/\/tomajazz.com\/web\/wp-content\/uploads\/2026\/09\/01-Mr-Schndr-CJBB-\u00a9Joan-Cortes-13jll26-P62-58FJBcn.jpg 600w, https:\/\/tomajazz.com\/web\/wp-content\/uploads\/2026\/09\/01-Mr-Schndr-CJBB-\u00a9Joan-Cortes-13jll26-P62-58FJBcn-300x200.jpg 300w, https:\/\/tomajazz.com\/web\/wp-content\/uploads\/2026\/09\/01-Mr-Schndr-CJBB-\u00a9Joan-Cortes-13jll26-P62-58FJBcn-465x310.jpg 465w\" sizes=\"auto, (max-width: 600px) 100vw, 600px\" \/> <img loading=\"lazy\" decoding=\"async\" class=\"aligncenter size-large wp-image-107044\" title=\"Maria Schneider &amp; Clasijazz Big Band con Antonio Lizana (58\u00e8 Festival Jazz Barcelona \/ Paral\u2022lel 62, 2026-07-13 \/ Barcelona) Por Joan Cort\u00e8s [INSTANTZZ AKA Galer\u00eda fotogr\u00e1fica AKA Fotoblog de jazz, impro\u2026 y algo m\u00e1s] Tomajazz 02 Mr Schndr CJBB \u00a9Joan Cort\u00e8s 13jll26 P62 58FJBcn\" src=\"https:\/\/tomajazz.com\/web\/wp-content\/uploads\/2026\/09\/02-Mr-Schndr-CJBB-\u00a9Joan-Cortes-13jll26-P62-58FJBcn.jpg\" alt=\"Maria Schneider &amp; Clasijazz Big Band con Antonio Lizana (58\u00e8 Festival Jazz Barcelona \/ Paral\u2022lel 62, 2026-07-13 \/ Barcelona) Por Joan Cort\u00e8s [INSTANTZZ AKA Galer\u00eda fotogr\u00e1fica AKA Fotoblog de jazz, impro\u2026 y algo m\u00e1s] - Tomajazz - Maria Schneider &amp; Clasijazz Big Band con Antonio Lizana actuaron en el 58\u00e8 Festival Jazz Barcelona 2026, en Paral\u2022lel 62, el 13 de julio de 2026. Joan Cort\u00e8s lo retrata en INSTANTZZ. Actuaron Maria Schneider, Antonio Lizana, Philippe Thuriot, Joan Mar Sauqu\u00e9, Bruno Calvo, Pep Garau, Voro Garc\u00eda, Juli\u00e1n S\u00e1nchez, Tomeu Garc\u00eda, Vicent P\u00e9rez, Pedro Pastor, Jos\u00e9 Diego Sarabia, Irene Reig, Enrique Oliver, Tete Leal, Pedro Cortejosa, Francisco Latino Blanco, Dahoud Salim, Pablo Mazuecos, Jaume Llombart, Bori Albero, Andreu Pitarch, Carlos Cort\u00e9s, Vincent Thomas\" width=\"400\" height=\"600\" srcset=\"https:\/\/tomajazz.com\/web\/wp-content\/uploads\/2026\/09\/02-Mr-Schndr-CJBB-\u00a9Joan-Cortes-13jll26-P62-58FJBcn.jpg 400w, https:\/\/tomajazz.com\/web\/wp-content\/uploads\/2026\/09\/02-Mr-Schndr-CJBB-\u00a9Joan-Cortes-13jll26-P62-58FJBcn-200x300.jpg 200w, https:\/\/tomajazz.com\/web\/wp-content\/uploads\/2026\/09\/02-Mr-Schndr-CJBB-\u00a9Joan-Cortes-13jll26-P62-58FJBcn-367x550.jpg 367w, https:\/\/tomajazz.com\/web\/wp-content\/uploads\/2026\/09\/02-Mr-Schndr-CJBB-\u00a9Joan-Cortes-13jll26-P62-58FJBcn-333x500.jpg 333w\" sizes=\"auto, (max-width: 400px) 100vw, 400px\" \/> <img loading=\"lazy\" decoding=\"async\" class=\"aligncenter size-large wp-image-107045\" title=\"Maria Schneider &amp; Clasijazz Big Band con Antonio Lizana (58\u00e8 Festival Jazz Barcelona \/ Paral\u2022lel 62, 2026-07-13 \/ Barcelona) Por Joan Cort\u00e8s [INSTANTZZ AKA Galer\u00eda fotogr\u00e1fica AKA Fotoblog de jazz, impro\u2026 y algo m\u00e1s] Tomajazz 03 Mr Schndr CJBB \u00a9Joan Cort\u00e8s 13jll26P62 58FJBcn\" src=\"https:\/\/tomajazz.com\/web\/wp-content\/uploads\/2026\/09\/03-Mr-Schndr-CJBB-\u00a9Joan-Cortes-13jll26P62-58FJBcn.jpg\" alt=\"Maria Schneider &amp; Clasijazz Big Band con Antonio Lizana (58\u00e8 Festival Jazz Barcelona \/ Paral\u2022lel 62, 2026-07-13 \/ Barcelona) Por Joan Cort\u00e8s [INSTANTZZ AKA Galer\u00eda fotogr\u00e1fica AKA Fotoblog de jazz, impro\u2026 y algo m\u00e1s] - Tomajazz - Maria Schneider &amp; Clasijazz Big Band con Antonio Lizana actuaron en el 58\u00e8 Festival Jazz Barcelona 2026, en Paral\u2022lel 62, el 13 de julio de 2026. Joan Cort\u00e8s lo retrata en INSTANTZZ. Actuaron Maria Schneider, Antonio Lizana, Philippe Thuriot, Joan Mar Sauqu\u00e9, Bruno Calvo, Pep Garau, Voro Garc\u00eda, Juli\u00e1n S\u00e1nchez, Tomeu Garc\u00eda, Vicent P\u00e9rez, Pedro Pastor, Jos\u00e9 Diego Sarabia, Irene Reig, Enrique Oliver, Tete Leal, Pedro Cortejosa, Francisco Latino Blanco, Dahoud Salim, Pablo Mazuecos, Jaume Llombart, Bori Albero, Andreu Pitarch, Carlos Cort\u00e9s, Vincent Thomas\" width=\"600\" height=\"400\" srcset=\"https:\/\/tomajazz.com\/web\/wp-content\/uploads\/2026\/09\/03-Mr-Schndr-CJBB-\u00a9Joan-Cortes-13jll26P62-58FJBcn.jpg 600w, https:\/\/tomajazz.com\/web\/wp-content\/uploads\/2026\/09\/03-Mr-Schndr-CJBB-\u00a9Joan-Cortes-13jll26P62-58FJBcn-300x200.jpg 300w, https:\/\/tomajazz.com\/web\/wp-content\/uploads\/2026\/09\/03-Mr-Schndr-CJBB-\u00a9Joan-Cortes-13jll26P62-58FJBcn-465x310.jpg 465w\" sizes=\"auto, (max-width: 600px) 100vw, 600px\" \/> <img loading=\"lazy\" decoding=\"async\" class=\"aligncenter size-large wp-image-107046\" title=\"Maria Schneider &amp; Clasijazz Big Band con Antonio Lizana (58\u00e8 Festival Jazz Barcelona \/ Paral\u2022lel 62, 2026-07-13 \/ Barcelona) Por Joan Cort\u00e8s [INSTANTZZ AKA Galer\u00eda fotogr\u00e1fica AKA Fotoblog de jazz, impro\u2026 y algo m\u00e1s] Tomajazz 04 Mr Schndr CJBB \u00a9Joan Cort\u00e8s 13jll26 P62 58FJBcn\" src=\"https:\/\/tomajazz.com\/web\/wp-content\/uploads\/2026\/09\/04-Mr-Schndr-CJBB-\u00a9Joan-Cortes-13jll26-P62-58FJBcn.jpg\" alt=\"Maria Schneider &amp; Clasijazz Big Band con Antonio Lizana (58\u00e8 Festival Jazz Barcelona \/ Paral\u2022lel 62, 2026-07-13 \/ Barcelona) Por Joan Cort\u00e8s [INSTANTZZ AKA Galer\u00eda fotogr\u00e1fica AKA Fotoblog de jazz, impro\u2026 y algo m\u00e1s] - Tomajazz - Maria Schneider &amp; Clasijazz Big Band con Antonio Lizana actuaron en el 58\u00e8 Festival Jazz Barcelona 2026, en Paral\u2022lel 62, el 13 de julio de 2026. Joan Cort\u00e8s lo retrata en INSTANTZZ. Actuaron Maria Schneider, Antonio Lizana, Philippe Thuriot, Joan Mar Sauqu\u00e9, Bruno Calvo, Pep Garau, Voro Garc\u00eda, Juli\u00e1n S\u00e1nchez, Tomeu Garc\u00eda, Vicent P\u00e9rez, Pedro Pastor, Jos\u00e9 Diego Sarabia, Irene Reig, Enrique Oliver, Tete Leal, Pedro Cortejosa, Francisco Latino Blanco, Dahoud Salim, Pablo Mazuecos, Jaume Llombart, Bori Albero, Andreu Pitarch, Carlos Cort\u00e9s, Vincent Thomas\" width=\"400\" height=\"600\" srcset=\"https:\/\/tomajazz.com\/web\/wp-content\/uploads\/2026\/09\/04-Mr-Schndr-CJBB-\u00a9Joan-Cortes-13jll26-P62-58FJBcn.jpg 400w, https:\/\/tomajazz.com\/web\/wp-content\/uploads\/2026\/09\/04-Mr-Schndr-CJBB-\u00a9Joan-Cortes-13jll26-P62-58FJBcn-200x300.jpg 200w, https:\/\/tomajazz.com\/web\/wp-content\/uploads\/2026\/09\/04-Mr-Schndr-CJBB-\u00a9Joan-Cortes-13jll26-P62-58FJBcn-367x550.jpg 367w, https:\/\/tomajazz.com\/web\/wp-content\/uploads\/2026\/09\/04-Mr-Schndr-CJBB-\u00a9Joan-Cortes-13jll26-P62-58FJBcn-333x500.jpg 333w\" sizes=\"auto, (max-width: 400px) 100vw, 400px\" \/> <img loading=\"lazy\" decoding=\"async\" class=\"aligncenter size-large wp-image-107047\" title=\"Maria Schneider &amp; Clasijazz Big Band con Antonio Lizana (58\u00e8 Festival Jazz Barcelona \/ Paral\u2022lel 62, 2026-07-13 \/ Barcelona) Por Joan Cort\u00e8s [INSTANTZZ AKA Galer\u00eda fotogr\u00e1fica AKA Fotoblog de jazz, impro\u2026 y algo m\u00e1s] Tomajazz 05 Mr Schndr CJBB \u00a9Joan Cort\u00e8s 13jll26 P62 58FJBcn\" src=\"https:\/\/tomajazz.com\/web\/wp-content\/uploads\/2026\/09\/05-Mr-Schndr-CJBB-\u00a9Joan-Cortes-13jll26-P62-58FJBcn.jpg\" alt=\"Maria Schneider &amp; Clasijazz Big Band con Antonio Lizana (58\u00e8 Festival Jazz Barcelona \/ Paral\u2022lel 62, 2026-07-13 \/ Barcelona) Por Joan Cort\u00e8s [INSTANTZZ AKA Galer\u00eda fotogr\u00e1fica AKA Fotoblog de jazz, impro\u2026 y algo m\u00e1s] - Tomajazz - Maria Schneider &amp; Clasijazz Big Band con Antonio Lizana actuaron en el 58\u00e8 Festival Jazz Barcelona 2026, en Paral\u2022lel 62, el 13 de julio de 2026. Joan Cort\u00e8s lo retrata en INSTANTZZ. Actuaron Maria Schneider, Antonio Lizana, Philippe Thuriot, Joan Mar Sauqu\u00e9, Bruno Calvo, Pep Garau, Voro Garc\u00eda, Juli\u00e1n S\u00e1nchez, Tomeu Garc\u00eda, Vicent P\u00e9rez, Pedro Pastor, Jos\u00e9 Diego Sarabia, Irene Reig, Enrique Oliver, Tete Leal, Pedro Cortejosa, Francisco Latino Blanco, Dahoud Salim, Pablo Mazuecos, Jaume Llombart, Bori Albero, Andreu Pitarch, Carlos Cort\u00e9s, Vincent Thomas\" width=\"600\" height=\"400\" srcset=\"https:\/\/tomajazz.com\/web\/wp-content\/uploads\/2026\/09\/05-Mr-Schndr-CJBB-\u00a9Joan-Cortes-13jll26-P62-58FJBcn.jpg 600w, https:\/\/tomajazz.com\/web\/wp-content\/uploads\/2026\/09\/05-Mr-Schndr-CJBB-\u00a9Joan-Cortes-13jll26-P62-58FJBcn-300x200.jpg 300w, https:\/\/tomajazz.com\/web\/wp-content\/uploads\/2026\/09\/05-Mr-Schndr-CJBB-\u00a9Joan-Cortes-13jll26-P62-58FJBcn-465x310.jpg 465w\" sizes=\"auto, (max-width: 600px) 100vw, 600px\" \/> <img loading=\"lazy\" decoding=\"async\" class=\"aligncenter size-large wp-image-107048\" title=\"Maria Schneider &amp; Clasijazz Big Band con Antonio Lizana (58\u00e8 Festival Jazz Barcelona \/ Paral\u2022lel 62, 2026-07-13 \/ Barcelona) Por Joan Cort\u00e8s [INSTANTZZ AKA Galer\u00eda fotogr\u00e1fica AKA Fotoblog de jazz, impro\u2026 y algo m\u00e1s] Tomajazz 06 Mr Schndr CJBB \u00a9Joan Cort\u00e8s 13jll26 P62 58FJBcn\" src=\"https:\/\/tomajazz.com\/web\/wp-content\/uploads\/2026\/09\/06-Mr-Schndr-CJBB-\u00a9Joan-Cortes-13jll26-P62-58FJBcn.jpg\" alt=\"Maria Schneider &amp; Clasijazz Big Band con Antonio Lizana (58\u00e8 Festival Jazz Barcelona \/ Paral\u2022lel 62, 2026-07-13 \/ Barcelona) Por Joan Cort\u00e8s [INSTANTZZ AKA Galer\u00eda fotogr\u00e1fica AKA Fotoblog de jazz, impro\u2026 y algo m\u00e1s] - Tomajazz - Maria Schneider &amp; Clasijazz Big Band con Antonio Lizana actuaron en el 58\u00e8 Festival Jazz Barcelona 2026, en Paral\u2022lel 62, el 13 de julio de 2026. Joan Cort\u00e8s lo retrata en INSTANTZZ. Actuaron Maria Schneider, Antonio Lizana, Philippe Thuriot, Joan Mar Sauqu\u00e9, Bruno Calvo, Pep Garau, Voro Garc\u00eda, Juli\u00e1n S\u00e1nchez, Tomeu Garc\u00eda, Vicent P\u00e9rez, Pedro Pastor, Jos\u00e9 Diego Sarabia, Irene Reig, Enrique Oliver, Tete Leal, Pedro Cortejosa, Francisco Latino Blanco, Dahoud Salim, Pablo Mazuecos, Jaume Llombart, Bori Albero, Andreu Pitarch, Carlos Cort\u00e9s, Vincent Thomas\" width=\"400\" height=\"600\" srcset=\"https:\/\/tomajazz.com\/web\/wp-content\/uploads\/2026\/09\/06-Mr-Schndr-CJBB-\u00a9Joan-Cortes-13jll26-P62-58FJBcn.jpg 400w, https:\/\/tomajazz.com\/web\/wp-content\/uploads\/2026\/09\/06-Mr-Schndr-CJBB-\u00a9Joan-Cortes-13jll26-P62-58FJBcn-200x300.jpg 200w, https:\/\/tomajazz.com\/web\/wp-content\/uploads\/2026\/09\/06-Mr-Schndr-CJBB-\u00a9Joan-Cortes-13jll26-P62-58FJBcn-367x550.jpg 367w, https:\/\/tomajazz.com\/web\/wp-content\/uploads\/2026\/09\/06-Mr-Schndr-CJBB-\u00a9Joan-Cortes-13jll26-P62-58FJBcn-333x500.jpg 333w\" sizes=\"auto, (max-width: 400px) 100vw, 400px\" \/> <img loading=\"lazy\" decoding=\"async\" class=\"aligncenter size-large wp-image-107049\" title=\"Maria Schneider &amp; Clasijazz Big Band con Antonio Lizana (58\u00e8 Festival Jazz Barcelona \/ Paral\u2022lel 62, 2026-07-13 \/ Barcelona) Por Joan Cort\u00e8s [INSTANTZZ AKA Galer\u00eda fotogr\u00e1fica AKA Fotoblog de jazz, impro\u2026 y algo m\u00e1s] Tomajazz 07 Mr Schndr CJBB \u00a9Joan Cort\u00e8s 13jll26 P62 58FJBcn\" src=\"https:\/\/tomajazz.com\/web\/wp-content\/uploads\/2026\/09\/07-Mr-Schndr-CJBB-\u00a9Joan-Cortes-13jll26-P62-58FJBcn.jpg\" alt=\"Maria Schneider &amp; Clasijazz Big Band con Antonio Lizana (58\u00e8 Festival Jazz Barcelona \/ Paral\u2022lel 62, 2026-07-13 \/ Barcelona) Por Joan Cort\u00e8s [INSTANTZZ AKA Galer\u00eda fotogr\u00e1fica AKA Fotoblog de jazz, impro\u2026 y algo m\u00e1s] - Tomajazz - Maria Schneider &amp; Clasijazz Big Band con Antonio Lizana actuaron en el 58\u00e8 Festival Jazz Barcelona 2026, en Paral\u2022lel 62, el 13 de julio de 2026. Joan Cort\u00e8s lo retrata en INSTANTZZ. Actuaron Maria Schneider, Antonio Lizana, Philippe Thuriot, Joan Mar Sauqu\u00e9, Bruno Calvo, Pep Garau, Voro Garc\u00eda, Juli\u00e1n S\u00e1nchez, Tomeu Garc\u00eda, Vicent P\u00e9rez, Pedro Pastor, Jos\u00e9 Diego Sarabia, Irene Reig, Enrique Oliver, Tete Leal, Pedro Cortejosa, Francisco Latino Blanco, Dahoud Salim, Pablo Mazuecos, Jaume Llombart, Bori Albero, Andreu Pitarch, Carlos Cort\u00e9s, Vincent Thomas\" width=\"600\" height=\"400\" srcset=\"https:\/\/tomajazz.com\/web\/wp-content\/uploads\/2026\/09\/07-Mr-Schndr-CJBB-\u00a9Joan-Cortes-13jll26-P62-58FJBcn.jpg 600w, https:\/\/tomajazz.com\/web\/wp-content\/uploads\/2026\/09\/07-Mr-Schndr-CJBB-\u00a9Joan-Cortes-13jll26-P62-58FJBcn-300x200.jpg 300w, https:\/\/tomajazz.com\/web\/wp-content\/uploads\/2026\/09\/07-Mr-Schndr-CJBB-\u00a9Joan-Cortes-13jll26-P62-58FJBcn-465x310.jpg 465w\" sizes=\"auto, (max-width: 600px) 100vw, 600px\" \/> <img loading=\"lazy\" decoding=\"async\" class=\"aligncenter size-large wp-image-107050\" title=\"Maria Schneider &amp; Clasijazz Big Band con Antonio Lizana (58\u00e8 Festival Jazz Barcelona \/ Paral\u2022lel 62, 2026-07-13 \/ Barcelona) Por Joan Cort\u00e8s [INSTANTZZ AKA Galer\u00eda fotogr\u00e1fica AKA Fotoblog de jazz, impro\u2026 y algo m\u00e1s] Tomajazz 08 Mr Schndr CJBB \u00a9Joan Cort\u00e8s 13jll26 P62 58FJBcn\" src=\"https:\/\/tomajazz.com\/web\/wp-content\/uploads\/2026\/09\/08-Mr-Schndr-CJBB-\u00a9Joan-Cortes-13jll26-P62-58FJBcn.jpg\" alt=\"Maria Schneider &amp; Clasijazz Big Band con Antonio Lizana (58\u00e8 Festival Jazz Barcelona \/ Paral\u2022lel 62, 2026-07-13 \/ Barcelona) Por Joan Cort\u00e8s [INSTANTZZ AKA Galer\u00eda fotogr\u00e1fica AKA Fotoblog de jazz, impro\u2026 y algo m\u00e1s] - Tomajazz - Maria Schneider &amp; Clasijazz Big Band con Antonio Lizana actuaron en el 58\u00e8 Festival Jazz Barcelona 2026, en Paral\u2022lel 62, el 13 de julio de 2026. Joan Cort\u00e8s lo retrata en INSTANTZZ. Actuaron Maria Schneider, Antonio Lizana, Philippe Thuriot, Joan Mar Sauqu\u00e9, Bruno Calvo, Pep Garau, Voro Garc\u00eda, Juli\u00e1n S\u00e1nchez, Tomeu Garc\u00eda, Vicent P\u00e9rez, Pedro Pastor, Jos\u00e9 Diego Sarabia, Irene Reig, Enrique Oliver, Tete Leal, Pedro Cortejosa, Francisco Latino Blanco, Dahoud Salim, Pablo Mazuecos, Jaume Llombart, Bori Albero, Andreu Pitarch, Carlos Cort\u00e9s, Vincent Thomas\" width=\"600\" height=\"400\" srcset=\"https:\/\/tomajazz.com\/web\/wp-content\/uploads\/2026\/09\/08-Mr-Schndr-CJBB-\u00a9Joan-Cortes-13jll26-P62-58FJBcn.jpg 600w, https:\/\/tomajazz.com\/web\/wp-content\/uploads\/2026\/09\/08-Mr-Schndr-CJBB-\u00a9Joan-Cortes-13jll26-P62-58FJBcn-300x200.jpg 300w, https:\/\/tomajazz.com\/web\/wp-content\/uploads\/2026\/09\/08-Mr-Schndr-CJBB-\u00a9Joan-Cortes-13jll26-P62-58FJBcn-465x310.jpg 465w\" sizes=\"auto, (max-width: 600px) 100vw, 600px\" \/> <img loading=\"lazy\" decoding=\"async\" class=\"aligncenter size-large wp-image-107051\" title=\"Maria Schneider &amp; Clasijazz Big Band con Antonio Lizana (58\u00e8 Festival Jazz Barcelona \/ Paral\u2022lel 62, 2026-07-13 \/ Barcelona) Por Joan Cort\u00e8s [INSTANTZZ AKA Galer\u00eda fotogr\u00e1fica AKA Fotoblog de jazz, impro\u2026 y algo m\u00e1s] Tomajazz 09 Mr Schndr CJBB \u00a9Joan Cort\u00e8s 13jll26 P62 58FJBcn\" src=\"https:\/\/tomajazz.com\/web\/wp-content\/uploads\/2026\/09\/09-Mr-Schndr-CJBB-\u00a9Joan-Cortes-13jll26-P62-58FJBcn.jpg\" alt=\"Maria Schneider &amp; Clasijazz Big Band con Antonio Lizana (58\u00e8 Festival Jazz Barcelona \/ Paral\u2022lel 62, 2026-07-13 \/ Barcelona) Por Joan Cort\u00e8s [INSTANTZZ AKA Galer\u00eda fotogr\u00e1fica AKA Fotoblog de jazz, impro\u2026 y algo m\u00e1s] - Tomajazz - Maria Schneider &amp; Clasijazz Big Band con Antonio Lizana actuaron en el 58\u00e8 Festival Jazz Barcelona 2026, en Paral\u2022lel 62, el 13 de julio de 2026. Joan Cort\u00e8s lo retrata en INSTANTZZ. Actuaron Maria Schneider, Antonio Lizana, Philippe Thuriot, Joan Mar Sauqu\u00e9, Bruno Calvo, Pep Garau, Voro Garc\u00eda, Juli\u00e1n S\u00e1nchez, Tomeu Garc\u00eda, Vicent P\u00e9rez, Pedro Pastor, Jos\u00e9 Diego Sarabia, Irene Reig, Enrique Oliver, Tete Leal, Pedro Cortejosa, Francisco Latino Blanco, Dahoud Salim, Pablo Mazuecos, Jaume Llombart, Bori Albero, Andreu Pitarch, Carlos Cort\u00e9s, Vincent Thomas\" width=\"600\" height=\"400\" srcset=\"https:\/\/tomajazz.com\/web\/wp-content\/uploads\/2026\/09\/09-Mr-Schndr-CJBB-\u00a9Joan-Cortes-13jll26-P62-58FJBcn.jpg 600w, https:\/\/tomajazz.com\/web\/wp-content\/uploads\/2026\/09\/09-Mr-Schndr-CJBB-\u00a9Joan-Cortes-13jll26-P62-58FJBcn-300x200.jpg 300w, https:\/\/tomajazz.com\/web\/wp-content\/uploads\/2026\/09\/09-Mr-Schndr-CJBB-\u00a9Joan-Cortes-13jll26-P62-58FJBcn-465x310.jpg 465w\" sizes=\"auto, (max-width: 600px) 100vw, 600px\" \/> <img loading=\"lazy\" decoding=\"async\" class=\"aligncenter size-large wp-image-107052\" title=\"Maria Schneider &amp; Clasijazz Big Band con Antonio Lizana (58\u00e8 Festival Jazz Barcelona \/ Paral\u2022lel 62, 2026-07-13 \/ Barcelona) Por Joan Cort\u00e8s [INSTANTZZ AKA Galer\u00eda fotogr\u00e1fica AKA Fotoblog de jazz, impro\u2026 y algo m\u00e1s] Tomajazz 10 Mr Schndr CJBB \u00a9Joan Cort\u00e8s 13jll26 P62 58FJBcn\" src=\"https:\/\/tomajazz.com\/web\/wp-content\/uploads\/2026\/09\/10-Mr-Schndr-CJBB-\u00a9Joan-Cortes-13jll26-P62-58FJBcn.jpg\" alt=\"Maria Schneider &amp; Clasijazz Big Band con Antonio Lizana (58\u00e8 Festival Jazz Barcelona \/ Paral\u2022lel 62, 2026-07-13 \/ Barcelona) Por Joan Cort\u00e8s [INSTANTZZ AKA Galer\u00eda fotogr\u00e1fica AKA Fotoblog de jazz, impro\u2026 y algo m\u00e1s] - Tomajazz - Maria Schneider &amp; Clasijazz Big Band con Antonio Lizana actuaron en el 58\u00e8 Festival Jazz Barcelona 2026, en Paral\u2022lel 62, el 13 de julio de 2026. Joan Cort\u00e8s lo retrata en INSTANTZZ. Actuaron Maria Schneider, Antonio Lizana, Philippe Thuriot, Joan Mar Sauqu\u00e9, Bruno Calvo, Pep Garau, Voro Garc\u00eda, Juli\u00e1n S\u00e1nchez, Tomeu Garc\u00eda, Vicent P\u00e9rez, Pedro Pastor, Jos\u00e9 Diego Sarabia, Irene Reig, Enrique Oliver, Tete Leal, Pedro Cortejosa, Francisco Latino Blanco, Dahoud Salim, Pablo Mazuecos, Jaume Llombart, Bori Albero, Andreu Pitarch, Carlos Cort\u00e9s, Vincent Thomas\" width=\"600\" height=\"400\" srcset=\"https:\/\/tomajazz.com\/web\/wp-content\/uploads\/2026\/09\/10-Mr-Schndr-CJBB-\u00a9Joan-Cortes-13jll26-P62-58FJBcn.jpg 600w, https:\/\/tomajazz.com\/web\/wp-content\/uploads\/2026\/09\/10-Mr-Schndr-CJBB-\u00a9Joan-Cortes-13jll26-P62-58FJBcn-300x200.jpg 300w, https:\/\/tomajazz.com\/web\/wp-content\/uploads\/2026\/09\/10-Mr-Schndr-CJBB-\u00a9Joan-Cortes-13jll26-P62-58FJBcn-465x310.jpg 465w\" sizes=\"auto, (max-width: 600px) 100vw, 600px\" \/> <img loading=\"lazy\" decoding=\"async\" class=\"aligncenter size-large wp-image-107053\" title=\"Maria Schneider &amp; Clasijazz Big Band con Antonio Lizana (58\u00e8 Festival Jazz Barcelona \/ Paral\u2022lel 62, 2026-07-13 \/ Barcelona) Por Joan Cort\u00e8s [INSTANTZZ AKA Galer\u00eda fotogr\u00e1fica AKA Fotoblog de jazz, impro\u2026 y algo m\u00e1s] Tomajazz 11 Mr Schndr CJBB \u00a9Joan Cort\u00e8s 13jll26 P62 58FJBcn\" src=\"https:\/\/tomajazz.com\/web\/wp-content\/uploads\/2026\/09\/11-Mr-Schndr-CJBB-\u00a9Joan-Cortes-13jll26-P62-58FJBcn.jpg\" alt=\"Maria Schneider &amp; Clasijazz Big Band con Antonio Lizana (58\u00e8 Festival Jazz Barcelona \/ Paral\u2022lel 62, 2026-07-13 \/ Barcelona) Por Joan Cort\u00e8s [INSTANTZZ AKA Galer\u00eda fotogr\u00e1fica AKA Fotoblog de jazz, impro\u2026 y algo m\u00e1s] - Tomajazz - Maria Schneider &amp; Clasijazz Big Band con Antonio Lizana actuaron en el 58\u00e8 Festival Jazz Barcelona 2026, en Paral\u2022lel 62, el 13 de julio de 2026. Joan Cort\u00e8s lo retrata en INSTANTZZ. Actuaron Maria Schneider, Antonio Lizana, Philippe Thuriot, Joan Mar Sauqu\u00e9, Bruno Calvo, Pep Garau, Voro Garc\u00eda, Juli\u00e1n S\u00e1nchez, Tomeu Garc\u00eda, Vicent P\u00e9rez, Pedro Pastor, Jos\u00e9 Diego Sarabia, Irene Reig, Enrique Oliver, Tete Leal, Pedro Cortejosa, Francisco Latino Blanco, Dahoud Salim, Pablo Mazuecos, Jaume Llombart, Bori Albero, Andreu Pitarch, Carlos Cort\u00e9s, Vincent Thomas\" width=\"600\" height=\"400\" srcset=\"https:\/\/tomajazz.com\/web\/wp-content\/uploads\/2026\/09\/11-Mr-Schndr-CJBB-\u00a9Joan-Cortes-13jll26-P62-58FJBcn.jpg 600w, https:\/\/tomajazz.com\/web\/wp-content\/uploads\/2026\/09\/11-Mr-Schndr-CJBB-\u00a9Joan-Cortes-13jll26-P62-58FJBcn-300x200.jpg 300w, https:\/\/tomajazz.com\/web\/wp-content\/uploads\/2026\/09\/11-Mr-Schndr-CJBB-\u00a9Joan-Cortes-13jll26-P62-58FJBcn-465x310.jpg 465w\" sizes=\"auto, (max-width: 600px) 100vw, 600px\" \/> <img loading=\"lazy\" decoding=\"async\" class=\"aligncenter size-large wp-image-107054\" title=\"Maria Schneider &amp; Clasijazz Big Band con Antonio Lizana (58\u00e8 Festival Jazz Barcelona \/ Paral\u2022lel 62, 2026-07-13 \/ Barcelona) Por Joan Cort\u00e8s [INSTANTZZ AKA Galer\u00eda fotogr\u00e1fica AKA Fotoblog de jazz, impro\u2026 y algo m\u00e1s] Tomajazz 12 Mr Schndr CJBB \u00a9Joan Cort\u00e8s 13jll26 P62 58FJBcn\" src=\"https:\/\/tomajazz.com\/web\/wp-content\/uploads\/2026\/09\/12-Mr-Schndr-CJBB-\u00a9Joan-Cortes-13jll26-P62-58FJBcn.jpg\" alt=\"Maria Schneider &amp; Clasijazz Big Band con Antonio Lizana (58\u00e8 Festival Jazz Barcelona \/ Paral\u2022lel 62, 2026-07-13 \/ Barcelona) Por Joan Cort\u00e8s [INSTANTZZ AKA Galer\u00eda fotogr\u00e1fica AKA Fotoblog de jazz, impro\u2026 y algo m\u00e1s] - Tomajazz - Maria Schneider &amp; Clasijazz Big Band con Antonio Lizana actuaron en el 58\u00e8 Festival Jazz Barcelona 2026, en Paral\u2022lel 62, el 13 de julio de 2026. Joan Cort\u00e8s lo retrata en INSTANTZZ. Actuaron Maria Schneider, Antonio Lizana, Philippe Thuriot, Joan Mar Sauqu\u00e9, Bruno Calvo, Pep Garau, Voro Garc\u00eda, Juli\u00e1n S\u00e1nchez, Tomeu Garc\u00eda, Vicent P\u00e9rez, Pedro Pastor, Jos\u00e9 Diego Sarabia, Irene Reig, Enrique Oliver, Tete Leal, Pedro Cortejosa, Francisco Latino Blanco, Dahoud Salim, Pablo Mazuecos, Jaume Llombart, Bori Albero, Andreu Pitarch, Carlos Cort\u00e9s, Vincent Thomas\" width=\"400\" height=\"600\" srcset=\"https:\/\/tomajazz.com\/web\/wp-content\/uploads\/2026\/09\/12-Mr-Schndr-CJBB-\u00a9Joan-Cortes-13jll26-P62-58FJBcn.jpg 400w, https:\/\/tomajazz.com\/web\/wp-content\/uploads\/2026\/09\/12-Mr-Schndr-CJBB-\u00a9Joan-Cortes-13jll26-P62-58FJBcn-200x300.jpg 200w, https:\/\/tomajazz.com\/web\/wp-content\/uploads\/2026\/09\/12-Mr-Schndr-CJBB-\u00a9Joan-Cortes-13jll26-P62-58FJBcn-367x550.jpg 367w, https:\/\/tomajazz.com\/web\/wp-content\/uploads\/2026\/09\/12-Mr-Schndr-CJBB-\u00a9Joan-Cortes-13jll26-P62-58FJBcn-333x500.jpg 333w\" sizes=\"auto, (max-width: 400px) 100vw, 400px\" \/> <img loading=\"lazy\" decoding=\"async\" class=\"aligncenter size-large wp-image-107055\" title=\"Maria Schneider &amp; Clasijazz Big Band con Antonio Lizana (58\u00e8 Festival Jazz Barcelona \/ Paral\u2022lel 62, 2026-07-13 \/ Barcelona) Por Joan Cort\u00e8s [INSTANTZZ AKA Galer\u00eda fotogr\u00e1fica AKA Fotoblog de jazz, impro\u2026 y algo m\u00e1s] Tomajazz 13 Mr Schndr CJBB \u00a9Joan Cort\u00e8s P62 58FJBcn\" src=\"https:\/\/tomajazz.com\/web\/wp-content\/uploads\/2026\/09\/13-Mr-Schndr-CJBB-\u00a9Joan-Cortes-P62-58FJBcn.jpg\" alt=\"Maria Schneider &amp; Clasijazz Big Band con Antonio Lizana (58\u00e8 Festival Jazz Barcelona \/ Paral\u2022lel 62, 2026-07-13 \/ Barcelona) Por Joan Cort\u00e8s [INSTANTZZ AKA Galer\u00eda fotogr\u00e1fica AKA Fotoblog de jazz, impro\u2026 y algo m\u00e1s] - Tomajazz - Maria Schneider &amp; Clasijazz Big Band con Antonio Lizana actuaron en el 58\u00e8 Festival Jazz Barcelona 2026, en Paral\u2022lel 62, el 13 de julio de 2026. Joan Cort\u00e8s lo retrata en INSTANTZZ. Actuaron Maria Schneider, Antonio Lizana, Philippe Thuriot, Joan Mar Sauqu\u00e9, Bruno Calvo, Pep Garau, Voro Garc\u00eda, Juli\u00e1n S\u00e1nchez, Tomeu Garc\u00eda, Vicent P\u00e9rez, Pedro Pastor, Jos\u00e9 Diego Sarabia, Irene Reig, Enrique Oliver, Tete Leal, Pedro Cortejosa, Francisco Latino Blanco, Dahoud Salim, Pablo Mazuecos, Jaume Llombart, Bori Albero, Andreu Pitarch, Carlos Cort\u00e9s, Vincent Thomas\" width=\"600\" height=\"400\" srcset=\"https:\/\/tomajazz.com\/web\/wp-content\/uploads\/2026\/09\/13-Mr-Schndr-CJBB-\u00a9Joan-Cortes-P62-58FJBcn.jpg 600w, https:\/\/tomajazz.com\/web\/wp-content\/uploads\/2026\/09\/13-Mr-Schndr-CJBB-\u00a9Joan-Cortes-P62-58FJBcn-300x200.jpg 300w, https:\/\/tomajazz.com\/web\/wp-content\/uploads\/2026\/09\/13-Mr-Schndr-CJBB-\u00a9Joan-Cortes-P62-58FJBcn-465x310.jpg 465w\" sizes=\"auto, (max-width: 600px) 100vw, 600px\" \/><\/p>\n<p style=\"text-align: right;\">Tomajazz: \u00a9 <a href=\"https:\/\/www.facebook.com\/joan.cortesbenages\" target=\"_blank\" rel=\"noopener\"><strong>Joan Cort\u00e8s<\/strong><\/a>, 2026<\/p>\n<h3>M\u00e1s informaci\u00f3n de Clasijazz Big Band, Maria Schneider y 58 Festival de Jazz de Barcelona 2026<\/h3>\n<p><a href=\"https:\/\/clasijazz.com\/clasijazz-big-band-profesional\/\" target=\"_blank\" rel=\"noopener\">https:\/\/clasijazz.com\/clasijazz-big-band-profesional\/<\/a><\/p>\n<p><a href=\"https:\/\/www.mariaschneider.com\/\" target=\"_blank\" rel=\"noopener\">https:\/\/www.mariaschneider.com\/<\/a><\/p>\n<p><a href=\"https:\/\/tomajazz.com\/web\/?s=clasijazz+big+band&amp;submit=Search\" target=\"_blank\" rel=\"noopener\">https:\/\/tomajazz.com\/web\/?s=clasijazz+big+band&amp;submit=Search<\/a><\/p>\n<p><a href=\"https:\/\/tomajazz.com\/web\/?s=maria+schneider&amp;submit=Search\" target=\"_blank\" rel=\"noopener\">https:\/\/tomajazz.com\/web\/?s=maria+schneider&amp;submit=Search<\/a><\/p>\n<p><a href=\"https:\/\/www.jazz.barcelona\/es\/festival\" target=\"_blank\" rel=\"noopener\">https:\/\/www.jazz.barcelona\/es\/festival<\/a><\/p>\n<p><a href=\"https:\/\/tomajazz.com\/web\/?s=festival+jazz+barcelona&amp;submit=Search\" target=\"_blank\" rel=\"noopener\">https:\/\/tomajazz.com\/web\/?s=festival+jazz+barcelona&amp;submit=Search<\/a><\/p>\n<h3>Joan Cort\u00e8s en Tomajazz<\/h3>\n<p><a href=\"https:\/\/tomajazz.com\/web\/category\/joan-cortes\/\" target=\"_blank\" rel=\"noopener\">https:\/\/tomajazz.com\/web\/category\/joan-cortes\/<\/a><\/p>\n","protected":false},"excerpt":{"rendered":"<p>Maria Schneider &#038; Clasijazz Big Band con Antonio Lizana actuaron en el 58\u00e8 Festival Jazz Barcelona 2026, en Paral\u2022lel 62, el 13 de julio de 2026. Joan Cort\u00e8s lo retrata en INSTANTZZ. Actuaron Maria Schneider, Antonio Lizana, Philippe Thuriot, Joan Mar Sauqu\u00e9, Bruno Calvo, Pep Garau, Voro Garc\u00eda, Juli\u00e1n S\u00e1nchez, Tomeu Garc\u00eda, Vicent P\u00e9rez, Pedro Pastor, Jos\u00e9 Diego Sarabia, Irene Reig, Enrique Oliver, Tete Leal, Pedro Cortejosa, Francisco Latino Blanco, Dahoud Salim, Pablo Mazuecos, Jaume Llombart, Bori Albero, Andreu Pitarch, Carlos Cort\u00e9s, Vincent Thomas<span class=\"more-link\"><a href=\"https:\/\/tomajazz.com\/web\/maria-schneider-clasijazz-big-band-barcelona-2026\/\">Contin\u00faa leyendo<\/a><\/span><\/p>\n","protected":false},"author":1,"featured_media":107056,"comment_status":"open","ping_status":"closed","sticky":false,"template":"","format":"standard","meta":{"_jetpack_newsletter_access":"","_jetpack_dont_email_post_to_subs":false,"_jetpack_newsletter_tier_id":0,"_jetpack_memberships_contains_paywalled_content":false,"_jetpack_feature_clip_id":0,"_jetpack_memberships_contains_paid_content":false,"footnotes":"","jetpack_post_was_ever_published":false},"categories":[33491,17853,11262,15516,11261,1038],"tags":[17355,9973,12021,14077,10030,31909,31908,121,14948,21711,4981,1041,17251,29847,4818,8106,33492,29854,9182,29848,11545,31906,12136,21423,13874,9978,120],"class_list":["entry","author-pachi","has-excerpt","post-107042","post","type-post","status-publish","format-standard","has-post-thumbnail","category-58-festival-de-jazz-de-barcelona-2026","category-joan-cortes","category-photoblogs","category-imagenes","category-instantzz","category-contenidos","tag-andreu-pitarch","tag-antonio-lizana","tag-bori-albero","tag-bruno-calvo","tag-carlos-cortes","tag-clasijazz-big-band","tag-dahoud-salim","tag-enrique-oliver","tag-francisco-latino-blanco","tag-irene-reig","tag-jaume-llombart","tag-joan-cortes","tag-joan-mar-sauque","tag-jose-diego-sarabia","tag-julian-sanchez","tag-maria-schneider","tag-maria-schneider-clasijazz-big-band-con-antonio-lizana","tag-pablo-mazuecos","tag-pedro-cortejosa","tag-pedro-pastor","tag-pep-garau","tag-philippe-thuriot","tag-tete-leal","tag-tomeu-garcia","tag-vicent-perez","tag-vincent-thomas","tag-voro-garcia"],"jetpack_likes_enabled":true,"jetpack_sharing_enabled":true,"jetpack-related-posts":[{"id":93605,"url":"https:\/\/tomajazz.com\/web\/maria-schneider-clasijazz-big-band-barna-2024\/","url_meta":{"origin":107042,"position":0},"title":"Maria Schneider &#038; Clasijazz Big Band (56\u00e8 Festival Jazz Barcelona \/ Paral\u2022lel 62, 2024-11-06 \/ Barcelona) [II] Por Joan Cort\u00e8s [INSTANTZZ AKA Galer\u00eda fotogr\u00e1fica AKA Fotoblog de jazz, impro\u2026 y algo m\u00e1s]","author":"Tomajazz","date":"9 enero, 2025","format":false,"excerpt":"Maria Schneider & Clasijazz Big Band actuaron en el 56\u00e8 Festival Jazz Barcelona el 6 de noviembre de 2024. Joan Cort\u00e8s los retrata en INSTANTZZ. Maria Schneider & Clasijazz Big Band son Maria Schneider, Philippe Thuriot, Joan Mar Sauqu\u00e9, Bruno Calvo, Pep Garau, Jos\u00e9 Carlos \"Pepelu\" Rodr\u00edguez, Rita Pay\u00e9s, Tomeu\u2026","rel":"","context":"En \u00ab56\u00e8 Festival Jazz Barcelona 2024\u00bb","block_context":{"text":"56\u00e8 Festival Jazz Barcelona 2024","link":"https:\/\/tomajazz.com\/web\/category\/contenidos\/especial-contenidos\/56e-festival-jazz-barcelona-2024\/"},"img":{"alt_text":"Maria Schneider & Clasijazz Big Band (56\u00e8 Festival Jazz Barcelona \/ Paral\u2022lel 62, 2024-11-06 \/ Barcelona) [II] Por Joan Cort\u00e8s [INSTANTZZ AKA Galer\u00eda fotogr\u00e1fica AKA Fotoblog de jazz, impro\u2026 y algo m\u00e1s] - Tomajazz - Maria Schneider & Clasijazz Big Band (56\u00e8 Festival Jazz Barcelona \/ Paral\u2022lel 62, 2024-11-06 \/ Barcelona) [II] Por Joan Cort\u00e8s [INSTANTZZ AKA Galer\u00eda fotogr\u00e1fica AKA Fotoblog de jazz, impro\u2026 y algo m\u00e1s]","src":"https:\/\/i0.wp.com\/tomajazz.com\/web\/wp-content\/uploads\/2025\/01\/Destacada-06-Mr-Schndr-Clsjzz-BB-Photo-By-Joan-Cortes-06nvm24-P62-56FJBcn.jpg?resize=350%2C200&ssl=1","width":350,"height":200,"srcset":"https:\/\/i0.wp.com\/tomajazz.com\/web\/wp-content\/uploads\/2025\/01\/Destacada-06-Mr-Schndr-Clsjzz-BB-Photo-By-Joan-Cortes-06nvm24-P62-56FJBcn.jpg?resize=350%2C200&ssl=1 1x, https:\/\/i0.wp.com\/tomajazz.com\/web\/wp-content\/uploads\/2025\/01\/Destacada-06-Mr-Schndr-Clsjzz-BB-Photo-By-Joan-Cortes-06nvm24-P62-56FJBcn.jpg?resize=525%2C300&ssl=1 1.5x"},"classes":[]},{"id":104359,"url":"https:\/\/tomajazz.com\/web\/natsuko-sugao-ns-big-jamboree-2026\/","url_meta":{"origin":107042,"position":1},"title":"Natsuko Sugao NS Big Band \u201cImpermanencia de los asuntos\u201d (Jamboree-3, 2026-01-24 \/ Barcelona) Por Joan Cort\u00e8s [INSTANTZZ AKA Galer\u00eda fotogr\u00e1fica AKA Fotoblog de jazz, impro\u2026 y algo m\u00e1s]","author":"Tomajazz","date":"11 marzo, 2026","format":false,"excerpt":"Natsuko Sugao NS Big Band \u201cImpermanencia de los asuntos\u201d actu\u00f3 en Jamboree de Barcelona el 24 de enero de 2026. Joan Cort\u00e8s lo retrata en INSTANTZZ. Con Natsuko Sugao, Dani P\u00e9rez, Ester Quevedo, Gorka Ben\u00edtez, Jordi Santanach, Marcel\u2022l\u00ed Bayer, Marta Duran, Andreu Dom\u00e8nech, Maria Ant\u00f2nia Gili, \u00d2scar Latorre, Pol Padr\u00f3s,\u2026","rel":"","context":"En \u00ab*_Joan Cort\u00e8s\u00bb","block_context":{"text":"*_Joan Cort\u00e8s","link":"https:\/\/tomajazz.com\/web\/category\/joan-cortes\/"},"img":{"alt_text":"Natsuko Sugao NS Big Band \u201cImpermanencia de los asuntos\u201d (Jamboree-3, 2026-01-24 \/ Barcelona) Por Joan Cort\u00e8s [INSTANTZZ AKA Galer\u00eda fotogr\u00e1fica AKA Fotoblog de jazz, impro\u2026 y algo m\u00e1s] - Tomajazz - Natsuko Sugao NS Big Band \u201cImpermanencia de los asuntos\u201d actu\u00f3 en Jamboree de Barcelona el 24 de enero de 2026. Joan Cort\u00e8s lo retrata en INSTANTZZ. Con Natsuko Sugao, Dani P\u00e9rez, Ester Quevedo, Gorka Ben\u00edtez, Jordi Santanach, Marcel\u2022l\u00ed Bayer, Marta Duran, Andreu Dom\u00e8nech, Maria Ant\u00f2nia Gili, \u00d2scar Latorre, Pol Padr\u00f3s, Paco Fern\u00e1ndez, V\u00edctor Colomer,  Daniel Noguero, Aram Montagud,  Dar\u00edo Garc\u00eda,  Masa Kamaguchi, Andreu Pitarch","src":"https:\/\/i0.wp.com\/tomajazz.com\/web\/wp-content\/uploads\/2026\/03\/destacada-09-Ntsk-Sg-NS-BB-Photo-by-Joan-Cortes-24gnr26-Jmbr-3-Bcn.jpg?resize=350%2C200&ssl=1","width":350,"height":200,"srcset":"https:\/\/i0.wp.com\/tomajazz.com\/web\/wp-content\/uploads\/2026\/03\/destacada-09-Ntsk-Sg-NS-BB-Photo-by-Joan-Cortes-24gnr26-Jmbr-3-Bcn.jpg?resize=350%2C200&ssl=1 1x, https:\/\/i0.wp.com\/tomajazz.com\/web\/wp-content\/uploads\/2026\/03\/destacada-09-Ntsk-Sg-NS-BB-Photo-by-Joan-Cortes-24gnr26-Jmbr-3-Bcn.jpg?resize=525%2C300&ssl=1 1.5x"},"classes":[]},{"id":104066,"url":"https:\/\/tomajazz.com\/web\/omar-sosa-liceu-big-band-essensual-57e-festival-de-jazz-de-barcelona-conservatori-del-liceu-2025-12-02-12-por-joan-cortes-instantzz-aka-galeria-fotografica-aka-fotoblog-d\/","url_meta":{"origin":107042,"position":2},"title":"Omar Sosa &#038; Liceu Big Band \u201ces:sensual\u201d (57\u00e8 Festival de Jazz de Barcelona \/ Conservatori del Liceu, 2025-12-02 ) [12] Por Joan Cort\u00e8s [INSTANTZZ AKA Galer\u00eda fotogr\u00e1fica AKA Fotoblog de jazz, impro\u2026 y algo m\u00e1s]","author":"Tomajazz","date":"17 febrero, 2026","format":false,"excerpt":"Omar Sosa & Liceu Big Band \u201ces:sensual\u201d actu\u00f3 en el 57\u00e8 Festival de Jazz de Barcelona, el 2 de diciembre de 2025. Joan Cort\u00e8s lo retrata en INSTANTZZ","rel":"","context":"En \u00ab57 Festival de Jazz de Barcelona 2025\u00bb","block_context":{"text":"57 Festival de Jazz de Barcelona 2025","link":"https:\/\/tomajazz.com\/web\/category\/contenidos\/especial-contenidos\/57-festival-de-jazz-de-barcelona-2025\/"},"img":{"alt_text":"Omar Sosa & Liceu Big Band \u201ces:sensual\u201d (57\u00e8 Festival de Jazz de Barcelona \/ Conservatori del Liceu, 2025-12-02 ) [12] Por Joan Cort\u00e8s [INSTANTZZ AKA Galer\u00eda fotogr\u00e1fica AKA Fotoblog de jazz, impro\u2026 y algo m\u00e1s] - Tomajazz - Omar Sosa & Liceu Big Band \u201ces:sensual\u201d actu\u00f3 en el 57\u00e8 Festival de Jazz de Barcelona, el 2 de diciembre de 2025. Joan Cort\u00e8s lo retrata en INSTANTZZ","src":"https:\/\/i0.wp.com\/tomajazz.com\/web\/wp-content\/uploads\/2026\/02\/destacada-11-mr-Ss-LBB-Photo-By-Joan-Cortes-02dsm25-CdL-57FJBcn-bn.jpg?resize=350%2C200&ssl=1","width":350,"height":200,"srcset":"https:\/\/i0.wp.com\/tomajazz.com\/web\/wp-content\/uploads\/2026\/02\/destacada-11-mr-Ss-LBB-Photo-By-Joan-Cortes-02dsm25-CdL-57FJBcn-bn.jpg?resize=350%2C200&ssl=1 1x, https:\/\/i0.wp.com\/tomajazz.com\/web\/wp-content\/uploads\/2026\/02\/destacada-11-mr-Ss-LBB-Photo-By-Joan-Cortes-02dsm25-CdL-57FJBcn-bn.jpg?resize=525%2C300&ssl=1 1.5x"},"classes":[]},{"id":106968,"url":"https:\/\/tomajazz.com\/web\/cantes-malditos-mendez-higuero-desvario-flamenco-2026\/","url_meta":{"origin":107042,"position":3},"title":"Cantes Malditos \/ Jes\u00fas M\u00e9ndez &#038; Antonio Higuero (Desvar\u00edo Flamenco\/ Pla\u00e7a Major Nou Barris, 2026-07-17 \/ Barcelona) [2] Por Joan Cort\u00e8s [Flamencuras AKA INSTANTZZ AKA Galer\u00eda fotogr\u00e1fica AKA Fotoblog de jazz, impro\u2026 y algo m\u00e1s]","author":"Tomajazz","date":"3 septiembre, 2026","format":false,"excerpt":"Cantes Malditos \/ Jes\u00fas M\u00e9ndez & Antonio Higuero actuaron en Desvar\u00edo Flamenco en la Pla\u00e7a Major Nou Barris de Barcelona, el 17 de julio de 2026. Joan Cort\u00e8s lo retrata en las Flamencuras de INSTANTZZ","rel":"","context":"En \u00abDesvar\u00edo Flamenco Nou Barris 2026\u00bb","block_context":{"text":"Desvar\u00edo Flamenco Nou Barris 2026","link":"https:\/\/tomajazz.com\/web\/category\/contenidos\/especial-contenidos\/desvario-flamenco-nou-barris-2026\/"},"img":{"alt_text":"Cantes Malditos \/ Jes\u00fas M\u00e9ndez & Antonio Higuero (Desvar\u00edo Flamenco\/ Pla\u00e7a Major Nou Barris, 2026-07-17 \/ Barcelona) [2] Por Joan Cort\u00e8s [Flamencuras AKA INSTANTZZ AKA Galer\u00eda fotogr\u00e1fica AKA Fotoblog de jazz, impro\u2026 y algo m\u00e1s] - Tomajazz - Cantes Malditos \/ Jes\u00fas M\u00e9ndez & Antonio Higuero actuaron en Desvar\u00edo Flamenco en la Pla\u00e7a Major Nou Barris de Barcelona, el 17 de julio de 2026. Joan Cort\u00e8s lo retrata en las Flamencuras de INSTANTZZ","src":"https:\/\/i0.wp.com\/tomajazz.com\/web\/wp-content\/uploads\/2026\/09\/destacado-14-Mndz-Hgr-Photo-by-Joan-Cortes-17jll26-Dsvr-Flmnc-PMdNB-Bcn.jpg?resize=350%2C200&ssl=1","width":350,"height":200,"srcset":"https:\/\/i0.wp.com\/tomajazz.com\/web\/wp-content\/uploads\/2026\/09\/destacado-14-Mndz-Hgr-Photo-by-Joan-Cortes-17jll26-Dsvr-Flmnc-PMdNB-Bcn.jpg?resize=350%2C200&ssl=1 1x, https:\/\/i0.wp.com\/tomajazz.com\/web\/wp-content\/uploads\/2026\/09\/destacado-14-Mndz-Hgr-Photo-by-Joan-Cortes-17jll26-Dsvr-Flmnc-PMdNB-Bcn.jpg?resize=525%2C300&ssl=1 1.5x"},"classes":[]},{"id":106260,"url":"https:\/\/tomajazz.com\/web\/proyecto-lorca-el-dorado-sfb-2026\/","url_meta":{"origin":107042,"position":4},"title":"Proyecto Lorca (El Dorado sfb \/ Auditori CCPS, 2026-05-28 \/ Barcelona) Por Joan Cort\u00e8s [Flamencuras AKA INSTANTZZ AKA Galer\u00eda fotogr\u00e1fica AKA Fotoblog de jazz, impro\u2026 y algo m\u00e1s]","author":"Tomajazz","date":"6 agosto, 2026","format":false,"excerpt":"Proyecto Lorca actu\u00f3 en El Dorado sfb de Barcelona el 28 de mayo de 2026. Joan Cort\u00e8s lo retrata en las [Flamencuras de INSTANTZZ. Proyecto Lorca son Juan Jim\u00e9nez, Antonio Moreno","rel":"","context":"En \u00abFlamencuras\u00bb","block_context":{"text":"Flamencuras","link":"https:\/\/tomajazz.com\/web\/category\/contenidos\/imagenes\/photoblogs\/flamencuras\/"},"img":{"alt_text":"Proyecto Lorca (El Dorado sfb \/ Auditori CCPS, 2026-05-28 \/ Barcelona) Por Joan Cort\u00e8s [Flamencuras AKA INSTANTZZ AKA Galer\u00eda fotogr\u00e1fica AKA Fotoblog de jazz, impro\u2026 y algo m\u00e1s] - Tomajazz - Proyecto Lorca actu\u00f3 en El Dorado sfb de Barcelona el 28 de mayo de 2026. Joan Cort\u00e8s lo retrata en las [Flamencuras de INSTANTZZ. Proyecto Lorca son Juan Jim\u00e9nez, Antonio Moreno","src":"https:\/\/i0.wp.com\/tomajazz.com\/web\/wp-content\/uploads\/2026\/08\/destacado-07-Pryct-Lrc-Photo-by-Joan-Cortes-28maig26-l-Drd-sfb-CCPS-Bcn.jpg?resize=350%2C200&ssl=1","width":350,"height":200,"srcset":"https:\/\/i0.wp.com\/tomajazz.com\/web\/wp-content\/uploads\/2026\/08\/destacado-07-Pryct-Lrc-Photo-by-Joan-Cortes-28maig26-l-Drd-sfb-CCPS-Bcn.jpg?resize=350%2C200&ssl=1 1x, https:\/\/i0.wp.com\/tomajazz.com\/web\/wp-content\/uploads\/2026\/08\/destacado-07-Pryct-Lrc-Photo-by-Joan-Cortes-28maig26-l-Drd-sfb-CCPS-Bcn.jpg?resize=525%2C300&ssl=1 1.5x"},"classes":[]},{"id":104297,"url":"https:\/\/tomajazz.com\/web\/josep-maria-balanya-barcelona-2026\/","url_meta":{"origin":107042,"position":5},"title":"Josep-Maria Balany\u00e0 \u201cUndress &#038; Fly\u201d (Cl\u00e0sssica a la Reial Acad\u00e8mia \/ RACBASJ, 2026-01-20 \/ Barcelona) Por Joan Cort\u00e8s [INSTANTZZ AKA Galer\u00eda fotogr\u00e1fica AKA Fotoblog de jazz, impro\u2026 y algo m\u00e1s]","author":"Tomajazz","date":"5 marzo, 2026","format":false,"excerpt":"Josep-Maria Balany\u00e0 \u201cUndress & Fly\u201d actu\u00f3 en Cl\u00e0sssica a la Reial Acad\u00e8mia en RACBASJ de Barcelona, el 20 de enero de 2026. Joan Cort\u00e8s lo retrata en INSTANTZZ","rel":"","context":"En \u00abINSTANTZZ\u00bb","block_context":{"text":"INSTANTZZ","link":"https:\/\/tomajazz.com\/web\/category\/contenidos\/imagenes\/photoblogs\/instantzz\/"},"img":{"alt_text":"Josep-Maria Balany\u00e0 \u201cUndress & Fly\u201d (Cl\u00e0sssica a la Reial Acad\u00e8mia \/ RACBASJ, 2026-01-20 \/ Barcelona) Por Joan Cort\u00e8s [INSTANTZZ AKA Galer\u00eda fotogr\u00e1fica AKA Fotoblog de jazz, impro\u2026 y algo m\u00e1s] - Tomajazz - Josep-Maria Balany\u00e0 \u201cUndress & Fly\u201d actu\u00f3 en Cl\u00e0sssica a la Reial Acad\u00e8mia en RACBASJ de Barcelona, el 20 de enero de 2026. Joan Cort\u00e8s lo retrata en INSTANTZZ","src":"https:\/\/i0.wp.com\/tomajazz.com\/web\/wp-content\/uploads\/2026\/03\/destacada-10-Jsp-Mr-Blny-Photo-by-Joan-Cortes-20gnr26-RcCBrSJ-Bcn.jpg?resize=350%2C200&ssl=1","width":350,"height":200,"srcset":"https:\/\/i0.wp.com\/tomajazz.com\/web\/wp-content\/uploads\/2026\/03\/destacada-10-Jsp-Mr-Blny-Photo-by-Joan-Cortes-20gnr26-RcCBrSJ-Bcn.jpg?resize=350%2C200&ssl=1 1x, https:\/\/i0.wp.com\/tomajazz.com\/web\/wp-content\/uploads\/2026\/03\/destacada-10-Jsp-Mr-Blny-Photo-by-Joan-Cortes-20gnr26-RcCBrSJ-Bcn.jpg?resize=525%2C300&ssl=1 1.5x"},"classes":[]}],"jetpack_featured_media_url":"https:\/\/tomajazz.com\/web\/wp-content\/uploads\/2026\/09\/destacada-10-Mr-Schndr-CJBB-Photo-by-Joan-Cortes-13jll26-P62-58FJBcn.jpg","_links":{"self":[{"href":"https:\/\/tomajazz.com\/web\/wp-json\/wp\/v2\/posts\/107042","targetHints":{"allow":["GET"]}}],"collection":[{"href":"https:\/\/tomajazz.com\/web\/wp-json\/wp\/v2\/posts"}],"about":[{"href":"https:\/\/tomajazz.com\/web\/wp-json\/wp\/v2\/types\/post"}],"author":[{"embeddable":true,"href":"https:\/\/tomajazz.com\/web\/wp-json\/wp\/v2\/users\/1"}],"replies":[{"embeddable":true,"href":"https:\/\/tomajazz.com\/web\/wp-json\/wp\/v2\/comments?post=107042"}],"version-history":[{"count":1,"href":"https:\/\/tomajazz.com\/web\/wp-json\/wp\/v2\/posts\/107042\/revisions"}],"predecessor-version":[{"id":107057,"href":"https:\/\/tomajazz.com\/web\/wp-json\/wp\/v2\/posts\/107042\/revisions\/107057"}],"wp:featuredmedia":[{"embeddable":true,"href":"https:\/\/tomajazz.com\/web\/wp-json\/wp\/v2\/media\/107056"}],"wp:attachment":[{"href":"https:\/\/tomajazz.com\/web\/wp-json\/wp\/v2\/media?parent=107042"}],"wp:term":[{"taxonomy":"category","embeddable":true,"href":"https:\/\/tomajazz.com\/web\/wp-json\/wp\/v2\/categories?post=107042"},{"taxonomy":"post_tag","embeddable":true,"href":"https:\/\/tomajazz.com\/web\/wp-json\/wp\/v2\/tags?post=107042"}],"curies":[{"name":"wp","href":"https:\/\/api.w.org\/{rel}","templated":true}]}}