{"id":1208,"date":"2011-03-16T09:00:21","date_gmt":"2011-03-16T07:00:21","guid":{"rendered":"http:\/\/torec.tomajazz.com\/?p=1208"},"modified":"2018-09-07T08:13:33","modified_gmt":"2018-09-07T06:13:33","slug":"tomajazz-recomienda-especial-25-discos-de-jazz-una-guia-esencial","status":"publish","type":"post","link":"https:\/\/tomajazz.com\/web\/tomajazz-recomienda-especial-25-discos-de-jazz-una-guia-esencial\/","title":{"rendered":"Tomajazz recomienda&#8230; Especial 25 Discos de Jazz: una gu\u00eda esencial"},"content":{"rendered":"<p><img loading=\"lazy\" decoding=\"async\" class=\"alignleft\" src=\"http:\/\/i2.wp.com\/www.tomajazz.com\/mej_discos\/mej_discos\/portfund\/46_ZornMasada_Sanhedrin.jpg?resize=190%2C190\" width=\"190\" height=\"190\" alt=\"\" title=\"\"><\/p>\n<p style=\"text-align: justify;\">Cuatro especialistas y grandes aficionados desarrollan el especial \u00ab25 Discos de Jazz: una gu\u00eda esencial\u00bb. El resultado es una gu\u00eda fant\u00e1stica para aproximarse a la respuesta de la pregunta (hist\u00f3rica): \u00ab\u00bfQu\u00e9 es el Jazz?\u00bb.<\/p>\n<p style=\"text-align: justify;\">Agust\u00edn P\u00e9rez, Ignacio Fuentes y Jorge L\u00f3pez de Guere\u00f1u, coordinados por Fernando Ortiz de Urbina han desarrollado el especial <em>25 Discos de Jazz: una gu\u00eda esencial<\/em>. El resultado es una gu\u00eda fant\u00e1stica para aproximarse a la respuesta de la pregunta (hist\u00f3rica): \u00ab\u00bfQu\u00e9 es el Jazz?\u00bb.<\/p>\n<p>El especial est\u00e1 estructurado de la siguiente manera:<br \/>\nPresentaci\u00f3n: <a href=\"http:\/\/www.tomajazz.com\/web\/?p=626\" target=\"_blank\" rel=\"noopener\">http:\/\/www.tomajazz.com\/web\/?p=626<\/a> por Fer Urbina (Fernando Ortiz de Urbina), quien actu\u00f3 como coordinador de este proyecto.<br \/>\nSe desarrolla cronol\u00f3gicamente estructurado en estas cuatro partes:<br \/>\n1917-1942: <a href=\"http:\/\/www.tomajazz.com\/web\/?p=629\" target=\"_blank\" rel=\"noopener\">http:\/\/www.tomajazz.com\/web\/?p=629<\/a> por Eke BBB (Agust\u00edn P\u00e9rez)<br \/>\n1953-1969: <a href=\"http:\/\/www.tomajazz.com\/web\/?p=23973\" target=\"_blank\" rel=\"noopener\">http:\/\/www.tomajazz.com\/web\/?p=23973<\/a> por Fer Urbina<br \/>\n1960-1979: <a href=\"http:\/\/www.tomajazz.com\/web\/?p=23981\" target=\"_blank\" rel=\"noopener\">http:\/\/www.tomajazz.com\/web\/?p=23981<\/a> por Natxo (Ignacio Fuentes)<br \/>\n1980-2000: <a href=\"http:\/\/www.tomajazz.com\/web\/?p=23984\" target=\"_blank\" rel=\"noopener\">http:\/\/www.tomajazz.com\/web\/?p=23984<\/a> por Jorge LG (Jorge L\u00f3pez de Guere\u00f1u)<\/p>\n<p>Mucho m\u00e1s sobre jazz en <a href=\"http:\/\/www.tomajazz.com\/noved.htm\" target=\"_blank\" rel=\"noopener\">Tomajazz<\/a><\/p>\n","protected":false},"excerpt":{"rendered":"<p>Cuatro especialistas y grandes aficionados desarrollan el especial \u00ab25 Discos de Jazz: una gu\u00eda esencial\u00bb. El resultado es una gu\u00eda fant\u00e1stica para aproximarse a la respuesta de la pregunta (hist\u00f3rica): \u00ab\u00bfQu\u00e9 es el Jazz?\u00bb. Agust\u00edn P\u00e9rez, Ignacio Fuentes y Jorge L\u00f3pez de Guere\u00f1u, coordinados por Fernando Ortiz de Urbina han<span class=\"more-link\"><a href=\"https:\/\/tomajazz.com\/web\/tomajazz-recomienda-especial-25-discos-de-jazz-una-guia-esencial\/\">Contin\u00faa leyendo<\/a><\/span><\/p>\n","protected":false},"author":1001004,"featured_media":38579,"comment_status":"open","ping_status":"closed","sticky":false,"template":"","format":"standard","meta":{"jetpack_post_was_ever_published":false,"_jetpack_newsletter_access":"","_jetpack_dont_email_post_to_subs":true,"_jetpack_newsletter_tier_id":0,"_jetpack_memberships_contains_paywalled_content":false,"_jetpack_memberships_contains_paid_content":false,"footnotes":""},"categories":[17860,17885,17863,17872,17886,1279,1280,15788,5,9531,15517,1038,1273],"tags":[15791,15789,15792,15794,947,5322,8420,63,1416,1419,11288,8530,7496,427,1470,4784,10982,1522,12651,15698,1199,1556,8656,7079,15914,1790,15910,1450,12676,7148,9543,211,15917,15918,1639,1207,6637,8523,15790,465,10442,7827,2032,8967,12696,15915,15916,13218,501,253,15793,8633,13,15699,15375,12415,15295,15919,10447,1870,6476,508,6709,982,10394,15909,15710,5659,8426,12303,1414,11765,1978,2004,5758,17887,15307,15308,15309,10701,1200,5019,15306,8986,10392,2225,4785,6333,5365,2254,15913,2015,15912,5583,16099,77,16100,4892,15911,9463,2368,2372],"class_list":["entry","author-adolphus-van-tenzing","post-1208","post","type-post","status-publish","format-standard","has-post-thumbnail","category-adolphus-van-tenzing","category-agustin-perez-gasco","category-fernando-ortiz-de-urbina","category-jorge-lopez-de-guerenu","category-nacho-fuentes","category-especial","category-especial-tomajazz-recomienda","category-especial-25-discos-de-jazz-una-guia-esencial","category-grabaciones","category-especial-contenidos","category-textos","category-contenidos","category-tomajazz-recomienda","tag-1917-1942-de-la-primera-grabacion-al-boom-del-swing","tag-1943-1959-entre-el-bop-y-el-free-la-edad-de-oro","tag-1960-1979-de-las-convulsiones-de-una-nueva-vanguardia-al-letargo","tag-1980-2000-recapitulacion-y-fusiones-de-cara-a-un-nuevo-siglo","tag-agustin-perez-gasco","tag-albert-ayler","tag-andrew-hill","tag-anthony-braxton","tag-art-blakey","tag-art-tatum","tag-be-bop","tag-benny-goodman","tag-bessie-smith","tag-bill-evans","tag-bill-frisell","tag-billie-holiday","tag-bix-beiberdecke","tag-bud-powell","tag-cd","tag-cd-de-jazz","tag-cecil-taylor","tag-charles-mingus","tag-charlie-christian","tag-charlie-parker","tag-clasicos-del-jazz","tag-hawkins-coleman","tag-cook-jazz","tag-basie-count","tag-critica","tag-dave-holland","tag-dave-holland-quintet","tag-david-murray","tag-discoteca-basica-del-jazz","tag-discoteca-imprescindible-jazz","tag-dizzy-gillespie","tag-django-reinhardt","tag-duke-ellington","tag-eric-dolphy","tag-especial-25-discos-de-jazz-una-guia-esencial","tag-fernando-ortiz-de-urbina","tag-fletcher-henderson","tag-george-russell","tag-mulligan-gerry","tag-gil-evans","tag-grabaciones","tag-grabaciones-clasicas-del-jazz","tag-grabaciones-imprescindibles-del-jazz","tag-hard-bop","tag-henry-threadgill","tag-herbie-hancock","tag-ignacio-fuentes","tag-j-j-johnson","tag-jazz","tag-jazz-cd","tag-jazz-clasico","tag-jazz-en-espana","tag-jazz-en-espanol","tag-jazz-imprescindible","tag-jelly-roll-morton","tag-john-coltrane","tag-john-zorn","tag-jorge-lg","tag-jorge-lopez-de-guerenu","tag-keith-jarrett","tag-king-oliver","tag-king-oliver-creole-band","tag-la-actualidad-del-jazz-en-espana","tag-lee-morgan","tag-lennie-tristano","tag-lester-bowie","tag-armstrong-louis","tag-masada","tag-max-roach","tag-miles-davis","tag-muhal-richard-abrams","tag-nacho-fuentes","tag-novedades-cd","tag-novedades-discograficas","tag-nuevas-ediciones","tag-oliver-nelson","tag-ornette-coleman","tag-paul-motian","tag-resenas","tag-shelly-manne","tag-sidney-bechet","tag-sonny-rollins","tag-stan-getz","tag-steve-coleman","tag-steve-lacy","tag-sun-ra","tag-the-muhal-richard-abrams-orchestra","tag-monk-thelonious","tag-third-stream","tag-tim-berne","tag-toma-jazz","tag-tomajazz","tag-tomajazz-toma-jazz","tag-uri-caine","tag-west-coast-jazz","tag-willie-the-lion-smith","tag-world-saxophone-quartet","tag-wynton-marsalis"],"jetpack_featured_media_url":"https:\/\/tomajazz.com\/web\/wp-content\/uploads\/2011\/03\/Masada_Sanhedrin.jpg","jetpack_likes_enabled":true,"jetpack_sharing_enabled":true,"jetpack-related-posts":[{"id":24068,"url":"https:\/\/tomajazz.com\/web\/especial-25-discos-de-jazz-una-guia-esencial-2005\/","url_meta":{"origin":1208,"position":0},"title":"Especial 25 Discos de Jazz: una gu\u00eda esencial (2005)","author":"Tomajazz","date":"9 mayo, 2016","format":false,"excerpt":"En Tomajazz recuperamos\u00a025 Discos de Jazz: una gu\u00eda esencial que Jorge L\u00f3pez de Guere\u00f1u, Nacho Fuentes y Agust\u00edn P\u00e9rez Gasco, bajo la direcci\u00f3n de Fernando Ortiz de Urbina realizaron en 2005. El resultado, en cinco partes, fue una recopilaci\u00f3n de CD de jazz b\u00e1sicos en cualquier colecci\u00f3n, que siguen estando\u2026","rel":"","context":"En \u00ab*_Agust\u00edn P\u00e9rez Gasco\u00bb","block_context":{"text":"*_Agust\u00edn P\u00e9rez Gasco","link":"https:\/\/tomajazz.com\/web\/category\/agustin-perez-gasco\/"},"img":{"alt_text":"Especial 25 discos de jazz: una gu\u00eda esencial [Grabaciones de jazz] Editor Fernando Ortiz de Urbina 25 discos de jazz una gu\u00eda esencial Tomajazz 9.0 - Presentaci\u00f3n del Especial 25 discos de jazz una gu\u00eda esencial. Fernando Ortiz de Urbina fue el encargado de editar y dirigir este especial, dividido en cuatro partes.","src":"https:\/\/i0.wp.com\/tomajazz.com\/web\/wp-content\/uploads\/2005\/10\/25-discos-de-jazz_una-gu%C3%ADa-esencial.jpg?resize=350%2C200&ssl=1","width":350,"height":200,"srcset":"https:\/\/i0.wp.com\/tomajazz.com\/web\/wp-content\/uploads\/2005\/10\/25-discos-de-jazz_una-gu%C3%ADa-esencial.jpg?resize=350%2C200&ssl=1 1x, https:\/\/i0.wp.com\/tomajazz.com\/web\/wp-content\/uploads\/2005\/10\/25-discos-de-jazz_una-gu%C3%ADa-esencial.jpg?resize=525%2C300&ssl=1 1.5x, https:\/\/i0.wp.com\/tomajazz.com\/web\/wp-content\/uploads\/2005\/10\/25-discos-de-jazz_una-gu%C3%ADa-esencial.jpg?resize=700%2C400&ssl=1 2x"},"classes":[]},{"id":626,"url":"https:\/\/tomajazz.com\/web\/25-discos-de-jazz-una-guia-esencial\/","url_meta":{"origin":1208,"position":1},"title":"Especial 25 discos de jazz: una gu\u00eda esencial [Grabaciones de jazz] Editor Fernando Ortiz de Urbina","author":"Tomajazz","date":"1 octubre, 2005","format":false,"excerpt":"Presentaci\u00f3n del Especial 25 discos de jazz una gu\u00eda esencial. Fernando Ortiz de Urbina fue el encargado de editar y dirigir este especial, dividido en cuatro partes.","rel":"","context":"En \u00ab*_Agust\u00edn P\u00e9rez Gasco\u00bb","block_context":{"text":"*_Agust\u00edn P\u00e9rez Gasco","link":"https:\/\/tomajazz.com\/web\/category\/agustin-perez-gasco\/"},"img":{"alt_text":"Especial 25 discos de jazz: una gu\u00eda esencial [Grabaciones de jazz] Editor Fernando Ortiz de Urbina 25 discos de jazz una gu\u00eda esencial Tomajazz 9.0 - Presentaci\u00f3n del Especial 25 discos de jazz una gu\u00eda esencial. Fernando Ortiz de Urbina fue el encargado de editar y dirigir este especial, dividido en cuatro partes.","src":"https:\/\/i0.wp.com\/tomajazz.com\/web\/wp-content\/uploads\/2005\/10\/25-discos-de-jazz_una-gu%C3%ADa-esencial.jpg?resize=350%2C200&ssl=1","width":350,"height":200,"srcset":"https:\/\/i0.wp.com\/tomajazz.com\/web\/wp-content\/uploads\/2005\/10\/25-discos-de-jazz_una-gu%C3%ADa-esencial.jpg?resize=350%2C200&ssl=1 1x, https:\/\/i0.wp.com\/tomajazz.com\/web\/wp-content\/uploads\/2005\/10\/25-discos-de-jazz_una-gu%C3%ADa-esencial.jpg?resize=525%2C300&ssl=1 1.5x, https:\/\/i0.wp.com\/tomajazz.com\/web\/wp-content\/uploads\/2005\/10\/25-discos-de-jazz_una-gu%C3%ADa-esencial.jpg?resize=700%2C400&ssl=1 2x"},"classes":[]},{"id":30546,"url":"https:\/\/tomajazz.com\/web\/365-razones-para-amar-el-jazz-un-tema-the-oracle-dave-holland-131\/","url_meta":{"origin":1208,"position":2},"title":"365 razones para amar el jazz: un tema. \u00abThe Oracle\u00bb (Dave Holland) [132]","author":"Tomajazz","date":"12 mayo, 2017","format":false,"excerpt":"Un tema. \"The Oracle\" (Dave Holland). Publicado en:\u00a0Dave Holland Quartet:\u00a0Extensions\u00a0(ECM, 1990) Seleccionado por\u00a0Pachi Tapiz Con Dave Holland, Kevin Eubanks, Steve Coleman, Marvin \"Smitty\" Smith","rel":"","context":"En \u00ab*_Pachi Tapiz\u00bb","block_context":{"text":"*_Pachi Tapiz","link":"https:\/\/tomajazz.com\/web\/category\/pachi-tapiz\/"},"img":{"alt_text":"","src":"https:\/\/i0.wp.com\/tomajazz.com\/web\/wp-content\/uploads\/2017\/05\/Dave-Holland-Quartet_Extensions_ECM_1990.jpg?resize=350%2C200&ssl=1","width":350,"height":200,"srcset":"https:\/\/i0.wp.com\/tomajazz.com\/web\/wp-content\/uploads\/2017\/05\/Dave-Holland-Quartet_Extensions_ECM_1990.jpg?resize=350%2C200&ssl=1 1x, https:\/\/i0.wp.com\/tomajazz.com\/web\/wp-content\/uploads\/2017\/05\/Dave-Holland-Quartet_Extensions_ECM_1990.jpg?resize=525%2C300&ssl=1 1.5x"},"classes":[]},{"id":16396,"url":"https:\/\/tomajazz.com\/web\/impulse-blue-note-y-okeh-on-the-road-again\/","url_meta":{"origin":1208,"position":3},"title":"Impulse, Blue Note y Okeh: on the road again","author":"Tomajazz","date":"15 enero, 2015","format":false,"excerpt":"En 2014 Impulse! retoma la actividad con tres grabaciones m\u00e1s que notables. The Art Of Conversation es una joya, mano a mano, piano y contrabajo, entre Kenny Barron \u2013 Dave Holland. Los ingredientes del men\u00fa son unos cuantos standards intemporales (no pod\u00eda faltar Monk), junto con algunas de las mejores\u2026","rel":"","context":"En \u00ab*_Pachi Tapiz\u00bb","block_context":{"text":"*_Pachi Tapiz","link":"https:\/\/tomajazz.com\/web\/category\/pachi-tapiz\/"},"img":{"alt_text":"","src":"https:\/\/i0.wp.com\/tomajazz.com\/web\/wp-content\/uploads\/2015\/01\/Ruta-66_321-e1421345730631.jpg?resize=350%2C200&ssl=1","width":350,"height":200},"classes":[]},{"id":23984,"url":"https:\/\/tomajazz.com\/web\/1980-2000-recapitulacion-y-fusiones-de-cara-a-un-nuevo-siglo-especial-25-discos-de-jazz-una-guia-esencial-por-jorge-lg\/","url_meta":{"origin":1208,"position":4},"title":"1980-2000: recapitulaci\u00f3n y fusiones de cara a un nuevo siglo. Especial 25 Discos de Jazz: una Gu\u00eda Esencial [Grabaciones de jazz] Por Jorge LG","author":"Tomajazz","date":"1 octubre, 2005","format":false,"excerpt":"1980-2000: recapitulaci\u00f3n y fusiones de cara a un nuevo siglo. Especial 25 Discos de Jazz: una Gu\u00eda Esencial. Jorge LG repas\u00f3 ese periodo.","rel":"","context":"En \u00ab*_Jorge L\u00f3pez de Guere\u00f1u\u00bb","block_context":{"text":"*_Jorge L\u00f3pez de Guere\u00f1u","link":"https:\/\/tomajazz.com\/web\/category\/jorge-lopez-de-guerenu\/"},"img":{"alt_text":"","src":"https:\/\/i0.wp.com\/tomajazz.com\/web\/wp-content\/uploads\/2005\/10\/1980-2000_-recapitulaci%C3%B3n-y-fusiones-de-cara-a-un-nuevo-siglo.jpg?resize=350%2C200&ssl=1","width":350,"height":200,"srcset":"https:\/\/i0.wp.com\/tomajazz.com\/web\/wp-content\/uploads\/2005\/10\/1980-2000_-recapitulaci%C3%B3n-y-fusiones-de-cara-a-un-nuevo-siglo.jpg?resize=350%2C200&ssl=1 1x, https:\/\/i0.wp.com\/tomajazz.com\/web\/wp-content\/uploads\/2005\/10\/1980-2000_-recapitulaci%C3%B3n-y-fusiones-de-cara-a-un-nuevo-siglo.jpg?resize=525%2C300&ssl=1 1.5x, https:\/\/i0.wp.com\/tomajazz.com\/web\/wp-content\/uploads\/2005\/10\/1980-2000_-recapitulaci%C3%B3n-y-fusiones-de-cara-a-un-nuevo-siglo.jpg?resize=700%2C400&ssl=1 2x"},"classes":[]},{"id":14307,"url":"https:\/\/tomajazz.com\/web\/tomajazz-recupera-david-fiuzcynski-the-mind-of-a-headless-torso-by-arturo-mora\/","url_meta":{"origin":1208,"position":5},"title":"Tomajazz recupera&#8230; David Fiuzcynski: the mind of a headless torso, by Arturo Mora","author":"Tomajazz","date":"30 septiembre, 2014","format":false,"excerpt":"I think all art is entertaining, but it\u2019s also emotional and spiritual. That\u2019s different from entertainment , which sometimes contains elements of art. I would like to consider my music art that entertains. I hope I have the transgressing attitude! Leer: David Fiuzcynski: the mind of a headless torso, by\u2026","rel":"","context":"En \u00ab*_Arturo Mora Rioja\u00bb","block_context":{"text":"*_Arturo Mora Rioja","link":"https:\/\/tomajazz.com\/web\/category\/arturo-mora-rioja\/"},"img":{"alt_text":"David Fiuczynski \u00a9 Sergio Cabanillas, 2004","src":"https:\/\/i0.wp.com\/www.tomajazz.com\/web\/wp-content\/uploads\/2014\/09\/fuze04-200x133.jpg?resize=350%2C200","width":350,"height":200},"classes":[]}],"_links":{"self":[{"href":"https:\/\/tomajazz.com\/web\/wp-json\/wp\/v2\/posts\/1208","targetHints":{"allow":["GET"]}}],"collection":[{"href":"https:\/\/tomajazz.com\/web\/wp-json\/wp\/v2\/posts"}],"about":[{"href":"https:\/\/tomajazz.com\/web\/wp-json\/wp\/v2\/types\/post"}],"author":[{"embeddable":true,"href":"https:\/\/tomajazz.com\/web\/wp-json\/wp\/v2\/users\/1001004"}],"replies":[{"embeddable":true,"href":"https:\/\/tomajazz.com\/web\/wp-json\/wp\/v2\/comments?post=1208"}],"version-history":[{"count":5,"href":"https:\/\/tomajazz.com\/web\/wp-json\/wp\/v2\/posts\/1208\/revisions"}],"predecessor-version":[{"id":38580,"href":"https:\/\/tomajazz.com\/web\/wp-json\/wp\/v2\/posts\/1208\/revisions\/38580"}],"wp:featuredmedia":[{"embeddable":true,"href":"https:\/\/tomajazz.com\/web\/wp-json\/wp\/v2\/media\/38579"}],"wp:attachment":[{"href":"https:\/\/tomajazz.com\/web\/wp-json\/wp\/v2\/media?parent=1208"}],"wp:term":[{"taxonomy":"category","embeddable":true,"href":"https:\/\/tomajazz.com\/web\/wp-json\/wp\/v2\/categories?post=1208"},{"taxonomy":"post_tag","embeddable":true,"href":"https:\/\/tomajazz.com\/web\/wp-json\/wp\/v2\/tags?post=1208"}],"curies":[{"name":"wp","href":"https:\/\/api.w.org\/{rel}","templated":true}]}}