{"id":12586,"date":"2014-06-04T11:00:45","date_gmt":"2014-06-04T09:00:45","guid":{"rendered":"http:\/\/www.tomajazz.com\/web\/?p=12586"},"modified":"2016-11-13T17:14:16","modified_gmt":"2016-11-13T16:14:16","slug":"leido-visto-o-escuchado-berto-romero-y-kenny-g","status":"publish","type":"post","link":"https:\/\/tomajazz.com\/web\/leido-visto-o-escuchado-berto-romero-y-kenny-g\/","title":{"rendered":"Leido, visto o escuchado: Berto Romero y Kenny G"},"content":{"rendered":"<p><center><\/p>\n<figure id=\"attachment_12587\" aria-describedby=\"caption-attachment-12587\" style=\"width: 271px\" class=\"wp-caption alignleft\"><a href=\"http:\/\/commons.wikimedia.org\/wiki\/File:Berto_Romero_-_Kuki_Mendoza.jpg\" target=\"_blank\" rel=\"noopener\"><img loading=\"lazy\" decoding=\"async\" class=\"wp-image-12587 size-full\" src=\"http:\/\/www.tomajazz.com\/web\/wp-content\/uploads\/2014\/06\/Berto_Romero_-_Kuki_Mendoza.jpg\" alt=\"Berto_Romero_-_Kuki_Mendoza\" width=\"271\" height=\"436\" title=\"\" srcset=\"https:\/\/tomajazz.com\/web\/wp-content\/uploads\/2014\/06\/Berto_Romero_-_Kuki_Mendoza.jpg 271w, https:\/\/tomajazz.com\/web\/wp-content\/uploads\/2014\/06\/Berto_Romero_-_Kuki_Mendoza-93x150.jpg 93w, https:\/\/tomajazz.com\/web\/wp-content\/uploads\/2014\/06\/Berto_Romero_-_Kuki_Mendoza-186x300.jpg 186w, https:\/\/tomajazz.com\/web\/wp-content\/uploads\/2014\/06\/Berto_Romero_-_Kuki_Mendoza-34x55.jpg 34w\" sizes=\"auto, (max-width: 271px) 100vw, 271px\" \/><\/a><figcaption id=\"caption-attachment-12587\" class=\"wp-caption-text\">Fotograf\u00eda de Kuki Mendoza. Archivo usado bajo Creative Commons Attribution 2.0 Generic<\/figcaption><\/figure>\n<p><\/center><\/p>\n<blockquote><p>Kenny G, un d\u00eda te veo por la calle y te reviento la cara.<\/p><\/blockquote>\n<p>Berto Romero en el programa de humor improvisado de la Cadena Ser, <a title=\"Nadie sabe nada, con Andreu Buenafuente y Berto Romero\" href=\"http:\/\/www.cadenaser.com\/nadie-sabe-nada\/\" target=\"_blank\" rel=\"noopener\"><em>Nadie sabe nada<\/em><\/a> (1 de junio de 2014)<\/p>\n","protected":false},"excerpt":{"rendered":"<p>Kenny G, un d\u00eda te veo por la calle y te reviento la cara. Berto Romero en el programa de humor improvisado de la Cadena Ser, Nadie sabe nada (1 de junio de 2014)<span class=\"more-link\"><a href=\"https:\/\/tomajazz.com\/web\/leido-visto-o-escuchado-berto-romero-y-kenny-g\/\">Contin\u00faa leyendo<\/a><\/span><\/p>\n","protected":false},"author":1,"featured_media":12587,"comment_status":"open","ping_status":"closed","sticky":false,"template":"","format":"standard","meta":{"jetpack_post_was_ever_published":false,"_jetpack_newsletter_access":"","_jetpack_dont_email_post_to_subs":true,"_jetpack_newsletter_tier_id":0,"_jetpack_memberships_contains_paywalled_content":false,"_jetpack_memberships_contains_paid_content":false,"footnotes":""},"categories":[17847,4313,1038,4758],"tags":[7235,7234,9476,805,8568,7233,31,16099,16100],"class_list":["entry","author-pachi","post-12586","post","type-post","status-publish","format-standard","has-post-thumbnail","category-pachi-tapiz","category-bun","category-contenidos","category-blogs","tag-andreu-buenafuente","tag-berto-romero","tag-cadena-ser","tag-kenny-g","tag-leido-visto-o-escuchado","tag-nadie-sabe-nada","tag-pachi-tapiz","tag-toma-jazz","tag-tomajazz-toma-jazz"],"jetpack_featured_media_url":"https:\/\/tomajazz.com\/web\/wp-content\/uploads\/2014\/06\/Berto_Romero_-_Kuki_Mendoza.jpg","jetpack_likes_enabled":true,"jetpack_sharing_enabled":true,"jetpack-related-posts":[{"id":7996,"url":"https:\/\/tomajazz.com\/web\/who-the-fuck-nadie-sabe-nada-berto-romero-y-andreu-buenafuente-especial-agosto-2013\/","url_meta":{"origin":12586,"position":0},"title":"Who The Fuck?: Nadie Sabe Nada (Berto Romero y Andreu Buenafuente) [Especial agosto 2013]","author":"Tomajazz","date":"31 agosto, 2013","format":false,"excerpt":"Nadie Sabe Nada Andreu Buenafuente y Berto Romero Cadena Ser, verano 2013 Seleccionado por Pachi Tapiz.","rel":"","context":"En \u00ab*_Pachi Tapiz\u00bb","block_context":{"text":"*_Pachi Tapiz","link":"https:\/\/tomajazz.com\/web\/category\/pachi-tapiz\/"},"img":{"alt_text":"Nadie Sabe Nada \u00a9 Cadena Ser 2013","src":"https:\/\/i0.wp.com\/tomajazz.com\/web\/wp-content\/uploads\/2013\/08\/nadie-sabe-nada-%C2%A9-Cadena-Ser-2013.jpg?resize=350%2C200&ssl=1","width":350,"height":200},"classes":[]},{"id":100117,"url":"https:\/\/tomajazz.com\/web\/kenny-barron-trio-vitoria-2025\/","url_meta":{"origin":12586,"position":1},"title":"Kenny Barron Trio (48 Festival de Jazz de Vitoria. 2025-07-18) Por Jos\u00e9 Luis Luna Rocafort [INSTANTZZ AKA Galer\u00eda fotogr\u00e1fica AKA Fotoblog de jazz, impro\u2026 y algo m\u00e1s]","author":"Tomajazz","date":"6 octubre, 2025","format":false,"excerpt":"Kenny Barron Trio actu\u00f3 en el 48 Festival de Jazz de Vitoria. Jos\u00e9 Luis Luna Rocafort lo retrata en INSTANTZZ. Actuaron Kenny Barron, Kiyoshi Kitagawa, Jonathan Blake","rel":"","context":"En \u00ab48 Festival de Jazz de Vitoria 2025\u00bb","block_context":{"text":"48 Festival de Jazz de Vitoria 2025","link":"https:\/\/tomajazz.com\/web\/category\/contenidos\/especial-contenidos\/48-festival-de-jazz-de-vitoria-2025\/"},"img":{"alt_text":"Kenny Barron Trio (48 Festival de Jazz de Vitoria. 2025-07-18) Por Jos\u00e9 Luis Luna Rocafort [INSTANTZZ AKA Galer\u00eda fotogr\u00e1fica AKA Fotoblog de jazz, impro\u2026 y algo m\u00e1s] - Tomajazz - Kenny Barron Trio actu\u00f3 en el 48 Festival de Jazz de Vitoria. Jos\u00e9 Luis Luna Rocafort lo retrata en INSTANTZZ. Actuaron Kenny Barron, Kiyoshi Kitagawa, Jonathan Blake","src":"https:\/\/i0.wp.com\/tomajazz.com\/web\/wp-content\/uploads\/2025\/10\/015-1.jpg?resize=350%2C200&ssl=1","width":350,"height":200,"srcset":"https:\/\/i0.wp.com\/tomajazz.com\/web\/wp-content\/uploads\/2025\/10\/015-1.jpg?resize=350%2C200&ssl=1 1x, https:\/\/i0.wp.com\/tomajazz.com\/web\/wp-content\/uploads\/2025\/10\/015-1.jpg?resize=525%2C300&ssl=1 1.5x"},"classes":[]},{"id":104979,"url":"https:\/\/tomajazz.com\/web\/dave-holland-vital-spark-2026\/","url_meta":{"origin":12586,"position":2},"title":"Dave Holland: Vital Spark (Music of Kenny Wheeler) (Edition Records, 2026) Por Carlos Lara [Grabaci\u00f3n de jazz]","author":"Tomajazz","date":"20 abril, 2026","format":false,"excerpt":"Vital Spark (Music of Kenny Wheeler) (Edition Records, 2026) es la nueva grabaci\u00f3n de Dave Holland. Carlos Lara repasa la grabaci\u00f3n. Con Norma Winstone, Mark Lockheart, John Parricelli, Nikki Iles, Dave Holland, James Maddren, The London Vocal Project","rel":"","context":"En \u00abGrabaciones...\u00bb","block_context":{"text":"Grabaciones...","link":"https:\/\/tomajazz.com\/web\/category\/contenidos\/textos\/grabaciones\/"},"img":{"alt_text":"Dave Holland: Vital Spark (Music of Kenny Wheeler) (Edition Records, 2026) Por Carlos Lara [Grabaci\u00f3n de jazz] - Tomajazz - Vital Spark (Music of Kenny Wheeler) (Edition Records, 2026) es la nueva grabaci\u00f3n de Dave Holland. Carlos Lara repasa la grabaci\u00f3n. Con Norma Winstone, Mark Lockheart, John Parricelli, Nikki Iles, Dave Holland, James Maddren, The London Vocal Project \n","src":"https:\/\/i0.wp.com\/tomajazz.com\/web\/wp-content\/uploads\/2026\/04\/Dave-Holland-Vital-Spark-Music-of-Kenny-Wheeler-Edition-Records-2026.jpg?resize=350%2C200&ssl=1","width":350,"height":200,"srcset":"https:\/\/i0.wp.com\/tomajazz.com\/web\/wp-content\/uploads\/2026\/04\/Dave-Holland-Vital-Spark-Music-of-Kenny-Wheeler-Edition-Records-2026.jpg?resize=350%2C200&ssl=1 1x, https:\/\/i0.wp.com\/tomajazz.com\/web\/wp-content\/uploads\/2026\/04\/Dave-Holland-Vital-Spark-Music-of-Kenny-Wheeler-Edition-Records-2026.jpg?resize=525%2C300&ssl=1 1.5x, https:\/\/i0.wp.com\/tomajazz.com\/web\/wp-content\/uploads\/2026\/04\/Dave-Holland-Vital-Spark-Music-of-Kenny-Wheeler-Edition-Records-2026.jpg?resize=700%2C400&ssl=1 2x"},"classes":[]},{"id":1220,"url":"https:\/\/tomajazz.com\/web\/alexander-zonjic-doin-the-d\/","url_meta":{"origin":12586,"position":3},"title":"Alexander Zonjic &#8211; Doin\u2019 The D (","author":"Autor1","date":"18 mayo, 2011","format":false,"excerpt":"Composiciones: \u201cTop Down\u201d, \u201cFrom A To Z\u201d (James K. Lloyd), \u201cLittle Sunflower\u201d (Freddie Hubbard & Bert Ligon), \u201cPassion Island\u201d (Lao Tizer & Chieli Minucci), \u201cTourista\u201d, \u201cUndun\u201d (Randy Bachman), \u201cDoin\u2019 The D\u201d (Ken Navarro), \u201cGood As Goldie\u201d, \u201cRiver Raisin Nights\u201d (James K. Lloyd), \u201cTongue Twister\u201d Todos los temas compuestos por Jeff\u2026","rel":"","context":"En \u00abGrabaciones...\u00bb","block_context":{"text":"Grabaciones...","link":"https:\/\/tomajazz.com\/web\/category\/contenidos\/textos\/grabaciones\/"},"img":{"alt_text":"","src":"https:\/\/i0.wp.com\/www.tomajazz.com\/web\/wp-content\/uploads\/2011\/05\/zonjic_doin.jpg?resize=350%2C200","width":350,"height":200},"classes":[]},{"id":101972,"url":"https:\/\/tomajazz.com\/web\/mark-sherman-bop-contest-2025\/","url_meta":{"origin":12586,"position":4},"title":"Mark Sherman: Bop Contest (Miles High Records; 2025) Por Pachi Tapiz [Grabaci\u00f3n de jazz]","author":"Tomajazz","date":"19 noviembre, 2025","format":false,"excerpt":"Bop Contest (Miles High Records; 2025) es la nueva grabaci\u00f3n de Mark Sherman. Pachi Tapiz repasa la grabaci\u00f3n. Con Mark Sherman, Ron Carter, Donald Vega, Carl Allen, Joe Magnarelli","rel":"","context":"En \u00abGrabaciones...\u00bb","block_context":{"text":"Grabaciones...","link":"https:\/\/tomajazz.com\/web\/category\/contenidos\/textos\/grabaciones\/"},"img":{"alt_text":"Mark Sherman: Bop Contest (Miles High Records; 2025) Por Pachi Tapiz [Grabaci\u00f3n de jazz] - Tomajazz - Bop Contest (Miles High Records; 2025) es la nueva grabaci\u00f3n de Mark Sherman. Pachi Tapiz repasa la grabaci\u00f3n. Con Mark Sherman, Ron Carter, Donald Vega, Carl Allen, Joe Magnarelli","src":"https:\/\/i0.wp.com\/tomajazz.com\/web\/wp-content\/uploads\/2025\/11\/Mark-Sherman-Bop-Contest-Miles-High-Records-2025-Tomajazz.jpg?resize=350%2C200&ssl=1","width":350,"height":200,"srcset":"https:\/\/i0.wp.com\/tomajazz.com\/web\/wp-content\/uploads\/2025\/11\/Mark-Sherman-Bop-Contest-Miles-High-Records-2025-Tomajazz.jpg?resize=350%2C200&ssl=1 1x, https:\/\/i0.wp.com\/tomajazz.com\/web\/wp-content\/uploads\/2025\/11\/Mark-Sherman-Bop-Contest-Miles-High-Records-2025-Tomajazz.jpg?resize=525%2C300&ssl=1 1.5x, https:\/\/i0.wp.com\/tomajazz.com\/web\/wp-content\/uploads\/2025\/11\/Mark-Sherman-Bop-Contest-Miles-High-Records-2025-Tomajazz.jpg?resize=700%2C400&ssl=1 2x"},"classes":[]},{"id":100104,"url":"https:\/\/tomajazz.com\/web\/fred-hersch-the-surrounding-green-ecm-2025\/","url_meta":{"origin":12586,"position":5},"title":"Fred Hersch: The Surrounding Green (ECM; 2025) Por Pachi Tapiz [Grabaci\u00f3n de jazz]","author":"Tomajazz","date":"5 octubre, 2025","format":false,"excerpt":"The Surrounding Green (ECM; 2025) es la nueva grabaci\u00f3n de Fred Hersch. Pachi Tapiz repasa la grabaci\u00f3n. Con Fred Hersch, Drew Gress, Joey Baron","rel":"","context":"En \u00ab*_Pachi Tapiz\u00bb","block_context":{"text":"*_Pachi Tapiz","link":"https:\/\/tomajazz.com\/web\/category\/pachi-tapiz\/"},"img":{"alt_text":"Fred Hersch: The Surrounding Green (ECM; 2025) Por Pachi Tapiz [Grabaci\u00f3n de jazz] - Tomajazz - The Surrounding Green (ECM; 2025) es la nueva grabaci\u00f3n de Fred Hersch. Pachi Tapiz repasa la grabaci\u00f3n. Con Fred Hersch, drew","src":"https:\/\/i0.wp.com\/tomajazz.com\/web\/wp-content\/uploads\/2025\/10\/Fred-Hersch-The-Surrounding-Green-2025-ECM-Tomajazz.jpg?resize=350%2C200&ssl=1","width":350,"height":200,"srcset":"https:\/\/i0.wp.com\/tomajazz.com\/web\/wp-content\/uploads\/2025\/10\/Fred-Hersch-The-Surrounding-Green-2025-ECM-Tomajazz.jpg?resize=350%2C200&ssl=1 1x, https:\/\/i0.wp.com\/tomajazz.com\/web\/wp-content\/uploads\/2025\/10\/Fred-Hersch-The-Surrounding-Green-2025-ECM-Tomajazz.jpg?resize=525%2C300&ssl=1 1.5x, https:\/\/i0.wp.com\/tomajazz.com\/web\/wp-content\/uploads\/2025\/10\/Fred-Hersch-The-Surrounding-Green-2025-ECM-Tomajazz.jpg?resize=700%2C400&ssl=1 2x"},"classes":[]}],"_links":{"self":[{"href":"https:\/\/tomajazz.com\/web\/wp-json\/wp\/v2\/posts\/12586","targetHints":{"allow":["GET"]}}],"collection":[{"href":"https:\/\/tomajazz.com\/web\/wp-json\/wp\/v2\/posts"}],"about":[{"href":"https:\/\/tomajazz.com\/web\/wp-json\/wp\/v2\/types\/post"}],"author":[{"embeddable":true,"href":"https:\/\/tomajazz.com\/web\/wp-json\/wp\/v2\/users\/1"}],"replies":[{"embeddable":true,"href":"https:\/\/tomajazz.com\/web\/wp-json\/wp\/v2\/comments?post=12586"}],"version-history":[{"count":3,"href":"https:\/\/tomajazz.com\/web\/wp-json\/wp\/v2\/posts\/12586\/revisions"}],"predecessor-version":[{"id":12590,"href":"https:\/\/tomajazz.com\/web\/wp-json\/wp\/v2\/posts\/12586\/revisions\/12590"}],"wp:featuredmedia":[{"embeddable":true,"href":"https:\/\/tomajazz.com\/web\/wp-json\/wp\/v2\/media\/12587"}],"wp:attachment":[{"href":"https:\/\/tomajazz.com\/web\/wp-json\/wp\/v2\/media?parent=12586"}],"wp:term":[{"taxonomy":"category","embeddable":true,"href":"https:\/\/tomajazz.com\/web\/wp-json\/wp\/v2\/categories?post=12586"},{"taxonomy":"post_tag","embeddable":true,"href":"https:\/\/tomajazz.com\/web\/wp-json\/wp\/v2\/tags?post=12586"}],"curies":[{"name":"wp","href":"https:\/\/api.w.org\/{rel}","templated":true}]}}