{"id":12839,"date":"2014-06-26T11:05:50","date_gmt":"2014-06-26T09:05:50","guid":{"rendered":"http:\/\/www.tomajazz.com\/web\/?p=12839"},"modified":"2016-11-13T16:32:41","modified_gmt":"2016-11-13T15:32:41","slug":"imatjazz-renee-baker","status":"publish","type":"post","link":"https:\/\/tomajazz.com\/web\/imatjazz-renee-baker\/","title":{"rendered":"IMATJAZZ: Ren\u00e9e Baker"},"content":{"rendered":"<p style=\"text-align: center;\"><img loading=\"lazy\" decoding=\"async\" class=\"aligncenter size-full wp-image-12841\" src=\"http:\/\/www.tomajazz.com\/web\/wp-content\/uploads\/2014\/06\/IMJ081_REN\u00c9E-BAKER-\u00a9Joan-Cort\u00e8s_23-oct-10_Nicole-Mitchel-Truth-or-Dare_3r-Festival-de-M\u00fasiques-Avan\u00e7ades_Joventut-Cast\u00c3.jpg\" alt=\"IMJ081_REN\u00c9E BAKER (\u00a9Joan Cort\u00e8s)_23-oct-10_Nicole Mitchel -Truth or Dare_3r Festival de M\u00fasiques Avan\u00e7ades_Joventut Cast\u00c3\" width=\"399\" height=\"600\" title=\"\" srcset=\"https:\/\/tomajazz.com\/web\/wp-content\/uploads\/2014\/06\/IMJ081_REN\u00c9E-BAKER-\u00a9Joan-Cort\u00e8s_23-oct-10_Nicole-Mitchel-Truth-or-Dare_3r-Festival-de-M\u00fasiques-Avan\u00e7ades_Joventut-Cast\u00c3.jpg 399w, https:\/\/tomajazz.com\/web\/wp-content\/uploads\/2014\/06\/IMJ081_REN\u00c9E-BAKER-\u00a9Joan-Cort\u00e8s_23-oct-10_Nicole-Mitchel-Truth-or-Dare_3r-Festival-de-M\u00fasiques-Avan\u00e7ades_Joventut-Cast\u00c3-99x150.jpg 99w, https:\/\/tomajazz.com\/web\/wp-content\/uploads\/2014\/06\/IMJ081_REN\u00c9E-BAKER-\u00a9Joan-Cort\u00e8s_23-oct-10_Nicole-Mitchel-Truth-or-Dare_3r-Festival-de-M\u00fasiques-Avan\u00e7ades_Joventut-Cast\u00c3-200x300.jpg 200w, https:\/\/tomajazz.com\/web\/wp-content\/uploads\/2014\/06\/IMJ081_REN\u00c9E-BAKER-\u00a9Joan-Cort\u00e8s_23-oct-10_Nicole-Mitchel-Truth-or-Dare_3r-Festival-de-M\u00fasiques-Avan\u00e7ades_Joventut-Cast\u00c3-36x55.jpg 36w\" sizes=\"auto, (max-width: 399px) 100vw, 399px\" \/><\/p>\n<p>Ren\u00e9e Baker<br \/>\nTruth Or Dare<br \/>\n3er Festival de M\u00fasiques Avan\u00e7ades, Joventut Cast\u00f2lica, Molins de Rei, Barcelona. 2010-10-23<\/p>\n<p>\u00a9 Joan Cort\u00e8s, 2014<\/p>\n","protected":false},"excerpt":{"rendered":"<p>Ren\u00e9e Baker Truth Or Dare 3er Festival de M\u00fasiques Avan\u00e7ades, Joventut Cast\u00f2lica, Molins de Rei, Barcelona. 2010-10-23 \u00a9 Joan Cort\u00e8s, 2014<span class=\"more-link\"><a href=\"https:\/\/tomajazz.com\/web\/imatjazz-renee-baker\/\">Contin\u00faa leyendo<\/a><\/span><\/p>\n","protected":false},"author":1,"featured_media":12841,"comment_status":"open","ping_status":"closed","sticky":false,"template":"","format":"standard","meta":{"jetpack_post_was_ever_published":false,"_jetpack_newsletter_access":"","_jetpack_dont_email_post_to_subs":true,"_jetpack_newsletter_tier_id":0,"_jetpack_memberships_contains_paywalled_content":false,"_jetpack_memberships_contains_paid_content":false,"footnotes":""},"categories":[17853,15516,1038,7292,4758],"tags":[12656,15275,7462,13,1041,12657,9654,16099,77,16100],"class_list":["entry","author-pachi","post-12839","post","type-post","status-publish","format-standard","has-post-thumbnail","category-joan-cortes","category-imagenes","category-contenidos","category-imatjazz","category-blogs","tag-fotoblog","tag-galeria-fotografica","tag-imatjazz-2","tag-jazz","tag-joan-cortes","tag-photoblog","tag-renee-baker","tag-toma-jazz","tag-tomajazz","tag-tomajazz-toma-jazz"],"jetpack_featured_media_url":"https:\/\/tomajazz.com\/web\/wp-content\/uploads\/2014\/06\/IMJ081_REN\u00c9E-BAKER-\u00a9Joan-Cort\u00e8s_23-oct-10_Nicole-Mitchel-Truth-or-Dare_3r-Festival-de-M\u00fasiques-Avan\u00e7ades_Joventut-Cast\u00c3.jpg","jetpack_likes_enabled":true,"jetpack_sharing_enabled":true,"jetpack-related-posts":[{"id":2529,"url":"https:\/\/tomajazz.com\/web\/veteranos-en-la-brecha-xli-aka-wish-ill-be-there-anthony-braxton-energies-ideas-intuitions-the-tri-centric-music-of-anthony-braxton-roulette-nueva-york-5-al-8-de-octubre-de-2011\/","url_meta":{"origin":12839,"position":0},"title":"Veteranos en la brecha (XLI) (aka Wish I&#8217;ll be there): Anthony Braxton Energies, Ideas, Intuitions: The Tri-Centric Music of Anthony Braxton (Roulette, Nueva York, 5 al 8 de octubre de 2011)","author":"Tomajazz","date":"14 septiembre, 2011","format":false,"excerpt":"\u00a9\u00a0Carolyn Wachnicki Entre el 5 y el 8 de octubre la Tricentric Foundation ha organizado en colaboraci\u00f3n con Roulette la serie de conciertos \"Energies, Ideas, Intuitions: The Tri-Centric Music of Anthony Braxton\". El programa es el siguiente:Mi\u00e9rcoles 5 de octubre de 2011 Pine Top Arial Music\u00a0Anthony Braxton (ca\u00f1as), Taylor Ho\u2026","rel":"","context":"En \u00abToma Jazz\u00bb","block_context":{"text":"Toma Jazz","link":"https:\/\/tomajazz.com\/web\/tag\/toma-jazz\/"},"img":{"alt_text":"","src":"","width":0,"height":0},"classes":[]},{"id":3068,"url":"https:\/\/tomajazz.com\/web\/nicole-mitchell-a-la-busqueda-del-boson-de-higgs\/","url_meta":{"origin":12839,"position":1},"title":"Nicole Mitchell: a la b\u00fasqueda del bos\u00f3n de Higgs","author":"Tomajazz","date":"24 junio, 2009","format":false,"excerpt":"No es la primera vez que antes de la escucha de un disco me he imaginado que me encontrar\u00eda, como m\u00ednimo, con el bos\u00f3n de Higgs. Y sin embargo muchas veces, la inmensa mayor\u00eda, no ha sido, no es as\u00ed. Lo cual no es ning\u00fan problema, salvo que como consecuencia\u2026","rel":"","context":"En \u00ab*_Pachi Tapiz\u00bb","block_context":{"text":"*_Pachi Tapiz","link":"https:\/\/tomajazz.com\/web\/category\/pachi-tapiz\/"},"img":{"alt_text":"Nicole Mitchell's Black Earth Strings_Renegades_DelmarkWEB.jpg","src":"https:\/\/i0.wp.com\/tomajazz.com\/web\/wp-content\/uploads\/2009\/06\/Nicole-Mitchells-Black-Earth-Strings_Renegades_DelmarkWEB.jpg?resize=350%2C200&ssl=1","width":350,"height":200,"srcset":"https:\/\/i0.wp.com\/tomajazz.com\/web\/wp-content\/uploads\/2009\/06\/Nicole-Mitchells-Black-Earth-Strings_Renegades_DelmarkWEB.jpg?resize=350%2C200&ssl=1 1x, https:\/\/i0.wp.com\/tomajazz.com\/web\/wp-content\/uploads\/2009\/06\/Nicole-Mitchells-Black-Earth-Strings_Renegades_DelmarkWEB.jpg?resize=525%2C300&ssl=1 1.5x"},"classes":[]},{"id":2220,"url":"https:\/\/tomajazz.com\/web\/nicole-mitchell-an_arche-new-music-ensemble-arc-of-o-for-improvisers-chamber-orchestra-electronics-rogueart-2012\/","url_meta":{"origin":12839,"position":2},"title":"Nicole Mitchell &amp; an_ARCHE New Music Ensemble: Arc of O For Improvisers, Chamber Orchestra &amp; Electronics (RogueArt, 2012)","author":"Tomajazz","date":"19 septiembre, 2012","format":false,"excerpt":"Tres meses despu\u00e9s de estrenar \"Arc of O\", compuesta por encargo del festival de Jazz de Chicago, Nicole Mitchell\u00a0grababa esta composici\u00f3n en compa\u00f1\u00eda del grupo de c\u00e1mara polaco an_ARCHE New Music Ensemble, los saxofonistas David Boykin y Mwata Bowden, y la violinista Ren\u00e9e Baker\u00a0en el Made In Chicago Festival of\u2026","rel":"","context":"En \u00abbun\u00bb","block_context":{"text":"bun","link":"https:\/\/tomajazz.com\/web\/category\/contenidos\/blogs\/bun\/"},"img":{"alt_text":"mitchell arc of o","src":"https:\/\/i0.wp.com\/www.tomajazz.com\/web\/wp-content\/uploads\/2012\/09\/mitchell-arc-of-o.jpg?resize=350%2C200","width":350,"height":200},"classes":[]},{"id":24716,"url":"https:\/\/tomajazz.com\/web\/instantzz-cecil-mclorin-salvant-35e-festival-jazz-terrassa-centre-cultural-terrassa-terrassa-2016-03-19\/","url_meta":{"origin":12839,"position":3},"title":"INSTANTZZ: C\u00e9cil McLorin Salvant \/ 35\u00e8 Festival Jazz Terrassa (Centre Cultural Terrassa, Terrassa. 2016-03-19)","author":"Tomajazz","date":"31 mayo, 2016","format":false,"excerpt":"Fecha: S\u00e1bado, 19 de marzo de 2016 Lugar: Centre Cultural Terrassa \/ Terrassa (Barcelona) Componentes: C\u00e9cil McLorin Salvant, voz Renee Rosnes, piano Rodney Whitaker, contrabajo Lewis Nash, bater\u00eda \u00a9 Joan Cort\u00e8s, 2016","rel":"","context":"En \u00ab*_Joan Cort\u00e8s\u00bb","block_context":{"text":"*_Joan Cort\u00e8s","link":"https:\/\/tomajazz.com\/web\/category\/joan-cortes\/"},"img":{"alt_text":"","src":"https:\/\/i0.wp.com\/tomajazz.com\/web\/wp-content\/uploads\/2016\/05\/09_Ccl-Mclr-Slvnt-%C2%A9Joan-Cort%C3%A8s_19mar16_CCT_35FJT_Trrss.jpg?resize=350%2C200&ssl=1","width":350,"height":200,"srcset":"https:\/\/i0.wp.com\/tomajazz.com\/web\/wp-content\/uploads\/2016\/05\/09_Ccl-Mclr-Slvnt-%C2%A9Joan-Cort%C3%A8s_19mar16_CCT_35FJT_Trrss.jpg?resize=350%2C200&ssl=1 1x, https:\/\/i0.wp.com\/tomajazz.com\/web\/wp-content\/uploads\/2016\/05\/09_Ccl-Mclr-Slvnt-%C2%A9Joan-Cort%C3%A8s_19mar16_CCT_35FJT_Trrss.jpg?resize=525%2C300&ssl=1 1.5x"},"classes":[]},{"id":26878,"url":"https:\/\/tomajazz.com\/web\/hdo-178-guy-crispell-lytton-nicole-mitchell-dominique-pifarely-podcast\/","url_meta":{"origin":12839,"position":4},"title":"HDO 178. Guy \u2013 Crispell \u2013 Lytton. Nicole Mitchell. Dominique Pifar\u00e9ly [Podcast]","author":"Tomajazz","date":"14 octubre, 2016","format":false,"excerpt":"Los m\u00e1s que recomendables Deep Memory (Intakt, 2016) del tr\u00edo formado por Barry Guy, Marilyn Crispell y Paul Lytton; Moments of Fatherhood (RogueArt, 2016) del Nicole Mitchell Black Earth Ensemble Ensemble Laborintus; y\u00a0Trac\u00e9 Provisoire (ECM, 2016) de Dominique Pifar\u00e9ly Quartet son las tres grabaciones protagonistas de HDO 178. \u00a9 Pachi\u2026","rel":"","context":"En \u00ab*_Pachi Tapiz\u00bb","block_context":{"text":"*_Pachi Tapiz","link":"https:\/\/tomajazz.com\/web\/category\/pachi-tapiz\/"},"img":{"alt_text":"barry-guy-marilyn-crispell-paul-lytton_deep-memory_intakt_2016","src":"https:\/\/i0.wp.com\/www.tomajazz.com\/web\/wp-content\/uploads\/2016\/10\/Barry-Guy-Marilyn-Crispell-Paul-Lytton_Deep-Memory_Intakt_2016-200x200.jpg?resize=350%2C200","width":350,"height":200},"classes":[]},{"id":105026,"url":"https:\/\/tomajazz.com\/web\/universos-paralelos-up-t31-p25-2025-26\/","url_meta":{"origin":12839,"position":5},"title":"Universos Paralelos: emisi\u00f3n 16 de abril de 2026 (UP.T.31 P.25) [Noticias de jazz]","author":"Tomajazz","date":"22 abril, 2026","format":false,"excerpt":"En Universos Paralelos del 16 de abril de 2026, Sergio Cabanillas elige lo nuevo de V\u00edctor de Diego como disco de portada. Adem\u00e1s suena m\u00fasica de Juzz, Rai Castells, Manuel \u00c1lvarez Trio, Baptiste Bailly \/ Matthew Baker \/ Efr\u00e9n L\u00f3pez #Noticiasdejazz","rel":"","context":"En \u00ab*_Redacci\u00f3n\u00bb","block_context":{"text":"*_Redacci\u00f3n","link":"https:\/\/tomajazz.com\/web\/category\/redaccion\/"},"img":{"alt_text":"Universos Paralelos: emisi\u00f3n 16 de abril de 2026 (UP.T.31 P.25) [Noticias de jazz] - Tomajazz - En Universos Paralelos del 16 de abril de 2026, Sergio Cabanillas elige lo nuevo de V\u00edctor de Diego como disco de portada. Adem\u00e1s suena m\u00fasica de Juzz, Rai Castells, Manuel \u00c1lvarez Trio, Baptiste Bailly \/ Matthew Baker \/ Efr\u00e9n L\u00f3pez #Noticiasdejazz","src":"https:\/\/i0.wp.com\/tomajazz.com\/web\/wp-content\/uploads\/2026\/04\/portada-Victor-De-Diego-Haize-1080.jpg?resize=350%2C200&ssl=1","width":350,"height":200,"srcset":"https:\/\/i0.wp.com\/tomajazz.com\/web\/wp-content\/uploads\/2026\/04\/portada-Victor-De-Diego-Haize-1080.jpg?resize=350%2C200&ssl=1 1x, https:\/\/i0.wp.com\/tomajazz.com\/web\/wp-content\/uploads\/2026\/04\/portada-Victor-De-Diego-Haize-1080.jpg?resize=525%2C300&ssl=1 1.5x, https:\/\/i0.wp.com\/tomajazz.com\/web\/wp-content\/uploads\/2026\/04\/portada-Victor-De-Diego-Haize-1080.jpg?resize=700%2C400&ssl=1 2x"},"classes":[]}],"_links":{"self":[{"href":"https:\/\/tomajazz.com\/web\/wp-json\/wp\/v2\/posts\/12839","targetHints":{"allow":["GET"]}}],"collection":[{"href":"https:\/\/tomajazz.com\/web\/wp-json\/wp\/v2\/posts"}],"about":[{"href":"https:\/\/tomajazz.com\/web\/wp-json\/wp\/v2\/types\/post"}],"author":[{"embeddable":true,"href":"https:\/\/tomajazz.com\/web\/wp-json\/wp\/v2\/users\/1"}],"replies":[{"embeddable":true,"href":"https:\/\/tomajazz.com\/web\/wp-json\/wp\/v2\/comments?post=12839"}],"version-history":[{"count":1,"href":"https:\/\/tomajazz.com\/web\/wp-json\/wp\/v2\/posts\/12839\/revisions"}],"predecessor-version":[{"id":12842,"href":"https:\/\/tomajazz.com\/web\/wp-json\/wp\/v2\/posts\/12839\/revisions\/12842"}],"wp:featuredmedia":[{"embeddable":true,"href":"https:\/\/tomajazz.com\/web\/wp-json\/wp\/v2\/media\/12841"}],"wp:attachment":[{"href":"https:\/\/tomajazz.com\/web\/wp-json\/wp\/v2\/media?parent=12839"}],"wp:term":[{"taxonomy":"category","embeddable":true,"href":"https:\/\/tomajazz.com\/web\/wp-json\/wp\/v2\/categories?post=12839"},{"taxonomy":"post_tag","embeddable":true,"href":"https:\/\/tomajazz.com\/web\/wp-json\/wp\/v2\/tags?post=12839"}],"curies":[{"name":"wp","href":"https:\/\/api.w.org\/{rel}","templated":true}]}}