{"id":13083,"date":"2014-07-22T11:00:56","date_gmt":"2014-07-22T09:00:56","guid":{"rendered":"http:\/\/www.tomajazz.com\/web\/?p=13083"},"modified":"2016-11-13T22:54:45","modified_gmt":"2016-11-13T21:54:45","slug":"all-jazz-sera-kontxi-lorente","status":"publish","type":"post","link":"https:\/\/tomajazz.com\/web\/all-jazz-sera-kontxi-lorente\/","title":{"rendered":"All Jazz Sera: Kontxi Lorente"},"content":{"rendered":"<p style=\"text-align: center;\"><img loading=\"lazy\" decoding=\"async\" class=\"aligncenter wp-image-13082 size-full\" src=\"http:\/\/www.tomajazz.com\/web\/wp-content\/uploads\/2014\/07\/2014-07-17-545-3.jpg\" alt=\"Kontxi Lorente\" width=\"600\" height=\"450\" title=\"\" srcset=\"https:\/\/tomajazz.com\/web\/wp-content\/uploads\/2014\/07\/2014-07-17-545-3.jpg 600w, https:\/\/tomajazz.com\/web\/wp-content\/uploads\/2014\/07\/2014-07-17-545-3-150x112.jpg 150w, https:\/\/tomajazz.com\/web\/wp-content\/uploads\/2014\/07\/2014-07-17-545-3-200x150.jpg 200w, https:\/\/tomajazz.com\/web\/wp-content\/uploads\/2014\/07\/2014-07-17-545-3-73x55.jpg 73w\" sizes=\"auto, (max-width: 600px) 100vw, 600px\" \/><\/p>\n<p>Kontxi Lorente<br \/>\nPamplona, Navarra. 2014-07-14<\/p>\n<p>\u00a9 Sera Mart\u00edn, 2014<\/p>\n","protected":false},"excerpt":{"rendered":"<p>Kontxi Lorente Pamplona, Navarra. 2014-07-14 \u00a9 Sera Mart\u00edn, 2014<span class=\"more-link\"><a href=\"https:\/\/tomajazz.com\/web\/all-jazz-sera-kontxi-lorente\/\">Contin\u00faa leyendo<\/a><\/span><\/p>\n","protected":false},"author":1,"featured_media":13082,"comment_status":"open","ping_status":"closed","sticky":false,"template":"","format":"standard","meta":{"jetpack_post_was_ever_published":false,"_jetpack_newsletter_access":"","_jetpack_dont_email_post_to_subs":true,"_jetpack_newsletter_tier_id":0,"_jetpack_memberships_contains_paywalled_content":false,"_jetpack_memberships_contains_paid_content":false,"footnotes":""},"categories":[17852,7219,15516,1038,4758],"tags":[7504,12656,15275,13,8549,12657,209,16099,77,16100],"class_list":["entry","author-pachi","post-13083","post","type-post","status-publish","format-standard","has-post-thumbnail","category-sera-martin","category-alljazzsera","category-imagenes","category-contenidos","category-blogs","tag-all-jazz-sera","tag-fotoblog","tag-galeria-fotografica","tag-jazz","tag-kontxi-lorente","tag-photoblog","tag-sera-martin","tag-toma-jazz","tag-tomajazz","tag-tomajazz-toma-jazz"],"jetpack_featured_media_url":"https:\/\/tomajazz.com\/web\/wp-content\/uploads\/2014\/07\/2014-07-17-545-3.jpg","jetpack_likes_enabled":true,"jetpack_sharing_enabled":true,"jetpack-related-posts":[{"id":82978,"url":"https:\/\/tomajazz.com\/web\/kontxi-lorente-trio-urtarrijazz-2024\/","url_meta":{"origin":13083,"position":0},"title":"Kontxi Lorente Tr\u00edo (VII urtarrijazz 2024. urtarriJAZZ \u201924. Un enero de Jazz local. Pamplona, Navarra. 2024-01-20) Por Sera Mart\u00edn [INSTANTZZ AKA Galer\u00eda fotogr\u00e1fica AKA Fotoblog de jazz, impro\u2026 y algo m\u00e1s]","author":"Tomajazz","date":"24 enero, 2024","format":false,"excerpt":"Kontxi Lorente Tr\u00edo abri\u00f3 el segundo fin de semana del VII urtarrijazz 2024 en Pamplona, Navarra, el 20 de enero de 2024. Sera Mart\u00edn retrata su actuaci\u00f3n en INSTANTZZ. Actuaron Kontxi Lorente, Alessandro Cesarini, Mariano Steimberg","rel":"","context":"En \u00abUrtarrijazz '24\u00bb","block_context":{"text":"Urtarrijazz '24","link":"https:\/\/tomajazz.com\/web\/category\/contenidos\/especial-contenidos\/urtarrijazz-24\/"},"img":{"alt_text":"Kontxi Lorente Tr\u00edo (VII urtarrijazz 2024. urtarriJAZZ \u201924. Un enero de Jazz local. Pamplona, Navarra. 2024-01-20) Por Sera Mart\u00edn [INSTANTZZ AKA Galer\u00eda fotogr\u00e1fica AKA Fotoblog de jazz, impro\u2026 y algo m\u00e1s] - Tomajazz - Kontxi Lorente Tr\u00edo abri\u00f3 el segundo fin de semana del VII urtarrijazz 2024 en Pamplona, Navarra, el 20 de enero de 2024. Sera Mart\u00edn retrata su actuaci\u00f3n en INSTANTZZ. Actuaron Kontxi Lorente, Alessandro Cesarini, Mariano Steimberg","src":"https:\/\/i0.wp.com\/tomajazz.com\/web\/wp-content\/uploads\/2024\/01\/08-IMG-8527-Kontxi-Lorente-Trio-20240120-marcada-VII-Urtarrijazz-%C2%A9-Sera-Martin-Hidalgo-2024-INSTANTZZ-Tomajazz.jpg?resize=350%2C200&ssl=1","width":350,"height":200,"srcset":"https:\/\/i0.wp.com\/tomajazz.com\/web\/wp-content\/uploads\/2024\/01\/08-IMG-8527-Kontxi-Lorente-Trio-20240120-marcada-VII-Urtarrijazz-%C2%A9-Sera-Martin-Hidalgo-2024-INSTANTZZ-Tomajazz.jpg?resize=350%2C200&ssl=1 1x, https:\/\/i0.wp.com\/tomajazz.com\/web\/wp-content\/uploads\/2024\/01\/08-IMG-8527-Kontxi-Lorente-Trio-20240120-marcada-VII-Urtarrijazz-%C2%A9-Sera-Martin-Hidalgo-2024-INSTANTZZ-Tomajazz.jpg?resize=525%2C300&ssl=1 1.5x"},"classes":[]},{"id":25480,"url":"https:\/\/tomajazz.com\/web\/jazzfermin-2016-iii-kontxi-lorente-trio-dominguez-colina-mcgill-pamplona-navarra-2016-07-12\/","url_meta":{"origin":13083,"position":1},"title":"JazzFerm\u00edn 2016 IV: Kontxi Lorente Tr\u00edo; Dom\u00ednguez &#8211; Colina &#8211; McGill (Pamplona, Navarra. 2016-07-12) [Concierto]","author":"Tomajazz","date":"16 julio, 2016","format":false,"excerpt":"La \u00faltima jornada de JazzFerm\u00edn 2016 fue una cita con sendos tr\u00edos de piano bajo y bater\u00eda: Kontxi Lorente Tr\u00edo en el concierto de las 21:00, y Chano Dom\u00ednguez \u2013 Javier Colina \u2013 Guillermo McGill en el de medianoche. Un cierre de oro para una edici\u00f3n de JazzFerm\u00edn m\u00e1s que\u2026","rel":"","context":"En \u00ab*_Pachi Tapiz\u00bb","block_context":{"text":"*_Pachi Tapiz","link":"https:\/\/tomajazz.com\/web\/category\/pachi-tapiz\/"},"img":{"alt_text":"","src":"https:\/\/i0.wp.com\/tomajazz.com\/web\/wp-content\/uploads\/2016\/07\/IMG_2267.JPG-Dominguez-Colina-McGile.jpg?resize=350%2C200&ssl=1","width":350,"height":200,"srcset":"https:\/\/i0.wp.com\/tomajazz.com\/web\/wp-content\/uploads\/2016\/07\/IMG_2267.JPG-Dominguez-Colina-McGile.jpg?resize=350%2C200&ssl=1 1x, https:\/\/i0.wp.com\/tomajazz.com\/web\/wp-content\/uploads\/2016\/07\/IMG_2267.JPG-Dominguez-Colina-McGile.jpg?resize=525%2C300&ssl=1 1.5x"},"classes":[]},{"id":72437,"url":"https:\/\/tomajazz.com\/web\/kontxi-lorente-trio-murcia-jazz-festival-2023\/","url_meta":{"origin":13083,"position":2},"title":"Kontxi Lorente Trio (4\u00ba Murcia Jazz Festival 2023) Por Jos\u00e9 Antonio Garc\u00eda L\u00f3pez [Concierto de jazz]","author":"Tomajazz","date":"22 marzo, 2023","format":false,"excerpt":"Kontxi Lorente Trio fue una de las propuestas que actuaron en el 4\u00ba Murcia Jazz Festival 2023. Jos\u00e9 Antonio Garc\u00eda L\u00f3pez relata el concierto de jazz, ilustrado por las fotograf\u00edas de Jazzazza Jazz Club, local en el que tuvo lugar la actuaci\u00f3n.","rel":"","context":"En \u00abConciertos...\u00bb","block_context":{"text":"Conciertos...","link":"https:\/\/tomajazz.com\/web\/category\/contenidos\/textos\/conciertos\/"},"img":{"alt_text":"Kontxi Lorente Trio (Murcia Jazz Festival 2023) Por Jos\u00e9 Antonio Garc\u00eda L\u00f3pez [Concierto de jazz] - Tomajazz 9.0 - Kontxi Lorente Trio fue una de las propuestas que actuaron en el Murcia Jazz Festival 2023. Jos\u00e9 Antonio Garc\u00eda L\u00f3pez relata el concierto de jazz, ilustrado por las fotograf\u00edas de Jazzazza Jazz Club, local en el que tuvo lugar la actuaci\u00f3n.","src":"https:\/\/i0.wp.com\/tomajazz.com\/web\/wp-content\/uploads\/2023\/03\/P1013070-gri-Kontxi-Lorente-Trio-Murcia-Jazz-Festival-2023-Por-Jose-Antonio-Garcia-Lopez-Concierto-de-jazz-s.jpg?resize=350%2C200&ssl=1","width":350,"height":200,"srcset":"https:\/\/i0.wp.com\/tomajazz.com\/web\/wp-content\/uploads\/2023\/03\/P1013070-gri-Kontxi-Lorente-Trio-Murcia-Jazz-Festival-2023-Por-Jose-Antonio-Garcia-Lopez-Concierto-de-jazz-s.jpg?resize=350%2C200&ssl=1 1x, https:\/\/i0.wp.com\/tomajazz.com\/web\/wp-content\/uploads\/2023\/03\/P1013070-gri-Kontxi-Lorente-Trio-Murcia-Jazz-Festival-2023-Por-Jose-Antonio-Garcia-Lopez-Concierto-de-jazz-s.jpg?resize=525%2C300&ssl=1 1.5x, https:\/\/i0.wp.com\/tomajazz.com\/web\/wp-content\/uploads\/2023\/03\/P1013070-gri-Kontxi-Lorente-Trio-Murcia-Jazz-Festival-2023-Por-Jose-Antonio-Garcia-Lopez-Concierto-de-jazz-s.jpg?resize=700%2C400&ssl=1 2x"},"classes":[]},{"id":22618,"url":"https:\/\/tomajazz.com\/web\/en-concierto-con-kontxi-lorente-trio-en-bogui-hdo-0084-podcast\/","url_meta":{"origin":13083,"position":3},"title":"En concierto con&#8230; Kontxi Lorente Tr\u00edo en Bogui. HDO 0084 [Podcast]","author":"Tomajazz","date":"15 marzo, 2016","format":false,"excerpt":"El pr\u00f3ximo jueves 17 de marzo de 2016 la pianista Kontxi Lorente presentar\u00e1 en el madrile\u00f1o Bogui Jazz su grabaci\u00f3n About Me (Sedajazz Records, 2015) acompa\u00f1ada por el contrabajista Alessandro Cesarini y el baterista Borja Barrueta, los m\u00fasicos con los que grab\u00f3 su segundo CD. En HDO escuchamos la m\u00fasica\u2026","rel":"","context":"En \u00ab*_Pachi Tapiz\u00bb","block_context":{"text":"*_Pachi Tapiz","link":"https:\/\/tomajazz.com\/web\/category\/pachi-tapiz\/"},"img":{"alt_text":"","src":"https:\/\/i0.wp.com\/tomajazz.com\/web\/wp-content\/uploads\/2016\/01\/Kontxi-Lorente_About-Me_Sedajazz-Records_2015.jpg?resize=350%2C200&ssl=1","width":350,"height":200,"srcset":"https:\/\/i0.wp.com\/tomajazz.com\/web\/wp-content\/uploads\/2016\/01\/Kontxi-Lorente_About-Me_Sedajazz-Records_2015.jpg?resize=350%2C200&ssl=1 1x, https:\/\/i0.wp.com\/tomajazz.com\/web\/wp-content\/uploads\/2016\/01\/Kontxi-Lorente_About-Me_Sedajazz-Records_2015.jpg?resize=525%2C300&ssl=1 1.5x, https:\/\/i0.wp.com\/tomajazz.com\/web\/wp-content\/uploads\/2016\/01\/Kontxi-Lorente_About-Me_Sedajazz-Records_2015.jpg?resize=700%2C400&ssl=1 2x"},"classes":[]},{"id":83210,"url":"https:\/\/tomajazz.com\/web\/vii-urtarrijazz-2024\/","url_meta":{"origin":13083,"position":4},"title":"VII urtarrijazz 2024. urtarriJAZZ \u201924. Un enero de Jazz local: Silent Tr\u00edo, Jean-Marie Ecay Trio, Ache Pa Ti, Kontxi Lorente Tr\u00edo, Isla Tr\u00edo, Jazz Classic Ensemble, Arm\u00f3nica LeWhisky (Pamplona, Navarra. 12 al 31 de enero de 2024) Por Pachi Tapiz (texto) y Sera Mart\u00edn (fotograf\u00edas) [Conciertos de jazz]","author":"Tomajazz","date":"3 febrero, 2024","format":false,"excerpt":"Entre el 12 y el 31 de de enero de 2024 ha tenido lugar en Civivox San Jorge de Pamplona, Urtarrijazz 2024, un ciclo que llega a su s\u00e9ptima edici\u00f3n. Pachi Tapiz y Sera Mart\u00edn repasan el festival. Actuaron Silent Tr\u00edo, Jean-Marie Ecay Trio, Ache Pa Ti, Kontxi Lorente Trio,\u2026","rel":"","context":"En \u00ab*_Sera Mart\u00edn\u00bb","block_context":{"text":"*_Sera Mart\u00edn","link":"https:\/\/tomajazz.com\/web\/category\/sera-martin\/"},"img":{"alt_text":"VII urtarrijazz 2024. urtarriJAZZ \u201924. Un enero de Jazz local: Silent Tr\u00edo, Jean-Marie Ecay Trio, Ache Pa Ti, Kontxi Lorente Trio, Isla Tr\u00edo, Jazz Classic Ensemble, Arm\u00f3nica LeWhisky (Pamplona, Navarra. 12 al 31 de enero de 2024) Por Pachi Tapiz (texto) y Sera Mart\u00edn (fotograf\u00edas) [Conciertos de jazz] - Tomajazz - Entre el 12 y el 31 de de enero de 2024 ha tenido lugar en Civivox San Jorge de Pamplona, Urtarrijazz 2024, un ciclo que llega a su s\u00e9ptima edici\u00f3n. Pachi Tapiz y Sera Mart\u00edn repasan el festival. Actuaron Silent Tr\u00edo, Jean-Marie Ecay Trio, Ache Pa Ti, Kontxi Lorente Trio, Isla Tr\u00edo, Jazz Classic Ensemble, Arm\u00f3nica LeWhisky","src":"https:\/\/i0.wp.com\/tomajazz.com\/web\/wp-content\/uploads\/2024\/02\/Cartel-Urtarrijazz-2024-by-Sera-Martin-Tomajazz-Conciertos.jpg?resize=350%2C200&ssl=1","width":350,"height":200,"srcset":"https:\/\/i0.wp.com\/tomajazz.com\/web\/wp-content\/uploads\/2024\/02\/Cartel-Urtarrijazz-2024-by-Sera-Martin-Tomajazz-Conciertos.jpg?resize=350%2C200&ssl=1 1x, https:\/\/i0.wp.com\/tomajazz.com\/web\/wp-content\/uploads\/2024\/02\/Cartel-Urtarrijazz-2024-by-Sera-Martin-Tomajazz-Conciertos.jpg?resize=525%2C300&ssl=1 1.5x, https:\/\/i0.wp.com\/tomajazz.com\/web\/wp-content\/uploads\/2024\/02\/Cartel-Urtarrijazz-2024-by-Sera-Martin-Tomajazz-Conciertos.jpg?resize=700%2C400&ssl=1 2x, https:\/\/i0.wp.com\/tomajazz.com\/web\/wp-content\/uploads\/2024\/02\/Cartel-Urtarrijazz-2024-by-Sera-Martin-Tomajazz-Conciertos.jpg?resize=1050%2C600&ssl=1 3x"},"classes":[]},{"id":12715,"url":"https:\/\/tomajazz.com\/web\/kontxi-lorente-quartet-mediterranean-sea-sedajazz-2012\/","url_meta":{"origin":13083,"position":5},"title":"Kontxi Lorente Quartet: Mediterranean Sea (Sedajazz, 2012)","author":"Tomajazz","date":"12 junio, 2014","format":false,"excerpt":"La pianista Kontxi Lorente hace su debut discogr\u00e1fico con un nuevo producto de la factor\u00eda Sedajazz, que sigue con su labor de descubrimiento de nuevos valores en el jazz nacional. Hay que decir que se trata de un hallazgo certero, que ha sorprendido gratamente a quien suscribe. A lo largo\u2026","rel":"","context":"En \u00ab*_Carlos Lara\u00bb","block_context":{"text":"*_Carlos Lara","link":"https:\/\/tomajazz.com\/web\/category\/carlos-lara\/"},"img":{"alt_text":"","src":"https:\/\/i0.wp.com\/tomajazz.com\/web\/wp-content\/uploads\/2014\/06\/Kontxi-Lorente-Quartet-Mediterranean-Sea.jpg?resize=350%2C200&ssl=1","width":350,"height":200},"classes":[]}],"_links":{"self":[{"href":"https:\/\/tomajazz.com\/web\/wp-json\/wp\/v2\/posts\/13083","targetHints":{"allow":["GET"]}}],"collection":[{"href":"https:\/\/tomajazz.com\/web\/wp-json\/wp\/v2\/posts"}],"about":[{"href":"https:\/\/tomajazz.com\/web\/wp-json\/wp\/v2\/types\/post"}],"author":[{"embeddable":true,"href":"https:\/\/tomajazz.com\/web\/wp-json\/wp\/v2\/users\/1"}],"replies":[{"embeddable":true,"href":"https:\/\/tomajazz.com\/web\/wp-json\/wp\/v2\/comments?post=13083"}],"version-history":[{"count":3,"href":"https:\/\/tomajazz.com\/web\/wp-json\/wp\/v2\/posts\/13083\/revisions"}],"predecessor-version":[{"id":13113,"href":"https:\/\/tomajazz.com\/web\/wp-json\/wp\/v2\/posts\/13083\/revisions\/13113"}],"wp:featuredmedia":[{"embeddable":true,"href":"https:\/\/tomajazz.com\/web\/wp-json\/wp\/v2\/media\/13082"}],"wp:attachment":[{"href":"https:\/\/tomajazz.com\/web\/wp-json\/wp\/v2\/media?parent=13083"}],"wp:term":[{"taxonomy":"category","embeddable":true,"href":"https:\/\/tomajazz.com\/web\/wp-json\/wp\/v2\/categories?post=13083"},{"taxonomy":"post_tag","embeddable":true,"href":"https:\/\/tomajazz.com\/web\/wp-json\/wp\/v2\/tags?post=13083"}],"curies":[{"name":"wp","href":"https:\/\/api.w.org\/{rel}","templated":true}]}}