{"id":13523,"date":"2014-08-20T11:13:05","date_gmt":"2014-08-20T09:13:05","guid":{"rendered":"http:\/\/www.tomajazz.com\/web\/?p=13523"},"modified":"2016-11-13T22:24:47","modified_gmt":"2016-11-13T21:24:47","slug":"felix-rossy-toni-vaquer-summer-band-fest-palma-de-mallorca-2014-08-14","status":"publish","type":"post","link":"https:\/\/tomajazz.com\/web\/felix-rossy-toni-vaquer-summer-band-fest-palma-de-mallorca-2014-08-14\/","title":{"rendered":"Felix Rossy &#038; Toni Vaquer (Summer Band Fest, Palma de Mallorca. 2014-08-14)"},"content":{"rendered":"<p style=\"text-align: justify;\">Summer Band Fest<\/p>\n<p style=\"text-align: justify;\"><strong>Lugar:<\/strong> Sala Dante. Palma de Mallorca<br \/>\n<strong>Fecha:<\/strong> Jueves 14 de agosto de 2014. 22:00 h<\/p>\n<p style=\"text-align: justify;\"><strong>Formaci\u00f3n:<br \/>\n<\/strong>Felix Rossy: Trompeta<br \/>\nToni Vaquer: Piano<\/p>\n<p style=\"text-align: justify;\">Aunque el destino es como es, imagino la educaci\u00f3n musical que supongo recibi\u00f3 F\u00e9lix Rossy en su infancia adem\u00e1s de ver a su padre (Jorge Rossy) tocando con infinidad de buenos m\u00fasicos tanto en conciertos como en su casa. Tambi\u00e9n puedo entrever que la m\u00fasica que sal\u00eda de los altavoces de su casa deb\u00eda ser de la mejor. Y visto lo visto, vaya si cal\u00f3 hondo en sus entra\u00f1as. Pero esto que parece tan evidente es algo que nunca se sabe. De hecho, no estoy nada seguro de que tenga algo que ver. Pongo mi propio caso como ejemplo. No tengo un solo antecedente que escuchara m\u00fasica asiduamente y de manera tan visceral como lo hago yo. En mi casa (y colegio), nunca se escuch\u00f3 buena m\u00fasica, por esto, creo que es algo que tiene que salir de uno mismo\u2026 Pero sigo dudando y pienso que si desde bien peque\u00f1os tuvi\u00e9semos una buena educaci\u00f3n cultural (y por lo tanto, musical) en los colegios, y que esta se integrara como una cosa natural y evidente, habr\u00eda m\u00e1s gente interesada y por lo tanto el pa\u00eds se enriquecer\u00eda much\u00edsimo a nivel cultural. Pero bueno, que cada uno saque su conclusi\u00f3n. Sigo con F\u00e9lix Rossy. Si al trompetista no le hubiera interesado de verdad la m\u00fasica esto se notar\u00eda much\u00edsimo en su manera de entender la m\u00fasica y por lo tanto, en su manera de ejecutarla, y os puedo asegurar despu\u00e9s de ver el concierto y de hablar con \u00e9l un buen rato, que es un aut\u00e9ntico apasionado de la m\u00fasica y de la profesi\u00f3n de m\u00fasico, as\u00ed como de la exploraci\u00f3n de su instrumento y de la transmisi\u00f3n de emociones a todo aquel predispuesto.<\/p>\n<p style=\"text-align: center;\"><a href=\"http:\/\/www.tomajazz.com\/web\/wp-content\/uploads\/2014\/08\/Img_7764.jpg\"><img loading=\"lazy\" decoding=\"async\" class=\"aligncenter size-full wp-image-13525\" src=\"http:\/\/www.tomajazz.com\/web\/wp-content\/uploads\/2014\/08\/Img_7764.jpg\" alt=\"Img_7764\" width=\"600\" height=\"600\" title=\"\" srcset=\"https:\/\/tomajazz.com\/web\/wp-content\/uploads\/2014\/08\/Img_7764.jpg 600w, https:\/\/tomajazz.com\/web\/wp-content\/uploads\/2014\/08\/Img_7764-150x150.jpg 150w, https:\/\/tomajazz.com\/web\/wp-content\/uploads\/2014\/08\/Img_7764-200x200.jpg 200w, https:\/\/tomajazz.com\/web\/wp-content\/uploads\/2014\/08\/Img_7764-54x55.jpg 54w\" sizes=\"auto, (max-width: 600px) 100vw, 600px\" \/><\/a><\/p>\n<p style=\"text-align: justify;\">Esta noche se acompa\u00f1a del joven pianista, compositor y arreglista Toni Vaquer, del que no tengo demasiada informaci\u00f3n y apenas hay en la red (y es de Mallorca al igual que yo, pero lo de siempre, nadie es profeta en su tierra, sino pensad en Agust\u00ed Fern\u00e1ndez). Por lo que veo est\u00e1 tocando en formaciones con excelentes m\u00fasicos como por ejemplo Oriol Roca, Ernesto Aurignac o David Mengual (este \u00faltimo incluyendo en la David Mengual Free Spirits Big Band las seis suites \u201cvertebrats\u201d compuestas por Vaquer). Tambi\u00e9n hablamos brevemente\u00a0 y me comenta que actualmente est\u00e1 estudiando composici\u00f3n en la Berklee College of Music de Boston y que le queda un a\u00f1o entero en los EUA. Me confirma que en breve habr\u00e1 referencia discogr\u00e1fica de la cual estaremos muy atentos. Lo que este chico puede llegar a hacer puede ser muy grande. Estad bien atentos a este nombre.<\/p>\n<p style=\"text-align: justify;\">Esta noche act\u00faan a d\u00fao dentro del Summer Band Fest en la Sala Dante en Palma de Mallorca. Hay que decir que esta sala est\u00e1 programando con muy buen criterio, sin ir m\u00e1s lejos pude ver hace unos meses a Marco Mezquida a piano solo.<\/p>\n<p style=\"text-align: justify;\">Empieza el concierto con una improvisaci\u00f3n a d\u00fao. Y vaya si se pasean con soltura y relajaci\u00f3n por los parajes que ellos mismos crean. F\u00e9lix, sentado en una silla y colocando la trompeta hacia abajo (marca de la casa), va desgran\u00e1ndose a \u00e9l mismo ideando y ejecutando lo que su interior le reclama, as\u00ed mismo, Toni Vaquer pulsa las teclas precisas para que haya una conjunci\u00f3n muy especial entre ellos. Se puede sentir la energ\u00eda. Las miradas de complicidad se suceden y generan m\u00e1s m\u00fasica. Acabada la improvisaci\u00f3n, siguen con varios <em>standars<\/em> entre los que est\u00e1n \u201cJitterburg Waltz\u201d de Fats Waller, y \u201cYou\u2019d be so nice to come home to\u201d de Cole Porter. La visi\u00f3n que plasman de estos temas me parece de una inteligencia y una madurez ejemplar. Evidentemente la melod\u00eda es muy reconocible pero esta va mutando y nunca suena exactamente igual. Hay creaci\u00f3n dentro de algo ya creado. Las escapadas tanto del trompetista como del pianista enriquecen much\u00edsimo la escucha. Aqu\u00ed hago un peque\u00f1o par\u00e9ntesis: finalizado el concierto, hablando de este preciso tema, F\u00e9lix me comenta que, en la relaci\u00f3n a la interpretaci\u00f3n de los <em>standars<\/em>, siempre depende mucho del momento, es decir, un d\u00eda el cuerpo y la mente pide mucha experimentaci\u00f3n en la melod\u00eda, en cambio, otras veces se disfruta much\u00edsimo de la lectura pura siempre desde el interior por lo que es un tema sencillo y complejo a la vez. Para este concierto, el d\u00fao no ha buscado en ning\u00fan momento ser espec\u00edficamente jazz o algo concreto. Han elegido un repertorio y con sus instrumentos han expuesto lo que en aquel momento su coraz\u00f3n y mente les ha dictado en tiempo real. Han demostrado que para ellos, las etiquetas no son para nada importantes. Han creado m\u00fasica y un ambiente en el que no entrar, es demasiado dif\u00edcil.<\/p>\n<p style=\"text-align: center;\"><a href=\"http:\/\/www.tomajazz.com\/web\/wp-content\/uploads\/2014\/08\/Img_7763.jpg\"><img loading=\"lazy\" decoding=\"async\" class=\"aligncenter size-full wp-image-13524\" src=\"http:\/\/www.tomajazz.com\/web\/wp-content\/uploads\/2014\/08\/Img_7763.jpg\" alt=\"Img_7763\" width=\"600\" height=\"450\" title=\"\" srcset=\"https:\/\/tomajazz.com\/web\/wp-content\/uploads\/2014\/08\/Img_7763.jpg 600w, https:\/\/tomajazz.com\/web\/wp-content\/uploads\/2014\/08\/Img_7763-150x112.jpg 150w, https:\/\/tomajazz.com\/web\/wp-content\/uploads\/2014\/08\/Img_7763-200x150.jpg 200w, https:\/\/tomajazz.com\/web\/wp-content\/uploads\/2014\/08\/Img_7763-73x55.jpg 73w\" sizes=\"auto, (max-width: 600px) 100vw, 600px\" \/><\/a><\/p>\n<p style=\"text-align: justify;\">Sigue el concierto y el d\u00fao nos deleita con una pieza compuesta horas antes por lo que es una exclusiva para el poco p\u00fablico que se ha acercado. \u00bfY que sucede en el escenario? Introducci\u00f3n a piano solo de Toni Vaquer que demuestra su tremenda elegancia tocando el piano, adem\u00e1s de exponer una melod\u00eda muy bella. Al poco tiempo se incorpora el trompetista que interpreta la composici\u00f3n y los dos empiezan a interactuar, la improvisaci\u00f3n hace acto de presencia, hay ganas de experimentar. M\u00e1s complicidad. M\u00e1s creaci\u00f3n de ambiente. M\u00e1s m\u00fasica.<\/p>\n<p style=\"text-align: justify;\">Para finalizar dos versiones de temas que no tienen nada que ver con el jazz, \u201cBrigas Nunca Mais\u201d de Antonio Carlos Jobim y Vinicius De Moraes y \u201cHey Jude\u201d de John Lennon y Paul McCartney. Y lo que suena son efectivamente estos dos temas pero transformados y llevados al terreno Rossy-Vaquer, es decir, siguiendo el concepto de todo el concierto, y los dos temas se integran a la perfecci\u00f3n. M\u00e1s improvisaci\u00f3n, m\u00e1s complicidad, m\u00e1s acierto en las notas elegidas y m\u00e1s acierto en el inicio, desarrollo y conclusi\u00f3n de los temas. Finalizado el concierto, F\u00e9lix comenta que aunque les encanta la m\u00fasica etiquetada como jazz, tambi\u00e9n disfrutan improvisando sobre temas que no tienen nada que ver aunque siempre llev\u00e1ndolos a su propio terreno\u2026 \u00bfPorqu\u00e9 siempre improvisar sobre temas puramente de m\u00fasica catalogada como jazz? M\u00fasica, sentimientos que se transmiten y se perciben\u2026<\/p>\n<p style=\"text-align: justify;\">Poco m\u00e1s puedo decir para concluir. Si ten\u00e9is la oportunidad de ver a estos m\u00fasicos no lo dud\u00e9is. Aman la m\u00fasica. Aman ser m\u00fasicos.<\/p>\n<p style=\"text-align: right;\">Texto y fotos:\u00a0\u00a9\u00a0<a style=\"color: #15a3c3;\" href=\"http:\/\/1984cronicas.blogspot.com.es\/\" target=\"_blank\" rel=\"noopener\">Jes\u00fas Mateu Rossell\u00f3<\/a>, 2014<\/p>\n<p>&nbsp;<\/p>\n<p>&nbsp;<\/p>\n<p>&nbsp;<\/p>\n","protected":false},"excerpt":{"rendered":"<p>Summer Band Fest Lugar: Sala Dante. Palma de Mallorca Fecha: Jueves 14 de agosto de 2014. 22:00 h Formaci\u00f3n: Felix Rossy: Trompeta Toni Vaquer: Piano Aunque el destino es como es, imagino la educaci\u00f3n musical que supongo recibi\u00f3 F\u00e9lix Rossy en su infancia adem\u00e1s de ver a su padre (Jorge<span class=\"more-link\"><a href=\"https:\/\/tomajazz.com\/web\/felix-rossy-toni-vaquer-summer-band-fest-palma-de-mallorca-2014-08-14\/\">Contin\u00faa leyendo<\/a><\/span><\/p>\n","protected":false},"author":1003599,"featured_media":13525,"comment_status":"open","ping_status":"closed","sticky":false,"template":"","format":"standard","meta":{"jetpack_post_was_ever_published":false,"_jetpack_newsletter_access":"","_jetpack_dont_email_post_to_subs":true,"_jetpack_newsletter_tier_id":0,"_jetpack_memberships_contains_paywalled_content":false,"_jetpack_memberships_contains_paid_content":false,"footnotes":""},"categories":[17851,4,1038],"tags":[8416,7831,9437,441,9830,10094,10085,10095,10086,10087,16099,16100,1044,10093],"class_list":["entry","author-jesusmateurossello","post-13523","post","type-post","status-publish","format-standard","has-post-thumbnail","category-jesus-mateu-rossello","category-conciertos","category-contenidos","tag-antonio-carlos-jobim","tag-cole-porter","tag-fats-waller","tag-felix-rossy","tag-jesus-mateu-rossello","tag-john-lennon","tag-palma-de-mallorca","tag-paul-mccartney","tag-sala-dante","tag-summer-band-fest","tag-toma-jazz","tag-tomajazz-toma-jazz","tag-toni-vaquer","tag-vinidius-de-moraes"],"jetpack_featured_media_url":"https:\/\/tomajazz.com\/web\/wp-content\/uploads\/2014\/08\/Img_7764.jpg","jetpack_likes_enabled":true,"jetpack_sharing_enabled":true,"jetpack-related-posts":[{"id":16070,"url":"https:\/\/tomajazz.com\/web\/felix-rossy-cuando-cojo-la-trompeta-siento-que-vuelo-entrevista-por-jesus-mateu-rossello\/","url_meta":{"origin":13523,"position":0},"title":"F\u00e8lix Rossy: Cuando cojo la trompeta siento que vuelo. Entrevista por Jes\u00fas Mateu Rossello","author":"Jes\u00fas Mateu Rossell\u00f3","date":"23 diciembre, 2014","format":false,"excerpt":"F\u00e8lix Rossy, con tan solo veinte a\u00f1os cumplidos, puede presumir de haber compartido escenario con m\u00fasicos como Chris Cheek, Mark Turner, Brad Mehldau, Rj Miller, Marco Mezquida, Albert Sanz, Mike Kanan, Jordi Rossy (que como sabr\u00e9is es su padre)\u2026 a parte de liderar proyectos desde hace bastantes a\u00f1os y de\u2026","rel":"","context":"En \u00ab*_Jes\u00fas Mateu Rossell\u00f3\u00bb","block_context":{"text":"*_Jes\u00fas Mateu Rossell\u00f3","link":"https:\/\/tomajazz.com\/web\/category\/jesus-mateu-rossello\/"},"img":{"alt_text":"","src":"https:\/\/i0.wp.com\/tomajazz.com\/web\/wp-content\/uploads\/2014\/12\/7859c600.jpg?resize=350%2C200&ssl=1","width":350,"height":200},"classes":[]},{"id":29235,"url":"https:\/\/tomajazz.com\/web\/toni-vaquer-nonino-underpool-2017-cd\/","url_meta":{"origin":13523,"position":1},"title":"Toni Vaquer: Nonin\u00f3 (Underpool, 2017) [CD]","author":"Jes\u00fas Mateu Rossell\u00f3","date":"10 febrero, 2017","format":false,"excerpt":"Era el a\u00f1o 2014 cuando publicamos una rese\u00f1a en relaci\u00f3n al concierto a d\u00fao de Toni Vaquer y F\u00e8lix Rossy en Palma de Mallorca. En aquel entonces ya nos dimos cuenta de la tremenda elegancia que desprende el pianista mallorqu\u00edn y que ha ido perfeccionando en Berklee donde este a\u00f1o\u2026","rel":"","context":"En \u00ab*_Jes\u00fas Mateu Rossell\u00f3\u00bb","block_context":{"text":"*_Jes\u00fas Mateu Rossell\u00f3","link":"https:\/\/tomajazz.com\/web\/category\/jesus-mateu-rossello\/"},"img":{"alt_text":"","src":"https:\/\/i0.wp.com\/tomajazz.com\/web\/wp-content\/uploads\/2016\/12\/Toni-Vaquer_Nonino_Underpool_2016.jpg?resize=350%2C200&ssl=1","width":350,"height":200,"srcset":"https:\/\/i0.wp.com\/tomajazz.com\/web\/wp-content\/uploads\/2016\/12\/Toni-Vaquer_Nonino_Underpool_2016.jpg?resize=350%2C200&ssl=1 1x, https:\/\/i0.wp.com\/tomajazz.com\/web\/wp-content\/uploads\/2016\/12\/Toni-Vaquer_Nonino_Underpool_2016.jpg?resize=525%2C300&ssl=1 1.5x, https:\/\/i0.wp.com\/tomajazz.com\/web\/wp-content\/uploads\/2016\/12\/Toni-Vaquer_Nonino_Underpool_2016.jpg?resize=700%2C400&ssl=1 2x, https:\/\/i0.wp.com\/tomajazz.com\/web\/wp-content\/uploads\/2016\/12\/Toni-Vaquer_Nonino_Underpool_2016.jpg?resize=1050%2C600&ssl=1 3x"},"classes":[]},{"id":48669,"url":"https:\/\/tomajazz.com\/web\/instantzz-glissando-big-band-4o-alternatilla-jazz-in-mallorca-galeria-fotografica\/","url_meta":{"origin":13523,"position":2},"title":"INSTANTZZ: Glissando Big Band (4\u00ba Alternatilla Jazz in Mallorca) [Galer\u00eda fotogr\u00e1fica]","author":"Tomajazz","date":"24 enero, 2020","format":false,"excerpt":"Jos\u00e9 Luis Luna Rocafort termina con las im\u00e1genes de la actuaci\u00f3n de la Glissando Big Band, su repaso visual al 4\u00ba Alternatilla Jazz in Mallorca en el fotoblog INSTANTZZ.","rel":"","context":"En \u00abFotoblog - Galer\u00eda fotogr\u00e1fica\u00bb","block_context":{"text":"Fotoblog - Galer\u00eda fotogr\u00e1fica","link":"https:\/\/tomajazz.com\/web\/category\/contenidos\/imagenes\/photoblogs\/"},"img":{"alt_text":"","src":"https:\/\/i0.wp.com\/tomajazz.com\/web\/wp-content\/uploads\/2020\/01\/001-9.jpg?resize=350%2C200&ssl=1","width":350,"height":200,"srcset":"https:\/\/i0.wp.com\/tomajazz.com\/web\/wp-content\/uploads\/2020\/01\/001-9.jpg?resize=350%2C200&ssl=1 1x, https:\/\/i0.wp.com\/tomajazz.com\/web\/wp-content\/uploads\/2020\/01\/001-9.jpg?resize=525%2C300&ssl=1 1.5x"},"classes":[]},{"id":38005,"url":"https:\/\/tomajazz.com\/web\/instantzz-alabaix-big-band-3a-edicion-a-jazz-de-mar-portocolom-mallorca-2018-07-08-galeria-fotografica\/","url_meta":{"origin":13523,"position":3},"title":"INSTANTZZ: Alabaix Big Band (3\u00aa edici\u00f3n \u201cA Jazz de Mar\u201d. Portocolom, Mallorca. 2018-07-08) [Galer\u00eda fotogr\u00e1fica]","author":"Tomajazz","date":"26 julio, 2018","format":false,"excerpt":"Por\u00a0Jos\u00e9 Luis Luna Rocafort\u00a0 3\u00ba edici\u00f3n \"A Jazz de Mar\" Fecha: Domingo, 08 de julio de 2018. 22:00 Lugar: Mollet d'en Perell\u00f3. Portocolom (Mallorca) Grupo: Alabaix Big Band Toni Vaquer: direcci\u00f3n y arreglos Santi de La Rubia, Joan M\u00e1s, Eva Fern\u00e1ndez, Carles Medina, Miquel \u00c0ngel Rigo: saxos Miquel Gay\u00e0, Tomeu\u2026","rel":"","context":"En \u00ab*_Jos\u00e9 Luis Luna Rocafort\u00bb","block_context":{"text":"*_Jos\u00e9 Luis Luna Rocafort","link":"https:\/\/tomajazz.com\/web\/category\/jose-luis-luna-rocafort\/"},"img":{"alt_text":"","src":"https:\/\/i0.wp.com\/tomajazz.com\/web\/wp-content\/uploads\/2018\/07\/001-6.jpg?resize=350%2C200&ssl=1","width":350,"height":200,"srcset":"https:\/\/i0.wp.com\/tomajazz.com\/web\/wp-content\/uploads\/2018\/07\/001-6.jpg?resize=350%2C200&ssl=1 1x, https:\/\/i0.wp.com\/tomajazz.com\/web\/wp-content\/uploads\/2018\/07\/001-6.jpg?resize=525%2C300&ssl=1 1.5x"},"classes":[]},{"id":31927,"url":"https:\/\/tomajazz.com\/web\/instantzz-alabaix-big-band-a-jazz-de-mar-mollet-den-perello-portocolom-mallorca-2017-06-09-galeria-fotografica\/","url_meta":{"origin":13523,"position":4},"title":"INSTANTZZ: Alabaix Big Band (A Jazz de Mar. Mollet den Perell\u00f3. Portocolom -Mallorca-. 2017-06-09) [Galer\u00eda fotogr\u00e1fica]","author":"Tomajazz","date":"24 agosto, 2017","format":false,"excerpt":"Festival A Jazz de Mar Fecha: Domingo, 09 de julio de 2017. 22:00 Lugar: Mollet den Perell\u00f3. Portocolom (Mallorca) Grupo: Alabaix Big Band Toni Vaquer: direcci\u00f3n y arreglos Joan M\u00e1s, Gabriel Amargant, Eva Fern\u00e1ndez, Carles Medina, Miquel \u00c0ngel Rigo: saxos Miquel Gay\u00e0, Tomeu Garc\u00edas, Pere Garc\u00edas, Joan Garc\u00edas: trombones Pep\u2026","rel":"","context":"En \u00ab*_Jos\u00e9 Luis Luna Rocafort\u00bb","block_context":{"text":"*_Jos\u00e9 Luis Luna Rocafort","link":"https:\/\/tomajazz.com\/web\/category\/jose-luis-luna-rocafort\/"},"img":{"alt_text":"","src":"https:\/\/i0.wp.com\/tomajazz.com\/web\/wp-content\/uploads\/2017\/08\/012.jpg?resize=350%2C200&ssl=1","width":350,"height":200,"srcset":"https:\/\/i0.wp.com\/tomajazz.com\/web\/wp-content\/uploads\/2017\/08\/012.jpg?resize=350%2C200&ssl=1 1x, https:\/\/i0.wp.com\/tomajazz.com\/web\/wp-content\/uploads\/2017\/08\/012.jpg?resize=525%2C300&ssl=1 1.5x"},"classes":[]},{"id":54782,"url":"https:\/\/tomajazz.com\/web\/instantzz-gran-ensemble-liceu-dir-toni-vaquer-homenatge-a-jordi-bonell-auditori-del-conservatori-del-liceu-barcelona-2020-04-22-galeria-fotografica-aka-fotoblog-de-jazz-imp\/","url_meta":{"origin":13523,"position":5},"title":"INSTANTZZ: Gran Ensemble Liceu, dir. Toni Vaquer, \u201cHomenatge a Jordi Bonell\u201d (Auditori del Conservatori del Liceu, Barcelona. 2020-04-22) [Galer\u00eda fotogr\u00e1fica AKA Fotoblog de jazz, impro\u2026 y algo m\u00e1s] Por Joan Cort\u00e8s","author":"Tomajazz","date":"25 mayo, 2021","format":false,"excerpt":"Joan Cort\u00e8s retrata en INSTANTZZ el \u201cHomenatge a Jordi Bonell\u201d realizado por el Gran Ensemble Liceu dirigido por Toni Vaquer,","rel":"","context":"En \u00abIm\u00e1genes\u00bb","block_context":{"text":"Im\u00e1genes","link":"https:\/\/tomajazz.com\/web\/category\/contenidos\/imagenes\/"},"img":{"alt_text":"","src":"https:\/\/i0.wp.com\/tomajazz.com\/web\/wp-content\/uploads\/2021\/05\/07_Tn-Vqr-Grn-nsmbl-Lc-Joan-Cortes_22abr21_Cnsrvtr-dl-Lc_Bcn.jpg?resize=350%2C200&ssl=1","width":350,"height":200,"srcset":"https:\/\/i0.wp.com\/tomajazz.com\/web\/wp-content\/uploads\/2021\/05\/07_Tn-Vqr-Grn-nsmbl-Lc-Joan-Cortes_22abr21_Cnsrvtr-dl-Lc_Bcn.jpg?resize=350%2C200&ssl=1 1x, https:\/\/i0.wp.com\/tomajazz.com\/web\/wp-content\/uploads\/2021\/05\/07_Tn-Vqr-Grn-nsmbl-Lc-Joan-Cortes_22abr21_Cnsrvtr-dl-Lc_Bcn.jpg?resize=525%2C300&ssl=1 1.5x"},"classes":[]}],"_links":{"self":[{"href":"https:\/\/tomajazz.com\/web\/wp-json\/wp\/v2\/posts\/13523","targetHints":{"allow":["GET"]}}],"collection":[{"href":"https:\/\/tomajazz.com\/web\/wp-json\/wp\/v2\/posts"}],"about":[{"href":"https:\/\/tomajazz.com\/web\/wp-json\/wp\/v2\/types\/post"}],"author":[{"embeddable":true,"href":"https:\/\/tomajazz.com\/web\/wp-json\/wp\/v2\/users\/1003599"}],"replies":[{"embeddable":true,"href":"https:\/\/tomajazz.com\/web\/wp-json\/wp\/v2\/comments?post=13523"}],"version-history":[{"count":4,"href":"https:\/\/tomajazz.com\/web\/wp-json\/wp\/v2\/posts\/13523\/revisions"}],"predecessor-version":[{"id":13563,"href":"https:\/\/tomajazz.com\/web\/wp-json\/wp\/v2\/posts\/13523\/revisions\/13563"}],"wp:featuredmedia":[{"embeddable":true,"href":"https:\/\/tomajazz.com\/web\/wp-json\/wp\/v2\/media\/13525"}],"wp:attachment":[{"href":"https:\/\/tomajazz.com\/web\/wp-json\/wp\/v2\/media?parent=13523"}],"wp:term":[{"taxonomy":"category","embeddable":true,"href":"https:\/\/tomajazz.com\/web\/wp-json\/wp\/v2\/categories?post=13523"},{"taxonomy":"post_tag","embeddable":true,"href":"https:\/\/tomajazz.com\/web\/wp-json\/wp\/v2\/tags?post=13523"}],"curies":[{"name":"wp","href":"https:\/\/api.w.org\/{rel}","templated":true}]}}