{"id":13580,"date":"2014-08-27T11:00:15","date_gmt":"2014-08-27T09:00:15","guid":{"rendered":"http:\/\/www.tomajazz.com\/web\/?p=13580"},"modified":"2016-11-13T16:32:36","modified_gmt":"2016-11-13T15:32:36","slug":"24-festival-daltitude-jazz-a-luz-i-toma-gouband-agusti-fernandez-nate-wooley-chromb-didier-lasserre-kristof-hiriart-christian-pruvost-luz-saint-sauveur-francia-2014-07-12","status":"publish","type":"post","link":"https:\/\/tomajazz.com\/web\/24-festival-daltitude-jazz-a-luz-i-toma-gouband-agusti-fernandez-nate-wooley-chromb-didier-lasserre-kristof-hiriart-christian-pruvost-luz-saint-sauveur-francia-2014-07-12\/","title":{"rendered":"24 Festival D\u2019Altitude Jazz \u00c0 Luz (I): Toma Gouband \/ Agust\u00ed Fern\u00e1ndez &#038; Nate Wooley  \/ Chromb! \/ Didier Lasserre \/ Kristof Hiriart &#038; Christian Pruvost (Luz Saint-Sauveur, Francia. 2014-07-12\/13)"},"content":{"rendered":"<p>24 Festival D\u2019Altitude Jazz \u00c0 Luz<br \/>\nLuz Saint-Sauveur, Francia<\/p>\n<p><strong>Toma Gouband<\/strong><\/p>\n<ul>\n<li>Fecha: S\u00e1bado, 12 de julio de 2014<\/li>\n<li>Lugar: Maison de la Vall\u00e9e<\/li>\n<li>Componente:<br \/>\nToma Gouban, percusi\u00f3n<\/li>\n<\/ul>\n<p><strong>Agust\u00ed Fern\u00e1ndez &amp; Nate Wooley<\/strong><\/p>\n<ul>\n<li>Fecha: S\u00e1bado, 12 de julio de 2014<\/li>\n<li>Lugar: Chapiteau<\/li>\n<li>Componentes:<br \/>\nAgust\u00ed Fern\u00e1dez, piano<br \/>\nNate Wooley, trompeta<\/li>\n<\/ul>\n<p><strong>Chromb!<\/strong><\/p>\n<ul>\n<li>Fecha: S\u00e1bado, 12 de julio de 2014<\/li>\n<li>Lugar: Chapiteau<\/li>\n<li>Componentes:<br \/>\nL\u00e9o Dumont, bater\u00eda<br \/>\nCamille Durieux, teclado y coros<br \/>\nLucas Hercberg, bajo, efectos y coros<br \/>\nAntoine Mermet, saxo alto y voz<\/li>\n<\/ul>\n<p><strong>Didier Lasserre<\/strong><\/p>\n<ul>\n<li>Fecha: Domingo, 13 de julio de 2014<\/li>\n<li>Lugar: Colline Solferino<\/li>\n<li>Componente:<br \/>\nDidier Lasserre, bater\u00eda<\/li>\n<\/ul>\n<p><strong>Kristof Hiriart &amp; Christian Pruvost<\/strong><\/p>\n<ul>\n<li>Fecha: Domingo, 13 de julio de 2014<\/li>\n<li>Lugar: Place de la Comporte<\/li>\n<li>Componentes:<br \/>\nKristof Hiriart, voz y percusi\u00f3n<br \/>\nChristian Pruvost, trompeta<\/li>\n<\/ul>\n<p>Comentario:<\/p>\n<p style=\"text-align: justify;\">Llegar a Luz-Saint-Sauveur consiste en haber pasado por un buen par de toboganes, con sus respectivos puertos de monta\u00f1a y transcurrir por carreteras estrechas a velocidad moderada. Si a ello le sumamos, como fue el caso, lluvias y nubes espor\u00e1dicas, pues todav\u00eda mejor. Con un n\u00famero considerables de ciclistas, masculinos y femeninos, durante el recorrido.<\/p>\n<p style=\"text-align: justify;\">La poblaci\u00f3n est\u00e1 totalmente rodeada de monta\u00f1as. El verde, expuesto en gamas diversas, es el color dominante. Situada a unos veinte kil\u00f3metros del m\u00edtico Tourmalet, con sus 1400 metros de desnivel positivo, lugar donde el verde cede su predominio a las tonalidades gris\u00e1ceas de las piedras y las rocas.<\/p>\n<p style=\"text-align: justify;\">Un entorno, qui\u00e9rase o no, que termina, en mayor o menor grado, condicionando el estado de \u00e1nimo, as\u00ed como la percepci\u00f3n de los distintos encuentro musicales, algunos de ellos perfectamente entronizados con el espacio natural circundante.<\/p>\n<p style=\"text-align: center;\"><img loading=\"lazy\" decoding=\"async\" class=\"aligncenter size-full wp-image-13574\" src=\"http:\/\/www.tomajazz.com\/web\/wp-content\/uploads\/2014\/08\/F01_TOMA-GOUBAND-\u00a9Joan-Cort\u00e8s_12ul14_24FJazz-\u00e0-Luz_Maison-de-la-Vall\u00e9e_Luz-Saint-Sauveur.jpg\" alt=\"F01_TOMA GOUBAND (\u00a9Joan Cort\u00e8s)_12ul14_24FJazz \u00e0 Luz_Maison de la Vall\u00e9e_Luz-Saint-Sauveur\" width=\"600\" height=\"399\" title=\"\" srcset=\"https:\/\/tomajazz.com\/web\/wp-content\/uploads\/2014\/08\/F01_TOMA-GOUBAND-\u00a9Joan-Cort\u00e8s_12ul14_24FJazz-\u00e0-Luz_Maison-de-la-Vall\u00e9e_Luz-Saint-Sauveur.jpg 600w, https:\/\/tomajazz.com\/web\/wp-content\/uploads\/2014\/08\/F01_TOMA-GOUBAND-\u00a9Joan-Cort\u00e8s_12ul14_24FJazz-\u00e0-Luz_Maison-de-la-Vall\u00e9e_Luz-Saint-Sauveur-150x99.jpg 150w, https:\/\/tomajazz.com\/web\/wp-content\/uploads\/2014\/08\/F01_TOMA-GOUBAND-\u00a9Joan-Cort\u00e8s_12ul14_24FJazz-\u00e0-Luz_Maison-de-la-Vall\u00e9e_Luz-Saint-Sauveur-200x133.jpg 200w, https:\/\/tomajazz.com\/web\/wp-content\/uploads\/2014\/08\/F01_TOMA-GOUBAND-\u00a9Joan-Cort\u00e8s_12ul14_24FJazz-\u00e0-Luz_Maison-de-la-Vall\u00e9e_Luz-Saint-Sauveur-82x55.jpg 82w, https:\/\/tomajazz.com\/web\/wp-content\/uploads\/2014\/08\/F01_TOMA-GOUBAND-\u00a9Joan-Cort\u00e8s_12ul14_24FJazz-\u00e0-Luz_Maison-de-la-Vall\u00e9e_Luz-Saint-Sauveur-60x40.jpg 60w, https:\/\/tomajazz.com\/web\/wp-content\/uploads\/2014\/08\/F01_TOMA-GOUBAND-\u00a9Joan-Cort\u00e8s_12ul14_24FJazz-\u00e0-Luz_Maison-de-la-Vall\u00e9e_Luz-Saint-Sauveur-120x80.jpg 120w\" sizes=\"auto, (max-width: 600px) 100vw, 600px\" \/><\/p>\n<p style=\"text-align: justify;\">Por imperativos laborables, llegamos despu\u00e9s del mediod\u00eda de la segunda jornada, y entramos directamente en materia, a las 16:00, en la Maison de la Vall\u00e9e, con el proyecto del percusionista Toma Gouband y su singular <em>set<\/em> de percusi\u00f3n, a base de piedras de distinto tama\u00f1o, sin pulir, m\u00e1s all\u00e1 de la redondeada, en forma de huevo, que utilizaba como elemento principal para tocar, adem\u00e1s de un tambor, dos platos de metal, una caja de madera y dos pies de charles adaptados para percutir sobre fragmentos de piedra.<\/p>\n<p style=\"text-align: center;\"><img loading=\"lazy\" decoding=\"async\" class=\"aligncenter size-full wp-image-13575\" src=\"http:\/\/www.tomajazz.com\/web\/wp-content\/uploads\/2014\/08\/F02__TOMA-GOUBAND-\u00a9Joan-Cort\u00e8s_12ul14_24FJazz-\u00e0-Luz_Maison-de-la-Vall\u00e9e_Luz-Saint-Sauveur.jpg\" alt=\"F02__TOMA GOUBAND (\u00a9Joan Cort\u00e8s)_12ul14_24FJazz \u00e0 Luz_Maison de la Vall\u00e9e_Luz-Saint-Sauveur\" width=\"600\" height=\"399\" title=\"\" srcset=\"https:\/\/tomajazz.com\/web\/wp-content\/uploads\/2014\/08\/F02__TOMA-GOUBAND-\u00a9Joan-Cort\u00e8s_12ul14_24FJazz-\u00e0-Luz_Maison-de-la-Vall\u00e9e_Luz-Saint-Sauveur.jpg 600w, https:\/\/tomajazz.com\/web\/wp-content\/uploads\/2014\/08\/F02__TOMA-GOUBAND-\u00a9Joan-Cort\u00e8s_12ul14_24FJazz-\u00e0-Luz_Maison-de-la-Vall\u00e9e_Luz-Saint-Sauveur-150x99.jpg 150w, https:\/\/tomajazz.com\/web\/wp-content\/uploads\/2014\/08\/F02__TOMA-GOUBAND-\u00a9Joan-Cort\u00e8s_12ul14_24FJazz-\u00e0-Luz_Maison-de-la-Vall\u00e9e_Luz-Saint-Sauveur-200x133.jpg 200w, https:\/\/tomajazz.com\/web\/wp-content\/uploads\/2014\/08\/F02__TOMA-GOUBAND-\u00a9Joan-Cort\u00e8s_12ul14_24FJazz-\u00e0-Luz_Maison-de-la-Vall\u00e9e_Luz-Saint-Sauveur-82x55.jpg 82w, https:\/\/tomajazz.com\/web\/wp-content\/uploads\/2014\/08\/F02__TOMA-GOUBAND-\u00a9Joan-Cort\u00e8s_12ul14_24FJazz-\u00e0-Luz_Maison-de-la-Vall\u00e9e_Luz-Saint-Sauveur-60x40.jpg 60w, https:\/\/tomajazz.com\/web\/wp-content\/uploads\/2014\/08\/F02__TOMA-GOUBAND-\u00a9Joan-Cort\u00e8s_12ul14_24FJazz-\u00e0-Luz_Maison-de-la-Vall\u00e9e_Luz-Saint-Sauveur-120x80.jpg 120w\" sizes=\"auto, (max-width: 600px) 100vw, 600px\" \/><\/p>\n<p style=\"text-align: justify;\">Una sola pieza, expuesta, a lo largo de unos sesenta minutos, pausada, minimalista y circundante, incluso con algunos sonidos no materializados a nivel f\u00edsico, que quedaban dibujados en el aire. Juego de roces y suaves fregados de piedra sobre piedra, con toques de metal y cuero. Una pieza improvisada, compuesta en el momento, que pod\u00eda hacer pensar en una pintura de tonalidades claras, con diversas, peque\u00f1as y sutiles formas dispuestas en la superficie de una tela.<\/p>\n<p style=\"text-align: center;\"><img loading=\"lazy\" decoding=\"async\" class=\"aligncenter size-full wp-image-13576\" src=\"http:\/\/www.tomajazz.com\/web\/wp-content\/uploads\/2014\/08\/F03_TOMA-GOUBAND-\u00a9Joan-Cort\u00e8s_12ul14_24FJazz-\u00e0-Luz_Maison-de-la-Vall\u00e9e_Luz-Saint-Sauveur.jpg\" alt=\"F03_TOMA GOUBAND (\u00a9Joan Cort\u00e8s)_12ul14_24FJazz \u00e0 Luz_Maison de la Vall\u00e9e_Luz-Saint-Sauveur\" width=\"600\" height=\"399\" title=\"\" srcset=\"https:\/\/tomajazz.com\/web\/wp-content\/uploads\/2014\/08\/F03_TOMA-GOUBAND-\u00a9Joan-Cort\u00e8s_12ul14_24FJazz-\u00e0-Luz_Maison-de-la-Vall\u00e9e_Luz-Saint-Sauveur.jpg 600w, https:\/\/tomajazz.com\/web\/wp-content\/uploads\/2014\/08\/F03_TOMA-GOUBAND-\u00a9Joan-Cort\u00e8s_12ul14_24FJazz-\u00e0-Luz_Maison-de-la-Vall\u00e9e_Luz-Saint-Sauveur-150x99.jpg 150w, https:\/\/tomajazz.com\/web\/wp-content\/uploads\/2014\/08\/F03_TOMA-GOUBAND-\u00a9Joan-Cort\u00e8s_12ul14_24FJazz-\u00e0-Luz_Maison-de-la-Vall\u00e9e_Luz-Saint-Sauveur-200x133.jpg 200w, https:\/\/tomajazz.com\/web\/wp-content\/uploads\/2014\/08\/F03_TOMA-GOUBAND-\u00a9Joan-Cort\u00e8s_12ul14_24FJazz-\u00e0-Luz_Maison-de-la-Vall\u00e9e_Luz-Saint-Sauveur-82x55.jpg 82w, https:\/\/tomajazz.com\/web\/wp-content\/uploads\/2014\/08\/F03_TOMA-GOUBAND-\u00a9Joan-Cort\u00e8s_12ul14_24FJazz-\u00e0-Luz_Maison-de-la-Vall\u00e9e_Luz-Saint-Sauveur-60x40.jpg 60w, https:\/\/tomajazz.com\/web\/wp-content\/uploads\/2014\/08\/F03_TOMA-GOUBAND-\u00a9Joan-Cort\u00e8s_12ul14_24FJazz-\u00e0-Luz_Maison-de-la-Vall\u00e9e_Luz-Saint-Sauveur-120x80.jpg 120w\" sizes=\"auto, (max-width: 600px) 100vw, 600px\" \/><\/p>\n<p style=\"text-align: justify;\">El auditorio, de ac\u00fastica excelente, estuvo totalmente lleno, incluso con algunos escalones utilizados como asientos. Un p\u00fablico variado de edades bien diversas.<\/p>\n<p style=\"text-align: center;\"><img loading=\"lazy\" decoding=\"async\" class=\"aligncenter size-full wp-image-13577\" src=\"http:\/\/www.tomajazz.com\/web\/wp-content\/uploads\/2014\/08\/F04_AFERN\u00c1NDEZNWOOLEY-\u00a9Joan-Cort\u00e8s_13jul14_24FJazz-\u00e0-Luz_Chapiteau_Luz-Saint-Sauveur.jpg\" alt=\"F04_AFERN\u00c1NDEZ&amp;NWOOLEY (\u00a9Joan Cort\u00e8s)_13jul14_24FJazz \u00e0 Luz_Chapiteau_Luz-Saint-Sauveur\" width=\"600\" height=\"399\" title=\"\" srcset=\"https:\/\/tomajazz.com\/web\/wp-content\/uploads\/2014\/08\/F04_AFERN\u00c1NDEZNWOOLEY-\u00a9Joan-Cort\u00e8s_13jul14_24FJazz-\u00e0-Luz_Chapiteau_Luz-Saint-Sauveur.jpg 600w, https:\/\/tomajazz.com\/web\/wp-content\/uploads\/2014\/08\/F04_AFERN\u00c1NDEZNWOOLEY-\u00a9Joan-Cort\u00e8s_13jul14_24FJazz-\u00e0-Luz_Chapiteau_Luz-Saint-Sauveur-150x99.jpg 150w, https:\/\/tomajazz.com\/web\/wp-content\/uploads\/2014\/08\/F04_AFERN\u00c1NDEZNWOOLEY-\u00a9Joan-Cort\u00e8s_13jul14_24FJazz-\u00e0-Luz_Chapiteau_Luz-Saint-Sauveur-200x133.jpg 200w, https:\/\/tomajazz.com\/web\/wp-content\/uploads\/2014\/08\/F04_AFERN\u00c1NDEZNWOOLEY-\u00a9Joan-Cort\u00e8s_13jul14_24FJazz-\u00e0-Luz_Chapiteau_Luz-Saint-Sauveur-82x55.jpg 82w, https:\/\/tomajazz.com\/web\/wp-content\/uploads\/2014\/08\/F04_AFERN\u00c1NDEZNWOOLEY-\u00a9Joan-Cort\u00e8s_13jul14_24FJazz-\u00e0-Luz_Chapiteau_Luz-Saint-Sauveur-60x40.jpg 60w, https:\/\/tomajazz.com\/web\/wp-content\/uploads\/2014\/08\/F04_AFERN\u00c1NDEZNWOOLEY-\u00a9Joan-Cort\u00e8s_13jul14_24FJazz-\u00e0-Luz_Chapiteau_Luz-Saint-Sauveur-120x80.jpg 120w\" sizes=\"auto, (max-width: 600px) 100vw, 600px\" \/><\/p>\n<p style=\"text-align: justify;\">A la 21:00, y en el Chapiteau, con un entoldado impermeable, tanto para los m\u00fasicos como para el p\u00fablico, se presentaba la propuesta que en su d\u00eda no pudimos ver materializada, por problemas a\u00e9reos, en Barcelona, en las Jamboree Jazz Lab Sesssions de los martes del mes de abril de 2013. Unas <em>Lab<\/em> donde Agust\u00ed Fern\u00e1ndez se presento al frente de cinco formaciones diferentes, en concepto y en tama\u00f1o.<\/p>\n<p style=\"text-align: center;\"><img loading=\"lazy\" decoding=\"async\" class=\"aligncenter size-full wp-image-13578\" src=\"http:\/\/www.tomajazz.com\/web\/wp-content\/uploads\/2014\/08\/F05_AFERN\u00c1NDEZNWOOLEY-\u00a9Joan-Cort\u00e8s_13jul14_24FJazz-\u00e0-Luz_Chapiteau_Luz-Saint-Sauveur.jpg\" alt=\"F05_AFERN\u00c1NDEZ&amp;NWOOLEY (\u00a9Joan Cort\u00e8s)_13jul14_24FJazz \u00e0 Luz_Chapiteau_Luz-Saint-Sauveur\" width=\"600\" height=\"399\" title=\"\" srcset=\"https:\/\/tomajazz.com\/web\/wp-content\/uploads\/2014\/08\/F05_AFERN\u00c1NDEZNWOOLEY-\u00a9Joan-Cort\u00e8s_13jul14_24FJazz-\u00e0-Luz_Chapiteau_Luz-Saint-Sauveur.jpg 600w, https:\/\/tomajazz.com\/web\/wp-content\/uploads\/2014\/08\/F05_AFERN\u00c1NDEZNWOOLEY-\u00a9Joan-Cort\u00e8s_13jul14_24FJazz-\u00e0-Luz_Chapiteau_Luz-Saint-Sauveur-150x99.jpg 150w, https:\/\/tomajazz.com\/web\/wp-content\/uploads\/2014\/08\/F05_AFERN\u00c1NDEZNWOOLEY-\u00a9Joan-Cort\u00e8s_13jul14_24FJazz-\u00e0-Luz_Chapiteau_Luz-Saint-Sauveur-200x133.jpg 200w, https:\/\/tomajazz.com\/web\/wp-content\/uploads\/2014\/08\/F05_AFERN\u00c1NDEZNWOOLEY-\u00a9Joan-Cort\u00e8s_13jul14_24FJazz-\u00e0-Luz_Chapiteau_Luz-Saint-Sauveur-82x55.jpg 82w, https:\/\/tomajazz.com\/web\/wp-content\/uploads\/2014\/08\/F05_AFERN\u00c1NDEZNWOOLEY-\u00a9Joan-Cort\u00e8s_13jul14_24FJazz-\u00e0-Luz_Chapiteau_Luz-Saint-Sauveur-60x40.jpg 60w, https:\/\/tomajazz.com\/web\/wp-content\/uploads\/2014\/08\/F05_AFERN\u00c1NDEZNWOOLEY-\u00a9Joan-Cort\u00e8s_13jul14_24FJazz-\u00e0-Luz_Chapiteau_Luz-Saint-Sauveur-120x80.jpg 120w\" sizes=\"auto, (max-width: 600px) 100vw, 600px\" \/><\/p>\n<p style=\"text-align: justify;\">Fern\u00e1ndez y Nate Wooley forman un dueto c\u00f3mplice, que a\u00fanan mundos distintos del amplio campo de la improvisaci\u00f3n. En Luz, y esto es una percepci\u00f3n personal, Wooley estuvo en un terreno como m\u00e1s mental, conceptual y especulativo, mostrando un amplio muestrario de efectos y sonoridades quebradizas as\u00ed como cortantes, mientras el pianista mallorqu\u00edn deambul\u00f3 por coordenadas m\u00e1s viscerales, contrast\u00e1ndolas y combin\u00e1ndolas, con otras m\u00e1s l\u00edricas, deliciosamente l\u00edricas, todo un placer, sin por ello abandonar sus idas y venidas por p\u00e1ramos notablemente salvajes y bien musculados.<\/p>\n<p style=\"text-align: center;\"><img loading=\"lazy\" decoding=\"async\" class=\"aligncenter size-full wp-image-13579\" src=\"http:\/\/www.tomajazz.com\/web\/wp-content\/uploads\/2014\/08\/F06_AFERN\u00c1NDEZNWOOLEY-\u00a9Joan-Cort\u00e8s_13jul14_24FJazz-\u00e0-Luz_Chapiteau_Luz-Saint-Sauveur.jpg\" alt=\"F06_AFERN\u00c1NDEZ&amp;NWOOLEY (\u00a9Joan Cort\u00e8s)_13jul14_24FJazz \u00e0 Luz_Chapiteau_Luz-Saint-Sauveur\" width=\"600\" height=\"399\" title=\"\" srcset=\"https:\/\/tomajazz.com\/web\/wp-content\/uploads\/2014\/08\/F06_AFERN\u00c1NDEZNWOOLEY-\u00a9Joan-Cort\u00e8s_13jul14_24FJazz-\u00e0-Luz_Chapiteau_Luz-Saint-Sauveur.jpg 600w, https:\/\/tomajazz.com\/web\/wp-content\/uploads\/2014\/08\/F06_AFERN\u00c1NDEZNWOOLEY-\u00a9Joan-Cort\u00e8s_13jul14_24FJazz-\u00e0-Luz_Chapiteau_Luz-Saint-Sauveur-150x99.jpg 150w, https:\/\/tomajazz.com\/web\/wp-content\/uploads\/2014\/08\/F06_AFERN\u00c1NDEZNWOOLEY-\u00a9Joan-Cort\u00e8s_13jul14_24FJazz-\u00e0-Luz_Chapiteau_Luz-Saint-Sauveur-200x133.jpg 200w, https:\/\/tomajazz.com\/web\/wp-content\/uploads\/2014\/08\/F06_AFERN\u00c1NDEZNWOOLEY-\u00a9Joan-Cort\u00e8s_13jul14_24FJazz-\u00e0-Luz_Chapiteau_Luz-Saint-Sauveur-82x55.jpg 82w, https:\/\/tomajazz.com\/web\/wp-content\/uploads\/2014\/08\/F06_AFERN\u00c1NDEZNWOOLEY-\u00a9Joan-Cort\u00e8s_13jul14_24FJazz-\u00e0-Luz_Chapiteau_Luz-Saint-Sauveur-60x40.jpg 60w, https:\/\/tomajazz.com\/web\/wp-content\/uploads\/2014\/08\/F06_AFERN\u00c1NDEZNWOOLEY-\u00a9Joan-Cort\u00e8s_13jul14_24FJazz-\u00e0-Luz_Chapiteau_Luz-Saint-Sauveur-120x80.jpg 120w\" sizes=\"auto, (max-width: 600px) 100vw, 600px\" \/><\/p>\n<p style=\"text-align: justify;\">Destacar\u00eda, muy especialmente, el tema en solitario, improvisado\/compuesto al instante en el interior del piano, percutiendo y rasgando sobre las cuerdas, extrayendo sonoridades, l\u00edneas y masas sonoras, impactantes y emotivas. Encar\u00f3, literalmente, el solo como un nadador al tirarse de cabeza a la piscina, como si fuera a bucear por la caja y las cuerdas de su instrumento.<\/p>\n<p style=\"text-align: center;\"><img loading=\"lazy\" decoding=\"async\" class=\"aligncenter size-full wp-image-13565\" src=\"http:\/\/www.tomajazz.com\/web\/wp-content\/uploads\/2014\/08\/F07_AFERN\u00c1NDEZNWOOLEY-\u00a9Joan-Cort\u00e8s_13jul14_24FJazz-\u00e0-Luz_Chapiteau_Luz-Saint-Sauveur.jpg\" alt=\"F07_AFERN\u00c1NDEZ&amp;NWOOLEY (\u00a9Joan Cort\u00e8s)_13jul14_24FJazz \u00e0 Luz_Chapiteau_Luz-Saint-Sauveur\" width=\"600\" height=\"399\" title=\"\" srcset=\"https:\/\/tomajazz.com\/web\/wp-content\/uploads\/2014\/08\/F07_AFERN\u00c1NDEZNWOOLEY-\u00a9Joan-Cort\u00e8s_13jul14_24FJazz-\u00e0-Luz_Chapiteau_Luz-Saint-Sauveur.jpg 600w, https:\/\/tomajazz.com\/web\/wp-content\/uploads\/2014\/08\/F07_AFERN\u00c1NDEZNWOOLEY-\u00a9Joan-Cort\u00e8s_13jul14_24FJazz-\u00e0-Luz_Chapiteau_Luz-Saint-Sauveur-150x99.jpg 150w, https:\/\/tomajazz.com\/web\/wp-content\/uploads\/2014\/08\/F07_AFERN\u00c1NDEZNWOOLEY-\u00a9Joan-Cort\u00e8s_13jul14_24FJazz-\u00e0-Luz_Chapiteau_Luz-Saint-Sauveur-200x133.jpg 200w, https:\/\/tomajazz.com\/web\/wp-content\/uploads\/2014\/08\/F07_AFERN\u00c1NDEZNWOOLEY-\u00a9Joan-Cort\u00e8s_13jul14_24FJazz-\u00e0-Luz_Chapiteau_Luz-Saint-Sauveur-82x55.jpg 82w, https:\/\/tomajazz.com\/web\/wp-content\/uploads\/2014\/08\/F07_AFERN\u00c1NDEZNWOOLEY-\u00a9Joan-Cort\u00e8s_13jul14_24FJazz-\u00e0-Luz_Chapiteau_Luz-Saint-Sauveur-60x40.jpg 60w, https:\/\/tomajazz.com\/web\/wp-content\/uploads\/2014\/08\/F07_AFERN\u00c1NDEZNWOOLEY-\u00a9Joan-Cort\u00e8s_13jul14_24FJazz-\u00e0-Luz_Chapiteau_Luz-Saint-Sauveur-120x80.jpg 120w\" sizes=\"auto, (max-width: 600px) 100vw, 600px\" \/><\/p>\n<p style=\"text-align: justify;\">A les 23:00, todav\u00eda con el estado de \u00e1nimo propiciado por el dueto Agust\u00ed-Nate, en el mismo Chapiteau, pero sin las sillas, el cuarteto Chromb!, present\u00f3 su propuesta rockera-jazzera-ruidosa y, a gusto de uno, pasada de decibelios. Un proyecto compulsivo, para saltar, bailar e incluso gritar, m\u00e1s que para una escucha atenta. Al final del quinto tema abandonamos el espacio. Lo acumulado durante la jornada hab\u00eda sobrepasado nuestro punto de saturaci\u00f3n.<\/p>\n<p style=\"text-align: center;\"><img loading=\"lazy\" decoding=\"async\" class=\"aligncenter size-full wp-image-13566\" src=\"http:\/\/www.tomajazz.com\/web\/wp-content\/uploads\/2014\/08\/F08_Documentaire-LIE-MINEURE-\u00a9Joan-Cort\u00e8s_13jul14_24FJazz-\u00e0-Luz_Colline-Solferino_Luz-Saint-Sauveur.jpg\" alt=\"F08_Documentaire LIE MINEURE (\u00a9Joan Cort\u00e8s)_13jul14_24FJazz \u00e0 Luz_Colline Solferino_Luz-Saint-Sauveur\" width=\"600\" height=\"399\" title=\"\" srcset=\"https:\/\/tomajazz.com\/web\/wp-content\/uploads\/2014\/08\/F08_Documentaire-LIE-MINEURE-\u00a9Joan-Cort\u00e8s_13jul14_24FJazz-\u00e0-Luz_Colline-Solferino_Luz-Saint-Sauveur.jpg 600w, https:\/\/tomajazz.com\/web\/wp-content\/uploads\/2014\/08\/F08_Documentaire-LIE-MINEURE-\u00a9Joan-Cort\u00e8s_13jul14_24FJazz-\u00e0-Luz_Colline-Solferino_Luz-Saint-Sauveur-150x99.jpg 150w, https:\/\/tomajazz.com\/web\/wp-content\/uploads\/2014\/08\/F08_Documentaire-LIE-MINEURE-\u00a9Joan-Cort\u00e8s_13jul14_24FJazz-\u00e0-Luz_Colline-Solferino_Luz-Saint-Sauveur-200x133.jpg 200w, https:\/\/tomajazz.com\/web\/wp-content\/uploads\/2014\/08\/F08_Documentaire-LIE-MINEURE-\u00a9Joan-Cort\u00e8s_13jul14_24FJazz-\u00e0-Luz_Colline-Solferino_Luz-Saint-Sauveur-82x55.jpg 82w, https:\/\/tomajazz.com\/web\/wp-content\/uploads\/2014\/08\/F08_Documentaire-LIE-MINEURE-\u00a9Joan-Cort\u00e8s_13jul14_24FJazz-\u00e0-Luz_Colline-Solferino_Luz-Saint-Sauveur-60x40.jpg 60w, https:\/\/tomajazz.com\/web\/wp-content\/uploads\/2014\/08\/F08_Documentaire-LIE-MINEURE-\u00a9Joan-Cort\u00e8s_13jul14_24FJazz-\u00e0-Luz_Colline-Solferino_Luz-Saint-Sauveur-120x80.jpg 120w\" sizes=\"auto, (max-width: 600px) 100vw, 600px\" \/><\/p>\n<p style=\"text-align: justify;\">El domingo 13 de julio, despu\u00e9s de un peque\u00f1o y agradable recorrido pedestre hasta la Colline Solferino, iniciamos la jornada festivalera a las 11 de la ma\u00f1ana con un documental sonoro, sin im\u00e1genes, m\u00e1s all\u00e1 de las que cada uno pudiera escoger, o no, de las interesantes perspectivas que ofrece la colina. Un audio de alta calidad sonora, muy bien editado, en el que se recoge, entre sonidos campestres y en una mezcla occitana-francesa, diferentes entrevistas relacionadas con las vivencias en el valle durante inicio de la primera guerra mundial.<\/p>\n<p style=\"text-align: center;\"><img loading=\"lazy\" decoding=\"async\" class=\"aligncenter size-full wp-image-13567\" src=\"http:\/\/www.tomajazz.com\/web\/wp-content\/uploads\/2014\/08\/F09_DIDIER-LASSERRE-\u00a9Joan-Cort\u00e8s_13jul14_24FJazz-\u00e0-Luz_Colline-Solferino_Luz-Saint-Sauveur.jpg\" alt=\"F09_DIDIER LASSERRE (\u00a9Joan Cort\u00e8s)_13jul14_24FJazz \u00e0 Luz_Colline Solferino_Luz-Saint-Sauveur\" width=\"600\" height=\"399\" title=\"\" srcset=\"https:\/\/tomajazz.com\/web\/wp-content\/uploads\/2014\/08\/F09_DIDIER-LASSERRE-\u00a9Joan-Cort\u00e8s_13jul14_24FJazz-\u00e0-Luz_Colline-Solferino_Luz-Saint-Sauveur.jpg 600w, https:\/\/tomajazz.com\/web\/wp-content\/uploads\/2014\/08\/F09_DIDIER-LASSERRE-\u00a9Joan-Cort\u00e8s_13jul14_24FJazz-\u00e0-Luz_Colline-Solferino_Luz-Saint-Sauveur-150x99.jpg 150w, https:\/\/tomajazz.com\/web\/wp-content\/uploads\/2014\/08\/F09_DIDIER-LASSERRE-\u00a9Joan-Cort\u00e8s_13jul14_24FJazz-\u00e0-Luz_Colline-Solferino_Luz-Saint-Sauveur-200x133.jpg 200w, https:\/\/tomajazz.com\/web\/wp-content\/uploads\/2014\/08\/F09_DIDIER-LASSERRE-\u00a9Joan-Cort\u00e8s_13jul14_24FJazz-\u00e0-Luz_Colline-Solferino_Luz-Saint-Sauveur-82x55.jpg 82w, https:\/\/tomajazz.com\/web\/wp-content\/uploads\/2014\/08\/F09_DIDIER-LASSERRE-\u00a9Joan-Cort\u00e8s_13jul14_24FJazz-\u00e0-Luz_Colline-Solferino_Luz-Saint-Sauveur-60x40.jpg 60w, https:\/\/tomajazz.com\/web\/wp-content\/uploads\/2014\/08\/F09_DIDIER-LASSERRE-\u00a9Joan-Cort\u00e8s_13jul14_24FJazz-\u00e0-Luz_Colline-Solferino_Luz-Saint-Sauveur-120x80.jpg 120w\" sizes=\"auto, (max-width: 600px) 100vw, 600px\" \/><\/p>\n<p style=\"text-align: justify;\">A las 12, arropados en una excelente sombra, el bater\u00eda Didier Lasserre, presentaba <em>La Memorie<\/em>, en un nuevo solo de bater\u00eda, con una \u201cbatterie ancienne\u201d, y, tambi\u00e9n, planteado como un solo unitario en una sola pieza, pausada, jugando con los timbres y los peque\u00f1os detalles, todo muy crom\u00e1tico y sugerente, sin estridencias, invit\u00e1ndote a entrar en su evoluci\u00f3n, sin imposici\u00f3n alguna. En perfecta consonancia con el entorno y sus contraluces naturales.<\/p>\n<p style=\"text-align: center;\"><img loading=\"lazy\" decoding=\"async\" class=\"aligncenter size-full wp-image-13568\" src=\"http:\/\/www.tomajazz.com\/web\/wp-content\/uploads\/2014\/08\/F10_DIDIER-LASSERRE-\u00a9Joan-Cort\u00e8s_13jul14_24FJazz-\u00e0-Luz_Colline-Solferino_Luz-Saint-Sauveur.jpg\" alt=\"F10_DIDIER LASSERRE (\u00a9Joan Cort\u00e8s)_13jul14_24FJazz \u00e0 Luz_Colline Solferino_Luz-Saint-Sauveur\" width=\"600\" height=\"399\" title=\"\" srcset=\"https:\/\/tomajazz.com\/web\/wp-content\/uploads\/2014\/08\/F10_DIDIER-LASSERRE-\u00a9Joan-Cort\u00e8s_13jul14_24FJazz-\u00e0-Luz_Colline-Solferino_Luz-Saint-Sauveur.jpg 600w, https:\/\/tomajazz.com\/web\/wp-content\/uploads\/2014\/08\/F10_DIDIER-LASSERRE-\u00a9Joan-Cort\u00e8s_13jul14_24FJazz-\u00e0-Luz_Colline-Solferino_Luz-Saint-Sauveur-150x99.jpg 150w, https:\/\/tomajazz.com\/web\/wp-content\/uploads\/2014\/08\/F10_DIDIER-LASSERRE-\u00a9Joan-Cort\u00e8s_13jul14_24FJazz-\u00e0-Luz_Colline-Solferino_Luz-Saint-Sauveur-200x133.jpg 200w, https:\/\/tomajazz.com\/web\/wp-content\/uploads\/2014\/08\/F10_DIDIER-LASSERRE-\u00a9Joan-Cort\u00e8s_13jul14_24FJazz-\u00e0-Luz_Colline-Solferino_Luz-Saint-Sauveur-82x55.jpg 82w, https:\/\/tomajazz.com\/web\/wp-content\/uploads\/2014\/08\/F10_DIDIER-LASSERRE-\u00a9Joan-Cort\u00e8s_13jul14_24FJazz-\u00e0-Luz_Colline-Solferino_Luz-Saint-Sauveur-60x40.jpg 60w, https:\/\/tomajazz.com\/web\/wp-content\/uploads\/2014\/08\/F10_DIDIER-LASSERRE-\u00a9Joan-Cort\u00e8s_13jul14_24FJazz-\u00e0-Luz_Colline-Solferino_Luz-Saint-Sauveur-120x80.jpg 120w\" sizes=\"auto, (max-width: 600px) 100vw, 600px\" \/><\/p>\n<p style=\"text-align: justify;\">El concierto fue grabado micr\u00f3fono en mano por Anne Montaron, responsable y presentadora de \u201c\u00c0 l\u2019improviste\u201d y \u201dAlla Breve\u201d de Radio France Musique, dos programas musicales, sin concesiones, en consonancia con la l\u00ednea del ideario m\u00e1s libre y radical del festival.<\/p>\n<p style=\"text-align: center;\"><img loading=\"lazy\" decoding=\"async\" class=\"aligncenter size-full wp-image-13569\" src=\"http:\/\/www.tomajazz.com\/web\/wp-content\/uploads\/2014\/08\/F11_ANNE-MONTARON-\u00a9Joan-Cort\u00e8s_13jul14_24FJazz-\u00e0-Luz_Colline-Solferino_Luz-Saint-Sauveur.jpg\" alt=\"F11_ANNE MONTARON (\u00a9Joan Cort\u00e8s)_13jul14_24FJazz \u00e0 Luz_Colline Solferino_Luz-Saint-Sauveur\" width=\"600\" height=\"399\" title=\"\" srcset=\"https:\/\/tomajazz.com\/web\/wp-content\/uploads\/2014\/08\/F11_ANNE-MONTARON-\u00a9Joan-Cort\u00e8s_13jul14_24FJazz-\u00e0-Luz_Colline-Solferino_Luz-Saint-Sauveur.jpg 600w, https:\/\/tomajazz.com\/web\/wp-content\/uploads\/2014\/08\/F11_ANNE-MONTARON-\u00a9Joan-Cort\u00e8s_13jul14_24FJazz-\u00e0-Luz_Colline-Solferino_Luz-Saint-Sauveur-150x99.jpg 150w, https:\/\/tomajazz.com\/web\/wp-content\/uploads\/2014\/08\/F11_ANNE-MONTARON-\u00a9Joan-Cort\u00e8s_13jul14_24FJazz-\u00e0-Luz_Colline-Solferino_Luz-Saint-Sauveur-200x133.jpg 200w, https:\/\/tomajazz.com\/web\/wp-content\/uploads\/2014\/08\/F11_ANNE-MONTARON-\u00a9Joan-Cort\u00e8s_13jul14_24FJazz-\u00e0-Luz_Colline-Solferino_Luz-Saint-Sauveur-82x55.jpg 82w, https:\/\/tomajazz.com\/web\/wp-content\/uploads\/2014\/08\/F11_ANNE-MONTARON-\u00a9Joan-Cort\u00e8s_13jul14_24FJazz-\u00e0-Luz_Colline-Solferino_Luz-Saint-Sauveur-60x40.jpg 60w, https:\/\/tomajazz.com\/web\/wp-content\/uploads\/2014\/08\/F11_ANNE-MONTARON-\u00a9Joan-Cort\u00e8s_13jul14_24FJazz-\u00e0-Luz_Colline-Solferino_Luz-Saint-Sauveur-120x80.jpg 120w\" sizes=\"auto, (max-width: 600px) 100vw, 600px\" \/><\/p>\n<p style=\"text-align: justify;\">A las 17:30, en la \u201cPlace de la Comporte \/ Place Eglise des Templiers\u201d nos encontramos con una notable sorpresa, el directo del d\u00fao formado por el cantante, recitador, percusionista y compositor, Kristof Hiriart, y el trompetista Christian Pruvost.<\/p>\n<p style=\"text-align: center;\"><img loading=\"lazy\" decoding=\"async\" class=\"aligncenter size-full wp-image-13570\" src=\"http:\/\/www.tomajazz.com\/web\/wp-content\/uploads\/2014\/08\/F12_HIRIARTPRUVOST-\u00a9Joan-Cort\u00e8s_13jul14_24FJazz-\u00e0-Luz_Luz-Saint-Sauveur.jpg\" alt=\"F12_HIRIART&amp;PRUVOST (\u00a9Joan Cort\u00e8s)_13jul14_24FJazz \u00e0 Luz_Luz-Saint-Sauveur\" width=\"600\" height=\"399\" title=\"\" srcset=\"https:\/\/tomajazz.com\/web\/wp-content\/uploads\/2014\/08\/F12_HIRIARTPRUVOST-\u00a9Joan-Cort\u00e8s_13jul14_24FJazz-\u00e0-Luz_Luz-Saint-Sauveur.jpg 600w, https:\/\/tomajazz.com\/web\/wp-content\/uploads\/2014\/08\/F12_HIRIARTPRUVOST-\u00a9Joan-Cort\u00e8s_13jul14_24FJazz-\u00e0-Luz_Luz-Saint-Sauveur-150x99.jpg 150w, https:\/\/tomajazz.com\/web\/wp-content\/uploads\/2014\/08\/F12_HIRIARTPRUVOST-\u00a9Joan-Cort\u00e8s_13jul14_24FJazz-\u00e0-Luz_Luz-Saint-Sauveur-200x133.jpg 200w, https:\/\/tomajazz.com\/web\/wp-content\/uploads\/2014\/08\/F12_HIRIARTPRUVOST-\u00a9Joan-Cort\u00e8s_13jul14_24FJazz-\u00e0-Luz_Luz-Saint-Sauveur-82x55.jpg 82w, https:\/\/tomajazz.com\/web\/wp-content\/uploads\/2014\/08\/F12_HIRIARTPRUVOST-\u00a9Joan-Cort\u00e8s_13jul14_24FJazz-\u00e0-Luz_Luz-Saint-Sauveur-60x40.jpg 60w, https:\/\/tomajazz.com\/web\/wp-content\/uploads\/2014\/08\/F12_HIRIARTPRUVOST-\u00a9Joan-Cort\u00e8s_13jul14_24FJazz-\u00e0-Luz_Luz-Saint-Sauveur-120x80.jpg 120w\" sizes=\"auto, (max-width: 600px) 100vw, 600px\" \/><\/p>\n<p style=\"text-align: justify;\">Se mueven por un espectro amplio. Canticos populares, efectos y disonancias, sonidos vocales mezcl\u00e1ndose y confundi\u00e9ndose con los de la trompeta.<\/p>\n<p style=\"text-align: center;\"><img loading=\"lazy\" decoding=\"async\" class=\"aligncenter size-full wp-image-13571\" src=\"http:\/\/www.tomajazz.com\/web\/wp-content\/uploads\/2014\/08\/F13_HIRIARTPRUVOST-\u00a9Joan-Cort\u00e8s_13jul14_24FJazz-\u00e0-Luz_Luz-Saint-Sauveur.jpg\" alt=\"F13_HIRIART&amp;PRUVOST (\u00a9Joan Cort\u00e8s)_13jul14_24FJazz \u00e0 Luz_Luz-Saint-Sauveur\" width=\"600\" height=\"400\" title=\"\" srcset=\"https:\/\/tomajazz.com\/web\/wp-content\/uploads\/2014\/08\/F13_HIRIARTPRUVOST-\u00a9Joan-Cort\u00e8s_13jul14_24FJazz-\u00e0-Luz_Luz-Saint-Sauveur.jpg 600w, https:\/\/tomajazz.com\/web\/wp-content\/uploads\/2014\/08\/F13_HIRIARTPRUVOST-\u00a9Joan-Cort\u00e8s_13jul14_24FJazz-\u00e0-Luz_Luz-Saint-Sauveur-150x100.jpg 150w, https:\/\/tomajazz.com\/web\/wp-content\/uploads\/2014\/08\/F13_HIRIARTPRUVOST-\u00a9Joan-Cort\u00e8s_13jul14_24FJazz-\u00e0-Luz_Luz-Saint-Sauveur-200x133.jpg 200w, https:\/\/tomajazz.com\/web\/wp-content\/uploads\/2014\/08\/F13_HIRIARTPRUVOST-\u00a9Joan-Cort\u00e8s_13jul14_24FJazz-\u00e0-Luz_Luz-Saint-Sauveur-82x55.jpg 82w, https:\/\/tomajazz.com\/web\/wp-content\/uploads\/2014\/08\/F13_HIRIARTPRUVOST-\u00a9Joan-Cort\u00e8s_13jul14_24FJazz-\u00e0-Luz_Luz-Saint-Sauveur-60x40.jpg 60w, https:\/\/tomajazz.com\/web\/wp-content\/uploads\/2014\/08\/F13_HIRIARTPRUVOST-\u00a9Joan-Cort\u00e8s_13jul14_24FJazz-\u00e0-Luz_Luz-Saint-Sauveur-120x80.jpg 120w\" sizes=\"auto, (max-width: 600px) 100vw, 600px\" \/><\/p>\n<p style=\"text-align: justify;\">Peque\u00f1as lecturas fragmentadas de libros, tarareos infantiles, susurros, cencerros, golpes de tambor, as\u00ed como los diversos y remarcables resultados sonoros de la trompeta, en una buena parte de la actuaci\u00f3n, prolongada mediante una goma el\u00e1stica.<\/p>\n<p style=\"text-align: center;\"><img loading=\"lazy\" decoding=\"async\" class=\"aligncenter size-full wp-image-13572\" src=\"http:\/\/www.tomajazz.com\/web\/wp-content\/uploads\/2014\/08\/F14_HIRIARTPRUVOST-\u00a9Joan-Cort\u00e8s_13jul14_24FJazz-\u00e0-Luz_Luz-Saint-Sauveur.jpg\" alt=\"F14_HIRIART&amp;PRUVOST (\u00a9Joan Cort\u00e8s)_13jul14_24FJazz \u00e0 Luz_Luz-Saint-Sauveur\" width=\"600\" height=\"399\" title=\"\" srcset=\"https:\/\/tomajazz.com\/web\/wp-content\/uploads\/2014\/08\/F14_HIRIARTPRUVOST-\u00a9Joan-Cort\u00e8s_13jul14_24FJazz-\u00e0-Luz_Luz-Saint-Sauveur.jpg 600w, https:\/\/tomajazz.com\/web\/wp-content\/uploads\/2014\/08\/F14_HIRIARTPRUVOST-\u00a9Joan-Cort\u00e8s_13jul14_24FJazz-\u00e0-Luz_Luz-Saint-Sauveur-150x99.jpg 150w, https:\/\/tomajazz.com\/web\/wp-content\/uploads\/2014\/08\/F14_HIRIARTPRUVOST-\u00a9Joan-Cort\u00e8s_13jul14_24FJazz-\u00e0-Luz_Luz-Saint-Sauveur-200x133.jpg 200w, https:\/\/tomajazz.com\/web\/wp-content\/uploads\/2014\/08\/F14_HIRIARTPRUVOST-\u00a9Joan-Cort\u00e8s_13jul14_24FJazz-\u00e0-Luz_Luz-Saint-Sauveur-82x55.jpg 82w, https:\/\/tomajazz.com\/web\/wp-content\/uploads\/2014\/08\/F14_HIRIARTPRUVOST-\u00a9Joan-Cort\u00e8s_13jul14_24FJazz-\u00e0-Luz_Luz-Saint-Sauveur-60x40.jpg 60w, https:\/\/tomajazz.com\/web\/wp-content\/uploads\/2014\/08\/F14_HIRIARTPRUVOST-\u00a9Joan-Cort\u00e8s_13jul14_24FJazz-\u00e0-Luz_Luz-Saint-Sauveur-120x80.jpg 120w\" sizes=\"auto, (max-width: 600px) 100vw, 600px\" \/><\/p>\n<p style=\"text-align: justify;\">Una propuesta no exenta de trazas teatrales con un interesante juego entre la tradici\u00f3n y la contemporaneidad.<\/p>\n<p style=\"text-align: center;\"><img loading=\"lazy\" decoding=\"async\" class=\"aligncenter size-full wp-image-13573\" src=\"http:\/\/www.tomajazz.com\/web\/wp-content\/uploads\/2014\/08\/F15_HIRIARTPRUVOST-\u00a9Joan-Cort\u00e8s_13jul14_24FJazz-\u00e0-Luz_Luz-Saint-Sauveur.jpg\" alt=\"F15_HIRIART&amp;PRUVOST (\u00a9Joan Cort\u00e8s)_13jul14_24FJazz \u00e0 Luz_Luz-Saint-Sauveur\" width=\"600\" height=\"399\" title=\"\" srcset=\"https:\/\/tomajazz.com\/web\/wp-content\/uploads\/2014\/08\/F15_HIRIARTPRUVOST-\u00a9Joan-Cort\u00e8s_13jul14_24FJazz-\u00e0-Luz_Luz-Saint-Sauveur.jpg 600w, https:\/\/tomajazz.com\/web\/wp-content\/uploads\/2014\/08\/F15_HIRIARTPRUVOST-\u00a9Joan-Cort\u00e8s_13jul14_24FJazz-\u00e0-Luz_Luz-Saint-Sauveur-150x99.jpg 150w, https:\/\/tomajazz.com\/web\/wp-content\/uploads\/2014\/08\/F15_HIRIARTPRUVOST-\u00a9Joan-Cort\u00e8s_13jul14_24FJazz-\u00e0-Luz_Luz-Saint-Sauveur-200x133.jpg 200w, https:\/\/tomajazz.com\/web\/wp-content\/uploads\/2014\/08\/F15_HIRIARTPRUVOST-\u00a9Joan-Cort\u00e8s_13jul14_24FJazz-\u00e0-Luz_Luz-Saint-Sauveur-82x55.jpg 82w, https:\/\/tomajazz.com\/web\/wp-content\/uploads\/2014\/08\/F15_HIRIARTPRUVOST-\u00a9Joan-Cort\u00e8s_13jul14_24FJazz-\u00e0-Luz_Luz-Saint-Sauveur-60x40.jpg 60w, https:\/\/tomajazz.com\/web\/wp-content\/uploads\/2014\/08\/F15_HIRIARTPRUVOST-\u00a9Joan-Cort\u00e8s_13jul14_24FJazz-\u00e0-Luz_Luz-Saint-Sauveur-120x80.jpg 120w\" sizes=\"auto, (max-width: 600px) 100vw, 600px\" \/><\/p>\n<p style=\"text-align: right;\">Texto y fotograf\u00edas: \u00a9 Joan Cort\u00e8s, 2014<\/p>\n","protected":false},"excerpt":{"rendered":"<p>24 Festival D\u2019Altitude Jazz \u00c0 Luz Luz Saint-Sauveur, Francia Toma Gouband Fecha: S\u00e1bado, 12 de julio de 2014 Lugar: Maison de la Vall\u00e9e Componente: Toma Gouban, percusi\u00f3n Agust\u00ed Fern\u00e1ndez &amp; Nate Wooley Fecha: S\u00e1bado, 12 de julio de 2014 Lugar: Chapiteau Componentes: Agust\u00ed Fern\u00e1dez, piano Nate Wooley, trompeta Chromb! Fecha:<span class=\"more-link\"><a href=\"https:\/\/tomajazz.com\/web\/24-festival-daltitude-jazz-a-luz-i-toma-gouband-agusti-fernandez-nate-wooley-chromb-didier-lasserre-kristof-hiriart-christian-pruvost-luz-saint-sauveur-francia-2014-07-12\/\">Contin\u00faa leyendo<\/a><\/span><\/p>\n","protected":false},"author":1,"featured_media":13565,"comment_status":"open","ping_status":"closed","sticky":false,"template":"","format":"standard","meta":{"jetpack_post_was_ever_published":false,"_jetpack_newsletter_access":"","_jetpack_dont_email_post_to_subs":true,"_jetpack_newsletter_tier_id":0,"_jetpack_memberships_contains_paywalled_content":false,"_jetpack_memberships_contains_paid_content":false,"footnotes":""},"categories":[17853,4,1038],"tags":[10135,10139,10138,7754,10144,10142,10147,10140,665,10136,5268,1041,10146,10145,10141,10143,5267,5337,10137,16099,16100],"class_list":["entry","author-pachi","post-13580","post","type-post","status-publish","format-standard","has-post-thumbnail","category-joan-cortes","category-conciertos","category-contenidos","tag-24-festival-daltitude-jazz-a-luz","tag-agusti-fernadez","tag-agusti-fernandez-nate-wooley","tag-anne-montaron","tag-antoine-mermet","tag-camille-durieux","tag-christian-pruvost","tag-chromb","tag-didier-lasserre","tag-festival-daltitude-jazz-a-luz","tag-francia","tag-joan-cortes","tag-kristof-hiriart","tag-kristof-hiriart-christian-pruvost","tag-leo-dumont","tag-lucas-hercberg","tag-luz-saint-sauveur","tag-nate-wooley","tag-toma-gouband","tag-toma-jazz","tag-tomajazz-toma-jazz"],"jetpack_featured_media_url":"https:\/\/tomajazz.com\/web\/wp-content\/uploads\/2014\/08\/F07_AFERN\u00c1NDEZNWOOLEY-\u00a9Joan-Cort\u00e8s_13jul14_24FJazz-\u00e0-Luz_Chapiteau_Luz-Saint-Sauveur.jpg","jetpack_likes_enabled":true,"jetpack_sharing_enabled":true,"jetpack-related-posts":[{"id":13477,"url":"https:\/\/tomajazz.com\/web\/tres-notables-festivales-del-sur-de-francia\/","url_meta":{"origin":13580,"position":0},"title":"Tres notables festivales del sur de Francia: 24\u00e8me Jazz \u00c0 Luz \/ 21\u00e8me Jazz \u00c0 Junas \/ 3\u00e8me Festival Musiques Dels Monts (2014-07)","author":"Arturo Mora","date":"17 agosto, 2014","format":false,"excerpt":"Tres notables festivales del Sur de Francia. 24\u00e8me Jazz \u00c0 Luz del \u00a011 al 14 de julio Luz-Saint-Sauveur Hautes-Pyrenees\u00a0(Francia) 21\u00e8me Jazz \u00c0 Junas del \u00a023 al 26 de julio Junas Languedoc-Roussillon\u00a0(Francia) 3\u00e8me Festival Musiques Dels Monts del \u00a007 al 10 de julio Villelongue-dels-Monts Languedoc-Roussillon (Francia) Comentario: Este verano hemos tenido\u2026","rel":"","context":"En \u00ab*_Joan Cort\u00e8s\u00bb","block_context":{"text":"*_Joan Cort\u00e8s","link":"https:\/\/tomajazz.com\/web\/category\/joan-cortes\/"},"img":{"alt_text":"","src":"https:\/\/i0.wp.com\/tomajazz.com\/web\/wp-content\/uploads\/2014\/08\/Foto-01_3PROGRAMAS%C2%A9Joan-Cort%C3%A8s_Luz-Junas-Villalongue1.jpg?resize=350%2C200&ssl=1","width":350,"height":200,"srcset":"https:\/\/i0.wp.com\/tomajazz.com\/web\/wp-content\/uploads\/2014\/08\/Foto-01_3PROGRAMAS%C2%A9Joan-Cort%C3%A8s_Luz-Junas-Villalongue1.jpg?resize=350%2C200&ssl=1 1x, https:\/\/i0.wp.com\/tomajazz.com\/web\/wp-content\/uploads\/2014\/08\/Foto-01_3PROGRAMAS%C2%A9Joan-Cort%C3%A8s_Luz-Junas-Villalongue1.jpg?resize=525%2C300&ssl=1 1.5x"},"classes":[]},{"id":13781,"url":"https:\/\/tomajazz.com\/web\/24-festival-daltitude-jazz-a-luz-y-iii-luz-saint-sauveur-francia-2014-07-14\/","url_meta":{"origin":13580,"position":1},"title":"24 Festival D\u2019Altitude Jazz \u00c0 Luz (y III): Electric Vocuhila, PIAK, Heretics, KAZE (Luz Saint-Sauveur, Francia. 2014-07-14)","author":"Tomajazz","date":"9 septiembre, 2014","format":false,"excerpt":"24 Festival D\u2019Altitude Jazz \u00c0 Luz Luz Saint-Sauveur, Francia Electric Vocuhila Fecha: Domingo, 13 de julio de 2014 Lugar: Club Maison de la Vall\u00e9e Componentes: Maxime Bobo, saxo alto, soprano y teclados Boris Rosenfeld, guitarra Fran\u00e7ois Rosenfeld, bajo y percusi\u00f3n Etienne Ziemniak, bater\u00eda PIAK Fecha: Lunes, 14 de julio de\u2026","rel":"","context":"En \u00ab*_Joan Cort\u00e8s\u00bb","block_context":{"text":"*_Joan Cort\u00e8s","link":"https:\/\/tomajazz.com\/web\/category\/joan-cortes\/"},"img":{"alt_text":"","src":"https:\/\/i0.wp.com\/tomajazz.com\/web\/wp-content\/uploads\/2014\/09\/F06_CHATON-MOOR-MOORE-%C2%A9Joan-Cort%C3%A8s_14jul14_Ch_24-Jazz-%C3%A0-Luz_L-S-S.jpg?resize=350%2C200&ssl=1","width":350,"height":200,"srcset":"https:\/\/i0.wp.com\/tomajazz.com\/web\/wp-content\/uploads\/2014\/09\/F06_CHATON-MOOR-MOORE-%C2%A9Joan-Cort%C3%A8s_14jul14_Ch_24-Jazz-%C3%A0-Luz_L-S-S.jpg?resize=350%2C200&ssl=1 1x, https:\/\/i0.wp.com\/tomajazz.com\/web\/wp-content\/uploads\/2014\/09\/F06_CHATON-MOOR-MOORE-%C2%A9Joan-Cort%C3%A8s_14jul14_Ch_24-Jazz-%C3%A0-Luz_L-S-S.jpg?resize=525%2C300&ssl=1 1.5x"},"classes":[]},{"id":10464,"url":"https:\/\/tomajazz.com\/web\/all-jazz-sera-paul-lovens\/","url_meta":{"origin":13580,"position":2},"title":"All Jazz Sera: Paul Lovens","author":"Tomajazz","date":"18 febrero, 2014","format":false,"excerpt":"Paul Lovens Freenology Jazz A Luz. 21\u00e8me Festival D\u2019Altitude. Hautes Pyr\u00e9n\u00e9es Luz-Saint-Sauveur, Francia. 2011-07-07 \u00a9 Sera Mart\u00edn, 2014","rel":"","context":"En \u00ab*_Sera Mart\u00edn\u00bb","block_context":{"text":"*_Sera Mart\u00edn","link":"https:\/\/tomajazz.com\/web\/category\/sera-martin\/"},"img":{"alt_text":"","src":"https:\/\/i0.wp.com\/tomajazz.com\/web\/wp-content\/uploads\/2014\/02\/IMG_2330.JPG-Paul-Lovensmarcowm.jpg?resize=350%2C200&ssl=1","width":350,"height":200},"classes":[]},{"id":10543,"url":"https:\/\/tomajazz.com\/web\/all-jazz-sera-sonny-simmons\/","url_meta":{"origin":13580,"position":3},"title":"All Jazz Sera: Sonny Simmons","author":"Tomajazz","date":"20 febrero, 2014","format":false,"excerpt":"Sonny Simmons Freenology Jazz A Luz. 21\u00e8me Festival D\u2019Altitude. Hautes Pyr\u00e9n\u00e9es Luz-Saint-Sauveur, Francia. 2011-07-07 \u00a9 Sera Mart\u00edn, 2014","rel":"","context":"En \u00ab*_Sera Mart\u00edn\u00bb","block_context":{"text":"*_Sera Mart\u00edn","link":"https:\/\/tomajazz.com\/web\/category\/sera-martin\/"},"img":{"alt_text":"","src":"https:\/\/i0.wp.com\/tomajazz.com\/web\/wp-content\/uploads\/2014\/02\/IMG_2327.JPG-Sonny-Simonsmarcowm.jpg?resize=350%2C200&ssl=1","width":350,"height":200,"srcset":"https:\/\/i0.wp.com\/tomajazz.com\/web\/wp-content\/uploads\/2014\/02\/IMG_2327.JPG-Sonny-Simonsmarcowm.jpg?resize=350%2C200&ssl=1 1x, https:\/\/i0.wp.com\/tomajazz.com\/web\/wp-content\/uploads\/2014\/02\/IMG_2327.JPG-Sonny-Simonsmarcowm.jpg?resize=525%2C300&ssl=1 1.5x"},"classes":[]},{"id":10317,"url":"https:\/\/tomajazz.com\/web\/all-jazz-sera-guy-bettini\/","url_meta":{"origin":13580,"position":4},"title":"All Jazz Sera: Guy Bettini","author":"Tomajazz","date":"6 febrero, 2014","format":false,"excerpt":"Guy Bettini Freenology Jazz A Luz. 21\u00e8me Festival D\u2019Altitude. Hautes Pyr\u00e9n\u00e9es Luz-Saint-Sauveur, Francia. 2011-07-07 \u00a9 Sera Mart\u00edn, 2014","rel":"","context":"En \u00ab*_Sera Mart\u00edn\u00bb","block_context":{"text":"*_Sera Mart\u00edn","link":"https:\/\/tomajazz.com\/web\/category\/sera-martin\/"},"img":{"alt_text":"","src":"https:\/\/i0.wp.com\/tomajazz.com\/web\/wp-content\/uploads\/2014\/02\/IMG_2288.JPG-Sonny-Simons-Guy-Bettinimarcowm.jpg?resize=350%2C200&ssl=1","width":350,"height":200,"srcset":"https:\/\/i0.wp.com\/tomajazz.com\/web\/wp-content\/uploads\/2014\/02\/IMG_2288.JPG-Sonny-Simons-Guy-Bettinimarcowm.jpg?resize=350%2C200&ssl=1 1x, https:\/\/i0.wp.com\/tomajazz.com\/web\/wp-content\/uploads\/2014\/02\/IMG_2288.JPG-Sonny-Simons-Guy-Bettinimarcowm.jpg?resize=525%2C300&ssl=1 1.5x"},"classes":[]},{"id":10383,"url":"https:\/\/tomajazz.com\/web\/all-jazz-sera-hamid-drake\/","url_meta":{"origin":13580,"position":5},"title":"All Jazz Sera: Hamid Drake","author":"Tomajazz","date":"11 febrero, 2014","format":false,"excerpt":"Hamid Drake William Parker, Hamid Drake, Raoul Bjorkenheim Jazz A Luz. 21\u00e8me Festival D\u2019Altitude. Hautes Pyr\u00e9n\u00e9es Luz-Saint-Sauveur, Francia. 2011-07-07 \u00a9 Sera Mart\u00edn, 2014","rel":"","context":"En \u00ab*_Sera Mart\u00edn\u00bb","block_context":{"text":"*_Sera Mart\u00edn","link":"https:\/\/tomajazz.com\/web\/category\/sera-martin\/"},"img":{"alt_text":"","src":"https:\/\/i0.wp.com\/tomajazz.com\/web\/wp-content\/uploads\/2014\/02\/IMG_2964.JPG-Hamid-Drakemarcowm.jpg?resize=350%2C200&ssl=1","width":350,"height":200},"classes":[]}],"_links":{"self":[{"href":"https:\/\/tomajazz.com\/web\/wp-json\/wp\/v2\/posts\/13580","targetHints":{"allow":["GET"]}}],"collection":[{"href":"https:\/\/tomajazz.com\/web\/wp-json\/wp\/v2\/posts"}],"about":[{"href":"https:\/\/tomajazz.com\/web\/wp-json\/wp\/v2\/types\/post"}],"author":[{"embeddable":true,"href":"https:\/\/tomajazz.com\/web\/wp-json\/wp\/v2\/users\/1"}],"replies":[{"embeddable":true,"href":"https:\/\/tomajazz.com\/web\/wp-json\/wp\/v2\/comments?post=13580"}],"version-history":[{"count":2,"href":"https:\/\/tomajazz.com\/web\/wp-json\/wp\/v2\/posts\/13580\/revisions"}],"predecessor-version":[{"id":13582,"href":"https:\/\/tomajazz.com\/web\/wp-json\/wp\/v2\/posts\/13580\/revisions\/13582"}],"wp:featuredmedia":[{"embeddable":true,"href":"https:\/\/tomajazz.com\/web\/wp-json\/wp\/v2\/media\/13565"}],"wp:attachment":[{"href":"https:\/\/tomajazz.com\/web\/wp-json\/wp\/v2\/media?parent=13580"}],"wp:term":[{"taxonomy":"category","embeddable":true,"href":"https:\/\/tomajazz.com\/web\/wp-json\/wp\/v2\/categories?post=13580"},{"taxonomy":"post_tag","embeddable":true,"href":"https:\/\/tomajazz.com\/web\/wp-json\/wp\/v2\/tags?post=13580"}],"curies":[{"name":"wp","href":"https:\/\/api.w.org\/{rel}","templated":true}]}}