{"id":13815,"date":"2014-09-11T10:40:42","date_gmt":"2014-09-11T08:40:42","guid":{"rendered":"http:\/\/www.tomajazz.com\/web\/?p=13815"},"modified":"2016-11-13T22:24:42","modified_gmt":"2016-11-13T21:24:42","slug":"grus-art-grus-art-clamshell-records-2014-2","status":"publish","type":"post","link":"https:\/\/tomajazz.com\/web\/grus-art-grus-art-clamshell-records-2014-2\/","title":{"rendered":"Grus Art: <i>Grus Art<\/i> (Clamshell Records, 2014)"},"content":{"rendered":"<p style=\"text-align: justify;\"><img loading=\"lazy\" decoding=\"async\" class=\"alignleft size-medium wp-image-13816\" src=\"http:\/\/www.tomajazz.com\/web\/wp-content\/uploads\/2014\/09\/Grus-Art-Grus-Art-200x178.jpg\" alt=\"Grus Art - Grus Art\" width=\"200\" height=\"178\" title=\"\" srcset=\"https:\/\/tomajazz.com\/web\/wp-content\/uploads\/2014\/09\/Grus-Art-Grus-Art-200x178.jpg 200w, https:\/\/tomajazz.com\/web\/wp-content\/uploads\/2014\/09\/Grus-Art-Grus-Art-150x134.jpg 150w, https:\/\/tomajazz.com\/web\/wp-content\/uploads\/2014\/09\/Grus-Art-Grus-Art-61x55.jpg 61w, https:\/\/tomajazz.com\/web\/wp-content\/uploads\/2014\/09\/Grus-Art-Grus-Art.jpg 300w\" sizes=\"auto, (max-width: 200px) 100vw, 200px\" \/>\u201c<em>Tocar con ramas a ruta dos paxaros deixar que ve\u00f1as<\/em>\u201d<\/p>\n<p style=\"text-align: justify;\">Las palabras de Eva Veiga que Grus Art cita en su primer trabajo son toda una declaraci\u00f3n de intenciones as\u00ed como tambi\u00e9n lo es la portada del disco, en el que se ve el dibujo de un p\u00e1jaro en pleno vuelo. Y es que este trabajo editado en la Serie Vector del sello Clamshell Records es pura libertad, puro vuelo sin rumbo definido. Vuelo que puede o no seguir la corriente. Que nos recuerda que para liberar nuestra mente, hay que dejar que ella fluya por s\u00ed misma y alce el vuelo.<\/p>\n<p style=\"text-align: justify;\">Ber Mart\u00ednez y Fito Ares, con una instrumentaci\u00f3n de lo m\u00e1s poco com\u00fan graban nueve improvisaciones en la que la libertad es el eje conductor de todo el disco. No hay melod\u00edas, no hay esquemas, no hay planificaci\u00f3n alguna, solo interacci\u00f3n musical libre entre ellos dos. \u00bfPor qu\u00e9 seguir los c\u00e1nones establecidos? \u00bfPor qu\u00e9 no dejar fluir la espontaneidad y la musicalidad innata de cada uno de los m\u00fasicos? Simplemente exponerse el uno al otro, mostrarse tal cual en un momento preciso, y este, que no volver\u00e1 a repetirse jam\u00e1s, queda inmortalizado en esta grabaci\u00f3n.<\/p>\n<p style=\"text-align: justify;\">Como es evidente, este disco no se puede recomendar a todo el mundo y mucho menos a los m\u00e1s puristas. Es un disco para gente con la mente muy abierta y dispuestos a querer descubrir los recovecos que esconden estas improvisaciones. Hay que dar tiempo y disfrutar de cada nueva sensaci\u00f3n. Crear preguntas y respuestas a ra\u00edz de lo escuchado.<\/p>\n<p style=\"text-align: justify;\">Larga vida a la Serie Vector de mi venerado sello discogr\u00e1fico Clamshell Records.<\/p>\n<p style=\"text-align: right;\">\u00a9 <a title=\"Jes\u00fas Mateu Rossell\u00f3\" href=\"http:\/\/1984cronicas.blogspot.com.es\" target=\"_blank\" rel=\"noopener\">Jes\u00fas Mateu Rossell\u00f3 <\/a>, 2014<\/p>\n<p>Grus Art: <em>Grus Art<\/em><\/p>\n<p>Ber Mart\u00ednez (clarinete, saxo alto, percusi\u00f3n y Casio Pt-7) y Fito Ares (flauta, clarinete bajo y saxo soprano)<\/p>\n<p>\u201cClaques\u201d, \u201cCinabrio\u201d, \u201cTsuru\u201d, \u201cHelidesum\u201d, \u201cP\u00e9rola e ra\u00edz\u201d, \u201cCasiopran\u201d, \u201cLib\u00e9lulas\u201d, \u201cFreelloa\u201d y \u201cTsuru II\u201d<\/p>\n<p>Todos los temas compuestos por Ber Mart\u00ednez y Fito Ares.<\/p>\n<p>Publicado en 2014 por Clamshell Records.<\/p>\n","protected":false},"excerpt":{"rendered":"<p>\u201cTocar con ramas a ruta dos paxaros deixar que ve\u00f1as\u201d Las palabras de Eva Veiga que Grus Art cita en su primer trabajo son toda una declaraci\u00f3n de intenciones as\u00ed como tambi\u00e9n lo es la portada del disco, en el que se ve el dibujo de un p\u00e1jaro en pleno<span class=\"more-link\"><a href=\"https:\/\/tomajazz.com\/web\/grus-art-grus-art-clamshell-records-2014-2\/\">Contin\u00faa leyendo<\/a><\/span><\/p>\n","protected":false},"author":1003599,"featured_media":13816,"comment_status":"open","ping_status":"closed","sticky":false,"template":"","format":"standard","meta":{"jetpack_post_was_ever_published":false,"_jetpack_newsletter_access":"","_jetpack_dont_email_post_to_subs":true,"_jetpack_newsletter_tier_id":0,"_jetpack_memberships_contains_paywalled_content":false,"_jetpack_memberships_contains_paid_content":false,"footnotes":""},"categories":[17851,5,1038],"tags":[10355,12651,6415,10357,10356,12696,10354,13,12415,15295,9830,16099,77,16100],"class_list":["entry","author-jesusmateurossello","post-13815","post","type-post","status-publish","format-standard","has-post-thumbnail","category-jesus-mateu-rossello","category-grabaciones","category-contenidos","tag-ber-martinez","tag-cd","tag-clamshell-records","tag-eva-veiga","tag-fito-ares","tag-grabaciones","tag-grus-art","tag-jazz","tag-jazz-en-espana","tag-jazz-en-espanol","tag-jesus-mateu-rossello","tag-toma-jazz","tag-tomajazz","tag-tomajazz-toma-jazz"],"jetpack_featured_media_url":"https:\/\/tomajazz.com\/web\/wp-content\/uploads\/2014\/09\/Grus-Art-Grus-Art.jpg","jetpack_likes_enabled":true,"jetpack_sharing_enabled":true,"jetpack-related-posts":[{"id":14284,"url":"https:\/\/tomajazz.com\/web\/agusti-fernandez-mats-gustafsson-constellations-clamshell-records-2014\/","url_meta":{"origin":13815,"position":0},"title":"Agust\u00ed Fern\u00e1ndez &#038; Mats Gustafsson: Constellations (Clamshell Records, 2014)","author":"Jes\u00fas Mateu Rossell\u00f3","date":"30 septiembre, 2014","format":false,"excerpt":"El pasado mes de julio rese\u00f1amos el disco Breaking The Lab! (Discordian Records, 2014) de Agust\u00ed Fern\u00e1ndez, Mats Gustafsson y Ramon Prats grabado en directo el d\u00eda 23 de abril de 2013 en la sala Jamboree de Barcelona. Poco despu\u00e9s recibo Constellations (Clamshell Records, 2014), disco grabado en estudio \u00fanicamente\u2026","rel":"","context":"En \u00ab*_Jes\u00fas Mateu Rossell\u00f3\u00bb","block_context":{"text":"*_Jes\u00fas Mateu Rossell\u00f3","link":"https:\/\/tomajazz.com\/web\/category\/jesus-mateu-rossello\/"},"img":{"alt_text":"","src":"https:\/\/i0.wp.com\/tomajazz.com\/web\/wp-content\/uploads\/2014\/09\/agusti-fernandez-mats-gustafsson-constellations.jpg?resize=350%2C200&ssl=1","width":350,"height":200},"classes":[]},{"id":15655,"url":"https:\/\/tomajazz.com\/web\/ivo-sans-darrera-nit-de-maig-a-lheliogabal-autoedicion-2012\/","url_meta":{"origin":13815,"position":1},"title":"Ivo Sans: darrera nit de maig a l\u2019Heliog\u00e0bal (Autoedici\u00f3n, 2012)","author":"Jes\u00fas Mateu Rossell\u00f3","date":"25 noviembre, 2014","format":false,"excerpt":"Juego con cierta ventaja al rese\u00f1ar el primer disco como l\u00edder del baterista catal\u00e1n Ivo Sans. Juan Claudio Cifuentes \u201cCifu\u201d lo pincho a principios de este a\u00f1o en su programa A Todo Jazz y por lo tanto, hay cierta informaci\u00f3n que procede de aquel programa. Con una formaci\u00f3n de lujo\u2026","rel":"","context":"En \u00ab*_Jes\u00fas Mateu Rossell\u00f3\u00bb","block_context":{"text":"*_Jes\u00fas Mateu Rossell\u00f3","link":"https:\/\/tomajazz.com\/web\/category\/jesus-mateu-rossello\/"},"img":{"alt_text":"","src":"https:\/\/i0.wp.com\/tomajazz.com\/web\/wp-content\/uploads\/2014\/11\/Ivo-Sans.-Darrera-nit-de-maig.jpg?resize=350%2C200&ssl=1","width":350,"height":200},"classes":[]},{"id":74851,"url":"https:\/\/tomajazz.com\/web\/jazz-para-ti-jpt102-t05p22\/","url_meta":{"origin":13815,"position":2},"title":"Jazz Para Ti: #JPT105 T05P22. Abe R\u00e1bade, Ingebrigt H\u00e5ker Flaten &#038; Paal Nilssen-Love, Vallecas Art Ensemble, Lamas &#8211; Ares &#8211; Bazzola&#8230; Por Pachi Tapiz [Podcast de jazz]","author":"Tomajazz","date":"14 junio, 2023","format":false,"excerpt":"Finaliza la quinta temporada de Jazz Para Ti. En el programa Abe R\u00e1bade presenta Bot\u00e1nica. Tambi\u00e9n suena m\u00fasica de Ingebrigt H\u00e5ker Flaten & Paal Nilssen-Love, Fernando Lamas - Fito Ares - Guillermo Bazzola, Vallecas Art Ensemble, Darren Johnston, Audible Spirits, Hazelrigg Brothers y Claudio Scolari Project. Jazz Para Ti es\u2026","rel":"","context":"En \u00abJazz Para Ti\u00bb","block_context":{"text":"Jazz Para Ti","link":"https:\/\/tomajazz.com\/web\/category\/contenidos\/sonidos\/podcast\/jazz_para_ti\/"},"img":{"alt_text":"Jazz Para Ti: #JPT105 T05P22. Abe R\u00e1bade, Ingebrigt H\u00e5ker Flaten & Paal Nilssen-Love, Vallecas Art Ensemble, Lamas - Ares - Bazzola... Por Pachi Tapiz [Podcast de jazz] - Tomajazz 9.0 - Finaliza la quinta temporada de Jazz Para Ti. En el programa Abe R\u00e1bade presenta Bot\u00e1nica. Tambi\u00e9n suena m\u00fasica de Ingebrigt H\u00e5ker Flaten & Paal Nilssen-Love, Fernando Lamas - Fito Ares - Guillermo Bazzola, Vallecas Art Ensemble, Darren Johnston, Audible Spirits, Hazelrigg Brothers y Claudio Scolari Project. Jazz Para Ti es un programa de radio de Pachi Tapiz.","src":"https:\/\/i0.wp.com\/tomajazz.com\/web\/wp-content\/uploads\/2023\/06\/JazzParaTi-105.jpg?resize=350%2C200&ssl=1","width":350,"height":200,"srcset":"https:\/\/i0.wp.com\/tomajazz.com\/web\/wp-content\/uploads\/2023\/06\/JazzParaTi-105.jpg?resize=350%2C200&ssl=1 1x, https:\/\/i0.wp.com\/tomajazz.com\/web\/wp-content\/uploads\/2023\/06\/JazzParaTi-105.jpg?resize=525%2C300&ssl=1 1.5x, https:\/\/i0.wp.com\/tomajazz.com\/web\/wp-content\/uploads\/2023\/06\/JazzParaTi-105.jpg?resize=700%2C400&ssl=1 2x"},"classes":[]},{"id":72799,"url":"https:\/\/tomajazz.com\/web\/guillermo-bazzola-fito-ares-fernando-lamas\/","url_meta":{"origin":13815,"position":3},"title":"Fernando Lamas, Fito Ares y Guillermo Bazzola: Perspectivas (GNU Town Records 2023) Por Enrique Farelo [Grabaci\u00f3n de jazz]","author":"Tomajazz","date":"3 abril, 2023","format":false,"excerpt":"Perspectivas (Gnu Town records 2023), es el t\u00edtulo de la nueva grabaci\u00f3n de Fernando Lamas, Fito Ares y Guillermo Bazzola. Enrique Farelo repasa la grabaci\u00f3n.","rel":"","context":"En \u00abGrabaciones...\u00bb","block_context":{"text":"Grabaciones...","link":"https:\/\/tomajazz.com\/web\/category\/contenidos\/textos\/grabaciones\/"},"img":{"alt_text":"Fernando Lamas, Fito Ares y Guillermo Bazzola: Perspectivas (GNU Town Records 2023)  Por Enrique Farelo [Grabaci\u00f3n de jazz] Guillermo Bazzola Fito Lamas Fernando Ares Perspectivas GNU Town Records 2023 GRABACION Tomajazz 9.0 - Perspectivas (Gnu Town records 2023), es el t\u00edtulo de la nueva grabaci\u00f3n de Fernando Lamas, Fito Ares y Guillermo Bazzola. Enrique Farelo repasa la grabaci\u00f3n.","src":"https:\/\/i0.wp.com\/tomajazz.com\/web\/wp-content\/uploads\/2023\/04\/Guillermo-Bazzola-Fito-Lamas-Fernando-Ares-Perspectivas-GNU-Town-Records-2023-GRABACION.jpg?resize=350%2C200&ssl=1","width":350,"height":200,"srcset":"https:\/\/i0.wp.com\/tomajazz.com\/web\/wp-content\/uploads\/2023\/04\/Guillermo-Bazzola-Fito-Lamas-Fernando-Ares-Perspectivas-GNU-Town-Records-2023-GRABACION.jpg?resize=350%2C200&ssl=1 1x, https:\/\/i0.wp.com\/tomajazz.com\/web\/wp-content\/uploads\/2023\/04\/Guillermo-Bazzola-Fito-Lamas-Fernando-Ares-Perspectivas-GNU-Town-Records-2023-GRABACION.jpg?resize=525%2C300&ssl=1 1.5x, https:\/\/i0.wp.com\/tomajazz.com\/web\/wp-content\/uploads\/2023\/04\/Guillermo-Bazzola-Fito-Lamas-Fernando-Ares-Perspectivas-GNU-Town-Records-2023-GRABACION.jpg?resize=700%2C400&ssl=1 2x"},"classes":[]},{"id":100336,"url":"https:\/\/tomajazz.com\/web\/lluis-vidal-barcelona-art-orchestra-osmosi-fsr-2025\/","url_meta":{"origin":13815,"position":4},"title":"Lluis Vidal &#038; Barcelona Art Orchestra: Osmosi (Poema sonor i visual per a big band i dibuix en transformaci\u00f3) (Fresh Sound Records; 2025) Por Carlos Lara [Grabaci\u00f3n de jazz]","author":"Tomajazz","date":"10 octubre, 2025","format":false,"excerpt":"Osmosi (Fresh Sound Records; 2025) es la nueva grabaci\u00f3n de Lluis Vidal & Barcelona Art Orchestra. Carlos Lara repasa la grabaci\u00f3n","rel":"","context":"En \u00ab*_Carlos Lara\u00bb","block_context":{"text":"*_Carlos Lara","link":"https:\/\/tomajazz.com\/web\/category\/carlos-lara\/"},"img":{"alt_text":"Lluis Vidal & Barcelona Art Orchestra: Osmosi (Poema sonor i visual per a big band i dibuix en transformaci\u00f3) (Fresh Sound Records; 2025) Por Carlos Lara [Grabaci\u00f3n de jazz] - Tomajazz - Osmosi (Fresh Sound Records; 2025) es la nueva grabaci\u00f3n de Lluis Vidal & Barcelona Art Orchestra. Carlos Lara repasa la grabaci\u00f3n","src":"https:\/\/i0.wp.com\/tomajazz.com\/web\/wp-content\/uploads\/2025\/10\/Lluis-Vidal-Barcelona-Art-Orchestra-Osmosi-Fresh-Sound-Records-2025-Tomajazz.jpg?resize=350%2C200&ssl=1","width":350,"height":200,"srcset":"https:\/\/i0.wp.com\/tomajazz.com\/web\/wp-content\/uploads\/2025\/10\/Lluis-Vidal-Barcelona-Art-Orchestra-Osmosi-Fresh-Sound-Records-2025-Tomajazz.jpg?resize=350%2C200&ssl=1 1x, https:\/\/i0.wp.com\/tomajazz.com\/web\/wp-content\/uploads\/2025\/10\/Lluis-Vidal-Barcelona-Art-Orchestra-Osmosi-Fresh-Sound-Records-2025-Tomajazz.jpg?resize=525%2C300&ssl=1 1.5x, https:\/\/i0.wp.com\/tomajazz.com\/web\/wp-content\/uploads\/2025\/10\/Lluis-Vidal-Barcelona-Art-Orchestra-Osmosi-Fresh-Sound-Records-2025-Tomajazz.jpg?resize=700%2C400&ssl=1 2x"},"classes":[]},{"id":6271,"url":"https:\/\/tomajazz.com\/web\/dominic-lash-ricardo-tejero-southville-summer-clamshell-records-2013\/","url_meta":{"origin":13815,"position":5},"title":"Dominic Lash, Ricardo Tejero: Southville, Summer (Clamshell Records, 2013)","author":"Tomajazz","date":"9 mayo, 2013","format":false,"excerpt":"No es muy habitual (por no decir que es una rara avis) que en Espa\u00f1a los sellos discogr\u00e1ficos apuesten por la libre improvisaci\u00f3n. Por tanto, podr\u00eda parecer arriesgado por parte de Clamshell Records la publicaci\u00f3n de Southville, Summer, una grabaci\u00f3n mano a mano entre el contrabajista brit\u00e1nico Dominic Lash y\u2026","rel":"","context":"En \u00ab*_Pachi Tapiz\u00bb","block_context":{"text":"*_Pachi Tapiz","link":"https:\/\/tomajazz.com\/web\/category\/pachi-tapiz\/"},"img":{"alt_text":"","src":"https:\/\/i0.wp.com\/tomajazz.com\/web\/wp-content\/uploads\/2013\/05\/lash-tejero-Southville-Summer1.jpg?resize=350%2C200&ssl=1","width":350,"height":200},"classes":[]}],"_links":{"self":[{"href":"https:\/\/tomajazz.com\/web\/wp-json\/wp\/v2\/posts\/13815","targetHints":{"allow":["GET"]}}],"collection":[{"href":"https:\/\/tomajazz.com\/web\/wp-json\/wp\/v2\/posts"}],"about":[{"href":"https:\/\/tomajazz.com\/web\/wp-json\/wp\/v2\/types\/post"}],"author":[{"embeddable":true,"href":"https:\/\/tomajazz.com\/web\/wp-json\/wp\/v2\/users\/1003599"}],"replies":[{"embeddable":true,"href":"https:\/\/tomajazz.com\/web\/wp-json\/wp\/v2\/comments?post=13815"}],"version-history":[{"count":1,"href":"https:\/\/tomajazz.com\/web\/wp-json\/wp\/v2\/posts\/13815\/revisions"}],"predecessor-version":[{"id":13817,"href":"https:\/\/tomajazz.com\/web\/wp-json\/wp\/v2\/posts\/13815\/revisions\/13817"}],"wp:featuredmedia":[{"embeddable":true,"href":"https:\/\/tomajazz.com\/web\/wp-json\/wp\/v2\/media\/13816"}],"wp:attachment":[{"href":"https:\/\/tomajazz.com\/web\/wp-json\/wp\/v2\/media?parent=13815"}],"wp:term":[{"taxonomy":"category","embeddable":true,"href":"https:\/\/tomajazz.com\/web\/wp-json\/wp\/v2\/categories?post=13815"},{"taxonomy":"post_tag","embeddable":true,"href":"https:\/\/tomajazz.com\/web\/wp-json\/wp\/v2\/tags?post=13815"}],"curies":[{"name":"wp","href":"https:\/\/api.w.org\/{rel}","templated":true}]}}