{"id":14083,"date":"2014-09-22T11:00:10","date_gmt":"2014-09-22T09:00:10","guid":{"rendered":"http:\/\/www.tomajazz.com\/web\/?p=14083"},"modified":"2025-01-15T18:21:20","modified_gmt":"2025-01-15T17:21:20","slug":"kenny-wheeler-in-memoriam","status":"publish","type":"post","link":"https:\/\/tomajazz.com\/web\/kenny-wheeler-in-memoriam\/","title":{"rendered":"Kenny Wheeler In Memoriam"},"content":{"rendered":"<p><center><img loading=\"lazy\" decoding=\"async\" class=\"aligncenter size-full wp-image-14084\" src=\"http:\/\/www.tomajazz.com\/web\/wp-content\/uploads\/2014\/09\/Ob_07_KENNY-WHEELER-\u00a9Joan-Cort\u00e8s_12feb2005_CCCB_Bcn.jpg\" alt=\"Ob_07_KENNY WHEELER (\u00a9Joan Cort\u00e8s)_12feb2005_CCCB_Bcn\" width=\"370\" height=\"600\" title=\"\" srcset=\"https:\/\/tomajazz.com\/web\/wp-content\/uploads\/2014\/09\/Ob_07_KENNY-WHEELER-\u00a9Joan-Cort\u00e8s_12feb2005_CCCB_Bcn.jpg 370w, https:\/\/tomajazz.com\/web\/wp-content\/uploads\/2014\/09\/Ob_07_KENNY-WHEELER-\u00a9Joan-Cort\u00e8s_12feb2005_CCCB_Bcn-92x150.jpg 92w, https:\/\/tomajazz.com\/web\/wp-content\/uploads\/2014\/09\/Ob_07_KENNY-WHEELER-\u00a9Joan-Cort\u00e8s_12feb2005_CCCB_Bcn-185x300.jpg 185w, https:\/\/tomajazz.com\/web\/wp-content\/uploads\/2014\/09\/Ob_07_KENNY-WHEELER-\u00a9Joan-Cort\u00e8s_12feb2005_CCCB_Bcn-33x55.jpg 33w\" sizes=\"auto, (max-width: 370px) 100vw, 370px\" \/><\/center><\/p>\n<blockquote><p>Everything I do has a touch of melancholy and a touch of chaos to it. I write sad songs and then I get the musicians to destroy them.<\/p><\/blockquote>\n<p>Kenny Wheeler (1930-2014)<\/p>\n<p>Entrevista en Radio 4 de la BBC, en 2010. Cita tomada de <a href=\"http:\/\/www.ram.ac.uk\/kenny-wheeler\" target=\"_blank\" rel=\"noopener\">http:\/\/www.ram.ac.uk\/kenny-wheeler<\/a><\/p>\n","protected":false},"excerpt":{"rendered":"<p>Everything I do has a touch of melancholy and a touch of chaos to it. I write sad songs and then I get the musicians to destroy them. Kenny Wheeler (1930-2014) Entrevista en Radio 4 de la BBC, en 2010. Cita tomada de http:\/\/www.ram.ac.uk\/kenny-wheeler<span class=\"more-link\"><a href=\"https:\/\/tomajazz.com\/web\/kenny-wheeler-in-memoriam\/\">Contin\u00faa leyendo<\/a><\/span><\/p>\n","protected":false},"author":1,"featured_media":14084,"comment_status":"open","ping_status":"closed","sticky":false,"template":"","format":"standard","meta":{"jetpack_post_was_ever_published":false,"_jetpack_newsletter_access":"","_jetpack_dont_email_post_to_subs":true,"_jetpack_newsletter_tier_id":0,"_jetpack_memberships_contains_paywalled_content":false,"_jetpack_memberships_contains_paid_content":false,"footnotes":""},"categories":[17853,17847,78,15504,31927,9,1038],"tags":[4851,1041,6212,31,16099,16100],"class_list":["entry","author-pachi","post-14083","post","type-post","status-publish","format-standard","has-post-thumbnail","category-joan-cortes","category-pachi-tapiz","category-afondo","category-articulos-afondo","category-in-memoriam","category-perfiles","category-contenidos","tag-in-memoriam","tag-joan-cortes","tag-kenny-wheeler","tag-pachi-tapiz","tag-toma-jazz","tag-tomajazz-toma-jazz"],"jetpack_featured_media_url":"https:\/\/tomajazz.com\/web\/wp-content\/uploads\/2014\/09\/Ob_07_KENNY-WHEELER-\u00a9Joan-Cort\u00e8s_12feb2005_CCCB_Bcn.jpg","jetpack_likes_enabled":true,"jetpack_sharing_enabled":true,"jetpack-related-posts":[{"id":104979,"url":"https:\/\/tomajazz.com\/web\/dave-holland-vital-spark-2026\/","url_meta":{"origin":14083,"position":0},"title":"Dave Holland: Vital Spark (Music of Kenny Wheeler) (Edition Records, 2026) Por Carlos Lara [Grabaci\u00f3n de jazz]","author":"Tomajazz","date":"20 abril, 2026","format":false,"excerpt":"Vital Spark (Music of Kenny Wheeler) (Edition Records, 2026) es la nueva grabaci\u00f3n de Dave Holland. Carlos Lara repasa la grabaci\u00f3n. Con Norma Winstone, Mark Lockheart, John Parricelli, Nikki Iles, Dave Holland, James Maddren, The London Vocal Project","rel":"","context":"En \u00abGrabaciones...\u00bb","block_context":{"text":"Grabaciones...","link":"https:\/\/tomajazz.com\/web\/category\/contenidos\/textos\/grabaciones\/"},"img":{"alt_text":"Dave Holland: Vital Spark (Music of Kenny Wheeler) (Edition Records, 2026) Por Carlos Lara [Grabaci\u00f3n de jazz] - Tomajazz - Vital Spark (Music of Kenny Wheeler) (Edition Records, 2026) es la nueva grabaci\u00f3n de Dave Holland. Carlos Lara repasa la grabaci\u00f3n. Con Norma Winstone, Mark Lockheart, John Parricelli, Nikki Iles, Dave Holland, James Maddren, The London Vocal Project \n","src":"https:\/\/i0.wp.com\/tomajazz.com\/web\/wp-content\/uploads\/2026\/04\/Dave-Holland-Vital-Spark-Music-of-Kenny-Wheeler-Edition-Records-2026.jpg?resize=350%2C200&ssl=1","width":350,"height":200,"srcset":"https:\/\/i0.wp.com\/tomajazz.com\/web\/wp-content\/uploads\/2026\/04\/Dave-Holland-Vital-Spark-Music-of-Kenny-Wheeler-Edition-Records-2026.jpg?resize=350%2C200&ssl=1 1x, https:\/\/i0.wp.com\/tomajazz.com\/web\/wp-content\/uploads\/2026\/04\/Dave-Holland-Vital-Spark-Music-of-Kenny-Wheeler-Edition-Records-2026.jpg?resize=525%2C300&ssl=1 1.5x, https:\/\/i0.wp.com\/tomajazz.com\/web\/wp-content\/uploads\/2026\/04\/Dave-Holland-Vital-Spark-Music-of-Kenny-Wheeler-Edition-Records-2026.jpg?resize=700%2C400&ssl=1 2x"},"classes":[]},{"id":50078,"url":"https:\/\/tomajazz.com\/web\/krzysztof-penderecki-in-memoriam-aka-jazzx5193-krzysztof-penderecki-don-cherry-the-new-eternal-rhythm-orchestra-actions-for-free-jazz-orchestra-actions-minipodcast-yomequedoencasa-istay\/","url_meta":{"origin":14083,"position":1},"title":"Krzysztof Penderecki In Memoriam AKA JazzX5#193. Krzysztof Penderecki &#8211; Don Cherry &#038; The New Eternal Rhythm Orchestra: Actions For Free Jazz Orchestra (Actions) [Minipodcast] #YoMeQuedoEnCasa \/ #IStayAtHome","author":"Tomajazz","date":"31 marzo, 2020","format":false,"excerpt":"En Tomajazz un homenaje al compositor polaco Krzysztof Penderecki (1933 - 2020). En JazzX5 suena \"Actions For Free Jazz Orchestra\", tema dirigido por Penderecki que apareci\u00f3 publicado en Krzysztof Penderecki - Don Cherry & The New Eternal Rhythm Orchestra: Action, con una grabaci\u00f3n de 1971 en la que participaban, entre\u2026","rel":"","context":"En \u00abSonidos\u00bb","block_context":{"text":"Sonidos","link":"https:\/\/tomajazz.com\/web\/category\/contenidos\/sonidos\/"},"img":{"alt_text":"","src":"https:\/\/i0.wp.com\/tomajazz.com\/web\/wp-content\/uploads\/2020\/03\/JazzX5_193.jpg?resize=350%2C200&ssl=1","width":350,"height":200,"srcset":"https:\/\/i0.wp.com\/tomajazz.com\/web\/wp-content\/uploads\/2020\/03\/JazzX5_193.jpg?resize=350%2C200&ssl=1 1x, https:\/\/i0.wp.com\/tomajazz.com\/web\/wp-content\/uploads\/2020\/03\/JazzX5_193.jpg?resize=525%2C300&ssl=1 1.5x, https:\/\/i0.wp.com\/tomajazz.com\/web\/wp-content\/uploads\/2020\/03\/JazzX5_193.jpg?resize=700%2C400&ssl=1 2x"},"classes":[]},{"id":21941,"url":"https:\/\/tomajazz.com\/web\/kenny-wheeler-john-taylor-on-the-way-to-two-cam-jazz-2015-cd\/","url_meta":{"origin":14083,"position":2},"title":"Kenny Wheeler \u2013 John Taylor: On The Way To Two (Cam Jazz, 2015; CD)","author":"Tomajazz","date":"19 enero, 2016","format":false,"excerpt":"En 2005 el trompetista y fliscornista\u00a0Kenny Wheeler, y el pianista\u00a0John Taylor grabaron la obra a d\u00fao\u00a0On The Way To Two.\u00a0En 2015, unos meses despu\u00e9s de la desaparici\u00f3n del pianista, y una a\u00f1os despu\u00e9s de que falleciese el trompetista, la obra aparece publicada en el sello italiano Cam Jazz. El repertorio\u2026","rel":"","context":"En \u00ab*_Pachi Tapiz\u00bb","block_context":{"text":"*_Pachi Tapiz","link":"https:\/\/tomajazz.com\/web\/category\/pachi-tapiz\/"},"img":{"alt_text":"","src":"https:\/\/i0.wp.com\/tomajazz.com\/web\/wp-content\/uploads\/2016\/01\/Kenny-Wheeler-John-Taylor_On-The-Way-To-Two_Cam-Jazz_2015.jpg?resize=350%2C200&ssl=1","width":350,"height":200,"srcset":"https:\/\/i0.wp.com\/tomajazz.com\/web\/wp-content\/uploads\/2016\/01\/Kenny-Wheeler-John-Taylor_On-The-Way-To-Two_Cam-Jazz_2015.jpg?resize=350%2C200&ssl=1 1x, https:\/\/i0.wp.com\/tomajazz.com\/web\/wp-content\/uploads\/2016\/01\/Kenny-Wheeler-John-Taylor_On-The-Way-To-Two_Cam-Jazz_2015.jpg?resize=525%2C300&ssl=1 1.5x, https:\/\/i0.wp.com\/tomajazz.com\/web\/wp-content\/uploads\/2016\/01\/Kenny-Wheeler-John-Taylor_On-The-Way-To-Two_Cam-Jazz_2015.jpg?resize=700%2C400&ssl=1 2x, https:\/\/i0.wp.com\/tomajazz.com\/web\/wp-content\/uploads\/2016\/01\/Kenny-Wheeler-John-Taylor_On-The-Way-To-Two_Cam-Jazz_2015.jpg?resize=1050%2C600&ssl=1 3x, https:\/\/i0.wp.com\/tomajazz.com\/web\/wp-content\/uploads\/2016\/01\/Kenny-Wheeler-John-Taylor_On-The-Way-To-Two_Cam-Jazz_2015.jpg?resize=1400%2C800&ssl=1 4x"},"classes":[]},{"id":55928,"url":"https:\/\/tomajazz.com\/web\/jazzx5220-kenny-wheeler-3-4-in-the-afternoon-deer-wan-1978-minipodcast-por-pachi-tapiz\/","url_meta":{"origin":14083,"position":3},"title":"JazzX5#220. Kenny Wheeler: \u00ab3\/4 In The Afternoon\u00bb [Deer Wan (1978)] [Minipodcast] Por Pachi Tapiz","author":"Tomajazz","date":"25 julio, 2021","format":false,"excerpt":"En JazzX5 un tema de Deer Wan, un disco cl\u00e1sico de la d\u00e9cada de los a\u00f1os 70.","rel":"","context":"En \u00ab*_Pachi Tapiz\u00bb","block_context":{"text":"*_Pachi Tapiz","link":"https:\/\/tomajazz.com\/web\/category\/pachi-tapiz\/"},"img":{"alt_text":"","src":"https:\/\/i0.wp.com\/tomajazz.com\/web\/wp-content\/uploads\/2021\/07\/JazzX5_220.jpg?resize=350%2C200&ssl=1","width":350,"height":200,"srcset":"https:\/\/i0.wp.com\/tomajazz.com\/web\/wp-content\/uploads\/2021\/07\/JazzX5_220.jpg?resize=350%2C200&ssl=1 1x, https:\/\/i0.wp.com\/tomajazz.com\/web\/wp-content\/uploads\/2021\/07\/JazzX5_220.jpg?resize=525%2C300&ssl=1 1.5x, https:\/\/i0.wp.com\/tomajazz.com\/web\/wp-content\/uploads\/2021\/07\/JazzX5_220.jpg?resize=700%2C400&ssl=1 2x"},"classes":[]},{"id":56105,"url":"https:\/\/tomajazz.com\/web\/jazzx5227-kenny-wheeler-mai-we-go-round-around-6-1980-minipodcast-por-pachi-tapiz\/","url_meta":{"origin":14083,"position":4},"title":"JazzX5#227. Kenny Wheeler: \u00abMai We Go Round\u00bb [Around 6 (1980)] [Minipodcast] Por Pachi Tapiz","author":"Tomajazz","date":"1 agosto, 2021","format":false,"excerpt":"\"Mai We Go Round\" del disco Around 6 (ECM, 1980) de Kenny Wheeler en el minipodcast JazzX5 de Pachi Tapiz.","rel":"","context":"En \u00ab*_Pachi Tapiz\u00bb","block_context":{"text":"*_Pachi Tapiz","link":"https:\/\/tomajazz.com\/web\/category\/pachi-tapiz\/"},"img":{"alt_text":"","src":"https:\/\/i0.wp.com\/tomajazz.com\/web\/wp-content\/uploads\/2021\/08\/JazzX5_227.jpg?resize=350%2C200&ssl=1","width":350,"height":200,"srcset":"https:\/\/i0.wp.com\/tomajazz.com\/web\/wp-content\/uploads\/2021\/08\/JazzX5_227.jpg?resize=350%2C200&ssl=1 1x, https:\/\/i0.wp.com\/tomajazz.com\/web\/wp-content\/uploads\/2021\/08\/JazzX5_227.jpg?resize=525%2C300&ssl=1 1.5x, https:\/\/i0.wp.com\/tomajazz.com\/web\/wp-content\/uploads\/2021\/08\/JazzX5_227.jpg?resize=700%2C400&ssl=1 2x"},"classes":[]},{"id":2034,"url":"https:\/\/tomajazz.com\/web\/tomajazz-recomienda-un-disco-gnu-high-kenny-wheeler-1975\/","url_meta":{"origin":14083,"position":5},"title":"Tomajazz recomienda&#8230; un disco: Gnu High (Kenny Wheeler, 1975)","author":"Adolphus van Tenzing","date":"28 noviembre, 2011","format":false,"excerpt":"Hay varios motivos que puedan llevar a recomendar Gnu High de Kenny Wheeler. El primero pudiera ser escuchar a Keith Jarrett en un grupo en el que no ejerce de l\u00edder o co-l\u00edder. El segundo motivo podr\u00edan ser los acompa\u00f1antes de Wheeler: Jarrett, y tambi\u00e9n Dave Holland y Jack DeJohnette.\u2026","rel":"","context":"En \u00ab*_Adolphus van Tenzing\u00bb","block_context":{"text":"*_Adolphus van Tenzing","link":"https:\/\/tomajazz.com\/web\/category\/adolphus-van-tenzing\/"},"img":{"alt_text":"Kenny Wheeler Gnu High","src":"https:\/\/i0.wp.com\/www.tomajazz.com\/web\/wp-content\/uploads\/2011\/11\/Kenny-Wheeler-Gnu-High-200x200.jpg?resize=350%2C200","width":350,"height":200},"classes":[]}],"_links":{"self":[{"href":"https:\/\/tomajazz.com\/web\/wp-json\/wp\/v2\/posts\/14083","targetHints":{"allow":["GET"]}}],"collection":[{"href":"https:\/\/tomajazz.com\/web\/wp-json\/wp\/v2\/posts"}],"about":[{"href":"https:\/\/tomajazz.com\/web\/wp-json\/wp\/v2\/types\/post"}],"author":[{"embeddable":true,"href":"https:\/\/tomajazz.com\/web\/wp-json\/wp\/v2\/users\/1"}],"replies":[{"embeddable":true,"href":"https:\/\/tomajazz.com\/web\/wp-json\/wp\/v2\/comments?post=14083"}],"version-history":[{"count":2,"href":"https:\/\/tomajazz.com\/web\/wp-json\/wp\/v2\/posts\/14083\/revisions"}],"predecessor-version":[{"id":14086,"href":"https:\/\/tomajazz.com\/web\/wp-json\/wp\/v2\/posts\/14083\/revisions\/14086"}],"wp:featuredmedia":[{"embeddable":true,"href":"https:\/\/tomajazz.com\/web\/wp-json\/wp\/v2\/media\/14084"}],"wp:attachment":[{"href":"https:\/\/tomajazz.com\/web\/wp-json\/wp\/v2\/media?parent=14083"}],"wp:term":[{"taxonomy":"category","embeddable":true,"href":"https:\/\/tomajazz.com\/web\/wp-json\/wp\/v2\/categories?post=14083"},{"taxonomy":"post_tag","embeddable":true,"href":"https:\/\/tomajazz.com\/web\/wp-json\/wp\/v2\/tags?post=14083"}],"curies":[{"name":"wp","href":"https:\/\/api.w.org\/{rel}","templated":true}]}}