{"id":14145,"date":"2014-09-26T11:00:14","date_gmt":"2014-09-26T09:00:14","guid":{"rendered":"http:\/\/www.tomajazz.com\/web\/?p=14145"},"modified":"2016-11-13T16:32:35","modified_gmt":"2016-11-13T15:32:35","slug":"22eme-festival-jazz-a-junas-i-vincent-peirani-doudou-gouirand-michel-marre-art-deco-quartet-youn-sun-nah-junas-francia-2014-07-23","status":"publish","type":"post","link":"https:\/\/tomajazz.com\/web\/22eme-festival-jazz-a-junas-i-vincent-peirani-doudou-gouirand-michel-marre-art-deco-quartet-youn-sun-nah-junas-francia-2014-07-23\/","title":{"rendered":"21\u00e8me Festival Jazz \u00c0 Junas (I): Vincent Peirani \/ Doudou Gouirand \/ Michel Marre Art D\u00e9co Quartet \/ Youn Sun Nah (Junas, Francia. 2014-07-23)"},"content":{"rendered":"<p>21\u00e8me Festival Jazz \u00c0 Junas<\/p>\n<p>Vincent Peirani<\/p>\n<ul>\n<li>Fecha: Mi\u00e9rcoles, 23 de julio de 2014<\/li>\n<li>Lugar: Temple<\/li>\n<li>Componentes:<br \/>\nVincent Peirani, acorde\u00f3n<\/li>\n<\/ul>\n<p>&nbsp;<\/p>\n<p>Doudou Gouirand \/ Michel Marre Art D\u00e9co Quartet<\/p>\n<ul>\n<li>Fecha: Mi\u00e9rcoles, 23 de julio de 2014, 21h<\/li>\n<li>Lugar: Carri\u00e8res<\/li>\n<li>Componentes:<br \/>\nDoudou Gouirand, saxo alto<br \/>\nMichel Marre, trompeta<br \/>\nGuillaume S\u00e9guron, contrabajo<br \/>\nDenos Fournier, bater\u00eda<\/li>\n<\/ul>\n<p>&nbsp;<\/p>\n<p>Youn Sun Nah<\/p>\n<ul>\n<li>Fecha: Mi\u00e9rcoles, 23 de julio de 2014, 22:30h<\/li>\n<li>Lugar: Carri\u00e8res<\/li>\n<li>Componentes:<br \/>\nYoun Sun Nah, voz<br \/>\nUlf Wakenius, guitarra ac\u00fastica<\/li>\n<\/ul>\n<p>Comentario:<\/p>\n<p style=\"text-align: justify;\">La 21\u00aa edici\u00f3n del festival de jazz de Junas (peque\u00f1a poblaci\u00f3n de unos mil habitantes) ser\u00e1 desgraciadamente recordada por los asistentes y muy especialmente por sus organizadores, con su excelente equipo de \u201cb\u00e9n\u00e9voles\u201d (voluntarios), por las dos trompas de agua que cayeron y que obligaron a suspender tres de los ocho conciertos al aire libre, en el peculiar y sugerente espacio de las canteras.<\/p>\n<p style=\"text-align: center;\"><em><img loading=\"lazy\" decoding=\"async\" class=\"aligncenter size-full wp-image-14139\" src=\"http:\/\/www.tomajazz.com\/web\/wp-content\/uploads\/2014\/09\/F01_Fotos-expos-carrer-\u00a9Joan-Cort\u00e8s_23jul14_Jazz-\u00e0-Junas.jpg\" alt=\"F01_Fotos expos carrer (\u00a9Joan Cort\u00e8s)_23jul14_Jazz \u00e0 Junas\" width=\"600\" height=\"400\" title=\"\" srcset=\"https:\/\/tomajazz.com\/web\/wp-content\/uploads\/2014\/09\/F01_Fotos-expos-carrer-\u00a9Joan-Cort\u00e8s_23jul14_Jazz-\u00e0-Junas.jpg 600w, https:\/\/tomajazz.com\/web\/wp-content\/uploads\/2014\/09\/F01_Fotos-expos-carrer-\u00a9Joan-Cort\u00e8s_23jul14_Jazz-\u00e0-Junas-150x100.jpg 150w, https:\/\/tomajazz.com\/web\/wp-content\/uploads\/2014\/09\/F01_Fotos-expos-carrer-\u00a9Joan-Cort\u00e8s_23jul14_Jazz-\u00e0-Junas-200x133.jpg 200w, https:\/\/tomajazz.com\/web\/wp-content\/uploads\/2014\/09\/F01_Fotos-expos-carrer-\u00a9Joan-Cort\u00e8s_23jul14_Jazz-\u00e0-Junas-82x55.jpg 82w, https:\/\/tomajazz.com\/web\/wp-content\/uploads\/2014\/09\/F01_Fotos-expos-carrer-\u00a9Joan-Cort\u00e8s_23jul14_Jazz-\u00e0-Junas-60x40.jpg 60w, https:\/\/tomajazz.com\/web\/wp-content\/uploads\/2014\/09\/F01_Fotos-expos-carrer-\u00a9Joan-Cort\u00e8s_23jul14_Jazz-\u00e0-Junas-120x80.jpg 120w\" sizes=\"auto, (max-width: 600px) 100vw, 600px\" \/><br \/>\n<\/em><\/p>\n<p style=\"text-align: justify;\">El festival cada a\u00f1o define un hilo conductor, en esta ocasi\u00f3n \u201cRencontre avec le Cercle Arctique\u201d. La programaci\u00f3n cuenta con un concierto diario gratuito, en el espacio cerrado del \u201cTemple\u201d, y dos de pago al aire libre en las \u201cCarri\u00e8res\u201d, a los que se ha de contabilizar la proyecci\u00f3n diaria de una pel\u00edcula o documental, la exposici\u00f3n fotogr\u00e1fica al aire libre en algunas de las calles de la poblaci\u00f3n, as\u00ed como el segundo rotulado, permanente desde la edici\u00f3n anterior, de sus calles y plazas con los nombres de <em>jazzistas<\/em> que han participado en anteriores ediciones del festival.<\/p>\n<p style=\"text-align: center;\"><em><img loading=\"lazy\" decoding=\"async\" class=\"aligncenter size-full wp-image-14140\" src=\"http:\/\/www.tomajazz.com\/web\/wp-content\/uploads\/2014\/09\/F02_Binoms-de-dos-carrers-\u00a9Joan-Cort\u00e8s_23jul14_Jazz-\u00e0-Junas.jpg\" alt=\"F02_Binoms de dos carrers (\u00a9Joan Cort\u00e8s)_23jul14_Jazz \u00e0 Junas\" width=\"600\" height=\"400\" title=\"\" srcset=\"https:\/\/tomajazz.com\/web\/wp-content\/uploads\/2014\/09\/F02_Binoms-de-dos-carrers-\u00a9Joan-Cort\u00e8s_23jul14_Jazz-\u00e0-Junas.jpg 600w, https:\/\/tomajazz.com\/web\/wp-content\/uploads\/2014\/09\/F02_Binoms-de-dos-carrers-\u00a9Joan-Cort\u00e8s_23jul14_Jazz-\u00e0-Junas-150x100.jpg 150w, https:\/\/tomajazz.com\/web\/wp-content\/uploads\/2014\/09\/F02_Binoms-de-dos-carrers-\u00a9Joan-Cort\u00e8s_23jul14_Jazz-\u00e0-Junas-200x133.jpg 200w, https:\/\/tomajazz.com\/web\/wp-content\/uploads\/2014\/09\/F02_Binoms-de-dos-carrers-\u00a9Joan-Cort\u00e8s_23jul14_Jazz-\u00e0-Junas-82x55.jpg 82w, https:\/\/tomajazz.com\/web\/wp-content\/uploads\/2014\/09\/F02_Binoms-de-dos-carrers-\u00a9Joan-Cort\u00e8s_23jul14_Jazz-\u00e0-Junas-60x40.jpg 60w, https:\/\/tomajazz.com\/web\/wp-content\/uploads\/2014\/09\/F02_Binoms-de-dos-carrers-\u00a9Joan-Cort\u00e8s_23jul14_Jazz-\u00e0-Junas-120x80.jpg 120w\" sizes=\"auto, (max-width: 600px) 100vw, 600px\" \/><br \/>\n<\/em><\/p>\n<p style=\"text-align: justify;\">El \u00faltimo d\u00eda se realiza un peque\u00f1o recorrido musical por los alrededores de la poblaci\u00f3n que finaliza en una comida comunitaria. El trinomio jazz, comida y vinos, resulta una constante en varios festivales franceses.<\/p>\n<p style=\"text-align: justify;\">Cabe destacar los vitrales del Temple, inaugurados en el festival anterior, dise\u00f1ados por el baterista y pintor Daniel Humair.<\/p>\n<p style=\"text-align: center;\"><em><img loading=\"lazy\" decoding=\"async\" class=\"aligncenter size-full wp-image-14141\" src=\"http:\/\/www.tomajazz.com\/web\/wp-content\/uploads\/2014\/09\/F03_Reflexes-vitralls-\u00a9Joan-Cort\u00e8s_23jul14_Jazz-\u00e0-Junas.jpg\" alt=\"F03_Reflexes vitralls (\u00a9Joan Cort\u00e8s)_23jul14_Jazz \u00e0 Junas\" width=\"600\" height=\"450\" title=\"\" srcset=\"https:\/\/tomajazz.com\/web\/wp-content\/uploads\/2014\/09\/F03_Reflexes-vitralls-\u00a9Joan-Cort\u00e8s_23jul14_Jazz-\u00e0-Junas.jpg 600w, https:\/\/tomajazz.com\/web\/wp-content\/uploads\/2014\/09\/F03_Reflexes-vitralls-\u00a9Joan-Cort\u00e8s_23jul14_Jazz-\u00e0-Junas-150x112.jpg 150w, https:\/\/tomajazz.com\/web\/wp-content\/uploads\/2014\/09\/F03_Reflexes-vitralls-\u00a9Joan-Cort\u00e8s_23jul14_Jazz-\u00e0-Junas-200x150.jpg 200w, https:\/\/tomajazz.com\/web\/wp-content\/uploads\/2014\/09\/F03_Reflexes-vitralls-\u00a9Joan-Cort\u00e8s_23jul14_Jazz-\u00e0-Junas-73x55.jpg 73w\" sizes=\"auto, (max-width: 600px) 100vw, 600px\" \/><br \/>\n<\/em><\/p>\n<p style=\"text-align: justify;\">El punto de partida era, y fue, de los mejores para cualquier festival, un concierto en solitario de uno de los m\u00e1s interesantes \u201cenfants terribles\u201d de la escena gala, \u201cPrix Django Reinhardt\u201d al mejor m\u00fasico de jazz del a\u00f1o 2013, el acordeonista Vincent Peirani.<\/p>\n<p style=\"text-align: center;\"><em><img loading=\"lazy\" decoding=\"async\" class=\"aligncenter size-full wp-image-14142\" src=\"http:\/\/www.tomajazz.com\/web\/wp-content\/uploads\/2014\/09\/F04_VICENT-PEIRANI-\u00a9Joan-Cort\u00e8s_23jul14_Jazz-\u00e0-Junas.jpg\" alt=\"F04_VICENT PEIRANI (\u00a9Joan Cort\u00e8s)_23jul14_Jazz \u00e0 Junas\" width=\"399\" height=\"600\" title=\"\" srcset=\"https:\/\/tomajazz.com\/web\/wp-content\/uploads\/2014\/09\/F04_VICENT-PEIRANI-\u00a9Joan-Cort\u00e8s_23jul14_Jazz-\u00e0-Junas.jpg 399w, https:\/\/tomajazz.com\/web\/wp-content\/uploads\/2014\/09\/F04_VICENT-PEIRANI-\u00a9Joan-Cort\u00e8s_23jul14_Jazz-\u00e0-Junas-99x150.jpg 99w, https:\/\/tomajazz.com\/web\/wp-content\/uploads\/2014\/09\/F04_VICENT-PEIRANI-\u00a9Joan-Cort\u00e8s_23jul14_Jazz-\u00e0-Junas-200x300.jpg 200w, https:\/\/tomajazz.com\/web\/wp-content\/uploads\/2014\/09\/F04_VICENT-PEIRANI-\u00a9Joan-Cort\u00e8s_23jul14_Jazz-\u00e0-Junas-36x55.jpg 36w\" sizes=\"auto, (max-width: 399px) 100vw, 399px\" \/><br \/>\n<\/em><\/p>\n<p style=\"text-align: justify;\"><a title=\"Vincent Peirani en Tomajazz\" href=\"http:\/\/www.tomajazz.com\/web\/?tag=vincent-peirani\" target=\"_blank\">En Tomajazz hemos dejado constancia de su calidad y promiscuidad a lo largo del 2013<\/a> (Avignon, Junas, Elne, Perpignan e incluso en Barcelona). El pr\u00f3ximo noviembre dentro del festival de la capital catalana estar\u00e1 a d\u00fao con uno de sus mayores c\u00f3mplices, el saxofonista, Emile Parisien, \u201cPrix Django Reinhardt 2012\u201d.<\/p>\n<p style=\"text-align: center;\"><em><img loading=\"lazy\" decoding=\"async\" class=\"aligncenter size-full wp-image-14143\" src=\"http:\/\/www.tomajazz.com\/web\/wp-content\/uploads\/2014\/09\/F05_VICENT-PEIRANI-\u00a9Joan-Cort\u00e8s_23jul14_Jazz-\u00e0-Junas.jpg\" alt=\"F05_VICENT PEIRANI (\u00a9Joan Cort\u00e8s)_23jul14_Jazz \u00e0 Junas\" width=\"399\" height=\"600\" title=\"\" srcset=\"https:\/\/tomajazz.com\/web\/wp-content\/uploads\/2014\/09\/F05_VICENT-PEIRANI-\u00a9Joan-Cort\u00e8s_23jul14_Jazz-\u00e0-Junas.jpg 399w, https:\/\/tomajazz.com\/web\/wp-content\/uploads\/2014\/09\/F05_VICENT-PEIRANI-\u00a9Joan-Cort\u00e8s_23jul14_Jazz-\u00e0-Junas-99x150.jpg 99w, https:\/\/tomajazz.com\/web\/wp-content\/uploads\/2014\/09\/F05_VICENT-PEIRANI-\u00a9Joan-Cort\u00e8s_23jul14_Jazz-\u00e0-Junas-200x300.jpg 200w, https:\/\/tomajazz.com\/web\/wp-content\/uploads\/2014\/09\/F05_VICENT-PEIRANI-\u00a9Joan-Cort\u00e8s_23jul14_Jazz-\u00e0-Junas-36x55.jpg 36w\" sizes=\"auto, (max-width: 399px) 100vw, 399px\" \/><\/em><\/p>\n<p>&nbsp;<\/p>\n<p style=\"text-align: justify;\">Un concierto por todo lo alto, variado, con claro predominio mel\u00f3dico, que te hace grato navegar por paisajes coloristas y diferentes aguas musicales. Entre la evidencia y la sugerencia, entre lo escrito y la improvisaci\u00f3n, entre lo popular y lo culto. Haciendo gala de sus contrapuntos ir\u00f3nicos. Un m\u00fasico que las alabanzas, reconocimientos y premios no parecen hab\u00e9rsele subido a la cabeza.<\/p>\n<p style=\"text-align: center;\"><em><img loading=\"lazy\" decoding=\"async\" class=\"aligncenter size-full wp-image-14144\" src=\"http:\/\/www.tomajazz.com\/web\/wp-content\/uploads\/2014\/09\/F06_VICENT-PEIRANI-\u00a9Joan-Cort\u00e8s_23jul14_Jazz-\u00e0-Junas.jpg\" alt=\"F06_VICENT PEIRANI (\u00a9Joan Cort\u00e8s)_23jul14_Jazz \u00e0 Junas\" width=\"600\" height=\"399\" title=\"\" srcset=\"https:\/\/tomajazz.com\/web\/wp-content\/uploads\/2014\/09\/F06_VICENT-PEIRANI-\u00a9Joan-Cort\u00e8s_23jul14_Jazz-\u00e0-Junas.jpg 600w, https:\/\/tomajazz.com\/web\/wp-content\/uploads\/2014\/09\/F06_VICENT-PEIRANI-\u00a9Joan-Cort\u00e8s_23jul14_Jazz-\u00e0-Junas-150x99.jpg 150w, https:\/\/tomajazz.com\/web\/wp-content\/uploads\/2014\/09\/F06_VICENT-PEIRANI-\u00a9Joan-Cort\u00e8s_23jul14_Jazz-\u00e0-Junas-200x133.jpg 200w, https:\/\/tomajazz.com\/web\/wp-content\/uploads\/2014\/09\/F06_VICENT-PEIRANI-\u00a9Joan-Cort\u00e8s_23jul14_Jazz-\u00e0-Junas-82x55.jpg 82w, https:\/\/tomajazz.com\/web\/wp-content\/uploads\/2014\/09\/F06_VICENT-PEIRANI-\u00a9Joan-Cort\u00e8s_23jul14_Jazz-\u00e0-Junas-60x40.jpg 60w, https:\/\/tomajazz.com\/web\/wp-content\/uploads\/2014\/09\/F06_VICENT-PEIRANI-\u00a9Joan-Cort\u00e8s_23jul14_Jazz-\u00e0-Junas-120x80.jpg 120w\" sizes=\"auto, (max-width: 600px) 100vw, 600px\" \/><br \/>\n<\/em><\/p>\n<p style=\"text-align: justify;\">Ofreci\u00f3 un concierto de 60 minutos, norma del evento, con un temario escogido de entre los distintos proyectos en los que est\u00e1 participando en la actualidad, sabiendo configurar una remarcable unidad y coherencia musical. El exquisito \u201cChoral\u201d, el ondulante \u201c7A3\u201d, el pl\u00e1cido y evocador \u201cPsalmen\u201d de Lars Danielsson, el juego de distorsiones con final <em>monkiano<\/em> o, entre otras, la referencia al gran Egberto Gismonti. Un recorrido por una geograf\u00eda tan variada como distante, manteniendo una plena coherencia formal.<\/p>\n<p style=\"text-align: center;\"><em><img loading=\"lazy\" decoding=\"async\" class=\"aligncenter size-full wp-image-14146\" src=\"http:\/\/www.tomajazz.com\/web\/wp-content\/uploads\/2014\/09\/F07_VICENT-PEIRANI-\u00a9Joan-Cort\u00e8s_23jul14_Jazz-\u00e0-Junas.jpg\" alt=\"F07_VICENT PEIRANI (\u00a9Joan Cort\u00e8s)_23jul14_Jazz \u00e0 Junas\" width=\"600\" height=\"399\" title=\"\" srcset=\"https:\/\/tomajazz.com\/web\/wp-content\/uploads\/2014\/09\/F07_VICENT-PEIRANI-\u00a9Joan-Cort\u00e8s_23jul14_Jazz-\u00e0-Junas.jpg 600w, https:\/\/tomajazz.com\/web\/wp-content\/uploads\/2014\/09\/F07_VICENT-PEIRANI-\u00a9Joan-Cort\u00e8s_23jul14_Jazz-\u00e0-Junas-150x99.jpg 150w, https:\/\/tomajazz.com\/web\/wp-content\/uploads\/2014\/09\/F07_VICENT-PEIRANI-\u00a9Joan-Cort\u00e8s_23jul14_Jazz-\u00e0-Junas-200x133.jpg 200w, https:\/\/tomajazz.com\/web\/wp-content\/uploads\/2014\/09\/F07_VICENT-PEIRANI-\u00a9Joan-Cort\u00e8s_23jul14_Jazz-\u00e0-Junas-82x55.jpg 82w, https:\/\/tomajazz.com\/web\/wp-content\/uploads\/2014\/09\/F07_VICENT-PEIRANI-\u00a9Joan-Cort\u00e8s_23jul14_Jazz-\u00e0-Junas-60x40.jpg 60w, https:\/\/tomajazz.com\/web\/wp-content\/uploads\/2014\/09\/F07_VICENT-PEIRANI-\u00a9Joan-Cort\u00e8s_23jul14_Jazz-\u00e0-Junas-120x80.jpg 120w\" sizes=\"auto, (max-width: 600px) 100vw, 600px\" \/><br \/>\n<\/em><\/p>\n<p style=\"text-align: justify;\">Todo un placer poder asistir en directo y, muy especialmente en la distancia corta, a un concierto de este joven y notable m\u00fasico.<\/p>\n<p style=\"text-align: center;\"><em><img loading=\"lazy\" decoding=\"async\" class=\"aligncenter size-full wp-image-14147\" src=\"http:\/\/www.tomajazz.com\/web\/wp-content\/uploads\/2014\/09\/F08_VICENT-PEIRANI-\u00a9Joan-Cort\u00e8s_23jul14_Jazz-\u00e0-Junas.jpg\" alt=\"F08_VICENT PEIRANI (\u00a9Joan Cort\u00e8s)_23jul14_Jazz \u00e0 Junas\" width=\"600\" height=\"399\" title=\"\" srcset=\"https:\/\/tomajazz.com\/web\/wp-content\/uploads\/2014\/09\/F08_VICENT-PEIRANI-\u00a9Joan-Cort\u00e8s_23jul14_Jazz-\u00e0-Junas.jpg 600w, https:\/\/tomajazz.com\/web\/wp-content\/uploads\/2014\/09\/F08_VICENT-PEIRANI-\u00a9Joan-Cort\u00e8s_23jul14_Jazz-\u00e0-Junas-150x99.jpg 150w, https:\/\/tomajazz.com\/web\/wp-content\/uploads\/2014\/09\/F08_VICENT-PEIRANI-\u00a9Joan-Cort\u00e8s_23jul14_Jazz-\u00e0-Junas-200x133.jpg 200w, https:\/\/tomajazz.com\/web\/wp-content\/uploads\/2014\/09\/F08_VICENT-PEIRANI-\u00a9Joan-Cort\u00e8s_23jul14_Jazz-\u00e0-Junas-82x55.jpg 82w, https:\/\/tomajazz.com\/web\/wp-content\/uploads\/2014\/09\/F08_VICENT-PEIRANI-\u00a9Joan-Cort\u00e8s_23jul14_Jazz-\u00e0-Junas-60x40.jpg 60w, https:\/\/tomajazz.com\/web\/wp-content\/uploads\/2014\/09\/F08_VICENT-PEIRANI-\u00a9Joan-Cort\u00e8s_23jul14_Jazz-\u00e0-Junas-120x80.jpg 120w\" sizes=\"auto, (max-width: 600px) 100vw, 600px\" \/><br \/>\n<\/em><\/p>\n<p style=\"text-align: justify;\">Apenas una par de horas despu\u00e9s, en el singular y agradable entorno al aire libre de las \u201cCarri\u00e8res\u201d, escenario insignia del festival, se present\u00f3 el cuarteto franc\u00e9s Doudou Gouirand \/ Michel Marre Art D\u00e9co. Sus componentes, a lo largo del tiempo, han ido coincidiendo en distintos proyectos, bajo un denominador com\u00fan, el de la pluralidad musical.<\/p>\n<p><em>\u00a0<\/em><\/p>\n<p><center><img loading=\"lazy\" decoding=\"async\" class=\"aligncenter size-full wp-image-14149\" src=\"http:\/\/www.tomajazz.com\/web\/wp-content\/uploads\/2014\/09\/F09_GOUIRANMARRE-4t-\u00a9Joan-Cort\u00e8s_23jul14_Jazz-\u00e0-Junas.jpg\" alt=\"F09_GOUIRAN&amp;MARRE 4t (\u00a9Joan Cort\u00e8s)_23jul14_Jazz \u00e0 Junas\" width=\"399\" height=\"600\" title=\"\" srcset=\"https:\/\/tomajazz.com\/web\/wp-content\/uploads\/2014\/09\/F09_GOUIRANMARRE-4t-\u00a9Joan-Cort\u00e8s_23jul14_Jazz-\u00e0-Junas.jpg 399w, https:\/\/tomajazz.com\/web\/wp-content\/uploads\/2014\/09\/F09_GOUIRANMARRE-4t-\u00a9Joan-Cort\u00e8s_23jul14_Jazz-\u00e0-Junas-99x150.jpg 99w, https:\/\/tomajazz.com\/web\/wp-content\/uploads\/2014\/09\/F09_GOUIRANMARRE-4t-\u00a9Joan-Cort\u00e8s_23jul14_Jazz-\u00e0-Junas-200x300.jpg 200w, https:\/\/tomajazz.com\/web\/wp-content\/uploads\/2014\/09\/F09_GOUIRANMARRE-4t-\u00a9Joan-Cort\u00e8s_23jul14_Jazz-\u00e0-Junas-36x55.jpg 36w\" sizes=\"auto, (max-width: 399px) 100vw, 399px\" \/><\/center><em><br \/>\n<\/em><\/p>\n<p style=\"text-align: justify;\">Una pluralidad a la que no era nada ajeno el trompetista Don Cherry, primero maestro y despu\u00e9s compa\u00f1ero musical de Gouirand, que le impregn\u00f3 algunas de sus coordenadas jazz\u00edsticas, desde el <em>free<\/em> hasta las mezcolanzas con las m\u00fasicas tradicionales (alguno todav\u00eda recordar\u00e1 la colaboraci\u00f3n del estadounidense, all\u00e1 por el oto\u00f1o de 1983, con el guitarrista de flamenco Pepe Habichuela, casi tres d\u00e9cadas antes que el maestro granadino tambi\u00e9n lo hiciese con Dave Holland). Gouirand, el apartado tradicional, lo direccion\u00f3 hacia las costas mediterr\u00e1neas y m\u00e1s recientemente hacia el bolero cubano.<\/p>\n<p style=\"text-align: center;\"><em><img loading=\"lazy\" decoding=\"async\" class=\"aligncenter size-full wp-image-14150\" src=\"http:\/\/www.tomajazz.com\/web\/wp-content\/uploads\/2014\/09\/F10_GOUIRANMARRE-4t-\u00a9Joan-Cort\u00e8s_23jul14_Jazz-\u00e0-Junas.jpg\" alt=\"F10_GOUIRAN&amp;MARRE 4t (\u00a9Joan Cort\u00e8s)_23jul14_Jazz \u00e0 Junas\" width=\"600\" height=\"399\" title=\"\" srcset=\"https:\/\/tomajazz.com\/web\/wp-content\/uploads\/2014\/09\/F10_GOUIRANMARRE-4t-\u00a9Joan-Cort\u00e8s_23jul14_Jazz-\u00e0-Junas.jpg 600w, https:\/\/tomajazz.com\/web\/wp-content\/uploads\/2014\/09\/F10_GOUIRANMARRE-4t-\u00a9Joan-Cort\u00e8s_23jul14_Jazz-\u00e0-Junas-150x99.jpg 150w, https:\/\/tomajazz.com\/web\/wp-content\/uploads\/2014\/09\/F10_GOUIRANMARRE-4t-\u00a9Joan-Cort\u00e8s_23jul14_Jazz-\u00e0-Junas-200x133.jpg 200w, https:\/\/tomajazz.com\/web\/wp-content\/uploads\/2014\/09\/F10_GOUIRANMARRE-4t-\u00a9Joan-Cort\u00e8s_23jul14_Jazz-\u00e0-Junas-82x55.jpg 82w, https:\/\/tomajazz.com\/web\/wp-content\/uploads\/2014\/09\/F10_GOUIRANMARRE-4t-\u00a9Joan-Cort\u00e8s_23jul14_Jazz-\u00e0-Junas-60x40.jpg 60w, https:\/\/tomajazz.com\/web\/wp-content\/uploads\/2014\/09\/F10_GOUIRANMARRE-4t-\u00a9Joan-Cort\u00e8s_23jul14_Jazz-\u00e0-Junas-120x80.jpg 120w\" sizes=\"auto, (max-width: 600px) 100vw, 600px\" \/><br \/>\n<\/em><\/p>\n<p style=\"text-align: justify;\">Por su parte el trompetista Michel Marre de formaci\u00f3n cl\u00e1sica se introdujo en el jazz por la vertiente de New Orleans para posteriormente pasar al <em>free<\/em> con la Intercommunal Free Dance Music Orchestra de Fran\u00e7ois Tusques. Despu\u00e9s se interes\u00f3 por las m\u00fasicas tradicionales bretonas y occitanas, demostrando, m\u00e1s recientemente, su querencia por las formaciones m\u00e1s corales \u201cIndians Gavachs\u201d, \u201cSardanajazz\u201d o la ONJ de Frank Tortiller con la que grab\u00f3 el disco <em>Close to heaven<\/em>\u00a0(2006) \u2013un homenaje al grupo ingl\u00e9s de rock Led Zeppelin-.<\/p>\n<p style=\"text-align: center;\"><em><img loading=\"lazy\" decoding=\"async\" class=\"aligncenter size-full wp-image-14151\" src=\"http:\/\/www.tomajazz.com\/web\/wp-content\/uploads\/2014\/09\/F11_GOUIRANMARRE-4t-\u00a9Joan-Cort\u00e8s_23jul14_Jazz-\u00e0-Junas.jpg\" alt=\"F11_GOUIRAN&amp;MARRE 4t (\u00a9Joan Cort\u00e8s)_23jul14_Jazz \u00e0 Junas\" width=\"399\" height=\"600\" title=\"\" srcset=\"https:\/\/tomajazz.com\/web\/wp-content\/uploads\/2014\/09\/F11_GOUIRANMARRE-4t-\u00a9Joan-Cort\u00e8s_23jul14_Jazz-\u00e0-Junas.jpg 399w, https:\/\/tomajazz.com\/web\/wp-content\/uploads\/2014\/09\/F11_GOUIRANMARRE-4t-\u00a9Joan-Cort\u00e8s_23jul14_Jazz-\u00e0-Junas-99x150.jpg 99w, https:\/\/tomajazz.com\/web\/wp-content\/uploads\/2014\/09\/F11_GOUIRANMARRE-4t-\u00a9Joan-Cort\u00e8s_23jul14_Jazz-\u00e0-Junas-200x300.jpg 200w, https:\/\/tomajazz.com\/web\/wp-content\/uploads\/2014\/09\/F11_GOUIRANMARRE-4t-\u00a9Joan-Cort\u00e8s_23jul14_Jazz-\u00e0-Junas-36x55.jpg 36w\" sizes=\"auto, (max-width: 399px) 100vw, 399px\" \/><br \/>\n<\/em><\/p>\n<p style=\"text-align: justify;\">El baterista Denis Fournier, en los \u00faltimos a\u00f1os ha formado distintos proyectos con Ari Brown, Nicole Mitchell o Jean-Luc Cappozzo.<\/p>\n<p style=\"text-align: center;\"><em><img loading=\"lazy\" decoding=\"async\" class=\"aligncenter size-full wp-image-14152\" src=\"http:\/\/www.tomajazz.com\/web\/wp-content\/uploads\/2014\/09\/F12_GOUIRANMARRE-4t-\u00a9Joan-Cort\u00e8s_23jul14_Jazz-\u00e0-Junas.jpg\" alt=\"F12_GOUIRAN&amp;MARRE 4t (\u00a9Joan Cort\u00e8s)_23jul14_Jazz \u00e0 Junas\" width=\"399\" height=\"600\" title=\"\" srcset=\"https:\/\/tomajazz.com\/web\/wp-content\/uploads\/2014\/09\/F12_GOUIRANMARRE-4t-\u00a9Joan-Cort\u00e8s_23jul14_Jazz-\u00e0-Junas.jpg 399w, https:\/\/tomajazz.com\/web\/wp-content\/uploads\/2014\/09\/F12_GOUIRANMARRE-4t-\u00a9Joan-Cort\u00e8s_23jul14_Jazz-\u00e0-Junas-99x150.jpg 99w, https:\/\/tomajazz.com\/web\/wp-content\/uploads\/2014\/09\/F12_GOUIRANMARRE-4t-\u00a9Joan-Cort\u00e8s_23jul14_Jazz-\u00e0-Junas-200x300.jpg 200w, https:\/\/tomajazz.com\/web\/wp-content\/uploads\/2014\/09\/F12_GOUIRANMARRE-4t-\u00a9Joan-Cort\u00e8s_23jul14_Jazz-\u00e0-Junas-36x55.jpg 36w\" sizes=\"auto, (max-width: 399px) 100vw, 399px\" \/><br \/>\n<\/em><\/p>\n<p style=\"text-align: justify;\">Guillaume S\u00e9guron, c\u00f3mplice en varios proyectos de Fournier, es el m\u00e1s joven del grupo. Quisiera destacar, entre otros, el proyecto <em>Nouvelles r\u00e9ponses des archives<\/em> (2012), un trabajo de recuperaci\u00f3n de la memoria, con recitados mayoritariamente en catal\u00e1n, de recuerdos de exiliados de la \u00faltima rep\u00fablica espa\u00f1ola, donde S\u00e9guron con las cuatro cuerdas de su contrabajo construye un notable y envolvente tramado musical.<\/p>\n<p style=\"text-align: center;\"><em><img loading=\"lazy\" decoding=\"async\" class=\"aligncenter size-full wp-image-14153\" src=\"http:\/\/www.tomajazz.com\/web\/wp-content\/uploads\/2014\/09\/F13_GOUIRANMARRE-4t-\u00a9Joan-Cort\u00e8s_23jul14_Jazz-\u00e0-Junas.jpg\" alt=\"F13_GOUIRAN&amp;MARRE 4t (\u00a9Joan Cort\u00e8s)_23jul14_Jazz \u00e0 Junas\" width=\"600\" height=\"399\" title=\"\" srcset=\"https:\/\/tomajazz.com\/web\/wp-content\/uploads\/2014\/09\/F13_GOUIRANMARRE-4t-\u00a9Joan-Cort\u00e8s_23jul14_Jazz-\u00e0-Junas.jpg 600w, https:\/\/tomajazz.com\/web\/wp-content\/uploads\/2014\/09\/F13_GOUIRANMARRE-4t-\u00a9Joan-Cort\u00e8s_23jul14_Jazz-\u00e0-Junas-150x99.jpg 150w, https:\/\/tomajazz.com\/web\/wp-content\/uploads\/2014\/09\/F13_GOUIRANMARRE-4t-\u00a9Joan-Cort\u00e8s_23jul14_Jazz-\u00e0-Junas-200x133.jpg 200w, https:\/\/tomajazz.com\/web\/wp-content\/uploads\/2014\/09\/F13_GOUIRANMARRE-4t-\u00a9Joan-Cort\u00e8s_23jul14_Jazz-\u00e0-Junas-82x55.jpg 82w, https:\/\/tomajazz.com\/web\/wp-content\/uploads\/2014\/09\/F13_GOUIRANMARRE-4t-\u00a9Joan-Cort\u00e8s_23jul14_Jazz-\u00e0-Junas-60x40.jpg 60w, https:\/\/tomajazz.com\/web\/wp-content\/uploads\/2014\/09\/F13_GOUIRANMARRE-4t-\u00a9Joan-Cort\u00e8s_23jul14_Jazz-\u00e0-Junas-120x80.jpg 120w\" sizes=\"auto, (max-width: 600px) 100vw, 600px\" \/><br \/>\n<\/em><\/p>\n<p style=\"text-align: justify;\">El proyecto Art D\u00e9co, tributo del cuarteto a Don Cherry, nos dio la sensaci\u00f3n de estar todav\u00eda tierno, falto de un mayor rodaje para terminar de ensamblar los diferentes y notables mimbres que contiene. Con concepciones distintas pero perfectamente complementarias de los solistas principales. Por un lado la energ\u00eda, con destellos hiperactivos, directos y lacerantes del trompetista, y por el otro el deambular tranquilo, sosegado, y mel\u00f3dico del saxofonista, m\u00e1s en la faceta de la sugerencia y la insinuaci\u00f3n, a modo de pinceladas y veladuras pict\u00f3ricas. Los dos bien arropados y conducidos por una r\u00edtmica fet\u00e9n, que fue elaborando un tejido compacto y din\u00e1mico, de l\u00edneas m\u00e1s contempor\u00e1neas, sin desfallecimiento.<\/p>\n<p style=\"text-align: center;\"><em><img loading=\"lazy\" decoding=\"async\" class=\"aligncenter size-full wp-image-14154\" src=\"http:\/\/www.tomajazz.com\/web\/wp-content\/uploads\/2014\/09\/F14_GOUIRANMARRE-4t-\u00a9Joan-Cort\u00e8s_23jul14_Jazz-\u00e0-Junas.jpg\" alt=\"F14_GOUIRAN&amp;MARRE 4t (\u00a9Joan Cort\u00e8s)_23jul14_Jazz \u00e0 Junas\" width=\"600\" height=\"399\" title=\"\" srcset=\"https:\/\/tomajazz.com\/web\/wp-content\/uploads\/2014\/09\/F14_GOUIRANMARRE-4t-\u00a9Joan-Cort\u00e8s_23jul14_Jazz-\u00e0-Junas.jpg 600w, https:\/\/tomajazz.com\/web\/wp-content\/uploads\/2014\/09\/F14_GOUIRANMARRE-4t-\u00a9Joan-Cort\u00e8s_23jul14_Jazz-\u00e0-Junas-150x99.jpg 150w, https:\/\/tomajazz.com\/web\/wp-content\/uploads\/2014\/09\/F14_GOUIRANMARRE-4t-\u00a9Joan-Cort\u00e8s_23jul14_Jazz-\u00e0-Junas-200x133.jpg 200w, https:\/\/tomajazz.com\/web\/wp-content\/uploads\/2014\/09\/F14_GOUIRANMARRE-4t-\u00a9Joan-Cort\u00e8s_23jul14_Jazz-\u00e0-Junas-82x55.jpg 82w, https:\/\/tomajazz.com\/web\/wp-content\/uploads\/2014\/09\/F14_GOUIRANMARRE-4t-\u00a9Joan-Cort\u00e8s_23jul14_Jazz-\u00e0-Junas-60x40.jpg 60w, https:\/\/tomajazz.com\/web\/wp-content\/uploads\/2014\/09\/F14_GOUIRANMARRE-4t-\u00a9Joan-Cort\u00e8s_23jul14_Jazz-\u00e0-Junas-120x80.jpg 120w\" sizes=\"auto, (max-width: 600px) 100vw, 600px\" \/><br \/>\n<\/em><\/p>\n<p style=\"text-align: justify;\">Despu\u00e9s de esperar unos diez minutos por cuatro gotas de mal presagio, y del comentario melodioso \u201cJe suis d\u00e9sol\u00e9\u201d, la cantante Youn Sun Nah inici\u00f3 los primeros compases del tema tradicional coreano \u201cArirang\u00a0\u201c, \u00fanicamente acompa\u00f1ada por la guitarra ac\u00fastica de su inseparable Ulf Wakenius. No hab\u00edan transcurrido ni un par de minutos que empez\u00f3 a descargar un aguacero veraniego t\u00edpico de la zona mediterr\u00e1nea, dejando a todos los presentes con un rostro entre la incomprensi\u00f3n y el espasmo, intentando protegerse con las sillas a modo de sombrero, con los escasos paraguas e impermeables de los m\u00e1s previsores y el resto aguantando, cuando no desfilando, estoicamente. Los m\u00fasicos debajo de un improvisado parasol y los t\u00e9cnicos cubriendo como pod\u00edan el delicado y costoso material.<\/p>\n<p style=\"text-align: justify;\">En unos instantes se hab\u00eda esfumado la actuaci\u00f3n estrella y m\u00e1s medi\u00e1tica del festival, pocos minutos despu\u00e9s y aceptando la evidencia, el p\u00fablico restante, fehacientemente calado, se dirig\u00eda hacia la salida bajo una lluvia mucho m\u00e1s fina y sosegada.<\/p>\n<p style=\"text-align: center;\"><em><img loading=\"lazy\" decoding=\"async\" class=\"aligncenter size-full wp-image-14155\" src=\"http:\/\/www.tomajazz.com\/web\/wp-content\/uploads\/2014\/09\/F15_YOUN-SUN-NAH-\u00a9Joan-Cort\u00e8s_23jul14_Jazz-\u00e0-Junas.jpg\" alt=\"F15_YOUN SUN NAH (\u00a9Joan Cort\u00e8s)_23jul14_Jazz \u00e0 Junas\" width=\"399\" height=\"600\" title=\"\" srcset=\"https:\/\/tomajazz.com\/web\/wp-content\/uploads\/2014\/09\/F15_YOUN-SUN-NAH-\u00a9Joan-Cort\u00e8s_23jul14_Jazz-\u00e0-Junas.jpg 399w, https:\/\/tomajazz.com\/web\/wp-content\/uploads\/2014\/09\/F15_YOUN-SUN-NAH-\u00a9Joan-Cort\u00e8s_23jul14_Jazz-\u00e0-Junas-99x150.jpg 99w, https:\/\/tomajazz.com\/web\/wp-content\/uploads\/2014\/09\/F15_YOUN-SUN-NAH-\u00a9Joan-Cort\u00e8s_23jul14_Jazz-\u00e0-Junas-200x300.jpg 200w, https:\/\/tomajazz.com\/web\/wp-content\/uploads\/2014\/09\/F15_YOUN-SUN-NAH-\u00a9Joan-Cort\u00e8s_23jul14_Jazz-\u00e0-Junas-36x55.jpg 36w\" sizes=\"auto, (max-width: 399px) 100vw, 399px\" \/><br \/>\n<\/em><\/p>\n<p>Antes del inicio de la ef\u00edmera actuaci\u00f3n, en el faristol del guitarrista, pudimos ver la partitura del tema original de Sun Nah, \u201cUncertain Weather\u201d.<\/p>\n<p style=\"text-align: center;\"><img loading=\"lazy\" decoding=\"async\" class=\"aligncenter size-full wp-image-14156\" src=\"http:\/\/www.tomajazz.com\/web\/wp-content\/uploads\/2014\/09\/F16_YOUN-SUN-NAH-\u00a9Joan-Cort\u00e8s_23jul14_Jazz-\u00e0-Junas.jpg\" alt=\"F16_YOUN SUN NAH (\u00a9Joan Cort\u00e8s)_23jul14_Jazz \u00e0 Junas\" width=\"600\" height=\"399\" title=\"\" srcset=\"https:\/\/tomajazz.com\/web\/wp-content\/uploads\/2014\/09\/F16_YOUN-SUN-NAH-\u00a9Joan-Cort\u00e8s_23jul14_Jazz-\u00e0-Junas.jpg 600w, https:\/\/tomajazz.com\/web\/wp-content\/uploads\/2014\/09\/F16_YOUN-SUN-NAH-\u00a9Joan-Cort\u00e8s_23jul14_Jazz-\u00e0-Junas-150x99.jpg 150w, https:\/\/tomajazz.com\/web\/wp-content\/uploads\/2014\/09\/F16_YOUN-SUN-NAH-\u00a9Joan-Cort\u00e8s_23jul14_Jazz-\u00e0-Junas-200x133.jpg 200w, https:\/\/tomajazz.com\/web\/wp-content\/uploads\/2014\/09\/F16_YOUN-SUN-NAH-\u00a9Joan-Cort\u00e8s_23jul14_Jazz-\u00e0-Junas-82x55.jpg 82w, https:\/\/tomajazz.com\/web\/wp-content\/uploads\/2014\/09\/F16_YOUN-SUN-NAH-\u00a9Joan-Cort\u00e8s_23jul14_Jazz-\u00e0-Junas-60x40.jpg 60w, https:\/\/tomajazz.com\/web\/wp-content\/uploads\/2014\/09\/F16_YOUN-SUN-NAH-\u00a9Joan-Cort\u00e8s_23jul14_Jazz-\u00e0-Junas-120x80.jpg 120w\" sizes=\"auto, (max-width: 600px) 100vw, 600px\" \/><\/p>\n<p style=\"text-align: right;\">Texto y fotograf\u00edas: \u00a9 Joan Cort\u00e8s, 2014<\/p>\n","protected":false},"excerpt":{"rendered":"<p>21\u00e8me Festival Jazz \u00c0 Junas Vincent Peirani Fecha: Mi\u00e9rcoles, 23 de julio de 2014 Lugar: Temple Componentes: Vincent Peirani, acorde\u00f3n &nbsp; Doudou Gouirand \/ Michel Marre Art D\u00e9co Quartet Fecha: Mi\u00e9rcoles, 23 de julio de 2014, 21h Lugar: Carri\u00e8res Componentes: Doudou Gouirand, saxo alto Michel Marre, trompeta Guillaume S\u00e9guron, contrabajo<span class=\"more-link\"><a href=\"https:\/\/tomajazz.com\/web\/22eme-festival-jazz-a-junas-i-vincent-peirani-doudou-gouirand-michel-marre-art-deco-quartet-youn-sun-nah-junas-francia-2014-07-23\/\">Contin\u00faa leyendo<\/a><\/span><\/p>\n","protected":false},"author":1,"featured_media":14140,"comment_status":"open","ping_status":"closed","sticky":false,"template":"","format":"standard","meta":{"jetpack_post_was_ever_published":false,"_jetpack_newsletter_access":"","_jetpack_dont_email_post_to_subs":true,"_jetpack_newsletter_tier_id":0,"_jetpack_memberships_contains_paywalled_content":false,"_jetpack_memberships_contains_paid_content":false,"footnotes":""},"categories":[17853,4,1038],"tags":[10849,8370,7123,7148,10637,6965,10635,10634,1664,7125,10850,5268,10640,10639,7511,10641,7119,10645,1041,10068,6286,10644,10636,7387,4768,10643,10638,10642,16099,16100,6287,6288,6285],"class_list":["entry","author-pachi","post-14145","post","type-post","status-publish","format-standard","has-post-thumbnail","category-joan-cortes","category-conciertos","category-contenidos","tag-21eme-festival-jazz-a-junas","tag-ari-brown","tag-daniel-humair","tag-dave-holland","tag-denos-fournier","tag-don-cherry","tag-doudou-gouirand","tag-doudou-gouirand-michel-marre-art-deco-quartet","tag-egberto-gismonti","tag-emile-parisien","tag-festival-jazz-a-junas","tag-francia","tag-francois-tusques","tag-free-dance-music-orchestra","tag-guillaume-seguron","tag-indians-gavachs","tag-jazz-a-junas","tag-jean-luc-capozzo","tag-joan-cortes","tag-junas","tag-lars-danielsson","tag-led-zeppelin","tag-michel-marre","tag-nicole-mitchell","tag-onj","tag-onj-frank-tortiller","tag-pepe-habichuela","tag-sardanajazz","tag-toma-jazz","tag-tomajazz-toma-jazz","tag-ulf-wakenius","tag-vincent-peirani","tag-youn-sun-nah"],"jetpack_featured_media_url":"https:\/\/tomajazz.com\/web\/wp-content\/uploads\/2014\/09\/F02_Binoms-de-dos-carrers-\u00a9Joan-Cort\u00e8s_23jul14_Jazz-\u00e0-Junas.jpg","jetpack_likes_enabled":true,"jetpack_sharing_enabled":true,"jetpack-related-posts":[{"id":14357,"url":"https:\/\/tomajazz.com\/web\/22eme-festival-jazz-a-junas-i-little-res-suitcase-ulf-wakenius-trio-tonbruket-quartet-satu-niiranen-junas-francia-2014-07-23\/","url_meta":{"origin":14145,"position":0},"title":"21\u00e8me Festival Jazz \u00c0 Junas (II): Little Res Suitcase \/ Ulf Wakenius Trio \/ Tonbruket Quartet \/ Satu Niiranen (Junas, Francia. 2014-07-24)","author":"Tomajazz","date":"3 octubre, 2014","format":false,"excerpt":"21\u00e8me Festival Jazz \u00c0 Junas (II) Little Red Suitcase Fecha: Jueves, 24 de julio de 2014 Lugar: Temple Componentes: Elena Seti\u00e9n, viol\u00edn y voz Johanna Borchert, teclados y voz Ulf Wakenius Trio Fecha: Jueves, 24 de julio de 2014, 21:00 Lugar: Carri\u00e8res Componentes: Ulf Wakenius, guitarras ac\u00fasticas Vincent Peirani, acorde\u00f3n\u2026","rel":"","context":"En \u00ab*_Joan Cort\u00e8s\u00bb","block_context":{"text":"*_Joan Cort\u00e8s","link":"https:\/\/tomajazz.com\/web\/category\/joan-cortes\/"},"img":{"alt_text":"","src":"https:\/\/i0.wp.com\/tomajazz.com\/web\/wp-content\/uploads\/2014\/10\/F05_ULF-WAKENIUS-%C2%A9Joan-Cort%C3%A8s_24jul14_Jazz-%C3%A0-Junas.jpg?resize=350%2C200&ssl=1","width":350,"height":200,"srcset":"https:\/\/i0.wp.com\/tomajazz.com\/web\/wp-content\/uploads\/2014\/10\/F05_ULF-WAKENIUS-%C2%A9Joan-Cort%C3%A8s_24jul14_Jazz-%C3%A0-Junas.jpg?resize=350%2C200&ssl=1 1x, https:\/\/i0.wp.com\/tomajazz.com\/web\/wp-content\/uploads\/2014\/10\/F05_ULF-WAKENIUS-%C2%A9Joan-Cort%C3%A8s_24jul14_Jazz-%C3%A0-Junas.jpg?resize=525%2C300&ssl=1 1.5x"},"classes":[]},{"id":77985,"url":"https:\/\/tomajazz.com\/web\/noe-clerc-trio-daniel-humair-4t-vincent-peirani-30-jazz-a-junas-2023\/","url_meta":{"origin":14145,"position":1},"title":"No\u00e9 Clerc Trio \/ Daniel Humair 4t \/ Vincent Peirani (30\u00e8 Jazz \u00e0 Junas 2023 \/ Temple et Carri\u00e8res, 2023-07-20. Junas, Occitanie -France-) [III\/VI] Por Joan Cort\u00e8s [INSTANTZZ AKA Galer\u00eda fotogr\u00e1fica AKA Fotoblog de jazz, impro\u2026 y algo m\u00e1s]","author":"Tomajazz","date":"2 septiembre, 2023","format":false,"excerpt":"No\u00e9 Clerc Trio \/ Daniel Humair 4t \/ Vincent Peirani actuaron en 30\u00e8 Jazz \u00e0 Junas, Occitanie, Francia, el 20 de julio de 2023. Joan Cort\u00e8s retrata a los tres grupos en INSTANTZZ.","rel":"","context":"En \u00abEspecial 30 Jazz \u00e0 Junas 2023\u00bb","block_context":{"text":"Especial 30 Jazz \u00e0 Junas 2023","link":"https:\/\/tomajazz.com\/web\/category\/contenidos\/especial-contenidos\/30-jazz-a-junas-2023\/"},"img":{"alt_text":"No\u00e9 Clerc Trio \/ Daniel Humair 4t \/ Vincent Peirani (30\u00e8 Jazz \u00e0 Junas \/ Temple et Carri\u00e8res, 2023-07-20. Junas, Occitanie -France-) [III\/VI] Por Joan Cort\u00e8s [INSTANTZZ AKA Galer\u00eda fotogr\u00e1fica AKA Fotoblog de jazz, impro\u2026 y algo m\u00e1s] - Tomajazz 9.0 - No\u00e9 Clerc Trio \/ Daniel Humair 4t \/ Vincent Peirani actuaron en 30\u00e8 Jazz \u00e0 Junas, Occitanie, Francia, el 20 de julio de 2023. Joan Cort\u00e8s retrata a los tres grupos en INSTANTZZ.","src":"https:\/\/i0.wp.com\/tomajazz.com\/web\/wp-content\/uploads\/2023\/09\/11-Vncnt-Prn-Jkrs-%C2%A9Joan-Cortes-Crrrs-30JzzJns-Jns-Vincent-Peirani-Jokers-30e-Jazz-a-Junas-2023-07-20-INSTANTZZ-Tomajazz.jpg?resize=350%2C200&ssl=1","width":350,"height":200,"srcset":"https:\/\/i0.wp.com\/tomajazz.com\/web\/wp-content\/uploads\/2023\/09\/11-Vncnt-Prn-Jkrs-%C2%A9Joan-Cortes-Crrrs-30JzzJns-Jns-Vincent-Peirani-Jokers-30e-Jazz-a-Junas-2023-07-20-INSTANTZZ-Tomajazz.jpg?resize=350%2C200&ssl=1 1x, https:\/\/i0.wp.com\/tomajazz.com\/web\/wp-content\/uploads\/2023\/09\/11-Vncnt-Prn-Jkrs-%C2%A9Joan-Cortes-Crrrs-30JzzJns-Jns-Vincent-Peirani-Jokers-30e-Jazz-a-Junas-2023-07-20-INSTANTZZ-Tomajazz.jpg?resize=525%2C300&ssl=1 1.5x"},"classes":[]},{"id":51293,"url":"https:\/\/tomajazz.com\/web\/instantzz-emile-parisien-monografico-galeria-fotografica-aka-fotoblog-de-jazz-impro-y-algo-mas\/","url_meta":{"origin":14145,"position":2},"title":"INSTANTZZ: Emile Parisien (monogr\u00e1fico) [Galer\u00eda fotogr\u00e1fica AKA Fotoblog de jazz, impro&#8230; y algo m\u00e1s]","author":"Tomajazz","date":"30 julio, 2020","format":false,"excerpt":"Emile Parisien es el protagonista del monongr\u00e1fico en INSTANTZZ. Joan Cort\u00e8s recopila quince fotograf\u00edas del m\u00fasico frances (tres son in\u00e9ditas), tomadas entre 2010 y 2018 en distintas formaciones.","rel":"","context":"En \u00abFotoblog - Galer\u00eda fotogr\u00e1fica\u00bb","block_context":{"text":"Fotoblog - Galer\u00eda fotogr\u00e1fica","link":"https:\/\/tomajazz.com\/web\/category\/contenidos\/imagenes\/photoblogs\/"},"img":{"alt_text":"","src":"https:\/\/i0.wp.com\/tomajazz.com\/web\/wp-content\/uploads\/2020\/07\/03_EMILE-PARISIEN-%C2%A9Joan-Cort%C3%A8s_05oct13_Espace-Gavroche_25Jazz%C3%A8bre_Elne.jpg?resize=350%2C200&ssl=1","width":350,"height":200,"srcset":"https:\/\/i0.wp.com\/tomajazz.com\/web\/wp-content\/uploads\/2020\/07\/03_EMILE-PARISIEN-%C2%A9Joan-Cort%C3%A8s_05oct13_Espace-Gavroche_25Jazz%C3%A8bre_Elne.jpg?resize=350%2C200&ssl=1 1x, https:\/\/i0.wp.com\/tomajazz.com\/web\/wp-content\/uploads\/2020\/07\/03_EMILE-PARISIEN-%C2%A9Joan-Cort%C3%A8s_05oct13_Espace-Gavroche_25Jazz%C3%A8bre_Elne.jpg?resize=525%2C300&ssl=1 1.5x"},"classes":[]},{"id":36885,"url":"https:\/\/tomajazz.com\/web\/razones-para-el-jazz-emile-parisien-y-vincent-peirani-427\/","url_meta":{"origin":14145,"position":3},"title":"Razones para el jazz: Emile Parisien y Vincent Peirani [427]","author":"Tomajazz","date":"25 mayo, 2018","format":false,"excerpt":"El saxofonista, b\u00e1sicamente soprano, Emile Parisien (Caors, 1985) y el acordeonista Vincent Peirani (Nice, 1980). Un par de j\u00f3venes leones de la escena francesa y a su vez de la internacional. Tanto tocan con m\u00fasicos de su generaci\u00f3n (Manu Codjia, Michael Wollny, Andreas Schaerer, Yaron Herman, M\u00e1rio Costa, Hugo Carvalhais,\u2026","rel":"","context":"En \u00ab*_Joan Cort\u00e8s\u00bb","block_context":{"text":"*_Joan Cort\u00e8s","link":"https:\/\/tomajazz.com\/web\/category\/joan-cortes\/"},"img":{"alt_text":"","src":"https:\/\/i0.wp.com\/tomajazz.com\/web\/wp-content\/uploads\/2018\/05\/Joan-Cort%C3%A8s_04_Rzns-pr-l-jzz_PrsnPrn.jpg?resize=350%2C200&ssl=1","width":350,"height":200,"srcset":"https:\/\/i0.wp.com\/tomajazz.com\/web\/wp-content\/uploads\/2018\/05\/Joan-Cort%C3%A8s_04_Rzns-pr-l-jzz_PrsnPrn.jpg?resize=350%2C200&ssl=1 1x, https:\/\/i0.wp.com\/tomajazz.com\/web\/wp-content\/uploads\/2018\/05\/Joan-Cort%C3%A8s_04_Rzns-pr-l-jzz_PrsnPrn.jpg?resize=525%2C300&ssl=1 1.5x"},"classes":[]},{"id":56525,"url":"https:\/\/tomajazz.com\/web\/instantzz-fabrice-martinez-twins-invite-vincent-peirani-28eme-jazz-a-junas-carrieres-junas-occitanie-france-2021-07-21-galeria-fotografica-aka-fotoblog-de-jazz-impro\/","url_meta":{"origin":14145,"position":4},"title":"INSTANTZZ: Fabrice Mart\u00ednez \u201cTwins\u201d invite Vincent Peirani (28\u00e8me Jazz \u00e0 Junas \/ Carri\u00e8res, Junas, Occitanie -France-.  2021-07-21) [Galer\u00eda fotogr\u00e1fica AKA Fotoblog de jazz, impro\u2026 y algo m\u00e1s] Por Joan Cort\u00e8s","author":"Tomajazz","date":"21 agosto, 2021","format":false,"excerpt":"Fabrice Mart\u00ednez \u201cTwins\u201d invite Vincent Peirani en la tercera entrega del 28\u00e8me Jazz \u00e0 Junas, visto por Joan Cort\u00e8s en INSTANTZZ.","rel":"","context":"En \u00ab*_Joan Cort\u00e8s\u00bb","block_context":{"text":"*_Joan Cort\u00e8s","link":"https:\/\/tomajazz.com\/web\/category\/joan-cortes\/"},"img":{"alt_text":"","src":"https:\/\/i0.wp.com\/tomajazz.com\/web\/wp-content\/uploads\/2021\/08\/05_Fbrc-Mrtnz-Twns-Joan-Cortes_21jul21_Crrrs_28Jzz-Jns_Jns.jpg?resize=350%2C200&ssl=1","width":350,"height":200,"srcset":"https:\/\/i0.wp.com\/tomajazz.com\/web\/wp-content\/uploads\/2021\/08\/05_Fbrc-Mrtnz-Twns-Joan-Cortes_21jul21_Crrrs_28Jzz-Jns_Jns.jpg?resize=350%2C200&ssl=1 1x, https:\/\/i0.wp.com\/tomajazz.com\/web\/wp-content\/uploads\/2021\/08\/05_Fbrc-Mrtnz-Twns-Joan-Cortes_21jul21_Crrrs_28Jzz-Jns_Jns.jpg?resize=525%2C300&ssl=1 1.5x"},"classes":[]},{"id":51121,"url":"https:\/\/tomajazz.com\/web\/instantzz-vincent-peirani-monografico-galeria-fotografica-aka-fotoblog-de-jazz-impro-y-algo-mas\/","url_meta":{"origin":14145,"position":5},"title":"INSTANTZZ: Vincent Peirani (monogr\u00e1fico) [Galer\u00eda fotogr\u00e1fica AKA Fotoblog de jazz, impro&#8230; y algo m\u00e1s]","author":"Tomajazz","date":"16 julio, 2020","format":false,"excerpt":"El acordeonista Vincent Peirani es el protagonista del especial en INSTANTZZ. La galer\u00eda fotogr\u00e1fica recoge quince instant\u00e1neas del m\u00fasico, incluyendo tres fotograf\u00edas in\u00e9ditas en Tomajazz.","rel":"","context":"En \u00abFotoblog - Galer\u00eda fotogr\u00e1fica\u00bb","block_context":{"text":"Fotoblog - Galer\u00eda fotogr\u00e1fica","link":"https:\/\/tomajazz.com\/web\/category\/contenidos\/imagenes\/photoblogs\/"},"img":{"alt_text":"","src":"https:\/\/i0.wp.com\/tomajazz.com\/web\/wp-content\/uploads\/2020\/07\/08_Vncnt-Prn-Joan-Cort%C3%A8s_05oct13_spc-Gvrch_25Jzzbr_ln.jpg?resize=350%2C200&ssl=1","width":350,"height":200,"srcset":"https:\/\/i0.wp.com\/tomajazz.com\/web\/wp-content\/uploads\/2020\/07\/08_Vncnt-Prn-Joan-Cort%C3%A8s_05oct13_spc-Gvrch_25Jzzbr_ln.jpg?resize=350%2C200&ssl=1 1x, https:\/\/i0.wp.com\/tomajazz.com\/web\/wp-content\/uploads\/2020\/07\/08_Vncnt-Prn-Joan-Cort%C3%A8s_05oct13_spc-Gvrch_25Jzzbr_ln.jpg?resize=525%2C300&ssl=1 1.5x"},"classes":[]}],"_links":{"self":[{"href":"https:\/\/tomajazz.com\/web\/wp-json\/wp\/v2\/posts\/14145","targetHints":{"allow":["GET"]}}],"collection":[{"href":"https:\/\/tomajazz.com\/web\/wp-json\/wp\/v2\/posts"}],"about":[{"href":"https:\/\/tomajazz.com\/web\/wp-json\/wp\/v2\/types\/post"}],"author":[{"embeddable":true,"href":"https:\/\/tomajazz.com\/web\/wp-json\/wp\/v2\/users\/1"}],"replies":[{"embeddable":true,"href":"https:\/\/tomajazz.com\/web\/wp-json\/wp\/v2\/comments?post=14145"}],"version-history":[{"count":6,"href":"https:\/\/tomajazz.com\/web\/wp-json\/wp\/v2\/posts\/14145\/revisions"}],"predecessor-version":[{"id":14557,"href":"https:\/\/tomajazz.com\/web\/wp-json\/wp\/v2\/posts\/14145\/revisions\/14557"}],"wp:featuredmedia":[{"embeddable":true,"href":"https:\/\/tomajazz.com\/web\/wp-json\/wp\/v2\/media\/14140"}],"wp:attachment":[{"href":"https:\/\/tomajazz.com\/web\/wp-json\/wp\/v2\/media?parent=14145"}],"wp:term":[{"taxonomy":"category","embeddable":true,"href":"https:\/\/tomajazz.com\/web\/wp-json\/wp\/v2\/categories?post=14145"},{"taxonomy":"post_tag","embeddable":true,"href":"https:\/\/tomajazz.com\/web\/wp-json\/wp\/v2\/tags?post=14145"}],"curies":[{"name":"wp","href":"https:\/\/api.w.org\/{rel}","templated":true}]}}