{"id":14170,"date":"2014-09-26T10:00:34","date_gmt":"2014-09-26T08:00:34","guid":{"rendered":"http:\/\/www.tomajazz.com\/web\/?p=14170"},"modified":"2016-11-13T21:27:57","modified_gmt":"2016-11-13T20:27:57","slug":"tomajazz-recupera-arte-y-jazz-el-largo-abrazo-avui-jazz-2007-por-sergio-cabanillas","status":"publish","type":"post","link":"https:\/\/tomajazz.com\/web\/tomajazz-recupera-arte-y-jazz-el-largo-abrazo-avui-jazz-2007-por-sergio-cabanillas\/","title":{"rendered":"Tomajazz recupera&#8230; Arte y jazz, el largo abrazo (Avui Jazz 2007), por Sergio Cabanillas"},"content":{"rendered":"<p><center><figure id=\"attachment_13961\" aria-describedby=\"caption-attachment-13961\" style=\"width: 200px\" class=\"wp-caption alignleft\"><img loading=\"lazy\" decoding=\"async\" class=\"wp-image-13961 size-full\" src=\"http:\/\/www.tomajazz.com\/web\/wp-content\/uploads\/2014\/09\/avuijazz2007.jpg\" alt=\"Avui Jazz 2007\" width=\"200\" height=\"280\" title=\"\" srcset=\"https:\/\/tomajazz.com\/web\/wp-content\/uploads\/2014\/09\/avuijazz2007.jpg 200w, https:\/\/tomajazz.com\/web\/wp-content\/uploads\/2014\/09\/avuijazz2007-107x150.jpg 107w, https:\/\/tomajazz.com\/web\/wp-content\/uploads\/2014\/09\/avuijazz2007-39x55.jpg 39w\" sizes=\"auto, (max-width: 200px) 100vw, 200px\" \/><figcaption id=\"caption-attachment-13961\" class=\"wp-caption-text\">Avui Jazz 2007<\/figcaption><\/figure><\/center><\/p>\n<p>\u00bfLo sientes? \u00bfpuedes percibirlo? \u00bfnotas c\u00f3mo se embriagan tus ojos? No te extra\u00f1es, porque las pinceladas que descansan entre estas p\u00e1ginas destilan pasi\u00f3n por el Jazz, por sus timbres, su intr\u00ednseca potencia creadora, fascinaci\u00f3n por su est\u00e9tica, a veces maldita, a veces plena de <em>glamour<\/em>, pero siempre magn\u00e9tica e inspiradora.<\/p>\n<p>Seguir leyendo&#8230;\u00a0<strong><a title=\"Arte y jazz, el largo abrazo (Avui Jazz 2007), por Sergio Cabanillas\" href=\"http:\/\/www.tomajazz.com\/web\/?p=13960\" target=\"_blank\">Arte y jazz, el largo abrazo (Avui Jazz 2007), por Sergio Cabanillas<\/a>\u00a0<\/strong>(publicado originalmente en 2007)<\/p>\n","protected":false},"excerpt":{"rendered":"<p>\u00bfLo sientes? \u00bfpuedes percibirlo? \u00bfnotas c\u00f3mo se embriagan tus ojos? No te extra\u00f1es, porque las pinceladas que descansan entre estas p\u00e1ginas destilan pasi\u00f3n por el Jazz, por sus timbres, su intr\u00ednseca potencia creadora, fascinaci\u00f3n por su est\u00e9tica, a veces maldita, a veces plena de glamour, pero siempre magn\u00e9tica e inspiradora.<span class=\"more-link\"><a href=\"https:\/\/tomajazz.com\/web\/tomajazz-recupera-arte-y-jazz-el-largo-abrazo-avui-jazz-2007-por-sergio-cabanillas\/\">Contin\u00faa leyendo<\/a><\/span><\/p>\n","protected":false},"author":1,"featured_media":13961,"comment_status":"open","ping_status":"closed","sticky":false,"template":"","format":"standard","meta":{"jetpack_post_was_ever_published":false,"_jetpack_newsletter_access":"","_jetpack_dont_email_post_to_subs":true,"_jetpack_newsletter_tier_id":0,"_jetpack_memberships_contains_paywalled_content":false,"_jetpack_memberships_contains_paid_content":false,"footnotes":""},"categories":[17850,78,7937,15504,1038,6669],"tags":[10673,10672,9819,187,16099,16100,8122],"class_list":["entry","author-pachi","post-14170","post","type-post","status-publish","format-standard","has-post-thumbnail","category-sergio-cabanillas","category-afondo","category-articulo-antiguo","category-articulos-afondo","category-contenidos","category-tomajazz-recupera","tag-arto","tag-arturo-donate","tag-avui-jazz","tag-sergio-cabanillas","tag-toma-jazz","tag-tomajazz-toma-jazz","tag-toni-porcar"],"jetpack_featured_media_url":"https:\/\/tomajazz.com\/web\/wp-content\/uploads\/2014\/09\/avuijazz2007.jpg","jetpack_likes_enabled":true,"jetpack_sharing_enabled":true,"jetpack-related-posts":[{"id":104416,"url":"https:\/\/tomajazz.com\/web\/vlady-bas-1929-2026-in-memoriam\/","url_meta":{"origin":14170,"position":0},"title":"Vlady Bas (1929 &#8211; 2026) In Memoriam","author":"Tomajazz","date":"15 marzo, 2026","format":false,"excerpt":"El saxofonista y clarinetista Vlady Bas falleci\u00f3 en marzo de 2026. Desde Tomajazz le dedicamos un peque\u00f1o homenaje","rel":"","context":"En \u00abIn Memoriam\u00bb","block_context":{"text":"In Memoriam","link":"https:\/\/tomajazz.com\/web\/category\/contenidos\/especial-contenidos\/in-memoriam\/"},"img":{"alt_text":"Vlady Bas (1929 - 2026) In Memoriam - Tomajazz - El saxofonista y clarinetista Vlady Bas falleci\u00f3 en febrero de 2026. Desde Tomajazz le dedicamos un","src":"https:\/\/i0.wp.com\/tomajazz.com\/web\/wp-content\/uploads\/2026\/03\/PAULA-BAS-VLADY-BAS-5127-CABANIJAZZ-20070713-rdm-Tomajazz.jpg?resize=350%2C200&ssl=1","width":350,"height":200,"srcset":"https:\/\/i0.wp.com\/tomajazz.com\/web\/wp-content\/uploads\/2026\/03\/PAULA-BAS-VLADY-BAS-5127-CABANIJAZZ-20070713-rdm-Tomajazz.jpg?resize=350%2C200&ssl=1 1x, https:\/\/i0.wp.com\/tomajazz.com\/web\/wp-content\/uploads\/2026\/03\/PAULA-BAS-VLADY-BAS-5127-CABANIJAZZ-20070713-rdm-Tomajazz.jpg?resize=525%2C300&ssl=1 1.5x, https:\/\/i0.wp.com\/tomajazz.com\/web\/wp-content\/uploads\/2026\/03\/PAULA-BAS-VLADY-BAS-5127-CABANIJAZZ-20070713-rdm-Tomajazz.jpg?resize=700%2C400&ssl=1 2x"},"classes":[]},{"id":102870,"url":"https:\/\/tomajazz.com\/web\/alejandro-reyes-1944-2025-in-memoriam\/","url_meta":{"origin":14170,"position":1},"title":"Alejandro Reyes (1944-2025) In Memoriam","author":"Tomajazz","date":"22 diciembre, 2025","format":false,"excerpt":"Alejandro Reyes, el gran dinamizador del Jazz y del Flamenco desde el m\u00edtico Johnny con ese a\u00f1orado Club de M\u00fasica y Jazz San Juan Evangelista de Madrid, fallec\u00eda el 17 de diciembre de 2025 en su Almer\u00eda natal. Desde Tomajazz le rendimos homenaje con una cita y una imagen de\u2026","rel":"","context":"En \u00ab*_Sergio Cabanillas\u00bb","block_context":{"text":"*_Sergio Cabanillas","link":"https:\/\/tomajazz.com\/web\/category\/sergio-cabanillas\/"},"img":{"alt_text":"Alejandro Reyes (1944-2025) In Memoriam - Tomajazz - Alejandro Reyes, el gran dinamizador del Jazz y del Flamenco desde el m\u00edtico Johnny con ese a\u00f1orado Club de M\u00fasica y Jazz San Juan Evangelista de Madrid, fallec\u00eda el 17 de diciembre de 2025 en su Almer\u00eda natal. Desde Tomajazz le rendimos homenaje con una cita y una imag","src":"https:\/\/i0.wp.com\/tomajazz.com\/web\/wp-content\/uploads\/2025\/12\/ALEJANDRO-REYES-7625-2025-1.jpg?resize=350%2C200&ssl=1","width":350,"height":200,"srcset":"https:\/\/i0.wp.com\/tomajazz.com\/web\/wp-content\/uploads\/2025\/12\/ALEJANDRO-REYES-7625-2025-1.jpg?resize=350%2C200&ssl=1 1x, https:\/\/i0.wp.com\/tomajazz.com\/web\/wp-content\/uploads\/2025\/12\/ALEJANDRO-REYES-7625-2025-1.jpg?resize=525%2C300&ssl=1 1.5x, https:\/\/i0.wp.com\/tomajazz.com\/web\/wp-content\/uploads\/2025\/12\/ALEJANDRO-REYES-7625-2025-1.jpg?resize=700%2C400&ssl=1 2x"},"classes":[]},{"id":101956,"url":"https:\/\/tomajazz.com\/web\/chema-saiz-jazz-con-sabor-a-club-2025\/","url_meta":{"origin":14170,"position":2},"title":"Chema Saiz (Jazz Con Sabor a Club. Festival de Jazz de Madrid. Maravillas Club, Madrid. 2025-11-16) Por Sergio Cabanillas [INSTANTZZ AKA Galer\u00eda fotogr\u00e1fica AKA Fotoblog de jazz, impro\u2026 y algo m\u00e1s]","author":"Tomajazz","date":"19 noviembre, 2025","format":false,"excerpt":"Chema Saiz actu\u00f3 dentro del ciclo Jazz Con Sabor a Club en el Festival de Jazz de Madrid, en Maravillas Club de Madrid, el 16 de noviembre de 2025. Sergio Cabanillas lo retrata en INSTANTZZ","rel":"","context":"En \u00abFestival Internacional JazzMadrid 2025\u00bb","block_context":{"text":"Festival Internacional JazzMadrid 2025","link":"https:\/\/tomajazz.com\/web\/category\/contenidos\/especial-contenidos\/festival-internacional-jazzmadrid-2025\/"},"img":{"alt_text":"Chema Saiz (Jazz Con Sabor a Club. Festival de Jazz de Madrid. Maravillas Club, Madrid. 2025-11-16) Por Sergio Cabanillas [INSTANTZZ AKA Galer\u00eda fotogr\u00e1fica AKA Fotoblog de jazz, impro\u2026 y algo m\u00e1s] - Tomajazz - Chema Saiz actu\u00f3 dentro del ciclo Jazz Con Sabor a Club en el Festival de Jazz de Madrid, en Maravillas Club de Madrid, el 16 de noviembre de 2025. Sergio Cabanillas lo retrata en INSTANTZZ","src":"https:\/\/i0.wp.com\/tomajazz.com\/web\/wp-content\/uploads\/2025\/11\/900x600-CHEMA-SAIZ-2038-CABANIJAZZ-20251116.jpg?resize=350%2C200&ssl=1","width":350,"height":200,"srcset":"https:\/\/i0.wp.com\/tomajazz.com\/web\/wp-content\/uploads\/2025\/11\/900x600-CHEMA-SAIZ-2038-CABANIJAZZ-20251116.jpg?resize=350%2C200&ssl=1 1x, https:\/\/i0.wp.com\/tomajazz.com\/web\/wp-content\/uploads\/2025\/11\/900x600-CHEMA-SAIZ-2038-CABANIJAZZ-20251116.jpg?resize=525%2C300&ssl=1 1.5x, https:\/\/i0.wp.com\/tomajazz.com\/web\/wp-content\/uploads\/2025\/11\/900x600-CHEMA-SAIZ-2038-CABANIJAZZ-20251116.jpg?resize=700%2C400&ssl=1 2x"},"classes":[]},{"id":13960,"url":"https:\/\/tomajazz.com\/web\/arte-y-jazz-el-largo-abrazo-avui-jazz-2007-por-sergio-cabanillas\/","url_meta":{"origin":14170,"position":3},"title":"Arte y jazz, el largo abrazo (Avui Jazz 2007), por Sergio Cabanillas","author":"Sergio Cabanillas","date":"25 noviembre, 2007","format":false,"excerpt":"\u00bfLo sientes? \u00bfpuedes percibirlo? \u00bfnotas c\u00f3mo se embriagan tus ojos? No te extra\u00f1es, porque las pinceladas que descansan entre estas p\u00e1ginas destilan pasi\u00f3n por el Jazz, por sus timbres, su intr\u00ednseca potencia creadora, fascinaci\u00f3n por su est\u00e9tica, a veces maldita, a veces plena de glamour, pero siempre magn\u00e9tica e inspiradora.\u2026","rel":"","context":"En \u00ab*_Sergio Cabanillas\u00bb","block_context":{"text":"*_Sergio Cabanillas","link":"https:\/\/tomajazz.com\/web\/category\/sergio-cabanillas\/"},"img":{"alt_text":"Avui Jazz 2007","src":"https:\/\/i0.wp.com\/www.tomajazz.com\/web\/wp-content\/uploads\/2014\/09\/avuijazz2007.jpg?resize=350%2C200","width":350,"height":200},"classes":[]},{"id":101501,"url":"https:\/\/tomajazz.com\/web\/pocket-corner-madrid-2025-instantzz\/","url_meta":{"origin":14170,"position":4},"title":"Pocket Corner (CC La Tortuga de Lavapi\u00e9s, Madrid. 2025-11-02) Por Sergio Cabanillas [INSTANTZZ AKA Galer\u00eda fotogr\u00e1fica AKA Fotoblog de jazz, impro\u2026 y algo m\u00e1s]","author":"Tomajazz","date":"7 noviembre, 2025","format":false,"excerpt":"Pocket Corner actu\u00f3 el 2 de noviembre de 2025 en el CC La Tortuga de Lavapi\u00e9s en Madrid. Sergio Cabanillas retrata el concierto en INSTANTZZ. Actuaron Didrik Ingvaldsen, Glenn B. Henriksen, Kjetil Jerve, St\u00e5le Birkeland","rel":"","context":"En \u00abINSTANTZZ\u00bb","block_context":{"text":"INSTANTZZ","link":"https:\/\/tomajazz.com\/web\/category\/contenidos\/imagenes\/photoblogs\/instantzz\/"},"img":{"alt_text":"Pocket Corner (CC La Tortuga de Lavapi\u00e9s, Madrid. 2025-11-02) Por Sergio Cabanillas [INSTANTZZ AKA Galer\u00eda fotogr\u00e1fica AKA Fotoblog de jazz, impro\u2026 y algo m\u00e1s] - Tomajazz - Pocket Corner actu\u00f3 el 2 de noviembre de 2025 en el CC La Tortuga de Lavapi\u00e9s en Madrid. Sergio Cabanillas retrata el concierto en INSTANTZZ. Actuaron Didrik Ingvaldsen, Glenn B. Henriksen, Ketil Jerve, St\u00e5le Birkeland","src":"https:\/\/i0.wp.com\/tomajazz.com\/web\/wp-content\/uploads\/2025\/11\/00-DESTACADA-POCKET-CORNER-1881-CABANIJAZZ-20251102-900x600-1.jpg?resize=350%2C200&ssl=1","width":350,"height":200,"srcset":"https:\/\/i0.wp.com\/tomajazz.com\/web\/wp-content\/uploads\/2025\/11\/00-DESTACADA-POCKET-CORNER-1881-CABANIJAZZ-20251102-900x600-1.jpg?resize=350%2C200&ssl=1 1x, https:\/\/i0.wp.com\/tomajazz.com\/web\/wp-content\/uploads\/2025\/11\/00-DESTACADA-POCKET-CORNER-1881-CABANIJAZZ-20251102-900x600-1.jpg?resize=525%2C300&ssl=1 1.5x, https:\/\/i0.wp.com\/tomajazz.com\/web\/wp-content\/uploads\/2025\/11\/00-DESTACADA-POCKET-CORNER-1881-CABANIJAZZ-20251102-900x600-1.jpg?resize=700%2C400&ssl=1 2x"},"classes":[]},{"id":102777,"url":"https:\/\/tomajazz.com\/web\/jorge-martinez-1955-2025-in-memoriam\/","url_meta":{"origin":14170,"position":5},"title":"Jorge Mart\u00ednez (1955-2025) In Memoriam","author":"Tomajazz","date":"10 diciembre, 2025","format":false,"excerpt":"Jorge Mart\u00ednez falleci\u00f3 el 9 de diciembre de 2025. Pachi Tapiz recupera una cita in\u00e9dita relacionada con el jazz y la acompa\u00f1amos con una instant\u00e1nea de Sergio Cabanillas. DEP","rel":"","context":"En \u00ab*_Pachi Tapiz\u00bb","block_context":{"text":"*_Pachi Tapiz","link":"https:\/\/tomajazz.com\/web\/category\/pachi-tapiz\/"},"img":{"alt_text":"Jorge Mart\u00ednez (1955-2025) In Memoriam - Tomajazz - Jorge Mart\u00ednez falleci\u00f3 el 9 de diciembre de 2025. Pachi Tapiz recupera una cita relacionada con el jazz de una entrevista y la acompa\u00f1amos con una fotograf","src":"https:\/\/i0.wp.com\/tomajazz.com\/web\/wp-content\/uploads\/2025\/12\/Ilegales-Junio-1998-CABANIJAZZ.jpg?resize=350%2C200&ssl=1","width":350,"height":200,"srcset":"https:\/\/i0.wp.com\/tomajazz.com\/web\/wp-content\/uploads\/2025\/12\/Ilegales-Junio-1998-CABANIJAZZ.jpg?resize=350%2C200&ssl=1 1x, https:\/\/i0.wp.com\/tomajazz.com\/web\/wp-content\/uploads\/2025\/12\/Ilegales-Junio-1998-CABANIJAZZ.jpg?resize=525%2C300&ssl=1 1.5x, https:\/\/i0.wp.com\/tomajazz.com\/web\/wp-content\/uploads\/2025\/12\/Ilegales-Junio-1998-CABANIJAZZ.jpg?resize=700%2C400&ssl=1 2x, https:\/\/i0.wp.com\/tomajazz.com\/web\/wp-content\/uploads\/2025\/12\/Ilegales-Junio-1998-CABANIJAZZ.jpg?resize=1050%2C600&ssl=1 3x"},"classes":[]}],"_links":{"self":[{"href":"https:\/\/tomajazz.com\/web\/wp-json\/wp\/v2\/posts\/14170","targetHints":{"allow":["GET"]}}],"collection":[{"href":"https:\/\/tomajazz.com\/web\/wp-json\/wp\/v2\/posts"}],"about":[{"href":"https:\/\/tomajazz.com\/web\/wp-json\/wp\/v2\/types\/post"}],"author":[{"embeddable":true,"href":"https:\/\/tomajazz.com\/web\/wp-json\/wp\/v2\/users\/1"}],"replies":[{"embeddable":true,"href":"https:\/\/tomajazz.com\/web\/wp-json\/wp\/v2\/comments?post=14170"}],"version-history":[{"count":2,"href":"https:\/\/tomajazz.com\/web\/wp-json\/wp\/v2\/posts\/14170\/revisions"}],"predecessor-version":[{"id":14175,"href":"https:\/\/tomajazz.com\/web\/wp-json\/wp\/v2\/posts\/14170\/revisions\/14175"}],"wp:featuredmedia":[{"embeddable":true,"href":"https:\/\/tomajazz.com\/web\/wp-json\/wp\/v2\/media\/13961"}],"wp:attachment":[{"href":"https:\/\/tomajazz.com\/web\/wp-json\/wp\/v2\/media?parent=14170"}],"wp:term":[{"taxonomy":"category","embeddable":true,"href":"https:\/\/tomajazz.com\/web\/wp-json\/wp\/v2\/categories?post=14170"},{"taxonomy":"post_tag","embeddable":true,"href":"https:\/\/tomajazz.com\/web\/wp-json\/wp\/v2\/tags?post=14170"}],"curies":[{"name":"wp","href":"https:\/\/api.w.org\/{rel}","templated":true}]}}