{"id":14920,"date":"2014-10-23T10:30:41","date_gmt":"2014-10-23T08:30:41","guid":{"rendered":"http:\/\/www.tomajazz.com\/web\/?p=14920"},"modified":"2016-11-13T21:27:50","modified_gmt":"2016-11-13T20:27:50","slug":"tomajazz-recupera-roni-ben-hur-expandiendo-la-tradicion-por-sergio-cabanillas-y-arturo-mora","status":"publish","type":"post","link":"https:\/\/tomajazz.com\/web\/tomajazz-recupera-roni-ben-hur-expandiendo-la-tradicion-por-sergio-cabanillas-y-arturo-mora\/","title":{"rendered":"Tomajazz recupera&#8230; Roni Ben-Hur: Expandiendo la tradici\u00f3n, por Sergio Cabanillas y Arturo Mora"},"content":{"rendered":"<figure id=\"attachment_13825\" aria-describedby=\"caption-attachment-13825\" style=\"width: 200px\" class=\"wp-caption alignleft\"><img loading=\"lazy\" decoding=\"async\" class=\"size-full wp-image-13825\" src=\"http:\/\/www.tomajazz.com\/web\/wp-content\/uploads\/2014\/09\/roni_ben_hur_06.jpg\" alt=\"Roni Ben-Hur \u00a9 Sergio Cabanillas, 2007\" width=\"200\" height=\"300\" title=\"\" srcset=\"https:\/\/tomajazz.com\/web\/wp-content\/uploads\/2014\/09\/roni_ben_hur_06.jpg 200w, https:\/\/tomajazz.com\/web\/wp-content\/uploads\/2014\/09\/roni_ben_hur_06-100x150.jpg 100w, https:\/\/tomajazz.com\/web\/wp-content\/uploads\/2014\/09\/roni_ben_hur_06-36x55.jpg 36w\" sizes=\"auto, (max-width: 200px) 100vw, 200px\" \/><figcaption id=\"caption-attachment-13825\" class=\"wp-caption-text\">Roni Ben-Hur<br \/>\u00a9 Sergio Cabanillas, 2007<\/figcaption><\/figure>\n<blockquote><p>Sabes, a mucha gente la m\u00fasica le conmueve, y quieren corresponder de alguna manera, y buscan formas de hacerlo, y entonces miran a la industria del Jazz y la encuentran muy descorazonadora. Creo que muchos de ellos toman el camino equivocado y dicen: \u201cprimero vamos a buscar una compa\u00f1\u00eda que saque el CD\u201d, \u201cbusquemos primero una sala donde promocionar el CD\u201d, pero creo que acabar\u00edan haciendo m\u00e1s si sencillamente dijeran: \u201chagamos el CD\u201d. Es importante que a esta gente a la que realmente le gusta la m\u00fasica y quiere hacer algo al respecto diga: \u201chag\u00e1moslo\u201d. Como si fuera un pintor: \u201cno s\u00e9 d\u00f3nde pondr\u00e9 el cuadro, no s\u00e9 qu\u00e9 museo lo exhibir\u00e1\u201d, pero, por favor, p\u00edntalo. Hagamos lo mismo con los m\u00fasicos, y las cosas funcionar\u00e1n.<\/p><\/blockquote>\n<p>Leer <a title=\"Roni Ben-Hur: Expandiendo la tradici\u00f3n, por Sergio Cabanillas y Arturo Mora.\" href=\"http:\/\/www.tomajazz.com\/web\/?p=13819\" target=\"_blank\"><strong>Roni Ben-Hur: Expandiendo la tradici\u00f3n, por Sergio Cabanillas y Arturo Mora<\/strong><\/a> (publicada en marzo de 2007)<\/p>\n","protected":false},"excerpt":{"rendered":"<p>Sabes, a mucha gente la m\u00fasica le conmueve, y quieren corresponder de alguna manera, y buscan formas de hacerlo, y entonces miran a la industria del Jazz y la encuentran muy descorazonadora. Creo que muchos de ellos toman el camino equivocado y dicen: \u201cprimero vamos a buscar una compa\u00f1\u00eda que<span class=\"more-link\"><a href=\"https:\/\/tomajazz.com\/web\/tomajazz-recupera-roni-ben-hur-expandiendo-la-tradicion-por-sergio-cabanillas-y-arturo-mora\/\">Contin\u00faa leyendo<\/a><\/span><\/p>\n","protected":false},"author":1,"featured_media":13825,"comment_status":"open","ping_status":"closed","sticky":false,"template":"","format":"standard","meta":{"jetpack_post_was_ever_published":false,"_jetpack_newsletter_access":"","_jetpack_dont_email_post_to_subs":true,"_jetpack_newsletter_tier_id":0,"_jetpack_memberships_contains_paywalled_content":false,"_jetpack_memberships_contains_paid_content":false,"footnotes":""},"categories":[17861,17850,78,15537,9,15517,1038,6669],"tags":[260,11069,187,16099,16100],"class_list":["entry","author-pachi","post-14920","post","type-post","status-publish","format-standard","has-post-thumbnail","category-arturo-mora-rioja","category-sergio-cabanillas","category-afondo","category-entrevistas","category-perfiles","category-textos","category-contenidos","category-tomajazz-recupera","tag-arturo-mora-rioja","tag-roni-ben-hur","tag-sergio-cabanillas","tag-toma-jazz","tag-tomajazz-toma-jazz"],"jetpack_featured_media_url":"https:\/\/tomajazz.com\/web\/wp-content\/uploads\/2014\/09\/roni_ben_hur_06.jpg","jetpack_likes_enabled":true,"jetpack_sharing_enabled":true,"jetpack-related-posts":[{"id":13819,"url":"https:\/\/tomajazz.com\/web\/roni-ben-hur-expandiendo-la-tradicion-por-sergio-cabanillas-y-arturo-mora\/","url_meta":{"origin":14920,"position":0},"title":"Roni Ben-Hur: Expandiendo la tradici\u00f3n, por Sergio Cabanillas y Arturo Mora.","author":"Sergio Cabanillas","date":"10 marzo, 2007","format":false,"excerpt":"El pasado mes de febrero el guitarrista Roni Ben-Hur, de origen israel\u00ed, ofreci\u00f3 tres conciertos y particip\u00f3 en un seminario de jazz en Madrid. Colaborador habitual del pianista Barry Harris, Ben-Hur est\u00e1 a punto de publicar su cuarto CD, Keepin' It Open (Motema), en el que le acompa\u00f1an Ronnie Mathews,\u2026","rel":"","context":"En \u00ab*_Arturo Mora Rioja\u00bb","block_context":{"text":"*_Arturo Mora Rioja","link":"https:\/\/tomajazz.com\/web\/category\/arturo-mora-rioja\/"},"img":{"alt_text":"Keepin' It Open","src":"https:\/\/i0.wp.com\/www.tomajazz.com\/web\/wp-content\/uploads\/2014\/09\/keepin_it_open.jpg?resize=350%2C200","width":350,"height":200},"classes":[]},{"id":14921,"url":"https:\/\/tomajazz.com\/web\/tomajazz-recupera-roni-ben-hur-expanding-the-tradition-by-sergio-cabanillas-and-arturo-mora\/","url_meta":{"origin":14920,"position":1},"title":"Tomajazz recupera&#8230; Roni Ben-Hur: Expanding the tradition, by Sergio Cabanillas and Arturo Mora","author":"Tomajazz","date":"23 octubre, 2014","format":false,"excerpt":"You know, there\u2019s a lot of people who are deeply affected by the music, and they want to give something back, and they look for ways to do it, and then they look at the Jazz industry and it\u2019s very discouraging. I think a lot of them go about it\u2026","rel":"","context":"En \u00ab*_Arturo Mora Rioja\u00bb","block_context":{"text":"*_Arturo Mora Rioja","link":"https:\/\/tomajazz.com\/web\/category\/arturo-mora-rioja\/"},"img":{"alt_text":"Roni Ben-Hur \u00a9 Sergio Cabanillas, 2007","src":"https:\/\/i0.wp.com\/www.tomajazz.com\/web\/wp-content\/uploads\/2014\/09\/roni_ben_hur_05.jpg?resize=350%2C200","width":350,"height":200},"classes":[]},{"id":13836,"url":"https:\/\/tomajazz.com\/web\/roni-ben-hur-expanding-the-tradition-by-sergio-cabanillas-and-arturo-mora\/","url_meta":{"origin":14920,"position":2},"title":"Roni Ben-Hur: Expanding the tradition, by Sergio Cabanillas and Arturo Mora","author":"Sergio Cabanillas","date":"10 marzo, 2007","format":false,"excerpt":"Israel-born guitarist Roni Ben-Hur played three concerts and took part in a jazz seminar in Madrid (Spain) last February. A frequent sideman of pianist Barry Harris, Ben-Hur is about to release his fourth CD, Keepin' It Open (Motema) along with Ronnie Mathews, Lewis Nash, Santi DeBriano, Jeremy Pelt and Steve\u2026","rel":"","context":"En \u00ab*_Arturo Mora Rioja\u00bb","block_context":{"text":"*_Arturo Mora Rioja","link":"https:\/\/tomajazz.com\/web\/category\/arturo-mora-rioja\/"},"img":{"alt_text":"Keepin' It Open","src":"https:\/\/i0.wp.com\/www.tomajazz.com\/web\/wp-content\/uploads\/2014\/09\/keepin_it_open.jpg?resize=350%2C200","width":350,"height":200},"classes":[]},{"id":104808,"url":"https:\/\/tomajazz.com\/web\/universos-paralelos-t31-p24-2025-26\/","url_meta":{"origin":14920,"position":3},"title":"Universos Paralelos: emisi\u00f3n 9 de abril de 2026 (UP.T.31 P.24) [Noticias de jazz]","author":"Tomajazz","date":"9 abril, 2026","format":false,"excerpt":"En el programa del 9 de abril de 2026 de Universos Paralelos - UP, Sergio Cabanillas selecciona m\u00fasica de las nuevas grabaciones de Hugo Fern\u00e1ndez, Diego Pi\u00f1era 4+4, Ben Wendel, Miguel \u00c2ngelo Trio, Sumrr\u00e1, Pocket Corner.","rel":"","context":"En \u00abUniversos Paralelos - UP\u00bb","block_context":{"text":"Universos Paralelos - UP","link":"https:\/\/tomajazz.com\/web\/category\/contenidos\/noticias-2\/universos-paralelos-up\/"},"img":{"alt_text":"Universos Paralelos: emisi\u00f3n 9 de abril de 2026 (UP.T.31 P.24) [Noticias de jazz] - Tomajazz - En el programa del 9 de abril de 2026 de Universos Paralelos - UP, Sergio Cabanillas selecciona m\u00fasica de las nuevas grabaciones de Hugo Fern\u00e1ndez, Diego Pi\u00f1era 4+4, Ben Wendel, Miguel \u00c2ngelo Trio, Sumrr\u00e1, Pocket Corner.","src":"https:\/\/i0.wp.com\/tomajazz.com\/web\/wp-content\/uploads\/2026\/04\/destacada-02-Hugo-Fernandez-Rivermind-1080.jpg?resize=350%2C200&ssl=1","width":350,"height":200,"srcset":"https:\/\/i0.wp.com\/tomajazz.com\/web\/wp-content\/uploads\/2026\/04\/destacada-02-Hugo-Fernandez-Rivermind-1080.jpg?resize=350%2C200&ssl=1 1x, https:\/\/i0.wp.com\/tomajazz.com\/web\/wp-content\/uploads\/2026\/04\/destacada-02-Hugo-Fernandez-Rivermind-1080.jpg?resize=525%2C300&ssl=1 1.5x, https:\/\/i0.wp.com\/tomajazz.com\/web\/wp-content\/uploads\/2026\/04\/destacada-02-Hugo-Fernandez-Rivermind-1080.jpg?resize=700%2C400&ssl=1 2x"},"classes":[]},{"id":105120,"url":"https:\/\/tomajazz.com\/web\/universos-paralelos-up-t31-p27-2025-26\/","url_meta":{"origin":14920,"position":4},"title":"Universos Paralelos: emisi\u00f3n 30 de abril de 2026 (UP.T.31 P.27) [Noticias de jazz]","author":"Tomajazz","date":"30 abril, 2026","format":false,"excerpt":"En el programa del 30 de abril de 2026 de los Universos Paralelos de Sergio Cabanillas el disco de portada es lo nuevo de Xavi Reija #Noticiasdejazz","rel":"","context":"En \u00abUniversos Paralelos - UP\u00bb","block_context":{"text":"Universos Paralelos - UP","link":"https:\/\/tomajazz.com\/web\/category\/contenidos\/noticias-2\/universos-paralelos-up\/"},"img":{"alt_text":"Universos Paralelos: emisi\u00f3n 30 de abril de 2026 (UP.T.31 P.27) [Noticias de jazz] - Tomajazz - En el programa del 30 de abril de 2026 de los Universos Paralelos de Sergio Cabanillas el disco de portada es lo nuevo de Xavi Reija #Noticiasdejazz","src":"https:\/\/i0.wp.com\/tomajazz.com\/web\/wp-content\/uploads\/2026\/04\/destacada-Xavi-Reija-EQ-Nu-Breed-1080.jpg?resize=350%2C200&ssl=1","width":350,"height":200,"srcset":"https:\/\/i0.wp.com\/tomajazz.com\/web\/wp-content\/uploads\/2026\/04\/destacada-Xavi-Reija-EQ-Nu-Breed-1080.jpg?resize=350%2C200&ssl=1 1x, https:\/\/i0.wp.com\/tomajazz.com\/web\/wp-content\/uploads\/2026\/04\/destacada-Xavi-Reija-EQ-Nu-Breed-1080.jpg?resize=525%2C300&ssl=1 1.5x, https:\/\/i0.wp.com\/tomajazz.com\/web\/wp-content\/uploads\/2026\/04\/destacada-Xavi-Reija-EQ-Nu-Breed-1080.jpg?resize=700%2C400&ssl=1 2x"},"classes":[]},{"id":104190,"url":"https:\/\/tomajazz.com\/web\/universos-paralelos-t31-p19-2025-26\/","url_meta":{"origin":14920,"position":5},"title":"Universos Paralelos: emisi\u00f3n 26 de febrero de 2026 (UP.T.31 P.19) [Noticias de jazz]","author":"Tomajazz","date":"26 febrero, 2026","format":false,"excerpt":"Ramiro Zayas protagoniza la portada de Universos Paralelos del 26 de febrero. Sergio Cabanillas adem\u00e1s selecciona m\u00fasicas de Arturo Valero, Albert Cirera & Tres Tambors, Dustin Carlson, Taborn \/ Cline \/ Gilmore #Noticiasdejazz","rel":"","context":"En \u00abUniversos Paralelos - UP\u00bb","block_context":{"text":"Universos Paralelos - UP","link":"https:\/\/tomajazz.com\/web\/category\/contenidos\/noticias-2\/universos-paralelos-up\/"},"img":{"alt_text":"Universos Paralelos: emisi\u00f3n 26 de febrero de 2026 (UP.T.31 P.19) [Noticias de jazz] - Tomajazz - Ramiro Zayas protagoniza la portada de Universos Paralelos del 26 de febrero. Sergio Cabanillas adem\u00e1s selecciona m\u00fasicas de Arturo Valero, Albert Cirera & Tres Tambors, Dustin Carlson, Taborn \/ Cline \/ Gilmore #Noticiasdejazz","src":"https:\/\/i0.wp.com\/tomajazz.com\/web\/wp-content\/uploads\/2026\/02\/destacada-Ramiro-Zayas-Familia-1080.jpg?resize=350%2C200&ssl=1","width":350,"height":200,"srcset":"https:\/\/i0.wp.com\/tomajazz.com\/web\/wp-content\/uploads\/2026\/02\/destacada-Ramiro-Zayas-Familia-1080.jpg?resize=350%2C200&ssl=1 1x, https:\/\/i0.wp.com\/tomajazz.com\/web\/wp-content\/uploads\/2026\/02\/destacada-Ramiro-Zayas-Familia-1080.jpg?resize=525%2C300&ssl=1 1.5x, https:\/\/i0.wp.com\/tomajazz.com\/web\/wp-content\/uploads\/2026\/02\/destacada-Ramiro-Zayas-Familia-1080.jpg?resize=700%2C400&ssl=1 2x"},"classes":[]}],"_links":{"self":[{"href":"https:\/\/tomajazz.com\/web\/wp-json\/wp\/v2\/posts\/14920","targetHints":{"allow":["GET"]}}],"collection":[{"href":"https:\/\/tomajazz.com\/web\/wp-json\/wp\/v2\/posts"}],"about":[{"href":"https:\/\/tomajazz.com\/web\/wp-json\/wp\/v2\/types\/post"}],"author":[{"embeddable":true,"href":"https:\/\/tomajazz.com\/web\/wp-json\/wp\/v2\/users\/1"}],"replies":[{"embeddable":true,"href":"https:\/\/tomajazz.com\/web\/wp-json\/wp\/v2\/comments?post=14920"}],"version-history":[{"count":1,"href":"https:\/\/tomajazz.com\/web\/wp-json\/wp\/v2\/posts\/14920\/revisions"}],"predecessor-version":[{"id":14922,"href":"https:\/\/tomajazz.com\/web\/wp-json\/wp\/v2\/posts\/14920\/revisions\/14922"}],"wp:featuredmedia":[{"embeddable":true,"href":"https:\/\/tomajazz.com\/web\/wp-json\/wp\/v2\/media\/13825"}],"wp:attachment":[{"href":"https:\/\/tomajazz.com\/web\/wp-json\/wp\/v2\/media?parent=14920"}],"wp:term":[{"taxonomy":"category","embeddable":true,"href":"https:\/\/tomajazz.com\/web\/wp-json\/wp\/v2\/categories?post=14920"},{"taxonomy":"post_tag","embeddable":true,"href":"https:\/\/tomajazz.com\/web\/wp-json\/wp\/v2\/tags?post=14920"}],"curies":[{"name":"wp","href":"https:\/\/api.w.org\/{rel}","templated":true}]}}