{"id":15356,"date":"2014-11-12T10:50:12","date_gmt":"2014-11-12T09:50:12","guid":{"rendered":"http:\/\/www.tomajazz.com\/web\/?p=15356"},"modified":"2022-01-14T13:51:31","modified_gmt":"2022-01-14T12:51:31","slug":"tomajazz-recupera-kucich-charlin-y-barroso-trio-modernidad-asequible-por-sergio-cabanillas-enrique-farelo-y-carlos-lara","status":"publish","type":"post","link":"https:\/\/tomajazz.com\/web\/tomajazz-recupera-kucich-charlin-y-barroso-trio-modernidad-asequible-por-sergio-cabanillas-enrique-farelo-y-carlos-lara\/","title":{"rendered":"Tomajazz recupera&#8230; Kucich, Charl\u00edn y Barroso Tr\u00edo: modernidad asequible, por Sergio Cabanillas, Enrique Farelo y Carlos Lara"},"content":{"rendered":"<figure id=\"attachment_14823\" aria-describedby=\"caption-attachment-14823\" style=\"width: 150px\" class=\"wp-caption alignleft\"><img loading=\"lazy\" decoding=\"async\" class=\"size-full wp-image-14823\" src=\"http:\/\/www.tomajazz.com\/web\/wp-content\/uploads\/2014\/10\/Fotomontaje_azul.jpg\" alt=\"Juanma Barroso \/ Germ\u00e1n Kucich \/ Paco Charl\u00edn \u00a9 Sergio Cabanillas, 2005\" width=\"150\" height=\"225\" title=\"\" srcset=\"https:\/\/tomajazz.com\/web\/wp-content\/uploads\/2014\/10\/Fotomontaje_azul.jpg 150w, https:\/\/tomajazz.com\/web\/wp-content\/uploads\/2014\/10\/Fotomontaje_azul-100x150.jpg 100w, https:\/\/tomajazz.com\/web\/wp-content\/uploads\/2014\/10\/Fotomontaje_azul-36x55.jpg 36w\" sizes=\"auto, (max-width: 150px) 100vw, 150px\" \/><figcaption id=\"caption-attachment-14823\" class=\"wp-caption-text\">Juanma Barroso \/ Germ\u00e1n Kucich \/ Paco Charl\u00edn<br \/>\u00a9 Sergio Cabanillas, 2005<\/figcaption><\/figure>\n<p class=\"texto\" align=\"justify\"><strong>Germ\u00e1n Kucich:<\/strong> Creo que tanto en Juanma como en m\u00ed se aprecia una cierta evoluci\u00f3n musical. Sin hablar de Paco, que\u2026<\/p>\n<p class=\"texto\" align=\"justify\"><strong>Paco Charl\u00edn:<\/strong> \u2026 est\u00e1 todav\u00eda evolucionando (risas).<\/p>\n<p class=\"texto\" align=\"justify\">Leer: <strong><a title=\"Kucich, Charl\u00edn y Barroso Tr\u00edo: modernidad asequible, por Sergio Cabanillas, Enrique Farelo y Carlos Lara\" href=\"http:\/\/www.tomajazz.com\/web\/?p=14822\" target=\"_blank\" rel=\"noopener\">Kucich, Charl\u00edn y Barroso Tr\u00edo: modernidad asequible, por Sergio Cabanillas, Enrique Farelo y Carlos Lara<\/a><\/strong> (publicado originalmente en diciembre de 2005)<\/p>\n","protected":false},"excerpt":{"rendered":"<p>Tomajazz recupera&#8230; Kucich, Charl\u00edn y Barroso Tr\u00edo: modernidad asequible, por Sergio Cabanillas, Enrique Farelo y Carlos Lara<span class=\"more-link\"><a href=\"https:\/\/tomajazz.com\/web\/tomajazz-recupera-kucich-charlin-y-barroso-trio-modernidad-asequible-por-sergio-cabanillas-enrique-farelo-y-carlos-lara\/\">Contin\u00faa leyendo<\/a><\/span><\/p>\n","protected":false},"author":1,"featured_media":14823,"comment_status":"open","ping_status":"closed","sticky":false,"template":"","format":"standard","meta":{"jetpack_post_was_ever_published":false,"_jetpack_newsletter_access":"","_jetpack_dont_email_post_to_subs":true,"_jetpack_newsletter_tier_id":0,"_jetpack_memberships_contains_paywalled_content":false,"_jetpack_memberships_contains_paid_content":false,"footnotes":""},"categories":[17849,17848,17850,78,15537,9,15517,1038,6669],"tags":[339,9680,1453,427,5612,1522,11276,11275,84,1660,304,6752,554,11277,253,10653,7467,1870,555,1903,7904,10644,8426,1983,2004,11274,375,874,10485,187,7359,2242,9681,2015,16099,16100,7664,10771,2337,11278],"class_list":["entry","author-pachi","has-excerpt","post-15356","post","type-post","status-publish","format-standard","has-post-thumbnail","category-carlos-lara","category-enrique-farelo","category-sergio-cabanillas","category-afondo","category-entrevistas","category-perfiles","category-textos","category-contenidos","category-tomajazz-recupera","tag-abe-rabade","tag-bach","tag-beatles","tag-bill-evans","tag-bobby-martinez","tag-bud-powell","tag-cafe-central","tag-carlos-ibanez","tag-carlos-lara","tag-e-s-t","tag-enrique-farelo","tag-esbjorn-svensson","tag-german-kucich","tag-german-kucich-trio","tag-herbie-hancock","tag-ingo-musica","tag-jesus-santandreu","tag-john-coltrane","tag-juanma-barroso","tag-king-crimson","tag-larry-willis","tag-led-zeppelin","tag-lennie-tristano","tag-mccoy-tyner","tag-miles-davis","tag-new-mood-jazz","tag-paco-charlin","tag-perico-sambeat","tag-ravel","tag-sergio-cabanillas","tag-sly-and-the-family-stone","tag-stevie-wonder","tag-stravinsky","tag-monk-thelonious","tag-toma-jazz","tag-tomajazz-toma-jazz","tag-universos-paralelos","tag-vicente-espi","tag-wayne-shorter","tag-yes"],"jetpack_featured_media_url":"https:\/\/tomajazz.com\/web\/wp-content\/uploads\/2014\/10\/Fotomontaje_azul.jpg","jetpack_likes_enabled":true,"jetpack_sharing_enabled":true,"jetpack-related-posts":[{"id":14822,"url":"https:\/\/tomajazz.com\/web\/kucich-charlin-y-barroso-trio-modernidad-asequible-por-sergio-cabanillas-enrique-farelo-y-carlos-lara\/","url_meta":{"origin":15356,"position":0},"title":"Kucich, Charl\u00edn y Barroso Tr\u00edo: modernidad asequible, por Sergio Cabanillas, Enrique Farelo y Carlos Lara [Entrevista]","author":"Sergio Cabanillas","date":"20 diciembre, 2005","format":false,"excerpt":"Kucich, Charl\u00edn y Barroso Tr\u00edo: modernidad asequible, por Sergio Cabanillas, Enrique Farelo y Carlos Lara [Entrevista]","rel":"","context":"En \u00ab*_Carlos Lara\u00bb","block_context":{"text":"*_Carlos Lara","link":"https:\/\/tomajazz.com\/web\/category\/carlos-lara\/"},"img":{"alt_text":"German Kucich, Juanma Barroso, Paco Charlin This is New New Mood Jazz - FAM22010","src":"https:\/\/i0.wp.com\/www.tomajazz.com\/web\/wp-content\/uploads\/2014\/10\/kucich-charlin-barroso_this-is-new.jpg?resize=350%2C200","width":350,"height":200},"classes":[]},{"id":1705,"url":"https:\/\/tomajazz.com\/web\/juanma-barroso-nairi-big-music-records-2012\/","url_meta":{"origin":15356,"position":1},"title":"Juanma Barroso: Nairi (Big Music Records, 2012)","author":"Tomajazz","date":"19 diciembre, 2012","format":false,"excerpt":"Juanma Barroso: Nairi (Big Music Records, 2012)","rel":"","context":"En \u00ab*_Enrique Farelo\u00bb","block_context":{"text":"*_Enrique Farelo","link":"https:\/\/tomajazz.com\/web\/category\/enrique-farelo\/"},"img":{"alt_text":"","src":"https:\/\/i0.wp.com\/tomajazz.com\/web\/wp-content\/uploads\/2012\/12\/jb_c.jpg?resize=350%2C200&ssl=1","width":350,"height":200},"classes":[]},{"id":4580,"url":"https:\/\/tomajazz.com\/web\/contrastes-en-complujazz-2012-exposicion-por-sergio-cabanillas\/","url_meta":{"origin":15356,"position":2},"title":"Contrastes en Complujazz 2012. Exposici\u00f3n por Sergio Cabanillas","author":"Tomajazz","date":"10 julio, 2012","format":false,"excerpt":"Contrastes en Complujazz 2012. Exposici\u00f3n por Sergio Cabanillas","rel":"","context":"En \u00ab*_Sergio Cabanillas\u00bb","block_context":{"text":"*_Sergio Cabanillas","link":"https:\/\/tomajazz.com\/web\/category\/sergio-cabanillas\/"},"img":{"alt_text":"","src":"https:\/\/i0.wp.com\/tomajazz.com\/web\/wp-content\/uploads\/2013\/01\/2-IGNASI_TERRAZA_4270.jpg?resize=350%2C200&ssl=1","width":350,"height":200,"srcset":"https:\/\/i0.wp.com\/tomajazz.com\/web\/wp-content\/uploads\/2013\/01\/2-IGNASI_TERRAZA_4270.jpg?resize=350%2C200&ssl=1 1x, https:\/\/i0.wp.com\/tomajazz.com\/web\/wp-content\/uploads\/2013\/01\/2-IGNASI_TERRAZA_4270.jpg?resize=525%2C300&ssl=1 1.5x"},"classes":[]},{"id":14300,"url":"https:\/\/tomajazz.com\/web\/tomajazz-recupera-paco-charlin-en-su-propio-camino-por-pachi-tapiz\/","url_meta":{"origin":15356,"position":3},"title":"Tomajazz recupera&#8230; Paco Charl\u00edn: en su propio camino, por Pachi Tapiz","author":"Tomajazz","date":"30 septiembre, 2014","format":false,"excerpt":"Pachi Tapiz: \u00bfQu\u00e9 opini\u00f3n te merece el llamado jazz europeo? Paco Charl\u00edn: Supongo que cuando se habla de jazz europeo se refiere tambi\u00e9n a Portugal, Espa\u00f1a, Inglaterra, Italia, pero tengo la extra\u00f1a sensaci\u00f3n de que no ocurre eso. No estoy muy puesto en estos t\u00e9rminos, como cuando habl\u00e1bamos antes de\u2026","rel":"","context":"En \u00ab*_Pachi Tapiz\u00bb","block_context":{"text":"*_Pachi Tapiz","link":"https:\/\/tomajazz.com\/web\/category\/pachi-tapiz\/"},"img":{"alt_text":"Paco Charl\u00edn \u00a9 Sergio Cabanillas, 2005","src":"https:\/\/i0.wp.com\/www.tomajazz.com\/web\/wp-content\/uploads\/2014\/09\/charlin_paco_3-192x300.jpg?resize=350%2C200","width":350,"height":200},"classes":[]},{"id":4837,"url":"https:\/\/tomajazz.com\/web\/ignasi-terraza-trio-miguel-angel-chastang-quartet-complujazz-2012-museo-del-traje-madrid-23-vi-2012\/","url_meta":{"origin":15356,"position":4},"title":"Ignasi Terraza Tr\u00edo &#038; Miguel \u00c1ngel Chastang Quartet (Complujazz 2012, Museo del Traje, Madrid, 23-VI-2012)","author":"Tomajazz","date":"23 junio, 2012","format":false,"excerpt":"Ignasi Terraza Tr\u00edo & Miguel \u00c1ngel Chastang Quartet (Complujazz 2012, Museo del Traje, Madrid, 23-VI-2012)","rel":"","context":"En \u00ab*_Carlos Lara\u00bb","block_context":{"text":"*_Carlos Lara","link":"https:\/\/tomajazz.com\/web\/category\/carlos-lara\/"},"img":{"alt_text":"","src":"https:\/\/i0.wp.com\/tomajazz.com\/web\/wp-content\/uploads\/2013\/02\/ignasi_terraza_trio_4313.jpg?resize=350%2C200&ssl=1","width":350,"height":200},"classes":[]},{"id":978,"url":"https:\/\/tomajazz.com\/web\/miguel-angel-chastang-sombrasfrom-harlem-to-madrid-vol-2-infinity-2009\/","url_meta":{"origin":15356,"position":5},"title":"Miguel \u00c1ngel Chastang: Sombras\/From Harlem to Madrid vol. 2 (Nuba Records &#8211; Karonte, 2009)","author":"Autor1","date":"15 mayo, 2010","format":false,"excerpt":"Miguel \u00c1ngel Chastang: Sombras\/From Harlem to Madrid vol. 2 (Nuba Records - Karonte, 2009)","rel":"","context":"En \u00ab*_Carlos Lara\u00bb","block_context":{"text":"*_Carlos Lara","link":"https:\/\/tomajazz.com\/web\/category\/carlos-lara\/"},"img":{"alt_text":"","src":"https:\/\/i0.wp.com\/www.tomajazz.com\/web\/wp-content\/uploads\/2011\/05\/mac_fhtmv2.jpg?resize=350%2C200","width":350,"height":200},"classes":[]}],"_links":{"self":[{"href":"https:\/\/tomajazz.com\/web\/wp-json\/wp\/v2\/posts\/15356","targetHints":{"allow":["GET"]}}],"collection":[{"href":"https:\/\/tomajazz.com\/web\/wp-json\/wp\/v2\/posts"}],"about":[{"href":"https:\/\/tomajazz.com\/web\/wp-json\/wp\/v2\/types\/post"}],"author":[{"embeddable":true,"href":"https:\/\/tomajazz.com\/web\/wp-json\/wp\/v2\/users\/1"}],"replies":[{"embeddable":true,"href":"https:\/\/tomajazz.com\/web\/wp-json\/wp\/v2\/comments?post=15356"}],"version-history":[{"count":4,"href":"https:\/\/tomajazz.com\/web\/wp-json\/wp\/v2\/posts\/15356\/revisions"}],"predecessor-version":[{"id":60215,"href":"https:\/\/tomajazz.com\/web\/wp-json\/wp\/v2\/posts\/15356\/revisions\/60215"}],"wp:featuredmedia":[{"embeddable":true,"href":"https:\/\/tomajazz.com\/web\/wp-json\/wp\/v2\/media\/14823"}],"wp:attachment":[{"href":"https:\/\/tomajazz.com\/web\/wp-json\/wp\/v2\/media?parent=15356"}],"wp:term":[{"taxonomy":"category","embeddable":true,"href":"https:\/\/tomajazz.com\/web\/wp-json\/wp\/v2\/categories?post=15356"},{"taxonomy":"post_tag","embeddable":true,"href":"https:\/\/tomajazz.com\/web\/wp-json\/wp\/v2\/tags?post=15356"}],"curies":[{"name":"wp","href":"https:\/\/api.w.org\/{rel}","templated":true}]}}