{"id":15366,"date":"2014-11-12T11:00:46","date_gmt":"2014-11-12T10:00:46","guid":{"rendered":"http:\/\/www.tomajazz.com\/web\/?p=15366"},"modified":"2016-11-13T16:32:29","modified_gmt":"2016-11-13T15:32:29","slug":"instantzz-adam-kolker-trio-2o-san-miguel-jamboree-jazz-club-festival-barcelona-2014-11-05","status":"publish","type":"post","link":"https:\/\/tomajazz.com\/web\/instantzz-adam-kolker-trio-2o-san-miguel-jamboree-jazz-club-festival-barcelona-2014-11-05\/","title":{"rendered":"INSTANTZZ: Adam Kolker Trio (2\u00ba San Miguel Jamboree Jazz Club Festival, Barcelona. 2014-11-05)"},"content":{"rendered":"<p>2\u00ba San Miguel Jamboree Jazz Club Festival<\/p>\n<p>Adam Kolker Trio<\/p>\n<ul>\n<li>Fecha: Mi\u00e9rcoles, 05 de noviembre de 2014<\/li>\n<li>Lugar: Jamboree (Barcelona)<\/li>\n<li>Componentes:<br \/>\nAdam Kolker, saxo tenor<br \/>\nMasa Kamaguchi, contrabajo<br \/>\nBilly Mintz, bater\u00eda<\/li>\n<\/ul>\n<p style=\"text-align: center;\"><img loading=\"lazy\" decoding=\"async\" class=\"aligncenter size-full wp-image-15359\" src=\"http:\/\/www.tomajazz.com\/web\/wp-content\/uploads\/2014\/11\/01_AK3-u00A9Joan-Cortu00E8s_05nov14_Jamboree_Bcn.jpg\" alt=\"01_AK3 (u00A9Joan Cortu00E8s)_05nov14_Jamboree_Bcn\" width=\"600\" height=\"399\" title=\"\" srcset=\"https:\/\/tomajazz.com\/web\/wp-content\/uploads\/2014\/11\/01_AK3-u00A9Joan-Cortu00E8s_05nov14_Jamboree_Bcn.jpg 600w, https:\/\/tomajazz.com\/web\/wp-content\/uploads\/2014\/11\/01_AK3-u00A9Joan-Cortu00E8s_05nov14_Jamboree_Bcn-150x99.jpg 150w, https:\/\/tomajazz.com\/web\/wp-content\/uploads\/2014\/11\/01_AK3-u00A9Joan-Cortu00E8s_05nov14_Jamboree_Bcn-200x133.jpg 200w, https:\/\/tomajazz.com\/web\/wp-content\/uploads\/2014\/11\/01_AK3-u00A9Joan-Cortu00E8s_05nov14_Jamboree_Bcn-82x55.jpg 82w, https:\/\/tomajazz.com\/web\/wp-content\/uploads\/2014\/11\/01_AK3-u00A9Joan-Cortu00E8s_05nov14_Jamboree_Bcn-60x40.jpg 60w, https:\/\/tomajazz.com\/web\/wp-content\/uploads\/2014\/11\/01_AK3-u00A9Joan-Cortu00E8s_05nov14_Jamboree_Bcn-120x80.jpg 120w\" sizes=\"auto, (max-width: 600px) 100vw, 600px\" \/><\/p>\n<p style=\"text-align: center;\"><img loading=\"lazy\" decoding=\"async\" class=\"aligncenter size-full wp-image-15360\" src=\"http:\/\/www.tomajazz.com\/web\/wp-content\/uploads\/2014\/11\/02_AK3-u00A9Joan-Cortu00E8s_05nov14_Jamboree_Bcn.jpg\" alt=\"02_AK3 (u00A9Joan Cortu00E8s)_05nov14_Jamboree_Bcn\" width=\"600\" height=\"399\" title=\"\" srcset=\"https:\/\/tomajazz.com\/web\/wp-content\/uploads\/2014\/11\/02_AK3-u00A9Joan-Cortu00E8s_05nov14_Jamboree_Bcn.jpg 600w, https:\/\/tomajazz.com\/web\/wp-content\/uploads\/2014\/11\/02_AK3-u00A9Joan-Cortu00E8s_05nov14_Jamboree_Bcn-150x99.jpg 150w, https:\/\/tomajazz.com\/web\/wp-content\/uploads\/2014\/11\/02_AK3-u00A9Joan-Cortu00E8s_05nov14_Jamboree_Bcn-200x133.jpg 200w, https:\/\/tomajazz.com\/web\/wp-content\/uploads\/2014\/11\/02_AK3-u00A9Joan-Cortu00E8s_05nov14_Jamboree_Bcn-82x55.jpg 82w, https:\/\/tomajazz.com\/web\/wp-content\/uploads\/2014\/11\/02_AK3-u00A9Joan-Cortu00E8s_05nov14_Jamboree_Bcn-60x40.jpg 60w, https:\/\/tomajazz.com\/web\/wp-content\/uploads\/2014\/11\/02_AK3-u00A9Joan-Cortu00E8s_05nov14_Jamboree_Bcn-120x80.jpg 120w\" sizes=\"auto, (max-width: 600px) 100vw, 600px\" \/><\/p>\n<p style=\"text-align: center;\"><img loading=\"lazy\" decoding=\"async\" class=\"aligncenter size-full wp-image-15361\" src=\"http:\/\/www.tomajazz.com\/web\/wp-content\/uploads\/2014\/11\/03_AK3-u00A9Joan-Cortu00E8s_05nov14_Jamboree_Bcn.jpg\" alt=\"03_AK3 (u00A9Joan Cortu00E8s)_05nov14_Jamboree_Bcn\" width=\"600\" height=\"399\" title=\"\" srcset=\"https:\/\/tomajazz.com\/web\/wp-content\/uploads\/2014\/11\/03_AK3-u00A9Joan-Cortu00E8s_05nov14_Jamboree_Bcn.jpg 600w, https:\/\/tomajazz.com\/web\/wp-content\/uploads\/2014\/11\/03_AK3-u00A9Joan-Cortu00E8s_05nov14_Jamboree_Bcn-150x99.jpg 150w, https:\/\/tomajazz.com\/web\/wp-content\/uploads\/2014\/11\/03_AK3-u00A9Joan-Cortu00E8s_05nov14_Jamboree_Bcn-200x133.jpg 200w, https:\/\/tomajazz.com\/web\/wp-content\/uploads\/2014\/11\/03_AK3-u00A9Joan-Cortu00E8s_05nov14_Jamboree_Bcn-82x55.jpg 82w, https:\/\/tomajazz.com\/web\/wp-content\/uploads\/2014\/11\/03_AK3-u00A9Joan-Cortu00E8s_05nov14_Jamboree_Bcn-60x40.jpg 60w, https:\/\/tomajazz.com\/web\/wp-content\/uploads\/2014\/11\/03_AK3-u00A9Joan-Cortu00E8s_05nov14_Jamboree_Bcn-120x80.jpg 120w\" sizes=\"auto, (max-width: 600px) 100vw, 600px\" \/><\/p>\n<p style=\"text-align: center;\"><img loading=\"lazy\" decoding=\"async\" class=\"aligncenter size-full wp-image-15362\" src=\"http:\/\/www.tomajazz.com\/web\/wp-content\/uploads\/2014\/11\/04_AK3-u00A9Joan-Cortu00E8s_05nov14_Jamboree_Bcn.jpg\" alt=\"04_AK3 (u00A9Joan Cortu00E8s)_05nov14_Jamboree_Bcn\" width=\"399\" height=\"600\" title=\"\" srcset=\"https:\/\/tomajazz.com\/web\/wp-content\/uploads\/2014\/11\/04_AK3-u00A9Joan-Cortu00E8s_05nov14_Jamboree_Bcn.jpg 399w, https:\/\/tomajazz.com\/web\/wp-content\/uploads\/2014\/11\/04_AK3-u00A9Joan-Cortu00E8s_05nov14_Jamboree_Bcn-99x150.jpg 99w, https:\/\/tomajazz.com\/web\/wp-content\/uploads\/2014\/11\/04_AK3-u00A9Joan-Cortu00E8s_05nov14_Jamboree_Bcn-200x300.jpg 200w, https:\/\/tomajazz.com\/web\/wp-content\/uploads\/2014\/11\/04_AK3-u00A9Joan-Cortu00E8s_05nov14_Jamboree_Bcn-36x55.jpg 36w\" sizes=\"auto, (max-width: 399px) 100vw, 399px\" \/><\/p>\n<p style=\"text-align: center;\"><img loading=\"lazy\" decoding=\"async\" class=\"aligncenter size-full wp-image-15363\" src=\"http:\/\/www.tomajazz.com\/web\/wp-content\/uploads\/2014\/11\/05_AK3-u00A9Joan-Cortu00E8s_05nov14_Jamboree_Bcn.jpg\" alt=\"05_AK3 (u00A9Joan Cortu00E8s)_05nov14_Jamboree_Bcn\" width=\"600\" height=\"399\" title=\"\" srcset=\"https:\/\/tomajazz.com\/web\/wp-content\/uploads\/2014\/11\/05_AK3-u00A9Joan-Cortu00E8s_05nov14_Jamboree_Bcn.jpg 600w, https:\/\/tomajazz.com\/web\/wp-content\/uploads\/2014\/11\/05_AK3-u00A9Joan-Cortu00E8s_05nov14_Jamboree_Bcn-150x99.jpg 150w, https:\/\/tomajazz.com\/web\/wp-content\/uploads\/2014\/11\/05_AK3-u00A9Joan-Cortu00E8s_05nov14_Jamboree_Bcn-200x133.jpg 200w, https:\/\/tomajazz.com\/web\/wp-content\/uploads\/2014\/11\/05_AK3-u00A9Joan-Cortu00E8s_05nov14_Jamboree_Bcn-82x55.jpg 82w, https:\/\/tomajazz.com\/web\/wp-content\/uploads\/2014\/11\/05_AK3-u00A9Joan-Cortu00E8s_05nov14_Jamboree_Bcn-60x40.jpg 60w, https:\/\/tomajazz.com\/web\/wp-content\/uploads\/2014\/11\/05_AK3-u00A9Joan-Cortu00E8s_05nov14_Jamboree_Bcn-120x80.jpg 120w\" sizes=\"auto, (max-width: 600px) 100vw, 600px\" \/><\/p>\n<p style=\"text-align: center;\"><img loading=\"lazy\" decoding=\"async\" class=\"aligncenter size-full wp-image-15364\" src=\"http:\/\/www.tomajazz.com\/web\/wp-content\/uploads\/2014\/11\/06_AK3-u00A9Joan-Cortu00E8s_05nov14_Jamboree_Bcn.jpg\" alt=\"06_AK3 (u00A9Joan Cortu00E8s)_05nov14_Jamboree_Bcn\" width=\"600\" height=\"399\" title=\"\" srcset=\"https:\/\/tomajazz.com\/web\/wp-content\/uploads\/2014\/11\/06_AK3-u00A9Joan-Cortu00E8s_05nov14_Jamboree_Bcn.jpg 600w, https:\/\/tomajazz.com\/web\/wp-content\/uploads\/2014\/11\/06_AK3-u00A9Joan-Cortu00E8s_05nov14_Jamboree_Bcn-150x99.jpg 150w, https:\/\/tomajazz.com\/web\/wp-content\/uploads\/2014\/11\/06_AK3-u00A9Joan-Cortu00E8s_05nov14_Jamboree_Bcn-200x133.jpg 200w, https:\/\/tomajazz.com\/web\/wp-content\/uploads\/2014\/11\/06_AK3-u00A9Joan-Cortu00E8s_05nov14_Jamboree_Bcn-82x55.jpg 82w, https:\/\/tomajazz.com\/web\/wp-content\/uploads\/2014\/11\/06_AK3-u00A9Joan-Cortu00E8s_05nov14_Jamboree_Bcn-60x40.jpg 60w, https:\/\/tomajazz.com\/web\/wp-content\/uploads\/2014\/11\/06_AK3-u00A9Joan-Cortu00E8s_05nov14_Jamboree_Bcn-120x80.jpg 120w\" sizes=\"auto, (max-width: 600px) 100vw, 600px\" \/><\/p>\n<p style=\"text-align: right;\">Fotograf\u00edas: \u00a9 Joan Cort\u00e9s, 2014<\/p>\n","protected":false},"excerpt":{"rendered":"<p>2\u00ba San Miguel Jamboree Jazz Club Festival Adam Kolker Trio Fecha: Mi\u00e9rcoles, 05 de noviembre de 2014 Lugar: Jamboree (Barcelona) Componentes: Adam Kolker, saxo tenor Masa Kamaguchi, contrabajo Billy Mintz, bater\u00eda Fotograf\u00edas: \u00a9 Joan Cort\u00e9s, 2014<span class=\"more-link\"><a href=\"https:\/\/tomajazz.com\/web\/instantzz-adam-kolker-trio-2o-san-miguel-jamboree-jazz-club-festival-barcelona-2014-11-05\/\">Contin\u00faa leyendo<\/a><\/span><\/p>\n","protected":false},"author":1,"featured_media":15362,"comment_status":"open","ping_status":"closed","sticky":false,"template":"","format":"standard","meta":{"jetpack_post_was_ever_published":false,"_jetpack_newsletter_access":"","_jetpack_dont_email_post_to_subs":true,"_jetpack_newsletter_tier_id":0,"_jetpack_memberships_contains_paywalled_content":false,"_jetpack_memberships_contains_paid_content":false,"footnotes":""},"categories":[17853,11262,15516,11261,1038],"tags":[11265,11280,11279,1125,11281,12656,15275,11263,1046,13,1041,12657,16099,77,16100],"class_list":["entry","author-pachi","post-15366","post","type-post","status-publish","format-standard","has-post-thumbnail","category-joan-cortes","category-photoblogs","category-imagenes","category-instantzz","category-contenidos","tag-2o-san-miguel-jamboree-jazz-club-festival","tag-adam-kolker-masa-kamaguchi","tag-adam-kolker-trio","tag-barcelona","tag-billy-mintz","tag-fotoblog","tag-galeria-fotografica","tag-instantzz-2","tag-jamboree","tag-jazz","tag-joan-cortes","tag-photoblog","tag-toma-jazz","tag-tomajazz","tag-tomajazz-toma-jazz"],"jetpack_featured_media_url":"https:\/\/tomajazz.com\/web\/wp-content\/uploads\/2014\/11\/04_AK3-u00A9Joan-Cortu00E8s_05nov14_Jamboree_Bcn.jpg","jetpack_likes_enabled":true,"jetpack_sharing_enabled":true,"jetpack-related-posts":[{"id":104557,"url":"https:\/\/tomajazz.com\/web\/russ-lossing-mood-trio-jamboree-2026\/","url_meta":{"origin":15366,"position":0},"title":"Russ Lossing Mood Trio (Jamboree-01, 2026-02-18 \/ Barcelona) Por Joan Cort\u00e8s [INSTANTZZ AKA Galer\u00eda fotogr\u00e1fica AKA Fotoblog de jazz, impro\u2026 y algo m\u00e1s]","author":"Tomajazz","date":"24 marzo, 2026","format":false,"excerpt":"Russ Lossing Mood Trio actu\u00f3 en Jamboree el 18 de febrero de 2025. Joan Cort\u00e8s lo retrata en INSTANTZZ. Russ Lossing Mood Trio son Russ Lossing, Masa Kamaguchi, Dayeon Seok","rel":"","context":"En \u00abINSTANTZZ\u00bb","block_context":{"text":"INSTANTZZ","link":"https:\/\/tomajazz.com\/web\/category\/contenidos\/imagenes\/photoblogs\/instantzz\/"},"img":{"alt_text":"Russ Lossing Mood Trio (Jamboree-01, 2026-02-18 \/ Barcelona) Por Joan Cort\u00e8s [INSTANTZZ AKA Galer\u00eda fotogr\u00e1fica AKA Fotoblog de jazz, impro\u2026 y algo m\u00e1s] - Tomajazz - Russ Lossing Mood Trio actu\u00f3 en Jamboree el 18 de febrero de 2025. Joan Cort\u00e8s lo retrata en INSTANTZZ. Russ Lossing Mood Trio son \nRuss Lossing, Masa Kamaguchi, Dayeon Seok","src":"https:\/\/i0.wp.com\/tomajazz.com\/web\/wp-content\/uploads\/2026\/03\/destacado-07-Rss-Lssng-Photo-by-Joan-Cortes-18fbr26-Jmbr-Bcn.jpg?resize=350%2C200&ssl=1","width":350,"height":200,"srcset":"https:\/\/i0.wp.com\/tomajazz.com\/web\/wp-content\/uploads\/2026\/03\/destacado-07-Rss-Lssng-Photo-by-Joan-Cortes-18fbr26-Jmbr-Bcn.jpg?resize=350%2C200&ssl=1 1x, https:\/\/i0.wp.com\/tomajazz.com\/web\/wp-content\/uploads\/2026\/03\/destacado-07-Rss-Lssng-Photo-by-Joan-Cortes-18fbr26-Jmbr-Bcn.jpg?resize=525%2C300&ssl=1 1.5x"},"classes":[]},{"id":103144,"url":"https:\/\/tomajazz.com\/web\/paul-cornish-trio-barcelona-2025\/","url_meta":{"origin":15366,"position":1},"title":"Paul Cornish Trio \u201cYou\u2019re Exaggerating!\u201d (57\u00e8 Festival de Jazz de Barcelona \/ Jamboree, 2025-11-24 \/ Barcelona) [04] Por Joan Cort\u00e8s [INSTANTZZ AKA Galer\u00eda fotogr\u00e1fica AKA Fotoblog de jazz, impro\u2026 y algo m\u00e1s]","author":"Tomajazz","date":"1 enero, 2026","format":false,"excerpt":"Paul Cornish Trio \u201cYou\u2019re Exaggerating!\u201d actu\u00f3 en el 57\u00e8 Festival de Jazz de Barcelona, en Jamboree, el 24 de noviembre de 2025. Joan Cort\u00e8s lo retrata en INSTANTZZ. Actuaron Paul Cornish, Jermaine Paul, Jonathan Pinson","rel":"","context":"En \u00ab57 Festival de Jazz de Barcelona 2025\u00bb","block_context":{"text":"57 Festival de Jazz de Barcelona 2025","link":"https:\/\/tomajazz.com\/web\/category\/contenidos\/especial-contenidos\/57-festival-de-jazz-de-barcelona-2025\/"},"img":{"alt_text":"Paul Cornish Trio \u201cYou\u2019re Exaggerating!\u201d (57\u00e8 Festival de Jazz de Barcelona \/ Jamboree, 2025-11-24 \/ Barcelona) [04] Por Joan Cort\u00e8s [INSTANTZZ AKA Galer\u00eda fotogr\u00e1fica AKA Fotoblog de jazz, impro\u2026 y algo m\u00e1s] - Tomajazz - Paul Cornish Trio \u201cYou\u2019re Exaggerating!\u201d actu\u00f3 en el 57\u00e8 Festival de Jazz de Barcelona, en Jamboree, el 24 de noviembre de 2025. Joan Cort\u00e8s lo retrata en INSTANTZZ. Actuaron Paul Cornish, Jermaine Paul, Jonathan Pinson\n","src":"https:\/\/i0.wp.com\/tomajazz.com\/web\/wp-content\/uploads\/2025\/12\/destacada-08-Pl-Crnsh-Tr-Photo-By-Joan-Cortes-24nvm25-CdL-59FJBcn.jpg?resize=350%2C200&ssl=1","width":350,"height":200,"srcset":"https:\/\/i0.wp.com\/tomajazz.com\/web\/wp-content\/uploads\/2025\/12\/destacada-08-Pl-Crnsh-Tr-Photo-By-Joan-Cortes-24nvm25-CdL-59FJBcn.jpg?resize=350%2C200&ssl=1 1x, https:\/\/i0.wp.com\/tomajazz.com\/web\/wp-content\/uploads\/2025\/12\/destacada-08-Pl-Crnsh-Tr-Photo-By-Joan-Cortes-24nvm25-CdL-59FJBcn.jpg?resize=525%2C300&ssl=1 1.5x"},"classes":[]},{"id":102503,"url":"https:\/\/tomajazz.com\/web\/eddie-mejia-jamboree-2025\/","url_meta":{"origin":15366,"position":2},"title":"Eddie Mej\u00eda 4t \u201cPar\u00e9ntesis del Miedo\u201d (Jamboree -sala 1-, 2025-11-14 \/ Barcelona) Por Joan Cort\u00e8s [INSTANTZZ AKA Galer\u00eda fotogr\u00e1fica AKA Fotoblog de jazz, impro\u2026 y algo m\u00e1s]","author":"Tomajazz","date":"4 diciembre, 2025","format":false,"excerpt":"Eddie Mej\u00eda 4t present\u00f3 \u201cPar\u00e9ntesis del Miedo\u201d en Jamboree, Barcelona, el 14 de noviembre de 2025. Joan Cort\u00e8s lo retrata en INSTANTZZ. Actuaron Eddie Mej\u00eda, Bill McHenry, Masa Kamaguchi, Ramon Prats, Magda Garre","rel":"","context":"En \u00ab*_Joan Cort\u00e8s\u00bb","block_context":{"text":"*_Joan Cort\u00e8s","link":"https:\/\/tomajazz.com\/web\/category\/joan-cortes\/"},"img":{"alt_text":"Eddie Mej\u00eda 4t \u201cPar\u00e9ntesis del Miedo\u201d (Jamboree -sala 1-, 2025-11-14 \/ Barcelona) Por Joan Cort\u00e8s [INSTANTZZ AKA Galer\u00eda fotogr\u00e1fica AKA Fotoblog de jazz, impro\u2026 y algo m\u00e1s] - Tomajazz - Eddie Mej\u00eda 4t present\u00f3 \u201cPar\u00e9ntesis del Miedo\u201d en Jamboree, Barcelona, el 14 de noviembre de 2025. Joan Cort\u00e8s lo retrata en INSTANTZZ. Actuaron Eddie Mej\u00eda, Bill McHenry, Masa Kamaguchi, Ramon Prats, Magda Garre\n","src":"https:\/\/i0.wp.com\/tomajazz.com\/web\/wp-content\/uploads\/2025\/12\/destacado-02-dd-Mj-4t-Photo-By-Joan-Cortes-14nov25-Jmbrr.jpg?resize=350%2C200&ssl=1","width":350,"height":200,"srcset":"https:\/\/i0.wp.com\/tomajazz.com\/web\/wp-content\/uploads\/2025\/12\/destacado-02-dd-Mj-4t-Photo-By-Joan-Cortes-14nov25-Jmbrr.jpg?resize=350%2C200&ssl=1 1x, https:\/\/i0.wp.com\/tomajazz.com\/web\/wp-content\/uploads\/2025\/12\/destacado-02-dd-Mj-4t-Photo-By-Joan-Cortes-14nov25-Jmbrr.jpg?resize=525%2C300&ssl=1 1.5x"},"classes":[]},{"id":103216,"url":"https:\/\/tomajazz.com\/web\/manon-mullener-trio-jamboree-2025\/","url_meta":{"origin":15366,"position":3},"title":"Manon Mullener Trio (Jamboree, 2025-11-26 \/ Barcelona) Por Joan Cort\u00e8s [INSTANTZZ AKA Galer\u00eda fotogr\u00e1fica AKA Fotoblog de jazz, impro\u2026 y algo m\u00e1s]","author":"Tomajazz","date":"8 enero, 2026","format":false,"excerpt":"Manon Mullener Trio actu\u00f3 en Jamboree, Barcelona, el 26 de noviembre de 2025. Joan Cort\u00e8s lo retrata en INSTANTZZ. Actuaron Manon Mullener, Rodrigo Aravena, Lucien Mullener, Yuri Hern\u00e1ndez","rel":"","context":"En \u00ab*_Joan Cort\u00e8s\u00bb","block_context":{"text":"*_Joan Cort\u00e8s","link":"https:\/\/tomajazz.com\/web\/category\/joan-cortes\/"},"img":{"alt_text":"Manon Mullener Trio (Jamboree, 2025-11-26 \/ Barcelona) Por Joan Cort\u00e8s [INSTANTZZ AKA Galer\u00eda fotogr\u00e1fica AKA Fotoblog de jazz, impro\u2026 y algo m\u00e1s] - Tomajazz - Manon Mullener Trio actu\u00f3 en Jamboree, Barcelona, el 26 de noviembre de 2025. Joan Cort\u00e8s lo retrata en INSTANTZZ. Actuaron Manon Mullener, Rodrigo Aravena, Lucien Mullener, Yuri Hern\u00e1ndez\n","src":"https:\/\/i0.wp.com\/tomajazz.com\/web\/wp-content\/uploads\/2026\/01\/destacado-08-Mnn-Mllnr-Photo-by-Joan-Cortes-26nvm25-Jmbrr-Bcn.jpg?resize=350%2C200&ssl=1","width":350,"height":200,"srcset":"https:\/\/i0.wp.com\/tomajazz.com\/web\/wp-content\/uploads\/2026\/01\/destacado-08-Mnn-Mllnr-Photo-by-Joan-Cortes-26nvm25-Jmbrr-Bcn.jpg?resize=350%2C200&ssl=1 1x, https:\/\/i0.wp.com\/tomajazz.com\/web\/wp-content\/uploads\/2026\/01\/destacado-08-Mnn-Mllnr-Photo-by-Joan-Cortes-26nvm25-Jmbrr-Bcn.jpg?resize=525%2C300&ssl=1 1.5x"},"classes":[]},{"id":104948,"url":"https:\/\/tomajazz.com\/web\/rale-micic-trio-jamboree-2026\/","url_meta":{"origin":15366,"position":4},"title":"Rale Micic Trio (Jamboree-01, 2026-03-03 \/ Barcelona) Por Joan Cort\u00e8s [INSTANTZZ AKA Galer\u00eda fotogr\u00e1fica AKA Fotoblog de jazz, impro\u2026 y algo m\u00e1s]","author":"Tomajazz","date":"18 abril, 2026","format":false,"excerpt":"Rale Micic Trio actu\u00f3 en Jamboree, Barceloa, el 3 de marzo de 2026. Joan Cort\u00e8s lo retrata en INSTANTZZ. Rale Micic Trio son Rale Micic, Ugonna Okegwo, E.J. Strickland","rel":"","context":"En \u00ab*_Joan Cort\u00e8s\u00bb","block_context":{"text":"*_Joan Cort\u00e8s","link":"https:\/\/tomajazz.com\/web\/category\/joan-cortes\/"},"img":{"alt_text":"Rale Micic Trio (Jamboree-01, 2026-03-03 \/ Barcelona) Por Joan Cort\u00e8s [INSTANTZZ AKA Galer\u00eda fotogr\u00e1fica AKA Fotoblog de jazz, impro\u2026 y algo m\u00e1s] - Tomajazz - Rale Micic Trio actu\u00f3 en Jamboree, Barceloa, el 3 de marzo de 2026. Joan Cort\u00e8s lo retrata en INSTANTZZ. Rale Micic Trio son Rale Micic, Ugonna Okegwo, E.J. Strickland\n","src":"https:\/\/i0.wp.com\/tomajazz.com\/web\/wp-content\/uploads\/2026\/04\/destacada-10-Rl-Mcc-Tr-Photo-By-Joan-Cortes-03mrc26-Jmbr-Bcn.jpg?resize=350%2C200&ssl=1","width":350,"height":200,"srcset":"https:\/\/i0.wp.com\/tomajazz.com\/web\/wp-content\/uploads\/2026\/04\/destacada-10-Rl-Mcc-Tr-Photo-By-Joan-Cortes-03mrc26-Jmbr-Bcn.jpg?resize=350%2C200&ssl=1 1x, https:\/\/i0.wp.com\/tomajazz.com\/web\/wp-content\/uploads\/2026\/04\/destacada-10-Rl-Mcc-Tr-Photo-By-Joan-Cortes-03mrc26-Jmbr-Bcn.jpg?resize=525%2C300&ssl=1 1.5x"},"classes":[]},{"id":102232,"url":"https:\/\/tomajazz.com\/web\/andre-marques-trio-jamboree-2025\/","url_meta":{"origin":15366,"position":5},"title":"Andr\u00e9 Marques Trio (Jamboree -sala 1-, 2025-11-07 \/ Barcelona) Por Joan Cort\u00e8s [INSTANTZZ AKA Galer\u00eda fotogr\u00e1fica AKA Fotoblog de jazz, impro\u2026 y algo m\u00e1s]","author":"Tomajazz","date":"27 noviembre, 2025","format":false,"excerpt":"Andr\u00e9 Marques Trio actu\u00f3 en Jamboree, el 7 de noviembre de 2025. Joan Cort\u00e8s lo retrata en INSTANTZZ. Actuaron Andr\u00e9 Marques, Marcel Bottaro, Fulvio Alberto Moraes","rel":"","context":"En \u00ab*_Joan Cort\u00e8s\u00bb","block_context":{"text":"*_Joan Cort\u00e8s","link":"https:\/\/tomajazz.com\/web\/category\/joan-cortes\/"},"img":{"alt_text":"Andr\u00e9 Marques Trio (Jamboree -sala 1-, 2025-11-07 \/ Barcelona) Por Joan Cort\u00e8s [INSTANTZZ AKA Galer\u00eda fotogr\u00e1fica AKA Fotoblog de jazz, impro\u2026 y algo m\u00e1s] - Tomajazz - Andr\u00e9 Marques Trio actu\u00f3 en Jamboree, el 7 de noviembre de 2025. Joan Cort\u00e8s lo retrata en INSTANTZZ. Actuaron Andr\u00e9 Marques, Marcel Bottaro, Fulvio Alberto Moraes\n","src":"https:\/\/i0.wp.com\/tomajazz.com\/web\/wp-content\/uploads\/2025\/11\/destacada-05-ndr-Mrqs-tr-%C2%A9Joan-Cortes-07nvm25-Jmbr-Bcn.jpg?resize=350%2C200&ssl=1","width":350,"height":200,"srcset":"https:\/\/i0.wp.com\/tomajazz.com\/web\/wp-content\/uploads\/2025\/11\/destacada-05-ndr-Mrqs-tr-%C2%A9Joan-Cortes-07nvm25-Jmbr-Bcn.jpg?resize=350%2C200&ssl=1 1x, https:\/\/i0.wp.com\/tomajazz.com\/web\/wp-content\/uploads\/2025\/11\/destacada-05-ndr-Mrqs-tr-%C2%A9Joan-Cortes-07nvm25-Jmbr-Bcn.jpg?resize=525%2C300&ssl=1 1.5x"},"classes":[]}],"_links":{"self":[{"href":"https:\/\/tomajazz.com\/web\/wp-json\/wp\/v2\/posts\/15366","targetHints":{"allow":["GET"]}}],"collection":[{"href":"https:\/\/tomajazz.com\/web\/wp-json\/wp\/v2\/posts"}],"about":[{"href":"https:\/\/tomajazz.com\/web\/wp-json\/wp\/v2\/types\/post"}],"author":[{"embeddable":true,"href":"https:\/\/tomajazz.com\/web\/wp-json\/wp\/v2\/users\/1"}],"replies":[{"embeddable":true,"href":"https:\/\/tomajazz.com\/web\/wp-json\/wp\/v2\/comments?post=15366"}],"version-history":[{"count":1,"href":"https:\/\/tomajazz.com\/web\/wp-json\/wp\/v2\/posts\/15366\/revisions"}],"predecessor-version":[{"id":15367,"href":"https:\/\/tomajazz.com\/web\/wp-json\/wp\/v2\/posts\/15366\/revisions\/15367"}],"wp:featuredmedia":[{"embeddable":true,"href":"https:\/\/tomajazz.com\/web\/wp-json\/wp\/v2\/media\/15362"}],"wp:attachment":[{"href":"https:\/\/tomajazz.com\/web\/wp-json\/wp\/v2\/media?parent=15366"}],"wp:term":[{"taxonomy":"category","embeddable":true,"href":"https:\/\/tomajazz.com\/web\/wp-json\/wp\/v2\/categories?post=15366"},{"taxonomy":"post_tag","embeddable":true,"href":"https:\/\/tomajazz.com\/web\/wp-json\/wp\/v2\/tags?post=15366"}],"curies":[{"name":"wp","href":"https:\/\/api.w.org\/{rel}","templated":true}]}}