{"id":1603,"date":"2011-08-08T00:00:21","date_gmt":"2011-08-07T22:00:21","guid":{"rendered":"http:\/\/torec.tomajazz.com\/?p=1603"},"modified":"2016-11-13T20:10:50","modified_gmt":"2016-11-13T19:10:50","slug":"tomajazz-recomienda-un-tema-my-jelly-roll-soul-charles-mingus-1959","status":"publish","type":"post","link":"https:\/\/tomajazz.com\/web\/tomajazz-recomienda-un-tema-my-jelly-roll-soul-charles-mingus-1959\/","title":{"rendered":"Tomajazz recomienda&#8230; un tema: My Jelly Roll Soul (Charles Mingus, 1959)"},"content":{"rendered":"<figure id=\"attachment_1606\" aria-describedby=\"caption-attachment-1606\" style=\"width: 150px\" class=\"wp-caption alignright\"><a href=\"http:\/\/torec.tomajazz.com\/wp-content\/uploads\/2011\/08\/recomienda.jpg\"><img loading=\"lazy\" decoding=\"async\" class=\"size-full wp-image-1606\" src=\"http:\/\/torec.tomajazz.com\/wp-content\/uploads\/2011\/08\/recomienda.jpg\" alt=\"Charlie Mingus - Blues &amp; Roots\" width=\"150\" height=\"150\" title=\"\"><\/a><figcaption id=\"caption-attachment-1606\" class=\"wp-caption-text\">Charlie Mingus - Blues &amp; Roots<\/figcaption><\/figure>\n<p style=\"text-align: right\">\u00abAntes de hacer este disco compr\u00e9 un libro de temas de Jelly Roll Morton sobre los que ten\u00eda previsto escribir arreglos. Perd\u00ed el libro y despu\u00e9s escrib\u00ed \u00abMy Jelly Roll Soul\u00bb \u2013una impresi\u00f3n, o una ocurrencia basada en las formas y en el alma de Jelly Roll\u2013. Los solos son de Jimmy Knepper, Horace Parlan, Jackie McLean y Dannie Richmond, y yo voy haciendo circular las progresiones de acordes en compases de cuatro y de dos\u00bb.<\/p>\n<p style=\"text-align: right\">Charles Mingus, notas al libreto de <em>Blues &amp; Roots<\/em>, 1959<\/p>\n<p style=\"text-align: justify\">O, dicho de otra forma, c\u00f3mo conseguir que una simple armon\u00eda\u00a0<em>bluesera<\/em> suene antigua y moderna a la vez, rememorando al homenajeado y manteniendo un esp\u00edritu de <em>marching band<\/em>, pero usando un falso centro tonal (los cuatro primeros compases est\u00e1n en mi bemol y la pieza parece un <em>blues<\/em>, pero en el quinto comp\u00e1s aparece la tonalidad real de la bemol, que se mantiene hasta el final) y una inusual duraci\u00f3n de 14 compases.<\/p>\n<p style=\"text-align: justify\"><em>Blues &amp; Roots<\/em> (Charles Mingus), Atlantic 1305<\/p>\n","protected":false},"excerpt":{"rendered":"<p>\u00abAntes de hacer este disco compr\u00e9 un libro de temas de Jelly Roll Morton sobre los que ten\u00eda previsto escribir arreglos. Perd\u00ed el libro y despu\u00e9s escrib\u00ed \u00abMy Jelly Roll Soul\u00bb \u2013una impresi\u00f3n, o una ocurrencia basada en las formas y en el alma de Jelly Roll\u2013. Los solos son<span class=\"more-link\"><a href=\"https:\/\/tomajazz.com\/web\/tomajazz-recomienda-un-tema-my-jelly-roll-soul-charles-mingus-1959\/\">Contin\u00faa leyendo<\/a><\/span><\/p>\n","protected":false},"author":1001004,"featured_media":0,"comment_status":"open","ping_status":"closed","sticky":false,"template":"","format":"standard","meta":{"jetpack_post_was_ever_published":false,"_jetpack_newsletter_access":"","_jetpack_dont_email_post_to_subs":true,"_jetpack_newsletter_tier_id":0,"_jetpack_memberships_contains_paywalled_content":false,"_jetpack_memberships_contains_paid_content":false,"footnotes":""},"categories":[17860,1273],"tags":[1490,1556,1618,1823,1845,1861,2038,16099,77,16100],"class_list":["entry","author-adolphus-van-tenzing","post-1603","post","type-post","status-publish","format-standard","category-adolphus-van-tenzing","category-tomajazz-recomienda","tag-blues-roots","tag-charles-mingus","tag-dannie-richmond","tag-horace-parlan","tag-jackie-mclean","tag-jimmy-knepper","tag-my-jelly-roll-soul","tag-toma-jazz","tag-tomajazz","tag-tomajazz-toma-jazz"],"jetpack_featured_media_url":"","jetpack_likes_enabled":true,"jetpack_sharing_enabled":true,"jetpack-related-posts":[{"id":59713,"url":"https:\/\/tomajazz.com\/web\/jazzx5375-charles-mingus-moanin-blues-roots-atlantic-1960-minipodcast-de-jazz-por-pachi-tapiz\/","url_meta":{"origin":1603,"position":0},"title":"JazzX5#375. Charles Mingus: \u00abMoanin'\u00bb [Blues &#038; Roots (Atlantic, 1960)] [Minipodcast de jazz] Por Pachi Tapiz","author":"Tomajazz","date":"26 diciembre, 2021","format":false,"excerpt":"En JazzX5 suena \"Moanin'\", el tema de Charles Mingus que aparec\u00eda en Blues & Roots (Atlantic, 1960. JazzX5 es un podcast de Pachi Tapiz.","rel":"","context":"En \u00abJazzX5\u00bb","block_context":{"text":"JazzX5","link":"https:\/\/tomajazz.com\/web\/category\/contenidos\/sonidos\/podcast\/jazzx5\/"},"img":{"alt_text":"JazzX5#375. Charles Mingus: \"Moanin'\" [Blues & Roots (Atlantic, 1960)] [Minipodcast de jazz] Por Pachi Tapiz","src":"https:\/\/i0.wp.com\/tomajazz.com\/web\/wp-content\/uploads\/2021\/12\/JazzX5_375.jpg?resize=350%2C200&ssl=1","width":350,"height":200,"srcset":"https:\/\/i0.wp.com\/tomajazz.com\/web\/wp-content\/uploads\/2021\/12\/JazzX5_375.jpg?resize=350%2C200&ssl=1 1x, https:\/\/i0.wp.com\/tomajazz.com\/web\/wp-content\/uploads\/2021\/12\/JazzX5_375.jpg?resize=525%2C300&ssl=1 1.5x, https:\/\/i0.wp.com\/tomajazz.com\/web\/wp-content\/uploads\/2021\/12\/JazzX5_375.jpg?resize=700%2C400&ssl=1 2x"},"classes":[]},{"id":2619,"url":"https:\/\/tomajazz.com\/web\/en-la-casa-del-mundo-xiiixiv-charles-mingus-y-francois-coutourier\/","url_meta":{"origin":1603,"position":1},"title":"En &quot;La casa del Mundo&quot; (XIII\/XIV): Charles Mingus y Fran\u00e7ois Coutourier","author":"Tomajazz","date":"18 mayo, 2011","format":false,"excerpt":"Mingus Ah Um\u00a0es uno de mis discos preferidos entre mis muchos discos favoritos de Charles Mingus. Grabado en 1959, es atractivo desde la misma portada, un cuadro de S. Neil Fujita. En su interior hay homenajes (a Jelly Roll Morton, Duke Ellington, Charlie Parker y Lester Young) y referencias a\u2026","rel":"","context":"En \u00abbun\u00bb","block_context":{"text":"bun","link":"https:\/\/tomajazz.com\/web\/category\/contenidos\/blogs\/bun\/"},"img":{"alt_text":"","src":"","width":0,"height":0},"classes":[]},{"id":30115,"url":"https:\/\/tomajazz.com\/web\/365-razones-para-amar-el-jazz-un-tema-goodbye-pork-pie-hat-charles-mingus-1959-101\/","url_meta":{"origin":1603,"position":2},"title":"365 razones para amar el jazz: un tema. \u00abGoodbye Pork Pie Hat\u00bb (Charles Mingus, 1959) [101]","author":"Tomajazz","date":"11 abril, 2017","format":false,"excerpt":"Un tema.\u00a0\"Goodbye Pork Pie Hat\" (Charles Mingus, 1959) Seleccionado por\u00a0Luis Escalante Ozalla. Charles Mingus: Mingus Ah Um (Columbia, 1959) Charles Mingus, Horace Parlan, Dannie Richmond, John Handy, Booker Ervin","rel":"","context":"En \u00ab*_Luis Escalante Ozalla\u00bb","block_context":{"text":"*_Luis Escalante Ozalla","link":"https:\/\/tomajazz.com\/web\/category\/luis-escalante-ozalla\/"},"img":{"alt_text":"","src":"https:\/\/i0.wp.com\/www.tomajazz.com\/web\/wp-content\/uploads\/2017\/04\/Mingus_Ah_Um_-_Charles_Mingus-200x200.jpg?resize=350%2C200","width":350,"height":200},"classes":[]},{"id":56454,"url":"https:\/\/tomajazz.com\/web\/una-para-juancho-goodbye-pork-pie-hat-aka-jazzx5244-charles-mingus-mingus-ah-um-columbia-1959-minipodcast-por-pachi-tapiz\/","url_meta":{"origin":1603,"position":3},"title":"Una para Juancho: \u00abGoodbye Pork Pie Hat\u00bb AKA JazzX5#244. Charles Mingus: Mingus Ah Um (Columbia, 1959)] [Minipodcast] Por Pachi Tapiz","author":"Tomajazz","date":"17 agosto, 2021","format":false,"excerpt":"Una para Juancho en JazzX5: el eterno \"Goodby Pork Pie Hat\" de Charles Mingus que se public\u00f3 en Mingus Ah Hum (CBS, 1959)","rel":"","context":"En \u00ab*_Pachi Tapiz\u00bb","block_context":{"text":"*_Pachi Tapiz","link":"https:\/\/tomajazz.com\/web\/category\/pachi-tapiz\/"},"img":{"alt_text":"","src":"https:\/\/i0.wp.com\/tomajazz.com\/web\/wp-content\/uploads\/2021\/08\/JazzX5_244.jpg?resize=350%2C200&ssl=1","width":350,"height":200,"srcset":"https:\/\/i0.wp.com\/tomajazz.com\/web\/wp-content\/uploads\/2021\/08\/JazzX5_244.jpg?resize=350%2C200&ssl=1 1x, https:\/\/i0.wp.com\/tomajazz.com\/web\/wp-content\/uploads\/2021\/08\/JazzX5_244.jpg?resize=525%2C300&ssl=1 1.5x, https:\/\/i0.wp.com\/tomajazz.com\/web\/wp-content\/uploads\/2021\/08\/JazzX5_244.jpg?resize=700%2C400&ssl=1 2x"},"classes":[]},{"id":1925,"url":"https:\/\/tomajazz.com\/web\/tomajazz-recomienda-un-tema-ysabels-table-dance-charles-mingus-1957\/","url_meta":{"origin":1603,"position":4},"title":"Tomajazz recomienda\u2026 un tema: \u201cYsabel\u2019s Table Dance\u201d (Charles Mingus, 1957)","author":"Adolphus van Tenzing","date":"10 diciembre, 2010","format":false,"excerpt":"En 1957 Charles Mingus grab\u00f3 Tijuana Moods, evocaci\u00f3n de sus recuerdos alcoh\u00f3licos-prostibulario-musicales de la localidad \u201cde la perdici\u00f3n\u201d mexicana, fronteriza con el vecino del norte. En un disco magn\u00edfico, \u201cYsabel\u2019s Table Dance\u201d destaca por su fuerza y por ser un perfecto ejemplo de la m\u00fasica de Mingus: cambios de ritmo,\u2026","rel":"","context":"En \u00ab*_Adolphus van Tenzing\u00bb","block_context":{"text":"*_Adolphus van Tenzing","link":"https:\/\/tomajazz.com\/web\/category\/adolphus-van-tenzing\/"},"img":{"alt_text":"\u201cYsabel\u2019s Table Dance\u201d (Charles Mingus, Tijuana Moods, 1957)","src":"https:\/\/i0.wp.com\/torec.tomajazz.com\/wp-content\/uploads\/2010\/11\/mingus_tijuanamoods.jpg?resize=350%2C200","width":350,"height":200},"classes":[]},{"id":100194,"url":"https:\/\/tomajazz.com\/web\/charles-mingus-mingus-at-monterey-2025\/","url_meta":{"origin":1603,"position":5},"title":"Charles Mingus: Mingus At Monterey (Candid Records; 1965; Reedici\u00f3n 2025) Por Pachi Tapiz [Grabaci\u00f3n de jazz]","author":"Tomajazz","date":"11 octubre, 2025","format":false,"excerpt":"Mingus At Monterey (Candid Records; 1965; Reedici\u00f3n 2025) de Charles Mingus se ha reeditado en distintos formatos, incluyendo la de doble LP. Pachi Tapiz repasa la grabaci\u00f3n. Actuaron Charles Mingus, Jaki Byard, Dannie Richmond, Charles McPherson, John Handy III, Jack Nimitz, Buddy Collette, Lonnie Hillyer, Bobby Bryant, Melvin Moore, Lou\u2026","rel":"","context":"En \u00abTomajazz (la revista) al completo\u00bb","block_context":{"text":"Tomajazz (la revista) al completo","link":"https:\/\/tomajazz.com\/web\/category\/contenidos\/"},"img":{"alt_text":"Charles Mingus: Mingus At Monterey (Candid Records; 1965; Reedici\u00f3n 2025) Por Pachi Tapiz [Grabaci\u00f3n de jazz] - Tomajazz - Charles Mingus: Mingus At Monterey (Candid Records; 1965; Reedici\u00f3n 2025) Por Pachi Tapiz","src":"https:\/\/i0.wp.com\/tomajazz.com\/web\/wp-content\/uploads\/2025\/10\/Charles-Mingus-Mingus-at-Monterey-Candid-Records-2025-Tomajazz.jpg?resize=350%2C200&ssl=1","width":350,"height":200,"srcset":"https:\/\/i0.wp.com\/tomajazz.com\/web\/wp-content\/uploads\/2025\/10\/Charles-Mingus-Mingus-at-Monterey-Candid-Records-2025-Tomajazz.jpg?resize=350%2C200&ssl=1 1x, https:\/\/i0.wp.com\/tomajazz.com\/web\/wp-content\/uploads\/2025\/10\/Charles-Mingus-Mingus-at-Monterey-Candid-Records-2025-Tomajazz.jpg?resize=525%2C300&ssl=1 1.5x, https:\/\/i0.wp.com\/tomajazz.com\/web\/wp-content\/uploads\/2025\/10\/Charles-Mingus-Mingus-at-Monterey-Candid-Records-2025-Tomajazz.jpg?resize=700%2C400&ssl=1 2x"},"classes":[]}],"_links":{"self":[{"href":"https:\/\/tomajazz.com\/web\/wp-json\/wp\/v2\/posts\/1603","targetHints":{"allow":["GET"]}}],"collection":[{"href":"https:\/\/tomajazz.com\/web\/wp-json\/wp\/v2\/posts"}],"about":[{"href":"https:\/\/tomajazz.com\/web\/wp-json\/wp\/v2\/types\/post"}],"author":[{"embeddable":true,"href":"https:\/\/tomajazz.com\/web\/wp-json\/wp\/v2\/users\/1001004"}],"replies":[{"embeddable":true,"href":"https:\/\/tomajazz.com\/web\/wp-json\/wp\/v2\/comments?post=1603"}],"version-history":[{"count":1,"href":"https:\/\/tomajazz.com\/web\/wp-json\/wp\/v2\/posts\/1603\/revisions"}],"predecessor-version":[{"id":3755,"href":"https:\/\/tomajazz.com\/web\/wp-json\/wp\/v2\/posts\/1603\/revisions\/3755"}],"wp:attachment":[{"href":"https:\/\/tomajazz.com\/web\/wp-json\/wp\/v2\/media?parent=1603"}],"wp:term":[{"taxonomy":"category","embeddable":true,"href":"https:\/\/tomajazz.com\/web\/wp-json\/wp\/v2\/categories?post=1603"},{"taxonomy":"post_tag","embeddable":true,"href":"https:\/\/tomajazz.com\/web\/wp-json\/wp\/v2\/tags?post=1603"}],"curies":[{"name":"wp","href":"https:\/\/api.w.org\/{rel}","templated":true}]}}