{"id":16149,"date":"2014-12-30T11:00:07","date_gmt":"2014-12-30T10:00:07","guid":{"rendered":"http:\/\/www.tomajazz.com\/web\/?p=16149"},"modified":"2016-11-13T16:32:22","modified_gmt":"2016-11-13T15:32:22","slug":"instantzz-celeste-canta-antonio-machin-centre-artesa-tradicionarius-cat-barcelona-2014-12-12","status":"publish","type":"post","link":"https:\/\/tomajazz.com\/web\/instantzz-celeste-canta-antonio-machin-centre-artesa-tradicionarius-cat-barcelona-2014-12-12\/","title":{"rendered":"INSTANTZZ: Celeste Canta Antonio Mach\u00edn (Centre Artes\u00e0 Tradicion\u00e0rius-CAT, Barcelona. 2014-12-12)"},"content":{"rendered":"<ul>\n<li>Fecha: Viernes, 12 de diciembre de 2014<\/li>\n<li>Lugar: Centre Artes\u00e0 Tradicion\u00e0rius-CAT (Barcelona)<\/li>\n<li>Componentes:<br \/>\nCeleste Canta Antonio Mach\u00edn<br \/>\nCeleste Al\u00edas: voz y maracas<br \/>\nSanti Careta: guitarras, loops, banjo y mandolina<br \/>\nDavid Soler: guitarra el\u00e9ctrica, pedal-steel, lap-steel y sampler<br \/>\nOriol Roca: bater\u00eda<br \/>\nTxema Rico: escenograf\u00eda<br \/>\nInvitados:<br \/>\nAlba Careta: trompeta<br \/>\nCarlos Cort\u00e9s: percusi\u00f3n<br \/>\nMariona Castells: percusi\u00f3n corporal<br \/>\nSanti Serratosa: percusi\u00f3n corporal<\/li>\n<\/ul>\n<p style=\"text-align: center;\"><img loading=\"lazy\" decoding=\"async\" class=\"aligncenter size-large wp-image-16151\" src=\"http:\/\/www.tomajazz.com\/web\/wp-content\/uploads\/2014\/12\/01_CCM-u00A9Joan-Cortu00E8s_12des14_CATBcn-399x600.jpg\" alt=\"01_CCM (u00A9Joan Cortu00E8s)_12des14_CATBcn\" width=\"399\" height=\"600\" title=\"\" srcset=\"https:\/\/tomajazz.com\/web\/wp-content\/uploads\/2014\/12\/01_CCM-u00A9Joan-Cortu00E8s_12des14_CATBcn.jpg 399w, https:\/\/tomajazz.com\/web\/wp-content\/uploads\/2014\/12\/01_CCM-u00A9Joan-Cortu00E8s_12des14_CATBcn-100x150.jpg 100w, https:\/\/tomajazz.com\/web\/wp-content\/uploads\/2014\/12\/01_CCM-u00A9Joan-Cortu00E8s_12des14_CATBcn-200x300.jpg 200w, https:\/\/tomajazz.com\/web\/wp-content\/uploads\/2014\/12\/01_CCM-u00A9Joan-Cortu00E8s_12des14_CATBcn-37x55.jpg 37w\" sizes=\"auto, (max-width: 399px) 100vw, 399px\" \/><\/p>\n<p style=\"text-align: center;\"><img loading=\"lazy\" decoding=\"async\" class=\"aligncenter size-large wp-image-16152\" src=\"http:\/\/www.tomajazz.com\/web\/wp-content\/uploads\/2014\/12\/02_CCM-u00A9Joan-Cortu00E8s_12des14_CATBcn-600x399.jpg\" alt=\"02_CCM (u00A9Joan Cortu00E8s)_12des14_CATBcn\" width=\"600\" height=\"399\" title=\"\" srcset=\"https:\/\/tomajazz.com\/web\/wp-content\/uploads\/2014\/12\/02_CCM-u00A9Joan-Cortu00E8s_12des14_CATBcn.jpg 600w, https:\/\/tomajazz.com\/web\/wp-content\/uploads\/2014\/12\/02_CCM-u00A9Joan-Cortu00E8s_12des14_CATBcn-150x100.jpg 150w, https:\/\/tomajazz.com\/web\/wp-content\/uploads\/2014\/12\/02_CCM-u00A9Joan-Cortu00E8s_12des14_CATBcn-200x133.jpg 200w, https:\/\/tomajazz.com\/web\/wp-content\/uploads\/2014\/12\/02_CCM-u00A9Joan-Cortu00E8s_12des14_CATBcn-83x55.jpg 83w, https:\/\/tomajazz.com\/web\/wp-content\/uploads\/2014\/12\/02_CCM-u00A9Joan-Cortu00E8s_12des14_CATBcn-60x40.jpg 60w, https:\/\/tomajazz.com\/web\/wp-content\/uploads\/2014\/12\/02_CCM-u00A9Joan-Cortu00E8s_12des14_CATBcn-120x80.jpg 120w\" sizes=\"auto, (max-width: 600px) 100vw, 600px\" \/><\/p>\n<p style=\"text-align: center;\"><img loading=\"lazy\" decoding=\"async\" class=\"aligncenter size-large wp-image-16153\" src=\"http:\/\/www.tomajazz.com\/web\/wp-content\/uploads\/2014\/12\/03_CCM-u00A9Joan-Cortu00E8s_12des14_CATBcn-600x399.jpg\" alt=\"03_CCM (u00A9Joan Cortu00E8s)_12des14_CATBcn\" width=\"600\" height=\"399\" title=\"\" srcset=\"https:\/\/tomajazz.com\/web\/wp-content\/uploads\/2014\/12\/03_CCM-u00A9Joan-Cortu00E8s_12des14_CATBcn.jpg 600w, https:\/\/tomajazz.com\/web\/wp-content\/uploads\/2014\/12\/03_CCM-u00A9Joan-Cortu00E8s_12des14_CATBcn-150x100.jpg 150w, https:\/\/tomajazz.com\/web\/wp-content\/uploads\/2014\/12\/03_CCM-u00A9Joan-Cortu00E8s_12des14_CATBcn-200x133.jpg 200w, https:\/\/tomajazz.com\/web\/wp-content\/uploads\/2014\/12\/03_CCM-u00A9Joan-Cortu00E8s_12des14_CATBcn-83x55.jpg 83w, https:\/\/tomajazz.com\/web\/wp-content\/uploads\/2014\/12\/03_CCM-u00A9Joan-Cortu00E8s_12des14_CATBcn-60x40.jpg 60w, https:\/\/tomajazz.com\/web\/wp-content\/uploads\/2014\/12\/03_CCM-u00A9Joan-Cortu00E8s_12des14_CATBcn-120x80.jpg 120w\" sizes=\"auto, (max-width: 600px) 100vw, 600px\" \/><\/p>\n<p style=\"text-align: center;\"><img loading=\"lazy\" decoding=\"async\" class=\"aligncenter size-large wp-image-16154\" src=\"http:\/\/www.tomajazz.com\/web\/wp-content\/uploads\/2014\/12\/04_CCM-u00A9Joan-Cortu00E8s_12des14_CATBcn-600x399.jpg\" alt=\"04_CCM (u00A9Joan Cortu00E8s)_12des14_CATBcn\" width=\"600\" height=\"399\" title=\"\" srcset=\"https:\/\/tomajazz.com\/web\/wp-content\/uploads\/2014\/12\/04_CCM-u00A9Joan-Cortu00E8s_12des14_CATBcn.jpg 600w, https:\/\/tomajazz.com\/web\/wp-content\/uploads\/2014\/12\/04_CCM-u00A9Joan-Cortu00E8s_12des14_CATBcn-150x100.jpg 150w, https:\/\/tomajazz.com\/web\/wp-content\/uploads\/2014\/12\/04_CCM-u00A9Joan-Cortu00E8s_12des14_CATBcn-200x133.jpg 200w, https:\/\/tomajazz.com\/web\/wp-content\/uploads\/2014\/12\/04_CCM-u00A9Joan-Cortu00E8s_12des14_CATBcn-83x55.jpg 83w, https:\/\/tomajazz.com\/web\/wp-content\/uploads\/2014\/12\/04_CCM-u00A9Joan-Cortu00E8s_12des14_CATBcn-60x40.jpg 60w, https:\/\/tomajazz.com\/web\/wp-content\/uploads\/2014\/12\/04_CCM-u00A9Joan-Cortu00E8s_12des14_CATBcn-120x80.jpg 120w\" sizes=\"auto, (max-width: 600px) 100vw, 600px\" \/><\/p>\n<p style=\"text-align: center;\"><img loading=\"lazy\" decoding=\"async\" class=\"aligncenter size-large wp-image-16160\" src=\"http:\/\/www.tomajazz.com\/web\/wp-content\/uploads\/2014\/12\/05_CCM-u00A9Joan-Cortu00E8s_12des14_CATBcn-600x399.jpg\" alt=\"05_CCM (u00A9Joan Cortu00E8s)_12des14_CATBcn\" width=\"600\" height=\"399\" title=\"\" srcset=\"https:\/\/tomajazz.com\/web\/wp-content\/uploads\/2014\/12\/05_CCM-u00A9Joan-Cortu00E8s_12des14_CATBcn.jpg 600w, https:\/\/tomajazz.com\/web\/wp-content\/uploads\/2014\/12\/05_CCM-u00A9Joan-Cortu00E8s_12des14_CATBcn-150x100.jpg 150w, https:\/\/tomajazz.com\/web\/wp-content\/uploads\/2014\/12\/05_CCM-u00A9Joan-Cortu00E8s_12des14_CATBcn-200x133.jpg 200w, https:\/\/tomajazz.com\/web\/wp-content\/uploads\/2014\/12\/05_CCM-u00A9Joan-Cortu00E8s_12des14_CATBcn-83x55.jpg 83w, https:\/\/tomajazz.com\/web\/wp-content\/uploads\/2014\/12\/05_CCM-u00A9Joan-Cortu00E8s_12des14_CATBcn-60x40.jpg 60w, https:\/\/tomajazz.com\/web\/wp-content\/uploads\/2014\/12\/05_CCM-u00A9Joan-Cortu00E8s_12des14_CATBcn-120x80.jpg 120w\" sizes=\"auto, (max-width: 600px) 100vw, 600px\" \/><\/p>\n<p style=\"text-align: center;\"><img loading=\"lazy\" decoding=\"async\" class=\"aligncenter size-large wp-image-16159\" src=\"http:\/\/www.tomajazz.com\/web\/wp-content\/uploads\/2014\/12\/06_CCM-u00A9Joan-Cortu00E8s_12des14_CATBcn-600x399.jpg\" alt=\"06_CCM (u00A9Joan Cortu00E8s)_12des14_CATBcn\" width=\"600\" height=\"399\" title=\"\" srcset=\"https:\/\/tomajazz.com\/web\/wp-content\/uploads\/2014\/12\/06_CCM-u00A9Joan-Cortu00E8s_12des14_CATBcn.jpg 600w, https:\/\/tomajazz.com\/web\/wp-content\/uploads\/2014\/12\/06_CCM-u00A9Joan-Cortu00E8s_12des14_CATBcn-150x100.jpg 150w, https:\/\/tomajazz.com\/web\/wp-content\/uploads\/2014\/12\/06_CCM-u00A9Joan-Cortu00E8s_12des14_CATBcn-200x133.jpg 200w, https:\/\/tomajazz.com\/web\/wp-content\/uploads\/2014\/12\/06_CCM-u00A9Joan-Cortu00E8s_12des14_CATBcn-83x55.jpg 83w, https:\/\/tomajazz.com\/web\/wp-content\/uploads\/2014\/12\/06_CCM-u00A9Joan-Cortu00E8s_12des14_CATBcn-60x40.jpg 60w, https:\/\/tomajazz.com\/web\/wp-content\/uploads\/2014\/12\/06_CCM-u00A9Joan-Cortu00E8s_12des14_CATBcn-120x80.jpg 120w\" sizes=\"auto, (max-width: 600px) 100vw, 600px\" \/><\/p>\n<p style=\"text-align: center;\"><img loading=\"lazy\" decoding=\"async\" class=\"aligncenter size-large wp-image-16155\" src=\"http:\/\/www.tomajazz.com\/web\/wp-content\/uploads\/2014\/12\/07_CCM-u00A9Joan-Cortu00E8s_12des14_CATBcn-600x399.jpg\" alt=\"07_CCM (u00A9Joan Cortu00E8s)_12des14_CATBcn\" width=\"600\" height=\"399\" title=\"\" srcset=\"https:\/\/tomajazz.com\/web\/wp-content\/uploads\/2014\/12\/07_CCM-u00A9Joan-Cortu00E8s_12des14_CATBcn.jpg 600w, https:\/\/tomajazz.com\/web\/wp-content\/uploads\/2014\/12\/07_CCM-u00A9Joan-Cortu00E8s_12des14_CATBcn-150x100.jpg 150w, https:\/\/tomajazz.com\/web\/wp-content\/uploads\/2014\/12\/07_CCM-u00A9Joan-Cortu00E8s_12des14_CATBcn-200x133.jpg 200w, https:\/\/tomajazz.com\/web\/wp-content\/uploads\/2014\/12\/07_CCM-u00A9Joan-Cortu00E8s_12des14_CATBcn-83x55.jpg 83w, https:\/\/tomajazz.com\/web\/wp-content\/uploads\/2014\/12\/07_CCM-u00A9Joan-Cortu00E8s_12des14_CATBcn-60x40.jpg 60w, https:\/\/tomajazz.com\/web\/wp-content\/uploads\/2014\/12\/07_CCM-u00A9Joan-Cortu00E8s_12des14_CATBcn-120x80.jpg 120w\" sizes=\"auto, (max-width: 600px) 100vw, 600px\" \/><\/p>\n<p style=\"text-align: center;\"><img loading=\"lazy\" decoding=\"async\" class=\"aligncenter size-large wp-image-16156\" src=\"http:\/\/www.tomajazz.com\/web\/wp-content\/uploads\/2014\/12\/08_CCM-u00A9Joan-Cortu00E8s_12des14_CATBcn-600x399.jpg\" alt=\"08_CCM (u00A9Joan Cortu00E8s)_12des14_CATBcn\" width=\"600\" height=\"399\" title=\"\" srcset=\"https:\/\/tomajazz.com\/web\/wp-content\/uploads\/2014\/12\/08_CCM-u00A9Joan-Cortu00E8s_12des14_CATBcn.jpg 600w, https:\/\/tomajazz.com\/web\/wp-content\/uploads\/2014\/12\/08_CCM-u00A9Joan-Cortu00E8s_12des14_CATBcn-150x100.jpg 150w, https:\/\/tomajazz.com\/web\/wp-content\/uploads\/2014\/12\/08_CCM-u00A9Joan-Cortu00E8s_12des14_CATBcn-200x133.jpg 200w, https:\/\/tomajazz.com\/web\/wp-content\/uploads\/2014\/12\/08_CCM-u00A9Joan-Cortu00E8s_12des14_CATBcn-83x55.jpg 83w, https:\/\/tomajazz.com\/web\/wp-content\/uploads\/2014\/12\/08_CCM-u00A9Joan-Cortu00E8s_12des14_CATBcn-60x40.jpg 60w, https:\/\/tomajazz.com\/web\/wp-content\/uploads\/2014\/12\/08_CCM-u00A9Joan-Cortu00E8s_12des14_CATBcn-120x80.jpg 120w\" sizes=\"auto, (max-width: 600px) 100vw, 600px\" \/><\/p>\n<p style=\"text-align: right;\">\u00a9 Joan Cort\u00e8s, 2014<\/p>\n","protected":false},"excerpt":{"rendered":"<p>Fecha: Viernes, 12 de diciembre de 2014 Lugar: Centre Artes\u00e0 Tradicion\u00e0rius-CAT (Barcelona) Componentes: Celeste Canta Antonio Mach\u00edn Celeste Al\u00edas: voz y maracas Santi Careta: guitarras, loops, banjo y mandolina David Soler: guitarra el\u00e9ctrica, pedal-steel, lap-steel y sampler Oriol Roca: bater\u00eda Txema Rico: escenograf\u00eda Invitados: Alba Careta: trompeta Carlos Cort\u00e9s: percusi\u00f3n<span class=\"more-link\"><a href=\"https:\/\/tomajazz.com\/web\/instantzz-celeste-canta-antonio-machin-centre-artesa-tradicionarius-cat-barcelona-2014-12-12\/\">Contin\u00faa leyendo<\/a><\/span><\/p>\n","protected":false},"author":1,"featured_media":16156,"comment_status":"open","ping_status":"closed","sticky":false,"template":"","format":"standard","meta":{"jetpack_post_was_ever_published":false,"_jetpack_newsletter_access":"","_jetpack_dont_email_post_to_subs":true,"_jetpack_newsletter_tier_id":0,"_jetpack_memberships_contains_paywalled_content":false,"_jetpack_memberships_contains_paid_content":false,"footnotes":""},"categories":[17853,11262,15516,11261,1038],"tags":[11694,11698,1125,10030,4754,11692,11697,4756,12656,15275,11263,13,1041,11695,1045,12657,4755,11696,16099,77,16100,11693],"class_list":["entry","author-pachi","post-16149","post","type-post","status-publish","format-standard","has-post-thumbnail","category-joan-cortes","category-photoblogs","category-imagenes","category-instantzz","category-contenidos","tag-alba-careta","tag-antonio-machin","tag-barcelona","tag-carlos-cortes","tag-celeste-alias","tag-celeste-canta-antonio-machin","tag-centre-artesa-tradicionarius-cat","tag-david-soler","tag-fotoblog","tag-galeria-fotografica","tag-instantzz-2","tag-jazz","tag-joan-cortes","tag-mariona-castells","tag-oriol-roca","tag-photoblog","tag-santi-careta","tag-santi-serratosa","tag-toma-jazz","tag-tomajazz","tag-tomajazz-toma-jazz","tag-txema-rico"],"jetpack_featured_media_url":"https:\/\/tomajazz.com\/web\/wp-content\/uploads\/2014\/12\/08_CCM-u00A9Joan-Cortu00E8s_12des14_CATBcn.jpg","jetpack_likes_enabled":true,"jetpack_sharing_enabled":true,"jetpack-related-posts":[{"id":65000,"url":"https:\/\/tomajazz.com\/web\/celeste-canta-chavela-festival-dona-veu-teatre-la-societat-macanet-de-la-selva-barcelona-2022-06-04-por-joan-cortes-instantzz-aka-galeria-fotografica-aka-fotoblog-de-jazz-impro-y-al\/","url_meta":{"origin":16149,"position":0},"title":"Celeste canta Chavela (Festival Dona Veu \/ Teatre La Societat, Ma\u00e7anet de la Selva -Barcelona-. 2022-06-04) Por Joan Cort\u00e8s [INSTANTZZ AKA Galer\u00eda fotogr\u00e1fica AKA Fotoblog de jazz, impro\u2026 y algo m\u00e1s]","author":"Tomajazz","date":"2 agosto, 2022","format":false,"excerpt":"En INSTANTZZ una galer\u00eda fotogr\u00e1fica del proyecto Celeste canta Chavela (Festival Dona Veu \/ Teatre La Societat, Ma\u00e7anet de la Selva, Barcelona), con Celeste Al\u00edas, Santi Careta y Oriol Roca. Joan Cort\u00e8s es el autor de las im\u00e1genes.","rel":"","context":"En \u00abINSTANTZZ\u00bb","block_context":{"text":"INSTANTZZ","link":"https:\/\/tomajazz.com\/web\/category\/contenidos\/imagenes\/photoblogs\/instantzz\/"},"img":{"alt_text":"Celeste canta Chavela (Festival Dona Veu \/ Teatre La Societat, Ma\u00e7anet de la Selva -Barcelona-. 2022-06-04) Por Joan Cort\u00e8s [INSTANTZZ AKA Galer\u00eda fotogr\u00e1fica AKA Fotoblog de jazz, impro\u2026 y algo m\u00e1s]","src":"https:\/\/i0.wp.com\/tomajazz.com\/web\/wp-content\/uploads\/2022\/08\/06_Clst-ls-cnt-Chvl-%C2%A9Joan-Cortes_04jny22_Fstvl-Dn-V_TlS_MdlS.jpg?resize=350%2C200&ssl=1","width":350,"height":200,"srcset":"https:\/\/i0.wp.com\/tomajazz.com\/web\/wp-content\/uploads\/2022\/08\/06_Clst-ls-cnt-Chvl-%C2%A9Joan-Cortes_04jny22_Fstvl-Dn-V_TlS_MdlS.jpg?resize=350%2C200&ssl=1 1x, https:\/\/i0.wp.com\/tomajazz.com\/web\/wp-content\/uploads\/2022\/08\/06_Clst-ls-cnt-Chvl-%C2%A9Joan-Cortes_04jny22_Fstvl-Dn-V_TlS_MdlS.jpg?resize=525%2C300&ssl=1 1.5x"},"classes":[]},{"id":3185,"url":"https:\/\/tomajazz.com\/web\/jazz-machin-circol-malda-barcelona-16-i-2013\/","url_meta":{"origin":16149,"position":1},"title":"Jazz Mach\u00edn (C\u00edrcol Mald\u00e1, Barcelona, 16-I-2013)","author":"Tomajazz","date":"22 enero, 2013","format":false,"excerpt":"Fecha: Mi\u00e9rcoles, 16 de enero de 2013 Lugar: C\u00edrcol Mald\u00e0 \/ Barcelona Componentes: Celeste Al\u00edas: voz y maracas Santi Careta: guitarra el\u00e9ctrica, \u201cloops\u201d, banjo y mandolina David Soler: \u201cpedal-steel\u201d y guitarra el\u00e9ctrica Oriol Roca: bater\u00eda Comentario: La promiscuidad de las nuevas, y no tan nuevas, generaciones de m\u00fasicos de la\u2026","rel":"","context":"En \u00ab*_Joan Cort\u00e8s\u00bb","block_context":{"text":"*_Joan Cort\u00e8s","link":"https:\/\/tomajazz.com\/web\/category\/joan-cortes\/"},"img":{"alt_text":"","src":"https:\/\/i0.wp.com\/tomajazz.com\/web\/wp-content\/uploads\/2013\/01\/03_JAZZ-MACH%C3%8DN_16gen13_J_C%C3%ADrcol-Mald%C3%A0_Bcn.jpg?resize=350%2C200&ssl=1","width":350,"height":200,"srcset":"https:\/\/i0.wp.com\/tomajazz.com\/web\/wp-content\/uploads\/2013\/01\/03_JAZZ-MACH%C3%8DN_16gen13_J_C%C3%ADrcol-Mald%C3%A0_Bcn.jpg?resize=350%2C200&ssl=1 1x, https:\/\/i0.wp.com\/tomajazz.com\/web\/wp-content\/uploads\/2013\/01\/03_JAZZ-MACH%C3%8DN_16gen13_J_C%C3%ADrcol-Mald%C3%A0_Bcn.jpg?resize=525%2C300&ssl=1 1.5x"},"classes":[]},{"id":104847,"url":"https:\/\/tomajazz.com\/web\/alba-careta-group-panical-jazz-granollers-2026\/","url_meta":{"origin":16149,"position":2},"title":"Alba Careta Group \u201cPanical\u201d (36\u00e8 Jazz Granollers Festival \/ Casino, 2026-02-27 \/ Granollers -Barcelona-) [II] Por Joan Cort\u00e8s [INSTANTZZ AKA Galer\u00eda fotogr\u00e1fica AKA Fotoblog de jazz, impro\u2026 y algo m\u00e1s]","author":"Tomajazz","date":"12 abril, 2026","format":false,"excerpt":"Alba Careta Group \u201cPanical\u201d actu\u00f3 en el 36\u00e8 Jazz Granollers Festival, el 27 de febrero de 2026. Joan Cort\u00e8s lo retrata en INSTANTZZ. Alba Careta Group \u201cPanical\u201d son Alba Careta, Lucas Mart\u00ednez, Roger Santacana, Giuseppe Campisi, Jordi Pallar\u00e9s","rel":"","context":"En \u00ab36 Jazz Granollers Festival 2026\u00bb","block_context":{"text":"36 Jazz Granollers Festival 2026","link":"https:\/\/tomajazz.com\/web\/category\/contenidos\/especial-contenidos\/36-jazz-granollers-festival-2026\/"},"img":{"alt_text":"Alba Careta Group \u201cPanical\u201d (36\u00e8 Jazz Granollers Festival \/ Casino, 2026-02-27 \/ Granollers -Barcelona-) [II] Por Joan Cort\u00e8s [INSTANTZZ AKA Galer\u00eda fotogr\u00e1fica AKA Fotoblog de jazz, impro\u2026 y algo m\u00e1s] - Tomajazz - Alba Careta Group \u201cPanical\u201d actu\u00f3 en el 36\u00e8 Jazz Granollers Festival, el 27 de febrero de 2026. Joan Cort\u00e8s lo retrata en INSTANTZZ. Alba Careta Group \u201cPanical\u201d son Alba Careta, Lucas Mart\u00ednez, Roger Santacana, Giuseppe Campisi, Jordi Pallar\u00e9s\n","src":"https:\/\/i0.wp.com\/tomajazz.com\/web\/wp-content\/uploads\/2026\/04\/destacada-03-lb-Crt-Grp-Photo-by-Joan-Cortes-27fbr26-36JGF-CG-CR-Grnllrs.jpg?resize=350%2C200&ssl=1","width":350,"height":200,"srcset":"https:\/\/i0.wp.com\/tomajazz.com\/web\/wp-content\/uploads\/2026\/04\/destacada-03-lb-Crt-Grp-Photo-by-Joan-Cortes-27fbr26-36JGF-CG-CR-Grnllrs.jpg?resize=350%2C200&ssl=1 1x, https:\/\/i0.wp.com\/tomajazz.com\/web\/wp-content\/uploads\/2026\/04\/destacada-03-lb-Crt-Grp-Photo-by-Joan-Cortes-27fbr26-36JGF-CG-CR-Grnllrs.jpg?resize=525%2C300&ssl=1 1.5x"},"classes":[]},{"id":104323,"url":"https:\/\/tomajazz.com\/web\/veus-lliures-relat-barcelona-2026\/","url_meta":{"origin":16149,"position":3},"title":"Veus Lliures \u201cRelat\u201d (Cicle Guitarres \/ Museu de la M\u00fasica, 2026-01-15 \/ Barcelona) Por Joan Cort\u00e8s [INSTANTZZ AKA Galer\u00eda fotogr\u00e1fica AKA Fotoblog de jazz, impro\u2026 y algo m\u00e1s]","author":"Tomajazz","date":"7 marzo, 2026","format":false,"excerpt":"Veus Lliures \u201cRelat\u201d actu\u00f3 en el Cicle Guitarres del Museu de la M\u00fasica de Barcelona, el 15 de enero de 2026. Joan Cort\u00e8s lo retrata en INSTANTZZ","rel":"","context":"En \u00ab*_Joan Cort\u00e8s\u00bb","block_context":{"text":"*_Joan Cort\u00e8s","link":"https:\/\/tomajazz.com\/web\/category\/joan-cortes\/"},"img":{"alt_text":"Veus Lliures \u201cRelat\u201d (Cicle Guitarres \/ Museu de la M\u00fasica, 2026-01-15 \/ Barcelona) Por Joan Cort\u00e8s [INSTANTZZ AKA Galer\u00eda fotogr\u00e1fica AKA Fotoblog de jazz, impro\u2026 y algo m\u00e1s] - Tomajazz - Veus Lliures \u201cRelat\u201d actu\u00f3 en el Cicle Guitarres del Museu de la M\u00fasica de Barcelona, el 15 de enero de 2026. Joan Cort\u00e8s lo retrata en INSTANTZZ","src":"https:\/\/i0.wp.com\/tomajazz.com\/web\/wp-content\/uploads\/2026\/03\/destacada-04-Vs-Llrs-Photo-By-Joan-Cortes-22gnr26-s-d-l-Msc-Bcn.jpg?resize=350%2C200&ssl=1","width":350,"height":200,"srcset":"https:\/\/i0.wp.com\/tomajazz.com\/web\/wp-content\/uploads\/2026\/03\/destacada-04-Vs-Llrs-Photo-By-Joan-Cortes-22gnr26-s-d-l-Msc-Bcn.jpg?resize=350%2C200&ssl=1 1x, https:\/\/i0.wp.com\/tomajazz.com\/web\/wp-content\/uploads\/2026\/03\/destacada-04-Vs-Llrs-Photo-By-Joan-Cortes-22gnr26-s-d-l-Msc-Bcn.jpg?resize=525%2C300&ssl=1 1.5x"},"classes":[]},{"id":104766,"url":"https:\/\/tomajazz.com\/web\/invierno-femenino-2025-26-i\/","url_meta":{"origin":16149,"position":4},"title":"Invierno Femenino 2025-26 [I] Por Joan Cort\u00e8s [INSTANTZZ AKA Galer\u00eda fotogr\u00e1fica AKA Fotoblog de jazz, impro\u2026 y algo m\u00e1s]","author":"Tomajazz","date":"7 abril, 2026","format":false,"excerpt":"Un cl\u00e1sico de Joan Cort\u00e9s en Tomajazz son sus especiales Invierno Femenino, de 2025-26 en esta ocasi\u00f3n. Con Mayte Mart\u00edn, Jordina Mill\u00e0, Maria del Mar Bonet, Laia Puig, Agn\u00e8s Balfeg\u00f3-Celeste Al\u00edas-Neus Calaf, Veus Lliures, N\u00faria Andorr\u00e0, Natsuko Sugao, Ester Quevedo, Anna Ferrer, Luc\u00eda la Bronce","rel":"","context":"En \u00abInvierno Femenino 2025-26\u00bb","block_context":{"text":"Invierno Femenino 2025-26","link":"https:\/\/tomajazz.com\/web\/category\/contenidos\/especial-contenidos\/invierno-femenino-2025-26\/"},"img":{"alt_text":"INSTANTZZ: Invierno Femenino 2025-26 (I) Por Joan Cort\u00e8s [INSTANTZZ AKA Galer\u00eda fotogr\u00e1fica AKA Fotoblog de jazz, impro\u2026 y algo m\u00e1s] - Tomajazz - Un cl\u00e1sico de Joan Cort\u00e9s en Tomajazz son sus especiales Invierno Femenino, de 2025-26 en esta ocasi\u00f3n. Con Mayte Mart\u00edn, Jordina Mill\u00e0, Maria del Mar Bonet, Laia Puig, Agn\u00e8s Balfeg\u00f3-Celeste Al\u00edas-Neus Calaf, Veus Lliures, N\u00faria Andorr\u00e0, Natsuko Sugao, Ester Quevedo, Anna Ferrer, Luc\u00eda la Bronce","src":"https:\/\/i0.wp.com\/tomajazz.com\/web\/wp-content\/uploads\/2026\/04\/destacada-08-Ntsk-Sg-NS-BB-Photo-By-Joan-Cortes-24gnr26-Jmbr-3-Bcn.jpg?resize=350%2C200&ssl=1","width":350,"height":200,"srcset":"https:\/\/i0.wp.com\/tomajazz.com\/web\/wp-content\/uploads\/2026\/04\/destacada-08-Ntsk-Sg-NS-BB-Photo-By-Joan-Cortes-24gnr26-Jmbr-3-Bcn.jpg?resize=350%2C200&ssl=1 1x, https:\/\/i0.wp.com\/tomajazz.com\/web\/wp-content\/uploads\/2026\/04\/destacada-08-Ntsk-Sg-NS-BB-Photo-By-Joan-Cortes-24gnr26-Jmbr-3-Bcn.jpg?resize=525%2C300&ssl=1 1.5x"},"classes":[]},{"id":21983,"url":"https:\/\/tomajazz.com\/web\/instantzz-celeste-alias-tot-sembla-tan-senzill-homenatge-a-monserrat-abello-cafe-del-liceu-47e-voll-damm-festival-internacional-de-jazz-de-barcelona-barcelona-2015-11-14\/","url_meta":{"origin":16149,"position":5},"title":"INSTANTZZ: Celeste Al\u00edas \u201cTot sembla tan senzill (Homenatge a Monserrat Abell\u00f3)\u201d (Caf\u00e8 del Liceu, 47\u00e8 Voll-Damm Festival Internacional de Jazz de Barcelona, Barcelona. 2015-11-14)","author":"Tomajazz","date":"21 enero, 2016","format":"image","excerpt":"Fecha: S\u00e1bado, 14 de noviembre de 2015 Lugar: Caf\u00e9 del Liceu (Barcelona) Componentes: Celeste Al\u00edas, voz Laia Noguera, rapsoda Santi Careta, guitarra David Mengual, contrabajo Oriol Roca, bater\u00eda \u00a9 Joan Cort\u00e8s, 2016","rel":"","context":"En \u00ab*_Joan Cort\u00e8s\u00bb","block_context":{"text":"*_Joan Cort\u00e8s","link":"https:\/\/tomajazz.com\/web\/category\/joan-cortes\/"},"img":{"alt_text":"","src":"https:\/\/i0.wp.com\/tomajazz.com\/web\/wp-content\/uploads\/2016\/01\/03_Clst-ls-Hmntg-Mntsrrt-bll-%C2%A9Joan-Cort%C3%A8s_14nov15_Cf-Lc_47FIJB_Bcn.jpg?resize=350%2C200&ssl=1","width":350,"height":200,"srcset":"https:\/\/i0.wp.com\/tomajazz.com\/web\/wp-content\/uploads\/2016\/01\/03_Clst-ls-Hmntg-Mntsrrt-bll-%C2%A9Joan-Cort%C3%A8s_14nov15_Cf-Lc_47FIJB_Bcn.jpg?resize=350%2C200&ssl=1 1x, https:\/\/i0.wp.com\/tomajazz.com\/web\/wp-content\/uploads\/2016\/01\/03_Clst-ls-Hmntg-Mntsrrt-bll-%C2%A9Joan-Cort%C3%A8s_14nov15_Cf-Lc_47FIJB_Bcn.jpg?resize=525%2C300&ssl=1 1.5x"},"classes":[]}],"_links":{"self":[{"href":"https:\/\/tomajazz.com\/web\/wp-json\/wp\/v2\/posts\/16149","targetHints":{"allow":["GET"]}}],"collection":[{"href":"https:\/\/tomajazz.com\/web\/wp-json\/wp\/v2\/posts"}],"about":[{"href":"https:\/\/tomajazz.com\/web\/wp-json\/wp\/v2\/types\/post"}],"author":[{"embeddable":true,"href":"https:\/\/tomajazz.com\/web\/wp-json\/wp\/v2\/users\/1"}],"replies":[{"embeddable":true,"href":"https:\/\/tomajazz.com\/web\/wp-json\/wp\/v2\/comments?post=16149"}],"version-history":[{"count":1,"href":"https:\/\/tomajazz.com\/web\/wp-json\/wp\/v2\/posts\/16149\/revisions"}],"predecessor-version":[{"id":16161,"href":"https:\/\/tomajazz.com\/web\/wp-json\/wp\/v2\/posts\/16149\/revisions\/16161"}],"wp:featuredmedia":[{"embeddable":true,"href":"https:\/\/tomajazz.com\/web\/wp-json\/wp\/v2\/media\/16156"}],"wp:attachment":[{"href":"https:\/\/tomajazz.com\/web\/wp-json\/wp\/v2\/media?parent=16149"}],"wp:term":[{"taxonomy":"category","embeddable":true,"href":"https:\/\/tomajazz.com\/web\/wp-json\/wp\/v2\/categories?post=16149"},{"taxonomy":"post_tag","embeddable":true,"href":"https:\/\/tomajazz.com\/web\/wp-json\/wp\/v2\/tags?post=16149"}],"curies":[{"name":"wp","href":"https:\/\/api.w.org\/{rel}","templated":true}]}}