{"id":16381,"date":"2015-01-15T18:25:42","date_gmt":"2015-01-15T17:25:42","guid":{"rendered":"http:\/\/www.tomajazz.com\/web\/?p=16381"},"modified":"2016-11-13T16:32:20","modified_gmt":"2016-11-13T15:32:20","slug":"instantzz-dena-derose-trio-casino-club-de-ritme-granollers-barcelona-2014-12-19","status":"publish","type":"post","link":"https:\/\/tomajazz.com\/web\/instantzz-dena-derose-trio-casino-club-de-ritme-granollers-barcelona-2014-12-19\/","title":{"rendered":"INSTANTZZ: Dena DeRose Trio (Casino Club de Ritme, Granollers, Barcelona. 2014-12-19)"},"content":{"rendered":"<p>41\u00e8 Cicle de Jazz al Casino<\/p>\n<p>Dena Derose Trio<\/p>\n<ul>\n<li>Fecha: Viernes, 19 de diciembre de 2014<\/li>\n<li>Lugar: Casino Club de Ritme (Granollers)<\/li>\n<li>Componentes:<br \/>\nDena DeRose Trio<br \/>\nDena DeRose, piano<br \/>\nIgnasi Gonz\u00e1lez, contrabajo<br \/>\nJo Krause, bater\u00eda<\/li>\n<\/ul>\n<p style=\"text-align: center;\"><img loading=\"lazy\" decoding=\"async\" class=\"aligncenter size-large wp-image-16382\" src=\"http:\/\/www.tomajazz.com\/web\/wp-content\/uploads\/2015\/01\/01_DDRt-u00A9Joan-Cortu00E8s_19des14_41CJCCR_Granollers-600x393.jpg\" alt=\"01_DDRt (u00A9Joan Cortu00E8s)_19des14_41CJCCR_Granollers\" width=\"600\" height=\"393\" title=\"\" srcset=\"https:\/\/tomajazz.com\/web\/wp-content\/uploads\/2015\/01\/01_DDRt-u00A9Joan-Cortu00E8s_19des14_41CJCCR_Granollers.jpg 600w, https:\/\/tomajazz.com\/web\/wp-content\/uploads\/2015\/01\/01_DDRt-u00A9Joan-Cortu00E8s_19des14_41CJCCR_Granollers-150x98.jpg 150w, https:\/\/tomajazz.com\/web\/wp-content\/uploads\/2015\/01\/01_DDRt-u00A9Joan-Cortu00E8s_19des14_41CJCCR_Granollers-200x131.jpg 200w, https:\/\/tomajazz.com\/web\/wp-content\/uploads\/2015\/01\/01_DDRt-u00A9Joan-Cortu00E8s_19des14_41CJCCR_Granollers-84x55.jpg 84w, https:\/\/tomajazz.com\/web\/wp-content\/uploads\/2015\/01\/01_DDRt-u00A9Joan-Cortu00E8s_19des14_41CJCCR_Granollers-60x40.jpg 60w, https:\/\/tomajazz.com\/web\/wp-content\/uploads\/2015\/01\/01_DDRt-u00A9Joan-Cortu00E8s_19des14_41CJCCR_Granollers-120x80.jpg 120w\" sizes=\"auto, (max-width: 600px) 100vw, 600px\" \/><\/p>\n<p style=\"text-align: center;\"><img loading=\"lazy\" decoding=\"async\" class=\"aligncenter size-large wp-image-16383\" src=\"http:\/\/www.tomajazz.com\/web\/wp-content\/uploads\/2015\/01\/02_DDRt-u00A9Joan-Cortu00E8s_19des14_41CJCCR_Granollers-600x399.jpg\" alt=\"02_DDRt (u00A9Joan Cortu00E8s)_19des14_41CJCCR_Granollers\" width=\"600\" height=\"399\" title=\"\" srcset=\"https:\/\/tomajazz.com\/web\/wp-content\/uploads\/2015\/01\/02_DDRt-u00A9Joan-Cortu00E8s_19des14_41CJCCR_Granollers.jpg 600w, https:\/\/tomajazz.com\/web\/wp-content\/uploads\/2015\/01\/02_DDRt-u00A9Joan-Cortu00E8s_19des14_41CJCCR_Granollers-150x100.jpg 150w, https:\/\/tomajazz.com\/web\/wp-content\/uploads\/2015\/01\/02_DDRt-u00A9Joan-Cortu00E8s_19des14_41CJCCR_Granollers-200x133.jpg 200w, https:\/\/tomajazz.com\/web\/wp-content\/uploads\/2015\/01\/02_DDRt-u00A9Joan-Cortu00E8s_19des14_41CJCCR_Granollers-83x55.jpg 83w, https:\/\/tomajazz.com\/web\/wp-content\/uploads\/2015\/01\/02_DDRt-u00A9Joan-Cortu00E8s_19des14_41CJCCR_Granollers-60x40.jpg 60w, https:\/\/tomajazz.com\/web\/wp-content\/uploads\/2015\/01\/02_DDRt-u00A9Joan-Cortu00E8s_19des14_41CJCCR_Granollers-120x80.jpg 120w\" sizes=\"auto, (max-width: 600px) 100vw, 600px\" \/><\/p>\n<p style=\"text-align: center;\"><img loading=\"lazy\" decoding=\"async\" class=\"aligncenter size-large wp-image-16384\" src=\"http:\/\/www.tomajazz.com\/web\/wp-content\/uploads\/2015\/01\/03_DDRt-u00A9Joan-Cortu00E8s_19des14_41CJCCR_Granollers-600x399.jpg\" alt=\"03_DDRt (u00A9Joan Cortu00E8s)_19des14_41CJCCR_Granollers\" width=\"600\" height=\"399\" title=\"\" srcset=\"https:\/\/tomajazz.com\/web\/wp-content\/uploads\/2015\/01\/03_DDRt-u00A9Joan-Cortu00E8s_19des14_41CJCCR_Granollers.jpg 600w, https:\/\/tomajazz.com\/web\/wp-content\/uploads\/2015\/01\/03_DDRt-u00A9Joan-Cortu00E8s_19des14_41CJCCR_Granollers-150x100.jpg 150w, https:\/\/tomajazz.com\/web\/wp-content\/uploads\/2015\/01\/03_DDRt-u00A9Joan-Cortu00E8s_19des14_41CJCCR_Granollers-200x133.jpg 200w, https:\/\/tomajazz.com\/web\/wp-content\/uploads\/2015\/01\/03_DDRt-u00A9Joan-Cortu00E8s_19des14_41CJCCR_Granollers-83x55.jpg 83w, https:\/\/tomajazz.com\/web\/wp-content\/uploads\/2015\/01\/03_DDRt-u00A9Joan-Cortu00E8s_19des14_41CJCCR_Granollers-60x40.jpg 60w, https:\/\/tomajazz.com\/web\/wp-content\/uploads\/2015\/01\/03_DDRt-u00A9Joan-Cortu00E8s_19des14_41CJCCR_Granollers-120x80.jpg 120w\" sizes=\"auto, (max-width: 600px) 100vw, 600px\" \/><\/p>\n<p style=\"text-align: center;\"><img loading=\"lazy\" decoding=\"async\" class=\"aligncenter size-large wp-image-16385\" src=\"http:\/\/www.tomajazz.com\/web\/wp-content\/uploads\/2015\/01\/04_DDRt-u00A9Joan-Cortu00E8s_19des14_41CJCCR_Granollers-600x399.jpg\" alt=\"04_DDRt (u00A9Joan Cortu00E8s)_19des14_41CJCCR_Granollers\" width=\"600\" height=\"399\" title=\"\" srcset=\"https:\/\/tomajazz.com\/web\/wp-content\/uploads\/2015\/01\/04_DDRt-u00A9Joan-Cortu00E8s_19des14_41CJCCR_Granollers.jpg 600w, https:\/\/tomajazz.com\/web\/wp-content\/uploads\/2015\/01\/04_DDRt-u00A9Joan-Cortu00E8s_19des14_41CJCCR_Granollers-150x100.jpg 150w, https:\/\/tomajazz.com\/web\/wp-content\/uploads\/2015\/01\/04_DDRt-u00A9Joan-Cortu00E8s_19des14_41CJCCR_Granollers-200x133.jpg 200w, https:\/\/tomajazz.com\/web\/wp-content\/uploads\/2015\/01\/04_DDRt-u00A9Joan-Cortu00E8s_19des14_41CJCCR_Granollers-83x55.jpg 83w, https:\/\/tomajazz.com\/web\/wp-content\/uploads\/2015\/01\/04_DDRt-u00A9Joan-Cortu00E8s_19des14_41CJCCR_Granollers-60x40.jpg 60w, https:\/\/tomajazz.com\/web\/wp-content\/uploads\/2015\/01\/04_DDRt-u00A9Joan-Cortu00E8s_19des14_41CJCCR_Granollers-120x80.jpg 120w\" sizes=\"auto, (max-width: 600px) 100vw, 600px\" \/><\/p>\n<p style=\"text-align: center;\"><img loading=\"lazy\" decoding=\"async\" class=\"aligncenter size-large wp-image-16386\" src=\"http:\/\/www.tomajazz.com\/web\/wp-content\/uploads\/2015\/01\/05_DDRt-u00A9Joan-Cortu00E8s_19des14_41CJCCR_Granollers-600x399.jpg\" alt=\"05_DDRt (u00A9Joan Cortu00E8s)_19des14_41CJCCR_Granollers\" width=\"600\" height=\"399\" title=\"\" srcset=\"https:\/\/tomajazz.com\/web\/wp-content\/uploads\/2015\/01\/05_DDRt-u00A9Joan-Cortu00E8s_19des14_41CJCCR_Granollers.jpg 600w, https:\/\/tomajazz.com\/web\/wp-content\/uploads\/2015\/01\/05_DDRt-u00A9Joan-Cortu00E8s_19des14_41CJCCR_Granollers-150x100.jpg 150w, https:\/\/tomajazz.com\/web\/wp-content\/uploads\/2015\/01\/05_DDRt-u00A9Joan-Cortu00E8s_19des14_41CJCCR_Granollers-200x133.jpg 200w, https:\/\/tomajazz.com\/web\/wp-content\/uploads\/2015\/01\/05_DDRt-u00A9Joan-Cortu00E8s_19des14_41CJCCR_Granollers-83x55.jpg 83w, https:\/\/tomajazz.com\/web\/wp-content\/uploads\/2015\/01\/05_DDRt-u00A9Joan-Cortu00E8s_19des14_41CJCCR_Granollers-60x40.jpg 60w, https:\/\/tomajazz.com\/web\/wp-content\/uploads\/2015\/01\/05_DDRt-u00A9Joan-Cortu00E8s_19des14_41CJCCR_Granollers-120x80.jpg 120w\" sizes=\"auto, (max-width: 600px) 100vw, 600px\" \/><\/p>\n<p style=\"text-align: center;\"><img loading=\"lazy\" decoding=\"async\" class=\"aligncenter size-large wp-image-16387\" src=\"http:\/\/www.tomajazz.com\/web\/wp-content\/uploads\/2015\/01\/06_DDRt-u00A9Joan-Cortu00E8s_19des14_41CJCCR_Granollers-600x399.jpg\" alt=\"06_DDRt (u00A9Joan Cortu00E8s)_19des14_41CJCCR_Granollers\" width=\"600\" height=\"399\" title=\"\" srcset=\"https:\/\/tomajazz.com\/web\/wp-content\/uploads\/2015\/01\/06_DDRt-u00A9Joan-Cortu00E8s_19des14_41CJCCR_Granollers.jpg 600w, https:\/\/tomajazz.com\/web\/wp-content\/uploads\/2015\/01\/06_DDRt-u00A9Joan-Cortu00E8s_19des14_41CJCCR_Granollers-150x100.jpg 150w, https:\/\/tomajazz.com\/web\/wp-content\/uploads\/2015\/01\/06_DDRt-u00A9Joan-Cortu00E8s_19des14_41CJCCR_Granollers-200x133.jpg 200w, https:\/\/tomajazz.com\/web\/wp-content\/uploads\/2015\/01\/06_DDRt-u00A9Joan-Cortu00E8s_19des14_41CJCCR_Granollers-83x55.jpg 83w, https:\/\/tomajazz.com\/web\/wp-content\/uploads\/2015\/01\/06_DDRt-u00A9Joan-Cortu00E8s_19des14_41CJCCR_Granollers-60x40.jpg 60w, https:\/\/tomajazz.com\/web\/wp-content\/uploads\/2015\/01\/06_DDRt-u00A9Joan-Cortu00E8s_19des14_41CJCCR_Granollers-120x80.jpg 120w\" sizes=\"auto, (max-width: 600px) 100vw, 600px\" \/><\/p>\n<p style=\"text-align: center;\"><img loading=\"lazy\" decoding=\"async\" class=\"aligncenter size-large wp-image-16388\" src=\"http:\/\/www.tomajazz.com\/web\/wp-content\/uploads\/2015\/01\/07_DDRt-u00A9Joan-Cortu00E8s_19des14_41CJCCR_Granollers-600x399.jpg\" alt=\"07_DDRt (u00A9Joan Cortu00E8s)_19des14_41CJCCR_Granollers\" width=\"600\" height=\"399\" title=\"\" srcset=\"https:\/\/tomajazz.com\/web\/wp-content\/uploads\/2015\/01\/07_DDRt-u00A9Joan-Cortu00E8s_19des14_41CJCCR_Granollers.jpg 600w, https:\/\/tomajazz.com\/web\/wp-content\/uploads\/2015\/01\/07_DDRt-u00A9Joan-Cortu00E8s_19des14_41CJCCR_Granollers-150x100.jpg 150w, https:\/\/tomajazz.com\/web\/wp-content\/uploads\/2015\/01\/07_DDRt-u00A9Joan-Cortu00E8s_19des14_41CJCCR_Granollers-200x133.jpg 200w, https:\/\/tomajazz.com\/web\/wp-content\/uploads\/2015\/01\/07_DDRt-u00A9Joan-Cortu00E8s_19des14_41CJCCR_Granollers-83x55.jpg 83w, https:\/\/tomajazz.com\/web\/wp-content\/uploads\/2015\/01\/07_DDRt-u00A9Joan-Cortu00E8s_19des14_41CJCCR_Granollers-60x40.jpg 60w, https:\/\/tomajazz.com\/web\/wp-content\/uploads\/2015\/01\/07_DDRt-u00A9Joan-Cortu00E8s_19des14_41CJCCR_Granollers-120x80.jpg 120w\" sizes=\"auto, (max-width: 600px) 100vw, 600px\" \/><\/p>\n<p style=\"text-align: center;\"><img loading=\"lazy\" decoding=\"async\" class=\"aligncenter size-large wp-image-16389\" src=\"http:\/\/www.tomajazz.com\/web\/wp-content\/uploads\/2015\/01\/08_DDRt-u00A9Joan-Cortu00E8s_19des14_41CJCCR_Granollers-600x399.jpg\" alt=\"08_DDRt (u00A9Joan Cortu00E8s)_19des14_41CJCCR_Granollers\" width=\"600\" height=\"399\" title=\"\" srcset=\"https:\/\/tomajazz.com\/web\/wp-content\/uploads\/2015\/01\/08_DDRt-u00A9Joan-Cortu00E8s_19des14_41CJCCR_Granollers.jpg 600w, https:\/\/tomajazz.com\/web\/wp-content\/uploads\/2015\/01\/08_DDRt-u00A9Joan-Cortu00E8s_19des14_41CJCCR_Granollers-150x100.jpg 150w, https:\/\/tomajazz.com\/web\/wp-content\/uploads\/2015\/01\/08_DDRt-u00A9Joan-Cortu00E8s_19des14_41CJCCR_Granollers-200x133.jpg 200w, https:\/\/tomajazz.com\/web\/wp-content\/uploads\/2015\/01\/08_DDRt-u00A9Joan-Cortu00E8s_19des14_41CJCCR_Granollers-83x55.jpg 83w, https:\/\/tomajazz.com\/web\/wp-content\/uploads\/2015\/01\/08_DDRt-u00A9Joan-Cortu00E8s_19des14_41CJCCR_Granollers-60x40.jpg 60w, https:\/\/tomajazz.com\/web\/wp-content\/uploads\/2015\/01\/08_DDRt-u00A9Joan-Cortu00E8s_19des14_41CJCCR_Granollers-120x80.jpg 120w\" sizes=\"auto, (max-width: 600px) 100vw, 600px\" \/><\/p>\n<p style=\"text-align: right;\">\u00a9 Joan Cort\u00e8s, 2015<\/p>\n","protected":false},"excerpt":{"rendered":"<p>41\u00e8 Cicle de Jazz al Casino Dena Derose Trio Fecha: Viernes, 19 de diciembre de 2014 Lugar: Casino Club de Ritme (Granollers) Componentes: Dena DeRose Trio Dena DeRose, piano Ignasi Gonz\u00e1lez, contrabajo Jo Krause, bater\u00eda \u00a9 Joan Cort\u00e8s, 2015<span class=\"more-link\"><a href=\"https:\/\/tomajazz.com\/web\/instantzz-dena-derose-trio-casino-club-de-ritme-granollers-barcelona-2014-12-19\/\">Contin\u00faa leyendo<\/a><\/span><\/p>\n","protected":false},"author":1,"featured_media":16383,"comment_status":"open","ping_status":"closed","sticky":false,"template":"","format":"standard","meta":{"jetpack_post_was_ever_published":false,"_jetpack_newsletter_access":"","_jetpack_dont_email_post_to_subs":true,"_jetpack_newsletter_tier_id":0,"_jetpack_memberships_contains_paywalled_content":false,"_jetpack_memberships_contains_paid_content":false,"footnotes":""},"categories":[17853,11262,15516,11261,1038],"tags":[11793,1125,11792,7879,11791,12656,15275,1164,7179,11263,13,6189,1041,12657,16099,77,16100],"class_list":["entry","author-pachi","post-16381","post","type-post","status-publish","format-standard","has-post-thumbnail","category-joan-cortes","category-photoblogs","category-imagenes","category-instantzz","category-contenidos","tag-41e-cicle-de-jazz-al-casino","tag-barcelona","tag-casino-club-de-ritme","tag-dena-derose","tag-dena-derose-trio","tag-fotoblog","tag-galeria-fotografica","tag-granollers","tag-ignasi-gonzalez","tag-instantzz-2","tag-jazz","tag-jo-krause","tag-joan-cortes","tag-photoblog","tag-toma-jazz","tag-tomajazz","tag-tomajazz-toma-jazz"],"jetpack_featured_media_url":"https:\/\/tomajazz.com\/web\/wp-content\/uploads\/2015\/01\/02_DDRt-u00A9Joan-Cortu00E8s_19des14_41CJCCR_Granollers.jpg","jetpack_likes_enabled":true,"jetpack_sharing_enabled":true,"jetpack-related-posts":[{"id":105012,"url":"https:\/\/tomajazz.com\/web\/lage-lund-trio-granollers-2026\/","url_meta":{"origin":16381,"position":0},"title":"Lage Lund Trio (36\u00e8 Jazz Granollers Festival \/ Casino, 2026-03-13 \/ Granollers -Barcelona-) [y III] Por Joan Cort\u00e8s [INSTANTZZ AKA Galer\u00eda fotogr\u00e1fica AKA Fotoblog de jazz, impro\u2026 y algo m\u00e1s]","author":"Tomajazz","date":"23 abril, 2026","format":false,"excerpt":"Lage Lund Trio actu\u00f3 en el 36\u00e8 Jazz Granollers Festival, el 13 de marzo de 2026. Joan Cort\u00e8s lo retrata en INSTANTZZ. Lage Lund Trio son Lage Lund, Orlando Le Fleming, Greg Hutchinson","rel":"","context":"En \u00ab36 Jazz Granollers Festival 2026\u00bb","block_context":{"text":"36 Jazz Granollers Festival 2026","link":"https:\/\/tomajazz.com\/web\/category\/contenidos\/especial-contenidos\/36-jazz-granollers-festival-2026\/"},"img":{"alt_text":"Lage Lund Trio (36\u00e8 Jazz Granollers Festival \/ Casino, 2026-03-13 \/ Granollers -Barcelona-) [y III] Por Joan Cort\u00e8s [INSTANTZZ AKA Galer\u00eda fotogr\u00e1fica AKA Fotoblog de jazz, impro\u2026 y algo m\u00e1s] - Tomajazz - Lage Lund Trio actu\u00f3 en el 36\u00e8 Jazz Granollers Festival, el 13 de marzo de 2026. Joan Cort\u00e8s lo retrata en INSTANTZZ. Lage Lund Trio son Lage Lund, Orlando Le Fleming, Greg Hutchinson","src":"https:\/\/i0.wp.com\/tomajazz.com\/web\/wp-content\/uploads\/2026\/04\/destacada-02-Lg-Lnd-Photo-by-Joan-Cortes-13mrc26-36JGF-Csn-Gr-bn.jpg?resize=350%2C200&ssl=1","width":350,"height":200,"srcset":"https:\/\/i0.wp.com\/tomajazz.com\/web\/wp-content\/uploads\/2026\/04\/destacada-02-Lg-Lnd-Photo-by-Joan-Cortes-13mrc26-36JGF-Csn-Gr-bn.jpg?resize=350%2C200&ssl=1 1x, https:\/\/i0.wp.com\/tomajazz.com\/web\/wp-content\/uploads\/2026\/04\/destacada-02-Lg-Lnd-Photo-by-Joan-Cortes-13mrc26-36JGF-Csn-Gr-bn.jpg?resize=525%2C300&ssl=1 1.5x"},"classes":[]},{"id":104657,"url":"https:\/\/tomajazz.com\/web\/joan-sanmarti-5t-36-jazz-granollers-2026\/","url_meta":{"origin":16381,"position":1},"title":"Joan Sanmart\u00ed 5t (36\u00e8 Jazz Granollers Festival 2026\/ Casino, 2026-02-20 \/ Granollers -Barcelona-) [I] Por Joan Cort\u00e8s [INSTANTZZ AKA Galer\u00eda fotogr\u00e1fica AKA Fotoblog de jazz, impro\u2026 y algo m\u00e1s]","author":"Tomajazz","date":"2 abril, 2026","format":false,"excerpt":"Joan Sanmart\u00ed 5t actu\u00f3 en el 36\u00e8 Jazz Granollers Festival 2026, el 20 de febrero de 2026. Joan Cort\u00e8s lo retrata en INSTANTZZ. Joan Sanmart\u00ed 5t son Joan Sanmart\u00ed, Gabriel Amargant, Pau Dom\u00e8nech, Marc Cuevas, Joan Vidal","rel":"","context":"En \u00ab36 Jazz Granollers Festival 2026\u00bb","block_context":{"text":"36 Jazz Granollers Festival 2026","link":"https:\/\/tomajazz.com\/web\/category\/contenidos\/especial-contenidos\/36-jazz-granollers-festival-2026\/"},"img":{"alt_text":"Joan Sanmart\u00ed 5t (36\u00e8 Jazz Granollers Festival 2026\/ Casino, 2026-02-20 \/ Granollers -Barcelona-) [I] Por Joan Cort\u00e8s [INSTANTZZ AKA Galer\u00eda fotogr\u00e1fica AKA Fotoblog de jazz, impro\u2026 y algo m\u00e1s] - Tomajazz - Joan Sanmart\u00ed 5t actu\u00f3 en el 36\u00e8 Jazz Granollers Festival 2026, el 20 de febrero de 2026. Joan Cort\u00e8s lo retrata en INSTANTZZ. Joan Sanmart\u00ed 5t son Joan Sanmart\u00ed, Gabriel Amargant, Pau Dom\u00e8nech, Marc Cuevas, Joan Vidal\n","src":"https:\/\/i0.wp.com\/tomajazz.com\/web\/wp-content\/uploads\/2026\/04\/destacada-09-Jn-Snmrt-5t-Photo-By-Joan-Cortes-20fbr26-36FJG-Csn-Grn.jpg?resize=350%2C200&ssl=1","width":350,"height":200},"classes":[]},{"id":104847,"url":"https:\/\/tomajazz.com\/web\/alba-careta-group-panical-jazz-granollers-2026\/","url_meta":{"origin":16381,"position":2},"title":"Alba Careta Group \u201cPanical\u201d (36\u00e8 Jazz Granollers Festival \/ Casino, 2026-02-27 \/ Granollers -Barcelona-) [II] Por Joan Cort\u00e8s [INSTANTZZ AKA Galer\u00eda fotogr\u00e1fica AKA Fotoblog de jazz, impro\u2026 y algo m\u00e1s]","author":"Tomajazz","date":"12 abril, 2026","format":false,"excerpt":"Alba Careta Group \u201cPanical\u201d actu\u00f3 en el 36\u00e8 Jazz Granollers Festival, el 27 de febrero de 2026. Joan Cort\u00e8s lo retrata en INSTANTZZ. Alba Careta Group \u201cPanical\u201d son Alba Careta, Lucas Mart\u00ednez, Roger Santacana, Giuseppe Campisi, Jordi Pallar\u00e9s","rel":"","context":"En \u00ab36 Jazz Granollers Festival 2026\u00bb","block_context":{"text":"36 Jazz Granollers Festival 2026","link":"https:\/\/tomajazz.com\/web\/category\/contenidos\/especial-contenidos\/36-jazz-granollers-festival-2026\/"},"img":{"alt_text":"Alba Careta Group \u201cPanical\u201d (36\u00e8 Jazz Granollers Festival \/ Casino, 2026-02-27 \/ Granollers -Barcelona-) [II] Por Joan Cort\u00e8s [INSTANTZZ AKA Galer\u00eda fotogr\u00e1fica AKA Fotoblog de jazz, impro\u2026 y algo m\u00e1s] - Tomajazz - Alba Careta Group \u201cPanical\u201d actu\u00f3 en el 36\u00e8 Jazz Granollers Festival, el 27 de febrero de 2026. Joan Cort\u00e8s lo retrata en INSTANTZZ. Alba Careta Group \u201cPanical\u201d son Alba Careta, Lucas Mart\u00ednez, Roger Santacana, Giuseppe Campisi, Jordi Pallar\u00e9s\n","src":"https:\/\/i0.wp.com\/tomajazz.com\/web\/wp-content\/uploads\/2026\/04\/destacada-03-lb-Crt-Grp-Photo-by-Joan-Cortes-27fbr26-36JGF-CG-CR-Grnllrs.jpg?resize=350%2C200&ssl=1","width":350,"height":200,"srcset":"https:\/\/i0.wp.com\/tomajazz.com\/web\/wp-content\/uploads\/2026\/04\/destacada-03-lb-Crt-Grp-Photo-by-Joan-Cortes-27fbr26-36JGF-CG-CR-Grnllrs.jpg?resize=350%2C200&ssl=1 1x, https:\/\/i0.wp.com\/tomajazz.com\/web\/wp-content\/uploads\/2026\/04\/destacada-03-lb-Crt-Grp-Photo-by-Joan-Cortes-27fbr26-36JGF-CG-CR-Grnllrs.jpg?resize=525%2C300&ssl=1 1.5x"},"classes":[]},{"id":39012,"url":"https:\/\/tomajazz.com\/web\/hdo-467-scott-hamilton-bruce-barth-fernando-marco-dmitry-baevsky-podcast\/","url_meta":{"origin":16381,"position":3},"title":"HDO 467. Scott Hamilton, Bruce Barth, Fernando Marco, Dmitry Baevsky [Podcast]","author":"Tomajazz","date":"3 octubre, 2018","format":false,"excerpt":"Por\u00a0Pachi Tapiz. HDO 461 dedica su contenido al sello Blau Records. Suenan media docena de grabaciones publicadas por el sello castellonense, que est\u00e1n\u00a0lideradas por\u00a0Scott Hamilton\u00a0(Moon Mist, The Shadow Of Your Smile, La rosita), junto a Dena DeRose, Ignasi Gonz\u00e1lez y Jo Krause; Bruce Barth con la colaboraci\u00f3n de\u00a0Jerry Bergonzi, Mark\u2026","rel":"","context":"En \u00ab*_Pachi Tapiz\u00bb","block_context":{"text":"*_Pachi Tapiz","link":"https:\/\/tomajazz.com\/web\/category\/pachi-tapiz\/"},"img":{"alt_text":"","src":"https:\/\/i0.wp.com\/tomajazz.com\/web\/wp-content\/uploads\/2018\/10\/Scott-Hamilton_Moon-Mist.jpg?resize=350%2C200&ssl=1","width":350,"height":200},"classes":[]},{"id":35759,"url":"https:\/\/tomajazz.com\/web\/instantzz-dena-derose-quartet-centro-cultural-maria-victoria-atencia-malaga-2018-03-01-galeria-fotografica\/","url_meta":{"origin":16381,"position":4},"title":"INSTANTZZ: Dena DeRose Quartet (Centro Cultural Mar\u00eda Victoria Atencia, M\u00e1laga. 2018-03-01) [Galer\u00eda fotogr\u00e1fica]","author":"Tomajazz","date":"3 abril, 2018","format":false,"excerpt":"Fecha: Jueves, 01 de marzo de 2018. 21:00h. Lugar: Centro Cultural Mar\u00eda Victoria Atencia. M\u00e1laga. Grupo: Dena DeRose Quartet Dena DeRose: piano, voz Ricardo Toscano: saxo alto Romeu Trist\u00e3o: contrabajo Guillem Arnedo: bater\u00eda Tomajazz:\u00a0\u00a9\u00a0Jos\u00e9 Luis Luna Rocafort, 2018","rel":"","context":"En \u00ab*_Jos\u00e9 Luis Luna Rocafort\u00bb","block_context":{"text":"*_Jos\u00e9 Luis Luna Rocafort","link":"https:\/\/tomajazz.com\/web\/category\/jose-luis-luna-rocafort\/"},"img":{"alt_text":"","src":"https:\/\/i0.wp.com\/tomajazz.com\/web\/wp-content\/uploads\/2018\/03\/001.jpg?resize=350%2C200&ssl=1","width":350,"height":200,"srcset":"https:\/\/i0.wp.com\/tomajazz.com\/web\/wp-content\/uploads\/2018\/03\/001.jpg?resize=350%2C200&ssl=1 1x, https:\/\/i0.wp.com\/tomajazz.com\/web\/wp-content\/uploads\/2018\/03\/001.jpg?resize=525%2C300&ssl=1 1.5x"},"classes":[]},{"id":13134,"url":"https:\/\/tomajazz.com\/web\/fotografos-amigos-y-conocidos-ii-antonio-porcar-we-wont-forget-you-dena-derose-highnote\/","url_meta":{"origin":16381,"position":5},"title":"Fot\u00f3grafos, amigos y conocidos (II): Antonio Porcar We Won&#8217;t Forget You&#8230; (Dena DeRose; HighNote)","author":"Tomajazz","date":"23 julio, 2014","format":false,"excerpt":"Fotograf\u00eda de Antonio Porcar The Dena DeRose Trio with Special Guests Eric Alexander, Jeremy Pelt, Gary Smulyan We Won't Forget You... An Homage to Shirley Horn HighNote (2014)","rel":"","context":"En \u00ab*_Pachi Tapiz\u00bb","block_context":{"text":"*_Pachi Tapiz","link":"https:\/\/tomajazz.com\/web\/category\/pachi-tapiz\/"},"img":{"alt_text":"","src":"https:\/\/i0.wp.com\/tomajazz.com\/web\/wp-content\/uploads\/2014\/07\/Dena-DeRose-homenaje-e1406064619108.jpg?resize=350%2C200&ssl=1","width":350,"height":200,"srcset":"https:\/\/i0.wp.com\/tomajazz.com\/web\/wp-content\/uploads\/2014\/07\/Dena-DeRose-homenaje-e1406064619108.jpg?resize=350%2C200&ssl=1 1x, https:\/\/i0.wp.com\/tomajazz.com\/web\/wp-content\/uploads\/2014\/07\/Dena-DeRose-homenaje-e1406064619108.jpg?resize=525%2C300&ssl=1 1.5x"},"classes":[]}],"_links":{"self":[{"href":"https:\/\/tomajazz.com\/web\/wp-json\/wp\/v2\/posts\/16381","targetHints":{"allow":["GET"]}}],"collection":[{"href":"https:\/\/tomajazz.com\/web\/wp-json\/wp\/v2\/posts"}],"about":[{"href":"https:\/\/tomajazz.com\/web\/wp-json\/wp\/v2\/types\/post"}],"author":[{"embeddable":true,"href":"https:\/\/tomajazz.com\/web\/wp-json\/wp\/v2\/users\/1"}],"replies":[{"embeddable":true,"href":"https:\/\/tomajazz.com\/web\/wp-json\/wp\/v2\/comments?post=16381"}],"version-history":[{"count":2,"href":"https:\/\/tomajazz.com\/web\/wp-json\/wp\/v2\/posts\/16381\/revisions"}],"predecessor-version":[{"id":16392,"href":"https:\/\/tomajazz.com\/web\/wp-json\/wp\/v2\/posts\/16381\/revisions\/16392"}],"wp:featuredmedia":[{"embeddable":true,"href":"https:\/\/tomajazz.com\/web\/wp-json\/wp\/v2\/media\/16383"}],"wp:attachment":[{"href":"https:\/\/tomajazz.com\/web\/wp-json\/wp\/v2\/media?parent=16381"}],"wp:term":[{"taxonomy":"category","embeddable":true,"href":"https:\/\/tomajazz.com\/web\/wp-json\/wp\/v2\/categories?post=16381"},{"taxonomy":"post_tag","embeddable":true,"href":"https:\/\/tomajazz.com\/web\/wp-json\/wp\/v2\/tags?post=16381"}],"curies":[{"name":"wp","href":"https:\/\/api.w.org\/{rel}","templated":true}]}}