{"id":1679,"date":"2013-01-11T21:04:04","date_gmt":"2013-01-11T20:04:04","guid":{"rendered":"http:\/\/www.tomajazz.com\/web\/?p=1679"},"modified":"2016-11-13T21:05:14","modified_gmt":"2016-11-13T20:05:14","slug":"david-mengual-4tet-slow-time","status":"publish","type":"post","link":"https:\/\/tomajazz.com\/web\/david-mengual-4tet-slow-time\/","title":{"rendered":"David Mengual 4tet \u00abSlow Time\u00bb (Jamboree, Barcelona, 10-I-2013)"},"content":{"rendered":"<p><strong>David Mengual 4tet \u00abSlow Time\u00bb<\/strong><\/p>\n<ul>\n<li><b>Fecha:<\/b>\u00a010 de enero de 2013.<\/li>\n<li><strong>Lugar:<\/strong>\u00a0Jamboree (Barcelona).<\/li>\n<li><strong>Componentes:<\/strong><br \/>\nDavid Mengual: contrabajo<br \/>\nMiguel \u2018Pintxo\u2019 Villar: saxo tenor<br \/>\nToni Vaquer: piano<br \/>\nOriol Roca: bater\u00eda<\/li>\n<\/ul>\n<ul>\n<li>\n<div align=\"justify\"><strong>Comentario:<br \/>\n<\/strong><\/p>\n<div align=\"center\"><img loading=\"lazy\" decoding=\"async\" class=\"alignnone\" alt=\"\" src=\"http:\/\/www.tomajazz.com\/conciertos\/2013\/01\/mengual_david\/1_DAVID%20MENGUAL%204t_10gen13_Jamboree.jpg\" width=\"600\" height=\"399\" title=\"\"><\/div>\n<p>Sal\u00ed r\u00e1pido de la sala. Hac\u00eda fr\u00edo y el aspecto de la Rambla, muy vac\u00eda, aumentaba esa sensaci\u00f3n. En el metro, poca gente tambi\u00e9n y muy cansada. Al salir me dirig\u00ed a un bar \u2018habitual\u2019, pero no tanto como para tener que molestarme en hablar. Quer\u00eda una copa y pensar unos minutos en algunas ideas que hab\u00eda ido teniendo mientras escuchaba esta \u00faltima m\u00fasica de Mengual. Quer\u00eda ordenarlas un poco, o bien tirar del hilo de alguna de ellas que todav\u00eda no se hab\u00eda materializado lo suficiente. Salir de un buen concierto y encontrarse con el invierno es agradable (para m\u00ed al menos).<\/p>\n<p align=\"center\">\u00a0<img loading=\"lazy\" decoding=\"async\" class=\"alignnone\" alt=\"\" src=\"http:\/\/www.tomajazz.com\/conciertos\/2013\/01\/mengual_david\/2_DAVID%20MENGUAL%204t_10gen13_Jamboree.jpg\" width=\"600\" height=\"399\" title=\"\"><\/p>\n<p>Fui a ver este concierto con una idea previa. M\u00e1s bien un recuerdo, el de una actuaci\u00f3n que vi hace unos cuantos a\u00f1os en las ya desaparecidas \u201cNits de M\u00fasica a la Fundaci\u00f3 Mir\u00f3\u201d. Era un concierto de un cuarteto que se llamaba Slow y en el que estaban Agust\u00ed Fern\u00e1ndez y David Mengual, m\u00e1s las bater\u00edas de David Xirgu y Dani Dom\u00ednguez. Fue un concierto que me encant\u00f3. Pero, ese proyecto no sigui\u00f3. \u00bfPor qu\u00e9 fui con esa idea? Tal vez por la palabra \u2018slow\u2019, lento, pausado, espacioso. No recuerdo bien aquella m\u00fasica, pues fue hace bastantes a\u00f1os, y probablemente no tenga nada que ver con lo que escuch\u00e9 la otra noche, pero a pesar de ello s\u00ed creo que hab\u00eda una relaci\u00f3n, y es esa actitud art\u00edstica frente a la m\u00fasica y en concreto frente al jazz. Frente a un mundo, un arte y un jazz absolutamente inflacionarios, aqu\u00ed parec\u00eda haber una declaraci\u00f3n de principios que abogaba por la calma, la reflexi\u00f3n, por los procesos mentales que se van modelando y observando poco a poco, con mimo y atenci\u00f3n.<\/p>\n<div align=\"center\">\n<div align=\"center\">\n<div align=\"center\"><img loading=\"lazy\" decoding=\"async\" class=\"alignnone\" alt=\"\" src=\"http:\/\/www.tomajazz.com\/conciertos\/2013\/01\/mengual_david\/3_DAVID%20MENGUAL%204t_10gen13_Jamboree.jpg\" width=\"600\" height=\"399\" title=\"\"><\/div>\n<div align=\"center\"><\/div>\n<div align=\"center\"><img loading=\"lazy\" decoding=\"async\" class=\"alignnone\" alt=\"\" src=\"http:\/\/www.tomajazz.com\/conciertos\/2013\/01\/mengual_david\/4_DAVID%20MENGUAL%204t_10gen13_Jamboree.jpg\" width=\"600\" height=\"399\" title=\"\"><\/div>\n<p align=\"justify\">\u201cNo se llega a la verdad a\u00f1adiendo sino cercenando\u201d, dec\u00eda poco m\u00e1s o menos un aforismo de las\u00a0<em>Notas sobre el cinemat\u00f3grafo<\/em>\u00a0de Robert Bresson. Y esto, la otra noche pero en general en todo lo que propone David Mengual, es de lo m\u00e1s pertinente. Cuando hace unos a\u00f1os sac\u00f3 el doble\u00a0<em>Mosaic<\/em>, con un disco en versi\u00f3n de tr\u00edo y otro con los mismos temas en versi\u00f3n de noneto, me gustaba m\u00e1s el primero. Era m\u00e1s esencial. M\u00e1s ajustado \u2013creo yo\u2013 a la idea de las composiciones.<\/p>\n<div align=\"center\">\u00a0<img loading=\"lazy\" decoding=\"async\" class=\"alignnone\" alt=\"\" src=\"http:\/\/www.tomajazz.com\/conciertos\/2013\/01\/mengual_david\/5_DAVID%20MENGUAL%204t_10gen13_Jamboree.jpg\" width=\"600\" height=\"399\" title=\"\"><\/div>\n<p align=\"justify\">La m\u00fasica de su nuevo cuarteto es realmente calmada. Crece l\u00e1nguidamente. En ocasiones tortuosamente. Siempre manteniendo unos biorritmos muy bajos. No dir\u00e9 en letargo, pues eso dar\u00eda a entender que en cualquier momento pod\u00edan salir de \u00e9l y recuperar el pulso habitual de las cosas, y eso nunca me pareci\u00f3 que pudiera ser. No tuve nunca esa impresi\u00f3n, pues la determinaci\u00f3n que hay en la m\u00fasica de este cuarteto es clara e inequ\u00edvoca: no quieren participar de lugares comunes, de soluciones o recursos t\u00edpicos, por lo que no encontraremos crescendos ni diminuendos ni ciertos planteamientos.<\/p>\n<p style=\"text-align: center;\" align=\"justify\"><img loading=\"lazy\" decoding=\"async\" class=\"alignnone\" alt=\"\" src=\"http:\/\/www.tomajazz.com\/conciertos\/2013\/01\/mengual_david\/6_DAVID%20MENGUAL%204t_10gen13_Jamboree.jpg\" width=\"600\" height=\"399\" title=\"\"><\/p>\n<p style=\"text-align: center;\" align=\"justify\"><img loading=\"lazy\" decoding=\"async\" class=\"alignnone\" alt=\"\" src=\"http:\/\/www.tomajazz.com\/conciertos\/2013\/01\/mengual_david\/7_DAVID%20MENGUAL%204t_10gen13_Jamboree.jpg\" width=\"600\" height=\"399\" title=\"\"><\/p>\n<p align=\"justify\">La m\u00fasica de Slow Time es espaciosa, amplia y en cierto modo flotante (cualidad que a veces va adherida a las anteriores as\u00ed como a la lentitud). Como una s\u00e1bana extendida al viento a la que le cuesta posarse en tierra. Y en medio de esa holgura se encuentran los cuatro m\u00fasicos que, por cierto, son bien distintos entre s\u00ed. Y esto hay que decirlo, pues Mengual parece haber reunido a su alrededor a tres instrumentistas que tienen unas caracter\u00edsticas y una visi\u00f3n sensiblemente diferentes. \u2018Pintxo\u2019 Villar tiene un sonido le\u00f1oso y contenido, que elabora con ah\u00ednco y con el que trata de evitar emitir m\u00e1s destellos de los que se precisen, m\u00e1s empat\u00eda de la que no sea necesaria, restando ese \u201cbrillo\u201d t\u00edpico\/t\u00f3pico del tenor que permite entrar en esas din\u00e1micas de \u201cgui\u00f1os facilones\u201d. El pianismo de Toni Vaquer, al que creo que no hab\u00eda escuchado antes, tiene algo de minimalista, en el propio toque y en las figuras nimias que va creando como si fueran pa\u00f1uelos de seda, dibujos que se pliegan y vuelven a dibujarse sobre el trazo anterior (no olvidemos que una de las grandes influencias de los minimalistas americanos La Monte Young, Riley o Reich era precisamente el jazz). Escuch\u00e1ndolo a veces pensaba en Nichols o Waldron, pianistas que deber\u00edan estar m\u00e1s presentes aqu\u00ed y en todas partes. Respecto a Oriol Roca, decir que siempre me ha parecido m\u00e1s un percusionista, o al menos que dentro de su labor como baterista privilegia t\u00e9cnicas y recursos que ser\u00edan m\u00e1s propios de un percusionista: los timbres, el extraer el sonido f\u00edsico de los parches (con las manos, por ejemplo), el hecho de que juegue siempre con tipos de ritmos muy diversos. Todo ello lo aleja del\u00a0<em>swing<\/em>, s\u00ed, pero contribuye a elevar las m\u00fasicas en las que participa a un estadio mucho m\u00e1s sugerente. Y finalmente el propio l\u00edder, Mengual, que quiz\u00e1 tenga algo de todos ellos y a\u00fan otra cosa m\u00e1s: parece tocar como piensa.<\/p>\n<p style=\"text-align: center;\" align=\"justify\">\u00a0<img loading=\"lazy\" decoding=\"async\" class=\"alignnone\" alt=\"\" src=\"http:\/\/www.tomajazz.com\/conciertos\/2013\/01\/mengual_david\/8_DAVID%20MENGUAL%204t_10gen13_Jamboree.jpg\" width=\"600\" height=\"399\" title=\"\"><\/p>\n<p align=\"justify\">Con este punto de partida, el cuarteto de Mengual hizo cinco largos temas cuyos t\u00edtulos expresaban una cierta perplejidad y malestar: \u201cMar\u00e7\u201d (si no lo entend\u00ed mal se trataba del mes de marzo, un mes que a m\u00ed no me gusta mucho), \u201cSistema inmunol\u00f3gico\u201d, \u201cMasticando arena\u201d (sobre las impresiones que se tienen al tomar contacto con los media y la\u00a0<em>real politik<\/em>), \u201cMarco incomparable\u201d (dedicado a Marco Mezquida) y \u201cTerapia\u201d (que ven\u00eda asociado con otro tema de Vaquer). La impresi\u00f3n final que tuve de todo el conjunto era la de que estaba ante una propuesta bals\u00e1mica, paliativa, compensadora. Una m\u00fasica de ideas, de necesidades, una m\u00fasica ante todo humana y que es el reflejo de una expresi\u00f3n, y no la mera consecuci\u00f3n de unas lecciones aprendidas. Una m\u00fasica con voluntad de quedarse con lo fundamental, con aquello que es imprescindible en cada planteamiento y en cada tema, eliminando todo lo accesorio, todo lo anodino, o todo aquello que no vaya a aportar nada. En este sentido, hay que valorar tambi\u00e9n el hecho de que Mengual haya sabido aducir a sus tres compa\u00f1eros para este especial proyecto. Haci\u00e9ndoles entrar en su particular mundo. Transmiti\u00e9ndoles esa convicci\u00f3n. Invit\u00e1ndoles a una conversaci\u00f3n adulta, sosegada, tranquila. A una gran calma chicha. Ahora s\u00f3lo nos queda esperar su disco, si es que llega a hacerse, aunque como ocurre con toda la buena m\u00fasica este \u00faltimo cuarteto de Mengual es para verlo en directo.<\/p>\n<p style=\"text-align: center;\" align=\"justify\"><img loading=\"lazy\" decoding=\"async\" class=\"alignnone\" alt=\"\" src=\"http:\/\/www.tomajazz.com\/conciertos\/2013\/01\/mengual_david\/9_DAVID%20MENGUAL%204t_10gen13_Jamboree.jpg\" width=\"600\" height=\"399\" title=\"\"><\/p>\n<div align=\"center\">\n<p>&nbsp;<\/p>\n<\/div>\n<\/div>\n<\/div>\n<div><\/div>\n<\/div>\n<div align=\"right\">\n<p>Texto: \u00a9 2012\u00a0<a href=\"http:\/\/jacktorrance-overlookhotel.blogspot.com.es\/\" target=\"_blank\" rel=\"noopener\">Jack Torrance<\/a><br \/>\nFotograf\u00edas: \u00a9 2012 Joan Cort\u00e9<\/p>\n<\/div>\n<\/li>\n<\/ul>\n","protected":false},"excerpt":{"rendered":"<p>David Mengual 4tet \u00abSlow Time\u00bb Fecha:\u00a010 de enero de 2013. Lugar:\u00a0Jamboree (Barcelona). Componentes: David Mengual: contrabajo Miguel \u2018Pintxo\u2019 Villar: saxo tenor Toni Vaquer: piano Oriol Roca: bater\u00eda Comentario: Sal\u00ed r\u00e1pido de la sala. Hac\u00eda fr\u00edo y el aspecto de la Rambla, muy vac\u00eda, aumentaba esa sensaci\u00f3n. En el metro, poca<span class=\"more-link\"><a href=\"https:\/\/tomajazz.com\/web\/david-mengual-4tet-slow-time\/\">Contin\u00faa leyendo<\/a><\/span><\/p>\n","protected":false},"author":1001002,"featured_media":1682,"comment_status":"open","ping_status":"closed","sticky":false,"template":"","format":"standard","meta":{"jetpack_post_was_ever_published":false,"_jetpack_newsletter_access":"","_jetpack_dont_email_post_to_subs":true,"_jetpack_newsletter_tier_id":0,"_jetpack_memberships_contains_paywalled_content":false,"_jetpack_memberships_contains_paid_content":false,"footnotes":""},"categories":[17868,17853,4,1038],"tags":[1042,1047,613,1046,1041,1043,1045,16099,16100,1044],"class_list":["entry","author-sera","post-1679","post","type-post","status-publish","format-standard","has-post-thumbnail","category-jack-torrance","category-joan-cortes","category-conciertos","category-contenidos","tag-david-mengual","tag-david-mengual-4tet-slow-time","tag-jack-torrance","tag-jamboree","tag-joan-cortes","tag-miguel-pintxo-villar","tag-oriol-roca","tag-toma-jazz","tag-tomajazz-toma-jazz","tag-toni-vaquer"],"jetpack_featured_media_url":"https:\/\/tomajazz.com\/web\/wp-content\/uploads\/2013\/01\/8_DAVID-MENGUAL-4t_10gen13_Jamboree.jpg","jetpack_likes_enabled":true,"jetpack_sharing_enabled":true,"jetpack-related-posts":[{"id":104698,"url":"https:\/\/tomajazz.com\/web\/david-mengual-maitia-llibreria-strogoff-2026\/","url_meta":{"origin":1679,"position":0},"title":"David Mengual Maitia (Sangarra \/ Llibreria Strogoff, 2026-02-19 \/ La Garriga -Barcelona-) Por Joan Cort\u00e8s [INSTANTZZ AKA Galer\u00eda fotogr\u00e1fica AKA Fotoblog de jazz, impro\u2026 y algo m\u00e1s]","author":"Tomajazz","date":"4 abril, 2026","format":false,"excerpt":"David Mengual Maitia actu\u00f3 en la Llibreria Strogoff, de La Garriga, Barcelona, el 19 de febrero de 2026. Joan Cort\u00e8s lo retrata en NSTANTZZ. David Mengual Maitia son David Mengual, Joan Mas, Marc Cuevas, Oriol Roca","rel":"","context":"En \u00ab*_Joan Cort\u00e8s\u00bb","block_context":{"text":"*_Joan Cort\u00e8s","link":"https:\/\/tomajazz.com\/web\/category\/joan-cortes\/"},"img":{"alt_text":"David Mengual Maitia (Sangarra \/ Llibreria Strogoff, 2026-02-19 \/ La Garriga -Barcelona-) Por Joan Cort\u00e8s [INSTANTZZ AKA Galer\u00eda fotogr\u00e1fica AKA Fotoblog de jazz, impro\u2026 y algo m\u00e1s] - Tomajazz - David Mengual Maitia actu\u00f3 en la Llibreria Strogoff, de La Garriga, Barcelona, el 19 de febrero de 2026. Joan Cort\u00e8s lo retrata en NSTANTZZ. David Mengual Maitia son David Mengual, Joan Mas, Marc Cuevas, Oriol Roca\n","src":"https:\/\/i0.wp.com\/tomajazz.com\/web\/wp-content\/uploads\/2026\/04\/destacada-08-Dvd-Mngl-Mt-Photo-By-Joan-Cortes-19fbr26-Ll-Strgff-L-Grrg.jpg?resize=350%2C200&ssl=1","width":350,"height":200,"srcset":"https:\/\/i0.wp.com\/tomajazz.com\/web\/wp-content\/uploads\/2026\/04\/destacada-08-Dvd-Mngl-Mt-Photo-By-Joan-Cortes-19fbr26-Ll-Strgff-L-Grrg.jpg?resize=350%2C200&ssl=1 1x, https:\/\/i0.wp.com\/tomajazz.com\/web\/wp-content\/uploads\/2026\/04\/destacada-08-Dvd-Mngl-Mt-Photo-By-Joan-Cortes-19fbr26-Ll-Strgff-L-Grrg.jpg?resize=525%2C300&ssl=1 1.5x"},"classes":[]},{"id":20202,"url":"https:\/\/tomajazz.com\/web\/david-mengual-slow-quartet-teatro-rialto-valencia-2015-09-26-especial-jazzene-ix\/","url_meta":{"origin":1679,"position":1},"title":"INSTANTZZ: David Mengual Slow Quartet (Teatro Rialto, Valencia. 2015-09-26) [Especial Jazze\u00f1e IX]","author":"Tomajazz","date":"23 octubre, 2015","format":"image","excerpt":"II Jazze\u00f1e. Organizado por Fundaci\u00f3n SGAE. Lugar: Teatro Rialto. Valencia. Fecha: 26 de septiembre de 2015. 19:00 Formaci\u00f3n: David Mengual Slow Quartet David Megual: contrabajo Pintxo Villar: saxo tenor Dani P\u00e9rez: guitarra el\u00e9ctrica Oriol Roca: bater\u00eda \u00a9 Jos\u00e9 Luis Luna Rocafort, 2015 \u00a0","rel":"","context":"En \u00ab*_Jos\u00e9 Luis Luna Rocafort\u00bb","block_context":{"text":"*_Jos\u00e9 Luis Luna Rocafort","link":"https:\/\/tomajazz.com\/web\/category\/jose-luis-luna-rocafort\/"},"img":{"alt_text":"","src":"https:\/\/i0.wp.com\/tomajazz.com\/web\/wp-content\/uploads\/2015\/10\/000-portada-600x4002.jpg?resize=350%2C200&ssl=1","width":350,"height":200},"classes":[]},{"id":38061,"url":"https:\/\/tomajazz.com\/web\/hdo-434-gabriel-amargant-trio-chiva-quartet-david-mengual-slow-quartet-alexis-alonso-quartet-toni-saigi-tronik-podcast\/","url_meta":{"origin":1679,"position":2},"title":"HDO 434: Gabriel Amargant Tr\u00edo, Chiva&#8217; Quartet, David Mengual Slow Quartet, Alexis Alonso Quartet, Toni Saigi Tronik [Podcast]","author":"Tomajazz","date":"2 agosto, 2018","format":false,"excerpt":"Por Pachi Tapiz En HDO 434 volvemos a las grabaciones Aire (Fresh Sound New Talent) de Gabriel Amargant Tr\u00edo, Chiva\u2019 Quartet (Underpool) de Juan Pablo Balc\u00e1zar, Extra\u00f1a alegr\u00eda de vivir (BeByNe) de David Mengual Slow Quartet & Carme Canela, IN (iKliN) del Alexis Alonso Quartet, y La prinsire de la\u2026","rel":"","context":"En \u00ab*_Pachi Tapiz\u00bb","block_context":{"text":"*_Pachi Tapiz","link":"https:\/\/tomajazz.com\/web\/category\/pachi-tapiz\/"},"img":{"alt_text":"","src":"https:\/\/i0.wp.com\/tomajazz.com\/web\/wp-content\/uploads\/2018\/05\/Gabriel-Amargant-Trio_Aire.jpg?resize=350%2C200&ssl=1","width":350,"height":200,"srcset":"https:\/\/i0.wp.com\/tomajazz.com\/web\/wp-content\/uploads\/2018\/05\/Gabriel-Amargant-Trio_Aire.jpg?resize=350%2C200&ssl=1 1x, https:\/\/i0.wp.com\/tomajazz.com\/web\/wp-content\/uploads\/2018\/05\/Gabriel-Amargant-Trio_Aire.jpg?resize=525%2C300&ssl=1 1.5x"},"classes":[]},{"id":36782,"url":"https:\/\/tomajazz.com\/web\/hdo-413-podcast\/","url_meta":{"origin":1679,"position":3},"title":"HDO 413 (2018-05-17) [Podcast]","author":"Tomajazz","date":"17 mayo, 2018","format":false,"excerpt":"Aire\u00a0(Fresh Sound New Talent) de\u00a0Gabriel Amargant Tr\u00edo,\u00a0Chiva' Quartet\u00a0(Underpool)\u00a0de\u00a0Juan Pablo Balc\u00e1zar,\u00a0Extra\u00f1a alegr\u00eda de vivir\u00a0(BeByNe) de\u00a0David Mengual Slow Quartet & Carme Canela,\u00a0IN (iKliN) del\u00a0Alexis Alonso Quartet, y\u00a0La prinsire de la sal\u00a0(Underpool)\u00a0de\u00a0Toni Saigi Tronik\u00a0son las grabaciones que pasan por la entrega 413 de\u00a0HDO Hablando de\u00a0O\u00eddas. Adem\u00e1s de los titulares, en estas grabaciones participian\u2026","rel":"","context":"En \u00ab*_Pachi Tapiz\u00bb","block_context":{"text":"*_Pachi Tapiz","link":"https:\/\/tomajazz.com\/web\/category\/pachi-tapiz\/"},"img":{"alt_text":"","src":"https:\/\/i0.wp.com\/tomajazz.com\/web\/wp-content\/uploads\/2018\/05\/Gabriel-Amargant-Trio_Aire.jpg?resize=350%2C200&ssl=1","width":350,"height":200,"srcset":"https:\/\/i0.wp.com\/tomajazz.com\/web\/wp-content\/uploads\/2018\/05\/Gabriel-Amargant-Trio_Aire.jpg?resize=350%2C200&ssl=1 1x, https:\/\/i0.wp.com\/tomajazz.com\/web\/wp-content\/uploads\/2018\/05\/Gabriel-Amargant-Trio_Aire.jpg?resize=525%2C300&ssl=1 1.5x"},"classes":[]},{"id":5048,"url":"https:\/\/tomajazz.com\/web\/david-mengual-free-spirits-big-band-23e-festival-de-jazz-de-granollers-granollers-barcelona-15-ii-2013\/","url_meta":{"origin":1679,"position":4},"title":"David Mengual Free Spirits Big Band (23\u00e8 Festival de Jazz de Granollers, Granollers, Barcelona, 15-II-2013)","author":"Tomajazz","date":"18 febrero, 2013","format":false,"excerpt":"23\u00e8 Festival Jazz Granollers \u00a0Fecha: Viernes, 15 de febrero de 2013. Lugar: Casino de Granollers (Barcelona) Componentes: David Mengual: direcci\u00f3n musical Joan Mas: saxo alto Oriol Fontclara: saxos alto y soprano Miguel \u201cPintxo\u201d Villar: saxo tenor Gonzalo Levin: saxo tenor y flauta Iv\u00e1n Gonz\u00e1lez, \u00c0lvar Monfort y Natsuko Sugao: trompetas\u2026","rel":"","context":"En \u00ab*_Joan Cort\u00e8s\u00bb","block_context":{"text":"*_Joan Cort\u00e8s","link":"https:\/\/tomajazz.com\/web\/category\/joan-cortes\/"},"img":{"alt_text":"","src":"https:\/\/i0.wp.com\/tomajazz.com\/web\/wp-content\/uploads\/2013\/02\/04_DAVID-MENGUAL-FSBB-Joan-Cort%C3%A8s_15feb13_Granollers.jpg?resize=350%2C200&ssl=1","width":350,"height":200,"srcset":"https:\/\/i0.wp.com\/tomajazz.com\/web\/wp-content\/uploads\/2013\/02\/04_DAVID-MENGUAL-FSBB-Joan-Cort%C3%A8s_15feb13_Granollers.jpg?resize=350%2C200&ssl=1 1x, https:\/\/i0.wp.com\/tomajazz.com\/web\/wp-content\/uploads\/2013\/02\/04_DAVID-MENGUAL-FSBB-Joan-Cort%C3%A8s_15feb13_Granollers.jpg?resize=525%2C300&ssl=1 1.5x"},"classes":[]},{"id":85778,"url":"https:\/\/tomajazz.com\/web\/toni-vaquer-sextet-sant-cugat-2024\/","url_meta":{"origin":1679,"position":5},"title":"Toni Vaquer Sextet (Jazz en Viu, Caf\u00e8 de l\u2019Auditori, 2024-03-17. Sant Cugat -Barcelona-) Por Joan Cort\u00e8s [INSTANTZZ AKA Galer\u00eda fotogr\u00e1fica AKA Fotoblog de jazz, impro\u2026 y algo m\u00e1s]","author":"Tomajazz","date":"20 abril, 2024","format":false,"excerpt":"Toni Vaquer Sextet actu\u00f3 en Jazz en Viu, en Caf\u00e8 de l\u2019Auditori de Sant Cugat el 17 de marzo de 2024. Joan Cort\u00e8s lo retrata en INSTANTZZ. Actuaron Toni Vaquer, Dani P\u00e9rez, David Mengual, Ramon Prats, Joan Sala, Miguel Villar","rel":"","context":"En \u00abINSTANTZZ\u00bb","block_context":{"text":"INSTANTZZ","link":"https:\/\/tomajazz.com\/web\/category\/contenidos\/imagenes\/photoblogs\/instantzz\/"},"img":{"alt_text":"Toni Vaquer Sextet (Jazz en Viu, Caf\u00e8 de l\u2019Auditori, 2024-03-17. Sant Cugat -Barcelona-) Por Joan Cort\u00e8s [INSTANTZZ AKA Galer\u00eda fotogr\u00e1fica AKA Fotoblog de jazz, impro\u2026 y algo m\u00e1s] - Tomajazz - Toni Vaquer Sextet actu\u00f3 en Jazz en Viu, en Caf\u00e8 de l\u2019Auditori de Sant Cugat el 17 de marzo de 202. Joan Cort\u00e8s lo retrata en INSTANTZZ. Actuaron Toni Vaquer, Dani P\u00e9rez, David Mengual, Ramon Prats, Joan Sala, Miguel Villar\n","src":"https:\/\/i0.wp.com\/tomajazz.com\/web\/wp-content\/uploads\/2024\/04\/Destacada-Toni-Vaquer-Sextet-Sant-Cugat-2024-Tomajazz-Photo-by-Joan-Cortes-2024-008.jpg?resize=350%2C200&ssl=1","width":350,"height":200,"srcset":"https:\/\/i0.wp.com\/tomajazz.com\/web\/wp-content\/uploads\/2024\/04\/Destacada-Toni-Vaquer-Sextet-Sant-Cugat-2024-Tomajazz-Photo-by-Joan-Cortes-2024-008.jpg?resize=350%2C200&ssl=1 1x, https:\/\/i0.wp.com\/tomajazz.com\/web\/wp-content\/uploads\/2024\/04\/Destacada-Toni-Vaquer-Sextet-Sant-Cugat-2024-Tomajazz-Photo-by-Joan-Cortes-2024-008.jpg?resize=525%2C300&ssl=1 1.5x"},"classes":[]}],"_links":{"self":[{"href":"https:\/\/tomajazz.com\/web\/wp-json\/wp\/v2\/posts\/1679","targetHints":{"allow":["GET"]}}],"collection":[{"href":"https:\/\/tomajazz.com\/web\/wp-json\/wp\/v2\/posts"}],"about":[{"href":"https:\/\/tomajazz.com\/web\/wp-json\/wp\/v2\/types\/post"}],"author":[{"embeddable":true,"href":"https:\/\/tomajazz.com\/web\/wp-json\/wp\/v2\/users\/1001002"}],"replies":[{"embeddable":true,"href":"https:\/\/tomajazz.com\/web\/wp-json\/wp\/v2\/comments?post=1679"}],"version-history":[{"count":9,"href":"https:\/\/tomajazz.com\/web\/wp-json\/wp\/v2\/posts\/1679\/revisions"}],"predecessor-version":[{"id":24334,"href":"https:\/\/tomajazz.com\/web\/wp-json\/wp\/v2\/posts\/1679\/revisions\/24334"}],"wp:featuredmedia":[{"embeddable":true,"href":"https:\/\/tomajazz.com\/web\/wp-json\/wp\/v2\/media\/1682"}],"wp:attachment":[{"href":"https:\/\/tomajazz.com\/web\/wp-json\/wp\/v2\/media?parent=1679"}],"wp:term":[{"taxonomy":"category","embeddable":true,"href":"https:\/\/tomajazz.com\/web\/wp-json\/wp\/v2\/categories?post=1679"},{"taxonomy":"post_tag","embeddable":true,"href":"https:\/\/tomajazz.com\/web\/wp-json\/wp\/v2\/tags?post=1679"}],"curies":[{"name":"wp","href":"https:\/\/api.w.org\/{rel}","templated":true}]}}