{"id":16841,"date":"2015-02-04T18:03:40","date_gmt":"2015-02-04T17:03:40","guid":{"rendered":"http:\/\/www.tomajazz.com\/web\/?p=16841"},"modified":"2016-11-13T17:42:48","modified_gmt":"2016-11-13T16:42:48","slug":"cine-whiplash-el-jazz-se-aprende-a-sangre-sudor-y-lagrimas-por-jesus-gonzalo","status":"publish","type":"post","link":"https:\/\/tomajazz.com\/web\/cine-whiplash-el-jazz-se-aprende-a-sangre-sudor-y-lagrimas-por-jesus-gonzalo\/","title":{"rendered":"Cine: <i>Whiplash<\/i>, el jazz se aprende a sangre, sudor y l\u00e1grimas por Jes\u00fas Gonzalo"},"content":{"rendered":"<p style=\"text-align: justify\">Hac\u00eda bastante tiempo que los aficionados al jazz no ten\u00edamos la suerte\u00a0de que la industria cinematogr\u00e1fica dedicara a esta m\u00fasica una pel\u00edcula. Aupada por el recibimiento en el anta\u00f1o \u00abindependiente\u00bb festival de Sundance, los adjetivos que re\u00fane su cartel (estreno en Espa\u00f1a el pasado 16 de enero) son as\u00ed de admirativos: \u00abAsombrosa\u00bb, \u00abExtraordinaria\u00bb, \u00abEmocionante\u00bb, \u00abElectrizante\u00bb&#8230; Muy al contrario, este largometraje que completa uno medio de su mismo director, Damien Chazelle, no deja lugar a dudas a la decepci\u00f3n. \u00a0La bater\u00eda como instrumento inventado por el jazz, como resonaba venturosa e imaginativamente en las manos de Antonio S\u00e1nchez en la recomendable <a title=\"Birdman: la nueva pel\u00edcula de I\u00f1\u00e1rritu, con la bater\u00eda de Antonio S\u00e1nchez como BSO por Jes\u00fas Gonzalo\" href=\"http:\/\/www.tomajazz.com\/web\/?p=16262\" target=\"_blank\"><em>Birdman<\/em><\/a>, es de nuevo la protagonista. Ella, como el instrumento espectacular que es, y claro est\u00e1 el m\u00fasico de 19 a\u00f1os cuyo aprendizaje tiene lugar en la escuela de m\u00fasica &#8211; se repite en varias ocasiones- \u00abm\u00e1s prestigiosa del pa\u00eds\u00bb, los EEUU. El contexto es pues acad\u00e9mico, dentro de una <em>big band<\/em>, y las palabras claves son exigencia y competitividad.<\/p>\n<p><center><figure id=\"attachment_16852\" aria-describedby=\"caption-attachment-16852\" style=\"width: 600px\" class=\"wp-caption aligncenter\"><img loading=\"lazy\" decoding=\"async\" class=\"size-large wp-image-16852\" src=\"http:\/\/www.tomajazz.com\/web\/wp-content\/uploads\/2015\/02\/Whiplash-600x338.jpg\" alt=\"Estimulando la creatividad a base de insultos y vejaciones\" width=\"600\" height=\"338\" title=\"\" srcset=\"https:\/\/tomajazz.com\/web\/wp-content\/uploads\/2015\/02\/Whiplash-600x338.jpg 600w, https:\/\/tomajazz.com\/web\/wp-content\/uploads\/2015\/02\/Whiplash-150x84.jpg 150w, https:\/\/tomajazz.com\/web\/wp-content\/uploads\/2015\/02\/Whiplash-200x113.jpg 200w, https:\/\/tomajazz.com\/web\/wp-content\/uploads\/2015\/02\/Whiplash-98x55.jpg 98w, https:\/\/tomajazz.com\/web\/wp-content\/uploads\/2015\/02\/Whiplash.jpg 1296w\" sizes=\"auto, (max-width: 600px) 100vw, 600px\" \/><figcaption id=\"caption-attachment-16852\" class=\"wp-caption-text\">Estimulando la creatividad a base de insultos y vejaciones<\/figcaption><\/figure><\/center><\/p>\n<p style=\"text-align: justify\">Andrew Neiman (Milles Teller) es un alumno aventajado que vive en el seno de una familia culta y acomodada. De hecho, se sobreentiende que el acceso a esa clase de Colegios implica cierto desahogo econ\u00f3mico con algunos datos que se filtran en la pel\u00edcula. El motivo principal que empuja al <em>film<\/em> ser\u00eda, pues, retratar un periodo de exhaustivo aprendizaje entre la \u00e9lite formativa del jazz. Desde el minuto 1 se anuncia lo que ser\u00e1 una escalada de desprop\u00f3sitos art\u00edsticos basados en esteriotipos que, en pleno siglo XXI, cre\u00edamos que hab\u00edan sido desterrados en la imagen del jazz. El primero de ellos es asociar virtuosismo instrumental a velocidad desenfrenada.<\/p>\n<p style=\"text-align: justify\">Control y precisi\u00f3n llevados hasta el l\u00edmite, es el objetivo que\u00a0se marca el educador o profesor Terence Fletcher (J.K. Simmons): \u00abEstoy aqu\u00ed para presionar a la gente m\u00e1s all\u00e1 de sus l\u00edmites\u00bb. El resultado de semejante modelo educativo convierte el tes\u00f3n y la perseverancia necesarias para dominar un instrumento en sacrificio marcial, haciendo a\u00f1icos la sana competencia y el compa\u00f1erismo. El educador, musculado y vestido de riguroso y ce\u00f1ido negro, \u00a0se muestra m\u00e1s como un sargento de los marines americanos (\u00abLa chaqueta met\u00e1lica\u00bb de Kubrick) que como profesor que ense\u00f1a a madurar <em>en<\/em> la m\u00fasica, <em>con<\/em> el instrumento y el <em>desde<\/em>\u00a0el trabajo colectivo. \u00bfDisciplina musical o militar?<\/p>\n<p><center><figure id=\"attachment_16853\" aria-describedby=\"caption-attachment-16853\" style=\"width: 600px\" class=\"wp-caption aligncenter\"><img loading=\"lazy\" decoding=\"async\" class=\"size-large wp-image-16853\" src=\"http:\/\/www.tomajazz.com\/web\/wp-content\/uploads\/2015\/02\/bateria-600x400.jpg\" alt=\"Aprendiendo a tocar la bater\u00eda como \u201cRocky\u201d Balboa\" width=\"600\" height=\"400\" title=\"\"><figcaption id=\"caption-attachment-16853\" class=\"wp-caption-text\">Aprendiendo a tocar la bater\u00eda como \u201cRocky\u201d Balboa<\/figcaption><\/figure><\/center><\/p>\n<p style=\"text-align: justify\">Esfuerzo y aptitudes, ante esa educaci\u00f3n demencial y con la ambici\u00f3n que se fija el propio alumno de pasar a la posteridad del jazz, de \u00abestar entre los m\u00e1s grandes\u00bb, quedan desvirtuadas\u00a0ante ese principio que se repite en silencio como un mantra, \u00abo todo o nada\u00bb, mientras sus manos sangran intentando alcanzar la velocidad de la luz en un complicado tiempo. La pel\u00edcula, casposa en ese principio tan americano de la autosuperaci\u00f3n, tiene por referente, por si no fuera lo suficientemente rid\u00edcula, \u00a0la c\u00e9lebre an\u00e9cdota en la que <strong>Jo Jones<\/strong> arroja un plato de la bater\u00eda a <strong>Charlie Parker<\/strong> cuando \u00e9ste, equivoc\u00e1ndose repetidas veces de tempo en el inicio, se subi\u00f3 a una jam con su grupo. El diab\u00f3lico tempo que durante la pel\u00edcula se repite una y otra vez no es otro que el<em> doubling-tempo<\/em> (toque al doble de tiempo inicial) que hizo famoso en Kansas City Buster Smith, saxofonista alto que muchos se\u00f1alan como el mentor de Charlie \u00abBird\u00bb Parker.<\/p>\n<p><center><figure id=\"attachment_16854\" aria-describedby=\"caption-attachment-16854\" style=\"width: 600px\" class=\"wp-caption aligncenter\"><img loading=\"lazy\" decoding=\"async\" class=\"size-large wp-image-16854\" src=\"http:\/\/www.tomajazz.com\/web\/wp-content\/uploads\/2015\/02\/whiplash3-600x400.jpg\" alt=\"Duelo absurdo alumno-profesor con \u00e9xtasis final\" width=\"600\" height=\"400\" title=\"\"><figcaption id=\"caption-attachment-16854\" class=\"wp-caption-text\">Duelo absurdo alumno-profesor con \u00e9xtasis final<\/figcaption><\/figure><\/center><\/p>\n<p style=\"text-align: justify\">Una trama, para seguir con los t\u00f3picos del g\u00e9nero de superaci\u00f3n personal tipo Karate Kid o Rocky Balboa, \u00a0que se suaviza con la presencia de una mujer, de una primera historia de amor que la carrera imparable del joven Andrew frustra, como no pod\u00eda ser de otro modo trat\u00e1ndose de un <em>soldado\u00a0<\/em>solitario entregado a una misi\u00f3n a vida o muerte. Se salva la fotograf\u00eda, que gusta de los colores sepias que envuelven al jazz que lo protagoniza en su pasado cl\u00e1sico en la actual Nueva York: como si no hubiera jazz de hoy en esa ciudad. Nada que ver con el presente de esta m\u00fasica con el tema que da t\u00edtulo a la pel\u00edcula, \u00abWhiplash\u00bb (de Hank Levy), pieza\u00a0arreglada por Justin Hurwitz\u00a0para la ocasi\u00f3n\u00a0con gusto por el <em>funky<\/em> a\u00f1ejo y con algo de fusi\u00f3n de los a\u00f1os 70, construida as\u00ed sobre una rebuscada\u00a0m\u00e9trica\u00a0para mayor exhibici\u00f3n de la bater\u00eda.<\/p>\n<p style=\"text-align: justify\">Pero incluso salvando estos pat\u00e9ticos clich\u00e9s, lo peor de la pel\u00edcula no est\u00e1 en dar una imagen desenfocada, alocada y est\u00fapida del jazz. No, lo peor llega cuando con ella se intenta enterrar la realidad\u00a0de esta m\u00fasica dejando vivos a los cl\u00e1sicos, los citados Duke Ellington y Charlie Parker y sus standards \u00abCherokee\u00bb y \u00abCaravan\u00bb, como iconos de algo -esa educaci\u00f3n, esta zafiedad- que nada tiene que ver con el ARTE&#8230;<\/p>\n<p style=\"text-align: justify\">&#8230;Y va y dice el director-sargento que se enorgullece de mandar alumnos a la Lincoln Center Orchestra: \u00ab\u00bfSabes por qu\u00e9 el jazz se esta muriendo?, porque ya nadie aprende a tocar como ellos hicieron, porque nadie toca as\u00ed\u00bb. Porque Charlie Parker, tendr\u00eda\u00a0que tambi\u00e9n haber dicho, aprendi\u00f3 jazz en las jam sessions y en los apartamentos de sus amigos m\u00fasicos, jam\u00e1s fue a una escuela&#8230;\u00bbde \u00e9lite\u00bb.<\/p>\n<p style=\"text-align: right\">\u00a9<a href=\"http:\/\/noiself.blogspot.com.es\/\" target=\"_blank\" rel=\"noopener\"> Jes\u00fas Gonzalo<\/a>, 2015<\/p>\n<ul id=\"ficha-reparto\">\n<li><strong>T\u00edtulo<\/strong>: <em>Whiplash<\/em> (2014)<\/li>\n<li><strong>Director:<\/strong> Damien Chazelle<\/li>\n<li><strong>Actores:<\/strong> Melissa Benoist, J.K. Simmons, Miles Teller<\/li>\n<li><strong>Guionistas:<\/strong> Damien Chazelle<\/li>\n<li><strong>M\u00fasica<\/strong>: Justin Hurwitz<\/li>\n<li><strong>Fotograf\u00eda<\/strong>: Sharone Meir<\/li>\n<\/ul>\n<p style=\"text-align: right\">\n","protected":false},"excerpt":{"rendered":"<p>Hac\u00eda bastante tiempo que los aficionados al jazz no ten\u00edamos la suerte\u00a0de que la industria cinematogr\u00e1fica dedicara a esta m\u00fasica una pel\u00edcula. Aupada por el recibimiento en el anta\u00f1o \u00abindependiente\u00bb festival de Sundance, los adjetivos que re\u00fane su cartel (estreno en Espa\u00f1a el pasado 16 de enero) son as\u00ed de<span class=\"more-link\"><a href=\"https:\/\/tomajazz.com\/web\/cine-whiplash-el-jazz-se-aprende-a-sangre-sudor-y-lagrimas-por-jesus-gonzalo\/\">Contin\u00faa leyendo<\/a><\/span><\/p>\n","protected":false},"author":1003354,"featured_media":16842,"comment_status":"open","ping_status":"closed","sticky":false,"template":"","format":"standard","meta":{"jetpack_post_was_ever_published":false,"_jetpack_newsletter_access":"","_jetpack_dont_email_post_to_subs":true,"_jetpack_newsletter_tier_id":0,"_jetpack_memberships_contains_paywalled_content":false,"_jetpack_memberships_contains_paid_content":false,"footnotes":""},"categories":[17857,78,15504,11,9,1038],"tags":[11739,1406,10039,7079,6637,8077,11026,16099,16100],"class_list":["entry","author-jesusgonzalo","post-16841","post","type-post","status-publish","format-standard","has-post-thumbnail","category-jesus-gonzalo","category-afondo","category-articulos-afondo","category-dvds","category-perfiles","category-contenidos","tag-alejandro-gonzalez-inarritu","tag-antonio-sanchez","tag-buster-smith","tag-charlie-parker","tag-duke-ellington","tag-jesus-gonzalo","tag-stanley-kubrick","tag-toma-jazz","tag-tomajazz-toma-jazz"],"jetpack_featured_media_url":"https:\/\/tomajazz.com\/web\/wp-content\/uploads\/2015\/02\/345974.jpg","jetpack_likes_enabled":true,"jetpack_sharing_enabled":true,"jetpack-related-posts":[{"id":101060,"url":"https:\/\/tomajazz.com\/web\/malaka-vitoria-2025\/","url_meta":{"origin":16841,"position":0},"title":"Malaka (48 Festival de Jazz de Vitoria. 2025-07-15) Por Jos\u00e9 Luis Luna Rocafort [INSTANTZZ AKA Galer\u00eda fotogr\u00e1fica AKA Fotoblog de jazz, impro\u2026 y algo m\u00e1s]","author":"Tomajazz","date":"28 octubre, 2025","format":false,"excerpt":"Malaka actu\u00f3 en el 48 Festival de Jazz de Vitoria 2025. Jos\u00e9 Luis Luna Rocafort retrata el concierto en INSTANTZZ. Malaka son Gonzalo Encinal, Aitor Marim\u00f3n, Beltr\u00e1n del \u00c1lamo, Ager Alzola","rel":"","context":"En \u00ab48 Festival de Jazz de Vitoria 2025\u00bb","block_context":{"text":"48 Festival de Jazz de Vitoria 2025","link":"https:\/\/tomajazz.com\/web\/category\/contenidos\/especial-contenidos\/48-festival-de-jazz-de-vitoria-2025\/"},"img":{"alt_text":"Malaka (48 Festival de Jazz de Vitoria. 2025-07-15) Por Jos\u00e9 Luis Luna Rocafort [INSTANTZZ AKA Galer\u00eda fotogr\u00e1fica AKA Fotoblog de jazz, impro\u2026 y algo m\u00e1s] - Tomajazz - Malaka actu\u00f3 en el 48 Festival de Jazz de Vitoria 2025. Jos\u00e9 Luis Luna Rocafort retrata el concierto en INSTANTZZ. Malaka son Gonzalo Encinal, Aitor Marim\u00f3n, Beltr\u00e1n del \u00c1lamo, Ager Alzola","src":"https:\/\/i0.wp.com\/tomajazz.com\/web\/wp-content\/uploads\/2025\/10\/015-16.jpg?resize=350%2C200&ssl=1","width":350,"height":200,"srcset":"https:\/\/i0.wp.com\/tomajazz.com\/web\/wp-content\/uploads\/2025\/10\/015-16.jpg?resize=350%2C200&ssl=1 1x, https:\/\/i0.wp.com\/tomajazz.com\/web\/wp-content\/uploads\/2025\/10\/015-16.jpg?resize=525%2C300&ssl=1 1.5x"},"classes":[]},{"id":44740,"url":"https:\/\/tomajazz.com\/web\/adios-a-jesus-gonzalo-in-memoriam\/","url_meta":{"origin":16841,"position":1},"title":"Adi\u00f3s a Jes\u00fas Gonzalo [In Memoriam]","author":"Tomajazz","date":"31 julio, 2019","format":false,"excerpt":"Por\u00a0Pachi Tapiz. Me entero por un tweet de MAP Tr\u00edo que\u00a0Jes\u00fas Gonzalo\u00a0ha fallecido. Un mazazo, porque nos deja un tipo muy particular que era uno de los grandes cr\u00edticos de jazz (pero no s\u00f3lo) en Espa\u00f1a. Un tipo demasiado joven como para tener que despedirlo de estas maneras. Activo en\u2026","rel":"","context":"En \u00ab*_Pachi Tapiz\u00bb","block_context":{"text":"*_Pachi Tapiz","link":"https:\/\/tomajazz.com\/web\/category\/pachi-tapiz\/"},"img":{"alt_text":"","src":"https:\/\/i0.wp.com\/tomajazz.com\/web\/wp-content\/uploads\/2019\/07\/ultima-subida-Jesus-Gonzalo-Facebook_1377772254_103204908_667x375.jpg?resize=350%2C200&ssl=1","width":350,"height":200,"srcset":"https:\/\/i0.wp.com\/tomajazz.com\/web\/wp-content\/uploads\/2019\/07\/ultima-subida-Jesus-Gonzalo-Facebook_1377772254_103204908_667x375.jpg?resize=350%2C200&ssl=1 1x, https:\/\/i0.wp.com\/tomajazz.com\/web\/wp-content\/uploads\/2019\/07\/ultima-subida-Jesus-Gonzalo-Facebook_1377772254_103204908_667x375.jpg?resize=525%2C300&ssl=1 1.5x"},"classes":[]},{"id":100155,"url":"https:\/\/tomajazz.com\/web\/festival-internacional-jazzmadrid-2025-noticias\/","url_meta":{"origin":16841,"position":2},"title":"Festival Internacional JAZZMADRID 2025 (Madrid. Del 5 de octubre al 30 de noviembre de 2025) [Noticias de jazz]","author":"Tomajazz","date":"6 octubre, 2025","format":false,"excerpt":"Entre el 5 de octubre y el 30 de noviembre de 2025 tendr\u00e1 lugar el Festival Internacional JAZZMADRID 2025","rel":"","context":"En \u00abNoticias\u00bb","block_context":{"text":"Noticias","link":"https:\/\/tomajazz.com\/web\/category\/contenidos\/noticias-2\/"},"img":{"alt_text":"Festival Internacional JAZZMADRID 2025 (Madrid. Del 5 de octubre al 30 de noviembre de 2025) [Noticias de jazz] - Tomajazz","src":"https:\/\/i0.wp.com\/tomajazz.com\/web\/wp-content\/uploads\/2025\/10\/JazzMadrid-2025-Festival-Internacional-Jazz-Madrid-2025.jpg?resize=350%2C200&ssl=1","width":350,"height":200,"srcset":"https:\/\/i0.wp.com\/tomajazz.com\/web\/wp-content\/uploads\/2025\/10\/JazzMadrid-2025-Festival-Internacional-Jazz-Madrid-2025.jpg?resize=350%2C200&ssl=1 1x, https:\/\/i0.wp.com\/tomajazz.com\/web\/wp-content\/uploads\/2025\/10\/JazzMadrid-2025-Festival-Internacional-Jazz-Madrid-2025.jpg?resize=525%2C300&ssl=1 1.5x, https:\/\/i0.wp.com\/tomajazz.com\/web\/wp-content\/uploads\/2025\/10\/JazzMadrid-2025-Festival-Internacional-Jazz-Madrid-2025.jpg?resize=700%2C400&ssl=1 2x"},"classes":[]},{"id":101931,"url":"https:\/\/tomajazz.com\/web\/carmen-vela-quartet-10-fira-b-2025\/","url_meta":{"origin":16841,"position":3},"title":"Carmen Vela Quartet (10 Fira B! Teatre Principal de Palma. 2025-11-06)  Por Jos\u00e9 Luis Luna Rocafort [INSTANTZZ AKA Galer\u00eda fotogr\u00e1fica AKA Fotoblog de jazz, impro\u2026 y algo m\u00e1s]","author":"Tomajazz","date":"19 noviembre, 2025","format":false,"excerpt":"Carmen Vela Quartet actu\u00f3 en 10 Fira B! en el Teatre Principal de Palma el 6 de noviembre de 2025. Jos\u00e9 Luis Luna Rocafort lo retrata en INSTANTZZ. Actuaron Carmen Vela, Jorge Casta\u00f1eda, Ander Garc\u00eda, Gonzalo Maestre","rel":"","context":"En \u00ab10 Fira B! 2025\u00bb","block_context":{"text":"10 Fira B! 2025","link":"https:\/\/tomajazz.com\/web\/category\/contenidos\/especial-contenidos\/10-fira-b-2025\/"},"img":{"alt_text":"Carmen Vela Quartet (10 Fira B! Teatre Principal de Palma. 2025-11-06)  Por Jos\u00e9 Luis Luna Rocafort [INSTANTZZ AKA Galer\u00eda fotogr\u00e1fica AKA Fotoblog de jazz, impro\u2026 y algo m\u00e1s] - Tomajazz - Carmen Vela Quartet actu\u00f3 en 10 Fira B! en el Teatre Principal de Palma el 6 de noviembre de 2025. Jos\u00e9 Luis Luna Rocafort lo retrata en INSTANTZZ. Actuaron Carmen Vela,","src":"https:\/\/i0.wp.com\/tomajazz.com\/web\/wp-content\/uploads\/2025\/11\/005-12.jpg?resize=350%2C200&ssl=1","width":350,"height":200,"srcset":"https:\/\/i0.wp.com\/tomajazz.com\/web\/wp-content\/uploads\/2025\/11\/005-12.jpg?resize=350%2C200&ssl=1 1x, https:\/\/i0.wp.com\/tomajazz.com\/web\/wp-content\/uploads\/2025\/11\/005-12.jpg?resize=525%2C300&ssl=1 1.5x"},"classes":[]},{"id":103266,"url":"https:\/\/tomajazz.com\/web\/urtarrijazz-2026-semana-1\/","url_meta":{"origin":16841,"position":4},"title":"Primer fin de semana IX Urtarrijazz 2026 (Pamplona, Navarra. 9 al 11 de enero de 2026) [Noticias de jazz]","author":"Tomajazz","date":"9 enero, 2026","format":false,"excerpt":"De Estraperlo \u2013 Jes\u00fas Ma\u00f1eru y Txeih Jazz Factory abren la edici\u00f3n de Urtarrijazz de 2026, que tendr\u00e1 lugar en Civivox San Jorge de Pamplona el 9 y 10 de enero de 2026 #Noticiasdejazz","rel":"","context":"En \u00abTomajazz (la revista) al completo\u00bb","block_context":{"text":"Tomajazz (la revista) al completo","link":"https:\/\/tomajazz.com\/web\/category\/contenidos\/"},"img":{"alt_text":"IX Urtarrijazz 2026 (Pamplona, Navarra. 9 al 31 de enero de 2026) [Noticias de jazz] - Tomajazz","src":"https:\/\/i0.wp.com\/tomajazz.com\/web\/wp-content\/uploads\/2025\/12\/Urtarrijazz-2026-noticias-Tomajazz.jpg?resize=350%2C200&ssl=1","width":350,"height":200,"srcset":"https:\/\/i0.wp.com\/tomajazz.com\/web\/wp-content\/uploads\/2025\/12\/Urtarrijazz-2026-noticias-Tomajazz.jpg?resize=350%2C200&ssl=1 1x, https:\/\/i0.wp.com\/tomajazz.com\/web\/wp-content\/uploads\/2025\/12\/Urtarrijazz-2026-noticias-Tomajazz.jpg?resize=525%2C300&ssl=1 1.5x"},"classes":[]},{"id":101417,"url":"https:\/\/tomajazz.com\/web\/cesar-joaniquet-live-at-jazz-cava-2025\/","url_meta":{"origin":16841,"position":5},"title":"C\u00e8sar Joaniquet: Live at Jazz Cava (UnderPool Records; 2025) Por Carlos Lara [Grabaci\u00f3n de jazz]","author":"Tomajazz","date":"5 noviembre, 2025","format":false,"excerpt":"Live at Jazz Cava (UnderPool Records; 2025) es la nueva grabaci\u00f3n de C\u00e8sar Joaniquet:. Carlos Lara repasa la grabaci\u00f3n. Con C\u00e8sar Joaniquet, Artur Tu\u017anik), Brice Soniano, Kasper Tom Christiansen","rel":"","context":"En \u00abGrabaciones...\u00bb","block_context":{"text":"Grabaciones...","link":"https:\/\/tomajazz.com\/web\/category\/contenidos\/textos\/grabaciones\/"},"img":{"alt_text":"C\u00e8sar Joaniquet: Live at Jazz Cava (UnderPool Records; 2025) Por Carlos Lara [Grabaci\u00f3n de jazz] - Tomajazz - Live at Jazz Cava (UnderPool Records; 2025) es la nueva grabaci\u00f3n de C\u00e8sar Joaniquet:. Carlos Lara repasa la grabaci\u00f3n. Con C\u00e8sar Joaniquet, Artur Tu\u017anik), Brice Soniano, Kasper Tom Christiansen","src":"https:\/\/i0.wp.com\/tomajazz.com\/web\/wp-content\/uploads\/2025\/11\/Cesar-Joaniquet-Live-at-Jazz-Cava-UnderPool-Records-2025.jpg?resize=350%2C200&ssl=1","width":350,"height":200},"classes":[]}],"_links":{"self":[{"href":"https:\/\/tomajazz.com\/web\/wp-json\/wp\/v2\/posts\/16841","targetHints":{"allow":["GET"]}}],"collection":[{"href":"https:\/\/tomajazz.com\/web\/wp-json\/wp\/v2\/posts"}],"about":[{"href":"https:\/\/tomajazz.com\/web\/wp-json\/wp\/v2\/types\/post"}],"author":[{"embeddable":true,"href":"https:\/\/tomajazz.com\/web\/wp-json\/wp\/v2\/users\/1003354"}],"replies":[{"embeddable":true,"href":"https:\/\/tomajazz.com\/web\/wp-json\/wp\/v2\/comments?post=16841"}],"version-history":[{"count":22,"href":"https:\/\/tomajazz.com\/web\/wp-json\/wp\/v2\/posts\/16841\/revisions"}],"predecessor-version":[{"id":16850,"href":"https:\/\/tomajazz.com\/web\/wp-json\/wp\/v2\/posts\/16841\/revisions\/16850"}],"wp:featuredmedia":[{"embeddable":true,"href":"https:\/\/tomajazz.com\/web\/wp-json\/wp\/v2\/media\/16842"}],"wp:attachment":[{"href":"https:\/\/tomajazz.com\/web\/wp-json\/wp\/v2\/media?parent=16841"}],"wp:term":[{"taxonomy":"category","embeddable":true,"href":"https:\/\/tomajazz.com\/web\/wp-json\/wp\/v2\/categories?post=16841"},{"taxonomy":"post_tag","embeddable":true,"href":"https:\/\/tomajazz.com\/web\/wp-json\/wp\/v2\/tags?post=16841"}],"curies":[{"name":"wp","href":"https:\/\/api.w.org\/{rel}","templated":true}]}}