{"id":17213,"date":"2015-02-23T17:00:11","date_gmt":"2015-02-23T16:00:11","guid":{"rendered":"http:\/\/www.tomajazz.com\/web\/?p=17213"},"modified":"2016-11-13T16:30:34","modified_gmt":"2016-11-13T15:30:34","slug":"instantzz-the-claudia-quintet-25e-granollers-jazz-festival-granollers-barcelona-2015-02-13","status":"publish","type":"post","link":"https:\/\/tomajazz.com\/web\/instantzz-the-claudia-quintet-25e-granollers-jazz-festival-granollers-barcelona-2015-02-13\/","title":{"rendered":"INSTANTZZ: The Claudia Quintet (25\u00e8 Granollers Jazz Festival, Granollers, Barcelona. 2015-02-13)"},"content":{"rendered":"<p>25\u00e8 Granollers Jazz Festival<\/p>\n<ul>\n<li>Fecha: Viernes, 13 de febrero de 2015<\/li>\n<li>Lugar: Casino Club de Ritme de Granollers(Barcelona)<\/li>\n<li>Componentes:<br \/>\nThe Claudia Quintet<br \/>\nJohn Hollenbeck, bater\u00eda y composiciones<br \/>\nDrew Gress, contrabajo<br \/>\nMatt Moran, vibr\u00e1fono<br \/>\nJeremy Viner, saxo tenor y clarinete<br \/>\nRed Wierenga, acorde\u00f3n<\/li>\n<\/ul>\n<p style=\"text-align: center;\"><img loading=\"lazy\" decoding=\"async\" class=\"aligncenter size-large wp-image-17214\" src=\"http:\/\/www.tomajazz.com\/web\/wp-content\/uploads\/2015\/02\/01_TCQ-u00A9Joan-Cortu00E8s_13feb15_CCdR_25FJG_Gra-399x600.jpg\" alt=\"01_TCQ (u00A9Joan Cortu00E8s)_13feb15_CCdR_25FJG_Gra\" width=\"399\" height=\"600\" title=\"\" srcset=\"https:\/\/tomajazz.com\/web\/wp-content\/uploads\/2015\/02\/01_TCQ-u00A9Joan-Cortu00E8s_13feb15_CCdR_25FJG_Gra.jpg 399w, https:\/\/tomajazz.com\/web\/wp-content\/uploads\/2015\/02\/01_TCQ-u00A9Joan-Cortu00E8s_13feb15_CCdR_25FJG_Gra-100x150.jpg 100w, https:\/\/tomajazz.com\/web\/wp-content\/uploads\/2015\/02\/01_TCQ-u00A9Joan-Cortu00E8s_13feb15_CCdR_25FJG_Gra-200x300.jpg 200w, https:\/\/tomajazz.com\/web\/wp-content\/uploads\/2015\/02\/01_TCQ-u00A9Joan-Cortu00E8s_13feb15_CCdR_25FJG_Gra-37x55.jpg 37w\" sizes=\"auto, (max-width: 399px) 100vw, 399px\" \/><\/p>\n<p style=\"text-align: center;\"><img loading=\"lazy\" decoding=\"async\" class=\"aligncenter size-large wp-image-17215\" src=\"http:\/\/www.tomajazz.com\/web\/wp-content\/uploads\/2015\/02\/02_TCQ-u00A9Joan-Cortu00E8s_13feb15_CCdR_25FJG_Gra-399x600.jpg\" alt=\"02_TCQ (u00A9Joan Cortu00E8s)_13feb15_CCdR_25FJG_Gra\" width=\"399\" height=\"600\" title=\"\" srcset=\"https:\/\/tomajazz.com\/web\/wp-content\/uploads\/2015\/02\/02_TCQ-u00A9Joan-Cortu00E8s_13feb15_CCdR_25FJG_Gra.jpg 399w, https:\/\/tomajazz.com\/web\/wp-content\/uploads\/2015\/02\/02_TCQ-u00A9Joan-Cortu00E8s_13feb15_CCdR_25FJG_Gra-100x150.jpg 100w, https:\/\/tomajazz.com\/web\/wp-content\/uploads\/2015\/02\/02_TCQ-u00A9Joan-Cortu00E8s_13feb15_CCdR_25FJG_Gra-200x300.jpg 200w, https:\/\/tomajazz.com\/web\/wp-content\/uploads\/2015\/02\/02_TCQ-u00A9Joan-Cortu00E8s_13feb15_CCdR_25FJG_Gra-37x55.jpg 37w\" sizes=\"auto, (max-width: 399px) 100vw, 399px\" \/><\/p>\n<p style=\"text-align: center;\"><img loading=\"lazy\" decoding=\"async\" class=\"aligncenter size-large wp-image-17216\" src=\"http:\/\/www.tomajazz.com\/web\/wp-content\/uploads\/2015\/02\/03_TCQ-u00A9Joan-Cortu00E8s_13feb15_CCdR_25FJG_Gra-600x399.jpg\" alt=\"03_TCQ (u00A9Joan Cortu00E8s)_13feb15_CCdR_25FJG_Gra\" width=\"600\" height=\"399\" title=\"\" srcset=\"https:\/\/tomajazz.com\/web\/wp-content\/uploads\/2015\/02\/03_TCQ-u00A9Joan-Cortu00E8s_13feb15_CCdR_25FJG_Gra.jpg 600w, https:\/\/tomajazz.com\/web\/wp-content\/uploads\/2015\/02\/03_TCQ-u00A9Joan-Cortu00E8s_13feb15_CCdR_25FJG_Gra-150x100.jpg 150w, https:\/\/tomajazz.com\/web\/wp-content\/uploads\/2015\/02\/03_TCQ-u00A9Joan-Cortu00E8s_13feb15_CCdR_25FJG_Gra-200x133.jpg 200w, https:\/\/tomajazz.com\/web\/wp-content\/uploads\/2015\/02\/03_TCQ-u00A9Joan-Cortu00E8s_13feb15_CCdR_25FJG_Gra-83x55.jpg 83w, https:\/\/tomajazz.com\/web\/wp-content\/uploads\/2015\/02\/03_TCQ-u00A9Joan-Cortu00E8s_13feb15_CCdR_25FJG_Gra-60x40.jpg 60w, https:\/\/tomajazz.com\/web\/wp-content\/uploads\/2015\/02\/03_TCQ-u00A9Joan-Cortu00E8s_13feb15_CCdR_25FJG_Gra-120x80.jpg 120w\" sizes=\"auto, (max-width: 600px) 100vw, 600px\" \/><\/p>\n<p style=\"text-align: center;\"><img loading=\"lazy\" decoding=\"async\" class=\"aligncenter size-large wp-image-17217\" src=\"http:\/\/www.tomajazz.com\/web\/wp-content\/uploads\/2015\/02\/04_TCQ-u00A9Joan-Cortu00E8s_13feb15_CCdR_25FJG_Gra-600x399.jpg\" alt=\"04_TCQ (u00A9Joan Cortu00E8s)_13feb15_CCdR_25FJG_Gra\" width=\"600\" height=\"399\" title=\"\" srcset=\"https:\/\/tomajazz.com\/web\/wp-content\/uploads\/2015\/02\/04_TCQ-u00A9Joan-Cortu00E8s_13feb15_CCdR_25FJG_Gra.jpg 600w, https:\/\/tomajazz.com\/web\/wp-content\/uploads\/2015\/02\/04_TCQ-u00A9Joan-Cortu00E8s_13feb15_CCdR_25FJG_Gra-150x100.jpg 150w, https:\/\/tomajazz.com\/web\/wp-content\/uploads\/2015\/02\/04_TCQ-u00A9Joan-Cortu00E8s_13feb15_CCdR_25FJG_Gra-200x133.jpg 200w, https:\/\/tomajazz.com\/web\/wp-content\/uploads\/2015\/02\/04_TCQ-u00A9Joan-Cortu00E8s_13feb15_CCdR_25FJG_Gra-83x55.jpg 83w, https:\/\/tomajazz.com\/web\/wp-content\/uploads\/2015\/02\/04_TCQ-u00A9Joan-Cortu00E8s_13feb15_CCdR_25FJG_Gra-60x40.jpg 60w, https:\/\/tomajazz.com\/web\/wp-content\/uploads\/2015\/02\/04_TCQ-u00A9Joan-Cortu00E8s_13feb15_CCdR_25FJG_Gra-120x80.jpg 120w\" sizes=\"auto, (max-width: 600px) 100vw, 600px\" \/><\/p>\n<p style=\"text-align: center;\"><img loading=\"lazy\" decoding=\"async\" class=\"aligncenter size-large wp-image-17218\" src=\"http:\/\/www.tomajazz.com\/web\/wp-content\/uploads\/2015\/02\/05_TCQ-u00A9Joan-Cortu00E8s_13feb15_CCdR_25FJG_Gra-600x399.jpg\" alt=\"05_TCQ (u00A9Joan Cortu00E8s)_13feb15_CCdR_25FJG_Gra\" width=\"600\" height=\"399\" title=\"\" srcset=\"https:\/\/tomajazz.com\/web\/wp-content\/uploads\/2015\/02\/05_TCQ-u00A9Joan-Cortu00E8s_13feb15_CCdR_25FJG_Gra.jpg 600w, https:\/\/tomajazz.com\/web\/wp-content\/uploads\/2015\/02\/05_TCQ-u00A9Joan-Cortu00E8s_13feb15_CCdR_25FJG_Gra-150x100.jpg 150w, https:\/\/tomajazz.com\/web\/wp-content\/uploads\/2015\/02\/05_TCQ-u00A9Joan-Cortu00E8s_13feb15_CCdR_25FJG_Gra-200x133.jpg 200w, https:\/\/tomajazz.com\/web\/wp-content\/uploads\/2015\/02\/05_TCQ-u00A9Joan-Cortu00E8s_13feb15_CCdR_25FJG_Gra-83x55.jpg 83w, https:\/\/tomajazz.com\/web\/wp-content\/uploads\/2015\/02\/05_TCQ-u00A9Joan-Cortu00E8s_13feb15_CCdR_25FJG_Gra-60x40.jpg 60w, https:\/\/tomajazz.com\/web\/wp-content\/uploads\/2015\/02\/05_TCQ-u00A9Joan-Cortu00E8s_13feb15_CCdR_25FJG_Gra-120x80.jpg 120w\" sizes=\"auto, (max-width: 600px) 100vw, 600px\" \/><\/p>\n<p style=\"text-align: center;\"><img loading=\"lazy\" decoding=\"async\" class=\"aligncenter size-large wp-image-17219\" src=\"http:\/\/www.tomajazz.com\/web\/wp-content\/uploads\/2015\/02\/06_TCQ-u00A9Joan-Cortu00E8s_13feb15_CCdR_25FJG_Gra-399x600.jpg\" alt=\"06_TCQ (u00A9Joan Cortu00E8s)_13feb15_CCdR_25FJG_Gra\" width=\"399\" height=\"600\" title=\"\" srcset=\"https:\/\/tomajazz.com\/web\/wp-content\/uploads\/2015\/02\/06_TCQ-u00A9Joan-Cortu00E8s_13feb15_CCdR_25FJG_Gra.jpg 399w, https:\/\/tomajazz.com\/web\/wp-content\/uploads\/2015\/02\/06_TCQ-u00A9Joan-Cortu00E8s_13feb15_CCdR_25FJG_Gra-100x150.jpg 100w, https:\/\/tomajazz.com\/web\/wp-content\/uploads\/2015\/02\/06_TCQ-u00A9Joan-Cortu00E8s_13feb15_CCdR_25FJG_Gra-200x300.jpg 200w, https:\/\/tomajazz.com\/web\/wp-content\/uploads\/2015\/02\/06_TCQ-u00A9Joan-Cortu00E8s_13feb15_CCdR_25FJG_Gra-37x55.jpg 37w\" sizes=\"auto, (max-width: 399px) 100vw, 399px\" \/><\/p>\n<p style=\"text-align: center;\"><img loading=\"lazy\" decoding=\"async\" class=\"aligncenter size-large wp-image-17220\" src=\"http:\/\/www.tomajazz.com\/web\/wp-content\/uploads\/2015\/02\/07_TCQ-u00A9Joan-Cortu00E8s_13feb15_CCdR_25FJG_Gra-600x399.jpg\" alt=\"07_TCQ (u00A9Joan Cortu00E8s)_13feb15_CCdR_25FJG_Gra\" width=\"600\" height=\"399\" title=\"\" srcset=\"https:\/\/tomajazz.com\/web\/wp-content\/uploads\/2015\/02\/07_TCQ-u00A9Joan-Cortu00E8s_13feb15_CCdR_25FJG_Gra.jpg 600w, https:\/\/tomajazz.com\/web\/wp-content\/uploads\/2015\/02\/07_TCQ-u00A9Joan-Cortu00E8s_13feb15_CCdR_25FJG_Gra-150x100.jpg 150w, https:\/\/tomajazz.com\/web\/wp-content\/uploads\/2015\/02\/07_TCQ-u00A9Joan-Cortu00E8s_13feb15_CCdR_25FJG_Gra-200x133.jpg 200w, https:\/\/tomajazz.com\/web\/wp-content\/uploads\/2015\/02\/07_TCQ-u00A9Joan-Cortu00E8s_13feb15_CCdR_25FJG_Gra-83x55.jpg 83w, https:\/\/tomajazz.com\/web\/wp-content\/uploads\/2015\/02\/07_TCQ-u00A9Joan-Cortu00E8s_13feb15_CCdR_25FJG_Gra-60x40.jpg 60w, https:\/\/tomajazz.com\/web\/wp-content\/uploads\/2015\/02\/07_TCQ-u00A9Joan-Cortu00E8s_13feb15_CCdR_25FJG_Gra-120x80.jpg 120w\" sizes=\"auto, (max-width: 600px) 100vw, 600px\" \/><\/p>\n<p style=\"text-align: center;\"><img loading=\"lazy\" decoding=\"async\" class=\"aligncenter size-large wp-image-17221\" src=\"http:\/\/www.tomajazz.com\/web\/wp-content\/uploads\/2015\/02\/08_TCQ-u00A9Joan-Cortu00E8s_13feb15_CCdR_25FJG_Gra-399x600.jpg\" alt=\"08_TCQ (u00A9Joan Cortu00E8s)_13feb15_CCdR_25FJG_Gra\" width=\"399\" height=\"600\" title=\"\" srcset=\"https:\/\/tomajazz.com\/web\/wp-content\/uploads\/2015\/02\/08_TCQ-u00A9Joan-Cortu00E8s_13feb15_CCdR_25FJG_Gra.jpg 399w, https:\/\/tomajazz.com\/web\/wp-content\/uploads\/2015\/02\/08_TCQ-u00A9Joan-Cortu00E8s_13feb15_CCdR_25FJG_Gra-100x150.jpg 100w, https:\/\/tomajazz.com\/web\/wp-content\/uploads\/2015\/02\/08_TCQ-u00A9Joan-Cortu00E8s_13feb15_CCdR_25FJG_Gra-200x300.jpg 200w, https:\/\/tomajazz.com\/web\/wp-content\/uploads\/2015\/02\/08_TCQ-u00A9Joan-Cortu00E8s_13feb15_CCdR_25FJG_Gra-37x55.jpg 37w\" sizes=\"auto, (max-width: 399px) 100vw, 399px\" \/><\/p>\n<p style=\"text-align: center;\">\n<p style=\"text-align: right;\">\u00a9 Joan Cort\u00e8s, 2015<\/p>\n","protected":false},"excerpt":{"rendered":"<p>25\u00e8 Granollers Jazz Festival Fecha: Viernes, 13 de febrero de 2015 Lugar: Casino Club de Ritme de Granollers(Barcelona) Componentes: The Claudia Quintet John Hollenbeck, bater\u00eda y composiciones Drew Gress, contrabajo Matt Moran, vibr\u00e1fono Jeremy Viner, saxo tenor y clarinete Red Wierenga, acorde\u00f3n \u00a9 Joan Cort\u00e8s, 2015<span class=\"more-link\"><a href=\"https:\/\/tomajazz.com\/web\/instantzz-the-claudia-quintet-25e-granollers-jazz-festival-granollers-barcelona-2015-02-13\/\">Contin\u00faa leyendo<\/a><\/span><\/p>\n","protected":false},"author":1,"featured_media":17218,"comment_status":"open","ping_status":"closed","sticky":false,"template":"","format":"standard","meta":{"jetpack_post_was_ever_published":false,"_jetpack_newsletter_access":"","_jetpack_dont_email_post_to_subs":true,"_jetpack_newsletter_tier_id":0,"_jetpack_memberships_contains_paywalled_content":false,"_jetpack_memberships_contains_paid_content":false,"footnotes":""},"categories":[17853,11262,15516,11261,1038],"tags":[12243,1125,11792,174,12656,15275,1164,11263,13,10939,1041,651,8228,12657,12244,5085,16099,77,16100],"class_list":["entry","author-pachi","post-17213","post","type-post","status-publish","format-standard","has-post-thumbnail","category-joan-cortes","category-photoblogs","category-imagenes","category-instantzz","category-contenidos","tag-25e-granollers-jazz-festival","tag-barcelona","tag-casino-club-de-ritme","tag-drew-gress","tag-fotoblog","tag-galeria-fotografica","tag-granollers","tag-instantzz-2","tag-jazz","tag-jeremy-viner","tag-joan-cortes","tag-john-hollenbeck","tag-matt-moran","tag-photoblog","tag-red-wierenga","tag-the-claudia-quintet","tag-toma-jazz","tag-tomajazz","tag-tomajazz-toma-jazz"],"jetpack_featured_media_url":"https:\/\/tomajazz.com\/web\/wp-content\/uploads\/2015\/02\/05_TCQ-u00A9Joan-Cortu00E8s_13feb15_CCdR_25FJG_Gra.jpg","jetpack_likes_enabled":true,"jetpack_sharing_enabled":true,"jetpack-related-posts":[{"id":105012,"url":"https:\/\/tomajazz.com\/web\/lage-lund-trio-granollers-2026\/","url_meta":{"origin":17213,"position":0},"title":"Lage Lund Trio (36\u00e8 Jazz Granollers Festival \/ Casino, 2026-03-13 \/ Granollers -Barcelona-) [y III] Por Joan Cort\u00e8s [INSTANTZZ AKA Galer\u00eda fotogr\u00e1fica AKA Fotoblog de jazz, impro\u2026 y algo m\u00e1s]","author":"Tomajazz","date":"23 abril, 2026","format":false,"excerpt":"Lage Lund Trio actu\u00f3 en el 36\u00e8 Jazz Granollers Festival, el 13 de marzo de 2026. Joan Cort\u00e8s lo retrata en INSTANTZZ. Lage Lund Trio son Lage Lund, Orlando Le Fleming, Greg Hutchinson","rel":"","context":"En \u00ab36 Jazz Granollers Festival 2026\u00bb","block_context":{"text":"36 Jazz Granollers Festival 2026","link":"https:\/\/tomajazz.com\/web\/category\/contenidos\/especial-contenidos\/36-jazz-granollers-festival-2026\/"},"img":{"alt_text":"Lage Lund Trio (36\u00e8 Jazz Granollers Festival \/ Casino, 2026-03-13 \/ Granollers -Barcelona-) [y III] Por Joan Cort\u00e8s [INSTANTZZ AKA Galer\u00eda fotogr\u00e1fica AKA Fotoblog de jazz, impro\u2026 y algo m\u00e1s] - Tomajazz - Lage Lund Trio actu\u00f3 en el 36\u00e8 Jazz Granollers Festival, el 13 de marzo de 2026. Joan Cort\u00e8s lo retrata en INSTANTZZ. Lage Lund Trio son Lage Lund, Orlando Le Fleming, Greg Hutchinson","src":"https:\/\/i0.wp.com\/tomajazz.com\/web\/wp-content\/uploads\/2026\/04\/destacada-02-Lg-Lnd-Photo-by-Joan-Cortes-13mrc26-36JGF-Csn-Gr-bn.jpg?resize=350%2C200&ssl=1","width":350,"height":200,"srcset":"https:\/\/i0.wp.com\/tomajazz.com\/web\/wp-content\/uploads\/2026\/04\/destacada-02-Lg-Lnd-Photo-by-Joan-Cortes-13mrc26-36JGF-Csn-Gr-bn.jpg?resize=350%2C200&ssl=1 1x, https:\/\/i0.wp.com\/tomajazz.com\/web\/wp-content\/uploads\/2026\/04\/destacada-02-Lg-Lnd-Photo-by-Joan-Cortes-13mrc26-36JGF-Csn-Gr-bn.jpg?resize=525%2C300&ssl=1 1.5x"},"classes":[]},{"id":104657,"url":"https:\/\/tomajazz.com\/web\/joan-sanmarti-5t-36-jazz-granollers-2026\/","url_meta":{"origin":17213,"position":1},"title":"Joan Sanmart\u00ed 5t (36\u00e8 Jazz Granollers Festival 2026\/ Casino, 2026-02-20 \/ Granollers -Barcelona-) [I] Por Joan Cort\u00e8s [INSTANTZZ AKA Galer\u00eda fotogr\u00e1fica AKA Fotoblog de jazz, impro\u2026 y algo m\u00e1s]","author":"Tomajazz","date":"2 abril, 2026","format":false,"excerpt":"Joan Sanmart\u00ed 5t actu\u00f3 en el 36\u00e8 Jazz Granollers Festival 2026, el 20 de febrero de 2026. Joan Cort\u00e8s lo retrata en INSTANTZZ. Joan Sanmart\u00ed 5t son Joan Sanmart\u00ed, Gabriel Amargant, Pau Dom\u00e8nech, Marc Cuevas, Joan Vidal","rel":"","context":"En \u00ab36 Jazz Granollers Festival 2026\u00bb","block_context":{"text":"36 Jazz Granollers Festival 2026","link":"https:\/\/tomajazz.com\/web\/category\/contenidos\/especial-contenidos\/36-jazz-granollers-festival-2026\/"},"img":{"alt_text":"Joan Sanmart\u00ed 5t (36\u00e8 Jazz Granollers Festival 2026\/ Casino, 2026-02-20 \/ Granollers -Barcelona-) [I] Por Joan Cort\u00e8s [INSTANTZZ AKA Galer\u00eda fotogr\u00e1fica AKA Fotoblog de jazz, impro\u2026 y algo m\u00e1s] - Tomajazz - Joan Sanmart\u00ed 5t actu\u00f3 en el 36\u00e8 Jazz Granollers Festival 2026, el 20 de febrero de 2026. Joan Cort\u00e8s lo retrata en INSTANTZZ. Joan Sanmart\u00ed 5t son Joan Sanmart\u00ed, Gabriel Amargant, Pau Dom\u00e8nech, Marc Cuevas, Joan Vidal\n","src":"https:\/\/i0.wp.com\/tomajazz.com\/web\/wp-content\/uploads\/2026\/04\/destacada-09-Jn-Snmrt-5t-Photo-By-Joan-Cortes-20fbr26-36FJG-Csn-Grn.jpg?resize=350%2C200&ssl=1","width":350,"height":200},"classes":[]},{"id":104847,"url":"https:\/\/tomajazz.com\/web\/alba-careta-group-panical-jazz-granollers-2026\/","url_meta":{"origin":17213,"position":2},"title":"Alba Careta Group \u201cPanical\u201d (36\u00e8 Jazz Granollers Festival \/ Casino, 2026-02-27 \/ Granollers -Barcelona-) [II] Por Joan Cort\u00e8s [INSTANTZZ AKA Galer\u00eda fotogr\u00e1fica AKA Fotoblog de jazz, impro\u2026 y algo m\u00e1s]","author":"Tomajazz","date":"12 abril, 2026","format":false,"excerpt":"Alba Careta Group \u201cPanical\u201d actu\u00f3 en el 36\u00e8 Jazz Granollers Festival, el 27 de febrero de 2026. Joan Cort\u00e8s lo retrata en INSTANTZZ. Alba Careta Group \u201cPanical\u201d son Alba Careta, Lucas Mart\u00ednez, Roger Santacana, Giuseppe Campisi, Jordi Pallar\u00e9s","rel":"","context":"En \u00ab36 Jazz Granollers Festival 2026\u00bb","block_context":{"text":"36 Jazz Granollers Festival 2026","link":"https:\/\/tomajazz.com\/web\/category\/contenidos\/especial-contenidos\/36-jazz-granollers-festival-2026\/"},"img":{"alt_text":"Alba Careta Group \u201cPanical\u201d (36\u00e8 Jazz Granollers Festival \/ Casino, 2026-02-27 \/ Granollers -Barcelona-) [II] Por Joan Cort\u00e8s [INSTANTZZ AKA Galer\u00eda fotogr\u00e1fica AKA Fotoblog de jazz, impro\u2026 y algo m\u00e1s] - Tomajazz - Alba Careta Group \u201cPanical\u201d actu\u00f3 en el 36\u00e8 Jazz Granollers Festival, el 27 de febrero de 2026. Joan Cort\u00e8s lo retrata en INSTANTZZ. Alba Careta Group \u201cPanical\u201d son Alba Careta, Lucas Mart\u00ednez, Roger Santacana, Giuseppe Campisi, Jordi Pallar\u00e9s\n","src":"https:\/\/i0.wp.com\/tomajazz.com\/web\/wp-content\/uploads\/2026\/04\/destacada-03-lb-Crt-Grp-Photo-by-Joan-Cortes-27fbr26-36JGF-CG-CR-Grnllrs.jpg?resize=350%2C200&ssl=1","width":350,"height":200,"srcset":"https:\/\/i0.wp.com\/tomajazz.com\/web\/wp-content\/uploads\/2026\/04\/destacada-03-lb-Crt-Grp-Photo-by-Joan-Cortes-27fbr26-36JGF-CG-CR-Grnllrs.jpg?resize=350%2C200&ssl=1 1x, https:\/\/i0.wp.com\/tomajazz.com\/web\/wp-content\/uploads\/2026\/04\/destacada-03-lb-Crt-Grp-Photo-by-Joan-Cortes-27fbr26-36JGF-CG-CR-Grnllrs.jpg?resize=525%2C300&ssl=1 1.5x"},"classes":[]},{"id":104502,"url":"https:\/\/tomajazz.com\/web\/compania-manuel-linan-muerta-de-amor-flamencuras-2026\/","url_meta":{"origin":17213,"position":3},"title":"Compa\u00f1\u00eda Manuel Li\u00f1\u00e1n \u201cMuerta de Amor\u00bb (Teatre Auditori de Granollers -sala gran-, 2026-02-13 \/ Granollers -Barcelona-) Por Joan Cort\u00e8s [Flamencuras AKA INSTANTZZ AKA Galer\u00eda fotogr\u00e1fica AKA Fotoblog de jazz, impro\u2026 y algo m\u00e1s]","author":"Tomajazz","date":"21 marzo, 2026","format":false,"excerpt":"Compa\u00f1\u00eda Manuel Li\u00f1\u00e1n \u201cMuerta de Amor\" actu\u00f3 en el Teatre Auditori de Granollers el 13 de febrero de 2026. Joan Cort\u00e8s lo retrata en las Flamencuras de INSTANTZZ","rel":"","context":"En \u00abFlamencuras\u00bb","block_context":{"text":"Flamencuras","link":"https:\/\/tomajazz.com\/web\/category\/contenidos\/imagenes\/photoblogs\/flamencuras\/"},"img":{"alt_text":"Compa\u00f1\u00eda Manuel Li\u00f1\u00e1n \u201cMuerta de Amor\" (Teatre Auditori de Granollers -sala gran-, 2026-02-13 \/ Granollers -Barcelona-) Por Joan Cort\u00e8s [Flamencuras AKA INSTANTZZ AKA Galer\u00eda fotogr\u00e1fica AKA Fotoblog de jazz, impro\u2026 y algo m\u00e1s] - Tomajazz - Compa\u00f1\u00eda Manuel Li\u00f1\u00e1n \u201cMuerta de Amor\" actu\u00f3 en el Teatre Auditori de Granollers el 13 de febrero de 2026. Joan Cort\u00e8s lo retrata en las Flamencuras de INSTANTZZ","src":"https:\/\/i0.wp.com\/tomajazz.com\/web\/wp-content\/uploads\/2026\/03\/destacada-03-Mnl-Lnn-Photo-by-Joan-Cortes-13fbr26-Ttr-dtr-Grnllrs.jpg?resize=350%2C200&ssl=1","width":350,"height":200,"srcset":"https:\/\/i0.wp.com\/tomajazz.com\/web\/wp-content\/uploads\/2026\/03\/destacada-03-Mnl-Lnn-Photo-by-Joan-Cortes-13fbr26-Ttr-dtr-Grnllrs.jpg?resize=350%2C200&ssl=1 1x, https:\/\/i0.wp.com\/tomajazz.com\/web\/wp-content\/uploads\/2026\/03\/destacada-03-Mnl-Lnn-Photo-by-Joan-Cortes-13fbr26-Ttr-dtr-Grnllrs.jpg?resize=525%2C300&ssl=1 1.5x"},"classes":[]},{"id":17861,"url":"https:\/\/tomajazz.com\/web\/instantzz-michael-kanan-trio-25e-granollers-jazz-festival-casino-club-de-ritme-de-granollers-granollers-barcelona-2015-03-16\/","url_meta":{"origin":17213,"position":4},"title":"INSTANTZZ: Michael Kanan Trio (25\u00e8 Granollers Jazz Festival. Casino Club de Ritme de Granollers , Granollers, Barcelona. 2015-03-16)","author":"Tomajazz","date":"7 abril, 2015","format":false,"excerpt":"25\u00e8 Granollers Jazz Festival Fecha: Viernes, 06 de marzo de 2015 Lugar: Casino Club de Ritme de Granollers(Barcelona) Componentes: Michael Kanan Trio Michael Kanan,\u00a0piano DeeJay Foster, contrabajo Marc Miralta, bater\u00eda \u00a0 \u00a0\u00a9 Joan Cort\u00e8s, 2015","rel":"","context":"En \u00ab*_Joan Cort\u00e8s\u00bb","block_context":{"text":"*_Joan Cort\u00e8s","link":"https:\/\/tomajazz.com\/web\/category\/joan-cortes\/"},"img":{"alt_text":"","src":"https:\/\/i0.wp.com\/tomajazz.com\/web\/wp-content\/uploads\/2015\/04\/08_MKT-%C2%A9Joan-Cort%C3%A8s_06mar15_25GJF_CCdR_Gra.jpg?resize=350%2C200&ssl=1","width":350,"height":200,"srcset":"https:\/\/i0.wp.com\/tomajazz.com\/web\/wp-content\/uploads\/2015\/04\/08_MKT-%C2%A9Joan-Cort%C3%A8s_06mar15_25GJF_CCdR_Gra.jpg?resize=350%2C200&ssl=1 1x, https:\/\/i0.wp.com\/tomajazz.com\/web\/wp-content\/uploads\/2015\/04\/08_MKT-%C2%A9Joan-Cort%C3%A8s_06mar15_25GJF_CCdR_Gra.jpg?resize=525%2C300&ssl=1 1.5x"},"classes":[]},{"id":17565,"url":"https:\/\/tomajazz.com\/web\/instantzz-jordi-bonell-25e-granollers-jazz-festival-2015-02-26\/","url_meta":{"origin":17213,"position":5},"title":"INSTANTZZ: Jordi Bonell (25\u00e8 Granollers Jazz Festival. 2015-02-26)","author":"Tomajazz","date":"17 marzo, 2015","format":false,"excerpt":"Joan Bretcha Guitar Series 25\u00e8 Granollers Jazz Festival Fecha: Jueves, 26 de febrero de 2015 Lugar: Casino Club de Ritme de Granollers(Barcelona) Componentes: Jordi Bonell, guitarras Ra\u00fcl Reverter, saxo alto (invitado) \u00a0 \u00a9 Joan Cort\u00e8s, 2015","rel":"","context":"En \u00ab*_Joan Cort\u00e8s\u00bb","block_context":{"text":"*_Joan Cort\u00e8s","link":"https:\/\/tomajazz.com\/web\/category\/joan-cortes\/"},"img":{"alt_text":"","src":"https:\/\/i0.wp.com\/tomajazz.com\/web\/wp-content\/uploads\/2015\/03\/06_JBgs-%C2%A9Joan-Cort%C3%A8s_26feb15_CCdR_25GJF_Gra.jpg?resize=350%2C200&ssl=1","width":350,"height":200,"srcset":"https:\/\/i0.wp.com\/tomajazz.com\/web\/wp-content\/uploads\/2015\/03\/06_JBgs-%C2%A9Joan-Cort%C3%A8s_26feb15_CCdR_25GJF_Gra.jpg?resize=350%2C200&ssl=1 1x, https:\/\/i0.wp.com\/tomajazz.com\/web\/wp-content\/uploads\/2015\/03\/06_JBgs-%C2%A9Joan-Cort%C3%A8s_26feb15_CCdR_25GJF_Gra.jpg?resize=525%2C300&ssl=1 1.5x"},"classes":[]}],"_links":{"self":[{"href":"https:\/\/tomajazz.com\/web\/wp-json\/wp\/v2\/posts\/17213","targetHints":{"allow":["GET"]}}],"collection":[{"href":"https:\/\/tomajazz.com\/web\/wp-json\/wp\/v2\/posts"}],"about":[{"href":"https:\/\/tomajazz.com\/web\/wp-json\/wp\/v2\/types\/post"}],"author":[{"embeddable":true,"href":"https:\/\/tomajazz.com\/web\/wp-json\/wp\/v2\/users\/1"}],"replies":[{"embeddable":true,"href":"https:\/\/tomajazz.com\/web\/wp-json\/wp\/v2\/comments?post=17213"}],"version-history":[{"count":1,"href":"https:\/\/tomajazz.com\/web\/wp-json\/wp\/v2\/posts\/17213\/revisions"}],"predecessor-version":[{"id":17223,"href":"https:\/\/tomajazz.com\/web\/wp-json\/wp\/v2\/posts\/17213\/revisions\/17223"}],"wp:featuredmedia":[{"embeddable":true,"href":"https:\/\/tomajazz.com\/web\/wp-json\/wp\/v2\/media\/17218"}],"wp:attachment":[{"href":"https:\/\/tomajazz.com\/web\/wp-json\/wp\/v2\/media?parent=17213"}],"wp:term":[{"taxonomy":"category","embeddable":true,"href":"https:\/\/tomajazz.com\/web\/wp-json\/wp\/v2\/categories?post=17213"},{"taxonomy":"post_tag","embeddable":true,"href":"https:\/\/tomajazz.com\/web\/wp-json\/wp\/v2\/tags?post=17213"}],"curies":[{"name":"wp","href":"https:\/\/api.w.org\/{rel}","templated":true}]}}